{"id":496773,"date":"2024-06-30T16:26:18","date_gmt":"2024-06-30T14:26:18","guid":{"rendered":"https:\/\/dicodusport.fr\/blog\/?p=496773&#038;preview=true&#038;preview_id=496773"},"modified":"2024-06-30T17:34:54","modified_gmt":"2024-06-30T15:34:54","slug":"athletisme-championnats-de-france-2024-800-m-grebo-zhoya-le-resume-de-la-derniere-journee","status":"publish","type":"post","link":"https:\/\/dicodusport.fr\/blog\/athletisme-championnats-de-france-2024-800-m-grebo-zhoya-le-resume-de-la-derniere-journee\/","title":{"rendered":"Athl\u00e9tisme Championnats de France 2024 : 800 m, Grebo, Zhoya, le r\u00e9sum\u00e9 de la derni\u00e8re journ\u00e9e"},"content":{"rendered":"<p style=\"text-align: justify;\"><strong><em>CHAMPIONNATS DE FRANCE D&rsquo;ATHL\u00c9TISME 2024 &#8211; Retour sur la derni\u00e8re journ\u00e9e marqu\u00e9e par les minima olympiques de Shana Grebo au 400 m haies. Mais aussi la fin du r\u00eave olympique pour Renaud Lavillenie, Pascal Martinot-Lagarde et Yanis Meziane.<\/em><\/strong><\/p>\n<ul>\n<li><strong>\u00c0 ce sujet &#8211; <a href=\"https:\/\/dicodusport.fr\/blog\/athletisme-les-minima-pour-les-jeux-olympiques-de-paris-2024\/\">Les minima pour les JO de Paris 2024<\/a><\/strong><\/li>\n<\/ul>\n<h3 style=\"text-align: justify;\">Yanis Meziane ne verra pas les JO<\/h3>\n<p style=\"text-align: justify;\">On peut \u00eatre quasiment dans le top mondial en 2023 et ne pas voir les JO l&rsquo;ann\u00e9e suivante. C&rsquo;est la dure loi du sport qu&rsquo;a subi<strong> Yanis Meziane,<\/strong> qui fait les frais de l&rsquo;incroyable densit\u00e9 fran\u00e7aise au 800 m. Il prend la 4e place, la pire, de la finale \u00e9lite. Les trois autres, qui avaient fait les minima pour les Jeux Olympiques, sont tous devant lui : <em>\u00ab J&rsquo;ai une pens\u00e9e pour lui \u00bb<\/em>, reconnait<strong> Benjamin Robert<\/strong>. <em>\u00ab C&rsquo;\u00e9tait un peu un mod\u00e8le \u00bb<\/em>, explique <strong>Corentin Le Cl\u00e9zio.<\/strong> Une finale de dingue, domin\u00e9e par <strong>Gabriel Tual<\/strong>, avec la meilleure performance europ\u00e9enne de l&rsquo;ann\u00e9e et un record port\u00e9 \u00e0 1:43.99. <em>\u00ab Les chronos parlent d&rsquo;eux-m\u00eames, la forme aussi. Entre les Europe et l\u00e0, il n&rsquo;y a pas grand-chose \u00e0 dire. Je prends de plus en plus confiance \u00bb.<\/em><\/p>\n<p style=\"text-align: justify;\">Il devance <strong>Benjamin Robert<\/strong> qui sera bien de la partie : <em>\u00ab J&rsquo;ai cinq courses importantes cet \u00e9t\u00e9, j&rsquo;en ai r\u00e9ussi deux pour le moment. Ce que fait Gabriel, c&rsquo;est fort, car cela part fort d\u00e8s le d\u00e9but. Je pensais que ce serait une course tactique, mais ce n&rsquo;\u00e9tait pas le cas \u00bb<\/em>, commente celui qui r\u00e9alise 1:44.99. Et la surprise est venue de Corentin Le Clezio, le dernier invit\u00e9 \u00e0 la table des minima et qui remonte <strong>Yanis Meziane<\/strong> dans les derniers m\u00e8tres de la course. <em>\u00ab C&rsquo;est la plus belle course de ma carri\u00e8re, je ne suis pas arriv\u00e9 avec la faveur des pronostics. Il fallait que je reste \u00e0 peu pr\u00e8s au contact, chose que j&rsquo;ai r\u00e9ussi \u00e0 faire, compar\u00e9 \u00e0 d&rsquo;habitude. Dans le dernier 100 m, j&rsquo;ai essay\u00e9 de juste en battre un. Et c&rsquo;est pass\u00e9. C&rsquo;est juste fou \u00bb<\/em>.<\/p>\n<blockquote class=\"twitter-tweet\">\n<p dir=\"ltr\" lang=\"fr\">\ud83d\udea8 \ud835\udde5\ud835\uddf2\ud835\uddf0\ud835\uddfc\ud835\uddff\ud835\uddf1 \ud835\uddf1\ud835\uddf2\ud835\ude00 \ud835\uddd6\ud835\uddf5\ud835\uddee\ud835\uddfa\ud835\uddfd\ud835\uddf6\ud835\uddfc\ud835\uddfb\ud835\uddfb\ud835\uddee\ud835\ude01\ud835\ude00 \ud835\uddfd\ud835\ude02\ud835\uddf9\ud835\ude03\ud835\uddf2\u0301\ud835\uddff\ud835\uddf6\ud835\ude00\ud835\uddf2\u0301 !<\/p>\n<p>\ud83e\udd47 Gabriel Tual (Us Talence) survole la finale du 800 m en 1&rsquo;43\u00a0\u00bb99, son nouveau record et la meilleure performance europ\u00e9enne de la saison ! Course de folie !<\/p>\n<p>\ud83e\udd2f Le retour de malade de Le Clezio (Ea Cergy\u2026 <a href=\"https:\/\/t.co\/MTkSikxHjP\">pic.twitter.com\/MTkSikxHjP<\/a><\/p>\n<p>\u2014 FFAthl\u00e9tisme (@FFAthletisme) <a href=\"https:\/\/twitter.com\/FFAthletisme\/status\/1807391905291874397?ref_src=twsrc%5Etfw\">June 30, 2024<\/a><\/p><\/blockquote>\n<p><script async src=\"https:\/\/platform.twitter.com\/widgets.js\" charset=\"utf-8\"><\/script><\/p>\n<h3 style=\"text-align: justify;\">Minima olympique pour Grebo, record de France juniors pour Tumba au 400 m haies<\/h3>\n<p style=\"text-align: justify;\">La voil\u00e0 la premi\u00e8re athl\u00e8te \u00e0 r\u00e9aliser les minima olympiques lors des championnats de France. <strong>Shana Grebo<\/strong> n&rsquo;avait plus qu&rsquo;une carte \u00e0 abattre sur le 400 m haies, elle l&rsquo;a abattu de la plus belle des mani\u00e8res. Au terme d&rsquo;une superbe bagarre avec <strong>Louise Maraval<\/strong> (qui a descendu son record personnel en 53.71) elle r\u00e9alise 53.78 et explose les standards de plus d&rsquo;une seconde. Une deuxi\u00e8me place synonyme d&rsquo;or dans une course la plus rapide de l&rsquo;histoire des \u00e9lites, avec le record des championnats de <strong>Louise Maraval<\/strong>, mais aussi le record de France juniors am\u00e9lior\u00e9 par <strong>M\u00e9ta Tumba<\/strong>, 4e de la course en 56.27, qui \u00e9choue d&rsquo;un centi\u00e8me pour le podium, face \u00e0<strong> Aur\u00e9lie Chaboudez<\/strong>. Une course absolument folle.<\/p>\n<blockquote class=\"twitter-tweet\">\n<p dir=\"ltr\" lang=\"fr\">\ud83d\udd25 Le 400 m haies en \u00e9bullition \u00e0 Angers !<\/p>\n<p>\ud83e\udd47 Louise Maraval (Entente S\u00e8vre) championne de France Elite en 53\u00a0\u00bb71, \ud835\uddff\ud835\uddf2\ud835\uddf0\ud835\uddfc\ud835\uddff\ud835\uddf1 \ud835\uddf1\ud835\uddf2\ud835\ude00 \ud835\uddd6\ud835\uddf5\ud835\uddee\ud835\uddfa\ud835\uddfd\ud835\uddf6\ud835\uddfc\ud835\uddfb\ud835\uddfb\ud835\uddee\ud835\ude01\ud835\ude00 ! \ud83d\udea8<\/p>\n<p>\ud83e\udd48 Shana Grebo (Haute Bretagne Athl\u00e9tisme) 2e en 53\u00a0\u00bb78, \ud835\uddfa\ud835\uddf6\ud835\uddfb\ud835\uddf6\ud835\uddfa\ud835\uddee \ud835\uddfc\ud835\uddf9\ud835\ude06\ud835\uddfa\ud835\uddfd\ud835\uddf6\ud835\uddfe\ud835\ude02\ud835\uddf2\ud835\ude00 ! \u2728<\/p>\n<p>\ud83d\udca5 Meta Tumba\u2026 <a href=\"https:\/\/t.co\/b6Apo1G3Q3\">pic.twitter.com\/b6Apo1G3Q3<\/a><\/p>\n<p>\u2014 FFAthl\u00e9tisme (@FFAthletisme) <a href=\"https:\/\/twitter.com\/FFAthletisme\/status\/1807398102791344337?ref_src=twsrc%5Etfw\">June 30, 2024<\/a><\/p><\/blockquote>\n<p><script async src=\"https:\/\/platform.twitter.com\/widgets.js\" charset=\"utf-8\"><\/script><\/p>\n<h3 style=\"text-align: justify;\">Thibaut Collet sacr\u00e9 \u00e0 la perche, Renaud Lavillenie ne verra pas les JO<\/h3>\n<p style=\"text-align: justify;\">Il y avait du monde dans l&rsquo;aire en herbe am\u00e9nag\u00e9e en tribunes d&rsquo;un dimanche apr\u00e8s-midi. Devant le sautoir \u00e0 la perche et devant l&rsquo;ultime tentative de minima de <strong>Renaud Lavillenie<\/strong>. La derni\u00e8re chance pour le champion olympique 2012. Qui ne sera pas de la partie \u00e0 Paris. Il aura \u00e9chou\u00e9 par trois fois \u00e0 5.72 m, malgr\u00e9 un fort appui du public. <em>\u00ab Je compte bien continuer l&rsquo;ann\u00e9e prochaine \u00bb<\/em>, confie l&rsquo;ex-recordman du monde (6.16 m). Qui a laiss\u00e9 la vedette \u00e0 un <strong>Thibaut Collet<\/strong> qui l&#8217;emporte, gr\u00e2ce \u00e0 un bond \u00e0 5.82 m, son 4e concours cons\u00e9cutif \u00e0 5.82 ou plus. Finaliste des championnats d&rsquo;Europe \u00e0 Rome, <strong>Baptiste Thiery<\/strong> a \u00e9chou\u00e9 par trois fois \u00e0 5.60 m. <strong>Anthony Ammirati<\/strong> prend la 2e place avec 5.60 m, la m\u00eame barre que <strong>Renaud Lavillenie<\/strong> et Robin Emig, 3e ex aequo.<\/p>\n<ul>\n<li style=\"text-align: justify;\"><strong>\u00c0 ce sujet &#8211; <a href=\"https:\/\/dicodusport.fr\/blog\/championnats-de-france-elite-dathletisme-2024-calendrier-et-resultats\/\">Les r\u00e9sultats complets des championnats de France 2024 d&rsquo;athl\u00e9tisme<\/a><\/strong><\/li>\n<\/ul>\n<h2 style=\"text-align: justify;\">Sasha Zhoya titr\u00e9, Pascal Martinot-Lagarde \u00e0 quai<\/h2>\n<p style=\"text-align: justify;\">Un titre conserv\u00e9 pour sa premi\u00e8re course de rentr\u00e9e. Sasha Zhoya est d\u00e9cid\u00e9ment au-dessus du lot en France et s&rsquo;est sans doute rassur\u00e9&#8230; Apr\u00e8s une \u00e9norme frayeur. <em>Un starting block<\/em> qui bouge lors de sa s\u00e9rie, et le champion d&rsquo;Europe qui s&rsquo;arr\u00eate&#8230; Avant de repartir. 2e de sa s\u00e9rie, en 13.84, il fr\u00f4le la correctionnelle. La finale sera plus limpide, avec un chrono de 13.32. \u00ab\u00a0<em>C&rsquo;\u00e9tait ma premi\u00e8re course de l&rsquo;ann\u00e9e, je vous donne rendez-vous \u00e0 Paris<\/em>\u00a0\u00bb a comment\u00e9 le jeune Clermontois.<\/p>\n<blockquote class=\"twitter-tweet\">\n<p dir=\"ltr\" lang=\"fr\">\ud83e\udee1 Troisi\u00e8me sacre cons\u00e9cutif !<\/p>\n<p>\ud83e\udd47 Sasha Zhoya (Clermont Auvergne Athl\u00e9tisme) conserve sa couronne de champion de France Elite du 110 m haies en 13\u00a0\u00bb32 (-1.1) !<\/p>\n<p>\u270c\ufe0f Chifoumi \u00e0 l&rsquo;arriv\u00e9e !<\/p>\n<p>\ud83d\udcbb Suivez les <a href=\"https:\/\/twitter.com\/hashtag\/CFAthl%C3%A9?src=hash&amp;ref_src=twsrc%5Etfw\">#CFAthl\u00e9<\/a> en DIRECT sur <a href=\"https:\/\/t.co\/63xdTVLhtA\">https:\/\/t.co\/63xdTVLhtA<\/a> et <a href=\"https:\/\/twitter.com\/lachainelequipe?ref_src=twsrc%5Etfw\">@lachainelequipe<\/a>. <a href=\"https:\/\/t.co\/n6UsUb0PK7\">pic.twitter.com\/n6UsUb0PK7<\/a><\/p>\n<p>\u2014 FFAthl\u00e9tisme (@FFAthletisme) <a href=\"https:\/\/twitter.com\/FFAthletisme\/status\/1807407813037035785?ref_src=twsrc%5Etfw\">June 30, 2024<\/a><\/p><\/blockquote>\n<p><script async src=\"https:\/\/platform.twitter.com\/widgets.js\" charset=\"utf-8\"><\/script><\/p>\n<p style=\"text-align: justify;\"><strong>Pascal Martinot-Lagarde<\/strong> ne verra pas les Jeux. Il avait, lui aussi, fait le pari de rentrer aux \u00e9lites. Il termine cinqui\u00e8me de sa course en 13.70. Wilhem Belocian, qui a fait les minima, n&rsquo;a pas plus rassur\u00e9, avec une derni\u00e8re place en 13.79. Il pourrait faire les frais de la r\u00e8gle de montrer un bon \u00e9tat de forme avant les JO.<strong> Rapha\u00ebl Mohamed<\/strong> ne sera pas non plus sur le podium d&rsquo;une dr\u00f4le de course. Car c&rsquo;est la surprise <strong>Erwann Cinna<\/strong>, 21 ans, qui a pris la 2e place, en 13.48. Devant Romain Lecoeur, 3e en 13.53.<\/p>\n<h3>Les autres titres d\u00e9cern\u00e9s, M\u00e9lina Robert-Michon \u00e9ternelle<\/h3>\n<p style=\"text-align: justify;\"><strong>Nawal Meniker<\/strong> et <strong>Sol\u00e8ne Gicquel<\/strong> se sont livr\u00e9 un beau duel \u00e0 la hauteur, remport\u00e9, au meilleur des essais, par la premi\u00e8re cit\u00e9e, alors que les deux avaient franchi 1.90 m. <strong>M\u00e9lina Robert-Michon<\/strong> a remport\u00e9 un nouveau titre au disque, avec un jet au-del\u00e0 des 60 m\u00e8tres (60.30 m). Et d\u00e9fendra les couleurs de la France aux Jeux Olympiques. Avec peut-\u00eatre un r\u00f4le de porte-drapeau ? <em>\u00ab \u00c9videmment que c&rsquo;est dans un coin de ma t\u00eate \u00bb<\/em>, a comment\u00e9 l&rsquo;athl\u00e8te \u00e0 l&rsquo;incroyable long\u00e9vit\u00e9. Qui devance la jeune <strong>Amanda Ngandu-Ntumba<\/strong>, qui prendra date pour l&rsquo;avenir (59.70 m). <strong>G\u00e9mima Joseph<\/strong> a remport\u00e9, apr\u00e8s son titre sur 100 m, le titre sur 200 m, en devan\u00e7ant <strong>H\u00e9l\u00e8ne Parisot<\/strong> (22.62 contre 22.92). Pour cette derni\u00e8re, 27e \u00e0 la <em>Road To Paris<\/em>, les JO pourraient s&rsquo;\u00e9loigner.<\/p>\n<blockquote class=\"twitter-tweet\">\n<p dir=\"ltr\" lang=\"fr\">\ud83d\ude4c Elle est \u00e9ternelle (oui d&rsquo;accord, on se r\u00e9p\u00e8te \ud83e\udd2a) !<\/p>\n<p>\ud83e\udd47 M\u00e9lina Robert-Michon (Lyon Athl\u00e9tisme) ajoute une 2\ufe0f\u20e33\ufe0f\u20e3e m\u00e9daille d&rsquo;or \u00e0 son incroyable collection avec 60,30 m au disque !<\/p>\n<p>\ud83d\udcbb Suivez les <a href=\"https:\/\/twitter.com\/hashtag\/CFAthl%C3%A9?src=hash&amp;ref_src=twsrc%5Etfw\">#CFAthl\u00e9<\/a> en DIRECT sur <a href=\"https:\/\/t.co\/63xdTVLhtA\">https:\/\/t.co\/63xdTVLhtA<\/a> et <a href=\"https:\/\/twitter.com\/lachainelequipe?ref_src=twsrc%5Etfw\">@lachainelequipe<\/a>.\u2026 <a href=\"https:\/\/t.co\/g2b8uvK4oY\">pic.twitter.com\/g2b8uvK4oY<\/a><\/p>\n<p>\u2014 FFAthl\u00e9tisme (@FFAthletisme) <a href=\"https:\/\/twitter.com\/FFAthletisme\/status\/1807410394278900066?ref_src=twsrc%5Etfw\">June 30, 2024<\/a><\/p><\/blockquote>\n<p><script async src=\"https:\/\/platform.twitter.com\/widgets.js\" charset=\"utf-8\"><\/script><\/p>\n<p style=\"text-align: justify;\"><strong>Agathe Guillemot,<\/strong> m\u00e9daill\u00e9e europ\u00e9enne sur la distance en d\u00e9but de mois, s&rsquo;est offert le record du championnat sur 1500 m et conserve son titre. En 4:07.00. En dominant son ain\u00e9e <strong>Aurore Fleury<\/strong>, qui a arrach\u00e9 une belle 2e place et mis les gal\u00e8res derri\u00e8re elle. <strong>Tom Campagne<\/strong> a domin\u00e9 la longueur, le seul au-del\u00e0 des 8 m\u00e8tres (8.05 m). Il confirme sa bonne forme du moment.<\/p>\n<ul>\n<li style=\"text-align: justify;\"><strong>\u00c0 ce sujet &#8211;<a href=\"https:\/\/dicodusport.fr\/blog\/athletisme-jo-2024-les-francais-qui-ont-realise-les-minima\/\"> Les Fran\u00e7ais qui ont r\u00e9alis\u00e9 les minima pour les JO de Paris<\/a><\/strong><\/li>\n<\/ul>\n<p style=\"text-align: justify;\">\n","protected":false},"excerpt":{"rendered":"<p>800 m, Grebo, Zhoya, le r\u00e9sum\u00e9 de la derni\u00e8re journ\u00e9e.<\/p>\n","protected":false},"author":83,"featured_media":496864,"comment_status":"open","ping_status":"closed","sticky":false,"template":"","format":"standard","meta":{"_acf_changed":false,"_daextam_enable_autolinks":"1","footnotes":""},"categories":[2308],"tags":[32415,143,16878],"class_list":["post-496773","post","type-post","status-publish","format-standard","has-post-thumbnail","hentry","category-athletisme","tag-actu","tag-athletisme","tag-breve"],"acf":[],"yoast_head":"<!-- This site is optimized with the Yoast SEO Premium plugin v26.7 (Yoast SEO v26.7) - https:\/\/yoast.com\/wordpress\/plugins\/seo\/ -->\n<title>Athl\u00e9tisme Championnats de France 2024 : 800 m, Grebo, Zhoya, le r\u00e9sum\u00e9 de la derni\u00e8re journ\u00e9e<\/title>\n<meta name=\"description\" content=\"CHAMPIONNATS DE FRANCE D&#039;ATHL\u00c9TISME 2024 - Retour sur la derni\u00e8re journ\u00e9e marqu\u00e9e par les minima olympiques de Shana Grebo au 400 m\" \/>\n<meta name=\"robots\" content=\"index, follow, max-snippet:-1, max-image-preview:large, max-video-preview:-1\" \/>\n<link rel=\"canonical\" href=\"https:\/\/dicodusport.fr\/blog\/athletisme-championnats-de-france-2024-800-m-grebo-zhoya-le-resume-de-la-derniere-journee\/\" \/>\n<meta property=\"og:locale\" content=\"fr_FR\" \/>\n<meta property=\"og:type\" content=\"article\" \/>\n<meta property=\"og:title\" content=\"Athl\u00e9tisme Championnats de France 2024 : 800 m, Grebo, Zhoya, le r\u00e9sum\u00e9 de la derni\u00e8re journ\u00e9e\" \/>\n<meta property=\"og:description\" content=\"CHAMPIONNATS DE FRANCE D&#039;ATHL\u00c9TISME 2024 - Retour sur la derni\u00e8re journ\u00e9e marqu\u00e9e par les minima olympiques de Shana Grebo au 400 m\" \/>\n<meta property=\"og:url\" content=\"https:\/\/dicodusport.fr\/blog\/athletisme-championnats-de-france-2024-800-m-grebo-zhoya-le-resume-de-la-derniere-journee\/\" \/>\n<meta property=\"og:site_name\" content=\"Dicodusport\" \/>\n<meta property=\"article:publisher\" content=\"https:\/\/www.facebook.com\/dicodusport\" \/>\n<meta property=\"article:published_time\" content=\"2024-06-30T14:26:18+00:00\" \/>\n<meta property=\"article:modified_time\" content=\"2024-06-30T15:34:54+00:00\" \/>\n<meta property=\"og:image\" content=\"https:\/\/dicodusport.fr\/blog\/wp-content\/uploads\/2024\/06\/Athletisme-Championnats-de-France-2024-800-m-Grebo-Zhoya-le-resume-de-la-derniere-journee.png\" \/>\n\t<meta property=\"og:image:width\" content=\"1200\" \/>\n\t<meta property=\"og:image:height\" content=\"674\" \/>\n\t<meta property=\"og:image:type\" content=\"image\/png\" \/>\n<meta name=\"author\" content=\"Etienne Goursaud\" \/>\n<meta name=\"twitter:card\" content=\"summary_large_image\" \/>\n<meta name=\"twitter:title\" content=\"Athl\u00e9tisme Championnats de France 2024 : 800 m, Grebo, Zhoya, le r\u00e9sum\u00e9 de la derni\u00e8re journ\u00e9e\" \/>\n<meta name=\"twitter:creator\" content=\"@dicodusport\" \/>\n<meta name=\"twitter:site\" content=\"@dicodusport\" \/>\n<script type=\"application\/ld+json\" class=\"yoast-schema-graph\">{\"@context\":\"https:\/\/schema.org\",\"@graph\":[{\"@type\":\"NewsArticle\",\"@id\":\"https:\/\/dicodusport.fr\/blog\/athletisme-championnats-de-france-2024-800-m-grebo-zhoya-le-resume-de-la-derniere-journee\/#article\",\"isPartOf\":{\"@id\":\"https:\/\/dicodusport.fr\/blog\/athletisme-championnats-de-france-2024-800-m-grebo-zhoya-le-resume-de-la-derniere-journee\/\"},\"author\":{\"name\":\"Etienne Goursaud\",\"@id\":\"https:\/\/dicodusport.fr\/blog\/#\/schema\/person\/d603dd7da31fb2b46c82b9835a77ec13\"},\"headline\":\"Athl\u00e9tisme Championnats de France 2024 : 800 m, Grebo, Zhoya, le r\u00e9sum\u00e9 de la derni\u00e8re journ\u00e9e\",\"datePublished\":\"2024-06-30T14:26:18+00:00\",\"dateModified\":\"2024-06-30T15:34:54+00:00\",\"mainEntityOfPage\":{\"@id\":\"https:\/\/dicodusport.fr\/blog\/athletisme-championnats-de-france-2024-800-m-grebo-zhoya-le-resume-de-la-derniere-journee\/\"},\"wordCount\":1296,\"commentCount\":0,\"publisher\":{\"@id\":\"https:\/\/dicodusport.fr\/blog\/#organization\"},\"image\":{\"@id\":\"https:\/\/dicodusport.fr\/blog\/athletisme-championnats-de-france-2024-800-m-grebo-zhoya-le-resume-de-la-derniere-journee\/#primaryimage\"},\"thumbnailUrl\":\"https:\/\/dicodusport.fr\/blog\/wp-content\/uploads\/2024\/06\/Athletisme-Championnats-de-France-2024-800-m-Grebo-Zhoya-le-resume-de-la-derniere-journee.png\",\"keywords\":[\"actu\",\"Athl\u00e9tisme\",\"br\u00e8ve\"],\"articleSection\":[\"Athl\u00e9tisme\"],\"inLanguage\":\"fr-FR\",\"potentialAction\":[{\"@type\":\"CommentAction\",\"name\":\"Comment\",\"target\":[\"https:\/\/dicodusport.fr\/blog\/athletisme-championnats-de-france-2024-800-m-grebo-zhoya-le-resume-de-la-derniere-journee\/#respond\"]}],\"copyrightYear\":\"2024\",\"copyrightHolder\":{\"@id\":\"https:\/\/dicodusport.fr\/blog\/#organization\"}},{\"@type\":\"WebPage\",\"@id\":\"https:\/\/dicodusport.fr\/blog\/athletisme-championnats-de-france-2024-800-m-grebo-zhoya-le-resume-de-la-derniere-journee\/\",\"url\":\"https:\/\/dicodusport.fr\/blog\/athletisme-championnats-de-france-2024-800-m-grebo-zhoya-le-resume-de-la-derniere-journee\/\",\"name\":\"Athl\u00e9tisme Championnats de France 2024 : 800 m, Grebo, Zhoya, le r\u00e9sum\u00e9 de la derni\u00e8re journ\u00e9e\",\"isPartOf\":{\"@id\":\"https:\/\/dicodusport.fr\/blog\/#website\"},\"primaryImageOfPage\":{\"@id\":\"https:\/\/dicodusport.fr\/blog\/athletisme-championnats-de-france-2024-800-m-grebo-zhoya-le-resume-de-la-derniere-journee\/#primaryimage\"},\"image\":{\"@id\":\"https:\/\/dicodusport.fr\/blog\/athletisme-championnats-de-france-2024-800-m-grebo-zhoya-le-resume-de-la-derniere-journee\/#primaryimage\"},\"thumbnailUrl\":\"https:\/\/dicodusport.fr\/blog\/wp-content\/uploads\/2024\/06\/Athletisme-Championnats-de-France-2024-800-m-Grebo-Zhoya-le-resume-de-la-derniere-journee.png\",\"datePublished\":\"2024-06-30T14:26:18+00:00\",\"dateModified\":\"2024-06-30T15:34:54+00:00\",\"description\":\"CHAMPIONNATS DE FRANCE D'ATHL\u00c9TISME 2024 - Retour sur la derni\u00e8re journ\u00e9e marqu\u00e9e par les minima olympiques de Shana Grebo au 400 m\",\"breadcrumb\":{\"@id\":\"https:\/\/dicodusport.fr\/blog\/athletisme-championnats-de-france-2024-800-m-grebo-zhoya-le-resume-de-la-derniere-journee\/#breadcrumb\"},\"inLanguage\":\"fr-FR\",\"potentialAction\":[{\"@type\":\"ReadAction\",\"target\":[\"https:\/\/dicodusport.fr\/blog\/athletisme-championnats-de-france-2024-800-m-grebo-zhoya-le-resume-de-la-derniere-journee\/\"]}]},{\"@type\":\"ImageObject\",\"inLanguage\":\"fr-FR\",\"@id\":\"https:\/\/dicodusport.fr\/blog\/athletisme-championnats-de-france-2024-800-m-grebo-zhoya-le-resume-de-la-derniere-journee\/#primaryimage\",\"url\":\"https:\/\/dicodusport.fr\/blog\/wp-content\/uploads\/2024\/06\/Athletisme-Championnats-de-France-2024-800-m-Grebo-Zhoya-le-resume-de-la-derniere-journee.png\",\"contentUrl\":\"https:\/\/dicodusport.fr\/blog\/wp-content\/uploads\/2024\/06\/Athletisme-Championnats-de-France-2024-800-m-Grebo-Zhoya-le-resume-de-la-derniere-journee.png\",\"width\":1200,\"height\":674,\"caption\":\"Athl\u00e9tisme Championnats de France 2024 800 m, Grebo, Zhoya, le r\u00e9sum\u00e9 de la derni\u00e8re journ\u00e9e\"},{\"@type\":\"BreadcrumbList\",\"@id\":\"https:\/\/dicodusport.fr\/blog\/athletisme-championnats-de-france-2024-800-m-grebo-zhoya-le-resume-de-la-derniere-journee\/#breadcrumb\",\"itemListElement\":[{\"@type\":\"ListItem\",\"position\":1,\"name\":\"Accueil\",\"item\":\"https:\/\/dicodusport.fr\/blog\/\"},{\"@type\":\"ListItem\",\"position\":2,\"name\":\"Athl\u00e9tisme Championnats de France 2024 : 800 m, Grebo, Zhoya, le r\u00e9sum\u00e9 de la derni\u00e8re journ\u00e9e\"}]},{\"@type\":\"WebSite\",\"@id\":\"https:\/\/dicodusport.fr\/blog\/#website\",\"url\":\"https:\/\/dicodusport.fr\/blog\/\",\"name\":\"Dicodusport\",\"description\":\"L&#039;encyclop\u00e9die de l&#039;actualit\u00e9 sportive\",\"publisher\":{\"@id\":\"https:\/\/dicodusport.fr\/blog\/#organization\"},\"potentialAction\":[{\"@type\":\"SearchAction\",\"target\":{\"@type\":\"EntryPoint\",\"urlTemplate\":\"https:\/\/dicodusport.fr\/blog\/?s={search_term_string}\"},\"query-input\":{\"@type\":\"PropertyValueSpecification\",\"valueRequired\":true,\"valueName\":\"search_term_string\"}}],\"inLanguage\":\"fr-FR\"},{\"@type\":\"NewsMediaOrganization\",\"@id\":\"https:\/\/dicodusport.fr\/blog\/#organization\",\"name\":\"Dicodusport\",\"url\":\"https:\/\/dicodusport.fr\/blog\/\",\"logo\":{\"@type\":\"ImageObject\",\"inLanguage\":\"fr-FR\",\"@id\":\"https:\/\/dicodusport.fr\/blog\/#\/schema\/logo\/image\/\",\"url\":\"https:\/\/dicodusport.fr\/blog\/wp-content\/uploads\/2020\/06\/cropped-LOGO-DICODUSPORT-2020-SANS-FOND-SANS-TEXTE.png\",\"contentUrl\":\"https:\/\/dicodusport.fr\/blog\/wp-content\/uploads\/2020\/06\/cropped-LOGO-DICODUSPORT-2020-SANS-FOND-SANS-TEXTE.png\",\"width\":512,\"height\":512,\"caption\":\"Dicodusport\"},\"image\":{\"@id\":\"https:\/\/dicodusport.fr\/blog\/#\/schema\/logo\/image\/\"},\"sameAs\":[\"https:\/\/www.facebook.com\/dicodusport\",\"https:\/\/x.com\/dicodusport\",\"https:\/\/www.instagram.com\/dicodusport\/\",\"https:\/\/www.youtube.com\/channel\/UC7V2KZ5sd3htJivAbA4ZG3w\"],\"description\":\"Dicodusport est l'encyclop\u00e9die de l'actualit\u00e9 sportive.\",\"email\":\"bonjour@dicodusport.fr\",\"legalName\":\"DICODUSPORT\",\"foundingDate\":\"2018-01-14\",\"vatID\":\"FR71834470973\",\"taxID\":\"83447097300043\",\"numberOfEmployees\":{\"@type\":\"QuantitativeValue\",\"minValue\":\"1\",\"maxValue\":\"10\"}},{\"@type\":\"Person\",\"@id\":\"https:\/\/dicodusport.fr\/blog\/#\/schema\/person\/d603dd7da31fb2b46c82b9835a77ec13\",\"name\":\"Etienne Goursaud\",\"image\":{\"@type\":\"ImageObject\",\"inLanguage\":\"fr-FR\",\"@id\":\"https:\/\/dicodusport.fr\/blog\/#\/schema\/person\/image\/\",\"url\":\"https:\/\/dicodusport.fr\/blog\/wp-content\/uploads\/2023\/12\/410122264_10231602061736049_5565839791558026645_n-150x150.jpg\",\"contentUrl\":\"https:\/\/dicodusport.fr\/blog\/wp-content\/uploads\/2023\/12\/410122264_10231602061736049_5565839791558026645_n-150x150.jpg\",\"caption\":\"Etienne Goursaud\"},\"description\":\"Journaliste et amoureux de sport. Ancien footballeur reconverti athl\u00e8te quand ses muscles le laissent tranquille. \u00c9lev\u00e9 \u00e0 la sauce des exploits de Thomas Voeckler en 2004, du dernier essai de l\u00e9gende de Eunice Barber \u00e0 la longueur lors des championnats du monde d'athl\u00e9tisme de 2003 mais aussi Zidane, Omeyer et Titou Lamaison.\",\"url\":\"https:\/\/dicodusport.fr\/blog\/author\/etienne-goursaud\/\"}]}<\/script>\n<!-- \/ Yoast SEO Premium plugin. -->","yoast_head_json":{"title":"Athl\u00e9tisme Championnats de France 2024 : 800 m, Grebo, Zhoya, le r\u00e9sum\u00e9 de la derni\u00e8re journ\u00e9e","description":"CHAMPIONNATS DE FRANCE D'ATHL\u00c9TISME 2024 - Retour sur la derni\u00e8re journ\u00e9e marqu\u00e9e par les minima olympiques de Shana Grebo au 400 m","robots":{"index":"index","follow":"follow","max-snippet":"max-snippet:-1","max-image-preview":"max-image-preview:large","max-video-preview":"max-video-preview:-1"},"canonical":"https:\/\/dicodusport.fr\/blog\/athletisme-championnats-de-france-2024-800-m-grebo-zhoya-le-resume-de-la-derniere-journee\/","og_locale":"fr_FR","og_type":"article","og_title":"Athl\u00e9tisme Championnats de France 2024 : 800 m, Grebo, Zhoya, le r\u00e9sum\u00e9 de la derni\u00e8re journ\u00e9e","og_description":"CHAMPIONNATS DE FRANCE D'ATHL\u00c9TISME 2024 - Retour sur la derni\u00e8re journ\u00e9e marqu\u00e9e par les minima olympiques de Shana Grebo au 400 m","og_url":"https:\/\/dicodusport.fr\/blog\/athletisme-championnats-de-france-2024-800-m-grebo-zhoya-le-resume-de-la-derniere-journee\/","og_site_name":"Dicodusport","article_publisher":"https:\/\/www.facebook.com\/dicodusport","article_published_time":"2024-06-30T14:26:18+00:00","article_modified_time":"2024-06-30T15:34:54+00:00","og_image":[{"width":1200,"height":674,"url":"https:\/\/dicodusport.fr\/blog\/wp-content\/uploads\/2024\/06\/Athletisme-Championnats-de-France-2024-800-m-Grebo-Zhoya-le-resume-de-la-derniere-journee.png","type":"image\/png"}],"author":"Etienne Goursaud","twitter_card":"summary_large_image","twitter_title":"Athl\u00e9tisme Championnats de France 2024 : 800 m, Grebo, Zhoya, le r\u00e9sum\u00e9 de la derni\u00e8re journ\u00e9e","twitter_creator":"@dicodusport","twitter_site":"@dicodusport","schema":{"@context":"https:\/\/schema.org","@graph":[{"@type":"NewsArticle","@id":"https:\/\/dicodusport.fr\/blog\/athletisme-championnats-de-france-2024-800-m-grebo-zhoya-le-resume-de-la-derniere-journee\/#article","isPartOf":{"@id":"https:\/\/dicodusport.fr\/blog\/athletisme-championnats-de-france-2024-800-m-grebo-zhoya-le-resume-de-la-derniere-journee\/"},"author":{"name":"Etienne Goursaud","@id":"https:\/\/dicodusport.fr\/blog\/#\/schema\/person\/d603dd7da31fb2b46c82b9835a77ec13"},"headline":"Athl\u00e9tisme Championnats de France 2024 : 800 m, Grebo, Zhoya, le r\u00e9sum\u00e9 de la derni\u00e8re journ\u00e9e","datePublished":"2024-06-30T14:26:18+00:00","dateModified":"2024-06-30T15:34:54+00:00","mainEntityOfPage":{"@id":"https:\/\/dicodusport.fr\/blog\/athletisme-championnats-de-france-2024-800-m-grebo-zhoya-le-resume-de-la-derniere-journee\/"},"wordCount":1296,"commentCount":0,"publisher":{"@id":"https:\/\/dicodusport.fr\/blog\/#organization"},"image":{"@id":"https:\/\/dicodusport.fr\/blog\/athletisme-championnats-de-france-2024-800-m-grebo-zhoya-le-resume-de-la-derniere-journee\/#primaryimage"},"thumbnailUrl":"https:\/\/dicodusport.fr\/blog\/wp-content\/uploads\/2024\/06\/Athletisme-Championnats-de-France-2024-800-m-Grebo-Zhoya-le-resume-de-la-derniere-journee.png","keywords":["actu","Athl\u00e9tisme","br\u00e8ve"],"articleSection":["Athl\u00e9tisme"],"inLanguage":"fr-FR","potentialAction":[{"@type":"CommentAction","name":"Comment","target":["https:\/\/dicodusport.fr\/blog\/athletisme-championnats-de-france-2024-800-m-grebo-zhoya-le-resume-de-la-derniere-journee\/#respond"]}],"copyrightYear":"2024","copyrightHolder":{"@id":"https:\/\/dicodusport.fr\/blog\/#organization"}},{"@type":"WebPage","@id":"https:\/\/dicodusport.fr\/blog\/athletisme-championnats-de-france-2024-800-m-grebo-zhoya-le-resume-de-la-derniere-journee\/","url":"https:\/\/dicodusport.fr\/blog\/athletisme-championnats-de-france-2024-800-m-grebo-zhoya-le-resume-de-la-derniere-journee\/","name":"Athl\u00e9tisme Championnats de France 2024 : 800 m, Grebo, Zhoya, le r\u00e9sum\u00e9 de la derni\u00e8re journ\u00e9e","isPartOf":{"@id":"https:\/\/dicodusport.fr\/blog\/#website"},"primaryImageOfPage":{"@id":"https:\/\/dicodusport.fr\/blog\/athletisme-championnats-de-france-2024-800-m-grebo-zhoya-le-resume-de-la-derniere-journee\/#primaryimage"},"image":{"@id":"https:\/\/dicodusport.fr\/blog\/athletisme-championnats-de-france-2024-800-m-grebo-zhoya-le-resume-de-la-derniere-journee\/#primaryimage"},"thumbnailUrl":"https:\/\/dicodusport.fr\/blog\/wp-content\/uploads\/2024\/06\/Athletisme-Championnats-de-France-2024-800-m-Grebo-Zhoya-le-resume-de-la-derniere-journee.png","datePublished":"2024-06-30T14:26:18+00:00","dateModified":"2024-06-30T15:34:54+00:00","description":"CHAMPIONNATS DE FRANCE D'ATHL\u00c9TISME 2024 - Retour sur la derni\u00e8re journ\u00e9e marqu\u00e9e par les minima olympiques de Shana Grebo au 400 m","breadcrumb":{"@id":"https:\/\/dicodusport.fr\/blog\/athletisme-championnats-de-france-2024-800-m-grebo-zhoya-le-resume-de-la-derniere-journee\/#breadcrumb"},"inLanguage":"fr-FR","potentialAction":[{"@type":"ReadAction","target":["https:\/\/dicodusport.fr\/blog\/athletisme-championnats-de-france-2024-800-m-grebo-zhoya-le-resume-de-la-derniere-journee\/"]}]},{"@type":"ImageObject","inLanguage":"fr-FR","@id":"https:\/\/dicodusport.fr\/blog\/athletisme-championnats-de-france-2024-800-m-grebo-zhoya-le-resume-de-la-derniere-journee\/#primaryimage","url":"https:\/\/dicodusport.fr\/blog\/wp-content\/uploads\/2024\/06\/Athletisme-Championnats-de-France-2024-800-m-Grebo-Zhoya-le-resume-de-la-derniere-journee.png","contentUrl":"https:\/\/dicodusport.fr\/blog\/wp-content\/uploads\/2024\/06\/Athletisme-Championnats-de-France-2024-800-m-Grebo-Zhoya-le-resume-de-la-derniere-journee.png","width":1200,"height":674,"caption":"Athl\u00e9tisme Championnats de France 2024 800 m, Grebo, Zhoya, le r\u00e9sum\u00e9 de la derni\u00e8re journ\u00e9e"},{"@type":"BreadcrumbList","@id":"https:\/\/dicodusport.fr\/blog\/athletisme-championnats-de-france-2024-800-m-grebo-zhoya-le-resume-de-la-derniere-journee\/#breadcrumb","itemListElement":[{"@type":"ListItem","position":1,"name":"Accueil","item":"https:\/\/dicodusport.fr\/blog\/"},{"@type":"ListItem","position":2,"name":"Athl\u00e9tisme Championnats de France 2024 : 800 m, Grebo, Zhoya, le r\u00e9sum\u00e9 de la derni\u00e8re journ\u00e9e"}]},{"@type":"WebSite","@id":"https:\/\/dicodusport.fr\/blog\/#website","url":"https:\/\/dicodusport.fr\/blog\/","name":"Dicodusport","description":"L&#039;encyclop\u00e9die de l&#039;actualit\u00e9 sportive","publisher":{"@id":"https:\/\/dicodusport.fr\/blog\/#organization"},"potentialAction":[{"@type":"SearchAction","target":{"@type":"EntryPoint","urlTemplate":"https:\/\/dicodusport.fr\/blog\/?s={search_term_string}"},"query-input":{"@type":"PropertyValueSpecification","valueRequired":true,"valueName":"search_term_string"}}],"inLanguage":"fr-FR"},{"@type":"NewsMediaOrganization","@id":"https:\/\/dicodusport.fr\/blog\/#organization","name":"Dicodusport","url":"https:\/\/dicodusport.fr\/blog\/","logo":{"@type":"ImageObject","inLanguage":"fr-FR","@id":"https:\/\/dicodusport.fr\/blog\/#\/schema\/logo\/image\/","url":"https:\/\/dicodusport.fr\/blog\/wp-content\/uploads\/2020\/06\/cropped-LOGO-DICODUSPORT-2020-SANS-FOND-SANS-TEXTE.png","contentUrl":"https:\/\/dicodusport.fr\/blog\/wp-content\/uploads\/2020\/06\/cropped-LOGO-DICODUSPORT-2020-SANS-FOND-SANS-TEXTE.png","width":512,"height":512,"caption":"Dicodusport"},"image":{"@id":"https:\/\/dicodusport.fr\/blog\/#\/schema\/logo\/image\/"},"sameAs":["https:\/\/www.facebook.com\/dicodusport","https:\/\/x.com\/dicodusport","https:\/\/www.instagram.com\/dicodusport\/","https:\/\/www.youtube.com\/channel\/UC7V2KZ5sd3htJivAbA4ZG3w"],"description":"Dicodusport est l'encyclop\u00e9die de l'actualit\u00e9 sportive.","email":"bonjour@dicodusport.fr","legalName":"DICODUSPORT","foundingDate":"2018-01-14","vatID":"FR71834470973","taxID":"83447097300043","numberOfEmployees":{"@type":"QuantitativeValue","minValue":"1","maxValue":"10"}},{"@type":"Person","@id":"https:\/\/dicodusport.fr\/blog\/#\/schema\/person\/d603dd7da31fb2b46c82b9835a77ec13","name":"Etienne Goursaud","image":{"@type":"ImageObject","inLanguage":"fr-FR","@id":"https:\/\/dicodusport.fr\/blog\/#\/schema\/person\/image\/","url":"https:\/\/dicodusport.fr\/blog\/wp-content\/uploads\/2023\/12\/410122264_10231602061736049_5565839791558026645_n-150x150.jpg","contentUrl":"https:\/\/dicodusport.fr\/blog\/wp-content\/uploads\/2023\/12\/410122264_10231602061736049_5565839791558026645_n-150x150.jpg","caption":"Etienne Goursaud"},"description":"Journaliste et amoureux de sport. Ancien footballeur reconverti athl\u00e8te quand ses muscles le laissent tranquille. \u00c9lev\u00e9 \u00e0 la sauce des exploits de Thomas Voeckler en 2004, du dernier essai de l\u00e9gende de Eunice Barber \u00e0 la longueur lors des championnats du monde d'athl\u00e9tisme de 2003 mais aussi Zidane, Omeyer et Titou Lamaison.","url":"https:\/\/dicodusport.fr\/blog\/author\/etienne-goursaud\/"}]}},"_links":{"self":[{"href":"https:\/\/dicodusport.fr\/blog\/wp-json\/wp\/v2\/posts\/496773","targetHints":{"allow":["GET"]}}],"collection":[{"href":"https:\/\/dicodusport.fr\/blog\/wp-json\/wp\/v2\/posts"}],"about":[{"href":"https:\/\/dicodusport.fr\/blog\/wp-json\/wp\/v2\/types\/post"}],"author":[{"embeddable":true,"href":"https:\/\/dicodusport.fr\/blog\/wp-json\/wp\/v2\/users\/83"}],"replies":[{"embeddable":true,"href":"https:\/\/dicodusport.fr\/blog\/wp-json\/wp\/v2\/comments?post=496773"}],"version-history":[{"count":5,"href":"https:\/\/dicodusport.fr\/blog\/wp-json\/wp\/v2\/posts\/496773\/revisions"}],"predecessor-version":[{"id":496916,"href":"https:\/\/dicodusport.fr\/blog\/wp-json\/wp\/v2\/posts\/496773\/revisions\/496916"}],"wp:featuredmedia":[{"embeddable":true,"href":"https:\/\/dicodusport.fr\/blog\/wp-json\/wp\/v2\/media\/496864"}],"wp:attachment":[{"href":"https:\/\/dicodusport.fr\/blog\/wp-json\/wp\/v2\/media?parent=496773"}],"wp:term":[{"taxonomy":"category","embeddable":true,"href":"https:\/\/dicodusport.fr\/blog\/wp-json\/wp\/v2\/categories?post=496773"},{"taxonomy":"post_tag","embeddable":true,"href":"https:\/\/dicodusport.fr\/blog\/wp-json\/wp\/v2\/tags?post=496773"}],"curies":[{"name":"wp","href":"https:\/\/api.w.org\/{rel}","templated":true}]}}