{"id":496856,"date":"2024-06-30T17:24:04","date_gmt":"2024-06-30T15:24:04","guid":{"rendered":"https:\/\/dicodusport.fr\/blog\/?p=496856&#038;preview=true&#038;preview_id=496856"},"modified":"2024-06-30T18:05:51","modified_gmt":"2024-06-30T16:05:51","slug":"tour-de-france-2024-heroique-kevin-vauquelin-sadjuge-la-2eme-etape","status":"publish","type":"post","link":"https:\/\/dicodusport.fr\/blog\/tour-de-france-2024-heroique-kevin-vauquelin-sadjuge-la-2eme-etape\/","title":{"rendered":"Tour de France 2024 : H\u00e9ro\u00efque, K\u00e9vin Vauquelin s&rsquo;adjuge la 2\u00e8me \u00e9tape"},"content":{"rendered":"<p style=\"text-align: justify;\" align=\"justify\"><em><a style=\"font-weight: bold;\" href=\"https:\/\/dicodusport.fr\/blog\/actualites\/cyclisme\/tour-de-france-2024\/\">TOUR DE FRANCE 2024<\/a><b> &#8211; Issu de l&rsquo;\u00e9chapp\u00e9e du jour, K\u00e9vin Vauquelin (Ark\u00e9a B&amp;B H\u00f4tels) a gagn\u00e9 en solitaire sur la deuxi\u00e8me \u00e9tape \u00e0<span class=\"red\">\u00a0<\/span><span class=\"red\">Bologne, dimanche<\/span><span class=\"red fw400\">. Deuxi\u00e8me victoire fran\u00e7aise apr\u00e8s celle, 24 heures plus t\u00f4t, de Romain Bardet. Ce dernier c\u00e8de le maillot jaune \u00e0 Tadej Pogacar (UAE Team Emirates).<\/span><\/b><\/em><\/p>\n<ul style=\"text-align: justify;\">\n<li><strong>\u00c0 ce sujet \u2013\u00a0<a href=\"https:\/\/dicodusport.fr\/blog\/tour-de-france-2024-classement-2eme-etape\/\">Tour de France 2024 &#8211; Classement 2\u00e8me \u00e9tape<\/a><\/strong><\/li>\n<li><strong>\u00c0 ce sujet \u2013 <a href=\"https:\/\/dicodusport.fr\/blog\/tour-de-france-2024-classement-general-maillot-jaune\/\">Tour de France 2024 &#8211; Classement g\u00e9n\u00e9ral<\/a><\/strong><\/li>\n<\/ul>\n<p style=\"text-align: justify;\">D&rsquo;abord, d\u00e8s les premiers kilom\u00e8tres de course, l&rsquo;\u00e9chapp\u00e9e du jour s&rsquo;est form\u00e9e avec <strong>Quentin Pacher<\/strong> (Groupama FDJ), <strong>Axel Laurance<\/strong> (Alpecin Deceuninck), <strong>Hugo Houle<\/strong> (Israel PremierTech), <strong>Nelson Oliveira<\/strong> (Movistar), <strong>K\u00e9vin Vauquelin, Cristian Rodriguez<\/strong> (Ark\u00e9a B&amp;B H\u00f4tels), <strong>Mike Teunissen<\/strong> (Intermarch\u00e9 Wanty), <strong>Bram Welten<\/strong> (Team DSM-firmenich PostNL), <strong>Harold Tejada<\/strong> (Astana Qazaqstan Team), le porteur du maillot \u00e0 pois <strong>Jonas Abrahamsen<\/strong> (UNO-X Mobility) et <strong>Jordan Jegat<\/strong> (TotalEnergies).<\/p>\n<p style=\"text-align: justify;\"><strong>Michael Matthews<\/strong> (Team Jayco AlYla) et <strong>Brent Van Moer<\/strong> (Lotto Dstny) ont tent\u00e9 en vain de rentrer sur l&rsquo;\u00e9chapp\u00e9e avant de couper leur effort. Au sein du peloton, la Team DSM-firmenich PostNL s&rsquo;est plac\u00e9 en t\u00eate pour g\u00e9rer l&rsquo;allure et a laiss\u00e9 plus de 8 minutes 45 d&rsquo;avance aux attaquants.<\/p>\n<h2 style=\"text-align: justify;\">L&rsquo;\u00e9chapp\u00e9e se d\u00e9veloppe, le peloton laisse filer<\/h2>\n<p style=\"text-align: justify;\">Ensuite, <strong>Jonas Abrahamsen<\/strong> (Uno-X Mobility) est pass\u00e9 en t\u00eate de la premi\u00e8re mont\u00e9e r\u00e9pertori\u00e9e du jour, la c\u00f4te de Monticino, class\u00e9e en troisi\u00e8me cat\u00e9gorie, devant <strong>Hugo Houle<\/strong> (Israel Premier Tech). Le coureur norv\u00e9gien a franchi \u00e0 nouveau en t\u00eate la c\u00f4te de Gallisterna, devant <strong>K\u00e9vin Vauquelin<\/strong> (Arkea B&amp;B H\u00f4tels) alors que le peloton s&rsquo;est rapproch\u00e9 \u00e0 6 minutes 30.<\/p>\n<p style=\"text-align: justify;\">Au sprint interm\u00e9diaire, l&rsquo;in\u00e9puisable <strong>Jonas Abrahamsen<\/strong> (Uno-X) est encore pass\u00e9 en premi\u00e8re position devant <strong>Harold Tejada<\/strong> (Astana Qazakstan). Dans le peloton, <strong>Arnaud D\u00e9mare<\/strong> (Arkea-B&amp;B H\u00f4tels) a pris la 11e place de ce sprint. <strong>Wout Van Aert<\/strong> (Visma-Lease a Bike) et son co\u00e9quipier <strong>Matteo Jorgenson<\/strong> ainsi que son compatriote <strong>Laurens De Plus<\/strong> (INEOS Grenadiers) sont all\u00e9s \u00e0 terre peu avant le sprint interm\u00e9diaire. Ces trois coureurs sont rapidement repartis. Cet incident a permis aux fuyards d&rsquo;avoir pr\u00e8s de 9 minutes 15 d&rsquo;avance.<\/p>\n<blockquote class=\"twitter-tweet\">\n<p dir=\"ltr\" lang=\"fr\"><a href=\"https:\/\/twitter.com\/hashtag\/TDF2024?src=hash&amp;ref_src=twsrc%5Etfw\">#TDF2024<\/a> | \ud83c\uddeb\ud83c\uddf7 DEUXI\u00c8ME \u00c9TAPE ET DEUXI\u00c8ME VICTOIRE FRAN\u00c7AISE !<\/p>\n<p>\ud83d\udd25 K\u00e9vin Vauquelin s&rsquo;impose \u00e0 Bologne et offre un premier succ\u00e8s \u00e0 l&rsquo;\u00e9quipe Ark\u00e9a-B&amp;B Hotels sur la Grande Boucle !<\/p>\n<p>\ud83d\udcfa Suivez le direct : <a href=\"https:\/\/t.co\/HuyzsbbG4y\">https:\/\/t.co\/HuyzsbbG4y<\/a> <a href=\"https:\/\/t.co\/avIMU0HytH\">pic.twitter.com\/avIMU0HytH<\/a><\/p>\n<p>\u2014 francetvsport (@francetvsport) <a href=\"https:\/\/twitter.com\/francetvsport\/status\/1807434395034247462?ref_src=twsrc%5Etfw\">June 30, 2024<\/a><\/p><\/blockquote>\n<p><script async src=\"https:\/\/platform.twitter.com\/widgets.js\" charset=\"utf-8\"><\/script><\/p>\n<p style=\"text-align: justify;\">Puis, <strong>Jonas Abrahamsen<\/strong> (Uno-X Mobility) a pris un point pour le classement de la montagne au sommet de la c\u00f4te de Botteghino di Zocca et le vainqueur de la Brussels Cycling Classic s&rsquo;est assur\u00e9 de porter le maillot \u00e0 pois jusqu&rsquo;\u00e0 mardi a minima. Dans cette difficult\u00e9, <strong>Mark Cavendish<\/strong> (Astana Qazakstan) et <strong>Fabio Jakobsen<\/strong> (Team DSM-firmenich PostNL) ont perdu le contact avec le peloton. Ces deux sprinteurs ont \u00e9t\u00e9 soutenus par des \u00e9quipiers pour arriver dans les d\u00e9lais.<\/p>\n<ul style=\"text-align: justify;\">\n<li style=\"text-align: justify;\"><strong>\u00c0 ce sujet \u2013\u00a0<a href=\"https:\/\/dicodusport.fr\/blog\/actualites\/cyclisme\/\">Toute l\u2019actualit\u00e9 du cyclisme<\/a><\/strong><\/li>\n<\/ul>\n<p style=\"text-align: justify;\">Par la suite, <strong>Jonas Abrahamsen<\/strong> (Uno-X Mobility) a grappill\u00e9 deux nouveaux points au sommet de la C\u00f4te de Montecalvo. Le peloton est revenu \u00e0 pr\u00e8s de 5 minutes 35 \u00e0 cause d&rsquo;un gros relai de <strong>Victor Campenaerts<\/strong> (Lotto Dstny), \u00e0 l&rsquo;approche du circuit final \u00e0 faire deux fois dans les rues de Bologne, avec l&rsquo;ascension de la C\u00f4te de San Luca. Au sommet, <strong>Jonas Abrahamsen<\/strong> (Uno-X Mobility) a encore pris deux points de la premi\u00e8re ascension de San Luca tandis que Visma-Lease a Bike a roul\u00e9 \u00e0 l&rsquo;avant du peloton. Deuxi\u00e8me de l&rsquo;\u00e9tape de la veille, <strong>Frank van den Broek<\/strong> (Team DSM Firmenich PostNL) a \u00e9t\u00e9 distanc\u00e9.<\/p>\n<h2 style=\"text-align: justify;\">Vauquelin, la t\u00eate et les jambes<\/h2>\n<p style=\"text-align: justify;\"><strong>Jonas Abrahamsen<\/strong> (Uno-X Mobility), <strong>K\u00e9vin Vauquelin<\/strong> (Ark\u00e9a B&amp;B H\u00f4tels) et <strong>Nelson Oliviera<\/strong> (Movistar) sont sortis \u00e0 20 kilom\u00e8tres de l&rsquo;arriv\u00e9e. Le trio de t\u00eate ont entam\u00e9 l&rsquo;ultime ascension avec 35 secondes d&rsquo;avance sur leurs poursuivants. D\u00e8s les premi\u00e8res rampes, <strong>Kevin Vauquelin<\/strong> (Ark\u00e9a B&amp;B H\u00f4tels) a pris le meilleur sur ses deux compagnons de fugue. Dans le peloton, le rythme impos\u00e9 par <strong>Adam Yates<\/strong> (UAE Team Emirates) a \u00e9t\u00e9 fatal au maillot jaune <strong>Romain Bardet<\/strong> (Team dsm Firmenich PostNL), au sein d&rsquo;un peloton amaigri. <strong>Tadej Pogacar<\/strong> (UAE Team Emirates) a profit\u00e9 des derni\u00e8res rampes s\u00e9v\u00e8res pour attaquer. Seul <strong>Jonas Vingegaard<\/strong> (Visma Lease a Bike) a pu suivre le vainqueur sortant du Giro.<\/p>\n<p style=\"text-align: justify;\">Finalement, <strong>Kevin Vauquelin<\/strong> (Ark\u00e9a B&amp;B H\u00f4tels) a apport\u00e9 le premier succ\u00e8s sur le Tour de France \u00e0 la formation bretonne. <strong>Jonas Abrahamsen<\/strong> (Uno-X Mobility) a pris la deuxi\u00e8me place \u00e0 36 secondes. <strong>Quentin Pacher<\/strong> (Groupama FDJ) a compl\u00e9t\u00e9 le podium \u00e0 49 secondes devant <strong>Cristian Rodriguez<\/strong> (Arkea B&amp;B H\u00f4tels) et <strong>Harold Tejada<\/strong> (Astana Qazakstan). <strong>Tadej Pogacar<\/strong> (UAE Team Emirates) et <strong>Jonas Vingegaard<\/strong> (Visma Lease a Bike) ont vu revenir un duo compos\u00e9 de <strong>Remco Evenepoel<\/strong> (Soudal Quick-Step) et <strong>Richard Carapaz<\/strong> (EF Education EasyPost) pour finir \u00e0 2:21. Ces quatre pr\u00e9tendants au classement g\u00e9n\u00e9ral ont pris 21 secondes \u00e0 leurs rivaux.<\/p>\n<blockquote class=\"twitter-tweet\">\n<p dir=\"ltr\" lang=\"fr\"><a href=\"https:\/\/twitter.com\/hashtag\/TDF2024?src=hash&amp;ref_src=twsrc%5Etfw\">#TDF2024<\/a> | \ud83c\uddeb\ud83c\uddf7 DEUXI\u00c8ME \u00c9TAPE ET DEUXI\u00c8ME VICTOIRE FRAN\u00c7AISE !<\/p>\n<p>\ud83d\udd25 K\u00e9vin Vauquelin s&rsquo;impose \u00e0 Bologne et offre un premier succ\u00e8s \u00e0 l&rsquo;\u00e9quipe Ark\u00e9a-B&amp;B Hotels sur la Grande Boucle !<\/p>\n<p>\ud83d\udcfa Suivez le direct : <a href=\"https:\/\/t.co\/HuyzsbbG4y\">https:\/\/t.co\/HuyzsbbG4y<\/a> <a href=\"https:\/\/t.co\/avIMU0HytH\">pic.twitter.com\/avIMU0HytH<\/a><\/p>\n<p>\u2014 francetvsport (@francetvsport) <a href=\"https:\/\/twitter.com\/francetvsport\/status\/1807434395034247462?ref_src=twsrc%5Etfw\">June 30, 2024<\/a><\/p><\/blockquote>\n<p><script async src=\"https:\/\/platform.twitter.com\/widgets.js\" charset=\"utf-8\"><\/script><\/p>\n<p style=\"text-align: justify;\">Au classement g\u00e9n\u00e9ral, <strong>Tadej Pogacar<\/strong> (UAE Team Emirates) s&rsquo;est empar\u00e9 du maillot jaune, devant <strong>Remco Evenepoel<\/strong> (Soudal Quick-Step), <strong>Jonas Vingegaard<\/strong> (Visma Lease a Bike) et <strong>Richard Carapaz<\/strong> (EF Education EasyPost), dans le m\u00eame temps. Demain, place \u00e0 une \u00e9tape de plaine pour les sprinteurs en direction de Turin.<\/p>\n","protected":false},"excerpt":{"rendered":"<p>H\u00e9ro\u00efque, K\u00e9vin Vauquelin s&rsquo;adjuge la 2\u00e8me \u00e9tape.<\/p>\n","protected":false},"author":48,"featured_media":496920,"comment_status":"open","ping_status":"closed","sticky":false,"template":"","format":"standard","meta":{"_acf_changed":false,"_daextam_enable_autolinks":"1","footnotes":""},"categories":[46995],"tags":[16878,24,1262],"class_list":["post-496856","post","type-post","status-publish","format-standard","has-post-thumbnail","hentry","category-tour-de-france","tag-breve","tag-sport","tag-tour-de-france"],"acf":[],"yoast_head":"<!-- This site is optimized with the Yoast SEO Premium plugin v26.7 (Yoast SEO v26.7) - https:\/\/yoast.com\/wordpress\/plugins\/seo\/ -->\n<title>Tour de France 2024 : H\u00e9ro\u00efque, K\u00e9vin Vauquelin s&#039;adjuge la 2\u00e8me \u00e9tape<\/title>\n<meta name=\"description\" content=\"TOUR DE FRANCE 2024 - Issu de l&#039;\u00e9chapp\u00e9e du jour, K\u00e9vin Vauquelin (Ark\u00e9a B&amp;B H\u00f4tels) a gagn\u00e9 sur la deuxi\u00e8me \u00e9tape \u00e0\u00a0Bologne, dimanche.\u00a0\" \/>\n<meta name=\"robots\" content=\"index, follow, max-snippet:-1, max-image-preview:large, max-video-preview:-1\" \/>\n<link rel=\"canonical\" href=\"https:\/\/dicodusport.fr\/blog\/tour-de-france-2024-heroique-kevin-vauquelin-sadjuge-la-2eme-etape\/\" \/>\n<meta property=\"og:locale\" content=\"fr_FR\" \/>\n<meta property=\"og:type\" content=\"article\" \/>\n<meta property=\"og:title\" content=\"Tour de France 2024 : H\u00e9ro\u00efque, K\u00e9vin Vauquelin s&#039;adjuge la 2\u00e8me \u00e9tape\" \/>\n<meta property=\"og:description\" content=\"TOUR DE FRANCE 2024 - Issu de l&#039;\u00e9chapp\u00e9e du jour, K\u00e9vin Vauquelin (Ark\u00e9a B&amp;B H\u00f4tels) a gagn\u00e9 sur la deuxi\u00e8me \u00e9tape \u00e0\u00a0Bologne, dimanche.\u00a0\" \/>\n<meta property=\"og:url\" content=\"https:\/\/dicodusport.fr\/blog\/tour-de-france-2024-heroique-kevin-vauquelin-sadjuge-la-2eme-etape\/\" \/>\n<meta property=\"og:site_name\" content=\"Dicodusport\" \/>\n<meta property=\"article:publisher\" content=\"https:\/\/www.facebook.com\/dicodusport\" \/>\n<meta property=\"article:author\" content=\"https:\/\/www.facebook.com\/groups\/LesRoisDuPeloton\" \/>\n<meta property=\"article:published_time\" content=\"2024-06-30T15:24:04+00:00\" \/>\n<meta property=\"article:modified_time\" content=\"2024-06-30T16:05:51+00:00\" \/>\n<meta property=\"og:image\" content=\"https:\/\/dicodusport.fr\/blog\/wp-content\/uploads\/2024\/06\/Tour-de-France-2024-Heroique-Kevin-Vauquelin-sadjuge-la-2eme-etape-1.png\" \/>\n\t<meta property=\"og:image:width\" content=\"1200\" \/>\n\t<meta property=\"og:image:height\" content=\"674\" \/>\n\t<meta property=\"og:image:type\" content=\"image\/png\" \/>\n<meta name=\"author\" content=\"Emilien Descampiaux\" \/>\n<meta name=\"twitter:card\" content=\"summary_large_image\" \/>\n<meta name=\"twitter:title\" content=\"Tour de France 2024 : H\u00e9ro\u00efque, K\u00e9vin Vauquelin s&#039;adjuge la 2\u00e8me \u00e9tape\" \/>\n<meta name=\"twitter:creator\" content=\"@https:\/\/twitter.com\/LRoisDuPeloton\" \/>\n<meta name=\"twitter:site\" content=\"@dicodusport\" \/>\n<script type=\"application\/ld+json\" class=\"yoast-schema-graph\">{\"@context\":\"https:\/\/schema.org\",\"@graph\":[{\"@type\":\"NewsArticle\",\"@id\":\"https:\/\/dicodusport.fr\/blog\/tour-de-france-2024-heroique-kevin-vauquelin-sadjuge-la-2eme-etape\/#article\",\"isPartOf\":{\"@id\":\"https:\/\/dicodusport.fr\/blog\/tour-de-france-2024-heroique-kevin-vauquelin-sadjuge-la-2eme-etape\/\"},\"author\":{\"name\":\"Emilien Descampiaux\",\"@id\":\"https:\/\/dicodusport.fr\/blog\/#\/schema\/person\/6db4bae06b171592211be385b32876a7\"},\"headline\":\"Tour de France 2024 : H\u00e9ro\u00efque, K\u00e9vin Vauquelin s&rsquo;adjuge la 2\u00e8me \u00e9tape\",\"datePublished\":\"2024-06-30T15:24:04+00:00\",\"dateModified\":\"2024-06-30T16:05:51+00:00\",\"mainEntityOfPage\":{\"@id\":\"https:\/\/dicodusport.fr\/blog\/tour-de-france-2024-heroique-kevin-vauquelin-sadjuge-la-2eme-etape\/\"},\"wordCount\":981,\"commentCount\":0,\"publisher\":{\"@id\":\"https:\/\/dicodusport.fr\/blog\/#organization\"},\"image\":{\"@id\":\"https:\/\/dicodusport.fr\/blog\/tour-de-france-2024-heroique-kevin-vauquelin-sadjuge-la-2eme-etape\/#primaryimage\"},\"thumbnailUrl\":\"https:\/\/dicodusport.fr\/blog\/wp-content\/uploads\/2024\/06\/Tour-de-France-2024-Heroique-Kevin-Vauquelin-sadjuge-la-2eme-etape-1.png\",\"keywords\":[\"br\u00e8ve\",\"sport\",\"Tour de France\"],\"articleSection\":[\"Tour de France\"],\"inLanguage\":\"fr-FR\",\"potentialAction\":[{\"@type\":\"CommentAction\",\"name\":\"Comment\",\"target\":[\"https:\/\/dicodusport.fr\/blog\/tour-de-france-2024-heroique-kevin-vauquelin-sadjuge-la-2eme-etape\/#respond\"]}],\"copyrightYear\":\"2024\",\"copyrightHolder\":{\"@id\":\"https:\/\/dicodusport.fr\/blog\/#organization\"}},{\"@type\":\"WebPage\",\"@id\":\"https:\/\/dicodusport.fr\/blog\/tour-de-france-2024-heroique-kevin-vauquelin-sadjuge-la-2eme-etape\/\",\"url\":\"https:\/\/dicodusport.fr\/blog\/tour-de-france-2024-heroique-kevin-vauquelin-sadjuge-la-2eme-etape\/\",\"name\":\"Tour de France 2024 : H\u00e9ro\u00efque, K\u00e9vin Vauquelin s'adjuge la 2\u00e8me \u00e9tape\",\"isPartOf\":{\"@id\":\"https:\/\/dicodusport.fr\/blog\/#website\"},\"primaryImageOfPage\":{\"@id\":\"https:\/\/dicodusport.fr\/blog\/tour-de-france-2024-heroique-kevin-vauquelin-sadjuge-la-2eme-etape\/#primaryimage\"},\"image\":{\"@id\":\"https:\/\/dicodusport.fr\/blog\/tour-de-france-2024-heroique-kevin-vauquelin-sadjuge-la-2eme-etape\/#primaryimage\"},\"thumbnailUrl\":\"https:\/\/dicodusport.fr\/blog\/wp-content\/uploads\/2024\/06\/Tour-de-France-2024-Heroique-Kevin-Vauquelin-sadjuge-la-2eme-etape-1.png\",\"datePublished\":\"2024-06-30T15:24:04+00:00\",\"dateModified\":\"2024-06-30T16:05:51+00:00\",\"description\":\"TOUR DE FRANCE 2024 - Issu de l'\u00e9chapp\u00e9e du jour, K\u00e9vin Vauquelin (Ark\u00e9a B&B H\u00f4tels) a gagn\u00e9 sur la deuxi\u00e8me \u00e9tape \u00e0\u00a0Bologne, dimanche.\u00a0\",\"breadcrumb\":{\"@id\":\"https:\/\/dicodusport.fr\/blog\/tour-de-france-2024-heroique-kevin-vauquelin-sadjuge-la-2eme-etape\/#breadcrumb\"},\"inLanguage\":\"fr-FR\",\"potentialAction\":[{\"@type\":\"ReadAction\",\"target\":[\"https:\/\/dicodusport.fr\/blog\/tour-de-france-2024-heroique-kevin-vauquelin-sadjuge-la-2eme-etape\/\"]}]},{\"@type\":\"ImageObject\",\"inLanguage\":\"fr-FR\",\"@id\":\"https:\/\/dicodusport.fr\/blog\/tour-de-france-2024-heroique-kevin-vauquelin-sadjuge-la-2eme-etape\/#primaryimage\",\"url\":\"https:\/\/dicodusport.fr\/blog\/wp-content\/uploads\/2024\/06\/Tour-de-France-2024-Heroique-Kevin-Vauquelin-sadjuge-la-2eme-etape-1.png\",\"contentUrl\":\"https:\/\/dicodusport.fr\/blog\/wp-content\/uploads\/2024\/06\/Tour-de-France-2024-Heroique-Kevin-Vauquelin-sadjuge-la-2eme-etape-1.png\",\"width\":1200,\"height\":674,\"caption\":\"Tour de France 2024 - H\u00e9roique, K\u00e9vin Vauquelin s\u2019adjuge la 2\u00e8me \u00e9tape - Photo Icon Sport\"},{\"@type\":\"BreadcrumbList\",\"@id\":\"https:\/\/dicodusport.fr\/blog\/tour-de-france-2024-heroique-kevin-vauquelin-sadjuge-la-2eme-etape\/#breadcrumb\",\"itemListElement\":[{\"@type\":\"ListItem\",\"position\":1,\"name\":\"Accueil\",\"item\":\"https:\/\/dicodusport.fr\/blog\/\"},{\"@type\":\"ListItem\",\"position\":2,\"name\":\"Tour de France 2024 : H\u00e9ro\u00efque, K\u00e9vin Vauquelin s&rsquo;adjuge la 2\u00e8me \u00e9tape\"}]},{\"@type\":\"WebSite\",\"@id\":\"https:\/\/dicodusport.fr\/blog\/#website\",\"url\":\"https:\/\/dicodusport.fr\/blog\/\",\"name\":\"Dicodusport\",\"description\":\"L&#039;encyclop\u00e9die de l&#039;actualit\u00e9 sportive\",\"publisher\":{\"@id\":\"https:\/\/dicodusport.fr\/blog\/#organization\"},\"potentialAction\":[{\"@type\":\"SearchAction\",\"target\":{\"@type\":\"EntryPoint\",\"urlTemplate\":\"https:\/\/dicodusport.fr\/blog\/?s={search_term_string}\"},\"query-input\":{\"@type\":\"PropertyValueSpecification\",\"valueRequired\":true,\"valueName\":\"search_term_string\"}}],\"inLanguage\":\"fr-FR\"},{\"@type\":\"NewsMediaOrganization\",\"@id\":\"https:\/\/dicodusport.fr\/blog\/#organization\",\"name\":\"Dicodusport\",\"url\":\"https:\/\/dicodusport.fr\/blog\/\",\"logo\":{\"@type\":\"ImageObject\",\"inLanguage\":\"fr-FR\",\"@id\":\"https:\/\/dicodusport.fr\/blog\/#\/schema\/logo\/image\/\",\"url\":\"https:\/\/dicodusport.fr\/blog\/wp-content\/uploads\/2020\/06\/cropped-LOGO-DICODUSPORT-2020-SANS-FOND-SANS-TEXTE.png\",\"contentUrl\":\"https:\/\/dicodusport.fr\/blog\/wp-content\/uploads\/2020\/06\/cropped-LOGO-DICODUSPORT-2020-SANS-FOND-SANS-TEXTE.png\",\"width\":512,\"height\":512,\"caption\":\"Dicodusport\"},\"image\":{\"@id\":\"https:\/\/dicodusport.fr\/blog\/#\/schema\/logo\/image\/\"},\"sameAs\":[\"https:\/\/www.facebook.com\/dicodusport\",\"https:\/\/x.com\/dicodusport\",\"https:\/\/www.instagram.com\/dicodusport\/\",\"https:\/\/www.youtube.com\/channel\/UC7V2KZ5sd3htJivAbA4ZG3w\"],\"description\":\"Dicodusport est l'encyclop\u00e9die de l'actualit\u00e9 sportive.\",\"email\":\"bonjour@dicodusport.fr\",\"legalName\":\"DICODUSPORT\",\"foundingDate\":\"2018-01-14\",\"vatID\":\"FR71834470973\",\"taxID\":\"83447097300043\",\"numberOfEmployees\":{\"@type\":\"QuantitativeValue\",\"minValue\":\"1\",\"maxValue\":\"10\"}},{\"@type\":\"Person\",\"@id\":\"https:\/\/dicodusport.fr\/blog\/#\/schema\/person\/6db4bae06b171592211be385b32876a7\",\"name\":\"Emilien Descampiaux\",\"image\":{\"@type\":\"ImageObject\",\"inLanguage\":\"fr-FR\",\"@id\":\"https:\/\/dicodusport.fr\/blog\/#\/schema\/person\/image\/\",\"url\":\"https:\/\/dicodusport.fr\/blog\/wp-content\/uploads\/2021\/05\/Emilien-Descampiaux-150x150.jpg\",\"contentUrl\":\"https:\/\/dicodusport.fr\/blog\/wp-content\/uploads\/2021\/05\/Emilien-Descampiaux-150x150.jpg\",\"caption\":\"Emilien Descampiaux\"},\"description\":\"Journaliste\/r\u00e9dacteur depuis 2014 - Fan de la classe de Frank Vandenbroucke, je vis cyclisme (et de ses paysages) depuis plus de 20 ans. Je suis tr\u00e8s impliqu\u00e9 sur mes diff\u00e9rents r\u00e9seaux sociaux pour partager ma passion sur le monde et l'Histoire de la bicyclette avec ma voix sur les images en noir et blanc du succ\u00e8s de Rik Van Steenbergen lors du Ronde sur le V\u00e9lodrome de Gand.\",\"sameAs\":[\"https:\/\/www.facebook.com\/groups\/LesRoisDuPeloton\",\"https:\/\/x.com\/https:\/\/twitter.com\/LRoisDuPeloton\"],\"url\":\"https:\/\/dicodusport.fr\/blog\/author\/emiliend\/\"}]}<\/script>\n<!-- \/ Yoast SEO Premium plugin. -->","yoast_head_json":{"title":"Tour de France 2024 : H\u00e9ro\u00efque, K\u00e9vin Vauquelin s'adjuge la 2\u00e8me \u00e9tape","description":"TOUR DE FRANCE 2024 - Issu de l'\u00e9chapp\u00e9e du jour, K\u00e9vin Vauquelin (Ark\u00e9a B&B H\u00f4tels) a gagn\u00e9 sur la deuxi\u00e8me \u00e9tape \u00e0\u00a0Bologne, dimanche.\u00a0","robots":{"index":"index","follow":"follow","max-snippet":"max-snippet:-1","max-image-preview":"max-image-preview:large","max-video-preview":"max-video-preview:-1"},"canonical":"https:\/\/dicodusport.fr\/blog\/tour-de-france-2024-heroique-kevin-vauquelin-sadjuge-la-2eme-etape\/","og_locale":"fr_FR","og_type":"article","og_title":"Tour de France 2024 : H\u00e9ro\u00efque, K\u00e9vin Vauquelin s'adjuge la 2\u00e8me \u00e9tape","og_description":"TOUR DE FRANCE 2024 - Issu de l'\u00e9chapp\u00e9e du jour, K\u00e9vin Vauquelin (Ark\u00e9a B&B H\u00f4tels) a gagn\u00e9 sur la deuxi\u00e8me \u00e9tape \u00e0\u00a0Bologne, dimanche.\u00a0","og_url":"https:\/\/dicodusport.fr\/blog\/tour-de-france-2024-heroique-kevin-vauquelin-sadjuge-la-2eme-etape\/","og_site_name":"Dicodusport","article_publisher":"https:\/\/www.facebook.com\/dicodusport","article_author":"https:\/\/www.facebook.com\/groups\/LesRoisDuPeloton","article_published_time":"2024-06-30T15:24:04+00:00","article_modified_time":"2024-06-30T16:05:51+00:00","og_image":[{"width":1200,"height":674,"url":"https:\/\/dicodusport.fr\/blog\/wp-content\/uploads\/2024\/06\/Tour-de-France-2024-Heroique-Kevin-Vauquelin-sadjuge-la-2eme-etape-1.png","type":"image\/png"}],"author":"Emilien Descampiaux","twitter_card":"summary_large_image","twitter_title":"Tour de France 2024 : H\u00e9ro\u00efque, K\u00e9vin Vauquelin s'adjuge la 2\u00e8me \u00e9tape","twitter_creator":"@https:\/\/twitter.com\/LRoisDuPeloton","twitter_site":"@dicodusport","schema":{"@context":"https:\/\/schema.org","@graph":[{"@type":"NewsArticle","@id":"https:\/\/dicodusport.fr\/blog\/tour-de-france-2024-heroique-kevin-vauquelin-sadjuge-la-2eme-etape\/#article","isPartOf":{"@id":"https:\/\/dicodusport.fr\/blog\/tour-de-france-2024-heroique-kevin-vauquelin-sadjuge-la-2eme-etape\/"},"author":{"name":"Emilien Descampiaux","@id":"https:\/\/dicodusport.fr\/blog\/#\/schema\/person\/6db4bae06b171592211be385b32876a7"},"headline":"Tour de France 2024 : H\u00e9ro\u00efque, K\u00e9vin Vauquelin s&rsquo;adjuge la 2\u00e8me \u00e9tape","datePublished":"2024-06-30T15:24:04+00:00","dateModified":"2024-06-30T16:05:51+00:00","mainEntityOfPage":{"@id":"https:\/\/dicodusport.fr\/blog\/tour-de-france-2024-heroique-kevin-vauquelin-sadjuge-la-2eme-etape\/"},"wordCount":981,"commentCount":0,"publisher":{"@id":"https:\/\/dicodusport.fr\/blog\/#organization"},"image":{"@id":"https:\/\/dicodusport.fr\/blog\/tour-de-france-2024-heroique-kevin-vauquelin-sadjuge-la-2eme-etape\/#primaryimage"},"thumbnailUrl":"https:\/\/dicodusport.fr\/blog\/wp-content\/uploads\/2024\/06\/Tour-de-France-2024-Heroique-Kevin-Vauquelin-sadjuge-la-2eme-etape-1.png","keywords":["br\u00e8ve","sport","Tour de France"],"articleSection":["Tour de France"],"inLanguage":"fr-FR","potentialAction":[{"@type":"CommentAction","name":"Comment","target":["https:\/\/dicodusport.fr\/blog\/tour-de-france-2024-heroique-kevin-vauquelin-sadjuge-la-2eme-etape\/#respond"]}],"copyrightYear":"2024","copyrightHolder":{"@id":"https:\/\/dicodusport.fr\/blog\/#organization"}},{"@type":"WebPage","@id":"https:\/\/dicodusport.fr\/blog\/tour-de-france-2024-heroique-kevin-vauquelin-sadjuge-la-2eme-etape\/","url":"https:\/\/dicodusport.fr\/blog\/tour-de-france-2024-heroique-kevin-vauquelin-sadjuge-la-2eme-etape\/","name":"Tour de France 2024 : H\u00e9ro\u00efque, K\u00e9vin Vauquelin s'adjuge la 2\u00e8me \u00e9tape","isPartOf":{"@id":"https:\/\/dicodusport.fr\/blog\/#website"},"primaryImageOfPage":{"@id":"https:\/\/dicodusport.fr\/blog\/tour-de-france-2024-heroique-kevin-vauquelin-sadjuge-la-2eme-etape\/#primaryimage"},"image":{"@id":"https:\/\/dicodusport.fr\/blog\/tour-de-france-2024-heroique-kevin-vauquelin-sadjuge-la-2eme-etape\/#primaryimage"},"thumbnailUrl":"https:\/\/dicodusport.fr\/blog\/wp-content\/uploads\/2024\/06\/Tour-de-France-2024-Heroique-Kevin-Vauquelin-sadjuge-la-2eme-etape-1.png","datePublished":"2024-06-30T15:24:04+00:00","dateModified":"2024-06-30T16:05:51+00:00","description":"TOUR DE FRANCE 2024 - Issu de l'\u00e9chapp\u00e9e du jour, K\u00e9vin Vauquelin (Ark\u00e9a B&B H\u00f4tels) a gagn\u00e9 sur la deuxi\u00e8me \u00e9tape \u00e0\u00a0Bologne, dimanche.\u00a0","breadcrumb":{"@id":"https:\/\/dicodusport.fr\/blog\/tour-de-france-2024-heroique-kevin-vauquelin-sadjuge-la-2eme-etape\/#breadcrumb"},"inLanguage":"fr-FR","potentialAction":[{"@type":"ReadAction","target":["https:\/\/dicodusport.fr\/blog\/tour-de-france-2024-heroique-kevin-vauquelin-sadjuge-la-2eme-etape\/"]}]},{"@type":"ImageObject","inLanguage":"fr-FR","@id":"https:\/\/dicodusport.fr\/blog\/tour-de-france-2024-heroique-kevin-vauquelin-sadjuge-la-2eme-etape\/#primaryimage","url":"https:\/\/dicodusport.fr\/blog\/wp-content\/uploads\/2024\/06\/Tour-de-France-2024-Heroique-Kevin-Vauquelin-sadjuge-la-2eme-etape-1.png","contentUrl":"https:\/\/dicodusport.fr\/blog\/wp-content\/uploads\/2024\/06\/Tour-de-France-2024-Heroique-Kevin-Vauquelin-sadjuge-la-2eme-etape-1.png","width":1200,"height":674,"caption":"Tour de France 2024 - H\u00e9roique, K\u00e9vin Vauquelin s\u2019adjuge la 2\u00e8me \u00e9tape - Photo Icon Sport"},{"@type":"BreadcrumbList","@id":"https:\/\/dicodusport.fr\/blog\/tour-de-france-2024-heroique-kevin-vauquelin-sadjuge-la-2eme-etape\/#breadcrumb","itemListElement":[{"@type":"ListItem","position":1,"name":"Accueil","item":"https:\/\/dicodusport.fr\/blog\/"},{"@type":"ListItem","position":2,"name":"Tour de France 2024 : H\u00e9ro\u00efque, K\u00e9vin Vauquelin s&rsquo;adjuge la 2\u00e8me \u00e9tape"}]},{"@type":"WebSite","@id":"https:\/\/dicodusport.fr\/blog\/#website","url":"https:\/\/dicodusport.fr\/blog\/","name":"Dicodusport","description":"L&#039;encyclop\u00e9die de l&#039;actualit\u00e9 sportive","publisher":{"@id":"https:\/\/dicodusport.fr\/blog\/#organization"},"potentialAction":[{"@type":"SearchAction","target":{"@type":"EntryPoint","urlTemplate":"https:\/\/dicodusport.fr\/blog\/?s={search_term_string}"},"query-input":{"@type":"PropertyValueSpecification","valueRequired":true,"valueName":"search_term_string"}}],"inLanguage":"fr-FR"},{"@type":"NewsMediaOrganization","@id":"https:\/\/dicodusport.fr\/blog\/#organization","name":"Dicodusport","url":"https:\/\/dicodusport.fr\/blog\/","logo":{"@type":"ImageObject","inLanguage":"fr-FR","@id":"https:\/\/dicodusport.fr\/blog\/#\/schema\/logo\/image\/","url":"https:\/\/dicodusport.fr\/blog\/wp-content\/uploads\/2020\/06\/cropped-LOGO-DICODUSPORT-2020-SANS-FOND-SANS-TEXTE.png","contentUrl":"https:\/\/dicodusport.fr\/blog\/wp-content\/uploads\/2020\/06\/cropped-LOGO-DICODUSPORT-2020-SANS-FOND-SANS-TEXTE.png","width":512,"height":512,"caption":"Dicodusport"},"image":{"@id":"https:\/\/dicodusport.fr\/blog\/#\/schema\/logo\/image\/"},"sameAs":["https:\/\/www.facebook.com\/dicodusport","https:\/\/x.com\/dicodusport","https:\/\/www.instagram.com\/dicodusport\/","https:\/\/www.youtube.com\/channel\/UC7V2KZ5sd3htJivAbA4ZG3w"],"description":"Dicodusport est l'encyclop\u00e9die de l'actualit\u00e9 sportive.","email":"bonjour@dicodusport.fr","legalName":"DICODUSPORT","foundingDate":"2018-01-14","vatID":"FR71834470973","taxID":"83447097300043","numberOfEmployees":{"@type":"QuantitativeValue","minValue":"1","maxValue":"10"}},{"@type":"Person","@id":"https:\/\/dicodusport.fr\/blog\/#\/schema\/person\/6db4bae06b171592211be385b32876a7","name":"Emilien Descampiaux","image":{"@type":"ImageObject","inLanguage":"fr-FR","@id":"https:\/\/dicodusport.fr\/blog\/#\/schema\/person\/image\/","url":"https:\/\/dicodusport.fr\/blog\/wp-content\/uploads\/2021\/05\/Emilien-Descampiaux-150x150.jpg","contentUrl":"https:\/\/dicodusport.fr\/blog\/wp-content\/uploads\/2021\/05\/Emilien-Descampiaux-150x150.jpg","caption":"Emilien Descampiaux"},"description":"Journaliste\/r\u00e9dacteur depuis 2014 - Fan de la classe de Frank Vandenbroucke, je vis cyclisme (et de ses paysages) depuis plus de 20 ans. Je suis tr\u00e8s impliqu\u00e9 sur mes diff\u00e9rents r\u00e9seaux sociaux pour partager ma passion sur le monde et l'Histoire de la bicyclette avec ma voix sur les images en noir et blanc du succ\u00e8s de Rik Van Steenbergen lors du Ronde sur le V\u00e9lodrome de Gand.","sameAs":["https:\/\/www.facebook.com\/groups\/LesRoisDuPeloton","https:\/\/x.com\/https:\/\/twitter.com\/LRoisDuPeloton"],"url":"https:\/\/dicodusport.fr\/blog\/author\/emiliend\/"}]}},"_links":{"self":[{"href":"https:\/\/dicodusport.fr\/blog\/wp-json\/wp\/v2\/posts\/496856","targetHints":{"allow":["GET"]}}],"collection":[{"href":"https:\/\/dicodusport.fr\/blog\/wp-json\/wp\/v2\/posts"}],"about":[{"href":"https:\/\/dicodusport.fr\/blog\/wp-json\/wp\/v2\/types\/post"}],"author":[{"embeddable":true,"href":"https:\/\/dicodusport.fr\/blog\/wp-json\/wp\/v2\/users\/48"}],"replies":[{"embeddable":true,"href":"https:\/\/dicodusport.fr\/blog\/wp-json\/wp\/v2\/comments?post=496856"}],"version-history":[{"count":5,"href":"https:\/\/dicodusport.fr\/blog\/wp-json\/wp\/v2\/posts\/496856\/revisions"}],"predecessor-version":[{"id":496943,"href":"https:\/\/dicodusport.fr\/blog\/wp-json\/wp\/v2\/posts\/496856\/revisions\/496943"}],"wp:featuredmedia":[{"embeddable":true,"href":"https:\/\/dicodusport.fr\/blog\/wp-json\/wp\/v2\/media\/496920"}],"wp:attachment":[{"href":"https:\/\/dicodusport.fr\/blog\/wp-json\/wp\/v2\/media?parent=496856"}],"wp:term":[{"taxonomy":"category","embeddable":true,"href":"https:\/\/dicodusport.fr\/blog\/wp-json\/wp\/v2\/categories?post=496856"},{"taxonomy":"post_tag","embeddable":true,"href":"https:\/\/dicodusport.fr\/blog\/wp-json\/wp\/v2\/tags?post=496856"}],"curies":[{"name":"wp","href":"https:\/\/api.w.org\/{rel}","templated":true}]}}