{"id":497110,"date":"2024-07-01T16:56:05","date_gmt":"2024-07-01T14:56:05","guid":{"rendered":"https:\/\/dicodusport.fr\/blog\/?p=497110&#038;preview=true&#038;preview_id=497110"},"modified":"2024-07-01T17:43:33","modified_gmt":"2024-07-01T15:43:33","slug":"france-belgique-la-composition-des-bleus","status":"publish","type":"post","link":"https:\/\/dicodusport.fr\/blog\/france-belgique-la-composition-des-bleus\/","title":{"rendered":"France &#8211; Belgique : La composition des Bleus"},"content":{"rendered":"<p style=\"text-align: justify;\" align=\"justify\"><em><b><a href=\"https:\/\/dicodusport.fr\/blog\/actualites\/football\/euro-2024-football\/\">EURO 2024 DE FOOTBALL<\/a> &#8211; Didier Deschamps a d\u00e9cid\u00e9 de mettre en place un 4-4-2 losange pour affronter la Belgique.<\/b><\/em><\/p>\n<ul style=\"text-align: justify;\">\n<li><strong>\u00c0 ce sujet &#8211; <a href=\"https:\/\/dicodusport.fr\/blog\/france-belgique-chaine-tv-heure-et-cotes-du-8eme-de-finale-de-leuro-2024\/\" target=\"_blank\" rel=\"noopener\">France \u2013 Belgique : Cha\u00eene TV, Heure et Cotes du 8\u00e8me de finale de l\u2019Euro 2024<\/a><\/strong><\/li>\n<\/ul>\n<p style=\"text-align: justify;\" align=\"justify\"><strong>Ousmane<\/strong> <strong>Demb\u00e9l\u00e9<\/strong> fait donc les frais du changement de syst\u00e8me de <strong>Didier<\/strong> <strong>Deschamps<\/strong>. L&rsquo;attaquant du <strong>Paris<\/strong> <strong>Saint-Germain<\/strong> sera sur le banc au coup d&rsquo;envoi. Le s\u00e9lectionneur des Bleus a d\u00e9cid\u00e9 d&rsquo;aligner <strong>Marcus<\/strong> <strong>Thuram<\/strong> avec <strong>Kylian<\/strong> <strong>Mbapp\u00e9<\/strong> en attaque. <strong>Antoine<\/strong> <strong>Griezmann<\/strong> sera en soutien des deux attaquants dans un milieu en losange.<\/p>\n<ul style=\"text-align: justify;\">\n<li><strong>\u00c0 ce sujet &#8211; <a href=\"https:\/\/dicodusport.fr\/blog\/pronostic-france-belgique-cotes-analyse-et-conseil\/\" target=\"_blank\" rel=\"noopener\">Pronostic France \u2013 Belgique : Cotes, analyse et conseil<\/a><\/strong><strong><br \/>\n<\/strong><\/li>\n<\/ul>\n<p style=\"text-align: justify;\"><strong>N&rsquo;Golo<\/strong> <strong>Kant\u00e9<\/strong>, <strong>Aur\u00e9lien<\/strong> <strong>Tchouam\u00e9ni<\/strong> et Adrien Rabiot seront au milieu de terrain. Pas de surprise en d\u00e9fense avec les quatre m\u00eames que lors de la phase de groupes.<\/p>\n<h2 style=\"text-align: justify;\" align=\"justify\">La composition des Bleus pour affronter la Belgique<\/h2>\n<p style=\"text-align: justify;\">Maignan \u2013 Kound\u00e9, Saliba, Upamecano, T.Hernandez \u2013 Kant\u00e9, Tchouam\u00e9ni, Rabiot &#8211; Griezmann &#8211; Thuram, Mbapp\u00e9.<\/p>\n","protected":false},"excerpt":{"rendered":"<p>EURO 2024 DE FOOTBALL &#8211; Didier Deschamps a d\u00e9cid\u00e9 de mettre en place un 4-4-2 losange pour affronter la Belgique.<\/p>\n","protected":false},"author":1,"featured_media":497112,"comment_status":"open","ping_status":"closed","sticky":false,"template":"","format":"standard","meta":{"_acf_changed":false,"_daextam_enable_autolinks":"1","footnotes":""},"categories":[47044],"tags":[16878,7276,6966,75,30],"class_list":["post-497110","post","type-post","status-publish","format-standard","has-post-thumbnail","hentry","category-euro-de-football","tag-breve","tag-composition-france","tag-equipe-de-france-de-football","tag-football","tag-france"],"acf":[],"yoast_head":"<!-- This site is optimized with the Yoast SEO Premium plugin v26.7 (Yoast SEO v26.7) - https:\/\/yoast.com\/wordpress\/plugins\/seo\/ -->\n<title>France - Belgique : La composition des Bleus<\/title>\n<meta name=\"description\" content=\"EURO 2024 DE FOOTBALL - Didier Deschamps a d\u00e9cid\u00e9 de mettre en place un 4-4-2 losange pour affronter la Belgique.\" \/>\n<meta name=\"robots\" content=\"index, follow, max-snippet:-1, max-image-preview:large, max-video-preview:-1\" \/>\n<link rel=\"canonical\" href=\"https:\/\/dicodusport.fr\/blog\/france-belgique-la-composition-des-bleus\/\" \/>\n<meta property=\"og:locale\" content=\"fr_FR\" \/>\n<meta property=\"og:type\" content=\"article\" \/>\n<meta property=\"og:title\" content=\"France - Belgique : La composition des Bleus\" \/>\n<meta property=\"og:description\" content=\"EURO 2024 DE FOOTBALL - Didier Deschamps a d\u00e9cid\u00e9 de mettre en place un 4-4-2 losange pour affronter la Belgique.\" \/>\n<meta property=\"og:url\" content=\"https:\/\/dicodusport.fr\/blog\/france-belgique-la-composition-des-bleus\/\" \/>\n<meta property=\"og:site_name\" content=\"Dicodusport\" \/>\n<meta property=\"article:publisher\" content=\"https:\/\/www.facebook.com\/dicodusport\" \/>\n<meta property=\"article:author\" content=\"https:\/\/www.facebook.com\/dicodusport\" \/>\n<meta property=\"article:published_time\" content=\"2024-07-01T14:56:05+00:00\" \/>\n<meta property=\"article:modified_time\" content=\"2024-07-01T15:43:33+00:00\" \/>\n<meta property=\"og:image\" content=\"https:\/\/dicodusport.fr\/blog\/wp-content\/uploads\/2024\/07\/France-Belgique-La-composition-des-Bleus.png\" \/>\n\t<meta property=\"og:image:width\" content=\"1200\" \/>\n\t<meta property=\"og:image:height\" content=\"674\" \/>\n\t<meta property=\"og:image:type\" content=\"image\/png\" \/>\n<meta name=\"author\" content=\"Nicolas Jacquemard\" \/>\n<meta name=\"twitter:card\" content=\"summary_large_image\" \/>\n<meta name=\"twitter:title\" content=\"France - Belgique : La composition des Bleus\" \/>\n<meta name=\"twitter:creator\" content=\"@https:\/\/twitter.com\/Nico_Jacquemard\" \/>\n<meta name=\"twitter:site\" content=\"@dicodusport\" \/>\n<script type=\"application\/ld+json\" class=\"yoast-schema-graph\">{\"@context\":\"https:\/\/schema.org\",\"@graph\":[{\"@type\":\"NewsArticle\",\"@id\":\"https:\/\/dicodusport.fr\/blog\/france-belgique-la-composition-des-bleus\/#article\",\"isPartOf\":{\"@id\":\"https:\/\/dicodusport.fr\/blog\/france-belgique-la-composition-des-bleus\/\"},\"author\":{\"name\":\"Nicolas Jacquemard\",\"@id\":\"https:\/\/dicodusport.fr\/blog\/#\/schema\/person\/55dcb50ad410894e431ed812bbb70191\"},\"headline\":\"France &#8211; Belgique : La composition des Bleus\",\"datePublished\":\"2024-07-01T14:56:05+00:00\",\"dateModified\":\"2024-07-01T15:43:33+00:00\",\"mainEntityOfPage\":{\"@id\":\"https:\/\/dicodusport.fr\/blog\/france-belgique-la-composition-des-bleus\/\"},\"wordCount\":170,\"commentCount\":0,\"publisher\":{\"@id\":\"https:\/\/dicodusport.fr\/blog\/#organization\"},\"image\":{\"@id\":\"https:\/\/dicodusport.fr\/blog\/france-belgique-la-composition-des-bleus\/#primaryimage\"},\"thumbnailUrl\":\"https:\/\/dicodusport.fr\/blog\/wp-content\/uploads\/2024\/07\/France-Belgique-La-composition-des-Bleus.png\",\"keywords\":[\"br\u00e8ve\",\"Composition France\",\"Equipe de France de football\",\"Football\",\"France\"],\"articleSection\":[\"Euro de football\"],\"inLanguage\":\"fr-FR\",\"potentialAction\":[{\"@type\":\"CommentAction\",\"name\":\"Comment\",\"target\":[\"https:\/\/dicodusport.fr\/blog\/france-belgique-la-composition-des-bleus\/#respond\"]}],\"copyrightYear\":\"2024\",\"copyrightHolder\":{\"@id\":\"https:\/\/dicodusport.fr\/blog\/#organization\"}},{\"@type\":\"WebPage\",\"@id\":\"https:\/\/dicodusport.fr\/blog\/france-belgique-la-composition-des-bleus\/\",\"url\":\"https:\/\/dicodusport.fr\/blog\/france-belgique-la-composition-des-bleus\/\",\"name\":\"France - Belgique : La composition des Bleus\",\"isPartOf\":{\"@id\":\"https:\/\/dicodusport.fr\/blog\/#website\"},\"primaryImageOfPage\":{\"@id\":\"https:\/\/dicodusport.fr\/blog\/france-belgique-la-composition-des-bleus\/#primaryimage\"},\"image\":{\"@id\":\"https:\/\/dicodusport.fr\/blog\/france-belgique-la-composition-des-bleus\/#primaryimage\"},\"thumbnailUrl\":\"https:\/\/dicodusport.fr\/blog\/wp-content\/uploads\/2024\/07\/France-Belgique-La-composition-des-Bleus.png\",\"datePublished\":\"2024-07-01T14:56:05+00:00\",\"dateModified\":\"2024-07-01T15:43:33+00:00\",\"description\":\"EURO 2024 DE FOOTBALL - Didier Deschamps a d\u00e9cid\u00e9 de mettre en place un 4-4-2 losange pour affronter la Belgique.\",\"breadcrumb\":{\"@id\":\"https:\/\/dicodusport.fr\/blog\/france-belgique-la-composition-des-bleus\/#breadcrumb\"},\"inLanguage\":\"fr-FR\",\"potentialAction\":[{\"@type\":\"ReadAction\",\"target\":[\"https:\/\/dicodusport.fr\/blog\/france-belgique-la-composition-des-bleus\/\"]}]},{\"@type\":\"ImageObject\",\"inLanguage\":\"fr-FR\",\"@id\":\"https:\/\/dicodusport.fr\/blog\/france-belgique-la-composition-des-bleus\/#primaryimage\",\"url\":\"https:\/\/dicodusport.fr\/blog\/wp-content\/uploads\/2024\/07\/France-Belgique-La-composition-des-Bleus.png\",\"contentUrl\":\"https:\/\/dicodusport.fr\/blog\/wp-content\/uploads\/2024\/07\/France-Belgique-La-composition-des-Bleus.png\",\"width\":1200,\"height\":674},{\"@type\":\"BreadcrumbList\",\"@id\":\"https:\/\/dicodusport.fr\/blog\/france-belgique-la-composition-des-bleus\/#breadcrumb\",\"itemListElement\":[{\"@type\":\"ListItem\",\"position\":1,\"name\":\"Accueil\",\"item\":\"https:\/\/dicodusport.fr\/blog\/\"},{\"@type\":\"ListItem\",\"position\":2,\"name\":\"France &#8211; Belgique : La composition des Bleus\"}]},{\"@type\":\"WebSite\",\"@id\":\"https:\/\/dicodusport.fr\/blog\/#website\",\"url\":\"https:\/\/dicodusport.fr\/blog\/\",\"name\":\"Dicodusport\",\"description\":\"L&#039;encyclop\u00e9die de l&#039;actualit\u00e9 sportive\",\"publisher\":{\"@id\":\"https:\/\/dicodusport.fr\/blog\/#organization\"},\"potentialAction\":[{\"@type\":\"SearchAction\",\"target\":{\"@type\":\"EntryPoint\",\"urlTemplate\":\"https:\/\/dicodusport.fr\/blog\/?s={search_term_string}\"},\"query-input\":{\"@type\":\"PropertyValueSpecification\",\"valueRequired\":true,\"valueName\":\"search_term_string\"}}],\"inLanguage\":\"fr-FR\"},{\"@type\":\"NewsMediaOrganization\",\"@id\":\"https:\/\/dicodusport.fr\/blog\/#organization\",\"name\":\"Dicodusport\",\"url\":\"https:\/\/dicodusport.fr\/blog\/\",\"logo\":{\"@type\":\"ImageObject\",\"inLanguage\":\"fr-FR\",\"@id\":\"https:\/\/dicodusport.fr\/blog\/#\/schema\/logo\/image\/\",\"url\":\"https:\/\/dicodusport.fr\/blog\/wp-content\/uploads\/2020\/06\/cropped-LOGO-DICODUSPORT-2020-SANS-FOND-SANS-TEXTE.png\",\"contentUrl\":\"https:\/\/dicodusport.fr\/blog\/wp-content\/uploads\/2020\/06\/cropped-LOGO-DICODUSPORT-2020-SANS-FOND-SANS-TEXTE.png\",\"width\":512,\"height\":512,\"caption\":\"Dicodusport\"},\"image\":{\"@id\":\"https:\/\/dicodusport.fr\/blog\/#\/schema\/logo\/image\/\"},\"sameAs\":[\"https:\/\/www.facebook.com\/dicodusport\",\"https:\/\/x.com\/dicodusport\",\"https:\/\/www.instagram.com\/dicodusport\/\",\"https:\/\/www.youtube.com\/channel\/UC7V2KZ5sd3htJivAbA4ZG3w\"],\"description\":\"Dicodusport est l'encyclop\u00e9die de l'actualit\u00e9 sportive.\",\"email\":\"bonjour@dicodusport.fr\",\"legalName\":\"DICODUSPORT\",\"foundingDate\":\"2018-01-14\",\"vatID\":\"FR71834470973\",\"taxID\":\"83447097300043\",\"numberOfEmployees\":{\"@type\":\"QuantitativeValue\",\"minValue\":\"1\",\"maxValue\":\"10\"}},{\"@type\":\"Person\",\"@id\":\"https:\/\/dicodusport.fr\/blog\/#\/schema\/person\/55dcb50ad410894e431ed812bbb70191\",\"name\":\"Nicolas Jacquemard\",\"image\":{\"@type\":\"ImageObject\",\"inLanguage\":\"fr-FR\",\"@id\":\"https:\/\/dicodusport.fr\/blog\/#\/schema\/person\/image\/\",\"url\":\"https:\/\/dicodusport.fr\/blog\/wp-content\/uploads\/2021\/05\/Nicolas-Jacquemard-150x150.jpeg\",\"contentUrl\":\"https:\/\/dicodusport.fr\/blog\/wp-content\/uploads\/2021\/05\/Nicolas-Jacquemard-150x150.jpeg\",\"caption\":\"Nicolas Jacquemard\"},\"description\":\"Passionn\u00e9 de sport et entrepreneur depuis mes 18 ans, la cr\u00e9ation de Dicodusport m'a sembl\u00e9 \u00e9vidente pour participer \u00e0 la m\u00e9diatisation d'un plus grand nombre de sports. Le chemin est long mais avec une \u00e9quipe des plus motiv\u00e9es et les Jeux Olympiques de Paris 2024 en point de mire, nous y arriverons ! Journaliste dans le monde du sport depuis plus de 5 ans, je traite aussi bien de football, de rugby, de biathlon que de cyclisme.\",\"sameAs\":[\"https:\/\/www.facebook.com\/dicodusport\",\"https:\/\/x.com\/https:\/\/twitter.com\/Nico_Jacquemard\"],\"url\":\"https:\/\/dicodusport.fr\/blog\/author\/dicodusport\/\"}]}<\/script>\n<!-- \/ Yoast SEO Premium plugin. -->","yoast_head_json":{"title":"France - Belgique : La composition des Bleus","description":"EURO 2024 DE FOOTBALL - Didier Deschamps a d\u00e9cid\u00e9 de mettre en place un 4-4-2 losange pour affronter la Belgique.","robots":{"index":"index","follow":"follow","max-snippet":"max-snippet:-1","max-image-preview":"max-image-preview:large","max-video-preview":"max-video-preview:-1"},"canonical":"https:\/\/dicodusport.fr\/blog\/france-belgique-la-composition-des-bleus\/","og_locale":"fr_FR","og_type":"article","og_title":"France - Belgique : La composition des Bleus","og_description":"EURO 2024 DE FOOTBALL - Didier Deschamps a d\u00e9cid\u00e9 de mettre en place un 4-4-2 losange pour affronter la Belgique.","og_url":"https:\/\/dicodusport.fr\/blog\/france-belgique-la-composition-des-bleus\/","og_site_name":"Dicodusport","article_publisher":"https:\/\/www.facebook.com\/dicodusport","article_author":"https:\/\/www.facebook.com\/dicodusport","article_published_time":"2024-07-01T14:56:05+00:00","article_modified_time":"2024-07-01T15:43:33+00:00","og_image":[{"width":1200,"height":674,"url":"https:\/\/dicodusport.fr\/blog\/wp-content\/uploads\/2024\/07\/France-Belgique-La-composition-des-Bleus.png","type":"image\/png"}],"author":"Nicolas Jacquemard","twitter_card":"summary_large_image","twitter_title":"France - Belgique : La composition des Bleus","twitter_creator":"@https:\/\/twitter.com\/Nico_Jacquemard","twitter_site":"@dicodusport","schema":{"@context":"https:\/\/schema.org","@graph":[{"@type":"NewsArticle","@id":"https:\/\/dicodusport.fr\/blog\/france-belgique-la-composition-des-bleus\/#article","isPartOf":{"@id":"https:\/\/dicodusport.fr\/blog\/france-belgique-la-composition-des-bleus\/"},"author":{"name":"Nicolas Jacquemard","@id":"https:\/\/dicodusport.fr\/blog\/#\/schema\/person\/55dcb50ad410894e431ed812bbb70191"},"headline":"France &#8211; Belgique : La composition des Bleus","datePublished":"2024-07-01T14:56:05+00:00","dateModified":"2024-07-01T15:43:33+00:00","mainEntityOfPage":{"@id":"https:\/\/dicodusport.fr\/blog\/france-belgique-la-composition-des-bleus\/"},"wordCount":170,"commentCount":0,"publisher":{"@id":"https:\/\/dicodusport.fr\/blog\/#organization"},"image":{"@id":"https:\/\/dicodusport.fr\/blog\/france-belgique-la-composition-des-bleus\/#primaryimage"},"thumbnailUrl":"https:\/\/dicodusport.fr\/blog\/wp-content\/uploads\/2024\/07\/France-Belgique-La-composition-des-Bleus.png","keywords":["br\u00e8ve","Composition France","Equipe de France de football","Football","France"],"articleSection":["Euro de football"],"inLanguage":"fr-FR","potentialAction":[{"@type":"CommentAction","name":"Comment","target":["https:\/\/dicodusport.fr\/blog\/france-belgique-la-composition-des-bleus\/#respond"]}],"copyrightYear":"2024","copyrightHolder":{"@id":"https:\/\/dicodusport.fr\/blog\/#organization"}},{"@type":"WebPage","@id":"https:\/\/dicodusport.fr\/blog\/france-belgique-la-composition-des-bleus\/","url":"https:\/\/dicodusport.fr\/blog\/france-belgique-la-composition-des-bleus\/","name":"France - Belgique : La composition des Bleus","isPartOf":{"@id":"https:\/\/dicodusport.fr\/blog\/#website"},"primaryImageOfPage":{"@id":"https:\/\/dicodusport.fr\/blog\/france-belgique-la-composition-des-bleus\/#primaryimage"},"image":{"@id":"https:\/\/dicodusport.fr\/blog\/france-belgique-la-composition-des-bleus\/#primaryimage"},"thumbnailUrl":"https:\/\/dicodusport.fr\/blog\/wp-content\/uploads\/2024\/07\/France-Belgique-La-composition-des-Bleus.png","datePublished":"2024-07-01T14:56:05+00:00","dateModified":"2024-07-01T15:43:33+00:00","description":"EURO 2024 DE FOOTBALL - Didier Deschamps a d\u00e9cid\u00e9 de mettre en place un 4-4-2 losange pour affronter la Belgique.","breadcrumb":{"@id":"https:\/\/dicodusport.fr\/blog\/france-belgique-la-composition-des-bleus\/#breadcrumb"},"inLanguage":"fr-FR","potentialAction":[{"@type":"ReadAction","target":["https:\/\/dicodusport.fr\/blog\/france-belgique-la-composition-des-bleus\/"]}]},{"@type":"ImageObject","inLanguage":"fr-FR","@id":"https:\/\/dicodusport.fr\/blog\/france-belgique-la-composition-des-bleus\/#primaryimage","url":"https:\/\/dicodusport.fr\/blog\/wp-content\/uploads\/2024\/07\/France-Belgique-La-composition-des-Bleus.png","contentUrl":"https:\/\/dicodusport.fr\/blog\/wp-content\/uploads\/2024\/07\/France-Belgique-La-composition-des-Bleus.png","width":1200,"height":674},{"@type":"BreadcrumbList","@id":"https:\/\/dicodusport.fr\/blog\/france-belgique-la-composition-des-bleus\/#breadcrumb","itemListElement":[{"@type":"ListItem","position":1,"name":"Accueil","item":"https:\/\/dicodusport.fr\/blog\/"},{"@type":"ListItem","position":2,"name":"France &#8211; Belgique : La composition des Bleus"}]},{"@type":"WebSite","@id":"https:\/\/dicodusport.fr\/blog\/#website","url":"https:\/\/dicodusport.fr\/blog\/","name":"Dicodusport","description":"L&#039;encyclop\u00e9die de l&#039;actualit\u00e9 sportive","publisher":{"@id":"https:\/\/dicodusport.fr\/blog\/#organization"},"potentialAction":[{"@type":"SearchAction","target":{"@type":"EntryPoint","urlTemplate":"https:\/\/dicodusport.fr\/blog\/?s={search_term_string}"},"query-input":{"@type":"PropertyValueSpecification","valueRequired":true,"valueName":"search_term_string"}}],"inLanguage":"fr-FR"},{"@type":"NewsMediaOrganization","@id":"https:\/\/dicodusport.fr\/blog\/#organization","name":"Dicodusport","url":"https:\/\/dicodusport.fr\/blog\/","logo":{"@type":"ImageObject","inLanguage":"fr-FR","@id":"https:\/\/dicodusport.fr\/blog\/#\/schema\/logo\/image\/","url":"https:\/\/dicodusport.fr\/blog\/wp-content\/uploads\/2020\/06\/cropped-LOGO-DICODUSPORT-2020-SANS-FOND-SANS-TEXTE.png","contentUrl":"https:\/\/dicodusport.fr\/blog\/wp-content\/uploads\/2020\/06\/cropped-LOGO-DICODUSPORT-2020-SANS-FOND-SANS-TEXTE.png","width":512,"height":512,"caption":"Dicodusport"},"image":{"@id":"https:\/\/dicodusport.fr\/blog\/#\/schema\/logo\/image\/"},"sameAs":["https:\/\/www.facebook.com\/dicodusport","https:\/\/x.com\/dicodusport","https:\/\/www.instagram.com\/dicodusport\/","https:\/\/www.youtube.com\/channel\/UC7V2KZ5sd3htJivAbA4ZG3w"],"description":"Dicodusport est l'encyclop\u00e9die de l'actualit\u00e9 sportive.","email":"bonjour@dicodusport.fr","legalName":"DICODUSPORT","foundingDate":"2018-01-14","vatID":"FR71834470973","taxID":"83447097300043","numberOfEmployees":{"@type":"QuantitativeValue","minValue":"1","maxValue":"10"}},{"@type":"Person","@id":"https:\/\/dicodusport.fr\/blog\/#\/schema\/person\/55dcb50ad410894e431ed812bbb70191","name":"Nicolas Jacquemard","image":{"@type":"ImageObject","inLanguage":"fr-FR","@id":"https:\/\/dicodusport.fr\/blog\/#\/schema\/person\/image\/","url":"https:\/\/dicodusport.fr\/blog\/wp-content\/uploads\/2021\/05\/Nicolas-Jacquemard-150x150.jpeg","contentUrl":"https:\/\/dicodusport.fr\/blog\/wp-content\/uploads\/2021\/05\/Nicolas-Jacquemard-150x150.jpeg","caption":"Nicolas Jacquemard"},"description":"Passionn\u00e9 de sport et entrepreneur depuis mes 18 ans, la cr\u00e9ation de Dicodusport m'a sembl\u00e9 \u00e9vidente pour participer \u00e0 la m\u00e9diatisation d'un plus grand nombre de sports. Le chemin est long mais avec une \u00e9quipe des plus motiv\u00e9es et les Jeux Olympiques de Paris 2024 en point de mire, nous y arriverons ! Journaliste dans le monde du sport depuis plus de 5 ans, je traite aussi bien de football, de rugby, de biathlon que de cyclisme.","sameAs":["https:\/\/www.facebook.com\/dicodusport","https:\/\/x.com\/https:\/\/twitter.com\/Nico_Jacquemard"],"url":"https:\/\/dicodusport.fr\/blog\/author\/dicodusport\/"}]}},"_links":{"self":[{"href":"https:\/\/dicodusport.fr\/blog\/wp-json\/wp\/v2\/posts\/497110","targetHints":{"allow":["GET"]}}],"collection":[{"href":"https:\/\/dicodusport.fr\/blog\/wp-json\/wp\/v2\/posts"}],"about":[{"href":"https:\/\/dicodusport.fr\/blog\/wp-json\/wp\/v2\/types\/post"}],"author":[{"embeddable":true,"href":"https:\/\/dicodusport.fr\/blog\/wp-json\/wp\/v2\/users\/1"}],"replies":[{"embeddable":true,"href":"https:\/\/dicodusport.fr\/blog\/wp-json\/wp\/v2\/comments?post=497110"}],"version-history":[{"count":4,"href":"https:\/\/dicodusport.fr\/blog\/wp-json\/wp\/v2\/posts\/497110\/revisions"}],"predecessor-version":[{"id":497152,"href":"https:\/\/dicodusport.fr\/blog\/wp-json\/wp\/v2\/posts\/497110\/revisions\/497152"}],"wp:featuredmedia":[{"embeddable":true,"href":"https:\/\/dicodusport.fr\/blog\/wp-json\/wp\/v2\/media\/497112"}],"wp:attachment":[{"href":"https:\/\/dicodusport.fr\/blog\/wp-json\/wp\/v2\/media?parent=497110"}],"wp:term":[{"taxonomy":"category","embeddable":true,"href":"https:\/\/dicodusport.fr\/blog\/wp-json\/wp\/v2\/categories?post=497110"},{"taxonomy":"post_tag","embeddable":true,"href":"https:\/\/dicodusport.fr\/blog\/wp-json\/wp\/v2\/tags?post=497110"}],"curies":[{"name":"wp","href":"https:\/\/api.w.org\/{rel}","templated":true}]}}