{"id":497163,"date":"2024-07-01T18:54:01","date_gmt":"2024-07-01T16:54:01","guid":{"rendered":"https:\/\/dicodusport.fr\/blog\/?p=497163&#038;preview=true&#038;preview_id=497163"},"modified":"2024-07-01T18:57:21","modified_gmt":"2024-07-01T16:57:21","slug":"transferts-mateo-garcia-pourrait-quitter-lubb-pour-un-autre-club-de-top-14","status":"publish","type":"post","link":"https:\/\/dicodusport.fr\/blog\/transferts-mateo-garcia-pourrait-quitter-lubb-pour-un-autre-club-de-top-14\/","title":{"rendered":"Transferts : Mateo Garcia pourrait quitter l&rsquo;UBB pour un autre club de Top 14"},"content":{"rendered":"<p style=\"text-align: justify;\"><strong><em>TOP 14 2024-2025 &#8211; Le Montpellier HR voudrait recruter le demi d&rsquo;ouverture de l&rsquo;Union Bordeaux-B\u00e8gles, Mateo Garcia.\u00a0<\/em><\/strong><\/p>\n<p style=\"text-align: justify;\">Le MHR s&rsquo;active depuis son maintien assur\u00e9 en Top 14. <strong>Bernard<\/strong> <strong>Laporte<\/strong> a notamment d\u00fb se mettre en qu\u00eate de demis d&rsquo;ouverture apr\u00e8s le d\u00e9part de <strong>Louis<\/strong> <strong>Carbonel<\/strong> vers le <strong>Stade<\/strong> <strong>Fran\u00e7ais<\/strong>. <strong>Domingo<\/strong> <strong>Miotti<\/strong> (Oyonnax) et <strong>Thomas<\/strong> <strong>Vincent<\/strong> (Agen) se sont engag\u00e9s avec le club h\u00e9raultais pour plusieurs saisons.<\/p>\n<ul style=\"text-align: justify;\">\n<li style=\"text-align: justify;\"><strong>\u00c0 ce sujet &#8211; <a href=\"https:\/\/dicodusport.fr\/blog\/transferts-clermont-julien-heriteau-signe-en-pro-d2\/\" target=\"_blank\" rel=\"noopener\">Transferts Clermont : Julien H\u00e9riteau signe en Pro D2<\/a><\/strong><\/li>\n<\/ul>\n<h2 style=\"text-align: justify;\">Mateo Garcia pist\u00e9 par le MHR<\/h2>\n<p style=\"text-align: justify;\">Malgr\u00e9 ses deux premiers renforts \u00e0 l&rsquo;ouverture, Montpellier voudrait encore recruter \u00e0 ce poste. Le directeur du rugby du <strong>MHR<\/strong> a pris contact avec l&rsquo;<strong>Union Bordeaux-B\u00e8gles<\/strong> pour tenter de recruter <strong>Mateo<\/strong> <strong>Garcia<\/strong>. Le jeune num\u00e9ro 10 a beaucoup jou\u00e9 cette saison, mais devrait \u00eatre beaucoup plus limit\u00e9 dans les prochains mois.<\/p>\n<p style=\"text-align: justify;\">L&rsquo;UBB s&rsquo;est offert <strong>Joey<\/strong> <strong>Carbery<\/strong> pour venir doubler <strong>Matthieu Jalibert<\/strong>. Ainsi, <strong>Mateo<\/strong> <strong>Garcia<\/strong> devrait donc beaucoup moins jouer s&rsquo;il reste en <strong>Gironde<\/strong>. <strong>Montpellier<\/strong> tente de le recruter, mais rien n&rsquo;est encore act\u00e9. S&rsquo;il devait d\u00e9barquer dans l&rsquo;H\u00e9rault, ce serait en qualit\u00e9 de joueur suppl\u00e9mentaire, puisque le march\u00e9 des mutations vient de refermer ses portes.<\/p>\n<blockquote class=\"twitter-tweet\">\n<p dir=\"ltr\" lang=\"fr\">TOUT L\u00c0-HAUT ! en Une du Midi Olympique<\/p>\n<p>Votre journal &gt; <a href=\"https:\/\/t.co\/cIlUIU6j6V\">https:\/\/t.co\/cIlUIU6j6V<\/a> <a href=\"https:\/\/t.co\/RJWxHV3lby\">pic.twitter.com\/RJWxHV3lby<\/a><\/p>\n<p>\u2014 RUGBYRAMA (@RugbyramaFR) <a href=\"https:\/\/twitter.com\/RugbyramaFR\/status\/1807465371214958953?ref_src=twsrc%5Etfw\">June 30, 2024<\/a><\/p><\/blockquote>\n<p style=\"text-align: justify;\"><script async src=\"https:\/\/platform.twitter.com\/widgets.js\" charset=\"utf-8\"><\/script><\/p>\n","protected":false},"excerpt":{"rendered":"<p>TOP 14 2024-2025 &#8211; Le Montpellier HR voudrait recruter le demi d&rsquo;ouverture de l&rsquo;Union Bordeaux-B\u00e8gles, Mateo Garcia.\u00a0<\/p>\n","protected":false},"author":1,"featured_media":497165,"comment_status":"open","ping_status":"closed","sticky":false,"template":"","format":"standard","meta":{"_acf_changed":false,"_daextam_enable_autolinks":"1","footnotes":""},"categories":[9129,47050],"tags":[16878,1618],"class_list":["post-497163","post","type-post","status-publish","format-standard","has-post-thumbnail","hentry","category-rugby-a-xv","category-top-14","tag-breve","tag-garcia"],"acf":[],"yoast_head":"<!-- This site is optimized with the Yoast SEO Premium plugin v26.7 (Yoast SEO v26.7) - https:\/\/yoast.com\/wordpress\/plugins\/seo\/ -->\n<title>Transferts : Mateo Garcia pourrait quitter l&#039;UBB pour un autre club de Top 14<\/title>\n<meta name=\"description\" content=\"TOP 14 2024-2025 - Le Montpellier HR voudrait recruter le demi d&#039;ouverture de l&#039;Union Bordeaux-B\u00e8gles, Mateo Garcia.\u00a0\" \/>\n<meta name=\"robots\" content=\"index, follow, max-snippet:-1, max-image-preview:large, max-video-preview:-1\" \/>\n<link rel=\"canonical\" href=\"https:\/\/dicodusport.fr\/blog\/transferts-mateo-garcia-pourrait-quitter-lubb-pour-un-autre-club-de-top-14\/\" \/>\n<meta property=\"og:locale\" content=\"fr_FR\" \/>\n<meta property=\"og:type\" content=\"article\" \/>\n<meta property=\"og:title\" content=\"Transferts : Mateo Garcia pourrait quitter l&#039;UBB pour un autre club de Top 14\" \/>\n<meta property=\"og:description\" content=\"TOP 14 2024-2025 - Le Montpellier HR voudrait recruter le demi d&#039;ouverture de l&#039;Union Bordeaux-B\u00e8gles, Mateo Garcia.\u00a0\" \/>\n<meta property=\"og:url\" content=\"https:\/\/dicodusport.fr\/blog\/transferts-mateo-garcia-pourrait-quitter-lubb-pour-un-autre-club-de-top-14\/\" \/>\n<meta property=\"og:site_name\" content=\"Dicodusport\" \/>\n<meta property=\"article:publisher\" content=\"https:\/\/www.facebook.com\/dicodusport\" \/>\n<meta property=\"article:author\" content=\"https:\/\/www.facebook.com\/dicodusport\" \/>\n<meta property=\"article:published_time\" content=\"2024-07-01T16:54:01+00:00\" \/>\n<meta property=\"article:modified_time\" content=\"2024-07-01T16:57:21+00:00\" \/>\n<meta property=\"og:image\" content=\"https:\/\/dicodusport.fr\/blog\/wp-content\/uploads\/2024\/07\/Transferts-Mateo-Garcia-pourrait-quitter-lUBB-pour-un-autre-club-de-Top-14.png\" \/>\n\t<meta property=\"og:image:width\" content=\"1200\" \/>\n\t<meta property=\"og:image:height\" content=\"674\" \/>\n\t<meta property=\"og:image:type\" content=\"image\/png\" \/>\n<meta name=\"author\" content=\"Nicolas Jacquemard\" \/>\n<meta name=\"twitter:card\" content=\"summary_large_image\" \/>\n<meta name=\"twitter:title\" content=\"Transferts : Mateo Garcia pourrait quitter l&#039;UBB pour un autre club de Top 14\" \/>\n<meta name=\"twitter:creator\" content=\"@https:\/\/twitter.com\/Nico_Jacquemard\" \/>\n<meta name=\"twitter:site\" content=\"@dicodusport\" \/>\n<script type=\"application\/ld+json\" class=\"yoast-schema-graph\">{\"@context\":\"https:\/\/schema.org\",\"@graph\":[{\"@type\":\"NewsArticle\",\"@id\":\"https:\/\/dicodusport.fr\/blog\/transferts-mateo-garcia-pourrait-quitter-lubb-pour-un-autre-club-de-top-14\/#article\",\"isPartOf\":{\"@id\":\"https:\/\/dicodusport.fr\/blog\/transferts-mateo-garcia-pourrait-quitter-lubb-pour-un-autre-club-de-top-14\/\"},\"author\":{\"name\":\"Nicolas Jacquemard\",\"@id\":\"https:\/\/dicodusport.fr\/blog\/#\/schema\/person\/55dcb50ad410894e431ed812bbb70191\"},\"headline\":\"Transferts : Mateo Garcia pourrait quitter l&rsquo;UBB pour un autre club de Top 14\",\"datePublished\":\"2024-07-01T16:54:01+00:00\",\"dateModified\":\"2024-07-01T16:57:21+00:00\",\"mainEntityOfPage\":{\"@id\":\"https:\/\/dicodusport.fr\/blog\/transferts-mateo-garcia-pourrait-quitter-lubb-pour-un-autre-club-de-top-14\/\"},\"wordCount\":246,\"commentCount\":0,\"publisher\":{\"@id\":\"https:\/\/dicodusport.fr\/blog\/#organization\"},\"image\":{\"@id\":\"https:\/\/dicodusport.fr\/blog\/transferts-mateo-garcia-pourrait-quitter-lubb-pour-un-autre-club-de-top-14\/#primaryimage\"},\"thumbnailUrl\":\"https:\/\/dicodusport.fr\/blog\/wp-content\/uploads\/2024\/07\/Transferts-Mateo-Garcia-pourrait-quitter-lUBB-pour-un-autre-club-de-Top-14.png\",\"keywords\":[\"br\u00e8ve\",\"Garcia\"],\"articleSection\":[\"Rugby \u00e0 XV\",\"Top 14\"],\"inLanguage\":\"fr-FR\",\"potentialAction\":[{\"@type\":\"CommentAction\",\"name\":\"Comment\",\"target\":[\"https:\/\/dicodusport.fr\/blog\/transferts-mateo-garcia-pourrait-quitter-lubb-pour-un-autre-club-de-top-14\/#respond\"]}],\"copyrightYear\":\"2024\",\"copyrightHolder\":{\"@id\":\"https:\/\/dicodusport.fr\/blog\/#organization\"}},{\"@type\":\"WebPage\",\"@id\":\"https:\/\/dicodusport.fr\/blog\/transferts-mateo-garcia-pourrait-quitter-lubb-pour-un-autre-club-de-top-14\/\",\"url\":\"https:\/\/dicodusport.fr\/blog\/transferts-mateo-garcia-pourrait-quitter-lubb-pour-un-autre-club-de-top-14\/\",\"name\":\"Transferts : Mateo Garcia pourrait quitter l'UBB pour un autre club de Top 14\",\"isPartOf\":{\"@id\":\"https:\/\/dicodusport.fr\/blog\/#website\"},\"primaryImageOfPage\":{\"@id\":\"https:\/\/dicodusport.fr\/blog\/transferts-mateo-garcia-pourrait-quitter-lubb-pour-un-autre-club-de-top-14\/#primaryimage\"},\"image\":{\"@id\":\"https:\/\/dicodusport.fr\/blog\/transferts-mateo-garcia-pourrait-quitter-lubb-pour-un-autre-club-de-top-14\/#primaryimage\"},\"thumbnailUrl\":\"https:\/\/dicodusport.fr\/blog\/wp-content\/uploads\/2024\/07\/Transferts-Mateo-Garcia-pourrait-quitter-lUBB-pour-un-autre-club-de-Top-14.png\",\"datePublished\":\"2024-07-01T16:54:01+00:00\",\"dateModified\":\"2024-07-01T16:57:21+00:00\",\"description\":\"TOP 14 2024-2025 - Le Montpellier HR voudrait recruter le demi d'ouverture de l'Union Bordeaux-B\u00e8gles, Mateo Garcia.\u00a0\",\"breadcrumb\":{\"@id\":\"https:\/\/dicodusport.fr\/blog\/transferts-mateo-garcia-pourrait-quitter-lubb-pour-un-autre-club-de-top-14\/#breadcrumb\"},\"inLanguage\":\"fr-FR\",\"potentialAction\":[{\"@type\":\"ReadAction\",\"target\":[\"https:\/\/dicodusport.fr\/blog\/transferts-mateo-garcia-pourrait-quitter-lubb-pour-un-autre-club-de-top-14\/\"]}]},{\"@type\":\"ImageObject\",\"inLanguage\":\"fr-FR\",\"@id\":\"https:\/\/dicodusport.fr\/blog\/transferts-mateo-garcia-pourrait-quitter-lubb-pour-un-autre-club-de-top-14\/#primaryimage\",\"url\":\"https:\/\/dicodusport.fr\/blog\/wp-content\/uploads\/2024\/07\/Transferts-Mateo-Garcia-pourrait-quitter-lUBB-pour-un-autre-club-de-Top-14.png\",\"contentUrl\":\"https:\/\/dicodusport.fr\/blog\/wp-content\/uploads\/2024\/07\/Transferts-Mateo-Garcia-pourrait-quitter-lUBB-pour-un-autre-club-de-Top-14.png\",\"width\":1200,\"height\":674,\"caption\":\"Transferts Rugby : Mateo Garcia, Th\u00e9o Forner, les infos du lundi 8 juillet\"},{\"@type\":\"BreadcrumbList\",\"@id\":\"https:\/\/dicodusport.fr\/blog\/transferts-mateo-garcia-pourrait-quitter-lubb-pour-un-autre-club-de-top-14\/#breadcrumb\",\"itemListElement\":[{\"@type\":\"ListItem\",\"position\":1,\"name\":\"Accueil\",\"item\":\"https:\/\/dicodusport.fr\/blog\/\"},{\"@type\":\"ListItem\",\"position\":2,\"name\":\"Transferts : Mateo Garcia pourrait quitter l&rsquo;UBB pour un autre club de Top 14\"}]},{\"@type\":\"WebSite\",\"@id\":\"https:\/\/dicodusport.fr\/blog\/#website\",\"url\":\"https:\/\/dicodusport.fr\/blog\/\",\"name\":\"Dicodusport\",\"description\":\"L&#039;encyclop\u00e9die de l&#039;actualit\u00e9 sportive\",\"publisher\":{\"@id\":\"https:\/\/dicodusport.fr\/blog\/#organization\"},\"potentialAction\":[{\"@type\":\"SearchAction\",\"target\":{\"@type\":\"EntryPoint\",\"urlTemplate\":\"https:\/\/dicodusport.fr\/blog\/?s={search_term_string}\"},\"query-input\":{\"@type\":\"PropertyValueSpecification\",\"valueRequired\":true,\"valueName\":\"search_term_string\"}}],\"inLanguage\":\"fr-FR\"},{\"@type\":\"NewsMediaOrganization\",\"@id\":\"https:\/\/dicodusport.fr\/blog\/#organization\",\"name\":\"Dicodusport\",\"url\":\"https:\/\/dicodusport.fr\/blog\/\",\"logo\":{\"@type\":\"ImageObject\",\"inLanguage\":\"fr-FR\",\"@id\":\"https:\/\/dicodusport.fr\/blog\/#\/schema\/logo\/image\/\",\"url\":\"https:\/\/dicodusport.fr\/blog\/wp-content\/uploads\/2020\/06\/cropped-LOGO-DICODUSPORT-2020-SANS-FOND-SANS-TEXTE.png\",\"contentUrl\":\"https:\/\/dicodusport.fr\/blog\/wp-content\/uploads\/2020\/06\/cropped-LOGO-DICODUSPORT-2020-SANS-FOND-SANS-TEXTE.png\",\"width\":512,\"height\":512,\"caption\":\"Dicodusport\"},\"image\":{\"@id\":\"https:\/\/dicodusport.fr\/blog\/#\/schema\/logo\/image\/\"},\"sameAs\":[\"https:\/\/www.facebook.com\/dicodusport\",\"https:\/\/x.com\/dicodusport\",\"https:\/\/www.instagram.com\/dicodusport\/\",\"https:\/\/www.youtube.com\/channel\/UC7V2KZ5sd3htJivAbA4ZG3w\"],\"description\":\"Dicodusport est l'encyclop\u00e9die de l'actualit\u00e9 sportive.\",\"email\":\"bonjour@dicodusport.fr\",\"legalName\":\"DICODUSPORT\",\"foundingDate\":\"2018-01-14\",\"vatID\":\"FR71834470973\",\"taxID\":\"83447097300043\",\"numberOfEmployees\":{\"@type\":\"QuantitativeValue\",\"minValue\":\"1\",\"maxValue\":\"10\"}},{\"@type\":\"Person\",\"@id\":\"https:\/\/dicodusport.fr\/blog\/#\/schema\/person\/55dcb50ad410894e431ed812bbb70191\",\"name\":\"Nicolas Jacquemard\",\"image\":{\"@type\":\"ImageObject\",\"inLanguage\":\"fr-FR\",\"@id\":\"https:\/\/dicodusport.fr\/blog\/#\/schema\/person\/image\/\",\"url\":\"https:\/\/dicodusport.fr\/blog\/wp-content\/uploads\/2021\/05\/Nicolas-Jacquemard-150x150.jpeg\",\"contentUrl\":\"https:\/\/dicodusport.fr\/blog\/wp-content\/uploads\/2021\/05\/Nicolas-Jacquemard-150x150.jpeg\",\"caption\":\"Nicolas Jacquemard\"},\"description\":\"Passionn\u00e9 de sport et entrepreneur depuis mes 18 ans, la cr\u00e9ation de Dicodusport m'a sembl\u00e9 \u00e9vidente pour participer \u00e0 la m\u00e9diatisation d'un plus grand nombre de sports. Le chemin est long mais avec une \u00e9quipe des plus motiv\u00e9es et les Jeux Olympiques de Paris 2024 en point de mire, nous y arriverons ! Journaliste dans le monde du sport depuis plus de 5 ans, je traite aussi bien de football, de rugby, de biathlon que de cyclisme.\",\"sameAs\":[\"https:\/\/www.facebook.com\/dicodusport\",\"https:\/\/x.com\/https:\/\/twitter.com\/Nico_Jacquemard\"],\"url\":\"https:\/\/dicodusport.fr\/blog\/author\/dicodusport\/\"}]}<\/script>\n<!-- \/ Yoast SEO Premium plugin. -->","yoast_head_json":{"title":"Transferts : Mateo Garcia pourrait quitter l'UBB pour un autre club de Top 14","description":"TOP 14 2024-2025 - Le Montpellier HR voudrait recruter le demi d'ouverture de l'Union Bordeaux-B\u00e8gles, Mateo Garcia.\u00a0","robots":{"index":"index","follow":"follow","max-snippet":"max-snippet:-1","max-image-preview":"max-image-preview:large","max-video-preview":"max-video-preview:-1"},"canonical":"https:\/\/dicodusport.fr\/blog\/transferts-mateo-garcia-pourrait-quitter-lubb-pour-un-autre-club-de-top-14\/","og_locale":"fr_FR","og_type":"article","og_title":"Transferts : Mateo Garcia pourrait quitter l'UBB pour un autre club de Top 14","og_description":"TOP 14 2024-2025 - Le Montpellier HR voudrait recruter le demi d'ouverture de l'Union Bordeaux-B\u00e8gles, Mateo Garcia.\u00a0","og_url":"https:\/\/dicodusport.fr\/blog\/transferts-mateo-garcia-pourrait-quitter-lubb-pour-un-autre-club-de-top-14\/","og_site_name":"Dicodusport","article_publisher":"https:\/\/www.facebook.com\/dicodusport","article_author":"https:\/\/www.facebook.com\/dicodusport","article_published_time":"2024-07-01T16:54:01+00:00","article_modified_time":"2024-07-01T16:57:21+00:00","og_image":[{"width":1200,"height":674,"url":"https:\/\/dicodusport.fr\/blog\/wp-content\/uploads\/2024\/07\/Transferts-Mateo-Garcia-pourrait-quitter-lUBB-pour-un-autre-club-de-Top-14.png","type":"image\/png"}],"author":"Nicolas Jacquemard","twitter_card":"summary_large_image","twitter_title":"Transferts : Mateo Garcia pourrait quitter l'UBB pour un autre club de Top 14","twitter_creator":"@https:\/\/twitter.com\/Nico_Jacquemard","twitter_site":"@dicodusport","schema":{"@context":"https:\/\/schema.org","@graph":[{"@type":"NewsArticle","@id":"https:\/\/dicodusport.fr\/blog\/transferts-mateo-garcia-pourrait-quitter-lubb-pour-un-autre-club-de-top-14\/#article","isPartOf":{"@id":"https:\/\/dicodusport.fr\/blog\/transferts-mateo-garcia-pourrait-quitter-lubb-pour-un-autre-club-de-top-14\/"},"author":{"name":"Nicolas Jacquemard","@id":"https:\/\/dicodusport.fr\/blog\/#\/schema\/person\/55dcb50ad410894e431ed812bbb70191"},"headline":"Transferts : Mateo Garcia pourrait quitter l&rsquo;UBB pour un autre club de Top 14","datePublished":"2024-07-01T16:54:01+00:00","dateModified":"2024-07-01T16:57:21+00:00","mainEntityOfPage":{"@id":"https:\/\/dicodusport.fr\/blog\/transferts-mateo-garcia-pourrait-quitter-lubb-pour-un-autre-club-de-top-14\/"},"wordCount":246,"commentCount":0,"publisher":{"@id":"https:\/\/dicodusport.fr\/blog\/#organization"},"image":{"@id":"https:\/\/dicodusport.fr\/blog\/transferts-mateo-garcia-pourrait-quitter-lubb-pour-un-autre-club-de-top-14\/#primaryimage"},"thumbnailUrl":"https:\/\/dicodusport.fr\/blog\/wp-content\/uploads\/2024\/07\/Transferts-Mateo-Garcia-pourrait-quitter-lUBB-pour-un-autre-club-de-Top-14.png","keywords":["br\u00e8ve","Garcia"],"articleSection":["Rugby \u00e0 XV","Top 14"],"inLanguage":"fr-FR","potentialAction":[{"@type":"CommentAction","name":"Comment","target":["https:\/\/dicodusport.fr\/blog\/transferts-mateo-garcia-pourrait-quitter-lubb-pour-un-autre-club-de-top-14\/#respond"]}],"copyrightYear":"2024","copyrightHolder":{"@id":"https:\/\/dicodusport.fr\/blog\/#organization"}},{"@type":"WebPage","@id":"https:\/\/dicodusport.fr\/blog\/transferts-mateo-garcia-pourrait-quitter-lubb-pour-un-autre-club-de-top-14\/","url":"https:\/\/dicodusport.fr\/blog\/transferts-mateo-garcia-pourrait-quitter-lubb-pour-un-autre-club-de-top-14\/","name":"Transferts : Mateo Garcia pourrait quitter l'UBB pour un autre club de Top 14","isPartOf":{"@id":"https:\/\/dicodusport.fr\/blog\/#website"},"primaryImageOfPage":{"@id":"https:\/\/dicodusport.fr\/blog\/transferts-mateo-garcia-pourrait-quitter-lubb-pour-un-autre-club-de-top-14\/#primaryimage"},"image":{"@id":"https:\/\/dicodusport.fr\/blog\/transferts-mateo-garcia-pourrait-quitter-lubb-pour-un-autre-club-de-top-14\/#primaryimage"},"thumbnailUrl":"https:\/\/dicodusport.fr\/blog\/wp-content\/uploads\/2024\/07\/Transferts-Mateo-Garcia-pourrait-quitter-lUBB-pour-un-autre-club-de-Top-14.png","datePublished":"2024-07-01T16:54:01+00:00","dateModified":"2024-07-01T16:57:21+00:00","description":"TOP 14 2024-2025 - Le Montpellier HR voudrait recruter le demi d'ouverture de l'Union Bordeaux-B\u00e8gles, Mateo Garcia.\u00a0","breadcrumb":{"@id":"https:\/\/dicodusport.fr\/blog\/transferts-mateo-garcia-pourrait-quitter-lubb-pour-un-autre-club-de-top-14\/#breadcrumb"},"inLanguage":"fr-FR","potentialAction":[{"@type":"ReadAction","target":["https:\/\/dicodusport.fr\/blog\/transferts-mateo-garcia-pourrait-quitter-lubb-pour-un-autre-club-de-top-14\/"]}]},{"@type":"ImageObject","inLanguage":"fr-FR","@id":"https:\/\/dicodusport.fr\/blog\/transferts-mateo-garcia-pourrait-quitter-lubb-pour-un-autre-club-de-top-14\/#primaryimage","url":"https:\/\/dicodusport.fr\/blog\/wp-content\/uploads\/2024\/07\/Transferts-Mateo-Garcia-pourrait-quitter-lUBB-pour-un-autre-club-de-Top-14.png","contentUrl":"https:\/\/dicodusport.fr\/blog\/wp-content\/uploads\/2024\/07\/Transferts-Mateo-Garcia-pourrait-quitter-lUBB-pour-un-autre-club-de-Top-14.png","width":1200,"height":674,"caption":"Transferts Rugby : Mateo Garcia, Th\u00e9o Forner, les infos du lundi 8 juillet"},{"@type":"BreadcrumbList","@id":"https:\/\/dicodusport.fr\/blog\/transferts-mateo-garcia-pourrait-quitter-lubb-pour-un-autre-club-de-top-14\/#breadcrumb","itemListElement":[{"@type":"ListItem","position":1,"name":"Accueil","item":"https:\/\/dicodusport.fr\/blog\/"},{"@type":"ListItem","position":2,"name":"Transferts : Mateo Garcia pourrait quitter l&rsquo;UBB pour un autre club de Top 14"}]},{"@type":"WebSite","@id":"https:\/\/dicodusport.fr\/blog\/#website","url":"https:\/\/dicodusport.fr\/blog\/","name":"Dicodusport","description":"L&#039;encyclop\u00e9die de l&#039;actualit\u00e9 sportive","publisher":{"@id":"https:\/\/dicodusport.fr\/blog\/#organization"},"potentialAction":[{"@type":"SearchAction","target":{"@type":"EntryPoint","urlTemplate":"https:\/\/dicodusport.fr\/blog\/?s={search_term_string}"},"query-input":{"@type":"PropertyValueSpecification","valueRequired":true,"valueName":"search_term_string"}}],"inLanguage":"fr-FR"},{"@type":"NewsMediaOrganization","@id":"https:\/\/dicodusport.fr\/blog\/#organization","name":"Dicodusport","url":"https:\/\/dicodusport.fr\/blog\/","logo":{"@type":"ImageObject","inLanguage":"fr-FR","@id":"https:\/\/dicodusport.fr\/blog\/#\/schema\/logo\/image\/","url":"https:\/\/dicodusport.fr\/blog\/wp-content\/uploads\/2020\/06\/cropped-LOGO-DICODUSPORT-2020-SANS-FOND-SANS-TEXTE.png","contentUrl":"https:\/\/dicodusport.fr\/blog\/wp-content\/uploads\/2020\/06\/cropped-LOGO-DICODUSPORT-2020-SANS-FOND-SANS-TEXTE.png","width":512,"height":512,"caption":"Dicodusport"},"image":{"@id":"https:\/\/dicodusport.fr\/blog\/#\/schema\/logo\/image\/"},"sameAs":["https:\/\/www.facebook.com\/dicodusport","https:\/\/x.com\/dicodusport","https:\/\/www.instagram.com\/dicodusport\/","https:\/\/www.youtube.com\/channel\/UC7V2KZ5sd3htJivAbA4ZG3w"],"description":"Dicodusport est l'encyclop\u00e9die de l'actualit\u00e9 sportive.","email":"bonjour@dicodusport.fr","legalName":"DICODUSPORT","foundingDate":"2018-01-14","vatID":"FR71834470973","taxID":"83447097300043","numberOfEmployees":{"@type":"QuantitativeValue","minValue":"1","maxValue":"10"}},{"@type":"Person","@id":"https:\/\/dicodusport.fr\/blog\/#\/schema\/person\/55dcb50ad410894e431ed812bbb70191","name":"Nicolas Jacquemard","image":{"@type":"ImageObject","inLanguage":"fr-FR","@id":"https:\/\/dicodusport.fr\/blog\/#\/schema\/person\/image\/","url":"https:\/\/dicodusport.fr\/blog\/wp-content\/uploads\/2021\/05\/Nicolas-Jacquemard-150x150.jpeg","contentUrl":"https:\/\/dicodusport.fr\/blog\/wp-content\/uploads\/2021\/05\/Nicolas-Jacquemard-150x150.jpeg","caption":"Nicolas Jacquemard"},"description":"Passionn\u00e9 de sport et entrepreneur depuis mes 18 ans, la cr\u00e9ation de Dicodusport m'a sembl\u00e9 \u00e9vidente pour participer \u00e0 la m\u00e9diatisation d'un plus grand nombre de sports. Le chemin est long mais avec une \u00e9quipe des plus motiv\u00e9es et les Jeux Olympiques de Paris 2024 en point de mire, nous y arriverons ! Journaliste dans le monde du sport depuis plus de 5 ans, je traite aussi bien de football, de rugby, de biathlon que de cyclisme.","sameAs":["https:\/\/www.facebook.com\/dicodusport","https:\/\/x.com\/https:\/\/twitter.com\/Nico_Jacquemard"],"url":"https:\/\/dicodusport.fr\/blog\/author\/dicodusport\/"}]}},"_links":{"self":[{"href":"https:\/\/dicodusport.fr\/blog\/wp-json\/wp\/v2\/posts\/497163","targetHints":{"allow":["GET"]}}],"collection":[{"href":"https:\/\/dicodusport.fr\/blog\/wp-json\/wp\/v2\/posts"}],"about":[{"href":"https:\/\/dicodusport.fr\/blog\/wp-json\/wp\/v2\/types\/post"}],"author":[{"embeddable":true,"href":"https:\/\/dicodusport.fr\/blog\/wp-json\/wp\/v2\/users\/1"}],"replies":[{"embeddable":true,"href":"https:\/\/dicodusport.fr\/blog\/wp-json\/wp\/v2\/comments?post=497163"}],"version-history":[{"count":3,"href":"https:\/\/dicodusport.fr\/blog\/wp-json\/wp\/v2\/posts\/497163\/revisions"}],"predecessor-version":[{"id":497170,"href":"https:\/\/dicodusport.fr\/blog\/wp-json\/wp\/v2\/posts\/497163\/revisions\/497170"}],"wp:featuredmedia":[{"embeddable":true,"href":"https:\/\/dicodusport.fr\/blog\/wp-json\/wp\/v2\/media\/497165"}],"wp:attachment":[{"href":"https:\/\/dicodusport.fr\/blog\/wp-json\/wp\/v2\/media?parent=497163"}],"wp:term":[{"taxonomy":"category","embeddable":true,"href":"https:\/\/dicodusport.fr\/blog\/wp-json\/wp\/v2\/categories?post=497163"},{"taxonomy":"post_tag","embeddable":true,"href":"https:\/\/dicodusport.fr\/blog\/wp-json\/wp\/v2\/tags?post=497163"}],"curies":[{"name":"wp","href":"https:\/\/api.w.org\/{rel}","templated":true}]}}