{"id":497195,"date":"2024-07-01T23:49:25","date_gmt":"2024-07-01T21:49:25","guid":{"rendered":"https:\/\/dicodusport.fr\/blog\/?p=497195&#038;preview=true&#038;preview_id=497195"},"modified":"2024-07-02T00:01:00","modified_gmt":"2024-07-01T22:01:00","slug":"euro-2024-le-portugal-se-qualifie-aux-tirs-au-but-contre-la-slovenie","status":"publish","type":"post","link":"https:\/\/dicodusport.fr\/blog\/euro-2024-le-portugal-se-qualifie-aux-tirs-au-but-contre-la-slovenie\/","title":{"rendered":"Euro 2024 : Le Portugal se qualifie aux tirs au but contre la Slov\u00e9nie"},"content":{"rendered":"<p style=\"text-align: justify;\"><strong><em>EURO 2024 \u2013 Le Portugal s\u2019impose aux tirs au but contre les Slov\u00e8nes (0-0, 3-0 tab), gr\u00e2ce \u00e0 3 arr\u00eats de Diogo Costa lors de la s\u00e9ance. En quart de finale, les hommes de Roberto Martinez affronteront l\u2019\u00c9quipe de France.<\/em><\/strong><\/p>\n<ul>\n<li style=\"text-align: justify;\"><strong>\u00c0 ce sujet \u2013\u00a0<a href=\"https:\/\/dicodusport.fr\/blog\/euro-2024-affiches-dates-et-horaires-des-quarts-de-finale\/\">Affiches, dates et horaires des quarts de finale<\/a><\/strong><\/li>\n<\/ul>\n<p style=\"text-align: justify;\">Qualifi\u00e9s de justesse pour la phase finale (en \u00e9tant quatri\u00e8me meilleur 3<sup>e<\/sup>), les Slov\u00e8nes n\u2019ont pas r\u00e9alis\u00e9 l\u2019exploit d\u2019\u00e9liminer le Portugal\u2026 Bien qu\u2019ils ne soient pas pass\u00e9s loin de le faire. Dans l\u2019ensemble, les co\u00e9quipiers de <strong>Cristiano Ronaldo<\/strong> ont largement domin\u00e9, mais ils ont cruellement manqu\u00e9 d\u2019efficacit\u00e9 offensivement. Rien ne leur a r\u00e9ussi au cours des 120 minutes de jeu, m\u00eame lorsqu\u2019ils ont b\u00e9n\u00e9fici\u00e9 d\u2019un penalty en prolongation. La d\u00e9livrance est venue de leur gardien, Diogo Costa, qui a stopp\u00e9 les 3 tirs au but tir\u00e9s par la Slov\u00e9nie.<\/p>\n<h2 style=\"text-align: justify;\"><strong>Le Portugal domine, mais reste muet<\/strong><\/h2>\n<p style=\"text-align: justify;\">Les Portugais ont rapidement pris les commandes du match contre les Slov\u00e8nes, en se montrant mena\u00e7ant devant le but adverse et en monopolisant le ballon. La premi\u00e8re grosse occasion des Ib\u00e9riques intervient avant le premier quart d\u2019heure, avec un centre de <strong>Bernardo Silva <\/strong>qui passe juste devant <strong>Ronaldo<\/strong> et <strong>Bruno Fernandes <\/strong>(13<sup>e<\/sup>). On retrouvera le milieu offensif de Manchester United 10 minutes plus tard sur une frappe sans grand danger pour <strong>Oblak<\/strong>. <strong>Cristiano Ronaldo <\/strong>va avoir plusieurs opportunit\u00e9s de marquer (30<sup>e<\/sup> et 33<sup>e<\/sup>), mais il a manqu\u00e9 de justesse, \u00e0 l\u2019instar de la plupart de ses co\u00e9quipiers.<\/p>\n<ul>\n<li style=\"text-align: justify;\"><strong>\u00c0 ce sujet \u2013\u00a0<a href=\"https:\/\/dicodusport.fr\/blog\/euro-2024-phase-finale-le-tableau-complet\/\">Tableau complet et r\u00e9sultats Phase finale Euro 2024<\/a><\/strong><\/li>\n<\/ul>\n<p style=\"text-align: justify;\">Il aura fallu attendre la 45<sup>e<\/sup> minute pour voir le premier tir cadr\u00e9 de la Slov\u00e9nie, gr\u00e2ce \u00e0 <strong>Bijol<\/strong>. Dans le temps additionnel, <strong>Palhinha<\/strong> trouve le poteau sur une frappe de loin. La <em>Sele\u00e7\u00e3o das Quinas <\/em>est rest\u00e9e muette en premi\u00e8re p\u00e9riode, mais elle a largement domin\u00e9 leurs adversaires du soir. Ces derniers se sont simplement content\u00e9s de d\u00e9fendre.<\/p>\n<blockquote class=\"twitter-tweet\">\n<p dir=\"ltr\" lang=\"fr\">\ud83d\udd34\ud83c\uddf5\ud83c\uddf9\ud83c\uddf8\ud83c\uddee 0-0 \u00e0 la mi-temps pour ce 8e de finale Portugal-Slov\u00e9nie <a href=\"https:\/\/twitter.com\/hashtag\/PORSLO?src=hash&amp;ref_src=twsrc%5Etfw\">#PORSLO<\/a> <a href=\"https:\/\/twitter.com\/hashtag\/Euro2024?src=hash&amp;ref_src=twsrc%5Etfw\">#Euro2024<\/a><\/p>\n<p>\u27a1 En direct sur <a href=\"https:\/\/twitter.com\/hashtag\/M6?src=hash&amp;ref_src=twsrc%5Etfw\">#M6<\/a>: <a href=\"https:\/\/t.co\/tXH2U6BGsx\">https:\/\/t.co\/tXH2U6BGsx<\/a> <a href=\"https:\/\/t.co\/gJjFpNsMh5\">pic.twitter.com\/gJjFpNsMh5<\/a><\/p>\n<p>\u2014 M6 (@M6) <a href=\"https:\/\/twitter.com\/M6\/status\/1807864219825737912?ref_src=twsrc%5Etfw\">July 1, 2024<\/a><\/p><\/blockquote>\n<p><script async src=\"https:\/\/platform.twitter.com\/widgets.js\" charset=\"utf-8\"><\/script><\/p>\n<h2 style=\"text-align: justify;\"><strong>Possession totalement st\u00e9rile des Portugais<\/strong><\/h2>\n<p style=\"text-align: justify;\">\u00c0 l\u2019image de la premi\u00e8re mi-temps, les Portugais ont multipli\u00e9 les incursions dans les 30 derniers m\u00e8tres adverses, mais ils ont \u00e9t\u00e9 tr\u00e8s mauvais dans le dernier geste. Leur 77% de possession n\u2019a pas d\u00e9bouch\u00e9 sur beaucoup d\u2019occasions franches. Le capitaine de la <em>Sele\u00e7\u00e3o <\/em>a \u00e9t\u00e9 l\u2019auteur des 2 seules frappes cadr\u00e9es du deuxi\u00e8me acte. La premi\u00e8re sur un coup-franc (le seul pr\u00e9cis en 4 tentatives) repouss\u00e9 parfaitement par <strong>Oblak<\/strong> (55<sup>e<\/sup>), et la seconde sur un 1 contre 1 domin\u00e9 une nouvelle fois par le portier de l\u2019Atl\u00e9tico Madrid.<\/p>\n<p style=\"text-align: justify;\">La Slov\u00e9nie a aussi eu sa chance de marquer dans ces 45 minutes, avec <strong>Sesko<\/strong>. L\u2019attaquant des <em>Dragons <\/em>avait pris <strong>Pepe<\/strong> de vitesse, mais il s\u2019est d\u00e9chir\u00e9 au moment de prendre sa chance. Ce deuxi\u00e8me acte aura \u00e9t\u00e9 encore plus brouillon que le premier, qui \u00e9tait d\u00e9j\u00e0 loin d\u2019\u00eatre spectaculaire.<\/p>\n<h2 style=\"text-align: justify;\"><strong>Diogo Costa en sauveur <\/strong><\/h2>\n<p style=\"text-align: justify;\">Alors qu\u2019on avait la sensation que rien ne r\u00e9ussirait aux Ib\u00e9riques jusqu\u2019\u00e0 la fin du match, <strong>Diogo Jota<\/strong> a obtenu un p\u00e9nalty \u00e0 la 103<sup>e<\/sup> minute. Une occasion en or pour les Rouge et Vert, mais malheureusement g\u00e2ch\u00e9e par la l\u00e9gende du football portugais, qui voit son tir au but repouss\u00e9 par le mur<strong> Oblak<\/strong>. Un \u00e9chec que \u00ab\u00a0CR7\u00a0\u00bb a eu du mal \u00e0 accepter, puisqu\u2019il a a m\u00eame fondu en larmes \u00e0 la mi-temps de la prolongation.<\/p>\n<blockquote class=\"twitter-tweet\">\n<p dir=\"ltr\" lang=\"fr\">\u274c\ud83c\uddf5\ud83c\uddf9 105\u2019 P\u00e9nalty rat\u00e9 pour Cristiano Ronaldo ! Quel arr\u00eat de Jan Oblak qui s\u2019oppose \u00e0 CR7 sur ce tir ! <a href=\"https:\/\/twitter.com\/hashtag\/PORSLO?src=hash&amp;ref_src=twsrc%5Etfw\">#PORSLO<\/a> <a href=\"https:\/\/twitter.com\/hashtag\/Euro2024?src=hash&amp;ref_src=twsrc%5Etfw\">#Euro2024<\/a><\/p>\n<p>\u27a1 En direct sur <a href=\"https:\/\/twitter.com\/hashtag\/M6?src=hash&amp;ref_src=twsrc%5Etfw\">#M6<\/a>: <a href=\"https:\/\/t.co\/tXH2U6B8CZ\">https:\/\/t.co\/tXH2U6B8CZ<\/a> <a href=\"https:\/\/t.co\/ZZKxgdvBiZ\">pic.twitter.com\/ZZKxgdvBiZ<\/a><\/p>\n<p>\u2014 M6 (@M6) <a href=\"https:\/\/twitter.com\/M6\/status\/1807886938415710544?ref_src=twsrc%5Etfw\">July 1, 2024<\/a><\/p><\/blockquote>\n<p><script async src=\"https:\/\/platform.twitter.com\/widgets.js\" charset=\"utf-8\"><\/script><\/p>\n<p style=\"text-align: justify;\">Dans la seconde p\u00e9riode, le Portugal n\u2019est pas pass\u00e9 loin de passer \u00e0 la trappe, sur une perte de balle de Pepe \u00e0 moins de 30 m\u00e8tres de son but. Heureusement pour la <em>Sele\u00e7\u00e3o das Quinas<\/em>, <strong>Diogo Costa<\/strong> a sorti un arr\u00eat fabuleux face \u00e0 <strong>Sesko<\/strong>, qui aura donc rat\u00e9 ses 2 duels avec le gardien portugais (115<sup>e<\/sup>).<\/p>\n<p style=\"text-align: justify;\">Lors de la s\u00e9ance de tirs au but, <strong>Diogo Costa <\/strong>a stopp\u00e9 les trois p\u00e9naltys slov\u00e8nes (d\u2019<strong>Ilicic<\/strong>, <strong>Balkovec<\/strong> et <strong>Verbic<\/strong>). Une performance exceptionnelle qui permet aux Portugais de se qualifier pour les quarts, o\u00f9 ils retrouveront la France, pour un <em>remake<\/em> de la finale de l\u2019Euro 2016.<\/p>\n<blockquote class=\"twitter-tweet\">\n<p dir=\"ltr\" lang=\"en\">Diogo Costa saves three penalties to send Portugal to the quarter-finals! \ud83c\uddf5\ud83c\uddf9<a href=\"https:\/\/twitter.com\/hashtag\/EURO2024?src=hash&amp;ref_src=twsrc%5Etfw\">#EURO2024<\/a> | <a href=\"https:\/\/twitter.com\/hashtag\/PORSVN?src=hash&amp;ref_src=twsrc%5Etfw\">#PORSVN<\/a> <a href=\"https:\/\/t.co\/ZLEuhACmpI\">pic.twitter.com\/ZLEuhACmpI<\/a><\/p>\n<p>\u2014 UEFA EURO 2024 (@EURO2024) <a href=\"https:\/\/twitter.com\/EURO2024\/status\/1807893705233252742?ref_src=twsrc%5Etfw\">July 1, 2024<\/a><\/p><\/blockquote>\n<p><script async src=\"https:\/\/platform.twitter.com\/widgets.js\" charset=\"utf-8\"><\/script><\/p>\n","protected":false},"excerpt":{"rendered":"<p>Le Portugal s&rsquo;en sort aux tirs au but face \u00e0 la Slov\u00e9nie.<\/p>\n","protected":false},"author":86,"featured_media":497218,"comment_status":"open","ping_status":"closed","sticky":false,"template":"","format":"standard","meta":{"_acf_changed":false,"_daextam_enable_autolinks":"1","footnotes":""},"categories":[47044,2301],"tags":[16878,75,24],"class_list":["post-497195","post","type-post","status-publish","format-standard","has-post-thumbnail","hentry","category-euro-de-football","category-football","tag-breve","tag-football","tag-sport"],"acf":[],"yoast_head":"<!-- This site is optimized with the Yoast SEO Premium plugin v26.7 (Yoast SEO v26.7) - https:\/\/yoast.com\/wordpress\/plugins\/seo\/ -->\n<title>Euro 2024 : Le Portugal se qualifie aux tirs au but contre la Slov\u00e9nie<\/title>\n<meta name=\"description\" content=\"Les Portugais s&#039;imposent aux tirs au but contre la Slov\u00e9nie. Ils affronteront l\u2019\u00c9quipe de France en quart de finale.\" \/>\n<meta name=\"robots\" content=\"index, follow, max-snippet:-1, max-image-preview:large, max-video-preview:-1\" \/>\n<link rel=\"canonical\" href=\"https:\/\/dicodusport.fr\/blog\/euro-2024-le-portugal-se-qualifie-aux-tirs-au-but-contre-la-slovenie\/\" \/>\n<meta property=\"og:locale\" content=\"fr_FR\" \/>\n<meta property=\"og:type\" content=\"article\" \/>\n<meta property=\"og:title\" content=\"Euro 2024 : Le Portugal se qualifie aux tirs au but contre la Slov\u00e9nie\" \/>\n<meta property=\"og:description\" content=\"Les Portugais s&#039;imposent aux tirs au but contre la Slov\u00e9nie. Ils affronteront l\u2019\u00c9quipe de France en quart de finale.\" \/>\n<meta property=\"og:url\" content=\"https:\/\/dicodusport.fr\/blog\/euro-2024-le-portugal-se-qualifie-aux-tirs-au-but-contre-la-slovenie\/\" \/>\n<meta property=\"og:site_name\" content=\"Dicodusport\" \/>\n<meta property=\"article:publisher\" content=\"https:\/\/www.facebook.com\/dicodusport\" \/>\n<meta property=\"article:published_time\" content=\"2024-07-01T21:49:25+00:00\" \/>\n<meta property=\"article:modified_time\" content=\"2024-07-01T22:01:00+00:00\" \/>\n<meta property=\"og:image\" content=\"https:\/\/dicodusport.fr\/blog\/wp-content\/uploads\/2024\/07\/Euro-2024-Le-Portugal-se-qualifie-aux-tirs-au-but-contre-la-Slovenie.png\" \/>\n\t<meta property=\"og:image:width\" content=\"1200\" \/>\n\t<meta property=\"og:image:height\" content=\"674\" \/>\n\t<meta property=\"og:image:type\" content=\"image\/png\" \/>\n<meta name=\"author\" content=\"Nicolas Parant\" \/>\n<meta name=\"twitter:card\" content=\"summary_large_image\" \/>\n<meta name=\"twitter:title\" content=\"Euro 2024 : Le Portugal se qualifie aux tirs au but contre la Slov\u00e9nie\" \/>\n<meta name=\"twitter:creator\" content=\"@dicodusport\" \/>\n<meta name=\"twitter:site\" content=\"@dicodusport\" \/>\n<script type=\"application\/ld+json\" class=\"yoast-schema-graph\">{\"@context\":\"https:\/\/schema.org\",\"@graph\":[{\"@type\":\"NewsArticle\",\"@id\":\"https:\/\/dicodusport.fr\/blog\/euro-2024-le-portugal-se-qualifie-aux-tirs-au-but-contre-la-slovenie\/#article\",\"isPartOf\":{\"@id\":\"https:\/\/dicodusport.fr\/blog\/euro-2024-le-portugal-se-qualifie-aux-tirs-au-but-contre-la-slovenie\/\"},\"author\":{\"name\":\"Nicolas Parant\",\"@id\":\"https:\/\/dicodusport.fr\/blog\/#\/schema\/person\/816f1c1bae6e11b6ef5b39687639be63\"},\"headline\":\"Euro 2024 : Le Portugal se qualifie aux tirs au but contre la Slov\u00e9nie\",\"datePublished\":\"2024-07-01T21:49:25+00:00\",\"dateModified\":\"2024-07-01T22:01:00+00:00\",\"mainEntityOfPage\":{\"@id\":\"https:\/\/dicodusport.fr\/blog\/euro-2024-le-portugal-se-qualifie-aux-tirs-au-but-contre-la-slovenie\/\"},\"wordCount\":803,\"commentCount\":0,\"publisher\":{\"@id\":\"https:\/\/dicodusport.fr\/blog\/#organization\"},\"image\":{\"@id\":\"https:\/\/dicodusport.fr\/blog\/euro-2024-le-portugal-se-qualifie-aux-tirs-au-but-contre-la-slovenie\/#primaryimage\"},\"thumbnailUrl\":\"https:\/\/dicodusport.fr\/blog\/wp-content\/uploads\/2024\/07\/Euro-2024-Le-Portugal-se-qualifie-aux-tirs-au-but-contre-la-Slovenie.png\",\"keywords\":[\"br\u00e8ve\",\"Football\",\"sport\"],\"articleSection\":[\"Euro de football\",\"Football\"],\"inLanguage\":\"fr-FR\",\"potentialAction\":[{\"@type\":\"CommentAction\",\"name\":\"Comment\",\"target\":[\"https:\/\/dicodusport.fr\/blog\/euro-2024-le-portugal-se-qualifie-aux-tirs-au-but-contre-la-slovenie\/#respond\"]}],\"copyrightYear\":\"2024\",\"copyrightHolder\":{\"@id\":\"https:\/\/dicodusport.fr\/blog\/#organization\"}},{\"@type\":\"WebPage\",\"@id\":\"https:\/\/dicodusport.fr\/blog\/euro-2024-le-portugal-se-qualifie-aux-tirs-au-but-contre-la-slovenie\/\",\"url\":\"https:\/\/dicodusport.fr\/blog\/euro-2024-le-portugal-se-qualifie-aux-tirs-au-but-contre-la-slovenie\/\",\"name\":\"Euro 2024 : Le Portugal se qualifie aux tirs au but contre la Slov\u00e9nie\",\"isPartOf\":{\"@id\":\"https:\/\/dicodusport.fr\/blog\/#website\"},\"primaryImageOfPage\":{\"@id\":\"https:\/\/dicodusport.fr\/blog\/euro-2024-le-portugal-se-qualifie-aux-tirs-au-but-contre-la-slovenie\/#primaryimage\"},\"image\":{\"@id\":\"https:\/\/dicodusport.fr\/blog\/euro-2024-le-portugal-se-qualifie-aux-tirs-au-but-contre-la-slovenie\/#primaryimage\"},\"thumbnailUrl\":\"https:\/\/dicodusport.fr\/blog\/wp-content\/uploads\/2024\/07\/Euro-2024-Le-Portugal-se-qualifie-aux-tirs-au-but-contre-la-Slovenie.png\",\"datePublished\":\"2024-07-01T21:49:25+00:00\",\"dateModified\":\"2024-07-01T22:01:00+00:00\",\"description\":\"Les Portugais s'imposent aux tirs au but contre la Slov\u00e9nie. Ils affronteront l\u2019\u00c9quipe de France en quart de finale.\",\"breadcrumb\":{\"@id\":\"https:\/\/dicodusport.fr\/blog\/euro-2024-le-portugal-se-qualifie-aux-tirs-au-but-contre-la-slovenie\/#breadcrumb\"},\"inLanguage\":\"fr-FR\",\"potentialAction\":[{\"@type\":\"ReadAction\",\"target\":[\"https:\/\/dicodusport.fr\/blog\/euro-2024-le-portugal-se-qualifie-aux-tirs-au-but-contre-la-slovenie\/\"]}]},{\"@type\":\"ImageObject\",\"inLanguage\":\"fr-FR\",\"@id\":\"https:\/\/dicodusport.fr\/blog\/euro-2024-le-portugal-se-qualifie-aux-tirs-au-but-contre-la-slovenie\/#primaryimage\",\"url\":\"https:\/\/dicodusport.fr\/blog\/wp-content\/uploads\/2024\/07\/Euro-2024-Le-Portugal-se-qualifie-aux-tirs-au-but-contre-la-Slovenie.png\",\"contentUrl\":\"https:\/\/dicodusport.fr\/blog\/wp-content\/uploads\/2024\/07\/Euro-2024-Le-Portugal-se-qualifie-aux-tirs-au-but-contre-la-Slovenie.png\",\"width\":1200,\"height\":674,\"caption\":\"Euro 2024 Le Portugal se qualifie aux tirs au but contre la Slov\u00e9nie\"},{\"@type\":\"BreadcrumbList\",\"@id\":\"https:\/\/dicodusport.fr\/blog\/euro-2024-le-portugal-se-qualifie-aux-tirs-au-but-contre-la-slovenie\/#breadcrumb\",\"itemListElement\":[{\"@type\":\"ListItem\",\"position\":1,\"name\":\"Accueil\",\"item\":\"https:\/\/dicodusport.fr\/blog\/\"},{\"@type\":\"ListItem\",\"position\":2,\"name\":\"Euro 2024 : Le Portugal se qualifie aux tirs au but contre la Slov\u00e9nie\"}]},{\"@type\":\"WebSite\",\"@id\":\"https:\/\/dicodusport.fr\/blog\/#website\",\"url\":\"https:\/\/dicodusport.fr\/blog\/\",\"name\":\"Dicodusport\",\"description\":\"L&#039;encyclop\u00e9die de l&#039;actualit\u00e9 sportive\",\"publisher\":{\"@id\":\"https:\/\/dicodusport.fr\/blog\/#organization\"},\"potentialAction\":[{\"@type\":\"SearchAction\",\"target\":{\"@type\":\"EntryPoint\",\"urlTemplate\":\"https:\/\/dicodusport.fr\/blog\/?s={search_term_string}\"},\"query-input\":{\"@type\":\"PropertyValueSpecification\",\"valueRequired\":true,\"valueName\":\"search_term_string\"}}],\"inLanguage\":\"fr-FR\"},{\"@type\":\"NewsMediaOrganization\",\"@id\":\"https:\/\/dicodusport.fr\/blog\/#organization\",\"name\":\"Dicodusport\",\"url\":\"https:\/\/dicodusport.fr\/blog\/\",\"logo\":{\"@type\":\"ImageObject\",\"inLanguage\":\"fr-FR\",\"@id\":\"https:\/\/dicodusport.fr\/blog\/#\/schema\/logo\/image\/\",\"url\":\"https:\/\/dicodusport.fr\/blog\/wp-content\/uploads\/2020\/06\/cropped-LOGO-DICODUSPORT-2020-SANS-FOND-SANS-TEXTE.png\",\"contentUrl\":\"https:\/\/dicodusport.fr\/blog\/wp-content\/uploads\/2020\/06\/cropped-LOGO-DICODUSPORT-2020-SANS-FOND-SANS-TEXTE.png\",\"width\":512,\"height\":512,\"caption\":\"Dicodusport\"},\"image\":{\"@id\":\"https:\/\/dicodusport.fr\/blog\/#\/schema\/logo\/image\/\"},\"sameAs\":[\"https:\/\/www.facebook.com\/dicodusport\",\"https:\/\/x.com\/dicodusport\",\"https:\/\/www.instagram.com\/dicodusport\/\",\"https:\/\/www.youtube.com\/channel\/UC7V2KZ5sd3htJivAbA4ZG3w\"],\"description\":\"Dicodusport est l'encyclop\u00e9die de l'actualit\u00e9 sportive.\",\"email\":\"bonjour@dicodusport.fr\",\"legalName\":\"DICODUSPORT\",\"foundingDate\":\"2018-01-14\",\"vatID\":\"FR71834470973\",\"taxID\":\"83447097300043\",\"numberOfEmployees\":{\"@type\":\"QuantitativeValue\",\"minValue\":\"1\",\"maxValue\":\"10\"}},{\"@type\":\"Person\",\"@id\":\"https:\/\/dicodusport.fr\/blog\/#\/schema\/person\/816f1c1bae6e11b6ef5b39687639be63\",\"name\":\"Nicolas Parant\",\"image\":{\"@type\":\"ImageObject\",\"inLanguage\":\"fr-FR\",\"@id\":\"https:\/\/dicodusport.fr\/blog\/#\/schema\/person\/image\/\",\"url\":\"https:\/\/dicodusport.fr\/blog\/wp-content\/uploads\/2023\/04\/1B6E3319-7CA3-49A2-A3FB-D53C46115743-150x150.jpeg\",\"contentUrl\":\"https:\/\/dicodusport.fr\/blog\/wp-content\/uploads\/2023\/04\/1B6E3319-7CA3-49A2-A3FB-D53C46115743-150x150.jpeg\",\"caption\":\"Nicolas Parant\"},\"description\":\"Passionn\u00e9 de sport et d\u2019\u00e9criture, r\u00e9diger des articles a \u00e9t\u00e9 une v\u00e9ritable r\u00e9v\u00e9lation quand j\u2019ai pris la plume num\u00e9rique pour la premi\u00e8re fois en 2021. Admiratif des exploits de Nadal \u00e0 Roland Garros et du charisme de Zlatan Ibrahimovi\u0107 \u00e0 son arriv\u00e9e dans la capitale, je m\u2019efforce de transmettre au mieux les \u00e9motions des athl\u00e8tes de la nouvelle g\u00e9n\u00e9ration. \u00c0 Dicodusport depuis 2023, je commente principalement les batailles qui se d\u00e9roulent dans l\u2019octogone de l\u2019UFC ou sur les pelouses de football et de rugby.\",\"url\":\"https:\/\/dicodusport.fr\/blog\/author\/nicolas-parant\/\"}]}<\/script>\n<!-- \/ Yoast SEO Premium plugin. -->","yoast_head_json":{"title":"Euro 2024 : Le Portugal se qualifie aux tirs au but contre la Slov\u00e9nie","description":"Les Portugais s'imposent aux tirs au but contre la Slov\u00e9nie. Ils affronteront l\u2019\u00c9quipe de France en quart de finale.","robots":{"index":"index","follow":"follow","max-snippet":"max-snippet:-1","max-image-preview":"max-image-preview:large","max-video-preview":"max-video-preview:-1"},"canonical":"https:\/\/dicodusport.fr\/blog\/euro-2024-le-portugal-se-qualifie-aux-tirs-au-but-contre-la-slovenie\/","og_locale":"fr_FR","og_type":"article","og_title":"Euro 2024 : Le Portugal se qualifie aux tirs au but contre la Slov\u00e9nie","og_description":"Les Portugais s'imposent aux tirs au but contre la Slov\u00e9nie. Ils affronteront l\u2019\u00c9quipe de France en quart de finale.","og_url":"https:\/\/dicodusport.fr\/blog\/euro-2024-le-portugal-se-qualifie-aux-tirs-au-but-contre-la-slovenie\/","og_site_name":"Dicodusport","article_publisher":"https:\/\/www.facebook.com\/dicodusport","article_published_time":"2024-07-01T21:49:25+00:00","article_modified_time":"2024-07-01T22:01:00+00:00","og_image":[{"width":1200,"height":674,"url":"https:\/\/dicodusport.fr\/blog\/wp-content\/uploads\/2024\/07\/Euro-2024-Le-Portugal-se-qualifie-aux-tirs-au-but-contre-la-Slovenie.png","type":"image\/png"}],"author":"Nicolas Parant","twitter_card":"summary_large_image","twitter_title":"Euro 2024 : Le Portugal se qualifie aux tirs au but contre la Slov\u00e9nie","twitter_creator":"@dicodusport","twitter_site":"@dicodusport","schema":{"@context":"https:\/\/schema.org","@graph":[{"@type":"NewsArticle","@id":"https:\/\/dicodusport.fr\/blog\/euro-2024-le-portugal-se-qualifie-aux-tirs-au-but-contre-la-slovenie\/#article","isPartOf":{"@id":"https:\/\/dicodusport.fr\/blog\/euro-2024-le-portugal-se-qualifie-aux-tirs-au-but-contre-la-slovenie\/"},"author":{"name":"Nicolas Parant","@id":"https:\/\/dicodusport.fr\/blog\/#\/schema\/person\/816f1c1bae6e11b6ef5b39687639be63"},"headline":"Euro 2024 : Le Portugal se qualifie aux tirs au but contre la Slov\u00e9nie","datePublished":"2024-07-01T21:49:25+00:00","dateModified":"2024-07-01T22:01:00+00:00","mainEntityOfPage":{"@id":"https:\/\/dicodusport.fr\/blog\/euro-2024-le-portugal-se-qualifie-aux-tirs-au-but-contre-la-slovenie\/"},"wordCount":803,"commentCount":0,"publisher":{"@id":"https:\/\/dicodusport.fr\/blog\/#organization"},"image":{"@id":"https:\/\/dicodusport.fr\/blog\/euro-2024-le-portugal-se-qualifie-aux-tirs-au-but-contre-la-slovenie\/#primaryimage"},"thumbnailUrl":"https:\/\/dicodusport.fr\/blog\/wp-content\/uploads\/2024\/07\/Euro-2024-Le-Portugal-se-qualifie-aux-tirs-au-but-contre-la-Slovenie.png","keywords":["br\u00e8ve","Football","sport"],"articleSection":["Euro de football","Football"],"inLanguage":"fr-FR","potentialAction":[{"@type":"CommentAction","name":"Comment","target":["https:\/\/dicodusport.fr\/blog\/euro-2024-le-portugal-se-qualifie-aux-tirs-au-but-contre-la-slovenie\/#respond"]}],"copyrightYear":"2024","copyrightHolder":{"@id":"https:\/\/dicodusport.fr\/blog\/#organization"}},{"@type":"WebPage","@id":"https:\/\/dicodusport.fr\/blog\/euro-2024-le-portugal-se-qualifie-aux-tirs-au-but-contre-la-slovenie\/","url":"https:\/\/dicodusport.fr\/blog\/euro-2024-le-portugal-se-qualifie-aux-tirs-au-but-contre-la-slovenie\/","name":"Euro 2024 : Le Portugal se qualifie aux tirs au but contre la Slov\u00e9nie","isPartOf":{"@id":"https:\/\/dicodusport.fr\/blog\/#website"},"primaryImageOfPage":{"@id":"https:\/\/dicodusport.fr\/blog\/euro-2024-le-portugal-se-qualifie-aux-tirs-au-but-contre-la-slovenie\/#primaryimage"},"image":{"@id":"https:\/\/dicodusport.fr\/blog\/euro-2024-le-portugal-se-qualifie-aux-tirs-au-but-contre-la-slovenie\/#primaryimage"},"thumbnailUrl":"https:\/\/dicodusport.fr\/blog\/wp-content\/uploads\/2024\/07\/Euro-2024-Le-Portugal-se-qualifie-aux-tirs-au-but-contre-la-Slovenie.png","datePublished":"2024-07-01T21:49:25+00:00","dateModified":"2024-07-01T22:01:00+00:00","description":"Les Portugais s'imposent aux tirs au but contre la Slov\u00e9nie. Ils affronteront l\u2019\u00c9quipe de France en quart de finale.","breadcrumb":{"@id":"https:\/\/dicodusport.fr\/blog\/euro-2024-le-portugal-se-qualifie-aux-tirs-au-but-contre-la-slovenie\/#breadcrumb"},"inLanguage":"fr-FR","potentialAction":[{"@type":"ReadAction","target":["https:\/\/dicodusport.fr\/blog\/euro-2024-le-portugal-se-qualifie-aux-tirs-au-but-contre-la-slovenie\/"]}]},{"@type":"ImageObject","inLanguage":"fr-FR","@id":"https:\/\/dicodusport.fr\/blog\/euro-2024-le-portugal-se-qualifie-aux-tirs-au-but-contre-la-slovenie\/#primaryimage","url":"https:\/\/dicodusport.fr\/blog\/wp-content\/uploads\/2024\/07\/Euro-2024-Le-Portugal-se-qualifie-aux-tirs-au-but-contre-la-Slovenie.png","contentUrl":"https:\/\/dicodusport.fr\/blog\/wp-content\/uploads\/2024\/07\/Euro-2024-Le-Portugal-se-qualifie-aux-tirs-au-but-contre-la-Slovenie.png","width":1200,"height":674,"caption":"Euro 2024 Le Portugal se qualifie aux tirs au but contre la Slov\u00e9nie"},{"@type":"BreadcrumbList","@id":"https:\/\/dicodusport.fr\/blog\/euro-2024-le-portugal-se-qualifie-aux-tirs-au-but-contre-la-slovenie\/#breadcrumb","itemListElement":[{"@type":"ListItem","position":1,"name":"Accueil","item":"https:\/\/dicodusport.fr\/blog\/"},{"@type":"ListItem","position":2,"name":"Euro 2024 : Le Portugal se qualifie aux tirs au but contre la Slov\u00e9nie"}]},{"@type":"WebSite","@id":"https:\/\/dicodusport.fr\/blog\/#website","url":"https:\/\/dicodusport.fr\/blog\/","name":"Dicodusport","description":"L&#039;encyclop\u00e9die de l&#039;actualit\u00e9 sportive","publisher":{"@id":"https:\/\/dicodusport.fr\/blog\/#organization"},"potentialAction":[{"@type":"SearchAction","target":{"@type":"EntryPoint","urlTemplate":"https:\/\/dicodusport.fr\/blog\/?s={search_term_string}"},"query-input":{"@type":"PropertyValueSpecification","valueRequired":true,"valueName":"search_term_string"}}],"inLanguage":"fr-FR"},{"@type":"NewsMediaOrganization","@id":"https:\/\/dicodusport.fr\/blog\/#organization","name":"Dicodusport","url":"https:\/\/dicodusport.fr\/blog\/","logo":{"@type":"ImageObject","inLanguage":"fr-FR","@id":"https:\/\/dicodusport.fr\/blog\/#\/schema\/logo\/image\/","url":"https:\/\/dicodusport.fr\/blog\/wp-content\/uploads\/2020\/06\/cropped-LOGO-DICODUSPORT-2020-SANS-FOND-SANS-TEXTE.png","contentUrl":"https:\/\/dicodusport.fr\/blog\/wp-content\/uploads\/2020\/06\/cropped-LOGO-DICODUSPORT-2020-SANS-FOND-SANS-TEXTE.png","width":512,"height":512,"caption":"Dicodusport"},"image":{"@id":"https:\/\/dicodusport.fr\/blog\/#\/schema\/logo\/image\/"},"sameAs":["https:\/\/www.facebook.com\/dicodusport","https:\/\/x.com\/dicodusport","https:\/\/www.instagram.com\/dicodusport\/","https:\/\/www.youtube.com\/channel\/UC7V2KZ5sd3htJivAbA4ZG3w"],"description":"Dicodusport est l'encyclop\u00e9die de l'actualit\u00e9 sportive.","email":"bonjour@dicodusport.fr","legalName":"DICODUSPORT","foundingDate":"2018-01-14","vatID":"FR71834470973","taxID":"83447097300043","numberOfEmployees":{"@type":"QuantitativeValue","minValue":"1","maxValue":"10"}},{"@type":"Person","@id":"https:\/\/dicodusport.fr\/blog\/#\/schema\/person\/816f1c1bae6e11b6ef5b39687639be63","name":"Nicolas Parant","image":{"@type":"ImageObject","inLanguage":"fr-FR","@id":"https:\/\/dicodusport.fr\/blog\/#\/schema\/person\/image\/","url":"https:\/\/dicodusport.fr\/blog\/wp-content\/uploads\/2023\/04\/1B6E3319-7CA3-49A2-A3FB-D53C46115743-150x150.jpeg","contentUrl":"https:\/\/dicodusport.fr\/blog\/wp-content\/uploads\/2023\/04\/1B6E3319-7CA3-49A2-A3FB-D53C46115743-150x150.jpeg","caption":"Nicolas Parant"},"description":"Passionn\u00e9 de sport et d\u2019\u00e9criture, r\u00e9diger des articles a \u00e9t\u00e9 une v\u00e9ritable r\u00e9v\u00e9lation quand j\u2019ai pris la plume num\u00e9rique pour la premi\u00e8re fois en 2021. Admiratif des exploits de Nadal \u00e0 Roland Garros et du charisme de Zlatan Ibrahimovi\u0107 \u00e0 son arriv\u00e9e dans la capitale, je m\u2019efforce de transmettre au mieux les \u00e9motions des athl\u00e8tes de la nouvelle g\u00e9n\u00e9ration. \u00c0 Dicodusport depuis 2023, je commente principalement les batailles qui se d\u00e9roulent dans l\u2019octogone de l\u2019UFC ou sur les pelouses de football et de rugby.","url":"https:\/\/dicodusport.fr\/blog\/author\/nicolas-parant\/"}]}},"_links":{"self":[{"href":"https:\/\/dicodusport.fr\/blog\/wp-json\/wp\/v2\/posts\/497195","targetHints":{"allow":["GET"]}}],"collection":[{"href":"https:\/\/dicodusport.fr\/blog\/wp-json\/wp\/v2\/posts"}],"about":[{"href":"https:\/\/dicodusport.fr\/blog\/wp-json\/wp\/v2\/types\/post"}],"author":[{"embeddable":true,"href":"https:\/\/dicodusport.fr\/blog\/wp-json\/wp\/v2\/users\/86"}],"replies":[{"embeddable":true,"href":"https:\/\/dicodusport.fr\/blog\/wp-json\/wp\/v2\/comments?post=497195"}],"version-history":[{"count":5,"href":"https:\/\/dicodusport.fr\/blog\/wp-json\/wp\/v2\/posts\/497195\/revisions"}],"predecessor-version":[{"id":497223,"href":"https:\/\/dicodusport.fr\/blog\/wp-json\/wp\/v2\/posts\/497195\/revisions\/497223"}],"wp:featuredmedia":[{"embeddable":true,"href":"https:\/\/dicodusport.fr\/blog\/wp-json\/wp\/v2\/media\/497218"}],"wp:attachment":[{"href":"https:\/\/dicodusport.fr\/blog\/wp-json\/wp\/v2\/media?parent=497195"}],"wp:term":[{"taxonomy":"category","embeddable":true,"href":"https:\/\/dicodusport.fr\/blog\/wp-json\/wp\/v2\/categories?post=497195"},{"taxonomy":"post_tag","embeddable":true,"href":"https:\/\/dicodusport.fr\/blog\/wp-json\/wp\/v2\/tags?post=497195"}],"curies":[{"name":"wp","href":"https:\/\/api.w.org\/{rel}","templated":true}]}}