{"id":497240,"date":"2024-07-02T11:24:42","date_gmt":"2024-07-02T09:24:42","guid":{"rendered":"https:\/\/dicodusport.fr\/blog\/?p=497240&#038;preview=true&#038;preview_id=497240"},"modified":"2024-07-02T13:20:44","modified_gmt":"2024-07-02T11:20:44","slug":"transferts-ubb-un-cador-de-top-14-veut-signer-yoram-moefana","status":"publish","type":"post","link":"https:\/\/dicodusport.fr\/blog\/transferts-ubb-un-cador-de-top-14-veut-signer-yoram-moefana\/","title":{"rendered":"Transferts UBB : Un cador de Top 14 veut signer Yoram Moefana"},"content":{"rendered":"<p style=\"text-align: justify;\"><strong><em>TOP 14 2024-2025 &#8211; Selon Rugby Prime, le Stade Toulousain voudrait recruter Yoram Moefana (UBB) \u00e0 l&rsquo;\u00e9t\u00e9 2025.\u00a0<\/em><\/strong><\/p>\n<p style=\"text-align: justify;\">Le <strong>Stade<\/strong> <strong>Toulousain<\/strong> sort d&rsquo;une saison exceptionnelle avec les sacres en <strong>Top 14<\/strong> et en <strong>Champions<\/strong> <strong>Cup<\/strong>. Les doubles champions de France en titre ont \u00e9t\u00e9 tr\u00e8s discrets sur le march\u00e9 des transferts et se sont surtout attel\u00e9s \u00e0 prolonger leurs cadres. <strong>Peato<\/strong> <strong>Mauvaka<\/strong> a notamment signer un nouveau bail, juste apr\u00e8s le sacre face \u00e0 l&rsquo;<strong>UBB<\/strong> le week-end dernier.<\/p>\n<ul style=\"text-align: justify;\">\n<li style=\"text-align: justify;\"><strong>\u00c0 ce sujet &#8211; <a href=\"https:\/\/dicodusport.fr\/blog\/transferts-rugby-julien-heriteau-james-hall-mateo-garcia-les-infos-du-lundi-1er-juillet\/\" target=\"_blank\" rel=\"noopener\">Transferts Rugby : Julien H\u00e9riteau, James Hall, Mat\u00e9o Garcia, les infos du lundi 1er juillet<\/a><\/strong><\/li>\n<\/ul>\n<h2 style=\"text-align: justify;\">Yoram Moefana \u00e0 Toulouse ?<\/h2>\n<p style=\"text-align: justify;\"><strong>Toulouse<\/strong> devrait par contre \u00eatre plus actif sur le prochain march\u00e9 estival en 2025. Ainsi, <strong>Pierre-Louis Barassi<\/strong> devrait quitter le club haut-garonnais pour rejoindre le Stade Fran\u00e7ais, alors que les ann\u00e9es passent pour <strong>Pita<\/strong> <strong>Akhi<\/strong> qui n&rsquo;est pas \u00e9ternel, m\u00eame s&rsquo;il a encore prouv\u00e9 qu&rsquo;il \u00e9tait au top cette saison. <strong>Ugo<\/strong> <strong>Mola<\/strong> est donc en qu\u00eate d&rsquo;un centre et aurait coch\u00e9 le nom d&rsquo;un international fran\u00e7ais.<\/p>\n<ul>\n<li style=\"text-align: justify;\"><strong>\u00c0 ce sujet &#8211; <a href=\"https:\/\/dicodusport.fr\/blog\/transferts-leo-barre-pourrait-quitter-le-stade-francais-pour-un-autre-club-de-top-14\/\">Transferts : L\u00e9o Barr\u00e9 pourrait quitter le Stade Fran\u00e7ais pour un autre club de Top 14<\/a><\/strong><\/li>\n<\/ul>\n<p style=\"text-align: justify;\">En fin de contrat avec l&rsquo;<strong>Union Bordeaux-B\u00e8gles<\/strong>, <strong>Yoram<\/strong> <strong>Moefana<\/strong> est dans le viseur du <strong>Stade<\/strong> <strong>Toulousain <\/strong>selon nos confr\u00e8res de <a href=\"https:\/\/rugbyprime.com\/2024\/07\/02\/top-14-ubb-jalibert-devrait-prolonger-moefana-entre-deux-chaises\/\"><em>Rugby Prime<\/em><\/a>. L&rsquo;international fran\u00e7ais, qui peut aussi \u00e9voluer \u00e0 l&rsquo;aile, a aussi une offre de prolongation de son club actuel. Il va donc devoir prendre une d\u00e9cision pour son avenir dans les prochains jours et son choix pourrait entra\u00eener d&rsquo;autres mouvements.<\/p>\n<blockquote class=\"twitter-tweet\">\n<p dir=\"ltr\" lang=\"fr\"><a href=\"https:\/\/twitter.com\/hashtag\/TRANSFERTS?src=hash&amp;ref_src=twsrc%5Etfw\">#TRANSFERTS<\/a><\/p>\n<p>Matthieu Jalibert devrait rester \u00e0 l\u2019UBB tandis que Yoram Moefana est dans le viseur du champion \ud83d\udd01\ud83d\udc47 <a href=\"https:\/\/t.co\/lWPs0wS9XH\">https:\/\/t.co\/lWPs0wS9XH<\/a><\/p>\n<p>\u2014 Rugby Prime (@Rugby_Prime) <a href=\"https:\/\/twitter.com\/Rugby_Prime\/status\/1808012420767453531?ref_src=twsrc%5Etfw\">July 2, 2024<\/a><\/p><\/blockquote>\n<p style=\"text-align: justify;\"><script async src=\"https:\/\/platform.twitter.com\/widgets.js\" charset=\"utf-8\"><\/script><\/p>\n","protected":false},"excerpt":{"rendered":"<p>TOP 14 2024-2025 &#8211; Selon Rugby Prime, Le Stade Toulousain voudrait recruter Yoram Moefana (UBB) \u00e0 l&rsquo;\u00e9t\u00e9 2025.\u00a0<\/p>\n","protected":false},"author":1,"featured_media":497255,"comment_status":"open","ping_status":"closed","sticky":false,"template":"","format":"standard","meta":{"_acf_changed":false,"_daextam_enable_autolinks":"1","footnotes":""},"categories":[9129,47050],"tags":[16878,4008,21741],"class_list":["post-497240","post","type-post","status-publish","format-standard","has-post-thumbnail","hentry","category-rugby-a-xv","category-top-14","tag-breve","tag-stade-toulousain","tag-yoram-moefana"],"acf":[],"yoast_head":"<!-- This site is optimized with the Yoast SEO Premium plugin v26.7 (Yoast SEO v26.7) - https:\/\/yoast.com\/wordpress\/plugins\/seo\/ -->\n<title>Transferts UBB : Un cador de Top 14 veut signer Yoram Moefana<\/title>\n<meta name=\"description\" content=\"TOP 14 2024-2025 - Selon Rugby Prime, Le Stade Toulousain voudrait recruter Yoram Moefana (UBB) \u00e0 l&#039;\u00e9t\u00e9 2025.\u00a0\" \/>\n<meta name=\"robots\" content=\"index, follow, max-snippet:-1, max-image-preview:large, max-video-preview:-1\" \/>\n<link rel=\"canonical\" href=\"https:\/\/dicodusport.fr\/blog\/transferts-ubb-un-cador-de-top-14-veut-signer-yoram-moefana\/\" \/>\n<meta property=\"og:locale\" content=\"fr_FR\" \/>\n<meta property=\"og:type\" content=\"article\" \/>\n<meta property=\"og:title\" content=\"Transferts UBB : Un cador de Top 14 veut signer Yoram Moefana\" \/>\n<meta property=\"og:description\" content=\"TOP 14 2024-2025 - Selon Rugby Prime, Le Stade Toulousain voudrait recruter Yoram Moefana (UBB) \u00e0 l&#039;\u00e9t\u00e9 2025.\u00a0\" \/>\n<meta property=\"og:url\" content=\"https:\/\/dicodusport.fr\/blog\/transferts-ubb-un-cador-de-top-14-veut-signer-yoram-moefana\/\" \/>\n<meta property=\"og:site_name\" content=\"Dicodusport\" \/>\n<meta property=\"article:publisher\" content=\"https:\/\/www.facebook.com\/dicodusport\" \/>\n<meta property=\"article:author\" content=\"https:\/\/www.facebook.com\/dicodusport\" \/>\n<meta property=\"article:published_time\" content=\"2024-07-02T09:24:42+00:00\" \/>\n<meta property=\"article:modified_time\" content=\"2024-07-02T11:20:44+00:00\" \/>\n<meta property=\"og:image\" content=\"https:\/\/dicodusport.fr\/blog\/wp-content\/uploads\/2024\/07\/Transferts-UBB-Un-cador-de-Top-14-veut-signer-Yoram-Moefana.png\" \/>\n\t<meta property=\"og:image:width\" content=\"1200\" \/>\n\t<meta property=\"og:image:height\" content=\"674\" \/>\n\t<meta property=\"og:image:type\" content=\"image\/png\" \/>\n<meta name=\"author\" content=\"Nicolas Jacquemard\" \/>\n<meta name=\"twitter:card\" content=\"summary_large_image\" \/>\n<meta name=\"twitter:title\" content=\"Transferts UBB : Un cador de Top 14 veut signer Yoram Moefana\" \/>\n<meta name=\"twitter:creator\" content=\"@https:\/\/twitter.com\/Nico_Jacquemard\" \/>\n<meta name=\"twitter:site\" content=\"@dicodusport\" \/>\n<script type=\"application\/ld+json\" class=\"yoast-schema-graph\">{\"@context\":\"https:\/\/schema.org\",\"@graph\":[{\"@type\":\"NewsArticle\",\"@id\":\"https:\/\/dicodusport.fr\/blog\/transferts-ubb-un-cador-de-top-14-veut-signer-yoram-moefana\/#article\",\"isPartOf\":{\"@id\":\"https:\/\/dicodusport.fr\/blog\/transferts-ubb-un-cador-de-top-14-veut-signer-yoram-moefana\/\"},\"author\":{\"name\":\"Nicolas Jacquemard\",\"@id\":\"https:\/\/dicodusport.fr\/blog\/#\/schema\/person\/55dcb50ad410894e431ed812bbb70191\"},\"headline\":\"Transferts UBB : Un cador de Top 14 veut signer Yoram Moefana\",\"datePublished\":\"2024-07-02T09:24:42+00:00\",\"dateModified\":\"2024-07-02T11:20:44+00:00\",\"mainEntityOfPage\":{\"@id\":\"https:\/\/dicodusport.fr\/blog\/transferts-ubb-un-cador-de-top-14-veut-signer-yoram-moefana\/\"},\"wordCount\":301,\"commentCount\":0,\"publisher\":{\"@id\":\"https:\/\/dicodusport.fr\/blog\/#organization\"},\"image\":{\"@id\":\"https:\/\/dicodusport.fr\/blog\/transferts-ubb-un-cador-de-top-14-veut-signer-yoram-moefana\/#primaryimage\"},\"thumbnailUrl\":\"https:\/\/dicodusport.fr\/blog\/wp-content\/uploads\/2024\/07\/Transferts-UBB-Un-cador-de-Top-14-veut-signer-Yoram-Moefana.png\",\"keywords\":[\"br\u00e8ve\",\"Stade Toulousain\",\"Yoram Moefana\"],\"articleSection\":[\"Rugby \u00e0 XV\",\"Top 14\"],\"inLanguage\":\"fr-FR\",\"potentialAction\":[{\"@type\":\"CommentAction\",\"name\":\"Comment\",\"target\":[\"https:\/\/dicodusport.fr\/blog\/transferts-ubb-un-cador-de-top-14-veut-signer-yoram-moefana\/#respond\"]}],\"copyrightYear\":\"2024\",\"copyrightHolder\":{\"@id\":\"https:\/\/dicodusport.fr\/blog\/#organization\"}},{\"@type\":\"WebPage\",\"@id\":\"https:\/\/dicodusport.fr\/blog\/transferts-ubb-un-cador-de-top-14-veut-signer-yoram-moefana\/\",\"url\":\"https:\/\/dicodusport.fr\/blog\/transferts-ubb-un-cador-de-top-14-veut-signer-yoram-moefana\/\",\"name\":\"Transferts UBB : Un cador de Top 14 veut signer Yoram Moefana\",\"isPartOf\":{\"@id\":\"https:\/\/dicodusport.fr\/blog\/#website\"},\"primaryImageOfPage\":{\"@id\":\"https:\/\/dicodusport.fr\/blog\/transferts-ubb-un-cador-de-top-14-veut-signer-yoram-moefana\/#primaryimage\"},\"image\":{\"@id\":\"https:\/\/dicodusport.fr\/blog\/transferts-ubb-un-cador-de-top-14-veut-signer-yoram-moefana\/#primaryimage\"},\"thumbnailUrl\":\"https:\/\/dicodusport.fr\/blog\/wp-content\/uploads\/2024\/07\/Transferts-UBB-Un-cador-de-Top-14-veut-signer-Yoram-Moefana.png\",\"datePublished\":\"2024-07-02T09:24:42+00:00\",\"dateModified\":\"2024-07-02T11:20:44+00:00\",\"description\":\"TOP 14 2024-2025 - Selon Rugby Prime, Le Stade Toulousain voudrait recruter Yoram Moefana (UBB) \u00e0 l'\u00e9t\u00e9 2025.\u00a0\",\"breadcrumb\":{\"@id\":\"https:\/\/dicodusport.fr\/blog\/transferts-ubb-un-cador-de-top-14-veut-signer-yoram-moefana\/#breadcrumb\"},\"inLanguage\":\"fr-FR\",\"potentialAction\":[{\"@type\":\"ReadAction\",\"target\":[\"https:\/\/dicodusport.fr\/blog\/transferts-ubb-un-cador-de-top-14-veut-signer-yoram-moefana\/\"]}]},{\"@type\":\"ImageObject\",\"inLanguage\":\"fr-FR\",\"@id\":\"https:\/\/dicodusport.fr\/blog\/transferts-ubb-un-cador-de-top-14-veut-signer-yoram-moefana\/#primaryimage\",\"url\":\"https:\/\/dicodusport.fr\/blog\/wp-content\/uploads\/2024\/07\/Transferts-UBB-Un-cador-de-Top-14-veut-signer-Yoram-Moefana.png\",\"contentUrl\":\"https:\/\/dicodusport.fr\/blog\/wp-content\/uploads\/2024\/07\/Transferts-UBB-Un-cador-de-Top-14-veut-signer-Yoram-Moefana.png\",\"width\":1200,\"height\":674},{\"@type\":\"BreadcrumbList\",\"@id\":\"https:\/\/dicodusport.fr\/blog\/transferts-ubb-un-cador-de-top-14-veut-signer-yoram-moefana\/#breadcrumb\",\"itemListElement\":[{\"@type\":\"ListItem\",\"position\":1,\"name\":\"Accueil\",\"item\":\"https:\/\/dicodusport.fr\/blog\/\"},{\"@type\":\"ListItem\",\"position\":2,\"name\":\"Transferts UBB : Un cador de Top 14 veut signer Yoram Moefana\"}]},{\"@type\":\"WebSite\",\"@id\":\"https:\/\/dicodusport.fr\/blog\/#website\",\"url\":\"https:\/\/dicodusport.fr\/blog\/\",\"name\":\"Dicodusport\",\"description\":\"L&#039;encyclop\u00e9die de l&#039;actualit\u00e9 sportive\",\"publisher\":{\"@id\":\"https:\/\/dicodusport.fr\/blog\/#organization\"},\"potentialAction\":[{\"@type\":\"SearchAction\",\"target\":{\"@type\":\"EntryPoint\",\"urlTemplate\":\"https:\/\/dicodusport.fr\/blog\/?s={search_term_string}\"},\"query-input\":{\"@type\":\"PropertyValueSpecification\",\"valueRequired\":true,\"valueName\":\"search_term_string\"}}],\"inLanguage\":\"fr-FR\"},{\"@type\":\"NewsMediaOrganization\",\"@id\":\"https:\/\/dicodusport.fr\/blog\/#organization\",\"name\":\"Dicodusport\",\"url\":\"https:\/\/dicodusport.fr\/blog\/\",\"logo\":{\"@type\":\"ImageObject\",\"inLanguage\":\"fr-FR\",\"@id\":\"https:\/\/dicodusport.fr\/blog\/#\/schema\/logo\/image\/\",\"url\":\"https:\/\/dicodusport.fr\/blog\/wp-content\/uploads\/2020\/06\/cropped-LOGO-DICODUSPORT-2020-SANS-FOND-SANS-TEXTE.png\",\"contentUrl\":\"https:\/\/dicodusport.fr\/blog\/wp-content\/uploads\/2020\/06\/cropped-LOGO-DICODUSPORT-2020-SANS-FOND-SANS-TEXTE.png\",\"width\":512,\"height\":512,\"caption\":\"Dicodusport\"},\"image\":{\"@id\":\"https:\/\/dicodusport.fr\/blog\/#\/schema\/logo\/image\/\"},\"sameAs\":[\"https:\/\/www.facebook.com\/dicodusport\",\"https:\/\/x.com\/dicodusport\",\"https:\/\/www.instagram.com\/dicodusport\/\",\"https:\/\/www.youtube.com\/channel\/UC7V2KZ5sd3htJivAbA4ZG3w\"],\"description\":\"Dicodusport est l'encyclop\u00e9die de l'actualit\u00e9 sportive.\",\"email\":\"bonjour@dicodusport.fr\",\"legalName\":\"DICODUSPORT\",\"foundingDate\":\"2018-01-14\",\"vatID\":\"FR71834470973\",\"taxID\":\"83447097300043\",\"numberOfEmployees\":{\"@type\":\"QuantitativeValue\",\"minValue\":\"1\",\"maxValue\":\"10\"}},{\"@type\":\"Person\",\"@id\":\"https:\/\/dicodusport.fr\/blog\/#\/schema\/person\/55dcb50ad410894e431ed812bbb70191\",\"name\":\"Nicolas Jacquemard\",\"image\":{\"@type\":\"ImageObject\",\"inLanguage\":\"fr-FR\",\"@id\":\"https:\/\/dicodusport.fr\/blog\/#\/schema\/person\/image\/\",\"url\":\"https:\/\/dicodusport.fr\/blog\/wp-content\/uploads\/2021\/05\/Nicolas-Jacquemard-150x150.jpeg\",\"contentUrl\":\"https:\/\/dicodusport.fr\/blog\/wp-content\/uploads\/2021\/05\/Nicolas-Jacquemard-150x150.jpeg\",\"caption\":\"Nicolas Jacquemard\"},\"description\":\"Passionn\u00e9 de sport et entrepreneur depuis mes 18 ans, la cr\u00e9ation de Dicodusport m'a sembl\u00e9 \u00e9vidente pour participer \u00e0 la m\u00e9diatisation d'un plus grand nombre de sports. Le chemin est long mais avec une \u00e9quipe des plus motiv\u00e9es et les Jeux Olympiques de Paris 2024 en point de mire, nous y arriverons ! Journaliste dans le monde du sport depuis plus de 5 ans, je traite aussi bien de football, de rugby, de biathlon que de cyclisme.\",\"sameAs\":[\"https:\/\/www.facebook.com\/dicodusport\",\"https:\/\/x.com\/https:\/\/twitter.com\/Nico_Jacquemard\"],\"url\":\"https:\/\/dicodusport.fr\/blog\/author\/dicodusport\/\"}]}<\/script>\n<!-- \/ Yoast SEO Premium plugin. -->","yoast_head_json":{"title":"Transferts UBB : Un cador de Top 14 veut signer Yoram Moefana","description":"TOP 14 2024-2025 - Selon Rugby Prime, Le Stade Toulousain voudrait recruter Yoram Moefana (UBB) \u00e0 l'\u00e9t\u00e9 2025.\u00a0","robots":{"index":"index","follow":"follow","max-snippet":"max-snippet:-1","max-image-preview":"max-image-preview:large","max-video-preview":"max-video-preview:-1"},"canonical":"https:\/\/dicodusport.fr\/blog\/transferts-ubb-un-cador-de-top-14-veut-signer-yoram-moefana\/","og_locale":"fr_FR","og_type":"article","og_title":"Transferts UBB : Un cador de Top 14 veut signer Yoram Moefana","og_description":"TOP 14 2024-2025 - Selon Rugby Prime, Le Stade Toulousain voudrait recruter Yoram Moefana (UBB) \u00e0 l'\u00e9t\u00e9 2025.\u00a0","og_url":"https:\/\/dicodusport.fr\/blog\/transferts-ubb-un-cador-de-top-14-veut-signer-yoram-moefana\/","og_site_name":"Dicodusport","article_publisher":"https:\/\/www.facebook.com\/dicodusport","article_author":"https:\/\/www.facebook.com\/dicodusport","article_published_time":"2024-07-02T09:24:42+00:00","article_modified_time":"2024-07-02T11:20:44+00:00","og_image":[{"width":1200,"height":674,"url":"https:\/\/dicodusport.fr\/blog\/wp-content\/uploads\/2024\/07\/Transferts-UBB-Un-cador-de-Top-14-veut-signer-Yoram-Moefana.png","type":"image\/png"}],"author":"Nicolas Jacquemard","twitter_card":"summary_large_image","twitter_title":"Transferts UBB : Un cador de Top 14 veut signer Yoram Moefana","twitter_creator":"@https:\/\/twitter.com\/Nico_Jacquemard","twitter_site":"@dicodusport","schema":{"@context":"https:\/\/schema.org","@graph":[{"@type":"NewsArticle","@id":"https:\/\/dicodusport.fr\/blog\/transferts-ubb-un-cador-de-top-14-veut-signer-yoram-moefana\/#article","isPartOf":{"@id":"https:\/\/dicodusport.fr\/blog\/transferts-ubb-un-cador-de-top-14-veut-signer-yoram-moefana\/"},"author":{"name":"Nicolas Jacquemard","@id":"https:\/\/dicodusport.fr\/blog\/#\/schema\/person\/55dcb50ad410894e431ed812bbb70191"},"headline":"Transferts UBB : Un cador de Top 14 veut signer Yoram Moefana","datePublished":"2024-07-02T09:24:42+00:00","dateModified":"2024-07-02T11:20:44+00:00","mainEntityOfPage":{"@id":"https:\/\/dicodusport.fr\/blog\/transferts-ubb-un-cador-de-top-14-veut-signer-yoram-moefana\/"},"wordCount":301,"commentCount":0,"publisher":{"@id":"https:\/\/dicodusport.fr\/blog\/#organization"},"image":{"@id":"https:\/\/dicodusport.fr\/blog\/transferts-ubb-un-cador-de-top-14-veut-signer-yoram-moefana\/#primaryimage"},"thumbnailUrl":"https:\/\/dicodusport.fr\/blog\/wp-content\/uploads\/2024\/07\/Transferts-UBB-Un-cador-de-Top-14-veut-signer-Yoram-Moefana.png","keywords":["br\u00e8ve","Stade Toulousain","Yoram Moefana"],"articleSection":["Rugby \u00e0 XV","Top 14"],"inLanguage":"fr-FR","potentialAction":[{"@type":"CommentAction","name":"Comment","target":["https:\/\/dicodusport.fr\/blog\/transferts-ubb-un-cador-de-top-14-veut-signer-yoram-moefana\/#respond"]}],"copyrightYear":"2024","copyrightHolder":{"@id":"https:\/\/dicodusport.fr\/blog\/#organization"}},{"@type":"WebPage","@id":"https:\/\/dicodusport.fr\/blog\/transferts-ubb-un-cador-de-top-14-veut-signer-yoram-moefana\/","url":"https:\/\/dicodusport.fr\/blog\/transferts-ubb-un-cador-de-top-14-veut-signer-yoram-moefana\/","name":"Transferts UBB : Un cador de Top 14 veut signer Yoram Moefana","isPartOf":{"@id":"https:\/\/dicodusport.fr\/blog\/#website"},"primaryImageOfPage":{"@id":"https:\/\/dicodusport.fr\/blog\/transferts-ubb-un-cador-de-top-14-veut-signer-yoram-moefana\/#primaryimage"},"image":{"@id":"https:\/\/dicodusport.fr\/blog\/transferts-ubb-un-cador-de-top-14-veut-signer-yoram-moefana\/#primaryimage"},"thumbnailUrl":"https:\/\/dicodusport.fr\/blog\/wp-content\/uploads\/2024\/07\/Transferts-UBB-Un-cador-de-Top-14-veut-signer-Yoram-Moefana.png","datePublished":"2024-07-02T09:24:42+00:00","dateModified":"2024-07-02T11:20:44+00:00","description":"TOP 14 2024-2025 - Selon Rugby Prime, Le Stade Toulousain voudrait recruter Yoram Moefana (UBB) \u00e0 l'\u00e9t\u00e9 2025.\u00a0","breadcrumb":{"@id":"https:\/\/dicodusport.fr\/blog\/transferts-ubb-un-cador-de-top-14-veut-signer-yoram-moefana\/#breadcrumb"},"inLanguage":"fr-FR","potentialAction":[{"@type":"ReadAction","target":["https:\/\/dicodusport.fr\/blog\/transferts-ubb-un-cador-de-top-14-veut-signer-yoram-moefana\/"]}]},{"@type":"ImageObject","inLanguage":"fr-FR","@id":"https:\/\/dicodusport.fr\/blog\/transferts-ubb-un-cador-de-top-14-veut-signer-yoram-moefana\/#primaryimage","url":"https:\/\/dicodusport.fr\/blog\/wp-content\/uploads\/2024\/07\/Transferts-UBB-Un-cador-de-Top-14-veut-signer-Yoram-Moefana.png","contentUrl":"https:\/\/dicodusport.fr\/blog\/wp-content\/uploads\/2024\/07\/Transferts-UBB-Un-cador-de-Top-14-veut-signer-Yoram-Moefana.png","width":1200,"height":674},{"@type":"BreadcrumbList","@id":"https:\/\/dicodusport.fr\/blog\/transferts-ubb-un-cador-de-top-14-veut-signer-yoram-moefana\/#breadcrumb","itemListElement":[{"@type":"ListItem","position":1,"name":"Accueil","item":"https:\/\/dicodusport.fr\/blog\/"},{"@type":"ListItem","position":2,"name":"Transferts UBB : Un cador de Top 14 veut signer Yoram Moefana"}]},{"@type":"WebSite","@id":"https:\/\/dicodusport.fr\/blog\/#website","url":"https:\/\/dicodusport.fr\/blog\/","name":"Dicodusport","description":"L&#039;encyclop\u00e9die de l&#039;actualit\u00e9 sportive","publisher":{"@id":"https:\/\/dicodusport.fr\/blog\/#organization"},"potentialAction":[{"@type":"SearchAction","target":{"@type":"EntryPoint","urlTemplate":"https:\/\/dicodusport.fr\/blog\/?s={search_term_string}"},"query-input":{"@type":"PropertyValueSpecification","valueRequired":true,"valueName":"search_term_string"}}],"inLanguage":"fr-FR"},{"@type":"NewsMediaOrganization","@id":"https:\/\/dicodusport.fr\/blog\/#organization","name":"Dicodusport","url":"https:\/\/dicodusport.fr\/blog\/","logo":{"@type":"ImageObject","inLanguage":"fr-FR","@id":"https:\/\/dicodusport.fr\/blog\/#\/schema\/logo\/image\/","url":"https:\/\/dicodusport.fr\/blog\/wp-content\/uploads\/2020\/06\/cropped-LOGO-DICODUSPORT-2020-SANS-FOND-SANS-TEXTE.png","contentUrl":"https:\/\/dicodusport.fr\/blog\/wp-content\/uploads\/2020\/06\/cropped-LOGO-DICODUSPORT-2020-SANS-FOND-SANS-TEXTE.png","width":512,"height":512,"caption":"Dicodusport"},"image":{"@id":"https:\/\/dicodusport.fr\/blog\/#\/schema\/logo\/image\/"},"sameAs":["https:\/\/www.facebook.com\/dicodusport","https:\/\/x.com\/dicodusport","https:\/\/www.instagram.com\/dicodusport\/","https:\/\/www.youtube.com\/channel\/UC7V2KZ5sd3htJivAbA4ZG3w"],"description":"Dicodusport est l'encyclop\u00e9die de l'actualit\u00e9 sportive.","email":"bonjour@dicodusport.fr","legalName":"DICODUSPORT","foundingDate":"2018-01-14","vatID":"FR71834470973","taxID":"83447097300043","numberOfEmployees":{"@type":"QuantitativeValue","minValue":"1","maxValue":"10"}},{"@type":"Person","@id":"https:\/\/dicodusport.fr\/blog\/#\/schema\/person\/55dcb50ad410894e431ed812bbb70191","name":"Nicolas Jacquemard","image":{"@type":"ImageObject","inLanguage":"fr-FR","@id":"https:\/\/dicodusport.fr\/blog\/#\/schema\/person\/image\/","url":"https:\/\/dicodusport.fr\/blog\/wp-content\/uploads\/2021\/05\/Nicolas-Jacquemard-150x150.jpeg","contentUrl":"https:\/\/dicodusport.fr\/blog\/wp-content\/uploads\/2021\/05\/Nicolas-Jacquemard-150x150.jpeg","caption":"Nicolas Jacquemard"},"description":"Passionn\u00e9 de sport et entrepreneur depuis mes 18 ans, la cr\u00e9ation de Dicodusport m'a sembl\u00e9 \u00e9vidente pour participer \u00e0 la m\u00e9diatisation d'un plus grand nombre de sports. Le chemin est long mais avec une \u00e9quipe des plus motiv\u00e9es et les Jeux Olympiques de Paris 2024 en point de mire, nous y arriverons ! Journaliste dans le monde du sport depuis plus de 5 ans, je traite aussi bien de football, de rugby, de biathlon que de cyclisme.","sameAs":["https:\/\/www.facebook.com\/dicodusport","https:\/\/x.com\/https:\/\/twitter.com\/Nico_Jacquemard"],"url":"https:\/\/dicodusport.fr\/blog\/author\/dicodusport\/"}]}},"_links":{"self":[{"href":"https:\/\/dicodusport.fr\/blog\/wp-json\/wp\/v2\/posts\/497240","targetHints":{"allow":["GET"]}}],"collection":[{"href":"https:\/\/dicodusport.fr\/blog\/wp-json\/wp\/v2\/posts"}],"about":[{"href":"https:\/\/dicodusport.fr\/blog\/wp-json\/wp\/v2\/types\/post"}],"author":[{"embeddable":true,"href":"https:\/\/dicodusport.fr\/blog\/wp-json\/wp\/v2\/users\/1"}],"replies":[{"embeddable":true,"href":"https:\/\/dicodusport.fr\/blog\/wp-json\/wp\/v2\/comments?post=497240"}],"version-history":[{"count":3,"href":"https:\/\/dicodusport.fr\/blog\/wp-json\/wp\/v2\/posts\/497240\/revisions"}],"predecessor-version":[{"id":497299,"href":"https:\/\/dicodusport.fr\/blog\/wp-json\/wp\/v2\/posts\/497240\/revisions\/497299"}],"wp:featuredmedia":[{"embeddable":true,"href":"https:\/\/dicodusport.fr\/blog\/wp-json\/wp\/v2\/media\/497255"}],"wp:attachment":[{"href":"https:\/\/dicodusport.fr\/blog\/wp-json\/wp\/v2\/media?parent=497240"}],"wp:term":[{"taxonomy":"category","embeddable":true,"href":"https:\/\/dicodusport.fr\/blog\/wp-json\/wp\/v2\/categories?post=497240"},{"taxonomy":"post_tag","embeddable":true,"href":"https:\/\/dicodusport.fr\/blog\/wp-json\/wp\/v2\/tags?post=497240"}],"curies":[{"name":"wp","href":"https:\/\/api.w.org\/{rel}","templated":true}]}}