{"id":497499,"date":"2024-07-05T11:00:34","date_gmt":"2024-07-05T09:00:34","guid":{"rendered":"https:\/\/dicodusport.fr\/blog\/?p=497499&#038;preview=true&#038;preview_id=497499"},"modified":"2024-07-05T11:54:09","modified_gmt":"2024-07-05T09:54:09","slug":"ilionis-guillaume-il-y-a-plein-de-fois-ou-jai-voulu-tout-arreter","status":"publish","type":"post","link":"https:\/\/dicodusport.fr\/blog\/ilionis-guillaume-il-y-a-plein-de-fois-ou-jai-voulu-tout-arreter\/","title":{"rendered":"Ilionis Guillaume : \u00ab\u00a0Il y a plein de fois o\u00f9 j&rsquo;ai voulu tout arr\u00eater\u00a0\u00bb"},"content":{"rendered":"<p style=\"text-align: justify;\"><strong><em>ATHL\u00c9TISME &#8211; Entretien avec Ilionis Guillaume, m\u00e9daill\u00e9e de bronze au triple saut, lors des derniers championnats d&rsquo;Europe \u00e0 Rome. Elle vit une ann\u00e9e 2024 de r\u00eave, avec un premier bond en carri\u00e8re \u00e0 plus de 14 m\u00e8tres cet hiver. Le d\u00e9clic, car la licenci\u00e9e \u00e0 Bordeaux Athl\u00e9tisme ne fait que progresser depuis. Au point d&rsquo;avoir r\u00e9alis\u00e9 les minima olympiques. \u00c0 Paris, dans un concours ouvert, avec l&rsquo;absence de Yulimar Rojas, elle peut d\u00e9fendre ses chances. Elle raconte aussi ses ann\u00e9es de gal\u00e8re, elle qui a \u00e9t\u00e9 une cadette prodige.<\/em><\/strong><\/p>\n<ul>\n<li style=\"text-align: justify;\"><strong>\u00c0 ce sujet &#8211; <a href=\"https:\/\/dicodusport.fr\/blog\/athletisme-jo-2024-les-francais-qui-ont-realise-les-minima\/\">Les Fran\u00e7ais qui ont fait les minima olympiques<\/a><\/strong><\/li>\n<\/ul>\n<h2 style=\"text-align: justify;\">Ilionis Guillaume : \u00ab\u00a0Cette m\u00e9daille est importante, il faut que j&rsquo;en sois fi\u00e8re\u00a0\u00bb<\/h2>\n<h3 style=\"text-align: justify;\">Tu as fait le choix de la prudence aux \u00c9lites, en ne sautant pas, tout va bien ?<\/h3>\n<p style=\"text-align: justify;\"><strong>Ilionis Guillaume<\/strong> : Oui cela va bien, j&rsquo;ai juste eu une petite g\u00eane. Je pense que c&rsquo;est l&rsquo;encha\u00eenement et la fatigue. Il fallait vraiment que j&rsquo;\u00e9coute mon corps.<\/p>\n<h3 style=\"text-align: justify;\">Tu prends la 3e place des championnats d&rsquo;Europe, c&rsquo;est beaucoup d&rsquo;\u00e9motions ces derniers jours.<\/h3>\n<p style=\"text-align: justify;\">C&rsquo;est exactement cela. Je ne pensais pas que cela allait autant me prendre, en termes d&rsquo;\u00e9nergie et nerveusement. C&rsquo;est pour cela que j&rsquo;ai mis du temps \u00e0 r\u00e9cup\u00e9rer. Je suis en train de remonter petit \u00e0 petit.<\/p>\n<h3 style=\"text-align: justify;\">Tu as ressenti quoi, quand tu as compris que tu allais \u00eatre m\u00e9daill\u00e9e ?<\/h3>\n<p style=\"text-align: justify;\">Comme on a pu voir au d\u00e9but, j&rsquo;ai une d\u00e9ception, car je cherchais vraiment le titre. J&rsquo;avais oubli\u00e9 que c&rsquo;\u00e9tait un championnat et qu&rsquo;on \u00e9tait l\u00e0 aussi pour une m\u00e9daille. J&rsquo;ai eu une m\u00e9daille et je me suis rappel\u00e9 que cela faisait six ans que j&rsquo;\u00e9tais absente dans le monde de l&rsquo;athl\u00e9tisme. Mais que je suis en train de remonter la pente, petit \u00e0 petit. C&rsquo;est \u00e0 partir de l\u00e0 que j&rsquo;ai relativis\u00e9. Cette m\u00e9daille est importante. Et il faut que j&rsquo;en sois fi\u00e8re.<\/p>\n<h3 style=\"text-align: justify;\">Dans un concours o\u00f9 tu vas chercher cette m\u00e9daille au bout du bout, avec un record.<\/h3>\n<p style=\"text-align: justify;\">Oui, j&rsquo;\u00e9tais r\u00e9ellement satisfaite et contente de moi.<\/p>\n<h2 style=\"text-align: justify;\">Ilionis Guillaume : \u00ab\u00a0On a beaucoup travaill\u00e9 mentalement sur le fait que j&rsquo;en avais marre d&rsquo;\u00eatre dans un trou\u00a0\u00bb<\/h2>\n<h3 style=\"text-align: justify;\">Dans la foul\u00e9e, tu r\u00e9alises les minima olympiques, comment as-tu fait pour aussi vite te remobiliser ?<\/h3>\n<p style=\"text-align: justify;\">Pour \u00eatre honn\u00eate, j&rsquo;\u00e9tais un peu dans le <em>down<\/em> apr\u00e8s les Europe. Notamment \u00e9motionnellement. Madrid ne s&rsquo;est pas tr\u00e8s bien pass\u00e9 pour moi, car je ne fais que 14.39 m.<\/p>\n<h3 style=\"text-align: justify;\">Mais tu bats Ana Peleteiro&#8230;<\/h3>\n<p style=\"text-align: justify;\">Oui. Je suis tout le temps comp\u00e9titrice et je sais que ce sont des filles qui seront l\u00e0 aux JO. C&rsquo;est maintenant qu&rsquo;il faut que je commence \u00e0 les taquiner. Pour Guadalajara, ce n&rsquo;\u00e9tait pas du tout une comp\u00e9tition pr\u00e9vue au programme. Je pense que c&rsquo;\u00e9tait gr\u00e2ce \u00e0 cela que j&rsquo;ai pu faire les minima. Je n&rsquo;ai ni calcul\u00e9 ni pr\u00e9par\u00e9 la comp\u00e9tition. Ce n&rsquo;\u00e9tait que dans le rel\u00e2chement.<\/p>\n<h3 style=\"text-align: justify;\">Tu imaginais un mois de juin comme cela ?<\/h3>\n<p style=\"text-align: justify;\">C&rsquo;est vrai ! Mais je sais que je suis capable de mieux et j&rsquo;ai h\u00e2te.<\/p>\n<h3 style=\"text-align: justify;\">Il y a eu ce d\u00e9clic cet hiver et ton premier concours \u00e0 plus de 14 m\u00e8tres. Tu peux nous expliquer comment tu as trouv\u00e9 ce d\u00e9clic ?<\/h3>\n<p style=\"text-align: justify;\">Je pense que c&rsquo;est le travail en amont avec le coach. On a beaucoup travaill\u00e9 mentalement sur le fait que j&rsquo;en avais marre d&rsquo;\u00eatre dans un trou. C&rsquo;est l&rsquo;accomplissement de tout ce qu&rsquo;on a fait \u00e0 l&rsquo;entra\u00eenement. C&rsquo;est vraiment le d\u00e9but du d\u00e9but.<\/p>\n<h3 style=\"text-align: justify;\">Avais-tu besoin de ce saut pour valider ce que tu faisais \u00e0 l&rsquo;entra\u00eenement ?<\/h3>\n<p style=\"text-align: justify;\">Je le faisais d\u00e9j\u00e0 \u00e0 l&rsquo;entra\u00eenement. Mais comme je disais, aux championnats de France, on est l\u00e0 pour la m\u00e9daille. Je pensais \u00e0 la m\u00e9daille et je n&rsquo;\u00e9tais pas trop \u00e0 r\u00e9fl\u00e9chir sur la performance.<\/p>\n<div class=\"vlp-link-container vlp-layout-article\"><a href=\"https:\/\/dicodusport.fr\/blog\/athletisme-championnats-deurope-2024-ilionis-guillaume-en-bronze-au-triple-saut\/\" class=\"vlp-link\" title=\"Athl\u00e9tisme Championnats d&#039;Europe 2024 : Ilionis Guillaume en bronze au triple saut\"><\/a><div class=\"vlp-layout-zone-side\"><div class=\"vlp-block-4 vlp-link-image\"><img loading=\"lazy\" decoding=\"async\" style=\"max-width: 792px;\" width=\"792\" height=\"445\" src=\"https:\/\/dicodusport.fr\/blog\/wp-content\/uploads\/2024\/06\/Athletisme-Championnats-dEurope-2024-Ilionis-Guillaume-en-bronze-au-triple-saut.png\" class=\"attachment-800x445 size-800x445\" alt=\"Athl\u00e9tisme Championnats d&#039;Europe 2024 Ilionis Guillaume en bronze au triple saut\" srcset=\"https:\/\/dicodusport.fr\/blog\/wp-content\/uploads\/2024\/06\/Athletisme-Championnats-dEurope-2024-Ilionis-Guillaume-en-bronze-au-triple-saut.png 1200w, https:\/\/dicodusport.fr\/blog\/wp-content\/uploads\/2024\/06\/Athletisme-Championnats-dEurope-2024-Ilionis-Guillaume-en-bronze-au-triple-saut-300x169.png 300w, https:\/\/dicodusport.fr\/blog\/wp-content\/uploads\/2024\/06\/Athletisme-Championnats-dEurope-2024-Ilionis-Guillaume-en-bronze-au-triple-saut-1024x575.png 1024w, https:\/\/dicodusport.fr\/blog\/wp-content\/uploads\/2024\/06\/Athletisme-Championnats-dEurope-2024-Ilionis-Guillaume-en-bronze-au-triple-saut-768x431.png 768w\" sizes=\"auto, (max-width: 792px) 100vw, 792px\" \/><\/div><\/div><div class=\"vlp-layout-zone-main\"><div class=\"vlp-block-0 vlp-link-title\">Athl\u00e9tisme Championnats d'Europe 2024 : Ilionis Guillaume en bronze au triple saut<\/div><div class=\"vlp-block-1 vlp-link-summary\">Ilionis Guillaume s'empare du bronze au triple saut.<\/div><div class=\"vlp-block-2 vlp-link-button\">Lire l'article<\/div><div class=\"vlp-block-3 vlp-link-url\">dicodusport.fr<\/div><\/div><\/div>\n<h2 style=\"text-align: justify;\">Ilionis Guillaume : \u00ab\u00a0J&rsquo;ai crois\u00e9 Gr\u00e9gory qui m&rsquo;a dit : Viens, on fait une s\u00e9ance pour essayer\u00a0\u00bb<\/h2>\n<h3 style=\"text-align: justify;\">Et aux Mondiaux en salle, tu es finaliste, tout va dans le bon sens.<\/h3>\n<p style=\"text-align: justify;\">C&rsquo;est vrai. Et \u00e0 ce moment-l\u00e0, je remonte la pente. On \u00e9tait satisfait de ces 14.01 m. Et aujourd&rsquo;hui, je suis \u00e0 plus de 14.50 m.<\/p>\n<h3 style=\"text-align: justify;\">Tout est all\u00e9 vite.<\/h3>\n<p style=\"text-align: justify;\">C&rsquo;est vrai.<\/p>\n<h3 style=\"text-align: justify;\">Il y a eu une grande progression.<\/h3>\n<p style=\"text-align: justify;\">Et je suis r\u00e9guli\u00e8re et m\u00eame r\u00e9guli\u00e8re sur des planches qui ne sont pas du tout bonnes. C&rsquo;est vraiment de tr\u00e8s bon augure pour la suite.<\/p>\n<h3 style=\"text-align: justify;\">Tu as \u00e9t\u00e9 une cadette prodige, forte partout. Est-ce que tu as ressenti une pression ?<\/h3>\n<p style=\"text-align: justify;\">Franchement non. Quand j&rsquo;\u00e9tais cadette, c&rsquo;\u00e9tait r\u00e9ellement du plaisir. Je ne dis pas que ce n&rsquo;est plus le cas, mais c&rsquo;est beaucoup plus professionnel. Il y a toujours du plaisir, mais un peu moins. Je ne sentais pas la pression. C&rsquo;\u00e9tait vraiment que du kiff.<\/p>\n<h3 style=\"text-align: justify;\">Tu \u00e9tais dou\u00e9e partout, qu&rsquo;est-ce qui t&rsquo;a amen\u00e9 \u00e0 choisir le triple saut ?<\/h3>\n<p style=\"text-align: justify;\">J&rsquo;ai chang\u00e9 de coach et je suis partie \u00e0 Saint-Rapha\u00ebl. Je suis partie sur les haies et le triple saut. Petit \u00e0 petit, cela s&rsquo;est fait tout seul sur le triple saut.<\/p>\n<h3 style=\"text-align: justify;\">Tu as connu des ann\u00e9es plus difficiles. Comment as-tu tenu durant ces ann\u00e9es ?<\/h3>\n<p style=\"text-align: justify;\">Je ne sais pas franchement. On peut dire que c&rsquo;est la folie. Je n&rsquo;arriverais pas \u00e0 trouver de r\u00e9ponse, cela s&rsquo;est fait tout seul. Il y a plein de fois o\u00f9 j&rsquo;ai voulu arr\u00eater l&rsquo;athl\u00e9tisme. Avant m\u00eame de venir \u00e0 Paris et de changer de club. Je devais venir \u00e0 Paris prendre mon billet d&rsquo;avion et m&rsquo;envoler aux \u00c9tats-Unis. Pour plus revenir en France et plus qu&rsquo;on ne me parle d&rsquo;athl\u00e9tisme. C&rsquo;est l\u00e0 que j&rsquo;ai crois\u00e9 Gr\u00e9gory qui m&rsquo;a dit : \u00ab\u00a0Viens, on fait une s\u00e9ance pour essayer\u00a0\u00bb. J&rsquo;ai vu qu&rsquo;il y avait quelque chose et que je risquais d&rsquo;abandonner quelque chose. C&rsquo;est pour cela que j&rsquo;ai continu\u00e9.<\/p>\n<h2 style=\"text-align: justify;\">Ilionis Guillaume : \u00ab\u00a0Le fait d&rsquo;\u00eatre all\u00e9e \u00e0 Ha\u00efti a contribu\u00e9 \u00e0 mon d\u00e9clic\u00a0\u00bb<\/h2>\n<h3 style=\"text-align: justify;\">Si tu devais recroiser la Ilionis plus jeune, qu&rsquo;est-ce que tu lui dirais ?<\/h3>\n<p style=\"text-align: justify;\">Continue de r\u00eaver, continue de croire. De ne pas me prendre la t\u00eate sur tous les probl\u00e8mes que j&rsquo;ai eus. Car c&rsquo;est cela qui m&rsquo;a fait vraiment freiner. Mais c&rsquo;est aussi cela qui m&rsquo;a fait apprendre et fait celle que je suis aujourd&rsquo;hui.<\/p>\n<h3 style=\"text-align: justify;\">Est-ce que les gens avaient oubli\u00e9 que tu \u00e9tais encore jeune et que tu es encore jeune ?<\/h3>\n<p style=\"text-align: justify;\">J&rsquo;ai l&rsquo;impression que c&rsquo;est le sport. On ne parle que de performances et que peu de personnalit\u00e9 et des histoires, des probl\u00e8mes dans la vie. Quand on rentre dans le domaine du sport, on ne parle que du sportif et de la performance. C&rsquo;est s\u00fbr, mais cela fait partie du domaine du sport.<\/p>\n<h3 style=\"text-align: justify;\">Est-ce que tu penses que ton parcours peut inspirer d&rsquo;autres athl\u00e8tes qui auraient envie de tout balancer ?<\/h3>\n<p style=\"text-align: justify;\">J&rsquo;en suis s\u00fbre. Surtout, j&rsquo;ai \u00e9t\u00e9 adopt\u00e9e. Je sais qu&rsquo;il y en a beaucoup dans l&rsquo;athl\u00e9tisme. On se retrouve avec soi-m\u00eame, mais aussi mettre nos incompr\u00e9hensions dans le sport. On a toujours eu un moment de latence, \u00e0 se chercher. J&rsquo;ai pu parler \u00e0 ces personnes-l\u00e0. On avait \u00e0 peu pr\u00e8s la m\u00eame histoire. Cela fait plaisir de pouvoir montrer aux athl\u00e8tes qu&rsquo;on peut y arriver, qu&rsquo;on peut s&rsquo;\u00e9panouir.<\/p>\n<h3 style=\"text-align: justify;\">Tu as cette attache avec Ha\u00efti, la situation n&rsquo;est pas facile en ce moment. Est-ce que tu as envie de performer ?<\/h3>\n<p style=\"text-align: justify;\">Mon c\u0153ur est avec Ha\u00efti, mais je suis tr\u00e8s reconnaissante de ce que la France m&rsquo;a apport\u00e9.<\/p>\n<h3 style=\"text-align: justify;\">On ne t&rsquo;en voudra pas d&rsquo;aimer Ha\u00efti, y compris vu le contexte actuel.<\/h3>\n<p style=\"text-align: justify;\">(Elle rit) C&rsquo;est vrai que les m\u00e9dias peuvent montrer Ha\u00efti comme un mauvais pays. Mais ce n&rsquo;est que dans certains endroits. Le reste est paradisiaque. J&rsquo;ai pu y aller et cela m&rsquo;a fait grandement du bien. Je suis s\u00fbre que cela a jou\u00e9 dans mon d\u00e9clic et je suis contente.<\/p>\n<div class=\"vlp-link-container vlp-layout-article\"><a href=\"https:\/\/dicodusport.fr\/blog\/athletisme-minima-olympiques-pour-ilionis-guillaume-au-triple-saut\/\" class=\"vlp-link\" title=\"Athl\u00e9tisme : Minima olympiques pour Ilionis Guillaume au triple saut\"><\/a><div class=\"vlp-layout-zone-side\"><div class=\"vlp-block-4 vlp-link-image\"><img loading=\"lazy\" decoding=\"async\" style=\"max-width: 792px;\" width=\"792\" height=\"445\" src=\"https:\/\/dicodusport.fr\/blog\/wp-content\/uploads\/2024\/06\/Athletisme-Minima-olympiques-pour-Ilionis-Guillaume-au-triple-saut.png\" class=\"attachment-800x445 size-800x445\" alt=\"Athl\u00e9tisme : Minima olympiques pour Ilionis Guillaume au triple saut\" srcset=\"https:\/\/dicodusport.fr\/blog\/wp-content\/uploads\/2024\/06\/Athletisme-Minima-olympiques-pour-Ilionis-Guillaume-au-triple-saut.png 1200w, https:\/\/dicodusport.fr\/blog\/wp-content\/uploads\/2024\/06\/Athletisme-Minima-olympiques-pour-Ilionis-Guillaume-au-triple-saut-300x169.png 300w, https:\/\/dicodusport.fr\/blog\/wp-content\/uploads\/2024\/06\/Athletisme-Minima-olympiques-pour-Ilionis-Guillaume-au-triple-saut-1024x575.png 1024w, https:\/\/dicodusport.fr\/blog\/wp-content\/uploads\/2024\/06\/Athletisme-Minima-olympiques-pour-Ilionis-Guillaume-au-triple-saut-768x431.png 768w\" sizes=\"auto, (max-width: 792px) 100vw, 792px\" \/><\/div><\/div><div class=\"vlp-layout-zone-main\"><div class=\"vlp-block-0 vlp-link-title\">Athl\u00e9tisme : Minima olympiques pour Ilionis Guillaume au triple saut<\/div><div class=\"vlp-block-1 vlp-link-summary\">ATHL\u00c9TISME - Ilionis Guillaume a r\u00e9alis\u00e9 les minima olympiques au triple saut, avec un record personnel port\u00e9 \u00e0 14.59 m ce dimanche.<\/div><div class=\"vlp-block-2 vlp-link-button\">Lire l'article<\/div><div class=\"vlp-block-3 vlp-link-url\">dicodusport.fr<\/div><\/div><\/div>\n<h2 style=\"text-align: justify;\">Ilionis Guillaume : \u00ab\u00a0J&rsquo;ai pu voir le public vraiment avec moi\u00a0\u00bb<\/h2>\n<h3 style=\"text-align: justify;\">On est \u00e0 un mois des JO, l&rsquo;objectif d&rsquo;une vie. Comment l&rsquo;abordes-tu ?<\/h3>\n<p style=\"text-align: justify;\">J&rsquo;ai h\u00e2te, tout en restant dans le moment pr\u00e9sent. Pour ne pas trop me projeter. Je veux prendre step by step pour pouvoir performer l\u00e0-bas.<\/p>\n<h3 style=\"text-align: justify;\">T&rsquo;es-tu fix\u00e9e un objectif ?<\/h3>\n<p style=\"text-align: justify;\">Oui, mais je vais le garder pour moi (rires).<\/p>\n<h3 style=\"text-align: justify;\">C&rsquo;est vrai que tu peux \u00eatre une vraie outsider, dans un concours ouvert. Pourquoi pas une deuxi\u00e8me surprise \u00e0 Paris ?<\/h3>\n<p style=\"text-align: justify;\">Rien n&rsquo;est impossible.<\/p>\n<h3 style=\"text-align: justify;\">Le fait d&rsquo;\u00eatre \u00e0 Paris, c&rsquo;est aussi une motivation.<\/h3>\n<p style=\"text-align: justify;\">Oui, cela joue beaucoup. Surtout dans les derni\u00e8res comp\u00e9titions que j&rsquo;ai pu faire, j&rsquo;ai pu voir le public vraiment avec moi. Je sais que cela va me transcender \u00e0 Paris et m&rsquo;aider \u00e0 donner le meilleur de moi-m\u00eame.<\/p>\n<p>&nbsp;<\/p>\n","protected":false},"excerpt":{"rendered":"<p>\u00ab\u00a0Il y a plein de fois o\u00f9 j&rsquo;ai voulu tout arr\u00eater\u00a0\u00bb.<\/p>\n","protected":false},"author":83,"featured_media":497530,"comment_status":"open","ping_status":"closed","sticky":false,"template":"","format":"standard","meta":{"_acf_changed":false,"_daextam_enable_autolinks":"1","footnotes":""},"categories":[2308],"tags":[143,16878,38185,24,8908],"class_list":["post-497499","post","type-post","status-publish","format-standard","has-post-thumbnail","hentry","category-athletisme","tag-athletisme","tag-breve","tag-ilionis-guillaume","tag-sport","tag-triple-saut"],"acf":[],"yoast_head":"<!-- This site is optimized with the Yoast SEO Premium plugin v26.7 (Yoast SEO v26.7) - https:\/\/yoast.com\/wordpress\/plugins\/seo\/ -->\n<title>Ilionis Guillaume : &quot;Il y a plein de fois o\u00f9 j&#039;ai voulu tout arr\u00eater&quot;<\/title>\n<meta name=\"description\" content=\"ATHL\u00c9TISME - Entretien avec Ilionis Guillaume, m\u00e9daill\u00e9e de bronze au triple saut, lors des derniers championnats d&#039;Europe \u00e0 Rome.\" \/>\n<meta name=\"robots\" content=\"index, follow, max-snippet:-1, max-image-preview:large, max-video-preview:-1\" \/>\n<link rel=\"canonical\" href=\"https:\/\/dicodusport.fr\/blog\/ilionis-guillaume-il-y-a-plein-de-fois-ou-jai-voulu-tout-arreter\/\" \/>\n<meta property=\"og:locale\" content=\"fr_FR\" \/>\n<meta property=\"og:type\" content=\"article\" \/>\n<meta property=\"og:title\" content=\"Ilionis Guillaume : &quot;Il y a plein de fois o\u00f9 j&#039;ai voulu tout arr\u00eater&quot;\" \/>\n<meta property=\"og:description\" content=\"ATHL\u00c9TISME - Entretien avec Ilionis Guillaume, m\u00e9daill\u00e9e de bronze au triple saut, lors des derniers championnats d&#039;Europe \u00e0 Rome.\" \/>\n<meta property=\"og:url\" content=\"https:\/\/dicodusport.fr\/blog\/ilionis-guillaume-il-y-a-plein-de-fois-ou-jai-voulu-tout-arreter\/\" \/>\n<meta property=\"og:site_name\" content=\"Dicodusport\" \/>\n<meta property=\"article:publisher\" content=\"https:\/\/www.facebook.com\/dicodusport\" \/>\n<meta property=\"article:published_time\" content=\"2024-07-05T09:00:34+00:00\" \/>\n<meta property=\"article:modified_time\" content=\"2024-07-05T09:54:09+00:00\" \/>\n<meta property=\"og:image\" content=\"https:\/\/dicodusport.fr\/blog\/wp-content\/uploads\/2024\/07\/Ilionis-Guillaume-Il-y-a-plein-de-fois-ou-jai-voulu-tout-arreter.png\" \/>\n\t<meta property=\"og:image:width\" content=\"1200\" \/>\n\t<meta property=\"og:image:height\" content=\"674\" \/>\n\t<meta property=\"og:image:type\" content=\"image\/png\" \/>\n<meta name=\"author\" content=\"Etienne Goursaud\" \/>\n<meta name=\"twitter:card\" content=\"summary_large_image\" \/>\n<meta name=\"twitter:title\" content=\"Ilionis Guillaume : &quot;Il y a plein de fois o\u00f9 j&#039;ai voulu tout arr\u00eater&quot;\" \/>\n<meta name=\"twitter:creator\" content=\"@dicodusport\" \/>\n<meta name=\"twitter:site\" content=\"@dicodusport\" \/>\n<script type=\"application\/ld+json\" class=\"yoast-schema-graph\">{\"@context\":\"https:\/\/schema.org\",\"@graph\":[{\"@type\":\"NewsArticle\",\"@id\":\"https:\/\/dicodusport.fr\/blog\/ilionis-guillaume-il-y-a-plein-de-fois-ou-jai-voulu-tout-arreter\/#article\",\"isPartOf\":{\"@id\":\"https:\/\/dicodusport.fr\/blog\/ilionis-guillaume-il-y-a-plein-de-fois-ou-jai-voulu-tout-arreter\/\"},\"author\":{\"name\":\"Etienne Goursaud\",\"@id\":\"https:\/\/dicodusport.fr\/blog\/#\/schema\/person\/d603dd7da31fb2b46c82b9835a77ec13\"},\"headline\":\"Ilionis Guillaume : \u00ab\u00a0Il y a plein de fois o\u00f9 j&rsquo;ai voulu tout arr\u00eater\u00a0\u00bb\",\"datePublished\":\"2024-07-05T09:00:34+00:00\",\"dateModified\":\"2024-07-05T09:54:09+00:00\",\"mainEntityOfPage\":{\"@id\":\"https:\/\/dicodusport.fr\/blog\/ilionis-guillaume-il-y-a-plein-de-fois-ou-jai-voulu-tout-arreter\/\"},\"wordCount\":1754,\"commentCount\":0,\"publisher\":{\"@id\":\"https:\/\/dicodusport.fr\/blog\/#organization\"},\"image\":{\"@id\":\"https:\/\/dicodusport.fr\/blog\/ilionis-guillaume-il-y-a-plein-de-fois-ou-jai-voulu-tout-arreter\/#primaryimage\"},\"thumbnailUrl\":\"https:\/\/dicodusport.fr\/blog\/wp-content\/uploads\/2024\/07\/Ilionis-Guillaume-Il-y-a-plein-de-fois-ou-jai-voulu-tout-arreter.png\",\"keywords\":[\"Athl\u00e9tisme\",\"br\u00e8ve\",\"Ilionis Guillaume\",\"sport\",\"triple saut\"],\"articleSection\":[\"Athl\u00e9tisme\"],\"inLanguage\":\"fr-FR\",\"potentialAction\":[{\"@type\":\"CommentAction\",\"name\":\"Comment\",\"target\":[\"https:\/\/dicodusport.fr\/blog\/ilionis-guillaume-il-y-a-plein-de-fois-ou-jai-voulu-tout-arreter\/#respond\"]}],\"copyrightYear\":\"2024\",\"copyrightHolder\":{\"@id\":\"https:\/\/dicodusport.fr\/blog\/#organization\"}},{\"@type\":\"WebPage\",\"@id\":\"https:\/\/dicodusport.fr\/blog\/ilionis-guillaume-il-y-a-plein-de-fois-ou-jai-voulu-tout-arreter\/\",\"url\":\"https:\/\/dicodusport.fr\/blog\/ilionis-guillaume-il-y-a-plein-de-fois-ou-jai-voulu-tout-arreter\/\",\"name\":\"Ilionis Guillaume : \\\"Il y a plein de fois o\u00f9 j'ai voulu tout arr\u00eater\\\"\",\"isPartOf\":{\"@id\":\"https:\/\/dicodusport.fr\/blog\/#website\"},\"primaryImageOfPage\":{\"@id\":\"https:\/\/dicodusport.fr\/blog\/ilionis-guillaume-il-y-a-plein-de-fois-ou-jai-voulu-tout-arreter\/#primaryimage\"},\"image\":{\"@id\":\"https:\/\/dicodusport.fr\/blog\/ilionis-guillaume-il-y-a-plein-de-fois-ou-jai-voulu-tout-arreter\/#primaryimage\"},\"thumbnailUrl\":\"https:\/\/dicodusport.fr\/blog\/wp-content\/uploads\/2024\/07\/Ilionis-Guillaume-Il-y-a-plein-de-fois-ou-jai-voulu-tout-arreter.png\",\"datePublished\":\"2024-07-05T09:00:34+00:00\",\"dateModified\":\"2024-07-05T09:54:09+00:00\",\"description\":\"ATHL\u00c9TISME - Entretien avec Ilionis Guillaume, m\u00e9daill\u00e9e de bronze au triple saut, lors des derniers championnats d'Europe \u00e0 Rome.\",\"breadcrumb\":{\"@id\":\"https:\/\/dicodusport.fr\/blog\/ilionis-guillaume-il-y-a-plein-de-fois-ou-jai-voulu-tout-arreter\/#breadcrumb\"},\"inLanguage\":\"fr-FR\",\"potentialAction\":[{\"@type\":\"ReadAction\",\"target\":[\"https:\/\/dicodusport.fr\/blog\/ilionis-guillaume-il-y-a-plein-de-fois-ou-jai-voulu-tout-arreter\/\"]}]},{\"@type\":\"ImageObject\",\"inLanguage\":\"fr-FR\",\"@id\":\"https:\/\/dicodusport.fr\/blog\/ilionis-guillaume-il-y-a-plein-de-fois-ou-jai-voulu-tout-arreter\/#primaryimage\",\"url\":\"https:\/\/dicodusport.fr\/blog\/wp-content\/uploads\/2024\/07\/Ilionis-Guillaume-Il-y-a-plein-de-fois-ou-jai-voulu-tout-arreter.png\",\"contentUrl\":\"https:\/\/dicodusport.fr\/blog\/wp-content\/uploads\/2024\/07\/Ilionis-Guillaume-Il-y-a-plein-de-fois-ou-jai-voulu-tout-arreter.png\",\"width\":1200,\"height\":674,\"caption\":\"Ilionis Guillaume : \\\"Il y a plein de fois o\u00f9 j'ai voulu tout arr\u00eater\\\"\"},{\"@type\":\"BreadcrumbList\",\"@id\":\"https:\/\/dicodusport.fr\/blog\/ilionis-guillaume-il-y-a-plein-de-fois-ou-jai-voulu-tout-arreter\/#breadcrumb\",\"itemListElement\":[{\"@type\":\"ListItem\",\"position\":1,\"name\":\"Accueil\",\"item\":\"https:\/\/dicodusport.fr\/blog\/\"},{\"@type\":\"ListItem\",\"position\":2,\"name\":\"Ilionis Guillaume : \u00ab\u00a0Il y a plein de fois o\u00f9 j&rsquo;ai voulu tout arr\u00eater\u00a0\u00bb\"}]},{\"@type\":\"WebSite\",\"@id\":\"https:\/\/dicodusport.fr\/blog\/#website\",\"url\":\"https:\/\/dicodusport.fr\/blog\/\",\"name\":\"Dicodusport\",\"description\":\"L&#039;encyclop\u00e9die de l&#039;actualit\u00e9 sportive\",\"publisher\":{\"@id\":\"https:\/\/dicodusport.fr\/blog\/#organization\"},\"potentialAction\":[{\"@type\":\"SearchAction\",\"target\":{\"@type\":\"EntryPoint\",\"urlTemplate\":\"https:\/\/dicodusport.fr\/blog\/?s={search_term_string}\"},\"query-input\":{\"@type\":\"PropertyValueSpecification\",\"valueRequired\":true,\"valueName\":\"search_term_string\"}}],\"inLanguage\":\"fr-FR\"},{\"@type\":\"NewsMediaOrganization\",\"@id\":\"https:\/\/dicodusport.fr\/blog\/#organization\",\"name\":\"Dicodusport\",\"url\":\"https:\/\/dicodusport.fr\/blog\/\",\"logo\":{\"@type\":\"ImageObject\",\"inLanguage\":\"fr-FR\",\"@id\":\"https:\/\/dicodusport.fr\/blog\/#\/schema\/logo\/image\/\",\"url\":\"https:\/\/dicodusport.fr\/blog\/wp-content\/uploads\/2020\/06\/cropped-LOGO-DICODUSPORT-2020-SANS-FOND-SANS-TEXTE.png\",\"contentUrl\":\"https:\/\/dicodusport.fr\/blog\/wp-content\/uploads\/2020\/06\/cropped-LOGO-DICODUSPORT-2020-SANS-FOND-SANS-TEXTE.png\",\"width\":512,\"height\":512,\"caption\":\"Dicodusport\"},\"image\":{\"@id\":\"https:\/\/dicodusport.fr\/blog\/#\/schema\/logo\/image\/\"},\"sameAs\":[\"https:\/\/www.facebook.com\/dicodusport\",\"https:\/\/x.com\/dicodusport\",\"https:\/\/www.instagram.com\/dicodusport\/\",\"https:\/\/www.youtube.com\/channel\/UC7V2KZ5sd3htJivAbA4ZG3w\"],\"description\":\"Dicodusport est l'encyclop\u00e9die de l'actualit\u00e9 sportive.\",\"email\":\"bonjour@dicodusport.fr\",\"legalName\":\"DICODUSPORT\",\"foundingDate\":\"2018-01-14\",\"vatID\":\"FR71834470973\",\"taxID\":\"83447097300043\",\"numberOfEmployees\":{\"@type\":\"QuantitativeValue\",\"minValue\":\"1\",\"maxValue\":\"10\"}},{\"@type\":\"Person\",\"@id\":\"https:\/\/dicodusport.fr\/blog\/#\/schema\/person\/d603dd7da31fb2b46c82b9835a77ec13\",\"name\":\"Etienne Goursaud\",\"image\":{\"@type\":\"ImageObject\",\"inLanguage\":\"fr-FR\",\"@id\":\"https:\/\/dicodusport.fr\/blog\/#\/schema\/person\/image\/\",\"url\":\"https:\/\/dicodusport.fr\/blog\/wp-content\/uploads\/2023\/12\/410122264_10231602061736049_5565839791558026645_n-150x150.jpg\",\"contentUrl\":\"https:\/\/dicodusport.fr\/blog\/wp-content\/uploads\/2023\/12\/410122264_10231602061736049_5565839791558026645_n-150x150.jpg\",\"caption\":\"Etienne Goursaud\"},\"description\":\"Journaliste et amoureux de sport. Ancien footballeur reconverti athl\u00e8te quand ses muscles le laissent tranquille. \u00c9lev\u00e9 \u00e0 la sauce des exploits de Thomas Voeckler en 2004, du dernier essai de l\u00e9gende de Eunice Barber \u00e0 la longueur lors des championnats du monde d'athl\u00e9tisme de 2003 mais aussi Zidane, Omeyer et Titou Lamaison.\",\"url\":\"https:\/\/dicodusport.fr\/blog\/author\/etienne-goursaud\/\"}]}<\/script>\n<!-- \/ Yoast SEO Premium plugin. -->","yoast_head_json":{"title":"Ilionis Guillaume : \"Il y a plein de fois o\u00f9 j'ai voulu tout arr\u00eater\"","description":"ATHL\u00c9TISME - Entretien avec Ilionis Guillaume, m\u00e9daill\u00e9e de bronze au triple saut, lors des derniers championnats d'Europe \u00e0 Rome.","robots":{"index":"index","follow":"follow","max-snippet":"max-snippet:-1","max-image-preview":"max-image-preview:large","max-video-preview":"max-video-preview:-1"},"canonical":"https:\/\/dicodusport.fr\/blog\/ilionis-guillaume-il-y-a-plein-de-fois-ou-jai-voulu-tout-arreter\/","og_locale":"fr_FR","og_type":"article","og_title":"Ilionis Guillaume : \"Il y a plein de fois o\u00f9 j'ai voulu tout arr\u00eater\"","og_description":"ATHL\u00c9TISME - Entretien avec Ilionis Guillaume, m\u00e9daill\u00e9e de bronze au triple saut, lors des derniers championnats d'Europe \u00e0 Rome.","og_url":"https:\/\/dicodusport.fr\/blog\/ilionis-guillaume-il-y-a-plein-de-fois-ou-jai-voulu-tout-arreter\/","og_site_name":"Dicodusport","article_publisher":"https:\/\/www.facebook.com\/dicodusport","article_published_time":"2024-07-05T09:00:34+00:00","article_modified_time":"2024-07-05T09:54:09+00:00","og_image":[{"width":1200,"height":674,"url":"https:\/\/dicodusport.fr\/blog\/wp-content\/uploads\/2024\/07\/Ilionis-Guillaume-Il-y-a-plein-de-fois-ou-jai-voulu-tout-arreter.png","type":"image\/png"}],"author":"Etienne Goursaud","twitter_card":"summary_large_image","twitter_title":"Ilionis Guillaume : \"Il y a plein de fois o\u00f9 j'ai voulu tout arr\u00eater\"","twitter_creator":"@dicodusport","twitter_site":"@dicodusport","schema":{"@context":"https:\/\/schema.org","@graph":[{"@type":"NewsArticle","@id":"https:\/\/dicodusport.fr\/blog\/ilionis-guillaume-il-y-a-plein-de-fois-ou-jai-voulu-tout-arreter\/#article","isPartOf":{"@id":"https:\/\/dicodusport.fr\/blog\/ilionis-guillaume-il-y-a-plein-de-fois-ou-jai-voulu-tout-arreter\/"},"author":{"name":"Etienne Goursaud","@id":"https:\/\/dicodusport.fr\/blog\/#\/schema\/person\/d603dd7da31fb2b46c82b9835a77ec13"},"headline":"Ilionis Guillaume : \u00ab\u00a0Il y a plein de fois o\u00f9 j&rsquo;ai voulu tout arr\u00eater\u00a0\u00bb","datePublished":"2024-07-05T09:00:34+00:00","dateModified":"2024-07-05T09:54:09+00:00","mainEntityOfPage":{"@id":"https:\/\/dicodusport.fr\/blog\/ilionis-guillaume-il-y-a-plein-de-fois-ou-jai-voulu-tout-arreter\/"},"wordCount":1754,"commentCount":0,"publisher":{"@id":"https:\/\/dicodusport.fr\/blog\/#organization"},"image":{"@id":"https:\/\/dicodusport.fr\/blog\/ilionis-guillaume-il-y-a-plein-de-fois-ou-jai-voulu-tout-arreter\/#primaryimage"},"thumbnailUrl":"https:\/\/dicodusport.fr\/blog\/wp-content\/uploads\/2024\/07\/Ilionis-Guillaume-Il-y-a-plein-de-fois-ou-jai-voulu-tout-arreter.png","keywords":["Athl\u00e9tisme","br\u00e8ve","Ilionis Guillaume","sport","triple saut"],"articleSection":["Athl\u00e9tisme"],"inLanguage":"fr-FR","potentialAction":[{"@type":"CommentAction","name":"Comment","target":["https:\/\/dicodusport.fr\/blog\/ilionis-guillaume-il-y-a-plein-de-fois-ou-jai-voulu-tout-arreter\/#respond"]}],"copyrightYear":"2024","copyrightHolder":{"@id":"https:\/\/dicodusport.fr\/blog\/#organization"}},{"@type":"WebPage","@id":"https:\/\/dicodusport.fr\/blog\/ilionis-guillaume-il-y-a-plein-de-fois-ou-jai-voulu-tout-arreter\/","url":"https:\/\/dicodusport.fr\/blog\/ilionis-guillaume-il-y-a-plein-de-fois-ou-jai-voulu-tout-arreter\/","name":"Ilionis Guillaume : \"Il y a plein de fois o\u00f9 j'ai voulu tout arr\u00eater\"","isPartOf":{"@id":"https:\/\/dicodusport.fr\/blog\/#website"},"primaryImageOfPage":{"@id":"https:\/\/dicodusport.fr\/blog\/ilionis-guillaume-il-y-a-plein-de-fois-ou-jai-voulu-tout-arreter\/#primaryimage"},"image":{"@id":"https:\/\/dicodusport.fr\/blog\/ilionis-guillaume-il-y-a-plein-de-fois-ou-jai-voulu-tout-arreter\/#primaryimage"},"thumbnailUrl":"https:\/\/dicodusport.fr\/blog\/wp-content\/uploads\/2024\/07\/Ilionis-Guillaume-Il-y-a-plein-de-fois-ou-jai-voulu-tout-arreter.png","datePublished":"2024-07-05T09:00:34+00:00","dateModified":"2024-07-05T09:54:09+00:00","description":"ATHL\u00c9TISME - Entretien avec Ilionis Guillaume, m\u00e9daill\u00e9e de bronze au triple saut, lors des derniers championnats d'Europe \u00e0 Rome.","breadcrumb":{"@id":"https:\/\/dicodusport.fr\/blog\/ilionis-guillaume-il-y-a-plein-de-fois-ou-jai-voulu-tout-arreter\/#breadcrumb"},"inLanguage":"fr-FR","potentialAction":[{"@type":"ReadAction","target":["https:\/\/dicodusport.fr\/blog\/ilionis-guillaume-il-y-a-plein-de-fois-ou-jai-voulu-tout-arreter\/"]}]},{"@type":"ImageObject","inLanguage":"fr-FR","@id":"https:\/\/dicodusport.fr\/blog\/ilionis-guillaume-il-y-a-plein-de-fois-ou-jai-voulu-tout-arreter\/#primaryimage","url":"https:\/\/dicodusport.fr\/blog\/wp-content\/uploads\/2024\/07\/Ilionis-Guillaume-Il-y-a-plein-de-fois-ou-jai-voulu-tout-arreter.png","contentUrl":"https:\/\/dicodusport.fr\/blog\/wp-content\/uploads\/2024\/07\/Ilionis-Guillaume-Il-y-a-plein-de-fois-ou-jai-voulu-tout-arreter.png","width":1200,"height":674,"caption":"Ilionis Guillaume : \"Il y a plein de fois o\u00f9 j'ai voulu tout arr\u00eater\""},{"@type":"BreadcrumbList","@id":"https:\/\/dicodusport.fr\/blog\/ilionis-guillaume-il-y-a-plein-de-fois-ou-jai-voulu-tout-arreter\/#breadcrumb","itemListElement":[{"@type":"ListItem","position":1,"name":"Accueil","item":"https:\/\/dicodusport.fr\/blog\/"},{"@type":"ListItem","position":2,"name":"Ilionis Guillaume : \u00ab\u00a0Il y a plein de fois o\u00f9 j&rsquo;ai voulu tout arr\u00eater\u00a0\u00bb"}]},{"@type":"WebSite","@id":"https:\/\/dicodusport.fr\/blog\/#website","url":"https:\/\/dicodusport.fr\/blog\/","name":"Dicodusport","description":"L&#039;encyclop\u00e9die de l&#039;actualit\u00e9 sportive","publisher":{"@id":"https:\/\/dicodusport.fr\/blog\/#organization"},"potentialAction":[{"@type":"SearchAction","target":{"@type":"EntryPoint","urlTemplate":"https:\/\/dicodusport.fr\/blog\/?s={search_term_string}"},"query-input":{"@type":"PropertyValueSpecification","valueRequired":true,"valueName":"search_term_string"}}],"inLanguage":"fr-FR"},{"@type":"NewsMediaOrganization","@id":"https:\/\/dicodusport.fr\/blog\/#organization","name":"Dicodusport","url":"https:\/\/dicodusport.fr\/blog\/","logo":{"@type":"ImageObject","inLanguage":"fr-FR","@id":"https:\/\/dicodusport.fr\/blog\/#\/schema\/logo\/image\/","url":"https:\/\/dicodusport.fr\/blog\/wp-content\/uploads\/2020\/06\/cropped-LOGO-DICODUSPORT-2020-SANS-FOND-SANS-TEXTE.png","contentUrl":"https:\/\/dicodusport.fr\/blog\/wp-content\/uploads\/2020\/06\/cropped-LOGO-DICODUSPORT-2020-SANS-FOND-SANS-TEXTE.png","width":512,"height":512,"caption":"Dicodusport"},"image":{"@id":"https:\/\/dicodusport.fr\/blog\/#\/schema\/logo\/image\/"},"sameAs":["https:\/\/www.facebook.com\/dicodusport","https:\/\/x.com\/dicodusport","https:\/\/www.instagram.com\/dicodusport\/","https:\/\/www.youtube.com\/channel\/UC7V2KZ5sd3htJivAbA4ZG3w"],"description":"Dicodusport est l'encyclop\u00e9die de l'actualit\u00e9 sportive.","email":"bonjour@dicodusport.fr","legalName":"DICODUSPORT","foundingDate":"2018-01-14","vatID":"FR71834470973","taxID":"83447097300043","numberOfEmployees":{"@type":"QuantitativeValue","minValue":"1","maxValue":"10"}},{"@type":"Person","@id":"https:\/\/dicodusport.fr\/blog\/#\/schema\/person\/d603dd7da31fb2b46c82b9835a77ec13","name":"Etienne Goursaud","image":{"@type":"ImageObject","inLanguage":"fr-FR","@id":"https:\/\/dicodusport.fr\/blog\/#\/schema\/person\/image\/","url":"https:\/\/dicodusport.fr\/blog\/wp-content\/uploads\/2023\/12\/410122264_10231602061736049_5565839791558026645_n-150x150.jpg","contentUrl":"https:\/\/dicodusport.fr\/blog\/wp-content\/uploads\/2023\/12\/410122264_10231602061736049_5565839791558026645_n-150x150.jpg","caption":"Etienne Goursaud"},"description":"Journaliste et amoureux de sport. Ancien footballeur reconverti athl\u00e8te quand ses muscles le laissent tranquille. \u00c9lev\u00e9 \u00e0 la sauce des exploits de Thomas Voeckler en 2004, du dernier essai de l\u00e9gende de Eunice Barber \u00e0 la longueur lors des championnats du monde d'athl\u00e9tisme de 2003 mais aussi Zidane, Omeyer et Titou Lamaison.","url":"https:\/\/dicodusport.fr\/blog\/author\/etienne-goursaud\/"}]}},"_links":{"self":[{"href":"https:\/\/dicodusport.fr\/blog\/wp-json\/wp\/v2\/posts\/497499","targetHints":{"allow":["GET"]}}],"collection":[{"href":"https:\/\/dicodusport.fr\/blog\/wp-json\/wp\/v2\/posts"}],"about":[{"href":"https:\/\/dicodusport.fr\/blog\/wp-json\/wp\/v2\/types\/post"}],"author":[{"embeddable":true,"href":"https:\/\/dicodusport.fr\/blog\/wp-json\/wp\/v2\/users\/83"}],"replies":[{"embeddable":true,"href":"https:\/\/dicodusport.fr\/blog\/wp-json\/wp\/v2\/comments?post=497499"}],"version-history":[{"count":5,"href":"https:\/\/dicodusport.fr\/blog\/wp-json\/wp\/v2\/posts\/497499\/revisions"}],"predecessor-version":[{"id":497906,"href":"https:\/\/dicodusport.fr\/blog\/wp-json\/wp\/v2\/posts\/497499\/revisions\/497906"}],"wp:featuredmedia":[{"embeddable":true,"href":"https:\/\/dicodusport.fr\/blog\/wp-json\/wp\/v2\/media\/497530"}],"wp:attachment":[{"href":"https:\/\/dicodusport.fr\/blog\/wp-json\/wp\/v2\/media?parent=497499"}],"wp:term":[{"taxonomy":"category","embeddable":true,"href":"https:\/\/dicodusport.fr\/blog\/wp-json\/wp\/v2\/categories?post=497499"},{"taxonomy":"post_tag","embeddable":true,"href":"https:\/\/dicodusport.fr\/blog\/wp-json\/wp\/v2\/tags?post=497499"}],"curies":[{"name":"wp","href":"https:\/\/api.w.org\/{rel}","templated":true}]}}