{"id":497644,"date":"2024-07-03T21:23:54","date_gmt":"2024-07-03T19:23:54","guid":{"rendered":"https:\/\/dicodusport.fr\/blog\/?p=497644&#038;preview=true&#038;preview_id=497644"},"modified":"2024-07-03T21:23:54","modified_gmt":"2024-07-03T19:23:54","slug":"transferts-cyclisme-guillaume-martin-vers-groupama-fdj","status":"publish","type":"post","link":"https:\/\/dicodusport.fr\/blog\/transferts-cyclisme-guillaume-martin-vers-groupama-fdj\/","title":{"rendered":"Transferts Cyclisme : Guillaume Martin vers Groupama-FDJ"},"content":{"rendered":"<p style=\"text-align: justify;\"><strong><em>CYCLISME SUR ROUTE &#8211; Cadre de l&rsquo;\u00e9quipe Cofidis depuis 2020, Guillaume Martin va rejoindre les rangs d&rsquo;une autre \u00e9quipe fran\u00e7aise la saison prochaine, la Groupama-FDJ.<\/em><\/strong><\/p>\n<ul>\n<li style=\"text-align: justify;\"><strong>\u00c0 ce sujet \u2013\u00a0<a href=\"https:\/\/dicodusport.fr\/blog\/cyclisme-mercato-2024-2025-tableau-des-transferts\/\">Cyclisme Mercato 2024-2025 \u2013 Tableau des transferts<\/a><\/strong><\/li>\n<\/ul>\n<p style=\"text-align: justify;\">Les grandes manoeuvres se poursuivent du c\u00f4t\u00e9 de la <strong>Groupama-FDJ<\/strong>. Alors que les pertes de <strong><a href=\"https:\/\/dicodusport.fr\/blog\/transferts-cyclisme-laurence-pithie-chez-bora-hansgrohe-en-2025\/\">Laurence Pithie<\/a><\/strong> et <a href=\"https:\/\/dicodusport.fr\/blog\/transferts-lenny-martinez-va-bien-quitter-la-groupama-fdj-pour-une-equipe-etrangere\/\"><strong>Lenny Martinez<\/strong><\/a> sont d\u00e9j\u00e0 act\u00e9es, la formation de <strong>Marc Madiot<\/strong> s&rsquo;active pour trouver de nouveaux leaders. Ainsi, le m\u00e9dia belge <em>Le Soir<\/em> apprend que de \u00ab\u00a0source bien inform\u00e9e\u00a0\u00bb, <strong>Guillaume Martin<\/strong> devrait \u00eatre rejoindre l&rsquo;\u00e9quipe tricolore. Ce dernier s&rsquo;est affirm\u00e9 depuis de longues ann\u00e9es comme un coureur r\u00e9gulier, capable de jouer un Top 10 sur les grands tours. Depuis 2019, il a ainsi termin\u00e9 entre les 8e et 12e places les quatre \u00e9ditions du Tour de France qu&rsquo;il a disput\u00e9. Apr\u00e8s cinq \u00e9tapes, il est au passage le meilleure fran\u00e7ais au g\u00e9n\u00e9ral actuellement (17e). Cela compenserait alors la perte de Martinez et apporterait un deuxi\u00e8me leader pour les courses \u00e0 \u00e9tapes aux c\u00f4t\u00e9s de David Gaudu.<\/p>\n<p style=\"text-align: justify;\">De son c\u00f4t\u00e9, la <strong>Cofidis<\/strong> s&rsquo;appr\u00eate ainsi \u00e0 voir un deuxi\u00e8me cadre lui glisser entre les doigts, <a href=\"https:\/\/dicodusport.fr\/blog\/transferts-cyclisme-axel-zingle-chez-visma-lease-a-bike-en-2025\/\">Axel Zingle \u00e9tant lui sur le point de s&rsquo;engager avec la Visma Lease a Bike<\/a>. La formation nordiste va donc devoir r\u00e9agir \u00e0 cette fuite des talents.<\/p>\n<blockquote class=\"twitter-tweet\">\n<p dir=\"ltr\" lang=\"fr\">La presse belge rapporte que Guillaume Martin (31 ans) serait en partance pour Groupama-FDJ ! Le Normand avait c\u00f4toy\u00e9 l&rsquo;\u00e9quipe de Marc Madiot lors d&rsquo;un stage en 2014. Il \u00e9volue chez Cofidis depuis 2020. <a href=\"https:\/\/twitter.com\/hashtag\/Mercato?src=hash&amp;ref_src=twsrc%5Etfw\">#Mercato<\/a><a href=\"https:\/\/t.co\/Hyx1MDdJln\">https:\/\/t.co\/Hyx1MDdJln<\/a><\/p>\n<p>\u2014 Le Gruppetto (@LeGruppetto) <a href=\"https:\/\/twitter.com\/LeGruppetto\/status\/1808575241905455460?ref_src=twsrc%5Etfw\">July 3, 2024<\/a><\/p><\/blockquote>\n<p><script async src=\"https:\/\/platform.twitter.com\/widgets.js\" charset=\"utf-8\"><\/script><\/p>\n<p>&nbsp;<\/p>\n","protected":false},"excerpt":{"rendered":"<p>CYCLISME SUR ROUTE &#8211; Cadre de l&rsquo;\u00e9quipe Cofidis depuis 2020, Guillaume Martin va rejoindre les rangs d&rsquo;une autre \u00e9quipe fran\u00e7aise la saison prochaine, la Groupama-FDJ.<\/p>\n","protected":false},"author":55,"featured_media":497645,"comment_status":"open","ping_status":"closed","sticky":false,"template":"","format":"standard","meta":{"_acf_changed":false,"_daextam_enable_autolinks":"1","footnotes":""},"categories":[46994],"tags":[32415,3119,16878,1186,3279,5357],"class_list":["post-497644","post","type-post","status-publish","format-standard","has-post-thumbnail","hentry","category-cyclisme-sur-route","tag-actu","tag-actualite-cyclisme","tag-breve","tag-cofidis","tag-groupama-fdj","tag-guillaume-martin"],"acf":[],"yoast_head":"<!-- This site is optimized with the Yoast SEO Premium plugin v26.7 (Yoast SEO v26.7) - https:\/\/yoast.com\/wordpress\/plugins\/seo\/ -->\n<title>Transferts Cyclisme : Guillaume Martin vers Groupama-FDJ<\/title>\n<meta name=\"description\" content=\"CYCLISME SUR ROUTE - Selon le m\u00e9dia belge Le Soir, Guillaume Maritn devrait quitte Cofidis pour rejoindre la Groupama-FDJ.\" \/>\n<meta name=\"robots\" content=\"index, follow, max-snippet:-1, max-image-preview:large, max-video-preview:-1\" \/>\n<link rel=\"canonical\" href=\"https:\/\/dicodusport.fr\/blog\/transferts-cyclisme-guillaume-martin-vers-groupama-fdj\/\" \/>\n<meta property=\"og:locale\" content=\"fr_FR\" \/>\n<meta property=\"og:type\" content=\"article\" \/>\n<meta property=\"og:title\" content=\"Transferts Cyclisme : Guillaume Martin vers Groupama-FDJ\" \/>\n<meta property=\"og:description\" content=\"CYCLISME SUR ROUTE - Selon le m\u00e9dia belge Le Soir, Guillaume Maritn devrait quitte Cofidis pour rejoindre la Groupama-FDJ.\" \/>\n<meta property=\"og:url\" content=\"https:\/\/dicodusport.fr\/blog\/transferts-cyclisme-guillaume-martin-vers-groupama-fdj\/\" \/>\n<meta property=\"og:site_name\" content=\"Dicodusport\" \/>\n<meta property=\"article:publisher\" content=\"https:\/\/www.facebook.com\/dicodusport\" \/>\n<meta property=\"article:published_time\" content=\"2024-07-03T19:23:54+00:00\" \/>\n<meta property=\"og:image\" content=\"https:\/\/dicodusport.fr\/blog\/wp-content\/uploads\/2024\/07\/Transferts-Cyclisme-Guillaume-Martin-vers-Groupama-FDJ.png\" \/>\n\t<meta property=\"og:image:width\" content=\"1200\" \/>\n\t<meta property=\"og:image:height\" content=\"674\" \/>\n\t<meta property=\"og:image:type\" content=\"image\/png\" \/>\n<meta name=\"author\" content=\"Maxime Cazenave\" \/>\n<meta name=\"twitter:card\" content=\"summary_large_image\" \/>\n<meta name=\"twitter:title\" content=\"Transferts Cyclisme : Guillaume Martin vers Groupama-FDJ\" \/>\n<meta name=\"twitter:creator\" content=\"@https:\/\/twitter.com\/Maxime_Caze\" \/>\n<meta name=\"twitter:site\" content=\"@dicodusport\" \/>\n<script type=\"application\/ld+json\" class=\"yoast-schema-graph\">{\"@context\":\"https:\/\/schema.org\",\"@graph\":[{\"@type\":\"NewsArticle\",\"@id\":\"https:\/\/dicodusport.fr\/blog\/transferts-cyclisme-guillaume-martin-vers-groupama-fdj\/#article\",\"isPartOf\":{\"@id\":\"https:\/\/dicodusport.fr\/blog\/transferts-cyclisme-guillaume-martin-vers-groupama-fdj\/\"},\"author\":{\"name\":\"Maxime Cazenave\",\"@id\":\"https:\/\/dicodusport.fr\/blog\/#\/schema\/person\/37def232098a7a5cbab3974a3690abb0\"},\"headline\":\"Transferts Cyclisme : Guillaume Martin vers Groupama-FDJ\",\"datePublished\":\"2024-07-03T19:23:54+00:00\",\"mainEntityOfPage\":{\"@id\":\"https:\/\/dicodusport.fr\/blog\/transferts-cyclisme-guillaume-martin-vers-groupama-fdj\/\"},\"wordCount\":281,\"commentCount\":0,\"publisher\":{\"@id\":\"https:\/\/dicodusport.fr\/blog\/#organization\"},\"image\":{\"@id\":\"https:\/\/dicodusport.fr\/blog\/transferts-cyclisme-guillaume-martin-vers-groupama-fdj\/#primaryimage\"},\"thumbnailUrl\":\"https:\/\/dicodusport.fr\/blog\/wp-content\/uploads\/2024\/07\/Transferts-Cyclisme-Guillaume-Martin-vers-Groupama-FDJ.png\",\"keywords\":[\"actu\",\"Actualit\u00e9 Cyclisme\",\"br\u00e8ve\",\"cofidis\",\"Groupama FDJ\",\"Guillaume Martin\"],\"articleSection\":[\"Cyclisme sur route\"],\"inLanguage\":\"fr-FR\",\"potentialAction\":[{\"@type\":\"CommentAction\",\"name\":\"Comment\",\"target\":[\"https:\/\/dicodusport.fr\/blog\/transferts-cyclisme-guillaume-martin-vers-groupama-fdj\/#respond\"]}],\"copyrightYear\":\"2024\",\"copyrightHolder\":{\"@id\":\"https:\/\/dicodusport.fr\/blog\/#organization\"}},{\"@type\":\"WebPage\",\"@id\":\"https:\/\/dicodusport.fr\/blog\/transferts-cyclisme-guillaume-martin-vers-groupama-fdj\/\",\"url\":\"https:\/\/dicodusport.fr\/blog\/transferts-cyclisme-guillaume-martin-vers-groupama-fdj\/\",\"name\":\"Transferts Cyclisme : Guillaume Martin vers Groupama-FDJ\",\"isPartOf\":{\"@id\":\"https:\/\/dicodusport.fr\/blog\/#website\"},\"primaryImageOfPage\":{\"@id\":\"https:\/\/dicodusport.fr\/blog\/transferts-cyclisme-guillaume-martin-vers-groupama-fdj\/#primaryimage\"},\"image\":{\"@id\":\"https:\/\/dicodusport.fr\/blog\/transferts-cyclisme-guillaume-martin-vers-groupama-fdj\/#primaryimage\"},\"thumbnailUrl\":\"https:\/\/dicodusport.fr\/blog\/wp-content\/uploads\/2024\/07\/Transferts-Cyclisme-Guillaume-Martin-vers-Groupama-FDJ.png\",\"datePublished\":\"2024-07-03T19:23:54+00:00\",\"description\":\"CYCLISME SUR ROUTE - Selon le m\u00e9dia belge Le Soir, Guillaume Maritn devrait quitte Cofidis pour rejoindre la Groupama-FDJ.\",\"breadcrumb\":{\"@id\":\"https:\/\/dicodusport.fr\/blog\/transferts-cyclisme-guillaume-martin-vers-groupama-fdj\/#breadcrumb\"},\"inLanguage\":\"fr-FR\",\"potentialAction\":[{\"@type\":\"ReadAction\",\"target\":[\"https:\/\/dicodusport.fr\/blog\/transferts-cyclisme-guillaume-martin-vers-groupama-fdj\/\"]}]},{\"@type\":\"ImageObject\",\"inLanguage\":\"fr-FR\",\"@id\":\"https:\/\/dicodusport.fr\/blog\/transferts-cyclisme-guillaume-martin-vers-groupama-fdj\/#primaryimage\",\"url\":\"https:\/\/dicodusport.fr\/blog\/wp-content\/uploads\/2024\/07\/Transferts-Cyclisme-Guillaume-Martin-vers-Groupama-FDJ.png\",\"contentUrl\":\"https:\/\/dicodusport.fr\/blog\/wp-content\/uploads\/2024\/07\/Transferts-Cyclisme-Guillaume-Martin-vers-Groupama-FDJ.png\",\"width\":1200,\"height\":674,\"caption\":\"Transferts Cyclisme : Guillaume Martin vers Groupama-FDJ\"},{\"@type\":\"BreadcrumbList\",\"@id\":\"https:\/\/dicodusport.fr\/blog\/transferts-cyclisme-guillaume-martin-vers-groupama-fdj\/#breadcrumb\",\"itemListElement\":[{\"@type\":\"ListItem\",\"position\":1,\"name\":\"Accueil\",\"item\":\"https:\/\/dicodusport.fr\/blog\/\"},{\"@type\":\"ListItem\",\"position\":2,\"name\":\"Transferts Cyclisme : Guillaume Martin vers Groupama-FDJ\"}]},{\"@type\":\"WebSite\",\"@id\":\"https:\/\/dicodusport.fr\/blog\/#website\",\"url\":\"https:\/\/dicodusport.fr\/blog\/\",\"name\":\"Dicodusport\",\"description\":\"L&#039;encyclop\u00e9die de l&#039;actualit\u00e9 sportive\",\"publisher\":{\"@id\":\"https:\/\/dicodusport.fr\/blog\/#organization\"},\"potentialAction\":[{\"@type\":\"SearchAction\",\"target\":{\"@type\":\"EntryPoint\",\"urlTemplate\":\"https:\/\/dicodusport.fr\/blog\/?s={search_term_string}\"},\"query-input\":{\"@type\":\"PropertyValueSpecification\",\"valueRequired\":true,\"valueName\":\"search_term_string\"}}],\"inLanguage\":\"fr-FR\"},{\"@type\":\"NewsMediaOrganization\",\"@id\":\"https:\/\/dicodusport.fr\/blog\/#organization\",\"name\":\"Dicodusport\",\"url\":\"https:\/\/dicodusport.fr\/blog\/\",\"logo\":{\"@type\":\"ImageObject\",\"inLanguage\":\"fr-FR\",\"@id\":\"https:\/\/dicodusport.fr\/blog\/#\/schema\/logo\/image\/\",\"url\":\"https:\/\/dicodusport.fr\/blog\/wp-content\/uploads\/2020\/06\/cropped-LOGO-DICODUSPORT-2020-SANS-FOND-SANS-TEXTE.png\",\"contentUrl\":\"https:\/\/dicodusport.fr\/blog\/wp-content\/uploads\/2020\/06\/cropped-LOGO-DICODUSPORT-2020-SANS-FOND-SANS-TEXTE.png\",\"width\":512,\"height\":512,\"caption\":\"Dicodusport\"},\"image\":{\"@id\":\"https:\/\/dicodusport.fr\/blog\/#\/schema\/logo\/image\/\"},\"sameAs\":[\"https:\/\/www.facebook.com\/dicodusport\",\"https:\/\/x.com\/dicodusport\",\"https:\/\/www.instagram.com\/dicodusport\/\",\"https:\/\/www.youtube.com\/channel\/UC7V2KZ5sd3htJivAbA4ZG3w\"],\"description\":\"Dicodusport est l'encyclop\u00e9die de l'actualit\u00e9 sportive.\",\"email\":\"bonjour@dicodusport.fr\",\"legalName\":\"DICODUSPORT\",\"foundingDate\":\"2018-01-14\",\"vatID\":\"FR71834470973\",\"taxID\":\"83447097300043\",\"numberOfEmployees\":{\"@type\":\"QuantitativeValue\",\"minValue\":\"1\",\"maxValue\":\"10\"}},{\"@type\":\"Person\",\"@id\":\"https:\/\/dicodusport.fr\/blog\/#\/schema\/person\/37def232098a7a5cbab3974a3690abb0\",\"name\":\"Maxime Cazenave\",\"image\":{\"@type\":\"ImageObject\",\"inLanguage\":\"fr-FR\",\"@id\":\"https:\/\/dicodusport.fr\/blog\/#\/schema\/person\/image\/\",\"url\":\"https:\/\/dicodusport.fr\/blog\/wp-content\/uploads\/2021\/05\/Maxime-Cazenave-150x150.jpg\",\"contentUrl\":\"https:\/\/dicodusport.fr\/blog\/wp-content\/uploads\/2021\/05\/Maxime-Cazenave-150x150.jpg\",\"caption\":\"Maxime Cazenave\"},\"description\":\"Journaliste\/R\u00e9dacteur depuis 2012 - Berc\u00e9 par l\u2019amour des Girondins de Bordeaux, les \u00e9checs de Christophe Moreau sur le Tour de France sous l'\u00e8re Lance Armstrong et le fade-away l\u00e9tal de Dirk Nowitzki, ma passion d\u00e9vorante pour le sport a toujours \u00e9t\u00e9 un pan incontournable de ma vie. Transmettre ma passion \u00e0 l\u2019\u00e9crit a \u00e9t\u00e9 une transition naturelle. Suiveur assidu de basket et de hockey sur glace, je garde toujours un peu de place pour suivre le cyclisme, le football et le maximum de performances fran\u00e7aises.\",\"sameAs\":[\"https:\/\/x.com\/https:\/\/twitter.com\/Maxime_Caze\"],\"url\":\"https:\/\/dicodusport.fr\/blog\/author\/maximec\/\"}]}<\/script>\n<!-- \/ Yoast SEO Premium plugin. -->","yoast_head_json":{"title":"Transferts Cyclisme : Guillaume Martin vers Groupama-FDJ","description":"CYCLISME SUR ROUTE - Selon le m\u00e9dia belge Le Soir, Guillaume Maritn devrait quitte Cofidis pour rejoindre la Groupama-FDJ.","robots":{"index":"index","follow":"follow","max-snippet":"max-snippet:-1","max-image-preview":"max-image-preview:large","max-video-preview":"max-video-preview:-1"},"canonical":"https:\/\/dicodusport.fr\/blog\/transferts-cyclisme-guillaume-martin-vers-groupama-fdj\/","og_locale":"fr_FR","og_type":"article","og_title":"Transferts Cyclisme : Guillaume Martin vers Groupama-FDJ","og_description":"CYCLISME SUR ROUTE - Selon le m\u00e9dia belge Le Soir, Guillaume Maritn devrait quitte Cofidis pour rejoindre la Groupama-FDJ.","og_url":"https:\/\/dicodusport.fr\/blog\/transferts-cyclisme-guillaume-martin-vers-groupama-fdj\/","og_site_name":"Dicodusport","article_publisher":"https:\/\/www.facebook.com\/dicodusport","article_published_time":"2024-07-03T19:23:54+00:00","og_image":[{"width":1200,"height":674,"url":"https:\/\/dicodusport.fr\/blog\/wp-content\/uploads\/2024\/07\/Transferts-Cyclisme-Guillaume-Martin-vers-Groupama-FDJ.png","type":"image\/png"}],"author":"Maxime Cazenave","twitter_card":"summary_large_image","twitter_title":"Transferts Cyclisme : Guillaume Martin vers Groupama-FDJ","twitter_creator":"@https:\/\/twitter.com\/Maxime_Caze","twitter_site":"@dicodusport","schema":{"@context":"https:\/\/schema.org","@graph":[{"@type":"NewsArticle","@id":"https:\/\/dicodusport.fr\/blog\/transferts-cyclisme-guillaume-martin-vers-groupama-fdj\/#article","isPartOf":{"@id":"https:\/\/dicodusport.fr\/blog\/transferts-cyclisme-guillaume-martin-vers-groupama-fdj\/"},"author":{"name":"Maxime Cazenave","@id":"https:\/\/dicodusport.fr\/blog\/#\/schema\/person\/37def232098a7a5cbab3974a3690abb0"},"headline":"Transferts Cyclisme : Guillaume Martin vers Groupama-FDJ","datePublished":"2024-07-03T19:23:54+00:00","mainEntityOfPage":{"@id":"https:\/\/dicodusport.fr\/blog\/transferts-cyclisme-guillaume-martin-vers-groupama-fdj\/"},"wordCount":281,"commentCount":0,"publisher":{"@id":"https:\/\/dicodusport.fr\/blog\/#organization"},"image":{"@id":"https:\/\/dicodusport.fr\/blog\/transferts-cyclisme-guillaume-martin-vers-groupama-fdj\/#primaryimage"},"thumbnailUrl":"https:\/\/dicodusport.fr\/blog\/wp-content\/uploads\/2024\/07\/Transferts-Cyclisme-Guillaume-Martin-vers-Groupama-FDJ.png","keywords":["actu","Actualit\u00e9 Cyclisme","br\u00e8ve","cofidis","Groupama FDJ","Guillaume Martin"],"articleSection":["Cyclisme sur route"],"inLanguage":"fr-FR","potentialAction":[{"@type":"CommentAction","name":"Comment","target":["https:\/\/dicodusport.fr\/blog\/transferts-cyclisme-guillaume-martin-vers-groupama-fdj\/#respond"]}],"copyrightYear":"2024","copyrightHolder":{"@id":"https:\/\/dicodusport.fr\/blog\/#organization"}},{"@type":"WebPage","@id":"https:\/\/dicodusport.fr\/blog\/transferts-cyclisme-guillaume-martin-vers-groupama-fdj\/","url":"https:\/\/dicodusport.fr\/blog\/transferts-cyclisme-guillaume-martin-vers-groupama-fdj\/","name":"Transferts Cyclisme : Guillaume Martin vers Groupama-FDJ","isPartOf":{"@id":"https:\/\/dicodusport.fr\/blog\/#website"},"primaryImageOfPage":{"@id":"https:\/\/dicodusport.fr\/blog\/transferts-cyclisme-guillaume-martin-vers-groupama-fdj\/#primaryimage"},"image":{"@id":"https:\/\/dicodusport.fr\/blog\/transferts-cyclisme-guillaume-martin-vers-groupama-fdj\/#primaryimage"},"thumbnailUrl":"https:\/\/dicodusport.fr\/blog\/wp-content\/uploads\/2024\/07\/Transferts-Cyclisme-Guillaume-Martin-vers-Groupama-FDJ.png","datePublished":"2024-07-03T19:23:54+00:00","description":"CYCLISME SUR ROUTE - Selon le m\u00e9dia belge Le Soir, Guillaume Maritn devrait quitte Cofidis pour rejoindre la Groupama-FDJ.","breadcrumb":{"@id":"https:\/\/dicodusport.fr\/blog\/transferts-cyclisme-guillaume-martin-vers-groupama-fdj\/#breadcrumb"},"inLanguage":"fr-FR","potentialAction":[{"@type":"ReadAction","target":["https:\/\/dicodusport.fr\/blog\/transferts-cyclisme-guillaume-martin-vers-groupama-fdj\/"]}]},{"@type":"ImageObject","inLanguage":"fr-FR","@id":"https:\/\/dicodusport.fr\/blog\/transferts-cyclisme-guillaume-martin-vers-groupama-fdj\/#primaryimage","url":"https:\/\/dicodusport.fr\/blog\/wp-content\/uploads\/2024\/07\/Transferts-Cyclisme-Guillaume-Martin-vers-Groupama-FDJ.png","contentUrl":"https:\/\/dicodusport.fr\/blog\/wp-content\/uploads\/2024\/07\/Transferts-Cyclisme-Guillaume-Martin-vers-Groupama-FDJ.png","width":1200,"height":674,"caption":"Transferts Cyclisme : Guillaume Martin vers Groupama-FDJ"},{"@type":"BreadcrumbList","@id":"https:\/\/dicodusport.fr\/blog\/transferts-cyclisme-guillaume-martin-vers-groupama-fdj\/#breadcrumb","itemListElement":[{"@type":"ListItem","position":1,"name":"Accueil","item":"https:\/\/dicodusport.fr\/blog\/"},{"@type":"ListItem","position":2,"name":"Transferts Cyclisme : Guillaume Martin vers Groupama-FDJ"}]},{"@type":"WebSite","@id":"https:\/\/dicodusport.fr\/blog\/#website","url":"https:\/\/dicodusport.fr\/blog\/","name":"Dicodusport","description":"L&#039;encyclop\u00e9die de l&#039;actualit\u00e9 sportive","publisher":{"@id":"https:\/\/dicodusport.fr\/blog\/#organization"},"potentialAction":[{"@type":"SearchAction","target":{"@type":"EntryPoint","urlTemplate":"https:\/\/dicodusport.fr\/blog\/?s={search_term_string}"},"query-input":{"@type":"PropertyValueSpecification","valueRequired":true,"valueName":"search_term_string"}}],"inLanguage":"fr-FR"},{"@type":"NewsMediaOrganization","@id":"https:\/\/dicodusport.fr\/blog\/#organization","name":"Dicodusport","url":"https:\/\/dicodusport.fr\/blog\/","logo":{"@type":"ImageObject","inLanguage":"fr-FR","@id":"https:\/\/dicodusport.fr\/blog\/#\/schema\/logo\/image\/","url":"https:\/\/dicodusport.fr\/blog\/wp-content\/uploads\/2020\/06\/cropped-LOGO-DICODUSPORT-2020-SANS-FOND-SANS-TEXTE.png","contentUrl":"https:\/\/dicodusport.fr\/blog\/wp-content\/uploads\/2020\/06\/cropped-LOGO-DICODUSPORT-2020-SANS-FOND-SANS-TEXTE.png","width":512,"height":512,"caption":"Dicodusport"},"image":{"@id":"https:\/\/dicodusport.fr\/blog\/#\/schema\/logo\/image\/"},"sameAs":["https:\/\/www.facebook.com\/dicodusport","https:\/\/x.com\/dicodusport","https:\/\/www.instagram.com\/dicodusport\/","https:\/\/www.youtube.com\/channel\/UC7V2KZ5sd3htJivAbA4ZG3w"],"description":"Dicodusport est l'encyclop\u00e9die de l'actualit\u00e9 sportive.","email":"bonjour@dicodusport.fr","legalName":"DICODUSPORT","foundingDate":"2018-01-14","vatID":"FR71834470973","taxID":"83447097300043","numberOfEmployees":{"@type":"QuantitativeValue","minValue":"1","maxValue":"10"}},{"@type":"Person","@id":"https:\/\/dicodusport.fr\/blog\/#\/schema\/person\/37def232098a7a5cbab3974a3690abb0","name":"Maxime Cazenave","image":{"@type":"ImageObject","inLanguage":"fr-FR","@id":"https:\/\/dicodusport.fr\/blog\/#\/schema\/person\/image\/","url":"https:\/\/dicodusport.fr\/blog\/wp-content\/uploads\/2021\/05\/Maxime-Cazenave-150x150.jpg","contentUrl":"https:\/\/dicodusport.fr\/blog\/wp-content\/uploads\/2021\/05\/Maxime-Cazenave-150x150.jpg","caption":"Maxime Cazenave"},"description":"Journaliste\/R\u00e9dacteur depuis 2012 - Berc\u00e9 par l\u2019amour des Girondins de Bordeaux, les \u00e9checs de Christophe Moreau sur le Tour de France sous l'\u00e8re Lance Armstrong et le fade-away l\u00e9tal de Dirk Nowitzki, ma passion d\u00e9vorante pour le sport a toujours \u00e9t\u00e9 un pan incontournable de ma vie. Transmettre ma passion \u00e0 l\u2019\u00e9crit a \u00e9t\u00e9 une transition naturelle. Suiveur assidu de basket et de hockey sur glace, je garde toujours un peu de place pour suivre le cyclisme, le football et le maximum de performances fran\u00e7aises.","sameAs":["https:\/\/x.com\/https:\/\/twitter.com\/Maxime_Caze"],"url":"https:\/\/dicodusport.fr\/blog\/author\/maximec\/"}]}},"_links":{"self":[{"href":"https:\/\/dicodusport.fr\/blog\/wp-json\/wp\/v2\/posts\/497644","targetHints":{"allow":["GET"]}}],"collection":[{"href":"https:\/\/dicodusport.fr\/blog\/wp-json\/wp\/v2\/posts"}],"about":[{"href":"https:\/\/dicodusport.fr\/blog\/wp-json\/wp\/v2\/types\/post"}],"author":[{"embeddable":true,"href":"https:\/\/dicodusport.fr\/blog\/wp-json\/wp\/v2\/users\/55"}],"replies":[{"embeddable":true,"href":"https:\/\/dicodusport.fr\/blog\/wp-json\/wp\/v2\/comments?post=497644"}],"version-history":[{"count":2,"href":"https:\/\/dicodusport.fr\/blog\/wp-json\/wp\/v2\/posts\/497644\/revisions"}],"predecessor-version":[{"id":497647,"href":"https:\/\/dicodusport.fr\/blog\/wp-json\/wp\/v2\/posts\/497644\/revisions\/497647"}],"wp:featuredmedia":[{"embeddable":true,"href":"https:\/\/dicodusport.fr\/blog\/wp-json\/wp\/v2\/media\/497645"}],"wp:attachment":[{"href":"https:\/\/dicodusport.fr\/blog\/wp-json\/wp\/v2\/media?parent=497644"}],"wp:term":[{"taxonomy":"category","embeddable":true,"href":"https:\/\/dicodusport.fr\/blog\/wp-json\/wp\/v2\/categories?post=497644"},{"taxonomy":"post_tag","embeddable":true,"href":"https:\/\/dicodusport.fr\/blog\/wp-json\/wp\/v2\/tags?post=497644"}],"curies":[{"name":"wp","href":"https:\/\/api.w.org\/{rel}","templated":true}]}}