{"id":498027,"date":"2024-07-05T19:03:40","date_gmt":"2024-07-05T17:03:40","guid":{"rendered":"https:\/\/dicodusport.fr\/blog\/?p=498027&#038;preview=true&#038;preview_id=498027"},"modified":"2024-07-05T19:03:40","modified_gmt":"2024-07-05T17:03:40","slug":"vtt-les-gets-alan-hatherly-rafle-avec-brio-le-xcc","status":"publish","type":"post","link":"https:\/\/dicodusport.fr\/blog\/vtt-les-gets-alan-hatherly-rafle-avec-brio-le-xcc\/","title":{"rendered":"VTT Les Gets : Alan Hatherly rafle avec brio le XCC"},"content":{"rendered":"<p style=\"text-align: justify;\"><b><i>COUPE DU MONDE DE VTT 2024 &#8211; Imp\u00e9rial dans le dernier tour, Alan Hatherly a mat\u00e9 la concurrence et s&rsquo;offre une nouvelle victoire sur le XCC.<\/i><\/b><\/p>\n<p style=\"text-align: justify;\">Sans <strong>Victor Koretzky<\/strong> ni <strong>Nino Schurter<\/strong>, le XCC des Gets pr\u00e9sentait tout de m\u00eame quelques beaux noms de la discipline. Quelques tentatives en d\u00e9but de course, mais rien de s\u00e9rieux, alors que <strong>Samuel Gaze<\/strong>, <a href=\"https:\/\/dicodusport.fr\/blog\/mondiaux-vtt-2023-victor-koretzky-vice-champion-du-monde-xcc-derriere-samuel-gaze\/\">champion du monde de la discipline<\/a>, \u00e9tait retard\u00e9. Sous l&rsquo;impulsion de <strong>Lucas Schwarzbauer<\/strong>, un groupe de 7 semblait toutefois se d\u00e9tacher \u00e0 mi-course. Finalement, ils \u00e9taient 5 \u00e0 se jouer la victoire.<\/p>\n<ul style=\"text-align: justify;\">\n<li style=\"text-align: justify;\"><strong>\u00c0 ce sujet &#8211; <a href=\"https:\/\/dicodusport.fr\/blog\/vtt-cross-country-calendrier-de-la-coupe-du-monde-2024\/\">VTT Cross-country : Calendrier de la Coupe du monde 2024<\/a><\/strong><\/li>\n<\/ul>\n<p style=\"text-align: justify;\"><strong>Alan Hatherly<\/strong> menait la danse alors que <strong>Gaze<\/strong> faisait un effort d\u00e9sesp\u00e9r\u00e9 pour boucher le trou, ce qu&rsquo;il parvenait \u00e0 faire \u00e0 la cloche. Les hommes de t\u00eate avaient temporis\u00e9 \u00e0 d\u00e9faut, le moment pour <strong>Charlie Aldridge<\/strong> de placer une mine, contr\u00e9e dans la seconde par <strong>Hatherly.<\/strong> Le Sud-Africain allait d\u00e9poser la concurrence et r\u00e9aliser un dernier tour somptueux pour rafler la mise devant <strong>Aldridge<\/strong> et <strong>Gaze,<\/strong> qui pourra avoir de gros regrets. Revanche d\u00e8s dimanche sur le XCO.<\/p>\n<ul>\n<li style=\"text-align: justify;\"><strong>\u00c0 ce sujet &#8211; <a href=\"https:\/\/dicodusport.fr\/blog\/vtt-xcc-les-gets-classement-course-hommes\/\">Le classement de la course hommes<\/a><br \/>\n<\/strong><\/li>\n<li style=\"text-align: justify;\"><strong>\u00c0 ce sujet &#8211; <\/strong><a href=\"https:\/\/dicodusport.fr\/blog\/coupe-du-monde-de-vtt-2024-classement-general-hommes\/\"><strong>Coupe du monde de VTT 2024 \u2013 Classement g\u00e9n\u00e9ral hommes<\/strong><\/a><\/li>\n<\/ul>\n","protected":false},"excerpt":{"rendered":"<p>COUPE DU MONDE DE VTT 2024 &#8211; Imp\u00e9rial dans le dernier tour, Alan Hatherly a mat\u00e9 la concurrence et s&rsquo;offre une nouvelle victoire sur le XCC.<\/p>\n","protected":false},"author":59,"featured_media":498052,"comment_status":"open","ping_status":"closed","sticky":false,"template":"","format":"standard","meta":{"_acf_changed":false,"_daextam_enable_autolinks":"1","footnotes":""},"categories":[10279],"tags":[16878,11873,692,17771,34212],"class_list":["post-498027","post","type-post","status-publish","format-standard","has-post-thumbnail","hentry","category-vtt","tag-breve","tag-coupe-du-monde-de-vtt","tag-vtt","tag-vtt-les-gets","tag-vtt-xcc-les-gets"],"acf":[],"yoast_head":"<!-- This site is optimized with the Yoast SEO Premium plugin v26.7 (Yoast SEO v26.7) - https:\/\/yoast.com\/wordpress\/plugins\/seo\/ -->\n<title>VTT Les Gets : Alan Hatherly rafle avec brio le XCC<\/title>\n<meta name=\"description\" content=\"COUPE DU MONDE DE VTT 2024 - Imp\u00e9rial dans le dernier tour, Alan Hatherly a mat\u00e9 la concurrence et s&#039;offre une nouvelle victoire sur le XCC.\" \/>\n<meta name=\"robots\" content=\"index, follow, max-snippet:-1, max-image-preview:large, max-video-preview:-1\" \/>\n<link rel=\"canonical\" href=\"https:\/\/dicodusport.fr\/blog\/vtt-les-gets-alan-hatherly-rafle-avec-brio-le-xcc\/\" \/>\n<meta property=\"og:locale\" content=\"fr_FR\" \/>\n<meta property=\"og:type\" content=\"article\" \/>\n<meta property=\"og:title\" content=\"VTT Les Gets : Alan Hatherly rafle avec brio le XCC\" \/>\n<meta property=\"og:description\" content=\"COUPE DU MONDE DE VTT 2024 - Imp\u00e9rial dans le dernier tour, Alan Hatherly a mat\u00e9 la concurrence et s&#039;offre une nouvelle victoire sur le XCC.\" \/>\n<meta property=\"og:url\" content=\"https:\/\/dicodusport.fr\/blog\/vtt-les-gets-alan-hatherly-rafle-avec-brio-le-xcc\/\" \/>\n<meta property=\"og:site_name\" content=\"Dicodusport\" \/>\n<meta property=\"article:publisher\" content=\"https:\/\/www.facebook.com\/dicodusport\" \/>\n<meta property=\"article:author\" content=\"https:\/\/www.facebook.com\/sebastien.gente\/\" \/>\n<meta property=\"article:published_time\" content=\"2024-07-05T17:03:40+00:00\" \/>\n<meta property=\"og:image\" content=\"https:\/\/dicodusport.fr\/blog\/wp-content\/uploads\/2024\/07\/VTT-Les-Gets-Alan-Hatherly-rafle-avec-brio-le-XCC.png\" \/>\n\t<meta property=\"og:image:width\" content=\"1200\" \/>\n\t<meta property=\"og:image:height\" content=\"674\" \/>\n\t<meta property=\"og:image:type\" content=\"image\/png\" \/>\n<meta name=\"author\" content=\"S\u00e9bastien Gente\" \/>\n<meta name=\"twitter:card\" content=\"summary_large_image\" \/>\n<meta name=\"twitter:title\" content=\"VTT Les Gets : Alan Hatherly rafle avec brio le XCC\" \/>\n<meta name=\"twitter:creator\" content=\"@https:\/\/twitter.com\/globulo24\" \/>\n<meta name=\"twitter:site\" content=\"@dicodusport\" \/>\n<script type=\"application\/ld+json\" class=\"yoast-schema-graph\">{\"@context\":\"https:\/\/schema.org\",\"@graph\":[{\"@type\":\"NewsArticle\",\"@id\":\"https:\/\/dicodusport.fr\/blog\/vtt-les-gets-alan-hatherly-rafle-avec-brio-le-xcc\/#article\",\"isPartOf\":{\"@id\":\"https:\/\/dicodusport.fr\/blog\/vtt-les-gets-alan-hatherly-rafle-avec-brio-le-xcc\/\"},\"author\":{\"name\":\"S\u00e9bastien Gente\",\"@id\":\"https:\/\/dicodusport.fr\/blog\/#\/schema\/person\/627966a6cde45dbd8c5e36ac85d783da\"},\"headline\":\"VTT Les Gets : Alan Hatherly rafle avec brio le XCC\",\"datePublished\":\"2024-07-05T17:03:40+00:00\",\"mainEntityOfPage\":{\"@id\":\"https:\/\/dicodusport.fr\/blog\/vtt-les-gets-alan-hatherly-rafle-avec-brio-le-xcc\/\"},\"wordCount\":223,\"commentCount\":0,\"publisher\":{\"@id\":\"https:\/\/dicodusport.fr\/blog\/#organization\"},\"image\":{\"@id\":\"https:\/\/dicodusport.fr\/blog\/vtt-les-gets-alan-hatherly-rafle-avec-brio-le-xcc\/#primaryimage\"},\"thumbnailUrl\":\"https:\/\/dicodusport.fr\/blog\/wp-content\/uploads\/2024\/07\/VTT-Les-Gets-Alan-Hatherly-rafle-avec-brio-le-XCC.png\",\"keywords\":[\"br\u00e8ve\",\"Coupe du monde de VTT\",\"VTT\",\"VTT Les Gets\",\"VTT XCC Les Gets\"],\"articleSection\":[\"VTT\"],\"inLanguage\":\"fr-FR\",\"potentialAction\":[{\"@type\":\"CommentAction\",\"name\":\"Comment\",\"target\":[\"https:\/\/dicodusport.fr\/blog\/vtt-les-gets-alan-hatherly-rafle-avec-brio-le-xcc\/#respond\"]}],\"copyrightYear\":\"2024\",\"copyrightHolder\":{\"@id\":\"https:\/\/dicodusport.fr\/blog\/#organization\"}},{\"@type\":\"WebPage\",\"@id\":\"https:\/\/dicodusport.fr\/blog\/vtt-les-gets-alan-hatherly-rafle-avec-brio-le-xcc\/\",\"url\":\"https:\/\/dicodusport.fr\/blog\/vtt-les-gets-alan-hatherly-rafle-avec-brio-le-xcc\/\",\"name\":\"VTT Les Gets : Alan Hatherly rafle avec brio le XCC\",\"isPartOf\":{\"@id\":\"https:\/\/dicodusport.fr\/blog\/#website\"},\"primaryImageOfPage\":{\"@id\":\"https:\/\/dicodusport.fr\/blog\/vtt-les-gets-alan-hatherly-rafle-avec-brio-le-xcc\/#primaryimage\"},\"image\":{\"@id\":\"https:\/\/dicodusport.fr\/blog\/vtt-les-gets-alan-hatherly-rafle-avec-brio-le-xcc\/#primaryimage\"},\"thumbnailUrl\":\"https:\/\/dicodusport.fr\/blog\/wp-content\/uploads\/2024\/07\/VTT-Les-Gets-Alan-Hatherly-rafle-avec-brio-le-XCC.png\",\"datePublished\":\"2024-07-05T17:03:40+00:00\",\"description\":\"COUPE DU MONDE DE VTT 2024 - Imp\u00e9rial dans le dernier tour, Alan Hatherly a mat\u00e9 la concurrence et s'offre une nouvelle victoire sur le XCC.\",\"breadcrumb\":{\"@id\":\"https:\/\/dicodusport.fr\/blog\/vtt-les-gets-alan-hatherly-rafle-avec-brio-le-xcc\/#breadcrumb\"},\"inLanguage\":\"fr-FR\",\"potentialAction\":[{\"@type\":\"ReadAction\",\"target\":[\"https:\/\/dicodusport.fr\/blog\/vtt-les-gets-alan-hatherly-rafle-avec-brio-le-xcc\/\"]}]},{\"@type\":\"ImageObject\",\"inLanguage\":\"fr-FR\",\"@id\":\"https:\/\/dicodusport.fr\/blog\/vtt-les-gets-alan-hatherly-rafle-avec-brio-le-xcc\/#primaryimage\",\"url\":\"https:\/\/dicodusport.fr\/blog\/wp-content\/uploads\/2024\/07\/VTT-Les-Gets-Alan-Hatherly-rafle-avec-brio-le-XCC.png\",\"contentUrl\":\"https:\/\/dicodusport.fr\/blog\/wp-content\/uploads\/2024\/07\/VTT-Les-Gets-Alan-Hatherly-rafle-avec-brio-le-XCC.png\",\"width\":1200,\"height\":674,\"caption\":\"VTT Les Gets 2024 Alan Hatherly fait le doubl\u00e9 et s'offre le XCO\"},{\"@type\":\"BreadcrumbList\",\"@id\":\"https:\/\/dicodusport.fr\/blog\/vtt-les-gets-alan-hatherly-rafle-avec-brio-le-xcc\/#breadcrumb\",\"itemListElement\":[{\"@type\":\"ListItem\",\"position\":1,\"name\":\"Accueil\",\"item\":\"https:\/\/dicodusport.fr\/blog\/\"},{\"@type\":\"ListItem\",\"position\":2,\"name\":\"VTT Les Gets : Alan Hatherly rafle avec brio le XCC\"}]},{\"@type\":\"WebSite\",\"@id\":\"https:\/\/dicodusport.fr\/blog\/#website\",\"url\":\"https:\/\/dicodusport.fr\/blog\/\",\"name\":\"Dicodusport\",\"description\":\"L&#039;encyclop\u00e9die de l&#039;actualit\u00e9 sportive\",\"publisher\":{\"@id\":\"https:\/\/dicodusport.fr\/blog\/#organization\"},\"potentialAction\":[{\"@type\":\"SearchAction\",\"target\":{\"@type\":\"EntryPoint\",\"urlTemplate\":\"https:\/\/dicodusport.fr\/blog\/?s={search_term_string}\"},\"query-input\":{\"@type\":\"PropertyValueSpecification\",\"valueRequired\":true,\"valueName\":\"search_term_string\"}}],\"inLanguage\":\"fr-FR\"},{\"@type\":\"NewsMediaOrganization\",\"@id\":\"https:\/\/dicodusport.fr\/blog\/#organization\",\"name\":\"Dicodusport\",\"url\":\"https:\/\/dicodusport.fr\/blog\/\",\"logo\":{\"@type\":\"ImageObject\",\"inLanguage\":\"fr-FR\",\"@id\":\"https:\/\/dicodusport.fr\/blog\/#\/schema\/logo\/image\/\",\"url\":\"https:\/\/dicodusport.fr\/blog\/wp-content\/uploads\/2020\/06\/cropped-LOGO-DICODUSPORT-2020-SANS-FOND-SANS-TEXTE.png\",\"contentUrl\":\"https:\/\/dicodusport.fr\/blog\/wp-content\/uploads\/2020\/06\/cropped-LOGO-DICODUSPORT-2020-SANS-FOND-SANS-TEXTE.png\",\"width\":512,\"height\":512,\"caption\":\"Dicodusport\"},\"image\":{\"@id\":\"https:\/\/dicodusport.fr\/blog\/#\/schema\/logo\/image\/\"},\"sameAs\":[\"https:\/\/www.facebook.com\/dicodusport\",\"https:\/\/x.com\/dicodusport\",\"https:\/\/www.instagram.com\/dicodusport\/\",\"https:\/\/www.youtube.com\/channel\/UC7V2KZ5sd3htJivAbA4ZG3w\"],\"description\":\"Dicodusport est l'encyclop\u00e9die de l'actualit\u00e9 sportive.\",\"email\":\"bonjour@dicodusport.fr\",\"legalName\":\"DICODUSPORT\",\"foundingDate\":\"2018-01-14\",\"vatID\":\"FR71834470973\",\"taxID\":\"83447097300043\",\"numberOfEmployees\":{\"@type\":\"QuantitativeValue\",\"minValue\":\"1\",\"maxValue\":\"10\"}},{\"@type\":\"Person\",\"@id\":\"https:\/\/dicodusport.fr\/blog\/#\/schema\/person\/627966a6cde45dbd8c5e36ac85d783da\",\"name\":\"S\u00e9bastien Gente\",\"image\":{\"@type\":\"ImageObject\",\"inLanguage\":\"fr-FR\",\"@id\":\"https:\/\/dicodusport.fr\/blog\/#\/schema\/person\/image\/\",\"url\":\"https:\/\/dicodusport.fr\/blog\/wp-content\/uploads\/2021\/09\/1510990_10205810251400683_4124423575079401707_n-150x150.jpg\",\"contentUrl\":\"https:\/\/dicodusport.fr\/blog\/wp-content\/uploads\/2021\/09\/1510990_10205810251400683_4124423575079401707_n-150x150.jpg\",\"caption\":\"S\u00e9bastien Gente\"},\"description\":\"John Stockton, Gianni Bugno, Zinedine Zidane, Steffi Graf, Frode Andresen, St\u00e9phane Stoecklin, Davis Kamoga, Primoz Peterka, Werner Schlager et Aur\u00e9lien Rougerie. Point commun entre ces sportifs? Ils m'ont fait r\u00eaver et ont berc\u00e9 mon adolescence. Je suis un fondu de sports et j'essaie de retranscrire ma passion \u00e0 travers mes articles. Originaire du P\u00e9rigord, ma passion pour les Girondins, les Jaunards et les Jazzmen transpire dans mes \u00e9crits. \u00c0 Dicodusport depuis 2021, je d\u00e9niche les sports m\u00e9connus dans lesquels la France brille, et il y en a !\",\"sameAs\":[\"https:\/\/www.facebook.com\/sebastien.gente\/\",\"https:\/\/www.instagram.com\/sebgente\/\",\"https:\/\/www.linkedin.com\/in\/sbastien-gente-a29583169\/\",\"https:\/\/x.com\/https:\/\/twitter.com\/globulo24\",\"SebastienGente\"],\"worksFor\":\"S\u00e9bastien GENTE\",\"url\":\"https:\/\/dicodusport.fr\/blog\/author\/sebastiengente\/\"}]}<\/script>\n<!-- \/ Yoast SEO Premium plugin. -->","yoast_head_json":{"title":"VTT Les Gets : Alan Hatherly rafle avec brio le XCC","description":"COUPE DU MONDE DE VTT 2024 - Imp\u00e9rial dans le dernier tour, Alan Hatherly a mat\u00e9 la concurrence et s'offre une nouvelle victoire sur le XCC.","robots":{"index":"index","follow":"follow","max-snippet":"max-snippet:-1","max-image-preview":"max-image-preview:large","max-video-preview":"max-video-preview:-1"},"canonical":"https:\/\/dicodusport.fr\/blog\/vtt-les-gets-alan-hatherly-rafle-avec-brio-le-xcc\/","og_locale":"fr_FR","og_type":"article","og_title":"VTT Les Gets : Alan Hatherly rafle avec brio le XCC","og_description":"COUPE DU MONDE DE VTT 2024 - Imp\u00e9rial dans le dernier tour, Alan Hatherly a mat\u00e9 la concurrence et s'offre une nouvelle victoire sur le XCC.","og_url":"https:\/\/dicodusport.fr\/blog\/vtt-les-gets-alan-hatherly-rafle-avec-brio-le-xcc\/","og_site_name":"Dicodusport","article_publisher":"https:\/\/www.facebook.com\/dicodusport","article_author":"https:\/\/www.facebook.com\/sebastien.gente\/","article_published_time":"2024-07-05T17:03:40+00:00","og_image":[{"width":1200,"height":674,"url":"https:\/\/dicodusport.fr\/blog\/wp-content\/uploads\/2024\/07\/VTT-Les-Gets-Alan-Hatherly-rafle-avec-brio-le-XCC.png","type":"image\/png"}],"author":"S\u00e9bastien Gente","twitter_card":"summary_large_image","twitter_title":"VTT Les Gets : Alan Hatherly rafle avec brio le XCC","twitter_creator":"@https:\/\/twitter.com\/globulo24","twitter_site":"@dicodusport","schema":{"@context":"https:\/\/schema.org","@graph":[{"@type":"NewsArticle","@id":"https:\/\/dicodusport.fr\/blog\/vtt-les-gets-alan-hatherly-rafle-avec-brio-le-xcc\/#article","isPartOf":{"@id":"https:\/\/dicodusport.fr\/blog\/vtt-les-gets-alan-hatherly-rafle-avec-brio-le-xcc\/"},"author":{"name":"S\u00e9bastien Gente","@id":"https:\/\/dicodusport.fr\/blog\/#\/schema\/person\/627966a6cde45dbd8c5e36ac85d783da"},"headline":"VTT Les Gets : Alan Hatherly rafle avec brio le XCC","datePublished":"2024-07-05T17:03:40+00:00","mainEntityOfPage":{"@id":"https:\/\/dicodusport.fr\/blog\/vtt-les-gets-alan-hatherly-rafle-avec-brio-le-xcc\/"},"wordCount":223,"commentCount":0,"publisher":{"@id":"https:\/\/dicodusport.fr\/blog\/#organization"},"image":{"@id":"https:\/\/dicodusport.fr\/blog\/vtt-les-gets-alan-hatherly-rafle-avec-brio-le-xcc\/#primaryimage"},"thumbnailUrl":"https:\/\/dicodusport.fr\/blog\/wp-content\/uploads\/2024\/07\/VTT-Les-Gets-Alan-Hatherly-rafle-avec-brio-le-XCC.png","keywords":["br\u00e8ve","Coupe du monde de VTT","VTT","VTT Les Gets","VTT XCC Les Gets"],"articleSection":["VTT"],"inLanguage":"fr-FR","potentialAction":[{"@type":"CommentAction","name":"Comment","target":["https:\/\/dicodusport.fr\/blog\/vtt-les-gets-alan-hatherly-rafle-avec-brio-le-xcc\/#respond"]}],"copyrightYear":"2024","copyrightHolder":{"@id":"https:\/\/dicodusport.fr\/blog\/#organization"}},{"@type":"WebPage","@id":"https:\/\/dicodusport.fr\/blog\/vtt-les-gets-alan-hatherly-rafle-avec-brio-le-xcc\/","url":"https:\/\/dicodusport.fr\/blog\/vtt-les-gets-alan-hatherly-rafle-avec-brio-le-xcc\/","name":"VTT Les Gets : Alan Hatherly rafle avec brio le XCC","isPartOf":{"@id":"https:\/\/dicodusport.fr\/blog\/#website"},"primaryImageOfPage":{"@id":"https:\/\/dicodusport.fr\/blog\/vtt-les-gets-alan-hatherly-rafle-avec-brio-le-xcc\/#primaryimage"},"image":{"@id":"https:\/\/dicodusport.fr\/blog\/vtt-les-gets-alan-hatherly-rafle-avec-brio-le-xcc\/#primaryimage"},"thumbnailUrl":"https:\/\/dicodusport.fr\/blog\/wp-content\/uploads\/2024\/07\/VTT-Les-Gets-Alan-Hatherly-rafle-avec-brio-le-XCC.png","datePublished":"2024-07-05T17:03:40+00:00","description":"COUPE DU MONDE DE VTT 2024 - Imp\u00e9rial dans le dernier tour, Alan Hatherly a mat\u00e9 la concurrence et s'offre une nouvelle victoire sur le XCC.","breadcrumb":{"@id":"https:\/\/dicodusport.fr\/blog\/vtt-les-gets-alan-hatherly-rafle-avec-brio-le-xcc\/#breadcrumb"},"inLanguage":"fr-FR","potentialAction":[{"@type":"ReadAction","target":["https:\/\/dicodusport.fr\/blog\/vtt-les-gets-alan-hatherly-rafle-avec-brio-le-xcc\/"]}]},{"@type":"ImageObject","inLanguage":"fr-FR","@id":"https:\/\/dicodusport.fr\/blog\/vtt-les-gets-alan-hatherly-rafle-avec-brio-le-xcc\/#primaryimage","url":"https:\/\/dicodusport.fr\/blog\/wp-content\/uploads\/2024\/07\/VTT-Les-Gets-Alan-Hatherly-rafle-avec-brio-le-XCC.png","contentUrl":"https:\/\/dicodusport.fr\/blog\/wp-content\/uploads\/2024\/07\/VTT-Les-Gets-Alan-Hatherly-rafle-avec-brio-le-XCC.png","width":1200,"height":674,"caption":"VTT Les Gets 2024 Alan Hatherly fait le doubl\u00e9 et s'offre le XCO"},{"@type":"BreadcrumbList","@id":"https:\/\/dicodusport.fr\/blog\/vtt-les-gets-alan-hatherly-rafle-avec-brio-le-xcc\/#breadcrumb","itemListElement":[{"@type":"ListItem","position":1,"name":"Accueil","item":"https:\/\/dicodusport.fr\/blog\/"},{"@type":"ListItem","position":2,"name":"VTT Les Gets : Alan Hatherly rafle avec brio le XCC"}]},{"@type":"WebSite","@id":"https:\/\/dicodusport.fr\/blog\/#website","url":"https:\/\/dicodusport.fr\/blog\/","name":"Dicodusport","description":"L&#039;encyclop\u00e9die de l&#039;actualit\u00e9 sportive","publisher":{"@id":"https:\/\/dicodusport.fr\/blog\/#organization"},"potentialAction":[{"@type":"SearchAction","target":{"@type":"EntryPoint","urlTemplate":"https:\/\/dicodusport.fr\/blog\/?s={search_term_string}"},"query-input":{"@type":"PropertyValueSpecification","valueRequired":true,"valueName":"search_term_string"}}],"inLanguage":"fr-FR"},{"@type":"NewsMediaOrganization","@id":"https:\/\/dicodusport.fr\/blog\/#organization","name":"Dicodusport","url":"https:\/\/dicodusport.fr\/blog\/","logo":{"@type":"ImageObject","inLanguage":"fr-FR","@id":"https:\/\/dicodusport.fr\/blog\/#\/schema\/logo\/image\/","url":"https:\/\/dicodusport.fr\/blog\/wp-content\/uploads\/2020\/06\/cropped-LOGO-DICODUSPORT-2020-SANS-FOND-SANS-TEXTE.png","contentUrl":"https:\/\/dicodusport.fr\/blog\/wp-content\/uploads\/2020\/06\/cropped-LOGO-DICODUSPORT-2020-SANS-FOND-SANS-TEXTE.png","width":512,"height":512,"caption":"Dicodusport"},"image":{"@id":"https:\/\/dicodusport.fr\/blog\/#\/schema\/logo\/image\/"},"sameAs":["https:\/\/www.facebook.com\/dicodusport","https:\/\/x.com\/dicodusport","https:\/\/www.instagram.com\/dicodusport\/","https:\/\/www.youtube.com\/channel\/UC7V2KZ5sd3htJivAbA4ZG3w"],"description":"Dicodusport est l'encyclop\u00e9die de l'actualit\u00e9 sportive.","email":"bonjour@dicodusport.fr","legalName":"DICODUSPORT","foundingDate":"2018-01-14","vatID":"FR71834470973","taxID":"83447097300043","numberOfEmployees":{"@type":"QuantitativeValue","minValue":"1","maxValue":"10"}},{"@type":"Person","@id":"https:\/\/dicodusport.fr\/blog\/#\/schema\/person\/627966a6cde45dbd8c5e36ac85d783da","name":"S\u00e9bastien Gente","image":{"@type":"ImageObject","inLanguage":"fr-FR","@id":"https:\/\/dicodusport.fr\/blog\/#\/schema\/person\/image\/","url":"https:\/\/dicodusport.fr\/blog\/wp-content\/uploads\/2021\/09\/1510990_10205810251400683_4124423575079401707_n-150x150.jpg","contentUrl":"https:\/\/dicodusport.fr\/blog\/wp-content\/uploads\/2021\/09\/1510990_10205810251400683_4124423575079401707_n-150x150.jpg","caption":"S\u00e9bastien Gente"},"description":"John Stockton, Gianni Bugno, Zinedine Zidane, Steffi Graf, Frode Andresen, St\u00e9phane Stoecklin, Davis Kamoga, Primoz Peterka, Werner Schlager et Aur\u00e9lien Rougerie. Point commun entre ces sportifs? Ils m'ont fait r\u00eaver et ont berc\u00e9 mon adolescence. Je suis un fondu de sports et j'essaie de retranscrire ma passion \u00e0 travers mes articles. Originaire du P\u00e9rigord, ma passion pour les Girondins, les Jaunards et les Jazzmen transpire dans mes \u00e9crits. \u00c0 Dicodusport depuis 2021, je d\u00e9niche les sports m\u00e9connus dans lesquels la France brille, et il y en a !","sameAs":["https:\/\/www.facebook.com\/sebastien.gente\/","https:\/\/www.instagram.com\/sebgente\/","https:\/\/www.linkedin.com\/in\/sbastien-gente-a29583169\/","https:\/\/x.com\/https:\/\/twitter.com\/globulo24","SebastienGente"],"worksFor":"S\u00e9bastien GENTE","url":"https:\/\/dicodusport.fr\/blog\/author\/sebastiengente\/"}]}},"_links":{"self":[{"href":"https:\/\/dicodusport.fr\/blog\/wp-json\/wp\/v2\/posts\/498027","targetHints":{"allow":["GET"]}}],"collection":[{"href":"https:\/\/dicodusport.fr\/blog\/wp-json\/wp\/v2\/posts"}],"about":[{"href":"https:\/\/dicodusport.fr\/blog\/wp-json\/wp\/v2\/types\/post"}],"author":[{"embeddable":true,"href":"https:\/\/dicodusport.fr\/blog\/wp-json\/wp\/v2\/users\/59"}],"replies":[{"embeddable":true,"href":"https:\/\/dicodusport.fr\/blog\/wp-json\/wp\/v2\/comments?post=498027"}],"version-history":[{"count":1,"href":"https:\/\/dicodusport.fr\/blog\/wp-json\/wp\/v2\/posts\/498027\/revisions"}],"predecessor-version":[{"id":498054,"href":"https:\/\/dicodusport.fr\/blog\/wp-json\/wp\/v2\/posts\/498027\/revisions\/498054"}],"wp:featuredmedia":[{"embeddable":true,"href":"https:\/\/dicodusport.fr\/blog\/wp-json\/wp\/v2\/media\/498052"}],"wp:attachment":[{"href":"https:\/\/dicodusport.fr\/blog\/wp-json\/wp\/v2\/media?parent=498027"}],"wp:term":[{"taxonomy":"category","embeddable":true,"href":"https:\/\/dicodusport.fr\/blog\/wp-json\/wp\/v2\/categories?post=498027"},{"taxonomy":"post_tag","embeddable":true,"href":"https:\/\/dicodusport.fr\/blog\/wp-json\/wp\/v2\/tags?post=498027"}],"curies":[{"name":"wp","href":"https:\/\/api.w.org\/{rel}","templated":true}]}}