{"id":498225,"date":"2024-07-06T14:40:57","date_gmt":"2024-07-06T12:40:57","guid":{"rendered":"https:\/\/dicodusport.fr\/blog\/?p=498225&#038;preview=true&#038;preview_id=498225"},"modified":"2024-07-06T14:40:57","modified_gmt":"2024-07-06T12:40:57","slug":"vtt-les-gets-amaury-pierron-survole-la-descente-en-haute-savoie","status":"publish","type":"post","link":"https:\/\/dicodusport.fr\/blog\/vtt-les-gets-amaury-pierron-survole-la-descente-en-haute-savoie\/","title":{"rendered":"VTT Les Gets : Amaury Pierron survole la descente en Haute-Savoie"},"content":{"rendered":"<p style=\"text-align: justify;\"><strong><em>VTT LES GETS &#8211; Amaury Pierron a obtenu ce samedi une nouvelle victoire en Coupe du monde de VTT descente. Aux Gets, le Fran\u00e7ais s&rsquo;est nettement impos\u00e9 devant Kolb et Minnaar.<\/em><\/strong><\/p>\n<p style=\"text-align: justify;\">Les Fran\u00e7ais se plaisent aux Gets, cela ne fait aucun doute. Un an apr\u00e8s le succ\u00e8s de <strong>Beno\u00eet Coulanges<\/strong> et deux apr\u00e8s le tripl\u00e9 mondial avec <strong>Loic Bruni<\/strong> en t\u00eate, <strong>Amaury Pierron<\/strong> se distingue. Le Tricolore s&rsquo;adjuge une nette victoire en Haute-Savoie en obtenant la premi\u00e8re place avec plus de 5 secondes d&rsquo;avance. L&rsquo;Autrichien <strong>Andreas Kolb<\/strong> et le Sud-Africain <strong>Greg Minnaar\u00a0<\/strong>se tiennent, eux, en deux dixi\u00e8mes et compl\u00e8tent le podium.<\/p>\n<blockquote class=\"twitter-tweet\">\n<p dir=\"ltr\" lang=\"en\">\ud83e\udd47\ud83c\uddeb\ud83c\uddf7PERFECT FROM PIERRON \ud83c\uddeb\ud83c\uddf7\ud83e\udd47<\/p>\n<p>The French rider absolutely nails the course and conditions in Les Gets to take the win in Men Elite DHI <a href=\"https:\/\/twitter.com\/MTBworldseries?ref_src=twsrc%5Etfw\">@MTBworldseries<\/a> <a href=\"https:\/\/twitter.com\/hashtag\/MTBWorldCup?src=hash&amp;ref_src=twsrc%5Etfw\">#MTBWorldCup<\/a> <a href=\"https:\/\/t.co\/cn8z3Nt0mm\">pic.twitter.com\/cn8z3Nt0mm<\/a><\/p>\n<p>\u2014 UCI MTB (@UCI_MTB) <a href=\"https:\/\/twitter.com\/UCI_MTB\/status\/1809552256599048236?ref_src=twsrc%5Etfw\">July 6, 2024<\/a><\/p><\/blockquote>\n<p style=\"text-align: justify;\"><script async src=\"https:\/\/platform.twitter.com\/widgets.js\" charset=\"utf-8\"><\/script><\/p>\n<p style=\"text-align: justify;\">Dans des conditions difficiles,\u00a0<strong>Pierron\u00a0<\/strong>a survol\u00e9 la concurrence et empoche sa seconde victoire en 2024 apr\u00e8s <a href=\"https:\/\/dicodusport.fr\/blog\/vtt-descente-amaury-pierron-revient-au-sommet-et-triomphe-a-val-di-sole\/\">Val di Sole<\/a>.\u00a0<strong>Remi Thirion\u00a0<\/strong>et\u00a0<strong>Thomas Estaque\u00a0<\/strong>restent au pied du podium du jour. Notons que les courses juniors ont \u00e9t\u00e9 annul\u00e9es \u00e0 cause de la pluie tomb\u00e9e ce samedi matin aux Portes du Soleil. Chez les dames,\u00a0<strong>Eleonora Farina\u00a0<\/strong>a remport\u00e9 sa premi\u00e8re Coupe du monde de VTT descente en devan\u00e7ant nettement\u00a0<strong>Mille Johnset\u00a0<\/strong>et\u00a0<strong>Tahnee Seagrave<\/strong>.\u00a0<strong>Myriam Nicole\u00a0<\/strong>prend la 4e place.<\/p>\n","protected":false},"excerpt":{"rendered":"<p>VTT LES GETS &#8211; Amaury Pierron a obtenu ce samedi une nouvelle victoire en Coupe du monde de VTT descente. Aux Gets, le Fran\u00e7ais s&rsquo;est nettement impos\u00e9 devant Kolb et Minnaar.<\/p>\n","protected":false},"author":61,"featured_media":498235,"comment_status":"open","ping_status":"closed","sticky":false,"template":"","format":"standard","meta":{"_acf_changed":false,"_daextam_enable_autolinks":"1","footnotes":""},"categories":[10279],"tags":[16878,39592,692],"class_list":["post-498225","post","type-post","status-publish","format-standard","has-post-thumbnail","hentry","category-vtt","tag-breve","tag-mtb-world-series","tag-vtt"],"acf":[],"yoast_head":"<!-- This site is optimized with the Yoast SEO Premium plugin v26.7 (Yoast SEO v26.7) - https:\/\/yoast.com\/wordpress\/plugins\/seo\/ -->\n<title>VTT Les Gets : Amaury Pierron survole la descente en Haute-Savoie<\/title>\n<meta name=\"description\" content=\"Amaury Pierron a obtenu ce samedi une nouvelle victoire en Coupe du monde de VTT descente. Aux Gets, le Fran\u00e7ais s&#039;est nettement impos\u00e9 devant Kolb et Minnaar.\" \/>\n<meta name=\"robots\" content=\"index, follow, max-snippet:-1, max-image-preview:large, max-video-preview:-1\" \/>\n<link rel=\"canonical\" href=\"https:\/\/dicodusport.fr\/blog\/vtt-les-gets-amaury-pierron-survole-la-descente-en-haute-savoie\/\" \/>\n<meta property=\"og:locale\" content=\"fr_FR\" \/>\n<meta property=\"og:type\" content=\"article\" \/>\n<meta property=\"og:title\" content=\"VTT Les Gets : Amaury Pierron survole la descente en Haute-Savoie\" \/>\n<meta property=\"og:description\" content=\"Amaury Pierron a obtenu ce samedi une nouvelle victoire en Coupe du monde de VTT descente. Aux Gets, le Fran\u00e7ais s&#039;est nettement impos\u00e9 devant Kolb et Minnaar.\" \/>\n<meta property=\"og:url\" content=\"https:\/\/dicodusport.fr\/blog\/vtt-les-gets-amaury-pierron-survole-la-descente-en-haute-savoie\/\" \/>\n<meta property=\"og:site_name\" content=\"Dicodusport\" \/>\n<meta property=\"article:publisher\" content=\"https:\/\/www.facebook.com\/dicodusport\" \/>\n<meta property=\"article:published_time\" content=\"2024-07-06T12:40:57+00:00\" \/>\n<meta property=\"og:image\" content=\"https:\/\/dicodusport.fr\/blog\/wp-content\/uploads\/2024\/07\/VTT-Les-Gets-Amaury-Pierron-survole-la-descente-en-Haute-Savoie-1.png\" \/>\n\t<meta property=\"og:image:width\" content=\"1200\" \/>\n\t<meta property=\"og:image:height\" content=\"674\" \/>\n\t<meta property=\"og:image:type\" content=\"image\/png\" \/>\n<meta name=\"author\" content=\"Pierre Gorce\" \/>\n<meta name=\"twitter:card\" content=\"summary_large_image\" \/>\n<meta name=\"twitter:title\" content=\"VTT Les Gets : Amaury Pierron survole la descente en Haute-Savoie\" \/>\n<meta name=\"twitter:creator\" content=\"@https:\/\/twitter.com\/pierregorce12\" \/>\n<meta name=\"twitter:site\" content=\"@dicodusport\" \/>\n<script type=\"application\/ld+json\" class=\"yoast-schema-graph\">{\"@context\":\"https:\/\/schema.org\",\"@graph\":[{\"@type\":\"NewsArticle\",\"@id\":\"https:\/\/dicodusport.fr\/blog\/vtt-les-gets-amaury-pierron-survole-la-descente-en-haute-savoie\/#article\",\"isPartOf\":{\"@id\":\"https:\/\/dicodusport.fr\/blog\/vtt-les-gets-amaury-pierron-survole-la-descente-en-haute-savoie\/\"},\"author\":{\"name\":\"Pierre Gorce\",\"@id\":\"https:\/\/dicodusport.fr\/blog\/#\/schema\/person\/0eaf70b33d703a1a66b1155ac1bda018\"},\"headline\":\"VTT Les Gets : Amaury Pierron survole la descente en Haute-Savoie\",\"datePublished\":\"2024-07-06T12:40:57+00:00\",\"mainEntityOfPage\":{\"@id\":\"https:\/\/dicodusport.fr\/blog\/vtt-les-gets-amaury-pierron-survole-la-descente-en-haute-savoie\/\"},\"wordCount\":247,\"commentCount\":0,\"publisher\":{\"@id\":\"https:\/\/dicodusport.fr\/blog\/#organization\"},\"image\":{\"@id\":\"https:\/\/dicodusport.fr\/blog\/vtt-les-gets-amaury-pierron-survole-la-descente-en-haute-savoie\/#primaryimage\"},\"thumbnailUrl\":\"https:\/\/dicodusport.fr\/blog\/wp-content\/uploads\/2024\/07\/VTT-Les-Gets-Amaury-Pierron-survole-la-descente-en-Haute-Savoie-1.png\",\"keywords\":[\"br\u00e8ve\",\"MTB World Series\",\"VTT\"],\"articleSection\":[\"VTT\"],\"inLanguage\":\"fr-FR\",\"potentialAction\":[{\"@type\":\"CommentAction\",\"name\":\"Comment\",\"target\":[\"https:\/\/dicodusport.fr\/blog\/vtt-les-gets-amaury-pierron-survole-la-descente-en-haute-savoie\/#respond\"]}],\"copyrightYear\":\"2024\",\"copyrightHolder\":{\"@id\":\"https:\/\/dicodusport.fr\/blog\/#organization\"}},{\"@type\":\"WebPage\",\"@id\":\"https:\/\/dicodusport.fr\/blog\/vtt-les-gets-amaury-pierron-survole-la-descente-en-haute-savoie\/\",\"url\":\"https:\/\/dicodusport.fr\/blog\/vtt-les-gets-amaury-pierron-survole-la-descente-en-haute-savoie\/\",\"name\":\"VTT Les Gets : Amaury Pierron survole la descente en Haute-Savoie\",\"isPartOf\":{\"@id\":\"https:\/\/dicodusport.fr\/blog\/#website\"},\"primaryImageOfPage\":{\"@id\":\"https:\/\/dicodusport.fr\/blog\/vtt-les-gets-amaury-pierron-survole-la-descente-en-haute-savoie\/#primaryimage\"},\"image\":{\"@id\":\"https:\/\/dicodusport.fr\/blog\/vtt-les-gets-amaury-pierron-survole-la-descente-en-haute-savoie\/#primaryimage\"},\"thumbnailUrl\":\"https:\/\/dicodusport.fr\/blog\/wp-content\/uploads\/2024\/07\/VTT-Les-Gets-Amaury-Pierron-survole-la-descente-en-Haute-Savoie-1.png\",\"datePublished\":\"2024-07-06T12:40:57+00:00\",\"description\":\"Amaury Pierron a obtenu ce samedi une nouvelle victoire en Coupe du monde de VTT descente. Aux Gets, le Fran\u00e7ais s'est nettement impos\u00e9 devant Kolb et Minnaar.\",\"breadcrumb\":{\"@id\":\"https:\/\/dicodusport.fr\/blog\/vtt-les-gets-amaury-pierron-survole-la-descente-en-haute-savoie\/#breadcrumb\"},\"inLanguage\":\"fr-FR\",\"potentialAction\":[{\"@type\":\"ReadAction\",\"target\":[\"https:\/\/dicodusport.fr\/blog\/vtt-les-gets-amaury-pierron-survole-la-descente-en-haute-savoie\/\"]}]},{\"@type\":\"ImageObject\",\"inLanguage\":\"fr-FR\",\"@id\":\"https:\/\/dicodusport.fr\/blog\/vtt-les-gets-amaury-pierron-survole-la-descente-en-haute-savoie\/#primaryimage\",\"url\":\"https:\/\/dicodusport.fr\/blog\/wp-content\/uploads\/2024\/07\/VTT-Les-Gets-Amaury-Pierron-survole-la-descente-en-Haute-Savoie-1.png\",\"contentUrl\":\"https:\/\/dicodusport.fr\/blog\/wp-content\/uploads\/2024\/07\/VTT-Les-Gets-Amaury-Pierron-survole-la-descente-en-Haute-Savoie-1.png\",\"width\":1200,\"height\":674,\"caption\":\"VTT Les Gets Amaury Pierron survole la descente en Haute-Savoie\"},{\"@type\":\"BreadcrumbList\",\"@id\":\"https:\/\/dicodusport.fr\/blog\/vtt-les-gets-amaury-pierron-survole-la-descente-en-haute-savoie\/#breadcrumb\",\"itemListElement\":[{\"@type\":\"ListItem\",\"position\":1,\"name\":\"Accueil\",\"item\":\"https:\/\/dicodusport.fr\/blog\/\"},{\"@type\":\"ListItem\",\"position\":2,\"name\":\"VTT Les Gets : Amaury Pierron survole la descente en Haute-Savoie\"}]},{\"@type\":\"WebSite\",\"@id\":\"https:\/\/dicodusport.fr\/blog\/#website\",\"url\":\"https:\/\/dicodusport.fr\/blog\/\",\"name\":\"Dicodusport\",\"description\":\"L&#039;encyclop\u00e9die de l&#039;actualit\u00e9 sportive\",\"publisher\":{\"@id\":\"https:\/\/dicodusport.fr\/blog\/#organization\"},\"potentialAction\":[{\"@type\":\"SearchAction\",\"target\":{\"@type\":\"EntryPoint\",\"urlTemplate\":\"https:\/\/dicodusport.fr\/blog\/?s={search_term_string}\"},\"query-input\":{\"@type\":\"PropertyValueSpecification\",\"valueRequired\":true,\"valueName\":\"search_term_string\"}}],\"inLanguage\":\"fr-FR\"},{\"@type\":\"NewsMediaOrganization\",\"@id\":\"https:\/\/dicodusport.fr\/blog\/#organization\",\"name\":\"Dicodusport\",\"url\":\"https:\/\/dicodusport.fr\/blog\/\",\"logo\":{\"@type\":\"ImageObject\",\"inLanguage\":\"fr-FR\",\"@id\":\"https:\/\/dicodusport.fr\/blog\/#\/schema\/logo\/image\/\",\"url\":\"https:\/\/dicodusport.fr\/blog\/wp-content\/uploads\/2020\/06\/cropped-LOGO-DICODUSPORT-2020-SANS-FOND-SANS-TEXTE.png\",\"contentUrl\":\"https:\/\/dicodusport.fr\/blog\/wp-content\/uploads\/2020\/06\/cropped-LOGO-DICODUSPORT-2020-SANS-FOND-SANS-TEXTE.png\",\"width\":512,\"height\":512,\"caption\":\"Dicodusport\"},\"image\":{\"@id\":\"https:\/\/dicodusport.fr\/blog\/#\/schema\/logo\/image\/\"},\"sameAs\":[\"https:\/\/www.facebook.com\/dicodusport\",\"https:\/\/x.com\/dicodusport\",\"https:\/\/www.instagram.com\/dicodusport\/\",\"https:\/\/www.youtube.com\/channel\/UC7V2KZ5sd3htJivAbA4ZG3w\"],\"description\":\"Dicodusport est l'encyclop\u00e9die de l'actualit\u00e9 sportive.\",\"email\":\"bonjour@dicodusport.fr\",\"legalName\":\"DICODUSPORT\",\"foundingDate\":\"2018-01-14\",\"vatID\":\"FR71834470973\",\"taxID\":\"83447097300043\",\"numberOfEmployees\":{\"@type\":\"QuantitativeValue\",\"minValue\":\"1\",\"maxValue\":\"10\"}},{\"@type\":\"Person\",\"@id\":\"https:\/\/dicodusport.fr\/blog\/#\/schema\/person\/0eaf70b33d703a1a66b1155ac1bda018\",\"name\":\"Pierre Gorce\",\"image\":{\"@type\":\"ImageObject\",\"inLanguage\":\"fr-FR\",\"@id\":\"https:\/\/dicodusport.fr\/blog\/#\/schema\/person\/image\/\",\"url\":\"https:\/\/dicodusport.fr\/blog\/wp-content\/uploads\/2022\/03\/IMG_20211214_233053_722-150x150.jpg\",\"contentUrl\":\"https:\/\/dicodusport.fr\/blog\/wp-content\/uploads\/2022\/03\/IMG_20211214_233053_722-150x150.jpg\",\"caption\":\"Pierre Gorce\"},\"description\":\"Couteau suisse venant tout droit de Haute-Savoie. Habitu\u00e9 \u00e0 regarder du sport depuis petit, j'en ai maintenant fait mon m\u00e9tier. Des sports d'hiver au surf, en passant par le tennis, la F1, le handball et l'athl\u00e9tisme, j'essaie d'avoir mes yeux sur l'enti\u00e8ret\u00e9 de l'actualit\u00e9. Jeune homme berc\u00e9 par les exploits de Jean-Baptiste Grange, Sebastian Vettel et des Experts. Membre de la g\u00e9n\u00e9ration 1999 comme Luka Doncic, Sydney McLaughlin, Lando Norris et Loana Lecomte, mais avec beaucoup moins de talent qu'eux.\",\"sameAs\":[\"https:\/\/x.com\/https:\/\/twitter.com\/pierregorce12\"],\"birthDate\":\"1999-08-29\",\"url\":\"https:\/\/dicodusport.fr\/blog\/author\/pierreg\/\"}]}<\/script>\n<!-- \/ Yoast SEO Premium plugin. -->","yoast_head_json":{"title":"VTT Les Gets : Amaury Pierron survole la descente en Haute-Savoie","description":"Amaury Pierron a obtenu ce samedi une nouvelle victoire en Coupe du monde de VTT descente. Aux Gets, le Fran\u00e7ais s'est nettement impos\u00e9 devant Kolb et Minnaar.","robots":{"index":"index","follow":"follow","max-snippet":"max-snippet:-1","max-image-preview":"max-image-preview:large","max-video-preview":"max-video-preview:-1"},"canonical":"https:\/\/dicodusport.fr\/blog\/vtt-les-gets-amaury-pierron-survole-la-descente-en-haute-savoie\/","og_locale":"fr_FR","og_type":"article","og_title":"VTT Les Gets : Amaury Pierron survole la descente en Haute-Savoie","og_description":"Amaury Pierron a obtenu ce samedi une nouvelle victoire en Coupe du monde de VTT descente. Aux Gets, le Fran\u00e7ais s'est nettement impos\u00e9 devant Kolb et Minnaar.","og_url":"https:\/\/dicodusport.fr\/blog\/vtt-les-gets-amaury-pierron-survole-la-descente-en-haute-savoie\/","og_site_name":"Dicodusport","article_publisher":"https:\/\/www.facebook.com\/dicodusport","article_published_time":"2024-07-06T12:40:57+00:00","og_image":[{"width":1200,"height":674,"url":"https:\/\/dicodusport.fr\/blog\/wp-content\/uploads\/2024\/07\/VTT-Les-Gets-Amaury-Pierron-survole-la-descente-en-Haute-Savoie-1.png","type":"image\/png"}],"author":"Pierre Gorce","twitter_card":"summary_large_image","twitter_title":"VTT Les Gets : Amaury Pierron survole la descente en Haute-Savoie","twitter_creator":"@https:\/\/twitter.com\/pierregorce12","twitter_site":"@dicodusport","schema":{"@context":"https:\/\/schema.org","@graph":[{"@type":"NewsArticle","@id":"https:\/\/dicodusport.fr\/blog\/vtt-les-gets-amaury-pierron-survole-la-descente-en-haute-savoie\/#article","isPartOf":{"@id":"https:\/\/dicodusport.fr\/blog\/vtt-les-gets-amaury-pierron-survole-la-descente-en-haute-savoie\/"},"author":{"name":"Pierre Gorce","@id":"https:\/\/dicodusport.fr\/blog\/#\/schema\/person\/0eaf70b33d703a1a66b1155ac1bda018"},"headline":"VTT Les Gets : Amaury Pierron survole la descente en Haute-Savoie","datePublished":"2024-07-06T12:40:57+00:00","mainEntityOfPage":{"@id":"https:\/\/dicodusport.fr\/blog\/vtt-les-gets-amaury-pierron-survole-la-descente-en-haute-savoie\/"},"wordCount":247,"commentCount":0,"publisher":{"@id":"https:\/\/dicodusport.fr\/blog\/#organization"},"image":{"@id":"https:\/\/dicodusport.fr\/blog\/vtt-les-gets-amaury-pierron-survole-la-descente-en-haute-savoie\/#primaryimage"},"thumbnailUrl":"https:\/\/dicodusport.fr\/blog\/wp-content\/uploads\/2024\/07\/VTT-Les-Gets-Amaury-Pierron-survole-la-descente-en-Haute-Savoie-1.png","keywords":["br\u00e8ve","MTB World Series","VTT"],"articleSection":["VTT"],"inLanguage":"fr-FR","potentialAction":[{"@type":"CommentAction","name":"Comment","target":["https:\/\/dicodusport.fr\/blog\/vtt-les-gets-amaury-pierron-survole-la-descente-en-haute-savoie\/#respond"]}],"copyrightYear":"2024","copyrightHolder":{"@id":"https:\/\/dicodusport.fr\/blog\/#organization"}},{"@type":"WebPage","@id":"https:\/\/dicodusport.fr\/blog\/vtt-les-gets-amaury-pierron-survole-la-descente-en-haute-savoie\/","url":"https:\/\/dicodusport.fr\/blog\/vtt-les-gets-amaury-pierron-survole-la-descente-en-haute-savoie\/","name":"VTT Les Gets : Amaury Pierron survole la descente en Haute-Savoie","isPartOf":{"@id":"https:\/\/dicodusport.fr\/blog\/#website"},"primaryImageOfPage":{"@id":"https:\/\/dicodusport.fr\/blog\/vtt-les-gets-amaury-pierron-survole-la-descente-en-haute-savoie\/#primaryimage"},"image":{"@id":"https:\/\/dicodusport.fr\/blog\/vtt-les-gets-amaury-pierron-survole-la-descente-en-haute-savoie\/#primaryimage"},"thumbnailUrl":"https:\/\/dicodusport.fr\/blog\/wp-content\/uploads\/2024\/07\/VTT-Les-Gets-Amaury-Pierron-survole-la-descente-en-Haute-Savoie-1.png","datePublished":"2024-07-06T12:40:57+00:00","description":"Amaury Pierron a obtenu ce samedi une nouvelle victoire en Coupe du monde de VTT descente. Aux Gets, le Fran\u00e7ais s'est nettement impos\u00e9 devant Kolb et Minnaar.","breadcrumb":{"@id":"https:\/\/dicodusport.fr\/blog\/vtt-les-gets-amaury-pierron-survole-la-descente-en-haute-savoie\/#breadcrumb"},"inLanguage":"fr-FR","potentialAction":[{"@type":"ReadAction","target":["https:\/\/dicodusport.fr\/blog\/vtt-les-gets-amaury-pierron-survole-la-descente-en-haute-savoie\/"]}]},{"@type":"ImageObject","inLanguage":"fr-FR","@id":"https:\/\/dicodusport.fr\/blog\/vtt-les-gets-amaury-pierron-survole-la-descente-en-haute-savoie\/#primaryimage","url":"https:\/\/dicodusport.fr\/blog\/wp-content\/uploads\/2024\/07\/VTT-Les-Gets-Amaury-Pierron-survole-la-descente-en-Haute-Savoie-1.png","contentUrl":"https:\/\/dicodusport.fr\/blog\/wp-content\/uploads\/2024\/07\/VTT-Les-Gets-Amaury-Pierron-survole-la-descente-en-Haute-Savoie-1.png","width":1200,"height":674,"caption":"VTT Les Gets Amaury Pierron survole la descente en Haute-Savoie"},{"@type":"BreadcrumbList","@id":"https:\/\/dicodusport.fr\/blog\/vtt-les-gets-amaury-pierron-survole-la-descente-en-haute-savoie\/#breadcrumb","itemListElement":[{"@type":"ListItem","position":1,"name":"Accueil","item":"https:\/\/dicodusport.fr\/blog\/"},{"@type":"ListItem","position":2,"name":"VTT Les Gets : Amaury Pierron survole la descente en Haute-Savoie"}]},{"@type":"WebSite","@id":"https:\/\/dicodusport.fr\/blog\/#website","url":"https:\/\/dicodusport.fr\/blog\/","name":"Dicodusport","description":"L&#039;encyclop\u00e9die de l&#039;actualit\u00e9 sportive","publisher":{"@id":"https:\/\/dicodusport.fr\/blog\/#organization"},"potentialAction":[{"@type":"SearchAction","target":{"@type":"EntryPoint","urlTemplate":"https:\/\/dicodusport.fr\/blog\/?s={search_term_string}"},"query-input":{"@type":"PropertyValueSpecification","valueRequired":true,"valueName":"search_term_string"}}],"inLanguage":"fr-FR"},{"@type":"NewsMediaOrganization","@id":"https:\/\/dicodusport.fr\/blog\/#organization","name":"Dicodusport","url":"https:\/\/dicodusport.fr\/blog\/","logo":{"@type":"ImageObject","inLanguage":"fr-FR","@id":"https:\/\/dicodusport.fr\/blog\/#\/schema\/logo\/image\/","url":"https:\/\/dicodusport.fr\/blog\/wp-content\/uploads\/2020\/06\/cropped-LOGO-DICODUSPORT-2020-SANS-FOND-SANS-TEXTE.png","contentUrl":"https:\/\/dicodusport.fr\/blog\/wp-content\/uploads\/2020\/06\/cropped-LOGO-DICODUSPORT-2020-SANS-FOND-SANS-TEXTE.png","width":512,"height":512,"caption":"Dicodusport"},"image":{"@id":"https:\/\/dicodusport.fr\/blog\/#\/schema\/logo\/image\/"},"sameAs":["https:\/\/www.facebook.com\/dicodusport","https:\/\/x.com\/dicodusport","https:\/\/www.instagram.com\/dicodusport\/","https:\/\/www.youtube.com\/channel\/UC7V2KZ5sd3htJivAbA4ZG3w"],"description":"Dicodusport est l'encyclop\u00e9die de l'actualit\u00e9 sportive.","email":"bonjour@dicodusport.fr","legalName":"DICODUSPORT","foundingDate":"2018-01-14","vatID":"FR71834470973","taxID":"83447097300043","numberOfEmployees":{"@type":"QuantitativeValue","minValue":"1","maxValue":"10"}},{"@type":"Person","@id":"https:\/\/dicodusport.fr\/blog\/#\/schema\/person\/0eaf70b33d703a1a66b1155ac1bda018","name":"Pierre Gorce","image":{"@type":"ImageObject","inLanguage":"fr-FR","@id":"https:\/\/dicodusport.fr\/blog\/#\/schema\/person\/image\/","url":"https:\/\/dicodusport.fr\/blog\/wp-content\/uploads\/2022\/03\/IMG_20211214_233053_722-150x150.jpg","contentUrl":"https:\/\/dicodusport.fr\/blog\/wp-content\/uploads\/2022\/03\/IMG_20211214_233053_722-150x150.jpg","caption":"Pierre Gorce"},"description":"Couteau suisse venant tout droit de Haute-Savoie. Habitu\u00e9 \u00e0 regarder du sport depuis petit, j'en ai maintenant fait mon m\u00e9tier. Des sports d'hiver au surf, en passant par le tennis, la F1, le handball et l'athl\u00e9tisme, j'essaie d'avoir mes yeux sur l'enti\u00e8ret\u00e9 de l'actualit\u00e9. Jeune homme berc\u00e9 par les exploits de Jean-Baptiste Grange, Sebastian Vettel et des Experts. Membre de la g\u00e9n\u00e9ration 1999 comme Luka Doncic, Sydney McLaughlin, Lando Norris et Loana Lecomte, mais avec beaucoup moins de talent qu'eux.","sameAs":["https:\/\/x.com\/https:\/\/twitter.com\/pierregorce12"],"birthDate":"1999-08-29","url":"https:\/\/dicodusport.fr\/blog\/author\/pierreg\/"}]}},"_links":{"self":[{"href":"https:\/\/dicodusport.fr\/blog\/wp-json\/wp\/v2\/posts\/498225","targetHints":{"allow":["GET"]}}],"collection":[{"href":"https:\/\/dicodusport.fr\/blog\/wp-json\/wp\/v2\/posts"}],"about":[{"href":"https:\/\/dicodusport.fr\/blog\/wp-json\/wp\/v2\/types\/post"}],"author":[{"embeddable":true,"href":"https:\/\/dicodusport.fr\/blog\/wp-json\/wp\/v2\/users\/61"}],"replies":[{"embeddable":true,"href":"https:\/\/dicodusport.fr\/blog\/wp-json\/wp\/v2\/comments?post=498225"}],"version-history":[{"count":2,"href":"https:\/\/dicodusport.fr\/blog\/wp-json\/wp\/v2\/posts\/498225\/revisions"}],"predecessor-version":[{"id":498237,"href":"https:\/\/dicodusport.fr\/blog\/wp-json\/wp\/v2\/posts\/498225\/revisions\/498237"}],"wp:featuredmedia":[{"embeddable":true,"href":"https:\/\/dicodusport.fr\/blog\/wp-json\/wp\/v2\/media\/498235"}],"wp:attachment":[{"href":"https:\/\/dicodusport.fr\/blog\/wp-json\/wp\/v2\/media?parent=498225"}],"wp:term":[{"taxonomy":"category","embeddable":true,"href":"https:\/\/dicodusport.fr\/blog\/wp-json\/wp\/v2\/categories?post=498225"},{"taxonomy":"post_tag","embeddable":true,"href":"https:\/\/dicodusport.fr\/blog\/wp-json\/wp\/v2\/tags?post=498225"}],"curies":[{"name":"wp","href":"https:\/\/api.w.org\/{rel}","templated":true}]}}