{"id":498286,"date":"2024-07-28T22:56:33","date_gmt":"2024-07-28T20:56:33","guid":{"rendered":"https:\/\/dicodusport.fr\/blog\/?p=498286&#038;preview=true&#038;preview_id=498286"},"modified":"2024-07-28T22:56:28","modified_gmt":"2024-07-28T20:56:28","slug":"calendrier-et-resultats-championnat-deurope-de-football-u19-2024","status":"publish","type":"post","link":"https:\/\/dicodusport.fr\/blog\/calendrier-et-resultats-championnat-deurope-de-football-u19-2024\/","title":{"rendered":"Calendrier et r\u00e9sultats Championnat d&rsquo;Europe de football U19 2024"},"content":{"rendered":"<p style=\"text-align: justify;\"><strong><em>Le Championnat d&rsquo;Europe de football U19 a lieu du 15 au 28 juillet en Irlande du Nord. Voici le calendrier et les r\u00e9sultats de la comp\u00e9tition.<\/em><\/strong><\/p>\n<p style=\"text-align: justify;\">La comp\u00e9tition est \u00e0 suivre sur <strong>La Cha\u00eene L\u2019\u00c9quipe<\/strong>.<\/p>\n<p style=\"text-align: justify;\">Les deux premi\u00e8res \u00e9quipes de chaque groupe se qualifient pour les demi-finales.<\/p>\n<p style=\"text-align: justify;\">L&rsquo;Euro est qualificatif pour la Coupe du monde U20 2025 au Chili. Les demi-finalistes ainsi que le vainqueur du match de barrage pour la 5e place se qualifieront pour la comp\u00e9tition.<\/p>\n<h2>Phase de groupes<\/h2>\n<p style=\"text-align: justify;\">Les deux premi\u00e8res \u00e9quipes ainsi que les quatre meilleures troisi\u00e8mes se qualifient pour les huiti\u00e8mes de finale.<\/p>\n<h3>Groupe A<\/h3>\n<div class=\"su-table su-table-alternate\">\n<table class=\"table-style-2\" style=\"width: 100%\">\n<tbody>\n<tr>\n<td style=\"width: 8px\"><strong>#<\/strong><\/td>\n<td style=\"width: 400px\"><strong>\u00c9quipe<\/strong><\/td>\n<td style=\"text-align: center;width: 40px\"><strong><abbr title=\"Points\">Pts<\/abbr><\/strong><\/td>\n<td style=\"text-align: center;width: 40px\"><strong><abbr title=\"Jou\u00e9s\">J<\/abbr><\/strong><\/td>\n<td style=\"text-align: center;width: 40px\"><strong><abbr title=\"Gagn\u00e9s\">G<\/abbr><\/strong><\/td>\n<td style=\"text-align: center;width: 40px\"><strong><abbr title=\"Nuls\">N<\/abbr><\/strong><\/td>\n<td style=\"text-align: center;width: 40px\"><strong><abbr title=\"Perdus\">P<\/abbr><\/strong><\/td>\n<td style=\"text-align: center;width: 40px\"><strong><abbr title=\"Pour\">p.<\/abbr><\/strong><\/td>\n<td style=\"text-align: center;width: 40px\"><strong><abbr title=\"Contre\">c.<\/abbr><\/strong><\/td>\n<td style=\"text-align: center;width: 40px\"><strong><abbr title=\"Diff\u00e9rence\">diff<\/abbr><\/strong><\/td>\n<\/tr>\n<tr class=\"promu2\">\n<td class=\"tdcol-5\" style=\"width: 8px\">1.<\/td>\n<td class=\"tdcol-30\" style=\"width: 294px\">\ud83c\uddee\ud83c\uddf9 <strong>Italie<\/strong><\/td>\n<td class=\"tdcol-10\" style=\"text-align: center;width: 40px\">6<\/td>\n<td class=\"tdcol-5\" style=\"text-align: center;width: 40px\">3<\/td>\n<td class=\"tdcol-5\" style=\"text-align: center;width: 40px\">2<\/td>\n<td class=\"tdcol-5\" style=\"text-align: center;width: 40px\">0<\/td>\n<td class=\"tdcol-5\" style=\"text-align: center;width: 40px\">1<\/td>\n<td class=\"tdcol-5\" style=\"text-align: center;width: 40px\">7<\/td>\n<td class=\"tdcol-5\" style=\"text-align: center;width: 40px\">4<\/td>\n<td class=\"tdcol-10\" style=\"text-align: center;width: 40px\">+3<\/td>\n<\/tr>\n<tr>\n<td class=\"tdcol-5\" style=\"width: 8px\">2.<\/td>\n<td class=\"tdcol-30\" style=\"width: 294px\">\ud83c\uddfa\ud83c\udde6 <strong>Ukraine<\/strong><\/td>\n<td class=\"tdcol-10\" style=\"text-align: center;width: 40px\">5<\/td>\n<td class=\"tdcol-5\" style=\"text-align: center;width: 40px\">3<\/td>\n<td class=\"tdcol-5\" style=\"text-align: center;width: 40px\">1<\/td>\n<td class=\"tdcol-5\" style=\"text-align: center;width: 40px\">2<\/td>\n<td class=\"tdcol-5\" style=\"text-align: center;width: 40px\">0<\/td>\n<td class=\"tdcol-5\" style=\"text-align: center;width: 40px\">3<\/td>\n<td class=\"tdcol-5\" style=\"text-align: center;width: 40px\">2<\/td>\n<td class=\"tdcol-10\" style=\"text-align: center;width: 40px\">+1<\/td>\n<\/tr>\n<tr class=\"promu1\">\n<td class=\"tdcol-5\" style=\"width: 8px\">3.<\/td>\n<td class=\"tdcol-30\" style=\"width: 294px\">\ud83c\uddf3\ud83c\uddf4 Norv\u00e8ge<\/td>\n<td class=\"tdcol-10\" style=\"text-align: center;width: 40px\">4<\/td>\n<td class=\"tdcol-5\" style=\"text-align: center;width: 40px\">3<\/td>\n<td class=\"tdcol-5\" style=\"text-align: center;width: 40px\">1<\/td>\n<td class=\"tdcol-5\" style=\"text-align: center;width: 40px\">1<\/td>\n<td class=\"tdcol-5\" style=\"text-align: center;width: 40px\">1<\/td>\n<td class=\"tdcol-5\" style=\"text-align: center;width: 40px\">3<\/td>\n<td class=\"tdcol-5\" style=\"text-align: center;width: 40px\">2<\/td>\n<td class=\"tdcol-10\" style=\"text-align: center;width: 40px\">+1<\/td>\n<\/tr>\n<tr class=\"promu2\">\n<td class=\"tdcol-5\" style=\"width: 8px\">4.<\/td>\n<td class=\"tdcol-30\" style=\"width: 294px\"><img loading=\"lazy\" decoding=\"async\" class=\"alignnone wp-image-366912\" src=\"https:\/\/dicodusport.fr\/blog\/wp-content\/uploads\/2023\/03\/flag-800.png\" alt=\"\" width=\"16\" height=\"8\" srcset=\"https:\/\/dicodusport.fr\/blog\/wp-content\/uploads\/2023\/03\/flag-800.png 800w, https:\/\/dicodusport.fr\/blog\/wp-content\/uploads\/2023\/03\/flag-800-300x150.png 300w, https:\/\/dicodusport.fr\/blog\/wp-content\/uploads\/2023\/03\/flag-800-768x384.png 768w\" sizes=\"auto, (max-width: 16px) 100vw, 16px\" \/> Irlande du Nord<\/td>\n<td class=\"tdcol-10\" style=\"text-align: center;width: 40px\">1<\/td>\n<td class=\"tdcol-5\" style=\"text-align: center;width: 40px\">3<\/td>\n<td class=\"tdcol-5\" style=\"text-align: center;width: 40px\">0<\/td>\n<td class=\"tdcol-5\" style=\"text-align: center;width: 40px\">1<\/td>\n<td class=\"tdcol-5\" style=\"text-align: center;width: 40px\">2<\/td>\n<td class=\"tdcol-5\" style=\"text-align: center;width: 40px\">0<\/td>\n<td class=\"tdcol-5\" style=\"text-align: center;width: 40px\">5<\/td>\n<td class=\"tdcol-10\" style=\"text-align: center;width: 40px\">-5<\/td>\n<\/tr>\n<\/tbody>\n<\/table>\n<\/div>\n<div class=\"su-spoiler su-spoiler-style-default su-spoiler-icon-plus-square-1 su-spoiler-closed\" data-scroll-offset=\"0\" data-anchor-in-url=\"no\"><div class=\"su-spoiler-title\" tabindex=\"0\" role=\"button\"><span class=\"su-spoiler-icon\"><\/span>D\u00e9tail des matchs<\/div><div class=\"su-spoiler-content su-u-clearfix su-u-trim\">\n<p><strong><span style=\"text-decoration: underline;\">Lundi 15 juillet<\/span><br \/>\n<\/strong><\/p>\n<p><strong>16h30 : Italie<\/strong> 2-1 Norv\u00e8ge<\/p>\n<p><strong>20h :\u00a0<\/strong>Irlande du Nord 0-0 Ukraine<\/p>\n<p>&nbsp;<\/p>\n<p><strong><span style=\"text-decoration: underline;\">Jeudi 18 juillet<\/span><br \/>\n<\/strong><\/p>\n<p><strong>16h30 : <\/strong>Norv\u00e8ge 0-0 Ukraine<\/p>\n<p><strong>20h<\/strong> : Irlande du Nord 0-3<strong> Italie<\/strong><\/p>\n<p>&nbsp;<\/p>\n<p><strong><span style=\"text-decoration: underline;\">Dimanche 21 juillet<\/span><br \/>\n<\/strong><\/p>\n<p><strong>20h : Norv\u00e8ge<\/strong> 2-0 Irlande du Nord<\/p>\n<p><strong>20h : Ukraine<\/strong> 3-2 Italie<strong><br \/>\n<\/strong><\/p>\n<\/div><\/div>\n<h3>Groupe B<\/h3>\n<div class=\"su-table su-table-alternate\">\n<table class=\"table-style-2\" style=\"width: 100%\">\n<tbody>\n<tr>\n<td style=\"width: 8px\"><strong>#<\/strong><\/td>\n<td style=\"width: 400px\"><strong>\u00c9quipe<\/strong><\/td>\n<td style=\"text-align: center;width: 40px\"><strong><abbr title=\"Points\">Pts<\/abbr><\/strong><\/td>\n<td style=\"text-align: center;width: 40px\"><strong><abbr title=\"Jou\u00e9s\">J<\/abbr><\/strong><\/td>\n<td style=\"text-align: center;width: 40px\"><strong><abbr title=\"Gagn\u00e9s\">G<\/abbr><\/strong><\/td>\n<td style=\"text-align: center;width: 40px\"><strong><abbr title=\"Nuls\">N<\/abbr><\/strong><\/td>\n<td style=\"text-align: center;width: 40px\"><strong><abbr title=\"Perdus\">P<\/abbr><\/strong><\/td>\n<td style=\"text-align: center;width: 40px\"><strong><abbr title=\"Pour\">p.<\/abbr><\/strong><\/td>\n<td style=\"text-align: center;width: 40px\"><strong><abbr title=\"Contre\">c.<\/abbr><\/strong><\/td>\n<td style=\"text-align: center;width: 40px\"><strong><abbr title=\"Diff\u00e9rence\">diff<\/abbr><\/strong><\/td>\n<\/tr>\n<tr>\n<td class=\"tdcol-5\" style=\"width: 8px\">1.<\/td>\n<td class=\"tdcol-30\" style=\"width: 294px\">\ud83c\uddeb\ud83c\uddf7 <strong>France<\/strong><\/td>\n<td class=\"tdcol-10\" style=\"text-align: center;width: 40px\">7<\/td>\n<td class=\"tdcol-5\" style=\"text-align: center;width: 40px\">3<\/td>\n<td class=\"tdcol-5\" style=\"text-align: center;width: 40px\">2<\/td>\n<td class=\"tdcol-5\" style=\"text-align: center;width: 40px\">1<\/td>\n<td class=\"tdcol-5\" style=\"text-align: center;width: 40px\">0<\/td>\n<td class=\"tdcol-5\" style=\"text-align: center;width: 40px\">8<\/td>\n<td class=\"tdcol-5\" style=\"text-align: center;width: 40px\">5<\/td>\n<td class=\"tdcol-10\" style=\"text-align: center;width: 40px\">+3<\/td>\n<\/tr>\n<tr class=\"promu2\">\n<td class=\"tdcol-5\" style=\"width: 8px\">2.<\/td>\n<td class=\"tdcol-30\" style=\"width: 294px\">\ud83c\uddea\ud83c\uddf8 <strong>Espagne<\/strong><\/td>\n<td class=\"tdcol-10\" style=\"text-align: center;width: 40px\">5<\/td>\n<td class=\"tdcol-5\" style=\"text-align: center;width: 40px\">3<\/td>\n<td class=\"tdcol-5\" style=\"text-align: center;width: 40px\">1<\/td>\n<td class=\"tdcol-5\" style=\"text-align: center;width: 40px\">2<\/td>\n<td class=\"tdcol-5\" style=\"text-align: center;width: 40px\">0<\/td>\n<td class=\"tdcol-5\" style=\"text-align: center;width: 40px\">5<\/td>\n<td class=\"tdcol-5\" style=\"text-align: center;width: 40px\">4<\/td>\n<td class=\"tdcol-10\" style=\"text-align: center;width: 40px\">+1<\/td>\n<\/tr>\n<tr class=\"promu2\">\n<td class=\"tdcol-5\" style=\"width: 8px\">3.<\/td>\n<td class=\"tdcol-30\" style=\"width: 294px\">\ud83c\uddf9\ud83c\uddf7 Turquie<\/td>\n<td class=\"tdcol-10\" style=\"text-align: center;width: 40px\">2<\/td>\n<td class=\"tdcol-5\" style=\"text-align: center;width: 40px\">3<\/td>\n<td class=\"tdcol-5\" style=\"text-align: center;width: 40px\">0<\/td>\n<td class=\"tdcol-5\" style=\"text-align: center;width: 40px\">2<\/td>\n<td class=\"tdcol-5\" style=\"text-align: center;width: 40px\">1<\/td>\n<td class=\"tdcol-5\" style=\"text-align: center;width: 40px\">5<\/td>\n<td class=\"tdcol-5\" style=\"text-align: center;width: 40px\">6<\/td>\n<td class=\"tdcol-10\" style=\"text-align: center;width: 40px\">-1<\/td>\n<\/tr>\n<tr class=\"promu1\">\n<td class=\"tdcol-5\" style=\"width: 8px\">4.<\/td>\n<td class=\"tdcol-30\" style=\"width: 294px\">\ud83c\udde9\ud83c\uddf0 Danemark<\/td>\n<td class=\"tdcol-10\" style=\"text-align: center;width: 40px\">1<\/td>\n<td class=\"tdcol-5\" style=\"text-align: center;width: 40px\">3<\/td>\n<td class=\"tdcol-5\" style=\"text-align: center;width: 40px\">0<\/td>\n<td class=\"tdcol-5\" style=\"text-align: center;width: 40px\">1<\/td>\n<td class=\"tdcol-5\" style=\"text-align: center;width: 40px\">2<\/td>\n<td class=\"tdcol-5\" style=\"text-align: center;width: 40px\">6<\/td>\n<td class=\"tdcol-5\" style=\"text-align: center;width: 40px\">9<\/td>\n<td class=\"tdcol-10\" style=\"text-align: center;width: 40px\">-3<\/td>\n<\/tr>\n<\/tbody>\n<\/table>\n<\/div>\n<div class=\"su-spoiler su-spoiler-style-default su-spoiler-icon-plus-square-1 su-spoiler-closed\" data-scroll-offset=\"0\" data-anchor-in-url=\"no\"><div class=\"su-spoiler-title\" tabindex=\"0\" role=\"button\"><span class=\"su-spoiler-icon\"><\/span>D\u00e9tail des matchs<\/div><div class=\"su-spoiler-content su-u-clearfix su-u-trim\">\n<p><span style=\"text-decoration: underline;\"><strong>Mardi 16 juillet<br \/>\n<\/strong><\/span><\/p>\n<p><strong>16h30 :<\/strong> Danemark 1-2<strong> Espagne<\/strong><\/p>\n<p><strong>20h : <\/strong><a title=\"Euro Football U19 (H) : Les Bleuets d\u00e9butent par une victoire \u00e9triqu\u00e9e sur la Turquie\" href=\"https:\/\/dicodusport.fr\/blog\/euro-football-u19-h-les-bleuets-debutent-par-une-victoire-etriquee-sur-la-turquie\/\" target=\"_blank\" rel=\"noopener\"><strong>France<\/strong> 2-1 Turquie<\/a><\/p>\n<p>&nbsp;<\/p>\n<p><strong><span style=\"text-decoration: underline;\">Vendredi 19 juillet<\/span><br \/>\n<\/strong><\/p>\n<p><strong>16h30 : <\/strong><a title=\"Euro Football U19 (H) : Les Bleuets d\u00e9roulent contre le Danemark et font un grand pas vers les demies\" href=\"https:\/\/dicodusport.fr\/blog\/euro-football-u19-h-les-bleuets-deroulent-contre-le-danemark-et-font-un-grand-pas-vers-les-demies\/\" target=\"_blank\" rel=\"noopener\">Danemark 2-4 <strong>France<\/strong><\/a><\/p>\n<p><strong>20h : <\/strong>Turquie 1-1 Espagne<\/p>\n<p>&nbsp;<\/p>\n<p><strong><span style=\"text-decoration: underline;\">Lundi 22 juillet<\/span><br \/>\n<\/strong><\/p>\n<p><strong>20h : <\/strong>Turquie 3-3 Danemark<\/p>\n<p><strong>20h : <\/strong><a href=\"https:\/\/dicodusport.fr\/blog\/euro-football-u19-h-les-bleuets-qualifies-restent-en-tete-du-groupe-suite-au-nul-contre-l-espagne\/\" target=\"_blank\" rel=\"noopener\">Espagne 2-2 France<\/a><\/p>\n<\/div><\/div>\n<p>&nbsp;<\/p>\n<hr \/>\n<h2>Phase finale<\/h2>\n<div class=\"su-tabs su-tabs-style-default su-tabs-mobile-stack\" data-active=\"2\" data-scroll-offset=\"0\" data-anchor-in-url=\"no\"><div class=\"su-tabs-nav\"><span class=\"\" data-url=\"\" data-target=\"blank\" tabindex=\"0\" role=\"button\">Demi-finales<\/span><span class=\"\" data-url=\"\" data-target=\"blank\" tabindex=\"0\" role=\"button\">Finale<\/span><\/div><div class=\"su-tabs-panes\"><div class=\"su-tabs-pane su-u-clearfix su-u-trim\" data-title=\"Demi-finales\">\n<p><span style=\"text-decoration: underline;\"><strong>Jeudi 25 juillet<br \/>\n<\/strong><\/span><\/p>\n<p><strong>15h :<\/strong> \ud83c\uddee\ud83c\uddf9 Italie 0-1 (a.p.) <strong>Espagne<\/strong> \ud83c\uddea\ud83c\uddf8<\/p>\n<p><strong>20h :<\/strong> \ud83c\uddeb\ud83c\uddf7 <a title=\"Euro Football U19 (H) : Les Bleuets sortent l\u2019Ukraine et filent en finale\" href=\"https:\/\/dicodusport.fr\/blog\/euro-football-u19-h-les-bleuets-sortent-l-ukraine-et-filent-en-finale\/\" target=\"_blank\" rel=\"noopener\"><strong>France<\/strong> 1-0 Ukraine<\/a> \ud83c\uddfa\ud83c\udde6<\/p>\n<p>&nbsp;<\/p>\n<p><span style=\"text-decoration: underline;\"><strong>Barrage pour la 5e place<\/strong><\/span><\/p>\n<p><strong>17h30 :\u00a0<\/strong>\ud83c\uddf3\ud83c\uddf4 <strong>Norv\u00e8ge<\/strong> 1-1 (10-9 t.a.b.) Turquie \ud83c\uddf9\ud83c\uddf7<\/p>\n<\/div>\n<div class=\"su-tabs-pane su-u-clearfix su-u-trim\" data-title=\"Finale\">\n<p><strong><span style=\"text-decoration: underline;\">Dimanche 28 juillet<\/span><\/strong><\/p>\n<p><strong>\ud83e\udd47 20h : Finale<\/strong><\/p>\n<p>\ud83c\uddea\ud83c\uddf8 <a href=\"https:\/\/dicodusport.fr\/blog\/euro-football-u19-h-les-bleuets-s-inclinent-en-finale-contre-l-espagne\/\"><strong>Espagne<\/strong> 2-0 France<\/a> \ud83c\uddeb\ud83c\uddf7<\/p>\n<\/div><\/div><\/div>\n","protected":false},"excerpt":{"rendered":"<p>Le Championnat d&rsquo;Europe de football U19 a lieu du 15 au 28 juillet en Irlande du Nord. Voici le calendrier et les r\u00e9sultats de la comp\u00e9tition.<\/p>\n","protected":false},"author":12,"featured_media":500313,"comment_status":"open","ping_status":"closed","sticky":false,"template":"","format":"standard","meta":{"_acf_changed":false,"_daextam_enable_autolinks":"1","footnotes":""},"categories":[2301],"tags":[16878,75],"class_list":["post-498286","post","type-post","status-publish","format-standard","has-post-thumbnail","hentry","category-football","tag-breve","tag-football"],"acf":[],"yoast_head":"<!-- This site is optimized with the Yoast SEO Premium plugin v26.7 (Yoast SEO v26.7) - https:\/\/yoast.com\/wordpress\/plugins\/seo\/ -->\n<title>Calendrier et r\u00e9sultats Championnat d&#039;Europe de football U19 2024<\/title>\n<meta name=\"description\" content=\"Le Championnat d&#039;Europe de football U19 a lieu du 15 au 28 juillet. Voici le calendrier et les r\u00e9sultats de la comp\u00e9tition.\" \/>\n<meta name=\"robots\" content=\"index, follow, max-snippet:-1, max-image-preview:large, max-video-preview:-1\" \/>\n<link rel=\"canonical\" href=\"https:\/\/dicodusport.fr\/blog\/calendrier-et-resultats-championnat-deurope-de-football-u19-2024\/\" \/>\n<meta property=\"og:locale\" content=\"fr_FR\" \/>\n<meta property=\"og:type\" content=\"article\" \/>\n<meta property=\"og:title\" content=\"Calendrier et r\u00e9sultats Championnat d&#039;Europe de football U19 2024\" \/>\n<meta property=\"og:description\" content=\"Le Championnat d&#039;Europe de football U19 a lieu du 15 au 28 juillet. Voici le calendrier et les r\u00e9sultats de la comp\u00e9tition.\" \/>\n<meta property=\"og:url\" content=\"https:\/\/dicodusport.fr\/blog\/calendrier-et-resultats-championnat-deurope-de-football-u19-2024\/\" \/>\n<meta property=\"og:site_name\" content=\"Dicodusport\" \/>\n<meta property=\"article:publisher\" content=\"https:\/\/www.facebook.com\/dicodusport\" \/>\n<meta property=\"article:published_time\" content=\"2024-07-28T20:56:33+00:00\" \/>\n<meta property=\"og:image\" content=\"https:\/\/dicodusport.fr\/blog\/wp-content\/uploads\/2024\/07\/Calendrier-et-resultats-Championnat-dEurope-de-football-U19-2024-1024x575.png\" \/>\n\t<meta property=\"og:image:width\" content=\"1024\" \/>\n\t<meta property=\"og:image:height\" content=\"575\" \/>\n\t<meta property=\"og:image:type\" content=\"image\/png\" \/>\n<meta name=\"author\" content=\"Arlette Yeye\" \/>\n<meta name=\"twitter:card\" content=\"summary_large_image\" \/>\n<meta name=\"twitter:title\" content=\"Calendrier et r\u00e9sultats Championnat d&#039;Europe de football U19 2024\" \/>\n<meta name=\"twitter:creator\" content=\"@https:\/\/twitter.com\/Shiclette94\" \/>\n<meta name=\"twitter:site\" content=\"@dicodusport\" \/>\n<script type=\"application\/ld+json\" class=\"yoast-schema-graph\">{\"@context\":\"https:\/\/schema.org\",\"@graph\":[{\"@type\":\"NewsArticle\",\"@id\":\"https:\/\/dicodusport.fr\/blog\/calendrier-et-resultats-championnat-deurope-de-football-u19-2024\/#article\",\"isPartOf\":{\"@id\":\"https:\/\/dicodusport.fr\/blog\/calendrier-et-resultats-championnat-deurope-de-football-u19-2024\/\"},\"author\":{\"name\":\"Arlette Yeye\",\"@id\":\"https:\/\/dicodusport.fr\/blog\/#\/schema\/person\/cce96fa88785bd8573e3d43078ac8c79\"},\"headline\":\"Calendrier et r\u00e9sultats Championnat d&rsquo;Europe de football U19 2024\",\"datePublished\":\"2024-07-28T20:56:33+00:00\",\"mainEntityOfPage\":{\"@id\":\"https:\/\/dicodusport.fr\/blog\/calendrier-et-resultats-championnat-deurope-de-football-u19-2024\/\"},\"wordCount\":340,\"commentCount\":0,\"publisher\":{\"@id\":\"https:\/\/dicodusport.fr\/blog\/#organization\"},\"image\":{\"@id\":\"https:\/\/dicodusport.fr\/blog\/calendrier-et-resultats-championnat-deurope-de-football-u19-2024\/#primaryimage\"},\"thumbnailUrl\":\"https:\/\/dicodusport.fr\/blog\/wp-content\/uploads\/2024\/07\/Calendrier-et-resultats-Championnat-dEurope-de-football-U19-2024.png\",\"keywords\":[\"br\u00e8ve\",\"Football\"],\"articleSection\":[\"Football\"],\"inLanguage\":\"fr-FR\",\"potentialAction\":[{\"@type\":\"CommentAction\",\"name\":\"Comment\",\"target\":[\"https:\/\/dicodusport.fr\/blog\/calendrier-et-resultats-championnat-deurope-de-football-u19-2024\/#respond\"]}],\"copyrightYear\":\"2024\",\"copyrightHolder\":{\"@id\":\"https:\/\/dicodusport.fr\/blog\/#organization\"}},{\"@type\":\"WebPage\",\"@id\":\"https:\/\/dicodusport.fr\/blog\/calendrier-et-resultats-championnat-deurope-de-football-u19-2024\/\",\"url\":\"https:\/\/dicodusport.fr\/blog\/calendrier-et-resultats-championnat-deurope-de-football-u19-2024\/\",\"name\":\"Calendrier et r\u00e9sultats Championnat d'Europe de football U19 2024\",\"isPartOf\":{\"@id\":\"https:\/\/dicodusport.fr\/blog\/#website\"},\"primaryImageOfPage\":{\"@id\":\"https:\/\/dicodusport.fr\/blog\/calendrier-et-resultats-championnat-deurope-de-football-u19-2024\/#primaryimage\"},\"image\":{\"@id\":\"https:\/\/dicodusport.fr\/blog\/calendrier-et-resultats-championnat-deurope-de-football-u19-2024\/#primaryimage\"},\"thumbnailUrl\":\"https:\/\/dicodusport.fr\/blog\/wp-content\/uploads\/2024\/07\/Calendrier-et-resultats-Championnat-dEurope-de-football-U19-2024.png\",\"datePublished\":\"2024-07-28T20:56:33+00:00\",\"description\":\"Le Championnat d'Europe de football U19 a lieu du 15 au 28 juillet. Voici le calendrier et les r\u00e9sultats de la comp\u00e9tition.\",\"breadcrumb\":{\"@id\":\"https:\/\/dicodusport.fr\/blog\/calendrier-et-resultats-championnat-deurope-de-football-u19-2024\/#breadcrumb\"},\"inLanguage\":\"fr-FR\",\"potentialAction\":[{\"@type\":\"ReadAction\",\"target\":[\"https:\/\/dicodusport.fr\/blog\/calendrier-et-resultats-championnat-deurope-de-football-u19-2024\/\"]}]},{\"@type\":\"ImageObject\",\"inLanguage\":\"fr-FR\",\"@id\":\"https:\/\/dicodusport.fr\/blog\/calendrier-et-resultats-championnat-deurope-de-football-u19-2024\/#primaryimage\",\"url\":\"https:\/\/dicodusport.fr\/blog\/wp-content\/uploads\/2024\/07\/Calendrier-et-resultats-Championnat-dEurope-de-football-U19-2024.png\",\"contentUrl\":\"https:\/\/dicodusport.fr\/blog\/wp-content\/uploads\/2024\/07\/Calendrier-et-resultats-Championnat-dEurope-de-football-U19-2024.png\",\"width\":1200,\"height\":674,\"caption\":\"Calendrier et r\u00e9sultats Championnat d'Europe de football U19 2024\"},{\"@type\":\"BreadcrumbList\",\"@id\":\"https:\/\/dicodusport.fr\/blog\/calendrier-et-resultats-championnat-deurope-de-football-u19-2024\/#breadcrumb\",\"itemListElement\":[{\"@type\":\"ListItem\",\"position\":1,\"name\":\"Accueil\",\"item\":\"https:\/\/dicodusport.fr\/blog\/\"},{\"@type\":\"ListItem\",\"position\":2,\"name\":\"Calendrier et r\u00e9sultats Championnat d&#8217;Europe de football U19 2024\"}]},{\"@type\":\"WebSite\",\"@id\":\"https:\/\/dicodusport.fr\/blog\/#website\",\"url\":\"https:\/\/dicodusport.fr\/blog\/\",\"name\":\"Dicodusport\",\"description\":\"L&#039;encyclop\u00e9die de l&#039;actualit\u00e9 sportive\",\"publisher\":{\"@id\":\"https:\/\/dicodusport.fr\/blog\/#organization\"},\"potentialAction\":[{\"@type\":\"SearchAction\",\"target\":{\"@type\":\"EntryPoint\",\"urlTemplate\":\"https:\/\/dicodusport.fr\/blog\/?s={search_term_string}\"},\"query-input\":{\"@type\":\"PropertyValueSpecification\",\"valueRequired\":true,\"valueName\":\"search_term_string\"}}],\"inLanguage\":\"fr-FR\"},{\"@type\":\"NewsMediaOrganization\",\"@id\":\"https:\/\/dicodusport.fr\/blog\/#organization\",\"name\":\"Dicodusport\",\"url\":\"https:\/\/dicodusport.fr\/blog\/\",\"logo\":{\"@type\":\"ImageObject\",\"inLanguage\":\"fr-FR\",\"@id\":\"https:\/\/dicodusport.fr\/blog\/#\/schema\/logo\/image\/\",\"url\":\"https:\/\/dicodusport.fr\/blog\/wp-content\/uploads\/2020\/06\/cropped-LOGO-DICODUSPORT-2020-SANS-FOND-SANS-TEXTE.png\",\"contentUrl\":\"https:\/\/dicodusport.fr\/blog\/wp-content\/uploads\/2020\/06\/cropped-LOGO-DICODUSPORT-2020-SANS-FOND-SANS-TEXTE.png\",\"width\":512,\"height\":512,\"caption\":\"Dicodusport\"},\"image\":{\"@id\":\"https:\/\/dicodusport.fr\/blog\/#\/schema\/logo\/image\/\"},\"sameAs\":[\"https:\/\/www.facebook.com\/dicodusport\",\"https:\/\/x.com\/dicodusport\",\"https:\/\/www.instagram.com\/dicodusport\/\",\"https:\/\/www.youtube.com\/channel\/UC7V2KZ5sd3htJivAbA4ZG3w\"],\"description\":\"Dicodusport est l'encyclop\u00e9die de l'actualit\u00e9 sportive.\",\"email\":\"bonjour@dicodusport.fr\",\"legalName\":\"DICODUSPORT\",\"foundingDate\":\"2018-01-14\",\"vatID\":\"FR71834470973\",\"taxID\":\"83447097300043\",\"numberOfEmployees\":{\"@type\":\"QuantitativeValue\",\"minValue\":\"1\",\"maxValue\":\"10\"}},{\"@type\":\"Person\",\"@id\":\"https:\/\/dicodusport.fr\/blog\/#\/schema\/person\/cce96fa88785bd8573e3d43078ac8c79\",\"name\":\"Arlette Yeye\",\"image\":{\"@type\":\"ImageObject\",\"inLanguage\":\"fr-FR\",\"@id\":\"https:\/\/dicodusport.fr\/blog\/#\/schema\/person\/image\/\",\"url\":\"https:\/\/secure.gravatar.com\/avatar\/dca4a6239e6d708e46c45d60e160de6c?s=96&d=wp_user_avatar&r=g\",\"contentUrl\":\"https:\/\/secure.gravatar.com\/avatar\/dca4a6239e6d708e46c45d60e160de6c?s=96&d=wp_user_avatar&r=g\",\"caption\":\"Arlette Yeye\"},\"description\":\"Journaliste\/r\u00e9dactrice depuis septembre 2015 - Supportrice de Chelsea, j'ai pour sports de pr\u00e9dilection le handball, l'athl\u00e9tisme et le tennis. Si je tweete plus vite que mon ombre, vous pouvez aussi me retrouver les week-ends sur les playgrounds de Bruxelles pour un petit foot ou basket entre potes. Parcourir la France, l'Europe et plus si affinit\u00e9s pour suivre mes sportifs pr\u00e9f\u00e9r\u00e9s ? Mon kif ! Et c'est avec plaisir que je partage les r\u00e9sultats des sports populaires mais \u00e9galement plus confidentiels pour Dicodusport.\",\"sameAs\":[\"https:\/\/x.com\/https:\/\/twitter.com\/Shiclette94\"],\"url\":\"https:\/\/dicodusport.fr\/blog\/author\/arlette\/\"}]}<\/script>\n<!-- \/ Yoast SEO Premium plugin. -->","yoast_head_json":{"title":"Calendrier et r\u00e9sultats Championnat d'Europe de football U19 2024","description":"Le Championnat d'Europe de football U19 a lieu du 15 au 28 juillet. Voici le calendrier et les r\u00e9sultats de la comp\u00e9tition.","robots":{"index":"index","follow":"follow","max-snippet":"max-snippet:-1","max-image-preview":"max-image-preview:large","max-video-preview":"max-video-preview:-1"},"canonical":"https:\/\/dicodusport.fr\/blog\/calendrier-et-resultats-championnat-deurope-de-football-u19-2024\/","og_locale":"fr_FR","og_type":"article","og_title":"Calendrier et r\u00e9sultats Championnat d'Europe de football U19 2024","og_description":"Le Championnat d'Europe de football U19 a lieu du 15 au 28 juillet. Voici le calendrier et les r\u00e9sultats de la comp\u00e9tition.","og_url":"https:\/\/dicodusport.fr\/blog\/calendrier-et-resultats-championnat-deurope-de-football-u19-2024\/","og_site_name":"Dicodusport","article_publisher":"https:\/\/www.facebook.com\/dicodusport","article_published_time":"2024-07-28T20:56:33+00:00","og_image":[{"width":1024,"height":575,"url":"https:\/\/dicodusport.fr\/blog\/wp-content\/uploads\/2024\/07\/Calendrier-et-resultats-Championnat-dEurope-de-football-U19-2024-1024x575.png","type":"image\/png"}],"author":"Arlette Yeye","twitter_card":"summary_large_image","twitter_title":"Calendrier et r\u00e9sultats Championnat d'Europe de football U19 2024","twitter_creator":"@https:\/\/twitter.com\/Shiclette94","twitter_site":"@dicodusport","schema":{"@context":"https:\/\/schema.org","@graph":[{"@type":"NewsArticle","@id":"https:\/\/dicodusport.fr\/blog\/calendrier-et-resultats-championnat-deurope-de-football-u19-2024\/#article","isPartOf":{"@id":"https:\/\/dicodusport.fr\/blog\/calendrier-et-resultats-championnat-deurope-de-football-u19-2024\/"},"author":{"name":"Arlette Yeye","@id":"https:\/\/dicodusport.fr\/blog\/#\/schema\/person\/cce96fa88785bd8573e3d43078ac8c79"},"headline":"Calendrier et r\u00e9sultats Championnat d&rsquo;Europe de football U19 2024","datePublished":"2024-07-28T20:56:33+00:00","mainEntityOfPage":{"@id":"https:\/\/dicodusport.fr\/blog\/calendrier-et-resultats-championnat-deurope-de-football-u19-2024\/"},"wordCount":340,"commentCount":0,"publisher":{"@id":"https:\/\/dicodusport.fr\/blog\/#organization"},"image":{"@id":"https:\/\/dicodusport.fr\/blog\/calendrier-et-resultats-championnat-deurope-de-football-u19-2024\/#primaryimage"},"thumbnailUrl":"https:\/\/dicodusport.fr\/blog\/wp-content\/uploads\/2024\/07\/Calendrier-et-resultats-Championnat-dEurope-de-football-U19-2024.png","keywords":["br\u00e8ve","Football"],"articleSection":["Football"],"inLanguage":"fr-FR","potentialAction":[{"@type":"CommentAction","name":"Comment","target":["https:\/\/dicodusport.fr\/blog\/calendrier-et-resultats-championnat-deurope-de-football-u19-2024\/#respond"]}],"copyrightYear":"2024","copyrightHolder":{"@id":"https:\/\/dicodusport.fr\/blog\/#organization"}},{"@type":"WebPage","@id":"https:\/\/dicodusport.fr\/blog\/calendrier-et-resultats-championnat-deurope-de-football-u19-2024\/","url":"https:\/\/dicodusport.fr\/blog\/calendrier-et-resultats-championnat-deurope-de-football-u19-2024\/","name":"Calendrier et r\u00e9sultats Championnat d'Europe de football U19 2024","isPartOf":{"@id":"https:\/\/dicodusport.fr\/blog\/#website"},"primaryImageOfPage":{"@id":"https:\/\/dicodusport.fr\/blog\/calendrier-et-resultats-championnat-deurope-de-football-u19-2024\/#primaryimage"},"image":{"@id":"https:\/\/dicodusport.fr\/blog\/calendrier-et-resultats-championnat-deurope-de-football-u19-2024\/#primaryimage"},"thumbnailUrl":"https:\/\/dicodusport.fr\/blog\/wp-content\/uploads\/2024\/07\/Calendrier-et-resultats-Championnat-dEurope-de-football-U19-2024.png","datePublished":"2024-07-28T20:56:33+00:00","description":"Le Championnat d'Europe de football U19 a lieu du 15 au 28 juillet. Voici le calendrier et les r\u00e9sultats de la comp\u00e9tition.","breadcrumb":{"@id":"https:\/\/dicodusport.fr\/blog\/calendrier-et-resultats-championnat-deurope-de-football-u19-2024\/#breadcrumb"},"inLanguage":"fr-FR","potentialAction":[{"@type":"ReadAction","target":["https:\/\/dicodusport.fr\/blog\/calendrier-et-resultats-championnat-deurope-de-football-u19-2024\/"]}]},{"@type":"ImageObject","inLanguage":"fr-FR","@id":"https:\/\/dicodusport.fr\/blog\/calendrier-et-resultats-championnat-deurope-de-football-u19-2024\/#primaryimage","url":"https:\/\/dicodusport.fr\/blog\/wp-content\/uploads\/2024\/07\/Calendrier-et-resultats-Championnat-dEurope-de-football-U19-2024.png","contentUrl":"https:\/\/dicodusport.fr\/blog\/wp-content\/uploads\/2024\/07\/Calendrier-et-resultats-Championnat-dEurope-de-football-U19-2024.png","width":1200,"height":674,"caption":"Calendrier et r\u00e9sultats Championnat d'Europe de football U19 2024"},{"@type":"BreadcrumbList","@id":"https:\/\/dicodusport.fr\/blog\/calendrier-et-resultats-championnat-deurope-de-football-u19-2024\/#breadcrumb","itemListElement":[{"@type":"ListItem","position":1,"name":"Accueil","item":"https:\/\/dicodusport.fr\/blog\/"},{"@type":"ListItem","position":2,"name":"Calendrier et r\u00e9sultats Championnat d&#8217;Europe de football U19 2024"}]},{"@type":"WebSite","@id":"https:\/\/dicodusport.fr\/blog\/#website","url":"https:\/\/dicodusport.fr\/blog\/","name":"Dicodusport","description":"L&#039;encyclop\u00e9die de l&#039;actualit\u00e9 sportive","publisher":{"@id":"https:\/\/dicodusport.fr\/blog\/#organization"},"potentialAction":[{"@type":"SearchAction","target":{"@type":"EntryPoint","urlTemplate":"https:\/\/dicodusport.fr\/blog\/?s={search_term_string}"},"query-input":{"@type":"PropertyValueSpecification","valueRequired":true,"valueName":"search_term_string"}}],"inLanguage":"fr-FR"},{"@type":"NewsMediaOrganization","@id":"https:\/\/dicodusport.fr\/blog\/#organization","name":"Dicodusport","url":"https:\/\/dicodusport.fr\/blog\/","logo":{"@type":"ImageObject","inLanguage":"fr-FR","@id":"https:\/\/dicodusport.fr\/blog\/#\/schema\/logo\/image\/","url":"https:\/\/dicodusport.fr\/blog\/wp-content\/uploads\/2020\/06\/cropped-LOGO-DICODUSPORT-2020-SANS-FOND-SANS-TEXTE.png","contentUrl":"https:\/\/dicodusport.fr\/blog\/wp-content\/uploads\/2020\/06\/cropped-LOGO-DICODUSPORT-2020-SANS-FOND-SANS-TEXTE.png","width":512,"height":512,"caption":"Dicodusport"},"image":{"@id":"https:\/\/dicodusport.fr\/blog\/#\/schema\/logo\/image\/"},"sameAs":["https:\/\/www.facebook.com\/dicodusport","https:\/\/x.com\/dicodusport","https:\/\/www.instagram.com\/dicodusport\/","https:\/\/www.youtube.com\/channel\/UC7V2KZ5sd3htJivAbA4ZG3w"],"description":"Dicodusport est l'encyclop\u00e9die de l'actualit\u00e9 sportive.","email":"bonjour@dicodusport.fr","legalName":"DICODUSPORT","foundingDate":"2018-01-14","vatID":"FR71834470973","taxID":"83447097300043","numberOfEmployees":{"@type":"QuantitativeValue","minValue":"1","maxValue":"10"}},{"@type":"Person","@id":"https:\/\/dicodusport.fr\/blog\/#\/schema\/person\/cce96fa88785bd8573e3d43078ac8c79","name":"Arlette Yeye","image":{"@type":"ImageObject","inLanguage":"fr-FR","@id":"https:\/\/dicodusport.fr\/blog\/#\/schema\/person\/image\/","url":"https:\/\/secure.gravatar.com\/avatar\/dca4a6239e6d708e46c45d60e160de6c?s=96&d=wp_user_avatar&r=g","contentUrl":"https:\/\/secure.gravatar.com\/avatar\/dca4a6239e6d708e46c45d60e160de6c?s=96&d=wp_user_avatar&r=g","caption":"Arlette Yeye"},"description":"Journaliste\/r\u00e9dactrice depuis septembre 2015 - Supportrice de Chelsea, j'ai pour sports de pr\u00e9dilection le handball, l'athl\u00e9tisme et le tennis. Si je tweete plus vite que mon ombre, vous pouvez aussi me retrouver les week-ends sur les playgrounds de Bruxelles pour un petit foot ou basket entre potes. Parcourir la France, l'Europe et plus si affinit\u00e9s pour suivre mes sportifs pr\u00e9f\u00e9r\u00e9s ? Mon kif ! Et c'est avec plaisir que je partage les r\u00e9sultats des sports populaires mais \u00e9galement plus confidentiels pour Dicodusport.","sameAs":["https:\/\/x.com\/https:\/\/twitter.com\/Shiclette94"],"url":"https:\/\/dicodusport.fr\/blog\/author\/arlette\/"}]}},"_links":{"self":[{"href":"https:\/\/dicodusport.fr\/blog\/wp-json\/wp\/v2\/posts\/498286","targetHints":{"allow":["GET"]}}],"collection":[{"href":"https:\/\/dicodusport.fr\/blog\/wp-json\/wp\/v2\/posts"}],"about":[{"href":"https:\/\/dicodusport.fr\/blog\/wp-json\/wp\/v2\/types\/post"}],"author":[{"embeddable":true,"href":"https:\/\/dicodusport.fr\/blog\/wp-json\/wp\/v2\/users\/12"}],"replies":[{"embeddable":true,"href":"https:\/\/dicodusport.fr\/blog\/wp-json\/wp\/v2\/comments?post=498286"}],"version-history":[{"count":6,"href":"https:\/\/dicodusport.fr\/blog\/wp-json\/wp\/v2\/posts\/498286\/revisions"}],"predecessor-version":[{"id":504834,"href":"https:\/\/dicodusport.fr\/blog\/wp-json\/wp\/v2\/posts\/498286\/revisions\/504834"}],"wp:featuredmedia":[{"embeddable":true,"href":"https:\/\/dicodusport.fr\/blog\/wp-json\/wp\/v2\/media\/500313"}],"wp:attachment":[{"href":"https:\/\/dicodusport.fr\/blog\/wp-json\/wp\/v2\/media?parent=498286"}],"wp:term":[{"taxonomy":"category","embeddable":true,"href":"https:\/\/dicodusport.fr\/blog\/wp-json\/wp\/v2\/categories?post=498286"},{"taxonomy":"post_tag","embeddable":true,"href":"https:\/\/dicodusport.fr\/blog\/wp-json\/wp\/v2\/tags?post=498286"}],"curies":[{"name":"wp","href":"https:\/\/api.w.org\/{rel}","templated":true}]}}