{"id":498835,"date":"2024-07-08T09:45:28","date_gmt":"2024-07-08T07:45:28","guid":{"rendered":"https:\/\/dicodusport.fr\/blog\/?p=498835&#038;preview=true&#038;preview_id=498835"},"modified":"2024-07-08T10:56:24","modified_gmt":"2024-07-08T08:56:24","slug":"transferts-ubb-mateo-garcia-fixe-pour-son-avenir","status":"publish","type":"post","link":"https:\/\/dicodusport.fr\/blog\/transferts-ubb-mateo-garcia-fixe-pour-son-avenir\/","title":{"rendered":"Transferts UBB : Mateo Garcia fix\u00e9 pour son avenir"},"content":{"rendered":"<p style=\"text-align: justify;\"><strong><em>TOP 14 2024-2025 &#8211; Selon le Midi Olympique, Mateo Garcia va rester \u00e0 l&rsquo;UBB alors qu&rsquo;il \u00e9tait courtis\u00e9 par le Montpellier HR.\u00a0<\/em><\/strong><\/p>\n<p style=\"text-align: justify;\"><strong>Bernard<\/strong> <strong>Laporte<\/strong> a d\u00e9cid\u00e9 de tout changer au poste d&rsquo;ouvreur pour les saisons \u00e0 venir, apr\u00e8s le d\u00e9part de<strong> Louis Carbonel<\/strong> au Stade Fran\u00e7ais. L&rsquo;ancien demi d&rsquo;ouverture de Toulon \u00e9tait pourtant sous contrat, mais ne voulait plus rester dans l&rsquo;H\u00e9rault. <strong>Domingo<\/strong> <strong>Miotti<\/strong> (Oyonnax) et <strong>Thomas<\/strong> <strong>Vincent<\/strong> (Agen) ont d\u00e9j\u00e0 \u00e9t\u00e9 recrut\u00e9s pour la saison prochaine, car en plus de <strong>Louis<\/strong> <strong>Carbonel<\/strong>, <strong>Paolo<\/strong> <strong>Garbisi<\/strong> \u00e9tait parti en cours de saison.<\/p>\n<ul style=\"text-align: justify;\">\n<li style=\"text-align: justify;\"><strong>\u00c0 ce sujet &#8211; <a href=\"https:\/\/dicodusport.fr\/blog\/transferts-lou-un-2eme-club-de-top-14-veut-signer-davit-niniashvili\/\" target=\"_blank\" rel=\"noopener\">Transferts LOU : Un 2\u00e8me club de Top 14 veut signer Davit Niniashvili<\/a><\/strong><\/li>\n<\/ul>\n<h2 style=\"text-align: justify;\">Mateo Garcia reste \u00e0 l&rsquo;UBB<\/h2>\n<p style=\"text-align: justify;\">Le <strong>Montpellier<\/strong> <strong>HR<\/strong> a tent\u00e9 de recruter <strong>Mateo<\/strong> <strong>Garcia<\/strong>, ouvreur de l&rsquo;<strong>UBB<\/strong>, qui va reculer en troisi\u00e8me position dans la hi\u00e9rarchie des demis d&rsquo;ouverture girondins, apr\u00e8s la signature de <strong>Joey<\/strong> <strong>Carbery<\/strong>. L&rsquo;Irlandais sera la nouvelle doublure de <strong>Matthieu Jalibert.<\/strong> Le jeune ouvreur fran\u00e7ais \u00e9tait int\u00e9ress\u00e9 pour rejoindre le MHR, mais l&rsquo;op\u00e9ration ne se fera pas.<\/p>\n<p style=\"text-align: justify;\">L&rsquo;<strong>Union Bordeaux-B\u00e8gles<\/strong> voulait lui trouver un rempla\u00e7ant JIFF avant d&rsquo;accepter de le lib\u00e9rer. Mais les Girondins n&rsquo;ont pas r\u00e9ussi \u00e0 trouver leur bonheur, bloquant donc <strong>Mateo<\/strong> <strong>Garcia<\/strong>. Dans le m\u00eame temps, <strong>Yannick Bru<\/strong> voulait recruter <strong>Antoine<\/strong> <strong>Battut<\/strong> pour renforcer son staff, mais <strong>Bernard<\/strong> <strong>Laporte<\/strong> a refus\u00e9 de laisser filer le technicien.<\/p>\n<blockquote class=\"twitter-tweet\">\n<p dir=\"ltr\" lang=\"fr\">Comme des grands en Une du journal ! \ud83d\uddde\ufe0f<\/p>\n<p>Pour lire le journal : <a href=\"https:\/\/t.co\/HGAaPS3N0X\">https:\/\/t.co\/HGAaPS3N0X<\/a> <a href=\"https:\/\/t.co\/mkMp46f1ej\">pic.twitter.com\/mkMp46f1ej<\/a><\/p>\n<p>\u2014 RUGBYRAMA (@RugbyramaFR) <a href=\"https:\/\/twitter.com\/RugbyramaFR\/status\/1810016577074425925?ref_src=twsrc%5Etfw\">July 7, 2024<\/a><\/p><\/blockquote>\n<p style=\"text-align: justify;\"><script async src=\"https:\/\/platform.twitter.com\/widgets.js\" charset=\"utf-8\"><\/script><\/p>\n","protected":false},"excerpt":{"rendered":"<p>TOP 14 2024-2025 &#8211; Selon le Midi Olympique, Mateo Garcia va rester \u00e0 l&rsquo;UBB alors qu&rsquo;il \u00e9tait courtis\u00e9 par le Montpellier HR.\u00a0<\/p>\n","protected":false},"author":1,"featured_media":498841,"comment_status":"open","ping_status":"closed","sticky":false,"template":"","format":"standard","meta":{"_acf_changed":false,"_daextam_enable_autolinks":"1","footnotes":""},"categories":[47050],"tags":[16878,1618,1567],"class_list":["post-498835","post","type-post","status-publish","format-standard","has-post-thumbnail","hentry","category-top-14","tag-breve","tag-garcia","tag-ubb"],"acf":[],"yoast_head":"<!-- This site is optimized with the Yoast SEO Premium plugin v26.7 (Yoast SEO v26.7) - https:\/\/yoast.com\/wordpress\/plugins\/seo\/ -->\n<title>Transferts UBB : Mateo Garcia fix\u00e9 pour son avenir<\/title>\n<meta name=\"description\" content=\"TOP 14 2024-2025 - Selon le Midi Olympique, Mateo Garcia va rester \u00e0 l&#039;UBB alors qu&#039;il \u00e9tait courtis\u00e9 par le Montpellier HR.\u00a0\" \/>\n<meta name=\"robots\" content=\"index, follow, max-snippet:-1, max-image-preview:large, max-video-preview:-1\" \/>\n<link rel=\"canonical\" href=\"https:\/\/dicodusport.fr\/blog\/transferts-ubb-mateo-garcia-fixe-pour-son-avenir\/\" \/>\n<meta property=\"og:locale\" content=\"fr_FR\" \/>\n<meta property=\"og:type\" content=\"article\" \/>\n<meta property=\"og:title\" content=\"Transferts UBB : Mateo Garcia fix\u00e9 pour son avenir\" \/>\n<meta property=\"og:description\" content=\"TOP 14 2024-2025 - Selon le Midi Olympique, Mateo Garcia va rester \u00e0 l&#039;UBB alors qu&#039;il \u00e9tait courtis\u00e9 par le Montpellier HR.\u00a0\" \/>\n<meta property=\"og:url\" content=\"https:\/\/dicodusport.fr\/blog\/transferts-ubb-mateo-garcia-fixe-pour-son-avenir\/\" \/>\n<meta property=\"og:site_name\" content=\"Dicodusport\" \/>\n<meta property=\"article:publisher\" content=\"https:\/\/www.facebook.com\/dicodusport\" \/>\n<meta property=\"article:author\" content=\"https:\/\/www.facebook.com\/dicodusport\" \/>\n<meta property=\"article:published_time\" content=\"2024-07-08T07:45:28+00:00\" \/>\n<meta property=\"article:modified_time\" content=\"2024-07-08T08:56:24+00:00\" \/>\n<meta property=\"og:image\" content=\"https:\/\/dicodusport.fr\/blog\/wp-content\/uploads\/2024\/07\/Transferts-UBB-Mateo-Garcia-fixe-pour-son-avenir.png\" \/>\n\t<meta property=\"og:image:width\" content=\"1200\" \/>\n\t<meta property=\"og:image:height\" content=\"674\" \/>\n\t<meta property=\"og:image:type\" content=\"image\/png\" \/>\n<meta name=\"author\" content=\"Nicolas Jacquemard\" \/>\n<meta name=\"twitter:card\" content=\"summary_large_image\" \/>\n<meta name=\"twitter:title\" content=\"Transferts UBB : Mateo Garcia fix\u00e9 pour son avenir\" \/>\n<meta name=\"twitter:creator\" content=\"@https:\/\/twitter.com\/Nico_Jacquemard\" \/>\n<meta name=\"twitter:site\" content=\"@dicodusport\" \/>\n<script type=\"application\/ld+json\" class=\"yoast-schema-graph\">{\"@context\":\"https:\/\/schema.org\",\"@graph\":[{\"@type\":\"NewsArticle\",\"@id\":\"https:\/\/dicodusport.fr\/blog\/transferts-ubb-mateo-garcia-fixe-pour-son-avenir\/#article\",\"isPartOf\":{\"@id\":\"https:\/\/dicodusport.fr\/blog\/transferts-ubb-mateo-garcia-fixe-pour-son-avenir\/\"},\"author\":{\"name\":\"Nicolas Jacquemard\",\"@id\":\"https:\/\/dicodusport.fr\/blog\/#\/schema\/person\/55dcb50ad410894e431ed812bbb70191\"},\"headline\":\"Transferts UBB : Mateo Garcia fix\u00e9 pour son avenir\",\"datePublished\":\"2024-07-08T07:45:28+00:00\",\"dateModified\":\"2024-07-08T08:56:24+00:00\",\"mainEntityOfPage\":{\"@id\":\"https:\/\/dicodusport.fr\/blog\/transferts-ubb-mateo-garcia-fixe-pour-son-avenir\/\"},\"wordCount\":277,\"commentCount\":0,\"publisher\":{\"@id\":\"https:\/\/dicodusport.fr\/blog\/#organization\"},\"image\":{\"@id\":\"https:\/\/dicodusport.fr\/blog\/transferts-ubb-mateo-garcia-fixe-pour-son-avenir\/#primaryimage\"},\"thumbnailUrl\":\"https:\/\/dicodusport.fr\/blog\/wp-content\/uploads\/2024\/07\/Transferts-UBB-Mateo-Garcia-fixe-pour-son-avenir.png\",\"keywords\":[\"br\u00e8ve\",\"Garcia\",\"UBB\"],\"articleSection\":[\"Top 14\"],\"inLanguage\":\"fr-FR\",\"potentialAction\":[{\"@type\":\"CommentAction\",\"name\":\"Comment\",\"target\":[\"https:\/\/dicodusport.fr\/blog\/transferts-ubb-mateo-garcia-fixe-pour-son-avenir\/#respond\"]}],\"copyrightYear\":\"2024\",\"copyrightHolder\":{\"@id\":\"https:\/\/dicodusport.fr\/blog\/#organization\"}},{\"@type\":\"WebPage\",\"@id\":\"https:\/\/dicodusport.fr\/blog\/transferts-ubb-mateo-garcia-fixe-pour-son-avenir\/\",\"url\":\"https:\/\/dicodusport.fr\/blog\/transferts-ubb-mateo-garcia-fixe-pour-son-avenir\/\",\"name\":\"Transferts UBB : Mateo Garcia fix\u00e9 pour son avenir\",\"isPartOf\":{\"@id\":\"https:\/\/dicodusport.fr\/blog\/#website\"},\"primaryImageOfPage\":{\"@id\":\"https:\/\/dicodusport.fr\/blog\/transferts-ubb-mateo-garcia-fixe-pour-son-avenir\/#primaryimage\"},\"image\":{\"@id\":\"https:\/\/dicodusport.fr\/blog\/transferts-ubb-mateo-garcia-fixe-pour-son-avenir\/#primaryimage\"},\"thumbnailUrl\":\"https:\/\/dicodusport.fr\/blog\/wp-content\/uploads\/2024\/07\/Transferts-UBB-Mateo-Garcia-fixe-pour-son-avenir.png\",\"datePublished\":\"2024-07-08T07:45:28+00:00\",\"dateModified\":\"2024-07-08T08:56:24+00:00\",\"description\":\"TOP 14 2024-2025 - Selon le Midi Olympique, Mateo Garcia va rester \u00e0 l'UBB alors qu'il \u00e9tait courtis\u00e9 par le Montpellier HR.\u00a0\",\"breadcrumb\":{\"@id\":\"https:\/\/dicodusport.fr\/blog\/transferts-ubb-mateo-garcia-fixe-pour-son-avenir\/#breadcrumb\"},\"inLanguage\":\"fr-FR\",\"potentialAction\":[{\"@type\":\"ReadAction\",\"target\":[\"https:\/\/dicodusport.fr\/blog\/transferts-ubb-mateo-garcia-fixe-pour-son-avenir\/\"]}]},{\"@type\":\"ImageObject\",\"inLanguage\":\"fr-FR\",\"@id\":\"https:\/\/dicodusport.fr\/blog\/transferts-ubb-mateo-garcia-fixe-pour-son-avenir\/#primaryimage\",\"url\":\"https:\/\/dicodusport.fr\/blog\/wp-content\/uploads\/2024\/07\/Transferts-UBB-Mateo-Garcia-fixe-pour-son-avenir.png\",\"contentUrl\":\"https:\/\/dicodusport.fr\/blog\/wp-content\/uploads\/2024\/07\/Transferts-UBB-Mateo-Garcia-fixe-pour-son-avenir.png\",\"width\":1200,\"height\":674},{\"@type\":\"BreadcrumbList\",\"@id\":\"https:\/\/dicodusport.fr\/blog\/transferts-ubb-mateo-garcia-fixe-pour-son-avenir\/#breadcrumb\",\"itemListElement\":[{\"@type\":\"ListItem\",\"position\":1,\"name\":\"Accueil\",\"item\":\"https:\/\/dicodusport.fr\/blog\/\"},{\"@type\":\"ListItem\",\"position\":2,\"name\":\"Transferts UBB : Mateo Garcia fix\u00e9 pour son avenir\"}]},{\"@type\":\"WebSite\",\"@id\":\"https:\/\/dicodusport.fr\/blog\/#website\",\"url\":\"https:\/\/dicodusport.fr\/blog\/\",\"name\":\"Dicodusport\",\"description\":\"L&#039;encyclop\u00e9die de l&#039;actualit\u00e9 sportive\",\"publisher\":{\"@id\":\"https:\/\/dicodusport.fr\/blog\/#organization\"},\"potentialAction\":[{\"@type\":\"SearchAction\",\"target\":{\"@type\":\"EntryPoint\",\"urlTemplate\":\"https:\/\/dicodusport.fr\/blog\/?s={search_term_string}\"},\"query-input\":{\"@type\":\"PropertyValueSpecification\",\"valueRequired\":true,\"valueName\":\"search_term_string\"}}],\"inLanguage\":\"fr-FR\"},{\"@type\":\"NewsMediaOrganization\",\"@id\":\"https:\/\/dicodusport.fr\/blog\/#organization\",\"name\":\"Dicodusport\",\"url\":\"https:\/\/dicodusport.fr\/blog\/\",\"logo\":{\"@type\":\"ImageObject\",\"inLanguage\":\"fr-FR\",\"@id\":\"https:\/\/dicodusport.fr\/blog\/#\/schema\/logo\/image\/\",\"url\":\"https:\/\/dicodusport.fr\/blog\/wp-content\/uploads\/2020\/06\/cropped-LOGO-DICODUSPORT-2020-SANS-FOND-SANS-TEXTE.png\",\"contentUrl\":\"https:\/\/dicodusport.fr\/blog\/wp-content\/uploads\/2020\/06\/cropped-LOGO-DICODUSPORT-2020-SANS-FOND-SANS-TEXTE.png\",\"width\":512,\"height\":512,\"caption\":\"Dicodusport\"},\"image\":{\"@id\":\"https:\/\/dicodusport.fr\/blog\/#\/schema\/logo\/image\/\"},\"sameAs\":[\"https:\/\/www.facebook.com\/dicodusport\",\"https:\/\/x.com\/dicodusport\",\"https:\/\/www.instagram.com\/dicodusport\/\",\"https:\/\/www.youtube.com\/channel\/UC7V2KZ5sd3htJivAbA4ZG3w\"],\"description\":\"Dicodusport est l'encyclop\u00e9die de l'actualit\u00e9 sportive.\",\"email\":\"bonjour@dicodusport.fr\",\"legalName\":\"DICODUSPORT\",\"foundingDate\":\"2018-01-14\",\"vatID\":\"FR71834470973\",\"taxID\":\"83447097300043\",\"numberOfEmployees\":{\"@type\":\"QuantitativeValue\",\"minValue\":\"1\",\"maxValue\":\"10\"}},{\"@type\":\"Person\",\"@id\":\"https:\/\/dicodusport.fr\/blog\/#\/schema\/person\/55dcb50ad410894e431ed812bbb70191\",\"name\":\"Nicolas Jacquemard\",\"image\":{\"@type\":\"ImageObject\",\"inLanguage\":\"fr-FR\",\"@id\":\"https:\/\/dicodusport.fr\/blog\/#\/schema\/person\/image\/\",\"url\":\"https:\/\/dicodusport.fr\/blog\/wp-content\/uploads\/2021\/05\/Nicolas-Jacquemard-150x150.jpeg\",\"contentUrl\":\"https:\/\/dicodusport.fr\/blog\/wp-content\/uploads\/2021\/05\/Nicolas-Jacquemard-150x150.jpeg\",\"caption\":\"Nicolas Jacquemard\"},\"description\":\"Passionn\u00e9 de sport et entrepreneur depuis mes 18 ans, la cr\u00e9ation de Dicodusport m'a sembl\u00e9 \u00e9vidente pour participer \u00e0 la m\u00e9diatisation d'un plus grand nombre de sports. Le chemin est long mais avec une \u00e9quipe des plus motiv\u00e9es et les Jeux Olympiques de Paris 2024 en point de mire, nous y arriverons ! Journaliste dans le monde du sport depuis plus de 5 ans, je traite aussi bien de football, de rugby, de biathlon que de cyclisme.\",\"sameAs\":[\"https:\/\/www.facebook.com\/dicodusport\",\"https:\/\/x.com\/https:\/\/twitter.com\/Nico_Jacquemard\"],\"url\":\"https:\/\/dicodusport.fr\/blog\/author\/dicodusport\/\"}]}<\/script>\n<!-- \/ Yoast SEO Premium plugin. -->","yoast_head_json":{"title":"Transferts UBB : Mateo Garcia fix\u00e9 pour son avenir","description":"TOP 14 2024-2025 - Selon le Midi Olympique, Mateo Garcia va rester \u00e0 l'UBB alors qu'il \u00e9tait courtis\u00e9 par le Montpellier HR.\u00a0","robots":{"index":"index","follow":"follow","max-snippet":"max-snippet:-1","max-image-preview":"max-image-preview:large","max-video-preview":"max-video-preview:-1"},"canonical":"https:\/\/dicodusport.fr\/blog\/transferts-ubb-mateo-garcia-fixe-pour-son-avenir\/","og_locale":"fr_FR","og_type":"article","og_title":"Transferts UBB : Mateo Garcia fix\u00e9 pour son avenir","og_description":"TOP 14 2024-2025 - Selon le Midi Olympique, Mateo Garcia va rester \u00e0 l'UBB alors qu'il \u00e9tait courtis\u00e9 par le Montpellier HR.\u00a0","og_url":"https:\/\/dicodusport.fr\/blog\/transferts-ubb-mateo-garcia-fixe-pour-son-avenir\/","og_site_name":"Dicodusport","article_publisher":"https:\/\/www.facebook.com\/dicodusport","article_author":"https:\/\/www.facebook.com\/dicodusport","article_published_time":"2024-07-08T07:45:28+00:00","article_modified_time":"2024-07-08T08:56:24+00:00","og_image":[{"width":1200,"height":674,"url":"https:\/\/dicodusport.fr\/blog\/wp-content\/uploads\/2024\/07\/Transferts-UBB-Mateo-Garcia-fixe-pour-son-avenir.png","type":"image\/png"}],"author":"Nicolas Jacquemard","twitter_card":"summary_large_image","twitter_title":"Transferts UBB : Mateo Garcia fix\u00e9 pour son avenir","twitter_creator":"@https:\/\/twitter.com\/Nico_Jacquemard","twitter_site":"@dicodusport","schema":{"@context":"https:\/\/schema.org","@graph":[{"@type":"NewsArticle","@id":"https:\/\/dicodusport.fr\/blog\/transferts-ubb-mateo-garcia-fixe-pour-son-avenir\/#article","isPartOf":{"@id":"https:\/\/dicodusport.fr\/blog\/transferts-ubb-mateo-garcia-fixe-pour-son-avenir\/"},"author":{"name":"Nicolas Jacquemard","@id":"https:\/\/dicodusport.fr\/blog\/#\/schema\/person\/55dcb50ad410894e431ed812bbb70191"},"headline":"Transferts UBB : Mateo Garcia fix\u00e9 pour son avenir","datePublished":"2024-07-08T07:45:28+00:00","dateModified":"2024-07-08T08:56:24+00:00","mainEntityOfPage":{"@id":"https:\/\/dicodusport.fr\/blog\/transferts-ubb-mateo-garcia-fixe-pour-son-avenir\/"},"wordCount":277,"commentCount":0,"publisher":{"@id":"https:\/\/dicodusport.fr\/blog\/#organization"},"image":{"@id":"https:\/\/dicodusport.fr\/blog\/transferts-ubb-mateo-garcia-fixe-pour-son-avenir\/#primaryimage"},"thumbnailUrl":"https:\/\/dicodusport.fr\/blog\/wp-content\/uploads\/2024\/07\/Transferts-UBB-Mateo-Garcia-fixe-pour-son-avenir.png","keywords":["br\u00e8ve","Garcia","UBB"],"articleSection":["Top 14"],"inLanguage":"fr-FR","potentialAction":[{"@type":"CommentAction","name":"Comment","target":["https:\/\/dicodusport.fr\/blog\/transferts-ubb-mateo-garcia-fixe-pour-son-avenir\/#respond"]}],"copyrightYear":"2024","copyrightHolder":{"@id":"https:\/\/dicodusport.fr\/blog\/#organization"}},{"@type":"WebPage","@id":"https:\/\/dicodusport.fr\/blog\/transferts-ubb-mateo-garcia-fixe-pour-son-avenir\/","url":"https:\/\/dicodusport.fr\/blog\/transferts-ubb-mateo-garcia-fixe-pour-son-avenir\/","name":"Transferts UBB : Mateo Garcia fix\u00e9 pour son avenir","isPartOf":{"@id":"https:\/\/dicodusport.fr\/blog\/#website"},"primaryImageOfPage":{"@id":"https:\/\/dicodusport.fr\/blog\/transferts-ubb-mateo-garcia-fixe-pour-son-avenir\/#primaryimage"},"image":{"@id":"https:\/\/dicodusport.fr\/blog\/transferts-ubb-mateo-garcia-fixe-pour-son-avenir\/#primaryimage"},"thumbnailUrl":"https:\/\/dicodusport.fr\/blog\/wp-content\/uploads\/2024\/07\/Transferts-UBB-Mateo-Garcia-fixe-pour-son-avenir.png","datePublished":"2024-07-08T07:45:28+00:00","dateModified":"2024-07-08T08:56:24+00:00","description":"TOP 14 2024-2025 - Selon le Midi Olympique, Mateo Garcia va rester \u00e0 l'UBB alors qu'il \u00e9tait courtis\u00e9 par le Montpellier HR.\u00a0","breadcrumb":{"@id":"https:\/\/dicodusport.fr\/blog\/transferts-ubb-mateo-garcia-fixe-pour-son-avenir\/#breadcrumb"},"inLanguage":"fr-FR","potentialAction":[{"@type":"ReadAction","target":["https:\/\/dicodusport.fr\/blog\/transferts-ubb-mateo-garcia-fixe-pour-son-avenir\/"]}]},{"@type":"ImageObject","inLanguage":"fr-FR","@id":"https:\/\/dicodusport.fr\/blog\/transferts-ubb-mateo-garcia-fixe-pour-son-avenir\/#primaryimage","url":"https:\/\/dicodusport.fr\/blog\/wp-content\/uploads\/2024\/07\/Transferts-UBB-Mateo-Garcia-fixe-pour-son-avenir.png","contentUrl":"https:\/\/dicodusport.fr\/blog\/wp-content\/uploads\/2024\/07\/Transferts-UBB-Mateo-Garcia-fixe-pour-son-avenir.png","width":1200,"height":674},{"@type":"BreadcrumbList","@id":"https:\/\/dicodusport.fr\/blog\/transferts-ubb-mateo-garcia-fixe-pour-son-avenir\/#breadcrumb","itemListElement":[{"@type":"ListItem","position":1,"name":"Accueil","item":"https:\/\/dicodusport.fr\/blog\/"},{"@type":"ListItem","position":2,"name":"Transferts UBB : Mateo Garcia fix\u00e9 pour son avenir"}]},{"@type":"WebSite","@id":"https:\/\/dicodusport.fr\/blog\/#website","url":"https:\/\/dicodusport.fr\/blog\/","name":"Dicodusport","description":"L&#039;encyclop\u00e9die de l&#039;actualit\u00e9 sportive","publisher":{"@id":"https:\/\/dicodusport.fr\/blog\/#organization"},"potentialAction":[{"@type":"SearchAction","target":{"@type":"EntryPoint","urlTemplate":"https:\/\/dicodusport.fr\/blog\/?s={search_term_string}"},"query-input":{"@type":"PropertyValueSpecification","valueRequired":true,"valueName":"search_term_string"}}],"inLanguage":"fr-FR"},{"@type":"NewsMediaOrganization","@id":"https:\/\/dicodusport.fr\/blog\/#organization","name":"Dicodusport","url":"https:\/\/dicodusport.fr\/blog\/","logo":{"@type":"ImageObject","inLanguage":"fr-FR","@id":"https:\/\/dicodusport.fr\/blog\/#\/schema\/logo\/image\/","url":"https:\/\/dicodusport.fr\/blog\/wp-content\/uploads\/2020\/06\/cropped-LOGO-DICODUSPORT-2020-SANS-FOND-SANS-TEXTE.png","contentUrl":"https:\/\/dicodusport.fr\/blog\/wp-content\/uploads\/2020\/06\/cropped-LOGO-DICODUSPORT-2020-SANS-FOND-SANS-TEXTE.png","width":512,"height":512,"caption":"Dicodusport"},"image":{"@id":"https:\/\/dicodusport.fr\/blog\/#\/schema\/logo\/image\/"},"sameAs":["https:\/\/www.facebook.com\/dicodusport","https:\/\/x.com\/dicodusport","https:\/\/www.instagram.com\/dicodusport\/","https:\/\/www.youtube.com\/channel\/UC7V2KZ5sd3htJivAbA4ZG3w"],"description":"Dicodusport est l'encyclop\u00e9die de l'actualit\u00e9 sportive.","email":"bonjour@dicodusport.fr","legalName":"DICODUSPORT","foundingDate":"2018-01-14","vatID":"FR71834470973","taxID":"83447097300043","numberOfEmployees":{"@type":"QuantitativeValue","minValue":"1","maxValue":"10"}},{"@type":"Person","@id":"https:\/\/dicodusport.fr\/blog\/#\/schema\/person\/55dcb50ad410894e431ed812bbb70191","name":"Nicolas Jacquemard","image":{"@type":"ImageObject","inLanguage":"fr-FR","@id":"https:\/\/dicodusport.fr\/blog\/#\/schema\/person\/image\/","url":"https:\/\/dicodusport.fr\/blog\/wp-content\/uploads\/2021\/05\/Nicolas-Jacquemard-150x150.jpeg","contentUrl":"https:\/\/dicodusport.fr\/blog\/wp-content\/uploads\/2021\/05\/Nicolas-Jacquemard-150x150.jpeg","caption":"Nicolas Jacquemard"},"description":"Passionn\u00e9 de sport et entrepreneur depuis mes 18 ans, la cr\u00e9ation de Dicodusport m'a sembl\u00e9 \u00e9vidente pour participer \u00e0 la m\u00e9diatisation d'un plus grand nombre de sports. Le chemin est long mais avec une \u00e9quipe des plus motiv\u00e9es et les Jeux Olympiques de Paris 2024 en point de mire, nous y arriverons ! Journaliste dans le monde du sport depuis plus de 5 ans, je traite aussi bien de football, de rugby, de biathlon que de cyclisme.","sameAs":["https:\/\/www.facebook.com\/dicodusport","https:\/\/x.com\/https:\/\/twitter.com\/Nico_Jacquemard"],"url":"https:\/\/dicodusport.fr\/blog\/author\/dicodusport\/"}]}},"_links":{"self":[{"href":"https:\/\/dicodusport.fr\/blog\/wp-json\/wp\/v2\/posts\/498835","targetHints":{"allow":["GET"]}}],"collection":[{"href":"https:\/\/dicodusport.fr\/blog\/wp-json\/wp\/v2\/posts"}],"about":[{"href":"https:\/\/dicodusport.fr\/blog\/wp-json\/wp\/v2\/types\/post"}],"author":[{"embeddable":true,"href":"https:\/\/dicodusport.fr\/blog\/wp-json\/wp\/v2\/users\/1"}],"replies":[{"embeddable":true,"href":"https:\/\/dicodusport.fr\/blog\/wp-json\/wp\/v2\/comments?post=498835"}],"version-history":[{"count":4,"href":"https:\/\/dicodusport.fr\/blog\/wp-json\/wp\/v2\/posts\/498835\/revisions"}],"predecessor-version":[{"id":498880,"href":"https:\/\/dicodusport.fr\/blog\/wp-json\/wp\/v2\/posts\/498835\/revisions\/498880"}],"wp:featuredmedia":[{"embeddable":true,"href":"https:\/\/dicodusport.fr\/blog\/wp-json\/wp\/v2\/media\/498841"}],"wp:attachment":[{"href":"https:\/\/dicodusport.fr\/blog\/wp-json\/wp\/v2\/media?parent=498835"}],"wp:term":[{"taxonomy":"category","embeddable":true,"href":"https:\/\/dicodusport.fr\/blog\/wp-json\/wp\/v2\/categories?post=498835"},{"taxonomy":"post_tag","embeddable":true,"href":"https:\/\/dicodusport.fr\/blog\/wp-json\/wp\/v2\/tags?post=498835"}],"curies":[{"name":"wp","href":"https:\/\/api.w.org\/{rel}","templated":true}]}}