{"id":499089,"date":"2024-07-09T07:34:12","date_gmt":"2024-07-09T05:34:12","guid":{"rendered":"https:\/\/dicodusport.fr\/blog\/?p=499089&#038;preview=true&#038;preview_id=499089"},"modified":"2024-07-09T08:41:34","modified_gmt":"2024-07-09T06:41:34","slug":"xv-de-france-hugo-auradou-et-oscar-jegou-accuses-dagression-sexuelle-en-argentine","status":"publish","type":"post","link":"https:\/\/dicodusport.fr\/blog\/xv-de-france-hugo-auradou-et-oscar-jegou-accuses-dagression-sexuelle-en-argentine\/","title":{"rendered":"XV de France : Hugo Auradou et Oscar Jegou accus\u00e9s d&rsquo;agression sexuelle en Argentine"},"content":{"rendered":"<p style=\"text-align: justify;\"><strong><em>XV DE FRANCE &#8211; Ce mardi matin, Florian Grill, pr\u00e9sident de la F\u00e9d\u00e9ration Fran\u00e7aise de Rugby, a confirm\u00e9 que Hugo Auradou et Oscar Jegou \u00e9taient vis\u00e9s par une plainte pour agression sexuelle en Argentine.<\/em><\/strong><\/p>\n<p style=\"text-align: justify;\">Dimanche, une vid\u00e9o de <strong>Melvyn<\/strong> <strong>Jaminet<\/strong> a secou\u00e9 le <a href=\"https:\/\/dicodusport.fr\/blog\/actualites\/rugby\/rugby-a-xv\/xv-de-france\/\"><strong>XV de France<\/strong><\/a>. L&rsquo;arri\u00e8re du <strong>RC<\/strong> <strong>Toulon<\/strong>, qui s&rsquo;est depuis excus\u00e9, a tenu des propos racistes sur une vid\u00e9o qui lui a co\u00fbt\u00e9 sa place en \u00e9quipe de France. Cet \u00e9pisode n&rsquo;a \u00e9t\u00e9 qu&rsquo;une premi\u00e8re secousse pour les Bleus, puisque dans la nuit de lundi \u00e0 mardi, la presse argentine, via le m\u00e9dia local <em><a href=\"https:\/\/www.mdzol.com\/policiales\/2024\/7\/8\/exclusivo-los-detalles-del-ataque-sexual-de-los-rugbiers-franceses-una-joven-mendocina-441065.html\" target=\"_blank\" rel=\"noopener\" type=\"[object Object]\">MDZ<\/a><\/em>, a fait \u00e9tat d&rsquo;une plainte pour agression sexuelle d\u00e9pos\u00e9e par une jeune femme. Deux joueurs du XV de France sont alors vis\u00e9s par cette derni\u00e8re.<\/p>\n<h2 style=\"text-align: justify;\">Hugo Auradou et Oscar Jegou retenus par la police<\/h2>\n<p style=\"text-align: justify;\">Apr\u00e8s quelques heures de flou, <strong>Florian<\/strong> <strong>Grill<\/strong>, pr\u00e9sident de la <strong>F\u00e9d\u00e9ration Fran\u00e7aise de Rugby<\/strong>, a confirm\u00e9 lors d&rsquo;une conf\u00e9rence de presse \u00e0 Buenos Aires, \u00e9mu aux larmes, que les deux joueurs \u00e9taient <strong>Hugo<\/strong> <strong>Auradou<\/strong> (Pau) et <strong>Oscar<\/strong> <strong>Jegou<\/strong> (La Rochelle). Les deux joueurs du <strong>XV de France<\/strong> ont \u00e9t\u00e9 entendus lundi par les enqu\u00eateurs alors que la presse locale parle d&rsquo;une sc\u00e8ne violente qui se serait produite dans la nuit de samedi \u00e0 dimanche.<\/p>\n<p style=\"text-align: justify;\"><strong>Daniela<\/strong> <strong>Chaler<\/strong>, procureure en chef des d\u00e9lits contre l&rsquo;int\u00e9grit\u00e9 physique, s&rsquo;est exprim\u00e9 au sujet de l&rsquo;affaire dans des propos repris par <em>L&rsquo;\u00c9quipe<\/em> :<\/p>\n<blockquote>\n<p style=\"text-align: justify;\">L&rsquo;enqu\u00eate vient de commencer. Hier\u00a0(lundi), nous avons re\u00e7u la plainte vers 18h-19h au bureau du procureur. La d\u00e9claration de la plaignante a \u00e9t\u00e9 longue, avec de nombreux d\u00e9tails sur le d\u00e9roulement de la soir\u00e9e. Imm\u00e9diatement, elle a \u00e9t\u00e9 examin\u00e9e par une m\u00e9decin l\u00e9giste qui a constat\u00e9 des blessures. Ce sont les \u00e9l\u00e9ments sur la base desquels il a \u00e9t\u00e9 d\u00e9cid\u00e9 d&rsquo;ouvrir une enqu\u00eate pour le d\u00e9lit d&rsquo;abus sexuel aggrav\u00e9 et d&rsquo;ordonner la d\u00e9tention. Il s&rsquo;agit d&rsquo;un d\u00e9lit susceptible d&rsquo;une peine lourde et il existe par cons\u00e9quent un risque de fugue, d&rsquo;autant que ce sont deux \u00e9trangers qui sont de passage dans le pays et qui allaient se rendre en Uruguay puis revenir ici avant de retourner dans leur pays d&rsquo;origine. Cela \u00e9tait donc n\u00e9cessaire pour pouvoir leur notifier le d\u00e9lit pour lequel ils sont poursuivis et ensuite d\u00e9cider de leur situation. Nous sommes au stade des premi\u00e8res mesures.<\/p>\n<\/blockquote>\n<p style=\"text-align: justify;\"><strong>Hugo<\/strong> <strong>Auradou<\/strong> et <strong>Oscar<\/strong> <strong>Jegou<\/strong> ne vont donc pas s&rsquo;envoler pour l&rsquo;<strong>Uruguay<\/strong> alors que la tourn\u00e9e du <strong>XV de France<\/strong>, qui a bien d\u00e9but\u00e9 sur le terrain, tourne au fiasco \u00e0 cause des frasques extra-sportives. Les Bleus affrontent ce mercredi les Uruguayens lors d&rsquo;une rencontre amicale.<\/p>\n<blockquote class=\"twitter-tweet\">\n<p dir=\"ltr\" lang=\"fr\">Florian Grill, pr\u00e9sident de la FFR a confirm\u00e9 que Hugo Auradou et Oscar Jegou \u00e9taient bien les deux joueurs retenus par la police argentine et soup\u00e7onn\u00e9s d&rsquo;abus sexuels apr\u00e8s une plainte d\u00e9pos\u00e9e par une femme \u00e0 Mendoza dimanche dernier <a href=\"https:\/\/t.co\/SwspgR6248\">https:\/\/t.co\/SwspgR6248<\/a> <a href=\"https:\/\/t.co\/1ibbC5xyX3\">pic.twitter.com\/1ibbC5xyX3<\/a><\/p>\n<p>\u2014 L&rsquo;\u00c9QUIPE (@lequipe) <a href=\"https:\/\/twitter.com\/lequipe\/status\/1810546432622968904?ref_src=twsrc%5Etfw\">July 9, 2024<\/a><\/p><\/blockquote>\n<p style=\"text-align: justify;\"><script async src=\"https:\/\/platform.twitter.com\/widgets.js\" charset=\"utf-8\"><\/script><\/p>\n","protected":false},"excerpt":{"rendered":"<p>XV DE FRANCE &#8211; Florian Grill a confirm\u00e9 que Hugo Auradou et Oscar Jegou \u00e9taient vis\u00e9s par une plainte pour agression sexuelle en Argentine.<\/p>\n","protected":false},"author":1,"featured_media":499092,"comment_status":"open","ping_status":"closed","sticky":false,"template":"","format":"standard","meta":{"_acf_changed":false,"_daextam_enable_autolinks":"1","footnotes":""},"categories":[9129,19951],"tags":[16878],"class_list":["post-499089","post","type-post","status-publish","format-standard","has-post-thumbnail","hentry","category-rugby-a-xv","category-xv-de-france","tag-breve"],"acf":[],"yoast_head":"<!-- This site is optimized with the Yoast SEO Premium plugin v26.7 (Yoast SEO v26.7) - https:\/\/yoast.com\/wordpress\/plugins\/seo\/ -->\n<title>XV de France : Hugo Auradou et Oscar Jegou accus\u00e9s d&#039;agression sexuelle en Argentine<\/title>\n<meta name=\"description\" content=\"XV DE FRANCE - Florian Grill a confirm\u00e9 que Hugo Auradou et Oscar Jegou \u00e9taient vis\u00e9s par une plainte pour agression sexuelle en Argentine.\" \/>\n<meta name=\"robots\" content=\"index, follow, max-snippet:-1, max-image-preview:large, max-video-preview:-1\" \/>\n<link rel=\"canonical\" href=\"https:\/\/dicodusport.fr\/blog\/xv-de-france-hugo-auradou-et-oscar-jegou-accuses-dagression-sexuelle-en-argentine\/\" \/>\n<meta property=\"og:locale\" content=\"fr_FR\" \/>\n<meta property=\"og:type\" content=\"article\" \/>\n<meta property=\"og:title\" content=\"XV de France : Hugo Auradou et Oscar Jegou accus\u00e9s d&#039;agression sexuelle en Argentine\" \/>\n<meta property=\"og:description\" content=\"XV DE FRANCE - Florian Grill a confirm\u00e9 que Hugo Auradou et Oscar Jegou \u00e9taient vis\u00e9s par une plainte pour agression sexuelle en Argentine.\" \/>\n<meta property=\"og:url\" content=\"https:\/\/dicodusport.fr\/blog\/xv-de-france-hugo-auradou-et-oscar-jegou-accuses-dagression-sexuelle-en-argentine\/\" \/>\n<meta property=\"og:site_name\" content=\"Dicodusport\" \/>\n<meta property=\"article:publisher\" content=\"https:\/\/www.facebook.com\/dicodusport\" \/>\n<meta property=\"article:author\" content=\"https:\/\/www.facebook.com\/dicodusport\" \/>\n<meta property=\"article:published_time\" content=\"2024-07-09T05:34:12+00:00\" \/>\n<meta property=\"article:modified_time\" content=\"2024-07-09T06:41:34+00:00\" \/>\n<meta property=\"og:image\" content=\"https:\/\/dicodusport.fr\/blog\/wp-content\/uploads\/2024\/07\/XV-de-France-Hugo-Auradou-et-Oscar-Jegou-accuses-dagression-sexuelle-en-Argentine.png\" \/>\n\t<meta property=\"og:image:width\" content=\"1200\" \/>\n\t<meta property=\"og:image:height\" content=\"674\" \/>\n\t<meta property=\"og:image:type\" content=\"image\/png\" \/>\n<meta name=\"author\" content=\"Nicolas Jacquemard\" \/>\n<meta name=\"twitter:card\" content=\"summary_large_image\" \/>\n<meta name=\"twitter:title\" content=\"XV de France : Hugo Auradou et Oscar Jegou accus\u00e9s d&#039;agression sexuelle en Argentine\" \/>\n<meta name=\"twitter:creator\" content=\"@https:\/\/twitter.com\/Nico_Jacquemard\" \/>\n<meta name=\"twitter:site\" content=\"@dicodusport\" \/>\n<script type=\"application\/ld+json\" class=\"yoast-schema-graph\">{\"@context\":\"https:\/\/schema.org\",\"@graph\":[{\"@type\":\"NewsArticle\",\"@id\":\"https:\/\/dicodusport.fr\/blog\/xv-de-france-hugo-auradou-et-oscar-jegou-accuses-dagression-sexuelle-en-argentine\/#article\",\"isPartOf\":{\"@id\":\"https:\/\/dicodusport.fr\/blog\/xv-de-france-hugo-auradou-et-oscar-jegou-accuses-dagression-sexuelle-en-argentine\/\"},\"author\":{\"name\":\"Nicolas Jacquemard\",\"@id\":\"https:\/\/dicodusport.fr\/blog\/#\/schema\/person\/55dcb50ad410894e431ed812bbb70191\"},\"headline\":\"XV de France : Hugo Auradou et Oscar Jegou accus\u00e9s d&rsquo;agression sexuelle en Argentine\",\"datePublished\":\"2024-07-09T05:34:12+00:00\",\"dateModified\":\"2024-07-09T06:41:34+00:00\",\"mainEntityOfPage\":{\"@id\":\"https:\/\/dicodusport.fr\/blog\/xv-de-france-hugo-auradou-et-oscar-jegou-accuses-dagression-sexuelle-en-argentine\/\"},\"wordCount\":564,\"commentCount\":0,\"publisher\":{\"@id\":\"https:\/\/dicodusport.fr\/blog\/#organization\"},\"image\":{\"@id\":\"https:\/\/dicodusport.fr\/blog\/xv-de-france-hugo-auradou-et-oscar-jegou-accuses-dagression-sexuelle-en-argentine\/#primaryimage\"},\"thumbnailUrl\":\"https:\/\/dicodusport.fr\/blog\/wp-content\/uploads\/2024\/07\/XV-de-France-Hugo-Auradou-et-Oscar-Jegou-accuses-dagression-sexuelle-en-Argentine.png\",\"keywords\":[\"br\u00e8ve\"],\"articleSection\":[\"Rugby \u00e0 XV\",\"XV de France\"],\"inLanguage\":\"fr-FR\",\"potentialAction\":[{\"@type\":\"CommentAction\",\"name\":\"Comment\",\"target\":[\"https:\/\/dicodusport.fr\/blog\/xv-de-france-hugo-auradou-et-oscar-jegou-accuses-dagression-sexuelle-en-argentine\/#respond\"]}],\"copyrightYear\":\"2024\",\"copyrightHolder\":{\"@id\":\"https:\/\/dicodusport.fr\/blog\/#organization\"}},{\"@type\":\"WebPage\",\"@id\":\"https:\/\/dicodusport.fr\/blog\/xv-de-france-hugo-auradou-et-oscar-jegou-accuses-dagression-sexuelle-en-argentine\/\",\"url\":\"https:\/\/dicodusport.fr\/blog\/xv-de-france-hugo-auradou-et-oscar-jegou-accuses-dagression-sexuelle-en-argentine\/\",\"name\":\"XV de France : Hugo Auradou et Oscar Jegou accus\u00e9s d'agression sexuelle en Argentine\",\"isPartOf\":{\"@id\":\"https:\/\/dicodusport.fr\/blog\/#website\"},\"primaryImageOfPage\":{\"@id\":\"https:\/\/dicodusport.fr\/blog\/xv-de-france-hugo-auradou-et-oscar-jegou-accuses-dagression-sexuelle-en-argentine\/#primaryimage\"},\"image\":{\"@id\":\"https:\/\/dicodusport.fr\/blog\/xv-de-france-hugo-auradou-et-oscar-jegou-accuses-dagression-sexuelle-en-argentine\/#primaryimage\"},\"thumbnailUrl\":\"https:\/\/dicodusport.fr\/blog\/wp-content\/uploads\/2024\/07\/XV-de-France-Hugo-Auradou-et-Oscar-Jegou-accuses-dagression-sexuelle-en-Argentine.png\",\"datePublished\":\"2024-07-09T05:34:12+00:00\",\"dateModified\":\"2024-07-09T06:41:34+00:00\",\"description\":\"XV DE FRANCE - Florian Grill a confirm\u00e9 que Hugo Auradou et Oscar Jegou \u00e9taient vis\u00e9s par une plainte pour agression sexuelle en Argentine.\",\"breadcrumb\":{\"@id\":\"https:\/\/dicodusport.fr\/blog\/xv-de-france-hugo-auradou-et-oscar-jegou-accuses-dagression-sexuelle-en-argentine\/#breadcrumb\"},\"inLanguage\":\"fr-FR\",\"potentialAction\":[{\"@type\":\"ReadAction\",\"target\":[\"https:\/\/dicodusport.fr\/blog\/xv-de-france-hugo-auradou-et-oscar-jegou-accuses-dagression-sexuelle-en-argentine\/\"]}]},{\"@type\":\"ImageObject\",\"inLanguage\":\"fr-FR\",\"@id\":\"https:\/\/dicodusport.fr\/blog\/xv-de-france-hugo-auradou-et-oscar-jegou-accuses-dagression-sexuelle-en-argentine\/#primaryimage\",\"url\":\"https:\/\/dicodusport.fr\/blog\/wp-content\/uploads\/2024\/07\/XV-de-France-Hugo-Auradou-et-Oscar-Jegou-accuses-dagression-sexuelle-en-Argentine.png\",\"contentUrl\":\"https:\/\/dicodusport.fr\/blog\/wp-content\/uploads\/2024\/07\/XV-de-France-Hugo-Auradou-et-Oscar-Jegou-accuses-dagression-sexuelle-en-Argentine.png\",\"width\":1200,\"height\":674},{\"@type\":\"BreadcrumbList\",\"@id\":\"https:\/\/dicodusport.fr\/blog\/xv-de-france-hugo-auradou-et-oscar-jegou-accuses-dagression-sexuelle-en-argentine\/#breadcrumb\",\"itemListElement\":[{\"@type\":\"ListItem\",\"position\":1,\"name\":\"Accueil\",\"item\":\"https:\/\/dicodusport.fr\/blog\/\"},{\"@type\":\"ListItem\",\"position\":2,\"name\":\"XV de France : Hugo Auradou et Oscar Jegou accus\u00e9s d&#8217;agression sexuelle en Argentine\"}]},{\"@type\":\"WebSite\",\"@id\":\"https:\/\/dicodusport.fr\/blog\/#website\",\"url\":\"https:\/\/dicodusport.fr\/blog\/\",\"name\":\"Dicodusport\",\"description\":\"L&#039;encyclop\u00e9die de l&#039;actualit\u00e9 sportive\",\"publisher\":{\"@id\":\"https:\/\/dicodusport.fr\/blog\/#organization\"},\"potentialAction\":[{\"@type\":\"SearchAction\",\"target\":{\"@type\":\"EntryPoint\",\"urlTemplate\":\"https:\/\/dicodusport.fr\/blog\/?s={search_term_string}\"},\"query-input\":{\"@type\":\"PropertyValueSpecification\",\"valueRequired\":true,\"valueName\":\"search_term_string\"}}],\"inLanguage\":\"fr-FR\"},{\"@type\":\"NewsMediaOrganization\",\"@id\":\"https:\/\/dicodusport.fr\/blog\/#organization\",\"name\":\"Dicodusport\",\"url\":\"https:\/\/dicodusport.fr\/blog\/\",\"logo\":{\"@type\":\"ImageObject\",\"inLanguage\":\"fr-FR\",\"@id\":\"https:\/\/dicodusport.fr\/blog\/#\/schema\/logo\/image\/\",\"url\":\"https:\/\/dicodusport.fr\/blog\/wp-content\/uploads\/2020\/06\/cropped-LOGO-DICODUSPORT-2020-SANS-FOND-SANS-TEXTE.png\",\"contentUrl\":\"https:\/\/dicodusport.fr\/blog\/wp-content\/uploads\/2020\/06\/cropped-LOGO-DICODUSPORT-2020-SANS-FOND-SANS-TEXTE.png\",\"width\":512,\"height\":512,\"caption\":\"Dicodusport\"},\"image\":{\"@id\":\"https:\/\/dicodusport.fr\/blog\/#\/schema\/logo\/image\/\"},\"sameAs\":[\"https:\/\/www.facebook.com\/dicodusport\",\"https:\/\/x.com\/dicodusport\",\"https:\/\/www.instagram.com\/dicodusport\/\",\"https:\/\/www.youtube.com\/channel\/UC7V2KZ5sd3htJivAbA4ZG3w\"],\"description\":\"Dicodusport est l'encyclop\u00e9die de l'actualit\u00e9 sportive.\",\"email\":\"bonjour@dicodusport.fr\",\"legalName\":\"DICODUSPORT\",\"foundingDate\":\"2018-01-14\",\"vatID\":\"FR71834470973\",\"taxID\":\"83447097300043\",\"numberOfEmployees\":{\"@type\":\"QuantitativeValue\",\"minValue\":\"1\",\"maxValue\":\"10\"}},{\"@type\":\"Person\",\"@id\":\"https:\/\/dicodusport.fr\/blog\/#\/schema\/person\/55dcb50ad410894e431ed812bbb70191\",\"name\":\"Nicolas Jacquemard\",\"image\":{\"@type\":\"ImageObject\",\"inLanguage\":\"fr-FR\",\"@id\":\"https:\/\/dicodusport.fr\/blog\/#\/schema\/person\/image\/\",\"url\":\"https:\/\/dicodusport.fr\/blog\/wp-content\/uploads\/2021\/05\/Nicolas-Jacquemard-150x150.jpeg\",\"contentUrl\":\"https:\/\/dicodusport.fr\/blog\/wp-content\/uploads\/2021\/05\/Nicolas-Jacquemard-150x150.jpeg\",\"caption\":\"Nicolas Jacquemard\"},\"description\":\"Passionn\u00e9 de sport et entrepreneur depuis mes 18 ans, la cr\u00e9ation de Dicodusport m'a sembl\u00e9 \u00e9vidente pour participer \u00e0 la m\u00e9diatisation d'un plus grand nombre de sports. Le chemin est long mais avec une \u00e9quipe des plus motiv\u00e9es et les Jeux Olympiques de Paris 2024 en point de mire, nous y arriverons ! Journaliste dans le monde du sport depuis plus de 5 ans, je traite aussi bien de football, de rugby, de biathlon que de cyclisme.\",\"sameAs\":[\"https:\/\/www.facebook.com\/dicodusport\",\"https:\/\/x.com\/https:\/\/twitter.com\/Nico_Jacquemard\"],\"url\":\"https:\/\/dicodusport.fr\/blog\/author\/dicodusport\/\"}]}<\/script>\n<!-- \/ Yoast SEO Premium plugin. -->","yoast_head_json":{"title":"XV de France : Hugo Auradou et Oscar Jegou accus\u00e9s d'agression sexuelle en Argentine","description":"XV DE FRANCE - Florian Grill a confirm\u00e9 que Hugo Auradou et Oscar Jegou \u00e9taient vis\u00e9s par une plainte pour agression sexuelle en Argentine.","robots":{"index":"index","follow":"follow","max-snippet":"max-snippet:-1","max-image-preview":"max-image-preview:large","max-video-preview":"max-video-preview:-1"},"canonical":"https:\/\/dicodusport.fr\/blog\/xv-de-france-hugo-auradou-et-oscar-jegou-accuses-dagression-sexuelle-en-argentine\/","og_locale":"fr_FR","og_type":"article","og_title":"XV de France : Hugo Auradou et Oscar Jegou accus\u00e9s d'agression sexuelle en Argentine","og_description":"XV DE FRANCE - Florian Grill a confirm\u00e9 que Hugo Auradou et Oscar Jegou \u00e9taient vis\u00e9s par une plainte pour agression sexuelle en Argentine.","og_url":"https:\/\/dicodusport.fr\/blog\/xv-de-france-hugo-auradou-et-oscar-jegou-accuses-dagression-sexuelle-en-argentine\/","og_site_name":"Dicodusport","article_publisher":"https:\/\/www.facebook.com\/dicodusport","article_author":"https:\/\/www.facebook.com\/dicodusport","article_published_time":"2024-07-09T05:34:12+00:00","article_modified_time":"2024-07-09T06:41:34+00:00","og_image":[{"width":1200,"height":674,"url":"https:\/\/dicodusport.fr\/blog\/wp-content\/uploads\/2024\/07\/XV-de-France-Hugo-Auradou-et-Oscar-Jegou-accuses-dagression-sexuelle-en-Argentine.png","type":"image\/png"}],"author":"Nicolas Jacquemard","twitter_card":"summary_large_image","twitter_title":"XV de France : Hugo Auradou et Oscar Jegou accus\u00e9s d'agression sexuelle en Argentine","twitter_creator":"@https:\/\/twitter.com\/Nico_Jacquemard","twitter_site":"@dicodusport","schema":{"@context":"https:\/\/schema.org","@graph":[{"@type":"NewsArticle","@id":"https:\/\/dicodusport.fr\/blog\/xv-de-france-hugo-auradou-et-oscar-jegou-accuses-dagression-sexuelle-en-argentine\/#article","isPartOf":{"@id":"https:\/\/dicodusport.fr\/blog\/xv-de-france-hugo-auradou-et-oscar-jegou-accuses-dagression-sexuelle-en-argentine\/"},"author":{"name":"Nicolas Jacquemard","@id":"https:\/\/dicodusport.fr\/blog\/#\/schema\/person\/55dcb50ad410894e431ed812bbb70191"},"headline":"XV de France : Hugo Auradou et Oscar Jegou accus\u00e9s d&rsquo;agression sexuelle en Argentine","datePublished":"2024-07-09T05:34:12+00:00","dateModified":"2024-07-09T06:41:34+00:00","mainEntityOfPage":{"@id":"https:\/\/dicodusport.fr\/blog\/xv-de-france-hugo-auradou-et-oscar-jegou-accuses-dagression-sexuelle-en-argentine\/"},"wordCount":564,"commentCount":0,"publisher":{"@id":"https:\/\/dicodusport.fr\/blog\/#organization"},"image":{"@id":"https:\/\/dicodusport.fr\/blog\/xv-de-france-hugo-auradou-et-oscar-jegou-accuses-dagression-sexuelle-en-argentine\/#primaryimage"},"thumbnailUrl":"https:\/\/dicodusport.fr\/blog\/wp-content\/uploads\/2024\/07\/XV-de-France-Hugo-Auradou-et-Oscar-Jegou-accuses-dagression-sexuelle-en-Argentine.png","keywords":["br\u00e8ve"],"articleSection":["Rugby \u00e0 XV","XV de France"],"inLanguage":"fr-FR","potentialAction":[{"@type":"CommentAction","name":"Comment","target":["https:\/\/dicodusport.fr\/blog\/xv-de-france-hugo-auradou-et-oscar-jegou-accuses-dagression-sexuelle-en-argentine\/#respond"]}],"copyrightYear":"2024","copyrightHolder":{"@id":"https:\/\/dicodusport.fr\/blog\/#organization"}},{"@type":"WebPage","@id":"https:\/\/dicodusport.fr\/blog\/xv-de-france-hugo-auradou-et-oscar-jegou-accuses-dagression-sexuelle-en-argentine\/","url":"https:\/\/dicodusport.fr\/blog\/xv-de-france-hugo-auradou-et-oscar-jegou-accuses-dagression-sexuelle-en-argentine\/","name":"XV de France : Hugo Auradou et Oscar Jegou accus\u00e9s d'agression sexuelle en Argentine","isPartOf":{"@id":"https:\/\/dicodusport.fr\/blog\/#website"},"primaryImageOfPage":{"@id":"https:\/\/dicodusport.fr\/blog\/xv-de-france-hugo-auradou-et-oscar-jegou-accuses-dagression-sexuelle-en-argentine\/#primaryimage"},"image":{"@id":"https:\/\/dicodusport.fr\/blog\/xv-de-france-hugo-auradou-et-oscar-jegou-accuses-dagression-sexuelle-en-argentine\/#primaryimage"},"thumbnailUrl":"https:\/\/dicodusport.fr\/blog\/wp-content\/uploads\/2024\/07\/XV-de-France-Hugo-Auradou-et-Oscar-Jegou-accuses-dagression-sexuelle-en-Argentine.png","datePublished":"2024-07-09T05:34:12+00:00","dateModified":"2024-07-09T06:41:34+00:00","description":"XV DE FRANCE - Florian Grill a confirm\u00e9 que Hugo Auradou et Oscar Jegou \u00e9taient vis\u00e9s par une plainte pour agression sexuelle en Argentine.","breadcrumb":{"@id":"https:\/\/dicodusport.fr\/blog\/xv-de-france-hugo-auradou-et-oscar-jegou-accuses-dagression-sexuelle-en-argentine\/#breadcrumb"},"inLanguage":"fr-FR","potentialAction":[{"@type":"ReadAction","target":["https:\/\/dicodusport.fr\/blog\/xv-de-france-hugo-auradou-et-oscar-jegou-accuses-dagression-sexuelle-en-argentine\/"]}]},{"@type":"ImageObject","inLanguage":"fr-FR","@id":"https:\/\/dicodusport.fr\/blog\/xv-de-france-hugo-auradou-et-oscar-jegou-accuses-dagression-sexuelle-en-argentine\/#primaryimage","url":"https:\/\/dicodusport.fr\/blog\/wp-content\/uploads\/2024\/07\/XV-de-France-Hugo-Auradou-et-Oscar-Jegou-accuses-dagression-sexuelle-en-Argentine.png","contentUrl":"https:\/\/dicodusport.fr\/blog\/wp-content\/uploads\/2024\/07\/XV-de-France-Hugo-Auradou-et-Oscar-Jegou-accuses-dagression-sexuelle-en-Argentine.png","width":1200,"height":674},{"@type":"BreadcrumbList","@id":"https:\/\/dicodusport.fr\/blog\/xv-de-france-hugo-auradou-et-oscar-jegou-accuses-dagression-sexuelle-en-argentine\/#breadcrumb","itemListElement":[{"@type":"ListItem","position":1,"name":"Accueil","item":"https:\/\/dicodusport.fr\/blog\/"},{"@type":"ListItem","position":2,"name":"XV de France : Hugo Auradou et Oscar Jegou accus\u00e9s d&#8217;agression sexuelle en Argentine"}]},{"@type":"WebSite","@id":"https:\/\/dicodusport.fr\/blog\/#website","url":"https:\/\/dicodusport.fr\/blog\/","name":"Dicodusport","description":"L&#039;encyclop\u00e9die de l&#039;actualit\u00e9 sportive","publisher":{"@id":"https:\/\/dicodusport.fr\/blog\/#organization"},"potentialAction":[{"@type":"SearchAction","target":{"@type":"EntryPoint","urlTemplate":"https:\/\/dicodusport.fr\/blog\/?s={search_term_string}"},"query-input":{"@type":"PropertyValueSpecification","valueRequired":true,"valueName":"search_term_string"}}],"inLanguage":"fr-FR"},{"@type":"NewsMediaOrganization","@id":"https:\/\/dicodusport.fr\/blog\/#organization","name":"Dicodusport","url":"https:\/\/dicodusport.fr\/blog\/","logo":{"@type":"ImageObject","inLanguage":"fr-FR","@id":"https:\/\/dicodusport.fr\/blog\/#\/schema\/logo\/image\/","url":"https:\/\/dicodusport.fr\/blog\/wp-content\/uploads\/2020\/06\/cropped-LOGO-DICODUSPORT-2020-SANS-FOND-SANS-TEXTE.png","contentUrl":"https:\/\/dicodusport.fr\/blog\/wp-content\/uploads\/2020\/06\/cropped-LOGO-DICODUSPORT-2020-SANS-FOND-SANS-TEXTE.png","width":512,"height":512,"caption":"Dicodusport"},"image":{"@id":"https:\/\/dicodusport.fr\/blog\/#\/schema\/logo\/image\/"},"sameAs":["https:\/\/www.facebook.com\/dicodusport","https:\/\/x.com\/dicodusport","https:\/\/www.instagram.com\/dicodusport\/","https:\/\/www.youtube.com\/channel\/UC7V2KZ5sd3htJivAbA4ZG3w"],"description":"Dicodusport est l'encyclop\u00e9die de l'actualit\u00e9 sportive.","email":"bonjour@dicodusport.fr","legalName":"DICODUSPORT","foundingDate":"2018-01-14","vatID":"FR71834470973","taxID":"83447097300043","numberOfEmployees":{"@type":"QuantitativeValue","minValue":"1","maxValue":"10"}},{"@type":"Person","@id":"https:\/\/dicodusport.fr\/blog\/#\/schema\/person\/55dcb50ad410894e431ed812bbb70191","name":"Nicolas Jacquemard","image":{"@type":"ImageObject","inLanguage":"fr-FR","@id":"https:\/\/dicodusport.fr\/blog\/#\/schema\/person\/image\/","url":"https:\/\/dicodusport.fr\/blog\/wp-content\/uploads\/2021\/05\/Nicolas-Jacquemard-150x150.jpeg","contentUrl":"https:\/\/dicodusport.fr\/blog\/wp-content\/uploads\/2021\/05\/Nicolas-Jacquemard-150x150.jpeg","caption":"Nicolas Jacquemard"},"description":"Passionn\u00e9 de sport et entrepreneur depuis mes 18 ans, la cr\u00e9ation de Dicodusport m'a sembl\u00e9 \u00e9vidente pour participer \u00e0 la m\u00e9diatisation d'un plus grand nombre de sports. Le chemin est long mais avec une \u00e9quipe des plus motiv\u00e9es et les Jeux Olympiques de Paris 2024 en point de mire, nous y arriverons ! Journaliste dans le monde du sport depuis plus de 5 ans, je traite aussi bien de football, de rugby, de biathlon que de cyclisme.","sameAs":["https:\/\/www.facebook.com\/dicodusport","https:\/\/x.com\/https:\/\/twitter.com\/Nico_Jacquemard"],"url":"https:\/\/dicodusport.fr\/blog\/author\/dicodusport\/"}]}},"_links":{"self":[{"href":"https:\/\/dicodusport.fr\/blog\/wp-json\/wp\/v2\/posts\/499089","targetHints":{"allow":["GET"]}}],"collection":[{"href":"https:\/\/dicodusport.fr\/blog\/wp-json\/wp\/v2\/posts"}],"about":[{"href":"https:\/\/dicodusport.fr\/blog\/wp-json\/wp\/v2\/types\/post"}],"author":[{"embeddable":true,"href":"https:\/\/dicodusport.fr\/blog\/wp-json\/wp\/v2\/users\/1"}],"replies":[{"embeddable":true,"href":"https:\/\/dicodusport.fr\/blog\/wp-json\/wp\/v2\/comments?post=499089"}],"version-history":[{"count":5,"href":"https:\/\/dicodusport.fr\/blog\/wp-json\/wp\/v2\/posts\/499089\/revisions"}],"predecessor-version":[{"id":499108,"href":"https:\/\/dicodusport.fr\/blog\/wp-json\/wp\/v2\/posts\/499089\/revisions\/499108"}],"wp:featuredmedia":[{"embeddable":true,"href":"https:\/\/dicodusport.fr\/blog\/wp-json\/wp\/v2\/media\/499092"}],"wp:attachment":[{"href":"https:\/\/dicodusport.fr\/blog\/wp-json\/wp\/v2\/media?parent=499089"}],"wp:term":[{"taxonomy":"category","embeddable":true,"href":"https:\/\/dicodusport.fr\/blog\/wp-json\/wp\/v2\/categories?post=499089"},{"taxonomy":"post_tag","embeddable":true,"href":"https:\/\/dicodusport.fr\/blog\/wp-json\/wp\/v2\/tags?post=499089"}],"curies":[{"name":"wp","href":"https:\/\/api.w.org\/{rel}","templated":true}]}}