{"id":499113,"date":"2024-07-09T09:32:25","date_gmt":"2024-07-09T07:32:25","guid":{"rendered":"https:\/\/dicodusport.fr\/blog\/?p=499113&#038;preview=true&#038;preview_id=499113"},"modified":"2024-07-09T14:02:53","modified_gmt":"2024-07-09T12:02:53","slug":"athletisme-mehdi-frere-suspendu-deux-ans-par-world-athletics","status":"publish","type":"post","link":"https:\/\/dicodusport.fr\/blog\/athletisme-mehdi-frere-suspendu-deux-ans-par-world-athletics\/","title":{"rendered":"Athl\u00e9tisme : Mehdi Fr\u00e8re suspendu deux ans par World Athletics"},"content":{"rendered":"<p style=\"text-align: justify;\"><strong><em>ATHL\u00c9TISME &#8211; Mehdi Fr\u00e8re s&rsquo;est vu notifier une suspension de deux ans par World Athletics, pour manquements \u00e0 ses obligations de localisation. Les JO s&rsquo;inscrivent d\u00e9sormais en pointill\u00e9s pour lui qui \u00e9tait s\u00e9lectionn\u00e9.<\/em><\/strong><\/p>\n<p style=\"text-align: justify;\">Les JO s&rsquo;\u00e9loignent sans doute pour <strong>Mehdi Fr\u00e8re<\/strong>. Le Fran\u00e7ais, qui \u00e9tait s\u00e9lectionn\u00e9 pour les Jeux Olympiques sur marathon, vient d&rsquo;\u00e9coper de deux ans de suspension, selon nos confr\u00e8res du <a href=\"https:\/\/www.leparisien.fr\/jo-paris-2024\/athletisme\/jo-paris-2024-athletisme-mehdi-frere-suspendu-deux-ans-par-world-athletics-09-07-2024-HXMIKCF5HVEDPBNATENDGPIPHY.php\"><em>Parisien<\/em><\/a>. Le fondeur fran\u00e7ais \u00e9tait dans l&rsquo;\u0153il du cyclone depuis qu&rsquo;il avait \u00e9t\u00e9 r\u00e9v\u00e9l\u00e9 ses trois manquements aux obligations de localisation. Pour rappel, un sportif de haut niveau doit renseigner sur sa localisation, dans le cadre de contr\u00f4les antidopages inopin\u00e9s.<\/p>\n<p style=\"text-align: justify;\"><strong>Mehdi Fr\u00e8re<\/strong> a fait appel de la d\u00e9cision aupr\u00e8s du tribunal arbitral du sport. Il est donc, pour l&rsquo;heure, consid\u00e9r\u00e9 comme non coupable, en attente de cet appel. Pour rappel, il n&rsquo;avait pas pu s&rsquo;aligner aux championnats d&rsquo;Europe, au mois de juin dernier, car il \u00e9tait suspendu provisoirement.<\/p>\n<blockquote class=\"twitter-tweet\">\n<p dir=\"ltr\" lang=\"fr\">JO Paris 2024, athl\u00e9tisme : Mehdi Fr\u00e8re suspendu deux ans par World Athletics<br \/>\n\u27a1\ufe0f <a href=\"https:\/\/t.co\/bSrwV0Hxo6\">https:\/\/t.co\/bSrwV0Hxo6<\/a> <a href=\"https:\/\/t.co\/gg6Zqp2weU\">pic.twitter.com\/gg6Zqp2weU<\/a><\/p>\n<p>\u2014 Le Parisien | sport (@leparisiensport) <a href=\"https:\/\/twitter.com\/leparisiensport\/status\/1810568460545507823?ref_src=twsrc%5Etfw\">July 9, 2024<\/a><\/p><\/blockquote>\n<p><script async src=\"https:\/\/platform.twitter.com\/widgets.js\" charset=\"utf-8\"><\/script><\/p>\n","protected":false},"excerpt":{"rendered":"<p>Mehdi Fr\u00e8re suspendu deux ans par World Athletics.<\/p>\n","protected":false},"author":83,"featured_media":499115,"comment_status":"open","ping_status":"closed","sticky":false,"template":"","format":"standard","meta":{"_acf_changed":false,"_daextam_enable_autolinks":"1","footnotes":""},"categories":[2308],"tags":[143,16878,2886],"class_list":["post-499113","post","type-post","status-publish","format-standard","has-post-thumbnail","hentry","category-athletisme","tag-athletisme","tag-breve","tag-dopage"],"acf":[],"yoast_head":"<!-- This site is optimized with the Yoast SEO Premium plugin v26.7 (Yoast SEO v26.7) - https:\/\/yoast.com\/wordpress\/plugins\/seo\/ -->\n<title>Athl\u00e9tisme : Mehdi Fr\u00e8re suspendu deux ans par World Athletics<\/title>\n<meta name=\"description\" content=\"ATHL\u00c9TISME - Mehdi Fr\u00e8re s&#039;est vu notifier une suspension de deux ans par World Athletics, pour manquements \u00e0 ses obligations de localisation.\" \/>\n<meta name=\"robots\" content=\"index, follow, max-snippet:-1, max-image-preview:large, max-video-preview:-1\" \/>\n<link rel=\"canonical\" href=\"https:\/\/dicodusport.fr\/blog\/athletisme-mehdi-frere-suspendu-deux-ans-par-world-athletics\/\" \/>\n<meta property=\"og:locale\" content=\"fr_FR\" \/>\n<meta property=\"og:type\" content=\"article\" \/>\n<meta property=\"og:title\" content=\"Athl\u00e9tisme : Mehdi Fr\u00e8re suspendu deux ans par World Athletics\" \/>\n<meta property=\"og:description\" content=\"ATHL\u00c9TISME - Mehdi Fr\u00e8re s&#039;est vu notifier une suspension de deux ans par World Athletics, pour manquements \u00e0 ses obligations de localisation.\" \/>\n<meta property=\"og:url\" content=\"https:\/\/dicodusport.fr\/blog\/athletisme-mehdi-frere-suspendu-deux-ans-par-world-athletics\/\" \/>\n<meta property=\"og:site_name\" content=\"Dicodusport\" \/>\n<meta property=\"article:publisher\" content=\"https:\/\/www.facebook.com\/dicodusport\" \/>\n<meta property=\"article:published_time\" content=\"2024-07-09T07:32:25+00:00\" \/>\n<meta property=\"article:modified_time\" content=\"2024-07-09T12:02:53+00:00\" \/>\n<meta property=\"og:image\" content=\"https:\/\/dicodusport.fr\/blog\/wp-content\/uploads\/2024\/07\/Athletisme-Mehdi-Frere-suspendu-deux-ans-par-World-Athletics.png\" \/>\n\t<meta property=\"og:image:width\" content=\"1200\" \/>\n\t<meta property=\"og:image:height\" content=\"674\" \/>\n\t<meta property=\"og:image:type\" content=\"image\/png\" \/>\n<meta name=\"author\" content=\"Etienne Goursaud\" \/>\n<meta name=\"twitter:card\" content=\"summary_large_image\" \/>\n<meta name=\"twitter:title\" content=\"Athl\u00e9tisme : Mehdi Fr\u00e8re suspendu deux ans par World Athletics\" \/>\n<meta name=\"twitter:creator\" content=\"@dicodusport\" \/>\n<meta name=\"twitter:site\" content=\"@dicodusport\" \/>\n<script type=\"application\/ld+json\" class=\"yoast-schema-graph\">{\"@context\":\"https:\/\/schema.org\",\"@graph\":[{\"@type\":\"NewsArticle\",\"@id\":\"https:\/\/dicodusport.fr\/blog\/athletisme-mehdi-frere-suspendu-deux-ans-par-world-athletics\/#article\",\"isPartOf\":{\"@id\":\"https:\/\/dicodusport.fr\/blog\/athletisme-mehdi-frere-suspendu-deux-ans-par-world-athletics\/\"},\"author\":{\"name\":\"Etienne Goursaud\",\"@id\":\"https:\/\/dicodusport.fr\/blog\/#\/schema\/person\/d603dd7da31fb2b46c82b9835a77ec13\"},\"headline\":\"Athl\u00e9tisme : Mehdi Fr\u00e8re suspendu deux ans par World Athletics\",\"datePublished\":\"2024-07-09T07:32:25+00:00\",\"dateModified\":\"2024-07-09T12:02:53+00:00\",\"mainEntityOfPage\":{\"@id\":\"https:\/\/dicodusport.fr\/blog\/athletisme-mehdi-frere-suspendu-deux-ans-par-world-athletics\/\"},\"wordCount\":218,\"commentCount\":1,\"publisher\":{\"@id\":\"https:\/\/dicodusport.fr\/blog\/#organization\"},\"image\":{\"@id\":\"https:\/\/dicodusport.fr\/blog\/athletisme-mehdi-frere-suspendu-deux-ans-par-world-athletics\/#primaryimage\"},\"thumbnailUrl\":\"https:\/\/dicodusport.fr\/blog\/wp-content\/uploads\/2024\/07\/Athletisme-Mehdi-Frere-suspendu-deux-ans-par-World-Athletics.png\",\"keywords\":[\"Athl\u00e9tisme\",\"br\u00e8ve\",\"dopage\"],\"articleSection\":[\"Athl\u00e9tisme\"],\"inLanguage\":\"fr-FR\",\"potentialAction\":[{\"@type\":\"CommentAction\",\"name\":\"Comment\",\"target\":[\"https:\/\/dicodusport.fr\/blog\/athletisme-mehdi-frere-suspendu-deux-ans-par-world-athletics\/#respond\"]}],\"copyrightYear\":\"2024\",\"copyrightHolder\":{\"@id\":\"https:\/\/dicodusport.fr\/blog\/#organization\"}},{\"@type\":\"WebPage\",\"@id\":\"https:\/\/dicodusport.fr\/blog\/athletisme-mehdi-frere-suspendu-deux-ans-par-world-athletics\/\",\"url\":\"https:\/\/dicodusport.fr\/blog\/athletisme-mehdi-frere-suspendu-deux-ans-par-world-athletics\/\",\"name\":\"Athl\u00e9tisme : Mehdi Fr\u00e8re suspendu deux ans par World Athletics\",\"isPartOf\":{\"@id\":\"https:\/\/dicodusport.fr\/blog\/#website\"},\"primaryImageOfPage\":{\"@id\":\"https:\/\/dicodusport.fr\/blog\/athletisme-mehdi-frere-suspendu-deux-ans-par-world-athletics\/#primaryimage\"},\"image\":{\"@id\":\"https:\/\/dicodusport.fr\/blog\/athletisme-mehdi-frere-suspendu-deux-ans-par-world-athletics\/#primaryimage\"},\"thumbnailUrl\":\"https:\/\/dicodusport.fr\/blog\/wp-content\/uploads\/2024\/07\/Athletisme-Mehdi-Frere-suspendu-deux-ans-par-World-Athletics.png\",\"datePublished\":\"2024-07-09T07:32:25+00:00\",\"dateModified\":\"2024-07-09T12:02:53+00:00\",\"description\":\"ATHL\u00c9TISME - Mehdi Fr\u00e8re s'est vu notifier une suspension de deux ans par World Athletics, pour manquements \u00e0 ses obligations de localisation.\",\"breadcrumb\":{\"@id\":\"https:\/\/dicodusport.fr\/blog\/athletisme-mehdi-frere-suspendu-deux-ans-par-world-athletics\/#breadcrumb\"},\"inLanguage\":\"fr-FR\",\"potentialAction\":[{\"@type\":\"ReadAction\",\"target\":[\"https:\/\/dicodusport.fr\/blog\/athletisme-mehdi-frere-suspendu-deux-ans-par-world-athletics\/\"]}]},{\"@type\":\"ImageObject\",\"inLanguage\":\"fr-FR\",\"@id\":\"https:\/\/dicodusport.fr\/blog\/athletisme-mehdi-frere-suspendu-deux-ans-par-world-athletics\/#primaryimage\",\"url\":\"https:\/\/dicodusport.fr\/blog\/wp-content\/uploads\/2024\/07\/Athletisme-Mehdi-Frere-suspendu-deux-ans-par-World-Athletics.png\",\"contentUrl\":\"https:\/\/dicodusport.fr\/blog\/wp-content\/uploads\/2024\/07\/Athletisme-Mehdi-Frere-suspendu-deux-ans-par-World-Athletics.png\",\"width\":1200,\"height\":674,\"caption\":\"Athl\u00e9tisme : Mehdi Fr\u00e8re suspendu deux ans par World Athletics\"},{\"@type\":\"BreadcrumbList\",\"@id\":\"https:\/\/dicodusport.fr\/blog\/athletisme-mehdi-frere-suspendu-deux-ans-par-world-athletics\/#breadcrumb\",\"itemListElement\":[{\"@type\":\"ListItem\",\"position\":1,\"name\":\"Accueil\",\"item\":\"https:\/\/dicodusport.fr\/blog\/\"},{\"@type\":\"ListItem\",\"position\":2,\"name\":\"Athl\u00e9tisme : Mehdi Fr\u00e8re suspendu deux ans par World Athletics\"}]},{\"@type\":\"WebSite\",\"@id\":\"https:\/\/dicodusport.fr\/blog\/#website\",\"url\":\"https:\/\/dicodusport.fr\/blog\/\",\"name\":\"Dicodusport\",\"description\":\"L&#039;encyclop\u00e9die de l&#039;actualit\u00e9 sportive\",\"publisher\":{\"@id\":\"https:\/\/dicodusport.fr\/blog\/#organization\"},\"potentialAction\":[{\"@type\":\"SearchAction\",\"target\":{\"@type\":\"EntryPoint\",\"urlTemplate\":\"https:\/\/dicodusport.fr\/blog\/?s={search_term_string}\"},\"query-input\":{\"@type\":\"PropertyValueSpecification\",\"valueRequired\":true,\"valueName\":\"search_term_string\"}}],\"inLanguage\":\"fr-FR\"},{\"@type\":\"NewsMediaOrganization\",\"@id\":\"https:\/\/dicodusport.fr\/blog\/#organization\",\"name\":\"Dicodusport\",\"url\":\"https:\/\/dicodusport.fr\/blog\/\",\"logo\":{\"@type\":\"ImageObject\",\"inLanguage\":\"fr-FR\",\"@id\":\"https:\/\/dicodusport.fr\/blog\/#\/schema\/logo\/image\/\",\"url\":\"https:\/\/dicodusport.fr\/blog\/wp-content\/uploads\/2020\/06\/cropped-LOGO-DICODUSPORT-2020-SANS-FOND-SANS-TEXTE.png\",\"contentUrl\":\"https:\/\/dicodusport.fr\/blog\/wp-content\/uploads\/2020\/06\/cropped-LOGO-DICODUSPORT-2020-SANS-FOND-SANS-TEXTE.png\",\"width\":512,\"height\":512,\"caption\":\"Dicodusport\"},\"image\":{\"@id\":\"https:\/\/dicodusport.fr\/blog\/#\/schema\/logo\/image\/\"},\"sameAs\":[\"https:\/\/www.facebook.com\/dicodusport\",\"https:\/\/x.com\/dicodusport\",\"https:\/\/www.instagram.com\/dicodusport\/\",\"https:\/\/www.youtube.com\/channel\/UC7V2KZ5sd3htJivAbA4ZG3w\"],\"description\":\"Dicodusport est l'encyclop\u00e9die de l'actualit\u00e9 sportive.\",\"email\":\"bonjour@dicodusport.fr\",\"legalName\":\"DICODUSPORT\",\"foundingDate\":\"2018-01-14\",\"vatID\":\"FR71834470973\",\"taxID\":\"83447097300043\",\"numberOfEmployees\":{\"@type\":\"QuantitativeValue\",\"minValue\":\"1\",\"maxValue\":\"10\"}},{\"@type\":\"Person\",\"@id\":\"https:\/\/dicodusport.fr\/blog\/#\/schema\/person\/d603dd7da31fb2b46c82b9835a77ec13\",\"name\":\"Etienne Goursaud\",\"image\":{\"@type\":\"ImageObject\",\"inLanguage\":\"fr-FR\",\"@id\":\"https:\/\/dicodusport.fr\/blog\/#\/schema\/person\/image\/\",\"url\":\"https:\/\/dicodusport.fr\/blog\/wp-content\/uploads\/2023\/12\/410122264_10231602061736049_5565839791558026645_n-150x150.jpg\",\"contentUrl\":\"https:\/\/dicodusport.fr\/blog\/wp-content\/uploads\/2023\/12\/410122264_10231602061736049_5565839791558026645_n-150x150.jpg\",\"caption\":\"Etienne Goursaud\"},\"description\":\"Journaliste et amoureux de sport. Ancien footballeur reconverti athl\u00e8te quand ses muscles le laissent tranquille. \u00c9lev\u00e9 \u00e0 la sauce des exploits de Thomas Voeckler en 2004, du dernier essai de l\u00e9gende de Eunice Barber \u00e0 la longueur lors des championnats du monde d'athl\u00e9tisme de 2003 mais aussi Zidane, Omeyer et Titou Lamaison.\",\"url\":\"https:\/\/dicodusport.fr\/blog\/author\/etienne-goursaud\/\"}]}<\/script>\n<!-- \/ Yoast SEO Premium plugin. -->","yoast_head_json":{"title":"Athl\u00e9tisme : Mehdi Fr\u00e8re suspendu deux ans par World Athletics","description":"ATHL\u00c9TISME - Mehdi Fr\u00e8re s'est vu notifier une suspension de deux ans par World Athletics, pour manquements \u00e0 ses obligations de localisation.","robots":{"index":"index","follow":"follow","max-snippet":"max-snippet:-1","max-image-preview":"max-image-preview:large","max-video-preview":"max-video-preview:-1"},"canonical":"https:\/\/dicodusport.fr\/blog\/athletisme-mehdi-frere-suspendu-deux-ans-par-world-athletics\/","og_locale":"fr_FR","og_type":"article","og_title":"Athl\u00e9tisme : Mehdi Fr\u00e8re suspendu deux ans par World Athletics","og_description":"ATHL\u00c9TISME - Mehdi Fr\u00e8re s'est vu notifier une suspension de deux ans par World Athletics, pour manquements \u00e0 ses obligations de localisation.","og_url":"https:\/\/dicodusport.fr\/blog\/athletisme-mehdi-frere-suspendu-deux-ans-par-world-athletics\/","og_site_name":"Dicodusport","article_publisher":"https:\/\/www.facebook.com\/dicodusport","article_published_time":"2024-07-09T07:32:25+00:00","article_modified_time":"2024-07-09T12:02:53+00:00","og_image":[{"width":1200,"height":674,"url":"https:\/\/dicodusport.fr\/blog\/wp-content\/uploads\/2024\/07\/Athletisme-Mehdi-Frere-suspendu-deux-ans-par-World-Athletics.png","type":"image\/png"}],"author":"Etienne Goursaud","twitter_card":"summary_large_image","twitter_title":"Athl\u00e9tisme : Mehdi Fr\u00e8re suspendu deux ans par World Athletics","twitter_creator":"@dicodusport","twitter_site":"@dicodusport","schema":{"@context":"https:\/\/schema.org","@graph":[{"@type":"NewsArticle","@id":"https:\/\/dicodusport.fr\/blog\/athletisme-mehdi-frere-suspendu-deux-ans-par-world-athletics\/#article","isPartOf":{"@id":"https:\/\/dicodusport.fr\/blog\/athletisme-mehdi-frere-suspendu-deux-ans-par-world-athletics\/"},"author":{"name":"Etienne Goursaud","@id":"https:\/\/dicodusport.fr\/blog\/#\/schema\/person\/d603dd7da31fb2b46c82b9835a77ec13"},"headline":"Athl\u00e9tisme : Mehdi Fr\u00e8re suspendu deux ans par World Athletics","datePublished":"2024-07-09T07:32:25+00:00","dateModified":"2024-07-09T12:02:53+00:00","mainEntityOfPage":{"@id":"https:\/\/dicodusport.fr\/blog\/athletisme-mehdi-frere-suspendu-deux-ans-par-world-athletics\/"},"wordCount":218,"commentCount":1,"publisher":{"@id":"https:\/\/dicodusport.fr\/blog\/#organization"},"image":{"@id":"https:\/\/dicodusport.fr\/blog\/athletisme-mehdi-frere-suspendu-deux-ans-par-world-athletics\/#primaryimage"},"thumbnailUrl":"https:\/\/dicodusport.fr\/blog\/wp-content\/uploads\/2024\/07\/Athletisme-Mehdi-Frere-suspendu-deux-ans-par-World-Athletics.png","keywords":["Athl\u00e9tisme","br\u00e8ve","dopage"],"articleSection":["Athl\u00e9tisme"],"inLanguage":"fr-FR","potentialAction":[{"@type":"CommentAction","name":"Comment","target":["https:\/\/dicodusport.fr\/blog\/athletisme-mehdi-frere-suspendu-deux-ans-par-world-athletics\/#respond"]}],"copyrightYear":"2024","copyrightHolder":{"@id":"https:\/\/dicodusport.fr\/blog\/#organization"}},{"@type":"WebPage","@id":"https:\/\/dicodusport.fr\/blog\/athletisme-mehdi-frere-suspendu-deux-ans-par-world-athletics\/","url":"https:\/\/dicodusport.fr\/blog\/athletisme-mehdi-frere-suspendu-deux-ans-par-world-athletics\/","name":"Athl\u00e9tisme : Mehdi Fr\u00e8re suspendu deux ans par World Athletics","isPartOf":{"@id":"https:\/\/dicodusport.fr\/blog\/#website"},"primaryImageOfPage":{"@id":"https:\/\/dicodusport.fr\/blog\/athletisme-mehdi-frere-suspendu-deux-ans-par-world-athletics\/#primaryimage"},"image":{"@id":"https:\/\/dicodusport.fr\/blog\/athletisme-mehdi-frere-suspendu-deux-ans-par-world-athletics\/#primaryimage"},"thumbnailUrl":"https:\/\/dicodusport.fr\/blog\/wp-content\/uploads\/2024\/07\/Athletisme-Mehdi-Frere-suspendu-deux-ans-par-World-Athletics.png","datePublished":"2024-07-09T07:32:25+00:00","dateModified":"2024-07-09T12:02:53+00:00","description":"ATHL\u00c9TISME - Mehdi Fr\u00e8re s'est vu notifier une suspension de deux ans par World Athletics, pour manquements \u00e0 ses obligations de localisation.","breadcrumb":{"@id":"https:\/\/dicodusport.fr\/blog\/athletisme-mehdi-frere-suspendu-deux-ans-par-world-athletics\/#breadcrumb"},"inLanguage":"fr-FR","potentialAction":[{"@type":"ReadAction","target":["https:\/\/dicodusport.fr\/blog\/athletisme-mehdi-frere-suspendu-deux-ans-par-world-athletics\/"]}]},{"@type":"ImageObject","inLanguage":"fr-FR","@id":"https:\/\/dicodusport.fr\/blog\/athletisme-mehdi-frere-suspendu-deux-ans-par-world-athletics\/#primaryimage","url":"https:\/\/dicodusport.fr\/blog\/wp-content\/uploads\/2024\/07\/Athletisme-Mehdi-Frere-suspendu-deux-ans-par-World-Athletics.png","contentUrl":"https:\/\/dicodusport.fr\/blog\/wp-content\/uploads\/2024\/07\/Athletisme-Mehdi-Frere-suspendu-deux-ans-par-World-Athletics.png","width":1200,"height":674,"caption":"Athl\u00e9tisme : Mehdi Fr\u00e8re suspendu deux ans par World Athletics"},{"@type":"BreadcrumbList","@id":"https:\/\/dicodusport.fr\/blog\/athletisme-mehdi-frere-suspendu-deux-ans-par-world-athletics\/#breadcrumb","itemListElement":[{"@type":"ListItem","position":1,"name":"Accueil","item":"https:\/\/dicodusport.fr\/blog\/"},{"@type":"ListItem","position":2,"name":"Athl\u00e9tisme : Mehdi Fr\u00e8re suspendu deux ans par World Athletics"}]},{"@type":"WebSite","@id":"https:\/\/dicodusport.fr\/blog\/#website","url":"https:\/\/dicodusport.fr\/blog\/","name":"Dicodusport","description":"L&#039;encyclop\u00e9die de l&#039;actualit\u00e9 sportive","publisher":{"@id":"https:\/\/dicodusport.fr\/blog\/#organization"},"potentialAction":[{"@type":"SearchAction","target":{"@type":"EntryPoint","urlTemplate":"https:\/\/dicodusport.fr\/blog\/?s={search_term_string}"},"query-input":{"@type":"PropertyValueSpecification","valueRequired":true,"valueName":"search_term_string"}}],"inLanguage":"fr-FR"},{"@type":"NewsMediaOrganization","@id":"https:\/\/dicodusport.fr\/blog\/#organization","name":"Dicodusport","url":"https:\/\/dicodusport.fr\/blog\/","logo":{"@type":"ImageObject","inLanguage":"fr-FR","@id":"https:\/\/dicodusport.fr\/blog\/#\/schema\/logo\/image\/","url":"https:\/\/dicodusport.fr\/blog\/wp-content\/uploads\/2020\/06\/cropped-LOGO-DICODUSPORT-2020-SANS-FOND-SANS-TEXTE.png","contentUrl":"https:\/\/dicodusport.fr\/blog\/wp-content\/uploads\/2020\/06\/cropped-LOGO-DICODUSPORT-2020-SANS-FOND-SANS-TEXTE.png","width":512,"height":512,"caption":"Dicodusport"},"image":{"@id":"https:\/\/dicodusport.fr\/blog\/#\/schema\/logo\/image\/"},"sameAs":["https:\/\/www.facebook.com\/dicodusport","https:\/\/x.com\/dicodusport","https:\/\/www.instagram.com\/dicodusport\/","https:\/\/www.youtube.com\/channel\/UC7V2KZ5sd3htJivAbA4ZG3w"],"description":"Dicodusport est l'encyclop\u00e9die de l'actualit\u00e9 sportive.","email":"bonjour@dicodusport.fr","legalName":"DICODUSPORT","foundingDate":"2018-01-14","vatID":"FR71834470973","taxID":"83447097300043","numberOfEmployees":{"@type":"QuantitativeValue","minValue":"1","maxValue":"10"}},{"@type":"Person","@id":"https:\/\/dicodusport.fr\/blog\/#\/schema\/person\/d603dd7da31fb2b46c82b9835a77ec13","name":"Etienne Goursaud","image":{"@type":"ImageObject","inLanguage":"fr-FR","@id":"https:\/\/dicodusport.fr\/blog\/#\/schema\/person\/image\/","url":"https:\/\/dicodusport.fr\/blog\/wp-content\/uploads\/2023\/12\/410122264_10231602061736049_5565839791558026645_n-150x150.jpg","contentUrl":"https:\/\/dicodusport.fr\/blog\/wp-content\/uploads\/2023\/12\/410122264_10231602061736049_5565839791558026645_n-150x150.jpg","caption":"Etienne Goursaud"},"description":"Journaliste et amoureux de sport. Ancien footballeur reconverti athl\u00e8te quand ses muscles le laissent tranquille. \u00c9lev\u00e9 \u00e0 la sauce des exploits de Thomas Voeckler en 2004, du dernier essai de l\u00e9gende de Eunice Barber \u00e0 la longueur lors des championnats du monde d'athl\u00e9tisme de 2003 mais aussi Zidane, Omeyer et Titou Lamaison.","url":"https:\/\/dicodusport.fr\/blog\/author\/etienne-goursaud\/"}]}},"_links":{"self":[{"href":"https:\/\/dicodusport.fr\/blog\/wp-json\/wp\/v2\/posts\/499113","targetHints":{"allow":["GET"]}}],"collection":[{"href":"https:\/\/dicodusport.fr\/blog\/wp-json\/wp\/v2\/posts"}],"about":[{"href":"https:\/\/dicodusport.fr\/blog\/wp-json\/wp\/v2\/types\/post"}],"author":[{"embeddable":true,"href":"https:\/\/dicodusport.fr\/blog\/wp-json\/wp\/v2\/users\/83"}],"replies":[{"embeddable":true,"href":"https:\/\/dicodusport.fr\/blog\/wp-json\/wp\/v2\/comments?post=499113"}],"version-history":[{"count":5,"href":"https:\/\/dicodusport.fr\/blog\/wp-json\/wp\/v2\/posts\/499113\/revisions"}],"predecessor-version":[{"id":499144,"href":"https:\/\/dicodusport.fr\/blog\/wp-json\/wp\/v2\/posts\/499113\/revisions\/499144"}],"wp:featuredmedia":[{"embeddable":true,"href":"https:\/\/dicodusport.fr\/blog\/wp-json\/wp\/v2\/media\/499115"}],"wp:attachment":[{"href":"https:\/\/dicodusport.fr\/blog\/wp-json\/wp\/v2\/media?parent=499113"}],"wp:term":[{"taxonomy":"category","embeddable":true,"href":"https:\/\/dicodusport.fr\/blog\/wp-json\/wp\/v2\/categories?post=499113"},{"taxonomy":"post_tag","embeddable":true,"href":"https:\/\/dicodusport.fr\/blog\/wp-json\/wp\/v2\/tags?post=499113"}],"curies":[{"name":"wp","href":"https:\/\/api.w.org\/{rel}","templated":true}]}}