{"id":499256,"date":"2024-07-09T21:19:53","date_gmt":"2024-07-09T19:19:53","guid":{"rendered":"https:\/\/dicodusport.fr\/blog\/?p=499256&#038;preview=true&#038;preview_id=499256"},"modified":"2024-07-10T10:30:33","modified_gmt":"2024-07-10T08:30:33","slug":"piste-euro-juniors-u23-les-bleuets-champions-deurope-juniors-de-vitesse-par-equipes","status":"publish","type":"post","link":"https:\/\/dicodusport.fr\/blog\/piste-euro-juniors-u23-les-bleuets-champions-deurope-juniors-de-vitesse-par-equipes\/","title":{"rendered":"Piste Euro juniors \/ U23 : Les Bleuets champions d&rsquo;Europe juniors de vitesse par \u00e9quipes !"},"content":{"rendered":"<p style=\"text-align: justify;\"><strong><em>CHAMPIONNATS D&rsquo;EUROPE JUNIORS \/ U23 DE CYCLISME SUR PISTE 2024 &#8211; Premi\u00e8re journ\u00e9e et deux m\u00e9dailles pour les Bleuets, dont un titre pour la vitesse par \u00e9quipes juniors.<\/em><\/strong><\/p>\n<p style=\"text-align: justify;\">L&rsquo;an dernier, la France avait quitt\u00e9 les Championnats d&rsquo;Europe juniors \/ U23 avec 12 m\u00e9dailles, mais aucun titre ! Une \u00ab\u00a0anomalie r\u00e9par\u00e9e d\u00e8s le premier jour de comp\u00e9tition \u00e0 Cottbus, en Allemagne. <strong>\u00c9tienne Oliviero<\/strong> et <strong>Matthias Sylvanise<\/strong>, d\u00e9j\u00e0 argent\u00e9s l&rsquo;an dernier avec la vitesse par \u00e9quipes juniors, \u00e9taient cette fois associ\u00e9s \u00e0 <strong>Tristan Favennec<\/strong>, et la combinaison a fait mouche. Impeccables en qualifications puis en s\u00e9ries, les Bleuets ont frapp\u00e9 fort en finale, collant pr\u00e8s d&rsquo;une seconde au relais allemand, r\u00e9cup\u00e9rant ainsi un titre acquis pour la derni\u00e8re fois en 2018 par un trio <strong>Melvin Landerneau &#8211; Rayan Helal &#8211; Florian Grengbo<\/strong> !<\/p>\n<p style=\"text-align: justify;\">Pour agr\u00e9menter ce premier titre depuis 2022 donc, <strong>Emmanuel Houcou<\/strong> s&rsquo;est lui aussi offert un podium. Sur l&rsquo;\u00c9limination U23, une \u00e9preuve sur laquelle la France n&rsquo;avait pas rafl\u00e9 la moindre m\u00e9daille depuis le bronze d&rsquo;<strong>Adrien Garel<\/strong> en 2017 ! Pass\u00e9 proche du coup fumant, il a c\u00e9d\u00e9 au sprint final contre le Danois <strong>Noah Wulff<\/strong>, mais se pare tout de m\u00eame d&rsquo;argent, une m\u00e9daille inattendue qui lance parfaitement la comp\u00e9tition des Bleuets, qui auront jusqu&rsquo;\u00e0 dimanche pour faire gonfler le compteur de m\u00e9dailles.<\/p>\n","protected":false},"excerpt":{"rendered":"<p>CHAMPIONNATS D&rsquo;EUROPE JUNIORS \/ U23 DE CYCLISME SUR PISTE 2024 &#8211; Premi\u00e8re journ\u00e9e et deux m\u00e9dailles pour les Bleuets, dont un titre pour la vitesse par \u00e9quipes juniors.<\/p>\n","protected":false},"author":59,"featured_media":499310,"comment_status":"open","ping_status":"closed","sticky":false,"template":"","format":"standard","meta":{"_acf_changed":false,"_daextam_enable_autolinks":"1","footnotes":""},"categories":[14089],"tags":[16878],"class_list":["post-499256","post","type-post","status-publish","format-standard","has-post-thumbnail","hentry","category-cyclisme-sur-piste","tag-breve"],"acf":[],"yoast_head":"<!-- This site is optimized with the Yoast SEO Premium plugin v26.7 (Yoast SEO v26.7) - https:\/\/yoast.com\/wordpress\/plugins\/seo\/ -->\n<title>Piste Euro juniors \/ U23 : Les Bleuets champions d&#039;Europe juniors de vitesse par \u00e9quipes !<\/title>\n<meta name=\"description\" content=\"CHAMPIONNATS D&#039;EUROPE JUNIORS \/ U23 DE CYCLISME SUR PISTE 2024 - Premi\u00e8re journ\u00e9e et deux m\u00e9dailles pour les Bleuets.\" \/>\n<meta name=\"robots\" content=\"index, follow, max-snippet:-1, max-image-preview:large, max-video-preview:-1\" \/>\n<link rel=\"canonical\" href=\"https:\/\/dicodusport.fr\/blog\/piste-euro-juniors-u23-les-bleuets-champions-deurope-juniors-de-vitesse-par-equipes\/\" \/>\n<meta property=\"og:locale\" content=\"fr_FR\" \/>\n<meta property=\"og:type\" content=\"article\" \/>\n<meta property=\"og:title\" content=\"Piste Euro juniors \/ U23 : Les Bleuets champions d&#039;Europe juniors de vitesse par \u00e9quipes !\" \/>\n<meta property=\"og:description\" content=\"CHAMPIONNATS D&#039;EUROPE JUNIORS \/ U23 DE CYCLISME SUR PISTE 2024 - Premi\u00e8re journ\u00e9e et deux m\u00e9dailles pour les Bleuets.\" \/>\n<meta property=\"og:url\" content=\"https:\/\/dicodusport.fr\/blog\/piste-euro-juniors-u23-les-bleuets-champions-deurope-juniors-de-vitesse-par-equipes\/\" \/>\n<meta property=\"og:site_name\" content=\"Dicodusport\" \/>\n<meta property=\"article:publisher\" content=\"https:\/\/www.facebook.com\/dicodusport\" \/>\n<meta property=\"article:author\" content=\"https:\/\/www.facebook.com\/sebastien.gente\/\" \/>\n<meta property=\"article:published_time\" content=\"2024-07-09T19:19:53+00:00\" \/>\n<meta property=\"article:modified_time\" content=\"2024-07-10T08:30:33+00:00\" \/>\n<meta property=\"og:image\" content=\"https:\/\/dicodusport.fr\/blog\/wp-content\/uploads\/2024\/07\/Piste-Euro-juniors-U23-Les-Bleuets-champions-dEurope-juniors-de-vitesse-par-equipes-1-1.png\" \/>\n\t<meta property=\"og:image:width\" content=\"1200\" \/>\n\t<meta property=\"og:image:height\" content=\"674\" \/>\n\t<meta property=\"og:image:type\" content=\"image\/png\" \/>\n<meta name=\"author\" content=\"S\u00e9bastien Gente\" \/>\n<meta name=\"twitter:card\" content=\"summary_large_image\" \/>\n<meta name=\"twitter:title\" content=\"Piste Euro juniors \/ U23 : Les Bleuets champions d&#039;Europe juniors de vitesse par \u00e9quipes !\" \/>\n<meta name=\"twitter:creator\" content=\"@https:\/\/twitter.com\/globulo24\" \/>\n<meta name=\"twitter:site\" content=\"@dicodusport\" \/>\n<script type=\"application\/ld+json\" class=\"yoast-schema-graph\">{\"@context\":\"https:\/\/schema.org\",\"@graph\":[{\"@type\":\"NewsArticle\",\"@id\":\"https:\/\/dicodusport.fr\/blog\/piste-euro-juniors-u23-les-bleuets-champions-deurope-juniors-de-vitesse-par-equipes\/#article\",\"isPartOf\":{\"@id\":\"https:\/\/dicodusport.fr\/blog\/piste-euro-juniors-u23-les-bleuets-champions-deurope-juniors-de-vitesse-par-equipes\/\"},\"author\":{\"name\":\"S\u00e9bastien Gente\",\"@id\":\"https:\/\/dicodusport.fr\/blog\/#\/schema\/person\/627966a6cde45dbd8c5e36ac85d783da\"},\"headline\":\"Piste Euro juniors \/ U23 : Les Bleuets champions d&rsquo;Europe juniors de vitesse par \u00e9quipes !\",\"datePublished\":\"2024-07-09T19:19:53+00:00\",\"dateModified\":\"2024-07-10T08:30:33+00:00\",\"mainEntityOfPage\":{\"@id\":\"https:\/\/dicodusport.fr\/blog\/piste-euro-juniors-u23-les-bleuets-champions-deurope-juniors-de-vitesse-par-equipes\/\"},\"wordCount\":249,\"commentCount\":0,\"publisher\":{\"@id\":\"https:\/\/dicodusport.fr\/blog\/#organization\"},\"image\":{\"@id\":\"https:\/\/dicodusport.fr\/blog\/piste-euro-juniors-u23-les-bleuets-champions-deurope-juniors-de-vitesse-par-equipes\/#primaryimage\"},\"thumbnailUrl\":\"https:\/\/dicodusport.fr\/blog\/wp-content\/uploads\/2024\/07\/Piste-Euro-juniors-U23-Les-Bleuets-champions-dEurope-juniors-de-vitesse-par-equipes-1-1.png\",\"keywords\":[\"br\u00e8ve\"],\"articleSection\":[\"Cyclisme sur piste\"],\"inLanguage\":\"fr-FR\",\"potentialAction\":[{\"@type\":\"CommentAction\",\"name\":\"Comment\",\"target\":[\"https:\/\/dicodusport.fr\/blog\/piste-euro-juniors-u23-les-bleuets-champions-deurope-juniors-de-vitesse-par-equipes\/#respond\"]}],\"copyrightYear\":\"2024\",\"copyrightHolder\":{\"@id\":\"https:\/\/dicodusport.fr\/blog\/#organization\"}},{\"@type\":\"WebPage\",\"@id\":\"https:\/\/dicodusport.fr\/blog\/piste-euro-juniors-u23-les-bleuets-champions-deurope-juniors-de-vitesse-par-equipes\/\",\"url\":\"https:\/\/dicodusport.fr\/blog\/piste-euro-juniors-u23-les-bleuets-champions-deurope-juniors-de-vitesse-par-equipes\/\",\"name\":\"Piste Euro juniors \/ U23 : Les Bleuets champions d'Europe juniors de vitesse par \u00e9quipes !\",\"isPartOf\":{\"@id\":\"https:\/\/dicodusport.fr\/blog\/#website\"},\"primaryImageOfPage\":{\"@id\":\"https:\/\/dicodusport.fr\/blog\/piste-euro-juniors-u23-les-bleuets-champions-deurope-juniors-de-vitesse-par-equipes\/#primaryimage\"},\"image\":{\"@id\":\"https:\/\/dicodusport.fr\/blog\/piste-euro-juniors-u23-les-bleuets-champions-deurope-juniors-de-vitesse-par-equipes\/#primaryimage\"},\"thumbnailUrl\":\"https:\/\/dicodusport.fr\/blog\/wp-content\/uploads\/2024\/07\/Piste-Euro-juniors-U23-Les-Bleuets-champions-dEurope-juniors-de-vitesse-par-equipes-1-1.png\",\"datePublished\":\"2024-07-09T19:19:53+00:00\",\"dateModified\":\"2024-07-10T08:30:33+00:00\",\"description\":\"CHAMPIONNATS D'EUROPE JUNIORS \/ U23 DE CYCLISME SUR PISTE 2024 - Premi\u00e8re journ\u00e9e et deux m\u00e9dailles pour les Bleuets.\",\"breadcrumb\":{\"@id\":\"https:\/\/dicodusport.fr\/blog\/piste-euro-juniors-u23-les-bleuets-champions-deurope-juniors-de-vitesse-par-equipes\/#breadcrumb\"},\"inLanguage\":\"fr-FR\",\"potentialAction\":[{\"@type\":\"ReadAction\",\"target\":[\"https:\/\/dicodusport.fr\/blog\/piste-euro-juniors-u23-les-bleuets-champions-deurope-juniors-de-vitesse-par-equipes\/\"]}]},{\"@type\":\"ImageObject\",\"inLanguage\":\"fr-FR\",\"@id\":\"https:\/\/dicodusport.fr\/blog\/piste-euro-juniors-u23-les-bleuets-champions-deurope-juniors-de-vitesse-par-equipes\/#primaryimage\",\"url\":\"https:\/\/dicodusport.fr\/blog\/wp-content\/uploads\/2024\/07\/Piste-Euro-juniors-U23-Les-Bleuets-champions-dEurope-juniors-de-vitesse-par-equipes-1-1.png\",\"contentUrl\":\"https:\/\/dicodusport.fr\/blog\/wp-content\/uploads\/2024\/07\/Piste-Euro-juniors-U23-Les-Bleuets-champions-dEurope-juniors-de-vitesse-par-equipes-1-1.png\",\"width\":1200,\"height\":674,\"caption\":\"Piste Euro juniors U23 Les Bleuets champions d'Europe juniors de vitesse par \u00e9quipes !\"},{\"@type\":\"BreadcrumbList\",\"@id\":\"https:\/\/dicodusport.fr\/blog\/piste-euro-juniors-u23-les-bleuets-champions-deurope-juniors-de-vitesse-par-equipes\/#breadcrumb\",\"itemListElement\":[{\"@type\":\"ListItem\",\"position\":1,\"name\":\"Accueil\",\"item\":\"https:\/\/dicodusport.fr\/blog\/\"},{\"@type\":\"ListItem\",\"position\":2,\"name\":\"Piste Euro juniors \/ U23 : Les Bleuets champions d&#8217;Europe juniors de vitesse par \u00e9quipes !\"}]},{\"@type\":\"WebSite\",\"@id\":\"https:\/\/dicodusport.fr\/blog\/#website\",\"url\":\"https:\/\/dicodusport.fr\/blog\/\",\"name\":\"Dicodusport\",\"description\":\"L&#039;encyclop\u00e9die de l&#039;actualit\u00e9 sportive\",\"publisher\":{\"@id\":\"https:\/\/dicodusport.fr\/blog\/#organization\"},\"potentialAction\":[{\"@type\":\"SearchAction\",\"target\":{\"@type\":\"EntryPoint\",\"urlTemplate\":\"https:\/\/dicodusport.fr\/blog\/?s={search_term_string}\"},\"query-input\":{\"@type\":\"PropertyValueSpecification\",\"valueRequired\":true,\"valueName\":\"search_term_string\"}}],\"inLanguage\":\"fr-FR\"},{\"@type\":\"NewsMediaOrganization\",\"@id\":\"https:\/\/dicodusport.fr\/blog\/#organization\",\"name\":\"Dicodusport\",\"url\":\"https:\/\/dicodusport.fr\/blog\/\",\"logo\":{\"@type\":\"ImageObject\",\"inLanguage\":\"fr-FR\",\"@id\":\"https:\/\/dicodusport.fr\/blog\/#\/schema\/logo\/image\/\",\"url\":\"https:\/\/dicodusport.fr\/blog\/wp-content\/uploads\/2020\/06\/cropped-LOGO-DICODUSPORT-2020-SANS-FOND-SANS-TEXTE.png\",\"contentUrl\":\"https:\/\/dicodusport.fr\/blog\/wp-content\/uploads\/2020\/06\/cropped-LOGO-DICODUSPORT-2020-SANS-FOND-SANS-TEXTE.png\",\"width\":512,\"height\":512,\"caption\":\"Dicodusport\"},\"image\":{\"@id\":\"https:\/\/dicodusport.fr\/blog\/#\/schema\/logo\/image\/\"},\"sameAs\":[\"https:\/\/www.facebook.com\/dicodusport\",\"https:\/\/x.com\/dicodusport\",\"https:\/\/www.instagram.com\/dicodusport\/\",\"https:\/\/www.youtube.com\/channel\/UC7V2KZ5sd3htJivAbA4ZG3w\"],\"description\":\"Dicodusport est l'encyclop\u00e9die de l'actualit\u00e9 sportive.\",\"email\":\"bonjour@dicodusport.fr\",\"legalName\":\"DICODUSPORT\",\"foundingDate\":\"2018-01-14\",\"vatID\":\"FR71834470973\",\"taxID\":\"83447097300043\",\"numberOfEmployees\":{\"@type\":\"QuantitativeValue\",\"minValue\":\"1\",\"maxValue\":\"10\"}},{\"@type\":\"Person\",\"@id\":\"https:\/\/dicodusport.fr\/blog\/#\/schema\/person\/627966a6cde45dbd8c5e36ac85d783da\",\"name\":\"S\u00e9bastien Gente\",\"image\":{\"@type\":\"ImageObject\",\"inLanguage\":\"fr-FR\",\"@id\":\"https:\/\/dicodusport.fr\/blog\/#\/schema\/person\/image\/\",\"url\":\"https:\/\/dicodusport.fr\/blog\/wp-content\/uploads\/2021\/09\/1510990_10205810251400683_4124423575079401707_n-150x150.jpg\",\"contentUrl\":\"https:\/\/dicodusport.fr\/blog\/wp-content\/uploads\/2021\/09\/1510990_10205810251400683_4124423575079401707_n-150x150.jpg\",\"caption\":\"S\u00e9bastien Gente\"},\"description\":\"John Stockton, Gianni Bugno, Zinedine Zidane, Steffi Graf, Frode Andresen, St\u00e9phane Stoecklin, Davis Kamoga, Primoz Peterka, Werner Schlager et Aur\u00e9lien Rougerie. Point commun entre ces sportifs? Ils m'ont fait r\u00eaver et ont berc\u00e9 mon adolescence. Je suis un fondu de sports et j'essaie de retranscrire ma passion \u00e0 travers mes articles. Originaire du P\u00e9rigord, ma passion pour les Girondins, les Jaunards et les Jazzmen transpire dans mes \u00e9crits. \u00c0 Dicodusport depuis 2021, je d\u00e9niche les sports m\u00e9connus dans lesquels la France brille, et il y en a !\",\"sameAs\":[\"https:\/\/www.facebook.com\/sebastien.gente\/\",\"https:\/\/www.instagram.com\/sebgente\/\",\"https:\/\/www.linkedin.com\/in\/sbastien-gente-a29583169\/\",\"https:\/\/x.com\/https:\/\/twitter.com\/globulo24\",\"SebastienGente\"],\"worksFor\":\"S\u00e9bastien GENTE\",\"url\":\"https:\/\/dicodusport.fr\/blog\/author\/sebastiengente\/\"}]}<\/script>\n<!-- \/ Yoast SEO Premium plugin. -->","yoast_head_json":{"title":"Piste Euro juniors \/ U23 : Les Bleuets champions d'Europe juniors de vitesse par \u00e9quipes !","description":"CHAMPIONNATS D'EUROPE JUNIORS \/ U23 DE CYCLISME SUR PISTE 2024 - Premi\u00e8re journ\u00e9e et deux m\u00e9dailles pour les Bleuets.","robots":{"index":"index","follow":"follow","max-snippet":"max-snippet:-1","max-image-preview":"max-image-preview:large","max-video-preview":"max-video-preview:-1"},"canonical":"https:\/\/dicodusport.fr\/blog\/piste-euro-juniors-u23-les-bleuets-champions-deurope-juniors-de-vitesse-par-equipes\/","og_locale":"fr_FR","og_type":"article","og_title":"Piste Euro juniors \/ U23 : Les Bleuets champions d'Europe juniors de vitesse par \u00e9quipes !","og_description":"CHAMPIONNATS D'EUROPE JUNIORS \/ U23 DE CYCLISME SUR PISTE 2024 - Premi\u00e8re journ\u00e9e et deux m\u00e9dailles pour les Bleuets.","og_url":"https:\/\/dicodusport.fr\/blog\/piste-euro-juniors-u23-les-bleuets-champions-deurope-juniors-de-vitesse-par-equipes\/","og_site_name":"Dicodusport","article_publisher":"https:\/\/www.facebook.com\/dicodusport","article_author":"https:\/\/www.facebook.com\/sebastien.gente\/","article_published_time":"2024-07-09T19:19:53+00:00","article_modified_time":"2024-07-10T08:30:33+00:00","og_image":[{"width":1200,"height":674,"url":"https:\/\/dicodusport.fr\/blog\/wp-content\/uploads\/2024\/07\/Piste-Euro-juniors-U23-Les-Bleuets-champions-dEurope-juniors-de-vitesse-par-equipes-1-1.png","type":"image\/png"}],"author":"S\u00e9bastien Gente","twitter_card":"summary_large_image","twitter_title":"Piste Euro juniors \/ U23 : Les Bleuets champions d'Europe juniors de vitesse par \u00e9quipes !","twitter_creator":"@https:\/\/twitter.com\/globulo24","twitter_site":"@dicodusport","schema":{"@context":"https:\/\/schema.org","@graph":[{"@type":"NewsArticle","@id":"https:\/\/dicodusport.fr\/blog\/piste-euro-juniors-u23-les-bleuets-champions-deurope-juniors-de-vitesse-par-equipes\/#article","isPartOf":{"@id":"https:\/\/dicodusport.fr\/blog\/piste-euro-juniors-u23-les-bleuets-champions-deurope-juniors-de-vitesse-par-equipes\/"},"author":{"name":"S\u00e9bastien Gente","@id":"https:\/\/dicodusport.fr\/blog\/#\/schema\/person\/627966a6cde45dbd8c5e36ac85d783da"},"headline":"Piste Euro juniors \/ U23 : Les Bleuets champions d&rsquo;Europe juniors de vitesse par \u00e9quipes !","datePublished":"2024-07-09T19:19:53+00:00","dateModified":"2024-07-10T08:30:33+00:00","mainEntityOfPage":{"@id":"https:\/\/dicodusport.fr\/blog\/piste-euro-juniors-u23-les-bleuets-champions-deurope-juniors-de-vitesse-par-equipes\/"},"wordCount":249,"commentCount":0,"publisher":{"@id":"https:\/\/dicodusport.fr\/blog\/#organization"},"image":{"@id":"https:\/\/dicodusport.fr\/blog\/piste-euro-juniors-u23-les-bleuets-champions-deurope-juniors-de-vitesse-par-equipes\/#primaryimage"},"thumbnailUrl":"https:\/\/dicodusport.fr\/blog\/wp-content\/uploads\/2024\/07\/Piste-Euro-juniors-U23-Les-Bleuets-champions-dEurope-juniors-de-vitesse-par-equipes-1-1.png","keywords":["br\u00e8ve"],"articleSection":["Cyclisme sur piste"],"inLanguage":"fr-FR","potentialAction":[{"@type":"CommentAction","name":"Comment","target":["https:\/\/dicodusport.fr\/blog\/piste-euro-juniors-u23-les-bleuets-champions-deurope-juniors-de-vitesse-par-equipes\/#respond"]}],"copyrightYear":"2024","copyrightHolder":{"@id":"https:\/\/dicodusport.fr\/blog\/#organization"}},{"@type":"WebPage","@id":"https:\/\/dicodusport.fr\/blog\/piste-euro-juniors-u23-les-bleuets-champions-deurope-juniors-de-vitesse-par-equipes\/","url":"https:\/\/dicodusport.fr\/blog\/piste-euro-juniors-u23-les-bleuets-champions-deurope-juniors-de-vitesse-par-equipes\/","name":"Piste Euro juniors \/ U23 : Les Bleuets champions d'Europe juniors de vitesse par \u00e9quipes !","isPartOf":{"@id":"https:\/\/dicodusport.fr\/blog\/#website"},"primaryImageOfPage":{"@id":"https:\/\/dicodusport.fr\/blog\/piste-euro-juniors-u23-les-bleuets-champions-deurope-juniors-de-vitesse-par-equipes\/#primaryimage"},"image":{"@id":"https:\/\/dicodusport.fr\/blog\/piste-euro-juniors-u23-les-bleuets-champions-deurope-juniors-de-vitesse-par-equipes\/#primaryimage"},"thumbnailUrl":"https:\/\/dicodusport.fr\/blog\/wp-content\/uploads\/2024\/07\/Piste-Euro-juniors-U23-Les-Bleuets-champions-dEurope-juniors-de-vitesse-par-equipes-1-1.png","datePublished":"2024-07-09T19:19:53+00:00","dateModified":"2024-07-10T08:30:33+00:00","description":"CHAMPIONNATS D'EUROPE JUNIORS \/ U23 DE CYCLISME SUR PISTE 2024 - Premi\u00e8re journ\u00e9e et deux m\u00e9dailles pour les Bleuets.","breadcrumb":{"@id":"https:\/\/dicodusport.fr\/blog\/piste-euro-juniors-u23-les-bleuets-champions-deurope-juniors-de-vitesse-par-equipes\/#breadcrumb"},"inLanguage":"fr-FR","potentialAction":[{"@type":"ReadAction","target":["https:\/\/dicodusport.fr\/blog\/piste-euro-juniors-u23-les-bleuets-champions-deurope-juniors-de-vitesse-par-equipes\/"]}]},{"@type":"ImageObject","inLanguage":"fr-FR","@id":"https:\/\/dicodusport.fr\/blog\/piste-euro-juniors-u23-les-bleuets-champions-deurope-juniors-de-vitesse-par-equipes\/#primaryimage","url":"https:\/\/dicodusport.fr\/blog\/wp-content\/uploads\/2024\/07\/Piste-Euro-juniors-U23-Les-Bleuets-champions-dEurope-juniors-de-vitesse-par-equipes-1-1.png","contentUrl":"https:\/\/dicodusport.fr\/blog\/wp-content\/uploads\/2024\/07\/Piste-Euro-juniors-U23-Les-Bleuets-champions-dEurope-juniors-de-vitesse-par-equipes-1-1.png","width":1200,"height":674,"caption":"Piste Euro juniors U23 Les Bleuets champions d'Europe juniors de vitesse par \u00e9quipes !"},{"@type":"BreadcrumbList","@id":"https:\/\/dicodusport.fr\/blog\/piste-euro-juniors-u23-les-bleuets-champions-deurope-juniors-de-vitesse-par-equipes\/#breadcrumb","itemListElement":[{"@type":"ListItem","position":1,"name":"Accueil","item":"https:\/\/dicodusport.fr\/blog\/"},{"@type":"ListItem","position":2,"name":"Piste Euro juniors \/ U23 : Les Bleuets champions d&#8217;Europe juniors de vitesse par \u00e9quipes !"}]},{"@type":"WebSite","@id":"https:\/\/dicodusport.fr\/blog\/#website","url":"https:\/\/dicodusport.fr\/blog\/","name":"Dicodusport","description":"L&#039;encyclop\u00e9die de l&#039;actualit\u00e9 sportive","publisher":{"@id":"https:\/\/dicodusport.fr\/blog\/#organization"},"potentialAction":[{"@type":"SearchAction","target":{"@type":"EntryPoint","urlTemplate":"https:\/\/dicodusport.fr\/blog\/?s={search_term_string}"},"query-input":{"@type":"PropertyValueSpecification","valueRequired":true,"valueName":"search_term_string"}}],"inLanguage":"fr-FR"},{"@type":"NewsMediaOrganization","@id":"https:\/\/dicodusport.fr\/blog\/#organization","name":"Dicodusport","url":"https:\/\/dicodusport.fr\/blog\/","logo":{"@type":"ImageObject","inLanguage":"fr-FR","@id":"https:\/\/dicodusport.fr\/blog\/#\/schema\/logo\/image\/","url":"https:\/\/dicodusport.fr\/blog\/wp-content\/uploads\/2020\/06\/cropped-LOGO-DICODUSPORT-2020-SANS-FOND-SANS-TEXTE.png","contentUrl":"https:\/\/dicodusport.fr\/blog\/wp-content\/uploads\/2020\/06\/cropped-LOGO-DICODUSPORT-2020-SANS-FOND-SANS-TEXTE.png","width":512,"height":512,"caption":"Dicodusport"},"image":{"@id":"https:\/\/dicodusport.fr\/blog\/#\/schema\/logo\/image\/"},"sameAs":["https:\/\/www.facebook.com\/dicodusport","https:\/\/x.com\/dicodusport","https:\/\/www.instagram.com\/dicodusport\/","https:\/\/www.youtube.com\/channel\/UC7V2KZ5sd3htJivAbA4ZG3w"],"description":"Dicodusport est l'encyclop\u00e9die de l'actualit\u00e9 sportive.","email":"bonjour@dicodusport.fr","legalName":"DICODUSPORT","foundingDate":"2018-01-14","vatID":"FR71834470973","taxID":"83447097300043","numberOfEmployees":{"@type":"QuantitativeValue","minValue":"1","maxValue":"10"}},{"@type":"Person","@id":"https:\/\/dicodusport.fr\/blog\/#\/schema\/person\/627966a6cde45dbd8c5e36ac85d783da","name":"S\u00e9bastien Gente","image":{"@type":"ImageObject","inLanguage":"fr-FR","@id":"https:\/\/dicodusport.fr\/blog\/#\/schema\/person\/image\/","url":"https:\/\/dicodusport.fr\/blog\/wp-content\/uploads\/2021\/09\/1510990_10205810251400683_4124423575079401707_n-150x150.jpg","contentUrl":"https:\/\/dicodusport.fr\/blog\/wp-content\/uploads\/2021\/09\/1510990_10205810251400683_4124423575079401707_n-150x150.jpg","caption":"S\u00e9bastien Gente"},"description":"John Stockton, Gianni Bugno, Zinedine Zidane, Steffi Graf, Frode Andresen, St\u00e9phane Stoecklin, Davis Kamoga, Primoz Peterka, Werner Schlager et Aur\u00e9lien Rougerie. Point commun entre ces sportifs? Ils m'ont fait r\u00eaver et ont berc\u00e9 mon adolescence. Je suis un fondu de sports et j'essaie de retranscrire ma passion \u00e0 travers mes articles. Originaire du P\u00e9rigord, ma passion pour les Girondins, les Jaunards et les Jazzmen transpire dans mes \u00e9crits. \u00c0 Dicodusport depuis 2021, je d\u00e9niche les sports m\u00e9connus dans lesquels la France brille, et il y en a !","sameAs":["https:\/\/www.facebook.com\/sebastien.gente\/","https:\/\/www.instagram.com\/sebgente\/","https:\/\/www.linkedin.com\/in\/sbastien-gente-a29583169\/","https:\/\/x.com\/https:\/\/twitter.com\/globulo24","SebastienGente"],"worksFor":"S\u00e9bastien GENTE","url":"https:\/\/dicodusport.fr\/blog\/author\/sebastiengente\/"}]}},"_links":{"self":[{"href":"https:\/\/dicodusport.fr\/blog\/wp-json\/wp\/v2\/posts\/499256","targetHints":{"allow":["GET"]}}],"collection":[{"href":"https:\/\/dicodusport.fr\/blog\/wp-json\/wp\/v2\/posts"}],"about":[{"href":"https:\/\/dicodusport.fr\/blog\/wp-json\/wp\/v2\/types\/post"}],"author":[{"embeddable":true,"href":"https:\/\/dicodusport.fr\/blog\/wp-json\/wp\/v2\/users\/59"}],"replies":[{"embeddable":true,"href":"https:\/\/dicodusport.fr\/blog\/wp-json\/wp\/v2\/comments?post=499256"}],"version-history":[{"count":1,"href":"https:\/\/dicodusport.fr\/blog\/wp-json\/wp\/v2\/posts\/499256\/revisions"}],"predecessor-version":[{"id":499263,"href":"https:\/\/dicodusport.fr\/blog\/wp-json\/wp\/v2\/posts\/499256\/revisions\/499263"}],"wp:featuredmedia":[{"embeddable":true,"href":"https:\/\/dicodusport.fr\/blog\/wp-json\/wp\/v2\/media\/499310"}],"wp:attachment":[{"href":"https:\/\/dicodusport.fr\/blog\/wp-json\/wp\/v2\/media?parent=499256"}],"wp:term":[{"taxonomy":"category","embeddable":true,"href":"https:\/\/dicodusport.fr\/blog\/wp-json\/wp\/v2\/categories?post=499256"},{"taxonomy":"post_tag","embeddable":true,"href":"https:\/\/dicodusport.fr\/blog\/wp-json\/wp\/v2\/tags?post=499256"}],"curies":[{"name":"wp","href":"https:\/\/api.w.org\/{rel}","templated":true}]}}