{"id":500164,"date":"2024-07-13T17:21:22","date_gmt":"2024-07-13T15:21:22","guid":{"rendered":"https:\/\/dicodusport.fr\/blog\/?p=500164&#038;preview=true&#038;preview_id=500164"},"modified":"2024-07-13T20:30:56","modified_gmt":"2024-07-13T18:30:56","slug":"natation-en-eau-libre-sacha-velly-a-son-tour-champion-deurope-juniors-du-10-km","status":"publish","type":"post","link":"https:\/\/dicodusport.fr\/blog\/natation-en-eau-libre-sacha-velly-a-son-tour-champion-deurope-juniors-du-10-km\/","title":{"rendered":"Natation en eau libre : Sacha Velly \u00e0 son tour champion d&rsquo;Europe juniors du 10 km !"},"content":{"rendered":"<p style=\"text-align: justify;\"><strong><em>CHAMPIONNATS D&rsquo;EUROPE JEUNES DE NATATION EN EAU LIBRE 2024 &#8211; Apr\u00e8s Cl\u00e9mence Coccordano, Sacha Velly est lui aussi champion d&rsquo;Europe du 10 km juniors.<\/em><\/strong><\/p>\n<p style=\"text-align: justify;\">Comme <strong>Cl\u00e9mence Coccordano<\/strong>, <a href=\"https:\/\/dicodusport.fr\/blog\/natation-en-eau-libre-clemence-coccordano-championne-deurope-juniors-du-10-km\/\">sacr\u00e9e ce matin sur la course filles<\/a>, <strong>Sacha Velly<\/strong> avait \u00e9t\u00e9 champion d\u2019Europe du 7.5 km juniors en 2022. Il repr\u00e9sentait donc une importante chance de podium sur le 10 km juniors \u00e0 Vienne. Et il a assum\u00e9 ce statut en s&rsquo;installant d&rsquo;entr\u00e9e dans le peloton de t\u00eate, assurant m\u00eame le rythme pendant la majorit\u00e9 du parcours.<\/p>\n<p style=\"text-align: justify;\">Le Hongrois <strong>Hunor Kovacs Seres<\/strong> apparaissait alors comme son plus s\u00e9rieux concurrent. Mais lors de la deuxi\u00e8me moiti\u00e9 de course, tout le monde semblait faire l&rsquo;\u00e9lastique derri\u00e8re le Fran\u00e7ais. Et l&rsquo;impression se confirmait dans le dernier tour, quand <strong>Sacha Velly<\/strong> pla\u00e7ait son acc\u00e9l\u00e9ration et d\u00e9cramponnait tout le monde avec une incroyable facilit\u00e9. Il terminait seul, s&rsquo;imposant avec plus de dix secondes d&rsquo;avance devant Piotr Wozniak, alors que l&rsquo;autre Bleuet<strong>, \u00c9mile Vincent<\/strong>, terminait au pied du podium. Mais avec deux m\u00e9dailles d&rsquo;or en deux courses, l&rsquo;eau libre fran\u00e7aise a r\u00e9gn\u00e9 sur Vienne aujourd&rsquo;hui !<\/p>\n<blockquote class=\"twitter-tweet\">\n<p dir=\"ltr\" lang=\"en\">Sacha Velly storms to European Junior gold in the Boy\u2019s 10km race, breaking away from the pack on the final lap! \ud83c\uddeb\ud83c\uddf7\ud83e\udd47<a href=\"https:\/\/twitter.com\/hashtag\/EJOWSCVienna2024?src=hash&amp;ref_src=twsrc%5Etfw\">#EJOWSCVienna2024<\/a> <a href=\"https:\/\/t.co\/ZFGjYmRZkS\">pic.twitter.com\/ZFGjYmRZkS<\/a><\/p>\n<p>\u2014 European Aquatics (@EuroAquatics) <a href=\"https:\/\/twitter.com\/EuroAquatics\/status\/1812146670588567819?ref_src=twsrc%5Etfw\">July 13, 2024<\/a><\/p><\/blockquote>\n<p><script async src=\"https:\/\/platform.twitter.com\/widgets.js\" charset=\"utf-8\"><\/script><\/p>\n","protected":false},"excerpt":{"rendered":"<p>CHAMPIONNATS D&rsquo;EUROPE JEUNES DE NATATION EN EAU LIBRE 2024 &#8211; Apr\u00e8s Cl\u00e9mence Coccordano, Sacha Velly est lui aussi champion d&rsquo;Europe du 10 km juniors.<\/p>\n","protected":false},"author":59,"featured_media":500255,"comment_status":"open","ping_status":"closed","sticky":false,"template":"","format":"standard","meta":{"_acf_changed":false,"_daextam_enable_autolinks":"1","footnotes":""},"categories":[2306],"tags":[16878,40528],"class_list":["post-500164","post","type-post","status-publish","format-standard","has-post-thumbnail","hentry","category-natation","tag-breve","tag-sacha-velly"],"acf":[],"yoast_head":"<!-- This site is optimized with the Yoast SEO Premium plugin v26.7 (Yoast SEO v26.7) - https:\/\/yoast.com\/wordpress\/plugins\/seo\/ -->\n<title>Natation en eau libre : Sacha Velly \u00e0 son tour champion d&#039;Europe juniors du 10 km !<\/title>\n<meta name=\"description\" content=\"CHAMPIONNATS D&#039;EUROPE JEUNES DE NATATION EN EAU LIBRE 2024 - Apr\u00e8s Cl\u00e9mence Coccordano, Sacha Velly est lui aussi champion d&#039;Europe du 10 km juniors.\" \/>\n<meta name=\"robots\" content=\"index, follow, max-snippet:-1, max-image-preview:large, max-video-preview:-1\" \/>\n<link rel=\"canonical\" href=\"https:\/\/dicodusport.fr\/blog\/natation-en-eau-libre-sacha-velly-a-son-tour-champion-deurope-juniors-du-10-km\/\" \/>\n<meta property=\"og:locale\" content=\"fr_FR\" \/>\n<meta property=\"og:type\" content=\"article\" \/>\n<meta property=\"og:title\" content=\"Natation en eau libre : Sacha Velly \u00e0 son tour champion d&#039;Europe juniors du 10 km !\" \/>\n<meta property=\"og:description\" content=\"CHAMPIONNATS D&#039;EUROPE JEUNES DE NATATION EN EAU LIBRE 2024 - Apr\u00e8s Cl\u00e9mence Coccordano, Sacha Velly est lui aussi champion d&#039;Europe du 10 km juniors.\" \/>\n<meta property=\"og:url\" content=\"https:\/\/dicodusport.fr\/blog\/natation-en-eau-libre-sacha-velly-a-son-tour-champion-deurope-juniors-du-10-km\/\" \/>\n<meta property=\"og:site_name\" content=\"Dicodusport\" \/>\n<meta property=\"article:publisher\" content=\"https:\/\/www.facebook.com\/dicodusport\" \/>\n<meta property=\"article:author\" content=\"https:\/\/www.facebook.com\/sebastien.gente\/\" \/>\n<meta property=\"article:published_time\" content=\"2024-07-13T15:21:22+00:00\" \/>\n<meta property=\"article:modified_time\" content=\"2024-07-13T18:30:56+00:00\" \/>\n<meta property=\"og:image\" content=\"https:\/\/dicodusport.fr\/blog\/wp-content\/uploads\/2024\/07\/Natation-en-eau-libre-Sacha-Velly-a-son-tour-champion-dEurope-juniors-du-10-km-1-1.png\" \/>\n\t<meta property=\"og:image:width\" content=\"1200\" \/>\n\t<meta property=\"og:image:height\" content=\"674\" \/>\n\t<meta property=\"og:image:type\" content=\"image\/png\" \/>\n<meta name=\"author\" content=\"S\u00e9bastien Gente\" \/>\n<meta name=\"twitter:card\" content=\"summary_large_image\" \/>\n<meta name=\"twitter:title\" content=\"Natation en eau libre : Sacha Velly \u00e0 son tour champion d&#039;Europe juniors du 10 km !\" \/>\n<meta name=\"twitter:creator\" content=\"@https:\/\/twitter.com\/globulo24\" \/>\n<meta name=\"twitter:site\" content=\"@dicodusport\" \/>\n<script type=\"application\/ld+json\" class=\"yoast-schema-graph\">{\"@context\":\"https:\/\/schema.org\",\"@graph\":[{\"@type\":\"NewsArticle\",\"@id\":\"https:\/\/dicodusport.fr\/blog\/natation-en-eau-libre-sacha-velly-a-son-tour-champion-deurope-juniors-du-10-km\/#article\",\"isPartOf\":{\"@id\":\"https:\/\/dicodusport.fr\/blog\/natation-en-eau-libre-sacha-velly-a-son-tour-champion-deurope-juniors-du-10-km\/\"},\"author\":{\"name\":\"S\u00e9bastien Gente\",\"@id\":\"https:\/\/dicodusport.fr\/blog\/#\/schema\/person\/627966a6cde45dbd8c5e36ac85d783da\"},\"headline\":\"Natation en eau libre : Sacha Velly \u00e0 son tour champion d&rsquo;Europe juniors du 10 km !\",\"datePublished\":\"2024-07-13T15:21:22+00:00\",\"dateModified\":\"2024-07-13T18:30:56+00:00\",\"mainEntityOfPage\":{\"@id\":\"https:\/\/dicodusport.fr\/blog\/natation-en-eau-libre-sacha-velly-a-son-tour-champion-deurope-juniors-du-10-km\/\"},\"wordCount\":247,\"commentCount\":0,\"publisher\":{\"@id\":\"https:\/\/dicodusport.fr\/blog\/#organization\"},\"image\":{\"@id\":\"https:\/\/dicodusport.fr\/blog\/natation-en-eau-libre-sacha-velly-a-son-tour-champion-deurope-juniors-du-10-km\/#primaryimage\"},\"thumbnailUrl\":\"https:\/\/dicodusport.fr\/blog\/wp-content\/uploads\/2024\/07\/Natation-en-eau-libre-Sacha-Velly-a-son-tour-champion-dEurope-juniors-du-10-km-1-1.png\",\"keywords\":[\"br\u00e8ve\",\"Sacha Velly\"],\"articleSection\":[\"Natation\"],\"inLanguage\":\"fr-FR\",\"potentialAction\":[{\"@type\":\"CommentAction\",\"name\":\"Comment\",\"target\":[\"https:\/\/dicodusport.fr\/blog\/natation-en-eau-libre-sacha-velly-a-son-tour-champion-deurope-juniors-du-10-km\/#respond\"]}],\"copyrightYear\":\"2024\",\"copyrightHolder\":{\"@id\":\"https:\/\/dicodusport.fr\/blog\/#organization\"}},{\"@type\":\"WebPage\",\"@id\":\"https:\/\/dicodusport.fr\/blog\/natation-en-eau-libre-sacha-velly-a-son-tour-champion-deurope-juniors-du-10-km\/\",\"url\":\"https:\/\/dicodusport.fr\/blog\/natation-en-eau-libre-sacha-velly-a-son-tour-champion-deurope-juniors-du-10-km\/\",\"name\":\"Natation en eau libre : Sacha Velly \u00e0 son tour champion d'Europe juniors du 10 km !\",\"isPartOf\":{\"@id\":\"https:\/\/dicodusport.fr\/blog\/#website\"},\"primaryImageOfPage\":{\"@id\":\"https:\/\/dicodusport.fr\/blog\/natation-en-eau-libre-sacha-velly-a-son-tour-champion-deurope-juniors-du-10-km\/#primaryimage\"},\"image\":{\"@id\":\"https:\/\/dicodusport.fr\/blog\/natation-en-eau-libre-sacha-velly-a-son-tour-champion-deurope-juniors-du-10-km\/#primaryimage\"},\"thumbnailUrl\":\"https:\/\/dicodusport.fr\/blog\/wp-content\/uploads\/2024\/07\/Natation-en-eau-libre-Sacha-Velly-a-son-tour-champion-dEurope-juniors-du-10-km-1-1.png\",\"datePublished\":\"2024-07-13T15:21:22+00:00\",\"dateModified\":\"2024-07-13T18:30:56+00:00\",\"description\":\"CHAMPIONNATS D'EUROPE JEUNES DE NATATION EN EAU LIBRE 2024 - Apr\u00e8s Cl\u00e9mence Coccordano, Sacha Velly est lui aussi champion d'Europe du 10 km juniors.\",\"breadcrumb\":{\"@id\":\"https:\/\/dicodusport.fr\/blog\/natation-en-eau-libre-sacha-velly-a-son-tour-champion-deurope-juniors-du-10-km\/#breadcrumb\"},\"inLanguage\":\"fr-FR\",\"potentialAction\":[{\"@type\":\"ReadAction\",\"target\":[\"https:\/\/dicodusport.fr\/blog\/natation-en-eau-libre-sacha-velly-a-son-tour-champion-deurope-juniors-du-10-km\/\"]}]},{\"@type\":\"ImageObject\",\"inLanguage\":\"fr-FR\",\"@id\":\"https:\/\/dicodusport.fr\/blog\/natation-en-eau-libre-sacha-velly-a-son-tour-champion-deurope-juniors-du-10-km\/#primaryimage\",\"url\":\"https:\/\/dicodusport.fr\/blog\/wp-content\/uploads\/2024\/07\/Natation-en-eau-libre-Sacha-Velly-a-son-tour-champion-dEurope-juniors-du-10-km-1-1.png\",\"contentUrl\":\"https:\/\/dicodusport.fr\/blog\/wp-content\/uploads\/2024\/07\/Natation-en-eau-libre-Sacha-Velly-a-son-tour-champion-dEurope-juniors-du-10-km-1-1.png\",\"width\":1200,\"height\":674,\"caption\":\"Natation en eau libre Sacha Velly \u00e0 son tour champion d'Europe juniors du 10 km !\"},{\"@type\":\"BreadcrumbList\",\"@id\":\"https:\/\/dicodusport.fr\/blog\/natation-en-eau-libre-sacha-velly-a-son-tour-champion-deurope-juniors-du-10-km\/#breadcrumb\",\"itemListElement\":[{\"@type\":\"ListItem\",\"position\":1,\"name\":\"Accueil\",\"item\":\"https:\/\/dicodusport.fr\/blog\/\"},{\"@type\":\"ListItem\",\"position\":2,\"name\":\"Natation en eau libre : Sacha Velly \u00e0 son tour champion d&#8217;Europe juniors du 10 km !\"}]},{\"@type\":\"WebSite\",\"@id\":\"https:\/\/dicodusport.fr\/blog\/#website\",\"url\":\"https:\/\/dicodusport.fr\/blog\/\",\"name\":\"Dicodusport\",\"description\":\"L&#039;encyclop\u00e9die de l&#039;actualit\u00e9 sportive\",\"publisher\":{\"@id\":\"https:\/\/dicodusport.fr\/blog\/#organization\"},\"potentialAction\":[{\"@type\":\"SearchAction\",\"target\":{\"@type\":\"EntryPoint\",\"urlTemplate\":\"https:\/\/dicodusport.fr\/blog\/?s={search_term_string}\"},\"query-input\":{\"@type\":\"PropertyValueSpecification\",\"valueRequired\":true,\"valueName\":\"search_term_string\"}}],\"inLanguage\":\"fr-FR\"},{\"@type\":\"NewsMediaOrganization\",\"@id\":\"https:\/\/dicodusport.fr\/blog\/#organization\",\"name\":\"Dicodusport\",\"url\":\"https:\/\/dicodusport.fr\/blog\/\",\"logo\":{\"@type\":\"ImageObject\",\"inLanguage\":\"fr-FR\",\"@id\":\"https:\/\/dicodusport.fr\/blog\/#\/schema\/logo\/image\/\",\"url\":\"https:\/\/dicodusport.fr\/blog\/wp-content\/uploads\/2020\/06\/cropped-LOGO-DICODUSPORT-2020-SANS-FOND-SANS-TEXTE.png\",\"contentUrl\":\"https:\/\/dicodusport.fr\/blog\/wp-content\/uploads\/2020\/06\/cropped-LOGO-DICODUSPORT-2020-SANS-FOND-SANS-TEXTE.png\",\"width\":512,\"height\":512,\"caption\":\"Dicodusport\"},\"image\":{\"@id\":\"https:\/\/dicodusport.fr\/blog\/#\/schema\/logo\/image\/\"},\"sameAs\":[\"https:\/\/www.facebook.com\/dicodusport\",\"https:\/\/x.com\/dicodusport\",\"https:\/\/www.instagram.com\/dicodusport\/\",\"https:\/\/www.youtube.com\/channel\/UC7V2KZ5sd3htJivAbA4ZG3w\"],\"description\":\"Dicodusport est l'encyclop\u00e9die de l'actualit\u00e9 sportive.\",\"email\":\"bonjour@dicodusport.fr\",\"legalName\":\"DICODUSPORT\",\"foundingDate\":\"2018-01-14\",\"vatID\":\"FR71834470973\",\"taxID\":\"83447097300043\",\"numberOfEmployees\":{\"@type\":\"QuantitativeValue\",\"minValue\":\"1\",\"maxValue\":\"10\"}},{\"@type\":\"Person\",\"@id\":\"https:\/\/dicodusport.fr\/blog\/#\/schema\/person\/627966a6cde45dbd8c5e36ac85d783da\",\"name\":\"S\u00e9bastien Gente\",\"image\":{\"@type\":\"ImageObject\",\"inLanguage\":\"fr-FR\",\"@id\":\"https:\/\/dicodusport.fr\/blog\/#\/schema\/person\/image\/\",\"url\":\"https:\/\/dicodusport.fr\/blog\/wp-content\/uploads\/2021\/09\/1510990_10205810251400683_4124423575079401707_n-150x150.jpg\",\"contentUrl\":\"https:\/\/dicodusport.fr\/blog\/wp-content\/uploads\/2021\/09\/1510990_10205810251400683_4124423575079401707_n-150x150.jpg\",\"caption\":\"S\u00e9bastien Gente\"},\"description\":\"John Stockton, Gianni Bugno, Zinedine Zidane, Steffi Graf, Frode Andresen, St\u00e9phane Stoecklin, Davis Kamoga, Primoz Peterka, Werner Schlager et Aur\u00e9lien Rougerie. Point commun entre ces sportifs? Ils m'ont fait r\u00eaver et ont berc\u00e9 mon adolescence. Je suis un fondu de sports et j'essaie de retranscrire ma passion \u00e0 travers mes articles. Originaire du P\u00e9rigord, ma passion pour les Girondins, les Jaunards et les Jazzmen transpire dans mes \u00e9crits. \u00c0 Dicodusport depuis 2021, je d\u00e9niche les sports m\u00e9connus dans lesquels la France brille, et il y en a !\",\"sameAs\":[\"https:\/\/www.facebook.com\/sebastien.gente\/\",\"https:\/\/www.instagram.com\/sebgente\/\",\"https:\/\/www.linkedin.com\/in\/sbastien-gente-a29583169\/\",\"https:\/\/x.com\/https:\/\/twitter.com\/globulo24\",\"SebastienGente\"],\"worksFor\":\"S\u00e9bastien GENTE\",\"url\":\"https:\/\/dicodusport.fr\/blog\/author\/sebastiengente\/\"}]}<\/script>\n<!-- \/ Yoast SEO Premium plugin. -->","yoast_head_json":{"title":"Natation en eau libre : Sacha Velly \u00e0 son tour champion d'Europe juniors du 10 km !","description":"CHAMPIONNATS D'EUROPE JEUNES DE NATATION EN EAU LIBRE 2024 - Apr\u00e8s Cl\u00e9mence Coccordano, Sacha Velly est lui aussi champion d'Europe du 10 km juniors.","robots":{"index":"index","follow":"follow","max-snippet":"max-snippet:-1","max-image-preview":"max-image-preview:large","max-video-preview":"max-video-preview:-1"},"canonical":"https:\/\/dicodusport.fr\/blog\/natation-en-eau-libre-sacha-velly-a-son-tour-champion-deurope-juniors-du-10-km\/","og_locale":"fr_FR","og_type":"article","og_title":"Natation en eau libre : Sacha Velly \u00e0 son tour champion d'Europe juniors du 10 km !","og_description":"CHAMPIONNATS D'EUROPE JEUNES DE NATATION EN EAU LIBRE 2024 - Apr\u00e8s Cl\u00e9mence Coccordano, Sacha Velly est lui aussi champion d'Europe du 10 km juniors.","og_url":"https:\/\/dicodusport.fr\/blog\/natation-en-eau-libre-sacha-velly-a-son-tour-champion-deurope-juniors-du-10-km\/","og_site_name":"Dicodusport","article_publisher":"https:\/\/www.facebook.com\/dicodusport","article_author":"https:\/\/www.facebook.com\/sebastien.gente\/","article_published_time":"2024-07-13T15:21:22+00:00","article_modified_time":"2024-07-13T18:30:56+00:00","og_image":[{"width":1200,"height":674,"url":"https:\/\/dicodusport.fr\/blog\/wp-content\/uploads\/2024\/07\/Natation-en-eau-libre-Sacha-Velly-a-son-tour-champion-dEurope-juniors-du-10-km-1-1.png","type":"image\/png"}],"author":"S\u00e9bastien Gente","twitter_card":"summary_large_image","twitter_title":"Natation en eau libre : Sacha Velly \u00e0 son tour champion d'Europe juniors du 10 km !","twitter_creator":"@https:\/\/twitter.com\/globulo24","twitter_site":"@dicodusport","schema":{"@context":"https:\/\/schema.org","@graph":[{"@type":"NewsArticle","@id":"https:\/\/dicodusport.fr\/blog\/natation-en-eau-libre-sacha-velly-a-son-tour-champion-deurope-juniors-du-10-km\/#article","isPartOf":{"@id":"https:\/\/dicodusport.fr\/blog\/natation-en-eau-libre-sacha-velly-a-son-tour-champion-deurope-juniors-du-10-km\/"},"author":{"name":"S\u00e9bastien Gente","@id":"https:\/\/dicodusport.fr\/blog\/#\/schema\/person\/627966a6cde45dbd8c5e36ac85d783da"},"headline":"Natation en eau libre : Sacha Velly \u00e0 son tour champion d&rsquo;Europe juniors du 10 km !","datePublished":"2024-07-13T15:21:22+00:00","dateModified":"2024-07-13T18:30:56+00:00","mainEntityOfPage":{"@id":"https:\/\/dicodusport.fr\/blog\/natation-en-eau-libre-sacha-velly-a-son-tour-champion-deurope-juniors-du-10-km\/"},"wordCount":247,"commentCount":0,"publisher":{"@id":"https:\/\/dicodusport.fr\/blog\/#organization"},"image":{"@id":"https:\/\/dicodusport.fr\/blog\/natation-en-eau-libre-sacha-velly-a-son-tour-champion-deurope-juniors-du-10-km\/#primaryimage"},"thumbnailUrl":"https:\/\/dicodusport.fr\/blog\/wp-content\/uploads\/2024\/07\/Natation-en-eau-libre-Sacha-Velly-a-son-tour-champion-dEurope-juniors-du-10-km-1-1.png","keywords":["br\u00e8ve","Sacha Velly"],"articleSection":["Natation"],"inLanguage":"fr-FR","potentialAction":[{"@type":"CommentAction","name":"Comment","target":["https:\/\/dicodusport.fr\/blog\/natation-en-eau-libre-sacha-velly-a-son-tour-champion-deurope-juniors-du-10-km\/#respond"]}],"copyrightYear":"2024","copyrightHolder":{"@id":"https:\/\/dicodusport.fr\/blog\/#organization"}},{"@type":"WebPage","@id":"https:\/\/dicodusport.fr\/blog\/natation-en-eau-libre-sacha-velly-a-son-tour-champion-deurope-juniors-du-10-km\/","url":"https:\/\/dicodusport.fr\/blog\/natation-en-eau-libre-sacha-velly-a-son-tour-champion-deurope-juniors-du-10-km\/","name":"Natation en eau libre : Sacha Velly \u00e0 son tour champion d'Europe juniors du 10 km !","isPartOf":{"@id":"https:\/\/dicodusport.fr\/blog\/#website"},"primaryImageOfPage":{"@id":"https:\/\/dicodusport.fr\/blog\/natation-en-eau-libre-sacha-velly-a-son-tour-champion-deurope-juniors-du-10-km\/#primaryimage"},"image":{"@id":"https:\/\/dicodusport.fr\/blog\/natation-en-eau-libre-sacha-velly-a-son-tour-champion-deurope-juniors-du-10-km\/#primaryimage"},"thumbnailUrl":"https:\/\/dicodusport.fr\/blog\/wp-content\/uploads\/2024\/07\/Natation-en-eau-libre-Sacha-Velly-a-son-tour-champion-dEurope-juniors-du-10-km-1-1.png","datePublished":"2024-07-13T15:21:22+00:00","dateModified":"2024-07-13T18:30:56+00:00","description":"CHAMPIONNATS D'EUROPE JEUNES DE NATATION EN EAU LIBRE 2024 - Apr\u00e8s Cl\u00e9mence Coccordano, Sacha Velly est lui aussi champion d'Europe du 10 km juniors.","breadcrumb":{"@id":"https:\/\/dicodusport.fr\/blog\/natation-en-eau-libre-sacha-velly-a-son-tour-champion-deurope-juniors-du-10-km\/#breadcrumb"},"inLanguage":"fr-FR","potentialAction":[{"@type":"ReadAction","target":["https:\/\/dicodusport.fr\/blog\/natation-en-eau-libre-sacha-velly-a-son-tour-champion-deurope-juniors-du-10-km\/"]}]},{"@type":"ImageObject","inLanguage":"fr-FR","@id":"https:\/\/dicodusport.fr\/blog\/natation-en-eau-libre-sacha-velly-a-son-tour-champion-deurope-juniors-du-10-km\/#primaryimage","url":"https:\/\/dicodusport.fr\/blog\/wp-content\/uploads\/2024\/07\/Natation-en-eau-libre-Sacha-Velly-a-son-tour-champion-dEurope-juniors-du-10-km-1-1.png","contentUrl":"https:\/\/dicodusport.fr\/blog\/wp-content\/uploads\/2024\/07\/Natation-en-eau-libre-Sacha-Velly-a-son-tour-champion-dEurope-juniors-du-10-km-1-1.png","width":1200,"height":674,"caption":"Natation en eau libre Sacha Velly \u00e0 son tour champion d'Europe juniors du 10 km !"},{"@type":"BreadcrumbList","@id":"https:\/\/dicodusport.fr\/blog\/natation-en-eau-libre-sacha-velly-a-son-tour-champion-deurope-juniors-du-10-km\/#breadcrumb","itemListElement":[{"@type":"ListItem","position":1,"name":"Accueil","item":"https:\/\/dicodusport.fr\/blog\/"},{"@type":"ListItem","position":2,"name":"Natation en eau libre : Sacha Velly \u00e0 son tour champion d&#8217;Europe juniors du 10 km !"}]},{"@type":"WebSite","@id":"https:\/\/dicodusport.fr\/blog\/#website","url":"https:\/\/dicodusport.fr\/blog\/","name":"Dicodusport","description":"L&#039;encyclop\u00e9die de l&#039;actualit\u00e9 sportive","publisher":{"@id":"https:\/\/dicodusport.fr\/blog\/#organization"},"potentialAction":[{"@type":"SearchAction","target":{"@type":"EntryPoint","urlTemplate":"https:\/\/dicodusport.fr\/blog\/?s={search_term_string}"},"query-input":{"@type":"PropertyValueSpecification","valueRequired":true,"valueName":"search_term_string"}}],"inLanguage":"fr-FR"},{"@type":"NewsMediaOrganization","@id":"https:\/\/dicodusport.fr\/blog\/#organization","name":"Dicodusport","url":"https:\/\/dicodusport.fr\/blog\/","logo":{"@type":"ImageObject","inLanguage":"fr-FR","@id":"https:\/\/dicodusport.fr\/blog\/#\/schema\/logo\/image\/","url":"https:\/\/dicodusport.fr\/blog\/wp-content\/uploads\/2020\/06\/cropped-LOGO-DICODUSPORT-2020-SANS-FOND-SANS-TEXTE.png","contentUrl":"https:\/\/dicodusport.fr\/blog\/wp-content\/uploads\/2020\/06\/cropped-LOGO-DICODUSPORT-2020-SANS-FOND-SANS-TEXTE.png","width":512,"height":512,"caption":"Dicodusport"},"image":{"@id":"https:\/\/dicodusport.fr\/blog\/#\/schema\/logo\/image\/"},"sameAs":["https:\/\/www.facebook.com\/dicodusport","https:\/\/x.com\/dicodusport","https:\/\/www.instagram.com\/dicodusport\/","https:\/\/www.youtube.com\/channel\/UC7V2KZ5sd3htJivAbA4ZG3w"],"description":"Dicodusport est l'encyclop\u00e9die de l'actualit\u00e9 sportive.","email":"bonjour@dicodusport.fr","legalName":"DICODUSPORT","foundingDate":"2018-01-14","vatID":"FR71834470973","taxID":"83447097300043","numberOfEmployees":{"@type":"QuantitativeValue","minValue":"1","maxValue":"10"}},{"@type":"Person","@id":"https:\/\/dicodusport.fr\/blog\/#\/schema\/person\/627966a6cde45dbd8c5e36ac85d783da","name":"S\u00e9bastien Gente","image":{"@type":"ImageObject","inLanguage":"fr-FR","@id":"https:\/\/dicodusport.fr\/blog\/#\/schema\/person\/image\/","url":"https:\/\/dicodusport.fr\/blog\/wp-content\/uploads\/2021\/09\/1510990_10205810251400683_4124423575079401707_n-150x150.jpg","contentUrl":"https:\/\/dicodusport.fr\/blog\/wp-content\/uploads\/2021\/09\/1510990_10205810251400683_4124423575079401707_n-150x150.jpg","caption":"S\u00e9bastien Gente"},"description":"John Stockton, Gianni Bugno, Zinedine Zidane, Steffi Graf, Frode Andresen, St\u00e9phane Stoecklin, Davis Kamoga, Primoz Peterka, Werner Schlager et Aur\u00e9lien Rougerie. Point commun entre ces sportifs? Ils m'ont fait r\u00eaver et ont berc\u00e9 mon adolescence. Je suis un fondu de sports et j'essaie de retranscrire ma passion \u00e0 travers mes articles. Originaire du P\u00e9rigord, ma passion pour les Girondins, les Jaunards et les Jazzmen transpire dans mes \u00e9crits. \u00c0 Dicodusport depuis 2021, je d\u00e9niche les sports m\u00e9connus dans lesquels la France brille, et il y en a !","sameAs":["https:\/\/www.facebook.com\/sebastien.gente\/","https:\/\/www.instagram.com\/sebgente\/","https:\/\/www.linkedin.com\/in\/sbastien-gente-a29583169\/","https:\/\/x.com\/https:\/\/twitter.com\/globulo24","SebastienGente"],"worksFor":"S\u00e9bastien GENTE","url":"https:\/\/dicodusport.fr\/blog\/author\/sebastiengente\/"}]}},"_links":{"self":[{"href":"https:\/\/dicodusport.fr\/blog\/wp-json\/wp\/v2\/posts\/500164","targetHints":{"allow":["GET"]}}],"collection":[{"href":"https:\/\/dicodusport.fr\/blog\/wp-json\/wp\/v2\/posts"}],"about":[{"href":"https:\/\/dicodusport.fr\/blog\/wp-json\/wp\/v2\/types\/post"}],"author":[{"embeddable":true,"href":"https:\/\/dicodusport.fr\/blog\/wp-json\/wp\/v2\/users\/59"}],"replies":[{"embeddable":true,"href":"https:\/\/dicodusport.fr\/blog\/wp-json\/wp\/v2\/comments?post=500164"}],"version-history":[{"count":2,"href":"https:\/\/dicodusport.fr\/blog\/wp-json\/wp\/v2\/posts\/500164\/revisions"}],"predecessor-version":[{"id":500254,"href":"https:\/\/dicodusport.fr\/blog\/wp-json\/wp\/v2\/posts\/500164\/revisions\/500254"}],"wp:featuredmedia":[{"embeddable":true,"href":"https:\/\/dicodusport.fr\/blog\/wp-json\/wp\/v2\/media\/500255"}],"wp:attachment":[{"href":"https:\/\/dicodusport.fr\/blog\/wp-json\/wp\/v2\/media?parent=500164"}],"wp:term":[{"taxonomy":"category","embeddable":true,"href":"https:\/\/dicodusport.fr\/blog\/wp-json\/wp\/v2\/categories?post=500164"},{"taxonomy":"post_tag","embeddable":true,"href":"https:\/\/dicodusport.fr\/blog\/wp-json\/wp\/v2\/tags?post=500164"}],"curies":[{"name":"wp","href":"https:\/\/api.w.org\/{rel}","templated":true}]}}