{"id":500191,"date":"2024-07-14T11:30:15","date_gmt":"2024-07-14T09:30:15","guid":{"rendered":"https:\/\/dicodusport.fr\/blog\/?p=500191&#038;preview=true&#038;preview_id=500191"},"modified":"2024-07-14T10:58:17","modified_gmt":"2024-07-14T08:58:17","slug":"florent-manaudou-un-role-de-grand-frere","status":"publish","type":"post","link":"https:\/\/dicodusport.fr\/blog\/florent-manaudou-un-role-de-grand-frere\/","title":{"rendered":"Florent Manaudou : \u00ab Un r\u00f4le de grand fr\u00e8re \u00bb"},"content":{"rendered":"<p style=\"text-align: justify;\"><em><strong>JO PARIS 2024 \u2013 Le champion olympique du 50 m\u00e8tres nage libre de Londres (Grande-Bretagne) en 2012 a \u00e9t\u00e9 d\u00e9sign\u00e9 porte-drapeau de la d\u00e9l\u00e9gation tricolore avec la discobole M\u00e9lina Robert-Michon. Pr\u00e9sent avec son homologue, ainsi qu\u2019avec les porte-drapeaux des Jeux Paralympiques Nantenin Ke\u00efta et Alexis Hanquinquant devant la presse, Florent Manaudou est revenu sur son futur r\u00f4le.<\/strong><\/em><\/p>\n<ul>\n<li style=\"text-align: justify;\"><strong>\u00c0 ce sujet \u2013\u00a0<a href=\"https:\/\/dicodusport.fr\/blog\/jo-paris-2024\/\">L\u2019actualit\u00e9 des JO de Paris 2024<\/a><\/strong><\/li>\n<\/ul>\n<h3 style=\"text-align: justify;\">Que repr\u00e9sente ce r\u00f4le de porte-drapeau pour vous\u00a0?<\/h3>\n<p style=\"text-align: justify;\">C\u2019est beaucoup de fiert\u00e9 et de responsabilit\u00e9. C\u2019est un r\u00eave que je ne pensais pas forc\u00e9ment devenir r\u00e9alit\u00e9 quand j\u2019\u00e9tais jeune. Mais au fur et \u00e0 mesure des ann\u00e9es, je me suis dit<em> \u00ab pourquoi pas ? \u00bb<\/em>. Avec tous les porte-drapeaux que j\u2019ai vus dans ma vie, je suis tr\u00e8s fier de faire partie de cette famille.<\/p>\n<h3 style=\"text-align: justify;\">Comment concevez-vous le r\u00f4le de porte-drapeau ?<\/h3>\n<p style=\"text-align: justify;\">Je le vois comme un r\u00f4le de grand fr\u00e8re. Certains athl\u00e8tes ont parfois besoin d&rsquo;un guide, mais ne vont pas forc\u00e9ment venir me poser des questions. Je pense que c&rsquo;est important de sentir l&rsquo;unit\u00e9 autour de cette \u00e9quipe, que ce soit pour les Jeux Olympiques ou paralympiques. Je suis content, surtout content d\u2019avoir \u00e9t\u00e9 choisi par les athl\u00e8tes. C\u2019est \u00e7a le plus important, car on se sent, tous les quatre, plus l\u00e9gitimes.<\/p>\n<h3 style=\"text-align: justify;\">Qu\u2019avez-vous ressenti au moment o\u00f9 on vous a annonc\u00e9 que vous seriez porte-drapeau\u00a0?<\/h3>\n<p style=\"text-align: justify;\">J&rsquo;avais une double sensation\u00a0: du soulagement, mais aussi de l&rsquo;excitation. Je savais que j&rsquo;\u00e9tais dans les favoris, donc c&rsquo;\u00e9tait diff\u00e9rent que pour la flamme olympique <em>(il a \u00e9t\u00e9 le premier relayeur sur le sol fran\u00e7ais)<\/em> o\u00f9 c&rsquo;\u00e9tait une vraie surprise. Mais je suis surtout reconnaissant envers les athl\u00e8tes parce qu\u2019on se sent port\u00e9 par cette \u00e9quipe.<\/p>\n<h3 style=\"text-align: justify;\">Quel message\u00a0souhaiteriez-vous faire passer avec M\u00e9lina Robert-Michon\u00a0?<\/h3>\n<p style=\"text-align: justify;\"><span data-contrast=\"auto\">Un message d&rsquo;unit\u00e9. En ce moment, c&rsquo;est un petit peu la guerre de partout\u2026 Avec les \u00e9lections, il y a eu beaucoup de d\u00e9chirements, et m\u00eame avec les r\u00e9sultats des \u00e9lections, c&rsquo;est un petit peu flou. On a l&rsquo;impression que les gens vont se s\u00e9parer en groupes et je pense que le sport est un des seuls vecteurs de rassemblement. Que l\u2019on soit de partis politiques diff\u00e9rents, de religion diff\u00e9rente, de couleur de peau diff\u00e9rente, on s&rsquo;en fiche. On veut juste performer et \u00eatre entre le 27 juillet et le 11 ao\u00fbt.<\/span><\/p>\n<div class=\"vlp-link-container vlp-layout-article\"><a href=\"https:\/\/dicodusport.fr\/blog\/jop-2024-florent-manaudou-melina-robert-michon-alexis-hanquinquant-et-nantenin-keita-seront-les-porte-drapeaux-tricolores\/\" class=\"vlp-link\" title=\"JOP 2024 : Florent Manaudou, M\u00e9lina Robert-Michon, Alexis Hanquinquant et Nantenin Ke\u00efta seront les porte-drapeaux tricolores\"><\/a><div class=\"vlp-layout-zone-side\"><div class=\"vlp-block-4 vlp-link-image\"><img loading=\"lazy\" decoding=\"async\" style=\"max-width: 792px;\" width=\"792\" height=\"445\" src=\"https:\/\/dicodusport.fr\/blog\/wp-content\/uploads\/2024\/07\/JOP-2024-Florent-Manaudou-Melina-Robert-Michon-Alexis-Hanquinquant-et-Nantenin-Keita-seront-les-porte-drapeaux-tricolores.png\" class=\"attachment-800x445 size-800x445\" alt=\"JOP 2024 Florent Manaudou, M\u00e9lina Robert-Michon, Alexis Hanquinquant et Nantenin Ke\u00efta seront les porte-drapeaux tricolores\" srcset=\"https:\/\/dicodusport.fr\/blog\/wp-content\/uploads\/2024\/07\/JOP-2024-Florent-Manaudou-Melina-Robert-Michon-Alexis-Hanquinquant-et-Nantenin-Keita-seront-les-porte-drapeaux-tricolores.png 1200w, https:\/\/dicodusport.fr\/blog\/wp-content\/uploads\/2024\/07\/JOP-2024-Florent-Manaudou-Melina-Robert-Michon-Alexis-Hanquinquant-et-Nantenin-Keita-seront-les-porte-drapeaux-tricolores-300x169.png 300w, https:\/\/dicodusport.fr\/blog\/wp-content\/uploads\/2024\/07\/JOP-2024-Florent-Manaudou-Melina-Robert-Michon-Alexis-Hanquinquant-et-Nantenin-Keita-seront-les-porte-drapeaux-tricolores-1024x575.png 1024w, https:\/\/dicodusport.fr\/blog\/wp-content\/uploads\/2024\/07\/JOP-2024-Florent-Manaudou-Melina-Robert-Michon-Alexis-Hanquinquant-et-Nantenin-Keita-seront-les-porte-drapeaux-tricolores-768x431.png 768w\" sizes=\"auto, (max-width: 792px) 100vw, 792px\" \/><\/div><\/div><div class=\"vlp-layout-zone-main\"><div class=\"vlp-block-0 vlp-link-title\">JOP 2024 : Florent Manaudou, M\u00e9lina Robert-Michon, Alexis Hanquinquant et Nantenin Ke\u00efta seront les porte-drapeaux tricolores<\/div><div class=\"vlp-block-1 vlp-link-summary\">Les porte-drapeaux de la d\u00e9l\u00e9gation fran\u00e7aise sont connus.<\/div><div class=\"vlp-block-2 vlp-link-button\">Lire l'article<\/div><div class=\"vlp-block-3 vlp-link-url\">dicodusport.fr<\/div><\/div><\/div>\n","protected":false},"excerpt":{"rendered":"<p>\u00ab Un r\u00f4le de grand-fr\u00e8re \u00bb.<\/p>\n","protected":false},"author":80,"featured_media":500328,"comment_status":"open","ping_status":"closed","sticky":false,"template":"","format":"standard","meta":{"_acf_changed":false,"_daextam_enable_autolinks":"1","footnotes":""},"categories":[8436],"tags":[32415,16878,7476,21453],"class_list":["post-500191","post","type-post","status-publish","format-standard","has-post-thumbnail","hentry","category-jo-paris-2024","tag-actu","tag-breve","tag-florent-manaudou","tag-porte-drapeaux-france"],"acf":[],"yoast_head":"<!-- This site is optimized with the Yoast SEO Premium plugin v26.7 (Yoast SEO v26.7) - https:\/\/yoast.com\/wordpress\/plugins\/seo\/ -->\n<title>Florent Manaudou : \u00ab Un r\u00f4le de grand fr\u00e8re \u00bb<\/title>\n<meta name=\"description\" content=\"Florent Manaudou sera, avec M\u00e9lina Robert-Michon, le porte-drapeau tricolore des Jeux Olympiques de Paris 2024. Il revient sur ce r\u00f4le.\" \/>\n<meta name=\"robots\" content=\"index, follow, max-snippet:-1, max-image-preview:large, max-video-preview:-1\" \/>\n<link rel=\"canonical\" href=\"https:\/\/dicodusport.fr\/blog\/florent-manaudou-un-role-de-grand-frere\/\" \/>\n<meta property=\"og:locale\" content=\"fr_FR\" \/>\n<meta property=\"og:type\" content=\"article\" \/>\n<meta property=\"og:title\" content=\"Florent Manaudou : \u00ab Un r\u00f4le de grand fr\u00e8re \u00bb\" \/>\n<meta property=\"og:description\" content=\"Florent Manaudou sera, avec M\u00e9lina Robert-Michon, le porte-drapeau tricolore des Jeux Olympiques de Paris 2024. Il revient sur ce r\u00f4le.\" \/>\n<meta property=\"og:url\" content=\"https:\/\/dicodusport.fr\/blog\/florent-manaudou-un-role-de-grand-frere\/\" \/>\n<meta property=\"og:site_name\" content=\"Dicodusport\" \/>\n<meta property=\"article:publisher\" content=\"https:\/\/www.facebook.com\/dicodusport\" \/>\n<meta property=\"article:author\" content=\"https:\/\/www.facebook.com\/profile.php?id=100009753662352\" \/>\n<meta property=\"article:published_time\" content=\"2024-07-14T09:30:15+00:00\" \/>\n<meta property=\"og:image\" content=\"https:\/\/dicodusport.fr\/blog\/wp-content\/uploads\/2024\/07\/Florent-Manaudou-Un-role-de-grand-frere-.png\" \/>\n\t<meta property=\"og:image:width\" content=\"1200\" \/>\n\t<meta property=\"og:image:height\" content=\"674\" \/>\n\t<meta property=\"og:image:type\" content=\"image\/png\" \/>\n<meta name=\"author\" content=\"Killian Tanguy\" \/>\n<meta name=\"twitter:card\" content=\"summary_large_image\" \/>\n<meta name=\"twitter:title\" content=\"Florent Manaudou : \u00ab Un r\u00f4le de grand fr\u00e8re \u00bb\" \/>\n<meta name=\"twitter:creator\" content=\"@https:\/\/twitter.com\/sport_ktanguy\" \/>\n<meta name=\"twitter:site\" content=\"@dicodusport\" \/>\n<script type=\"application\/ld+json\" class=\"yoast-schema-graph\">{\"@context\":\"https:\/\/schema.org\",\"@graph\":[{\"@type\":\"NewsArticle\",\"@id\":\"https:\/\/dicodusport.fr\/blog\/florent-manaudou-un-role-de-grand-frere\/#article\",\"isPartOf\":{\"@id\":\"https:\/\/dicodusport.fr\/blog\/florent-manaudou-un-role-de-grand-frere\/\"},\"author\":{\"name\":\"Killian Tanguy\",\"@id\":\"https:\/\/dicodusport.fr\/blog\/#\/schema\/person\/ff2feeb71ea78ad31eeb3390ffe96b46\"},\"headline\":\"Florent Manaudou : \u00ab Un r\u00f4le de grand fr\u00e8re \u00bb\",\"datePublished\":\"2024-07-14T09:30:15+00:00\",\"mainEntityOfPage\":{\"@id\":\"https:\/\/dicodusport.fr\/blog\/florent-manaudou-un-role-de-grand-frere\/\"},\"wordCount\":519,\"commentCount\":0,\"publisher\":{\"@id\":\"https:\/\/dicodusport.fr\/blog\/#organization\"},\"image\":{\"@id\":\"https:\/\/dicodusport.fr\/blog\/florent-manaudou-un-role-de-grand-frere\/#primaryimage\"},\"thumbnailUrl\":\"https:\/\/dicodusport.fr\/blog\/wp-content\/uploads\/2024\/07\/Florent-Manaudou-Un-role-de-grand-frere-.png\",\"keywords\":[\"actu\",\"br\u00e8ve\",\"Florent manaudou\",\"Porte-drapeaux France\"],\"articleSection\":[\"JO Paris 2024\"],\"inLanguage\":\"fr-FR\",\"potentialAction\":[{\"@type\":\"CommentAction\",\"name\":\"Comment\",\"target\":[\"https:\/\/dicodusport.fr\/blog\/florent-manaudou-un-role-de-grand-frere\/#respond\"]}],\"copyrightYear\":\"2024\",\"copyrightHolder\":{\"@id\":\"https:\/\/dicodusport.fr\/blog\/#organization\"}},{\"@type\":\"WebPage\",\"@id\":\"https:\/\/dicodusport.fr\/blog\/florent-manaudou-un-role-de-grand-frere\/\",\"url\":\"https:\/\/dicodusport.fr\/blog\/florent-manaudou-un-role-de-grand-frere\/\",\"name\":\"Florent Manaudou : \u00ab Un r\u00f4le de grand fr\u00e8re \u00bb\",\"isPartOf\":{\"@id\":\"https:\/\/dicodusport.fr\/blog\/#website\"},\"primaryImageOfPage\":{\"@id\":\"https:\/\/dicodusport.fr\/blog\/florent-manaudou-un-role-de-grand-frere\/#primaryimage\"},\"image\":{\"@id\":\"https:\/\/dicodusport.fr\/blog\/florent-manaudou-un-role-de-grand-frere\/#primaryimage\"},\"thumbnailUrl\":\"https:\/\/dicodusport.fr\/blog\/wp-content\/uploads\/2024\/07\/Florent-Manaudou-Un-role-de-grand-frere-.png\",\"datePublished\":\"2024-07-14T09:30:15+00:00\",\"description\":\"Florent Manaudou sera, avec M\u00e9lina Robert-Michon, le porte-drapeau tricolore des Jeux Olympiques de Paris 2024. Il revient sur ce r\u00f4le.\",\"breadcrumb\":{\"@id\":\"https:\/\/dicodusport.fr\/blog\/florent-manaudou-un-role-de-grand-frere\/#breadcrumb\"},\"inLanguage\":\"fr-FR\",\"potentialAction\":[{\"@type\":\"ReadAction\",\"target\":[\"https:\/\/dicodusport.fr\/blog\/florent-manaudou-un-role-de-grand-frere\/\"]}]},{\"@type\":\"ImageObject\",\"inLanguage\":\"fr-FR\",\"@id\":\"https:\/\/dicodusport.fr\/blog\/florent-manaudou-un-role-de-grand-frere\/#primaryimage\",\"url\":\"https:\/\/dicodusport.fr\/blog\/wp-content\/uploads\/2024\/07\/Florent-Manaudou-Un-role-de-grand-frere-.png\",\"contentUrl\":\"https:\/\/dicodusport.fr\/blog\/wp-content\/uploads\/2024\/07\/Florent-Manaudou-Un-role-de-grand-frere-.png\",\"width\":1200,\"height\":674,\"caption\":\"Florent Manaudou \u00ab Un r\u00f4le de grand-fr\u00e8re \u00bb\"},{\"@type\":\"BreadcrumbList\",\"@id\":\"https:\/\/dicodusport.fr\/blog\/florent-manaudou-un-role-de-grand-frere\/#breadcrumb\",\"itemListElement\":[{\"@type\":\"ListItem\",\"position\":1,\"name\":\"Accueil\",\"item\":\"https:\/\/dicodusport.fr\/blog\/\"},{\"@type\":\"ListItem\",\"position\":2,\"name\":\"Florent Manaudou : \u00ab Un r\u00f4le de grand fr\u00e8re \u00bb\"}]},{\"@type\":\"WebSite\",\"@id\":\"https:\/\/dicodusport.fr\/blog\/#website\",\"url\":\"https:\/\/dicodusport.fr\/blog\/\",\"name\":\"Dicodusport\",\"description\":\"L&#039;encyclop\u00e9die de l&#039;actualit\u00e9 sportive\",\"publisher\":{\"@id\":\"https:\/\/dicodusport.fr\/blog\/#organization\"},\"potentialAction\":[{\"@type\":\"SearchAction\",\"target\":{\"@type\":\"EntryPoint\",\"urlTemplate\":\"https:\/\/dicodusport.fr\/blog\/?s={search_term_string}\"},\"query-input\":{\"@type\":\"PropertyValueSpecification\",\"valueRequired\":true,\"valueName\":\"search_term_string\"}}],\"inLanguage\":\"fr-FR\"},{\"@type\":\"NewsMediaOrganization\",\"@id\":\"https:\/\/dicodusport.fr\/blog\/#organization\",\"name\":\"Dicodusport\",\"url\":\"https:\/\/dicodusport.fr\/blog\/\",\"logo\":{\"@type\":\"ImageObject\",\"inLanguage\":\"fr-FR\",\"@id\":\"https:\/\/dicodusport.fr\/blog\/#\/schema\/logo\/image\/\",\"url\":\"https:\/\/dicodusport.fr\/blog\/wp-content\/uploads\/2020\/06\/cropped-LOGO-DICODUSPORT-2020-SANS-FOND-SANS-TEXTE.png\",\"contentUrl\":\"https:\/\/dicodusport.fr\/blog\/wp-content\/uploads\/2020\/06\/cropped-LOGO-DICODUSPORT-2020-SANS-FOND-SANS-TEXTE.png\",\"width\":512,\"height\":512,\"caption\":\"Dicodusport\"},\"image\":{\"@id\":\"https:\/\/dicodusport.fr\/blog\/#\/schema\/logo\/image\/\"},\"sameAs\":[\"https:\/\/www.facebook.com\/dicodusport\",\"https:\/\/x.com\/dicodusport\",\"https:\/\/www.instagram.com\/dicodusport\/\",\"https:\/\/www.youtube.com\/channel\/UC7V2KZ5sd3htJivAbA4ZG3w\"],\"description\":\"Dicodusport est l'encyclop\u00e9die de l'actualit\u00e9 sportive.\",\"email\":\"bonjour@dicodusport.fr\",\"legalName\":\"DICODUSPORT\",\"foundingDate\":\"2018-01-14\",\"vatID\":\"FR71834470973\",\"taxID\":\"83447097300043\",\"numberOfEmployees\":{\"@type\":\"QuantitativeValue\",\"minValue\":\"1\",\"maxValue\":\"10\"}},{\"@type\":\"Person\",\"@id\":\"https:\/\/dicodusport.fr\/blog\/#\/schema\/person\/ff2feeb71ea78ad31eeb3390ffe96b46\",\"name\":\"Killian Tanguy\",\"image\":{\"@type\":\"ImageObject\",\"inLanguage\":\"fr-FR\",\"@id\":\"https:\/\/dicodusport.fr\/blog\/#\/schema\/person\/image\/\",\"url\":\"https:\/\/dicodusport.fr\/blog\/wp-content\/uploads\/2022\/12\/Killian-Tanguy-150x150.png\",\"contentUrl\":\"https:\/\/dicodusport.fr\/blog\/wp-content\/uploads\/2022\/12\/Killian-Tanguy-150x150.png\",\"caption\":\"Killian Tanguy\"},\"description\":\"Journaliste qui parle de tout et surtout de sport. Rugby, handball, sports d'hiver, football, cyclisme... Et ce que j'aime par-dessus tout : couvrir une discipline que je ne connais pas. Rien de mieux pour s'enrichir et apprendre.\",\"sameAs\":[\"https:\/\/killiantanguy.wixsite.com\/monsite\",\"https:\/\/www.facebook.com\/profile.php?id=100009753662352\",\"https:\/\/www.instagram.com\/sport.killiantanguy\/\",\"https:\/\/www.linkedin.com\/in\/killiantanguy\/\",\"https:\/\/x.com\/https:\/\/twitter.com\/sport_ktanguy\",\"https:\/\/www.youtube.com\/channel\/UCRfZkHKJL0wK7wvnJjCry-Q\"],\"url\":\"https:\/\/dicodusport.fr\/blog\/author\/killian-tanguy\/\"}]}<\/script>\n<!-- \/ Yoast SEO Premium plugin. -->","yoast_head_json":{"title":"Florent Manaudou : \u00ab Un r\u00f4le de grand fr\u00e8re \u00bb","description":"Florent Manaudou sera, avec M\u00e9lina Robert-Michon, le porte-drapeau tricolore des Jeux Olympiques de Paris 2024. Il revient sur ce r\u00f4le.","robots":{"index":"index","follow":"follow","max-snippet":"max-snippet:-1","max-image-preview":"max-image-preview:large","max-video-preview":"max-video-preview:-1"},"canonical":"https:\/\/dicodusport.fr\/blog\/florent-manaudou-un-role-de-grand-frere\/","og_locale":"fr_FR","og_type":"article","og_title":"Florent Manaudou : \u00ab Un r\u00f4le de grand fr\u00e8re \u00bb","og_description":"Florent Manaudou sera, avec M\u00e9lina Robert-Michon, le porte-drapeau tricolore des Jeux Olympiques de Paris 2024. Il revient sur ce r\u00f4le.","og_url":"https:\/\/dicodusport.fr\/blog\/florent-manaudou-un-role-de-grand-frere\/","og_site_name":"Dicodusport","article_publisher":"https:\/\/www.facebook.com\/dicodusport","article_author":"https:\/\/www.facebook.com\/profile.php?id=100009753662352","article_published_time":"2024-07-14T09:30:15+00:00","og_image":[{"width":1200,"height":674,"url":"https:\/\/dicodusport.fr\/blog\/wp-content\/uploads\/2024\/07\/Florent-Manaudou-Un-role-de-grand-frere-.png","type":"image\/png"}],"author":"Killian Tanguy","twitter_card":"summary_large_image","twitter_title":"Florent Manaudou : \u00ab Un r\u00f4le de grand fr\u00e8re \u00bb","twitter_creator":"@https:\/\/twitter.com\/sport_ktanguy","twitter_site":"@dicodusport","schema":{"@context":"https:\/\/schema.org","@graph":[{"@type":"NewsArticle","@id":"https:\/\/dicodusport.fr\/blog\/florent-manaudou-un-role-de-grand-frere\/#article","isPartOf":{"@id":"https:\/\/dicodusport.fr\/blog\/florent-manaudou-un-role-de-grand-frere\/"},"author":{"name":"Killian Tanguy","@id":"https:\/\/dicodusport.fr\/blog\/#\/schema\/person\/ff2feeb71ea78ad31eeb3390ffe96b46"},"headline":"Florent Manaudou : \u00ab Un r\u00f4le de grand fr\u00e8re \u00bb","datePublished":"2024-07-14T09:30:15+00:00","mainEntityOfPage":{"@id":"https:\/\/dicodusport.fr\/blog\/florent-manaudou-un-role-de-grand-frere\/"},"wordCount":519,"commentCount":0,"publisher":{"@id":"https:\/\/dicodusport.fr\/blog\/#organization"},"image":{"@id":"https:\/\/dicodusport.fr\/blog\/florent-manaudou-un-role-de-grand-frere\/#primaryimage"},"thumbnailUrl":"https:\/\/dicodusport.fr\/blog\/wp-content\/uploads\/2024\/07\/Florent-Manaudou-Un-role-de-grand-frere-.png","keywords":["actu","br\u00e8ve","Florent manaudou","Porte-drapeaux France"],"articleSection":["JO Paris 2024"],"inLanguage":"fr-FR","potentialAction":[{"@type":"CommentAction","name":"Comment","target":["https:\/\/dicodusport.fr\/blog\/florent-manaudou-un-role-de-grand-frere\/#respond"]}],"copyrightYear":"2024","copyrightHolder":{"@id":"https:\/\/dicodusport.fr\/blog\/#organization"}},{"@type":"WebPage","@id":"https:\/\/dicodusport.fr\/blog\/florent-manaudou-un-role-de-grand-frere\/","url":"https:\/\/dicodusport.fr\/blog\/florent-manaudou-un-role-de-grand-frere\/","name":"Florent Manaudou : \u00ab Un r\u00f4le de grand fr\u00e8re \u00bb","isPartOf":{"@id":"https:\/\/dicodusport.fr\/blog\/#website"},"primaryImageOfPage":{"@id":"https:\/\/dicodusport.fr\/blog\/florent-manaudou-un-role-de-grand-frere\/#primaryimage"},"image":{"@id":"https:\/\/dicodusport.fr\/blog\/florent-manaudou-un-role-de-grand-frere\/#primaryimage"},"thumbnailUrl":"https:\/\/dicodusport.fr\/blog\/wp-content\/uploads\/2024\/07\/Florent-Manaudou-Un-role-de-grand-frere-.png","datePublished":"2024-07-14T09:30:15+00:00","description":"Florent Manaudou sera, avec M\u00e9lina Robert-Michon, le porte-drapeau tricolore des Jeux Olympiques de Paris 2024. Il revient sur ce r\u00f4le.","breadcrumb":{"@id":"https:\/\/dicodusport.fr\/blog\/florent-manaudou-un-role-de-grand-frere\/#breadcrumb"},"inLanguage":"fr-FR","potentialAction":[{"@type":"ReadAction","target":["https:\/\/dicodusport.fr\/blog\/florent-manaudou-un-role-de-grand-frere\/"]}]},{"@type":"ImageObject","inLanguage":"fr-FR","@id":"https:\/\/dicodusport.fr\/blog\/florent-manaudou-un-role-de-grand-frere\/#primaryimage","url":"https:\/\/dicodusport.fr\/blog\/wp-content\/uploads\/2024\/07\/Florent-Manaudou-Un-role-de-grand-frere-.png","contentUrl":"https:\/\/dicodusport.fr\/blog\/wp-content\/uploads\/2024\/07\/Florent-Manaudou-Un-role-de-grand-frere-.png","width":1200,"height":674,"caption":"Florent Manaudou \u00ab Un r\u00f4le de grand-fr\u00e8re \u00bb"},{"@type":"BreadcrumbList","@id":"https:\/\/dicodusport.fr\/blog\/florent-manaudou-un-role-de-grand-frere\/#breadcrumb","itemListElement":[{"@type":"ListItem","position":1,"name":"Accueil","item":"https:\/\/dicodusport.fr\/blog\/"},{"@type":"ListItem","position":2,"name":"Florent Manaudou : \u00ab Un r\u00f4le de grand fr\u00e8re \u00bb"}]},{"@type":"WebSite","@id":"https:\/\/dicodusport.fr\/blog\/#website","url":"https:\/\/dicodusport.fr\/blog\/","name":"Dicodusport","description":"L&#039;encyclop\u00e9die de l&#039;actualit\u00e9 sportive","publisher":{"@id":"https:\/\/dicodusport.fr\/blog\/#organization"},"potentialAction":[{"@type":"SearchAction","target":{"@type":"EntryPoint","urlTemplate":"https:\/\/dicodusport.fr\/blog\/?s={search_term_string}"},"query-input":{"@type":"PropertyValueSpecification","valueRequired":true,"valueName":"search_term_string"}}],"inLanguage":"fr-FR"},{"@type":"NewsMediaOrganization","@id":"https:\/\/dicodusport.fr\/blog\/#organization","name":"Dicodusport","url":"https:\/\/dicodusport.fr\/blog\/","logo":{"@type":"ImageObject","inLanguage":"fr-FR","@id":"https:\/\/dicodusport.fr\/blog\/#\/schema\/logo\/image\/","url":"https:\/\/dicodusport.fr\/blog\/wp-content\/uploads\/2020\/06\/cropped-LOGO-DICODUSPORT-2020-SANS-FOND-SANS-TEXTE.png","contentUrl":"https:\/\/dicodusport.fr\/blog\/wp-content\/uploads\/2020\/06\/cropped-LOGO-DICODUSPORT-2020-SANS-FOND-SANS-TEXTE.png","width":512,"height":512,"caption":"Dicodusport"},"image":{"@id":"https:\/\/dicodusport.fr\/blog\/#\/schema\/logo\/image\/"},"sameAs":["https:\/\/www.facebook.com\/dicodusport","https:\/\/x.com\/dicodusport","https:\/\/www.instagram.com\/dicodusport\/","https:\/\/www.youtube.com\/channel\/UC7V2KZ5sd3htJivAbA4ZG3w"],"description":"Dicodusport est l'encyclop\u00e9die de l'actualit\u00e9 sportive.","email":"bonjour@dicodusport.fr","legalName":"DICODUSPORT","foundingDate":"2018-01-14","vatID":"FR71834470973","taxID":"83447097300043","numberOfEmployees":{"@type":"QuantitativeValue","minValue":"1","maxValue":"10"}},{"@type":"Person","@id":"https:\/\/dicodusport.fr\/blog\/#\/schema\/person\/ff2feeb71ea78ad31eeb3390ffe96b46","name":"Killian Tanguy","image":{"@type":"ImageObject","inLanguage":"fr-FR","@id":"https:\/\/dicodusport.fr\/blog\/#\/schema\/person\/image\/","url":"https:\/\/dicodusport.fr\/blog\/wp-content\/uploads\/2022\/12\/Killian-Tanguy-150x150.png","contentUrl":"https:\/\/dicodusport.fr\/blog\/wp-content\/uploads\/2022\/12\/Killian-Tanguy-150x150.png","caption":"Killian Tanguy"},"description":"Journaliste qui parle de tout et surtout de sport. Rugby, handball, sports d'hiver, football, cyclisme... Et ce que j'aime par-dessus tout : couvrir une discipline que je ne connais pas. Rien de mieux pour s'enrichir et apprendre.","sameAs":["https:\/\/killiantanguy.wixsite.com\/monsite","https:\/\/www.facebook.com\/profile.php?id=100009753662352","https:\/\/www.instagram.com\/sport.killiantanguy\/","https:\/\/www.linkedin.com\/in\/killiantanguy\/","https:\/\/x.com\/https:\/\/twitter.com\/sport_ktanguy","https:\/\/www.youtube.com\/channel\/UCRfZkHKJL0wK7wvnJjCry-Q"],"url":"https:\/\/dicodusport.fr\/blog\/author\/killian-tanguy\/"}]}},"_links":{"self":[{"href":"https:\/\/dicodusport.fr\/blog\/wp-json\/wp\/v2\/posts\/500191","targetHints":{"allow":["GET"]}}],"collection":[{"href":"https:\/\/dicodusport.fr\/blog\/wp-json\/wp\/v2\/posts"}],"about":[{"href":"https:\/\/dicodusport.fr\/blog\/wp-json\/wp\/v2\/types\/post"}],"author":[{"embeddable":true,"href":"https:\/\/dicodusport.fr\/blog\/wp-json\/wp\/v2\/users\/80"}],"replies":[{"embeddable":true,"href":"https:\/\/dicodusport.fr\/blog\/wp-json\/wp\/v2\/comments?post=500191"}],"version-history":[{"count":5,"href":"https:\/\/dicodusport.fr\/blog\/wp-json\/wp\/v2\/posts\/500191\/revisions"}],"predecessor-version":[{"id":500362,"href":"https:\/\/dicodusport.fr\/blog\/wp-json\/wp\/v2\/posts\/500191\/revisions\/500362"}],"wp:featuredmedia":[{"embeddable":true,"href":"https:\/\/dicodusport.fr\/blog\/wp-json\/wp\/v2\/media\/500328"}],"wp:attachment":[{"href":"https:\/\/dicodusport.fr\/blog\/wp-json\/wp\/v2\/media?parent=500191"}],"wp:term":[{"taxonomy":"category","embeddable":true,"href":"https:\/\/dicodusport.fr\/blog\/wp-json\/wp\/v2\/categories?post=500191"},{"taxonomy":"post_tag","embeddable":true,"href":"https:\/\/dicodusport.fr\/blog\/wp-json\/wp\/v2\/tags?post=500191"}],"curies":[{"name":"wp","href":"https:\/\/api.w.org\/{rel}","templated":true}]}}