{"id":500192,"date":"2024-07-14T09:00:27","date_gmt":"2024-07-14T07:00:27","guid":{"rendered":"https:\/\/dicodusport.fr\/blog\/?p=500192&#038;preview=true&#038;preview_id=500192"},"modified":"2024-07-14T08:13:23","modified_gmt":"2024-07-14T06:13:23","slug":"melina-robert-michon-jamais-je-naurais-imagine-etre-porte-drapeau","status":"publish","type":"post","link":"https:\/\/dicodusport.fr\/blog\/melina-robert-michon-jamais-je-naurais-imagine-etre-porte-drapeau\/","title":{"rendered":"M\u00e9lina Robert-Michon : \u00ab Jamais je n&rsquo;aurais imagin\u00e9 \u00eatre porte-drapeau \u00bb"},"content":{"rendered":"<p style=\"text-align: justify;\"><em><strong>JO PARIS 2024 \u2013 La discobole participera \u00e0 ses septi\u00e8mes Jeux Olympiques. M\u00e9daill\u00e9e d\u2019argent \u00e0 Rio (Br\u00e9sil) en 2016, M\u00e9lina Robert-Michon aura cette fois-ci la responsabilit\u00e9 d\u2019\u00eatre porte-drapeau. Un r\u00f4le qu\u2019elle voit comme la r\u00e9compense de sa long\u00e9vit\u00e9. Elle est revenue sur cette fonction devant la presse, lors de la pr\u00e9sentation en compagnie de son futur co\u00e9quipier Florent Manaudou ainsi qu\u2019avec les porte-drapeaux des Jeux Paralympiques Nantenin Ke\u00efta et Alexis Hanquinquant.<\/strong><\/em><\/p>\n<ul>\n<li style=\"text-align: justify;\"><strong>\u00c0 ce sujet \u2013\u00a0<a href=\"https:\/\/dicodusport.fr\/blog\/jo-paris-2024\/\">L\u2019actualit\u00e9 des JO de Paris 2024<\/a><\/strong><\/li>\n<\/ul>\n<h3 style=\"text-align: justify;\">Que repr\u00e9sente le fait d\u2019\u00eatre porte-drapeau\u00a0?<\/h3>\n<p style=\"text-align: justify;\">C\u2019est une fiert\u00e9. \u00catre porte-drapeau de cette belle d\u00e9l\u00e9gation \u00e0 Paris, il n\u2019y a pas grand-chose au-dessus. \u00c7a repr\u00e9sente vraiment beaucoup de choses. Jamais je n&rsquo;aurais imagin\u00e9, en commen\u00e7ant l\u2019athl\u00e9tisme et en faisant mes premiers Jeux (Sydney 2000), pouvoir un jour tenir ce r\u00f4le. Quand je regardais les porte-drapeaux, que ce soit Jackson Richardson (2004, Ath\u00e8nes), Marie-Jos\u00e9 P\u00e9rec (1996, Atlanta) ou David Douillet (2000), c\u2019\u00e9tait avec des grands yeux en me disant que c\u2019\u00e9taient des athl\u00e8tes d&rsquo;un autre monde\u2026 un monde dont je ne faisais pas partie. \u00c7a me touche beaucoup et \u00e7a me fait dire que rien n\u2019est impossible dans une carri\u00e8re. J&rsquo;ai construit mon chemin et je suis contente de savoir que c\u2019est ce chemin-l\u00e0 qui a plu aux athl\u00e8tes qui ont vot\u00e9 pour moi.<\/p>\n<h3 style=\"text-align: justify;\">Comment voyez-vous ce r\u00f4le ?<span data-ccp-props=\"{&quot;201341983&quot;:0,&quot;335559739&quot;:160,&quot;335559740&quot;:259}\">\u00a0<\/span><\/h3>\n<p style=\"text-align: justify;\"><span data-contrast=\"auto\">Je le vois comme un accompagnement. Je veux dire \u00e0 la d\u00e9l\u00e9gation que nous sommes l\u00e0, qu\u2019il ne faut pas h\u00e9siter \u00e0 \u00eatre dans le partage et \u00e0 aller voir les autres. J\u2019insiste sur le fait de se reposer sur le collectif, parce que c&rsquo;est important de veiller les uns sur les autres et de partager quand il y a des moments plus difficiles. C&rsquo;est comme \u00e7a que l\u2019on va \u00eatre plus fort. On a la chance de vivre ces Jeux en France, mais tout le monde ne pourra pas r\u00e9ussir. Mais le but, c&rsquo;est de donner le maximum et de pouvoir r\u00e9colter le fruit du travail. C&rsquo;est tellement dur de se qualifier aux Jeux, que j&rsquo;esp\u00e8re qu&rsquo;ils pourront vraiment donner le maximum. Ensuite, qu\u2019il y ait une m\u00e9daille ou pas, quoi qu&rsquo;il en soit, il ne faut pas qu\u2019il y ait de regrets. \u00a0<\/span><\/p>\n<div class=\"vlp-link-container vlp-layout-article\"><a href=\"https:\/\/dicodusport.fr\/blog\/jop-2024-florent-manaudou-melina-robert-michon-alexis-hanquinquant-et-nantenin-keita-seront-les-porte-drapeaux-tricolores\/\" class=\"vlp-link\" title=\"JOP 2024 : Florent Manaudou, M\u00e9lina Robert-Michon, Alexis Hanquinquant et Nantenin Ke\u00efta seront les porte-drapeaux tricolores\"><\/a><div class=\"vlp-layout-zone-side\"><div class=\"vlp-block-4 vlp-link-image\"><img loading=\"lazy\" decoding=\"async\" style=\"max-width: 792px;\" width=\"792\" height=\"445\" src=\"https:\/\/dicodusport.fr\/blog\/wp-content\/uploads\/2024\/07\/JOP-2024-Florent-Manaudou-Melina-Robert-Michon-Alexis-Hanquinquant-et-Nantenin-Keita-seront-les-porte-drapeaux-tricolores.png\" class=\"attachment-800x445 size-800x445\" alt=\"JOP 2024 Florent Manaudou, M\u00e9lina Robert-Michon, Alexis Hanquinquant et Nantenin Ke\u00efta seront les porte-drapeaux tricolores\" srcset=\"https:\/\/dicodusport.fr\/blog\/wp-content\/uploads\/2024\/07\/JOP-2024-Florent-Manaudou-Melina-Robert-Michon-Alexis-Hanquinquant-et-Nantenin-Keita-seront-les-porte-drapeaux-tricolores.png 1200w, https:\/\/dicodusport.fr\/blog\/wp-content\/uploads\/2024\/07\/JOP-2024-Florent-Manaudou-Melina-Robert-Michon-Alexis-Hanquinquant-et-Nantenin-Keita-seront-les-porte-drapeaux-tricolores-300x169.png 300w, https:\/\/dicodusport.fr\/blog\/wp-content\/uploads\/2024\/07\/JOP-2024-Florent-Manaudou-Melina-Robert-Michon-Alexis-Hanquinquant-et-Nantenin-Keita-seront-les-porte-drapeaux-tricolores-1024x575.png 1024w, https:\/\/dicodusport.fr\/blog\/wp-content\/uploads\/2024\/07\/JOP-2024-Florent-Manaudou-Melina-Robert-Michon-Alexis-Hanquinquant-et-Nantenin-Keita-seront-les-porte-drapeaux-tricolores-768x431.png 768w\" sizes=\"auto, (max-width: 792px) 100vw, 792px\" \/><\/div><\/div><div class=\"vlp-layout-zone-main\"><div class=\"vlp-block-0 vlp-link-title\">JOP 2024 : Florent Manaudou, M\u00e9lina Robert-Michon, Alexis Hanquinquant et Nantenin Ke\u00efta seront les porte-drapeaux tricolores<\/div><div class=\"vlp-block-1 vlp-link-summary\">Les porte-drapeaux de la d\u00e9l\u00e9gation fran\u00e7aise sont connus.<\/div><div class=\"vlp-block-2 vlp-link-button\">Lire l'article<\/div><div class=\"vlp-block-3 vlp-link-url\">dicodusport.fr<\/div><\/div><\/div>\n","protected":false},"excerpt":{"rendered":"<p>\u00ab Jamais je n&rsquo;aurais imagin\u00e9 \u00eatre porte-drapeau \u00bb.<\/p>\n","protected":false},"author":80,"featured_media":500324,"comment_status":"open","ping_status":"closed","sticky":false,"template":"","format":"standard","meta":{"_acf_changed":false,"_daextam_enable_autolinks":"1","footnotes":""},"categories":[8436],"tags":[32415,16878,5506,21453],"class_list":["post-500192","post","type-post","status-publish","format-standard","has-post-thumbnail","hentry","category-jo-paris-2024","tag-actu","tag-breve","tag-melina-robert-michon","tag-porte-drapeaux-france"],"acf":[],"yoast_head":"<!-- This site is optimized with the Yoast SEO Premium plugin v26.7 (Yoast SEO v26.7) - https:\/\/yoast.com\/wordpress\/plugins\/seo\/ -->\n<title>M\u00e9lina Robert-Michon : \u00ab Jamais je n&#039;aurais imagin\u00e9 \u00eatre porte-drapeau \u00bb<\/title>\n<meta name=\"description\" content=\"M\u00e9lina Robert-Michon sera, avec Florent Manaudou, la porte-drapeau tricolore des Jeux Olympiques de Paris 2024. Elle revient sur ce r\u00f4le.\" \/>\n<meta name=\"robots\" content=\"index, follow, max-snippet:-1, max-image-preview:large, max-video-preview:-1\" \/>\n<link rel=\"canonical\" href=\"https:\/\/dicodusport.fr\/blog\/melina-robert-michon-jamais-je-naurais-imagine-etre-porte-drapeau\/\" \/>\n<meta property=\"og:locale\" content=\"fr_FR\" \/>\n<meta property=\"og:type\" content=\"article\" \/>\n<meta property=\"og:title\" content=\"M\u00e9lina Robert-Michon : \u00ab Jamais je n&#039;aurais imagin\u00e9 \u00eatre porte-drapeau \u00bb\" \/>\n<meta property=\"og:description\" content=\"M\u00e9lina Robert-Michon sera, avec Florent Manaudou, la porte-drapeau tricolore des Jeux Olympiques de Paris 2024. Elle revient sur ce r\u00f4le.\" \/>\n<meta property=\"og:url\" content=\"https:\/\/dicodusport.fr\/blog\/melina-robert-michon-jamais-je-naurais-imagine-etre-porte-drapeau\/\" \/>\n<meta property=\"og:site_name\" content=\"Dicodusport\" \/>\n<meta property=\"article:publisher\" content=\"https:\/\/www.facebook.com\/dicodusport\" \/>\n<meta property=\"article:author\" content=\"https:\/\/www.facebook.com\/profile.php?id=100009753662352\" \/>\n<meta property=\"article:published_time\" content=\"2024-07-14T07:00:27+00:00\" \/>\n<meta property=\"og:image\" content=\"https:\/\/dicodusport.fr\/blog\/wp-content\/uploads\/2024\/07\/Melina-Robert-Michon-Jamais-je-naurais-imagine-etre-porte-drapeau-.png\" \/>\n\t<meta property=\"og:image:width\" content=\"1200\" \/>\n\t<meta property=\"og:image:height\" content=\"674\" \/>\n\t<meta property=\"og:image:type\" content=\"image\/png\" \/>\n<meta name=\"author\" content=\"Killian Tanguy\" \/>\n<meta name=\"twitter:card\" content=\"summary_large_image\" \/>\n<meta name=\"twitter:title\" content=\"M\u00e9lina Robert-Michon : \u00ab Jamais je n&#039;aurais imagin\u00e9 \u00eatre porte-drapeau \u00bb\" \/>\n<meta name=\"twitter:creator\" content=\"@https:\/\/twitter.com\/sport_ktanguy\" \/>\n<meta name=\"twitter:site\" content=\"@dicodusport\" \/>\n<script type=\"application\/ld+json\" class=\"yoast-schema-graph\">{\"@context\":\"https:\/\/schema.org\",\"@graph\":[{\"@type\":\"NewsArticle\",\"@id\":\"https:\/\/dicodusport.fr\/blog\/melina-robert-michon-jamais-je-naurais-imagine-etre-porte-drapeau\/#article\",\"isPartOf\":{\"@id\":\"https:\/\/dicodusport.fr\/blog\/melina-robert-michon-jamais-je-naurais-imagine-etre-porte-drapeau\/\"},\"author\":{\"name\":\"Killian Tanguy\",\"@id\":\"https:\/\/dicodusport.fr\/blog\/#\/schema\/person\/ff2feeb71ea78ad31eeb3390ffe96b46\"},\"headline\":\"M\u00e9lina Robert-Michon : \u00ab Jamais je n&rsquo;aurais imagin\u00e9 \u00eatre porte-drapeau \u00bb\",\"datePublished\":\"2024-07-14T07:00:27+00:00\",\"mainEntityOfPage\":{\"@id\":\"https:\/\/dicodusport.fr\/blog\/melina-robert-michon-jamais-je-naurais-imagine-etre-porte-drapeau\/\"},\"wordCount\":500,\"commentCount\":0,\"publisher\":{\"@id\":\"https:\/\/dicodusport.fr\/blog\/#organization\"},\"image\":{\"@id\":\"https:\/\/dicodusport.fr\/blog\/melina-robert-michon-jamais-je-naurais-imagine-etre-porte-drapeau\/#primaryimage\"},\"thumbnailUrl\":\"https:\/\/dicodusport.fr\/blog\/wp-content\/uploads\/2024\/07\/Melina-Robert-Michon-Jamais-je-naurais-imagine-etre-porte-drapeau-.png\",\"keywords\":[\"actu\",\"br\u00e8ve\",\"M\u00e9lina Robert-Michon\",\"Porte-drapeaux France\"],\"articleSection\":[\"JO Paris 2024\"],\"inLanguage\":\"fr-FR\",\"potentialAction\":[{\"@type\":\"CommentAction\",\"name\":\"Comment\",\"target\":[\"https:\/\/dicodusport.fr\/blog\/melina-robert-michon-jamais-je-naurais-imagine-etre-porte-drapeau\/#respond\"]}],\"copyrightYear\":\"2024\",\"copyrightHolder\":{\"@id\":\"https:\/\/dicodusport.fr\/blog\/#organization\"}},{\"@type\":\"WebPage\",\"@id\":\"https:\/\/dicodusport.fr\/blog\/melina-robert-michon-jamais-je-naurais-imagine-etre-porte-drapeau\/\",\"url\":\"https:\/\/dicodusport.fr\/blog\/melina-robert-michon-jamais-je-naurais-imagine-etre-porte-drapeau\/\",\"name\":\"M\u00e9lina Robert-Michon : \u00ab Jamais je n'aurais imagin\u00e9 \u00eatre porte-drapeau \u00bb\",\"isPartOf\":{\"@id\":\"https:\/\/dicodusport.fr\/blog\/#website\"},\"primaryImageOfPage\":{\"@id\":\"https:\/\/dicodusport.fr\/blog\/melina-robert-michon-jamais-je-naurais-imagine-etre-porte-drapeau\/#primaryimage\"},\"image\":{\"@id\":\"https:\/\/dicodusport.fr\/blog\/melina-robert-michon-jamais-je-naurais-imagine-etre-porte-drapeau\/#primaryimage\"},\"thumbnailUrl\":\"https:\/\/dicodusport.fr\/blog\/wp-content\/uploads\/2024\/07\/Melina-Robert-Michon-Jamais-je-naurais-imagine-etre-porte-drapeau-.png\",\"datePublished\":\"2024-07-14T07:00:27+00:00\",\"description\":\"M\u00e9lina Robert-Michon sera, avec Florent Manaudou, la porte-drapeau tricolore des Jeux Olympiques de Paris 2024. Elle revient sur ce r\u00f4le.\",\"breadcrumb\":{\"@id\":\"https:\/\/dicodusport.fr\/blog\/melina-robert-michon-jamais-je-naurais-imagine-etre-porte-drapeau\/#breadcrumb\"},\"inLanguage\":\"fr-FR\",\"potentialAction\":[{\"@type\":\"ReadAction\",\"target\":[\"https:\/\/dicodusport.fr\/blog\/melina-robert-michon-jamais-je-naurais-imagine-etre-porte-drapeau\/\"]}]},{\"@type\":\"ImageObject\",\"inLanguage\":\"fr-FR\",\"@id\":\"https:\/\/dicodusport.fr\/blog\/melina-robert-michon-jamais-je-naurais-imagine-etre-porte-drapeau\/#primaryimage\",\"url\":\"https:\/\/dicodusport.fr\/blog\/wp-content\/uploads\/2024\/07\/Melina-Robert-Michon-Jamais-je-naurais-imagine-etre-porte-drapeau-.png\",\"contentUrl\":\"https:\/\/dicodusport.fr\/blog\/wp-content\/uploads\/2024\/07\/Melina-Robert-Michon-Jamais-je-naurais-imagine-etre-porte-drapeau-.png\",\"width\":1200,\"height\":674,\"caption\":\"M\u00e9lina Robert-Michon \u00ab Jamais je n'aurais imagin\u00e9 \u00eatre porte-drapeau \u00bb\"},{\"@type\":\"BreadcrumbList\",\"@id\":\"https:\/\/dicodusport.fr\/blog\/melina-robert-michon-jamais-je-naurais-imagine-etre-porte-drapeau\/#breadcrumb\",\"itemListElement\":[{\"@type\":\"ListItem\",\"position\":1,\"name\":\"Accueil\",\"item\":\"https:\/\/dicodusport.fr\/blog\/\"},{\"@type\":\"ListItem\",\"position\":2,\"name\":\"M\u00e9lina Robert-Michon : \u00ab Jamais je n&rsquo;aurais imagin\u00e9 \u00eatre porte-drapeau \u00bb\"}]},{\"@type\":\"WebSite\",\"@id\":\"https:\/\/dicodusport.fr\/blog\/#website\",\"url\":\"https:\/\/dicodusport.fr\/blog\/\",\"name\":\"Dicodusport\",\"description\":\"L&#039;encyclop\u00e9die de l&#039;actualit\u00e9 sportive\",\"publisher\":{\"@id\":\"https:\/\/dicodusport.fr\/blog\/#organization\"},\"potentialAction\":[{\"@type\":\"SearchAction\",\"target\":{\"@type\":\"EntryPoint\",\"urlTemplate\":\"https:\/\/dicodusport.fr\/blog\/?s={search_term_string}\"},\"query-input\":{\"@type\":\"PropertyValueSpecification\",\"valueRequired\":true,\"valueName\":\"search_term_string\"}}],\"inLanguage\":\"fr-FR\"},{\"@type\":\"NewsMediaOrganization\",\"@id\":\"https:\/\/dicodusport.fr\/blog\/#organization\",\"name\":\"Dicodusport\",\"url\":\"https:\/\/dicodusport.fr\/blog\/\",\"logo\":{\"@type\":\"ImageObject\",\"inLanguage\":\"fr-FR\",\"@id\":\"https:\/\/dicodusport.fr\/blog\/#\/schema\/logo\/image\/\",\"url\":\"https:\/\/dicodusport.fr\/blog\/wp-content\/uploads\/2020\/06\/cropped-LOGO-DICODUSPORT-2020-SANS-FOND-SANS-TEXTE.png\",\"contentUrl\":\"https:\/\/dicodusport.fr\/blog\/wp-content\/uploads\/2020\/06\/cropped-LOGO-DICODUSPORT-2020-SANS-FOND-SANS-TEXTE.png\",\"width\":512,\"height\":512,\"caption\":\"Dicodusport\"},\"image\":{\"@id\":\"https:\/\/dicodusport.fr\/blog\/#\/schema\/logo\/image\/\"},\"sameAs\":[\"https:\/\/www.facebook.com\/dicodusport\",\"https:\/\/x.com\/dicodusport\",\"https:\/\/www.instagram.com\/dicodusport\/\",\"https:\/\/www.youtube.com\/channel\/UC7V2KZ5sd3htJivAbA4ZG3w\"],\"description\":\"Dicodusport est l'encyclop\u00e9die de l'actualit\u00e9 sportive.\",\"email\":\"bonjour@dicodusport.fr\",\"legalName\":\"DICODUSPORT\",\"foundingDate\":\"2018-01-14\",\"vatID\":\"FR71834470973\",\"taxID\":\"83447097300043\",\"numberOfEmployees\":{\"@type\":\"QuantitativeValue\",\"minValue\":\"1\",\"maxValue\":\"10\"}},{\"@type\":\"Person\",\"@id\":\"https:\/\/dicodusport.fr\/blog\/#\/schema\/person\/ff2feeb71ea78ad31eeb3390ffe96b46\",\"name\":\"Killian Tanguy\",\"image\":{\"@type\":\"ImageObject\",\"inLanguage\":\"fr-FR\",\"@id\":\"https:\/\/dicodusport.fr\/blog\/#\/schema\/person\/image\/\",\"url\":\"https:\/\/dicodusport.fr\/blog\/wp-content\/uploads\/2022\/12\/Killian-Tanguy-150x150.png\",\"contentUrl\":\"https:\/\/dicodusport.fr\/blog\/wp-content\/uploads\/2022\/12\/Killian-Tanguy-150x150.png\",\"caption\":\"Killian Tanguy\"},\"description\":\"Journaliste qui parle de tout et surtout de sport. Rugby, handball, sports d'hiver, football, cyclisme... Et ce que j'aime par-dessus tout : couvrir une discipline que je ne connais pas. Rien de mieux pour s'enrichir et apprendre.\",\"sameAs\":[\"https:\/\/killiantanguy.wixsite.com\/monsite\",\"https:\/\/www.facebook.com\/profile.php?id=100009753662352\",\"https:\/\/www.instagram.com\/sport.killiantanguy\/\",\"https:\/\/www.linkedin.com\/in\/killiantanguy\/\",\"https:\/\/x.com\/https:\/\/twitter.com\/sport_ktanguy\",\"https:\/\/www.youtube.com\/channel\/UCRfZkHKJL0wK7wvnJjCry-Q\"],\"url\":\"https:\/\/dicodusport.fr\/blog\/author\/killian-tanguy\/\"}]}<\/script>\n<!-- \/ Yoast SEO Premium plugin. -->","yoast_head_json":{"title":"M\u00e9lina Robert-Michon : \u00ab Jamais je n'aurais imagin\u00e9 \u00eatre porte-drapeau \u00bb","description":"M\u00e9lina Robert-Michon sera, avec Florent Manaudou, la porte-drapeau tricolore des Jeux Olympiques de Paris 2024. Elle revient sur ce r\u00f4le.","robots":{"index":"index","follow":"follow","max-snippet":"max-snippet:-1","max-image-preview":"max-image-preview:large","max-video-preview":"max-video-preview:-1"},"canonical":"https:\/\/dicodusport.fr\/blog\/melina-robert-michon-jamais-je-naurais-imagine-etre-porte-drapeau\/","og_locale":"fr_FR","og_type":"article","og_title":"M\u00e9lina Robert-Michon : \u00ab Jamais je n'aurais imagin\u00e9 \u00eatre porte-drapeau \u00bb","og_description":"M\u00e9lina Robert-Michon sera, avec Florent Manaudou, la porte-drapeau tricolore des Jeux Olympiques de Paris 2024. Elle revient sur ce r\u00f4le.","og_url":"https:\/\/dicodusport.fr\/blog\/melina-robert-michon-jamais-je-naurais-imagine-etre-porte-drapeau\/","og_site_name":"Dicodusport","article_publisher":"https:\/\/www.facebook.com\/dicodusport","article_author":"https:\/\/www.facebook.com\/profile.php?id=100009753662352","article_published_time":"2024-07-14T07:00:27+00:00","og_image":[{"width":1200,"height":674,"url":"https:\/\/dicodusport.fr\/blog\/wp-content\/uploads\/2024\/07\/Melina-Robert-Michon-Jamais-je-naurais-imagine-etre-porte-drapeau-.png","type":"image\/png"}],"author":"Killian Tanguy","twitter_card":"summary_large_image","twitter_title":"M\u00e9lina Robert-Michon : \u00ab Jamais je n'aurais imagin\u00e9 \u00eatre porte-drapeau \u00bb","twitter_creator":"@https:\/\/twitter.com\/sport_ktanguy","twitter_site":"@dicodusport","schema":{"@context":"https:\/\/schema.org","@graph":[{"@type":"NewsArticle","@id":"https:\/\/dicodusport.fr\/blog\/melina-robert-michon-jamais-je-naurais-imagine-etre-porte-drapeau\/#article","isPartOf":{"@id":"https:\/\/dicodusport.fr\/blog\/melina-robert-michon-jamais-je-naurais-imagine-etre-porte-drapeau\/"},"author":{"name":"Killian Tanguy","@id":"https:\/\/dicodusport.fr\/blog\/#\/schema\/person\/ff2feeb71ea78ad31eeb3390ffe96b46"},"headline":"M\u00e9lina Robert-Michon : \u00ab Jamais je n&rsquo;aurais imagin\u00e9 \u00eatre porte-drapeau \u00bb","datePublished":"2024-07-14T07:00:27+00:00","mainEntityOfPage":{"@id":"https:\/\/dicodusport.fr\/blog\/melina-robert-michon-jamais-je-naurais-imagine-etre-porte-drapeau\/"},"wordCount":500,"commentCount":0,"publisher":{"@id":"https:\/\/dicodusport.fr\/blog\/#organization"},"image":{"@id":"https:\/\/dicodusport.fr\/blog\/melina-robert-michon-jamais-je-naurais-imagine-etre-porte-drapeau\/#primaryimage"},"thumbnailUrl":"https:\/\/dicodusport.fr\/blog\/wp-content\/uploads\/2024\/07\/Melina-Robert-Michon-Jamais-je-naurais-imagine-etre-porte-drapeau-.png","keywords":["actu","br\u00e8ve","M\u00e9lina Robert-Michon","Porte-drapeaux France"],"articleSection":["JO Paris 2024"],"inLanguage":"fr-FR","potentialAction":[{"@type":"CommentAction","name":"Comment","target":["https:\/\/dicodusport.fr\/blog\/melina-robert-michon-jamais-je-naurais-imagine-etre-porte-drapeau\/#respond"]}],"copyrightYear":"2024","copyrightHolder":{"@id":"https:\/\/dicodusport.fr\/blog\/#organization"}},{"@type":"WebPage","@id":"https:\/\/dicodusport.fr\/blog\/melina-robert-michon-jamais-je-naurais-imagine-etre-porte-drapeau\/","url":"https:\/\/dicodusport.fr\/blog\/melina-robert-michon-jamais-je-naurais-imagine-etre-porte-drapeau\/","name":"M\u00e9lina Robert-Michon : \u00ab Jamais je n'aurais imagin\u00e9 \u00eatre porte-drapeau \u00bb","isPartOf":{"@id":"https:\/\/dicodusport.fr\/blog\/#website"},"primaryImageOfPage":{"@id":"https:\/\/dicodusport.fr\/blog\/melina-robert-michon-jamais-je-naurais-imagine-etre-porte-drapeau\/#primaryimage"},"image":{"@id":"https:\/\/dicodusport.fr\/blog\/melina-robert-michon-jamais-je-naurais-imagine-etre-porte-drapeau\/#primaryimage"},"thumbnailUrl":"https:\/\/dicodusport.fr\/blog\/wp-content\/uploads\/2024\/07\/Melina-Robert-Michon-Jamais-je-naurais-imagine-etre-porte-drapeau-.png","datePublished":"2024-07-14T07:00:27+00:00","description":"M\u00e9lina Robert-Michon sera, avec Florent Manaudou, la porte-drapeau tricolore des Jeux Olympiques de Paris 2024. Elle revient sur ce r\u00f4le.","breadcrumb":{"@id":"https:\/\/dicodusport.fr\/blog\/melina-robert-michon-jamais-je-naurais-imagine-etre-porte-drapeau\/#breadcrumb"},"inLanguage":"fr-FR","potentialAction":[{"@type":"ReadAction","target":["https:\/\/dicodusport.fr\/blog\/melina-robert-michon-jamais-je-naurais-imagine-etre-porte-drapeau\/"]}]},{"@type":"ImageObject","inLanguage":"fr-FR","@id":"https:\/\/dicodusport.fr\/blog\/melina-robert-michon-jamais-je-naurais-imagine-etre-porte-drapeau\/#primaryimage","url":"https:\/\/dicodusport.fr\/blog\/wp-content\/uploads\/2024\/07\/Melina-Robert-Michon-Jamais-je-naurais-imagine-etre-porte-drapeau-.png","contentUrl":"https:\/\/dicodusport.fr\/blog\/wp-content\/uploads\/2024\/07\/Melina-Robert-Michon-Jamais-je-naurais-imagine-etre-porte-drapeau-.png","width":1200,"height":674,"caption":"M\u00e9lina Robert-Michon \u00ab Jamais je n'aurais imagin\u00e9 \u00eatre porte-drapeau \u00bb"},{"@type":"BreadcrumbList","@id":"https:\/\/dicodusport.fr\/blog\/melina-robert-michon-jamais-je-naurais-imagine-etre-porte-drapeau\/#breadcrumb","itemListElement":[{"@type":"ListItem","position":1,"name":"Accueil","item":"https:\/\/dicodusport.fr\/blog\/"},{"@type":"ListItem","position":2,"name":"M\u00e9lina Robert-Michon : \u00ab Jamais je n&rsquo;aurais imagin\u00e9 \u00eatre porte-drapeau \u00bb"}]},{"@type":"WebSite","@id":"https:\/\/dicodusport.fr\/blog\/#website","url":"https:\/\/dicodusport.fr\/blog\/","name":"Dicodusport","description":"L&#039;encyclop\u00e9die de l&#039;actualit\u00e9 sportive","publisher":{"@id":"https:\/\/dicodusport.fr\/blog\/#organization"},"potentialAction":[{"@type":"SearchAction","target":{"@type":"EntryPoint","urlTemplate":"https:\/\/dicodusport.fr\/blog\/?s={search_term_string}"},"query-input":{"@type":"PropertyValueSpecification","valueRequired":true,"valueName":"search_term_string"}}],"inLanguage":"fr-FR"},{"@type":"NewsMediaOrganization","@id":"https:\/\/dicodusport.fr\/blog\/#organization","name":"Dicodusport","url":"https:\/\/dicodusport.fr\/blog\/","logo":{"@type":"ImageObject","inLanguage":"fr-FR","@id":"https:\/\/dicodusport.fr\/blog\/#\/schema\/logo\/image\/","url":"https:\/\/dicodusport.fr\/blog\/wp-content\/uploads\/2020\/06\/cropped-LOGO-DICODUSPORT-2020-SANS-FOND-SANS-TEXTE.png","contentUrl":"https:\/\/dicodusport.fr\/blog\/wp-content\/uploads\/2020\/06\/cropped-LOGO-DICODUSPORT-2020-SANS-FOND-SANS-TEXTE.png","width":512,"height":512,"caption":"Dicodusport"},"image":{"@id":"https:\/\/dicodusport.fr\/blog\/#\/schema\/logo\/image\/"},"sameAs":["https:\/\/www.facebook.com\/dicodusport","https:\/\/x.com\/dicodusport","https:\/\/www.instagram.com\/dicodusport\/","https:\/\/www.youtube.com\/channel\/UC7V2KZ5sd3htJivAbA4ZG3w"],"description":"Dicodusport est l'encyclop\u00e9die de l'actualit\u00e9 sportive.","email":"bonjour@dicodusport.fr","legalName":"DICODUSPORT","foundingDate":"2018-01-14","vatID":"FR71834470973","taxID":"83447097300043","numberOfEmployees":{"@type":"QuantitativeValue","minValue":"1","maxValue":"10"}},{"@type":"Person","@id":"https:\/\/dicodusport.fr\/blog\/#\/schema\/person\/ff2feeb71ea78ad31eeb3390ffe96b46","name":"Killian Tanguy","image":{"@type":"ImageObject","inLanguage":"fr-FR","@id":"https:\/\/dicodusport.fr\/blog\/#\/schema\/person\/image\/","url":"https:\/\/dicodusport.fr\/blog\/wp-content\/uploads\/2022\/12\/Killian-Tanguy-150x150.png","contentUrl":"https:\/\/dicodusport.fr\/blog\/wp-content\/uploads\/2022\/12\/Killian-Tanguy-150x150.png","caption":"Killian Tanguy"},"description":"Journaliste qui parle de tout et surtout de sport. Rugby, handball, sports d'hiver, football, cyclisme... Et ce que j'aime par-dessus tout : couvrir une discipline que je ne connais pas. Rien de mieux pour s'enrichir et apprendre.","sameAs":["https:\/\/killiantanguy.wixsite.com\/monsite","https:\/\/www.facebook.com\/profile.php?id=100009753662352","https:\/\/www.instagram.com\/sport.killiantanguy\/","https:\/\/www.linkedin.com\/in\/killiantanguy\/","https:\/\/x.com\/https:\/\/twitter.com\/sport_ktanguy","https:\/\/www.youtube.com\/channel\/UCRfZkHKJL0wK7wvnJjCry-Q"],"url":"https:\/\/dicodusport.fr\/blog\/author\/killian-tanguy\/"}]}},"_links":{"self":[{"href":"https:\/\/dicodusport.fr\/blog\/wp-json\/wp\/v2\/posts\/500192","targetHints":{"allow":["GET"]}}],"collection":[{"href":"https:\/\/dicodusport.fr\/blog\/wp-json\/wp\/v2\/posts"}],"about":[{"href":"https:\/\/dicodusport.fr\/blog\/wp-json\/wp\/v2\/types\/post"}],"author":[{"embeddable":true,"href":"https:\/\/dicodusport.fr\/blog\/wp-json\/wp\/v2\/users\/80"}],"replies":[{"embeddable":true,"href":"https:\/\/dicodusport.fr\/blog\/wp-json\/wp\/v2\/comments?post=500192"}],"version-history":[{"count":3,"href":"https:\/\/dicodusport.fr\/blog\/wp-json\/wp\/v2\/posts\/500192\/revisions"}],"predecessor-version":[{"id":500326,"href":"https:\/\/dicodusport.fr\/blog\/wp-json\/wp\/v2\/posts\/500192\/revisions\/500326"}],"wp:featuredmedia":[{"embeddable":true,"href":"https:\/\/dicodusport.fr\/blog\/wp-json\/wp\/v2\/media\/500324"}],"wp:attachment":[{"href":"https:\/\/dicodusport.fr\/blog\/wp-json\/wp\/v2\/media?parent=500192"}],"wp:term":[{"taxonomy":"category","embeddable":true,"href":"https:\/\/dicodusport.fr\/blog\/wp-json\/wp\/v2\/categories?post=500192"},{"taxonomy":"post_tag","embeddable":true,"href":"https:\/\/dicodusport.fr\/blog\/wp-json\/wp\/v2\/tags?post=500192"}],"curies":[{"name":"wp","href":"https:\/\/api.w.org\/{rel}","templated":true}]}}