{"id":500316,"date":"2024-08-10T13:42:25","date_gmt":"2024-08-10T11:42:25","guid":{"rendered":"https:\/\/dicodusport.fr\/blog\/?p=500316&#038;preview=true&#038;preview_id=500316"},"modified":"2024-08-10T21:31:34","modified_gmt":"2024-08-10T19:31:34","slug":"programme-et-resultats-escalade-jo-2024","status":"publish","type":"post","link":"https:\/\/dicodusport.fr\/blog\/programme-et-resultats-escalade-jo-2024\/","title":{"rendered":"Palmar\u00e8s et r\u00e9sultats Escalade JO 2024"},"content":{"rendered":"<p style=\"text-align: justify;\"><strong><em>ESCALADE JO PARIS 2024 &#8211; Les \u00e9preuves d&rsquo;escalade aux Jeux Olympiques se d\u00e9roulent du 5 au 10 ao\u00fbt. Voici le calendrier et les r\u00e9sultats de la comp\u00e9tition.<\/em><\/strong><\/p>\n<ul>\n<li><strong>\u00c0 ce sujet &#8211; <a href=\"https:\/\/dicodusport.fr\/blog\/jo-paris-2024\/\" target=\"_blank\" rel=\"noopener\">L\u2019actualit\u00e9 des JO de Paris 2024<\/a><\/strong><\/li>\n<\/ul>\n<p>&nbsp;<\/p>\n<div class=\"su-tabs su-tabs-style-default su-tabs-mobile-stack\" data-active=\"6\" data-scroll-offset=\"0\" data-anchor-in-url=\"no\"><div class=\"su-tabs-nav\"><span class=\"\" data-url=\"\" data-target=\"blank\" tabindex=\"0\" role=\"button\">Lundi 5 ao\u00fbt<\/span><span class=\"\" data-url=\"\" data-target=\"blank\" tabindex=\"0\" role=\"button\">Mardi 6 ao\u00fbt<\/span><span class=\"\" data-url=\"\" data-target=\"blank\" tabindex=\"0\" role=\"button\">Mercredi 7 ao\u00fbt<\/span><span class=\"\" data-url=\"\" data-target=\"blank\" tabindex=\"0\" role=\"button\">Jeudi 8 ao\u00fbt<\/span><span class=\"\" data-url=\"\" data-target=\"blank\" tabindex=\"0\" role=\"button\">Vendredi 9 ao\u00fbt<\/span><span class=\"\" data-url=\"\" data-target=\"blank\" tabindex=\"0\" role=\"button\">Samedi 10 ao\u00fbt<\/span><\/div><div class=\"su-tabs-panes\"><div class=\"su-tabs-pane su-u-clearfix su-u-trim\" data-title=\"Lundi 5 ao\u00fbt\">\n<p><strong>10h :\u00a0<\/strong><a href=\"https:\/\/olympics.com\/OG2024\/pdf\/OG2024\/CLB\/OG2024_CLB_C73B_CLBMBLCOMB------------SFNL000100--.pdf\">bloc et difficult\u00e9 hommes, demi-finales bloc<\/a><\/p>\n<p><strong>13h : <\/strong><a href=\"https:\/\/olympics.com\/OG2024\/pdf\/OG2024\/CLB\/OG2024_CLB_C73S1_CLBWSPEED-------------QUAL0001SD--.pdf\">qualifications temps vitesse femmes<\/a><\/p>\n<p><strong>13h40 : <\/strong><a href=\"https:\/\/olympics.com\/OG2024\/pdf\/OG2024\/CLB\/OG2024_CLB_C73S2_CLBWSPEED-------------QUAL0002EL00.pdf\">qualifications duel vitesse femmes<\/a><\/p>\n<\/div>\n<div class=\"su-tabs-pane su-u-clearfix su-u-trim\" data-title=\"Mardi 6 ao\u00fbt\">\n<p><strong>10h :\u00a0<\/strong><a href=\"https:\/\/olympics.com\/OG2024\/pdf\/OG2024\/CLB\/OG2024_CLB_C73B_CLBWBLCOMB------------SFNL000100--.pdf\" target=\"_blank\" rel=\"noopener\">bloc et difficult\u00e9 femmes, demi-finales bloc<\/a><\/p>\n<p><strong>13h : <\/strong><a href=\"https:\/\/olympics.com\/OG2024\/pdf\/OG2024\/CLB\/OG2024_CLB_C73S1_CLBMSPEED-------------QUAL0001SD--.pdf\" target=\"_blank\" rel=\"noopener\">qualifications temps vitesse hommes<\/a><\/p>\n<p><strong>13h40 : <\/strong><a href=\"https:\/\/olympics.com\/OG2024\/pdf\/OG2024\/CLB\/OG2024_CLB_C73S2_CLBMSPEED-------------QUAL0002EL00.pdf\" target=\"_blank\" rel=\"noopener\">qualifications duel vitesse hommes<\/a><\/p>\n<\/div>\n<div class=\"su-tabs-pane su-u-clearfix su-u-trim\" data-title=\"Mercredi 7 ao\u00fbt\">\n<p><strong>10h :\u00a0<\/strong><a href=\"https:\/\/olympics.com\/OG2024\/pdf\/OG2024\/CLB\/OG2024_CLB_C73L_CLBMBLCOMB------------SFNL000200--.pdf\">bloc et difficult\u00e9 hommes, demi-finales difficult\u00e9<\/a><\/p>\n<p><strong>12h28 : <\/strong>quarts de finale vitesse femmes<\/p>\n<p><strong>12h46 : <\/strong>demi-finales vitesse femmes<\/p>\n<p><strong>12h55 : <a href=\"https:\/\/olympics.com\/OG2024\/pdf\/OG2024\/CLB\/OG2024_CLB_C74S_CLBWSPEED-------------------------.pdf\">finale vitesse femmes<\/a><\/strong><\/p>\n<\/div>\n<div class=\"su-tabs-pane su-u-clearfix su-u-trim\" data-title=\"Jeudi 8 ao\u00fbt\">\n<p><strong>10h :\u00a0<\/strong><a href=\"https:\/\/olympics.com\/OG2024\/pdf\/OG2024\/CLB\/OG2024_CLB_C73L_CLBWBLCOMB------------SFNL000200--.pdf\">bloc et difficult\u00e9 femmes, demi-finales difficult\u00e9<\/a><\/p>\n<p><strong>12h28 : <\/strong>quarts de finale vitesse hommes<\/p>\n<p><strong>12h46 : <\/strong>demi-finales vitesse hommes<\/p>\n<p><strong>12h55 : <a href=\"https:\/\/olympics.com\/OG2024\/pdf\/OG2024\/CLB\/OG2024_CLB_C75S_CLBMSPEED-------------------------.pdf\">finale vitesse hommes<\/a><\/strong><\/p>\n<\/div>\n<div class=\"su-tabs-pane su-u-clearfix su-u-trim\" data-title=\"Vendredi 9 ao\u00fbt\">\n<p><strong>10h15 :<\/strong> <a href=\"https:\/\/olympics.com\/OG2024\/pdf\/OG2024\/CLB\/OG2024_CLB_C73B_CLBMBLCOMB------------FNL-000100--.pdf\">bloc et difficult\u00e9 hommes, finale bloc<\/a><\/p>\n<p><strong>12h28 : <a href=\"https:\/\/olympics.com\/OG2024\/pdf\/OG2024\/CLB\/OG2024_CLB_C73L_CLBMBLCOMB------------FNL-000200--.pdf\">bloc et difficult\u00e9 hommes, finale difficult\u00e9<\/a><\/strong><\/p>\n<\/div>\n<div class=\"su-tabs-pane su-u-clearfix su-u-trim\" data-title=\"Samedi 10 ao\u00fbt\">\n<p><strong>10h15 :<\/strong> <a href=\"https:\/\/olympics.com\/OG2024\/pdf\/OG2024\/CLB\/OG2024_CLB_C73B_CLBWBLCOMB------------FNL-000100--.pdf\">bloc et difficult\u00e9 femmes, finale bloc<\/a><\/p>\n<p><strong>12h28 : <a href=\"https:\/\/olympics.com\/OG2024\/pdf\/OG2024\/CLB\/OG2024_CLB_C73L_CLBWBLCOMB------------FNL-000200--.pdf\">bloc et difficult\u00e9 femmes, finale difficult\u00e9<\/a><\/strong><\/p>\n<\/div><\/div><\/div>\n<h2><\/h2>\n<h2 style=\"text-align: justify;\">Tableau des m\u00e9dailles<\/h2>\n<div class=\"su-table su-table-alternate\">\n<table style=\"width: 800px;border-collapse: collapse\">\n<tbody>\n<tr>\n<td style=\"text-align: center;width: 200px;vertical-align: middle\"><strong>\u00c9preuves<\/strong><\/td>\n<td style=\"background-color: #fff242;text-align: center;width: 200px;vertical-align: middle\"><strong>\ud83e\udd47 Or<\/strong><\/td>\n<td style=\"background-color: #a8a8a8;text-align: center;width: 200px;vertical-align: middle\"><strong>\ud83e\udd48 Argent<\/strong><\/td>\n<td style=\"background-color: #c97159;text-align: center;width: 200px;vertical-align: middle\"><strong>\ud83e\udd49 Bronze<\/strong><\/td>\n<\/tr>\n<tr>\n<td style=\"text-align: center;width: 200px;vertical-align: middle\"><strong>Vitesse femmes<br \/>\n<\/strong><\/td>\n<td style=\"text-align: center;width: 200px;vertical-align: middle\">\ud83c\uddf5\ud83c\uddf1\u00a0<a href=\"https:\/\/dicodusport.fr\/blog\/escalade-jo-2024-la-polonaise-aleksandra-miroslaw-en-or-sur-la-vitesse-femmes\/\"><strong>Aleksandra Miroslaw<\/strong><\/a><\/td>\n<td style=\"text-align: center;width: 200px;vertical-align: middle\">\ud83c\udde8\ud83c\uddf3 Lijuan Deng<\/td>\n<td style=\"text-align: center;width: 200px;vertical-align: middle\">\ud83c\uddf5\ud83c\uddf1 Aleksandra Kalucka<\/td>\n<\/tr>\n<tr>\n<td style=\"text-align: center;width: 200px;vertical-align: middle\"><strong>Combin\u00e9 femmes<br \/>\n<\/strong><\/td>\n<td style=\"width: 200px;text-align: center;vertical-align: middle\">\ud83c\uddf8\ud83c\uddee <a href=\"https:\/\/dicodusport.fr\/blog\/escalade-jo-2024-oriane-bertone-termine-8eme-du-combine-lor-pour-janja-garnbret\/\"><strong>Janja Garnbret<\/strong><\/a><\/td>\n<td style=\"width: 200px;text-align: center;vertical-align: middle\">\ud83c\uddfa\ud83c\uddf8 Brooke Raboutou<\/td>\n<td style=\"width: 200px;text-align: center;vertical-align: middle\"><span id=\"copy-emoji\" class=\"efont\">\ud83c\udde6\ud83c\uddf9<\/span> Jessica Pilz<\/td>\n<\/tr>\n<tr>\n<td style=\"text-align: center;width: 200px;vertical-align: middle\"><strong>Vitesse hommes<\/strong><\/td>\n<td style=\"text-align: center;width: 200px;vertical-align: middle\">\ud83c\uddee\ud83c\udde9 <a href=\"https:\/\/dicodusport.fr\/blog\/escalade-jo-2024-lor-pour-veddriq-leonardo-a-la-vitesse-bassa-mawem-finit-7eme-et-tire-sa-reverence\/\"><strong>Veddriq Leonardo<\/strong><\/a><\/td>\n<td style=\"text-align: center;width: 200px;vertical-align: middle\">\ud83c\udde8\ud83c\uddf3 Peng Wu<\/td>\n<td style=\"text-align: center;width: 200px;vertical-align: middle\">\ud83c\uddfa\ud83c\uddf8 Sam Watson<\/td>\n<\/tr>\n<tr>\n<td style=\"text-align: center;width: 200px;vertical-align: middle\"><strong>Combin\u00e9 hommes<br \/>\n<\/strong><\/td>\n<td style=\"text-align: center;width: 200px;vertical-align: middle\"><span id=\"copy-emoji\" class=\"efont\">\ud83c\uddec\ud83c\udde7<\/span> <a title=\"Escalade JO 2024 : Paul Jenft termine 8\u00e8me du combin\u00e9, l\u2019or pour Toby Roberts\" href=\"https:\/\/dicodusport.fr\/blog\/escalade-jo-2024-paul-jenft-termine-8eme-du-combine-lor-pour-toby-roberts\/\" target=\"_blank\" rel=\"noopener\"><strong>Toby Roberts<\/strong><\/a><\/td>\n<td style=\"text-align: center;width: 200px;vertical-align: middle\"><span id=\"copy-emoji\" class=\"efont\">\ud83c\uddef\ud83c\uddf5<\/span> Sorato Anraku<\/td>\n<td style=\"text-align: center;width: 200px;vertical-align: middle\"><span id=\"copy-emoji\" class=\"efont\">\ud83c\udde6\ud83c\uddf9<\/span> Jakob Schubert<\/td>\n<\/tr>\n<\/tbody>\n<\/table>\n<\/div>\n<p>&nbsp;<\/p>\n","protected":false},"excerpt":{"rendered":"<p>ESCALADE JO PARIS 2024 &#8211; Les \u00e9preuves d&rsquo;escalade aux Jeux Olympiques se d\u00e9roulent du 5 au 10 ao\u00fbt. Voici le calendrier et les r\u00e9sultats de la comp\u00e9tition.<\/p>\n","protected":false},"author":12,"featured_media":500060,"comment_status":"open","ping_status":"closed","sticky":false,"template":"","format":"standard","meta":{"_acf_changed":false,"_daextam_enable_autolinks":"1","footnotes":""},"categories":[10930,8436],"tags":[16878,477,12920],"class_list":["post-500316","post","type-post","status-publish","format-standard","has-post-thumbnail","hentry","category-escalade","category-jo-paris-2024","tag-breve","tag-escalade","tag-jo-paris-2024"],"acf":[],"yoast_head":"<!-- This site is optimized with the Yoast SEO Premium plugin v26.7 (Yoast SEO v26.7) - https:\/\/yoast.com\/wordpress\/plugins\/seo\/ -->\n<title>Palmar\u00e8s et r\u00e9sultats Escalade JO 2024<\/title>\n<meta name=\"description\" content=\"ESCALADE JO PARIS 2024 - Les \u00e9preuves d&#039;escalade aux Jeux Olympiques se d\u00e9roulent du 5 au 10 ao\u00fbt. Voici le calendrier et les r\u00e9sultats de la comp\u00e9tition.\" \/>\n<meta name=\"robots\" content=\"index, follow, max-snippet:-1, max-image-preview:large, max-video-preview:-1\" \/>\n<link rel=\"canonical\" href=\"https:\/\/dicodusport.fr\/blog\/programme-et-resultats-escalade-jo-2024\/\" \/>\n<meta property=\"og:locale\" content=\"fr_FR\" \/>\n<meta property=\"og:type\" content=\"article\" \/>\n<meta property=\"og:title\" content=\"Palmar\u00e8s et r\u00e9sultats Escalade JO 2024\" \/>\n<meta property=\"og:description\" content=\"ESCALADE JO PARIS 2024 - Les \u00e9preuves d&#039;escalade aux Jeux Olympiques se d\u00e9roulent du 5 au 10 ao\u00fbt. Voici le calendrier et les r\u00e9sultats de la comp\u00e9tition.\" \/>\n<meta property=\"og:url\" content=\"https:\/\/dicodusport.fr\/blog\/programme-et-resultats-escalade-jo-2024\/\" \/>\n<meta property=\"og:site_name\" content=\"Dicodusport\" \/>\n<meta property=\"article:publisher\" content=\"https:\/\/www.facebook.com\/dicodusport\" \/>\n<meta property=\"article:published_time\" content=\"2024-08-10T11:42:25+00:00\" \/>\n<meta property=\"article:modified_time\" content=\"2024-08-10T19:31:34+00:00\" \/>\n<meta property=\"og:image\" content=\"https:\/\/dicodusport.fr\/blog\/wp-content\/uploads\/2024\/07\/Programme-et-resultats-Escalade-JO-2024.png\" \/>\n\t<meta property=\"og:image:width\" content=\"1200\" \/>\n\t<meta property=\"og:image:height\" content=\"674\" \/>\n\t<meta property=\"og:image:type\" content=\"image\/png\" \/>\n<meta name=\"author\" content=\"Arlette Yeye\" \/>\n<meta name=\"twitter:card\" content=\"summary_large_image\" \/>\n<meta name=\"twitter:title\" content=\"Palmar\u00e8s et r\u00e9sultats Escalade JO 2024\" \/>\n<meta name=\"twitter:creator\" content=\"@https:\/\/twitter.com\/Shiclette94\" \/>\n<meta name=\"twitter:site\" content=\"@dicodusport\" \/>\n<script type=\"application\/ld+json\" class=\"yoast-schema-graph\">{\"@context\":\"https:\/\/schema.org\",\"@graph\":[{\"@type\":\"NewsArticle\",\"@id\":\"https:\/\/dicodusport.fr\/blog\/programme-et-resultats-escalade-jo-2024\/#article\",\"isPartOf\":{\"@id\":\"https:\/\/dicodusport.fr\/blog\/programme-et-resultats-escalade-jo-2024\/\"},\"author\":{\"name\":\"Arlette Yeye\",\"@id\":\"https:\/\/dicodusport.fr\/blog\/#\/schema\/person\/cce96fa88785bd8573e3d43078ac8c79\"},\"headline\":\"Palmar\u00e8s et r\u00e9sultats Escalade JO 2024\",\"datePublished\":\"2024-08-10T11:42:25+00:00\",\"dateModified\":\"2024-08-10T19:31:34+00:00\",\"mainEntityOfPage\":{\"@id\":\"https:\/\/dicodusport.fr\/blog\/programme-et-resultats-escalade-jo-2024\/\"},\"wordCount\":295,\"commentCount\":0,\"publisher\":{\"@id\":\"https:\/\/dicodusport.fr\/blog\/#organization\"},\"image\":{\"@id\":\"https:\/\/dicodusport.fr\/blog\/programme-et-resultats-escalade-jo-2024\/#primaryimage\"},\"thumbnailUrl\":\"https:\/\/dicodusport.fr\/blog\/wp-content\/uploads\/2024\/07\/Programme-et-resultats-Escalade-JO-2024.png\",\"keywords\":[\"br\u00e8ve\",\"Escalade\",\"JO Paris 2024\"],\"articleSection\":[\"Escalade\",\"JO Paris 2024\"],\"inLanguage\":\"fr-FR\",\"potentialAction\":[{\"@type\":\"CommentAction\",\"name\":\"Comment\",\"target\":[\"https:\/\/dicodusport.fr\/blog\/programme-et-resultats-escalade-jo-2024\/#respond\"]}],\"copyrightYear\":\"2024\",\"copyrightHolder\":{\"@id\":\"https:\/\/dicodusport.fr\/blog\/#organization\"}},{\"@type\":\"WebPage\",\"@id\":\"https:\/\/dicodusport.fr\/blog\/programme-et-resultats-escalade-jo-2024\/\",\"url\":\"https:\/\/dicodusport.fr\/blog\/programme-et-resultats-escalade-jo-2024\/\",\"name\":\"Palmar\u00e8s et r\u00e9sultats Escalade JO 2024\",\"isPartOf\":{\"@id\":\"https:\/\/dicodusport.fr\/blog\/#website\"},\"primaryImageOfPage\":{\"@id\":\"https:\/\/dicodusport.fr\/blog\/programme-et-resultats-escalade-jo-2024\/#primaryimage\"},\"image\":{\"@id\":\"https:\/\/dicodusport.fr\/blog\/programme-et-resultats-escalade-jo-2024\/#primaryimage\"},\"thumbnailUrl\":\"https:\/\/dicodusport.fr\/blog\/wp-content\/uploads\/2024\/07\/Programme-et-resultats-Escalade-JO-2024.png\",\"datePublished\":\"2024-08-10T11:42:25+00:00\",\"dateModified\":\"2024-08-10T19:31:34+00:00\",\"description\":\"ESCALADE JO PARIS 2024 - Les \u00e9preuves d'escalade aux Jeux Olympiques se d\u00e9roulent du 5 au 10 ao\u00fbt. Voici le calendrier et les r\u00e9sultats de la comp\u00e9tition.\",\"breadcrumb\":{\"@id\":\"https:\/\/dicodusport.fr\/blog\/programme-et-resultats-escalade-jo-2024\/#breadcrumb\"},\"inLanguage\":\"fr-FR\",\"potentialAction\":[{\"@type\":\"ReadAction\",\"target\":[\"https:\/\/dicodusport.fr\/blog\/programme-et-resultats-escalade-jo-2024\/\"]}]},{\"@type\":\"ImageObject\",\"inLanguage\":\"fr-FR\",\"@id\":\"https:\/\/dicodusport.fr\/blog\/programme-et-resultats-escalade-jo-2024\/#primaryimage\",\"url\":\"https:\/\/dicodusport.fr\/blog\/wp-content\/uploads\/2024\/07\/Programme-et-resultats-Escalade-JO-2024.png\",\"contentUrl\":\"https:\/\/dicodusport.fr\/blog\/wp-content\/uploads\/2024\/07\/Programme-et-resultats-Escalade-JO-2024.png\",\"width\":1200,\"height\":674,\"caption\":\"Programme et r\u00e9sultats Escalade JO 2024\"},{\"@type\":\"BreadcrumbList\",\"@id\":\"https:\/\/dicodusport.fr\/blog\/programme-et-resultats-escalade-jo-2024\/#breadcrumb\",\"itemListElement\":[{\"@type\":\"ListItem\",\"position\":1,\"name\":\"Accueil\",\"item\":\"https:\/\/dicodusport.fr\/blog\/\"},{\"@type\":\"ListItem\",\"position\":2,\"name\":\"Palmar\u00e8s et r\u00e9sultats Escalade JO 2024\"}]},{\"@type\":\"WebSite\",\"@id\":\"https:\/\/dicodusport.fr\/blog\/#website\",\"url\":\"https:\/\/dicodusport.fr\/blog\/\",\"name\":\"Dicodusport\",\"description\":\"L&#039;encyclop\u00e9die de l&#039;actualit\u00e9 sportive\",\"publisher\":{\"@id\":\"https:\/\/dicodusport.fr\/blog\/#organization\"},\"potentialAction\":[{\"@type\":\"SearchAction\",\"target\":{\"@type\":\"EntryPoint\",\"urlTemplate\":\"https:\/\/dicodusport.fr\/blog\/?s={search_term_string}\"},\"query-input\":{\"@type\":\"PropertyValueSpecification\",\"valueRequired\":true,\"valueName\":\"search_term_string\"}}],\"inLanguage\":\"fr-FR\"},{\"@type\":\"NewsMediaOrganization\",\"@id\":\"https:\/\/dicodusport.fr\/blog\/#organization\",\"name\":\"Dicodusport\",\"url\":\"https:\/\/dicodusport.fr\/blog\/\",\"logo\":{\"@type\":\"ImageObject\",\"inLanguage\":\"fr-FR\",\"@id\":\"https:\/\/dicodusport.fr\/blog\/#\/schema\/logo\/image\/\",\"url\":\"https:\/\/dicodusport.fr\/blog\/wp-content\/uploads\/2020\/06\/cropped-LOGO-DICODUSPORT-2020-SANS-FOND-SANS-TEXTE.png\",\"contentUrl\":\"https:\/\/dicodusport.fr\/blog\/wp-content\/uploads\/2020\/06\/cropped-LOGO-DICODUSPORT-2020-SANS-FOND-SANS-TEXTE.png\",\"width\":512,\"height\":512,\"caption\":\"Dicodusport\"},\"image\":{\"@id\":\"https:\/\/dicodusport.fr\/blog\/#\/schema\/logo\/image\/\"},\"sameAs\":[\"https:\/\/www.facebook.com\/dicodusport\",\"https:\/\/x.com\/dicodusport\",\"https:\/\/www.instagram.com\/dicodusport\/\",\"https:\/\/www.youtube.com\/channel\/UC7V2KZ5sd3htJivAbA4ZG3w\"],\"description\":\"Dicodusport est l'encyclop\u00e9die de l'actualit\u00e9 sportive.\",\"email\":\"bonjour@dicodusport.fr\",\"legalName\":\"DICODUSPORT\",\"foundingDate\":\"2018-01-14\",\"vatID\":\"FR71834470973\",\"taxID\":\"83447097300043\",\"numberOfEmployees\":{\"@type\":\"QuantitativeValue\",\"minValue\":\"1\",\"maxValue\":\"10\"}},{\"@type\":\"Person\",\"@id\":\"https:\/\/dicodusport.fr\/blog\/#\/schema\/person\/cce96fa88785bd8573e3d43078ac8c79\",\"name\":\"Arlette Yeye\",\"image\":{\"@type\":\"ImageObject\",\"inLanguage\":\"fr-FR\",\"@id\":\"https:\/\/dicodusport.fr\/blog\/#\/schema\/person\/image\/\",\"url\":\"https:\/\/secure.gravatar.com\/avatar\/dca4a6239e6d708e46c45d60e160de6c?s=96&d=wp_user_avatar&r=g\",\"contentUrl\":\"https:\/\/secure.gravatar.com\/avatar\/dca4a6239e6d708e46c45d60e160de6c?s=96&d=wp_user_avatar&r=g\",\"caption\":\"Arlette Yeye\"},\"description\":\"Journaliste\/r\u00e9dactrice depuis septembre 2015 - Supportrice de Chelsea, j'ai pour sports de pr\u00e9dilection le handball, l'athl\u00e9tisme et le tennis. Si je tweete plus vite que mon ombre, vous pouvez aussi me retrouver les week-ends sur les playgrounds de Bruxelles pour un petit foot ou basket entre potes. Parcourir la France, l'Europe et plus si affinit\u00e9s pour suivre mes sportifs pr\u00e9f\u00e9r\u00e9s ? Mon kif ! Et c'est avec plaisir que je partage les r\u00e9sultats des sports populaires mais \u00e9galement plus confidentiels pour Dicodusport.\",\"sameAs\":[\"https:\/\/x.com\/https:\/\/twitter.com\/Shiclette94\"],\"url\":\"https:\/\/dicodusport.fr\/blog\/author\/arlette\/\"}]}<\/script>\n<!-- \/ Yoast SEO Premium plugin. -->","yoast_head_json":{"title":"Palmar\u00e8s et r\u00e9sultats Escalade JO 2024","description":"ESCALADE JO PARIS 2024 - Les \u00e9preuves d'escalade aux Jeux Olympiques se d\u00e9roulent du 5 au 10 ao\u00fbt. Voici le calendrier et les r\u00e9sultats de la comp\u00e9tition.","robots":{"index":"index","follow":"follow","max-snippet":"max-snippet:-1","max-image-preview":"max-image-preview:large","max-video-preview":"max-video-preview:-1"},"canonical":"https:\/\/dicodusport.fr\/blog\/programme-et-resultats-escalade-jo-2024\/","og_locale":"fr_FR","og_type":"article","og_title":"Palmar\u00e8s et r\u00e9sultats Escalade JO 2024","og_description":"ESCALADE JO PARIS 2024 - Les \u00e9preuves d'escalade aux Jeux Olympiques se d\u00e9roulent du 5 au 10 ao\u00fbt. Voici le calendrier et les r\u00e9sultats de la comp\u00e9tition.","og_url":"https:\/\/dicodusport.fr\/blog\/programme-et-resultats-escalade-jo-2024\/","og_site_name":"Dicodusport","article_publisher":"https:\/\/www.facebook.com\/dicodusport","article_published_time":"2024-08-10T11:42:25+00:00","article_modified_time":"2024-08-10T19:31:34+00:00","og_image":[{"width":1200,"height":674,"url":"https:\/\/dicodusport.fr\/blog\/wp-content\/uploads\/2024\/07\/Programme-et-resultats-Escalade-JO-2024.png","type":"image\/png"}],"author":"Arlette Yeye","twitter_card":"summary_large_image","twitter_title":"Palmar\u00e8s et r\u00e9sultats Escalade JO 2024","twitter_creator":"@https:\/\/twitter.com\/Shiclette94","twitter_site":"@dicodusport","schema":{"@context":"https:\/\/schema.org","@graph":[{"@type":"NewsArticle","@id":"https:\/\/dicodusport.fr\/blog\/programme-et-resultats-escalade-jo-2024\/#article","isPartOf":{"@id":"https:\/\/dicodusport.fr\/blog\/programme-et-resultats-escalade-jo-2024\/"},"author":{"name":"Arlette Yeye","@id":"https:\/\/dicodusport.fr\/blog\/#\/schema\/person\/cce96fa88785bd8573e3d43078ac8c79"},"headline":"Palmar\u00e8s et r\u00e9sultats Escalade JO 2024","datePublished":"2024-08-10T11:42:25+00:00","dateModified":"2024-08-10T19:31:34+00:00","mainEntityOfPage":{"@id":"https:\/\/dicodusport.fr\/blog\/programme-et-resultats-escalade-jo-2024\/"},"wordCount":295,"commentCount":0,"publisher":{"@id":"https:\/\/dicodusport.fr\/blog\/#organization"},"image":{"@id":"https:\/\/dicodusport.fr\/blog\/programme-et-resultats-escalade-jo-2024\/#primaryimage"},"thumbnailUrl":"https:\/\/dicodusport.fr\/blog\/wp-content\/uploads\/2024\/07\/Programme-et-resultats-Escalade-JO-2024.png","keywords":["br\u00e8ve","Escalade","JO Paris 2024"],"articleSection":["Escalade","JO Paris 2024"],"inLanguage":"fr-FR","potentialAction":[{"@type":"CommentAction","name":"Comment","target":["https:\/\/dicodusport.fr\/blog\/programme-et-resultats-escalade-jo-2024\/#respond"]}],"copyrightYear":"2024","copyrightHolder":{"@id":"https:\/\/dicodusport.fr\/blog\/#organization"}},{"@type":"WebPage","@id":"https:\/\/dicodusport.fr\/blog\/programme-et-resultats-escalade-jo-2024\/","url":"https:\/\/dicodusport.fr\/blog\/programme-et-resultats-escalade-jo-2024\/","name":"Palmar\u00e8s et r\u00e9sultats Escalade JO 2024","isPartOf":{"@id":"https:\/\/dicodusport.fr\/blog\/#website"},"primaryImageOfPage":{"@id":"https:\/\/dicodusport.fr\/blog\/programme-et-resultats-escalade-jo-2024\/#primaryimage"},"image":{"@id":"https:\/\/dicodusport.fr\/blog\/programme-et-resultats-escalade-jo-2024\/#primaryimage"},"thumbnailUrl":"https:\/\/dicodusport.fr\/blog\/wp-content\/uploads\/2024\/07\/Programme-et-resultats-Escalade-JO-2024.png","datePublished":"2024-08-10T11:42:25+00:00","dateModified":"2024-08-10T19:31:34+00:00","description":"ESCALADE JO PARIS 2024 - Les \u00e9preuves d'escalade aux Jeux Olympiques se d\u00e9roulent du 5 au 10 ao\u00fbt. Voici le calendrier et les r\u00e9sultats de la comp\u00e9tition.","breadcrumb":{"@id":"https:\/\/dicodusport.fr\/blog\/programme-et-resultats-escalade-jo-2024\/#breadcrumb"},"inLanguage":"fr-FR","potentialAction":[{"@type":"ReadAction","target":["https:\/\/dicodusport.fr\/blog\/programme-et-resultats-escalade-jo-2024\/"]}]},{"@type":"ImageObject","inLanguage":"fr-FR","@id":"https:\/\/dicodusport.fr\/blog\/programme-et-resultats-escalade-jo-2024\/#primaryimage","url":"https:\/\/dicodusport.fr\/blog\/wp-content\/uploads\/2024\/07\/Programme-et-resultats-Escalade-JO-2024.png","contentUrl":"https:\/\/dicodusport.fr\/blog\/wp-content\/uploads\/2024\/07\/Programme-et-resultats-Escalade-JO-2024.png","width":1200,"height":674,"caption":"Programme et r\u00e9sultats Escalade JO 2024"},{"@type":"BreadcrumbList","@id":"https:\/\/dicodusport.fr\/blog\/programme-et-resultats-escalade-jo-2024\/#breadcrumb","itemListElement":[{"@type":"ListItem","position":1,"name":"Accueil","item":"https:\/\/dicodusport.fr\/blog\/"},{"@type":"ListItem","position":2,"name":"Palmar\u00e8s et r\u00e9sultats Escalade JO 2024"}]},{"@type":"WebSite","@id":"https:\/\/dicodusport.fr\/blog\/#website","url":"https:\/\/dicodusport.fr\/blog\/","name":"Dicodusport","description":"L&#039;encyclop\u00e9die de l&#039;actualit\u00e9 sportive","publisher":{"@id":"https:\/\/dicodusport.fr\/blog\/#organization"},"potentialAction":[{"@type":"SearchAction","target":{"@type":"EntryPoint","urlTemplate":"https:\/\/dicodusport.fr\/blog\/?s={search_term_string}"},"query-input":{"@type":"PropertyValueSpecification","valueRequired":true,"valueName":"search_term_string"}}],"inLanguage":"fr-FR"},{"@type":"NewsMediaOrganization","@id":"https:\/\/dicodusport.fr\/blog\/#organization","name":"Dicodusport","url":"https:\/\/dicodusport.fr\/blog\/","logo":{"@type":"ImageObject","inLanguage":"fr-FR","@id":"https:\/\/dicodusport.fr\/blog\/#\/schema\/logo\/image\/","url":"https:\/\/dicodusport.fr\/blog\/wp-content\/uploads\/2020\/06\/cropped-LOGO-DICODUSPORT-2020-SANS-FOND-SANS-TEXTE.png","contentUrl":"https:\/\/dicodusport.fr\/blog\/wp-content\/uploads\/2020\/06\/cropped-LOGO-DICODUSPORT-2020-SANS-FOND-SANS-TEXTE.png","width":512,"height":512,"caption":"Dicodusport"},"image":{"@id":"https:\/\/dicodusport.fr\/blog\/#\/schema\/logo\/image\/"},"sameAs":["https:\/\/www.facebook.com\/dicodusport","https:\/\/x.com\/dicodusport","https:\/\/www.instagram.com\/dicodusport\/","https:\/\/www.youtube.com\/channel\/UC7V2KZ5sd3htJivAbA4ZG3w"],"description":"Dicodusport est l'encyclop\u00e9die de l'actualit\u00e9 sportive.","email":"bonjour@dicodusport.fr","legalName":"DICODUSPORT","foundingDate":"2018-01-14","vatID":"FR71834470973","taxID":"83447097300043","numberOfEmployees":{"@type":"QuantitativeValue","minValue":"1","maxValue":"10"}},{"@type":"Person","@id":"https:\/\/dicodusport.fr\/blog\/#\/schema\/person\/cce96fa88785bd8573e3d43078ac8c79","name":"Arlette Yeye","image":{"@type":"ImageObject","inLanguage":"fr-FR","@id":"https:\/\/dicodusport.fr\/blog\/#\/schema\/person\/image\/","url":"https:\/\/secure.gravatar.com\/avatar\/dca4a6239e6d708e46c45d60e160de6c?s=96&d=wp_user_avatar&r=g","contentUrl":"https:\/\/secure.gravatar.com\/avatar\/dca4a6239e6d708e46c45d60e160de6c?s=96&d=wp_user_avatar&r=g","caption":"Arlette Yeye"},"description":"Journaliste\/r\u00e9dactrice depuis septembre 2015 - Supportrice de Chelsea, j'ai pour sports de pr\u00e9dilection le handball, l'athl\u00e9tisme et le tennis. Si je tweete plus vite que mon ombre, vous pouvez aussi me retrouver les week-ends sur les playgrounds de Bruxelles pour un petit foot ou basket entre potes. Parcourir la France, l'Europe et plus si affinit\u00e9s pour suivre mes sportifs pr\u00e9f\u00e9r\u00e9s ? Mon kif ! Et c'est avec plaisir que je partage les r\u00e9sultats des sports populaires mais \u00e9galement plus confidentiels pour Dicodusport.","sameAs":["https:\/\/x.com\/https:\/\/twitter.com\/Shiclette94"],"url":"https:\/\/dicodusport.fr\/blog\/author\/arlette\/"}]}},"_links":{"self":[{"href":"https:\/\/dicodusport.fr\/blog\/wp-json\/wp\/v2\/posts\/500316","targetHints":{"allow":["GET"]}}],"collection":[{"href":"https:\/\/dicodusport.fr\/blog\/wp-json\/wp\/v2\/posts"}],"about":[{"href":"https:\/\/dicodusport.fr\/blog\/wp-json\/wp\/v2\/types\/post"}],"author":[{"embeddable":true,"href":"https:\/\/dicodusport.fr\/blog\/wp-json\/wp\/v2\/users\/12"}],"replies":[{"embeddable":true,"href":"https:\/\/dicodusport.fr\/blog\/wp-json\/wp\/v2\/comments?post=500316"}],"version-history":[{"count":6,"href":"https:\/\/dicodusport.fr\/blog\/wp-json\/wp\/v2\/posts\/500316\/revisions"}],"predecessor-version":[{"id":511546,"href":"https:\/\/dicodusport.fr\/blog\/wp-json\/wp\/v2\/posts\/500316\/revisions\/511546"}],"wp:featuredmedia":[{"embeddable":true,"href":"https:\/\/dicodusport.fr\/blog\/wp-json\/wp\/v2\/media\/500060"}],"wp:attachment":[{"href":"https:\/\/dicodusport.fr\/blog\/wp-json\/wp\/v2\/media?parent=500316"}],"wp:term":[{"taxonomy":"category","embeddable":true,"href":"https:\/\/dicodusport.fr\/blog\/wp-json\/wp\/v2\/categories?post=500316"},{"taxonomy":"post_tag","embeddable":true,"href":"https:\/\/dicodusport.fr\/blog\/wp-json\/wp\/v2\/tags?post=500316"}],"curies":[{"name":"wp","href":"https:\/\/api.w.org\/{rel}","templated":true}]}}