{"id":500669,"date":"2024-07-15T09:19:38","date_gmt":"2024-07-15T07:19:38","guid":{"rendered":"https:\/\/dicodusport.fr\/blog\/?p=500669&#038;preview=true&#038;preview_id=500669"},"modified":"2024-07-15T09:44:10","modified_gmt":"2024-07-15T07:44:10","slug":"escalade-sam-avezou-sur-le-podium-en-coupe-du-monde-a-chamonix","status":"publish","type":"post","link":"https:\/\/dicodusport.fr\/blog\/escalade-sam-avezou-sur-le-podium-en-coupe-du-monde-a-chamonix\/","title":{"rendered":"Escalade : Sam Avezou sur le podium en Coupe du monde \u00e0 Chamonix"},"content":{"rendered":"<p style=\"text-align: justify;\"><strong><em>COUPE DU MONDE D&rsquo;ESCALADE 2024 &#8211; Comme l&rsquo;an dernier, Sam Avezou prend la deuxi\u00e8me place \u00e0 domicile sur l&rsquo;\u00e9preuve de difficult\u00e9.<\/em><\/strong><\/p>\n<p style=\"text-align: justify;\"><strong>Sam Avezou<\/strong> est d\u00e9finitivement \u00e0 l&rsquo;aise \u00e0 Chamonix. L&rsquo;an dernier, <a href=\"https:\/\/dicodusport.fr\/blog\/escalade-trois-medailles-pour-les-bleus-sur-la-manche-de-coupe-du-monde-de-chamonix\/\">il avait pris la deuxi\u00e8me place<\/a> de l&rsquo;\u00e9preuve de difficult\u00e9 \u00e0 domicile, sur cette manche de Coupe du monde. Bien install\u00e9 dans la hi\u00e9rarchie mondiale, il a remis \u00e7a ce weekend apr\u00e8s une belle domination globale, remportant la qualification puis prenant la 3e place des demi-finales.<\/p>\n<p style=\"text-align: justify;\">En finale, il a bien cru emporter le morceau, avec un score de 41 prises valid\u00e9es, mais il s&rsquo;est fait souffler la victoire pour un petit point par l&rsquo;Am\u00e9ricain <strong>Colin Duffy<\/strong>, vice-champion du monde du combin\u00e9. Mais ce podium en Coupe du monde &#8211; son premier depuis celui ici-m\u00eame l&rsquo;an dernier &#8211; tombe \u00e0 pic pour celui qui a arrach\u00e9 sa place pour les JO <a href=\"https:\/\/dicodusport.fr\/blog\/jo-2024-oqs-budapest-14-francais-qualifies-au-total-le-resume-de-la-journee-de-dimanche\/\">le mois dernier \u00e0 Budapest<\/a>. \u00c0 quelques encablures de l&rsquo;\u00e9v\u00e8nement, cette mont\u00e9e en r\u00e9gime ne peut qu&rsquo;\u00eatre b\u00e9n\u00e9fique, m\u00eame si c&rsquo;est le combin\u00e9 (difficult\u00e9 + bloc) qu&rsquo;il disputera aux Jeux.<\/p>\n<blockquote class=\"twitter-tweet\">\n<p dir=\"ltr\" lang=\"en\">SECOND CLIMBER OUT, FIRST CLIMBER ON THE PODIUM! COLIN DUFFY POCKETED HIS SECOND LEAD WORLD CUP GOLD IN CHAMONIX!<\/p>\n<p>\ud83e\udd47 Colin Duffy \ud83c\uddfa\ud83c\uddf8<br \/>\n\ud83e\udd48 Sam Avezou \ud83c\uddeb\ud83c\uddf7<br \/>\n\ud83e\udd49 Toby Roberts \ud83c\uddec\ud83c\udde7 <a href=\"https:\/\/twitter.com\/USAClimbing?ref_src=twsrc%5Etfw\">@USAClimbing<\/a> | <a href=\"https:\/\/twitter.com\/hashtag\/WorldClimbing?src=hash&amp;ref_src=twsrc%5Etfw\">#WorldClimbing<\/a> <a href=\"https:\/\/twitter.com\/hashtag\/ChamonixWC?src=hash&amp;ref_src=twsrc%5Etfw\">#ChamonixWC<\/a> <a href=\"https:\/\/t.co\/v1hPEcmzVV\">pic.twitter.com\/v1hPEcmzVV<\/a><\/p>\n<p>\u2014 International Federation of Sport Climbing (@ifsclimbing) <a href=\"https:\/\/twitter.com\/ifsclimbing\/status\/1812631499021123613?ref_src=twsrc%5Etfw\">July 14, 2024<\/a><\/p><\/blockquote>\n<p style=\"text-align: justify;\"><script async src=\"https:\/\/platform.twitter.com\/widgets.js\" charset=\"utf-8\"><\/script><\/p>\n","protected":false},"excerpt":{"rendered":"<p>COUPE DU MONDE D&rsquo;ESCALADE 2024 &#8211; Comme l&rsquo;an dernier, Sam Avezou prend la deuxi\u00e8me place \u00e0 domicile sur l&rsquo;\u00e9preuve de difficult\u00e9.<\/p>\n","protected":false},"author":59,"featured_media":500670,"comment_status":"open","ping_status":"closed","sticky":false,"template":"","format":"standard","meta":{"_acf_changed":false,"_daextam_enable_autolinks":"1","footnotes":""},"categories":[10930],"tags":[16878,25772],"class_list":["post-500669","post","type-post","status-publish","format-standard","has-post-thumbnail","hentry","category-escalade","tag-breve","tag-sam-avezou"],"acf":[],"yoast_head":"<!-- This site is optimized with the Yoast SEO Premium plugin v26.7 (Yoast SEO v26.7) - https:\/\/yoast.com\/wordpress\/plugins\/seo\/ -->\n<title>Escalade : Sam Avezou sur le podium en Coupe du monde \u00e0 Chamonix<\/title>\n<meta name=\"description\" content=\"COUPE DU MONDE D&#039;ESCALADE 2024 - Comme l&#039;an dernier, Sam Avezou prend la deuxi\u00e8me place \u00e0 domicile sur l&#039;\u00e9preuve de difficult\u00e9.\" \/>\n<meta name=\"robots\" content=\"index, follow, max-snippet:-1, max-image-preview:large, max-video-preview:-1\" \/>\n<link rel=\"canonical\" href=\"https:\/\/dicodusport.fr\/blog\/escalade-sam-avezou-sur-le-podium-en-coupe-du-monde-a-chamonix\/\" \/>\n<meta property=\"og:locale\" content=\"fr_FR\" \/>\n<meta property=\"og:type\" content=\"article\" \/>\n<meta property=\"og:title\" content=\"Escalade : Sam Avezou sur le podium en Coupe du monde \u00e0 Chamonix\" \/>\n<meta property=\"og:description\" content=\"COUPE DU MONDE D&#039;ESCALADE 2024 - Comme l&#039;an dernier, Sam Avezou prend la deuxi\u00e8me place \u00e0 domicile sur l&#039;\u00e9preuve de difficult\u00e9.\" \/>\n<meta property=\"og:url\" content=\"https:\/\/dicodusport.fr\/blog\/escalade-sam-avezou-sur-le-podium-en-coupe-du-monde-a-chamonix\/\" \/>\n<meta property=\"og:site_name\" content=\"Dicodusport\" \/>\n<meta property=\"article:publisher\" content=\"https:\/\/www.facebook.com\/dicodusport\" \/>\n<meta property=\"article:author\" content=\"https:\/\/www.facebook.com\/sebastien.gente\/\" \/>\n<meta property=\"article:published_time\" content=\"2024-07-15T07:19:38+00:00\" \/>\n<meta property=\"article:modified_time\" content=\"2024-07-15T07:44:10+00:00\" \/>\n<meta property=\"og:image\" content=\"https:\/\/dicodusport.fr\/blog\/wp-content\/uploads\/2024\/07\/Escalade-Sam-Avezou-sur-le-podium-en-Coupe-du-monde-a-Chamonix.png\" \/>\n\t<meta property=\"og:image:width\" content=\"1200\" \/>\n\t<meta property=\"og:image:height\" content=\"674\" \/>\n\t<meta property=\"og:image:type\" content=\"image\/png\" \/>\n<meta name=\"author\" content=\"S\u00e9bastien Gente\" \/>\n<meta name=\"twitter:card\" content=\"summary_large_image\" \/>\n<meta name=\"twitter:title\" content=\"Escalade : Sam Avezou sur le podium en Coupe du monde \u00e0 Chamonix\" \/>\n<meta name=\"twitter:creator\" content=\"@https:\/\/twitter.com\/globulo24\" \/>\n<meta name=\"twitter:site\" content=\"@dicodusport\" \/>\n<script type=\"application\/ld+json\" class=\"yoast-schema-graph\">{\"@context\":\"https:\/\/schema.org\",\"@graph\":[{\"@type\":\"NewsArticle\",\"@id\":\"https:\/\/dicodusport.fr\/blog\/escalade-sam-avezou-sur-le-podium-en-coupe-du-monde-a-chamonix\/#article\",\"isPartOf\":{\"@id\":\"https:\/\/dicodusport.fr\/blog\/escalade-sam-avezou-sur-le-podium-en-coupe-du-monde-a-chamonix\/\"},\"author\":{\"name\":\"S\u00e9bastien Gente\",\"@id\":\"https:\/\/dicodusport.fr\/blog\/#\/schema\/person\/627966a6cde45dbd8c5e36ac85d783da\"},\"headline\":\"Escalade : Sam Avezou sur le podium en Coupe du monde \u00e0 Chamonix\",\"datePublished\":\"2024-07-15T07:19:38+00:00\",\"dateModified\":\"2024-07-15T07:44:10+00:00\",\"mainEntityOfPage\":{\"@id\":\"https:\/\/dicodusport.fr\/blog\/escalade-sam-avezou-sur-le-podium-en-coupe-du-monde-a-chamonix\/\"},\"wordCount\":240,\"commentCount\":0,\"publisher\":{\"@id\":\"https:\/\/dicodusport.fr\/blog\/#organization\"},\"image\":{\"@id\":\"https:\/\/dicodusport.fr\/blog\/escalade-sam-avezou-sur-le-podium-en-coupe-du-monde-a-chamonix\/#primaryimage\"},\"thumbnailUrl\":\"https:\/\/dicodusport.fr\/blog\/wp-content\/uploads\/2024\/07\/Escalade-Sam-Avezou-sur-le-podium-en-Coupe-du-monde-a-Chamonix.png\",\"keywords\":[\"br\u00e8ve\",\"Sam Avezou\"],\"articleSection\":[\"Escalade\"],\"inLanguage\":\"fr-FR\",\"potentialAction\":[{\"@type\":\"CommentAction\",\"name\":\"Comment\",\"target\":[\"https:\/\/dicodusport.fr\/blog\/escalade-sam-avezou-sur-le-podium-en-coupe-du-monde-a-chamonix\/#respond\"]}],\"copyrightYear\":\"2024\",\"copyrightHolder\":{\"@id\":\"https:\/\/dicodusport.fr\/blog\/#organization\"}},{\"@type\":\"WebPage\",\"@id\":\"https:\/\/dicodusport.fr\/blog\/escalade-sam-avezou-sur-le-podium-en-coupe-du-monde-a-chamonix\/\",\"url\":\"https:\/\/dicodusport.fr\/blog\/escalade-sam-avezou-sur-le-podium-en-coupe-du-monde-a-chamonix\/\",\"name\":\"Escalade : Sam Avezou sur le podium en Coupe du monde \u00e0 Chamonix\",\"isPartOf\":{\"@id\":\"https:\/\/dicodusport.fr\/blog\/#website\"},\"primaryImageOfPage\":{\"@id\":\"https:\/\/dicodusport.fr\/blog\/escalade-sam-avezou-sur-le-podium-en-coupe-du-monde-a-chamonix\/#primaryimage\"},\"image\":{\"@id\":\"https:\/\/dicodusport.fr\/blog\/escalade-sam-avezou-sur-le-podium-en-coupe-du-monde-a-chamonix\/#primaryimage\"},\"thumbnailUrl\":\"https:\/\/dicodusport.fr\/blog\/wp-content\/uploads\/2024\/07\/Escalade-Sam-Avezou-sur-le-podium-en-Coupe-du-monde-a-Chamonix.png\",\"datePublished\":\"2024-07-15T07:19:38+00:00\",\"dateModified\":\"2024-07-15T07:44:10+00:00\",\"description\":\"COUPE DU MONDE D'ESCALADE 2024 - Comme l'an dernier, Sam Avezou prend la deuxi\u00e8me place \u00e0 domicile sur l'\u00e9preuve de difficult\u00e9.\",\"breadcrumb\":{\"@id\":\"https:\/\/dicodusport.fr\/blog\/escalade-sam-avezou-sur-le-podium-en-coupe-du-monde-a-chamonix\/#breadcrumb\"},\"inLanguage\":\"fr-FR\",\"potentialAction\":[{\"@type\":\"ReadAction\",\"target\":[\"https:\/\/dicodusport.fr\/blog\/escalade-sam-avezou-sur-le-podium-en-coupe-du-monde-a-chamonix\/\"]}]},{\"@type\":\"ImageObject\",\"inLanguage\":\"fr-FR\",\"@id\":\"https:\/\/dicodusport.fr\/blog\/escalade-sam-avezou-sur-le-podium-en-coupe-du-monde-a-chamonix\/#primaryimage\",\"url\":\"https:\/\/dicodusport.fr\/blog\/wp-content\/uploads\/2024\/07\/Escalade-Sam-Avezou-sur-le-podium-en-Coupe-du-monde-a-Chamonix.png\",\"contentUrl\":\"https:\/\/dicodusport.fr\/blog\/wp-content\/uploads\/2024\/07\/Escalade-Sam-Avezou-sur-le-podium-en-Coupe-du-monde-a-Chamonix.png\",\"width\":1200,\"height\":674,\"caption\":\"Escalade Sam Avezou sur le podium en Coupe du monde \u00e0 Chamonix\"},{\"@type\":\"BreadcrumbList\",\"@id\":\"https:\/\/dicodusport.fr\/blog\/escalade-sam-avezou-sur-le-podium-en-coupe-du-monde-a-chamonix\/#breadcrumb\",\"itemListElement\":[{\"@type\":\"ListItem\",\"position\":1,\"name\":\"Accueil\",\"item\":\"https:\/\/dicodusport.fr\/blog\/\"},{\"@type\":\"ListItem\",\"position\":2,\"name\":\"Escalade : Sam Avezou sur le podium en Coupe du monde \u00e0 Chamonix\"}]},{\"@type\":\"WebSite\",\"@id\":\"https:\/\/dicodusport.fr\/blog\/#website\",\"url\":\"https:\/\/dicodusport.fr\/blog\/\",\"name\":\"Dicodusport\",\"description\":\"L&#039;encyclop\u00e9die de l&#039;actualit\u00e9 sportive\",\"publisher\":{\"@id\":\"https:\/\/dicodusport.fr\/blog\/#organization\"},\"potentialAction\":[{\"@type\":\"SearchAction\",\"target\":{\"@type\":\"EntryPoint\",\"urlTemplate\":\"https:\/\/dicodusport.fr\/blog\/?s={search_term_string}\"},\"query-input\":{\"@type\":\"PropertyValueSpecification\",\"valueRequired\":true,\"valueName\":\"search_term_string\"}}],\"inLanguage\":\"fr-FR\"},{\"@type\":\"NewsMediaOrganization\",\"@id\":\"https:\/\/dicodusport.fr\/blog\/#organization\",\"name\":\"Dicodusport\",\"url\":\"https:\/\/dicodusport.fr\/blog\/\",\"logo\":{\"@type\":\"ImageObject\",\"inLanguage\":\"fr-FR\",\"@id\":\"https:\/\/dicodusport.fr\/blog\/#\/schema\/logo\/image\/\",\"url\":\"https:\/\/dicodusport.fr\/blog\/wp-content\/uploads\/2020\/06\/cropped-LOGO-DICODUSPORT-2020-SANS-FOND-SANS-TEXTE.png\",\"contentUrl\":\"https:\/\/dicodusport.fr\/blog\/wp-content\/uploads\/2020\/06\/cropped-LOGO-DICODUSPORT-2020-SANS-FOND-SANS-TEXTE.png\",\"width\":512,\"height\":512,\"caption\":\"Dicodusport\"},\"image\":{\"@id\":\"https:\/\/dicodusport.fr\/blog\/#\/schema\/logo\/image\/\"},\"sameAs\":[\"https:\/\/www.facebook.com\/dicodusport\",\"https:\/\/x.com\/dicodusport\",\"https:\/\/www.instagram.com\/dicodusport\/\",\"https:\/\/www.youtube.com\/channel\/UC7V2KZ5sd3htJivAbA4ZG3w\"],\"description\":\"Dicodusport est l'encyclop\u00e9die de l'actualit\u00e9 sportive.\",\"email\":\"bonjour@dicodusport.fr\",\"legalName\":\"DICODUSPORT\",\"foundingDate\":\"2018-01-14\",\"vatID\":\"FR71834470973\",\"taxID\":\"83447097300043\",\"numberOfEmployees\":{\"@type\":\"QuantitativeValue\",\"minValue\":\"1\",\"maxValue\":\"10\"}},{\"@type\":\"Person\",\"@id\":\"https:\/\/dicodusport.fr\/blog\/#\/schema\/person\/627966a6cde45dbd8c5e36ac85d783da\",\"name\":\"S\u00e9bastien Gente\",\"image\":{\"@type\":\"ImageObject\",\"inLanguage\":\"fr-FR\",\"@id\":\"https:\/\/dicodusport.fr\/blog\/#\/schema\/person\/image\/\",\"url\":\"https:\/\/dicodusport.fr\/blog\/wp-content\/uploads\/2021\/09\/1510990_10205810251400683_4124423575079401707_n-150x150.jpg\",\"contentUrl\":\"https:\/\/dicodusport.fr\/blog\/wp-content\/uploads\/2021\/09\/1510990_10205810251400683_4124423575079401707_n-150x150.jpg\",\"caption\":\"S\u00e9bastien Gente\"},\"description\":\"John Stockton, Gianni Bugno, Zinedine Zidane, Steffi Graf, Frode Andresen, St\u00e9phane Stoecklin, Davis Kamoga, Primoz Peterka, Werner Schlager et Aur\u00e9lien Rougerie. Point commun entre ces sportifs? Ils m'ont fait r\u00eaver et ont berc\u00e9 mon adolescence. Je suis un fondu de sports et j'essaie de retranscrire ma passion \u00e0 travers mes articles. Originaire du P\u00e9rigord, ma passion pour les Girondins, les Jaunards et les Jazzmen transpire dans mes \u00e9crits. \u00c0 Dicodusport depuis 2021, je d\u00e9niche les sports m\u00e9connus dans lesquels la France brille, et il y en a !\",\"sameAs\":[\"https:\/\/www.facebook.com\/sebastien.gente\/\",\"https:\/\/www.instagram.com\/sebgente\/\",\"https:\/\/www.linkedin.com\/in\/sbastien-gente-a29583169\/\",\"https:\/\/x.com\/https:\/\/twitter.com\/globulo24\",\"SebastienGente\"],\"worksFor\":\"S\u00e9bastien GENTE\",\"url\":\"https:\/\/dicodusport.fr\/blog\/author\/sebastiengente\/\"}]}<\/script>\n<!-- \/ Yoast SEO Premium plugin. -->","yoast_head_json":{"title":"Escalade : Sam Avezou sur le podium en Coupe du monde \u00e0 Chamonix","description":"COUPE DU MONDE D'ESCALADE 2024 - Comme l'an dernier, Sam Avezou prend la deuxi\u00e8me place \u00e0 domicile sur l'\u00e9preuve de difficult\u00e9.","robots":{"index":"index","follow":"follow","max-snippet":"max-snippet:-1","max-image-preview":"max-image-preview:large","max-video-preview":"max-video-preview:-1"},"canonical":"https:\/\/dicodusport.fr\/blog\/escalade-sam-avezou-sur-le-podium-en-coupe-du-monde-a-chamonix\/","og_locale":"fr_FR","og_type":"article","og_title":"Escalade : Sam Avezou sur le podium en Coupe du monde \u00e0 Chamonix","og_description":"COUPE DU MONDE D'ESCALADE 2024 - Comme l'an dernier, Sam Avezou prend la deuxi\u00e8me place \u00e0 domicile sur l'\u00e9preuve de difficult\u00e9.","og_url":"https:\/\/dicodusport.fr\/blog\/escalade-sam-avezou-sur-le-podium-en-coupe-du-monde-a-chamonix\/","og_site_name":"Dicodusport","article_publisher":"https:\/\/www.facebook.com\/dicodusport","article_author":"https:\/\/www.facebook.com\/sebastien.gente\/","article_published_time":"2024-07-15T07:19:38+00:00","article_modified_time":"2024-07-15T07:44:10+00:00","og_image":[{"width":1200,"height":674,"url":"https:\/\/dicodusport.fr\/blog\/wp-content\/uploads\/2024\/07\/Escalade-Sam-Avezou-sur-le-podium-en-Coupe-du-monde-a-Chamonix.png","type":"image\/png"}],"author":"S\u00e9bastien Gente","twitter_card":"summary_large_image","twitter_title":"Escalade : Sam Avezou sur le podium en Coupe du monde \u00e0 Chamonix","twitter_creator":"@https:\/\/twitter.com\/globulo24","twitter_site":"@dicodusport","schema":{"@context":"https:\/\/schema.org","@graph":[{"@type":"NewsArticle","@id":"https:\/\/dicodusport.fr\/blog\/escalade-sam-avezou-sur-le-podium-en-coupe-du-monde-a-chamonix\/#article","isPartOf":{"@id":"https:\/\/dicodusport.fr\/blog\/escalade-sam-avezou-sur-le-podium-en-coupe-du-monde-a-chamonix\/"},"author":{"name":"S\u00e9bastien Gente","@id":"https:\/\/dicodusport.fr\/blog\/#\/schema\/person\/627966a6cde45dbd8c5e36ac85d783da"},"headline":"Escalade : Sam Avezou sur le podium en Coupe du monde \u00e0 Chamonix","datePublished":"2024-07-15T07:19:38+00:00","dateModified":"2024-07-15T07:44:10+00:00","mainEntityOfPage":{"@id":"https:\/\/dicodusport.fr\/blog\/escalade-sam-avezou-sur-le-podium-en-coupe-du-monde-a-chamonix\/"},"wordCount":240,"commentCount":0,"publisher":{"@id":"https:\/\/dicodusport.fr\/blog\/#organization"},"image":{"@id":"https:\/\/dicodusport.fr\/blog\/escalade-sam-avezou-sur-le-podium-en-coupe-du-monde-a-chamonix\/#primaryimage"},"thumbnailUrl":"https:\/\/dicodusport.fr\/blog\/wp-content\/uploads\/2024\/07\/Escalade-Sam-Avezou-sur-le-podium-en-Coupe-du-monde-a-Chamonix.png","keywords":["br\u00e8ve","Sam Avezou"],"articleSection":["Escalade"],"inLanguage":"fr-FR","potentialAction":[{"@type":"CommentAction","name":"Comment","target":["https:\/\/dicodusport.fr\/blog\/escalade-sam-avezou-sur-le-podium-en-coupe-du-monde-a-chamonix\/#respond"]}],"copyrightYear":"2024","copyrightHolder":{"@id":"https:\/\/dicodusport.fr\/blog\/#organization"}},{"@type":"WebPage","@id":"https:\/\/dicodusport.fr\/blog\/escalade-sam-avezou-sur-le-podium-en-coupe-du-monde-a-chamonix\/","url":"https:\/\/dicodusport.fr\/blog\/escalade-sam-avezou-sur-le-podium-en-coupe-du-monde-a-chamonix\/","name":"Escalade : Sam Avezou sur le podium en Coupe du monde \u00e0 Chamonix","isPartOf":{"@id":"https:\/\/dicodusport.fr\/blog\/#website"},"primaryImageOfPage":{"@id":"https:\/\/dicodusport.fr\/blog\/escalade-sam-avezou-sur-le-podium-en-coupe-du-monde-a-chamonix\/#primaryimage"},"image":{"@id":"https:\/\/dicodusport.fr\/blog\/escalade-sam-avezou-sur-le-podium-en-coupe-du-monde-a-chamonix\/#primaryimage"},"thumbnailUrl":"https:\/\/dicodusport.fr\/blog\/wp-content\/uploads\/2024\/07\/Escalade-Sam-Avezou-sur-le-podium-en-Coupe-du-monde-a-Chamonix.png","datePublished":"2024-07-15T07:19:38+00:00","dateModified":"2024-07-15T07:44:10+00:00","description":"COUPE DU MONDE D'ESCALADE 2024 - Comme l'an dernier, Sam Avezou prend la deuxi\u00e8me place \u00e0 domicile sur l'\u00e9preuve de difficult\u00e9.","breadcrumb":{"@id":"https:\/\/dicodusport.fr\/blog\/escalade-sam-avezou-sur-le-podium-en-coupe-du-monde-a-chamonix\/#breadcrumb"},"inLanguage":"fr-FR","potentialAction":[{"@type":"ReadAction","target":["https:\/\/dicodusport.fr\/blog\/escalade-sam-avezou-sur-le-podium-en-coupe-du-monde-a-chamonix\/"]}]},{"@type":"ImageObject","inLanguage":"fr-FR","@id":"https:\/\/dicodusport.fr\/blog\/escalade-sam-avezou-sur-le-podium-en-coupe-du-monde-a-chamonix\/#primaryimage","url":"https:\/\/dicodusport.fr\/blog\/wp-content\/uploads\/2024\/07\/Escalade-Sam-Avezou-sur-le-podium-en-Coupe-du-monde-a-Chamonix.png","contentUrl":"https:\/\/dicodusport.fr\/blog\/wp-content\/uploads\/2024\/07\/Escalade-Sam-Avezou-sur-le-podium-en-Coupe-du-monde-a-Chamonix.png","width":1200,"height":674,"caption":"Escalade Sam Avezou sur le podium en Coupe du monde \u00e0 Chamonix"},{"@type":"BreadcrumbList","@id":"https:\/\/dicodusport.fr\/blog\/escalade-sam-avezou-sur-le-podium-en-coupe-du-monde-a-chamonix\/#breadcrumb","itemListElement":[{"@type":"ListItem","position":1,"name":"Accueil","item":"https:\/\/dicodusport.fr\/blog\/"},{"@type":"ListItem","position":2,"name":"Escalade : Sam Avezou sur le podium en Coupe du monde \u00e0 Chamonix"}]},{"@type":"WebSite","@id":"https:\/\/dicodusport.fr\/blog\/#website","url":"https:\/\/dicodusport.fr\/blog\/","name":"Dicodusport","description":"L&#039;encyclop\u00e9die de l&#039;actualit\u00e9 sportive","publisher":{"@id":"https:\/\/dicodusport.fr\/blog\/#organization"},"potentialAction":[{"@type":"SearchAction","target":{"@type":"EntryPoint","urlTemplate":"https:\/\/dicodusport.fr\/blog\/?s={search_term_string}"},"query-input":{"@type":"PropertyValueSpecification","valueRequired":true,"valueName":"search_term_string"}}],"inLanguage":"fr-FR"},{"@type":"NewsMediaOrganization","@id":"https:\/\/dicodusport.fr\/blog\/#organization","name":"Dicodusport","url":"https:\/\/dicodusport.fr\/blog\/","logo":{"@type":"ImageObject","inLanguage":"fr-FR","@id":"https:\/\/dicodusport.fr\/blog\/#\/schema\/logo\/image\/","url":"https:\/\/dicodusport.fr\/blog\/wp-content\/uploads\/2020\/06\/cropped-LOGO-DICODUSPORT-2020-SANS-FOND-SANS-TEXTE.png","contentUrl":"https:\/\/dicodusport.fr\/blog\/wp-content\/uploads\/2020\/06\/cropped-LOGO-DICODUSPORT-2020-SANS-FOND-SANS-TEXTE.png","width":512,"height":512,"caption":"Dicodusport"},"image":{"@id":"https:\/\/dicodusport.fr\/blog\/#\/schema\/logo\/image\/"},"sameAs":["https:\/\/www.facebook.com\/dicodusport","https:\/\/x.com\/dicodusport","https:\/\/www.instagram.com\/dicodusport\/","https:\/\/www.youtube.com\/channel\/UC7V2KZ5sd3htJivAbA4ZG3w"],"description":"Dicodusport est l'encyclop\u00e9die de l'actualit\u00e9 sportive.","email":"bonjour@dicodusport.fr","legalName":"DICODUSPORT","foundingDate":"2018-01-14","vatID":"FR71834470973","taxID":"83447097300043","numberOfEmployees":{"@type":"QuantitativeValue","minValue":"1","maxValue":"10"}},{"@type":"Person","@id":"https:\/\/dicodusport.fr\/blog\/#\/schema\/person\/627966a6cde45dbd8c5e36ac85d783da","name":"S\u00e9bastien Gente","image":{"@type":"ImageObject","inLanguage":"fr-FR","@id":"https:\/\/dicodusport.fr\/blog\/#\/schema\/person\/image\/","url":"https:\/\/dicodusport.fr\/blog\/wp-content\/uploads\/2021\/09\/1510990_10205810251400683_4124423575079401707_n-150x150.jpg","contentUrl":"https:\/\/dicodusport.fr\/blog\/wp-content\/uploads\/2021\/09\/1510990_10205810251400683_4124423575079401707_n-150x150.jpg","caption":"S\u00e9bastien Gente"},"description":"John Stockton, Gianni Bugno, Zinedine Zidane, Steffi Graf, Frode Andresen, St\u00e9phane Stoecklin, Davis Kamoga, Primoz Peterka, Werner Schlager et Aur\u00e9lien Rougerie. Point commun entre ces sportifs? Ils m'ont fait r\u00eaver et ont berc\u00e9 mon adolescence. Je suis un fondu de sports et j'essaie de retranscrire ma passion \u00e0 travers mes articles. Originaire du P\u00e9rigord, ma passion pour les Girondins, les Jaunards et les Jazzmen transpire dans mes \u00e9crits. \u00c0 Dicodusport depuis 2021, je d\u00e9niche les sports m\u00e9connus dans lesquels la France brille, et il y en a !","sameAs":["https:\/\/www.facebook.com\/sebastien.gente\/","https:\/\/www.instagram.com\/sebgente\/","https:\/\/www.linkedin.com\/in\/sbastien-gente-a29583169\/","https:\/\/x.com\/https:\/\/twitter.com\/globulo24","SebastienGente"],"worksFor":"S\u00e9bastien GENTE","url":"https:\/\/dicodusport.fr\/blog\/author\/sebastiengente\/"}]}},"_links":{"self":[{"href":"https:\/\/dicodusport.fr\/blog\/wp-json\/wp\/v2\/posts\/500669","targetHints":{"allow":["GET"]}}],"collection":[{"href":"https:\/\/dicodusport.fr\/blog\/wp-json\/wp\/v2\/posts"}],"about":[{"href":"https:\/\/dicodusport.fr\/blog\/wp-json\/wp\/v2\/types\/post"}],"author":[{"embeddable":true,"href":"https:\/\/dicodusport.fr\/blog\/wp-json\/wp\/v2\/users\/59"}],"replies":[{"embeddable":true,"href":"https:\/\/dicodusport.fr\/blog\/wp-json\/wp\/v2\/comments?post=500669"}],"version-history":[{"count":2,"href":"https:\/\/dicodusport.fr\/blog\/wp-json\/wp\/v2\/posts\/500669\/revisions"}],"predecessor-version":[{"id":500674,"href":"https:\/\/dicodusport.fr\/blog\/wp-json\/wp\/v2\/posts\/500669\/revisions\/500674"}],"wp:featuredmedia":[{"embeddable":true,"href":"https:\/\/dicodusport.fr\/blog\/wp-json\/wp\/v2\/media\/500670"}],"wp:attachment":[{"href":"https:\/\/dicodusport.fr\/blog\/wp-json\/wp\/v2\/media?parent=500669"}],"wp:term":[{"taxonomy":"category","embeddable":true,"href":"https:\/\/dicodusport.fr\/blog\/wp-json\/wp\/v2\/categories?post=500669"},{"taxonomy":"post_tag","embeddable":true,"href":"https:\/\/dicodusport.fr\/blog\/wp-json\/wp\/v2\/tags?post=500669"}],"curies":[{"name":"wp","href":"https:\/\/api.w.org\/{rel}","templated":true}]}}