{"id":500703,"date":"2024-07-15T10:25:15","date_gmt":"2024-07-15T08:25:15","guid":{"rendered":"https:\/\/dicodusport.fr\/blog\/?p=500703&#038;preview=true&#038;preview_id=500703"},"modified":"2024-07-15T10:39:20","modified_gmt":"2024-07-15T08:39:20","slug":"transferts-rc-toulon-melvyn-jaminet-bientot-fixe-pour-son-avenir","status":"publish","type":"post","link":"https:\/\/dicodusport.fr\/blog\/transferts-rc-toulon-melvyn-jaminet-bientot-fixe-pour-son-avenir\/","title":{"rendered":"Transferts RC Toulon : Melvyn Jaminet bient\u00f4t fix\u00e9 pour son avenir"},"content":{"rendered":"<p style=\"text-align: justify;\"><strong><em>TOP 14 2024-2025 &#8211; Selon L&rsquo;\u00c9quipe, Melvyn Jaminet a \u00e9t\u00e9 convoqu\u00e9 par le RC Toulon le 19 juillet prochain.\u00a0<\/em><\/strong><\/p>\n<p style=\"text-align: justify;\">L&rsquo;arri\u00e8re du <strong>XV<\/strong> <strong>de<\/strong> <strong>France,<\/strong> <strong>Melvyn Jaminet<\/strong>, traverse une zone de turbulences suite \u00e0 une vid\u00e9o avec des propos racistes, publi\u00e9e sur son compte Instagram, alors qu&rsquo;il \u00e9tait en Argentine avec la s\u00e9lection. <strong>Melvyn<\/strong> <strong>Jaminet<\/strong> a \u00e9t\u00e9 exclu du groupe France malgr\u00e9 ses excuses pr\u00e9sent\u00e9es quelques heures apr\u00e8s la publication de la vid\u00e9o, et son avenir dans le rugby est depuis en question.<\/p>\n<ul style=\"text-align: justify;\">\n<li style=\"text-align: justify;\"><strong>\u00c0 ce sujet &#8211; <a href=\"https:\/\/dicodusport.fr\/blog\/transferts-luka-matkava-et-ihaia-west-convoites-en-top-14\/\" target=\"_blank\" rel=\"noopener\">Transferts : Luka Matkava et Ihaia West convoit\u00e9s en Top 14<\/a><\/strong><\/li>\n<\/ul>\n<h2 style=\"text-align: justify;\">Melvyn Jaminet convoqu\u00e9 par le RC Toulon le 19 juillet<\/h2>\n<p style=\"text-align: justify;\">Ainsi, <strong>Melvyn<\/strong> <strong>Jaminet<\/strong> sera convoqu\u00e9 devant une commission f\u00e9d\u00e9rale pour \u00e9voquer son avenir en <strong>Bleu<\/strong>. Selon plusieurs sources, il ne devrait plus jamais porter le maillot du <strong>XV de France<\/strong>, alors qu&rsquo;il n&rsquo;a que 25 ans. L&rsquo;arri\u00e8re a d\u00e9j\u00e0 inscrit plus de 200 points en avec la s\u00e9lection nationale en 20 apparitions. Plus titulaire depuis l&rsquo;av\u00e8nement de <strong>Thomas<\/strong> <strong>Ramos<\/strong>, il devrait donc \u00eatre contraint de tirer un trait sur sa carri\u00e8re internationale.<\/p>\n<p style=\"text-align: justify;\">Si son avenir avec le <strong>XV<\/strong> <strong>de<\/strong> <strong>France<\/strong> est sombre, c&rsquo;est \u00e0 peu de chose pr\u00e8s la m\u00eame chose au <strong>RC<\/strong> <strong>Toulon<\/strong>. Apr\u00e8s la publication de la vid\u00e9o, les supporters du club varois ont demand\u00e9 \u00e0 ce que <strong>Melvyn<\/strong> <strong>Jaminet<\/strong> ne rejoue plus sous leurs couleurs. La direction du <strong>RCT<\/strong> vient de le convoquer \u00e0 un entretien pr\u00e9alable \u00e0 une sanction sans que l&rsquo;on sache pour le moment ce qui l&rsquo;attend. Alors qu&rsquo;il lui reste quatre ans de contrat, il pourrait \u00eatre sanctionn\u00e9 financi\u00e8rement, mis \u00e0 pied ou m\u00eame licenci\u00e9 pour faute grave.<\/p>\n<blockquote class=\"twitter-tweet\">\n<p dir=\"ltr\" lang=\"zxx\"><a href=\"https:\/\/t.co\/Q5jvAA3jWe\">https:\/\/t.co\/Q5jvAA3jWe<\/a><\/p>\n<p>\u2014 Nicolas Jacquemard (@Nico_Jacquemard) <a href=\"https:\/\/twitter.com\/Nico_Jacquemard\/status\/1812763984602267788?ref_src=twsrc%5Etfw\">July 15, 2024<\/a><\/p><\/blockquote>\n<p style=\"text-align: justify;\"><script async src=\"https:\/\/platform.twitter.com\/widgets.js\" charset=\"utf-8\"><\/script><\/p>\n","protected":false},"excerpt":{"rendered":"<p>TOP 14 2024-2025 &#8211; Selon L&rsquo;\u00c9quipe, Melvyn Jaminet a \u00e9t\u00e9 convoqu\u00e9 par le RC Toulon le 19 juillet prochain.\u00a0<\/p>\n","protected":false},"author":1,"featured_media":500709,"comment_status":"open","ping_status":"closed","sticky":false,"template":"","format":"standard","meta":{"_acf_changed":false,"_daextam_enable_autolinks":"1","footnotes":""},"categories":[9129,47050],"tags":[16878,18144,3078,216],"class_list":["post-500703","post","type-post","status-publish","format-standard","has-post-thumbnail","hentry","category-rugby-a-xv","category-top-14","tag-breve","tag-melvyn-jaminet","tag-rc-toulon","tag-rct"],"acf":[],"yoast_head":"<!-- This site is optimized with the Yoast SEO Premium plugin v26.7 (Yoast SEO v26.7) - https:\/\/yoast.com\/wordpress\/plugins\/seo\/ -->\n<title>Transferts RC Toulon : Melvyn Jaminet bient\u00f4t fix\u00e9 pour son avenir<\/title>\n<meta name=\"description\" content=\"TOP 14 2024-2025 - Selon L&#039;\u00c9quipe, Melvyn Jaminet a \u00e9t\u00e9 convoqu\u00e9 par le RC Toulon le 19 juillet prochain.\u00a0\" \/>\n<meta name=\"robots\" content=\"index, follow, max-snippet:-1, max-image-preview:large, max-video-preview:-1\" \/>\n<link rel=\"canonical\" href=\"https:\/\/dicodusport.fr\/blog\/transferts-rc-toulon-melvyn-jaminet-bientot-fixe-pour-son-avenir\/\" \/>\n<meta property=\"og:locale\" content=\"fr_FR\" \/>\n<meta property=\"og:type\" content=\"article\" \/>\n<meta property=\"og:title\" content=\"Transferts RC Toulon : Melvyn Jaminet bient\u00f4t fix\u00e9 pour son avenir\" \/>\n<meta property=\"og:description\" content=\"TOP 14 2024-2025 - Selon L&#039;\u00c9quipe, Melvyn Jaminet a \u00e9t\u00e9 convoqu\u00e9 par le RC Toulon le 19 juillet prochain.\u00a0\" \/>\n<meta property=\"og:url\" content=\"https:\/\/dicodusport.fr\/blog\/transferts-rc-toulon-melvyn-jaminet-bientot-fixe-pour-son-avenir\/\" \/>\n<meta property=\"og:site_name\" content=\"Dicodusport\" \/>\n<meta property=\"article:publisher\" content=\"https:\/\/www.facebook.com\/dicodusport\" \/>\n<meta property=\"article:author\" content=\"https:\/\/www.facebook.com\/dicodusport\" \/>\n<meta property=\"article:published_time\" content=\"2024-07-15T08:25:15+00:00\" \/>\n<meta property=\"article:modified_time\" content=\"2024-07-15T08:39:20+00:00\" \/>\n<meta property=\"og:image\" content=\"https:\/\/dicodusport.fr\/blog\/wp-content\/uploads\/2024\/07\/Transferts-RC-Toulon-Melvyn-Jaminet-bientot-fixe-pour-son-avenir.png\" \/>\n\t<meta property=\"og:image:width\" content=\"1200\" \/>\n\t<meta property=\"og:image:height\" content=\"674\" \/>\n\t<meta property=\"og:image:type\" content=\"image\/png\" \/>\n<meta name=\"author\" content=\"Nicolas Jacquemard\" \/>\n<meta name=\"twitter:card\" content=\"summary_large_image\" \/>\n<meta name=\"twitter:title\" content=\"Transferts RC Toulon : Melvyn Jaminet bient\u00f4t fix\u00e9 pour son avenir\" \/>\n<meta name=\"twitter:creator\" content=\"@https:\/\/twitter.com\/Nico_Jacquemard\" \/>\n<meta name=\"twitter:site\" content=\"@dicodusport\" \/>\n<script type=\"application\/ld+json\" class=\"yoast-schema-graph\">{\"@context\":\"https:\/\/schema.org\",\"@graph\":[{\"@type\":\"NewsArticle\",\"@id\":\"https:\/\/dicodusport.fr\/blog\/transferts-rc-toulon-melvyn-jaminet-bientot-fixe-pour-son-avenir\/#article\",\"isPartOf\":{\"@id\":\"https:\/\/dicodusport.fr\/blog\/transferts-rc-toulon-melvyn-jaminet-bientot-fixe-pour-son-avenir\/\"},\"author\":{\"name\":\"Nicolas Jacquemard\",\"@id\":\"https:\/\/dicodusport.fr\/blog\/#\/schema\/person\/55dcb50ad410894e431ed812bbb70191\"},\"headline\":\"Transferts RC Toulon : Melvyn Jaminet bient\u00f4t fix\u00e9 pour son avenir\",\"datePublished\":\"2024-07-15T08:25:15+00:00\",\"dateModified\":\"2024-07-15T08:39:20+00:00\",\"mainEntityOfPage\":{\"@id\":\"https:\/\/dicodusport.fr\/blog\/transferts-rc-toulon-melvyn-jaminet-bientot-fixe-pour-son-avenir\/\"},\"wordCount\":313,\"commentCount\":0,\"publisher\":{\"@id\":\"https:\/\/dicodusport.fr\/blog\/#organization\"},\"image\":{\"@id\":\"https:\/\/dicodusport.fr\/blog\/transferts-rc-toulon-melvyn-jaminet-bientot-fixe-pour-son-avenir\/#primaryimage\"},\"thumbnailUrl\":\"https:\/\/dicodusport.fr\/blog\/wp-content\/uploads\/2024\/07\/Transferts-RC-Toulon-Melvyn-Jaminet-bientot-fixe-pour-son-avenir.png\",\"keywords\":[\"br\u00e8ve\",\"Melvyn Jaminet\",\"RC Toulon\",\"RCT\"],\"articleSection\":[\"Rugby \u00e0 XV\",\"Top 14\"],\"inLanguage\":\"fr-FR\",\"potentialAction\":[{\"@type\":\"CommentAction\",\"name\":\"Comment\",\"target\":[\"https:\/\/dicodusport.fr\/blog\/transferts-rc-toulon-melvyn-jaminet-bientot-fixe-pour-son-avenir\/#respond\"]}],\"copyrightYear\":\"2024\",\"copyrightHolder\":{\"@id\":\"https:\/\/dicodusport.fr\/blog\/#organization\"}},{\"@type\":\"WebPage\",\"@id\":\"https:\/\/dicodusport.fr\/blog\/transferts-rc-toulon-melvyn-jaminet-bientot-fixe-pour-son-avenir\/\",\"url\":\"https:\/\/dicodusport.fr\/blog\/transferts-rc-toulon-melvyn-jaminet-bientot-fixe-pour-son-avenir\/\",\"name\":\"Transferts RC Toulon : Melvyn Jaminet bient\u00f4t fix\u00e9 pour son avenir\",\"isPartOf\":{\"@id\":\"https:\/\/dicodusport.fr\/blog\/#website\"},\"primaryImageOfPage\":{\"@id\":\"https:\/\/dicodusport.fr\/blog\/transferts-rc-toulon-melvyn-jaminet-bientot-fixe-pour-son-avenir\/#primaryimage\"},\"image\":{\"@id\":\"https:\/\/dicodusport.fr\/blog\/transferts-rc-toulon-melvyn-jaminet-bientot-fixe-pour-son-avenir\/#primaryimage\"},\"thumbnailUrl\":\"https:\/\/dicodusport.fr\/blog\/wp-content\/uploads\/2024\/07\/Transferts-RC-Toulon-Melvyn-Jaminet-bientot-fixe-pour-son-avenir.png\",\"datePublished\":\"2024-07-15T08:25:15+00:00\",\"dateModified\":\"2024-07-15T08:39:20+00:00\",\"description\":\"TOP 14 2024-2025 - Selon L'\u00c9quipe, Melvyn Jaminet a \u00e9t\u00e9 convoqu\u00e9 par le RC Toulon le 19 juillet prochain.\u00a0\",\"breadcrumb\":{\"@id\":\"https:\/\/dicodusport.fr\/blog\/transferts-rc-toulon-melvyn-jaminet-bientot-fixe-pour-son-avenir\/#breadcrumb\"},\"inLanguage\":\"fr-FR\",\"potentialAction\":[{\"@type\":\"ReadAction\",\"target\":[\"https:\/\/dicodusport.fr\/blog\/transferts-rc-toulon-melvyn-jaminet-bientot-fixe-pour-son-avenir\/\"]}]},{\"@type\":\"ImageObject\",\"inLanguage\":\"fr-FR\",\"@id\":\"https:\/\/dicodusport.fr\/blog\/transferts-rc-toulon-melvyn-jaminet-bientot-fixe-pour-son-avenir\/#primaryimage\",\"url\":\"https:\/\/dicodusport.fr\/blog\/wp-content\/uploads\/2024\/07\/Transferts-RC-Toulon-Melvyn-Jaminet-bientot-fixe-pour-son-avenir.png\",\"contentUrl\":\"https:\/\/dicodusport.fr\/blog\/wp-content\/uploads\/2024\/07\/Transferts-RC-Toulon-Melvyn-Jaminet-bientot-fixe-pour-son-avenir.png\",\"width\":1200,\"height\":674},{\"@type\":\"BreadcrumbList\",\"@id\":\"https:\/\/dicodusport.fr\/blog\/transferts-rc-toulon-melvyn-jaminet-bientot-fixe-pour-son-avenir\/#breadcrumb\",\"itemListElement\":[{\"@type\":\"ListItem\",\"position\":1,\"name\":\"Accueil\",\"item\":\"https:\/\/dicodusport.fr\/blog\/\"},{\"@type\":\"ListItem\",\"position\":2,\"name\":\"Transferts RC Toulon : Melvyn Jaminet bient\u00f4t fix\u00e9 pour son avenir\"}]},{\"@type\":\"WebSite\",\"@id\":\"https:\/\/dicodusport.fr\/blog\/#website\",\"url\":\"https:\/\/dicodusport.fr\/blog\/\",\"name\":\"Dicodusport\",\"description\":\"L&#039;encyclop\u00e9die de l&#039;actualit\u00e9 sportive\",\"publisher\":{\"@id\":\"https:\/\/dicodusport.fr\/blog\/#organization\"},\"potentialAction\":[{\"@type\":\"SearchAction\",\"target\":{\"@type\":\"EntryPoint\",\"urlTemplate\":\"https:\/\/dicodusport.fr\/blog\/?s={search_term_string}\"},\"query-input\":{\"@type\":\"PropertyValueSpecification\",\"valueRequired\":true,\"valueName\":\"search_term_string\"}}],\"inLanguage\":\"fr-FR\"},{\"@type\":\"NewsMediaOrganization\",\"@id\":\"https:\/\/dicodusport.fr\/blog\/#organization\",\"name\":\"Dicodusport\",\"url\":\"https:\/\/dicodusport.fr\/blog\/\",\"logo\":{\"@type\":\"ImageObject\",\"inLanguage\":\"fr-FR\",\"@id\":\"https:\/\/dicodusport.fr\/blog\/#\/schema\/logo\/image\/\",\"url\":\"https:\/\/dicodusport.fr\/blog\/wp-content\/uploads\/2020\/06\/cropped-LOGO-DICODUSPORT-2020-SANS-FOND-SANS-TEXTE.png\",\"contentUrl\":\"https:\/\/dicodusport.fr\/blog\/wp-content\/uploads\/2020\/06\/cropped-LOGO-DICODUSPORT-2020-SANS-FOND-SANS-TEXTE.png\",\"width\":512,\"height\":512,\"caption\":\"Dicodusport\"},\"image\":{\"@id\":\"https:\/\/dicodusport.fr\/blog\/#\/schema\/logo\/image\/\"},\"sameAs\":[\"https:\/\/www.facebook.com\/dicodusport\",\"https:\/\/x.com\/dicodusport\",\"https:\/\/www.instagram.com\/dicodusport\/\",\"https:\/\/www.youtube.com\/channel\/UC7V2KZ5sd3htJivAbA4ZG3w\"],\"description\":\"Dicodusport est l'encyclop\u00e9die de l'actualit\u00e9 sportive.\",\"email\":\"bonjour@dicodusport.fr\",\"legalName\":\"DICODUSPORT\",\"foundingDate\":\"2018-01-14\",\"vatID\":\"FR71834470973\",\"taxID\":\"83447097300043\",\"numberOfEmployees\":{\"@type\":\"QuantitativeValue\",\"minValue\":\"1\",\"maxValue\":\"10\"}},{\"@type\":\"Person\",\"@id\":\"https:\/\/dicodusport.fr\/blog\/#\/schema\/person\/55dcb50ad410894e431ed812bbb70191\",\"name\":\"Nicolas Jacquemard\",\"image\":{\"@type\":\"ImageObject\",\"inLanguage\":\"fr-FR\",\"@id\":\"https:\/\/dicodusport.fr\/blog\/#\/schema\/person\/image\/\",\"url\":\"https:\/\/dicodusport.fr\/blog\/wp-content\/uploads\/2021\/05\/Nicolas-Jacquemard-150x150.jpeg\",\"contentUrl\":\"https:\/\/dicodusport.fr\/blog\/wp-content\/uploads\/2021\/05\/Nicolas-Jacquemard-150x150.jpeg\",\"caption\":\"Nicolas Jacquemard\"},\"description\":\"Passionn\u00e9 de sport et entrepreneur depuis mes 18 ans, la cr\u00e9ation de Dicodusport m'a sembl\u00e9 \u00e9vidente pour participer \u00e0 la m\u00e9diatisation d'un plus grand nombre de sports. Le chemin est long mais avec une \u00e9quipe des plus motiv\u00e9es et les Jeux Olympiques de Paris 2024 en point de mire, nous y arriverons ! Journaliste dans le monde du sport depuis plus de 5 ans, je traite aussi bien de football, de rugby, de biathlon que de cyclisme.\",\"sameAs\":[\"https:\/\/www.facebook.com\/dicodusport\",\"https:\/\/x.com\/https:\/\/twitter.com\/Nico_Jacquemard\"],\"url\":\"https:\/\/dicodusport.fr\/blog\/author\/dicodusport\/\"}]}<\/script>\n<!-- \/ Yoast SEO Premium plugin. -->","yoast_head_json":{"title":"Transferts RC Toulon : Melvyn Jaminet bient\u00f4t fix\u00e9 pour son avenir","description":"TOP 14 2024-2025 - Selon L'\u00c9quipe, Melvyn Jaminet a \u00e9t\u00e9 convoqu\u00e9 par le RC Toulon le 19 juillet prochain.\u00a0","robots":{"index":"index","follow":"follow","max-snippet":"max-snippet:-1","max-image-preview":"max-image-preview:large","max-video-preview":"max-video-preview:-1"},"canonical":"https:\/\/dicodusport.fr\/blog\/transferts-rc-toulon-melvyn-jaminet-bientot-fixe-pour-son-avenir\/","og_locale":"fr_FR","og_type":"article","og_title":"Transferts RC Toulon : Melvyn Jaminet bient\u00f4t fix\u00e9 pour son avenir","og_description":"TOP 14 2024-2025 - Selon L'\u00c9quipe, Melvyn Jaminet a \u00e9t\u00e9 convoqu\u00e9 par le RC Toulon le 19 juillet prochain.\u00a0","og_url":"https:\/\/dicodusport.fr\/blog\/transferts-rc-toulon-melvyn-jaminet-bientot-fixe-pour-son-avenir\/","og_site_name":"Dicodusport","article_publisher":"https:\/\/www.facebook.com\/dicodusport","article_author":"https:\/\/www.facebook.com\/dicodusport","article_published_time":"2024-07-15T08:25:15+00:00","article_modified_time":"2024-07-15T08:39:20+00:00","og_image":[{"width":1200,"height":674,"url":"https:\/\/dicodusport.fr\/blog\/wp-content\/uploads\/2024\/07\/Transferts-RC-Toulon-Melvyn-Jaminet-bientot-fixe-pour-son-avenir.png","type":"image\/png"}],"author":"Nicolas Jacquemard","twitter_card":"summary_large_image","twitter_title":"Transferts RC Toulon : Melvyn Jaminet bient\u00f4t fix\u00e9 pour son avenir","twitter_creator":"@https:\/\/twitter.com\/Nico_Jacquemard","twitter_site":"@dicodusport","schema":{"@context":"https:\/\/schema.org","@graph":[{"@type":"NewsArticle","@id":"https:\/\/dicodusport.fr\/blog\/transferts-rc-toulon-melvyn-jaminet-bientot-fixe-pour-son-avenir\/#article","isPartOf":{"@id":"https:\/\/dicodusport.fr\/blog\/transferts-rc-toulon-melvyn-jaminet-bientot-fixe-pour-son-avenir\/"},"author":{"name":"Nicolas Jacquemard","@id":"https:\/\/dicodusport.fr\/blog\/#\/schema\/person\/55dcb50ad410894e431ed812bbb70191"},"headline":"Transferts RC Toulon : Melvyn Jaminet bient\u00f4t fix\u00e9 pour son avenir","datePublished":"2024-07-15T08:25:15+00:00","dateModified":"2024-07-15T08:39:20+00:00","mainEntityOfPage":{"@id":"https:\/\/dicodusport.fr\/blog\/transferts-rc-toulon-melvyn-jaminet-bientot-fixe-pour-son-avenir\/"},"wordCount":313,"commentCount":0,"publisher":{"@id":"https:\/\/dicodusport.fr\/blog\/#organization"},"image":{"@id":"https:\/\/dicodusport.fr\/blog\/transferts-rc-toulon-melvyn-jaminet-bientot-fixe-pour-son-avenir\/#primaryimage"},"thumbnailUrl":"https:\/\/dicodusport.fr\/blog\/wp-content\/uploads\/2024\/07\/Transferts-RC-Toulon-Melvyn-Jaminet-bientot-fixe-pour-son-avenir.png","keywords":["br\u00e8ve","Melvyn Jaminet","RC Toulon","RCT"],"articleSection":["Rugby \u00e0 XV","Top 14"],"inLanguage":"fr-FR","potentialAction":[{"@type":"CommentAction","name":"Comment","target":["https:\/\/dicodusport.fr\/blog\/transferts-rc-toulon-melvyn-jaminet-bientot-fixe-pour-son-avenir\/#respond"]}],"copyrightYear":"2024","copyrightHolder":{"@id":"https:\/\/dicodusport.fr\/blog\/#organization"}},{"@type":"WebPage","@id":"https:\/\/dicodusport.fr\/blog\/transferts-rc-toulon-melvyn-jaminet-bientot-fixe-pour-son-avenir\/","url":"https:\/\/dicodusport.fr\/blog\/transferts-rc-toulon-melvyn-jaminet-bientot-fixe-pour-son-avenir\/","name":"Transferts RC Toulon : Melvyn Jaminet bient\u00f4t fix\u00e9 pour son avenir","isPartOf":{"@id":"https:\/\/dicodusport.fr\/blog\/#website"},"primaryImageOfPage":{"@id":"https:\/\/dicodusport.fr\/blog\/transferts-rc-toulon-melvyn-jaminet-bientot-fixe-pour-son-avenir\/#primaryimage"},"image":{"@id":"https:\/\/dicodusport.fr\/blog\/transferts-rc-toulon-melvyn-jaminet-bientot-fixe-pour-son-avenir\/#primaryimage"},"thumbnailUrl":"https:\/\/dicodusport.fr\/blog\/wp-content\/uploads\/2024\/07\/Transferts-RC-Toulon-Melvyn-Jaminet-bientot-fixe-pour-son-avenir.png","datePublished":"2024-07-15T08:25:15+00:00","dateModified":"2024-07-15T08:39:20+00:00","description":"TOP 14 2024-2025 - Selon L'\u00c9quipe, Melvyn Jaminet a \u00e9t\u00e9 convoqu\u00e9 par le RC Toulon le 19 juillet prochain.\u00a0","breadcrumb":{"@id":"https:\/\/dicodusport.fr\/blog\/transferts-rc-toulon-melvyn-jaminet-bientot-fixe-pour-son-avenir\/#breadcrumb"},"inLanguage":"fr-FR","potentialAction":[{"@type":"ReadAction","target":["https:\/\/dicodusport.fr\/blog\/transferts-rc-toulon-melvyn-jaminet-bientot-fixe-pour-son-avenir\/"]}]},{"@type":"ImageObject","inLanguage":"fr-FR","@id":"https:\/\/dicodusport.fr\/blog\/transferts-rc-toulon-melvyn-jaminet-bientot-fixe-pour-son-avenir\/#primaryimage","url":"https:\/\/dicodusport.fr\/blog\/wp-content\/uploads\/2024\/07\/Transferts-RC-Toulon-Melvyn-Jaminet-bientot-fixe-pour-son-avenir.png","contentUrl":"https:\/\/dicodusport.fr\/blog\/wp-content\/uploads\/2024\/07\/Transferts-RC-Toulon-Melvyn-Jaminet-bientot-fixe-pour-son-avenir.png","width":1200,"height":674},{"@type":"BreadcrumbList","@id":"https:\/\/dicodusport.fr\/blog\/transferts-rc-toulon-melvyn-jaminet-bientot-fixe-pour-son-avenir\/#breadcrumb","itemListElement":[{"@type":"ListItem","position":1,"name":"Accueil","item":"https:\/\/dicodusport.fr\/blog\/"},{"@type":"ListItem","position":2,"name":"Transferts RC Toulon : Melvyn Jaminet bient\u00f4t fix\u00e9 pour son avenir"}]},{"@type":"WebSite","@id":"https:\/\/dicodusport.fr\/blog\/#website","url":"https:\/\/dicodusport.fr\/blog\/","name":"Dicodusport","description":"L&#039;encyclop\u00e9die de l&#039;actualit\u00e9 sportive","publisher":{"@id":"https:\/\/dicodusport.fr\/blog\/#organization"},"potentialAction":[{"@type":"SearchAction","target":{"@type":"EntryPoint","urlTemplate":"https:\/\/dicodusport.fr\/blog\/?s={search_term_string}"},"query-input":{"@type":"PropertyValueSpecification","valueRequired":true,"valueName":"search_term_string"}}],"inLanguage":"fr-FR"},{"@type":"NewsMediaOrganization","@id":"https:\/\/dicodusport.fr\/blog\/#organization","name":"Dicodusport","url":"https:\/\/dicodusport.fr\/blog\/","logo":{"@type":"ImageObject","inLanguage":"fr-FR","@id":"https:\/\/dicodusport.fr\/blog\/#\/schema\/logo\/image\/","url":"https:\/\/dicodusport.fr\/blog\/wp-content\/uploads\/2020\/06\/cropped-LOGO-DICODUSPORT-2020-SANS-FOND-SANS-TEXTE.png","contentUrl":"https:\/\/dicodusport.fr\/blog\/wp-content\/uploads\/2020\/06\/cropped-LOGO-DICODUSPORT-2020-SANS-FOND-SANS-TEXTE.png","width":512,"height":512,"caption":"Dicodusport"},"image":{"@id":"https:\/\/dicodusport.fr\/blog\/#\/schema\/logo\/image\/"},"sameAs":["https:\/\/www.facebook.com\/dicodusport","https:\/\/x.com\/dicodusport","https:\/\/www.instagram.com\/dicodusport\/","https:\/\/www.youtube.com\/channel\/UC7V2KZ5sd3htJivAbA4ZG3w"],"description":"Dicodusport est l'encyclop\u00e9die de l'actualit\u00e9 sportive.","email":"bonjour@dicodusport.fr","legalName":"DICODUSPORT","foundingDate":"2018-01-14","vatID":"FR71834470973","taxID":"83447097300043","numberOfEmployees":{"@type":"QuantitativeValue","minValue":"1","maxValue":"10"}},{"@type":"Person","@id":"https:\/\/dicodusport.fr\/blog\/#\/schema\/person\/55dcb50ad410894e431ed812bbb70191","name":"Nicolas Jacquemard","image":{"@type":"ImageObject","inLanguage":"fr-FR","@id":"https:\/\/dicodusport.fr\/blog\/#\/schema\/person\/image\/","url":"https:\/\/dicodusport.fr\/blog\/wp-content\/uploads\/2021\/05\/Nicolas-Jacquemard-150x150.jpeg","contentUrl":"https:\/\/dicodusport.fr\/blog\/wp-content\/uploads\/2021\/05\/Nicolas-Jacquemard-150x150.jpeg","caption":"Nicolas Jacquemard"},"description":"Passionn\u00e9 de sport et entrepreneur depuis mes 18 ans, la cr\u00e9ation de Dicodusport m'a sembl\u00e9 \u00e9vidente pour participer \u00e0 la m\u00e9diatisation d'un plus grand nombre de sports. Le chemin est long mais avec une \u00e9quipe des plus motiv\u00e9es et les Jeux Olympiques de Paris 2024 en point de mire, nous y arriverons ! Journaliste dans le monde du sport depuis plus de 5 ans, je traite aussi bien de football, de rugby, de biathlon que de cyclisme.","sameAs":["https:\/\/www.facebook.com\/dicodusport","https:\/\/x.com\/https:\/\/twitter.com\/Nico_Jacquemard"],"url":"https:\/\/dicodusport.fr\/blog\/author\/dicodusport\/"}]}},"_links":{"self":[{"href":"https:\/\/dicodusport.fr\/blog\/wp-json\/wp\/v2\/posts\/500703","targetHints":{"allow":["GET"]}}],"collection":[{"href":"https:\/\/dicodusport.fr\/blog\/wp-json\/wp\/v2\/posts"}],"about":[{"href":"https:\/\/dicodusport.fr\/blog\/wp-json\/wp\/v2\/types\/post"}],"author":[{"embeddable":true,"href":"https:\/\/dicodusport.fr\/blog\/wp-json\/wp\/v2\/users\/1"}],"replies":[{"embeddable":true,"href":"https:\/\/dicodusport.fr\/blog\/wp-json\/wp\/v2\/comments?post=500703"}],"version-history":[{"count":2,"href":"https:\/\/dicodusport.fr\/blog\/wp-json\/wp\/v2\/posts\/500703\/revisions"}],"predecessor-version":[{"id":500711,"href":"https:\/\/dicodusport.fr\/blog\/wp-json\/wp\/v2\/posts\/500703\/revisions\/500711"}],"wp:featuredmedia":[{"embeddable":true,"href":"https:\/\/dicodusport.fr\/blog\/wp-json\/wp\/v2\/media\/500709"}],"wp:attachment":[{"href":"https:\/\/dicodusport.fr\/blog\/wp-json\/wp\/v2\/media?parent=500703"}],"wp:term":[{"taxonomy":"category","embeddable":true,"href":"https:\/\/dicodusport.fr\/blog\/wp-json\/wp\/v2\/categories?post=500703"},{"taxonomy":"post_tag","embeddable":true,"href":"https:\/\/dicodusport.fr\/blog\/wp-json\/wp\/v2\/tags?post=500703"}],"curies":[{"name":"wp","href":"https:\/\/api.w.org\/{rel}","templated":true}]}}