{"id":500789,"date":"2024-07-15T18:18:28","date_gmt":"2024-07-15T16:18:28","guid":{"rendered":"https:\/\/dicodusport.fr\/blog\/?p=500789&#038;preview=true&#038;preview_id=500789"},"modified":"2024-07-15T19:07:27","modified_gmt":"2024-07-15T17:07:27","slug":"transferts-cyclisme-avenir-scelle-pour-romain-gregoire","status":"publish","type":"post","link":"https:\/\/dicodusport.fr\/blog\/transferts-cyclisme-avenir-scelle-pour-romain-gregoire\/","title":{"rendered":"Transferts Cyclisme : Avenir scell\u00e9 pour Romain Gr\u00e9goire"},"content":{"rendered":"<p style=\"text-align: justify;\"><strong><em>CYCLISME SUR ROUTE &#8211; Ce lundi, la Groupama-FDJ a annonc\u00e9 la prolongation pour une dur\u00e9e de trois ans de l&rsquo;un de ses nouveaux fers de lance, Romain Gr\u00e9goire.\u00a0<\/em><\/strong><\/p>\n<ul style=\"text-align: justify;\">\n<li style=\"text-align: justify;\"><strong>\u00c0 voir \u00e9galement : <a href=\"https:\/\/dicodusport.fr\/blog\/actualites\/cyclisme\/\">Toute l&rsquo;actualit\u00e9 du cyclisme<\/a><\/strong><\/li>\n<\/ul>\n<p style=\"text-align: justify;\">Si la <strong>Groupama-FDJ<\/strong> est sur le point de perdre plusieurs jeunes coureurs form\u00e9s au sien de la Conti, \u00e0 l&rsquo;instar de Lenny Martinez ou Laurence Pithie, la formation de <strong>Marc Madiot<\/strong> pourra toujours compter sur l&rsquo;un de ses prot\u00e9g\u00e9s pour l&rsquo;avenir. Comme cela est souvent le cas, le lundi de repos sur le Tour de France a \u00e9t\u00e9 l&rsquo;occasion d&rsquo;annoncer une excellente nouvelle : la prolongation de <strong>Romain Gr\u00e9goire<\/strong>.<\/p>\n<h2 style=\"text-align: justify;\">Romain Gr\u00e9goire jusqu&rsquo;en 2027<\/h2>\n<p style=\"text-align: justify;\">Depuis qu&rsquo;il a int\u00e9gr\u00e9 l&rsquo;\u00e9quipe World Tour en d\u00e9but d&rsquo;ann\u00e9e derni\u00e8re, le coureur de 21 ans s&rsquo;est affirm\u00e9 comme un v\u00e9ritable leader, avec des perspectives d&rsquo;avenir exceptionnelles, notamment sur les classiques. Alors qu&rsquo;il dispute actuellement sa premi\u00e8re Grande Boucle, il a donc sign\u00e9 une prolongation de contrat de trois ans avec son \u00e9quipe actuelle. Ainsi, le mariage entre Gr\u00e9goire et la Groupama-FDJ va se prolonger jusqu&rsquo;en 2027. De quoi pousser un ouf de soulagement pour cette derni\u00e8re, qui a \u00e9galement prolong\u00e9 <strong>Kevin Geniets<\/strong>, et qui serait en passe de boucler <a href=\"https:\/\/dicodusport.fr\/blog\/transferts-cyclisme-guillaume-martin-vers-groupama-fdj\/\">l&rsquo;arriv\u00e9e de <strong>Guillaume Martin<\/strong><\/a>.<\/p>\n<p style=\"text-align: justify;\">D\u00e9j\u00e0 auteur de cinq succ\u00e8s en 2023, et <a href=\"https:\/\/dicodusport.fr\/blog\/tour-du-pays-basque-2024-romain-gregoire-remporte-la-5e-etape\/\">vainqueur de sa premi\u00e8re course World Tour sur le Tour du Pays Basque<\/a>, Gr\u00e9goire sera d\u00e9finitivement l&rsquo;un des nouveaux visages de la formation tricolore.<\/p>\n<blockquote class=\"twitter-tweet\">\n<p dir=\"ltr\" lang=\"fr\">\ud835\udc11\ud835\udc28\ud835\udc26\ud835\udc1a\ud835\udc22\ud835\udc27 \ud835\udc06\ud835\udc2b\ud835\udc1e\u0301\ud835\udc20\ud835\udc28\ud835\udc22\ud835\udc2b\ud835\udc1e \ud835\udfda\ud835\udfd8\ud835\udfda\ud835\udfdf \ud83d\udd8a <a href=\"https:\/\/t.co\/eEkxkrkSB3\">pic.twitter.com\/eEkxkrkSB3<\/a><\/p>\n<p>\u2014 \u00c9quipe Cycliste Groupama-FDJ (@GroupamaFDJ) <a href=\"https:\/\/twitter.com\/GroupamaFDJ\/status\/1812879824006025717?ref_src=twsrc%5Etfw\">July 15, 2024<\/a><\/p><\/blockquote>\n<p><script async src=\"https:\/\/platform.twitter.com\/widgets.js\" charset=\"utf-8\"><\/script><\/p>\n<ul>\n<li style=\"text-align: justify;\"><strong>\u00c0 voir \u00e9galement : <a href=\"https:\/\/dicodusport.fr\/blog\/cyclisme-mercato-2024-2025-tableau-des-transferts\/\">Cyclisme Mercato 2024-2025 \u2013 Tableau des transferts<\/a><\/strong><\/li>\n<\/ul>\n","protected":false},"excerpt":{"rendered":"<p>CYCLISME SUR ROUTE &#8211; Ce lundi, la Groupama-FDJ a annonc\u00e9 la prolongation pour une dur\u00e9e de trois ans de l&rsquo;un de ses nouveaux fers de lance, Romain Gr\u00e9goire.\u00a0<\/p>\n","protected":false},"author":55,"featured_media":500791,"comment_status":"open","ping_status":"closed","sticky":false,"template":"","format":"standard","meta":{"_acf_changed":false,"_daextam_enable_autolinks":"1","footnotes":""},"categories":[46994],"tags":[32415,16878,574,3279,19485],"class_list":["post-500789","post","type-post","status-publish","format-standard","has-post-thumbnail","hentry","category-cyclisme-sur-route","tag-actu","tag-breve","tag-cyclisme","tag-groupama-fdj","tag-romain-gregoire"],"acf":[],"yoast_head":"<!-- This site is optimized with the Yoast SEO Premium plugin v26.7 (Yoast SEO v26.7) - https:\/\/yoast.com\/wordpress\/plugins\/seo\/ -->\n<title>Transferts Cyclisme : Avenir scell\u00e9 pour Romain Gr\u00e9goire<\/title>\n<meta name=\"description\" content=\"CYCLISME SUR ROUTE - La Groupama-FDJ est parvenue \u00e0 conserver Romain Gr\u00e9goire et pourra compter sur le Tricolore sur le long terme.\" \/>\n<meta name=\"robots\" content=\"index, follow, max-snippet:-1, max-image-preview:large, max-video-preview:-1\" \/>\n<link rel=\"canonical\" href=\"https:\/\/dicodusport.fr\/blog\/transferts-cyclisme-avenir-scelle-pour-romain-gregoire\/\" \/>\n<meta property=\"og:locale\" content=\"fr_FR\" \/>\n<meta property=\"og:type\" content=\"article\" \/>\n<meta property=\"og:title\" content=\"Transferts Cyclisme : Avenir scell\u00e9 pour Romain Gr\u00e9goire\" \/>\n<meta property=\"og:description\" content=\"CYCLISME SUR ROUTE - La Groupama-FDJ est parvenue \u00e0 conserver Romain Gr\u00e9goire et pourra compter sur le Tricolore sur le long terme.\" \/>\n<meta property=\"og:url\" content=\"https:\/\/dicodusport.fr\/blog\/transferts-cyclisme-avenir-scelle-pour-romain-gregoire\/\" \/>\n<meta property=\"og:site_name\" content=\"Dicodusport\" \/>\n<meta property=\"article:publisher\" content=\"https:\/\/www.facebook.com\/dicodusport\" \/>\n<meta property=\"article:published_time\" content=\"2024-07-15T16:18:28+00:00\" \/>\n<meta property=\"article:modified_time\" content=\"2024-07-15T17:07:27+00:00\" \/>\n<meta property=\"og:image\" content=\"https:\/\/dicodusport.fr\/blog\/wp-content\/uploads\/2024\/07\/Transferts-Cyclisme-Avenir-scelle-pour-Romain-Gregoire.png\" \/>\n\t<meta property=\"og:image:width\" content=\"1200\" \/>\n\t<meta property=\"og:image:height\" content=\"674\" \/>\n\t<meta property=\"og:image:type\" content=\"image\/png\" \/>\n<meta name=\"author\" content=\"Maxime Cazenave\" \/>\n<meta name=\"twitter:card\" content=\"summary_large_image\" \/>\n<meta name=\"twitter:title\" content=\"Transferts Cyclisme : Avenir scell\u00e9 pour Romain Gr\u00e9goire\" \/>\n<meta name=\"twitter:creator\" content=\"@https:\/\/twitter.com\/Maxime_Caze\" \/>\n<meta name=\"twitter:site\" content=\"@dicodusport\" \/>\n<script type=\"application\/ld+json\" class=\"yoast-schema-graph\">{\"@context\":\"https:\/\/schema.org\",\"@graph\":[{\"@type\":\"NewsArticle\",\"@id\":\"https:\/\/dicodusport.fr\/blog\/transferts-cyclisme-avenir-scelle-pour-romain-gregoire\/#article\",\"isPartOf\":{\"@id\":\"https:\/\/dicodusport.fr\/blog\/transferts-cyclisme-avenir-scelle-pour-romain-gregoire\/\"},\"author\":{\"name\":\"Maxime Cazenave\",\"@id\":\"https:\/\/dicodusport.fr\/blog\/#\/schema\/person\/37def232098a7a5cbab3974a3690abb0\"},\"headline\":\"Transferts Cyclisme : Avenir scell\u00e9 pour Romain Gr\u00e9goire\",\"datePublished\":\"2024-07-15T16:18:28+00:00\",\"dateModified\":\"2024-07-15T17:07:27+00:00\",\"mainEntityOfPage\":{\"@id\":\"https:\/\/dicodusport.fr\/blog\/transferts-cyclisme-avenir-scelle-pour-romain-gregoire\/\"},\"wordCount\":290,\"commentCount\":0,\"publisher\":{\"@id\":\"https:\/\/dicodusport.fr\/blog\/#organization\"},\"image\":{\"@id\":\"https:\/\/dicodusport.fr\/blog\/transferts-cyclisme-avenir-scelle-pour-romain-gregoire\/#primaryimage\"},\"thumbnailUrl\":\"https:\/\/dicodusport.fr\/blog\/wp-content\/uploads\/2024\/07\/Transferts-Cyclisme-Avenir-scelle-pour-Romain-Gregoire.png\",\"keywords\":[\"actu\",\"br\u00e8ve\",\"Cyclisme\",\"Groupama FDJ\",\"Romain Gr\u00e9goire\"],\"articleSection\":[\"Cyclisme sur route\"],\"inLanguage\":\"fr-FR\",\"potentialAction\":[{\"@type\":\"CommentAction\",\"name\":\"Comment\",\"target\":[\"https:\/\/dicodusport.fr\/blog\/transferts-cyclisme-avenir-scelle-pour-romain-gregoire\/#respond\"]}],\"copyrightYear\":\"2024\",\"copyrightHolder\":{\"@id\":\"https:\/\/dicodusport.fr\/blog\/#organization\"}},{\"@type\":\"WebPage\",\"@id\":\"https:\/\/dicodusport.fr\/blog\/transferts-cyclisme-avenir-scelle-pour-romain-gregoire\/\",\"url\":\"https:\/\/dicodusport.fr\/blog\/transferts-cyclisme-avenir-scelle-pour-romain-gregoire\/\",\"name\":\"Transferts Cyclisme : Avenir scell\u00e9 pour Romain Gr\u00e9goire\",\"isPartOf\":{\"@id\":\"https:\/\/dicodusport.fr\/blog\/#website\"},\"primaryImageOfPage\":{\"@id\":\"https:\/\/dicodusport.fr\/blog\/transferts-cyclisme-avenir-scelle-pour-romain-gregoire\/#primaryimage\"},\"image\":{\"@id\":\"https:\/\/dicodusport.fr\/blog\/transferts-cyclisme-avenir-scelle-pour-romain-gregoire\/#primaryimage\"},\"thumbnailUrl\":\"https:\/\/dicodusport.fr\/blog\/wp-content\/uploads\/2024\/07\/Transferts-Cyclisme-Avenir-scelle-pour-Romain-Gregoire.png\",\"datePublished\":\"2024-07-15T16:18:28+00:00\",\"dateModified\":\"2024-07-15T17:07:27+00:00\",\"description\":\"CYCLISME SUR ROUTE - La Groupama-FDJ est parvenue \u00e0 conserver Romain Gr\u00e9goire et pourra compter sur le Tricolore sur le long terme.\",\"breadcrumb\":{\"@id\":\"https:\/\/dicodusport.fr\/blog\/transferts-cyclisme-avenir-scelle-pour-romain-gregoire\/#breadcrumb\"},\"inLanguage\":\"fr-FR\",\"potentialAction\":[{\"@type\":\"ReadAction\",\"target\":[\"https:\/\/dicodusport.fr\/blog\/transferts-cyclisme-avenir-scelle-pour-romain-gregoire\/\"]}]},{\"@type\":\"ImageObject\",\"inLanguage\":\"fr-FR\",\"@id\":\"https:\/\/dicodusport.fr\/blog\/transferts-cyclisme-avenir-scelle-pour-romain-gregoire\/#primaryimage\",\"url\":\"https:\/\/dicodusport.fr\/blog\/wp-content\/uploads\/2024\/07\/Transferts-Cyclisme-Avenir-scelle-pour-Romain-Gregoire.png\",\"contentUrl\":\"https:\/\/dicodusport.fr\/blog\/wp-content\/uploads\/2024\/07\/Transferts-Cyclisme-Avenir-scelle-pour-Romain-Gregoire.png\",\"width\":1200,\"height\":674,\"caption\":\"Transferts Cyclisme : Avenir scell\u00e9 pour Romain Gr\u00e9goire\"},{\"@type\":\"BreadcrumbList\",\"@id\":\"https:\/\/dicodusport.fr\/blog\/transferts-cyclisme-avenir-scelle-pour-romain-gregoire\/#breadcrumb\",\"itemListElement\":[{\"@type\":\"ListItem\",\"position\":1,\"name\":\"Accueil\",\"item\":\"https:\/\/dicodusport.fr\/blog\/\"},{\"@type\":\"ListItem\",\"position\":2,\"name\":\"Transferts Cyclisme : Avenir scell\u00e9 pour Romain Gr\u00e9goire\"}]},{\"@type\":\"WebSite\",\"@id\":\"https:\/\/dicodusport.fr\/blog\/#website\",\"url\":\"https:\/\/dicodusport.fr\/blog\/\",\"name\":\"Dicodusport\",\"description\":\"L&#039;encyclop\u00e9die de l&#039;actualit\u00e9 sportive\",\"publisher\":{\"@id\":\"https:\/\/dicodusport.fr\/blog\/#organization\"},\"potentialAction\":[{\"@type\":\"SearchAction\",\"target\":{\"@type\":\"EntryPoint\",\"urlTemplate\":\"https:\/\/dicodusport.fr\/blog\/?s={search_term_string}\"},\"query-input\":{\"@type\":\"PropertyValueSpecification\",\"valueRequired\":true,\"valueName\":\"search_term_string\"}}],\"inLanguage\":\"fr-FR\"},{\"@type\":\"NewsMediaOrganization\",\"@id\":\"https:\/\/dicodusport.fr\/blog\/#organization\",\"name\":\"Dicodusport\",\"url\":\"https:\/\/dicodusport.fr\/blog\/\",\"logo\":{\"@type\":\"ImageObject\",\"inLanguage\":\"fr-FR\",\"@id\":\"https:\/\/dicodusport.fr\/blog\/#\/schema\/logo\/image\/\",\"url\":\"https:\/\/dicodusport.fr\/blog\/wp-content\/uploads\/2020\/06\/cropped-LOGO-DICODUSPORT-2020-SANS-FOND-SANS-TEXTE.png\",\"contentUrl\":\"https:\/\/dicodusport.fr\/blog\/wp-content\/uploads\/2020\/06\/cropped-LOGO-DICODUSPORT-2020-SANS-FOND-SANS-TEXTE.png\",\"width\":512,\"height\":512,\"caption\":\"Dicodusport\"},\"image\":{\"@id\":\"https:\/\/dicodusport.fr\/blog\/#\/schema\/logo\/image\/\"},\"sameAs\":[\"https:\/\/www.facebook.com\/dicodusport\",\"https:\/\/x.com\/dicodusport\",\"https:\/\/www.instagram.com\/dicodusport\/\",\"https:\/\/www.youtube.com\/channel\/UC7V2KZ5sd3htJivAbA4ZG3w\"],\"description\":\"Dicodusport est l'encyclop\u00e9die de l'actualit\u00e9 sportive.\",\"email\":\"bonjour@dicodusport.fr\",\"legalName\":\"DICODUSPORT\",\"foundingDate\":\"2018-01-14\",\"vatID\":\"FR71834470973\",\"taxID\":\"83447097300043\",\"numberOfEmployees\":{\"@type\":\"QuantitativeValue\",\"minValue\":\"1\",\"maxValue\":\"10\"}},{\"@type\":\"Person\",\"@id\":\"https:\/\/dicodusport.fr\/blog\/#\/schema\/person\/37def232098a7a5cbab3974a3690abb0\",\"name\":\"Maxime Cazenave\",\"image\":{\"@type\":\"ImageObject\",\"inLanguage\":\"fr-FR\",\"@id\":\"https:\/\/dicodusport.fr\/blog\/#\/schema\/person\/image\/\",\"url\":\"https:\/\/dicodusport.fr\/blog\/wp-content\/uploads\/2021\/05\/Maxime-Cazenave-150x150.jpg\",\"contentUrl\":\"https:\/\/dicodusport.fr\/blog\/wp-content\/uploads\/2021\/05\/Maxime-Cazenave-150x150.jpg\",\"caption\":\"Maxime Cazenave\"},\"description\":\"Journaliste\/R\u00e9dacteur depuis 2012 - Berc\u00e9 par l\u2019amour des Girondins de Bordeaux, les \u00e9checs de Christophe Moreau sur le Tour de France sous l'\u00e8re Lance Armstrong et le fade-away l\u00e9tal de Dirk Nowitzki, ma passion d\u00e9vorante pour le sport a toujours \u00e9t\u00e9 un pan incontournable de ma vie. Transmettre ma passion \u00e0 l\u2019\u00e9crit a \u00e9t\u00e9 une transition naturelle. Suiveur assidu de basket et de hockey sur glace, je garde toujours un peu de place pour suivre le cyclisme, le football et le maximum de performances fran\u00e7aises.\",\"sameAs\":[\"https:\/\/x.com\/https:\/\/twitter.com\/Maxime_Caze\"],\"url\":\"https:\/\/dicodusport.fr\/blog\/author\/maximec\/\"}]}<\/script>\n<!-- \/ Yoast SEO Premium plugin. -->","yoast_head_json":{"title":"Transferts Cyclisme : Avenir scell\u00e9 pour Romain Gr\u00e9goire","description":"CYCLISME SUR ROUTE - La Groupama-FDJ est parvenue \u00e0 conserver Romain Gr\u00e9goire et pourra compter sur le Tricolore sur le long terme.","robots":{"index":"index","follow":"follow","max-snippet":"max-snippet:-1","max-image-preview":"max-image-preview:large","max-video-preview":"max-video-preview:-1"},"canonical":"https:\/\/dicodusport.fr\/blog\/transferts-cyclisme-avenir-scelle-pour-romain-gregoire\/","og_locale":"fr_FR","og_type":"article","og_title":"Transferts Cyclisme : Avenir scell\u00e9 pour Romain Gr\u00e9goire","og_description":"CYCLISME SUR ROUTE - La Groupama-FDJ est parvenue \u00e0 conserver Romain Gr\u00e9goire et pourra compter sur le Tricolore sur le long terme.","og_url":"https:\/\/dicodusport.fr\/blog\/transferts-cyclisme-avenir-scelle-pour-romain-gregoire\/","og_site_name":"Dicodusport","article_publisher":"https:\/\/www.facebook.com\/dicodusport","article_published_time":"2024-07-15T16:18:28+00:00","article_modified_time":"2024-07-15T17:07:27+00:00","og_image":[{"width":1200,"height":674,"url":"https:\/\/dicodusport.fr\/blog\/wp-content\/uploads\/2024\/07\/Transferts-Cyclisme-Avenir-scelle-pour-Romain-Gregoire.png","type":"image\/png"}],"author":"Maxime Cazenave","twitter_card":"summary_large_image","twitter_title":"Transferts Cyclisme : Avenir scell\u00e9 pour Romain Gr\u00e9goire","twitter_creator":"@https:\/\/twitter.com\/Maxime_Caze","twitter_site":"@dicodusport","schema":{"@context":"https:\/\/schema.org","@graph":[{"@type":"NewsArticle","@id":"https:\/\/dicodusport.fr\/blog\/transferts-cyclisme-avenir-scelle-pour-romain-gregoire\/#article","isPartOf":{"@id":"https:\/\/dicodusport.fr\/blog\/transferts-cyclisme-avenir-scelle-pour-romain-gregoire\/"},"author":{"name":"Maxime Cazenave","@id":"https:\/\/dicodusport.fr\/blog\/#\/schema\/person\/37def232098a7a5cbab3974a3690abb0"},"headline":"Transferts Cyclisme : Avenir scell\u00e9 pour Romain Gr\u00e9goire","datePublished":"2024-07-15T16:18:28+00:00","dateModified":"2024-07-15T17:07:27+00:00","mainEntityOfPage":{"@id":"https:\/\/dicodusport.fr\/blog\/transferts-cyclisme-avenir-scelle-pour-romain-gregoire\/"},"wordCount":290,"commentCount":0,"publisher":{"@id":"https:\/\/dicodusport.fr\/blog\/#organization"},"image":{"@id":"https:\/\/dicodusport.fr\/blog\/transferts-cyclisme-avenir-scelle-pour-romain-gregoire\/#primaryimage"},"thumbnailUrl":"https:\/\/dicodusport.fr\/blog\/wp-content\/uploads\/2024\/07\/Transferts-Cyclisme-Avenir-scelle-pour-Romain-Gregoire.png","keywords":["actu","br\u00e8ve","Cyclisme","Groupama FDJ","Romain Gr\u00e9goire"],"articleSection":["Cyclisme sur route"],"inLanguage":"fr-FR","potentialAction":[{"@type":"CommentAction","name":"Comment","target":["https:\/\/dicodusport.fr\/blog\/transferts-cyclisme-avenir-scelle-pour-romain-gregoire\/#respond"]}],"copyrightYear":"2024","copyrightHolder":{"@id":"https:\/\/dicodusport.fr\/blog\/#organization"}},{"@type":"WebPage","@id":"https:\/\/dicodusport.fr\/blog\/transferts-cyclisme-avenir-scelle-pour-romain-gregoire\/","url":"https:\/\/dicodusport.fr\/blog\/transferts-cyclisme-avenir-scelle-pour-romain-gregoire\/","name":"Transferts Cyclisme : Avenir scell\u00e9 pour Romain Gr\u00e9goire","isPartOf":{"@id":"https:\/\/dicodusport.fr\/blog\/#website"},"primaryImageOfPage":{"@id":"https:\/\/dicodusport.fr\/blog\/transferts-cyclisme-avenir-scelle-pour-romain-gregoire\/#primaryimage"},"image":{"@id":"https:\/\/dicodusport.fr\/blog\/transferts-cyclisme-avenir-scelle-pour-romain-gregoire\/#primaryimage"},"thumbnailUrl":"https:\/\/dicodusport.fr\/blog\/wp-content\/uploads\/2024\/07\/Transferts-Cyclisme-Avenir-scelle-pour-Romain-Gregoire.png","datePublished":"2024-07-15T16:18:28+00:00","dateModified":"2024-07-15T17:07:27+00:00","description":"CYCLISME SUR ROUTE - La Groupama-FDJ est parvenue \u00e0 conserver Romain Gr\u00e9goire et pourra compter sur le Tricolore sur le long terme.","breadcrumb":{"@id":"https:\/\/dicodusport.fr\/blog\/transferts-cyclisme-avenir-scelle-pour-romain-gregoire\/#breadcrumb"},"inLanguage":"fr-FR","potentialAction":[{"@type":"ReadAction","target":["https:\/\/dicodusport.fr\/blog\/transferts-cyclisme-avenir-scelle-pour-romain-gregoire\/"]}]},{"@type":"ImageObject","inLanguage":"fr-FR","@id":"https:\/\/dicodusport.fr\/blog\/transferts-cyclisme-avenir-scelle-pour-romain-gregoire\/#primaryimage","url":"https:\/\/dicodusport.fr\/blog\/wp-content\/uploads\/2024\/07\/Transferts-Cyclisme-Avenir-scelle-pour-Romain-Gregoire.png","contentUrl":"https:\/\/dicodusport.fr\/blog\/wp-content\/uploads\/2024\/07\/Transferts-Cyclisme-Avenir-scelle-pour-Romain-Gregoire.png","width":1200,"height":674,"caption":"Transferts Cyclisme : Avenir scell\u00e9 pour Romain Gr\u00e9goire"},{"@type":"BreadcrumbList","@id":"https:\/\/dicodusport.fr\/blog\/transferts-cyclisme-avenir-scelle-pour-romain-gregoire\/#breadcrumb","itemListElement":[{"@type":"ListItem","position":1,"name":"Accueil","item":"https:\/\/dicodusport.fr\/blog\/"},{"@type":"ListItem","position":2,"name":"Transferts Cyclisme : Avenir scell\u00e9 pour Romain Gr\u00e9goire"}]},{"@type":"WebSite","@id":"https:\/\/dicodusport.fr\/blog\/#website","url":"https:\/\/dicodusport.fr\/blog\/","name":"Dicodusport","description":"L&#039;encyclop\u00e9die de l&#039;actualit\u00e9 sportive","publisher":{"@id":"https:\/\/dicodusport.fr\/blog\/#organization"},"potentialAction":[{"@type":"SearchAction","target":{"@type":"EntryPoint","urlTemplate":"https:\/\/dicodusport.fr\/blog\/?s={search_term_string}"},"query-input":{"@type":"PropertyValueSpecification","valueRequired":true,"valueName":"search_term_string"}}],"inLanguage":"fr-FR"},{"@type":"NewsMediaOrganization","@id":"https:\/\/dicodusport.fr\/blog\/#organization","name":"Dicodusport","url":"https:\/\/dicodusport.fr\/blog\/","logo":{"@type":"ImageObject","inLanguage":"fr-FR","@id":"https:\/\/dicodusport.fr\/blog\/#\/schema\/logo\/image\/","url":"https:\/\/dicodusport.fr\/blog\/wp-content\/uploads\/2020\/06\/cropped-LOGO-DICODUSPORT-2020-SANS-FOND-SANS-TEXTE.png","contentUrl":"https:\/\/dicodusport.fr\/blog\/wp-content\/uploads\/2020\/06\/cropped-LOGO-DICODUSPORT-2020-SANS-FOND-SANS-TEXTE.png","width":512,"height":512,"caption":"Dicodusport"},"image":{"@id":"https:\/\/dicodusport.fr\/blog\/#\/schema\/logo\/image\/"},"sameAs":["https:\/\/www.facebook.com\/dicodusport","https:\/\/x.com\/dicodusport","https:\/\/www.instagram.com\/dicodusport\/","https:\/\/www.youtube.com\/channel\/UC7V2KZ5sd3htJivAbA4ZG3w"],"description":"Dicodusport est l'encyclop\u00e9die de l'actualit\u00e9 sportive.","email":"bonjour@dicodusport.fr","legalName":"DICODUSPORT","foundingDate":"2018-01-14","vatID":"FR71834470973","taxID":"83447097300043","numberOfEmployees":{"@type":"QuantitativeValue","minValue":"1","maxValue":"10"}},{"@type":"Person","@id":"https:\/\/dicodusport.fr\/blog\/#\/schema\/person\/37def232098a7a5cbab3974a3690abb0","name":"Maxime Cazenave","image":{"@type":"ImageObject","inLanguage":"fr-FR","@id":"https:\/\/dicodusport.fr\/blog\/#\/schema\/person\/image\/","url":"https:\/\/dicodusport.fr\/blog\/wp-content\/uploads\/2021\/05\/Maxime-Cazenave-150x150.jpg","contentUrl":"https:\/\/dicodusport.fr\/blog\/wp-content\/uploads\/2021\/05\/Maxime-Cazenave-150x150.jpg","caption":"Maxime Cazenave"},"description":"Journaliste\/R\u00e9dacteur depuis 2012 - Berc\u00e9 par l\u2019amour des Girondins de Bordeaux, les \u00e9checs de Christophe Moreau sur le Tour de France sous l'\u00e8re Lance Armstrong et le fade-away l\u00e9tal de Dirk Nowitzki, ma passion d\u00e9vorante pour le sport a toujours \u00e9t\u00e9 un pan incontournable de ma vie. Transmettre ma passion \u00e0 l\u2019\u00e9crit a \u00e9t\u00e9 une transition naturelle. Suiveur assidu de basket et de hockey sur glace, je garde toujours un peu de place pour suivre le cyclisme, le football et le maximum de performances fran\u00e7aises.","sameAs":["https:\/\/x.com\/https:\/\/twitter.com\/Maxime_Caze"],"url":"https:\/\/dicodusport.fr\/blog\/author\/maximec\/"}]}},"_links":{"self":[{"href":"https:\/\/dicodusport.fr\/blog\/wp-json\/wp\/v2\/posts\/500789","targetHints":{"allow":["GET"]}}],"collection":[{"href":"https:\/\/dicodusport.fr\/blog\/wp-json\/wp\/v2\/posts"}],"about":[{"href":"https:\/\/dicodusport.fr\/blog\/wp-json\/wp\/v2\/types\/post"}],"author":[{"embeddable":true,"href":"https:\/\/dicodusport.fr\/blog\/wp-json\/wp\/v2\/users\/55"}],"replies":[{"embeddable":true,"href":"https:\/\/dicodusport.fr\/blog\/wp-json\/wp\/v2\/comments?post=500789"}],"version-history":[{"count":3,"href":"https:\/\/dicodusport.fr\/blog\/wp-json\/wp\/v2\/posts\/500789\/revisions"}],"predecessor-version":[{"id":500800,"href":"https:\/\/dicodusport.fr\/blog\/wp-json\/wp\/v2\/posts\/500789\/revisions\/500800"}],"wp:featuredmedia":[{"embeddable":true,"href":"https:\/\/dicodusport.fr\/blog\/wp-json\/wp\/v2\/media\/500791"}],"wp:attachment":[{"href":"https:\/\/dicodusport.fr\/blog\/wp-json\/wp\/v2\/media?parent=500789"}],"wp:term":[{"taxonomy":"category","embeddable":true,"href":"https:\/\/dicodusport.fr\/blog\/wp-json\/wp\/v2\/categories?post=500789"},{"taxonomy":"post_tag","embeddable":true,"href":"https:\/\/dicodusport.fr\/blog\/wp-json\/wp\/v2\/tags?post=500789"}],"curies":[{"name":"wp","href":"https:\/\/api.w.org\/{rel}","templated":true}]}}