{"id":50134,"date":"2019-09-30T16:37:33","date_gmt":"2019-09-30T14:37:33","guid":{"rendered":"http:\/\/dicodusport.fr\/blog\/?p=50134&#038;preview=true&#038;preview_id=50134"},"modified":"2019-09-30T17:30:04","modified_gmt":"2019-09-30T15:30:04","slug":"rugby-retour-sur-la-photo-des-springboks-qui-a-fait-polemique","status":"publish","type":"post","link":"https:\/\/dicodusport.fr\/blog\/rugby-retour-sur-la-photo-des-springboks-qui-a-fait-polemique\/","title":{"rendered":"Rugby : retour sur la photo des Springboks qui a fait pol\u00e9mique"},"content":{"rendered":"<p style=\"text-align: justify;\"><em><strong>Si le titre de la Coupe du monde de rugby se r\u00e9sumait \u00e0 un concours de culturisme, les <a href=\"https:\/\/dicodusport.fr\/blog\/la-composition-de-l-afrique-du-sud-pour-affronter-la-namibie\/\" target=\"_blank\" rel=\"noopener\">Springboks<\/a> seraient certainement candidats \u00e0 la m\u00e9daille d\u2019or. En effet, deux semaines avant l\u2019ouverture de la Coupe du monde, une photo de l\u2019\u00e9quipe d\u2019Afrique du Sud de Rugby avait fait sensation sur la toile. On y voit les joueurs prendre la pose fa\u00e7on <a href=\"https:\/\/www.ifbb-france.fr\/agenda\/arnold-classic-europe.html\" target=\"_blank\" rel=\"noopener\">Arnold Classic<\/a>, la musculature bien mise en avant, \u00e0 l\u2019issue d\u2019une s\u00e9ance d\u2019entra\u00eenement. <\/strong><\/em><\/p>\n<p style=\"text-align: justify;\">Pourquoi cette photo des joueurs Sud-Africains tous torses-nus fait le buzz ?<\/p>\n<p style=\"text-align: justify;\">Les Springboks avaient l\u2019air tous bien aff\u00fbt\u00e9s, et un peu trop dessin\u00e9s pour des joueurs de rugby. On se croirait plus \u00e0 une s\u00e9ance d\u2019entra\u00eenement \u00e0 une comp\u00e9tition du type Strongest men qu&rsquo;\u00e0 une pr\u00e9paration \u00e0 un Mondial de rugby.<br \/>\nSelon certains commentateurs, les Sud-Africains ont fait d\u2019\u00e9normes progr\u00e8s en mati\u00e8re de remise en forme avec Rassie Erasmus, un entra\u00eeneur tr\u00e8s exigeant d\u2019apr\u00e8s les m\u00e9dias. D\u2019ailleurs, on voit que tous les joueurs \u201carborent fi\u00e8rement\u201d des abs \u00absix-packs\u00bb apr\u00e8s avoir r\u00e9duit consid\u00e9rablement leur poids. Et cela se voit tr\u00e8s bien : les Boks ont la forme la plus parfaite de la comp\u00e9tition, ils ont m\u00eame m\u00e9rit\u00e9 l\u2019admiration de l\u2019ancien attaquant irlandais Stephen Ferris. L&rsquo;ancien joueur des Lions irlandais et britanniques a republi\u00e9 la photo des Boks sur Twitter en expliquant qu\u2019il ne parierait pas contre eux durant cette comp\u00e9tition !<\/p>\n<p><span class=\"R\"><\/p>\n<blockquote class=\"twitter-tweet\" data-width=\"550\" data-dnt=\"true\">\n<p lang=\"en\" dir=\"ltr\">The <a href=\"https:\/\/twitter.com\/Springboks?ref_src=twsrc%5Etfw\">@Springboks<\/a> squad&#8230; a few half decent rigs&#8230; <a href=\"https:\/\/twitter.com\/rugbyworldcup?ref_src=twsrc%5Etfw\">@rugbyworldcup<\/a> contenders&#8230;? I wouldn\u2019t be betting against them anyways. <a href=\"https:\/\/t.co\/FIgVzGuGli\">pic.twitter.com\/FIgVzGuGli<\/a><\/p>\n<p>&mdash; Stephen Ferris (@StephenFerris6) <a href=\"https:\/\/twitter.com\/StephenFerris6\/status\/1170075983044632577?ref_src=twsrc%5Etfw\">September 6, 2019<\/a><\/p><\/blockquote>\n<p><script async src=\"https:\/\/platform.twitter.com\/widgets.js\" charset=\"utf-8\"><\/script><\/span><\/p>\n<p style=\"text-align: justify;\">En France, les experts ne sont pas du m\u00eame avis. Certains ne sont pas du tout impressionn\u00e9s par le physique des Boks. Interrog\u00e9 \u00e0 ce sujet dans les colonnes du journal Le Parisien, l\u2019actuel membre du staff du Stade-Fran\u00e7ais Paris, Fabrice Landreau s\u2019amuse de cette transformation. Il a d\u2019ailleurs confi\u00e9 \u00e0 nos confr\u00e8res : \u00ab Je pensais \u00e0 une photo pour teaser, attirer l&rsquo;attention sur l&rsquo;\u00e9quipe avant la Coupe du monde. Si ce n&rsquo;est pas un montage, c&rsquo;est qu&rsquo;ils sont tr\u00e8s aff\u00fbt\u00e9s \u00bb, explique Landreau. L&rsquo;ancien international fran\u00e7ais en s\u2019amusant : \u00ab Ces gar\u00e7ons sont pr\u00eats pour \u00eatre bodybuilders. Au niveau du calendrier des Dieux du Stade, ils sont bien \u00bb.<\/p>\n<p style=\"text-align: justify;\">Selon certains experts comme Mathieu Blin, l\u2019objectif est clair : avant la comp\u00e9tition Ils veulent le meilleur rapport poids-puissance, pour d\u00e9velopper la vitesse, qui est essentielle pour le sprint, les passes ou jeu au pied. Dans son interview avec nos confr\u00e8res du Parisien, il \u00e9voque le fait que travailler sans rel\u00e2che pendant trois mois peut donner des r\u00e9sultats stup\u00e9fiants. Il a pu n\u00e9anmoins d\u00e9celer que les joueurs travaillent \u00e0 vitesse maximale et surtout \u00e0 puissance maximale. Pour l&rsquo;alimentation, \u201cchaque graisse ou glucide serait compt\u00e9e dans leurs routines\u201d, d\u2019apr\u00e8s Julian Allard, du site <a href=\"https:\/\/www.guidedusupplement.fr\/vitamine-b12\/\" target=\"_blank\" rel=\"noopener\">Guidedusupplement<\/a>.<\/p>\n<p style=\"text-align: justify;\">Selon Mathieu Blin, avant les comp\u00e9titions de ce calibre, la prise possible de br\u00fbleurs de graisse et compl\u00e9ments alimentaires est autoris\u00e9e. D\u2019ailleurs, une pr\u00e9paration physique de trois mois avait fait gagner aux joueurs \u00ab quinze \u00e0 vingt kilos. \u00bb<br \/>\nSur les r\u00e9seaux sociaux, quelques journalistes, notamment Pascale Lagorce, ont surtout remarqu\u00e9 la transformation physique de l\u2019ailier du Stade Toulousain, Cheslin Kolbe. En effet, sur ce post Twitter, on peut remarquer que les mensurations de l\u2019ailier de poche sont : 1,71 m pour 74 kg. Un peu \u00e9trange, devant cette photo, de croire de Kolbe ne p\u00e8se que 74 kg.<\/p>\n<p>https:\/\/twitter.com\/ovaliegirl\/status\/1169749272318926848<\/p>\n<p style=\"text-align: justify;\">D\u2019autres commentateurs avancent que l\u2019ailier sud-africain a commenc\u00e9 \u00e0 travailler en gym bien avant la comp\u00e9tition, donc certainement \u00e0 Toulouse&#8230; Il ne pouvait pas atteindre ce niveau juste en commen\u00e7ant \u00e0 soulever de la fonte avec les Springboks.<\/p>\n<p style=\"text-align: justify;\"><strong><em>Dicodusport<br \/>\n<a href=\"https:\/\/www.facebook.com\/dicodusport\/\" target=\"_blank\" rel=\"noopener\"><img loading=\"lazy\" decoding=\"async\" class=\"alignnone wp-image-2909\" src=\"http:\/\/dicodusport.fr\/blog\/wp-content\/uploads\/2017\/07\/logo-facebook-150x150.png\" alt=\"\" width=\"40\" height=\"40\" \/><\/a><a href=\"https:\/\/twitter.com\/dicodusport\" target=\"_blank\" rel=\"noopener\"><img loading=\"lazy\" decoding=\"async\" class=\"alignnone wp-image-2908\" src=\"http:\/\/dicodusport.fr\/blog\/wp-content\/uploads\/2017\/07\/logo-twitter-150x150.png\" alt=\"\" width=\"39\" height=\"39\" \/><\/a><\/em><\/strong><\/p>\n<p style=\"text-align: justify;\">\n","protected":false},"excerpt":{"rendered":"<p>Si le titre de la Coupe du monde de rugby se r\u00e9sumait \u00e0 un concours de culturisme, les Springboks seraient certainement candidats \u00e0 la m\u00e9daille d\u2019or<\/p>\n","protected":false},"author":1,"featured_media":50155,"comment_status":"open","ping_status":"closed","sticky":false,"template":"","format":"standard","meta":{"_acf_changed":false,"_daextam_enable_autolinks":"","footnotes":""},"categories":[47049],"tags":[6770],"class_list":["post-50134","post","type-post","status-publish","format-standard","has-post-thumbnail","hentry","category-coupe-du-monde-de-rugby","tag-afrique-du-sud"],"acf":[],"yoast_head":"<!-- This site is optimized with the Yoast SEO Premium plugin v26.7 (Yoast SEO v26.7) - https:\/\/yoast.com\/wordpress\/plugins\/seo\/ -->\n<title>Rugby : retour sur la photo des Springboks qui a fait pol\u00e9mique<\/title>\n<meta name=\"description\" content=\"Si le titre de la Coupe du monde de rugby se r\u00e9sumait \u00e0 un concours de culturisme, les Springboks seraient certainement candidats \u00e0 la m\u00e9daille d\u2019or\" \/>\n<meta name=\"robots\" content=\"index, follow, max-snippet:-1, max-image-preview:large, max-video-preview:-1\" \/>\n<link rel=\"canonical\" href=\"https:\/\/dicodusport.fr\/blog\/rugby-retour-sur-la-photo-des-springboks-qui-a-fait-polemique\/\" \/>\n<meta property=\"og:locale\" content=\"fr_FR\" \/>\n<meta property=\"og:type\" content=\"article\" \/>\n<meta property=\"og:title\" content=\"Rugby : retour sur la photo des Springboks qui a fait pol\u00e9mique\" \/>\n<meta property=\"og:description\" content=\"Si le titre de la Coupe du monde de rugby se r\u00e9sumait \u00e0 un concours de culturisme, les Springboks seraient certainement candidats \u00e0 la m\u00e9daille d\u2019or\" \/>\n<meta property=\"og:url\" content=\"https:\/\/dicodusport.fr\/blog\/rugby-retour-sur-la-photo-des-springboks-qui-a-fait-polemique\/\" \/>\n<meta property=\"og:site_name\" content=\"Dicodusport\" \/>\n<meta property=\"article:publisher\" content=\"https:\/\/www.facebook.com\/dicodusport\" \/>\n<meta property=\"article:author\" content=\"https:\/\/www.facebook.com\/dicodusport\" \/>\n<meta property=\"article:published_time\" content=\"2019-09-30T14:37:33+00:00\" \/>\n<meta property=\"article:modified_time\" content=\"2019-09-30T15:30:04+00:00\" \/>\n<meta property=\"og:image\" content=\"https:\/\/dicodusport.fr\/blog\/wp-content\/uploads\/2019\/09\/Srpingboks-Rugby.png\" \/>\n\t<meta property=\"og:image:width\" content=\"800\" \/>\n\t<meta property=\"og:image:height\" content=\"445\" \/>\n\t<meta property=\"og:image:type\" content=\"image\/png\" \/>\n<meta name=\"author\" content=\"Nicolas Jacquemard\" \/>\n<meta name=\"twitter:card\" content=\"summary_large_image\" \/>\n<meta name=\"twitter:title\" content=\"Rugby : retour sur la photo des Springboks qui a fait pol\u00e9mique\" \/>\n<meta name=\"twitter:creator\" content=\"@https:\/\/twitter.com\/Nico_Jacquemard\" \/>\n<meta name=\"twitter:site\" content=\"@dicodusport\" \/>\n<script type=\"application\/ld+json\" class=\"yoast-schema-graph\">{\"@context\":\"https:\/\/schema.org\",\"@graph\":[{\"@type\":\"NewsArticle\",\"@id\":\"https:\/\/dicodusport.fr\/blog\/rugby-retour-sur-la-photo-des-springboks-qui-a-fait-polemique\/#article\",\"isPartOf\":{\"@id\":\"https:\/\/dicodusport.fr\/blog\/rugby-retour-sur-la-photo-des-springboks-qui-a-fait-polemique\/\"},\"author\":{\"name\":\"Nicolas Jacquemard\",\"@id\":\"https:\/\/dicodusport.fr\/blog\/#\/schema\/person\/55dcb50ad410894e431ed812bbb70191\"},\"headline\":\"Rugby : retour sur la photo des Springboks qui a fait pol\u00e9mique\",\"datePublished\":\"2019-09-30T14:37:33+00:00\",\"dateModified\":\"2019-09-30T15:30:04+00:00\",\"mainEntityOfPage\":{\"@id\":\"https:\/\/dicodusport.fr\/blog\/rugby-retour-sur-la-photo-des-springboks-qui-a-fait-polemique\/\"},\"wordCount\":648,\"commentCount\":0,\"publisher\":{\"@id\":\"https:\/\/dicodusport.fr\/blog\/#organization\"},\"image\":{\"@id\":\"https:\/\/dicodusport.fr\/blog\/rugby-retour-sur-la-photo-des-springboks-qui-a-fait-polemique\/#primaryimage\"},\"thumbnailUrl\":\"https:\/\/dicodusport.fr\/blog\/wp-content\/uploads\/2019\/09\/Srpingboks-Rugby.png\",\"keywords\":[\"Afrique du Sud\"],\"articleSection\":[\"Coupe du monde de rugby\"],\"inLanguage\":\"fr-FR\",\"potentialAction\":[{\"@type\":\"CommentAction\",\"name\":\"Comment\",\"target\":[\"https:\/\/dicodusport.fr\/blog\/rugby-retour-sur-la-photo-des-springboks-qui-a-fait-polemique\/#respond\"]}],\"copyrightYear\":\"2019\",\"copyrightHolder\":{\"@id\":\"https:\/\/dicodusport.fr\/blog\/#organization\"}},{\"@type\":\"WebPage\",\"@id\":\"https:\/\/dicodusport.fr\/blog\/rugby-retour-sur-la-photo-des-springboks-qui-a-fait-polemique\/\",\"url\":\"https:\/\/dicodusport.fr\/blog\/rugby-retour-sur-la-photo-des-springboks-qui-a-fait-polemique\/\",\"name\":\"Rugby : retour sur la photo des Springboks qui a fait pol\u00e9mique\",\"isPartOf\":{\"@id\":\"https:\/\/dicodusport.fr\/blog\/#website\"},\"primaryImageOfPage\":{\"@id\":\"https:\/\/dicodusport.fr\/blog\/rugby-retour-sur-la-photo-des-springboks-qui-a-fait-polemique\/#primaryimage\"},\"image\":{\"@id\":\"https:\/\/dicodusport.fr\/blog\/rugby-retour-sur-la-photo-des-springboks-qui-a-fait-polemique\/#primaryimage\"},\"thumbnailUrl\":\"https:\/\/dicodusport.fr\/blog\/wp-content\/uploads\/2019\/09\/Srpingboks-Rugby.png\",\"datePublished\":\"2019-09-30T14:37:33+00:00\",\"dateModified\":\"2019-09-30T15:30:04+00:00\",\"description\":\"Si le titre de la Coupe du monde de rugby se r\u00e9sumait \u00e0 un concours de culturisme, les Springboks seraient certainement candidats \u00e0 la m\u00e9daille d\u2019or\",\"breadcrumb\":{\"@id\":\"https:\/\/dicodusport.fr\/blog\/rugby-retour-sur-la-photo-des-springboks-qui-a-fait-polemique\/#breadcrumb\"},\"inLanguage\":\"fr-FR\",\"potentialAction\":[{\"@type\":\"ReadAction\",\"target\":[\"https:\/\/dicodusport.fr\/blog\/rugby-retour-sur-la-photo-des-springboks-qui-a-fait-polemique\/\"]}]},{\"@type\":\"ImageObject\",\"inLanguage\":\"fr-FR\",\"@id\":\"https:\/\/dicodusport.fr\/blog\/rugby-retour-sur-la-photo-des-springboks-qui-a-fait-polemique\/#primaryimage\",\"url\":\"https:\/\/dicodusport.fr\/blog\/wp-content\/uploads\/2019\/09\/Srpingboks-Rugby.png\",\"contentUrl\":\"https:\/\/dicodusport.fr\/blog\/wp-content\/uploads\/2019\/09\/Srpingboks-Rugby.png\",\"width\":800,\"height\":445},{\"@type\":\"BreadcrumbList\",\"@id\":\"https:\/\/dicodusport.fr\/blog\/rugby-retour-sur-la-photo-des-springboks-qui-a-fait-polemique\/#breadcrumb\",\"itemListElement\":[{\"@type\":\"ListItem\",\"position\":1,\"name\":\"Accueil\",\"item\":\"https:\/\/dicodusport.fr\/blog\/\"},{\"@type\":\"ListItem\",\"position\":2,\"name\":\"Rugby : retour sur la photo des Springboks qui a fait pol\u00e9mique\"}]},{\"@type\":\"WebSite\",\"@id\":\"https:\/\/dicodusport.fr\/blog\/#website\",\"url\":\"https:\/\/dicodusport.fr\/blog\/\",\"name\":\"Dicodusport\",\"description\":\"L&#039;encyclop\u00e9die de l&#039;actualit\u00e9 sportive\",\"publisher\":{\"@id\":\"https:\/\/dicodusport.fr\/blog\/#organization\"},\"potentialAction\":[{\"@type\":\"SearchAction\",\"target\":{\"@type\":\"EntryPoint\",\"urlTemplate\":\"https:\/\/dicodusport.fr\/blog\/?s={search_term_string}\"},\"query-input\":{\"@type\":\"PropertyValueSpecification\",\"valueRequired\":true,\"valueName\":\"search_term_string\"}}],\"inLanguage\":\"fr-FR\"},{\"@type\":\"NewsMediaOrganization\",\"@id\":\"https:\/\/dicodusport.fr\/blog\/#organization\",\"name\":\"Dicodusport\",\"url\":\"https:\/\/dicodusport.fr\/blog\/\",\"logo\":{\"@type\":\"ImageObject\",\"inLanguage\":\"fr-FR\",\"@id\":\"https:\/\/dicodusport.fr\/blog\/#\/schema\/logo\/image\/\",\"url\":\"https:\/\/dicodusport.fr\/blog\/wp-content\/uploads\/2020\/06\/cropped-LOGO-DICODUSPORT-2020-SANS-FOND-SANS-TEXTE.png\",\"contentUrl\":\"https:\/\/dicodusport.fr\/blog\/wp-content\/uploads\/2020\/06\/cropped-LOGO-DICODUSPORT-2020-SANS-FOND-SANS-TEXTE.png\",\"width\":512,\"height\":512,\"caption\":\"Dicodusport\"},\"image\":{\"@id\":\"https:\/\/dicodusport.fr\/blog\/#\/schema\/logo\/image\/\"},\"sameAs\":[\"https:\/\/www.facebook.com\/dicodusport\",\"https:\/\/x.com\/dicodusport\",\"https:\/\/www.instagram.com\/dicodusport\/\",\"https:\/\/www.youtube.com\/channel\/UC7V2KZ5sd3htJivAbA4ZG3w\"],\"description\":\"Dicodusport est l'encyclop\u00e9die de l'actualit\u00e9 sportive.\",\"email\":\"bonjour@dicodusport.fr\",\"legalName\":\"DICODUSPORT\",\"foundingDate\":\"2018-01-14\",\"vatID\":\"FR71834470973\",\"taxID\":\"83447097300043\",\"numberOfEmployees\":{\"@type\":\"QuantitativeValue\",\"minValue\":\"1\",\"maxValue\":\"10\"}},{\"@type\":\"Person\",\"@id\":\"https:\/\/dicodusport.fr\/blog\/#\/schema\/person\/55dcb50ad410894e431ed812bbb70191\",\"name\":\"Nicolas Jacquemard\",\"image\":{\"@type\":\"ImageObject\",\"inLanguage\":\"fr-FR\",\"@id\":\"https:\/\/dicodusport.fr\/blog\/#\/schema\/person\/image\/\",\"url\":\"https:\/\/dicodusport.fr\/blog\/wp-content\/uploads\/2021\/05\/Nicolas-Jacquemard-150x150.jpeg\",\"contentUrl\":\"https:\/\/dicodusport.fr\/blog\/wp-content\/uploads\/2021\/05\/Nicolas-Jacquemard-150x150.jpeg\",\"caption\":\"Nicolas Jacquemard\"},\"description\":\"Passionn\u00e9 de sport et entrepreneur depuis mes 18 ans, la cr\u00e9ation de Dicodusport m'a sembl\u00e9 \u00e9vidente pour participer \u00e0 la m\u00e9diatisation d'un plus grand nombre de sports. Le chemin est long mais avec une \u00e9quipe des plus motiv\u00e9es et les Jeux Olympiques de Paris 2024 en point de mire, nous y arriverons ! Journaliste dans le monde du sport depuis plus de 5 ans, je traite aussi bien de football, de rugby, de biathlon que de cyclisme.\",\"sameAs\":[\"https:\/\/www.facebook.com\/dicodusport\",\"https:\/\/x.com\/https:\/\/twitter.com\/Nico_Jacquemard\"],\"url\":\"https:\/\/dicodusport.fr\/blog\/author\/dicodusport\/\"}]}<\/script>\n<!-- \/ Yoast SEO Premium plugin. -->","yoast_head_json":{"title":"Rugby : retour sur la photo des Springboks qui a fait pol\u00e9mique","description":"Si le titre de la Coupe du monde de rugby se r\u00e9sumait \u00e0 un concours de culturisme, les Springboks seraient certainement candidats \u00e0 la m\u00e9daille d\u2019or","robots":{"index":"index","follow":"follow","max-snippet":"max-snippet:-1","max-image-preview":"max-image-preview:large","max-video-preview":"max-video-preview:-1"},"canonical":"https:\/\/dicodusport.fr\/blog\/rugby-retour-sur-la-photo-des-springboks-qui-a-fait-polemique\/","og_locale":"fr_FR","og_type":"article","og_title":"Rugby : retour sur la photo des Springboks qui a fait pol\u00e9mique","og_description":"Si le titre de la Coupe du monde de rugby se r\u00e9sumait \u00e0 un concours de culturisme, les Springboks seraient certainement candidats \u00e0 la m\u00e9daille d\u2019or","og_url":"https:\/\/dicodusport.fr\/blog\/rugby-retour-sur-la-photo-des-springboks-qui-a-fait-polemique\/","og_site_name":"Dicodusport","article_publisher":"https:\/\/www.facebook.com\/dicodusport","article_author":"https:\/\/www.facebook.com\/dicodusport","article_published_time":"2019-09-30T14:37:33+00:00","article_modified_time":"2019-09-30T15:30:04+00:00","og_image":[{"width":800,"height":445,"url":"https:\/\/dicodusport.fr\/blog\/wp-content\/uploads\/2019\/09\/Srpingboks-Rugby.png","type":"image\/png"}],"author":"Nicolas Jacquemard","twitter_card":"summary_large_image","twitter_title":"Rugby : retour sur la photo des Springboks qui a fait pol\u00e9mique","twitter_creator":"@https:\/\/twitter.com\/Nico_Jacquemard","twitter_site":"@dicodusport","schema":{"@context":"https:\/\/schema.org","@graph":[{"@type":"NewsArticle","@id":"https:\/\/dicodusport.fr\/blog\/rugby-retour-sur-la-photo-des-springboks-qui-a-fait-polemique\/#article","isPartOf":{"@id":"https:\/\/dicodusport.fr\/blog\/rugby-retour-sur-la-photo-des-springboks-qui-a-fait-polemique\/"},"author":{"name":"Nicolas Jacquemard","@id":"https:\/\/dicodusport.fr\/blog\/#\/schema\/person\/55dcb50ad410894e431ed812bbb70191"},"headline":"Rugby : retour sur la photo des Springboks qui a fait pol\u00e9mique","datePublished":"2019-09-30T14:37:33+00:00","dateModified":"2019-09-30T15:30:04+00:00","mainEntityOfPage":{"@id":"https:\/\/dicodusport.fr\/blog\/rugby-retour-sur-la-photo-des-springboks-qui-a-fait-polemique\/"},"wordCount":648,"commentCount":0,"publisher":{"@id":"https:\/\/dicodusport.fr\/blog\/#organization"},"image":{"@id":"https:\/\/dicodusport.fr\/blog\/rugby-retour-sur-la-photo-des-springboks-qui-a-fait-polemique\/#primaryimage"},"thumbnailUrl":"https:\/\/dicodusport.fr\/blog\/wp-content\/uploads\/2019\/09\/Srpingboks-Rugby.png","keywords":["Afrique du Sud"],"articleSection":["Coupe du monde de rugby"],"inLanguage":"fr-FR","potentialAction":[{"@type":"CommentAction","name":"Comment","target":["https:\/\/dicodusport.fr\/blog\/rugby-retour-sur-la-photo-des-springboks-qui-a-fait-polemique\/#respond"]}],"copyrightYear":"2019","copyrightHolder":{"@id":"https:\/\/dicodusport.fr\/blog\/#organization"}},{"@type":"WebPage","@id":"https:\/\/dicodusport.fr\/blog\/rugby-retour-sur-la-photo-des-springboks-qui-a-fait-polemique\/","url":"https:\/\/dicodusport.fr\/blog\/rugby-retour-sur-la-photo-des-springboks-qui-a-fait-polemique\/","name":"Rugby : retour sur la photo des Springboks qui a fait pol\u00e9mique","isPartOf":{"@id":"https:\/\/dicodusport.fr\/blog\/#website"},"primaryImageOfPage":{"@id":"https:\/\/dicodusport.fr\/blog\/rugby-retour-sur-la-photo-des-springboks-qui-a-fait-polemique\/#primaryimage"},"image":{"@id":"https:\/\/dicodusport.fr\/blog\/rugby-retour-sur-la-photo-des-springboks-qui-a-fait-polemique\/#primaryimage"},"thumbnailUrl":"https:\/\/dicodusport.fr\/blog\/wp-content\/uploads\/2019\/09\/Srpingboks-Rugby.png","datePublished":"2019-09-30T14:37:33+00:00","dateModified":"2019-09-30T15:30:04+00:00","description":"Si le titre de la Coupe du monde de rugby se r\u00e9sumait \u00e0 un concours de culturisme, les Springboks seraient certainement candidats \u00e0 la m\u00e9daille d\u2019or","breadcrumb":{"@id":"https:\/\/dicodusport.fr\/blog\/rugby-retour-sur-la-photo-des-springboks-qui-a-fait-polemique\/#breadcrumb"},"inLanguage":"fr-FR","potentialAction":[{"@type":"ReadAction","target":["https:\/\/dicodusport.fr\/blog\/rugby-retour-sur-la-photo-des-springboks-qui-a-fait-polemique\/"]}]},{"@type":"ImageObject","inLanguage":"fr-FR","@id":"https:\/\/dicodusport.fr\/blog\/rugby-retour-sur-la-photo-des-springboks-qui-a-fait-polemique\/#primaryimage","url":"https:\/\/dicodusport.fr\/blog\/wp-content\/uploads\/2019\/09\/Srpingboks-Rugby.png","contentUrl":"https:\/\/dicodusport.fr\/blog\/wp-content\/uploads\/2019\/09\/Srpingboks-Rugby.png","width":800,"height":445},{"@type":"BreadcrumbList","@id":"https:\/\/dicodusport.fr\/blog\/rugby-retour-sur-la-photo-des-springboks-qui-a-fait-polemique\/#breadcrumb","itemListElement":[{"@type":"ListItem","position":1,"name":"Accueil","item":"https:\/\/dicodusport.fr\/blog\/"},{"@type":"ListItem","position":2,"name":"Rugby : retour sur la photo des Springboks qui a fait pol\u00e9mique"}]},{"@type":"WebSite","@id":"https:\/\/dicodusport.fr\/blog\/#website","url":"https:\/\/dicodusport.fr\/blog\/","name":"Dicodusport","description":"L&#039;encyclop\u00e9die de l&#039;actualit\u00e9 sportive","publisher":{"@id":"https:\/\/dicodusport.fr\/blog\/#organization"},"potentialAction":[{"@type":"SearchAction","target":{"@type":"EntryPoint","urlTemplate":"https:\/\/dicodusport.fr\/blog\/?s={search_term_string}"},"query-input":{"@type":"PropertyValueSpecification","valueRequired":true,"valueName":"search_term_string"}}],"inLanguage":"fr-FR"},{"@type":"NewsMediaOrganization","@id":"https:\/\/dicodusport.fr\/blog\/#organization","name":"Dicodusport","url":"https:\/\/dicodusport.fr\/blog\/","logo":{"@type":"ImageObject","inLanguage":"fr-FR","@id":"https:\/\/dicodusport.fr\/blog\/#\/schema\/logo\/image\/","url":"https:\/\/dicodusport.fr\/blog\/wp-content\/uploads\/2020\/06\/cropped-LOGO-DICODUSPORT-2020-SANS-FOND-SANS-TEXTE.png","contentUrl":"https:\/\/dicodusport.fr\/blog\/wp-content\/uploads\/2020\/06\/cropped-LOGO-DICODUSPORT-2020-SANS-FOND-SANS-TEXTE.png","width":512,"height":512,"caption":"Dicodusport"},"image":{"@id":"https:\/\/dicodusport.fr\/blog\/#\/schema\/logo\/image\/"},"sameAs":["https:\/\/www.facebook.com\/dicodusport","https:\/\/x.com\/dicodusport","https:\/\/www.instagram.com\/dicodusport\/","https:\/\/www.youtube.com\/channel\/UC7V2KZ5sd3htJivAbA4ZG3w"],"description":"Dicodusport est l'encyclop\u00e9die de l'actualit\u00e9 sportive.","email":"bonjour@dicodusport.fr","legalName":"DICODUSPORT","foundingDate":"2018-01-14","vatID":"FR71834470973","taxID":"83447097300043","numberOfEmployees":{"@type":"QuantitativeValue","minValue":"1","maxValue":"10"}},{"@type":"Person","@id":"https:\/\/dicodusport.fr\/blog\/#\/schema\/person\/55dcb50ad410894e431ed812bbb70191","name":"Nicolas Jacquemard","image":{"@type":"ImageObject","inLanguage":"fr-FR","@id":"https:\/\/dicodusport.fr\/blog\/#\/schema\/person\/image\/","url":"https:\/\/dicodusport.fr\/blog\/wp-content\/uploads\/2021\/05\/Nicolas-Jacquemard-150x150.jpeg","contentUrl":"https:\/\/dicodusport.fr\/blog\/wp-content\/uploads\/2021\/05\/Nicolas-Jacquemard-150x150.jpeg","caption":"Nicolas Jacquemard"},"description":"Passionn\u00e9 de sport et entrepreneur depuis mes 18 ans, la cr\u00e9ation de Dicodusport m'a sembl\u00e9 \u00e9vidente pour participer \u00e0 la m\u00e9diatisation d'un plus grand nombre de sports. Le chemin est long mais avec une \u00e9quipe des plus motiv\u00e9es et les Jeux Olympiques de Paris 2024 en point de mire, nous y arriverons ! Journaliste dans le monde du sport depuis plus de 5 ans, je traite aussi bien de football, de rugby, de biathlon que de cyclisme.","sameAs":["https:\/\/www.facebook.com\/dicodusport","https:\/\/x.com\/https:\/\/twitter.com\/Nico_Jacquemard"],"url":"https:\/\/dicodusport.fr\/blog\/author\/dicodusport\/"}]}},"_links":{"self":[{"href":"https:\/\/dicodusport.fr\/blog\/wp-json\/wp\/v2\/posts\/50134","targetHints":{"allow":["GET"]}}],"collection":[{"href":"https:\/\/dicodusport.fr\/blog\/wp-json\/wp\/v2\/posts"}],"about":[{"href":"https:\/\/dicodusport.fr\/blog\/wp-json\/wp\/v2\/types\/post"}],"author":[{"embeddable":true,"href":"https:\/\/dicodusport.fr\/blog\/wp-json\/wp\/v2\/users\/1"}],"replies":[{"embeddable":true,"href":"https:\/\/dicodusport.fr\/blog\/wp-json\/wp\/v2\/comments?post=50134"}],"version-history":[{"count":0,"href":"https:\/\/dicodusport.fr\/blog\/wp-json\/wp\/v2\/posts\/50134\/revisions"}],"wp:featuredmedia":[{"embeddable":true,"href":"https:\/\/dicodusport.fr\/blog\/wp-json\/wp\/v2\/media\/50155"}],"wp:attachment":[{"href":"https:\/\/dicodusport.fr\/blog\/wp-json\/wp\/v2\/media?parent=50134"}],"wp:term":[{"taxonomy":"category","embeddable":true,"href":"https:\/\/dicodusport.fr\/blog\/wp-json\/wp\/v2\/categories?post=50134"},{"taxonomy":"post_tag","embeddable":true,"href":"https:\/\/dicodusport.fr\/blog\/wp-json\/wp\/v2\/tags?post=50134"}],"curies":[{"name":"wp","href":"https:\/\/api.w.org\/{rel}","templated":true}]}}