{"id":501528,"date":"2024-07-19T19:42:27","date_gmt":"2024-07-19T17:42:27","guid":{"rendered":"https:\/\/dicodusport.fr\/blog\/?p=501528&#038;preview=true&#038;preview_id=501528"},"modified":"2024-07-19T21:03:11","modified_gmt":"2024-07-19T19:03:11","slug":"wta-palerme-diane-parry-essore-chloe-paquet-et-rejoint-les-demi-finales","status":"publish","type":"post","link":"https:\/\/dicodusport.fr\/blog\/wta-palerme-diane-parry-essore-chloe-paquet-et-rejoint-les-demi-finales\/","title":{"rendered":"WTA Palerme : Diane Parry essore Chlo\u00e9 Paquet et rejoint les demi-finales"},"content":{"rendered":"<p style=\"text-align: justify;\"><strong><em>TOURNOI WTA 250 DE PALERME &#8211; Apr\u00e8s trois heures d&#8217;empoignade, Diane Parry a fini par saper la r\u00e9sistance de Chlo\u00e9 Paquet, et int\u00e8gre le dernier carr\u00e9.\u00a0<\/em><\/strong><\/p>\n<p style=\"text-align: justify;\">Quoi qu&rsquo;il arrive, une Fran\u00e7aise allait int\u00e9grer le dernier carr\u00e9 \u00e0 Palerme. Une favorite, <strong>Diane Parry<\/strong>, mieux class\u00e9e, t\u00eate de s\u00e9rie n\u00b04, dans une bonne forme, et qui avait d\u00e9j\u00e0 franchi ce stade d&rsquo;un tournoi WTA en carri\u00e8re. Contrairement \u00e0 <strong>Chlo\u00e9 Paquet<\/strong>, qui avait perdu ses deux quarts de finale \u00e0 ce niveau en 2019, mais qui restait sur la lanc\u00e9e <a href=\"https:\/\/dicodusport.fr\/blog\/roland-garros-2024-chloe-paquet-premiere-francaise-au-troisieme-tour\/\">d&rsquo;un troisi\u00e8me tour \u00e0 Roland-Garros<\/a>.<\/p>\n<h2 style=\"text-align: justify;\">Au bout de l&rsquo;effort<\/h2>\n<p style=\"text-align: justify;\">La premi\u00e8re manche a d&rsquo;ailleurs prouv\u00e9 que l&rsquo;\u00e9cart entre les deux joueuses \u00e9tait faible. Bien partie, <strong>Paquet<\/strong> a break\u00e9 la premi\u00e8re pour mener<strong> 2-0<\/strong>, avant de voir sa rivale monter en temp\u00e9rature et prendre le contr\u00f4le du match. Jusqu&rsquo;\u00e0 breaker au 8e jeu pour s&rsquo;en aller servir pour le set. Mais alors que <strong>Parry<\/strong> semblait lanc\u00e9e, elle a perdu les p\u00e9dales sur une annonce douteuse, relan\u00e7ait sa rivale qui a recoll\u00e9 et est pass\u00e9e \u00e0 un point d&rsquo;arracher un tie-break, avant de c\u00e9der sous les coups de boutoir de la mieux class\u00e9e des deux, qui a rafl\u00e9 de justesse la premi\u00e8re manche apr\u00e8s 67 minutes de bataille.<\/p>\n<ul style=\"text-align: justify;\">\n<li><strong>\u00c0 ce sujet &#8211; <a href=\"https:\/\/dicodusport.fr\/blog\/wta-250-le-tableau-du-tournoi-de-palerme-2024\/\">Le tableau du tournoi de Palerme<\/a><\/strong><\/li>\n<\/ul>\n<p style=\"text-align: justify;\">On s&rsquo;attendait \u00e0 ce que <strong>Chlo\u00e9 Paquet<\/strong> prenne un grand coup sur la t\u00eate, on avait tort. La deuxi\u00e8me manche sera un mod\u00e8le d&rsquo;\u00e9croulement de la part de <strong>Diane Parry<\/strong>. Break\u00e9e d&rsquo;entr\u00e9e, elle va g\u00e2cher pas moins de 5 occasions de recoller peu ou prou, et sa rivale viendra prendre son service trois fois&#8230; en trois occasions. Trop de fautes, un creux physique et voil\u00e0 <strong>Paquet<\/strong> qui vient \u00e9galiser facilement et aller chercher une troisi\u00e8me manche clairement incertaine sous une forte chaleur qui a alors provoqu\u00e9 une pause de 10 minutes.<\/p>\n<p style=\"text-align: justify;\">Une chaleur qui a provoqu\u00e9 un autre \u00e9croulement, celui du niveau de jeu. Les deux joueuses \u00e9taient en souffrance, et des deux, <strong>Paquet<\/strong> semblait payer le plus lourd tribut. Deux fois, elle revenait au courage d&rsquo;un break de retard, mais la troisi\u00e8me fois semblait lui \u00eatre fatale. <strong>Parry<\/strong> s&rsquo;en allait servir pour le match contre une adversaire r\u00f4tie, mais il allait lui falloir sauver trois balles de d\u00e9break en guise de baroud d&rsquo;honneur avant de s&rsquo;imposer<strong> 7-5, 1-6, 6-4<\/strong> apr\u00e8s trois heures de combat. La place en demi-finales \u00e9tait \u00e0 ce prix. \u00c0 voir si cela lui co\u00fbtera la suite de son tournoi.<\/p>\n","protected":false},"excerpt":{"rendered":"<p>TOURNOI WTA 250 DE PALERME &#8211; Apr\u00e8s trois heures d&#8217;empoignade, Diane Parry a fini par saper la r\u00e9sistance de Chlo\u00e9 Paquet, et int\u00e8gre le dernier carr\u00e9.\u00a0<\/p>\n","protected":false},"author":59,"featured_media":501601,"comment_status":"open","ping_status":"closed","sticky":false,"template":"","format":"standard","meta":{"_acf_changed":false,"_daextam_enable_autolinks":"1","footnotes":""},"categories":[2302],"tags":[16878],"class_list":["post-501528","post","type-post","status-publish","format-standard","has-post-thumbnail","hentry","category-tennis","tag-breve"],"acf":[],"yoast_head":"<!-- This site is optimized with the Yoast SEO Premium plugin v26.7 (Yoast SEO v26.7) - https:\/\/yoast.com\/wordpress\/plugins\/seo\/ -->\n<title>WTA Palerme : Diane Parry essore Chlo\u00e9 Paquet et rejoint les demi-finales<\/title>\n<meta name=\"description\" content=\"TOURNOI WTA 250 DE PALERME - Apr\u00e8s trois heures d&#039;empoignade, Diane Parry a fini par saper la r\u00e9sistance de Chlo\u00e9 Paquet, et int\u00e8gre le dernier carr\u00e9.\u00a0\" \/>\n<meta name=\"robots\" content=\"index, follow, max-snippet:-1, max-image-preview:large, max-video-preview:-1\" \/>\n<link rel=\"canonical\" href=\"https:\/\/dicodusport.fr\/blog\/wta-palerme-diane-parry-essore-chloe-paquet-et-rejoint-les-demi-finales\/\" \/>\n<meta property=\"og:locale\" content=\"fr_FR\" \/>\n<meta property=\"og:type\" content=\"article\" \/>\n<meta property=\"og:title\" content=\"WTA Palerme : Diane Parry essore Chlo\u00e9 Paquet et rejoint les demi-finales\" \/>\n<meta property=\"og:description\" content=\"TOURNOI WTA 250 DE PALERME - Apr\u00e8s trois heures d&#039;empoignade, Diane Parry a fini par saper la r\u00e9sistance de Chlo\u00e9 Paquet, et int\u00e8gre le dernier carr\u00e9.\u00a0\" \/>\n<meta property=\"og:url\" content=\"https:\/\/dicodusport.fr\/blog\/wta-palerme-diane-parry-essore-chloe-paquet-et-rejoint-les-demi-finales\/\" \/>\n<meta property=\"og:site_name\" content=\"Dicodusport\" \/>\n<meta property=\"article:publisher\" content=\"https:\/\/www.facebook.com\/dicodusport\" \/>\n<meta property=\"article:author\" content=\"https:\/\/www.facebook.com\/sebastien.gente\/\" \/>\n<meta property=\"article:published_time\" content=\"2024-07-19T17:42:27+00:00\" \/>\n<meta property=\"article:modified_time\" content=\"2024-07-19T19:03:11+00:00\" \/>\n<meta property=\"og:image\" content=\"https:\/\/dicodusport.fr\/blog\/wp-content\/uploads\/2024\/07\/WTA-Palerme-Diane-Parry-essore-Chloe-Paquet-et-rejoint-les-demi-finales.png\" \/>\n\t<meta property=\"og:image:width\" content=\"1200\" \/>\n\t<meta property=\"og:image:height\" content=\"674\" \/>\n\t<meta property=\"og:image:type\" content=\"image\/png\" \/>\n<meta name=\"author\" content=\"S\u00e9bastien Gente\" \/>\n<meta name=\"twitter:card\" content=\"summary_large_image\" \/>\n<meta name=\"twitter:title\" content=\"WTA Palerme : Diane Parry essore Chlo\u00e9 Paquet et rejoint les demi-finales\" \/>\n<meta name=\"twitter:creator\" content=\"@https:\/\/twitter.com\/globulo24\" \/>\n<meta name=\"twitter:site\" content=\"@dicodusport\" \/>\n<script type=\"application\/ld+json\" class=\"yoast-schema-graph\">{\"@context\":\"https:\/\/schema.org\",\"@graph\":[{\"@type\":\"NewsArticle\",\"@id\":\"https:\/\/dicodusport.fr\/blog\/wta-palerme-diane-parry-essore-chloe-paquet-et-rejoint-les-demi-finales\/#article\",\"isPartOf\":{\"@id\":\"https:\/\/dicodusport.fr\/blog\/wta-palerme-diane-parry-essore-chloe-paquet-et-rejoint-les-demi-finales\/\"},\"author\":{\"name\":\"S\u00e9bastien Gente\",\"@id\":\"https:\/\/dicodusport.fr\/blog\/#\/schema\/person\/627966a6cde45dbd8c5e36ac85d783da\"},\"headline\":\"WTA Palerme : Diane Parry essore Chlo\u00e9 Paquet et rejoint les demi-finales\",\"datePublished\":\"2024-07-19T17:42:27+00:00\",\"dateModified\":\"2024-07-19T19:03:11+00:00\",\"mainEntityOfPage\":{\"@id\":\"https:\/\/dicodusport.fr\/blog\/wta-palerme-diane-parry-essore-chloe-paquet-et-rejoint-les-demi-finales\/\"},\"wordCount\":456,\"commentCount\":0,\"publisher\":{\"@id\":\"https:\/\/dicodusport.fr\/blog\/#organization\"},\"image\":{\"@id\":\"https:\/\/dicodusport.fr\/blog\/wta-palerme-diane-parry-essore-chloe-paquet-et-rejoint-les-demi-finales\/#primaryimage\"},\"thumbnailUrl\":\"https:\/\/dicodusport.fr\/blog\/wp-content\/uploads\/2024\/07\/WTA-Palerme-Diane-Parry-essore-Chloe-Paquet-et-rejoint-les-demi-finales.png\",\"keywords\":[\"br\u00e8ve\"],\"articleSection\":[\"Tennis\"],\"inLanguage\":\"fr-FR\",\"potentialAction\":[{\"@type\":\"CommentAction\",\"name\":\"Comment\",\"target\":[\"https:\/\/dicodusport.fr\/blog\/wta-palerme-diane-parry-essore-chloe-paquet-et-rejoint-les-demi-finales\/#respond\"]}],\"copyrightYear\":\"2024\",\"copyrightHolder\":{\"@id\":\"https:\/\/dicodusport.fr\/blog\/#organization\"}},{\"@type\":\"WebPage\",\"@id\":\"https:\/\/dicodusport.fr\/blog\/wta-palerme-diane-parry-essore-chloe-paquet-et-rejoint-les-demi-finales\/\",\"url\":\"https:\/\/dicodusport.fr\/blog\/wta-palerme-diane-parry-essore-chloe-paquet-et-rejoint-les-demi-finales\/\",\"name\":\"WTA Palerme : Diane Parry essore Chlo\u00e9 Paquet et rejoint les demi-finales\",\"isPartOf\":{\"@id\":\"https:\/\/dicodusport.fr\/blog\/#website\"},\"primaryImageOfPage\":{\"@id\":\"https:\/\/dicodusport.fr\/blog\/wta-palerme-diane-parry-essore-chloe-paquet-et-rejoint-les-demi-finales\/#primaryimage\"},\"image\":{\"@id\":\"https:\/\/dicodusport.fr\/blog\/wta-palerme-diane-parry-essore-chloe-paquet-et-rejoint-les-demi-finales\/#primaryimage\"},\"thumbnailUrl\":\"https:\/\/dicodusport.fr\/blog\/wp-content\/uploads\/2024\/07\/WTA-Palerme-Diane-Parry-essore-Chloe-Paquet-et-rejoint-les-demi-finales.png\",\"datePublished\":\"2024-07-19T17:42:27+00:00\",\"dateModified\":\"2024-07-19T19:03:11+00:00\",\"description\":\"TOURNOI WTA 250 DE PALERME - Apr\u00e8s trois heures d'empoignade, Diane Parry a fini par saper la r\u00e9sistance de Chlo\u00e9 Paquet, et int\u00e8gre le dernier carr\u00e9.\u00a0\",\"breadcrumb\":{\"@id\":\"https:\/\/dicodusport.fr\/blog\/wta-palerme-diane-parry-essore-chloe-paquet-et-rejoint-les-demi-finales\/#breadcrumb\"},\"inLanguage\":\"fr-FR\",\"potentialAction\":[{\"@type\":\"ReadAction\",\"target\":[\"https:\/\/dicodusport.fr\/blog\/wta-palerme-diane-parry-essore-chloe-paquet-et-rejoint-les-demi-finales\/\"]}]},{\"@type\":\"ImageObject\",\"inLanguage\":\"fr-FR\",\"@id\":\"https:\/\/dicodusport.fr\/blog\/wta-palerme-diane-parry-essore-chloe-paquet-et-rejoint-les-demi-finales\/#primaryimage\",\"url\":\"https:\/\/dicodusport.fr\/blog\/wp-content\/uploads\/2024\/07\/WTA-Palerme-Diane-Parry-essore-Chloe-Paquet-et-rejoint-les-demi-finales.png\",\"contentUrl\":\"https:\/\/dicodusport.fr\/blog\/wp-content\/uploads\/2024\/07\/WTA-Palerme-Diane-Parry-essore-Chloe-Paquet-et-rejoint-les-demi-finales.png\",\"width\":1200,\"height\":674,\"caption\":\"WTA Palerme Diane Parry essore Chlo\u00e9 Paquet et rejoint les demi-finales\"},{\"@type\":\"BreadcrumbList\",\"@id\":\"https:\/\/dicodusport.fr\/blog\/wta-palerme-diane-parry-essore-chloe-paquet-et-rejoint-les-demi-finales\/#breadcrumb\",\"itemListElement\":[{\"@type\":\"ListItem\",\"position\":1,\"name\":\"Accueil\",\"item\":\"https:\/\/dicodusport.fr\/blog\/\"},{\"@type\":\"ListItem\",\"position\":2,\"name\":\"WTA Palerme : Diane Parry essore Chlo\u00e9 Paquet et rejoint les demi-finales\"}]},{\"@type\":\"WebSite\",\"@id\":\"https:\/\/dicodusport.fr\/blog\/#website\",\"url\":\"https:\/\/dicodusport.fr\/blog\/\",\"name\":\"Dicodusport\",\"description\":\"L&#039;encyclop\u00e9die de l&#039;actualit\u00e9 sportive\",\"publisher\":{\"@id\":\"https:\/\/dicodusport.fr\/blog\/#organization\"},\"potentialAction\":[{\"@type\":\"SearchAction\",\"target\":{\"@type\":\"EntryPoint\",\"urlTemplate\":\"https:\/\/dicodusport.fr\/blog\/?s={search_term_string}\"},\"query-input\":{\"@type\":\"PropertyValueSpecification\",\"valueRequired\":true,\"valueName\":\"search_term_string\"}}],\"inLanguage\":\"fr-FR\"},{\"@type\":\"NewsMediaOrganization\",\"@id\":\"https:\/\/dicodusport.fr\/blog\/#organization\",\"name\":\"Dicodusport\",\"url\":\"https:\/\/dicodusport.fr\/blog\/\",\"logo\":{\"@type\":\"ImageObject\",\"inLanguage\":\"fr-FR\",\"@id\":\"https:\/\/dicodusport.fr\/blog\/#\/schema\/logo\/image\/\",\"url\":\"https:\/\/dicodusport.fr\/blog\/wp-content\/uploads\/2020\/06\/cropped-LOGO-DICODUSPORT-2020-SANS-FOND-SANS-TEXTE.png\",\"contentUrl\":\"https:\/\/dicodusport.fr\/blog\/wp-content\/uploads\/2020\/06\/cropped-LOGO-DICODUSPORT-2020-SANS-FOND-SANS-TEXTE.png\",\"width\":512,\"height\":512,\"caption\":\"Dicodusport\"},\"image\":{\"@id\":\"https:\/\/dicodusport.fr\/blog\/#\/schema\/logo\/image\/\"},\"sameAs\":[\"https:\/\/www.facebook.com\/dicodusport\",\"https:\/\/x.com\/dicodusport\",\"https:\/\/www.instagram.com\/dicodusport\/\",\"https:\/\/www.youtube.com\/channel\/UC7V2KZ5sd3htJivAbA4ZG3w\"],\"description\":\"Dicodusport est l'encyclop\u00e9die de l'actualit\u00e9 sportive.\",\"email\":\"bonjour@dicodusport.fr\",\"legalName\":\"DICODUSPORT\",\"foundingDate\":\"2018-01-14\",\"vatID\":\"FR71834470973\",\"taxID\":\"83447097300043\",\"numberOfEmployees\":{\"@type\":\"QuantitativeValue\",\"minValue\":\"1\",\"maxValue\":\"10\"}},{\"@type\":\"Person\",\"@id\":\"https:\/\/dicodusport.fr\/blog\/#\/schema\/person\/627966a6cde45dbd8c5e36ac85d783da\",\"name\":\"S\u00e9bastien Gente\",\"image\":{\"@type\":\"ImageObject\",\"inLanguage\":\"fr-FR\",\"@id\":\"https:\/\/dicodusport.fr\/blog\/#\/schema\/person\/image\/\",\"url\":\"https:\/\/dicodusport.fr\/blog\/wp-content\/uploads\/2021\/09\/1510990_10205810251400683_4124423575079401707_n-150x150.jpg\",\"contentUrl\":\"https:\/\/dicodusport.fr\/blog\/wp-content\/uploads\/2021\/09\/1510990_10205810251400683_4124423575079401707_n-150x150.jpg\",\"caption\":\"S\u00e9bastien Gente\"},\"description\":\"John Stockton, Gianni Bugno, Zinedine Zidane, Steffi Graf, Frode Andresen, St\u00e9phane Stoecklin, Davis Kamoga, Primoz Peterka, Werner Schlager et Aur\u00e9lien Rougerie. Point commun entre ces sportifs? Ils m'ont fait r\u00eaver et ont berc\u00e9 mon adolescence. Je suis un fondu de sports et j'essaie de retranscrire ma passion \u00e0 travers mes articles. Originaire du P\u00e9rigord, ma passion pour les Girondins, les Jaunards et les Jazzmen transpire dans mes \u00e9crits. \u00c0 Dicodusport depuis 2021, je d\u00e9niche les sports m\u00e9connus dans lesquels la France brille, et il y en a !\",\"sameAs\":[\"https:\/\/www.facebook.com\/sebastien.gente\/\",\"https:\/\/www.instagram.com\/sebgente\/\",\"https:\/\/www.linkedin.com\/in\/sbastien-gente-a29583169\/\",\"https:\/\/x.com\/https:\/\/twitter.com\/globulo24\",\"SebastienGente\"],\"worksFor\":\"S\u00e9bastien GENTE\",\"url\":\"https:\/\/dicodusport.fr\/blog\/author\/sebastiengente\/\"}]}<\/script>\n<!-- \/ Yoast SEO Premium plugin. -->","yoast_head_json":{"title":"WTA Palerme : Diane Parry essore Chlo\u00e9 Paquet et rejoint les demi-finales","description":"TOURNOI WTA 250 DE PALERME - Apr\u00e8s trois heures d'empoignade, Diane Parry a fini par saper la r\u00e9sistance de Chlo\u00e9 Paquet, et int\u00e8gre le dernier carr\u00e9.\u00a0","robots":{"index":"index","follow":"follow","max-snippet":"max-snippet:-1","max-image-preview":"max-image-preview:large","max-video-preview":"max-video-preview:-1"},"canonical":"https:\/\/dicodusport.fr\/blog\/wta-palerme-diane-parry-essore-chloe-paquet-et-rejoint-les-demi-finales\/","og_locale":"fr_FR","og_type":"article","og_title":"WTA Palerme : Diane Parry essore Chlo\u00e9 Paquet et rejoint les demi-finales","og_description":"TOURNOI WTA 250 DE PALERME - Apr\u00e8s trois heures d'empoignade, Diane Parry a fini par saper la r\u00e9sistance de Chlo\u00e9 Paquet, et int\u00e8gre le dernier carr\u00e9.\u00a0","og_url":"https:\/\/dicodusport.fr\/blog\/wta-palerme-diane-parry-essore-chloe-paquet-et-rejoint-les-demi-finales\/","og_site_name":"Dicodusport","article_publisher":"https:\/\/www.facebook.com\/dicodusport","article_author":"https:\/\/www.facebook.com\/sebastien.gente\/","article_published_time":"2024-07-19T17:42:27+00:00","article_modified_time":"2024-07-19T19:03:11+00:00","og_image":[{"width":1200,"height":674,"url":"https:\/\/dicodusport.fr\/blog\/wp-content\/uploads\/2024\/07\/WTA-Palerme-Diane-Parry-essore-Chloe-Paquet-et-rejoint-les-demi-finales.png","type":"image\/png"}],"author":"S\u00e9bastien Gente","twitter_card":"summary_large_image","twitter_title":"WTA Palerme : Diane Parry essore Chlo\u00e9 Paquet et rejoint les demi-finales","twitter_creator":"@https:\/\/twitter.com\/globulo24","twitter_site":"@dicodusport","schema":{"@context":"https:\/\/schema.org","@graph":[{"@type":"NewsArticle","@id":"https:\/\/dicodusport.fr\/blog\/wta-palerme-diane-parry-essore-chloe-paquet-et-rejoint-les-demi-finales\/#article","isPartOf":{"@id":"https:\/\/dicodusport.fr\/blog\/wta-palerme-diane-parry-essore-chloe-paquet-et-rejoint-les-demi-finales\/"},"author":{"name":"S\u00e9bastien Gente","@id":"https:\/\/dicodusport.fr\/blog\/#\/schema\/person\/627966a6cde45dbd8c5e36ac85d783da"},"headline":"WTA Palerme : Diane Parry essore Chlo\u00e9 Paquet et rejoint les demi-finales","datePublished":"2024-07-19T17:42:27+00:00","dateModified":"2024-07-19T19:03:11+00:00","mainEntityOfPage":{"@id":"https:\/\/dicodusport.fr\/blog\/wta-palerme-diane-parry-essore-chloe-paquet-et-rejoint-les-demi-finales\/"},"wordCount":456,"commentCount":0,"publisher":{"@id":"https:\/\/dicodusport.fr\/blog\/#organization"},"image":{"@id":"https:\/\/dicodusport.fr\/blog\/wta-palerme-diane-parry-essore-chloe-paquet-et-rejoint-les-demi-finales\/#primaryimage"},"thumbnailUrl":"https:\/\/dicodusport.fr\/blog\/wp-content\/uploads\/2024\/07\/WTA-Palerme-Diane-Parry-essore-Chloe-Paquet-et-rejoint-les-demi-finales.png","keywords":["br\u00e8ve"],"articleSection":["Tennis"],"inLanguage":"fr-FR","potentialAction":[{"@type":"CommentAction","name":"Comment","target":["https:\/\/dicodusport.fr\/blog\/wta-palerme-diane-parry-essore-chloe-paquet-et-rejoint-les-demi-finales\/#respond"]}],"copyrightYear":"2024","copyrightHolder":{"@id":"https:\/\/dicodusport.fr\/blog\/#organization"}},{"@type":"WebPage","@id":"https:\/\/dicodusport.fr\/blog\/wta-palerme-diane-parry-essore-chloe-paquet-et-rejoint-les-demi-finales\/","url":"https:\/\/dicodusport.fr\/blog\/wta-palerme-diane-parry-essore-chloe-paquet-et-rejoint-les-demi-finales\/","name":"WTA Palerme : Diane Parry essore Chlo\u00e9 Paquet et rejoint les demi-finales","isPartOf":{"@id":"https:\/\/dicodusport.fr\/blog\/#website"},"primaryImageOfPage":{"@id":"https:\/\/dicodusport.fr\/blog\/wta-palerme-diane-parry-essore-chloe-paquet-et-rejoint-les-demi-finales\/#primaryimage"},"image":{"@id":"https:\/\/dicodusport.fr\/blog\/wta-palerme-diane-parry-essore-chloe-paquet-et-rejoint-les-demi-finales\/#primaryimage"},"thumbnailUrl":"https:\/\/dicodusport.fr\/blog\/wp-content\/uploads\/2024\/07\/WTA-Palerme-Diane-Parry-essore-Chloe-Paquet-et-rejoint-les-demi-finales.png","datePublished":"2024-07-19T17:42:27+00:00","dateModified":"2024-07-19T19:03:11+00:00","description":"TOURNOI WTA 250 DE PALERME - Apr\u00e8s trois heures d'empoignade, Diane Parry a fini par saper la r\u00e9sistance de Chlo\u00e9 Paquet, et int\u00e8gre le dernier carr\u00e9.\u00a0","breadcrumb":{"@id":"https:\/\/dicodusport.fr\/blog\/wta-palerme-diane-parry-essore-chloe-paquet-et-rejoint-les-demi-finales\/#breadcrumb"},"inLanguage":"fr-FR","potentialAction":[{"@type":"ReadAction","target":["https:\/\/dicodusport.fr\/blog\/wta-palerme-diane-parry-essore-chloe-paquet-et-rejoint-les-demi-finales\/"]}]},{"@type":"ImageObject","inLanguage":"fr-FR","@id":"https:\/\/dicodusport.fr\/blog\/wta-palerme-diane-parry-essore-chloe-paquet-et-rejoint-les-demi-finales\/#primaryimage","url":"https:\/\/dicodusport.fr\/blog\/wp-content\/uploads\/2024\/07\/WTA-Palerme-Diane-Parry-essore-Chloe-Paquet-et-rejoint-les-demi-finales.png","contentUrl":"https:\/\/dicodusport.fr\/blog\/wp-content\/uploads\/2024\/07\/WTA-Palerme-Diane-Parry-essore-Chloe-Paquet-et-rejoint-les-demi-finales.png","width":1200,"height":674,"caption":"WTA Palerme Diane Parry essore Chlo\u00e9 Paquet et rejoint les demi-finales"},{"@type":"BreadcrumbList","@id":"https:\/\/dicodusport.fr\/blog\/wta-palerme-diane-parry-essore-chloe-paquet-et-rejoint-les-demi-finales\/#breadcrumb","itemListElement":[{"@type":"ListItem","position":1,"name":"Accueil","item":"https:\/\/dicodusport.fr\/blog\/"},{"@type":"ListItem","position":2,"name":"WTA Palerme : Diane Parry essore Chlo\u00e9 Paquet et rejoint les demi-finales"}]},{"@type":"WebSite","@id":"https:\/\/dicodusport.fr\/blog\/#website","url":"https:\/\/dicodusport.fr\/blog\/","name":"Dicodusport","description":"L&#039;encyclop\u00e9die de l&#039;actualit\u00e9 sportive","publisher":{"@id":"https:\/\/dicodusport.fr\/blog\/#organization"},"potentialAction":[{"@type":"SearchAction","target":{"@type":"EntryPoint","urlTemplate":"https:\/\/dicodusport.fr\/blog\/?s={search_term_string}"},"query-input":{"@type":"PropertyValueSpecification","valueRequired":true,"valueName":"search_term_string"}}],"inLanguage":"fr-FR"},{"@type":"NewsMediaOrganization","@id":"https:\/\/dicodusport.fr\/blog\/#organization","name":"Dicodusport","url":"https:\/\/dicodusport.fr\/blog\/","logo":{"@type":"ImageObject","inLanguage":"fr-FR","@id":"https:\/\/dicodusport.fr\/blog\/#\/schema\/logo\/image\/","url":"https:\/\/dicodusport.fr\/blog\/wp-content\/uploads\/2020\/06\/cropped-LOGO-DICODUSPORT-2020-SANS-FOND-SANS-TEXTE.png","contentUrl":"https:\/\/dicodusport.fr\/blog\/wp-content\/uploads\/2020\/06\/cropped-LOGO-DICODUSPORT-2020-SANS-FOND-SANS-TEXTE.png","width":512,"height":512,"caption":"Dicodusport"},"image":{"@id":"https:\/\/dicodusport.fr\/blog\/#\/schema\/logo\/image\/"},"sameAs":["https:\/\/www.facebook.com\/dicodusport","https:\/\/x.com\/dicodusport","https:\/\/www.instagram.com\/dicodusport\/","https:\/\/www.youtube.com\/channel\/UC7V2KZ5sd3htJivAbA4ZG3w"],"description":"Dicodusport est l'encyclop\u00e9die de l'actualit\u00e9 sportive.","email":"bonjour@dicodusport.fr","legalName":"DICODUSPORT","foundingDate":"2018-01-14","vatID":"FR71834470973","taxID":"83447097300043","numberOfEmployees":{"@type":"QuantitativeValue","minValue":"1","maxValue":"10"}},{"@type":"Person","@id":"https:\/\/dicodusport.fr\/blog\/#\/schema\/person\/627966a6cde45dbd8c5e36ac85d783da","name":"S\u00e9bastien Gente","image":{"@type":"ImageObject","inLanguage":"fr-FR","@id":"https:\/\/dicodusport.fr\/blog\/#\/schema\/person\/image\/","url":"https:\/\/dicodusport.fr\/blog\/wp-content\/uploads\/2021\/09\/1510990_10205810251400683_4124423575079401707_n-150x150.jpg","contentUrl":"https:\/\/dicodusport.fr\/blog\/wp-content\/uploads\/2021\/09\/1510990_10205810251400683_4124423575079401707_n-150x150.jpg","caption":"S\u00e9bastien Gente"},"description":"John Stockton, Gianni Bugno, Zinedine Zidane, Steffi Graf, Frode Andresen, St\u00e9phane Stoecklin, Davis Kamoga, Primoz Peterka, Werner Schlager et Aur\u00e9lien Rougerie. Point commun entre ces sportifs? Ils m'ont fait r\u00eaver et ont berc\u00e9 mon adolescence. Je suis un fondu de sports et j'essaie de retranscrire ma passion \u00e0 travers mes articles. Originaire du P\u00e9rigord, ma passion pour les Girondins, les Jaunards et les Jazzmen transpire dans mes \u00e9crits. \u00c0 Dicodusport depuis 2021, je d\u00e9niche les sports m\u00e9connus dans lesquels la France brille, et il y en a !","sameAs":["https:\/\/www.facebook.com\/sebastien.gente\/","https:\/\/www.instagram.com\/sebgente\/","https:\/\/www.linkedin.com\/in\/sbastien-gente-a29583169\/","https:\/\/x.com\/https:\/\/twitter.com\/globulo24","SebastienGente"],"worksFor":"S\u00e9bastien GENTE","url":"https:\/\/dicodusport.fr\/blog\/author\/sebastiengente\/"}]}},"_links":{"self":[{"href":"https:\/\/dicodusport.fr\/blog\/wp-json\/wp\/v2\/posts\/501528","targetHints":{"allow":["GET"]}}],"collection":[{"href":"https:\/\/dicodusport.fr\/blog\/wp-json\/wp\/v2\/posts"}],"about":[{"href":"https:\/\/dicodusport.fr\/blog\/wp-json\/wp\/v2\/types\/post"}],"author":[{"embeddable":true,"href":"https:\/\/dicodusport.fr\/blog\/wp-json\/wp\/v2\/users\/59"}],"replies":[{"embeddable":true,"href":"https:\/\/dicodusport.fr\/blog\/wp-json\/wp\/v2\/comments?post=501528"}],"version-history":[{"count":3,"href":"https:\/\/dicodusport.fr\/blog\/wp-json\/wp\/v2\/posts\/501528\/revisions"}],"predecessor-version":[{"id":501646,"href":"https:\/\/dicodusport.fr\/blog\/wp-json\/wp\/v2\/posts\/501528\/revisions\/501646"}],"wp:featuredmedia":[{"embeddable":true,"href":"https:\/\/dicodusport.fr\/blog\/wp-json\/wp\/v2\/media\/501601"}],"wp:attachment":[{"href":"https:\/\/dicodusport.fr\/blog\/wp-json\/wp\/v2\/media?parent=501528"}],"wp:term":[{"taxonomy":"category","embeddable":true,"href":"https:\/\/dicodusport.fr\/blog\/wp-json\/wp\/v2\/categories?post=501528"},{"taxonomy":"post_tag","embeddable":true,"href":"https:\/\/dicodusport.fr\/blog\/wp-json\/wp\/v2\/tags?post=501528"}],"curies":[{"name":"wp","href":"https:\/\/api.w.org\/{rel}","templated":true}]}}