{"id":50169,"date":"2019-09-30T17:28:03","date_gmt":"2019-09-30T15:28:03","guid":{"rendered":"http:\/\/dicodusport.fr\/blog\/?p=50169&#038;preview=true&#038;preview_id=50169"},"modified":"2019-09-30T17:35:41","modified_gmt":"2019-09-30T15:35:41","slug":"pascal-dupraz-de-retour-en-ligue-2","status":"publish","type":"post","link":"https:\/\/dicodusport.fr\/blog\/pascal-dupraz-de-retour-en-ligue-2\/","title":{"rendered":"Pascal Dupraz de retour en Ligue 2"},"content":{"rendered":"<p style=\"text-align: justify;\"><em><strong>Selon une information de Ouest-France, Pascal Dupraz va devenir mardi matin le nouvel entra\u00eeneur du Stade Malherbe de Caen, rel\u00e9gu\u00e9 en Ligue 2 la saison derni\u00e8re.<\/strong><\/em><\/p>\n<p style=\"text-align: justify;\">Quelques jours apr\u00e8s avoir licenci\u00e9 leur entra\u00eeneur arriv\u00e9 quelques mois plus t\u00f4t, <strong>Rui Almeida<\/strong>, les dirigeants de Caen semble avoir d\u00e9j\u00e0 trouv\u00e9 son successeur. Sans emploi depuis qu&rsquo;il n&rsquo;est plus l&rsquo;entra\u00eeneur de <strong>Toulouse<\/strong>, <strong>Pascal Dupraz<\/strong> va signer son contrat avec le club normand ce mardi martin. Alors que <strong>Caen<\/strong> est 17\u00e8me de Ligue 2 apr\u00e8s 9 journ\u00e9es, la mission qui attend l&rsquo;ancien coach du <strong>T\u00e9f\u00e9c\u00e9<\/strong> s&rsquo;annonce p\u00e9rilleuse.<\/p>\n<blockquote class=\"twitter-tweet\" data-lang=\"fr\">\n<p dir=\"ltr\" lang=\"fr\">&#x1f534; Pascal Dupraz devrait devenir le nouvel entra\u00eeneur de Caen dans les prochaines heures.<br \/>\n(<a href=\"https:\/\/twitter.com\/OuestFrance?ref_src=twsrc%5Etfw\">@OuestFrance<\/a> \/ <a href=\"https:\/\/twitter.com\/infosportplus?ref_src=twsrc%5Etfw\">@infosportplus<\/a> \/ <a href=\"https:\/\/twitter.com\/tendanceouest?ref_src=twsrc%5Etfw\">@tendanceouest<\/a>) <a href=\"https:\/\/t.co\/ajfo4B7gCz\">pic.twitter.com\/ajfo4B7gCz<\/a><\/p>\n<p>\u2014 Actu Foot (@ActuFoot_) <a href=\"https:\/\/twitter.com\/ActuFoot_\/status\/1178662103563096064?ref_src=twsrc%5Etfw\">30 septembre 2019<\/a><\/p><\/blockquote>\n<p><script async src=\"https:\/\/platform.twitter.com\/widgets.js\" charset=\"utf-8\"><\/script><\/p>\n<p><strong><em>Dicodusport<br \/>\n<a href=\"https:\/\/www.facebook.com\/dicodusport\/\" target=\"_blank\" rel=\"noopener\"><img loading=\"lazy\" decoding=\"async\" class=\"alignnone wp-image-2909\" src=\"http:\/\/dicodusport.fr\/blog\/wp-content\/uploads\/2017\/07\/logo-facebook-150x150.png\" alt=\"\" width=\"40\" height=\"40\" \/><\/a><a href=\"https:\/\/twitter.com\/dicodusport\" target=\"_blank\" rel=\"noopener\"><img loading=\"lazy\" decoding=\"async\" class=\"alignnone wp-image-2908\" src=\"http:\/\/dicodusport.fr\/blog\/wp-content\/uploads\/2017\/07\/logo-twitter-150x150.png\" alt=\"\" width=\"39\" height=\"39\" \/><\/a><\/em><\/strong><\/p>\n<p>&nbsp;<\/p>\n","protected":false},"excerpt":{"rendered":"<p>Selon une information de Ouest-France, Pascal Dupraz va devenir mardi matin le nouvel entra\u00eeneur de Caen, rel\u00e9gu\u00e9 en Ligue 2 la saison derni\u00e8re.<\/p>\n","protected":false},"author":1,"featured_media":50172,"comment_status":"open","ping_status":"closed","sticky":false,"template":"","format":"standard","meta":{"_acf_changed":false,"_daextam_enable_autolinks":"","footnotes":""},"categories":[2301],"tags":[1236,75,8919],"class_list":["post-50169","post","type-post","status-publish","format-standard","has-post-thumbnail","hentry","category-football","tag-caen","tag-football","tag-pascal-dupraz"],"acf":[],"yoast_head":"<!-- This site is optimized with the Yoast SEO Premium plugin v26.7 (Yoast SEO v26.7) - https:\/\/yoast.com\/wordpress\/plugins\/seo\/ -->\n<title>Pascal Dupraz de retour en Ligue 2<\/title>\n<meta name=\"description\" content=\"Selon une information de Ouest-France, Pascal Dupraz va devenir mardi matin le nouvel entra\u00eeneur de Caen, rel\u00e9gu\u00e9 en Ligue 2 la saison derni\u00e8re.\" \/>\n<meta name=\"robots\" content=\"index, follow, max-snippet:-1, max-image-preview:large, max-video-preview:-1\" \/>\n<link rel=\"canonical\" href=\"https:\/\/dicodusport.fr\/blog\/pascal-dupraz-de-retour-en-ligue-2\/\" \/>\n<meta property=\"og:locale\" content=\"fr_FR\" \/>\n<meta property=\"og:type\" content=\"article\" \/>\n<meta property=\"og:title\" content=\"Pascal Dupraz de retour en Ligue 2\" \/>\n<meta property=\"og:description\" content=\"Selon une information de Ouest-France, Pascal Dupraz va devenir mardi matin le nouvel entra\u00eeneur de Caen, rel\u00e9gu\u00e9 en Ligue 2 la saison derni\u00e8re.\" \/>\n<meta property=\"og:url\" content=\"https:\/\/dicodusport.fr\/blog\/pascal-dupraz-de-retour-en-ligue-2\/\" \/>\n<meta property=\"og:site_name\" content=\"Dicodusport\" \/>\n<meta property=\"article:publisher\" content=\"https:\/\/www.facebook.com\/dicodusport\" \/>\n<meta property=\"article:author\" content=\"https:\/\/www.facebook.com\/dicodusport\" \/>\n<meta property=\"article:published_time\" content=\"2019-09-30T15:28:03+00:00\" \/>\n<meta property=\"article:modified_time\" content=\"2019-09-30T15:35:41+00:00\" \/>\n<meta property=\"og:image\" content=\"https:\/\/dicodusport.fr\/blog\/wp-content\/uploads\/2019\/09\/Pascal-Dupraz-de-retour-en-Ligue-2.png\" \/>\n\t<meta property=\"og:image:width\" content=\"800\" \/>\n\t<meta property=\"og:image:height\" content=\"445\" \/>\n\t<meta property=\"og:image:type\" content=\"image\/png\" \/>\n<meta name=\"author\" content=\"Nicolas Jacquemard\" \/>\n<meta name=\"twitter:card\" content=\"summary_large_image\" \/>\n<meta name=\"twitter:title\" content=\"Pascal Dupraz de retour en Ligue 2\" \/>\n<meta name=\"twitter:creator\" content=\"@https:\/\/twitter.com\/Nico_Jacquemard\" \/>\n<meta name=\"twitter:site\" content=\"@dicodusport\" \/>\n<script type=\"application\/ld+json\" class=\"yoast-schema-graph\">{\"@context\":\"https:\/\/schema.org\",\"@graph\":[{\"@type\":\"NewsArticle\",\"@id\":\"https:\/\/dicodusport.fr\/blog\/pascal-dupraz-de-retour-en-ligue-2\/#article\",\"isPartOf\":{\"@id\":\"https:\/\/dicodusport.fr\/blog\/pascal-dupraz-de-retour-en-ligue-2\/\"},\"author\":{\"name\":\"Nicolas Jacquemard\",\"@id\":\"https:\/\/dicodusport.fr\/blog\/#\/schema\/person\/55dcb50ad410894e431ed812bbb70191\"},\"headline\":\"Pascal Dupraz de retour en Ligue 2\",\"datePublished\":\"2019-09-30T15:28:03+00:00\",\"dateModified\":\"2019-09-30T15:35:41+00:00\",\"mainEntityOfPage\":{\"@id\":\"https:\/\/dicodusport.fr\/blog\/pascal-dupraz-de-retour-en-ligue-2\/\"},\"wordCount\":145,\"commentCount\":0,\"publisher\":{\"@id\":\"https:\/\/dicodusport.fr\/blog\/#organization\"},\"image\":{\"@id\":\"https:\/\/dicodusport.fr\/blog\/pascal-dupraz-de-retour-en-ligue-2\/#primaryimage\"},\"thumbnailUrl\":\"https:\/\/dicodusport.fr\/blog\/wp-content\/uploads\/2019\/09\/Pascal-Dupraz-de-retour-en-Ligue-2.png\",\"keywords\":[\"caen\",\"Football\",\"Pascal Dupraz\"],\"articleSection\":[\"Football\"],\"inLanguage\":\"fr-FR\",\"potentialAction\":[{\"@type\":\"CommentAction\",\"name\":\"Comment\",\"target\":[\"https:\/\/dicodusport.fr\/blog\/pascal-dupraz-de-retour-en-ligue-2\/#respond\"]}],\"copyrightYear\":\"2019\",\"copyrightHolder\":{\"@id\":\"https:\/\/dicodusport.fr\/blog\/#organization\"}},{\"@type\":\"WebPage\",\"@id\":\"https:\/\/dicodusport.fr\/blog\/pascal-dupraz-de-retour-en-ligue-2\/\",\"url\":\"https:\/\/dicodusport.fr\/blog\/pascal-dupraz-de-retour-en-ligue-2\/\",\"name\":\"Pascal Dupraz de retour en Ligue 2\",\"isPartOf\":{\"@id\":\"https:\/\/dicodusport.fr\/blog\/#website\"},\"primaryImageOfPage\":{\"@id\":\"https:\/\/dicodusport.fr\/blog\/pascal-dupraz-de-retour-en-ligue-2\/#primaryimage\"},\"image\":{\"@id\":\"https:\/\/dicodusport.fr\/blog\/pascal-dupraz-de-retour-en-ligue-2\/#primaryimage\"},\"thumbnailUrl\":\"https:\/\/dicodusport.fr\/blog\/wp-content\/uploads\/2019\/09\/Pascal-Dupraz-de-retour-en-Ligue-2.png\",\"datePublished\":\"2019-09-30T15:28:03+00:00\",\"dateModified\":\"2019-09-30T15:35:41+00:00\",\"description\":\"Selon une information de Ouest-France, Pascal Dupraz va devenir mardi matin le nouvel entra\u00eeneur de Caen, rel\u00e9gu\u00e9 en Ligue 2 la saison derni\u00e8re.\",\"breadcrumb\":{\"@id\":\"https:\/\/dicodusport.fr\/blog\/pascal-dupraz-de-retour-en-ligue-2\/#breadcrumb\"},\"inLanguage\":\"fr-FR\",\"potentialAction\":[{\"@type\":\"ReadAction\",\"target\":[\"https:\/\/dicodusport.fr\/blog\/pascal-dupraz-de-retour-en-ligue-2\/\"]}]},{\"@type\":\"ImageObject\",\"inLanguage\":\"fr-FR\",\"@id\":\"https:\/\/dicodusport.fr\/blog\/pascal-dupraz-de-retour-en-ligue-2\/#primaryimage\",\"url\":\"https:\/\/dicodusport.fr\/blog\/wp-content\/uploads\/2019\/09\/Pascal-Dupraz-de-retour-en-Ligue-2.png\",\"contentUrl\":\"https:\/\/dicodusport.fr\/blog\/wp-content\/uploads\/2019\/09\/Pascal-Dupraz-de-retour-en-Ligue-2.png\",\"width\":800,\"height\":445},{\"@type\":\"BreadcrumbList\",\"@id\":\"https:\/\/dicodusport.fr\/blog\/pascal-dupraz-de-retour-en-ligue-2\/#breadcrumb\",\"itemListElement\":[{\"@type\":\"ListItem\",\"position\":1,\"name\":\"Accueil\",\"item\":\"https:\/\/dicodusport.fr\/blog\/\"},{\"@type\":\"ListItem\",\"position\":2,\"name\":\"Pascal Dupraz de retour en Ligue 2\"}]},{\"@type\":\"WebSite\",\"@id\":\"https:\/\/dicodusport.fr\/blog\/#website\",\"url\":\"https:\/\/dicodusport.fr\/blog\/\",\"name\":\"Dicodusport\",\"description\":\"L&#039;encyclop\u00e9die de l&#039;actualit\u00e9 sportive\",\"publisher\":{\"@id\":\"https:\/\/dicodusport.fr\/blog\/#organization\"},\"potentialAction\":[{\"@type\":\"SearchAction\",\"target\":{\"@type\":\"EntryPoint\",\"urlTemplate\":\"https:\/\/dicodusport.fr\/blog\/?s={search_term_string}\"},\"query-input\":{\"@type\":\"PropertyValueSpecification\",\"valueRequired\":true,\"valueName\":\"search_term_string\"}}],\"inLanguage\":\"fr-FR\"},{\"@type\":\"NewsMediaOrganization\",\"@id\":\"https:\/\/dicodusport.fr\/blog\/#organization\",\"name\":\"Dicodusport\",\"url\":\"https:\/\/dicodusport.fr\/blog\/\",\"logo\":{\"@type\":\"ImageObject\",\"inLanguage\":\"fr-FR\",\"@id\":\"https:\/\/dicodusport.fr\/blog\/#\/schema\/logo\/image\/\",\"url\":\"https:\/\/dicodusport.fr\/blog\/wp-content\/uploads\/2020\/06\/cropped-LOGO-DICODUSPORT-2020-SANS-FOND-SANS-TEXTE.png\",\"contentUrl\":\"https:\/\/dicodusport.fr\/blog\/wp-content\/uploads\/2020\/06\/cropped-LOGO-DICODUSPORT-2020-SANS-FOND-SANS-TEXTE.png\",\"width\":512,\"height\":512,\"caption\":\"Dicodusport\"},\"image\":{\"@id\":\"https:\/\/dicodusport.fr\/blog\/#\/schema\/logo\/image\/\"},\"sameAs\":[\"https:\/\/www.facebook.com\/dicodusport\",\"https:\/\/x.com\/dicodusport\",\"https:\/\/www.instagram.com\/dicodusport\/\",\"https:\/\/www.youtube.com\/channel\/UC7V2KZ5sd3htJivAbA4ZG3w\"],\"description\":\"Dicodusport est l'encyclop\u00e9die de l'actualit\u00e9 sportive.\",\"email\":\"bonjour@dicodusport.fr\",\"legalName\":\"DICODUSPORT\",\"foundingDate\":\"2018-01-14\",\"vatID\":\"FR71834470973\",\"taxID\":\"83447097300043\",\"numberOfEmployees\":{\"@type\":\"QuantitativeValue\",\"minValue\":\"1\",\"maxValue\":\"10\"}},{\"@type\":\"Person\",\"@id\":\"https:\/\/dicodusport.fr\/blog\/#\/schema\/person\/55dcb50ad410894e431ed812bbb70191\",\"name\":\"Nicolas Jacquemard\",\"image\":{\"@type\":\"ImageObject\",\"inLanguage\":\"fr-FR\",\"@id\":\"https:\/\/dicodusport.fr\/blog\/#\/schema\/person\/image\/\",\"url\":\"https:\/\/dicodusport.fr\/blog\/wp-content\/uploads\/2021\/05\/Nicolas-Jacquemard-150x150.jpeg\",\"contentUrl\":\"https:\/\/dicodusport.fr\/blog\/wp-content\/uploads\/2021\/05\/Nicolas-Jacquemard-150x150.jpeg\",\"caption\":\"Nicolas Jacquemard\"},\"description\":\"Passionn\u00e9 de sport et entrepreneur depuis mes 18 ans, la cr\u00e9ation de Dicodusport m'a sembl\u00e9 \u00e9vidente pour participer \u00e0 la m\u00e9diatisation d'un plus grand nombre de sports. Le chemin est long mais avec une \u00e9quipe des plus motiv\u00e9es et les Jeux Olympiques de Paris 2024 en point de mire, nous y arriverons ! Journaliste dans le monde du sport depuis plus de 5 ans, je traite aussi bien de football, de rugby, de biathlon que de cyclisme.\",\"sameAs\":[\"https:\/\/www.facebook.com\/dicodusport\",\"https:\/\/x.com\/https:\/\/twitter.com\/Nico_Jacquemard\"],\"url\":\"https:\/\/dicodusport.fr\/blog\/author\/dicodusport\/\"}]}<\/script>\n<!-- \/ Yoast SEO Premium plugin. -->","yoast_head_json":{"title":"Pascal Dupraz de retour en Ligue 2","description":"Selon une information de Ouest-France, Pascal Dupraz va devenir mardi matin le nouvel entra\u00eeneur de Caen, rel\u00e9gu\u00e9 en Ligue 2 la saison derni\u00e8re.","robots":{"index":"index","follow":"follow","max-snippet":"max-snippet:-1","max-image-preview":"max-image-preview:large","max-video-preview":"max-video-preview:-1"},"canonical":"https:\/\/dicodusport.fr\/blog\/pascal-dupraz-de-retour-en-ligue-2\/","og_locale":"fr_FR","og_type":"article","og_title":"Pascal Dupraz de retour en Ligue 2","og_description":"Selon une information de Ouest-France, Pascal Dupraz va devenir mardi matin le nouvel entra\u00eeneur de Caen, rel\u00e9gu\u00e9 en Ligue 2 la saison derni\u00e8re.","og_url":"https:\/\/dicodusport.fr\/blog\/pascal-dupraz-de-retour-en-ligue-2\/","og_site_name":"Dicodusport","article_publisher":"https:\/\/www.facebook.com\/dicodusport","article_author":"https:\/\/www.facebook.com\/dicodusport","article_published_time":"2019-09-30T15:28:03+00:00","article_modified_time":"2019-09-30T15:35:41+00:00","og_image":[{"width":800,"height":445,"url":"https:\/\/dicodusport.fr\/blog\/wp-content\/uploads\/2019\/09\/Pascal-Dupraz-de-retour-en-Ligue-2.png","type":"image\/png"}],"author":"Nicolas Jacquemard","twitter_card":"summary_large_image","twitter_title":"Pascal Dupraz de retour en Ligue 2","twitter_creator":"@https:\/\/twitter.com\/Nico_Jacquemard","twitter_site":"@dicodusport","schema":{"@context":"https:\/\/schema.org","@graph":[{"@type":"NewsArticle","@id":"https:\/\/dicodusport.fr\/blog\/pascal-dupraz-de-retour-en-ligue-2\/#article","isPartOf":{"@id":"https:\/\/dicodusport.fr\/blog\/pascal-dupraz-de-retour-en-ligue-2\/"},"author":{"name":"Nicolas Jacquemard","@id":"https:\/\/dicodusport.fr\/blog\/#\/schema\/person\/55dcb50ad410894e431ed812bbb70191"},"headline":"Pascal Dupraz de retour en Ligue 2","datePublished":"2019-09-30T15:28:03+00:00","dateModified":"2019-09-30T15:35:41+00:00","mainEntityOfPage":{"@id":"https:\/\/dicodusport.fr\/blog\/pascal-dupraz-de-retour-en-ligue-2\/"},"wordCount":145,"commentCount":0,"publisher":{"@id":"https:\/\/dicodusport.fr\/blog\/#organization"},"image":{"@id":"https:\/\/dicodusport.fr\/blog\/pascal-dupraz-de-retour-en-ligue-2\/#primaryimage"},"thumbnailUrl":"https:\/\/dicodusport.fr\/blog\/wp-content\/uploads\/2019\/09\/Pascal-Dupraz-de-retour-en-Ligue-2.png","keywords":["caen","Football","Pascal Dupraz"],"articleSection":["Football"],"inLanguage":"fr-FR","potentialAction":[{"@type":"CommentAction","name":"Comment","target":["https:\/\/dicodusport.fr\/blog\/pascal-dupraz-de-retour-en-ligue-2\/#respond"]}],"copyrightYear":"2019","copyrightHolder":{"@id":"https:\/\/dicodusport.fr\/blog\/#organization"}},{"@type":"WebPage","@id":"https:\/\/dicodusport.fr\/blog\/pascal-dupraz-de-retour-en-ligue-2\/","url":"https:\/\/dicodusport.fr\/blog\/pascal-dupraz-de-retour-en-ligue-2\/","name":"Pascal Dupraz de retour en Ligue 2","isPartOf":{"@id":"https:\/\/dicodusport.fr\/blog\/#website"},"primaryImageOfPage":{"@id":"https:\/\/dicodusport.fr\/blog\/pascal-dupraz-de-retour-en-ligue-2\/#primaryimage"},"image":{"@id":"https:\/\/dicodusport.fr\/blog\/pascal-dupraz-de-retour-en-ligue-2\/#primaryimage"},"thumbnailUrl":"https:\/\/dicodusport.fr\/blog\/wp-content\/uploads\/2019\/09\/Pascal-Dupraz-de-retour-en-Ligue-2.png","datePublished":"2019-09-30T15:28:03+00:00","dateModified":"2019-09-30T15:35:41+00:00","description":"Selon une information de Ouest-France, Pascal Dupraz va devenir mardi matin le nouvel entra\u00eeneur de Caen, rel\u00e9gu\u00e9 en Ligue 2 la saison derni\u00e8re.","breadcrumb":{"@id":"https:\/\/dicodusport.fr\/blog\/pascal-dupraz-de-retour-en-ligue-2\/#breadcrumb"},"inLanguage":"fr-FR","potentialAction":[{"@type":"ReadAction","target":["https:\/\/dicodusport.fr\/blog\/pascal-dupraz-de-retour-en-ligue-2\/"]}]},{"@type":"ImageObject","inLanguage":"fr-FR","@id":"https:\/\/dicodusport.fr\/blog\/pascal-dupraz-de-retour-en-ligue-2\/#primaryimage","url":"https:\/\/dicodusport.fr\/blog\/wp-content\/uploads\/2019\/09\/Pascal-Dupraz-de-retour-en-Ligue-2.png","contentUrl":"https:\/\/dicodusport.fr\/blog\/wp-content\/uploads\/2019\/09\/Pascal-Dupraz-de-retour-en-Ligue-2.png","width":800,"height":445},{"@type":"BreadcrumbList","@id":"https:\/\/dicodusport.fr\/blog\/pascal-dupraz-de-retour-en-ligue-2\/#breadcrumb","itemListElement":[{"@type":"ListItem","position":1,"name":"Accueil","item":"https:\/\/dicodusport.fr\/blog\/"},{"@type":"ListItem","position":2,"name":"Pascal Dupraz de retour en Ligue 2"}]},{"@type":"WebSite","@id":"https:\/\/dicodusport.fr\/blog\/#website","url":"https:\/\/dicodusport.fr\/blog\/","name":"Dicodusport","description":"L&#039;encyclop\u00e9die de l&#039;actualit\u00e9 sportive","publisher":{"@id":"https:\/\/dicodusport.fr\/blog\/#organization"},"potentialAction":[{"@type":"SearchAction","target":{"@type":"EntryPoint","urlTemplate":"https:\/\/dicodusport.fr\/blog\/?s={search_term_string}"},"query-input":{"@type":"PropertyValueSpecification","valueRequired":true,"valueName":"search_term_string"}}],"inLanguage":"fr-FR"},{"@type":"NewsMediaOrganization","@id":"https:\/\/dicodusport.fr\/blog\/#organization","name":"Dicodusport","url":"https:\/\/dicodusport.fr\/blog\/","logo":{"@type":"ImageObject","inLanguage":"fr-FR","@id":"https:\/\/dicodusport.fr\/blog\/#\/schema\/logo\/image\/","url":"https:\/\/dicodusport.fr\/blog\/wp-content\/uploads\/2020\/06\/cropped-LOGO-DICODUSPORT-2020-SANS-FOND-SANS-TEXTE.png","contentUrl":"https:\/\/dicodusport.fr\/blog\/wp-content\/uploads\/2020\/06\/cropped-LOGO-DICODUSPORT-2020-SANS-FOND-SANS-TEXTE.png","width":512,"height":512,"caption":"Dicodusport"},"image":{"@id":"https:\/\/dicodusport.fr\/blog\/#\/schema\/logo\/image\/"},"sameAs":["https:\/\/www.facebook.com\/dicodusport","https:\/\/x.com\/dicodusport","https:\/\/www.instagram.com\/dicodusport\/","https:\/\/www.youtube.com\/channel\/UC7V2KZ5sd3htJivAbA4ZG3w"],"description":"Dicodusport est l'encyclop\u00e9die de l'actualit\u00e9 sportive.","email":"bonjour@dicodusport.fr","legalName":"DICODUSPORT","foundingDate":"2018-01-14","vatID":"FR71834470973","taxID":"83447097300043","numberOfEmployees":{"@type":"QuantitativeValue","minValue":"1","maxValue":"10"}},{"@type":"Person","@id":"https:\/\/dicodusport.fr\/blog\/#\/schema\/person\/55dcb50ad410894e431ed812bbb70191","name":"Nicolas Jacquemard","image":{"@type":"ImageObject","inLanguage":"fr-FR","@id":"https:\/\/dicodusport.fr\/blog\/#\/schema\/person\/image\/","url":"https:\/\/dicodusport.fr\/blog\/wp-content\/uploads\/2021\/05\/Nicolas-Jacquemard-150x150.jpeg","contentUrl":"https:\/\/dicodusport.fr\/blog\/wp-content\/uploads\/2021\/05\/Nicolas-Jacquemard-150x150.jpeg","caption":"Nicolas Jacquemard"},"description":"Passionn\u00e9 de sport et entrepreneur depuis mes 18 ans, la cr\u00e9ation de Dicodusport m'a sembl\u00e9 \u00e9vidente pour participer \u00e0 la m\u00e9diatisation d'un plus grand nombre de sports. Le chemin est long mais avec une \u00e9quipe des plus motiv\u00e9es et les Jeux Olympiques de Paris 2024 en point de mire, nous y arriverons ! Journaliste dans le monde du sport depuis plus de 5 ans, je traite aussi bien de football, de rugby, de biathlon que de cyclisme.","sameAs":["https:\/\/www.facebook.com\/dicodusport","https:\/\/x.com\/https:\/\/twitter.com\/Nico_Jacquemard"],"url":"https:\/\/dicodusport.fr\/blog\/author\/dicodusport\/"}]}},"_links":{"self":[{"href":"https:\/\/dicodusport.fr\/blog\/wp-json\/wp\/v2\/posts\/50169","targetHints":{"allow":["GET"]}}],"collection":[{"href":"https:\/\/dicodusport.fr\/blog\/wp-json\/wp\/v2\/posts"}],"about":[{"href":"https:\/\/dicodusport.fr\/blog\/wp-json\/wp\/v2\/types\/post"}],"author":[{"embeddable":true,"href":"https:\/\/dicodusport.fr\/blog\/wp-json\/wp\/v2\/users\/1"}],"replies":[{"embeddable":true,"href":"https:\/\/dicodusport.fr\/blog\/wp-json\/wp\/v2\/comments?post=50169"}],"version-history":[{"count":0,"href":"https:\/\/dicodusport.fr\/blog\/wp-json\/wp\/v2\/posts\/50169\/revisions"}],"wp:featuredmedia":[{"embeddable":true,"href":"https:\/\/dicodusport.fr\/blog\/wp-json\/wp\/v2\/media\/50172"}],"wp:attachment":[{"href":"https:\/\/dicodusport.fr\/blog\/wp-json\/wp\/v2\/media?parent=50169"}],"wp:term":[{"taxonomy":"category","embeddable":true,"href":"https:\/\/dicodusport.fr\/blog\/wp-json\/wp\/v2\/categories?post=50169"},{"taxonomy":"post_tag","embeddable":true,"href":"https:\/\/dicodusport.fr\/blog\/wp-json\/wp\/v2\/tags?post=50169"}],"curies":[{"name":"wp","href":"https:\/\/api.w.org\/{rel}","templated":true}]}}