{"id":501942,"date":"2024-07-20T20:11:32","date_gmt":"2024-07-20T18:11:32","guid":{"rendered":"https:\/\/dicodusport.fr\/blog\/?p=501942&#038;preview=true&#038;preview_id=501942"},"modified":"2024-07-21T17:15:10","modified_gmt":"2024-07-21T15:15:10","slug":"championnats-deurope-dathletisme-cadets-record-personnel-et-medaille-de-bronze-pour-yman-ossie-tchiengue-a-la-hauteur","status":"publish","type":"post","link":"https:\/\/dicodusport.fr\/blog\/championnats-deurope-dathletisme-cadets-record-personnel-et-medaille-de-bronze-pour-yman-ossie-tchiengue-a-la-hauteur\/","title":{"rendered":"Championnats d&rsquo;Europe d&rsquo;athl\u00e9tisme cadets : Record personnel et m\u00e9daille de bronze pour Yman Ossie Tchiengue \u00e0 la hauteur"},"content":{"rendered":"<p style=\"text-align: justify;\"><strong><em>EURO ATHL\u00c9TISME U18 &#8211; Yman Ossie Tchiengue a remport\u00e9 la m\u00e9daille de bronze au saut en hauteur.<br \/>\n<\/em><\/strong><\/p>\n<ul>\n<li><strong>\u00c0 ce sujet &#8211; <a href=\"https:\/\/dicodusport.fr\/blog\/calendrier-et-resultats-championnats-deurope-cadets-u18-dathletisme-2024\/\" target=\"_blank\" rel=\"noopener\">Calendrier et r\u00e9sultats Championnats d&rsquo;Europe U18 d&rsquo;athl\u00e9tisme<\/a><\/strong><\/li>\n<\/ul>\n<p style=\"text-align: justify;\"><strong>Yman Ossie Tchiengue<\/strong> avait connu des qualifications parfaites au <strong>saut en hauteur<\/strong> : 4 barres effac\u00e9es au premier essai jusqu&rsquo;\u00e0 1.79 m. Et en finale, elle a connu un beau parcours \u00e9galement. Passant 1.70 m et 1.78 m \u00e0 son premier essai et devant s&rsquo;y reprendre \u00e0 deux fois \u00e0 1.74 m et 1.81 m.<\/p>\n<p>1.81 m qui est son nouveau record personnel. D&rsquo;1 cm, elle a battu son record \u00e9tabli en mai dernier. De plus, ce nouveau record lui assurait une m\u00e9daille.<\/p>\n<p style=\"text-align: justify;\">La favorite hongroise <strong>Lilianna Batori<\/strong> a franchi 1.84 m \u00e0 son deuxi\u00e8me essai sans rien laisser transparaitre. C&rsquo;est \u00e0 cette barre que se sont arr\u00eat\u00e9es <strong>Aitana Alonso<\/strong> (argent) et la Fran\u00e7aise. L&rsquo;Espagnole ayant eu un \u00e9chec de moins, elle termine devant Ossie Tchiengue. Seule en lice, Batori s&rsquo;est attaqu\u00e9e \u00e0 1.90 m, 3 cm de mieux que son record. En vain.<\/p>\n<p><strong>Yman Ossie Tchiengue <\/strong>remporte ainsi la 7e m\u00e9daille de l&rsquo;\u00e9quipe de France.<\/p>\n","protected":false},"excerpt":{"rendered":"<p>EURO ATHL\u00c9TISME U18 &#8211; Yman Ossie Tchiengue a remport\u00e9 la m\u00e9daille de bronze au saut en hauteur.<\/p>\n","protected":false},"author":12,"featured_media":502175,"comment_status":"open","ping_status":"closed","sticky":false,"template":"","format":"standard","meta":{"_acf_changed":false,"_daextam_enable_autolinks":"1","footnotes":""},"categories":[2308],"tags":[143,16878,151],"class_list":["post-501942","post","type-post","status-publish","format-standard","has-post-thumbnail","hentry","category-athletisme","tag-athletisme","tag-breve","tag-saut-en-hauteur"],"acf":[],"yoast_head":"<!-- This site is optimized with the Yoast SEO Premium plugin v26.7 (Yoast SEO v26.7) - https:\/\/yoast.com\/wordpress\/plugins\/seo\/ -->\n<title>Championnats d&#039;Europe d&#039;athl\u00e9tisme cadets : Record personnel et m\u00e9daille de bronze pour Yman Ossie Tchiengue \u00e0 la hauteur<\/title>\n<meta name=\"description\" content=\"CHAMPIONNATS D&#039;EUROPE D&#039;ATHL\u00c9TISME U18 - Yman Ossie Tchiengue a remport\u00e9 la m\u00e9daille de bronze au saut en hauteur.\" \/>\n<meta name=\"robots\" content=\"index, follow, max-snippet:-1, max-image-preview:large, max-video-preview:-1\" \/>\n<link rel=\"canonical\" href=\"https:\/\/dicodusport.fr\/blog\/championnats-deurope-dathletisme-cadets-record-personnel-et-medaille-de-bronze-pour-yman-ossie-tchiengue-a-la-hauteur\/\" \/>\n<meta property=\"og:locale\" content=\"fr_FR\" \/>\n<meta property=\"og:type\" content=\"article\" \/>\n<meta property=\"og:title\" content=\"Championnats d&#039;Europe d&#039;athl\u00e9tisme cadets : Record personnel et m\u00e9daille de bronze pour Yman Ossie Tchiengue \u00e0 la hauteur\" \/>\n<meta property=\"og:description\" content=\"CHAMPIONNATS D&#039;EUROPE D&#039;ATHL\u00c9TISME U18 - Yman Ossie Tchiengue a remport\u00e9 la m\u00e9daille de bronze au saut en hauteur.\" \/>\n<meta property=\"og:url\" content=\"https:\/\/dicodusport.fr\/blog\/championnats-deurope-dathletisme-cadets-record-personnel-et-medaille-de-bronze-pour-yman-ossie-tchiengue-a-la-hauteur\/\" \/>\n<meta property=\"og:site_name\" content=\"Dicodusport\" \/>\n<meta property=\"article:publisher\" content=\"https:\/\/www.facebook.com\/dicodusport\" \/>\n<meta property=\"article:published_time\" content=\"2024-07-20T18:11:32+00:00\" \/>\n<meta property=\"article:modified_time\" content=\"2024-07-21T15:15:10+00:00\" \/>\n<meta property=\"og:image\" content=\"https:\/\/dicodusport.fr\/blog\/wp-content\/uploads\/2024\/07\/Championnats-dEurope-dathletisme-cadets-2024-Record-personnel-et-medaille-de-bronze-pour-Yman-Ossie-Tchiengue-a-la-hauteur.png\" \/>\n\t<meta property=\"og:image:width\" content=\"1200\" \/>\n\t<meta property=\"og:image:height\" content=\"674\" \/>\n\t<meta property=\"og:image:type\" content=\"image\/png\" \/>\n<meta name=\"author\" content=\"Arlette Yeye\" \/>\n<meta name=\"twitter:card\" content=\"summary_large_image\" \/>\n<meta name=\"twitter:title\" content=\"Championnats d&#039;Europe d&#039;athl\u00e9tisme cadets : Record personnel et m\u00e9daille de bronze pour Yman Ossie Tchiengue \u00e0 la hauteur\" \/>\n<meta name=\"twitter:creator\" content=\"@https:\/\/twitter.com\/Shiclette94\" \/>\n<meta name=\"twitter:site\" content=\"@dicodusport\" \/>\n<script type=\"application\/ld+json\" class=\"yoast-schema-graph\">{\"@context\":\"https:\/\/schema.org\",\"@graph\":[{\"@type\":\"NewsArticle\",\"@id\":\"https:\/\/dicodusport.fr\/blog\/championnats-deurope-dathletisme-cadets-record-personnel-et-medaille-de-bronze-pour-yman-ossie-tchiengue-a-la-hauteur\/#article\",\"isPartOf\":{\"@id\":\"https:\/\/dicodusport.fr\/blog\/championnats-deurope-dathletisme-cadets-record-personnel-et-medaille-de-bronze-pour-yman-ossie-tchiengue-a-la-hauteur\/\"},\"author\":{\"name\":\"Arlette Yeye\",\"@id\":\"https:\/\/dicodusport.fr\/blog\/#\/schema\/person\/cce96fa88785bd8573e3d43078ac8c79\"},\"headline\":\"Championnats d&rsquo;Europe d&rsquo;athl\u00e9tisme cadets : Record personnel et m\u00e9daille de bronze pour Yman Ossie Tchiengue \u00e0 la hauteur\",\"datePublished\":\"2024-07-20T18:11:32+00:00\",\"dateModified\":\"2024-07-21T15:15:10+00:00\",\"mainEntityOfPage\":{\"@id\":\"https:\/\/dicodusport.fr\/blog\/championnats-deurope-dathletisme-cadets-record-personnel-et-medaille-de-bronze-pour-yman-ossie-tchiengue-a-la-hauteur\/\"},\"wordCount\":205,\"commentCount\":0,\"publisher\":{\"@id\":\"https:\/\/dicodusport.fr\/blog\/#organization\"},\"image\":{\"@id\":\"https:\/\/dicodusport.fr\/blog\/championnats-deurope-dathletisme-cadets-record-personnel-et-medaille-de-bronze-pour-yman-ossie-tchiengue-a-la-hauteur\/#primaryimage\"},\"thumbnailUrl\":\"https:\/\/dicodusport.fr\/blog\/wp-content\/uploads\/2024\/07\/Championnats-dEurope-dathletisme-cadets-2024-Record-personnel-et-medaille-de-bronze-pour-Yman-Ossie-Tchiengue-a-la-hauteur.png\",\"keywords\":[\"Athl\u00e9tisme\",\"br\u00e8ve\",\"Saut en hauteur\"],\"articleSection\":[\"Athl\u00e9tisme\"],\"inLanguage\":\"fr-FR\",\"potentialAction\":[{\"@type\":\"CommentAction\",\"name\":\"Comment\",\"target\":[\"https:\/\/dicodusport.fr\/blog\/championnats-deurope-dathletisme-cadets-record-personnel-et-medaille-de-bronze-pour-yman-ossie-tchiengue-a-la-hauteur\/#respond\"]}],\"copyrightYear\":\"2024\",\"copyrightHolder\":{\"@id\":\"https:\/\/dicodusport.fr\/blog\/#organization\"}},{\"@type\":\"WebPage\",\"@id\":\"https:\/\/dicodusport.fr\/blog\/championnats-deurope-dathletisme-cadets-record-personnel-et-medaille-de-bronze-pour-yman-ossie-tchiengue-a-la-hauteur\/\",\"url\":\"https:\/\/dicodusport.fr\/blog\/championnats-deurope-dathletisme-cadets-record-personnel-et-medaille-de-bronze-pour-yman-ossie-tchiengue-a-la-hauteur\/\",\"name\":\"Championnats d'Europe d'athl\u00e9tisme cadets : Record personnel et m\u00e9daille de bronze pour Yman Ossie Tchiengue \u00e0 la hauteur\",\"isPartOf\":{\"@id\":\"https:\/\/dicodusport.fr\/blog\/#website\"},\"primaryImageOfPage\":{\"@id\":\"https:\/\/dicodusport.fr\/blog\/championnats-deurope-dathletisme-cadets-record-personnel-et-medaille-de-bronze-pour-yman-ossie-tchiengue-a-la-hauteur\/#primaryimage\"},\"image\":{\"@id\":\"https:\/\/dicodusport.fr\/blog\/championnats-deurope-dathletisme-cadets-record-personnel-et-medaille-de-bronze-pour-yman-ossie-tchiengue-a-la-hauteur\/#primaryimage\"},\"thumbnailUrl\":\"https:\/\/dicodusport.fr\/blog\/wp-content\/uploads\/2024\/07\/Championnats-dEurope-dathletisme-cadets-2024-Record-personnel-et-medaille-de-bronze-pour-Yman-Ossie-Tchiengue-a-la-hauteur.png\",\"datePublished\":\"2024-07-20T18:11:32+00:00\",\"dateModified\":\"2024-07-21T15:15:10+00:00\",\"description\":\"CHAMPIONNATS D'EUROPE D'ATHL\u00c9TISME U18 - Yman Ossie Tchiengue a remport\u00e9 la m\u00e9daille de bronze au saut en hauteur.\",\"breadcrumb\":{\"@id\":\"https:\/\/dicodusport.fr\/blog\/championnats-deurope-dathletisme-cadets-record-personnel-et-medaille-de-bronze-pour-yman-ossie-tchiengue-a-la-hauteur\/#breadcrumb\"},\"inLanguage\":\"fr-FR\",\"potentialAction\":[{\"@type\":\"ReadAction\",\"target\":[\"https:\/\/dicodusport.fr\/blog\/championnats-deurope-dathletisme-cadets-record-personnel-et-medaille-de-bronze-pour-yman-ossie-tchiengue-a-la-hauteur\/\"]}]},{\"@type\":\"ImageObject\",\"inLanguage\":\"fr-FR\",\"@id\":\"https:\/\/dicodusport.fr\/blog\/championnats-deurope-dathletisme-cadets-record-personnel-et-medaille-de-bronze-pour-yman-ossie-tchiengue-a-la-hauteur\/#primaryimage\",\"url\":\"https:\/\/dicodusport.fr\/blog\/wp-content\/uploads\/2024\/07\/Championnats-dEurope-dathletisme-cadets-2024-Record-personnel-et-medaille-de-bronze-pour-Yman-Ossie-Tchiengue-a-la-hauteur.png\",\"contentUrl\":\"https:\/\/dicodusport.fr\/blog\/wp-content\/uploads\/2024\/07\/Championnats-dEurope-dathletisme-cadets-2024-Record-personnel-et-medaille-de-bronze-pour-Yman-Ossie-Tchiengue-a-la-hauteur.png\",\"width\":1200,\"height\":674,\"caption\":\"Championnats d'Europe d'athl\u00e9tisme cadets 2024 Record personnel et m\u00e9daille de bronze pour Yman Ossie Tchiengue \u00e0 la hauteur\"},{\"@type\":\"BreadcrumbList\",\"@id\":\"https:\/\/dicodusport.fr\/blog\/championnats-deurope-dathletisme-cadets-record-personnel-et-medaille-de-bronze-pour-yman-ossie-tchiengue-a-la-hauteur\/#breadcrumb\",\"itemListElement\":[{\"@type\":\"ListItem\",\"position\":1,\"name\":\"Accueil\",\"item\":\"https:\/\/dicodusport.fr\/blog\/\"},{\"@type\":\"ListItem\",\"position\":2,\"name\":\"Championnats d&#8217;Europe d&#8217;athl\u00e9tisme cadets : Record personnel et m\u00e9daille de bronze pour Yman Ossie Tchiengue \u00e0 la hauteur\"}]},{\"@type\":\"WebSite\",\"@id\":\"https:\/\/dicodusport.fr\/blog\/#website\",\"url\":\"https:\/\/dicodusport.fr\/blog\/\",\"name\":\"Dicodusport\",\"description\":\"L&#039;encyclop\u00e9die de l&#039;actualit\u00e9 sportive\",\"publisher\":{\"@id\":\"https:\/\/dicodusport.fr\/blog\/#organization\"},\"potentialAction\":[{\"@type\":\"SearchAction\",\"target\":{\"@type\":\"EntryPoint\",\"urlTemplate\":\"https:\/\/dicodusport.fr\/blog\/?s={search_term_string}\"},\"query-input\":{\"@type\":\"PropertyValueSpecification\",\"valueRequired\":true,\"valueName\":\"search_term_string\"}}],\"inLanguage\":\"fr-FR\"},{\"@type\":\"NewsMediaOrganization\",\"@id\":\"https:\/\/dicodusport.fr\/blog\/#organization\",\"name\":\"Dicodusport\",\"url\":\"https:\/\/dicodusport.fr\/blog\/\",\"logo\":{\"@type\":\"ImageObject\",\"inLanguage\":\"fr-FR\",\"@id\":\"https:\/\/dicodusport.fr\/blog\/#\/schema\/logo\/image\/\",\"url\":\"https:\/\/dicodusport.fr\/blog\/wp-content\/uploads\/2020\/06\/cropped-LOGO-DICODUSPORT-2020-SANS-FOND-SANS-TEXTE.png\",\"contentUrl\":\"https:\/\/dicodusport.fr\/blog\/wp-content\/uploads\/2020\/06\/cropped-LOGO-DICODUSPORT-2020-SANS-FOND-SANS-TEXTE.png\",\"width\":512,\"height\":512,\"caption\":\"Dicodusport\"},\"image\":{\"@id\":\"https:\/\/dicodusport.fr\/blog\/#\/schema\/logo\/image\/\"},\"sameAs\":[\"https:\/\/www.facebook.com\/dicodusport\",\"https:\/\/x.com\/dicodusport\",\"https:\/\/www.instagram.com\/dicodusport\/\",\"https:\/\/www.youtube.com\/channel\/UC7V2KZ5sd3htJivAbA4ZG3w\"],\"description\":\"Dicodusport est l'encyclop\u00e9die de l'actualit\u00e9 sportive.\",\"email\":\"bonjour@dicodusport.fr\",\"legalName\":\"DICODUSPORT\",\"foundingDate\":\"2018-01-14\",\"vatID\":\"FR71834470973\",\"taxID\":\"83447097300043\",\"numberOfEmployees\":{\"@type\":\"QuantitativeValue\",\"minValue\":\"1\",\"maxValue\":\"10\"}},{\"@type\":\"Person\",\"@id\":\"https:\/\/dicodusport.fr\/blog\/#\/schema\/person\/cce96fa88785bd8573e3d43078ac8c79\",\"name\":\"Arlette Yeye\",\"image\":{\"@type\":\"ImageObject\",\"inLanguage\":\"fr-FR\",\"@id\":\"https:\/\/dicodusport.fr\/blog\/#\/schema\/person\/image\/\",\"url\":\"https:\/\/secure.gravatar.com\/avatar\/dca4a6239e6d708e46c45d60e160de6c?s=96&d=wp_user_avatar&r=g\",\"contentUrl\":\"https:\/\/secure.gravatar.com\/avatar\/dca4a6239e6d708e46c45d60e160de6c?s=96&d=wp_user_avatar&r=g\",\"caption\":\"Arlette Yeye\"},\"description\":\"Journaliste\/r\u00e9dactrice depuis septembre 2015 - Supportrice de Chelsea, j'ai pour sports de pr\u00e9dilection le handball, l'athl\u00e9tisme et le tennis. Si je tweete plus vite que mon ombre, vous pouvez aussi me retrouver les week-ends sur les playgrounds de Bruxelles pour un petit foot ou basket entre potes. Parcourir la France, l'Europe et plus si affinit\u00e9s pour suivre mes sportifs pr\u00e9f\u00e9r\u00e9s ? Mon kif ! Et c'est avec plaisir que je partage les r\u00e9sultats des sports populaires mais \u00e9galement plus confidentiels pour Dicodusport.\",\"sameAs\":[\"https:\/\/x.com\/https:\/\/twitter.com\/Shiclette94\"],\"url\":\"https:\/\/dicodusport.fr\/blog\/author\/arlette\/\"}]}<\/script>\n<!-- \/ Yoast SEO Premium plugin. -->","yoast_head_json":{"title":"Championnats d'Europe d'athl\u00e9tisme cadets : Record personnel et m\u00e9daille de bronze pour Yman Ossie Tchiengue \u00e0 la hauteur","description":"CHAMPIONNATS D'EUROPE D'ATHL\u00c9TISME U18 - Yman Ossie Tchiengue a remport\u00e9 la m\u00e9daille de bronze au saut en hauteur.","robots":{"index":"index","follow":"follow","max-snippet":"max-snippet:-1","max-image-preview":"max-image-preview:large","max-video-preview":"max-video-preview:-1"},"canonical":"https:\/\/dicodusport.fr\/blog\/championnats-deurope-dathletisme-cadets-record-personnel-et-medaille-de-bronze-pour-yman-ossie-tchiengue-a-la-hauteur\/","og_locale":"fr_FR","og_type":"article","og_title":"Championnats d'Europe d'athl\u00e9tisme cadets : Record personnel et m\u00e9daille de bronze pour Yman Ossie Tchiengue \u00e0 la hauteur","og_description":"CHAMPIONNATS D'EUROPE D'ATHL\u00c9TISME U18 - Yman Ossie Tchiengue a remport\u00e9 la m\u00e9daille de bronze au saut en hauteur.","og_url":"https:\/\/dicodusport.fr\/blog\/championnats-deurope-dathletisme-cadets-record-personnel-et-medaille-de-bronze-pour-yman-ossie-tchiengue-a-la-hauteur\/","og_site_name":"Dicodusport","article_publisher":"https:\/\/www.facebook.com\/dicodusport","article_published_time":"2024-07-20T18:11:32+00:00","article_modified_time":"2024-07-21T15:15:10+00:00","og_image":[{"width":1200,"height":674,"url":"https:\/\/dicodusport.fr\/blog\/wp-content\/uploads\/2024\/07\/Championnats-dEurope-dathletisme-cadets-2024-Record-personnel-et-medaille-de-bronze-pour-Yman-Ossie-Tchiengue-a-la-hauteur.png","type":"image\/png"}],"author":"Arlette Yeye","twitter_card":"summary_large_image","twitter_title":"Championnats d'Europe d'athl\u00e9tisme cadets : Record personnel et m\u00e9daille de bronze pour Yman Ossie Tchiengue \u00e0 la hauteur","twitter_creator":"@https:\/\/twitter.com\/Shiclette94","twitter_site":"@dicodusport","schema":{"@context":"https:\/\/schema.org","@graph":[{"@type":"NewsArticle","@id":"https:\/\/dicodusport.fr\/blog\/championnats-deurope-dathletisme-cadets-record-personnel-et-medaille-de-bronze-pour-yman-ossie-tchiengue-a-la-hauteur\/#article","isPartOf":{"@id":"https:\/\/dicodusport.fr\/blog\/championnats-deurope-dathletisme-cadets-record-personnel-et-medaille-de-bronze-pour-yman-ossie-tchiengue-a-la-hauteur\/"},"author":{"name":"Arlette Yeye","@id":"https:\/\/dicodusport.fr\/blog\/#\/schema\/person\/cce96fa88785bd8573e3d43078ac8c79"},"headline":"Championnats d&rsquo;Europe d&rsquo;athl\u00e9tisme cadets : Record personnel et m\u00e9daille de bronze pour Yman Ossie Tchiengue \u00e0 la hauteur","datePublished":"2024-07-20T18:11:32+00:00","dateModified":"2024-07-21T15:15:10+00:00","mainEntityOfPage":{"@id":"https:\/\/dicodusport.fr\/blog\/championnats-deurope-dathletisme-cadets-record-personnel-et-medaille-de-bronze-pour-yman-ossie-tchiengue-a-la-hauteur\/"},"wordCount":205,"commentCount":0,"publisher":{"@id":"https:\/\/dicodusport.fr\/blog\/#organization"},"image":{"@id":"https:\/\/dicodusport.fr\/blog\/championnats-deurope-dathletisme-cadets-record-personnel-et-medaille-de-bronze-pour-yman-ossie-tchiengue-a-la-hauteur\/#primaryimage"},"thumbnailUrl":"https:\/\/dicodusport.fr\/blog\/wp-content\/uploads\/2024\/07\/Championnats-dEurope-dathletisme-cadets-2024-Record-personnel-et-medaille-de-bronze-pour-Yman-Ossie-Tchiengue-a-la-hauteur.png","keywords":["Athl\u00e9tisme","br\u00e8ve","Saut en hauteur"],"articleSection":["Athl\u00e9tisme"],"inLanguage":"fr-FR","potentialAction":[{"@type":"CommentAction","name":"Comment","target":["https:\/\/dicodusport.fr\/blog\/championnats-deurope-dathletisme-cadets-record-personnel-et-medaille-de-bronze-pour-yman-ossie-tchiengue-a-la-hauteur\/#respond"]}],"copyrightYear":"2024","copyrightHolder":{"@id":"https:\/\/dicodusport.fr\/blog\/#organization"}},{"@type":"WebPage","@id":"https:\/\/dicodusport.fr\/blog\/championnats-deurope-dathletisme-cadets-record-personnel-et-medaille-de-bronze-pour-yman-ossie-tchiengue-a-la-hauteur\/","url":"https:\/\/dicodusport.fr\/blog\/championnats-deurope-dathletisme-cadets-record-personnel-et-medaille-de-bronze-pour-yman-ossie-tchiengue-a-la-hauteur\/","name":"Championnats d'Europe d'athl\u00e9tisme cadets : Record personnel et m\u00e9daille de bronze pour Yman Ossie Tchiengue \u00e0 la hauteur","isPartOf":{"@id":"https:\/\/dicodusport.fr\/blog\/#website"},"primaryImageOfPage":{"@id":"https:\/\/dicodusport.fr\/blog\/championnats-deurope-dathletisme-cadets-record-personnel-et-medaille-de-bronze-pour-yman-ossie-tchiengue-a-la-hauteur\/#primaryimage"},"image":{"@id":"https:\/\/dicodusport.fr\/blog\/championnats-deurope-dathletisme-cadets-record-personnel-et-medaille-de-bronze-pour-yman-ossie-tchiengue-a-la-hauteur\/#primaryimage"},"thumbnailUrl":"https:\/\/dicodusport.fr\/blog\/wp-content\/uploads\/2024\/07\/Championnats-dEurope-dathletisme-cadets-2024-Record-personnel-et-medaille-de-bronze-pour-Yman-Ossie-Tchiengue-a-la-hauteur.png","datePublished":"2024-07-20T18:11:32+00:00","dateModified":"2024-07-21T15:15:10+00:00","description":"CHAMPIONNATS D'EUROPE D'ATHL\u00c9TISME U18 - Yman Ossie Tchiengue a remport\u00e9 la m\u00e9daille de bronze au saut en hauteur.","breadcrumb":{"@id":"https:\/\/dicodusport.fr\/blog\/championnats-deurope-dathletisme-cadets-record-personnel-et-medaille-de-bronze-pour-yman-ossie-tchiengue-a-la-hauteur\/#breadcrumb"},"inLanguage":"fr-FR","potentialAction":[{"@type":"ReadAction","target":["https:\/\/dicodusport.fr\/blog\/championnats-deurope-dathletisme-cadets-record-personnel-et-medaille-de-bronze-pour-yman-ossie-tchiengue-a-la-hauteur\/"]}]},{"@type":"ImageObject","inLanguage":"fr-FR","@id":"https:\/\/dicodusport.fr\/blog\/championnats-deurope-dathletisme-cadets-record-personnel-et-medaille-de-bronze-pour-yman-ossie-tchiengue-a-la-hauteur\/#primaryimage","url":"https:\/\/dicodusport.fr\/blog\/wp-content\/uploads\/2024\/07\/Championnats-dEurope-dathletisme-cadets-2024-Record-personnel-et-medaille-de-bronze-pour-Yman-Ossie-Tchiengue-a-la-hauteur.png","contentUrl":"https:\/\/dicodusport.fr\/blog\/wp-content\/uploads\/2024\/07\/Championnats-dEurope-dathletisme-cadets-2024-Record-personnel-et-medaille-de-bronze-pour-Yman-Ossie-Tchiengue-a-la-hauteur.png","width":1200,"height":674,"caption":"Championnats d'Europe d'athl\u00e9tisme cadets 2024 Record personnel et m\u00e9daille de bronze pour Yman Ossie Tchiengue \u00e0 la hauteur"},{"@type":"BreadcrumbList","@id":"https:\/\/dicodusport.fr\/blog\/championnats-deurope-dathletisme-cadets-record-personnel-et-medaille-de-bronze-pour-yman-ossie-tchiengue-a-la-hauteur\/#breadcrumb","itemListElement":[{"@type":"ListItem","position":1,"name":"Accueil","item":"https:\/\/dicodusport.fr\/blog\/"},{"@type":"ListItem","position":2,"name":"Championnats d&#8217;Europe d&#8217;athl\u00e9tisme cadets : Record personnel et m\u00e9daille de bronze pour Yman Ossie Tchiengue \u00e0 la hauteur"}]},{"@type":"WebSite","@id":"https:\/\/dicodusport.fr\/blog\/#website","url":"https:\/\/dicodusport.fr\/blog\/","name":"Dicodusport","description":"L&#039;encyclop\u00e9die de l&#039;actualit\u00e9 sportive","publisher":{"@id":"https:\/\/dicodusport.fr\/blog\/#organization"},"potentialAction":[{"@type":"SearchAction","target":{"@type":"EntryPoint","urlTemplate":"https:\/\/dicodusport.fr\/blog\/?s={search_term_string}"},"query-input":{"@type":"PropertyValueSpecification","valueRequired":true,"valueName":"search_term_string"}}],"inLanguage":"fr-FR"},{"@type":"NewsMediaOrganization","@id":"https:\/\/dicodusport.fr\/blog\/#organization","name":"Dicodusport","url":"https:\/\/dicodusport.fr\/blog\/","logo":{"@type":"ImageObject","inLanguage":"fr-FR","@id":"https:\/\/dicodusport.fr\/blog\/#\/schema\/logo\/image\/","url":"https:\/\/dicodusport.fr\/blog\/wp-content\/uploads\/2020\/06\/cropped-LOGO-DICODUSPORT-2020-SANS-FOND-SANS-TEXTE.png","contentUrl":"https:\/\/dicodusport.fr\/blog\/wp-content\/uploads\/2020\/06\/cropped-LOGO-DICODUSPORT-2020-SANS-FOND-SANS-TEXTE.png","width":512,"height":512,"caption":"Dicodusport"},"image":{"@id":"https:\/\/dicodusport.fr\/blog\/#\/schema\/logo\/image\/"},"sameAs":["https:\/\/www.facebook.com\/dicodusport","https:\/\/x.com\/dicodusport","https:\/\/www.instagram.com\/dicodusport\/","https:\/\/www.youtube.com\/channel\/UC7V2KZ5sd3htJivAbA4ZG3w"],"description":"Dicodusport est l'encyclop\u00e9die de l'actualit\u00e9 sportive.","email":"bonjour@dicodusport.fr","legalName":"DICODUSPORT","foundingDate":"2018-01-14","vatID":"FR71834470973","taxID":"83447097300043","numberOfEmployees":{"@type":"QuantitativeValue","minValue":"1","maxValue":"10"}},{"@type":"Person","@id":"https:\/\/dicodusport.fr\/blog\/#\/schema\/person\/cce96fa88785bd8573e3d43078ac8c79","name":"Arlette Yeye","image":{"@type":"ImageObject","inLanguage":"fr-FR","@id":"https:\/\/dicodusport.fr\/blog\/#\/schema\/person\/image\/","url":"https:\/\/secure.gravatar.com\/avatar\/dca4a6239e6d708e46c45d60e160de6c?s=96&d=wp_user_avatar&r=g","contentUrl":"https:\/\/secure.gravatar.com\/avatar\/dca4a6239e6d708e46c45d60e160de6c?s=96&d=wp_user_avatar&r=g","caption":"Arlette Yeye"},"description":"Journaliste\/r\u00e9dactrice depuis septembre 2015 - Supportrice de Chelsea, j'ai pour sports de pr\u00e9dilection le handball, l'athl\u00e9tisme et le tennis. Si je tweete plus vite que mon ombre, vous pouvez aussi me retrouver les week-ends sur les playgrounds de Bruxelles pour un petit foot ou basket entre potes. Parcourir la France, l'Europe et plus si affinit\u00e9s pour suivre mes sportifs pr\u00e9f\u00e9r\u00e9s ? Mon kif ! Et c'est avec plaisir que je partage les r\u00e9sultats des sports populaires mais \u00e9galement plus confidentiels pour Dicodusport.","sameAs":["https:\/\/x.com\/https:\/\/twitter.com\/Shiclette94"],"url":"https:\/\/dicodusport.fr\/blog\/author\/arlette\/"}]}},"_links":{"self":[{"href":"https:\/\/dicodusport.fr\/blog\/wp-json\/wp\/v2\/posts\/501942","targetHints":{"allow":["GET"]}}],"collection":[{"href":"https:\/\/dicodusport.fr\/blog\/wp-json\/wp\/v2\/posts"}],"about":[{"href":"https:\/\/dicodusport.fr\/blog\/wp-json\/wp\/v2\/types\/post"}],"author":[{"embeddable":true,"href":"https:\/\/dicodusport.fr\/blog\/wp-json\/wp\/v2\/users\/12"}],"replies":[{"embeddable":true,"href":"https:\/\/dicodusport.fr\/blog\/wp-json\/wp\/v2\/comments?post=501942"}],"version-history":[{"count":4,"href":"https:\/\/dicodusport.fr\/blog\/wp-json\/wp\/v2\/posts\/501942\/revisions"}],"predecessor-version":[{"id":501954,"href":"https:\/\/dicodusport.fr\/blog\/wp-json\/wp\/v2\/posts\/501942\/revisions\/501954"}],"wp:featuredmedia":[{"embeddable":true,"href":"https:\/\/dicodusport.fr\/blog\/wp-json\/wp\/v2\/media\/502175"}],"wp:attachment":[{"href":"https:\/\/dicodusport.fr\/blog\/wp-json\/wp\/v2\/media?parent=501942"}],"wp:term":[{"taxonomy":"category","embeddable":true,"href":"https:\/\/dicodusport.fr\/blog\/wp-json\/wp\/v2\/categories?post=501942"},{"taxonomy":"post_tag","embeddable":true,"href":"https:\/\/dicodusport.fr\/blog\/wp-json\/wp\/v2\/tags?post=501942"}],"curies":[{"name":"wp","href":"https:\/\/api.w.org\/{rel}","templated":true}]}}