{"id":502043,"date":"2024-07-21T10:18:14","date_gmt":"2024-07-21T08:18:14","guid":{"rendered":"https:\/\/dicodusport.fr\/blog\/?p=502043"},"modified":"2024-07-21T13:27:36","modified_gmt":"2024-07-21T11:27:36","slug":"peter-sagan-met-un-terme-a-sa-carriere-ce-dimanche","status":"publish","type":"post","link":"https:\/\/dicodusport.fr\/blog\/peter-sagan-met-un-terme-a-sa-carriere-ce-dimanche\/","title":{"rendered":"Peter Sagan met un terme \u00e0 sa carri\u00e8re ce dimanche"},"content":{"rendered":"<p style=\"text-align: justify;\"><em><strong>CYCLISME &#8211; Handicap\u00e9 par des probl\u00e8mes de sant\u00e9, Peter Sagan a d\u00e9cid\u00e9 de mettre un terme \u00e0 son immense carri\u00e8re ce dimanche apr\u00e8s-midi, apr\u00e8s une ultime course sur ses terres.<\/strong><\/em><\/p>\n<p style=\"text-align: justify;\">Seulement quelques mois apr\u00e8s s&rsquo;\u00eatre retir\u00e9 du cyclisme sur route, <strong>Peter Sagan<\/strong> va d\u00e9finitivement ranger son v\u00e9lo. C&rsquo;est son \u00e9quipe actuelle, <strong>Pierre Baguette Cycling<\/strong>, qui l&rsquo;a annonc\u00e9 ce dimanche matin via un communiqu\u00e9 : <em>\u00ab\u00a0Apr\u00e8s les probl\u00e8mes de sant\u00e9 qu&rsquo;a eu Peter Sagan cette ann\u00e9e, il a d\u00e9cid\u00e9 de mettre un terme \u00e0 sa carri\u00e8re aux championnats de Slovaquie de VTT de Kosice\u00a0\u00bb<\/em>.<\/p>\n<h2>Peter Sagan, un monstre tire sa r\u00e9v\u00e9rence<\/h2>\n<p style=\"text-align: justify;\">Depuis quelque temps d\u00e9j\u00e0, le Slovaque \u00e9tait sur la fin, mais \u00e0 34 ans, il lui restait semble-t-il encore de belles ann\u00e9es devant lui. Au terme de son juteux contrat \u00e0 la <strong>TotalEnergies<\/strong> fin 2023, il avait pris du recul sur la route pour se concentrer sur un objectif : la qualification olympique en VTT. Malheureusement, un probl\u00e8me cardiaque n\u00e9cessitant une op\u00e9ration en f\u00e9vrier va drastiquement freiner sa pr\u00e9paration. Engag\u00e9 dans une course contre-la-montre pour aller arracher une qualification olympique, il n&rsquo;y parviendra pas, la Slovaquie \u00e9tant trop loin au classement des nations pour avoir un ticket.<\/p>\n<p style=\"text-align: justify;\">Ainsi, suite \u00e0 cette d\u00e9ception, il aura fait une derni\u00e8re apparition sur route au <strong>Tour de Hongrie<\/strong> en mai dernier, avec la formation slovaque Pierre Baguette Cycling. Ce dimanche, il disputera donc sa toute derni\u00e8re course en carri\u00e8re, \u00e0 l&rsquo;occasion des <strong>championnats de Slovaquie XCO<\/strong>,<strong> \u00e0 Kosice<\/strong>. Un \u00e9v\u00e8nement qui s&rsquo;annonce donc plac\u00e9 sous le signe de l&rsquo;\u00e9motion.<\/p>\n<p style=\"text-align: justify;\"><strong>Peter Sagan<\/strong> aura marqu\u00e9 durablement le cyclisme dans les ann\u00e9es 2010 en \u00e9tant<strong> l&rsquo;un des meilleurs coureurs de sa g\u00e9n\u00e9ration<\/strong>. Triple champion du monde, vainqueur de 18 \u00e9tapes de Grands Tours dont 12 sur la Grande Boucle, il aura \u00e9galement collectionn\u00e9 les grandes classiques (<a href=\"https:\/\/dicodusport.fr\/blog\/paris-roubaix-sagan-dompte-enfer-du-nord\/\">Paris-Roubaix<\/a>, Tour des Flandres, Gand-Wevelgem&#8230;). Celui qui aura marqu\u00e9 les esprits \u00e9galement par ses pirouettes sur le v\u00e9lo et ses paroles toujours int\u00e9ressantes va donc manque au cyclisme mondial. Au revoir l&rsquo;artiste !<\/p>\n<blockquote class=\"twitter-tweet\">\n<p dir=\"ltr\" lang=\"en\">After the health problems that Peter Sagan had this year, he decided to end his professional career also in mountain biking today at the Slovak national MTB championships in Ko\u0161ice.<\/p>\n<p>Today\u2019s XCO at 16:00 will be his last ever professional UCI race in any discipline. <a href=\"https:\/\/t.co\/plNBx3QRMP\">pic.twitter.com\/plNBx3QRMP<\/a><\/p>\n<p>\u2014 Pierre Baguette team (@pierrebagteam) <a href=\"https:\/\/twitter.com\/pierrebagteam\/status\/1814891640089133180?ref_src=twsrc%5Etfw\">July 21, 2024<\/a><\/p><\/blockquote>\n<p><script async src=\"https:\/\/platform.twitter.com\/widgets.js\" charset=\"utf-8\"><\/script><\/p>\n","protected":false},"excerpt":{"rendered":"<p>CYCLISME &#8211; Handicap\u00e9 par des probl\u00e8mes de sant\u00e9, Peter Sagan a d\u00e9cid\u00e9 de mettre un terme \u00e0 son immense carri\u00e8re ce dimanche apr\u00e8s-midi, apr\u00e8s une ultime course sur ses terres.<\/p>\n","protected":false},"author":55,"featured_media":502049,"comment_status":"open","ping_status":"closed","sticky":false,"template":"","format":"standard","meta":{"_acf_changed":false,"_daextam_enable_autolinks":"1","footnotes":""},"categories":[2307],"tags":[16878,574,4284,692],"class_list":["post-502043","post","type-post","status-publish","format-standard","has-post-thumbnail","hentry","category-cyclisme","tag-breve","tag-cyclisme","tag-peter-sagan","tag-vtt"],"acf":[],"yoast_head":"<!-- This site is optimized with the Yoast SEO Premium plugin v26.7 (Yoast SEO v26.7) - https:\/\/yoast.com\/wordpress\/plugins\/seo\/ -->\n<title>Peter Sagan met un terme \u00e0 sa carri\u00e8re ce dimanche<\/title>\n<meta name=\"description\" content=\"CYCLISME : Une l\u00e9gende de la petite reine va disputer sa derni\u00e8re couse ce dimanche, Peter Sagan tirant sa r\u00e9v\u00e9rence apr\u00e8s une dernier XCO.\" \/>\n<meta name=\"robots\" content=\"index, follow, max-snippet:-1, max-image-preview:large, max-video-preview:-1\" \/>\n<link rel=\"canonical\" href=\"https:\/\/dicodusport.fr\/blog\/peter-sagan-met-un-terme-a-sa-carriere-ce-dimanche\/\" \/>\n<meta property=\"og:locale\" content=\"fr_FR\" \/>\n<meta property=\"og:type\" content=\"article\" \/>\n<meta property=\"og:title\" content=\"Peter Sagan met un terme \u00e0 sa carri\u00e8re ce dimanche\" \/>\n<meta property=\"og:description\" content=\"CYCLISME : Une l\u00e9gende de la petite reine va disputer sa derni\u00e8re couse ce dimanche, Peter Sagan tirant sa r\u00e9v\u00e9rence apr\u00e8s une dernier XCO.\" \/>\n<meta property=\"og:url\" content=\"https:\/\/dicodusport.fr\/blog\/peter-sagan-met-un-terme-a-sa-carriere-ce-dimanche\/\" \/>\n<meta property=\"og:site_name\" content=\"Dicodusport\" \/>\n<meta property=\"article:publisher\" content=\"https:\/\/www.facebook.com\/dicodusport\" \/>\n<meta property=\"article:published_time\" content=\"2024-07-21T08:18:14+00:00\" \/>\n<meta property=\"article:modified_time\" content=\"2024-07-21T11:27:36+00:00\" \/>\n<meta property=\"og:image\" content=\"https:\/\/dicodusport.fr\/blog\/wp-content\/uploads\/2024\/07\/Sagan.png\" \/>\n\t<meta property=\"og:image:width\" content=\"1200\" \/>\n\t<meta property=\"og:image:height\" content=\"674\" \/>\n\t<meta property=\"og:image:type\" content=\"image\/png\" \/>\n<meta name=\"author\" content=\"Maxime Cazenave\" \/>\n<meta name=\"twitter:card\" content=\"summary_large_image\" \/>\n<meta name=\"twitter:creator\" content=\"@https:\/\/twitter.com\/Maxime_Caze\" \/>\n<meta name=\"twitter:site\" content=\"@dicodusport\" \/>\n<script type=\"application\/ld+json\" class=\"yoast-schema-graph\">{\"@context\":\"https:\/\/schema.org\",\"@graph\":[{\"@type\":\"NewsArticle\",\"@id\":\"https:\/\/dicodusport.fr\/blog\/peter-sagan-met-un-terme-a-sa-carriere-ce-dimanche\/#article\",\"isPartOf\":{\"@id\":\"https:\/\/dicodusport.fr\/blog\/peter-sagan-met-un-terme-a-sa-carriere-ce-dimanche\/\"},\"author\":{\"name\":\"Maxime Cazenave\",\"@id\":\"https:\/\/dicodusport.fr\/blog\/#\/schema\/person\/37def232098a7a5cbab3974a3690abb0\"},\"headline\":\"Peter Sagan met un terme \u00e0 sa carri\u00e8re ce dimanche\",\"datePublished\":\"2024-07-21T08:18:14+00:00\",\"dateModified\":\"2024-07-21T11:27:36+00:00\",\"mainEntityOfPage\":{\"@id\":\"https:\/\/dicodusport.fr\/blog\/peter-sagan-met-un-terme-a-sa-carriere-ce-dimanche\/\"},\"wordCount\":425,\"commentCount\":0,\"publisher\":{\"@id\":\"https:\/\/dicodusport.fr\/blog\/#organization\"},\"image\":{\"@id\":\"https:\/\/dicodusport.fr\/blog\/peter-sagan-met-un-terme-a-sa-carriere-ce-dimanche\/#primaryimage\"},\"thumbnailUrl\":\"https:\/\/dicodusport.fr\/blog\/wp-content\/uploads\/2024\/07\/Sagan.png\",\"keywords\":[\"br\u00e8ve\",\"Cyclisme\",\"Peter Sagan\",\"VTT\"],\"articleSection\":[\"Cyclisme\"],\"inLanguage\":\"fr-FR\",\"potentialAction\":[{\"@type\":\"CommentAction\",\"name\":\"Comment\",\"target\":[\"https:\/\/dicodusport.fr\/blog\/peter-sagan-met-un-terme-a-sa-carriere-ce-dimanche\/#respond\"]}],\"copyrightYear\":\"2024\",\"copyrightHolder\":{\"@id\":\"https:\/\/dicodusport.fr\/blog\/#organization\"}},{\"@type\":\"WebPage\",\"@id\":\"https:\/\/dicodusport.fr\/blog\/peter-sagan-met-un-terme-a-sa-carriere-ce-dimanche\/\",\"url\":\"https:\/\/dicodusport.fr\/blog\/peter-sagan-met-un-terme-a-sa-carriere-ce-dimanche\/\",\"name\":\"Peter Sagan met un terme \u00e0 sa carri\u00e8re ce dimanche\",\"isPartOf\":{\"@id\":\"https:\/\/dicodusport.fr\/blog\/#website\"},\"primaryImageOfPage\":{\"@id\":\"https:\/\/dicodusport.fr\/blog\/peter-sagan-met-un-terme-a-sa-carriere-ce-dimanche\/#primaryimage\"},\"image\":{\"@id\":\"https:\/\/dicodusport.fr\/blog\/peter-sagan-met-un-terme-a-sa-carriere-ce-dimanche\/#primaryimage\"},\"thumbnailUrl\":\"https:\/\/dicodusport.fr\/blog\/wp-content\/uploads\/2024\/07\/Sagan.png\",\"datePublished\":\"2024-07-21T08:18:14+00:00\",\"dateModified\":\"2024-07-21T11:27:36+00:00\",\"description\":\"CYCLISME : Une l\u00e9gende de la petite reine va disputer sa derni\u00e8re couse ce dimanche, Peter Sagan tirant sa r\u00e9v\u00e9rence apr\u00e8s une dernier XCO.\",\"breadcrumb\":{\"@id\":\"https:\/\/dicodusport.fr\/blog\/peter-sagan-met-un-terme-a-sa-carriere-ce-dimanche\/#breadcrumb\"},\"inLanguage\":\"fr-FR\",\"potentialAction\":[{\"@type\":\"ReadAction\",\"target\":[\"https:\/\/dicodusport.fr\/blog\/peter-sagan-met-un-terme-a-sa-carriere-ce-dimanche\/\"]}]},{\"@type\":\"ImageObject\",\"inLanguage\":\"fr-FR\",\"@id\":\"https:\/\/dicodusport.fr\/blog\/peter-sagan-met-un-terme-a-sa-carriere-ce-dimanche\/#primaryimage\",\"url\":\"https:\/\/dicodusport.fr\/blog\/wp-content\/uploads\/2024\/07\/Sagan.png\",\"contentUrl\":\"https:\/\/dicodusport.fr\/blog\/wp-content\/uploads\/2024\/07\/Sagan.png\",\"width\":1200,\"height\":674,\"caption\":\"Peter Sagan met un terme \u00e0 sa carri\u00e8re\"},{\"@type\":\"BreadcrumbList\",\"@id\":\"https:\/\/dicodusport.fr\/blog\/peter-sagan-met-un-terme-a-sa-carriere-ce-dimanche\/#breadcrumb\",\"itemListElement\":[{\"@type\":\"ListItem\",\"position\":1,\"name\":\"Accueil\",\"item\":\"https:\/\/dicodusport.fr\/blog\/\"},{\"@type\":\"ListItem\",\"position\":2,\"name\":\"Peter Sagan met un terme \u00e0 sa carri\u00e8re ce dimanche\"}]},{\"@type\":\"WebSite\",\"@id\":\"https:\/\/dicodusport.fr\/blog\/#website\",\"url\":\"https:\/\/dicodusport.fr\/blog\/\",\"name\":\"Dicodusport\",\"description\":\"L&#039;encyclop\u00e9die de l&#039;actualit\u00e9 sportive\",\"publisher\":{\"@id\":\"https:\/\/dicodusport.fr\/blog\/#organization\"},\"potentialAction\":[{\"@type\":\"SearchAction\",\"target\":{\"@type\":\"EntryPoint\",\"urlTemplate\":\"https:\/\/dicodusport.fr\/blog\/?s={search_term_string}\"},\"query-input\":{\"@type\":\"PropertyValueSpecification\",\"valueRequired\":true,\"valueName\":\"search_term_string\"}}],\"inLanguage\":\"fr-FR\"},{\"@type\":\"NewsMediaOrganization\",\"@id\":\"https:\/\/dicodusport.fr\/blog\/#organization\",\"name\":\"Dicodusport\",\"url\":\"https:\/\/dicodusport.fr\/blog\/\",\"logo\":{\"@type\":\"ImageObject\",\"inLanguage\":\"fr-FR\",\"@id\":\"https:\/\/dicodusport.fr\/blog\/#\/schema\/logo\/image\/\",\"url\":\"https:\/\/dicodusport.fr\/blog\/wp-content\/uploads\/2020\/06\/cropped-LOGO-DICODUSPORT-2020-SANS-FOND-SANS-TEXTE.png\",\"contentUrl\":\"https:\/\/dicodusport.fr\/blog\/wp-content\/uploads\/2020\/06\/cropped-LOGO-DICODUSPORT-2020-SANS-FOND-SANS-TEXTE.png\",\"width\":512,\"height\":512,\"caption\":\"Dicodusport\"},\"image\":{\"@id\":\"https:\/\/dicodusport.fr\/blog\/#\/schema\/logo\/image\/\"},\"sameAs\":[\"https:\/\/www.facebook.com\/dicodusport\",\"https:\/\/x.com\/dicodusport\",\"https:\/\/www.instagram.com\/dicodusport\/\",\"https:\/\/www.youtube.com\/channel\/UC7V2KZ5sd3htJivAbA4ZG3w\"],\"description\":\"Dicodusport est l'encyclop\u00e9die de l'actualit\u00e9 sportive.\",\"email\":\"bonjour@dicodusport.fr\",\"legalName\":\"DICODUSPORT\",\"foundingDate\":\"2018-01-14\",\"vatID\":\"FR71834470973\",\"taxID\":\"83447097300043\",\"numberOfEmployees\":{\"@type\":\"QuantitativeValue\",\"minValue\":\"1\",\"maxValue\":\"10\"}},{\"@type\":\"Person\",\"@id\":\"https:\/\/dicodusport.fr\/blog\/#\/schema\/person\/37def232098a7a5cbab3974a3690abb0\",\"name\":\"Maxime Cazenave\",\"image\":{\"@type\":\"ImageObject\",\"inLanguage\":\"fr-FR\",\"@id\":\"https:\/\/dicodusport.fr\/blog\/#\/schema\/person\/image\/\",\"url\":\"https:\/\/dicodusport.fr\/blog\/wp-content\/uploads\/2021\/05\/Maxime-Cazenave-150x150.jpg\",\"contentUrl\":\"https:\/\/dicodusport.fr\/blog\/wp-content\/uploads\/2021\/05\/Maxime-Cazenave-150x150.jpg\",\"caption\":\"Maxime Cazenave\"},\"description\":\"Journaliste\/R\u00e9dacteur depuis 2012 - Berc\u00e9 par l\u2019amour des Girondins de Bordeaux, les \u00e9checs de Christophe Moreau sur le Tour de France sous l'\u00e8re Lance Armstrong et le fade-away l\u00e9tal de Dirk Nowitzki, ma passion d\u00e9vorante pour le sport a toujours \u00e9t\u00e9 un pan incontournable de ma vie. Transmettre ma passion \u00e0 l\u2019\u00e9crit a \u00e9t\u00e9 une transition naturelle. Suiveur assidu de basket et de hockey sur glace, je garde toujours un peu de place pour suivre le cyclisme, le football et le maximum de performances fran\u00e7aises.\",\"sameAs\":[\"https:\/\/x.com\/https:\/\/twitter.com\/Maxime_Caze\"],\"url\":\"https:\/\/dicodusport.fr\/blog\/author\/maximec\/\"}]}<\/script>\n<!-- \/ Yoast SEO Premium plugin. -->","yoast_head_json":{"title":"Peter Sagan met un terme \u00e0 sa carri\u00e8re ce dimanche","description":"CYCLISME : Une l\u00e9gende de la petite reine va disputer sa derni\u00e8re couse ce dimanche, Peter Sagan tirant sa r\u00e9v\u00e9rence apr\u00e8s une dernier XCO.","robots":{"index":"index","follow":"follow","max-snippet":"max-snippet:-1","max-image-preview":"max-image-preview:large","max-video-preview":"max-video-preview:-1"},"canonical":"https:\/\/dicodusport.fr\/blog\/peter-sagan-met-un-terme-a-sa-carriere-ce-dimanche\/","og_locale":"fr_FR","og_type":"article","og_title":"Peter Sagan met un terme \u00e0 sa carri\u00e8re ce dimanche","og_description":"CYCLISME : Une l\u00e9gende de la petite reine va disputer sa derni\u00e8re couse ce dimanche, Peter Sagan tirant sa r\u00e9v\u00e9rence apr\u00e8s une dernier XCO.","og_url":"https:\/\/dicodusport.fr\/blog\/peter-sagan-met-un-terme-a-sa-carriere-ce-dimanche\/","og_site_name":"Dicodusport","article_publisher":"https:\/\/www.facebook.com\/dicodusport","article_published_time":"2024-07-21T08:18:14+00:00","article_modified_time":"2024-07-21T11:27:36+00:00","og_image":[{"width":1200,"height":674,"url":"https:\/\/dicodusport.fr\/blog\/wp-content\/uploads\/2024\/07\/Sagan.png","type":"image\/png"}],"author":"Maxime Cazenave","twitter_card":"summary_large_image","twitter_creator":"@https:\/\/twitter.com\/Maxime_Caze","twitter_site":"@dicodusport","schema":{"@context":"https:\/\/schema.org","@graph":[{"@type":"NewsArticle","@id":"https:\/\/dicodusport.fr\/blog\/peter-sagan-met-un-terme-a-sa-carriere-ce-dimanche\/#article","isPartOf":{"@id":"https:\/\/dicodusport.fr\/blog\/peter-sagan-met-un-terme-a-sa-carriere-ce-dimanche\/"},"author":{"name":"Maxime Cazenave","@id":"https:\/\/dicodusport.fr\/blog\/#\/schema\/person\/37def232098a7a5cbab3974a3690abb0"},"headline":"Peter Sagan met un terme \u00e0 sa carri\u00e8re ce dimanche","datePublished":"2024-07-21T08:18:14+00:00","dateModified":"2024-07-21T11:27:36+00:00","mainEntityOfPage":{"@id":"https:\/\/dicodusport.fr\/blog\/peter-sagan-met-un-terme-a-sa-carriere-ce-dimanche\/"},"wordCount":425,"commentCount":0,"publisher":{"@id":"https:\/\/dicodusport.fr\/blog\/#organization"},"image":{"@id":"https:\/\/dicodusport.fr\/blog\/peter-sagan-met-un-terme-a-sa-carriere-ce-dimanche\/#primaryimage"},"thumbnailUrl":"https:\/\/dicodusport.fr\/blog\/wp-content\/uploads\/2024\/07\/Sagan.png","keywords":["br\u00e8ve","Cyclisme","Peter Sagan","VTT"],"articleSection":["Cyclisme"],"inLanguage":"fr-FR","potentialAction":[{"@type":"CommentAction","name":"Comment","target":["https:\/\/dicodusport.fr\/blog\/peter-sagan-met-un-terme-a-sa-carriere-ce-dimanche\/#respond"]}],"copyrightYear":"2024","copyrightHolder":{"@id":"https:\/\/dicodusport.fr\/blog\/#organization"}},{"@type":"WebPage","@id":"https:\/\/dicodusport.fr\/blog\/peter-sagan-met-un-terme-a-sa-carriere-ce-dimanche\/","url":"https:\/\/dicodusport.fr\/blog\/peter-sagan-met-un-terme-a-sa-carriere-ce-dimanche\/","name":"Peter Sagan met un terme \u00e0 sa carri\u00e8re ce dimanche","isPartOf":{"@id":"https:\/\/dicodusport.fr\/blog\/#website"},"primaryImageOfPage":{"@id":"https:\/\/dicodusport.fr\/blog\/peter-sagan-met-un-terme-a-sa-carriere-ce-dimanche\/#primaryimage"},"image":{"@id":"https:\/\/dicodusport.fr\/blog\/peter-sagan-met-un-terme-a-sa-carriere-ce-dimanche\/#primaryimage"},"thumbnailUrl":"https:\/\/dicodusport.fr\/blog\/wp-content\/uploads\/2024\/07\/Sagan.png","datePublished":"2024-07-21T08:18:14+00:00","dateModified":"2024-07-21T11:27:36+00:00","description":"CYCLISME : Une l\u00e9gende de la petite reine va disputer sa derni\u00e8re couse ce dimanche, Peter Sagan tirant sa r\u00e9v\u00e9rence apr\u00e8s une dernier XCO.","breadcrumb":{"@id":"https:\/\/dicodusport.fr\/blog\/peter-sagan-met-un-terme-a-sa-carriere-ce-dimanche\/#breadcrumb"},"inLanguage":"fr-FR","potentialAction":[{"@type":"ReadAction","target":["https:\/\/dicodusport.fr\/blog\/peter-sagan-met-un-terme-a-sa-carriere-ce-dimanche\/"]}]},{"@type":"ImageObject","inLanguage":"fr-FR","@id":"https:\/\/dicodusport.fr\/blog\/peter-sagan-met-un-terme-a-sa-carriere-ce-dimanche\/#primaryimage","url":"https:\/\/dicodusport.fr\/blog\/wp-content\/uploads\/2024\/07\/Sagan.png","contentUrl":"https:\/\/dicodusport.fr\/blog\/wp-content\/uploads\/2024\/07\/Sagan.png","width":1200,"height":674,"caption":"Peter Sagan met un terme \u00e0 sa carri\u00e8re"},{"@type":"BreadcrumbList","@id":"https:\/\/dicodusport.fr\/blog\/peter-sagan-met-un-terme-a-sa-carriere-ce-dimanche\/#breadcrumb","itemListElement":[{"@type":"ListItem","position":1,"name":"Accueil","item":"https:\/\/dicodusport.fr\/blog\/"},{"@type":"ListItem","position":2,"name":"Peter Sagan met un terme \u00e0 sa carri\u00e8re ce dimanche"}]},{"@type":"WebSite","@id":"https:\/\/dicodusport.fr\/blog\/#website","url":"https:\/\/dicodusport.fr\/blog\/","name":"Dicodusport","description":"L&#039;encyclop\u00e9die de l&#039;actualit\u00e9 sportive","publisher":{"@id":"https:\/\/dicodusport.fr\/blog\/#organization"},"potentialAction":[{"@type":"SearchAction","target":{"@type":"EntryPoint","urlTemplate":"https:\/\/dicodusport.fr\/blog\/?s={search_term_string}"},"query-input":{"@type":"PropertyValueSpecification","valueRequired":true,"valueName":"search_term_string"}}],"inLanguage":"fr-FR"},{"@type":"NewsMediaOrganization","@id":"https:\/\/dicodusport.fr\/blog\/#organization","name":"Dicodusport","url":"https:\/\/dicodusport.fr\/blog\/","logo":{"@type":"ImageObject","inLanguage":"fr-FR","@id":"https:\/\/dicodusport.fr\/blog\/#\/schema\/logo\/image\/","url":"https:\/\/dicodusport.fr\/blog\/wp-content\/uploads\/2020\/06\/cropped-LOGO-DICODUSPORT-2020-SANS-FOND-SANS-TEXTE.png","contentUrl":"https:\/\/dicodusport.fr\/blog\/wp-content\/uploads\/2020\/06\/cropped-LOGO-DICODUSPORT-2020-SANS-FOND-SANS-TEXTE.png","width":512,"height":512,"caption":"Dicodusport"},"image":{"@id":"https:\/\/dicodusport.fr\/blog\/#\/schema\/logo\/image\/"},"sameAs":["https:\/\/www.facebook.com\/dicodusport","https:\/\/x.com\/dicodusport","https:\/\/www.instagram.com\/dicodusport\/","https:\/\/www.youtube.com\/channel\/UC7V2KZ5sd3htJivAbA4ZG3w"],"description":"Dicodusport est l'encyclop\u00e9die de l'actualit\u00e9 sportive.","email":"bonjour@dicodusport.fr","legalName":"DICODUSPORT","foundingDate":"2018-01-14","vatID":"FR71834470973","taxID":"83447097300043","numberOfEmployees":{"@type":"QuantitativeValue","minValue":"1","maxValue":"10"}},{"@type":"Person","@id":"https:\/\/dicodusport.fr\/blog\/#\/schema\/person\/37def232098a7a5cbab3974a3690abb0","name":"Maxime Cazenave","image":{"@type":"ImageObject","inLanguage":"fr-FR","@id":"https:\/\/dicodusport.fr\/blog\/#\/schema\/person\/image\/","url":"https:\/\/dicodusport.fr\/blog\/wp-content\/uploads\/2021\/05\/Maxime-Cazenave-150x150.jpg","contentUrl":"https:\/\/dicodusport.fr\/blog\/wp-content\/uploads\/2021\/05\/Maxime-Cazenave-150x150.jpg","caption":"Maxime Cazenave"},"description":"Journaliste\/R\u00e9dacteur depuis 2012 - Berc\u00e9 par l\u2019amour des Girondins de Bordeaux, les \u00e9checs de Christophe Moreau sur le Tour de France sous l'\u00e8re Lance Armstrong et le fade-away l\u00e9tal de Dirk Nowitzki, ma passion d\u00e9vorante pour le sport a toujours \u00e9t\u00e9 un pan incontournable de ma vie. Transmettre ma passion \u00e0 l\u2019\u00e9crit a \u00e9t\u00e9 une transition naturelle. Suiveur assidu de basket et de hockey sur glace, je garde toujours un peu de place pour suivre le cyclisme, le football et le maximum de performances fran\u00e7aises.","sameAs":["https:\/\/x.com\/https:\/\/twitter.com\/Maxime_Caze"],"url":"https:\/\/dicodusport.fr\/blog\/author\/maximec\/"}]}},"_links":{"self":[{"href":"https:\/\/dicodusport.fr\/blog\/wp-json\/wp\/v2\/posts\/502043","targetHints":{"allow":["GET"]}}],"collection":[{"href":"https:\/\/dicodusport.fr\/blog\/wp-json\/wp\/v2\/posts"}],"about":[{"href":"https:\/\/dicodusport.fr\/blog\/wp-json\/wp\/v2\/types\/post"}],"author":[{"embeddable":true,"href":"https:\/\/dicodusport.fr\/blog\/wp-json\/wp\/v2\/users\/55"}],"replies":[{"embeddable":true,"href":"https:\/\/dicodusport.fr\/blog\/wp-json\/wp\/v2\/comments?post=502043"}],"version-history":[{"count":5,"href":"https:\/\/dicodusport.fr\/blog\/wp-json\/wp\/v2\/posts\/502043\/revisions"}],"predecessor-version":[{"id":502112,"href":"https:\/\/dicodusport.fr\/blog\/wp-json\/wp\/v2\/posts\/502043\/revisions\/502112"}],"wp:featuredmedia":[{"embeddable":true,"href":"https:\/\/dicodusport.fr\/blog\/wp-json\/wp\/v2\/media\/502049"}],"wp:attachment":[{"href":"https:\/\/dicodusport.fr\/blog\/wp-json\/wp\/v2\/media?parent=502043"}],"wp:term":[{"taxonomy":"category","embeddable":true,"href":"https:\/\/dicodusport.fr\/blog\/wp-json\/wp\/v2\/categories?post=502043"},{"taxonomy":"post_tag","embeddable":true,"href":"https:\/\/dicodusport.fr\/blog\/wp-json\/wp\/v2\/tags?post=502043"}],"curies":[{"name":"wp","href":"https:\/\/api.w.org\/{rel}","templated":true}]}}