{"id":502071,"date":"2024-07-21T13:06:10","date_gmt":"2024-07-21T11:06:10","guid":{"rendered":"https:\/\/dicodusport.fr\/blog\/?p=502071&#038;preview=true&#038;preview_id=502071"},"modified":"2024-07-21T13:07:34","modified_gmt":"2024-07-21T11:07:34","slug":"atp-gstaad-quentin-halys-cede-en-finale-contre-matteo-berrettini","status":"publish","type":"post","link":"https:\/\/dicodusport.fr\/blog\/atp-gstaad-quentin-halys-cede-en-finale-contre-matteo-berrettini\/","title":{"rendered":"ATP Gstaad : Quentin Halys c\u00e8de en finale contre Matteo Berrettini"},"content":{"rendered":"<p style=\"text-align: justify;\"><strong><em>TOURNOI ATP 250 DE GSTAAD &#8211; Bien parti, Quentin Halys a totalement disparu du match en fin de premi\u00e8re manche, et ne remportera pas son premier titre ATP.\u00a0<\/em><\/strong><\/p>\n<p style=\"text-align: justify;\">Sacr\u00e9e semaine que celle de <strong>Quentin Halys<\/strong> \u00e0 Gstaad. Pass\u00e9 \u00e0 deux points de la d\u00e9faite au premier tour des qualifications samedi dernier, il a franchi toutes les \u00e9tapes, relev\u00e9 tous les d\u00e9fis, gagn\u00e9 six matchs d&rsquo;affil\u00e9e pour avoir en r\u00e9compense sa toute premi\u00e8re finale sur le circuit ATP \u00e0 27 ans. Il n&rsquo;en \u00e9tait bien \u00e9videmment pas favori, puisque <strong>Matteo Berrettini<\/strong>, vainqueur en 2018 et finaliste en 2022, endossait logiquement ce r\u00f4le.<\/p>\n<h2 style=\"text-align: justify;\">Dommage pour Halys<\/h2>\n<p style=\"text-align: justify;\">Entre ces deux gros serveurs, le premier qui allait baisser sa garde sur sa mise en jeu allait se mettre en danger. C&rsquo;est l&rsquo;Italien qui se retrouvait dans cette situation le premier, se retrouvant men\u00e9 <strong>0-40<\/strong> au sixi\u00e8me jeu. Malheureusement, <strong>Halys<\/strong> ne saisissait aucune de ces occasions &#8211; pouvant clairement s&rsquo;en vouloir sur la troisi\u00e8me &#8211; et la punition tombait d\u00e8s le jeu suivant. La premi\u00e8re \u00e9tait la bonne pour <strong>Berrettini,<\/strong> qui prenait les commandes, et une br\u00e8ve interruption due \u00e0 la pluie desservait le Fran\u00e7ais, qui c\u00e9dait trop facilement la premi\u00e8re manche.<\/p>\n<ul style=\"text-align: justify;\">\n<li><strong>\u00c0 ce sujet &#8211; <a href=\"https:\/\/dicodusport.fr\/blog\/atp-250-le-tableau-du-tournoi-de-gstaad-2024\/\">le tableau du tournoi de Gstaad<\/a><\/strong><\/li>\n<\/ul>\n<p style=\"text-align: justify;\">Le d\u00e9but de la fin pour le Fran\u00e7ais. Amorphe, totalement sorti de son match, il voit les jeux d\u00e9filer sans r\u00e9action, semblant d&rsquo;une part au bout physiquement et d&rsquo;autre part totalement sans solutions face \u00e0 un adversaire qui r\u00e9ussissait alors \u00e0 d\u00e9rouler un excellent tennis. Fort heureusement, le Tricolore \u00e9vitera la bulle de justesse, mais n&rsquo;\u00e9vitera pas une d\u00e9faite finalement s\u00e8che.\u00a0<strong>Matteo Berrettini<\/strong> s&rsquo;impose <strong>6-3, 6-1<\/strong> et remporte le tournoi de Gstaad. Dommage pour <strong>Quentin Halys,<\/strong> dont la belle semaine s&rsquo;ach\u00e8ve sur un go\u00fbt tr\u00e8s amer, mais il y aura forc\u00e9ment du positif \u00e0 retenir pour la suite de sa carri\u00e8re.<\/p>\n<blockquote class=\"twitter-tweet\">\n<p dir=\"ltr\" lang=\"en\">How has <a href=\"https:\/\/twitter.com\/MattBerrettini?ref_src=twsrc%5Etfw\">@MattBerrettini<\/a> won this point?! \ud83d\ude2f<a href=\"https:\/\/twitter.com\/SwissOpenGstaad?ref_src=twsrc%5Etfw\">@SwissOpenGstaad<\/a> <a href=\"https:\/\/twitter.com\/hashtag\/ATPGstaad?src=hash&amp;ref_src=twsrc%5Etfw\">#ATPGstaad<\/a> <a href=\"https:\/\/t.co\/mEb8H3TTVL\">pic.twitter.com\/mEb8H3TTVL<\/a><\/p>\n<p>\u2014 Tennis TV (@TennisTV) <a href=\"https:\/\/twitter.com\/TennisTV\/status\/1814964779871814076?ref_src=twsrc%5Etfw\">July 21, 2024<\/a><\/p><\/blockquote>\n<p><script async src=\"https:\/\/platform.twitter.com\/widgets.js\" charset=\"utf-8\"><\/script><\/p>\n","protected":false},"excerpt":{"rendered":"<p>TOURNOI ATP 250 DE GSTAAD &#8211; Bien parti, Quentin Halys a totalement disparu du match en fin de premi\u00e8re manche, et ne remportera pas son premier titre ATP.\u00a0<\/p>\n","protected":false},"author":59,"featured_media":502099,"comment_status":"open","ping_status":"closed","sticky":false,"template":"","format":"standard","meta":{"_acf_changed":false,"_daextam_enable_autolinks":"1","footnotes":""},"categories":[2302],"tags":[16878,2477],"class_list":["post-502071","post","type-post","status-publish","format-standard","has-post-thumbnail","hentry","category-tennis","tag-breve","tag-quentin-halys"],"acf":[],"yoast_head":"<!-- This site is optimized with the Yoast SEO Premium plugin v26.7 (Yoast SEO v26.7) - https:\/\/yoast.com\/wordpress\/plugins\/seo\/ -->\n<title>ATP Gstaad : Quentin Halys c\u00e8de en finale contre Matteo Berrettini<\/title>\n<meta name=\"description\" content=\"TOURNOI ATP 250 DE GSTAAD - Bien parti, Quentin Halys a totalement disparu du match en fin de premi\u00e8re manche, et ne remportera pas son premier titre ATP.\u00a0\" \/>\n<meta name=\"robots\" content=\"index, follow, max-snippet:-1, max-image-preview:large, max-video-preview:-1\" \/>\n<link rel=\"canonical\" href=\"https:\/\/dicodusport.fr\/blog\/atp-gstaad-quentin-halys-cede-en-finale-contre-matteo-berrettini\/\" \/>\n<meta property=\"og:locale\" content=\"fr_FR\" \/>\n<meta property=\"og:type\" content=\"article\" \/>\n<meta property=\"og:title\" content=\"ATP Gstaad : Quentin Halys c\u00e8de en finale contre Matteo Berrettini\" \/>\n<meta property=\"og:description\" content=\"TOURNOI ATP 250 DE GSTAAD - Bien parti, Quentin Halys a totalement disparu du match en fin de premi\u00e8re manche, et ne remportera pas son premier titre ATP.\u00a0\" \/>\n<meta property=\"og:url\" content=\"https:\/\/dicodusport.fr\/blog\/atp-gstaad-quentin-halys-cede-en-finale-contre-matteo-berrettini\/\" \/>\n<meta property=\"og:site_name\" content=\"Dicodusport\" \/>\n<meta property=\"article:publisher\" content=\"https:\/\/www.facebook.com\/dicodusport\" \/>\n<meta property=\"article:author\" content=\"https:\/\/www.facebook.com\/sebastien.gente\/\" \/>\n<meta property=\"article:published_time\" content=\"2024-07-21T11:06:10+00:00\" \/>\n<meta property=\"article:modified_time\" content=\"2024-07-21T11:07:34+00:00\" \/>\n<meta property=\"og:image\" content=\"https:\/\/dicodusport.fr\/blog\/wp-content\/uploads\/2024\/07\/ATP-Gstaad-Quentin-Halys-cede-en-finale-contre-Matteo-Berrettini.png\" \/>\n\t<meta property=\"og:image:width\" content=\"1200\" \/>\n\t<meta property=\"og:image:height\" content=\"674\" \/>\n\t<meta property=\"og:image:type\" content=\"image\/png\" \/>\n<meta name=\"author\" content=\"S\u00e9bastien Gente\" \/>\n<meta name=\"twitter:card\" content=\"summary_large_image\" \/>\n<meta name=\"twitter:title\" content=\"ATP Gstaad : Quentin Halys c\u00e8de en finale contre Matteo Berrettini\" \/>\n<meta name=\"twitter:creator\" content=\"@https:\/\/twitter.com\/globulo24\" \/>\n<meta name=\"twitter:site\" content=\"@dicodusport\" \/>\n<script type=\"application\/ld+json\" class=\"yoast-schema-graph\">{\"@context\":\"https:\/\/schema.org\",\"@graph\":[{\"@type\":\"NewsArticle\",\"@id\":\"https:\/\/dicodusport.fr\/blog\/atp-gstaad-quentin-halys-cede-en-finale-contre-matteo-berrettini\/#article\",\"isPartOf\":{\"@id\":\"https:\/\/dicodusport.fr\/blog\/atp-gstaad-quentin-halys-cede-en-finale-contre-matteo-berrettini\/\"},\"author\":{\"name\":\"S\u00e9bastien Gente\",\"@id\":\"https:\/\/dicodusport.fr\/blog\/#\/schema\/person\/627966a6cde45dbd8c5e36ac85d783da\"},\"headline\":\"ATP Gstaad : Quentin Halys c\u00e8de en finale contre Matteo Berrettini\",\"datePublished\":\"2024-07-21T11:06:10+00:00\",\"dateModified\":\"2024-07-21T11:07:34+00:00\",\"mainEntityOfPage\":{\"@id\":\"https:\/\/dicodusport.fr\/blog\/atp-gstaad-quentin-halys-cede-en-finale-contre-matteo-berrettini\/\"},\"wordCount\":364,\"commentCount\":0,\"publisher\":{\"@id\":\"https:\/\/dicodusport.fr\/blog\/#organization\"},\"image\":{\"@id\":\"https:\/\/dicodusport.fr\/blog\/atp-gstaad-quentin-halys-cede-en-finale-contre-matteo-berrettini\/#primaryimage\"},\"thumbnailUrl\":\"https:\/\/dicodusport.fr\/blog\/wp-content\/uploads\/2024\/07\/ATP-Gstaad-Quentin-Halys-cede-en-finale-contre-Matteo-Berrettini.png\",\"keywords\":[\"br\u00e8ve\",\"Quentin Halys\"],\"articleSection\":[\"Tennis\"],\"inLanguage\":\"fr-FR\",\"potentialAction\":[{\"@type\":\"CommentAction\",\"name\":\"Comment\",\"target\":[\"https:\/\/dicodusport.fr\/blog\/atp-gstaad-quentin-halys-cede-en-finale-contre-matteo-berrettini\/#respond\"]}],\"copyrightYear\":\"2024\",\"copyrightHolder\":{\"@id\":\"https:\/\/dicodusport.fr\/blog\/#organization\"}},{\"@type\":\"WebPage\",\"@id\":\"https:\/\/dicodusport.fr\/blog\/atp-gstaad-quentin-halys-cede-en-finale-contre-matteo-berrettini\/\",\"url\":\"https:\/\/dicodusport.fr\/blog\/atp-gstaad-quentin-halys-cede-en-finale-contre-matteo-berrettini\/\",\"name\":\"ATP Gstaad : Quentin Halys c\u00e8de en finale contre Matteo Berrettini\",\"isPartOf\":{\"@id\":\"https:\/\/dicodusport.fr\/blog\/#website\"},\"primaryImageOfPage\":{\"@id\":\"https:\/\/dicodusport.fr\/blog\/atp-gstaad-quentin-halys-cede-en-finale-contre-matteo-berrettini\/#primaryimage\"},\"image\":{\"@id\":\"https:\/\/dicodusport.fr\/blog\/atp-gstaad-quentin-halys-cede-en-finale-contre-matteo-berrettini\/#primaryimage\"},\"thumbnailUrl\":\"https:\/\/dicodusport.fr\/blog\/wp-content\/uploads\/2024\/07\/ATP-Gstaad-Quentin-Halys-cede-en-finale-contre-Matteo-Berrettini.png\",\"datePublished\":\"2024-07-21T11:06:10+00:00\",\"dateModified\":\"2024-07-21T11:07:34+00:00\",\"description\":\"TOURNOI ATP 250 DE GSTAAD - Bien parti, Quentin Halys a totalement disparu du match en fin de premi\u00e8re manche, et ne remportera pas son premier titre ATP.\u00a0\",\"breadcrumb\":{\"@id\":\"https:\/\/dicodusport.fr\/blog\/atp-gstaad-quentin-halys-cede-en-finale-contre-matteo-berrettini\/#breadcrumb\"},\"inLanguage\":\"fr-FR\",\"potentialAction\":[{\"@type\":\"ReadAction\",\"target\":[\"https:\/\/dicodusport.fr\/blog\/atp-gstaad-quentin-halys-cede-en-finale-contre-matteo-berrettini\/\"]}]},{\"@type\":\"ImageObject\",\"inLanguage\":\"fr-FR\",\"@id\":\"https:\/\/dicodusport.fr\/blog\/atp-gstaad-quentin-halys-cede-en-finale-contre-matteo-berrettini\/#primaryimage\",\"url\":\"https:\/\/dicodusport.fr\/blog\/wp-content\/uploads\/2024\/07\/ATP-Gstaad-Quentin-Halys-cede-en-finale-contre-Matteo-Berrettini.png\",\"contentUrl\":\"https:\/\/dicodusport.fr\/blog\/wp-content\/uploads\/2024\/07\/ATP-Gstaad-Quentin-Halys-cede-en-finale-contre-Matteo-Berrettini.png\",\"width\":1200,\"height\":674,\"caption\":\"ATP Gstaad Quentin Halys c\u00e8de en finale contre Matteo Berrettini\"},{\"@type\":\"BreadcrumbList\",\"@id\":\"https:\/\/dicodusport.fr\/blog\/atp-gstaad-quentin-halys-cede-en-finale-contre-matteo-berrettini\/#breadcrumb\",\"itemListElement\":[{\"@type\":\"ListItem\",\"position\":1,\"name\":\"Accueil\",\"item\":\"https:\/\/dicodusport.fr\/blog\/\"},{\"@type\":\"ListItem\",\"position\":2,\"name\":\"ATP Gstaad : Quentin Halys c\u00e8de en finale contre Matteo Berrettini\"}]},{\"@type\":\"WebSite\",\"@id\":\"https:\/\/dicodusport.fr\/blog\/#website\",\"url\":\"https:\/\/dicodusport.fr\/blog\/\",\"name\":\"Dicodusport\",\"description\":\"L&#039;encyclop\u00e9die de l&#039;actualit\u00e9 sportive\",\"publisher\":{\"@id\":\"https:\/\/dicodusport.fr\/blog\/#organization\"},\"potentialAction\":[{\"@type\":\"SearchAction\",\"target\":{\"@type\":\"EntryPoint\",\"urlTemplate\":\"https:\/\/dicodusport.fr\/blog\/?s={search_term_string}\"},\"query-input\":{\"@type\":\"PropertyValueSpecification\",\"valueRequired\":true,\"valueName\":\"search_term_string\"}}],\"inLanguage\":\"fr-FR\"},{\"@type\":\"NewsMediaOrganization\",\"@id\":\"https:\/\/dicodusport.fr\/blog\/#organization\",\"name\":\"Dicodusport\",\"url\":\"https:\/\/dicodusport.fr\/blog\/\",\"logo\":{\"@type\":\"ImageObject\",\"inLanguage\":\"fr-FR\",\"@id\":\"https:\/\/dicodusport.fr\/blog\/#\/schema\/logo\/image\/\",\"url\":\"https:\/\/dicodusport.fr\/blog\/wp-content\/uploads\/2020\/06\/cropped-LOGO-DICODUSPORT-2020-SANS-FOND-SANS-TEXTE.png\",\"contentUrl\":\"https:\/\/dicodusport.fr\/blog\/wp-content\/uploads\/2020\/06\/cropped-LOGO-DICODUSPORT-2020-SANS-FOND-SANS-TEXTE.png\",\"width\":512,\"height\":512,\"caption\":\"Dicodusport\"},\"image\":{\"@id\":\"https:\/\/dicodusport.fr\/blog\/#\/schema\/logo\/image\/\"},\"sameAs\":[\"https:\/\/www.facebook.com\/dicodusport\",\"https:\/\/x.com\/dicodusport\",\"https:\/\/www.instagram.com\/dicodusport\/\",\"https:\/\/www.youtube.com\/channel\/UC7V2KZ5sd3htJivAbA4ZG3w\"],\"description\":\"Dicodusport est l'encyclop\u00e9die de l'actualit\u00e9 sportive.\",\"email\":\"bonjour@dicodusport.fr\",\"legalName\":\"DICODUSPORT\",\"foundingDate\":\"2018-01-14\",\"vatID\":\"FR71834470973\",\"taxID\":\"83447097300043\",\"numberOfEmployees\":{\"@type\":\"QuantitativeValue\",\"minValue\":\"1\",\"maxValue\":\"10\"}},{\"@type\":\"Person\",\"@id\":\"https:\/\/dicodusport.fr\/blog\/#\/schema\/person\/627966a6cde45dbd8c5e36ac85d783da\",\"name\":\"S\u00e9bastien Gente\",\"image\":{\"@type\":\"ImageObject\",\"inLanguage\":\"fr-FR\",\"@id\":\"https:\/\/dicodusport.fr\/blog\/#\/schema\/person\/image\/\",\"url\":\"https:\/\/dicodusport.fr\/blog\/wp-content\/uploads\/2021\/09\/1510990_10205810251400683_4124423575079401707_n-150x150.jpg\",\"contentUrl\":\"https:\/\/dicodusport.fr\/blog\/wp-content\/uploads\/2021\/09\/1510990_10205810251400683_4124423575079401707_n-150x150.jpg\",\"caption\":\"S\u00e9bastien Gente\"},\"description\":\"John Stockton, Gianni Bugno, Zinedine Zidane, Steffi Graf, Frode Andresen, St\u00e9phane Stoecklin, Davis Kamoga, Primoz Peterka, Werner Schlager et Aur\u00e9lien Rougerie. Point commun entre ces sportifs? Ils m'ont fait r\u00eaver et ont berc\u00e9 mon adolescence. Je suis un fondu de sports et j'essaie de retranscrire ma passion \u00e0 travers mes articles. Originaire du P\u00e9rigord, ma passion pour les Girondins, les Jaunards et les Jazzmen transpire dans mes \u00e9crits. \u00c0 Dicodusport depuis 2021, je d\u00e9niche les sports m\u00e9connus dans lesquels la France brille, et il y en a !\",\"sameAs\":[\"https:\/\/www.facebook.com\/sebastien.gente\/\",\"https:\/\/www.instagram.com\/sebgente\/\",\"https:\/\/www.linkedin.com\/in\/sbastien-gente-a29583169\/\",\"https:\/\/x.com\/https:\/\/twitter.com\/globulo24\",\"SebastienGente\"],\"worksFor\":\"S\u00e9bastien GENTE\",\"url\":\"https:\/\/dicodusport.fr\/blog\/author\/sebastiengente\/\"}]}<\/script>\n<!-- \/ Yoast SEO Premium plugin. -->","yoast_head_json":{"title":"ATP Gstaad : Quentin Halys c\u00e8de en finale contre Matteo Berrettini","description":"TOURNOI ATP 250 DE GSTAAD - Bien parti, Quentin Halys a totalement disparu du match en fin de premi\u00e8re manche, et ne remportera pas son premier titre ATP.\u00a0","robots":{"index":"index","follow":"follow","max-snippet":"max-snippet:-1","max-image-preview":"max-image-preview:large","max-video-preview":"max-video-preview:-1"},"canonical":"https:\/\/dicodusport.fr\/blog\/atp-gstaad-quentin-halys-cede-en-finale-contre-matteo-berrettini\/","og_locale":"fr_FR","og_type":"article","og_title":"ATP Gstaad : Quentin Halys c\u00e8de en finale contre Matteo Berrettini","og_description":"TOURNOI ATP 250 DE GSTAAD - Bien parti, Quentin Halys a totalement disparu du match en fin de premi\u00e8re manche, et ne remportera pas son premier titre ATP.\u00a0","og_url":"https:\/\/dicodusport.fr\/blog\/atp-gstaad-quentin-halys-cede-en-finale-contre-matteo-berrettini\/","og_site_name":"Dicodusport","article_publisher":"https:\/\/www.facebook.com\/dicodusport","article_author":"https:\/\/www.facebook.com\/sebastien.gente\/","article_published_time":"2024-07-21T11:06:10+00:00","article_modified_time":"2024-07-21T11:07:34+00:00","og_image":[{"width":1200,"height":674,"url":"https:\/\/dicodusport.fr\/blog\/wp-content\/uploads\/2024\/07\/ATP-Gstaad-Quentin-Halys-cede-en-finale-contre-Matteo-Berrettini.png","type":"image\/png"}],"author":"S\u00e9bastien Gente","twitter_card":"summary_large_image","twitter_title":"ATP Gstaad : Quentin Halys c\u00e8de en finale contre Matteo Berrettini","twitter_creator":"@https:\/\/twitter.com\/globulo24","twitter_site":"@dicodusport","schema":{"@context":"https:\/\/schema.org","@graph":[{"@type":"NewsArticle","@id":"https:\/\/dicodusport.fr\/blog\/atp-gstaad-quentin-halys-cede-en-finale-contre-matteo-berrettini\/#article","isPartOf":{"@id":"https:\/\/dicodusport.fr\/blog\/atp-gstaad-quentin-halys-cede-en-finale-contre-matteo-berrettini\/"},"author":{"name":"S\u00e9bastien Gente","@id":"https:\/\/dicodusport.fr\/blog\/#\/schema\/person\/627966a6cde45dbd8c5e36ac85d783da"},"headline":"ATP Gstaad : Quentin Halys c\u00e8de en finale contre Matteo Berrettini","datePublished":"2024-07-21T11:06:10+00:00","dateModified":"2024-07-21T11:07:34+00:00","mainEntityOfPage":{"@id":"https:\/\/dicodusport.fr\/blog\/atp-gstaad-quentin-halys-cede-en-finale-contre-matteo-berrettini\/"},"wordCount":364,"commentCount":0,"publisher":{"@id":"https:\/\/dicodusport.fr\/blog\/#organization"},"image":{"@id":"https:\/\/dicodusport.fr\/blog\/atp-gstaad-quentin-halys-cede-en-finale-contre-matteo-berrettini\/#primaryimage"},"thumbnailUrl":"https:\/\/dicodusport.fr\/blog\/wp-content\/uploads\/2024\/07\/ATP-Gstaad-Quentin-Halys-cede-en-finale-contre-Matteo-Berrettini.png","keywords":["br\u00e8ve","Quentin Halys"],"articleSection":["Tennis"],"inLanguage":"fr-FR","potentialAction":[{"@type":"CommentAction","name":"Comment","target":["https:\/\/dicodusport.fr\/blog\/atp-gstaad-quentin-halys-cede-en-finale-contre-matteo-berrettini\/#respond"]}],"copyrightYear":"2024","copyrightHolder":{"@id":"https:\/\/dicodusport.fr\/blog\/#organization"}},{"@type":"WebPage","@id":"https:\/\/dicodusport.fr\/blog\/atp-gstaad-quentin-halys-cede-en-finale-contre-matteo-berrettini\/","url":"https:\/\/dicodusport.fr\/blog\/atp-gstaad-quentin-halys-cede-en-finale-contre-matteo-berrettini\/","name":"ATP Gstaad : Quentin Halys c\u00e8de en finale contre Matteo Berrettini","isPartOf":{"@id":"https:\/\/dicodusport.fr\/blog\/#website"},"primaryImageOfPage":{"@id":"https:\/\/dicodusport.fr\/blog\/atp-gstaad-quentin-halys-cede-en-finale-contre-matteo-berrettini\/#primaryimage"},"image":{"@id":"https:\/\/dicodusport.fr\/blog\/atp-gstaad-quentin-halys-cede-en-finale-contre-matteo-berrettini\/#primaryimage"},"thumbnailUrl":"https:\/\/dicodusport.fr\/blog\/wp-content\/uploads\/2024\/07\/ATP-Gstaad-Quentin-Halys-cede-en-finale-contre-Matteo-Berrettini.png","datePublished":"2024-07-21T11:06:10+00:00","dateModified":"2024-07-21T11:07:34+00:00","description":"TOURNOI ATP 250 DE GSTAAD - Bien parti, Quentin Halys a totalement disparu du match en fin de premi\u00e8re manche, et ne remportera pas son premier titre ATP.\u00a0","breadcrumb":{"@id":"https:\/\/dicodusport.fr\/blog\/atp-gstaad-quentin-halys-cede-en-finale-contre-matteo-berrettini\/#breadcrumb"},"inLanguage":"fr-FR","potentialAction":[{"@type":"ReadAction","target":["https:\/\/dicodusport.fr\/blog\/atp-gstaad-quentin-halys-cede-en-finale-contre-matteo-berrettini\/"]}]},{"@type":"ImageObject","inLanguage":"fr-FR","@id":"https:\/\/dicodusport.fr\/blog\/atp-gstaad-quentin-halys-cede-en-finale-contre-matteo-berrettini\/#primaryimage","url":"https:\/\/dicodusport.fr\/blog\/wp-content\/uploads\/2024\/07\/ATP-Gstaad-Quentin-Halys-cede-en-finale-contre-Matteo-Berrettini.png","contentUrl":"https:\/\/dicodusport.fr\/blog\/wp-content\/uploads\/2024\/07\/ATP-Gstaad-Quentin-Halys-cede-en-finale-contre-Matteo-Berrettini.png","width":1200,"height":674,"caption":"ATP Gstaad Quentin Halys c\u00e8de en finale contre Matteo Berrettini"},{"@type":"BreadcrumbList","@id":"https:\/\/dicodusport.fr\/blog\/atp-gstaad-quentin-halys-cede-en-finale-contre-matteo-berrettini\/#breadcrumb","itemListElement":[{"@type":"ListItem","position":1,"name":"Accueil","item":"https:\/\/dicodusport.fr\/blog\/"},{"@type":"ListItem","position":2,"name":"ATP Gstaad : Quentin Halys c\u00e8de en finale contre Matteo Berrettini"}]},{"@type":"WebSite","@id":"https:\/\/dicodusport.fr\/blog\/#website","url":"https:\/\/dicodusport.fr\/blog\/","name":"Dicodusport","description":"L&#039;encyclop\u00e9die de l&#039;actualit\u00e9 sportive","publisher":{"@id":"https:\/\/dicodusport.fr\/blog\/#organization"},"potentialAction":[{"@type":"SearchAction","target":{"@type":"EntryPoint","urlTemplate":"https:\/\/dicodusport.fr\/blog\/?s={search_term_string}"},"query-input":{"@type":"PropertyValueSpecification","valueRequired":true,"valueName":"search_term_string"}}],"inLanguage":"fr-FR"},{"@type":"NewsMediaOrganization","@id":"https:\/\/dicodusport.fr\/blog\/#organization","name":"Dicodusport","url":"https:\/\/dicodusport.fr\/blog\/","logo":{"@type":"ImageObject","inLanguage":"fr-FR","@id":"https:\/\/dicodusport.fr\/blog\/#\/schema\/logo\/image\/","url":"https:\/\/dicodusport.fr\/blog\/wp-content\/uploads\/2020\/06\/cropped-LOGO-DICODUSPORT-2020-SANS-FOND-SANS-TEXTE.png","contentUrl":"https:\/\/dicodusport.fr\/blog\/wp-content\/uploads\/2020\/06\/cropped-LOGO-DICODUSPORT-2020-SANS-FOND-SANS-TEXTE.png","width":512,"height":512,"caption":"Dicodusport"},"image":{"@id":"https:\/\/dicodusport.fr\/blog\/#\/schema\/logo\/image\/"},"sameAs":["https:\/\/www.facebook.com\/dicodusport","https:\/\/x.com\/dicodusport","https:\/\/www.instagram.com\/dicodusport\/","https:\/\/www.youtube.com\/channel\/UC7V2KZ5sd3htJivAbA4ZG3w"],"description":"Dicodusport est l'encyclop\u00e9die de l'actualit\u00e9 sportive.","email":"bonjour@dicodusport.fr","legalName":"DICODUSPORT","foundingDate":"2018-01-14","vatID":"FR71834470973","taxID":"83447097300043","numberOfEmployees":{"@type":"QuantitativeValue","minValue":"1","maxValue":"10"}},{"@type":"Person","@id":"https:\/\/dicodusport.fr\/blog\/#\/schema\/person\/627966a6cde45dbd8c5e36ac85d783da","name":"S\u00e9bastien Gente","image":{"@type":"ImageObject","inLanguage":"fr-FR","@id":"https:\/\/dicodusport.fr\/blog\/#\/schema\/person\/image\/","url":"https:\/\/dicodusport.fr\/blog\/wp-content\/uploads\/2021\/09\/1510990_10205810251400683_4124423575079401707_n-150x150.jpg","contentUrl":"https:\/\/dicodusport.fr\/blog\/wp-content\/uploads\/2021\/09\/1510990_10205810251400683_4124423575079401707_n-150x150.jpg","caption":"S\u00e9bastien Gente"},"description":"John Stockton, Gianni Bugno, Zinedine Zidane, Steffi Graf, Frode Andresen, St\u00e9phane Stoecklin, Davis Kamoga, Primoz Peterka, Werner Schlager et Aur\u00e9lien Rougerie. Point commun entre ces sportifs? Ils m'ont fait r\u00eaver et ont berc\u00e9 mon adolescence. Je suis un fondu de sports et j'essaie de retranscrire ma passion \u00e0 travers mes articles. Originaire du P\u00e9rigord, ma passion pour les Girondins, les Jaunards et les Jazzmen transpire dans mes \u00e9crits. \u00c0 Dicodusport depuis 2021, je d\u00e9niche les sports m\u00e9connus dans lesquels la France brille, et il y en a !","sameAs":["https:\/\/www.facebook.com\/sebastien.gente\/","https:\/\/www.instagram.com\/sebgente\/","https:\/\/www.linkedin.com\/in\/sbastien-gente-a29583169\/","https:\/\/x.com\/https:\/\/twitter.com\/globulo24","SebastienGente"],"worksFor":"S\u00e9bastien GENTE","url":"https:\/\/dicodusport.fr\/blog\/author\/sebastiengente\/"}]}},"_links":{"self":[{"href":"https:\/\/dicodusport.fr\/blog\/wp-json\/wp\/v2\/posts\/502071","targetHints":{"allow":["GET"]}}],"collection":[{"href":"https:\/\/dicodusport.fr\/blog\/wp-json\/wp\/v2\/posts"}],"about":[{"href":"https:\/\/dicodusport.fr\/blog\/wp-json\/wp\/v2\/types\/post"}],"author":[{"embeddable":true,"href":"https:\/\/dicodusport.fr\/blog\/wp-json\/wp\/v2\/users\/59"}],"replies":[{"embeddable":true,"href":"https:\/\/dicodusport.fr\/blog\/wp-json\/wp\/v2\/comments?post=502071"}],"version-history":[{"count":2,"href":"https:\/\/dicodusport.fr\/blog\/wp-json\/wp\/v2\/posts\/502071\/revisions"}],"predecessor-version":[{"id":502101,"href":"https:\/\/dicodusport.fr\/blog\/wp-json\/wp\/v2\/posts\/502071\/revisions\/502101"}],"wp:featuredmedia":[{"embeddable":true,"href":"https:\/\/dicodusport.fr\/blog\/wp-json\/wp\/v2\/media\/502099"}],"wp:attachment":[{"href":"https:\/\/dicodusport.fr\/blog\/wp-json\/wp\/v2\/media?parent=502071"}],"wp:term":[{"taxonomy":"category","embeddable":true,"href":"https:\/\/dicodusport.fr\/blog\/wp-json\/wp\/v2\/categories?post=502071"},{"taxonomy":"post_tag","embeddable":true,"href":"https:\/\/dicodusport.fr\/blog\/wp-json\/wp\/v2\/tags?post=502071"}],"curies":[{"name":"wp","href":"https:\/\/api.w.org\/{rel}","templated":true}]}}