{"id":502075,"date":"2024-07-21T14:10:36","date_gmt":"2024-07-21T12:10:36","guid":{"rendered":"https:\/\/dicodusport.fr\/blog\/?p=502075&#038;preview=true&#038;preview_id=502075"},"modified":"2024-07-21T22:22:04","modified_gmt":"2024-07-21T20:22:04","slug":"circuit-atp-albano-olivetti-sacre-en-double-a-gstaad","status":"publish","type":"post","link":"https:\/\/dicodusport.fr\/blog\/circuit-atp-albano-olivetti-sacre-en-double-a-gstaad\/","title":{"rendered":"Circuit ATP : Albano Olivetti sacr\u00e9 en double \u00e0 Gstaad"},"content":{"rendered":"<p style=\"text-align: justify;\"><strong><em>SAISON ATP 2024 &#8211; Trois finales de double concernaient des Fran\u00e7ais, mais un seul, Albano Olivetti, aura soulev\u00e9 le troph\u00e9e ce dimanche.<\/em><\/strong><\/p>\n<p style=\"text-align: justify;\">Hormis les finales de simple pr\u00e9vues pour <strong>Quentin Halys<\/strong> et <strong>Arthur Fils<\/strong>, trois finales de double impliquaient des Fran\u00e7ais. Celle de Gstaad \u00e9tait m\u00eame s\u00fbre de sacrer un Tricolore, puisque <strong>Albano Olivetti<\/strong> et son partenaire, l&rsquo;Indien <strong>Yuki Bhambri,<\/strong> affrontaient <strong>Ugo Humbert<\/strong> et <strong>Fabrice Martin<\/strong>. <strong>Manuel Guinard<\/strong> et <strong>Gr\u00e9goire Jacq<\/strong> \u00e9taient eux en finale \u00e0 Bastad, alors que <a href=\"https:\/\/dicodusport.fr\/blog\/info-dicodusport-edouard-roger-vasselin-et-fabien-reboul-alignes-en-double-masculin-aux-jo-de-paris\/\">la paire olympique<\/a> <strong>Fabien Reboul &#8211; \u00c9douard Roger-Vasselin<\/strong> visait le titre \u00e0 Hambourg.<\/p>\n<h2 style=\"text-align: justify;\">Guinard &#8211; Jacq g\u00e2chent l&rsquo;occasion<\/h2>\n<p style=\"text-align: justify;\">Pour leur premi\u00e8re finale ATP, <strong>Manuel Guinard<\/strong> et<strong> Gr\u00e9goire Jacq<\/strong>, qui restaient sur 8 finales gagn\u00e9es cons\u00e9cutivement au niveau Challenger, pouvaient \u00eatre consid\u00e9r\u00e9s comme favoris contre les Br\u00e9siliens <strong>Orlando Luz<\/strong> et <strong>Rafael Matos<\/strong>, qualifi\u00e9s apr\u00e8s le forfait de la fameuse paire <strong>Rafael Nadal &#8211; Casper Ruud<\/strong>.<\/p>\n<p style=\"text-align: justify;\">Et leur d\u00e9but de match a \u00e9t\u00e9 idyllique, breakant rapidement pour mener 5-2, avant de subir les affres de la pression et de c\u00e9der 5 jeux d&rsquo;affil\u00e9e et la manche, malgr\u00e9 trois balles de set. Dans le dur, sortis de leur match, ils vont craquer malgr\u00e9 un dernier baroud d&rsquo;honneur et s&rsquo;incliner<strong> 7-5, 6-4<\/strong> non sans avoir donn\u00e9 l&rsquo;illusion de pouvoir renverser le match. Il y aura sans doute quelques regrets du c\u00f4t\u00e9 fran\u00e7ais ce soir.<\/p>\n<h2 style=\"text-align: justify;\">Olivetti en sp\u00e9cialiste<\/h2>\n<p style=\"text-align: justify;\"><strong>Ugo Humbert<\/strong> sera align\u00e9 aux JO en double avec <strong>Arthur Fils<\/strong>, mais puisque son partenaire brillait en Allemagne, c&rsquo;est avec un grand sp\u00e9cialiste de la discipline, <strong>Fabrice Martin<\/strong>, qu&rsquo;il avait atteint la finale en Suisse. Sa toute premi\u00e8re sur le circuit ATP &#8211; et la 22e de son partenaire &#8211; face \u00e0 l&rsquo;Indien <strong>Yuki Bhambri<\/strong> et au Fran\u00e7ais <strong>Albano Olivetti,<\/strong> <a href=\"https:\/\/dicodusport.fr\/blog\/atp-munich-en-double-albano-olivetti-rafle-son-premier-titre-atp-en-carriere\/\">avec qui il avait rafl\u00e9 son premier titre ATP en avril dernier<\/a>.<\/p>\n<p style=\"text-align: justify;\">C&rsquo;est donc le deuxi\u00e8me qui est tomb\u00e9 dans son escarcelle aujourd&rsquo;hui. Pourtant, la paire 100% tricolore semblait avoir fait le plus dur en prenant le premier set, avant de progressivement d\u00e9cliner. Au super tie-break,<strong> Albano Olivetti<\/strong> et <strong>Yuki Bhambri<\/strong> ont port\u00e9 l&rsquo;estocade, prenant les commandes pour ne jamais les l\u00e2cher. Une victoire <strong>3-6, 6-3, 10-6<\/strong> et un titre qui conforte le statut de sp\u00e9cialiste du double du Tricolore, qui remporte son 54e titre dans la discipline tous niveaux confondus !<\/p>\n<blockquote class=\"twitter-tweet\">\n<p dir=\"ltr\" lang=\"en\">\ud83c\udfbe3rd seed pair of Yuki Bhambri &amp; Albano Olivetti are the Champions of Swiss Open ATP 250<\/p>\n<p>Bhambri\/Olivetti\ud83c\uddeb\ud83c\uddf7 defeated Martin \/ Humbert\ud83c\uddeb\ud83c\uddf7 3-6, 6-3, 10-6 to win the Gstaad Open\ud83c\udde8\ud83c\udded, an ATP 250 event.<\/p>\n<p>Yuki reached a New Career High #50 in ATP Doubles Ranking. <a href=\"https:\/\/t.co\/pxqZNthWEG\">pic.twitter.com\/pxqZNthWEG<\/a><\/p>\n<p>\u2014 SPORTS ARENA\ud83c\uddee\ud83c\uddf3 (@SportsArena1234) <a href=\"https:\/\/twitter.com\/SportsArena1234\/status\/1814980385316425797?ref_src=twsrc%5Etfw\">July 21, 2024<\/a><\/p><\/blockquote>\n<p style=\"text-align: justify;\"><script async src=\"https:\/\/platform.twitter.com\/widgets.js\" charset=\"utf-8\"><\/script><\/p>\n<h2 style=\"text-align: justify;\">Prometteur pour Reboul et Roger-Vasselin<\/h2>\n<p style=\"text-align: justify;\"><strong>Fabien Reboul<\/strong> et <strong>\u00c9douard Roger-Vasselin<\/strong> seront donc l&rsquo;autre paire tricolore en double messieurs aux JO. Et quoi de mieux qu&rsquo;un bon parcours pr\u00e9alable pour monter en pression ? Les Bleus ont r\u00e9alis\u00e9 une belle semaine, atteignant la finale pour ce qui \u00e9tait officiellement leur premier tournoi en commun, mais ils n&rsquo;\u00e9taient clairement pas favoris contre les locaux <strong>Kevin Krawietz<\/strong> et <strong>Tim Puetz<\/strong>.<\/p>\n<p style=\"text-align: justify;\">Apr\u00e8s un premier set ultra serr\u00e9, les Bleus ont failli dans un tie-break \u00e2prement disput\u00e9, qu&rsquo;ils auront fini par c\u00e9der \u00e0 la 5e occasion, non sans avoir eu une chance eux-m\u00eames de conclure. Rapidement break\u00e9s dans le deuxi\u00e8me set, ils ont fini par rendre les armes non sans combattre, s&rsquo;inclinant<strong> 7-6 (8), 6-2<\/strong>. Mais ce parcours jusqu&rsquo;en finale pour une premi\u00e8re association est forc\u00e9ment positif en vue de l&rsquo;objectif olympique.<\/p>\n","protected":false},"excerpt":{"rendered":"<p>SAISON ATP 2024 &#8211; Trois finales de double concernaient des Fran\u00e7ais, mais un seul, Albano Olivetti, aura soulev\u00e9 le troph\u00e9e ce dimanche.<\/p>\n","protected":false},"author":59,"featured_media":502122,"comment_status":"open","ping_status":"closed","sticky":false,"template":"","format":"standard","meta":{"_acf_changed":false,"_daextam_enable_autolinks":"1","footnotes":""},"categories":[2302],"tags":[16878],"class_list":["post-502075","post","type-post","status-publish","format-standard","has-post-thumbnail","hentry","category-tennis","tag-breve"],"acf":[],"yoast_head":"<!-- This site is optimized with the Yoast SEO Premium plugin v26.7 (Yoast SEO v26.7) - https:\/\/yoast.com\/wordpress\/plugins\/seo\/ -->\n<title>Circuit ATP : Albano Olivetti sacr\u00e9 en double \u00e0 Gstaad<\/title>\n<meta name=\"description\" content=\"SAISON ATP 2024 - Trois finales de double concernaient des Fran\u00e7ais, mais un seul, Albano Olivetti, aura soulev\u00e9 le troph\u00e9e ce dimanche.\" \/>\n<meta name=\"robots\" content=\"index, follow, max-snippet:-1, max-image-preview:large, max-video-preview:-1\" \/>\n<link rel=\"canonical\" href=\"https:\/\/dicodusport.fr\/blog\/circuit-atp-albano-olivetti-sacre-en-double-a-gstaad\/\" \/>\n<meta property=\"og:locale\" content=\"fr_FR\" \/>\n<meta property=\"og:type\" content=\"article\" \/>\n<meta property=\"og:title\" content=\"Circuit ATP : Albano Olivetti sacr\u00e9 en double \u00e0 Gstaad\" \/>\n<meta property=\"og:description\" content=\"SAISON ATP 2024 - Trois finales de double concernaient des Fran\u00e7ais, mais un seul, Albano Olivetti, aura soulev\u00e9 le troph\u00e9e ce dimanche.\" \/>\n<meta property=\"og:url\" content=\"https:\/\/dicodusport.fr\/blog\/circuit-atp-albano-olivetti-sacre-en-double-a-gstaad\/\" \/>\n<meta property=\"og:site_name\" content=\"Dicodusport\" \/>\n<meta property=\"article:publisher\" content=\"https:\/\/www.facebook.com\/dicodusport\" \/>\n<meta property=\"article:author\" content=\"https:\/\/www.facebook.com\/sebastien.gente\/\" \/>\n<meta property=\"article:published_time\" content=\"2024-07-21T12:10:36+00:00\" \/>\n<meta property=\"article:modified_time\" content=\"2024-07-21T20:22:04+00:00\" \/>\n<meta property=\"og:image\" content=\"https:\/\/dicodusport.fr\/blog\/wp-content\/uploads\/2024\/07\/Circuit-ATP-Albano-Olivetti-sacre-en-double-a-Gstaad.png\" \/>\n\t<meta property=\"og:image:width\" content=\"1200\" \/>\n\t<meta property=\"og:image:height\" content=\"674\" \/>\n\t<meta property=\"og:image:type\" content=\"image\/png\" \/>\n<meta name=\"author\" content=\"S\u00e9bastien Gente\" \/>\n<meta name=\"twitter:card\" content=\"summary_large_image\" \/>\n<meta name=\"twitter:title\" content=\"Circuit ATP : Albano Olivetti sacr\u00e9 en double \u00e0 Gstaad\" \/>\n<meta name=\"twitter:creator\" content=\"@https:\/\/twitter.com\/globulo24\" \/>\n<meta name=\"twitter:site\" content=\"@dicodusport\" \/>\n<script type=\"application\/ld+json\" class=\"yoast-schema-graph\">{\"@context\":\"https:\/\/schema.org\",\"@graph\":[{\"@type\":\"NewsArticle\",\"@id\":\"https:\/\/dicodusport.fr\/blog\/circuit-atp-albano-olivetti-sacre-en-double-a-gstaad\/#article\",\"isPartOf\":{\"@id\":\"https:\/\/dicodusport.fr\/blog\/circuit-atp-albano-olivetti-sacre-en-double-a-gstaad\/\"},\"author\":{\"name\":\"S\u00e9bastien Gente\",\"@id\":\"https:\/\/dicodusport.fr\/blog\/#\/schema\/person\/627966a6cde45dbd8c5e36ac85d783da\"},\"headline\":\"Circuit ATP : Albano Olivetti sacr\u00e9 en double \u00e0 Gstaad\",\"datePublished\":\"2024-07-21T12:10:36+00:00\",\"dateModified\":\"2024-07-21T20:22:04+00:00\",\"mainEntityOfPage\":{\"@id\":\"https:\/\/dicodusport.fr\/blog\/circuit-atp-albano-olivetti-sacre-en-double-a-gstaad\/\"},\"wordCount\":616,\"commentCount\":0,\"publisher\":{\"@id\":\"https:\/\/dicodusport.fr\/blog\/#organization\"},\"image\":{\"@id\":\"https:\/\/dicodusport.fr\/blog\/circuit-atp-albano-olivetti-sacre-en-double-a-gstaad\/#primaryimage\"},\"thumbnailUrl\":\"https:\/\/dicodusport.fr\/blog\/wp-content\/uploads\/2024\/07\/Circuit-ATP-Albano-Olivetti-sacre-en-double-a-Gstaad.png\",\"keywords\":[\"br\u00e8ve\"],\"articleSection\":[\"Tennis\"],\"inLanguage\":\"fr-FR\",\"potentialAction\":[{\"@type\":\"CommentAction\",\"name\":\"Comment\",\"target\":[\"https:\/\/dicodusport.fr\/blog\/circuit-atp-albano-olivetti-sacre-en-double-a-gstaad\/#respond\"]}],\"copyrightYear\":\"2024\",\"copyrightHolder\":{\"@id\":\"https:\/\/dicodusport.fr\/blog\/#organization\"}},{\"@type\":\"WebPage\",\"@id\":\"https:\/\/dicodusport.fr\/blog\/circuit-atp-albano-olivetti-sacre-en-double-a-gstaad\/\",\"url\":\"https:\/\/dicodusport.fr\/blog\/circuit-atp-albano-olivetti-sacre-en-double-a-gstaad\/\",\"name\":\"Circuit ATP : Albano Olivetti sacr\u00e9 en double \u00e0 Gstaad\",\"isPartOf\":{\"@id\":\"https:\/\/dicodusport.fr\/blog\/#website\"},\"primaryImageOfPage\":{\"@id\":\"https:\/\/dicodusport.fr\/blog\/circuit-atp-albano-olivetti-sacre-en-double-a-gstaad\/#primaryimage\"},\"image\":{\"@id\":\"https:\/\/dicodusport.fr\/blog\/circuit-atp-albano-olivetti-sacre-en-double-a-gstaad\/#primaryimage\"},\"thumbnailUrl\":\"https:\/\/dicodusport.fr\/blog\/wp-content\/uploads\/2024\/07\/Circuit-ATP-Albano-Olivetti-sacre-en-double-a-Gstaad.png\",\"datePublished\":\"2024-07-21T12:10:36+00:00\",\"dateModified\":\"2024-07-21T20:22:04+00:00\",\"description\":\"SAISON ATP 2024 - Trois finales de double concernaient des Fran\u00e7ais, mais un seul, Albano Olivetti, aura soulev\u00e9 le troph\u00e9e ce dimanche.\",\"breadcrumb\":{\"@id\":\"https:\/\/dicodusport.fr\/blog\/circuit-atp-albano-olivetti-sacre-en-double-a-gstaad\/#breadcrumb\"},\"inLanguage\":\"fr-FR\",\"potentialAction\":[{\"@type\":\"ReadAction\",\"target\":[\"https:\/\/dicodusport.fr\/blog\/circuit-atp-albano-olivetti-sacre-en-double-a-gstaad\/\"]}]},{\"@type\":\"ImageObject\",\"inLanguage\":\"fr-FR\",\"@id\":\"https:\/\/dicodusport.fr\/blog\/circuit-atp-albano-olivetti-sacre-en-double-a-gstaad\/#primaryimage\",\"url\":\"https:\/\/dicodusport.fr\/blog\/wp-content\/uploads\/2024\/07\/Circuit-ATP-Albano-Olivetti-sacre-en-double-a-Gstaad.png\",\"contentUrl\":\"https:\/\/dicodusport.fr\/blog\/wp-content\/uploads\/2024\/07\/Circuit-ATP-Albano-Olivetti-sacre-en-double-a-Gstaad.png\",\"width\":1200,\"height\":674,\"caption\":\"Circuit ATP Albano Olivetti sacr\u00e9 en double \u00e0 Gstaad\"},{\"@type\":\"BreadcrumbList\",\"@id\":\"https:\/\/dicodusport.fr\/blog\/circuit-atp-albano-olivetti-sacre-en-double-a-gstaad\/#breadcrumb\",\"itemListElement\":[{\"@type\":\"ListItem\",\"position\":1,\"name\":\"Accueil\",\"item\":\"https:\/\/dicodusport.fr\/blog\/\"},{\"@type\":\"ListItem\",\"position\":2,\"name\":\"Circuit ATP : Albano Olivetti sacr\u00e9 en double \u00e0 Gstaad\"}]},{\"@type\":\"WebSite\",\"@id\":\"https:\/\/dicodusport.fr\/blog\/#website\",\"url\":\"https:\/\/dicodusport.fr\/blog\/\",\"name\":\"Dicodusport\",\"description\":\"L&#039;encyclop\u00e9die de l&#039;actualit\u00e9 sportive\",\"publisher\":{\"@id\":\"https:\/\/dicodusport.fr\/blog\/#organization\"},\"potentialAction\":[{\"@type\":\"SearchAction\",\"target\":{\"@type\":\"EntryPoint\",\"urlTemplate\":\"https:\/\/dicodusport.fr\/blog\/?s={search_term_string}\"},\"query-input\":{\"@type\":\"PropertyValueSpecification\",\"valueRequired\":true,\"valueName\":\"search_term_string\"}}],\"inLanguage\":\"fr-FR\"},{\"@type\":\"NewsMediaOrganization\",\"@id\":\"https:\/\/dicodusport.fr\/blog\/#organization\",\"name\":\"Dicodusport\",\"url\":\"https:\/\/dicodusport.fr\/blog\/\",\"logo\":{\"@type\":\"ImageObject\",\"inLanguage\":\"fr-FR\",\"@id\":\"https:\/\/dicodusport.fr\/blog\/#\/schema\/logo\/image\/\",\"url\":\"https:\/\/dicodusport.fr\/blog\/wp-content\/uploads\/2020\/06\/cropped-LOGO-DICODUSPORT-2020-SANS-FOND-SANS-TEXTE.png\",\"contentUrl\":\"https:\/\/dicodusport.fr\/blog\/wp-content\/uploads\/2020\/06\/cropped-LOGO-DICODUSPORT-2020-SANS-FOND-SANS-TEXTE.png\",\"width\":512,\"height\":512,\"caption\":\"Dicodusport\"},\"image\":{\"@id\":\"https:\/\/dicodusport.fr\/blog\/#\/schema\/logo\/image\/\"},\"sameAs\":[\"https:\/\/www.facebook.com\/dicodusport\",\"https:\/\/x.com\/dicodusport\",\"https:\/\/www.instagram.com\/dicodusport\/\",\"https:\/\/www.youtube.com\/channel\/UC7V2KZ5sd3htJivAbA4ZG3w\"],\"description\":\"Dicodusport est l'encyclop\u00e9die de l'actualit\u00e9 sportive.\",\"email\":\"bonjour@dicodusport.fr\",\"legalName\":\"DICODUSPORT\",\"foundingDate\":\"2018-01-14\",\"vatID\":\"FR71834470973\",\"taxID\":\"83447097300043\",\"numberOfEmployees\":{\"@type\":\"QuantitativeValue\",\"minValue\":\"1\",\"maxValue\":\"10\"}},{\"@type\":\"Person\",\"@id\":\"https:\/\/dicodusport.fr\/blog\/#\/schema\/person\/627966a6cde45dbd8c5e36ac85d783da\",\"name\":\"S\u00e9bastien Gente\",\"image\":{\"@type\":\"ImageObject\",\"inLanguage\":\"fr-FR\",\"@id\":\"https:\/\/dicodusport.fr\/blog\/#\/schema\/person\/image\/\",\"url\":\"https:\/\/dicodusport.fr\/blog\/wp-content\/uploads\/2021\/09\/1510990_10205810251400683_4124423575079401707_n-150x150.jpg\",\"contentUrl\":\"https:\/\/dicodusport.fr\/blog\/wp-content\/uploads\/2021\/09\/1510990_10205810251400683_4124423575079401707_n-150x150.jpg\",\"caption\":\"S\u00e9bastien Gente\"},\"description\":\"John Stockton, Gianni Bugno, Zinedine Zidane, Steffi Graf, Frode Andresen, St\u00e9phane Stoecklin, Davis Kamoga, Primoz Peterka, Werner Schlager et Aur\u00e9lien Rougerie. Point commun entre ces sportifs? Ils m'ont fait r\u00eaver et ont berc\u00e9 mon adolescence. Je suis un fondu de sports et j'essaie de retranscrire ma passion \u00e0 travers mes articles. Originaire du P\u00e9rigord, ma passion pour les Girondins, les Jaunards et les Jazzmen transpire dans mes \u00e9crits. \u00c0 Dicodusport depuis 2021, je d\u00e9niche les sports m\u00e9connus dans lesquels la France brille, et il y en a !\",\"sameAs\":[\"https:\/\/www.facebook.com\/sebastien.gente\/\",\"https:\/\/www.instagram.com\/sebgente\/\",\"https:\/\/www.linkedin.com\/in\/sbastien-gente-a29583169\/\",\"https:\/\/x.com\/https:\/\/twitter.com\/globulo24\",\"SebastienGente\"],\"worksFor\":\"S\u00e9bastien GENTE\",\"url\":\"https:\/\/dicodusport.fr\/blog\/author\/sebastiengente\/\"}]}<\/script>\n<!-- \/ Yoast SEO Premium plugin. -->","yoast_head_json":{"title":"Circuit ATP : Albano Olivetti sacr\u00e9 en double \u00e0 Gstaad","description":"SAISON ATP 2024 - Trois finales de double concernaient des Fran\u00e7ais, mais un seul, Albano Olivetti, aura soulev\u00e9 le troph\u00e9e ce dimanche.","robots":{"index":"index","follow":"follow","max-snippet":"max-snippet:-1","max-image-preview":"max-image-preview:large","max-video-preview":"max-video-preview:-1"},"canonical":"https:\/\/dicodusport.fr\/blog\/circuit-atp-albano-olivetti-sacre-en-double-a-gstaad\/","og_locale":"fr_FR","og_type":"article","og_title":"Circuit ATP : Albano Olivetti sacr\u00e9 en double \u00e0 Gstaad","og_description":"SAISON ATP 2024 - Trois finales de double concernaient des Fran\u00e7ais, mais un seul, Albano Olivetti, aura soulev\u00e9 le troph\u00e9e ce dimanche.","og_url":"https:\/\/dicodusport.fr\/blog\/circuit-atp-albano-olivetti-sacre-en-double-a-gstaad\/","og_site_name":"Dicodusport","article_publisher":"https:\/\/www.facebook.com\/dicodusport","article_author":"https:\/\/www.facebook.com\/sebastien.gente\/","article_published_time":"2024-07-21T12:10:36+00:00","article_modified_time":"2024-07-21T20:22:04+00:00","og_image":[{"width":1200,"height":674,"url":"https:\/\/dicodusport.fr\/blog\/wp-content\/uploads\/2024\/07\/Circuit-ATP-Albano-Olivetti-sacre-en-double-a-Gstaad.png","type":"image\/png"}],"author":"S\u00e9bastien Gente","twitter_card":"summary_large_image","twitter_title":"Circuit ATP : Albano Olivetti sacr\u00e9 en double \u00e0 Gstaad","twitter_creator":"@https:\/\/twitter.com\/globulo24","twitter_site":"@dicodusport","schema":{"@context":"https:\/\/schema.org","@graph":[{"@type":"NewsArticle","@id":"https:\/\/dicodusport.fr\/blog\/circuit-atp-albano-olivetti-sacre-en-double-a-gstaad\/#article","isPartOf":{"@id":"https:\/\/dicodusport.fr\/blog\/circuit-atp-albano-olivetti-sacre-en-double-a-gstaad\/"},"author":{"name":"S\u00e9bastien Gente","@id":"https:\/\/dicodusport.fr\/blog\/#\/schema\/person\/627966a6cde45dbd8c5e36ac85d783da"},"headline":"Circuit ATP : Albano Olivetti sacr\u00e9 en double \u00e0 Gstaad","datePublished":"2024-07-21T12:10:36+00:00","dateModified":"2024-07-21T20:22:04+00:00","mainEntityOfPage":{"@id":"https:\/\/dicodusport.fr\/blog\/circuit-atp-albano-olivetti-sacre-en-double-a-gstaad\/"},"wordCount":616,"commentCount":0,"publisher":{"@id":"https:\/\/dicodusport.fr\/blog\/#organization"},"image":{"@id":"https:\/\/dicodusport.fr\/blog\/circuit-atp-albano-olivetti-sacre-en-double-a-gstaad\/#primaryimage"},"thumbnailUrl":"https:\/\/dicodusport.fr\/blog\/wp-content\/uploads\/2024\/07\/Circuit-ATP-Albano-Olivetti-sacre-en-double-a-Gstaad.png","keywords":["br\u00e8ve"],"articleSection":["Tennis"],"inLanguage":"fr-FR","potentialAction":[{"@type":"CommentAction","name":"Comment","target":["https:\/\/dicodusport.fr\/blog\/circuit-atp-albano-olivetti-sacre-en-double-a-gstaad\/#respond"]}],"copyrightYear":"2024","copyrightHolder":{"@id":"https:\/\/dicodusport.fr\/blog\/#organization"}},{"@type":"WebPage","@id":"https:\/\/dicodusport.fr\/blog\/circuit-atp-albano-olivetti-sacre-en-double-a-gstaad\/","url":"https:\/\/dicodusport.fr\/blog\/circuit-atp-albano-olivetti-sacre-en-double-a-gstaad\/","name":"Circuit ATP : Albano Olivetti sacr\u00e9 en double \u00e0 Gstaad","isPartOf":{"@id":"https:\/\/dicodusport.fr\/blog\/#website"},"primaryImageOfPage":{"@id":"https:\/\/dicodusport.fr\/blog\/circuit-atp-albano-olivetti-sacre-en-double-a-gstaad\/#primaryimage"},"image":{"@id":"https:\/\/dicodusport.fr\/blog\/circuit-atp-albano-olivetti-sacre-en-double-a-gstaad\/#primaryimage"},"thumbnailUrl":"https:\/\/dicodusport.fr\/blog\/wp-content\/uploads\/2024\/07\/Circuit-ATP-Albano-Olivetti-sacre-en-double-a-Gstaad.png","datePublished":"2024-07-21T12:10:36+00:00","dateModified":"2024-07-21T20:22:04+00:00","description":"SAISON ATP 2024 - Trois finales de double concernaient des Fran\u00e7ais, mais un seul, Albano Olivetti, aura soulev\u00e9 le troph\u00e9e ce dimanche.","breadcrumb":{"@id":"https:\/\/dicodusport.fr\/blog\/circuit-atp-albano-olivetti-sacre-en-double-a-gstaad\/#breadcrumb"},"inLanguage":"fr-FR","potentialAction":[{"@type":"ReadAction","target":["https:\/\/dicodusport.fr\/blog\/circuit-atp-albano-olivetti-sacre-en-double-a-gstaad\/"]}]},{"@type":"ImageObject","inLanguage":"fr-FR","@id":"https:\/\/dicodusport.fr\/blog\/circuit-atp-albano-olivetti-sacre-en-double-a-gstaad\/#primaryimage","url":"https:\/\/dicodusport.fr\/blog\/wp-content\/uploads\/2024\/07\/Circuit-ATP-Albano-Olivetti-sacre-en-double-a-Gstaad.png","contentUrl":"https:\/\/dicodusport.fr\/blog\/wp-content\/uploads\/2024\/07\/Circuit-ATP-Albano-Olivetti-sacre-en-double-a-Gstaad.png","width":1200,"height":674,"caption":"Circuit ATP Albano Olivetti sacr\u00e9 en double \u00e0 Gstaad"},{"@type":"BreadcrumbList","@id":"https:\/\/dicodusport.fr\/blog\/circuit-atp-albano-olivetti-sacre-en-double-a-gstaad\/#breadcrumb","itemListElement":[{"@type":"ListItem","position":1,"name":"Accueil","item":"https:\/\/dicodusport.fr\/blog\/"},{"@type":"ListItem","position":2,"name":"Circuit ATP : Albano Olivetti sacr\u00e9 en double \u00e0 Gstaad"}]},{"@type":"WebSite","@id":"https:\/\/dicodusport.fr\/blog\/#website","url":"https:\/\/dicodusport.fr\/blog\/","name":"Dicodusport","description":"L&#039;encyclop\u00e9die de l&#039;actualit\u00e9 sportive","publisher":{"@id":"https:\/\/dicodusport.fr\/blog\/#organization"},"potentialAction":[{"@type":"SearchAction","target":{"@type":"EntryPoint","urlTemplate":"https:\/\/dicodusport.fr\/blog\/?s={search_term_string}"},"query-input":{"@type":"PropertyValueSpecification","valueRequired":true,"valueName":"search_term_string"}}],"inLanguage":"fr-FR"},{"@type":"NewsMediaOrganization","@id":"https:\/\/dicodusport.fr\/blog\/#organization","name":"Dicodusport","url":"https:\/\/dicodusport.fr\/blog\/","logo":{"@type":"ImageObject","inLanguage":"fr-FR","@id":"https:\/\/dicodusport.fr\/blog\/#\/schema\/logo\/image\/","url":"https:\/\/dicodusport.fr\/blog\/wp-content\/uploads\/2020\/06\/cropped-LOGO-DICODUSPORT-2020-SANS-FOND-SANS-TEXTE.png","contentUrl":"https:\/\/dicodusport.fr\/blog\/wp-content\/uploads\/2020\/06\/cropped-LOGO-DICODUSPORT-2020-SANS-FOND-SANS-TEXTE.png","width":512,"height":512,"caption":"Dicodusport"},"image":{"@id":"https:\/\/dicodusport.fr\/blog\/#\/schema\/logo\/image\/"},"sameAs":["https:\/\/www.facebook.com\/dicodusport","https:\/\/x.com\/dicodusport","https:\/\/www.instagram.com\/dicodusport\/","https:\/\/www.youtube.com\/channel\/UC7V2KZ5sd3htJivAbA4ZG3w"],"description":"Dicodusport est l'encyclop\u00e9die de l'actualit\u00e9 sportive.","email":"bonjour@dicodusport.fr","legalName":"DICODUSPORT","foundingDate":"2018-01-14","vatID":"FR71834470973","taxID":"83447097300043","numberOfEmployees":{"@type":"QuantitativeValue","minValue":"1","maxValue":"10"}},{"@type":"Person","@id":"https:\/\/dicodusport.fr\/blog\/#\/schema\/person\/627966a6cde45dbd8c5e36ac85d783da","name":"S\u00e9bastien Gente","image":{"@type":"ImageObject","inLanguage":"fr-FR","@id":"https:\/\/dicodusport.fr\/blog\/#\/schema\/person\/image\/","url":"https:\/\/dicodusport.fr\/blog\/wp-content\/uploads\/2021\/09\/1510990_10205810251400683_4124423575079401707_n-150x150.jpg","contentUrl":"https:\/\/dicodusport.fr\/blog\/wp-content\/uploads\/2021\/09\/1510990_10205810251400683_4124423575079401707_n-150x150.jpg","caption":"S\u00e9bastien Gente"},"description":"John Stockton, Gianni Bugno, Zinedine Zidane, Steffi Graf, Frode Andresen, St\u00e9phane Stoecklin, Davis Kamoga, Primoz Peterka, Werner Schlager et Aur\u00e9lien Rougerie. Point commun entre ces sportifs? Ils m'ont fait r\u00eaver et ont berc\u00e9 mon adolescence. Je suis un fondu de sports et j'essaie de retranscrire ma passion \u00e0 travers mes articles. Originaire du P\u00e9rigord, ma passion pour les Girondins, les Jaunards et les Jazzmen transpire dans mes \u00e9crits. \u00c0 Dicodusport depuis 2021, je d\u00e9niche les sports m\u00e9connus dans lesquels la France brille, et il y en a !","sameAs":["https:\/\/www.facebook.com\/sebastien.gente\/","https:\/\/www.instagram.com\/sebgente\/","https:\/\/www.linkedin.com\/in\/sbastien-gente-a29583169\/","https:\/\/x.com\/https:\/\/twitter.com\/globulo24","SebastienGente"],"worksFor":"S\u00e9bastien GENTE","url":"https:\/\/dicodusport.fr\/blog\/author\/sebastiengente\/"}]}},"_links":{"self":[{"href":"https:\/\/dicodusport.fr\/blog\/wp-json\/wp\/v2\/posts\/502075","targetHints":{"allow":["GET"]}}],"collection":[{"href":"https:\/\/dicodusport.fr\/blog\/wp-json\/wp\/v2\/posts"}],"about":[{"href":"https:\/\/dicodusport.fr\/blog\/wp-json\/wp\/v2\/types\/post"}],"author":[{"embeddable":true,"href":"https:\/\/dicodusport.fr\/blog\/wp-json\/wp\/v2\/users\/59"}],"replies":[{"embeddable":true,"href":"https:\/\/dicodusport.fr\/blog\/wp-json\/wp\/v2\/comments?post=502075"}],"version-history":[{"count":2,"href":"https:\/\/dicodusport.fr\/blog\/wp-json\/wp\/v2\/posts\/502075\/revisions"}],"predecessor-version":[{"id":502297,"href":"https:\/\/dicodusport.fr\/blog\/wp-json\/wp\/v2\/posts\/502075\/revisions\/502297"}],"wp:featuredmedia":[{"embeddable":true,"href":"https:\/\/dicodusport.fr\/blog\/wp-json\/wp\/v2\/media\/502122"}],"wp:attachment":[{"href":"https:\/\/dicodusport.fr\/blog\/wp-json\/wp\/v2\/media?parent=502075"}],"wp:term":[{"taxonomy":"category","embeddable":true,"href":"https:\/\/dicodusport.fr\/blog\/wp-json\/wp\/v2\/categories?post=502075"},{"taxonomy":"post_tag","embeddable":true,"href":"https:\/\/dicodusport.fr\/blog\/wp-json\/wp\/v2\/tags?post=502075"}],"curies":[{"name":"wp","href":"https:\/\/api.w.org\/{rel}","templated":true}]}}