{"id":502105,"date":"2024-07-21T13:37:25","date_gmt":"2024-07-21T11:37:25","guid":{"rendered":"https:\/\/dicodusport.fr\/blog\/?p=502105&#038;preview=true&#038;preview_id=502105"},"modified":"2024-07-21T18:52:29","modified_gmt":"2024-07-21T16:52:29","slug":"endurance-johann-zarco-simpose-aux-8-heures-de-suzuka","status":"publish","type":"post","link":"https:\/\/dicodusport.fr\/blog\/endurance-johann-zarco-simpose-aux-8-heures-de-suzuka\/","title":{"rendered":"Endurance : Johann Zarco s&rsquo;impose aux 8 heures moto de Suzuka"},"content":{"rendered":"<p style=\"text-align: justify;\"><em><strong>ENDURANCE &#8211; Johann Zarco a profit\u00e9 de la pause en MotoGP pour d\u00e9crocher l&rsquo;une des plus belles victoires de sa carri\u00e8re ce dimanche. Le pilote tricolore s&rsquo;est impos\u00e9 sur les 8 heures de Suzuka avec l&rsquo;\u00e9quipage Honda.<\/strong><\/em><\/p>\n<ul>\n<li><strong>A lire aussi : <a href=\"https:\/\/dicodusport.fr\/blog\/8-heures-de-suzuka-motos-2024-classement-en-direct\/\">8 heures de Suzuka Motos 2024 &#8211; Classement en direct<\/a><\/strong><\/li>\n<\/ul>\n<p style=\"text-align: justify;\">Entre le Grand Prix d&rsquo;Allemagne disput\u00e9 le 7 juillet dernier et le Grand Prix de Grande-Bretagne, pr\u00e9vu le 4 ao\u00fbt, le championnat du monde MotoGP fait sa pause estivale. Pendant ce temps-l\u00e0, certains pilotes en profitent pour se faire des petits plaisirs dans d&rsquo;autres cat\u00e9gories. C&rsquo;est notamment le cas du Fran\u00e7ais<strong> Johann Zarco<\/strong>.<\/p>\n<h2>Une victoire de prestige pour Johann Zarco<\/h2>\n<p style=\"text-align: justify;\">Depuis le d\u00e9but de la saison, le Tricolore souffre du manque de performance de sa LCR Honda, et pointe \u00e0 la 19e place du <a href=\"https:\/\/dicodusport.fr\/blog\/motogp-2024-classement-championnat-du-monde-des-pilotes\/\">classement pilote<\/a> avec 12 points. Au milieu d&rsquo;une ann\u00e9e sans saveur, il s&rsquo;est offert une v\u00e9ritable bouff\u00e9e d&rsquo;oxyg\u00e8ne en terres japonaises ce weekend. Ainsi, il a pris part aux mythiques <strong>8 heures de Suzuka<\/strong>, au sein d&rsquo;une \u00e9quipe de l&rsquo;\u00e9curie <strong>Honda<\/strong>. Avec <strong>Takumi Takahashi<\/strong> et <strong>Teppei Nagoe<\/strong>, le Tricolore avait de r\u00e9elles chances de d\u00e9crocher un succ\u00e8s prestigieux. Ce qu&rsquo;ils ont fait avec brio. Le trio a ainsi attendu le 11e tour pour s&#8217;emparer de la t\u00eate avant de ma\u00eetriser jusqu&rsquo;au bout en creusant progressivement son avance sur la Yamaha.<\/p>\n<p style=\"text-align: justify;\">Pourtant, le r\u00eave aurait pu s&rsquo;envoler, la faute \u00e0 une p\u00e9nalit\u00e9 de 40 secondes conc\u00e9d\u00e9e suite \u00e0 une erreur d&rsquo;un m\u00e9canicien. Mais l&rsquo;avance \u00e9tait d\u00e9j\u00e0 suffisante pour finalement rallier la ligne avec un peu moins de 8 secondes d&rsquo;avance sur la <strong>Yart-Yamaha<\/strong>. A plus d&rsquo;un tour, la <strong>Yoshimura SERT Motul<\/strong> compl\u00e8te le podium de l&rsquo;\u00e9preuve.<\/p>\n<p style=\"text-align: justify;\">Exactement dix mois apr\u00e8s son <a href=\"https:\/\/dicodusport.fr\/blog\/motogp-australie-2023-johann-zarco-remporte-son-premier-grand-prix-dans-la-categorie\/\">premier et unique succ\u00e8s en MotoGP<\/a> sur le Grand Prix d&rsquo;Australie, <strong>Johann Zarco<\/strong> d\u00e9croche l\u00e0 une deuxi\u00e8me tr\u00e8s grande victoire dans sa carri\u00e8re, et reprend de la confiance avant d&rsquo;aborder la seconde partie du championnat du monde.<\/p>\n<blockquote class=\"twitter-tweet\">\n<p dir=\"ltr\" lang=\"fr\">Le Team Honda HRC remporte pour la troisi\u00e8me fois d&rsquo;affil\u00e9e les 8 heures de Suzuka, malgr\u00e9 une p\u00e9nalit\u00e9 de 40 secondes sur la fin de course !<\/p>\n<p>Et c&rsquo;est aussi une victoire \u00e0 sa premi\u00e8re participation pour Johann Zarco ! <a href=\"https:\/\/twitter.com\/hashtag\/lequipeMOTO?src=hash&amp;ref_src=twsrc%5Etfw\">#lequipeMOTO<\/a> <a href=\"https:\/\/t.co\/X8N4sD3Qxr\">pic.twitter.com\/X8N4sD3Qxr<\/a><\/p>\n<p>\u2014 la chaine L&rsquo;\u00c9quipe (@lachainelequipe) <a href=\"https:\/\/twitter.com\/lachainelequipe\/status\/1814973423493276026?ref_src=twsrc%5Etfw\">July 21, 2024<\/a><\/p><\/blockquote>\n<p><script async src=\"https:\/\/platform.twitter.com\/widgets.js\" charset=\"utf-8\"><\/script><\/p>\n","protected":false},"excerpt":{"rendered":"<p>ENDURANCE &#8211; Johann Zarco a profit\u00e9 de la pause en MotoGP pour d\u00e9crocher l&rsquo;une des plus belles victoires de sa carri\u00e8re ce dimanche. Le pilote tricolore s&rsquo;est impos\u00e9 sur les 8 heures de Suzuka avec une Honda.<\/p>\n","protected":false},"author":55,"featured_media":502110,"comment_status":"open","ping_status":"closed","sticky":false,"template":"","format":"standard","meta":{"_acf_changed":false,"_daextam_enable_autolinks":"1","footnotes":""},"categories":[16331],"tags":[16878,4768,9032,4734,843],"class_list":["post-502105","post","type-post","status-publish","format-standard","has-post-thumbnail","hentry","category-endurance","tag-breve","tag-endurance","tag-honda","tag-johann-zarco","tag-moto"],"acf":[],"yoast_head":"<!-- This site is optimized with the Yoast SEO Premium plugin v26.7 (Yoast SEO v26.7) - https:\/\/yoast.com\/wordpress\/plugins\/seo\/ -->\n<title>Endurance : Johann Zarco s&#039;impose aux 8 heures moto de Suzuka<\/title>\n<meta name=\"description\" content=\"ENDURANCE - Le Fran\u00e7ais Johann Zarco a remport\u00e9 les 8 heures de Suzuka avec une moto Honda ce dimanche matin.\" \/>\n<meta name=\"robots\" content=\"index, follow, max-snippet:-1, max-image-preview:large, max-video-preview:-1\" \/>\n<link rel=\"canonical\" href=\"https:\/\/dicodusport.fr\/blog\/endurance-johann-zarco-simpose-aux-8-heures-de-suzuka\/\" \/>\n<meta property=\"og:locale\" content=\"fr_FR\" \/>\n<meta property=\"og:type\" content=\"article\" \/>\n<meta property=\"og:title\" content=\"Endurance : Johann Zarco s&#039;impose aux 8 heures moto de Suzuka\" \/>\n<meta property=\"og:description\" content=\"ENDURANCE - Le Fran\u00e7ais Johann Zarco a remport\u00e9 les 8 heures de Suzuka avec une moto Honda ce dimanche matin.\" \/>\n<meta property=\"og:url\" content=\"https:\/\/dicodusport.fr\/blog\/endurance-johann-zarco-simpose-aux-8-heures-de-suzuka\/\" \/>\n<meta property=\"og:site_name\" content=\"Dicodusport\" \/>\n<meta property=\"article:publisher\" content=\"https:\/\/www.facebook.com\/dicodusport\" \/>\n<meta property=\"article:published_time\" content=\"2024-07-21T11:37:25+00:00\" \/>\n<meta property=\"article:modified_time\" content=\"2024-07-21T16:52:29+00:00\" \/>\n<meta property=\"og:image\" content=\"https:\/\/dicodusport.fr\/blog\/wp-content\/uploads\/2024\/07\/Endurance-Johann-Zarco-simpose-aux-8-heures-de-Suzuka.png\" \/>\n\t<meta property=\"og:image:width\" content=\"1200\" \/>\n\t<meta property=\"og:image:height\" content=\"674\" \/>\n\t<meta property=\"og:image:type\" content=\"image\/png\" \/>\n<meta name=\"author\" content=\"Maxime Cazenave\" \/>\n<meta name=\"twitter:card\" content=\"summary_large_image\" \/>\n<meta name=\"twitter:title\" content=\"Endurance : Johann Zarco s&#039;impose aux 8 heures moto de Suzuka\" \/>\n<meta name=\"twitter:creator\" content=\"@https:\/\/twitter.com\/Maxime_Caze\" \/>\n<meta name=\"twitter:site\" content=\"@dicodusport\" \/>\n<script type=\"application\/ld+json\" class=\"yoast-schema-graph\">{\"@context\":\"https:\/\/schema.org\",\"@graph\":[{\"@type\":\"NewsArticle\",\"@id\":\"https:\/\/dicodusport.fr\/blog\/endurance-johann-zarco-simpose-aux-8-heures-de-suzuka\/#article\",\"isPartOf\":{\"@id\":\"https:\/\/dicodusport.fr\/blog\/endurance-johann-zarco-simpose-aux-8-heures-de-suzuka\/\"},\"author\":{\"name\":\"Maxime Cazenave\",\"@id\":\"https:\/\/dicodusport.fr\/blog\/#\/schema\/person\/37def232098a7a5cbab3974a3690abb0\"},\"headline\":\"Endurance : Johann Zarco s&rsquo;impose aux 8 heures moto de Suzuka\",\"datePublished\":\"2024-07-21T11:37:25+00:00\",\"dateModified\":\"2024-07-21T16:52:29+00:00\",\"mainEntityOfPage\":{\"@id\":\"https:\/\/dicodusport.fr\/blog\/endurance-johann-zarco-simpose-aux-8-heures-de-suzuka\/\"},\"wordCount\":425,\"commentCount\":0,\"publisher\":{\"@id\":\"https:\/\/dicodusport.fr\/blog\/#organization\"},\"image\":{\"@id\":\"https:\/\/dicodusport.fr\/blog\/endurance-johann-zarco-simpose-aux-8-heures-de-suzuka\/#primaryimage\"},\"thumbnailUrl\":\"https:\/\/dicodusport.fr\/blog\/wp-content\/uploads\/2024\/07\/Endurance-Johann-Zarco-simpose-aux-8-heures-de-Suzuka.png\",\"keywords\":[\"br\u00e8ve\",\"Endurance\",\"Honda\",\"Johann Zarco\",\"moto\"],\"articleSection\":[\"Endurance\"],\"inLanguage\":\"fr-FR\",\"potentialAction\":[{\"@type\":\"CommentAction\",\"name\":\"Comment\",\"target\":[\"https:\/\/dicodusport.fr\/blog\/endurance-johann-zarco-simpose-aux-8-heures-de-suzuka\/#respond\"]}],\"copyrightYear\":\"2024\",\"copyrightHolder\":{\"@id\":\"https:\/\/dicodusport.fr\/blog\/#organization\"}},{\"@type\":\"WebPage\",\"@id\":\"https:\/\/dicodusport.fr\/blog\/endurance-johann-zarco-simpose-aux-8-heures-de-suzuka\/\",\"url\":\"https:\/\/dicodusport.fr\/blog\/endurance-johann-zarco-simpose-aux-8-heures-de-suzuka\/\",\"name\":\"Endurance : Johann Zarco s'impose aux 8 heures moto de Suzuka\",\"isPartOf\":{\"@id\":\"https:\/\/dicodusport.fr\/blog\/#website\"},\"primaryImageOfPage\":{\"@id\":\"https:\/\/dicodusport.fr\/blog\/endurance-johann-zarco-simpose-aux-8-heures-de-suzuka\/#primaryimage\"},\"image\":{\"@id\":\"https:\/\/dicodusport.fr\/blog\/endurance-johann-zarco-simpose-aux-8-heures-de-suzuka\/#primaryimage\"},\"thumbnailUrl\":\"https:\/\/dicodusport.fr\/blog\/wp-content\/uploads\/2024\/07\/Endurance-Johann-Zarco-simpose-aux-8-heures-de-Suzuka.png\",\"datePublished\":\"2024-07-21T11:37:25+00:00\",\"dateModified\":\"2024-07-21T16:52:29+00:00\",\"description\":\"ENDURANCE - Le Fran\u00e7ais Johann Zarco a remport\u00e9 les 8 heures de Suzuka avec une moto Honda ce dimanche matin.\",\"breadcrumb\":{\"@id\":\"https:\/\/dicodusport.fr\/blog\/endurance-johann-zarco-simpose-aux-8-heures-de-suzuka\/#breadcrumb\"},\"inLanguage\":\"fr-FR\",\"potentialAction\":[{\"@type\":\"ReadAction\",\"target\":[\"https:\/\/dicodusport.fr\/blog\/endurance-johann-zarco-simpose-aux-8-heures-de-suzuka\/\"]}]},{\"@type\":\"ImageObject\",\"inLanguage\":\"fr-FR\",\"@id\":\"https:\/\/dicodusport.fr\/blog\/endurance-johann-zarco-simpose-aux-8-heures-de-suzuka\/#primaryimage\",\"url\":\"https:\/\/dicodusport.fr\/blog\/wp-content\/uploads\/2024\/07\/Endurance-Johann-Zarco-simpose-aux-8-heures-de-Suzuka.png\",\"contentUrl\":\"https:\/\/dicodusport.fr\/blog\/wp-content\/uploads\/2024\/07\/Endurance-Johann-Zarco-simpose-aux-8-heures-de-Suzuka.png\",\"width\":1200,\"height\":674,\"caption\":\"Endurance : Johann Zarco s'impose aux 8 heures de Suzuka\"},{\"@type\":\"BreadcrumbList\",\"@id\":\"https:\/\/dicodusport.fr\/blog\/endurance-johann-zarco-simpose-aux-8-heures-de-suzuka\/#breadcrumb\",\"itemListElement\":[{\"@type\":\"ListItem\",\"position\":1,\"name\":\"Accueil\",\"item\":\"https:\/\/dicodusport.fr\/blog\/\"},{\"@type\":\"ListItem\",\"position\":2,\"name\":\"Endurance : Johann Zarco s&#8217;impose aux 8 heures moto de Suzuka\"}]},{\"@type\":\"WebSite\",\"@id\":\"https:\/\/dicodusport.fr\/blog\/#website\",\"url\":\"https:\/\/dicodusport.fr\/blog\/\",\"name\":\"Dicodusport\",\"description\":\"L&#039;encyclop\u00e9die de l&#039;actualit\u00e9 sportive\",\"publisher\":{\"@id\":\"https:\/\/dicodusport.fr\/blog\/#organization\"},\"potentialAction\":[{\"@type\":\"SearchAction\",\"target\":{\"@type\":\"EntryPoint\",\"urlTemplate\":\"https:\/\/dicodusport.fr\/blog\/?s={search_term_string}\"},\"query-input\":{\"@type\":\"PropertyValueSpecification\",\"valueRequired\":true,\"valueName\":\"search_term_string\"}}],\"inLanguage\":\"fr-FR\"},{\"@type\":\"NewsMediaOrganization\",\"@id\":\"https:\/\/dicodusport.fr\/blog\/#organization\",\"name\":\"Dicodusport\",\"url\":\"https:\/\/dicodusport.fr\/blog\/\",\"logo\":{\"@type\":\"ImageObject\",\"inLanguage\":\"fr-FR\",\"@id\":\"https:\/\/dicodusport.fr\/blog\/#\/schema\/logo\/image\/\",\"url\":\"https:\/\/dicodusport.fr\/blog\/wp-content\/uploads\/2020\/06\/cropped-LOGO-DICODUSPORT-2020-SANS-FOND-SANS-TEXTE.png\",\"contentUrl\":\"https:\/\/dicodusport.fr\/blog\/wp-content\/uploads\/2020\/06\/cropped-LOGO-DICODUSPORT-2020-SANS-FOND-SANS-TEXTE.png\",\"width\":512,\"height\":512,\"caption\":\"Dicodusport\"},\"image\":{\"@id\":\"https:\/\/dicodusport.fr\/blog\/#\/schema\/logo\/image\/\"},\"sameAs\":[\"https:\/\/www.facebook.com\/dicodusport\",\"https:\/\/x.com\/dicodusport\",\"https:\/\/www.instagram.com\/dicodusport\/\",\"https:\/\/www.youtube.com\/channel\/UC7V2KZ5sd3htJivAbA4ZG3w\"],\"description\":\"Dicodusport est l'encyclop\u00e9die de l'actualit\u00e9 sportive.\",\"email\":\"bonjour@dicodusport.fr\",\"legalName\":\"DICODUSPORT\",\"foundingDate\":\"2018-01-14\",\"vatID\":\"FR71834470973\",\"taxID\":\"83447097300043\",\"numberOfEmployees\":{\"@type\":\"QuantitativeValue\",\"minValue\":\"1\",\"maxValue\":\"10\"}},{\"@type\":\"Person\",\"@id\":\"https:\/\/dicodusport.fr\/blog\/#\/schema\/person\/37def232098a7a5cbab3974a3690abb0\",\"name\":\"Maxime Cazenave\",\"image\":{\"@type\":\"ImageObject\",\"inLanguage\":\"fr-FR\",\"@id\":\"https:\/\/dicodusport.fr\/blog\/#\/schema\/person\/image\/\",\"url\":\"https:\/\/dicodusport.fr\/blog\/wp-content\/uploads\/2021\/05\/Maxime-Cazenave-150x150.jpg\",\"contentUrl\":\"https:\/\/dicodusport.fr\/blog\/wp-content\/uploads\/2021\/05\/Maxime-Cazenave-150x150.jpg\",\"caption\":\"Maxime Cazenave\"},\"description\":\"Journaliste\/R\u00e9dacteur depuis 2012 - Berc\u00e9 par l\u2019amour des Girondins de Bordeaux, les \u00e9checs de Christophe Moreau sur le Tour de France sous l'\u00e8re Lance Armstrong et le fade-away l\u00e9tal de Dirk Nowitzki, ma passion d\u00e9vorante pour le sport a toujours \u00e9t\u00e9 un pan incontournable de ma vie. Transmettre ma passion \u00e0 l\u2019\u00e9crit a \u00e9t\u00e9 une transition naturelle. Suiveur assidu de basket et de hockey sur glace, je garde toujours un peu de place pour suivre le cyclisme, le football et le maximum de performances fran\u00e7aises.\",\"sameAs\":[\"https:\/\/x.com\/https:\/\/twitter.com\/Maxime_Caze\"],\"url\":\"https:\/\/dicodusport.fr\/blog\/author\/maximec\/\"}]}<\/script>\n<!-- \/ Yoast SEO Premium plugin. -->","yoast_head_json":{"title":"Endurance : Johann Zarco s'impose aux 8 heures moto de Suzuka","description":"ENDURANCE - Le Fran\u00e7ais Johann Zarco a remport\u00e9 les 8 heures de Suzuka avec une moto Honda ce dimanche matin.","robots":{"index":"index","follow":"follow","max-snippet":"max-snippet:-1","max-image-preview":"max-image-preview:large","max-video-preview":"max-video-preview:-1"},"canonical":"https:\/\/dicodusport.fr\/blog\/endurance-johann-zarco-simpose-aux-8-heures-de-suzuka\/","og_locale":"fr_FR","og_type":"article","og_title":"Endurance : Johann Zarco s'impose aux 8 heures moto de Suzuka","og_description":"ENDURANCE - Le Fran\u00e7ais Johann Zarco a remport\u00e9 les 8 heures de Suzuka avec une moto Honda ce dimanche matin.","og_url":"https:\/\/dicodusport.fr\/blog\/endurance-johann-zarco-simpose-aux-8-heures-de-suzuka\/","og_site_name":"Dicodusport","article_publisher":"https:\/\/www.facebook.com\/dicodusport","article_published_time":"2024-07-21T11:37:25+00:00","article_modified_time":"2024-07-21T16:52:29+00:00","og_image":[{"width":1200,"height":674,"url":"https:\/\/dicodusport.fr\/blog\/wp-content\/uploads\/2024\/07\/Endurance-Johann-Zarco-simpose-aux-8-heures-de-Suzuka.png","type":"image\/png"}],"author":"Maxime Cazenave","twitter_card":"summary_large_image","twitter_title":"Endurance : Johann Zarco s'impose aux 8 heures moto de Suzuka","twitter_creator":"@https:\/\/twitter.com\/Maxime_Caze","twitter_site":"@dicodusport","schema":{"@context":"https:\/\/schema.org","@graph":[{"@type":"NewsArticle","@id":"https:\/\/dicodusport.fr\/blog\/endurance-johann-zarco-simpose-aux-8-heures-de-suzuka\/#article","isPartOf":{"@id":"https:\/\/dicodusport.fr\/blog\/endurance-johann-zarco-simpose-aux-8-heures-de-suzuka\/"},"author":{"name":"Maxime Cazenave","@id":"https:\/\/dicodusport.fr\/blog\/#\/schema\/person\/37def232098a7a5cbab3974a3690abb0"},"headline":"Endurance : Johann Zarco s&rsquo;impose aux 8 heures moto de Suzuka","datePublished":"2024-07-21T11:37:25+00:00","dateModified":"2024-07-21T16:52:29+00:00","mainEntityOfPage":{"@id":"https:\/\/dicodusport.fr\/blog\/endurance-johann-zarco-simpose-aux-8-heures-de-suzuka\/"},"wordCount":425,"commentCount":0,"publisher":{"@id":"https:\/\/dicodusport.fr\/blog\/#organization"},"image":{"@id":"https:\/\/dicodusport.fr\/blog\/endurance-johann-zarco-simpose-aux-8-heures-de-suzuka\/#primaryimage"},"thumbnailUrl":"https:\/\/dicodusport.fr\/blog\/wp-content\/uploads\/2024\/07\/Endurance-Johann-Zarco-simpose-aux-8-heures-de-Suzuka.png","keywords":["br\u00e8ve","Endurance","Honda","Johann Zarco","moto"],"articleSection":["Endurance"],"inLanguage":"fr-FR","potentialAction":[{"@type":"CommentAction","name":"Comment","target":["https:\/\/dicodusport.fr\/blog\/endurance-johann-zarco-simpose-aux-8-heures-de-suzuka\/#respond"]}],"copyrightYear":"2024","copyrightHolder":{"@id":"https:\/\/dicodusport.fr\/blog\/#organization"}},{"@type":"WebPage","@id":"https:\/\/dicodusport.fr\/blog\/endurance-johann-zarco-simpose-aux-8-heures-de-suzuka\/","url":"https:\/\/dicodusport.fr\/blog\/endurance-johann-zarco-simpose-aux-8-heures-de-suzuka\/","name":"Endurance : Johann Zarco s'impose aux 8 heures moto de Suzuka","isPartOf":{"@id":"https:\/\/dicodusport.fr\/blog\/#website"},"primaryImageOfPage":{"@id":"https:\/\/dicodusport.fr\/blog\/endurance-johann-zarco-simpose-aux-8-heures-de-suzuka\/#primaryimage"},"image":{"@id":"https:\/\/dicodusport.fr\/blog\/endurance-johann-zarco-simpose-aux-8-heures-de-suzuka\/#primaryimage"},"thumbnailUrl":"https:\/\/dicodusport.fr\/blog\/wp-content\/uploads\/2024\/07\/Endurance-Johann-Zarco-simpose-aux-8-heures-de-Suzuka.png","datePublished":"2024-07-21T11:37:25+00:00","dateModified":"2024-07-21T16:52:29+00:00","description":"ENDURANCE - Le Fran\u00e7ais Johann Zarco a remport\u00e9 les 8 heures de Suzuka avec une moto Honda ce dimanche matin.","breadcrumb":{"@id":"https:\/\/dicodusport.fr\/blog\/endurance-johann-zarco-simpose-aux-8-heures-de-suzuka\/#breadcrumb"},"inLanguage":"fr-FR","potentialAction":[{"@type":"ReadAction","target":["https:\/\/dicodusport.fr\/blog\/endurance-johann-zarco-simpose-aux-8-heures-de-suzuka\/"]}]},{"@type":"ImageObject","inLanguage":"fr-FR","@id":"https:\/\/dicodusport.fr\/blog\/endurance-johann-zarco-simpose-aux-8-heures-de-suzuka\/#primaryimage","url":"https:\/\/dicodusport.fr\/blog\/wp-content\/uploads\/2024\/07\/Endurance-Johann-Zarco-simpose-aux-8-heures-de-Suzuka.png","contentUrl":"https:\/\/dicodusport.fr\/blog\/wp-content\/uploads\/2024\/07\/Endurance-Johann-Zarco-simpose-aux-8-heures-de-Suzuka.png","width":1200,"height":674,"caption":"Endurance : Johann Zarco s'impose aux 8 heures de Suzuka"},{"@type":"BreadcrumbList","@id":"https:\/\/dicodusport.fr\/blog\/endurance-johann-zarco-simpose-aux-8-heures-de-suzuka\/#breadcrumb","itemListElement":[{"@type":"ListItem","position":1,"name":"Accueil","item":"https:\/\/dicodusport.fr\/blog\/"},{"@type":"ListItem","position":2,"name":"Endurance : Johann Zarco s&#8217;impose aux 8 heures moto de Suzuka"}]},{"@type":"WebSite","@id":"https:\/\/dicodusport.fr\/blog\/#website","url":"https:\/\/dicodusport.fr\/blog\/","name":"Dicodusport","description":"L&#039;encyclop\u00e9die de l&#039;actualit\u00e9 sportive","publisher":{"@id":"https:\/\/dicodusport.fr\/blog\/#organization"},"potentialAction":[{"@type":"SearchAction","target":{"@type":"EntryPoint","urlTemplate":"https:\/\/dicodusport.fr\/blog\/?s={search_term_string}"},"query-input":{"@type":"PropertyValueSpecification","valueRequired":true,"valueName":"search_term_string"}}],"inLanguage":"fr-FR"},{"@type":"NewsMediaOrganization","@id":"https:\/\/dicodusport.fr\/blog\/#organization","name":"Dicodusport","url":"https:\/\/dicodusport.fr\/blog\/","logo":{"@type":"ImageObject","inLanguage":"fr-FR","@id":"https:\/\/dicodusport.fr\/blog\/#\/schema\/logo\/image\/","url":"https:\/\/dicodusport.fr\/blog\/wp-content\/uploads\/2020\/06\/cropped-LOGO-DICODUSPORT-2020-SANS-FOND-SANS-TEXTE.png","contentUrl":"https:\/\/dicodusport.fr\/blog\/wp-content\/uploads\/2020\/06\/cropped-LOGO-DICODUSPORT-2020-SANS-FOND-SANS-TEXTE.png","width":512,"height":512,"caption":"Dicodusport"},"image":{"@id":"https:\/\/dicodusport.fr\/blog\/#\/schema\/logo\/image\/"},"sameAs":["https:\/\/www.facebook.com\/dicodusport","https:\/\/x.com\/dicodusport","https:\/\/www.instagram.com\/dicodusport\/","https:\/\/www.youtube.com\/channel\/UC7V2KZ5sd3htJivAbA4ZG3w"],"description":"Dicodusport est l'encyclop\u00e9die de l'actualit\u00e9 sportive.","email":"bonjour@dicodusport.fr","legalName":"DICODUSPORT","foundingDate":"2018-01-14","vatID":"FR71834470973","taxID":"83447097300043","numberOfEmployees":{"@type":"QuantitativeValue","minValue":"1","maxValue":"10"}},{"@type":"Person","@id":"https:\/\/dicodusport.fr\/blog\/#\/schema\/person\/37def232098a7a5cbab3974a3690abb0","name":"Maxime Cazenave","image":{"@type":"ImageObject","inLanguage":"fr-FR","@id":"https:\/\/dicodusport.fr\/blog\/#\/schema\/person\/image\/","url":"https:\/\/dicodusport.fr\/blog\/wp-content\/uploads\/2021\/05\/Maxime-Cazenave-150x150.jpg","contentUrl":"https:\/\/dicodusport.fr\/blog\/wp-content\/uploads\/2021\/05\/Maxime-Cazenave-150x150.jpg","caption":"Maxime Cazenave"},"description":"Journaliste\/R\u00e9dacteur depuis 2012 - Berc\u00e9 par l\u2019amour des Girondins de Bordeaux, les \u00e9checs de Christophe Moreau sur le Tour de France sous l'\u00e8re Lance Armstrong et le fade-away l\u00e9tal de Dirk Nowitzki, ma passion d\u00e9vorante pour le sport a toujours \u00e9t\u00e9 un pan incontournable de ma vie. Transmettre ma passion \u00e0 l\u2019\u00e9crit a \u00e9t\u00e9 une transition naturelle. Suiveur assidu de basket et de hockey sur glace, je garde toujours un peu de place pour suivre le cyclisme, le football et le maximum de performances fran\u00e7aises.","sameAs":["https:\/\/x.com\/https:\/\/twitter.com\/Maxime_Caze"],"url":"https:\/\/dicodusport.fr\/blog\/author\/maximec\/"}]}},"_links":{"self":[{"href":"https:\/\/dicodusport.fr\/blog\/wp-json\/wp\/v2\/posts\/502105","targetHints":{"allow":["GET"]}}],"collection":[{"href":"https:\/\/dicodusport.fr\/blog\/wp-json\/wp\/v2\/posts"}],"about":[{"href":"https:\/\/dicodusport.fr\/blog\/wp-json\/wp\/v2\/types\/post"}],"author":[{"embeddable":true,"href":"https:\/\/dicodusport.fr\/blog\/wp-json\/wp\/v2\/users\/55"}],"replies":[{"embeddable":true,"href":"https:\/\/dicodusport.fr\/blog\/wp-json\/wp\/v2\/comments?post=502105"}],"version-history":[{"count":5,"href":"https:\/\/dicodusport.fr\/blog\/wp-json\/wp\/v2\/posts\/502105\/revisions"}],"predecessor-version":[{"id":502214,"href":"https:\/\/dicodusport.fr\/blog\/wp-json\/wp\/v2\/posts\/502105\/revisions\/502214"}],"wp:featuredmedia":[{"embeddable":true,"href":"https:\/\/dicodusport.fr\/blog\/wp-json\/wp\/v2\/media\/502110"}],"wp:attachment":[{"href":"https:\/\/dicodusport.fr\/blog\/wp-json\/wp\/v2\/media?parent=502105"}],"wp:term":[{"taxonomy":"category","embeddable":true,"href":"https:\/\/dicodusport.fr\/blog\/wp-json\/wp\/v2\/categories?post=502105"},{"taxonomy":"post_tag","embeddable":true,"href":"https:\/\/dicodusport.fr\/blog\/wp-json\/wp\/v2\/tags?post=502105"}],"curies":[{"name":"wp","href":"https:\/\/api.w.org\/{rel}","templated":true}]}}