{"id":502147,"date":"2024-07-21T17:32:32","date_gmt":"2024-07-21T15:32:32","guid":{"rendered":"https:\/\/dicodusport.fr\/blog\/?p=502147&#038;preview=true&#038;preview_id=502147"},"modified":"2024-07-21T18:50:21","modified_gmt":"2024-07-21T16:50:21","slug":"championnats-deurope-u18-dathletisme-2024-emmanuel-idinna-en-or-au-triple-saut","status":"publish","type":"post","link":"https:\/\/dicodusport.fr\/blog\/championnats-deurope-u18-dathletisme-2024-emmanuel-idinna-en-or-au-triple-saut\/","title":{"rendered":"Championnats d&rsquo;Europe U18 d&rsquo;athl\u00e9tisme 2024 : Emmanuel Idinna en or au triple saut"},"content":{"rendered":"<p style=\"text-align: justify;\"><strong><em><a href=\"https:\/\/dicodusport.fr\/definition-sport\/athletisme\/\" target=\"_blank\" rel=\"noopener\">ATHL\u00c9TISME<\/a> &#8211; Emmanuel Idinna a remport\u00e9 la m\u00e9daille d&rsquo;or au triple saut, lors des championnats d&rsquo;Europe U18. Le Fran\u00e7ais a explos\u00e9 son record personnel, avec un bond \u00e0 15.85 m, r\u00e9alis\u00e9 \u00e0 son dernier essai. C&rsquo;est la deuxi\u00e8me m\u00e9daille d&rsquo;or pour les Bleuets et la neuvi\u00e8me m\u00e9daille en tout.<\/em><\/strong><\/p>\n<ul>\n<li style=\"text-align: justify;\"><strong>\u00c0 ce sujet &#8211; <a href=\"https:\/\/dicodusport.fr\/blog\/calendrier-et-resultats-championnats-deurope-cadets-u18-dathletisme-2024\/\">Calendrier et r\u00e9sultats championnats d&rsquo;Europe cadets<\/a><\/strong><\/li>\n<\/ul>\n<p style=\"text-align: justify;\"><strong>Emmanuel Idinna<\/strong> aura v\u00e9cu un r\u00eave dans ces championnats d&rsquo;Europe, avec un record personnel explos\u00e9 par deux fois et une m\u00e9daille d&rsquo;or au triple saut, la deuxi\u00e8me pour le clan tricolore et d\u00e9j\u00e0 la 9e m\u00e9daille depuis le d\u00e9but des championnats d&rsquo;Europe jeudi dernier. Et encore une fois, c&rsquo;est un outsider qui s&rsquo;est impos\u00e9 comme m\u00e9daillable. Loin d&rsquo;\u00eatre favori \u00e0 une m\u00e9daille, le Fran\u00e7ais a d\u00e9jou\u00e9 tous les pronostics, que ce soit dans son concours de qualification ou lors de la finale. Il a su se transcender, en explosant une nouvelle fois son record, avec un bond \u00e0 15.85 m, pour damer le pion \u00e0 la concurrence.<\/p>\n<p style=\"text-align: justify;\">Le Fran\u00e7ais, premier \u00e0 s&rsquo;\u00e9lancer dans le concours, a annonc\u00e9 la couleur, en battant son record personnel, d\u00e9j\u00e0 battu lors du concours de qualification, en retombant \u00e0 15.36 m, malgr\u00e9 un net vent d\u00e9favorable (-1.7 m\/s). En t\u00eate \u00e0 l&rsquo;issue du premier essai, il a encore plus assomm\u00e9 le concours, malgr\u00e9 un vent d\u00e9favorable encore plus fort (-2.2 m\/s) il retombe \u00e0 15.57 m, am\u00e9liorant la meilleure performance europ\u00e9enne de l&rsquo;ann\u00e9e. Et au fil des essais, personne n&rsquo;a r\u00e9ussi \u00e0 se rapprocher d&rsquo;<strong>Emmanuel Idinna<\/strong>. Jusqu&rsquo;au 4e essai de <strong>Francesco<\/strong> <strong>Efeosa Crotti,<\/strong> qui est venu, lui aussi, exploser son record de 32 cm pour le porter \u00e0 15.49 m. Et relancer cette finale. D&rsquo;autant que le Fran\u00e7ais mord son 3e essai et ne retombe qu&rsquo;\u00e0 14.88 m \u00e0 son 4e essai.<\/p>\n<p style=\"text-align: justify;\">Le 5e essai ne changera rien, avec les quatre meilleurs qui mordent leur essai. Et le sixi\u00e8me essai ne renversera pas le cours de l&rsquo;histoire. Huit ans apr\u00e8s M<strong>artin Lamou<\/strong>, un Fran\u00e7ais est de nouveau champion d&rsquo;Europe cadets du triple saut. Et <strong>Emmanuel Idinna<\/strong> apporte une \u00e9norme cerise sur le g\u00e2teau. En explosant une nouvelle fois son record personnel au dernier essai en retombant \u00e0 15.85 m. Devenant le 5e fran\u00e7ais de tous les temps chez les U18. Et r\u00e9alisant les minima pour les Mondiaux U20.<\/p>\n<blockquote class=\"twitter-tweet\">\n<p dir=\"ltr\" lang=\"fr\">\ud83e\udd47 CHAMPION D&rsquo;EUROPE U18 !<\/p>\n<p>\ud83c\udde8\ud83c\uddf5 Emmanuel Idinna d\u00e9croche la m\u00e9daille d&rsquo;or du triple saut en retombant \u00e0 15,85 m (-2.0) \u00e0 son dernier essai \u00e0 <a href=\"https:\/\/twitter.com\/hashtag\/BanskaBystrica2024?src=hash&amp;ref_src=twsrc%5Etfw\">#BanskaBystrica2024<\/a> !<\/p>\n<p>\ud83e\udd2f Il \u00e9tait arriv\u00e9 en Slovaquie avec un record \u00e0 15,05 m, le voici leader continental avec 80 centim\u00e8tres de gagn\u00e9s !\u2026 <a href=\"https:\/\/t.co\/N5RQsJc1T3\">pic.twitter.com\/N5RQsJc1T3<\/a><\/p>\n<p>\u2014 FFAthl\u00e9tisme (@FFAthletisme) <a href=\"https:\/\/twitter.com\/FFAthletisme\/status\/1815052037228298280?ref_src=twsrc%5Etfw\">July 21, 2024<\/a><\/p><\/blockquote>\n<p><script async src=\"https:\/\/platform.twitter.com\/widgets.js\" charset=\"utf-8\"><\/script><\/p>\n","protected":false},"excerpt":{"rendered":"<p>ATHL\u00c9TISME &#8211; Emmanuel Idinna a remport\u00e9 la m\u00e9daille d&rsquo;or au triple saut, lors des championnats d&rsquo;Europe U18 avec un bond \u00e0 15.85 m.<\/p>\n","protected":false},"author":83,"featured_media":502184,"comment_status":"open","ping_status":"closed","sticky":false,"template":"","format":"standard","meta":{"_acf_changed":false,"_daextam_enable_autolinks":"1","footnotes":""},"categories":[2308],"tags":[143,16878,40634,40627,24767],"class_list":["post-502147","post","type-post","status-publish","format-standard","has-post-thumbnail","hentry","category-athletisme","tag-athletisme","tag-breve","tag-cadets-athletisme","tag-championnats-europe-u18-athletisme","tag-equipe-de-france-cadets-athletisme"],"acf":[],"yoast_head":"<!-- This site is optimized with the Yoast SEO Premium plugin v26.7 (Yoast SEO v26.7) - https:\/\/yoast.com\/wordpress\/plugins\/seo\/ -->\n<title>Championnats d&#039;Europe U18 d&#039;athl\u00e9tisme 2024 : Emmanuel Idinna en or au triple saut<\/title>\n<meta name=\"description\" content=\"ATHL\u00c9TISME - Emmanuel Idinna a remport\u00e9 la m\u00e9daille d&#039;or au triple saut, lors des championnats d&#039;Europe U18 avec un bond \u00e0 15.85 m.\" \/>\n<meta name=\"robots\" content=\"index, follow, max-snippet:-1, max-image-preview:large, max-video-preview:-1\" \/>\n<link rel=\"canonical\" href=\"https:\/\/dicodusport.fr\/blog\/championnats-deurope-u18-dathletisme-2024-emmanuel-idinna-en-or-au-triple-saut\/\" \/>\n<meta property=\"og:locale\" content=\"fr_FR\" \/>\n<meta property=\"og:type\" content=\"article\" \/>\n<meta property=\"og:title\" content=\"Championnats d&#039;Europe U18 d&#039;athl\u00e9tisme 2024 : Emmanuel Idinna en or au triple saut\" \/>\n<meta property=\"og:description\" content=\"ATHL\u00c9TISME - Emmanuel Idinna a remport\u00e9 la m\u00e9daille d&#039;or au triple saut, lors des championnats d&#039;Europe U18 avec un bond \u00e0 15.85 m.\" \/>\n<meta property=\"og:url\" content=\"https:\/\/dicodusport.fr\/blog\/championnats-deurope-u18-dathletisme-2024-emmanuel-idinna-en-or-au-triple-saut\/\" \/>\n<meta property=\"og:site_name\" content=\"Dicodusport\" \/>\n<meta property=\"article:publisher\" content=\"https:\/\/www.facebook.com\/dicodusport\" \/>\n<meta property=\"article:published_time\" content=\"2024-07-21T15:32:32+00:00\" \/>\n<meta property=\"article:modified_time\" content=\"2024-07-21T16:50:21+00:00\" \/>\n<meta property=\"og:image\" content=\"https:\/\/dicodusport.fr\/blog\/wp-content\/uploads\/2024\/07\/Championnats-dEurope-U18-dathletisme-2024-Emmanuel-Idinna-en-or-au-triple-saut.png\" \/>\n\t<meta property=\"og:image:width\" content=\"1200\" \/>\n\t<meta property=\"og:image:height\" content=\"674\" \/>\n\t<meta property=\"og:image:type\" content=\"image\/png\" \/>\n<meta name=\"author\" content=\"Etienne Goursaud\" \/>\n<meta name=\"twitter:card\" content=\"summary_large_image\" \/>\n<meta name=\"twitter:title\" content=\"Championnats d&#039;Europe U18 d&#039;athl\u00e9tisme 2024 : Emmanuel Idinna en or au triple saut\" \/>\n<meta name=\"twitter:creator\" content=\"@dicodusport\" \/>\n<meta name=\"twitter:site\" content=\"@dicodusport\" \/>\n<script type=\"application\/ld+json\" class=\"yoast-schema-graph\">{\"@context\":\"https:\/\/schema.org\",\"@graph\":[{\"@type\":\"NewsArticle\",\"@id\":\"https:\/\/dicodusport.fr\/blog\/championnats-deurope-u18-dathletisme-2024-emmanuel-idinna-en-or-au-triple-saut\/#article\",\"isPartOf\":{\"@id\":\"https:\/\/dicodusport.fr\/blog\/championnats-deurope-u18-dathletisme-2024-emmanuel-idinna-en-or-au-triple-saut\/\"},\"author\":{\"name\":\"Etienne Goursaud\",\"@id\":\"https:\/\/dicodusport.fr\/blog\/#\/schema\/person\/d603dd7da31fb2b46c82b9835a77ec13\"},\"headline\":\"Championnats d&rsquo;Europe U18 d&rsquo;athl\u00e9tisme 2024 : Emmanuel Idinna en or au triple saut\",\"datePublished\":\"2024-07-21T15:32:32+00:00\",\"dateModified\":\"2024-07-21T16:50:21+00:00\",\"mainEntityOfPage\":{\"@id\":\"https:\/\/dicodusport.fr\/blog\/championnats-deurope-u18-dathletisme-2024-emmanuel-idinna-en-or-au-triple-saut\/\"},\"wordCount\":485,\"commentCount\":0,\"publisher\":{\"@id\":\"https:\/\/dicodusport.fr\/blog\/#organization\"},\"image\":{\"@id\":\"https:\/\/dicodusport.fr\/blog\/championnats-deurope-u18-dathletisme-2024-emmanuel-idinna-en-or-au-triple-saut\/#primaryimage\"},\"thumbnailUrl\":\"https:\/\/dicodusport.fr\/blog\/wp-content\/uploads\/2024\/07\/Championnats-dEurope-U18-dathletisme-2024-Emmanuel-Idinna-en-or-au-triple-saut.png\",\"keywords\":[\"Athl\u00e9tisme\",\"br\u00e8ve\",\"cadets athl\u00e9tisme\",\"Championnats Europe U18 athl\u00e9tisme\",\"\u00e9quipe de France cadets athl\u00e9tisme\"],\"articleSection\":[\"Athl\u00e9tisme\"],\"inLanguage\":\"fr-FR\",\"potentialAction\":[{\"@type\":\"CommentAction\",\"name\":\"Comment\",\"target\":[\"https:\/\/dicodusport.fr\/blog\/championnats-deurope-u18-dathletisme-2024-emmanuel-idinna-en-or-au-triple-saut\/#respond\"]}],\"copyrightYear\":\"2024\",\"copyrightHolder\":{\"@id\":\"https:\/\/dicodusport.fr\/blog\/#organization\"}},{\"@type\":\"WebPage\",\"@id\":\"https:\/\/dicodusport.fr\/blog\/championnats-deurope-u18-dathletisme-2024-emmanuel-idinna-en-or-au-triple-saut\/\",\"url\":\"https:\/\/dicodusport.fr\/blog\/championnats-deurope-u18-dathletisme-2024-emmanuel-idinna-en-or-au-triple-saut\/\",\"name\":\"Championnats d'Europe U18 d'athl\u00e9tisme 2024 : Emmanuel Idinna en or au triple saut\",\"isPartOf\":{\"@id\":\"https:\/\/dicodusport.fr\/blog\/#website\"},\"primaryImageOfPage\":{\"@id\":\"https:\/\/dicodusport.fr\/blog\/championnats-deurope-u18-dathletisme-2024-emmanuel-idinna-en-or-au-triple-saut\/#primaryimage\"},\"image\":{\"@id\":\"https:\/\/dicodusport.fr\/blog\/championnats-deurope-u18-dathletisme-2024-emmanuel-idinna-en-or-au-triple-saut\/#primaryimage\"},\"thumbnailUrl\":\"https:\/\/dicodusport.fr\/blog\/wp-content\/uploads\/2024\/07\/Championnats-dEurope-U18-dathletisme-2024-Emmanuel-Idinna-en-or-au-triple-saut.png\",\"datePublished\":\"2024-07-21T15:32:32+00:00\",\"dateModified\":\"2024-07-21T16:50:21+00:00\",\"description\":\"ATHL\u00c9TISME - Emmanuel Idinna a remport\u00e9 la m\u00e9daille d'or au triple saut, lors des championnats d'Europe U18 avec un bond \u00e0 15.85 m.\",\"breadcrumb\":{\"@id\":\"https:\/\/dicodusport.fr\/blog\/championnats-deurope-u18-dathletisme-2024-emmanuel-idinna-en-or-au-triple-saut\/#breadcrumb\"},\"inLanguage\":\"fr-FR\",\"potentialAction\":[{\"@type\":\"ReadAction\",\"target\":[\"https:\/\/dicodusport.fr\/blog\/championnats-deurope-u18-dathletisme-2024-emmanuel-idinna-en-or-au-triple-saut\/\"]}]},{\"@type\":\"ImageObject\",\"inLanguage\":\"fr-FR\",\"@id\":\"https:\/\/dicodusport.fr\/blog\/championnats-deurope-u18-dathletisme-2024-emmanuel-idinna-en-or-au-triple-saut\/#primaryimage\",\"url\":\"https:\/\/dicodusport.fr\/blog\/wp-content\/uploads\/2024\/07\/Championnats-dEurope-U18-dathletisme-2024-Emmanuel-Idinna-en-or-au-triple-saut.png\",\"contentUrl\":\"https:\/\/dicodusport.fr\/blog\/wp-content\/uploads\/2024\/07\/Championnats-dEurope-U18-dathletisme-2024-Emmanuel-Idinna-en-or-au-triple-saut.png\",\"width\":1200,\"height\":674,\"caption\":\"Championnats d'Europe U18 d'athl\u00e9tisme 2024 Emmanuel Idinna en or au triple saut\"},{\"@type\":\"BreadcrumbList\",\"@id\":\"https:\/\/dicodusport.fr\/blog\/championnats-deurope-u18-dathletisme-2024-emmanuel-idinna-en-or-au-triple-saut\/#breadcrumb\",\"itemListElement\":[{\"@type\":\"ListItem\",\"position\":1,\"name\":\"Accueil\",\"item\":\"https:\/\/dicodusport.fr\/blog\/\"},{\"@type\":\"ListItem\",\"position\":2,\"name\":\"Championnats d&#8217;Europe U18 d&#8217;athl\u00e9tisme 2024 : Emmanuel Idinna en or au triple saut\"}]},{\"@type\":\"WebSite\",\"@id\":\"https:\/\/dicodusport.fr\/blog\/#website\",\"url\":\"https:\/\/dicodusport.fr\/blog\/\",\"name\":\"Dicodusport\",\"description\":\"L&#039;encyclop\u00e9die de l&#039;actualit\u00e9 sportive\",\"publisher\":{\"@id\":\"https:\/\/dicodusport.fr\/blog\/#organization\"},\"potentialAction\":[{\"@type\":\"SearchAction\",\"target\":{\"@type\":\"EntryPoint\",\"urlTemplate\":\"https:\/\/dicodusport.fr\/blog\/?s={search_term_string}\"},\"query-input\":{\"@type\":\"PropertyValueSpecification\",\"valueRequired\":true,\"valueName\":\"search_term_string\"}}],\"inLanguage\":\"fr-FR\"},{\"@type\":\"NewsMediaOrganization\",\"@id\":\"https:\/\/dicodusport.fr\/blog\/#organization\",\"name\":\"Dicodusport\",\"url\":\"https:\/\/dicodusport.fr\/blog\/\",\"logo\":{\"@type\":\"ImageObject\",\"inLanguage\":\"fr-FR\",\"@id\":\"https:\/\/dicodusport.fr\/blog\/#\/schema\/logo\/image\/\",\"url\":\"https:\/\/dicodusport.fr\/blog\/wp-content\/uploads\/2020\/06\/cropped-LOGO-DICODUSPORT-2020-SANS-FOND-SANS-TEXTE.png\",\"contentUrl\":\"https:\/\/dicodusport.fr\/blog\/wp-content\/uploads\/2020\/06\/cropped-LOGO-DICODUSPORT-2020-SANS-FOND-SANS-TEXTE.png\",\"width\":512,\"height\":512,\"caption\":\"Dicodusport\"},\"image\":{\"@id\":\"https:\/\/dicodusport.fr\/blog\/#\/schema\/logo\/image\/\"},\"sameAs\":[\"https:\/\/www.facebook.com\/dicodusport\",\"https:\/\/x.com\/dicodusport\",\"https:\/\/www.instagram.com\/dicodusport\/\",\"https:\/\/www.youtube.com\/channel\/UC7V2KZ5sd3htJivAbA4ZG3w\"],\"description\":\"Dicodusport est l'encyclop\u00e9die de l'actualit\u00e9 sportive.\",\"email\":\"bonjour@dicodusport.fr\",\"legalName\":\"DICODUSPORT\",\"foundingDate\":\"2018-01-14\",\"vatID\":\"FR71834470973\",\"taxID\":\"83447097300043\",\"numberOfEmployees\":{\"@type\":\"QuantitativeValue\",\"minValue\":\"1\",\"maxValue\":\"10\"}},{\"@type\":\"Person\",\"@id\":\"https:\/\/dicodusport.fr\/blog\/#\/schema\/person\/d603dd7da31fb2b46c82b9835a77ec13\",\"name\":\"Etienne Goursaud\",\"image\":{\"@type\":\"ImageObject\",\"inLanguage\":\"fr-FR\",\"@id\":\"https:\/\/dicodusport.fr\/blog\/#\/schema\/person\/image\/\",\"url\":\"https:\/\/dicodusport.fr\/blog\/wp-content\/uploads\/2023\/12\/410122264_10231602061736049_5565839791558026645_n-150x150.jpg\",\"contentUrl\":\"https:\/\/dicodusport.fr\/blog\/wp-content\/uploads\/2023\/12\/410122264_10231602061736049_5565839791558026645_n-150x150.jpg\",\"caption\":\"Etienne Goursaud\"},\"description\":\"Journaliste et amoureux de sport. Ancien footballeur reconverti athl\u00e8te quand ses muscles le laissent tranquille. \u00c9lev\u00e9 \u00e0 la sauce des exploits de Thomas Voeckler en 2004, du dernier essai de l\u00e9gende de Eunice Barber \u00e0 la longueur lors des championnats du monde d'athl\u00e9tisme de 2003 mais aussi Zidane, Omeyer et Titou Lamaison.\",\"url\":\"https:\/\/dicodusport.fr\/blog\/author\/etienne-goursaud\/\"}]}<\/script>\n<!-- \/ Yoast SEO Premium plugin. -->","yoast_head_json":{"title":"Championnats d'Europe U18 d'athl\u00e9tisme 2024 : Emmanuel Idinna en or au triple saut","description":"ATHL\u00c9TISME - Emmanuel Idinna a remport\u00e9 la m\u00e9daille d'or au triple saut, lors des championnats d'Europe U18 avec un bond \u00e0 15.85 m.","robots":{"index":"index","follow":"follow","max-snippet":"max-snippet:-1","max-image-preview":"max-image-preview:large","max-video-preview":"max-video-preview:-1"},"canonical":"https:\/\/dicodusport.fr\/blog\/championnats-deurope-u18-dathletisme-2024-emmanuel-idinna-en-or-au-triple-saut\/","og_locale":"fr_FR","og_type":"article","og_title":"Championnats d'Europe U18 d'athl\u00e9tisme 2024 : Emmanuel Idinna en or au triple saut","og_description":"ATHL\u00c9TISME - Emmanuel Idinna a remport\u00e9 la m\u00e9daille d'or au triple saut, lors des championnats d'Europe U18 avec un bond \u00e0 15.85 m.","og_url":"https:\/\/dicodusport.fr\/blog\/championnats-deurope-u18-dathletisme-2024-emmanuel-idinna-en-or-au-triple-saut\/","og_site_name":"Dicodusport","article_publisher":"https:\/\/www.facebook.com\/dicodusport","article_published_time":"2024-07-21T15:32:32+00:00","article_modified_time":"2024-07-21T16:50:21+00:00","og_image":[{"width":1200,"height":674,"url":"https:\/\/dicodusport.fr\/blog\/wp-content\/uploads\/2024\/07\/Championnats-dEurope-U18-dathletisme-2024-Emmanuel-Idinna-en-or-au-triple-saut.png","type":"image\/png"}],"author":"Etienne Goursaud","twitter_card":"summary_large_image","twitter_title":"Championnats d'Europe U18 d'athl\u00e9tisme 2024 : Emmanuel Idinna en or au triple saut","twitter_creator":"@dicodusport","twitter_site":"@dicodusport","schema":{"@context":"https:\/\/schema.org","@graph":[{"@type":"NewsArticle","@id":"https:\/\/dicodusport.fr\/blog\/championnats-deurope-u18-dathletisme-2024-emmanuel-idinna-en-or-au-triple-saut\/#article","isPartOf":{"@id":"https:\/\/dicodusport.fr\/blog\/championnats-deurope-u18-dathletisme-2024-emmanuel-idinna-en-or-au-triple-saut\/"},"author":{"name":"Etienne Goursaud","@id":"https:\/\/dicodusport.fr\/blog\/#\/schema\/person\/d603dd7da31fb2b46c82b9835a77ec13"},"headline":"Championnats d&rsquo;Europe U18 d&rsquo;athl\u00e9tisme 2024 : Emmanuel Idinna en or au triple saut","datePublished":"2024-07-21T15:32:32+00:00","dateModified":"2024-07-21T16:50:21+00:00","mainEntityOfPage":{"@id":"https:\/\/dicodusport.fr\/blog\/championnats-deurope-u18-dathletisme-2024-emmanuel-idinna-en-or-au-triple-saut\/"},"wordCount":485,"commentCount":0,"publisher":{"@id":"https:\/\/dicodusport.fr\/blog\/#organization"},"image":{"@id":"https:\/\/dicodusport.fr\/blog\/championnats-deurope-u18-dathletisme-2024-emmanuel-idinna-en-or-au-triple-saut\/#primaryimage"},"thumbnailUrl":"https:\/\/dicodusport.fr\/blog\/wp-content\/uploads\/2024\/07\/Championnats-dEurope-U18-dathletisme-2024-Emmanuel-Idinna-en-or-au-triple-saut.png","keywords":["Athl\u00e9tisme","br\u00e8ve","cadets athl\u00e9tisme","Championnats Europe U18 athl\u00e9tisme","\u00e9quipe de France cadets athl\u00e9tisme"],"articleSection":["Athl\u00e9tisme"],"inLanguage":"fr-FR","potentialAction":[{"@type":"CommentAction","name":"Comment","target":["https:\/\/dicodusport.fr\/blog\/championnats-deurope-u18-dathletisme-2024-emmanuel-idinna-en-or-au-triple-saut\/#respond"]}],"copyrightYear":"2024","copyrightHolder":{"@id":"https:\/\/dicodusport.fr\/blog\/#organization"}},{"@type":"WebPage","@id":"https:\/\/dicodusport.fr\/blog\/championnats-deurope-u18-dathletisme-2024-emmanuel-idinna-en-or-au-triple-saut\/","url":"https:\/\/dicodusport.fr\/blog\/championnats-deurope-u18-dathletisme-2024-emmanuel-idinna-en-or-au-triple-saut\/","name":"Championnats d'Europe U18 d'athl\u00e9tisme 2024 : Emmanuel Idinna en or au triple saut","isPartOf":{"@id":"https:\/\/dicodusport.fr\/blog\/#website"},"primaryImageOfPage":{"@id":"https:\/\/dicodusport.fr\/blog\/championnats-deurope-u18-dathletisme-2024-emmanuel-idinna-en-or-au-triple-saut\/#primaryimage"},"image":{"@id":"https:\/\/dicodusport.fr\/blog\/championnats-deurope-u18-dathletisme-2024-emmanuel-idinna-en-or-au-triple-saut\/#primaryimage"},"thumbnailUrl":"https:\/\/dicodusport.fr\/blog\/wp-content\/uploads\/2024\/07\/Championnats-dEurope-U18-dathletisme-2024-Emmanuel-Idinna-en-or-au-triple-saut.png","datePublished":"2024-07-21T15:32:32+00:00","dateModified":"2024-07-21T16:50:21+00:00","description":"ATHL\u00c9TISME - Emmanuel Idinna a remport\u00e9 la m\u00e9daille d'or au triple saut, lors des championnats d'Europe U18 avec un bond \u00e0 15.85 m.","breadcrumb":{"@id":"https:\/\/dicodusport.fr\/blog\/championnats-deurope-u18-dathletisme-2024-emmanuel-idinna-en-or-au-triple-saut\/#breadcrumb"},"inLanguage":"fr-FR","potentialAction":[{"@type":"ReadAction","target":["https:\/\/dicodusport.fr\/blog\/championnats-deurope-u18-dathletisme-2024-emmanuel-idinna-en-or-au-triple-saut\/"]}]},{"@type":"ImageObject","inLanguage":"fr-FR","@id":"https:\/\/dicodusport.fr\/blog\/championnats-deurope-u18-dathletisme-2024-emmanuel-idinna-en-or-au-triple-saut\/#primaryimage","url":"https:\/\/dicodusport.fr\/blog\/wp-content\/uploads\/2024\/07\/Championnats-dEurope-U18-dathletisme-2024-Emmanuel-Idinna-en-or-au-triple-saut.png","contentUrl":"https:\/\/dicodusport.fr\/blog\/wp-content\/uploads\/2024\/07\/Championnats-dEurope-U18-dathletisme-2024-Emmanuel-Idinna-en-or-au-triple-saut.png","width":1200,"height":674,"caption":"Championnats d'Europe U18 d'athl\u00e9tisme 2024 Emmanuel Idinna en or au triple saut"},{"@type":"BreadcrumbList","@id":"https:\/\/dicodusport.fr\/blog\/championnats-deurope-u18-dathletisme-2024-emmanuel-idinna-en-or-au-triple-saut\/#breadcrumb","itemListElement":[{"@type":"ListItem","position":1,"name":"Accueil","item":"https:\/\/dicodusport.fr\/blog\/"},{"@type":"ListItem","position":2,"name":"Championnats d&#8217;Europe U18 d&#8217;athl\u00e9tisme 2024 : Emmanuel Idinna en or au triple saut"}]},{"@type":"WebSite","@id":"https:\/\/dicodusport.fr\/blog\/#website","url":"https:\/\/dicodusport.fr\/blog\/","name":"Dicodusport","description":"L&#039;encyclop\u00e9die de l&#039;actualit\u00e9 sportive","publisher":{"@id":"https:\/\/dicodusport.fr\/blog\/#organization"},"potentialAction":[{"@type":"SearchAction","target":{"@type":"EntryPoint","urlTemplate":"https:\/\/dicodusport.fr\/blog\/?s={search_term_string}"},"query-input":{"@type":"PropertyValueSpecification","valueRequired":true,"valueName":"search_term_string"}}],"inLanguage":"fr-FR"},{"@type":"NewsMediaOrganization","@id":"https:\/\/dicodusport.fr\/blog\/#organization","name":"Dicodusport","url":"https:\/\/dicodusport.fr\/blog\/","logo":{"@type":"ImageObject","inLanguage":"fr-FR","@id":"https:\/\/dicodusport.fr\/blog\/#\/schema\/logo\/image\/","url":"https:\/\/dicodusport.fr\/blog\/wp-content\/uploads\/2020\/06\/cropped-LOGO-DICODUSPORT-2020-SANS-FOND-SANS-TEXTE.png","contentUrl":"https:\/\/dicodusport.fr\/blog\/wp-content\/uploads\/2020\/06\/cropped-LOGO-DICODUSPORT-2020-SANS-FOND-SANS-TEXTE.png","width":512,"height":512,"caption":"Dicodusport"},"image":{"@id":"https:\/\/dicodusport.fr\/blog\/#\/schema\/logo\/image\/"},"sameAs":["https:\/\/www.facebook.com\/dicodusport","https:\/\/x.com\/dicodusport","https:\/\/www.instagram.com\/dicodusport\/","https:\/\/www.youtube.com\/channel\/UC7V2KZ5sd3htJivAbA4ZG3w"],"description":"Dicodusport est l'encyclop\u00e9die de l'actualit\u00e9 sportive.","email":"bonjour@dicodusport.fr","legalName":"DICODUSPORT","foundingDate":"2018-01-14","vatID":"FR71834470973","taxID":"83447097300043","numberOfEmployees":{"@type":"QuantitativeValue","minValue":"1","maxValue":"10"}},{"@type":"Person","@id":"https:\/\/dicodusport.fr\/blog\/#\/schema\/person\/d603dd7da31fb2b46c82b9835a77ec13","name":"Etienne Goursaud","image":{"@type":"ImageObject","inLanguage":"fr-FR","@id":"https:\/\/dicodusport.fr\/blog\/#\/schema\/person\/image\/","url":"https:\/\/dicodusport.fr\/blog\/wp-content\/uploads\/2023\/12\/410122264_10231602061736049_5565839791558026645_n-150x150.jpg","contentUrl":"https:\/\/dicodusport.fr\/blog\/wp-content\/uploads\/2023\/12\/410122264_10231602061736049_5565839791558026645_n-150x150.jpg","caption":"Etienne Goursaud"},"description":"Journaliste et amoureux de sport. Ancien footballeur reconverti athl\u00e8te quand ses muscles le laissent tranquille. \u00c9lev\u00e9 \u00e0 la sauce des exploits de Thomas Voeckler en 2004, du dernier essai de l\u00e9gende de Eunice Barber \u00e0 la longueur lors des championnats du monde d'athl\u00e9tisme de 2003 mais aussi Zidane, Omeyer et Titou Lamaison.","url":"https:\/\/dicodusport.fr\/blog\/author\/etienne-goursaud\/"}]}},"_links":{"self":[{"href":"https:\/\/dicodusport.fr\/blog\/wp-json\/wp\/v2\/posts\/502147","targetHints":{"allow":["GET"]}}],"collection":[{"href":"https:\/\/dicodusport.fr\/blog\/wp-json\/wp\/v2\/posts"}],"about":[{"href":"https:\/\/dicodusport.fr\/blog\/wp-json\/wp\/v2\/types\/post"}],"author":[{"embeddable":true,"href":"https:\/\/dicodusport.fr\/blog\/wp-json\/wp\/v2\/users\/83"}],"replies":[{"embeddable":true,"href":"https:\/\/dicodusport.fr\/blog\/wp-json\/wp\/v2\/comments?post=502147"}],"version-history":[{"count":4,"href":"https:\/\/dicodusport.fr\/blog\/wp-json\/wp\/v2\/posts\/502147\/revisions"}],"predecessor-version":[{"id":502212,"href":"https:\/\/dicodusport.fr\/blog\/wp-json\/wp\/v2\/posts\/502147\/revisions\/502212"}],"wp:featuredmedia":[{"embeddable":true,"href":"https:\/\/dicodusport.fr\/blog\/wp-json\/wp\/v2\/media\/502184"}],"wp:attachment":[{"href":"https:\/\/dicodusport.fr\/blog\/wp-json\/wp\/v2\/media?parent=502147"}],"wp:term":[{"taxonomy":"category","embeddable":true,"href":"https:\/\/dicodusport.fr\/blog\/wp-json\/wp\/v2\/categories?post=502147"},{"taxonomy":"post_tag","embeddable":true,"href":"https:\/\/dicodusport.fr\/blog\/wp-json\/wp\/v2\/tags?post=502147"}],"curies":[{"name":"wp","href":"https:\/\/api.w.org\/{rel}","templated":true}]}}