{"id":502714,"date":"2024-07-24T11:21:22","date_gmt":"2024-07-24T09:21:22","guid":{"rendered":"https:\/\/dicodusport.fr\/blog\/?p=502714&#038;preview=true&#038;preview_id=502714"},"modified":"2024-07-24T12:51:08","modified_gmt":"2024-07-24T10:51:08","slug":"le-rc-toulon-a-tranche-pour-lavenir-de-melvyn-jaminet","status":"publish","type":"post","link":"https:\/\/dicodusport.fr\/blog\/le-rc-toulon-a-tranche-pour-lavenir-de-melvyn-jaminet\/","title":{"rendered":"Le RC Toulon a tranch\u00e9 pour l&rsquo;avenir de Melvyn Jaminet"},"content":{"rendered":"<p style=\"text-align: justify;\"><strong><em>TOP 14 2024-2025 &#8211; Sauf revirement de situation, Melvyn Jaminet devrait rester un joueur du RC Toulon, malgr\u00e9 les propos racistes tenus en Argentine, la nuit suivant <a href=\"https:\/\/dicodusport.fr\/blog\/rugby-tournee-dete-un-xv-de-france-remanie-domine-largentine\/\">le succ\u00e8s des Bleus face aux Pumas<\/a>, le 6 juillet dernier.\u00a0<\/em><\/strong><\/p>\n<p style=\"text-align: justify;\">C&rsquo;est dans un long communiqu\u00e9 que le <strong>RC<\/strong> <strong>Toulon<\/strong> est revenu sur <a href=\"https:\/\/dicodusport.fr\/blog\/transferts-rc-toulon-melvyn-jaminet-bientot-fixe-pour-son-avenir\/\">l&rsquo;affaire <strong>Jaminet<\/strong><\/a>, apr\u00e8s avoir re\u00e7u le joueur ce mardi 23 juillet. Le club de la <strong>Rade<\/strong> ne communique pas pour le moment la sanction de son joueur, mais parle de \u00ab\u00a0r\u00e9demption\u00a0\u00bb et de \u00ab\u00a0l&rsquo;accompagner\u00a0\u00bb.<\/p>\n<p style=\"text-align: justify;\">Sauf retournement de situation, il ne devrait donc pas \u00eatre licenci\u00e9 par le <strong>RC<\/strong> <strong>Toulon<\/strong>. L&rsquo;ancien joueur du Stade Toulousain pourrait \u00eatre sanctionn\u00e9 financi\u00e8rement notamment. Pour rappel, <strong>Melvyn<\/strong> <strong>Jaminet<\/strong> a post\u00e9 une story <em>Instagram<\/em> dans laquelle il tient des propos racistes, avant de rapidement la supprimer.<\/p>\n<p style=\"text-align: justify;\">L&rsquo;arri\u00e8re international sera aussi re\u00e7u en fin de semaine par la <strong>F\u00e9d\u00e9ration Fran\u00e7aise de Rugby<\/strong> pour \u00e9voquer son avenir en bleu. <strong>Melvyn<\/strong> <strong>Jaminet<\/strong> avait \u00e9t\u00e9 exclu de la tourn\u00e9e en <strong>Argentine<\/strong> apr\u00e8s cet \u00e9pisode.<\/p>\n<h2 style=\"text-align: justify;\">Le communiqu\u00e9 du RC Toulon<\/h2>\n<blockquote>\n<p style=\"text-align: justify;\">Le Rugby Club Toulonnais r\u00e9exprime sa ferme condamnation des propos \u00e0 caract\u00e8re raciste tenus par l\u2019international fran\u00e7ais Melvyn Jaminet le dimanche 7 juillet lors de la tourn\u00e9e du XV de France en Argentine. De tels comportements sont inacceptables et contraires aux valeurs fondamentales de notre club, du rugby, et de la soci\u00e9t\u00e9. Le RCT ne tol\u00e8re aucune forme de discrimination et s\u2019engage \u00e0 prendre toutes les mesures n\u00e9cessaires pour pr\u00e9venir et sanctionner de tels agissements.<\/p>\n<p style=\"text-align: justify;\">C\u2019est dans ce contexte que ce mardi 23 juillet, Melvyn Jaminet a \u00e9t\u00e9 re\u00e7u par la direction du club dans le cadre d\u2019une proc\u00e9dure disciplinaire \u00e0 son encontre. Lors de cet entretien, le club a pris le temps d\u2019\u00e9couter les arguments de son joueur et d\u2019analyser les faits en d\u00e9tail. Le RCT d\u00e9terminera, dans les prochains jours, la ou les sanctions les plus justes et les plus adapt\u00e9es \u00e0 cette situation.<\/p>\n<p style=\"text-align: justify;\">Dans sa prise de position, le RCT fera une distinction entre le joueur, qui a gravement endommag\u00e9 l\u2019image du club et du rugby en g\u00e9n\u00e9ral, et le jeune homme de 25 ans. Ind\u00e9pendamment de la d\u00e9cision de sanction qui pourra \u00eatre prise \u00e0 son encontre, nous croyons en la possibilit\u00e9 de r\u00e9demption de Melvyn Jaminet et sommes pr\u00eats \u00e0 l\u2019accompagner dans ce processus. Cette d\u00e9marche vise \u00e0 l\u2019aider \u00e0 comprendre la gravit\u00e9 de ses actes, \u00e0 les \u00e9radiquer et \u00e0 \u00e9voluer positivement en tant qu\u2019individu.<\/p>\n<p style=\"text-align: justify;\">Le RCT r\u00e9affirme sa volont\u00e9 de lutter contre toutes les formes de discrimination. Dans ce cadre, le club \u0153uvre d\u00e9j\u00e0 \u00e0 la refonte de sa charte \u00e9thique afin de renforcer son engagement contre le racisme et de promouvoir les valeurs de respect et de tol\u00e9rance. Cette charte constituera un engagement formel qui devra \u00eatre adopt\u00e9 et respect\u00e9 par chacun de ses membres.<\/p>\n<p style=\"text-align: justify;\">Le Rugby Club Toulonnais reste r\u00e9solu \u00e0 d\u00e9fendre les valeurs qui font la force de notre sport et notre institution, et \u00e0 promouvoir un environnement qui inclut et respecte chacun.<\/p>\n<\/blockquote>\n<blockquote class=\"twitter-tweet\">\n<p dir=\"ltr\" lang=\"fr\">Communiqu\u00e9 officiel du RCT \u2935<\/p>\n<p>\u2014 RCT &#8211; RC Toulon (@RCTofficiel) <a href=\"https:\/\/twitter.com\/RCTofficiel\/status\/1816034415988072772?ref_src=twsrc%5Etfw\">July 24, 2024<\/a><\/p><\/blockquote>\n<p style=\"text-align: justify;\"><script async src=\"https:\/\/platform.twitter.com\/widgets.js\" charset=\"utf-8\"><\/script><\/p>\n","protected":false},"excerpt":{"rendered":"<p>TOP 14 2024-2025 &#8211; Sauf revirement de situation, Melvyn Jaminet devrait rester un joueur du RC Toulon malgr\u00e9 les propos racistes tenus en Argentine.\u00a0<\/p>\n","protected":false},"author":1,"featured_media":502716,"comment_status":"open","ping_status":"closed","sticky":false,"template":"","format":"standard","meta":{"_acf_changed":false,"_daextam_enable_autolinks":"1","footnotes":""},"categories":[9129,47050],"tags":[16878,18144,3078,217],"class_list":["post-502714","post","type-post","status-publish","format-standard","has-post-thumbnail","hentry","category-rugby-a-xv","category-top-14","tag-breve","tag-melvyn-jaminet","tag-rc-toulon","tag-toulon"],"acf":[],"yoast_head":"<!-- This site is optimized with the Yoast SEO Premium plugin v26.7 (Yoast SEO v26.7) - https:\/\/yoast.com\/wordpress\/plugins\/seo\/ -->\n<title>Le RC Toulon a tranch\u00e9 pour l&#039;avenir de Melvyn Jaminet<\/title>\n<meta name=\"description\" content=\"TOP 14 2024-2025 - Sauf revirement de situation, Melvyn Jaminet devrait rester un joueur du RC Toulon malgr\u00e9 les propos racistes tenus en Argentine.\u00a0\" \/>\n<meta name=\"robots\" content=\"index, follow, max-snippet:-1, max-image-preview:large, max-video-preview:-1\" \/>\n<link rel=\"canonical\" href=\"https:\/\/dicodusport.fr\/blog\/le-rc-toulon-a-tranche-pour-lavenir-de-melvyn-jaminet\/\" \/>\n<meta property=\"og:locale\" content=\"fr_FR\" \/>\n<meta property=\"og:type\" content=\"article\" \/>\n<meta property=\"og:title\" content=\"Le RC Toulon a tranch\u00e9 pour l&#039;avenir de Melvyn Jaminet\" \/>\n<meta property=\"og:description\" content=\"TOP 14 2024-2025 - Sauf revirement de situation, Melvyn Jaminet devrait rester un joueur du RC Toulon malgr\u00e9 les propos racistes tenus en Argentine.\u00a0\" \/>\n<meta property=\"og:url\" content=\"https:\/\/dicodusport.fr\/blog\/le-rc-toulon-a-tranche-pour-lavenir-de-melvyn-jaminet\/\" \/>\n<meta property=\"og:site_name\" content=\"Dicodusport\" \/>\n<meta property=\"article:publisher\" content=\"https:\/\/www.facebook.com\/dicodusport\" \/>\n<meta property=\"article:author\" content=\"https:\/\/www.facebook.com\/dicodusport\" \/>\n<meta property=\"article:published_time\" content=\"2024-07-24T09:21:22+00:00\" \/>\n<meta property=\"article:modified_time\" content=\"2024-07-24T10:51:08+00:00\" \/>\n<meta property=\"og:image\" content=\"https:\/\/dicodusport.fr\/blog\/wp-content\/uploads\/2024\/07\/Le-RC-Toulon-a-tranche-pour-lavenir-de-Melvyn-Jaminet.png\" \/>\n\t<meta property=\"og:image:width\" content=\"1200\" \/>\n\t<meta property=\"og:image:height\" content=\"674\" \/>\n\t<meta property=\"og:image:type\" content=\"image\/png\" \/>\n<meta name=\"author\" content=\"Nicolas Jacquemard\" \/>\n<meta name=\"twitter:card\" content=\"summary_large_image\" \/>\n<meta name=\"twitter:title\" content=\"Le RC Toulon a tranch\u00e9 pour l&#039;avenir de Melvyn Jaminet\" \/>\n<meta name=\"twitter:creator\" content=\"@https:\/\/twitter.com\/Nico_Jacquemard\" \/>\n<meta name=\"twitter:site\" content=\"@dicodusport\" \/>\n<script type=\"application\/ld+json\" class=\"yoast-schema-graph\">{\"@context\":\"https:\/\/schema.org\",\"@graph\":[{\"@type\":\"NewsArticle\",\"@id\":\"https:\/\/dicodusport.fr\/blog\/le-rc-toulon-a-tranche-pour-lavenir-de-melvyn-jaminet\/#article\",\"isPartOf\":{\"@id\":\"https:\/\/dicodusport.fr\/blog\/le-rc-toulon-a-tranche-pour-lavenir-de-melvyn-jaminet\/\"},\"author\":{\"name\":\"Nicolas Jacquemard\",\"@id\":\"https:\/\/dicodusport.fr\/blog\/#\/schema\/person\/55dcb50ad410894e431ed812bbb70191\"},\"headline\":\"Le RC Toulon a tranch\u00e9 pour l&rsquo;avenir de Melvyn Jaminet\",\"datePublished\":\"2024-07-24T09:21:22+00:00\",\"dateModified\":\"2024-07-24T10:51:08+00:00\",\"mainEntityOfPage\":{\"@id\":\"https:\/\/dicodusport.fr\/blog\/le-rc-toulon-a-tranche-pour-lavenir-de-melvyn-jaminet\/\"},\"wordCount\":546,\"commentCount\":2,\"publisher\":{\"@id\":\"https:\/\/dicodusport.fr\/blog\/#organization\"},\"image\":{\"@id\":\"https:\/\/dicodusport.fr\/blog\/le-rc-toulon-a-tranche-pour-lavenir-de-melvyn-jaminet\/#primaryimage\"},\"thumbnailUrl\":\"https:\/\/dicodusport.fr\/blog\/wp-content\/uploads\/2024\/07\/Le-RC-Toulon-a-tranche-pour-lavenir-de-Melvyn-Jaminet.png\",\"keywords\":[\"br\u00e8ve\",\"Melvyn Jaminet\",\"RC Toulon\",\"Toulon\"],\"articleSection\":[\"Rugby \u00e0 XV\",\"Top 14\"],\"inLanguage\":\"fr-FR\",\"potentialAction\":[{\"@type\":\"CommentAction\",\"name\":\"Comment\",\"target\":[\"https:\/\/dicodusport.fr\/blog\/le-rc-toulon-a-tranche-pour-lavenir-de-melvyn-jaminet\/#respond\"]}],\"copyrightYear\":\"2024\",\"copyrightHolder\":{\"@id\":\"https:\/\/dicodusport.fr\/blog\/#organization\"}},{\"@type\":\"WebPage\",\"@id\":\"https:\/\/dicodusport.fr\/blog\/le-rc-toulon-a-tranche-pour-lavenir-de-melvyn-jaminet\/\",\"url\":\"https:\/\/dicodusport.fr\/blog\/le-rc-toulon-a-tranche-pour-lavenir-de-melvyn-jaminet\/\",\"name\":\"Le RC Toulon a tranch\u00e9 pour l'avenir de Melvyn Jaminet\",\"isPartOf\":{\"@id\":\"https:\/\/dicodusport.fr\/blog\/#website\"},\"primaryImageOfPage\":{\"@id\":\"https:\/\/dicodusport.fr\/blog\/le-rc-toulon-a-tranche-pour-lavenir-de-melvyn-jaminet\/#primaryimage\"},\"image\":{\"@id\":\"https:\/\/dicodusport.fr\/blog\/le-rc-toulon-a-tranche-pour-lavenir-de-melvyn-jaminet\/#primaryimage\"},\"thumbnailUrl\":\"https:\/\/dicodusport.fr\/blog\/wp-content\/uploads\/2024\/07\/Le-RC-Toulon-a-tranche-pour-lavenir-de-Melvyn-Jaminet.png\",\"datePublished\":\"2024-07-24T09:21:22+00:00\",\"dateModified\":\"2024-07-24T10:51:08+00:00\",\"description\":\"TOP 14 2024-2025 - Sauf revirement de situation, Melvyn Jaminet devrait rester un joueur du RC Toulon malgr\u00e9 les propos racistes tenus en Argentine.\u00a0\",\"breadcrumb\":{\"@id\":\"https:\/\/dicodusport.fr\/blog\/le-rc-toulon-a-tranche-pour-lavenir-de-melvyn-jaminet\/#breadcrumb\"},\"inLanguage\":\"fr-FR\",\"potentialAction\":[{\"@type\":\"ReadAction\",\"target\":[\"https:\/\/dicodusport.fr\/blog\/le-rc-toulon-a-tranche-pour-lavenir-de-melvyn-jaminet\/\"]}]},{\"@type\":\"ImageObject\",\"inLanguage\":\"fr-FR\",\"@id\":\"https:\/\/dicodusport.fr\/blog\/le-rc-toulon-a-tranche-pour-lavenir-de-melvyn-jaminet\/#primaryimage\",\"url\":\"https:\/\/dicodusport.fr\/blog\/wp-content\/uploads\/2024\/07\/Le-RC-Toulon-a-tranche-pour-lavenir-de-Melvyn-Jaminet.png\",\"contentUrl\":\"https:\/\/dicodusport.fr\/blog\/wp-content\/uploads\/2024\/07\/Le-RC-Toulon-a-tranche-pour-lavenir-de-Melvyn-Jaminet.png\",\"width\":1200,\"height\":674},{\"@type\":\"BreadcrumbList\",\"@id\":\"https:\/\/dicodusport.fr\/blog\/le-rc-toulon-a-tranche-pour-lavenir-de-melvyn-jaminet\/#breadcrumb\",\"itemListElement\":[{\"@type\":\"ListItem\",\"position\":1,\"name\":\"Accueil\",\"item\":\"https:\/\/dicodusport.fr\/blog\/\"},{\"@type\":\"ListItem\",\"position\":2,\"name\":\"Le RC Toulon a tranch\u00e9 pour l&#8217;avenir de Melvyn Jaminet\"}]},{\"@type\":\"WebSite\",\"@id\":\"https:\/\/dicodusport.fr\/blog\/#website\",\"url\":\"https:\/\/dicodusport.fr\/blog\/\",\"name\":\"Dicodusport\",\"description\":\"L&#039;encyclop\u00e9die de l&#039;actualit\u00e9 sportive\",\"publisher\":{\"@id\":\"https:\/\/dicodusport.fr\/blog\/#organization\"},\"potentialAction\":[{\"@type\":\"SearchAction\",\"target\":{\"@type\":\"EntryPoint\",\"urlTemplate\":\"https:\/\/dicodusport.fr\/blog\/?s={search_term_string}\"},\"query-input\":{\"@type\":\"PropertyValueSpecification\",\"valueRequired\":true,\"valueName\":\"search_term_string\"}}],\"inLanguage\":\"fr-FR\"},{\"@type\":\"NewsMediaOrganization\",\"@id\":\"https:\/\/dicodusport.fr\/blog\/#organization\",\"name\":\"Dicodusport\",\"url\":\"https:\/\/dicodusport.fr\/blog\/\",\"logo\":{\"@type\":\"ImageObject\",\"inLanguage\":\"fr-FR\",\"@id\":\"https:\/\/dicodusport.fr\/blog\/#\/schema\/logo\/image\/\",\"url\":\"https:\/\/dicodusport.fr\/blog\/wp-content\/uploads\/2020\/06\/cropped-LOGO-DICODUSPORT-2020-SANS-FOND-SANS-TEXTE.png\",\"contentUrl\":\"https:\/\/dicodusport.fr\/blog\/wp-content\/uploads\/2020\/06\/cropped-LOGO-DICODUSPORT-2020-SANS-FOND-SANS-TEXTE.png\",\"width\":512,\"height\":512,\"caption\":\"Dicodusport\"},\"image\":{\"@id\":\"https:\/\/dicodusport.fr\/blog\/#\/schema\/logo\/image\/\"},\"sameAs\":[\"https:\/\/www.facebook.com\/dicodusport\",\"https:\/\/x.com\/dicodusport\",\"https:\/\/www.instagram.com\/dicodusport\/\",\"https:\/\/www.youtube.com\/channel\/UC7V2KZ5sd3htJivAbA4ZG3w\"],\"description\":\"Dicodusport est l'encyclop\u00e9die de l'actualit\u00e9 sportive.\",\"email\":\"bonjour@dicodusport.fr\",\"legalName\":\"DICODUSPORT\",\"foundingDate\":\"2018-01-14\",\"vatID\":\"FR71834470973\",\"taxID\":\"83447097300043\",\"numberOfEmployees\":{\"@type\":\"QuantitativeValue\",\"minValue\":\"1\",\"maxValue\":\"10\"}},{\"@type\":\"Person\",\"@id\":\"https:\/\/dicodusport.fr\/blog\/#\/schema\/person\/55dcb50ad410894e431ed812bbb70191\",\"name\":\"Nicolas Jacquemard\",\"image\":{\"@type\":\"ImageObject\",\"inLanguage\":\"fr-FR\",\"@id\":\"https:\/\/dicodusport.fr\/blog\/#\/schema\/person\/image\/\",\"url\":\"https:\/\/dicodusport.fr\/blog\/wp-content\/uploads\/2021\/05\/Nicolas-Jacquemard-150x150.jpeg\",\"contentUrl\":\"https:\/\/dicodusport.fr\/blog\/wp-content\/uploads\/2021\/05\/Nicolas-Jacquemard-150x150.jpeg\",\"caption\":\"Nicolas Jacquemard\"},\"description\":\"Passionn\u00e9 de sport et entrepreneur depuis mes 18 ans, la cr\u00e9ation de Dicodusport m'a sembl\u00e9 \u00e9vidente pour participer \u00e0 la m\u00e9diatisation d'un plus grand nombre de sports. Le chemin est long mais avec une \u00e9quipe des plus motiv\u00e9es et les Jeux Olympiques de Paris 2024 en point de mire, nous y arriverons ! Journaliste dans le monde du sport depuis plus de 5 ans, je traite aussi bien de football, de rugby, de biathlon que de cyclisme.\",\"sameAs\":[\"https:\/\/www.facebook.com\/dicodusport\",\"https:\/\/x.com\/https:\/\/twitter.com\/Nico_Jacquemard\"],\"url\":\"https:\/\/dicodusport.fr\/blog\/author\/dicodusport\/\"}]}<\/script>\n<!-- \/ Yoast SEO Premium plugin. -->","yoast_head_json":{"title":"Le RC Toulon a tranch\u00e9 pour l'avenir de Melvyn Jaminet","description":"TOP 14 2024-2025 - Sauf revirement de situation, Melvyn Jaminet devrait rester un joueur du RC Toulon malgr\u00e9 les propos racistes tenus en Argentine.\u00a0","robots":{"index":"index","follow":"follow","max-snippet":"max-snippet:-1","max-image-preview":"max-image-preview:large","max-video-preview":"max-video-preview:-1"},"canonical":"https:\/\/dicodusport.fr\/blog\/le-rc-toulon-a-tranche-pour-lavenir-de-melvyn-jaminet\/","og_locale":"fr_FR","og_type":"article","og_title":"Le RC Toulon a tranch\u00e9 pour l'avenir de Melvyn Jaminet","og_description":"TOP 14 2024-2025 - Sauf revirement de situation, Melvyn Jaminet devrait rester un joueur du RC Toulon malgr\u00e9 les propos racistes tenus en Argentine.\u00a0","og_url":"https:\/\/dicodusport.fr\/blog\/le-rc-toulon-a-tranche-pour-lavenir-de-melvyn-jaminet\/","og_site_name":"Dicodusport","article_publisher":"https:\/\/www.facebook.com\/dicodusport","article_author":"https:\/\/www.facebook.com\/dicodusport","article_published_time":"2024-07-24T09:21:22+00:00","article_modified_time":"2024-07-24T10:51:08+00:00","og_image":[{"width":1200,"height":674,"url":"https:\/\/dicodusport.fr\/blog\/wp-content\/uploads\/2024\/07\/Le-RC-Toulon-a-tranche-pour-lavenir-de-Melvyn-Jaminet.png","type":"image\/png"}],"author":"Nicolas Jacquemard","twitter_card":"summary_large_image","twitter_title":"Le RC Toulon a tranch\u00e9 pour l'avenir de Melvyn Jaminet","twitter_creator":"@https:\/\/twitter.com\/Nico_Jacquemard","twitter_site":"@dicodusport","schema":{"@context":"https:\/\/schema.org","@graph":[{"@type":"NewsArticle","@id":"https:\/\/dicodusport.fr\/blog\/le-rc-toulon-a-tranche-pour-lavenir-de-melvyn-jaminet\/#article","isPartOf":{"@id":"https:\/\/dicodusport.fr\/blog\/le-rc-toulon-a-tranche-pour-lavenir-de-melvyn-jaminet\/"},"author":{"name":"Nicolas Jacquemard","@id":"https:\/\/dicodusport.fr\/blog\/#\/schema\/person\/55dcb50ad410894e431ed812bbb70191"},"headline":"Le RC Toulon a tranch\u00e9 pour l&rsquo;avenir de Melvyn Jaminet","datePublished":"2024-07-24T09:21:22+00:00","dateModified":"2024-07-24T10:51:08+00:00","mainEntityOfPage":{"@id":"https:\/\/dicodusport.fr\/blog\/le-rc-toulon-a-tranche-pour-lavenir-de-melvyn-jaminet\/"},"wordCount":546,"commentCount":2,"publisher":{"@id":"https:\/\/dicodusport.fr\/blog\/#organization"},"image":{"@id":"https:\/\/dicodusport.fr\/blog\/le-rc-toulon-a-tranche-pour-lavenir-de-melvyn-jaminet\/#primaryimage"},"thumbnailUrl":"https:\/\/dicodusport.fr\/blog\/wp-content\/uploads\/2024\/07\/Le-RC-Toulon-a-tranche-pour-lavenir-de-Melvyn-Jaminet.png","keywords":["br\u00e8ve","Melvyn Jaminet","RC Toulon","Toulon"],"articleSection":["Rugby \u00e0 XV","Top 14"],"inLanguage":"fr-FR","potentialAction":[{"@type":"CommentAction","name":"Comment","target":["https:\/\/dicodusport.fr\/blog\/le-rc-toulon-a-tranche-pour-lavenir-de-melvyn-jaminet\/#respond"]}],"copyrightYear":"2024","copyrightHolder":{"@id":"https:\/\/dicodusport.fr\/blog\/#organization"}},{"@type":"WebPage","@id":"https:\/\/dicodusport.fr\/blog\/le-rc-toulon-a-tranche-pour-lavenir-de-melvyn-jaminet\/","url":"https:\/\/dicodusport.fr\/blog\/le-rc-toulon-a-tranche-pour-lavenir-de-melvyn-jaminet\/","name":"Le RC Toulon a tranch\u00e9 pour l'avenir de Melvyn Jaminet","isPartOf":{"@id":"https:\/\/dicodusport.fr\/blog\/#website"},"primaryImageOfPage":{"@id":"https:\/\/dicodusport.fr\/blog\/le-rc-toulon-a-tranche-pour-lavenir-de-melvyn-jaminet\/#primaryimage"},"image":{"@id":"https:\/\/dicodusport.fr\/blog\/le-rc-toulon-a-tranche-pour-lavenir-de-melvyn-jaminet\/#primaryimage"},"thumbnailUrl":"https:\/\/dicodusport.fr\/blog\/wp-content\/uploads\/2024\/07\/Le-RC-Toulon-a-tranche-pour-lavenir-de-Melvyn-Jaminet.png","datePublished":"2024-07-24T09:21:22+00:00","dateModified":"2024-07-24T10:51:08+00:00","description":"TOP 14 2024-2025 - Sauf revirement de situation, Melvyn Jaminet devrait rester un joueur du RC Toulon malgr\u00e9 les propos racistes tenus en Argentine.\u00a0","breadcrumb":{"@id":"https:\/\/dicodusport.fr\/blog\/le-rc-toulon-a-tranche-pour-lavenir-de-melvyn-jaminet\/#breadcrumb"},"inLanguage":"fr-FR","potentialAction":[{"@type":"ReadAction","target":["https:\/\/dicodusport.fr\/blog\/le-rc-toulon-a-tranche-pour-lavenir-de-melvyn-jaminet\/"]}]},{"@type":"ImageObject","inLanguage":"fr-FR","@id":"https:\/\/dicodusport.fr\/blog\/le-rc-toulon-a-tranche-pour-lavenir-de-melvyn-jaminet\/#primaryimage","url":"https:\/\/dicodusport.fr\/blog\/wp-content\/uploads\/2024\/07\/Le-RC-Toulon-a-tranche-pour-lavenir-de-Melvyn-Jaminet.png","contentUrl":"https:\/\/dicodusport.fr\/blog\/wp-content\/uploads\/2024\/07\/Le-RC-Toulon-a-tranche-pour-lavenir-de-Melvyn-Jaminet.png","width":1200,"height":674},{"@type":"BreadcrumbList","@id":"https:\/\/dicodusport.fr\/blog\/le-rc-toulon-a-tranche-pour-lavenir-de-melvyn-jaminet\/#breadcrumb","itemListElement":[{"@type":"ListItem","position":1,"name":"Accueil","item":"https:\/\/dicodusport.fr\/blog\/"},{"@type":"ListItem","position":2,"name":"Le RC Toulon a tranch\u00e9 pour l&#8217;avenir de Melvyn Jaminet"}]},{"@type":"WebSite","@id":"https:\/\/dicodusport.fr\/blog\/#website","url":"https:\/\/dicodusport.fr\/blog\/","name":"Dicodusport","description":"L&#039;encyclop\u00e9die de l&#039;actualit\u00e9 sportive","publisher":{"@id":"https:\/\/dicodusport.fr\/blog\/#organization"},"potentialAction":[{"@type":"SearchAction","target":{"@type":"EntryPoint","urlTemplate":"https:\/\/dicodusport.fr\/blog\/?s={search_term_string}"},"query-input":{"@type":"PropertyValueSpecification","valueRequired":true,"valueName":"search_term_string"}}],"inLanguage":"fr-FR"},{"@type":"NewsMediaOrganization","@id":"https:\/\/dicodusport.fr\/blog\/#organization","name":"Dicodusport","url":"https:\/\/dicodusport.fr\/blog\/","logo":{"@type":"ImageObject","inLanguage":"fr-FR","@id":"https:\/\/dicodusport.fr\/blog\/#\/schema\/logo\/image\/","url":"https:\/\/dicodusport.fr\/blog\/wp-content\/uploads\/2020\/06\/cropped-LOGO-DICODUSPORT-2020-SANS-FOND-SANS-TEXTE.png","contentUrl":"https:\/\/dicodusport.fr\/blog\/wp-content\/uploads\/2020\/06\/cropped-LOGO-DICODUSPORT-2020-SANS-FOND-SANS-TEXTE.png","width":512,"height":512,"caption":"Dicodusport"},"image":{"@id":"https:\/\/dicodusport.fr\/blog\/#\/schema\/logo\/image\/"},"sameAs":["https:\/\/www.facebook.com\/dicodusport","https:\/\/x.com\/dicodusport","https:\/\/www.instagram.com\/dicodusport\/","https:\/\/www.youtube.com\/channel\/UC7V2KZ5sd3htJivAbA4ZG3w"],"description":"Dicodusport est l'encyclop\u00e9die de l'actualit\u00e9 sportive.","email":"bonjour@dicodusport.fr","legalName":"DICODUSPORT","foundingDate":"2018-01-14","vatID":"FR71834470973","taxID":"83447097300043","numberOfEmployees":{"@type":"QuantitativeValue","minValue":"1","maxValue":"10"}},{"@type":"Person","@id":"https:\/\/dicodusport.fr\/blog\/#\/schema\/person\/55dcb50ad410894e431ed812bbb70191","name":"Nicolas Jacquemard","image":{"@type":"ImageObject","inLanguage":"fr-FR","@id":"https:\/\/dicodusport.fr\/blog\/#\/schema\/person\/image\/","url":"https:\/\/dicodusport.fr\/blog\/wp-content\/uploads\/2021\/05\/Nicolas-Jacquemard-150x150.jpeg","contentUrl":"https:\/\/dicodusport.fr\/blog\/wp-content\/uploads\/2021\/05\/Nicolas-Jacquemard-150x150.jpeg","caption":"Nicolas Jacquemard"},"description":"Passionn\u00e9 de sport et entrepreneur depuis mes 18 ans, la cr\u00e9ation de Dicodusport m'a sembl\u00e9 \u00e9vidente pour participer \u00e0 la m\u00e9diatisation d'un plus grand nombre de sports. Le chemin est long mais avec une \u00e9quipe des plus motiv\u00e9es et les Jeux Olympiques de Paris 2024 en point de mire, nous y arriverons ! Journaliste dans le monde du sport depuis plus de 5 ans, je traite aussi bien de football, de rugby, de biathlon que de cyclisme.","sameAs":["https:\/\/www.facebook.com\/dicodusport","https:\/\/x.com\/https:\/\/twitter.com\/Nico_Jacquemard"],"url":"https:\/\/dicodusport.fr\/blog\/author\/dicodusport\/"}]}},"_links":{"self":[{"href":"https:\/\/dicodusport.fr\/blog\/wp-json\/wp\/v2\/posts\/502714","targetHints":{"allow":["GET"]}}],"collection":[{"href":"https:\/\/dicodusport.fr\/blog\/wp-json\/wp\/v2\/posts"}],"about":[{"href":"https:\/\/dicodusport.fr\/blog\/wp-json\/wp\/v2\/types\/post"}],"author":[{"embeddable":true,"href":"https:\/\/dicodusport.fr\/blog\/wp-json\/wp\/v2\/users\/1"}],"replies":[{"embeddable":true,"href":"https:\/\/dicodusport.fr\/blog\/wp-json\/wp\/v2\/comments?post=502714"}],"version-history":[{"count":5,"href":"https:\/\/dicodusport.fr\/blog\/wp-json\/wp\/v2\/posts\/502714\/revisions"}],"predecessor-version":[{"id":502733,"href":"https:\/\/dicodusport.fr\/blog\/wp-json\/wp\/v2\/posts\/502714\/revisions\/502733"}],"wp:featuredmedia":[{"embeddable":true,"href":"https:\/\/dicodusport.fr\/blog\/wp-json\/wp\/v2\/media\/502716"}],"wp:attachment":[{"href":"https:\/\/dicodusport.fr\/blog\/wp-json\/wp\/v2\/media?parent=502714"}],"wp:term":[{"taxonomy":"category","embeddable":true,"href":"https:\/\/dicodusport.fr\/blog\/wp-json\/wp\/v2\/categories?post=502714"},{"taxonomy":"post_tag","embeddable":true,"href":"https:\/\/dicodusport.fr\/blog\/wp-json\/wp\/v2\/tags?post=502714"}],"curies":[{"name":"wp","href":"https:\/\/api.w.org\/{rel}","templated":true}]}}