{"id":502742,"date":"2024-07-24T15:27:30","date_gmt":"2024-07-24T13:27:30","guid":{"rendered":"https:\/\/dicodusport.fr\/blog\/?p=502742&#038;preview=true&#038;preview_id=502742"},"modified":"2024-07-24T15:27:30","modified_gmt":"2024-07-24T13:27:30","slug":"wta-iasi-chloe-paquet-renverse-selena-janicijevic-en-quarts-et-integre-enfin-le-top-100","status":"publish","type":"post","link":"https:\/\/dicodusport.fr\/blog\/wta-iasi-chloe-paquet-renverse-selena-janicijevic-en-quarts-et-integre-enfin-le-top-100\/","title":{"rendered":"WTA Iasi : Chlo\u00e9 Paquet renverse Selena Janicijevic en quarts et int\u00e8gre enfin le Top 100"},"content":{"rendered":"<p style=\"text-align: justify;\"><strong><em>TOURNOI WTA 250 DE IASI &#8211; Tr\u00e8s mal partie, Chlo\u00e9 Paquet a fini par venir \u00e0 bout de Selena Janicijevic, et en plus d&rsquo;une deuxi\u00e8me demi-finale WTA en carri\u00e8re, elle obtient enfin une place dans le Top 100 tant convoit\u00e9e.\u00a0<\/em><\/strong><\/p>\n<p style=\"text-align: justify;\">Un quart de finale 100% tricolore sur le circuit WTA, c&rsquo;est cens\u00e9 \u00eatre rare, mais pourtant, cela arrivait aujourd&rsquo;hui pour la deuxi\u00e8me semaine cons\u00e9cutive. Apr\u00e8s <a href=\"https:\/\/dicodusport.fr\/blog\/wta-palerme-diane-parry-essore-chloe-paquet-et-rejoint-les-demi-finales\/\">sa d\u00e9faite \u00e0 ce stade<\/a> contre <strong>Diane Parry<\/strong> \u00e0 Palerme, Chlo\u00e9 Paquet arrivait cette fois en favorite contre <strong>Selena Janicijevic,<\/strong> novice \u00e0 ce niveau. <a href=\"https:\/\/dicodusport.fr\/blog\/wta-iasi-selena-janicijevic-et-chloe-paquet-se-defieront-en-quarts-de-finale\/\">Un duel incertain entre deux joueuses \u00e0 la recherche d&rsquo;une performance marquante<\/a>.<\/p>\n<h2 style=\"text-align: justify;\">Paquet aura mis le temps<\/h2>\n<p style=\"text-align: justify;\">Mais la premi\u00e8re manche sera tout sauf incertaine. Il n&rsquo;y a alors qu&rsquo;une seule joueuse sur le court : <strong>Selena Janicijevic<\/strong>. Nullement impressionn\u00e9e par cette premi\u00e8re \u00e0 ce niveau, la benjamine des deux prend le match \u00e0 son compte, et le r\u00e9sultat est impressionnant : une domination derri\u00e8re ses 79% de premi\u00e8res balles, et aucune h\u00e9sitation sur balle de break. En 21 minutes, <strong>Chlo\u00e9 Paquet<\/strong> a pris <strong>6-0<\/strong> et l&rsquo;on se demande combien de temps va durer le match.<\/p>\n<ul style=\"text-align: justify;\">\n<li><strong>\u00c0 ce sujet &#8211; <a href=\"https:\/\/dicodusport.fr\/blog\/wta-250-le-tableau-du-tournoi-de-iasi-2024\/\">Le tableau du tournoi de Iasi<\/a><\/strong><\/li>\n<\/ul>\n<p style=\"text-align: justify;\">Une question \u00e0 laquelle <strong>Janicijevic<\/strong> a failli r\u00e9pondre d&rsquo;entr\u00e9e, mais elle ne convertira aucune de ses quatre balles de break initiales. Comme c&rsquo;est d\u00e9j\u00e0 arriv\u00e9 un millier de fois dans l&rsquo;histoire du tennis, ce sera un tournant. Frustr\u00e9e de ne pas avoir achev\u00e9 sa rivale, elle va commencer \u00e0 rater des coups faciles, et <strong>Chlo\u00e9 Paquet<\/strong> va enfin entrer dans son match, usant de son exp\u00e9rience pour sortir le coup juste au moment important. Un renversement total de situation qui d\u00e9bouche logiquement sur une troisi\u00e8me manche.<\/p>\n<p style=\"text-align: justify;\">Et comme on pouvait le craindre, l&rsquo;\u00e9cart initial explose alors \u00e0 la figure de <strong>Janicijevic,<\/strong> qui disparait totalement du court. Au total, elle aura encaiss\u00e9 neuf jeux d&rsquo;affil\u00e9e, et quand elle refait surface, elle a deux breaks dans la vue. Malgr\u00e9 toute sa volont\u00e9, elle ne reviendra pas et laissera sa rivale conclure <strong>0-6, 6-2, 6-1<\/strong>. C&rsquo;est un grand jour pour <strong>Chlo\u00e9 Paquet<\/strong>, qui disputera demain sa deuxi\u00e8me demi-finale WTA, mais qui va surtout enfin, apr\u00e8s une si longue attente, devenir une membre du Top 100. Et c&rsquo;est on ne peut plus m\u00e9rit\u00e9.<\/p>\n","protected":false},"excerpt":{"rendered":"<p>TOURNOI WTA 250 DE IASI &#8211; Tr\u00e8s mal partie, Chlo\u00e9 Paquet a fini par venir \u00e0 bout de Selena Janicijevic, et en plus d&rsquo;une deuxi\u00e8me demi-finale WTA en carri\u00e8re, elle obtient enfin une place dans le Top 100 tant convoit\u00e9e.\u00a0<\/p>\n","protected":false},"author":59,"featured_media":502768,"comment_status":"open","ping_status":"closed","sticky":false,"template":"","format":"standard","meta":{"_acf_changed":false,"_daextam_enable_autolinks":"1","footnotes":""},"categories":[2302],"tags":[16878,7938,23244],"class_list":["post-502742","post","type-post","status-publish","format-standard","has-post-thumbnail","hentry","category-tennis","tag-breve","tag-chloe-paquet","tag-selena-janicijevic"],"acf":[],"yoast_head":"<!-- This site is optimized with the Yoast SEO Premium plugin v26.7 (Yoast SEO v26.7) - https:\/\/yoast.com\/wordpress\/plugins\/seo\/ -->\n<title>WTA Iasi : Chlo\u00e9 Paquet renverse Selena Janicijevic en quarts et int\u00e8gre enfin le Top 100<\/title>\n<meta name=\"description\" content=\"TOURNOI WTA 250 DE IASI - Tr\u00e8s mal partie, Chlo\u00e9 Paquet a fini par venir \u00e0 bout de Selena Janicijevic, et obtient enfin une place dans le Top 100.\" \/>\n<meta name=\"robots\" content=\"index, follow, max-snippet:-1, max-image-preview:large, max-video-preview:-1\" \/>\n<link rel=\"canonical\" href=\"https:\/\/dicodusport.fr\/blog\/wta-iasi-chloe-paquet-renverse-selena-janicijevic-en-quarts-et-integre-enfin-le-top-100\/\" \/>\n<meta property=\"og:locale\" content=\"fr_FR\" \/>\n<meta property=\"og:type\" content=\"article\" \/>\n<meta property=\"og:title\" content=\"WTA Iasi : Chlo\u00e9 Paquet renverse Selena Janicijevic en quarts et int\u00e8gre enfin le Top 100\" \/>\n<meta property=\"og:description\" content=\"TOURNOI WTA 250 DE IASI - Tr\u00e8s mal partie, Chlo\u00e9 Paquet a fini par venir \u00e0 bout de Selena Janicijevic, et obtient enfin une place dans le Top 100.\" \/>\n<meta property=\"og:url\" content=\"https:\/\/dicodusport.fr\/blog\/wta-iasi-chloe-paquet-renverse-selena-janicijevic-en-quarts-et-integre-enfin-le-top-100\/\" \/>\n<meta property=\"og:site_name\" content=\"Dicodusport\" \/>\n<meta property=\"article:publisher\" content=\"https:\/\/www.facebook.com\/dicodusport\" \/>\n<meta property=\"article:author\" content=\"https:\/\/www.facebook.com\/sebastien.gente\/\" \/>\n<meta property=\"article:published_time\" content=\"2024-07-24T13:27:30+00:00\" \/>\n<meta property=\"og:image\" content=\"https:\/\/dicodusport.fr\/blog\/wp-content\/uploads\/2024\/07\/WTA-Iasi-Chloe-Paquet-renverse-Selena-Janicijevic-en-quarts-et-integre-enfin-le-Top-100.png\" \/>\n\t<meta property=\"og:image:width\" content=\"1200\" \/>\n\t<meta property=\"og:image:height\" content=\"674\" \/>\n\t<meta property=\"og:image:type\" content=\"image\/png\" \/>\n<meta name=\"author\" content=\"S\u00e9bastien Gente\" \/>\n<meta name=\"twitter:card\" content=\"summary_large_image\" \/>\n<meta name=\"twitter:title\" content=\"WTA Iasi : Chlo\u00e9 Paquet renverse Selena Janicijevic en quarts et int\u00e8gre enfin le Top 100\" \/>\n<meta name=\"twitter:creator\" content=\"@https:\/\/twitter.com\/globulo24\" \/>\n<meta name=\"twitter:site\" content=\"@dicodusport\" \/>\n<script type=\"application\/ld+json\" class=\"yoast-schema-graph\">{\"@context\":\"https:\/\/schema.org\",\"@graph\":[{\"@type\":\"NewsArticle\",\"@id\":\"https:\/\/dicodusport.fr\/blog\/wta-iasi-chloe-paquet-renverse-selena-janicijevic-en-quarts-et-integre-enfin-le-top-100\/#article\",\"isPartOf\":{\"@id\":\"https:\/\/dicodusport.fr\/blog\/wta-iasi-chloe-paquet-renverse-selena-janicijevic-en-quarts-et-integre-enfin-le-top-100\/\"},\"author\":{\"name\":\"S\u00e9bastien Gente\",\"@id\":\"https:\/\/dicodusport.fr\/blog\/#\/schema\/person\/627966a6cde45dbd8c5e36ac85d783da\"},\"headline\":\"WTA Iasi : Chlo\u00e9 Paquet renverse Selena Janicijevic en quarts et int\u00e8gre enfin le Top 100\",\"datePublished\":\"2024-07-24T13:27:30+00:00\",\"mainEntityOfPage\":{\"@id\":\"https:\/\/dicodusport.fr\/blog\/wta-iasi-chloe-paquet-renverse-selena-janicijevic-en-quarts-et-integre-enfin-le-top-100\/\"},\"wordCount\":410,\"commentCount\":0,\"publisher\":{\"@id\":\"https:\/\/dicodusport.fr\/blog\/#organization\"},\"image\":{\"@id\":\"https:\/\/dicodusport.fr\/blog\/wta-iasi-chloe-paquet-renverse-selena-janicijevic-en-quarts-et-integre-enfin-le-top-100\/#primaryimage\"},\"thumbnailUrl\":\"https:\/\/dicodusport.fr\/blog\/wp-content\/uploads\/2024\/07\/WTA-Iasi-Chloe-Paquet-renverse-Selena-Janicijevic-en-quarts-et-integre-enfin-le-Top-100.png\",\"keywords\":[\"br\u00e8ve\",\"Chlo\u00e9 Paquet\",\"Selena Janicijevic\"],\"articleSection\":[\"Tennis\"],\"inLanguage\":\"fr-FR\",\"potentialAction\":[{\"@type\":\"CommentAction\",\"name\":\"Comment\",\"target\":[\"https:\/\/dicodusport.fr\/blog\/wta-iasi-chloe-paquet-renverse-selena-janicijevic-en-quarts-et-integre-enfin-le-top-100\/#respond\"]}],\"copyrightYear\":\"2024\",\"copyrightHolder\":{\"@id\":\"https:\/\/dicodusport.fr\/blog\/#organization\"}},{\"@type\":\"WebPage\",\"@id\":\"https:\/\/dicodusport.fr\/blog\/wta-iasi-chloe-paquet-renverse-selena-janicijevic-en-quarts-et-integre-enfin-le-top-100\/\",\"url\":\"https:\/\/dicodusport.fr\/blog\/wta-iasi-chloe-paquet-renverse-selena-janicijevic-en-quarts-et-integre-enfin-le-top-100\/\",\"name\":\"WTA Iasi : Chlo\u00e9 Paquet renverse Selena Janicijevic en quarts et int\u00e8gre enfin le Top 100\",\"isPartOf\":{\"@id\":\"https:\/\/dicodusport.fr\/blog\/#website\"},\"primaryImageOfPage\":{\"@id\":\"https:\/\/dicodusport.fr\/blog\/wta-iasi-chloe-paquet-renverse-selena-janicijevic-en-quarts-et-integre-enfin-le-top-100\/#primaryimage\"},\"image\":{\"@id\":\"https:\/\/dicodusport.fr\/blog\/wta-iasi-chloe-paquet-renverse-selena-janicijevic-en-quarts-et-integre-enfin-le-top-100\/#primaryimage\"},\"thumbnailUrl\":\"https:\/\/dicodusport.fr\/blog\/wp-content\/uploads\/2024\/07\/WTA-Iasi-Chloe-Paquet-renverse-Selena-Janicijevic-en-quarts-et-integre-enfin-le-Top-100.png\",\"datePublished\":\"2024-07-24T13:27:30+00:00\",\"description\":\"TOURNOI WTA 250 DE IASI - Tr\u00e8s mal partie, Chlo\u00e9 Paquet a fini par venir \u00e0 bout de Selena Janicijevic, et obtient enfin une place dans le Top 100.\",\"breadcrumb\":{\"@id\":\"https:\/\/dicodusport.fr\/blog\/wta-iasi-chloe-paquet-renverse-selena-janicijevic-en-quarts-et-integre-enfin-le-top-100\/#breadcrumb\"},\"inLanguage\":\"fr-FR\",\"potentialAction\":[{\"@type\":\"ReadAction\",\"target\":[\"https:\/\/dicodusport.fr\/blog\/wta-iasi-chloe-paquet-renverse-selena-janicijevic-en-quarts-et-integre-enfin-le-top-100\/\"]}]},{\"@type\":\"ImageObject\",\"inLanguage\":\"fr-FR\",\"@id\":\"https:\/\/dicodusport.fr\/blog\/wta-iasi-chloe-paquet-renverse-selena-janicijevic-en-quarts-et-integre-enfin-le-top-100\/#primaryimage\",\"url\":\"https:\/\/dicodusport.fr\/blog\/wp-content\/uploads\/2024\/07\/WTA-Iasi-Chloe-Paquet-renverse-Selena-Janicijevic-en-quarts-et-integre-enfin-le-Top-100.png\",\"contentUrl\":\"https:\/\/dicodusport.fr\/blog\/wp-content\/uploads\/2024\/07\/WTA-Iasi-Chloe-Paquet-renverse-Selena-Janicijevic-en-quarts-et-integre-enfin-le-Top-100.png\",\"width\":1200,\"height\":674,\"caption\":\"WTA Iasi Chlo\u00e9 Paquet renverse Selena Janicijevic en quarts et int\u00e8gre enfin le Top 100\"},{\"@type\":\"BreadcrumbList\",\"@id\":\"https:\/\/dicodusport.fr\/blog\/wta-iasi-chloe-paquet-renverse-selena-janicijevic-en-quarts-et-integre-enfin-le-top-100\/#breadcrumb\",\"itemListElement\":[{\"@type\":\"ListItem\",\"position\":1,\"name\":\"Accueil\",\"item\":\"https:\/\/dicodusport.fr\/blog\/\"},{\"@type\":\"ListItem\",\"position\":2,\"name\":\"WTA Iasi : Chlo\u00e9 Paquet renverse Selena Janicijevic en quarts et int\u00e8gre enfin le Top 100\"}]},{\"@type\":\"WebSite\",\"@id\":\"https:\/\/dicodusport.fr\/blog\/#website\",\"url\":\"https:\/\/dicodusport.fr\/blog\/\",\"name\":\"Dicodusport\",\"description\":\"L&#039;encyclop\u00e9die de l&#039;actualit\u00e9 sportive\",\"publisher\":{\"@id\":\"https:\/\/dicodusport.fr\/blog\/#organization\"},\"potentialAction\":[{\"@type\":\"SearchAction\",\"target\":{\"@type\":\"EntryPoint\",\"urlTemplate\":\"https:\/\/dicodusport.fr\/blog\/?s={search_term_string}\"},\"query-input\":{\"@type\":\"PropertyValueSpecification\",\"valueRequired\":true,\"valueName\":\"search_term_string\"}}],\"inLanguage\":\"fr-FR\"},{\"@type\":\"NewsMediaOrganization\",\"@id\":\"https:\/\/dicodusport.fr\/blog\/#organization\",\"name\":\"Dicodusport\",\"url\":\"https:\/\/dicodusport.fr\/blog\/\",\"logo\":{\"@type\":\"ImageObject\",\"inLanguage\":\"fr-FR\",\"@id\":\"https:\/\/dicodusport.fr\/blog\/#\/schema\/logo\/image\/\",\"url\":\"https:\/\/dicodusport.fr\/blog\/wp-content\/uploads\/2020\/06\/cropped-LOGO-DICODUSPORT-2020-SANS-FOND-SANS-TEXTE.png\",\"contentUrl\":\"https:\/\/dicodusport.fr\/blog\/wp-content\/uploads\/2020\/06\/cropped-LOGO-DICODUSPORT-2020-SANS-FOND-SANS-TEXTE.png\",\"width\":512,\"height\":512,\"caption\":\"Dicodusport\"},\"image\":{\"@id\":\"https:\/\/dicodusport.fr\/blog\/#\/schema\/logo\/image\/\"},\"sameAs\":[\"https:\/\/www.facebook.com\/dicodusport\",\"https:\/\/x.com\/dicodusport\",\"https:\/\/www.instagram.com\/dicodusport\/\",\"https:\/\/www.youtube.com\/channel\/UC7V2KZ5sd3htJivAbA4ZG3w\"],\"description\":\"Dicodusport est l'encyclop\u00e9die de l'actualit\u00e9 sportive.\",\"email\":\"bonjour@dicodusport.fr\",\"legalName\":\"DICODUSPORT\",\"foundingDate\":\"2018-01-14\",\"vatID\":\"FR71834470973\",\"taxID\":\"83447097300043\",\"numberOfEmployees\":{\"@type\":\"QuantitativeValue\",\"minValue\":\"1\",\"maxValue\":\"10\"}},{\"@type\":\"Person\",\"@id\":\"https:\/\/dicodusport.fr\/blog\/#\/schema\/person\/627966a6cde45dbd8c5e36ac85d783da\",\"name\":\"S\u00e9bastien Gente\",\"image\":{\"@type\":\"ImageObject\",\"inLanguage\":\"fr-FR\",\"@id\":\"https:\/\/dicodusport.fr\/blog\/#\/schema\/person\/image\/\",\"url\":\"https:\/\/dicodusport.fr\/blog\/wp-content\/uploads\/2021\/09\/1510990_10205810251400683_4124423575079401707_n-150x150.jpg\",\"contentUrl\":\"https:\/\/dicodusport.fr\/blog\/wp-content\/uploads\/2021\/09\/1510990_10205810251400683_4124423575079401707_n-150x150.jpg\",\"caption\":\"S\u00e9bastien Gente\"},\"description\":\"John Stockton, Gianni Bugno, Zinedine Zidane, Steffi Graf, Frode Andresen, St\u00e9phane Stoecklin, Davis Kamoga, Primoz Peterka, Werner Schlager et Aur\u00e9lien Rougerie. Point commun entre ces sportifs? Ils m'ont fait r\u00eaver et ont berc\u00e9 mon adolescence. Je suis un fondu de sports et j'essaie de retranscrire ma passion \u00e0 travers mes articles. Originaire du P\u00e9rigord, ma passion pour les Girondins, les Jaunards et les Jazzmen transpire dans mes \u00e9crits. \u00c0 Dicodusport depuis 2021, je d\u00e9niche les sports m\u00e9connus dans lesquels la France brille, et il y en a !\",\"sameAs\":[\"https:\/\/www.facebook.com\/sebastien.gente\/\",\"https:\/\/www.instagram.com\/sebgente\/\",\"https:\/\/www.linkedin.com\/in\/sbastien-gente-a29583169\/\",\"https:\/\/x.com\/https:\/\/twitter.com\/globulo24\",\"SebastienGente\"],\"worksFor\":\"S\u00e9bastien GENTE\",\"url\":\"https:\/\/dicodusport.fr\/blog\/author\/sebastiengente\/\"}]}<\/script>\n<!-- \/ Yoast SEO Premium plugin. -->","yoast_head_json":{"title":"WTA Iasi : Chlo\u00e9 Paquet renverse Selena Janicijevic en quarts et int\u00e8gre enfin le Top 100","description":"TOURNOI WTA 250 DE IASI - Tr\u00e8s mal partie, Chlo\u00e9 Paquet a fini par venir \u00e0 bout de Selena Janicijevic, et obtient enfin une place dans le Top 100.","robots":{"index":"index","follow":"follow","max-snippet":"max-snippet:-1","max-image-preview":"max-image-preview:large","max-video-preview":"max-video-preview:-1"},"canonical":"https:\/\/dicodusport.fr\/blog\/wta-iasi-chloe-paquet-renverse-selena-janicijevic-en-quarts-et-integre-enfin-le-top-100\/","og_locale":"fr_FR","og_type":"article","og_title":"WTA Iasi : Chlo\u00e9 Paquet renverse Selena Janicijevic en quarts et int\u00e8gre enfin le Top 100","og_description":"TOURNOI WTA 250 DE IASI - Tr\u00e8s mal partie, Chlo\u00e9 Paquet a fini par venir \u00e0 bout de Selena Janicijevic, et obtient enfin une place dans le Top 100.","og_url":"https:\/\/dicodusport.fr\/blog\/wta-iasi-chloe-paquet-renverse-selena-janicijevic-en-quarts-et-integre-enfin-le-top-100\/","og_site_name":"Dicodusport","article_publisher":"https:\/\/www.facebook.com\/dicodusport","article_author":"https:\/\/www.facebook.com\/sebastien.gente\/","article_published_time":"2024-07-24T13:27:30+00:00","og_image":[{"width":1200,"height":674,"url":"https:\/\/dicodusport.fr\/blog\/wp-content\/uploads\/2024\/07\/WTA-Iasi-Chloe-Paquet-renverse-Selena-Janicijevic-en-quarts-et-integre-enfin-le-Top-100.png","type":"image\/png"}],"author":"S\u00e9bastien Gente","twitter_card":"summary_large_image","twitter_title":"WTA Iasi : Chlo\u00e9 Paquet renverse Selena Janicijevic en quarts et int\u00e8gre enfin le Top 100","twitter_creator":"@https:\/\/twitter.com\/globulo24","twitter_site":"@dicodusport","schema":{"@context":"https:\/\/schema.org","@graph":[{"@type":"NewsArticle","@id":"https:\/\/dicodusport.fr\/blog\/wta-iasi-chloe-paquet-renverse-selena-janicijevic-en-quarts-et-integre-enfin-le-top-100\/#article","isPartOf":{"@id":"https:\/\/dicodusport.fr\/blog\/wta-iasi-chloe-paquet-renverse-selena-janicijevic-en-quarts-et-integre-enfin-le-top-100\/"},"author":{"name":"S\u00e9bastien Gente","@id":"https:\/\/dicodusport.fr\/blog\/#\/schema\/person\/627966a6cde45dbd8c5e36ac85d783da"},"headline":"WTA Iasi : Chlo\u00e9 Paquet renverse Selena Janicijevic en quarts et int\u00e8gre enfin le Top 100","datePublished":"2024-07-24T13:27:30+00:00","mainEntityOfPage":{"@id":"https:\/\/dicodusport.fr\/blog\/wta-iasi-chloe-paquet-renverse-selena-janicijevic-en-quarts-et-integre-enfin-le-top-100\/"},"wordCount":410,"commentCount":0,"publisher":{"@id":"https:\/\/dicodusport.fr\/blog\/#organization"},"image":{"@id":"https:\/\/dicodusport.fr\/blog\/wta-iasi-chloe-paquet-renverse-selena-janicijevic-en-quarts-et-integre-enfin-le-top-100\/#primaryimage"},"thumbnailUrl":"https:\/\/dicodusport.fr\/blog\/wp-content\/uploads\/2024\/07\/WTA-Iasi-Chloe-Paquet-renverse-Selena-Janicijevic-en-quarts-et-integre-enfin-le-Top-100.png","keywords":["br\u00e8ve","Chlo\u00e9 Paquet","Selena Janicijevic"],"articleSection":["Tennis"],"inLanguage":"fr-FR","potentialAction":[{"@type":"CommentAction","name":"Comment","target":["https:\/\/dicodusport.fr\/blog\/wta-iasi-chloe-paquet-renverse-selena-janicijevic-en-quarts-et-integre-enfin-le-top-100\/#respond"]}],"copyrightYear":"2024","copyrightHolder":{"@id":"https:\/\/dicodusport.fr\/blog\/#organization"}},{"@type":"WebPage","@id":"https:\/\/dicodusport.fr\/blog\/wta-iasi-chloe-paquet-renverse-selena-janicijevic-en-quarts-et-integre-enfin-le-top-100\/","url":"https:\/\/dicodusport.fr\/blog\/wta-iasi-chloe-paquet-renverse-selena-janicijevic-en-quarts-et-integre-enfin-le-top-100\/","name":"WTA Iasi : Chlo\u00e9 Paquet renverse Selena Janicijevic en quarts et int\u00e8gre enfin le Top 100","isPartOf":{"@id":"https:\/\/dicodusport.fr\/blog\/#website"},"primaryImageOfPage":{"@id":"https:\/\/dicodusport.fr\/blog\/wta-iasi-chloe-paquet-renverse-selena-janicijevic-en-quarts-et-integre-enfin-le-top-100\/#primaryimage"},"image":{"@id":"https:\/\/dicodusport.fr\/blog\/wta-iasi-chloe-paquet-renverse-selena-janicijevic-en-quarts-et-integre-enfin-le-top-100\/#primaryimage"},"thumbnailUrl":"https:\/\/dicodusport.fr\/blog\/wp-content\/uploads\/2024\/07\/WTA-Iasi-Chloe-Paquet-renverse-Selena-Janicijevic-en-quarts-et-integre-enfin-le-Top-100.png","datePublished":"2024-07-24T13:27:30+00:00","description":"TOURNOI WTA 250 DE IASI - Tr\u00e8s mal partie, Chlo\u00e9 Paquet a fini par venir \u00e0 bout de Selena Janicijevic, et obtient enfin une place dans le Top 100.","breadcrumb":{"@id":"https:\/\/dicodusport.fr\/blog\/wta-iasi-chloe-paquet-renverse-selena-janicijevic-en-quarts-et-integre-enfin-le-top-100\/#breadcrumb"},"inLanguage":"fr-FR","potentialAction":[{"@type":"ReadAction","target":["https:\/\/dicodusport.fr\/blog\/wta-iasi-chloe-paquet-renverse-selena-janicijevic-en-quarts-et-integre-enfin-le-top-100\/"]}]},{"@type":"ImageObject","inLanguage":"fr-FR","@id":"https:\/\/dicodusport.fr\/blog\/wta-iasi-chloe-paquet-renverse-selena-janicijevic-en-quarts-et-integre-enfin-le-top-100\/#primaryimage","url":"https:\/\/dicodusport.fr\/blog\/wp-content\/uploads\/2024\/07\/WTA-Iasi-Chloe-Paquet-renverse-Selena-Janicijevic-en-quarts-et-integre-enfin-le-Top-100.png","contentUrl":"https:\/\/dicodusport.fr\/blog\/wp-content\/uploads\/2024\/07\/WTA-Iasi-Chloe-Paquet-renverse-Selena-Janicijevic-en-quarts-et-integre-enfin-le-Top-100.png","width":1200,"height":674,"caption":"WTA Iasi Chlo\u00e9 Paquet renverse Selena Janicijevic en quarts et int\u00e8gre enfin le Top 100"},{"@type":"BreadcrumbList","@id":"https:\/\/dicodusport.fr\/blog\/wta-iasi-chloe-paquet-renverse-selena-janicijevic-en-quarts-et-integre-enfin-le-top-100\/#breadcrumb","itemListElement":[{"@type":"ListItem","position":1,"name":"Accueil","item":"https:\/\/dicodusport.fr\/blog\/"},{"@type":"ListItem","position":2,"name":"WTA Iasi : Chlo\u00e9 Paquet renverse Selena Janicijevic en quarts et int\u00e8gre enfin le Top 100"}]},{"@type":"WebSite","@id":"https:\/\/dicodusport.fr\/blog\/#website","url":"https:\/\/dicodusport.fr\/blog\/","name":"Dicodusport","description":"L&#039;encyclop\u00e9die de l&#039;actualit\u00e9 sportive","publisher":{"@id":"https:\/\/dicodusport.fr\/blog\/#organization"},"potentialAction":[{"@type":"SearchAction","target":{"@type":"EntryPoint","urlTemplate":"https:\/\/dicodusport.fr\/blog\/?s={search_term_string}"},"query-input":{"@type":"PropertyValueSpecification","valueRequired":true,"valueName":"search_term_string"}}],"inLanguage":"fr-FR"},{"@type":"NewsMediaOrganization","@id":"https:\/\/dicodusport.fr\/blog\/#organization","name":"Dicodusport","url":"https:\/\/dicodusport.fr\/blog\/","logo":{"@type":"ImageObject","inLanguage":"fr-FR","@id":"https:\/\/dicodusport.fr\/blog\/#\/schema\/logo\/image\/","url":"https:\/\/dicodusport.fr\/blog\/wp-content\/uploads\/2020\/06\/cropped-LOGO-DICODUSPORT-2020-SANS-FOND-SANS-TEXTE.png","contentUrl":"https:\/\/dicodusport.fr\/blog\/wp-content\/uploads\/2020\/06\/cropped-LOGO-DICODUSPORT-2020-SANS-FOND-SANS-TEXTE.png","width":512,"height":512,"caption":"Dicodusport"},"image":{"@id":"https:\/\/dicodusport.fr\/blog\/#\/schema\/logo\/image\/"},"sameAs":["https:\/\/www.facebook.com\/dicodusport","https:\/\/x.com\/dicodusport","https:\/\/www.instagram.com\/dicodusport\/","https:\/\/www.youtube.com\/channel\/UC7V2KZ5sd3htJivAbA4ZG3w"],"description":"Dicodusport est l'encyclop\u00e9die de l'actualit\u00e9 sportive.","email":"bonjour@dicodusport.fr","legalName":"DICODUSPORT","foundingDate":"2018-01-14","vatID":"FR71834470973","taxID":"83447097300043","numberOfEmployees":{"@type":"QuantitativeValue","minValue":"1","maxValue":"10"}},{"@type":"Person","@id":"https:\/\/dicodusport.fr\/blog\/#\/schema\/person\/627966a6cde45dbd8c5e36ac85d783da","name":"S\u00e9bastien Gente","image":{"@type":"ImageObject","inLanguage":"fr-FR","@id":"https:\/\/dicodusport.fr\/blog\/#\/schema\/person\/image\/","url":"https:\/\/dicodusport.fr\/blog\/wp-content\/uploads\/2021\/09\/1510990_10205810251400683_4124423575079401707_n-150x150.jpg","contentUrl":"https:\/\/dicodusport.fr\/blog\/wp-content\/uploads\/2021\/09\/1510990_10205810251400683_4124423575079401707_n-150x150.jpg","caption":"S\u00e9bastien Gente"},"description":"John Stockton, Gianni Bugno, Zinedine Zidane, Steffi Graf, Frode Andresen, St\u00e9phane Stoecklin, Davis Kamoga, Primoz Peterka, Werner Schlager et Aur\u00e9lien Rougerie. Point commun entre ces sportifs? Ils m'ont fait r\u00eaver et ont berc\u00e9 mon adolescence. Je suis un fondu de sports et j'essaie de retranscrire ma passion \u00e0 travers mes articles. Originaire du P\u00e9rigord, ma passion pour les Girondins, les Jaunards et les Jazzmen transpire dans mes \u00e9crits. \u00c0 Dicodusport depuis 2021, je d\u00e9niche les sports m\u00e9connus dans lesquels la France brille, et il y en a !","sameAs":["https:\/\/www.facebook.com\/sebastien.gente\/","https:\/\/www.instagram.com\/sebgente\/","https:\/\/www.linkedin.com\/in\/sbastien-gente-a29583169\/","https:\/\/x.com\/https:\/\/twitter.com\/globulo24","SebastienGente"],"worksFor":"S\u00e9bastien GENTE","url":"https:\/\/dicodusport.fr\/blog\/author\/sebastiengente\/"}]}},"_links":{"self":[{"href":"https:\/\/dicodusport.fr\/blog\/wp-json\/wp\/v2\/posts\/502742","targetHints":{"allow":["GET"]}}],"collection":[{"href":"https:\/\/dicodusport.fr\/blog\/wp-json\/wp\/v2\/posts"}],"about":[{"href":"https:\/\/dicodusport.fr\/blog\/wp-json\/wp\/v2\/types\/post"}],"author":[{"embeddable":true,"href":"https:\/\/dicodusport.fr\/blog\/wp-json\/wp\/v2\/users\/59"}],"replies":[{"embeddable":true,"href":"https:\/\/dicodusport.fr\/blog\/wp-json\/wp\/v2\/comments?post=502742"}],"version-history":[{"count":1,"href":"https:\/\/dicodusport.fr\/blog\/wp-json\/wp\/v2\/posts\/502742\/revisions"}],"predecessor-version":[{"id":502770,"href":"https:\/\/dicodusport.fr\/blog\/wp-json\/wp\/v2\/posts\/502742\/revisions\/502770"}],"wp:featuredmedia":[{"embeddable":true,"href":"https:\/\/dicodusport.fr\/blog\/wp-json\/wp\/v2\/media\/502768"}],"wp:attachment":[{"href":"https:\/\/dicodusport.fr\/blog\/wp-json\/wp\/v2\/media?parent=502742"}],"wp:term":[{"taxonomy":"category","embeddable":true,"href":"https:\/\/dicodusport.fr\/blog\/wp-json\/wp\/v2\/categories?post=502742"},{"taxonomy":"post_tag","embeddable":true,"href":"https:\/\/dicodusport.fr\/blog\/wp-json\/wp\/v2\/tags?post=502742"}],"curies":[{"name":"wp","href":"https:\/\/api.w.org\/{rel}","templated":true}]}}