{"id":502964,"date":"2024-07-25T10:43:16","date_gmt":"2024-07-25T08:43:16","guid":{"rendered":"https:\/\/dicodusport.fr\/blog\/?p=502964&#038;preview=true&#038;preview_id=502964"},"modified":"2024-07-25T11:34:32","modified_gmt":"2024-07-25T09:34:32","slug":"formule-1-esteban-ocon-sengage-officiellement-avec-haas","status":"publish","type":"post","link":"https:\/\/dicodusport.fr\/blog\/formule-1-esteban-ocon-sengage-officiellement-avec-haas\/","title":{"rendered":"Formule 1 : Esteban Ocon s&rsquo;engage officiellement avec Haas"},"content":{"rendered":"<p style=\"text-align: justify;\"><em><b>FORMULE 1 &#8211; Cela \u00e9tait devenu un secret de polichinelle, mais c&rsquo;est d\u00e9sormais officiel. Esteban Ocon sera un pilote de l&rsquo;\u00e9curie Haas \u00e0 partir de l&rsquo;ann\u00e9e 2025.<\/b><\/em><\/p>\n<ul style=\"text-align: justify;\">\n<li style=\"text-align: justify;\"><strong>\u00c0 ce sujet \u2013\u00a0<a href=\"https:\/\/dicodusport.fr\/blog\/f1-classement-championnat-du-monde-des-pilotes-2024\/\">F1 2024 \u2013 Classement Championnat du monde des pilotes<\/a><\/strong><\/li>\n<li style=\"text-align: justify;\"><strong>\u00c0 ce sujet \u2013\u00a0<a href=\"https:\/\/dicodusport.fr\/blog\/f1-classement-championnat-du-monde-des-constructeurs-2024\/\">F1 2024 \u2013 Classement Championnat du monde des constructeurs<\/a><\/strong><\/li>\n<\/ul>\n<p style=\"text-align: justify;\">Le jeu des chaises musicales se poursuit en <strong>Formule 1<\/strong>, et la grille de d\u00e9part pour la saison 2025 se contourne. Ce jeudi, une nouvelle \u00e9curie a ainsi compl\u00e9t\u00e9 son <em>line-up<\/em>. \u00c0 la recherche de deux pilotes pour remplacer <strong>Nico H\u00fclkenberg<\/strong> et <strong>Kevin Magnussen<\/strong>, <strong>Haas<\/strong> avait d\u00e9j\u00e0 annonc\u00e9 la signature du jeune rookie couv\u00e9 par Ferrari, <strong>Ollie Bearman<\/strong>. Et ce jeudi, c&rsquo;est au tour d&rsquo;Esteban Ocon d&rsquo;\u00eatre int\u00e9gr\u00e9 officiellement \u00e0 l&rsquo;\u00e9curie.<\/p>\n<h2 style=\"text-align: justify;\">Esteban Ocon s&rsquo;engage dans la dur\u00e9e avec Haas<\/h2>\n<p style=\"text-align: justify;\">Suite \u00e0 l&rsquo;annonce de la fin de son aventure chez Alpine au d\u00e9but du mois de juin, le pilote tricolore se retrouvait sans monoplace. Malgr\u00e9 tout, il est parvenu \u00e0 rapidement rebondir en retrouvant un nouveau volant. Le Tricolore a sign\u00e9 un contrat pluriannuel, sans que la dur\u00e9e exacte soit communiqu\u00e9e. Ainsi, il tentera de rebondir au sein du projet Haas alors que son histoire avec Alpine tourne en eau de boudin depuis de longs mois maintenant. En manque de performance, engag\u00e9 dans une bataille rugueuse avec son co\u00e9quipier, Ocon pointe actuellement \u00e0 la 18e place du championnat pilotes avec 3 points, accroch\u00e9s suite \u00e0 trois 10e places.<\/p>\n<p style=\"text-align: justify;\">Sur ses r\u00e9seaux sociaux, le pilote a fait part de son bonheur d&rsquo;entamer une nouvelle aventure : \u00ab Je suis ravi d&rsquo;ouvrir ce nouveau chapitre de ma carri\u00e8re en F1 et de rejoindre une \u00e9quipe ambitieuse, qui m&rsquo;impressionne par son esprit, ses m\u00e9thodes de travail et sa trajectoire ascendante \u00bb. Avant l&rsquo;ann\u00e9e prochaine et le d\u00e9but du mariage avec Haas, il reste encore 11 Grands Prix au calendrier de la saison 2024 au volant d&rsquo;Alpine pour Ocon.<\/p>\n<blockquote class=\"twitter-tweet\">\n<p dir=\"ltr\" lang=\"en\">Very proud to announce I will be joining <a href=\"https:\/\/twitter.com\/HaasF1Team?ref_src=twsrc%5Etfw\">@HaasF1Team<\/a> in 2025 on a multi-year deal.<\/p>\n<p>I am thrilled to embark on this new chapter in my F1 career and join an ambitious racing team whose spirit, work ethic, and undeniable upward trajectory has really impressed me. I\u2019d like to thank\u2026 <a href=\"https:\/\/t.co\/8ZrYV6Jdz1\">pic.twitter.com\/8ZrYV6Jdz1<\/a><\/p>\n<p>\u2014 Esteban Ocon (@OconEsteban) <a href=\"https:\/\/twitter.com\/OconEsteban\/status\/1816382889744826623?ref_src=twsrc%5Etfw\">July 25, 2024<\/a><\/p><\/blockquote>\n<p><script async src=\"https:\/\/platform.twitter.com\/widgets.js\" charset=\"utf-8\"><\/script><\/p>\n","protected":false},"excerpt":{"rendered":"<p>FORMULE 1 &#8211; Cela \u00e9tait devenu un secret de polichinelle, mais c&rsquo;est d\u00e9sormais officiel. Esteban Ocon sera un pilote de l&rsquo;\u00e9curie Haas \u00e0 partir de l&rsquo;ann\u00e9e 2025.<\/p>\n","protected":false},"author":55,"featured_media":502967,"comment_status":"open","ping_status":"closed","sticky":false,"template":"","format":"standard","meta":{"_acf_changed":false,"_daextam_enable_autolinks":"1","footnotes":""},"categories":[8653],"tags":[16878,4223,2065,4252],"class_list":["post-502964","post","type-post","status-publish","format-standard","has-post-thumbnail","hentry","category-formule-1","tag-breve","tag-esteban-ocon","tag-formule-1","tag-haas"],"acf":[],"yoast_head":"<!-- This site is optimized with the Yoast SEO Premium plugin v26.7 (Yoast SEO v26.7) - https:\/\/yoast.com\/wordpress\/plugins\/seo\/ -->\n<title>Formule 1 : Esteban Ocon s&#039;engage officiellement avec Haas<\/title>\n<meta name=\"description\" content=\"FORMULE 1 - Le pilote fran\u00e7ais Esteban Ocon a officialis\u00e9 sa signature au sein de l&#039;\u00e9curie Haas pour plusieurs saisons.\" \/>\n<meta name=\"robots\" content=\"index, follow, max-snippet:-1, max-image-preview:large, max-video-preview:-1\" \/>\n<link rel=\"canonical\" href=\"https:\/\/dicodusport.fr\/blog\/formule-1-esteban-ocon-sengage-officiellement-avec-haas\/\" \/>\n<meta property=\"og:locale\" content=\"fr_FR\" \/>\n<meta property=\"og:type\" content=\"article\" \/>\n<meta property=\"og:title\" content=\"Formule 1 : Esteban Ocon s&#039;engage officiellement avec Haas\" \/>\n<meta property=\"og:description\" content=\"FORMULE 1 - Le pilote fran\u00e7ais Esteban Ocon a officialis\u00e9 sa signature au sein de l&#039;\u00e9curie Haas pour plusieurs saisons.\" \/>\n<meta property=\"og:url\" content=\"https:\/\/dicodusport.fr\/blog\/formule-1-esteban-ocon-sengage-officiellement-avec-haas\/\" \/>\n<meta property=\"og:site_name\" content=\"Dicodusport\" \/>\n<meta property=\"article:publisher\" content=\"https:\/\/www.facebook.com\/dicodusport\" \/>\n<meta property=\"article:published_time\" content=\"2024-07-25T08:43:16+00:00\" \/>\n<meta property=\"article:modified_time\" content=\"2024-07-25T09:34:32+00:00\" \/>\n<meta property=\"og:image\" content=\"https:\/\/dicodusport.fr\/blog\/wp-content\/uploads\/2024\/07\/Formule-1-Esteban-Ocon-sengage-officiellement-avec-Haas.png\" \/>\n\t<meta property=\"og:image:width\" content=\"1200\" \/>\n\t<meta property=\"og:image:height\" content=\"674\" \/>\n\t<meta property=\"og:image:type\" content=\"image\/png\" \/>\n<meta name=\"author\" content=\"Maxime Cazenave\" \/>\n<meta name=\"twitter:card\" content=\"summary_large_image\" \/>\n<meta name=\"twitter:title\" content=\"Formule 1 : Esteban Ocon s&#039;engage officiellement avec Haas\" \/>\n<meta name=\"twitter:creator\" content=\"@https:\/\/twitter.com\/Maxime_Caze\" \/>\n<meta name=\"twitter:site\" content=\"@dicodusport\" \/>\n<script type=\"application\/ld+json\" class=\"yoast-schema-graph\">{\"@context\":\"https:\/\/schema.org\",\"@graph\":[{\"@type\":\"NewsArticle\",\"@id\":\"https:\/\/dicodusport.fr\/blog\/formule-1-esteban-ocon-sengage-officiellement-avec-haas\/#article\",\"isPartOf\":{\"@id\":\"https:\/\/dicodusport.fr\/blog\/formule-1-esteban-ocon-sengage-officiellement-avec-haas\/\"},\"author\":{\"name\":\"Maxime Cazenave\",\"@id\":\"https:\/\/dicodusport.fr\/blog\/#\/schema\/person\/37def232098a7a5cbab3974a3690abb0\"},\"headline\":\"Formule 1 : Esteban Ocon s&rsquo;engage officiellement avec Haas\",\"datePublished\":\"2024-07-25T08:43:16+00:00\",\"dateModified\":\"2024-07-25T09:34:32+00:00\",\"mainEntityOfPage\":{\"@id\":\"https:\/\/dicodusport.fr\/blog\/formule-1-esteban-ocon-sengage-officiellement-avec-haas\/\"},\"wordCount\":392,\"commentCount\":0,\"publisher\":{\"@id\":\"https:\/\/dicodusport.fr\/blog\/#organization\"},\"image\":{\"@id\":\"https:\/\/dicodusport.fr\/blog\/formule-1-esteban-ocon-sengage-officiellement-avec-haas\/#primaryimage\"},\"thumbnailUrl\":\"https:\/\/dicodusport.fr\/blog\/wp-content\/uploads\/2024\/07\/Formule-1-Esteban-Ocon-sengage-officiellement-avec-Haas.png\",\"keywords\":[\"br\u00e8ve\",\"Esteban Ocon\",\"Formule 1\",\"Haas\"],\"articleSection\":[\"Formule 1\"],\"inLanguage\":\"fr-FR\",\"potentialAction\":[{\"@type\":\"CommentAction\",\"name\":\"Comment\",\"target\":[\"https:\/\/dicodusport.fr\/blog\/formule-1-esteban-ocon-sengage-officiellement-avec-haas\/#respond\"]}],\"copyrightYear\":\"2024\",\"copyrightHolder\":{\"@id\":\"https:\/\/dicodusport.fr\/blog\/#organization\"}},{\"@type\":\"WebPage\",\"@id\":\"https:\/\/dicodusport.fr\/blog\/formule-1-esteban-ocon-sengage-officiellement-avec-haas\/\",\"url\":\"https:\/\/dicodusport.fr\/blog\/formule-1-esteban-ocon-sengage-officiellement-avec-haas\/\",\"name\":\"Formule 1 : Esteban Ocon s'engage officiellement avec Haas\",\"isPartOf\":{\"@id\":\"https:\/\/dicodusport.fr\/blog\/#website\"},\"primaryImageOfPage\":{\"@id\":\"https:\/\/dicodusport.fr\/blog\/formule-1-esteban-ocon-sengage-officiellement-avec-haas\/#primaryimage\"},\"image\":{\"@id\":\"https:\/\/dicodusport.fr\/blog\/formule-1-esteban-ocon-sengage-officiellement-avec-haas\/#primaryimage\"},\"thumbnailUrl\":\"https:\/\/dicodusport.fr\/blog\/wp-content\/uploads\/2024\/07\/Formule-1-Esteban-Ocon-sengage-officiellement-avec-Haas.png\",\"datePublished\":\"2024-07-25T08:43:16+00:00\",\"dateModified\":\"2024-07-25T09:34:32+00:00\",\"description\":\"FORMULE 1 - Le pilote fran\u00e7ais Esteban Ocon a officialis\u00e9 sa signature au sein de l'\u00e9curie Haas pour plusieurs saisons.\",\"breadcrumb\":{\"@id\":\"https:\/\/dicodusport.fr\/blog\/formule-1-esteban-ocon-sengage-officiellement-avec-haas\/#breadcrumb\"},\"inLanguage\":\"fr-FR\",\"potentialAction\":[{\"@type\":\"ReadAction\",\"target\":[\"https:\/\/dicodusport.fr\/blog\/formule-1-esteban-ocon-sengage-officiellement-avec-haas\/\"]}]},{\"@type\":\"ImageObject\",\"inLanguage\":\"fr-FR\",\"@id\":\"https:\/\/dicodusport.fr\/blog\/formule-1-esteban-ocon-sengage-officiellement-avec-haas\/#primaryimage\",\"url\":\"https:\/\/dicodusport.fr\/blog\/wp-content\/uploads\/2024\/07\/Formule-1-Esteban-Ocon-sengage-officiellement-avec-Haas.png\",\"contentUrl\":\"https:\/\/dicodusport.fr\/blog\/wp-content\/uploads\/2024\/07\/Formule-1-Esteban-Ocon-sengage-officiellement-avec-Haas.png\",\"width\":1200,\"height\":674,\"caption\":\"Cr\u00e9dit : Icon Sport\"},{\"@type\":\"BreadcrumbList\",\"@id\":\"https:\/\/dicodusport.fr\/blog\/formule-1-esteban-ocon-sengage-officiellement-avec-haas\/#breadcrumb\",\"itemListElement\":[{\"@type\":\"ListItem\",\"position\":1,\"name\":\"Accueil\",\"item\":\"https:\/\/dicodusport.fr\/blog\/\"},{\"@type\":\"ListItem\",\"position\":2,\"name\":\"Formule 1 : Esteban Ocon s&#8217;engage officiellement avec Haas\"}]},{\"@type\":\"WebSite\",\"@id\":\"https:\/\/dicodusport.fr\/blog\/#website\",\"url\":\"https:\/\/dicodusport.fr\/blog\/\",\"name\":\"Dicodusport\",\"description\":\"L&#039;encyclop\u00e9die de l&#039;actualit\u00e9 sportive\",\"publisher\":{\"@id\":\"https:\/\/dicodusport.fr\/blog\/#organization\"},\"potentialAction\":[{\"@type\":\"SearchAction\",\"target\":{\"@type\":\"EntryPoint\",\"urlTemplate\":\"https:\/\/dicodusport.fr\/blog\/?s={search_term_string}\"},\"query-input\":{\"@type\":\"PropertyValueSpecification\",\"valueRequired\":true,\"valueName\":\"search_term_string\"}}],\"inLanguage\":\"fr-FR\"},{\"@type\":\"NewsMediaOrganization\",\"@id\":\"https:\/\/dicodusport.fr\/blog\/#organization\",\"name\":\"Dicodusport\",\"url\":\"https:\/\/dicodusport.fr\/blog\/\",\"logo\":{\"@type\":\"ImageObject\",\"inLanguage\":\"fr-FR\",\"@id\":\"https:\/\/dicodusport.fr\/blog\/#\/schema\/logo\/image\/\",\"url\":\"https:\/\/dicodusport.fr\/blog\/wp-content\/uploads\/2020\/06\/cropped-LOGO-DICODUSPORT-2020-SANS-FOND-SANS-TEXTE.png\",\"contentUrl\":\"https:\/\/dicodusport.fr\/blog\/wp-content\/uploads\/2020\/06\/cropped-LOGO-DICODUSPORT-2020-SANS-FOND-SANS-TEXTE.png\",\"width\":512,\"height\":512,\"caption\":\"Dicodusport\"},\"image\":{\"@id\":\"https:\/\/dicodusport.fr\/blog\/#\/schema\/logo\/image\/\"},\"sameAs\":[\"https:\/\/www.facebook.com\/dicodusport\",\"https:\/\/x.com\/dicodusport\",\"https:\/\/www.instagram.com\/dicodusport\/\",\"https:\/\/www.youtube.com\/channel\/UC7V2KZ5sd3htJivAbA4ZG3w\"],\"description\":\"Dicodusport est l'encyclop\u00e9die de l'actualit\u00e9 sportive.\",\"email\":\"bonjour@dicodusport.fr\",\"legalName\":\"DICODUSPORT\",\"foundingDate\":\"2018-01-14\",\"vatID\":\"FR71834470973\",\"taxID\":\"83447097300043\",\"numberOfEmployees\":{\"@type\":\"QuantitativeValue\",\"minValue\":\"1\",\"maxValue\":\"10\"}},{\"@type\":\"Person\",\"@id\":\"https:\/\/dicodusport.fr\/blog\/#\/schema\/person\/37def232098a7a5cbab3974a3690abb0\",\"name\":\"Maxime Cazenave\",\"image\":{\"@type\":\"ImageObject\",\"inLanguage\":\"fr-FR\",\"@id\":\"https:\/\/dicodusport.fr\/blog\/#\/schema\/person\/image\/\",\"url\":\"https:\/\/dicodusport.fr\/blog\/wp-content\/uploads\/2021\/05\/Maxime-Cazenave-150x150.jpg\",\"contentUrl\":\"https:\/\/dicodusport.fr\/blog\/wp-content\/uploads\/2021\/05\/Maxime-Cazenave-150x150.jpg\",\"caption\":\"Maxime Cazenave\"},\"description\":\"Journaliste\/R\u00e9dacteur depuis 2012 - Berc\u00e9 par l\u2019amour des Girondins de Bordeaux, les \u00e9checs de Christophe Moreau sur le Tour de France sous l'\u00e8re Lance Armstrong et le fade-away l\u00e9tal de Dirk Nowitzki, ma passion d\u00e9vorante pour le sport a toujours \u00e9t\u00e9 un pan incontournable de ma vie. Transmettre ma passion \u00e0 l\u2019\u00e9crit a \u00e9t\u00e9 une transition naturelle. Suiveur assidu de basket et de hockey sur glace, je garde toujours un peu de place pour suivre le cyclisme, le football et le maximum de performances fran\u00e7aises.\",\"sameAs\":[\"https:\/\/x.com\/https:\/\/twitter.com\/Maxime_Caze\"],\"url\":\"https:\/\/dicodusport.fr\/blog\/author\/maximec\/\"}]}<\/script>\n<!-- \/ Yoast SEO Premium plugin. -->","yoast_head_json":{"title":"Formule 1 : Esteban Ocon s'engage officiellement avec Haas","description":"FORMULE 1 - Le pilote fran\u00e7ais Esteban Ocon a officialis\u00e9 sa signature au sein de l'\u00e9curie Haas pour plusieurs saisons.","robots":{"index":"index","follow":"follow","max-snippet":"max-snippet:-1","max-image-preview":"max-image-preview:large","max-video-preview":"max-video-preview:-1"},"canonical":"https:\/\/dicodusport.fr\/blog\/formule-1-esteban-ocon-sengage-officiellement-avec-haas\/","og_locale":"fr_FR","og_type":"article","og_title":"Formule 1 : Esteban Ocon s'engage officiellement avec Haas","og_description":"FORMULE 1 - Le pilote fran\u00e7ais Esteban Ocon a officialis\u00e9 sa signature au sein de l'\u00e9curie Haas pour plusieurs saisons.","og_url":"https:\/\/dicodusport.fr\/blog\/formule-1-esteban-ocon-sengage-officiellement-avec-haas\/","og_site_name":"Dicodusport","article_publisher":"https:\/\/www.facebook.com\/dicodusport","article_published_time":"2024-07-25T08:43:16+00:00","article_modified_time":"2024-07-25T09:34:32+00:00","og_image":[{"width":1200,"height":674,"url":"https:\/\/dicodusport.fr\/blog\/wp-content\/uploads\/2024\/07\/Formule-1-Esteban-Ocon-sengage-officiellement-avec-Haas.png","type":"image\/png"}],"author":"Maxime Cazenave","twitter_card":"summary_large_image","twitter_title":"Formule 1 : Esteban Ocon s'engage officiellement avec Haas","twitter_creator":"@https:\/\/twitter.com\/Maxime_Caze","twitter_site":"@dicodusport","schema":{"@context":"https:\/\/schema.org","@graph":[{"@type":"NewsArticle","@id":"https:\/\/dicodusport.fr\/blog\/formule-1-esteban-ocon-sengage-officiellement-avec-haas\/#article","isPartOf":{"@id":"https:\/\/dicodusport.fr\/blog\/formule-1-esteban-ocon-sengage-officiellement-avec-haas\/"},"author":{"name":"Maxime Cazenave","@id":"https:\/\/dicodusport.fr\/blog\/#\/schema\/person\/37def232098a7a5cbab3974a3690abb0"},"headline":"Formule 1 : Esteban Ocon s&rsquo;engage officiellement avec Haas","datePublished":"2024-07-25T08:43:16+00:00","dateModified":"2024-07-25T09:34:32+00:00","mainEntityOfPage":{"@id":"https:\/\/dicodusport.fr\/blog\/formule-1-esteban-ocon-sengage-officiellement-avec-haas\/"},"wordCount":392,"commentCount":0,"publisher":{"@id":"https:\/\/dicodusport.fr\/blog\/#organization"},"image":{"@id":"https:\/\/dicodusport.fr\/blog\/formule-1-esteban-ocon-sengage-officiellement-avec-haas\/#primaryimage"},"thumbnailUrl":"https:\/\/dicodusport.fr\/blog\/wp-content\/uploads\/2024\/07\/Formule-1-Esteban-Ocon-sengage-officiellement-avec-Haas.png","keywords":["br\u00e8ve","Esteban Ocon","Formule 1","Haas"],"articleSection":["Formule 1"],"inLanguage":"fr-FR","potentialAction":[{"@type":"CommentAction","name":"Comment","target":["https:\/\/dicodusport.fr\/blog\/formule-1-esteban-ocon-sengage-officiellement-avec-haas\/#respond"]}],"copyrightYear":"2024","copyrightHolder":{"@id":"https:\/\/dicodusport.fr\/blog\/#organization"}},{"@type":"WebPage","@id":"https:\/\/dicodusport.fr\/blog\/formule-1-esteban-ocon-sengage-officiellement-avec-haas\/","url":"https:\/\/dicodusport.fr\/blog\/formule-1-esteban-ocon-sengage-officiellement-avec-haas\/","name":"Formule 1 : Esteban Ocon s'engage officiellement avec Haas","isPartOf":{"@id":"https:\/\/dicodusport.fr\/blog\/#website"},"primaryImageOfPage":{"@id":"https:\/\/dicodusport.fr\/blog\/formule-1-esteban-ocon-sengage-officiellement-avec-haas\/#primaryimage"},"image":{"@id":"https:\/\/dicodusport.fr\/blog\/formule-1-esteban-ocon-sengage-officiellement-avec-haas\/#primaryimage"},"thumbnailUrl":"https:\/\/dicodusport.fr\/blog\/wp-content\/uploads\/2024\/07\/Formule-1-Esteban-Ocon-sengage-officiellement-avec-Haas.png","datePublished":"2024-07-25T08:43:16+00:00","dateModified":"2024-07-25T09:34:32+00:00","description":"FORMULE 1 - Le pilote fran\u00e7ais Esteban Ocon a officialis\u00e9 sa signature au sein de l'\u00e9curie Haas pour plusieurs saisons.","breadcrumb":{"@id":"https:\/\/dicodusport.fr\/blog\/formule-1-esteban-ocon-sengage-officiellement-avec-haas\/#breadcrumb"},"inLanguage":"fr-FR","potentialAction":[{"@type":"ReadAction","target":["https:\/\/dicodusport.fr\/blog\/formule-1-esteban-ocon-sengage-officiellement-avec-haas\/"]}]},{"@type":"ImageObject","inLanguage":"fr-FR","@id":"https:\/\/dicodusport.fr\/blog\/formule-1-esteban-ocon-sengage-officiellement-avec-haas\/#primaryimage","url":"https:\/\/dicodusport.fr\/blog\/wp-content\/uploads\/2024\/07\/Formule-1-Esteban-Ocon-sengage-officiellement-avec-Haas.png","contentUrl":"https:\/\/dicodusport.fr\/blog\/wp-content\/uploads\/2024\/07\/Formule-1-Esteban-Ocon-sengage-officiellement-avec-Haas.png","width":1200,"height":674,"caption":"Cr\u00e9dit : Icon Sport"},{"@type":"BreadcrumbList","@id":"https:\/\/dicodusport.fr\/blog\/formule-1-esteban-ocon-sengage-officiellement-avec-haas\/#breadcrumb","itemListElement":[{"@type":"ListItem","position":1,"name":"Accueil","item":"https:\/\/dicodusport.fr\/blog\/"},{"@type":"ListItem","position":2,"name":"Formule 1 : Esteban Ocon s&#8217;engage officiellement avec Haas"}]},{"@type":"WebSite","@id":"https:\/\/dicodusport.fr\/blog\/#website","url":"https:\/\/dicodusport.fr\/blog\/","name":"Dicodusport","description":"L&#039;encyclop\u00e9die de l&#039;actualit\u00e9 sportive","publisher":{"@id":"https:\/\/dicodusport.fr\/blog\/#organization"},"potentialAction":[{"@type":"SearchAction","target":{"@type":"EntryPoint","urlTemplate":"https:\/\/dicodusport.fr\/blog\/?s={search_term_string}"},"query-input":{"@type":"PropertyValueSpecification","valueRequired":true,"valueName":"search_term_string"}}],"inLanguage":"fr-FR"},{"@type":"NewsMediaOrganization","@id":"https:\/\/dicodusport.fr\/blog\/#organization","name":"Dicodusport","url":"https:\/\/dicodusport.fr\/blog\/","logo":{"@type":"ImageObject","inLanguage":"fr-FR","@id":"https:\/\/dicodusport.fr\/blog\/#\/schema\/logo\/image\/","url":"https:\/\/dicodusport.fr\/blog\/wp-content\/uploads\/2020\/06\/cropped-LOGO-DICODUSPORT-2020-SANS-FOND-SANS-TEXTE.png","contentUrl":"https:\/\/dicodusport.fr\/blog\/wp-content\/uploads\/2020\/06\/cropped-LOGO-DICODUSPORT-2020-SANS-FOND-SANS-TEXTE.png","width":512,"height":512,"caption":"Dicodusport"},"image":{"@id":"https:\/\/dicodusport.fr\/blog\/#\/schema\/logo\/image\/"},"sameAs":["https:\/\/www.facebook.com\/dicodusport","https:\/\/x.com\/dicodusport","https:\/\/www.instagram.com\/dicodusport\/","https:\/\/www.youtube.com\/channel\/UC7V2KZ5sd3htJivAbA4ZG3w"],"description":"Dicodusport est l'encyclop\u00e9die de l'actualit\u00e9 sportive.","email":"bonjour@dicodusport.fr","legalName":"DICODUSPORT","foundingDate":"2018-01-14","vatID":"FR71834470973","taxID":"83447097300043","numberOfEmployees":{"@type":"QuantitativeValue","minValue":"1","maxValue":"10"}},{"@type":"Person","@id":"https:\/\/dicodusport.fr\/blog\/#\/schema\/person\/37def232098a7a5cbab3974a3690abb0","name":"Maxime Cazenave","image":{"@type":"ImageObject","inLanguage":"fr-FR","@id":"https:\/\/dicodusport.fr\/blog\/#\/schema\/person\/image\/","url":"https:\/\/dicodusport.fr\/blog\/wp-content\/uploads\/2021\/05\/Maxime-Cazenave-150x150.jpg","contentUrl":"https:\/\/dicodusport.fr\/blog\/wp-content\/uploads\/2021\/05\/Maxime-Cazenave-150x150.jpg","caption":"Maxime Cazenave"},"description":"Journaliste\/R\u00e9dacteur depuis 2012 - Berc\u00e9 par l\u2019amour des Girondins de Bordeaux, les \u00e9checs de Christophe Moreau sur le Tour de France sous l'\u00e8re Lance Armstrong et le fade-away l\u00e9tal de Dirk Nowitzki, ma passion d\u00e9vorante pour le sport a toujours \u00e9t\u00e9 un pan incontournable de ma vie. Transmettre ma passion \u00e0 l\u2019\u00e9crit a \u00e9t\u00e9 une transition naturelle. Suiveur assidu de basket et de hockey sur glace, je garde toujours un peu de place pour suivre le cyclisme, le football et le maximum de performances fran\u00e7aises.","sameAs":["https:\/\/x.com\/https:\/\/twitter.com\/Maxime_Caze"],"url":"https:\/\/dicodusport.fr\/blog\/author\/maximec\/"}]}},"_links":{"self":[{"href":"https:\/\/dicodusport.fr\/blog\/wp-json\/wp\/v2\/posts\/502964","targetHints":{"allow":["GET"]}}],"collection":[{"href":"https:\/\/dicodusport.fr\/blog\/wp-json\/wp\/v2\/posts"}],"about":[{"href":"https:\/\/dicodusport.fr\/blog\/wp-json\/wp\/v2\/types\/post"}],"author":[{"embeddable":true,"href":"https:\/\/dicodusport.fr\/blog\/wp-json\/wp\/v2\/users\/55"}],"replies":[{"embeddable":true,"href":"https:\/\/dicodusport.fr\/blog\/wp-json\/wp\/v2\/comments?post=502964"}],"version-history":[{"count":4,"href":"https:\/\/dicodusport.fr\/blog\/wp-json\/wp\/v2\/posts\/502964\/revisions"}],"predecessor-version":[{"id":502979,"href":"https:\/\/dicodusport.fr\/blog\/wp-json\/wp\/v2\/posts\/502964\/revisions\/502979"}],"wp:featuredmedia":[{"embeddable":true,"href":"https:\/\/dicodusport.fr\/blog\/wp-json\/wp\/v2\/media\/502967"}],"wp:attachment":[{"href":"https:\/\/dicodusport.fr\/blog\/wp-json\/wp\/v2\/media?parent=502964"}],"wp:term":[{"taxonomy":"category","embeddable":true,"href":"https:\/\/dicodusport.fr\/blog\/wp-json\/wp\/v2\/categories?post=502964"},{"taxonomy":"post_tag","embeddable":true,"href":"https:\/\/dicodusport.fr\/blog\/wp-json\/wp\/v2\/tags?post=502964"}],"curies":[{"name":"wp","href":"https:\/\/api.w.org\/{rel}","templated":true}]}}