{"id":503367,"date":"2024-07-26T17:25:14","date_gmt":"2024-07-26T15:25:14","guid":{"rendered":"https:\/\/dicodusport.fr\/blog\/?p=503367&#038;preview=true&#038;preview_id=503367"},"modified":"2024-07-26T19:26:04","modified_gmt":"2024-07-26T17:26:04","slug":"tour-de-wallonie-2024-le-general-pour-matteo-trentin-la-derniere-etape-pour-samuel-watson","status":"publish","type":"post","link":"https:\/\/dicodusport.fr\/blog\/tour-de-wallonie-2024-le-general-pour-matteo-trentin-la-derniere-etape-pour-samuel-watson\/","title":{"rendered":"Tour de Wallonie 2024 : Le g\u00e9n\u00e9ral pour Matteo Trentin, la derni\u00e8re \u00e9tape pour Samuel Watson"},"content":{"rendered":"<p style=\"text-align: justify;\"><strong><em>TOUR DE WALLONIE 2024 &#8211; Samuel Watson (Groupama &#8211; FDJ) a anticip\u00e9 le sprint en bosse \u00e0 Thuin et enl\u00e8ve la cinqui\u00e8me et derni\u00e8re \u00e9tape, devant Corbin Strong (Israel Premier Tech). Matteo Trentin rafle le classement g\u00e9n\u00e9ral.<\/em><\/strong><\/p>\n<ul style=\"text-align: justify;\">\n<li style=\"text-align: justify;\"><strong>\u00c0 voir \u00e9galement :\u00a0<a href=\"https:\/\/dicodusport.fr\/blog\/tour-de-wallonie-2024-classement-5eme-etape\/\">Tour de Wallonie 2024 \u2013 Classement 5\u00e8me \u00e9tape<\/a><\/strong><\/li>\n<\/ul>\n<p style=\"text-align: justify;\"><strong>Matteo Trentin<\/strong> (Tudor Pro Cycling Team) a r\u00e9ellement eu chaud aujourd&rsquo;hui ! <strong>Corbin Strong<\/strong> a bien failli convertir le travail de son \u00e9quipe Israel Premier Tech et renverser le classement g\u00e9n\u00e9ral. Le N\u00e9o-Z\u00e9landais a pris les bonifications de la deuxi\u00e8me place, soit six secondes et est revenu \u00e0 hauteur du v\u00e9t\u00e9ran italien. Mais, au jeu des places, <strong>Trentin<\/strong> a finalement gard\u00e9 son bien pour le premier succ\u00e8s de l&rsquo;Italien dans une course par \u00e9tapes.<\/p>\n<p style=\"text-align: justify;\">C&rsquo;est finalement un <strong>Samuel Watson<\/strong> tr\u00e8s en jambes qui a emp\u00each\u00e9 <strong>Strong<\/strong> de conclure. L&rsquo;Anglais a anticip\u00e9 le sprint dans la derni\u00e8re petite bosse et n&rsquo;a jamais \u00e9t\u00e9 revu. Une belle victoire pour le pensionnaire de la Groupama-FDJ, sa premi\u00e8re professionnelle.<\/p>\n<blockquote class=\"twitter-tweet\">\n<p dir=\"ltr\" lang=\"fr\">Samuel Watson (Groupama-FDJ) s&rsquo;adjuge la 5e et derni\u00e8re \u00e9tape du <a href=\"https:\/\/twitter.com\/hashtag\/TourdeWallonie?src=hash&amp;ref_src=twsrc%5Etfw\">#TourdeWallonie<\/a> ! Le Britannique (21 ans) d\u00e9croche son 1er bouquet pro.<\/p>\n<p>Dans le m\u00eame temps que Corbin Strong (Isra\u00ebl-Premier Tech) au g\u00e9n\u00e9ral, Matteo Trentin (Tudor) est le vainqueur final \u00e0 l&rsquo;addition des places. <a href=\"https:\/\/t.co\/oBR6LTCBkO\">pic.twitter.com\/oBR6LTCBkO<\/a><\/p>\n<p>\u2014 Le Gruppetto (@LeGruppetto) <a href=\"https:\/\/twitter.com\/LeGruppetto\/status\/1816856173179503077?ref_src=twsrc%5Etfw\">July 26, 2024<\/a><\/p><\/blockquote>\n<p style=\"text-align: justify;\"><script async src=\"https:\/\/platform.twitter.com\/widgets.js\" charset=\"utf-8\"><\/script><\/p>\n<ul style=\"text-align: justify;\">\n<li style=\"text-align: justify;\"><strong>\u00c0 voir \u00e9galement :\u00a0<a href=\"https:\/\/dicodusport.fr\/blog\/tour-de-wallonie-2024-classement-general\/\">Tour de Wallonie 2024 \u2013 Classeme<\/a><\/strong><strong><a href=\"https:\/\/dicodusport.fr\/blog\/tour-de-wallonie-2024-classement-general\/\">nt g\u00e9n\u00e9ral<\/a><\/strong><\/li>\n<\/ul>\n<h2 style=\"text-align: justify;\">Une \u00e9chapp\u00e9e fournie a bien failli se jouer l&rsquo;\u00e9tape<\/h2>\n<p style=\"text-align: justify;\">Auparavant, 16 hommes ont pris les devants parmi lesquels le jeune <strong>Thibaud Gruel<\/strong> (Groupama-FDJ), <strong>Johan Meens<\/strong> (Bingoal WB) et <strong>Rune Herregodts<\/strong> (Intermarch\u00e9-Wanty). Le mieux class\u00e9 \u00e9tait <strong>Jimmy Janssens<\/strong> (Alpecin &#8211; Deceuninck) qui pointait \u00e0 1&rsquo;11 au CG, et qui fut donc un temps virtuel leader. \u00c0 30 km de l&rsquo;arriv\u00e9e, quatre hommes ont fauss\u00e9 compagnie \u00e0 leurs camarades : <strong>Matis Louvel<\/strong> (Ark\u00e9a &#8211; B&amp;B H\u00f4tels), <strong>Lilian Calm\u00e9jane<\/strong> (Intermarch\u00e9-Wanty), <strong>Filip Maciejuk<\/strong> (Red Bull-Bora-Hansgrohe) et <strong>Dries De Bondt<\/strong> (Decathlon &#8211; AG2R la Mondiale). Le peloton, apr\u00e8s le gros travail d&rsquo;Israel Premier Tech, n&rsquo;a repris le quatuor qu&rsquo;\u00e0 1,5 km de la ligne. L&rsquo;\u00e9chapp\u00e9e arrangeait bien <strong>Trentin<\/strong> et son \u00e9quipe Tudor Pro Cycling Team, mais l&rsquo;Italien peut finalement remercier <strong>Watson<\/strong> pour son coup de force.<\/p>\n","protected":false},"excerpt":{"rendered":"<p>TOUR DE WALLONIE 2024 &#8211; Samuel Watson (Groupama &#8211; FDJ) a anticip\u00e9 le sprint en bosse \u00e0 Thuin et enl\u00e8ve la cinqui\u00e8me et derni\u00e8re \u00e9tape, devant Corbin Strong (Israel Premier Tech). Matteo Trentin rafle le classement g\u00e9n\u00e9ral.<\/p>\n","protected":false},"author":92,"featured_media":503413,"comment_status":"open","ping_status":"closed","sticky":false,"template":"","format":"standard","meta":{"_acf_changed":false,"_daextam_enable_autolinks":"1","footnotes":""},"categories":[46994],"tags":[16878,3279],"class_list":["post-503367","post","type-post","status-publish","format-standard","has-post-thumbnail","hentry","category-cyclisme-sur-route","tag-breve","tag-groupama-fdj"],"acf":[],"yoast_head":"<!-- This site is optimized with the Yoast SEO Premium plugin v26.7 (Yoast SEO v26.7) - https:\/\/yoast.com\/wordpress\/plugins\/seo\/ -->\n<title>Tour de Wallonie 2024 : Le g\u00e9n\u00e9ral pour Matteo Trentin, la derni\u00e8re \u00e9tape pour Samuel Watson<\/title>\n<meta name=\"description\" content=\"TOUR DE WALLONIE 2024 - Samuel Watson (Groupama - FDJ) gagne la derni\u00e8re \u00e9tape, Matteo Trentin rafle le classement g\u00e9n\u00e9ral.\" \/>\n<meta name=\"robots\" content=\"index, follow, max-snippet:-1, max-image-preview:large, max-video-preview:-1\" \/>\n<link rel=\"canonical\" href=\"https:\/\/dicodusport.fr\/blog\/tour-de-wallonie-2024-le-general-pour-matteo-trentin-la-derniere-etape-pour-samuel-watson\/\" \/>\n<meta property=\"og:locale\" content=\"fr_FR\" \/>\n<meta property=\"og:type\" content=\"article\" \/>\n<meta property=\"og:title\" content=\"Tour de Wallonie 2024 : Le g\u00e9n\u00e9ral pour Matteo Trentin, la derni\u00e8re \u00e9tape pour Samuel Watson\" \/>\n<meta property=\"og:description\" content=\"TOUR DE WALLONIE 2024 - Samuel Watson (Groupama - FDJ) gagne la derni\u00e8re \u00e9tape, Matteo Trentin rafle le classement g\u00e9n\u00e9ral.\" \/>\n<meta property=\"og:url\" content=\"https:\/\/dicodusport.fr\/blog\/tour-de-wallonie-2024-le-general-pour-matteo-trentin-la-derniere-etape-pour-samuel-watson\/\" \/>\n<meta property=\"og:site_name\" content=\"Dicodusport\" \/>\n<meta property=\"article:publisher\" content=\"https:\/\/www.facebook.com\/dicodusport\" \/>\n<meta property=\"article:published_time\" content=\"2024-07-26T15:25:14+00:00\" \/>\n<meta property=\"article:modified_time\" content=\"2024-07-26T17:26:04+00:00\" \/>\n<meta property=\"og:image\" content=\"https:\/\/dicodusport.fr\/blog\/wp-content\/uploads\/2024\/07\/Tour-de-Wallonie-2024-Le-general-pour-Matteo-Trentin-la-derniere-etape-pour-Samuel-Watson-1.png\" \/>\n\t<meta property=\"og:image:width\" content=\"1200\" \/>\n\t<meta property=\"og:image:height\" content=\"674\" \/>\n\t<meta property=\"og:image:type\" content=\"image\/png\" \/>\n<meta name=\"author\" content=\"Olivier Dobiezynski\" \/>\n<meta name=\"twitter:card\" content=\"summary_large_image\" \/>\n<meta name=\"twitter:title\" content=\"Tour de Wallonie 2024 : Le g\u00e9n\u00e9ral pour Matteo Trentin, la derni\u00e8re \u00e9tape pour Samuel Watson\" \/>\n<meta name=\"twitter:creator\" content=\"@https:\/\/x.com\/Olivier_Matros\" \/>\n<meta name=\"twitter:site\" content=\"@dicodusport\" \/>\n<script type=\"application\/ld+json\" class=\"yoast-schema-graph\">{\"@context\":\"https:\/\/schema.org\",\"@graph\":[{\"@type\":\"NewsArticle\",\"@id\":\"https:\/\/dicodusport.fr\/blog\/tour-de-wallonie-2024-le-general-pour-matteo-trentin-la-derniere-etape-pour-samuel-watson\/#article\",\"isPartOf\":{\"@id\":\"https:\/\/dicodusport.fr\/blog\/tour-de-wallonie-2024-le-general-pour-matteo-trentin-la-derniere-etape-pour-samuel-watson\/\"},\"author\":{\"name\":\"Olivier Dobiezynski\",\"@id\":\"https:\/\/dicodusport.fr\/blog\/#\/schema\/person\/fe500246414ca17ddf0c0312d7a792cc\"},\"headline\":\"Tour de Wallonie 2024 : Le g\u00e9n\u00e9ral pour Matteo Trentin, la derni\u00e8re \u00e9tape pour Samuel Watson\",\"datePublished\":\"2024-07-26T15:25:14+00:00\",\"dateModified\":\"2024-07-26T17:26:04+00:00\",\"mainEntityOfPage\":{\"@id\":\"https:\/\/dicodusport.fr\/blog\/tour-de-wallonie-2024-le-general-pour-matteo-trentin-la-derniere-etape-pour-samuel-watson\/\"},\"wordCount\":404,\"commentCount\":0,\"publisher\":{\"@id\":\"https:\/\/dicodusport.fr\/blog\/#organization\"},\"image\":{\"@id\":\"https:\/\/dicodusport.fr\/blog\/tour-de-wallonie-2024-le-general-pour-matteo-trentin-la-derniere-etape-pour-samuel-watson\/#primaryimage\"},\"thumbnailUrl\":\"https:\/\/dicodusport.fr\/blog\/wp-content\/uploads\/2024\/07\/Tour-de-Wallonie-2024-Le-general-pour-Matteo-Trentin-la-derniere-etape-pour-Samuel-Watson-1.png\",\"keywords\":[\"br\u00e8ve\",\"Groupama FDJ\"],\"articleSection\":[\"Cyclisme sur route\"],\"inLanguage\":\"fr-FR\",\"potentialAction\":[{\"@type\":\"CommentAction\",\"name\":\"Comment\",\"target\":[\"https:\/\/dicodusport.fr\/blog\/tour-de-wallonie-2024-le-general-pour-matteo-trentin-la-derniere-etape-pour-samuel-watson\/#respond\"]}],\"copyrightYear\":\"2024\",\"copyrightHolder\":{\"@id\":\"https:\/\/dicodusport.fr\/blog\/#organization\"}},{\"@type\":\"WebPage\",\"@id\":\"https:\/\/dicodusport.fr\/blog\/tour-de-wallonie-2024-le-general-pour-matteo-trentin-la-derniere-etape-pour-samuel-watson\/\",\"url\":\"https:\/\/dicodusport.fr\/blog\/tour-de-wallonie-2024-le-general-pour-matteo-trentin-la-derniere-etape-pour-samuel-watson\/\",\"name\":\"Tour de Wallonie 2024 : Le g\u00e9n\u00e9ral pour Matteo Trentin, la derni\u00e8re \u00e9tape pour Samuel Watson\",\"isPartOf\":{\"@id\":\"https:\/\/dicodusport.fr\/blog\/#website\"},\"primaryImageOfPage\":{\"@id\":\"https:\/\/dicodusport.fr\/blog\/tour-de-wallonie-2024-le-general-pour-matteo-trentin-la-derniere-etape-pour-samuel-watson\/#primaryimage\"},\"image\":{\"@id\":\"https:\/\/dicodusport.fr\/blog\/tour-de-wallonie-2024-le-general-pour-matteo-trentin-la-derniere-etape-pour-samuel-watson\/#primaryimage\"},\"thumbnailUrl\":\"https:\/\/dicodusport.fr\/blog\/wp-content\/uploads\/2024\/07\/Tour-de-Wallonie-2024-Le-general-pour-Matteo-Trentin-la-derniere-etape-pour-Samuel-Watson-1.png\",\"datePublished\":\"2024-07-26T15:25:14+00:00\",\"dateModified\":\"2024-07-26T17:26:04+00:00\",\"description\":\"TOUR DE WALLONIE 2024 - Samuel Watson (Groupama - FDJ) gagne la derni\u00e8re \u00e9tape, Matteo Trentin rafle le classement g\u00e9n\u00e9ral.\",\"breadcrumb\":{\"@id\":\"https:\/\/dicodusport.fr\/blog\/tour-de-wallonie-2024-le-general-pour-matteo-trentin-la-derniere-etape-pour-samuel-watson\/#breadcrumb\"},\"inLanguage\":\"fr-FR\",\"potentialAction\":[{\"@type\":\"ReadAction\",\"target\":[\"https:\/\/dicodusport.fr\/blog\/tour-de-wallonie-2024-le-general-pour-matteo-trentin-la-derniere-etape-pour-samuel-watson\/\"]}]},{\"@type\":\"ImageObject\",\"inLanguage\":\"fr-FR\",\"@id\":\"https:\/\/dicodusport.fr\/blog\/tour-de-wallonie-2024-le-general-pour-matteo-trentin-la-derniere-etape-pour-samuel-watson\/#primaryimage\",\"url\":\"https:\/\/dicodusport.fr\/blog\/wp-content\/uploads\/2024\/07\/Tour-de-Wallonie-2024-Le-general-pour-Matteo-Trentin-la-derniere-etape-pour-Samuel-Watson-1.png\",\"contentUrl\":\"https:\/\/dicodusport.fr\/blog\/wp-content\/uploads\/2024\/07\/Tour-de-Wallonie-2024-Le-general-pour-Matteo-Trentin-la-derniere-etape-pour-Samuel-Watson-1.png\",\"width\":1200,\"height\":674,\"caption\":\"Tour de Wallonie 2024 Le g\u00e9n\u00e9ral pour Matteo Trentin, la derni\u00e8re \u00e9tape pour Samuel Watson\"},{\"@type\":\"BreadcrumbList\",\"@id\":\"https:\/\/dicodusport.fr\/blog\/tour-de-wallonie-2024-le-general-pour-matteo-trentin-la-derniere-etape-pour-samuel-watson\/#breadcrumb\",\"itemListElement\":[{\"@type\":\"ListItem\",\"position\":1,\"name\":\"Accueil\",\"item\":\"https:\/\/dicodusport.fr\/blog\/\"},{\"@type\":\"ListItem\",\"position\":2,\"name\":\"Tour de Wallonie 2024 : Le g\u00e9n\u00e9ral pour Matteo Trentin, la derni\u00e8re \u00e9tape pour Samuel Watson\"}]},{\"@type\":\"WebSite\",\"@id\":\"https:\/\/dicodusport.fr\/blog\/#website\",\"url\":\"https:\/\/dicodusport.fr\/blog\/\",\"name\":\"Dicodusport\",\"description\":\"L&#039;encyclop\u00e9die de l&#039;actualit\u00e9 sportive\",\"publisher\":{\"@id\":\"https:\/\/dicodusport.fr\/blog\/#organization\"},\"potentialAction\":[{\"@type\":\"SearchAction\",\"target\":{\"@type\":\"EntryPoint\",\"urlTemplate\":\"https:\/\/dicodusport.fr\/blog\/?s={search_term_string}\"},\"query-input\":{\"@type\":\"PropertyValueSpecification\",\"valueRequired\":true,\"valueName\":\"search_term_string\"}}],\"inLanguage\":\"fr-FR\"},{\"@type\":\"NewsMediaOrganization\",\"@id\":\"https:\/\/dicodusport.fr\/blog\/#organization\",\"name\":\"Dicodusport\",\"url\":\"https:\/\/dicodusport.fr\/blog\/\",\"logo\":{\"@type\":\"ImageObject\",\"inLanguage\":\"fr-FR\",\"@id\":\"https:\/\/dicodusport.fr\/blog\/#\/schema\/logo\/image\/\",\"url\":\"https:\/\/dicodusport.fr\/blog\/wp-content\/uploads\/2020\/06\/cropped-LOGO-DICODUSPORT-2020-SANS-FOND-SANS-TEXTE.png\",\"contentUrl\":\"https:\/\/dicodusport.fr\/blog\/wp-content\/uploads\/2020\/06\/cropped-LOGO-DICODUSPORT-2020-SANS-FOND-SANS-TEXTE.png\",\"width\":512,\"height\":512,\"caption\":\"Dicodusport\"},\"image\":{\"@id\":\"https:\/\/dicodusport.fr\/blog\/#\/schema\/logo\/image\/\"},\"sameAs\":[\"https:\/\/www.facebook.com\/dicodusport\",\"https:\/\/x.com\/dicodusport\",\"https:\/\/www.instagram.com\/dicodusport\/\",\"https:\/\/www.youtube.com\/channel\/UC7V2KZ5sd3htJivAbA4ZG3w\"],\"description\":\"Dicodusport est l'encyclop\u00e9die de l'actualit\u00e9 sportive.\",\"email\":\"bonjour@dicodusport.fr\",\"legalName\":\"DICODUSPORT\",\"foundingDate\":\"2018-01-14\",\"vatID\":\"FR71834470973\",\"taxID\":\"83447097300043\",\"numberOfEmployees\":{\"@type\":\"QuantitativeValue\",\"minValue\":\"1\",\"maxValue\":\"10\"}},{\"@type\":\"Person\",\"@id\":\"https:\/\/dicodusport.fr\/blog\/#\/schema\/person\/fe500246414ca17ddf0c0312d7a792cc\",\"name\":\"Olivier Dobiezynski\",\"image\":{\"@type\":\"ImageObject\",\"inLanguage\":\"fr-FR\",\"@id\":\"https:\/\/dicodusport.fr\/blog\/#\/schema\/person\/image\/\",\"url\":\"https:\/\/dicodusport.fr\/blog\/wp-content\/uploads\/2024\/09\/5be8fe8d-9962-4f1e-ad06-d6f9dee30e6d-150x150.jpg\",\"contentUrl\":\"https:\/\/dicodusport.fr\/blog\/wp-content\/uploads\/2024\/09\/5be8fe8d-9962-4f1e-ad06-d6f9dee30e6d-150x150.jpg\",\"caption\":\"Olivier Dobiezynski\"},\"description\":\"Depuis le milieu des ann\u00e9es 90, la passion du cyclisme m'anime. Mes h\u00e9ros s'appellent Luc Leblanc, Piotr Ugrumov, Paolo Savoldelli, Peter Sagan et bien \u00e9videmment Romain Bardet. R\u00e9dacteur depuis 2023, je suis ici pour partager cet amour de la Petite Reine. Vous pourrez me lire \u00e9galement sur du trail, du ski de fond et tout autre sujet susceptible d'\u00e9veiller ma curiosit\u00e9 sportive.\",\"sameAs\":[\"https:\/\/x.com\/https:\/\/x.com\/Olivier_Matros\"],\"url\":\"https:\/\/dicodusport.fr\/blog\/author\/olivier-gh\/\"}]}<\/script>\n<!-- \/ Yoast SEO Premium plugin. -->","yoast_head_json":{"title":"Tour de Wallonie 2024 : Le g\u00e9n\u00e9ral pour Matteo Trentin, la derni\u00e8re \u00e9tape pour Samuel Watson","description":"TOUR DE WALLONIE 2024 - Samuel Watson (Groupama - FDJ) gagne la derni\u00e8re \u00e9tape, Matteo Trentin rafle le classement g\u00e9n\u00e9ral.","robots":{"index":"index","follow":"follow","max-snippet":"max-snippet:-1","max-image-preview":"max-image-preview:large","max-video-preview":"max-video-preview:-1"},"canonical":"https:\/\/dicodusport.fr\/blog\/tour-de-wallonie-2024-le-general-pour-matteo-trentin-la-derniere-etape-pour-samuel-watson\/","og_locale":"fr_FR","og_type":"article","og_title":"Tour de Wallonie 2024 : Le g\u00e9n\u00e9ral pour Matteo Trentin, la derni\u00e8re \u00e9tape pour Samuel Watson","og_description":"TOUR DE WALLONIE 2024 - Samuel Watson (Groupama - FDJ) gagne la derni\u00e8re \u00e9tape, Matteo Trentin rafle le classement g\u00e9n\u00e9ral.","og_url":"https:\/\/dicodusport.fr\/blog\/tour-de-wallonie-2024-le-general-pour-matteo-trentin-la-derniere-etape-pour-samuel-watson\/","og_site_name":"Dicodusport","article_publisher":"https:\/\/www.facebook.com\/dicodusport","article_published_time":"2024-07-26T15:25:14+00:00","article_modified_time":"2024-07-26T17:26:04+00:00","og_image":[{"width":1200,"height":674,"url":"https:\/\/dicodusport.fr\/blog\/wp-content\/uploads\/2024\/07\/Tour-de-Wallonie-2024-Le-general-pour-Matteo-Trentin-la-derniere-etape-pour-Samuel-Watson-1.png","type":"image\/png"}],"author":"Olivier Dobiezynski","twitter_card":"summary_large_image","twitter_title":"Tour de Wallonie 2024 : Le g\u00e9n\u00e9ral pour Matteo Trentin, la derni\u00e8re \u00e9tape pour Samuel Watson","twitter_creator":"@https:\/\/x.com\/Olivier_Matros","twitter_site":"@dicodusport","schema":{"@context":"https:\/\/schema.org","@graph":[{"@type":"NewsArticle","@id":"https:\/\/dicodusport.fr\/blog\/tour-de-wallonie-2024-le-general-pour-matteo-trentin-la-derniere-etape-pour-samuel-watson\/#article","isPartOf":{"@id":"https:\/\/dicodusport.fr\/blog\/tour-de-wallonie-2024-le-general-pour-matteo-trentin-la-derniere-etape-pour-samuel-watson\/"},"author":{"name":"Olivier Dobiezynski","@id":"https:\/\/dicodusport.fr\/blog\/#\/schema\/person\/fe500246414ca17ddf0c0312d7a792cc"},"headline":"Tour de Wallonie 2024 : Le g\u00e9n\u00e9ral pour Matteo Trentin, la derni\u00e8re \u00e9tape pour Samuel Watson","datePublished":"2024-07-26T15:25:14+00:00","dateModified":"2024-07-26T17:26:04+00:00","mainEntityOfPage":{"@id":"https:\/\/dicodusport.fr\/blog\/tour-de-wallonie-2024-le-general-pour-matteo-trentin-la-derniere-etape-pour-samuel-watson\/"},"wordCount":404,"commentCount":0,"publisher":{"@id":"https:\/\/dicodusport.fr\/blog\/#organization"},"image":{"@id":"https:\/\/dicodusport.fr\/blog\/tour-de-wallonie-2024-le-general-pour-matteo-trentin-la-derniere-etape-pour-samuel-watson\/#primaryimage"},"thumbnailUrl":"https:\/\/dicodusport.fr\/blog\/wp-content\/uploads\/2024\/07\/Tour-de-Wallonie-2024-Le-general-pour-Matteo-Trentin-la-derniere-etape-pour-Samuel-Watson-1.png","keywords":["br\u00e8ve","Groupama FDJ"],"articleSection":["Cyclisme sur route"],"inLanguage":"fr-FR","potentialAction":[{"@type":"CommentAction","name":"Comment","target":["https:\/\/dicodusport.fr\/blog\/tour-de-wallonie-2024-le-general-pour-matteo-trentin-la-derniere-etape-pour-samuel-watson\/#respond"]}],"copyrightYear":"2024","copyrightHolder":{"@id":"https:\/\/dicodusport.fr\/blog\/#organization"}},{"@type":"WebPage","@id":"https:\/\/dicodusport.fr\/blog\/tour-de-wallonie-2024-le-general-pour-matteo-trentin-la-derniere-etape-pour-samuel-watson\/","url":"https:\/\/dicodusport.fr\/blog\/tour-de-wallonie-2024-le-general-pour-matteo-trentin-la-derniere-etape-pour-samuel-watson\/","name":"Tour de Wallonie 2024 : Le g\u00e9n\u00e9ral pour Matteo Trentin, la derni\u00e8re \u00e9tape pour Samuel Watson","isPartOf":{"@id":"https:\/\/dicodusport.fr\/blog\/#website"},"primaryImageOfPage":{"@id":"https:\/\/dicodusport.fr\/blog\/tour-de-wallonie-2024-le-general-pour-matteo-trentin-la-derniere-etape-pour-samuel-watson\/#primaryimage"},"image":{"@id":"https:\/\/dicodusport.fr\/blog\/tour-de-wallonie-2024-le-general-pour-matteo-trentin-la-derniere-etape-pour-samuel-watson\/#primaryimage"},"thumbnailUrl":"https:\/\/dicodusport.fr\/blog\/wp-content\/uploads\/2024\/07\/Tour-de-Wallonie-2024-Le-general-pour-Matteo-Trentin-la-derniere-etape-pour-Samuel-Watson-1.png","datePublished":"2024-07-26T15:25:14+00:00","dateModified":"2024-07-26T17:26:04+00:00","description":"TOUR DE WALLONIE 2024 - Samuel Watson (Groupama - FDJ) gagne la derni\u00e8re \u00e9tape, Matteo Trentin rafle le classement g\u00e9n\u00e9ral.","breadcrumb":{"@id":"https:\/\/dicodusport.fr\/blog\/tour-de-wallonie-2024-le-general-pour-matteo-trentin-la-derniere-etape-pour-samuel-watson\/#breadcrumb"},"inLanguage":"fr-FR","potentialAction":[{"@type":"ReadAction","target":["https:\/\/dicodusport.fr\/blog\/tour-de-wallonie-2024-le-general-pour-matteo-trentin-la-derniere-etape-pour-samuel-watson\/"]}]},{"@type":"ImageObject","inLanguage":"fr-FR","@id":"https:\/\/dicodusport.fr\/blog\/tour-de-wallonie-2024-le-general-pour-matteo-trentin-la-derniere-etape-pour-samuel-watson\/#primaryimage","url":"https:\/\/dicodusport.fr\/blog\/wp-content\/uploads\/2024\/07\/Tour-de-Wallonie-2024-Le-general-pour-Matteo-Trentin-la-derniere-etape-pour-Samuel-Watson-1.png","contentUrl":"https:\/\/dicodusport.fr\/blog\/wp-content\/uploads\/2024\/07\/Tour-de-Wallonie-2024-Le-general-pour-Matteo-Trentin-la-derniere-etape-pour-Samuel-Watson-1.png","width":1200,"height":674,"caption":"Tour de Wallonie 2024 Le g\u00e9n\u00e9ral pour Matteo Trentin, la derni\u00e8re \u00e9tape pour Samuel Watson"},{"@type":"BreadcrumbList","@id":"https:\/\/dicodusport.fr\/blog\/tour-de-wallonie-2024-le-general-pour-matteo-trentin-la-derniere-etape-pour-samuel-watson\/#breadcrumb","itemListElement":[{"@type":"ListItem","position":1,"name":"Accueil","item":"https:\/\/dicodusport.fr\/blog\/"},{"@type":"ListItem","position":2,"name":"Tour de Wallonie 2024 : Le g\u00e9n\u00e9ral pour Matteo Trentin, la derni\u00e8re \u00e9tape pour Samuel Watson"}]},{"@type":"WebSite","@id":"https:\/\/dicodusport.fr\/blog\/#website","url":"https:\/\/dicodusport.fr\/blog\/","name":"Dicodusport","description":"L&#039;encyclop\u00e9die de l&#039;actualit\u00e9 sportive","publisher":{"@id":"https:\/\/dicodusport.fr\/blog\/#organization"},"potentialAction":[{"@type":"SearchAction","target":{"@type":"EntryPoint","urlTemplate":"https:\/\/dicodusport.fr\/blog\/?s={search_term_string}"},"query-input":{"@type":"PropertyValueSpecification","valueRequired":true,"valueName":"search_term_string"}}],"inLanguage":"fr-FR"},{"@type":"NewsMediaOrganization","@id":"https:\/\/dicodusport.fr\/blog\/#organization","name":"Dicodusport","url":"https:\/\/dicodusport.fr\/blog\/","logo":{"@type":"ImageObject","inLanguage":"fr-FR","@id":"https:\/\/dicodusport.fr\/blog\/#\/schema\/logo\/image\/","url":"https:\/\/dicodusport.fr\/blog\/wp-content\/uploads\/2020\/06\/cropped-LOGO-DICODUSPORT-2020-SANS-FOND-SANS-TEXTE.png","contentUrl":"https:\/\/dicodusport.fr\/blog\/wp-content\/uploads\/2020\/06\/cropped-LOGO-DICODUSPORT-2020-SANS-FOND-SANS-TEXTE.png","width":512,"height":512,"caption":"Dicodusport"},"image":{"@id":"https:\/\/dicodusport.fr\/blog\/#\/schema\/logo\/image\/"},"sameAs":["https:\/\/www.facebook.com\/dicodusport","https:\/\/x.com\/dicodusport","https:\/\/www.instagram.com\/dicodusport\/","https:\/\/www.youtube.com\/channel\/UC7V2KZ5sd3htJivAbA4ZG3w"],"description":"Dicodusport est l'encyclop\u00e9die de l'actualit\u00e9 sportive.","email":"bonjour@dicodusport.fr","legalName":"DICODUSPORT","foundingDate":"2018-01-14","vatID":"FR71834470973","taxID":"83447097300043","numberOfEmployees":{"@type":"QuantitativeValue","minValue":"1","maxValue":"10"}},{"@type":"Person","@id":"https:\/\/dicodusport.fr\/blog\/#\/schema\/person\/fe500246414ca17ddf0c0312d7a792cc","name":"Olivier Dobiezynski","image":{"@type":"ImageObject","inLanguage":"fr-FR","@id":"https:\/\/dicodusport.fr\/blog\/#\/schema\/person\/image\/","url":"https:\/\/dicodusport.fr\/blog\/wp-content\/uploads\/2024\/09\/5be8fe8d-9962-4f1e-ad06-d6f9dee30e6d-150x150.jpg","contentUrl":"https:\/\/dicodusport.fr\/blog\/wp-content\/uploads\/2024\/09\/5be8fe8d-9962-4f1e-ad06-d6f9dee30e6d-150x150.jpg","caption":"Olivier Dobiezynski"},"description":"Depuis le milieu des ann\u00e9es 90, la passion du cyclisme m'anime. Mes h\u00e9ros s'appellent Luc Leblanc, Piotr Ugrumov, Paolo Savoldelli, Peter Sagan et bien \u00e9videmment Romain Bardet. R\u00e9dacteur depuis 2023, je suis ici pour partager cet amour de la Petite Reine. Vous pourrez me lire \u00e9galement sur du trail, du ski de fond et tout autre sujet susceptible d'\u00e9veiller ma curiosit\u00e9 sportive.","sameAs":["https:\/\/x.com\/https:\/\/x.com\/Olivier_Matros"],"url":"https:\/\/dicodusport.fr\/blog\/author\/olivier-gh\/"}]}},"_links":{"self":[{"href":"https:\/\/dicodusport.fr\/blog\/wp-json\/wp\/v2\/posts\/503367","targetHints":{"allow":["GET"]}}],"collection":[{"href":"https:\/\/dicodusport.fr\/blog\/wp-json\/wp\/v2\/posts"}],"about":[{"href":"https:\/\/dicodusport.fr\/blog\/wp-json\/wp\/v2\/types\/post"}],"author":[{"embeddable":true,"href":"https:\/\/dicodusport.fr\/blog\/wp-json\/wp\/v2\/users\/92"}],"replies":[{"embeddable":true,"href":"https:\/\/dicodusport.fr\/blog\/wp-json\/wp\/v2\/comments?post=503367"}],"version-history":[{"count":5,"href":"https:\/\/dicodusport.fr\/blog\/wp-json\/wp\/v2\/posts\/503367\/revisions"}],"predecessor-version":[{"id":503392,"href":"https:\/\/dicodusport.fr\/blog\/wp-json\/wp\/v2\/posts\/503367\/revisions\/503392"}],"wp:featuredmedia":[{"embeddable":true,"href":"https:\/\/dicodusport.fr\/blog\/wp-json\/wp\/v2\/media\/503413"}],"wp:attachment":[{"href":"https:\/\/dicodusport.fr\/blog\/wp-json\/wp\/v2\/media?parent=503367"}],"wp:term":[{"taxonomy":"category","embeddable":true,"href":"https:\/\/dicodusport.fr\/blog\/wp-json\/wp\/v2\/categories?post=503367"},{"taxonomy":"post_tag","embeddable":true,"href":"https:\/\/dicodusport.fr\/blog\/wp-json\/wp\/v2\/tags?post=503367"}],"curies":[{"name":"wp","href":"https:\/\/api.w.org\/{rel}","templated":true}]}}