{"id":503408,"date":"2024-07-26T23:40:03","date_gmt":"2024-07-26T21:40:03","guid":{"rendered":"https:\/\/dicodusport.fr\/blog\/?p=503408&#038;preview=true&#038;preview_id=503408"},"modified":"2024-07-27T06:53:40","modified_gmt":"2024-07-27T04:53:40","slug":"jo-2024-les-jeux-olympiques-sont-officiellement-ouverts","status":"publish","type":"post","link":"https:\/\/dicodusport.fr\/blog\/jo-2024-les-jeux-olympiques-sont-officiellement-ouverts\/","title":{"rendered":"JO 2024 : Les Jeux Olympiques sont officiellement ouverts !"},"content":{"rendered":"<p style=\"text-align: justify;\"><strong><em>JO 2024 &#8211; La vasque allum\u00e9e, c&rsquo;est officiel, les Jeux Olympiques de Paris 2024 sont ouverts ! Petit r\u00e9cap de la c\u00e9r\u00e9monie d&rsquo;ouverture qui a enfin r\u00e9v\u00e9l\u00e9 le dernier porteur de la flamme.\u00a0<\/em><\/strong><\/p>\n<ul>\n<li style=\"text-align: justify;\"><strong>\u00c0 ce sujet \u2013\u00a0<a href=\"https:\/\/dicodusport.fr\/blog\/jo-paris-2024\/\" target=\"_blank\" rel=\"noopener\">L\u2019actualit\u00e9 des JO de Paris 2024<\/a><\/strong><\/li>\n<\/ul>\n<h2 style=\"text-align: justify;\">De Lady Gaga \u00e0 Philippe Katerine, la France casse les codes<\/h2>\n<p style=\"text-align: justify;\">D\u2019abord, <strong>Jamel Debbouze<\/strong> se trompant d\u2019endroit pour la c\u00e9r\u00e9monie, avant de donner le flambeau \u00e0 un certain <strong>Zin\u00e9dine Zidane<\/strong>, meilleur footballeur fran\u00e7ais de l&rsquo;histoire. Dans le m\u00e9tro, <em>Zizou<\/em> passe la flamme \u00e0 des enfants qui rejoignent les Catacombes et un personnage myst\u00e9rieux que l\u2019on suivra tout le long de la c\u00e9r\u00e9monie.<\/p>\n<p style=\"text-align: justify;\">La <strong>Gr\u00e8ce<\/strong> arrive ensuite sur la Seine, pour commencer petit \u00e0 petit le d\u00e9fil\u00e9 des Nations, puis c\u2019est <strong>Lady Gaga<\/strong>, l\u2019immense chanteuse, qui est au c\u0153ur du premier tableau, reprenant <em>Mon truc en plumes<\/em> de R\u00e9gine. Exceptionnelle !<\/p>\n<blockquote class=\"twitter-tweet\">\n<p dir=\"ltr\" lang=\"fr\">She loves Paris as much as we love her.<a href=\"https:\/\/twitter.com\/ladygaga?ref_src=twsrc%5Etfw\">@ladygaga<\/a> is the new queen of French cabaret!<br \/>\n&#8211;<br \/>\nElle aime Paris autant que nous l&rsquo;aimons.<br \/>\nLady Gaga, nouvelle reine du cabaret fran\u00e7ais !<\/p>\n<p>\ud83d\udcf8 Getty \/ Maja Hiti<a href=\"https:\/\/twitter.com\/hashtag\/Paris2024?src=hash&amp;ref_src=twsrc%5Etfw\">#Paris2024<\/a> <a href=\"https:\/\/t.co\/yWAIHiATTh\">pic.twitter.com\/yWAIHiATTh<\/a><\/p>\n<p>\u2014 Paris 2024 (@Paris2024) <a href=\"https:\/\/twitter.com\/Paris2024\/status\/1816913180725248401?ref_src=twsrc%5Etfw\">July 26, 2024<\/a><\/p><\/blockquote>\n<p style=\"text-align: justify;\"><script async src=\"https:\/\/platform.twitter.com\/widgets.js\" charset=\"utf-8\"><\/script><\/p>\n<p style=\"text-align: justify;\">Vont se succ\u00e9der des tableaux retra\u00e7ant l\u2019histoire de notre pays, la mise en avant de nos artisans et la fabrication des m\u00e9dailles, et la mise en avant de notre litt\u00e9rature. Jusqu\u2019\u00e0 entendre un m\u00e9lange de m\u00e9lodies entre le groupe <strong>Gojira<\/strong> et une chanteuse lyrique, <strong>Marina Viotti<\/strong>.<\/p>\n<p style=\"text-align: justify;\">Tout \u00e7a s&rsquo;est achev\u00e9 par l\u2019apparition, sous un spectacle pyrotechnique devant l\u2019Institut de France, avec <strong>Aya<\/strong> <strong>Nakamura<\/strong>, artiste fran\u00e7aise la plus \u00e9cout\u00e9e dans le monde, chantant sous le rythme de la Garde R\u00e9publicaine.<\/p>\n<p style=\"text-align: justify;\"><em>La Marseillaise<\/em> chant\u00e9e dans le plus grand silence sur le toit du Grand Palais, puis l\u2019apparition de statues de <em>Femmes en or<\/em>, qui ont fortement \u0153uvr\u00e9, par leurs \u00e9crits, leurs travaux, \u00e0 l\u2019\u00e9volution des droits des Femmes, notamment l&rsquo;immense <strong>Simone Veil<\/strong>.<\/p>\n<blockquote class=\"twitter-tweet\">\n<p dir=\"ltr\" lang=\"fr\">\ud83c\uddeb\ud83c\uddf7 La Marseillaise ! Vous l\u2019attendiez, c\u2019est Axelle Saint-Cirel qui l\u2019interpr\u00e8te depuis le toit du Grand Palais. <a href=\"https:\/\/t.co\/Nvsx31VC0S\">pic.twitter.com\/Nvsx31VC0S<\/a><\/p>\n<p>\u2014 Info France 2 (@infofrance2) <a href=\"https:\/\/twitter.com\/infofrance2\/status\/1816910786838573159?ref_src=twsrc%5Etfw\">July 26, 2024<\/a><\/p><\/blockquote>\n<p style=\"text-align: justify;\"><script async src=\"https:\/\/platform.twitter.com\/widgets.js\" charset=\"utf-8\"><\/script><\/p>\n<h2 style=\"text-align: justify;\">La d\u00e9l\u00e9gation tricolore acclam\u00e9e<\/h2>\n<p style=\"text-align: justify;\">Et puis bien s\u00fbr, l&rsquo;Australie qui accueillera les Jeux en 2032, les \u00c9tats-Unis, avec les Jeux \u00e0 Los Angeles en 2028, ont pr\u00e9c\u00e9d\u00e9 la France, sur la Seine. Et le moment tant attendu, la d\u00e9l\u00e9gation tricolore, amen\u00e9e par nos porte-drapeaux, <strong>Florent Manaudou<\/strong> et <strong>M\u00e9lina Robert-Michon<\/strong>. Plus de 570 sportifs, qui vont donner corps et \u00e2me pour repr\u00e9senter au mieux la France. L&rsquo;ambiance est au rendez-vous, le bruit de la foule est assourdissant, tout est grandiose.<\/p>\n<blockquote class=\"twitter-tweet\">\n<p dir=\"ltr\" lang=\"fr\">La FRANCE mesdames et messieurs \ud83d\udc99\ud83c\uddeb\ud83c\uddf7<\/p>\n<p>\ud83d\udcf8 KMSP <a href=\"https:\/\/t.co\/2OSlgJ23N1\">pic.twitter.com\/2OSlgJ23N1<\/a><\/p>\n<p>\u2014 Equipe France (@EquipeFRA) <a href=\"https:\/\/twitter.com\/EquipeFRA\/status\/1816931293726122070?ref_src=twsrc%5Etfw\">July 26, 2024<\/a><\/p><\/blockquote>\n<p><script async src=\"https:\/\/platform.twitter.com\/widgets.js\" charset=\"utf-8\"><\/script><\/p>\n<h2 style=\"text-align: justify;\">Une succession de champions jusqu&rsquo;\u00e0 deux l\u00e9gendes du sport tricolore<\/h2>\n<p style=\"text-align: justify;\"><strong>Zin\u00e9dine Zidane<\/strong>, <strong>Rafael Nadal<\/strong>, <strong>Serena Williams<\/strong>, <strong>Nadia Comaneci<\/strong>, <strong>Carl Lewis<\/strong>, <strong>Am\u00e9lie Mauresmo<\/strong>, <strong>Tony Parker<\/strong>, <strong>Nantenin Ke\u00efta<\/strong>, <strong>Alexis Hanquinquant<\/strong>, <strong>Marie-Am\u00e9lie Le Fur<\/strong>, <strong>Micha\u00ebl Guigou<\/strong>, <strong>Allison Pineau<\/strong>, <strong>Jean-Fran\u00e7ois Lamour<\/strong>, <strong>F\u00e9licia Ballanger<\/strong>, <strong>Florian Rousseau<\/strong>, <strong>\u00c9milie Le Pennec<\/strong>, <strong>David Douilllet<\/strong>, <strong>Clarisse Agbegnenou<\/strong>, <strong>Alain Bernard<\/strong>, <strong>Laure Manaudou<\/strong>, <strong>Renaud Lavillenie<\/strong>, <strong>Laura Flessel<\/strong>, <strong>Charles Coste<\/strong>\u00a0furent les derniers relayeurs qui ont ensuite transmis la flamme aux allumeurs de la vasque : <strong>Marie-Jos\u00e9 P\u00e9rec<\/strong> et <strong>Teddy Riner<\/strong>, deux l\u00e9gendes du sport fran\u00e7ais. La flamme montant dans le ciel sur une montgolfi\u00e8re.<\/p>\n<blockquote class=\"twitter-tweet\">\n<p dir=\"ltr\" lang=\"fr\">MARIE-JOS\u00c9 P\u00c9REC ET TEDDY RINER ALLUMENT LA VASQUE OLYMPIQUE ! \u2728<\/p>\n<p>Suivez les Jeux de <a href=\"https:\/\/twitter.com\/hashtag\/Paris2024?src=hash&amp;ref_src=twsrc%5Etfw\">#Paris2024<\/a> en int\u00e9gralit\u00e9 sur Eurosport via la plateforme Max <a href=\"https:\/\/twitter.com\/hashtag\/HomeOfTheOlympics?src=hash&amp;ref_src=twsrc%5Etfw\">#HomeOfTheOlympics<\/a> <a href=\"https:\/\/t.co\/CvcD4ZkdNQ\">pic.twitter.com\/CvcD4ZkdNQ<\/a><\/p>\n<p>\u2014 Eurosport France (@Eurosport_FR) <a href=\"https:\/\/twitter.com\/Eurosport_FR\/status\/1816948275448021335?ref_src=twsrc%5Etfw\">July 26, 2024<\/a><\/p><\/blockquote>\n<p><script async src=\"https:\/\/platform.twitter.com\/widgets.js\" charset=\"utf-8\"><\/script><\/p>\n<p style=\"text-align: justify;\">La divine <strong>C\u00e9line Dion<\/strong> a conclu cette c\u00e9r\u00e9monie sur l&rsquo;Hymne \u00e0 l&rsquo;amour, d&rsquo;\u00c9dith Piaf. La cerise sur le g\u00e2teau.<\/p>\n<blockquote class=\"twitter-tweet\">\n<p dir=\"ltr\" lang=\"fr\">\u00ab\u00a0Si je dois revenir chanter, ce sera pour les Jeux Olympiques.\u00a0\u00bb<\/p>\n<p>4 ans apr\u00e8s sa derni\u00e8re performance sur sc\u00e8ne, voici la sublime performance de C\u00e9line Dion qui reprend \u00ab\u00a0L&rsquo;hymne \u00e0 l&rsquo;amour\u00a0\u00bb d&rsquo;Edith Piaf.<a href=\"https:\/\/twitter.com\/hashtag\/ceremoniedouverture?src=hash&amp;ref_src=twsrc%5Etfw\">#ceremoniedouverture<\/a> <a href=\"https:\/\/twitter.com\/hashtag\/paris2024?src=hash&amp;ref_src=twsrc%5Etfw\">#paris2024<\/a> <a href=\"https:\/\/t.co\/Y7qM4ARKNO\">pic.twitter.com\/Y7qM4ARKNO<\/a><\/p>\n<p>\u2014 France tv (@FranceTV) <a href=\"https:\/\/twitter.com\/FranceTV\/status\/1816950762670612966?ref_src=twsrc%5Etfw\">July 26, 2024<\/a><\/p><\/blockquote>\n<p><script async src=\"https:\/\/platform.twitter.com\/widgets.js\" charset=\"utf-8\"><\/script><\/p>\n<p>&nbsp;<\/p>\n","protected":false},"excerpt":{"rendered":"<p>Les Jeux Olympiques sont officiellement ouverts !<\/p>\n","protected":false},"author":89,"featured_media":503432,"comment_status":"open","ping_status":"closed","sticky":false,"template":"","format":"standard","meta":{"_acf_changed":false,"_daextam_enable_autolinks":"1","footnotes":""},"categories":[8436],"tags":[16878,1506,19184,1504,12920,4788,1004,24,1787],"class_list":["post-503408","post","type-post","status-publish","format-standard","has-post-thumbnail","hentry","category-jo-paris-2024","tag-breve","tag-jeux-olympiques-2024","tag-jeux-olympiques-de-paris","tag-jo-2024","tag-jo-paris-2024","tag-marie-jose-perec","tag-paris-2024","tag-sport","tag-teddy-riner"],"acf":[],"yoast_head":"<!-- This site is optimized with the Yoast SEO Premium plugin v26.7 (Yoast SEO v26.7) - https:\/\/yoast.com\/wordpress\/plugins\/seo\/ -->\n<title>JO 2024 : Les Jeux Olympiques sont officiellement ouverts !<\/title>\n<meta name=\"description\" content=\"JO 2024 - La vasque allum\u00e9e, c&#039;est officiel, les Jeux Olympiques de Paris 2024 sont ouverts !\" \/>\n<meta name=\"robots\" content=\"index, follow, max-snippet:-1, max-image-preview:large, max-video-preview:-1\" \/>\n<link rel=\"canonical\" href=\"https:\/\/dicodusport.fr\/blog\/jo-2024-les-jeux-olympiques-sont-officiellement-ouverts\/\" \/>\n<meta property=\"og:locale\" content=\"fr_FR\" \/>\n<meta property=\"og:type\" content=\"article\" \/>\n<meta property=\"og:title\" content=\"JO 2024 : Les Jeux Olympiques sont officiellement ouverts !\" \/>\n<meta property=\"og:description\" content=\"JO 2024 - La vasque allum\u00e9e, c&#039;est officiel, les Jeux Olympiques de Paris 2024 sont ouverts !\" \/>\n<meta property=\"og:url\" content=\"https:\/\/dicodusport.fr\/blog\/jo-2024-les-jeux-olympiques-sont-officiellement-ouverts\/\" \/>\n<meta property=\"og:site_name\" content=\"Dicodusport\" \/>\n<meta property=\"article:publisher\" content=\"https:\/\/www.facebook.com\/dicodusport\" \/>\n<meta property=\"article:published_time\" content=\"2024-07-26T21:40:03+00:00\" \/>\n<meta property=\"article:modified_time\" content=\"2024-07-27T04:53:40+00:00\" \/>\n<meta property=\"og:image\" content=\"https:\/\/dicodusport.fr\/blog\/wp-content\/uploads\/2024\/07\/JO-2024-Les-Jeux-Olympiques-sont-officiellement-ouverts.png\" \/>\n\t<meta property=\"og:image:width\" content=\"1200\" \/>\n\t<meta property=\"og:image:height\" content=\"674\" \/>\n\t<meta property=\"og:image:type\" content=\"image\/png\" \/>\n<meta name=\"author\" content=\"Louka Lesueur\" \/>\n<meta name=\"twitter:card\" content=\"summary_large_image\" \/>\n<meta name=\"twitter:title\" content=\"JO 2024 : Les Jeux Olympiques sont officiellement ouverts !\" \/>\n<meta name=\"twitter:creator\" content=\"@https:\/\/twitter.com\/LNewsSF\" \/>\n<meta name=\"twitter:site\" content=\"@dicodusport\" \/>\n<script type=\"application\/ld+json\" class=\"yoast-schema-graph\">{\"@context\":\"https:\/\/schema.org\",\"@graph\":[{\"@type\":\"NewsArticle\",\"@id\":\"https:\/\/dicodusport.fr\/blog\/jo-2024-les-jeux-olympiques-sont-officiellement-ouverts\/#article\",\"isPartOf\":{\"@id\":\"https:\/\/dicodusport.fr\/blog\/jo-2024-les-jeux-olympiques-sont-officiellement-ouverts\/\"},\"author\":{\"name\":\"Louka Lesueur\",\"@id\":\"https:\/\/dicodusport.fr\/blog\/#\/schema\/person\/54b6cdccebdfcd5a1036c594aecffc2a\"},\"headline\":\"JO 2024 : Les Jeux Olympiques sont officiellement ouverts !\",\"datePublished\":\"2024-07-26T21:40:03+00:00\",\"dateModified\":\"2024-07-27T04:53:40+00:00\",\"mainEntityOfPage\":{\"@id\":\"https:\/\/dicodusport.fr\/blog\/jo-2024-les-jeux-olympiques-sont-officiellement-ouverts\/\"},\"wordCount\":694,\"commentCount\":0,\"publisher\":{\"@id\":\"https:\/\/dicodusport.fr\/blog\/#organization\"},\"image\":{\"@id\":\"https:\/\/dicodusport.fr\/blog\/jo-2024-les-jeux-olympiques-sont-officiellement-ouverts\/#primaryimage\"},\"thumbnailUrl\":\"https:\/\/dicodusport.fr\/blog\/wp-content\/uploads\/2024\/07\/JO-2024-Les-Jeux-Olympiques-sont-officiellement-ouverts.png\",\"keywords\":[\"br\u00e8ve\",\"Jeux olympiques 2024\",\"Jeux Olympiques de Paris\",\"JO 2024\",\"JO Paris 2024\",\"Marie-Jos\u00e9 P\u00e9rec\",\"Paris 2024\",\"sport\",\"Teddy Riner\"],\"articleSection\":[\"JO Paris 2024\"],\"inLanguage\":\"fr-FR\",\"potentialAction\":[{\"@type\":\"CommentAction\",\"name\":\"Comment\",\"target\":[\"https:\/\/dicodusport.fr\/blog\/jo-2024-les-jeux-olympiques-sont-officiellement-ouverts\/#respond\"]}],\"copyrightYear\":\"2024\",\"copyrightHolder\":{\"@id\":\"https:\/\/dicodusport.fr\/blog\/#organization\"}},{\"@type\":\"WebPage\",\"@id\":\"https:\/\/dicodusport.fr\/blog\/jo-2024-les-jeux-olympiques-sont-officiellement-ouverts\/\",\"url\":\"https:\/\/dicodusport.fr\/blog\/jo-2024-les-jeux-olympiques-sont-officiellement-ouverts\/\",\"name\":\"JO 2024 : Les Jeux Olympiques sont officiellement ouverts !\",\"isPartOf\":{\"@id\":\"https:\/\/dicodusport.fr\/blog\/#website\"},\"primaryImageOfPage\":{\"@id\":\"https:\/\/dicodusport.fr\/blog\/jo-2024-les-jeux-olympiques-sont-officiellement-ouverts\/#primaryimage\"},\"image\":{\"@id\":\"https:\/\/dicodusport.fr\/blog\/jo-2024-les-jeux-olympiques-sont-officiellement-ouverts\/#primaryimage\"},\"thumbnailUrl\":\"https:\/\/dicodusport.fr\/blog\/wp-content\/uploads\/2024\/07\/JO-2024-Les-Jeux-Olympiques-sont-officiellement-ouverts.png\",\"datePublished\":\"2024-07-26T21:40:03+00:00\",\"dateModified\":\"2024-07-27T04:53:40+00:00\",\"description\":\"JO 2024 - La vasque allum\u00e9e, c'est officiel, les Jeux Olympiques de Paris 2024 sont ouverts !\",\"breadcrumb\":{\"@id\":\"https:\/\/dicodusport.fr\/blog\/jo-2024-les-jeux-olympiques-sont-officiellement-ouverts\/#breadcrumb\"},\"inLanguage\":\"fr-FR\",\"potentialAction\":[{\"@type\":\"ReadAction\",\"target\":[\"https:\/\/dicodusport.fr\/blog\/jo-2024-les-jeux-olympiques-sont-officiellement-ouverts\/\"]}]},{\"@type\":\"ImageObject\",\"inLanguage\":\"fr-FR\",\"@id\":\"https:\/\/dicodusport.fr\/blog\/jo-2024-les-jeux-olympiques-sont-officiellement-ouverts\/#primaryimage\",\"url\":\"https:\/\/dicodusport.fr\/blog\/wp-content\/uploads\/2024\/07\/JO-2024-Les-Jeux-Olympiques-sont-officiellement-ouverts.png\",\"contentUrl\":\"https:\/\/dicodusport.fr\/blog\/wp-content\/uploads\/2024\/07\/JO-2024-Les-Jeux-Olympiques-sont-officiellement-ouverts.png\",\"width\":1200,\"height\":674,\"caption\":\"JO 2024 Les Jeux Olympiques sont officiellement ouverts\"},{\"@type\":\"BreadcrumbList\",\"@id\":\"https:\/\/dicodusport.fr\/blog\/jo-2024-les-jeux-olympiques-sont-officiellement-ouverts\/#breadcrumb\",\"itemListElement\":[{\"@type\":\"ListItem\",\"position\":1,\"name\":\"Accueil\",\"item\":\"https:\/\/dicodusport.fr\/blog\/\"},{\"@type\":\"ListItem\",\"position\":2,\"name\":\"JO 2024 : Les Jeux Olympiques sont officiellement ouverts !\"}]},{\"@type\":\"WebSite\",\"@id\":\"https:\/\/dicodusport.fr\/blog\/#website\",\"url\":\"https:\/\/dicodusport.fr\/blog\/\",\"name\":\"Dicodusport\",\"description\":\"L&#039;encyclop\u00e9die de l&#039;actualit\u00e9 sportive\",\"publisher\":{\"@id\":\"https:\/\/dicodusport.fr\/blog\/#organization\"},\"potentialAction\":[{\"@type\":\"SearchAction\",\"target\":{\"@type\":\"EntryPoint\",\"urlTemplate\":\"https:\/\/dicodusport.fr\/blog\/?s={search_term_string}\"},\"query-input\":{\"@type\":\"PropertyValueSpecification\",\"valueRequired\":true,\"valueName\":\"search_term_string\"}}],\"inLanguage\":\"fr-FR\"},{\"@type\":\"NewsMediaOrganization\",\"@id\":\"https:\/\/dicodusport.fr\/blog\/#organization\",\"name\":\"Dicodusport\",\"url\":\"https:\/\/dicodusport.fr\/blog\/\",\"logo\":{\"@type\":\"ImageObject\",\"inLanguage\":\"fr-FR\",\"@id\":\"https:\/\/dicodusport.fr\/blog\/#\/schema\/logo\/image\/\",\"url\":\"https:\/\/dicodusport.fr\/blog\/wp-content\/uploads\/2020\/06\/cropped-LOGO-DICODUSPORT-2020-SANS-FOND-SANS-TEXTE.png\",\"contentUrl\":\"https:\/\/dicodusport.fr\/blog\/wp-content\/uploads\/2020\/06\/cropped-LOGO-DICODUSPORT-2020-SANS-FOND-SANS-TEXTE.png\",\"width\":512,\"height\":512,\"caption\":\"Dicodusport\"},\"image\":{\"@id\":\"https:\/\/dicodusport.fr\/blog\/#\/schema\/logo\/image\/\"},\"sameAs\":[\"https:\/\/www.facebook.com\/dicodusport\",\"https:\/\/x.com\/dicodusport\",\"https:\/\/www.instagram.com\/dicodusport\/\",\"https:\/\/www.youtube.com\/channel\/UC7V2KZ5sd3htJivAbA4ZG3w\"],\"description\":\"Dicodusport est l'encyclop\u00e9die de l'actualit\u00e9 sportive.\",\"email\":\"bonjour@dicodusport.fr\",\"legalName\":\"DICODUSPORT\",\"foundingDate\":\"2018-01-14\",\"vatID\":\"FR71834470973\",\"taxID\":\"83447097300043\",\"numberOfEmployees\":{\"@type\":\"QuantitativeValue\",\"minValue\":\"1\",\"maxValue\":\"10\"}},{\"@type\":\"Person\",\"@id\":\"https:\/\/dicodusport.fr\/blog\/#\/schema\/person\/54b6cdccebdfcd5a1036c594aecffc2a\",\"name\":\"Louka Lesueur\",\"image\":{\"@type\":\"ImageObject\",\"inLanguage\":\"fr-FR\",\"@id\":\"https:\/\/dicodusport.fr\/blog\/#\/schema\/person\/image\/\",\"url\":\"https:\/\/dicodusport.fr\/blog\/wp-content\/uploads\/2023\/09\/IMG_2783-150x150.jpeg\",\"contentUrl\":\"https:\/\/dicodusport.fr\/blog\/wp-content\/uploads\/2023\/09\/IMG_2783-150x150.jpeg\",\"caption\":\"Louka Lesueur\"},\"description\":\"Passionn\u00e9 depuis tout petit par les exploits de Bolt, Fourcade, Riner, Lavillenie, Wilkinson, Hirscher. Les \u00e9motions provoqu\u00e9es par le sport ont berc\u00e9 mon enfance et continuent de le faire aujourd'hui. C'est ainsi qu'il m'est arriv\u00e9 de pleurer devant la d\u00e9faite des Bleus face aux Blacks en 2011, ou encore devant le titre olympique de Florent Manaudou \u00e0 Londres. Bien loin de ce milieu professionnel, j'ai os\u00e9 tenter ma chance pour rejoindre l'\u00e9quipe de r\u00e9daction de Dicodusport, et depuis septembre 2023, je tente de retransmettre au mieux les exploits des athl\u00e8tes, tous sports confondus. Grand chauvin, c'est bel et bien sur les sportifs tricolores que je pr\u00e9f\u00e8re \u00e9crire.\",\"sameAs\":[\"https:\/\/x.com\/https:\/\/twitter.com\/LNewsSF\"],\"gender\":\"Homme\",\"worksFor\":\"Louka LESUEUR\",\"url\":\"https:\/\/dicodusport.fr\/blog\/author\/louka-lesueur\/\"}]}<\/script>\n<!-- \/ Yoast SEO Premium plugin. -->","yoast_head_json":{"title":"JO 2024 : Les Jeux Olympiques sont officiellement ouverts !","description":"JO 2024 - La vasque allum\u00e9e, c'est officiel, les Jeux Olympiques de Paris 2024 sont ouverts !","robots":{"index":"index","follow":"follow","max-snippet":"max-snippet:-1","max-image-preview":"max-image-preview:large","max-video-preview":"max-video-preview:-1"},"canonical":"https:\/\/dicodusport.fr\/blog\/jo-2024-les-jeux-olympiques-sont-officiellement-ouverts\/","og_locale":"fr_FR","og_type":"article","og_title":"JO 2024 : Les Jeux Olympiques sont officiellement ouverts !","og_description":"JO 2024 - La vasque allum\u00e9e, c'est officiel, les Jeux Olympiques de Paris 2024 sont ouverts !","og_url":"https:\/\/dicodusport.fr\/blog\/jo-2024-les-jeux-olympiques-sont-officiellement-ouverts\/","og_site_name":"Dicodusport","article_publisher":"https:\/\/www.facebook.com\/dicodusport","article_published_time":"2024-07-26T21:40:03+00:00","article_modified_time":"2024-07-27T04:53:40+00:00","og_image":[{"width":1200,"height":674,"url":"https:\/\/dicodusport.fr\/blog\/wp-content\/uploads\/2024\/07\/JO-2024-Les-Jeux-Olympiques-sont-officiellement-ouverts.png","type":"image\/png"}],"author":"Louka Lesueur","twitter_card":"summary_large_image","twitter_title":"JO 2024 : Les Jeux Olympiques sont officiellement ouverts !","twitter_creator":"@https:\/\/twitter.com\/LNewsSF","twitter_site":"@dicodusport","schema":{"@context":"https:\/\/schema.org","@graph":[{"@type":"NewsArticle","@id":"https:\/\/dicodusport.fr\/blog\/jo-2024-les-jeux-olympiques-sont-officiellement-ouverts\/#article","isPartOf":{"@id":"https:\/\/dicodusport.fr\/blog\/jo-2024-les-jeux-olympiques-sont-officiellement-ouverts\/"},"author":{"name":"Louka Lesueur","@id":"https:\/\/dicodusport.fr\/blog\/#\/schema\/person\/54b6cdccebdfcd5a1036c594aecffc2a"},"headline":"JO 2024 : Les Jeux Olympiques sont officiellement ouverts !","datePublished":"2024-07-26T21:40:03+00:00","dateModified":"2024-07-27T04:53:40+00:00","mainEntityOfPage":{"@id":"https:\/\/dicodusport.fr\/blog\/jo-2024-les-jeux-olympiques-sont-officiellement-ouverts\/"},"wordCount":694,"commentCount":0,"publisher":{"@id":"https:\/\/dicodusport.fr\/blog\/#organization"},"image":{"@id":"https:\/\/dicodusport.fr\/blog\/jo-2024-les-jeux-olympiques-sont-officiellement-ouverts\/#primaryimage"},"thumbnailUrl":"https:\/\/dicodusport.fr\/blog\/wp-content\/uploads\/2024\/07\/JO-2024-Les-Jeux-Olympiques-sont-officiellement-ouverts.png","keywords":["br\u00e8ve","Jeux olympiques 2024","Jeux Olympiques de Paris","JO 2024","JO Paris 2024","Marie-Jos\u00e9 P\u00e9rec","Paris 2024","sport","Teddy Riner"],"articleSection":["JO Paris 2024"],"inLanguage":"fr-FR","potentialAction":[{"@type":"CommentAction","name":"Comment","target":["https:\/\/dicodusport.fr\/blog\/jo-2024-les-jeux-olympiques-sont-officiellement-ouverts\/#respond"]}],"copyrightYear":"2024","copyrightHolder":{"@id":"https:\/\/dicodusport.fr\/blog\/#organization"}},{"@type":"WebPage","@id":"https:\/\/dicodusport.fr\/blog\/jo-2024-les-jeux-olympiques-sont-officiellement-ouverts\/","url":"https:\/\/dicodusport.fr\/blog\/jo-2024-les-jeux-olympiques-sont-officiellement-ouverts\/","name":"JO 2024 : Les Jeux Olympiques sont officiellement ouverts !","isPartOf":{"@id":"https:\/\/dicodusport.fr\/blog\/#website"},"primaryImageOfPage":{"@id":"https:\/\/dicodusport.fr\/blog\/jo-2024-les-jeux-olympiques-sont-officiellement-ouverts\/#primaryimage"},"image":{"@id":"https:\/\/dicodusport.fr\/blog\/jo-2024-les-jeux-olympiques-sont-officiellement-ouverts\/#primaryimage"},"thumbnailUrl":"https:\/\/dicodusport.fr\/blog\/wp-content\/uploads\/2024\/07\/JO-2024-Les-Jeux-Olympiques-sont-officiellement-ouverts.png","datePublished":"2024-07-26T21:40:03+00:00","dateModified":"2024-07-27T04:53:40+00:00","description":"JO 2024 - La vasque allum\u00e9e, c'est officiel, les Jeux Olympiques de Paris 2024 sont ouverts !","breadcrumb":{"@id":"https:\/\/dicodusport.fr\/blog\/jo-2024-les-jeux-olympiques-sont-officiellement-ouverts\/#breadcrumb"},"inLanguage":"fr-FR","potentialAction":[{"@type":"ReadAction","target":["https:\/\/dicodusport.fr\/blog\/jo-2024-les-jeux-olympiques-sont-officiellement-ouverts\/"]}]},{"@type":"ImageObject","inLanguage":"fr-FR","@id":"https:\/\/dicodusport.fr\/blog\/jo-2024-les-jeux-olympiques-sont-officiellement-ouverts\/#primaryimage","url":"https:\/\/dicodusport.fr\/blog\/wp-content\/uploads\/2024\/07\/JO-2024-Les-Jeux-Olympiques-sont-officiellement-ouverts.png","contentUrl":"https:\/\/dicodusport.fr\/blog\/wp-content\/uploads\/2024\/07\/JO-2024-Les-Jeux-Olympiques-sont-officiellement-ouverts.png","width":1200,"height":674,"caption":"JO 2024 Les Jeux Olympiques sont officiellement ouverts"},{"@type":"BreadcrumbList","@id":"https:\/\/dicodusport.fr\/blog\/jo-2024-les-jeux-olympiques-sont-officiellement-ouverts\/#breadcrumb","itemListElement":[{"@type":"ListItem","position":1,"name":"Accueil","item":"https:\/\/dicodusport.fr\/blog\/"},{"@type":"ListItem","position":2,"name":"JO 2024 : Les Jeux Olympiques sont officiellement ouverts !"}]},{"@type":"WebSite","@id":"https:\/\/dicodusport.fr\/blog\/#website","url":"https:\/\/dicodusport.fr\/blog\/","name":"Dicodusport","description":"L&#039;encyclop\u00e9die de l&#039;actualit\u00e9 sportive","publisher":{"@id":"https:\/\/dicodusport.fr\/blog\/#organization"},"potentialAction":[{"@type":"SearchAction","target":{"@type":"EntryPoint","urlTemplate":"https:\/\/dicodusport.fr\/blog\/?s={search_term_string}"},"query-input":{"@type":"PropertyValueSpecification","valueRequired":true,"valueName":"search_term_string"}}],"inLanguage":"fr-FR"},{"@type":"NewsMediaOrganization","@id":"https:\/\/dicodusport.fr\/blog\/#organization","name":"Dicodusport","url":"https:\/\/dicodusport.fr\/blog\/","logo":{"@type":"ImageObject","inLanguage":"fr-FR","@id":"https:\/\/dicodusport.fr\/blog\/#\/schema\/logo\/image\/","url":"https:\/\/dicodusport.fr\/blog\/wp-content\/uploads\/2020\/06\/cropped-LOGO-DICODUSPORT-2020-SANS-FOND-SANS-TEXTE.png","contentUrl":"https:\/\/dicodusport.fr\/blog\/wp-content\/uploads\/2020\/06\/cropped-LOGO-DICODUSPORT-2020-SANS-FOND-SANS-TEXTE.png","width":512,"height":512,"caption":"Dicodusport"},"image":{"@id":"https:\/\/dicodusport.fr\/blog\/#\/schema\/logo\/image\/"},"sameAs":["https:\/\/www.facebook.com\/dicodusport","https:\/\/x.com\/dicodusport","https:\/\/www.instagram.com\/dicodusport\/","https:\/\/www.youtube.com\/channel\/UC7V2KZ5sd3htJivAbA4ZG3w"],"description":"Dicodusport est l'encyclop\u00e9die de l'actualit\u00e9 sportive.","email":"bonjour@dicodusport.fr","legalName":"DICODUSPORT","foundingDate":"2018-01-14","vatID":"FR71834470973","taxID":"83447097300043","numberOfEmployees":{"@type":"QuantitativeValue","minValue":"1","maxValue":"10"}},{"@type":"Person","@id":"https:\/\/dicodusport.fr\/blog\/#\/schema\/person\/54b6cdccebdfcd5a1036c594aecffc2a","name":"Louka Lesueur","image":{"@type":"ImageObject","inLanguage":"fr-FR","@id":"https:\/\/dicodusport.fr\/blog\/#\/schema\/person\/image\/","url":"https:\/\/dicodusport.fr\/blog\/wp-content\/uploads\/2023\/09\/IMG_2783-150x150.jpeg","contentUrl":"https:\/\/dicodusport.fr\/blog\/wp-content\/uploads\/2023\/09\/IMG_2783-150x150.jpeg","caption":"Louka Lesueur"},"description":"Passionn\u00e9 depuis tout petit par les exploits de Bolt, Fourcade, Riner, Lavillenie, Wilkinson, Hirscher. Les \u00e9motions provoqu\u00e9es par le sport ont berc\u00e9 mon enfance et continuent de le faire aujourd'hui. C'est ainsi qu'il m'est arriv\u00e9 de pleurer devant la d\u00e9faite des Bleus face aux Blacks en 2011, ou encore devant le titre olympique de Florent Manaudou \u00e0 Londres. Bien loin de ce milieu professionnel, j'ai os\u00e9 tenter ma chance pour rejoindre l'\u00e9quipe de r\u00e9daction de Dicodusport, et depuis septembre 2023, je tente de retransmettre au mieux les exploits des athl\u00e8tes, tous sports confondus. Grand chauvin, c'est bel et bien sur les sportifs tricolores que je pr\u00e9f\u00e8re \u00e9crire.","sameAs":["https:\/\/x.com\/https:\/\/twitter.com\/LNewsSF"],"gender":"Homme","worksFor":"Louka LESUEUR","url":"https:\/\/dicodusport.fr\/blog\/author\/louka-lesueur\/"}]}},"_links":{"self":[{"href":"https:\/\/dicodusport.fr\/blog\/wp-json\/wp\/v2\/posts\/503408","targetHints":{"allow":["GET"]}}],"collection":[{"href":"https:\/\/dicodusport.fr\/blog\/wp-json\/wp\/v2\/posts"}],"about":[{"href":"https:\/\/dicodusport.fr\/blog\/wp-json\/wp\/v2\/types\/post"}],"author":[{"embeddable":true,"href":"https:\/\/dicodusport.fr\/blog\/wp-json\/wp\/v2\/users\/89"}],"replies":[{"embeddable":true,"href":"https:\/\/dicodusport.fr\/blog\/wp-json\/wp\/v2\/comments?post=503408"}],"version-history":[{"count":5,"href":"https:\/\/dicodusport.fr\/blog\/wp-json\/wp\/v2\/posts\/503408\/revisions"}],"predecessor-version":[{"id":503440,"href":"https:\/\/dicodusport.fr\/blog\/wp-json\/wp\/v2\/posts\/503408\/revisions\/503440"}],"wp:featuredmedia":[{"embeddable":true,"href":"https:\/\/dicodusport.fr\/blog\/wp-json\/wp\/v2\/media\/503432"}],"wp:attachment":[{"href":"https:\/\/dicodusport.fr\/blog\/wp-json\/wp\/v2\/media?parent=503408"}],"wp:term":[{"taxonomy":"category","embeddable":true,"href":"https:\/\/dicodusport.fr\/blog\/wp-json\/wp\/v2\/categories?post=503408"},{"taxonomy":"post_tag","embeddable":true,"href":"https:\/\/dicodusport.fr\/blog\/wp-json\/wp\/v2\/tags?post=503408"}],"curies":[{"name":"wp","href":"https:\/\/api.w.org\/{rel}","templated":true}]}}