{"id":503419,"date":"2024-07-27T10:43:54","date_gmt":"2024-07-27T08:43:54","guid":{"rendered":"https:\/\/dicodusport.fr\/blog\/?p=503419&#038;preview=true&#038;preview_id=503419"},"modified":"2024-07-27T12:26:56","modified_gmt":"2024-07-27T10:26:56","slug":"judo-jo-2024-premier-combat-reussi-pour-shirine-boukli","status":"publish","type":"post","link":"https:\/\/dicodusport.fr\/blog\/judo-jo-2024-premier-combat-reussi-pour-shirine-boukli\/","title":{"rendered":"Judo JO 2024 : Premier combat r\u00e9ussi pour Shirine Boukli"},"content":{"rendered":"<p style=\"text-align: justify;\"><strong><em>JUDO JO 2024 &#8211; Shirine Boukli r\u00e9ussit son entr\u00e9e en lice face \u00e0 Tugce Beder.<br \/>\n<\/em><\/strong><\/p>\n<ul>\n<li style=\"text-align: justify;\"><strong>\u00c0 ce sujet \u2013\u00a0<a href=\"https:\/\/dicodusport.fr\/blog\/jo-paris-2024\/\" target=\"_blank\" rel=\"noopener\">L\u2019actualit\u00e9 des JO de Paris 2024<\/a><\/strong><\/li>\n<li><strong>\u00c0 ce sujet \u2013\u00a0<a href=\"https:\/\/dicodusport.fr\/blog\/programme-et-resultats-judo-jo-2024\/\" target=\"_blank\" rel=\"noopener\">Calendrier et r\u00e9sultats du judo<\/a><\/strong><\/li>\n<\/ul>\n<p style=\"text-align: justify;\">3 ans apr\u00e8s son \u00e9limination au premier tour face \u00e0 Milica Nikolic, <strong>Shirine Boukli<\/strong> (-48 kg) est de retour aux Jeux Olympiques pour gommer cette frustration. La Fran\u00e7aise a depuis encore progress\u00e9 et continu\u00e9 de garnir son palmar\u00e8s.<\/p>\n<p style=\"text-align: justify;\">Pour son entr\u00e9e en lice, elle affrontait la Turque Tugce Beder. Les deux judokates ne s&rsquo;\u00e9taient plus rencontr\u00e9es depuis le circuit junior (1 victoire chacune). Le regard noir, Shirine Boukli est bien rentr\u00e9e dans son combat. Apr\u00e8s deux p\u00e9nalit\u00e9s, la Turque n&rsquo;est pas pass\u00e9e loin du couperet avec ce qui aurait pu \u00eatre consid\u00e9r\u00e9 comme une fausse attaque. Ce sera sur l&rsquo;attaque suivante. La Fran\u00e7aise va faire basculer son adversaire pour l&rsquo;immobiliser.<\/p>\n<p style=\"text-align: justify;\">D\u00e9buts r\u00e9ussis dans une Arena du Champ-de-Mars d\u00e9j\u00e0 chauff\u00e9e \u00e0 bloc derri\u00e8re la Fran\u00e7aise. Pour le deuxi\u00e8me tour, ce sera face \u00e0 la Tunisienne <strong>Oumaima Bedioui<\/strong>, double championne d&rsquo;Afrique en titre.<\/p>\n<blockquote class=\"twitter-tweet\">\n<p dir=\"ltr\" lang=\"fr\"><a href=\"https:\/\/twitter.com\/hashtag\/Paris2024?src=hash&amp;ref_src=twsrc%5Etfw\">#Paris2024<\/a> | \ud83c\uddeb\ud83c\uddf7 La victoire de Shirine Boukli ! La Fran\u00e7aise ma\u00eetrise ce premier tour face \u00e0 la Turque Tugce Beder !<\/p>\n<p>On la retrouvera plus tard dans la journ\u00e9e pour son huiti\u00e8me de finale. <a href=\"https:\/\/t.co\/zm6iqE7Bmt\">pic.twitter.com\/zm6iqE7Bmt<\/a><\/p>\n<p>\u2014 francetvsport (@francetvsport) <a href=\"https:\/\/twitter.com\/francetvsport\/status\/1817118620742238611?ref_src=twsrc%5Etfw\">July 27, 2024<\/a><\/p><\/blockquote>\n<p><script async src=\"https:\/\/platform.twitter.com\/widgets.js\" charset=\"utf-8\"><\/script><\/p>\n","protected":false},"excerpt":{"rendered":"<p>JUDO JO 2024 &#8211; Shirine Boukli r\u00e9ussit son entr\u00e9e en lice face \u00e0 Tugce Beder.<\/p>\n","protected":false},"author":12,"featured_media":503535,"comment_status":"open","ping_status":"closed","sticky":false,"template":"","format":"standard","meta":{"_acf_changed":false,"_daextam_enable_autolinks":"1","footnotes":""},"categories":[8436,8651],"tags":[16878,1506,19184,1504,12920,68,1004,12655],"class_list":["post-503419","post","type-post","status-publish","format-standard","has-post-thumbnail","hentry","category-jo-paris-2024","category-judo","tag-breve","tag-jeux-olympiques-2024","tag-jeux-olympiques-de-paris","tag-jo-2024","tag-jo-paris-2024","tag-judo","tag-paris-2024","tag-shirine-boukli"],"acf":[],"yoast_head":"<!-- This site is optimized with the Yoast SEO Premium plugin v26.7 (Yoast SEO v26.7) - https:\/\/yoast.com\/wordpress\/plugins\/seo\/ -->\n<title>Judo JO 2024 : Premier combat r\u00e9ussi pour Shirine Boukli<\/title>\n<meta name=\"description\" content=\"JUDO JO 2024 - Shirine Boukli r\u00e9ussit son entr\u00e9e en lice face \u00e0 Tugce Beder.\" \/>\n<meta name=\"robots\" content=\"index, follow, max-snippet:-1, max-image-preview:large, max-video-preview:-1\" \/>\n<link rel=\"canonical\" href=\"https:\/\/dicodusport.fr\/blog\/judo-jo-2024-premier-combat-reussi-pour-shirine-boukli\/\" \/>\n<meta property=\"og:locale\" content=\"fr_FR\" \/>\n<meta property=\"og:type\" content=\"article\" \/>\n<meta property=\"og:title\" content=\"Judo JO 2024 : Premier combat r\u00e9ussi pour Shirine Boukli\" \/>\n<meta property=\"og:description\" content=\"JUDO JO 2024 - Shirine Boukli r\u00e9ussit son entr\u00e9e en lice face \u00e0 Tugce Beder.\" \/>\n<meta property=\"og:url\" content=\"https:\/\/dicodusport.fr\/blog\/judo-jo-2024-premier-combat-reussi-pour-shirine-boukli\/\" \/>\n<meta property=\"og:site_name\" content=\"Dicodusport\" \/>\n<meta property=\"article:publisher\" content=\"https:\/\/www.facebook.com\/dicodusport\" \/>\n<meta property=\"article:published_time\" content=\"2024-07-27T08:43:54+00:00\" \/>\n<meta property=\"article:modified_time\" content=\"2024-07-27T10:26:56+00:00\" \/>\n<meta property=\"og:image\" content=\"https:\/\/dicodusport.fr\/blog\/wp-content\/uploads\/2024\/07\/Judo-JO-2024-Premier-combat-reussi-pour-Shirine-Boukli-1.png\" \/>\n\t<meta property=\"og:image:width\" content=\"1200\" \/>\n\t<meta property=\"og:image:height\" content=\"674\" \/>\n\t<meta property=\"og:image:type\" content=\"image\/png\" \/>\n<meta name=\"author\" content=\"Arlette Yeye\" \/>\n<meta name=\"twitter:card\" content=\"summary_large_image\" \/>\n<meta name=\"twitter:title\" content=\"Judo JO 2024 : Premier combat r\u00e9ussi pour Shirine Boukli\" \/>\n<meta name=\"twitter:creator\" content=\"@https:\/\/twitter.com\/Shiclette94\" \/>\n<meta name=\"twitter:site\" content=\"@dicodusport\" \/>\n<script type=\"application\/ld+json\" class=\"yoast-schema-graph\">{\"@context\":\"https:\/\/schema.org\",\"@graph\":[{\"@type\":\"NewsArticle\",\"@id\":\"https:\/\/dicodusport.fr\/blog\/judo-jo-2024-premier-combat-reussi-pour-shirine-boukli\/#article\",\"isPartOf\":{\"@id\":\"https:\/\/dicodusport.fr\/blog\/judo-jo-2024-premier-combat-reussi-pour-shirine-boukli\/\"},\"author\":{\"name\":\"Arlette Yeye\",\"@id\":\"https:\/\/dicodusport.fr\/blog\/#\/schema\/person\/cce96fa88785bd8573e3d43078ac8c79\"},\"headline\":\"Judo JO 2024 : Premier combat r\u00e9ussi pour Shirine Boukli\",\"datePublished\":\"2024-07-27T08:43:54+00:00\",\"dateModified\":\"2024-07-27T10:26:56+00:00\",\"mainEntityOfPage\":{\"@id\":\"https:\/\/dicodusport.fr\/blog\/judo-jo-2024-premier-combat-reussi-pour-shirine-boukli\/\"},\"wordCount\":243,\"commentCount\":0,\"publisher\":{\"@id\":\"https:\/\/dicodusport.fr\/blog\/#organization\"},\"image\":{\"@id\":\"https:\/\/dicodusport.fr\/blog\/judo-jo-2024-premier-combat-reussi-pour-shirine-boukli\/#primaryimage\"},\"thumbnailUrl\":\"https:\/\/dicodusport.fr\/blog\/wp-content\/uploads\/2024\/07\/Judo-JO-2024-Premier-combat-reussi-pour-Shirine-Boukli-1.png\",\"keywords\":[\"br\u00e8ve\",\"Jeux olympiques 2024\",\"Jeux Olympiques de Paris\",\"JO 2024\",\"JO Paris 2024\",\"Judo\",\"Paris 2024\",\"Shirine Boukli\"],\"articleSection\":[\"JO Paris 2024\",\"Judo\"],\"inLanguage\":\"fr-FR\",\"potentialAction\":[{\"@type\":\"CommentAction\",\"name\":\"Comment\",\"target\":[\"https:\/\/dicodusport.fr\/blog\/judo-jo-2024-premier-combat-reussi-pour-shirine-boukli\/#respond\"]}],\"copyrightYear\":\"2024\",\"copyrightHolder\":{\"@id\":\"https:\/\/dicodusport.fr\/blog\/#organization\"}},{\"@type\":\"WebPage\",\"@id\":\"https:\/\/dicodusport.fr\/blog\/judo-jo-2024-premier-combat-reussi-pour-shirine-boukli\/\",\"url\":\"https:\/\/dicodusport.fr\/blog\/judo-jo-2024-premier-combat-reussi-pour-shirine-boukli\/\",\"name\":\"Judo JO 2024 : Premier combat r\u00e9ussi pour Shirine Boukli\",\"isPartOf\":{\"@id\":\"https:\/\/dicodusport.fr\/blog\/#website\"},\"primaryImageOfPage\":{\"@id\":\"https:\/\/dicodusport.fr\/blog\/judo-jo-2024-premier-combat-reussi-pour-shirine-boukli\/#primaryimage\"},\"image\":{\"@id\":\"https:\/\/dicodusport.fr\/blog\/judo-jo-2024-premier-combat-reussi-pour-shirine-boukli\/#primaryimage\"},\"thumbnailUrl\":\"https:\/\/dicodusport.fr\/blog\/wp-content\/uploads\/2024\/07\/Judo-JO-2024-Premier-combat-reussi-pour-Shirine-Boukli-1.png\",\"datePublished\":\"2024-07-27T08:43:54+00:00\",\"dateModified\":\"2024-07-27T10:26:56+00:00\",\"description\":\"JUDO JO 2024 - Shirine Boukli r\u00e9ussit son entr\u00e9e en lice face \u00e0 Tugce Beder.\",\"breadcrumb\":{\"@id\":\"https:\/\/dicodusport.fr\/blog\/judo-jo-2024-premier-combat-reussi-pour-shirine-boukli\/#breadcrumb\"},\"inLanguage\":\"fr-FR\",\"potentialAction\":[{\"@type\":\"ReadAction\",\"target\":[\"https:\/\/dicodusport.fr\/blog\/judo-jo-2024-premier-combat-reussi-pour-shirine-boukli\/\"]}]},{\"@type\":\"ImageObject\",\"inLanguage\":\"fr-FR\",\"@id\":\"https:\/\/dicodusport.fr\/blog\/judo-jo-2024-premier-combat-reussi-pour-shirine-boukli\/#primaryimage\",\"url\":\"https:\/\/dicodusport.fr\/blog\/wp-content\/uploads\/2024\/07\/Judo-JO-2024-Premier-combat-reussi-pour-Shirine-Boukli-1.png\",\"contentUrl\":\"https:\/\/dicodusport.fr\/blog\/wp-content\/uploads\/2024\/07\/Judo-JO-2024-Premier-combat-reussi-pour-Shirine-Boukli-1.png\",\"width\":1200,\"height\":674,\"caption\":\"Judo JO 2024 Premier combat r\u00e9ussi pour Shirine Boukli\"},{\"@type\":\"BreadcrumbList\",\"@id\":\"https:\/\/dicodusport.fr\/blog\/judo-jo-2024-premier-combat-reussi-pour-shirine-boukli\/#breadcrumb\",\"itemListElement\":[{\"@type\":\"ListItem\",\"position\":1,\"name\":\"Accueil\",\"item\":\"https:\/\/dicodusport.fr\/blog\/\"},{\"@type\":\"ListItem\",\"position\":2,\"name\":\"Judo JO 2024 : Premier combat r\u00e9ussi pour Shirine Boukli\"}]},{\"@type\":\"WebSite\",\"@id\":\"https:\/\/dicodusport.fr\/blog\/#website\",\"url\":\"https:\/\/dicodusport.fr\/blog\/\",\"name\":\"Dicodusport\",\"description\":\"L&#039;encyclop\u00e9die de l&#039;actualit\u00e9 sportive\",\"publisher\":{\"@id\":\"https:\/\/dicodusport.fr\/blog\/#organization\"},\"potentialAction\":[{\"@type\":\"SearchAction\",\"target\":{\"@type\":\"EntryPoint\",\"urlTemplate\":\"https:\/\/dicodusport.fr\/blog\/?s={search_term_string}\"},\"query-input\":{\"@type\":\"PropertyValueSpecification\",\"valueRequired\":true,\"valueName\":\"search_term_string\"}}],\"inLanguage\":\"fr-FR\"},{\"@type\":\"NewsMediaOrganization\",\"@id\":\"https:\/\/dicodusport.fr\/blog\/#organization\",\"name\":\"Dicodusport\",\"url\":\"https:\/\/dicodusport.fr\/blog\/\",\"logo\":{\"@type\":\"ImageObject\",\"inLanguage\":\"fr-FR\",\"@id\":\"https:\/\/dicodusport.fr\/blog\/#\/schema\/logo\/image\/\",\"url\":\"https:\/\/dicodusport.fr\/blog\/wp-content\/uploads\/2020\/06\/cropped-LOGO-DICODUSPORT-2020-SANS-FOND-SANS-TEXTE.png\",\"contentUrl\":\"https:\/\/dicodusport.fr\/blog\/wp-content\/uploads\/2020\/06\/cropped-LOGO-DICODUSPORT-2020-SANS-FOND-SANS-TEXTE.png\",\"width\":512,\"height\":512,\"caption\":\"Dicodusport\"},\"image\":{\"@id\":\"https:\/\/dicodusport.fr\/blog\/#\/schema\/logo\/image\/\"},\"sameAs\":[\"https:\/\/www.facebook.com\/dicodusport\",\"https:\/\/x.com\/dicodusport\",\"https:\/\/www.instagram.com\/dicodusport\/\",\"https:\/\/www.youtube.com\/channel\/UC7V2KZ5sd3htJivAbA4ZG3w\"],\"description\":\"Dicodusport est l'encyclop\u00e9die de l'actualit\u00e9 sportive.\",\"email\":\"bonjour@dicodusport.fr\",\"legalName\":\"DICODUSPORT\",\"foundingDate\":\"2018-01-14\",\"vatID\":\"FR71834470973\",\"taxID\":\"83447097300043\",\"numberOfEmployees\":{\"@type\":\"QuantitativeValue\",\"minValue\":\"1\",\"maxValue\":\"10\"}},{\"@type\":\"Person\",\"@id\":\"https:\/\/dicodusport.fr\/blog\/#\/schema\/person\/cce96fa88785bd8573e3d43078ac8c79\",\"name\":\"Arlette Yeye\",\"image\":{\"@type\":\"ImageObject\",\"inLanguage\":\"fr-FR\",\"@id\":\"https:\/\/dicodusport.fr\/blog\/#\/schema\/person\/image\/\",\"url\":\"https:\/\/secure.gravatar.com\/avatar\/dca4a6239e6d708e46c45d60e160de6c?s=96&d=wp_user_avatar&r=g\",\"contentUrl\":\"https:\/\/secure.gravatar.com\/avatar\/dca4a6239e6d708e46c45d60e160de6c?s=96&d=wp_user_avatar&r=g\",\"caption\":\"Arlette Yeye\"},\"description\":\"Journaliste\/r\u00e9dactrice depuis septembre 2015 - Supportrice de Chelsea, j'ai pour sports de pr\u00e9dilection le handball, l'athl\u00e9tisme et le tennis. Si je tweete plus vite que mon ombre, vous pouvez aussi me retrouver les week-ends sur les playgrounds de Bruxelles pour un petit foot ou basket entre potes. Parcourir la France, l'Europe et plus si affinit\u00e9s pour suivre mes sportifs pr\u00e9f\u00e9r\u00e9s ? Mon kif ! Et c'est avec plaisir que je partage les r\u00e9sultats des sports populaires mais \u00e9galement plus confidentiels pour Dicodusport.\",\"sameAs\":[\"https:\/\/x.com\/https:\/\/twitter.com\/Shiclette94\"],\"url\":\"https:\/\/dicodusport.fr\/blog\/author\/arlette\/\"}]}<\/script>\n<!-- \/ Yoast SEO Premium plugin. -->","yoast_head_json":{"title":"Judo JO 2024 : Premier combat r\u00e9ussi pour Shirine Boukli","description":"JUDO JO 2024 - Shirine Boukli r\u00e9ussit son entr\u00e9e en lice face \u00e0 Tugce Beder.","robots":{"index":"index","follow":"follow","max-snippet":"max-snippet:-1","max-image-preview":"max-image-preview:large","max-video-preview":"max-video-preview:-1"},"canonical":"https:\/\/dicodusport.fr\/blog\/judo-jo-2024-premier-combat-reussi-pour-shirine-boukli\/","og_locale":"fr_FR","og_type":"article","og_title":"Judo JO 2024 : Premier combat r\u00e9ussi pour Shirine Boukli","og_description":"JUDO JO 2024 - Shirine Boukli r\u00e9ussit son entr\u00e9e en lice face \u00e0 Tugce Beder.","og_url":"https:\/\/dicodusport.fr\/blog\/judo-jo-2024-premier-combat-reussi-pour-shirine-boukli\/","og_site_name":"Dicodusport","article_publisher":"https:\/\/www.facebook.com\/dicodusport","article_published_time":"2024-07-27T08:43:54+00:00","article_modified_time":"2024-07-27T10:26:56+00:00","og_image":[{"width":1200,"height":674,"url":"https:\/\/dicodusport.fr\/blog\/wp-content\/uploads\/2024\/07\/Judo-JO-2024-Premier-combat-reussi-pour-Shirine-Boukli-1.png","type":"image\/png"}],"author":"Arlette Yeye","twitter_card":"summary_large_image","twitter_title":"Judo JO 2024 : Premier combat r\u00e9ussi pour Shirine Boukli","twitter_creator":"@https:\/\/twitter.com\/Shiclette94","twitter_site":"@dicodusport","schema":{"@context":"https:\/\/schema.org","@graph":[{"@type":"NewsArticle","@id":"https:\/\/dicodusport.fr\/blog\/judo-jo-2024-premier-combat-reussi-pour-shirine-boukli\/#article","isPartOf":{"@id":"https:\/\/dicodusport.fr\/blog\/judo-jo-2024-premier-combat-reussi-pour-shirine-boukli\/"},"author":{"name":"Arlette Yeye","@id":"https:\/\/dicodusport.fr\/blog\/#\/schema\/person\/cce96fa88785bd8573e3d43078ac8c79"},"headline":"Judo JO 2024 : Premier combat r\u00e9ussi pour Shirine Boukli","datePublished":"2024-07-27T08:43:54+00:00","dateModified":"2024-07-27T10:26:56+00:00","mainEntityOfPage":{"@id":"https:\/\/dicodusport.fr\/blog\/judo-jo-2024-premier-combat-reussi-pour-shirine-boukli\/"},"wordCount":243,"commentCount":0,"publisher":{"@id":"https:\/\/dicodusport.fr\/blog\/#organization"},"image":{"@id":"https:\/\/dicodusport.fr\/blog\/judo-jo-2024-premier-combat-reussi-pour-shirine-boukli\/#primaryimage"},"thumbnailUrl":"https:\/\/dicodusport.fr\/blog\/wp-content\/uploads\/2024\/07\/Judo-JO-2024-Premier-combat-reussi-pour-Shirine-Boukli-1.png","keywords":["br\u00e8ve","Jeux olympiques 2024","Jeux Olympiques de Paris","JO 2024","JO Paris 2024","Judo","Paris 2024","Shirine Boukli"],"articleSection":["JO Paris 2024","Judo"],"inLanguage":"fr-FR","potentialAction":[{"@type":"CommentAction","name":"Comment","target":["https:\/\/dicodusport.fr\/blog\/judo-jo-2024-premier-combat-reussi-pour-shirine-boukli\/#respond"]}],"copyrightYear":"2024","copyrightHolder":{"@id":"https:\/\/dicodusport.fr\/blog\/#organization"}},{"@type":"WebPage","@id":"https:\/\/dicodusport.fr\/blog\/judo-jo-2024-premier-combat-reussi-pour-shirine-boukli\/","url":"https:\/\/dicodusport.fr\/blog\/judo-jo-2024-premier-combat-reussi-pour-shirine-boukli\/","name":"Judo JO 2024 : Premier combat r\u00e9ussi pour Shirine Boukli","isPartOf":{"@id":"https:\/\/dicodusport.fr\/blog\/#website"},"primaryImageOfPage":{"@id":"https:\/\/dicodusport.fr\/blog\/judo-jo-2024-premier-combat-reussi-pour-shirine-boukli\/#primaryimage"},"image":{"@id":"https:\/\/dicodusport.fr\/blog\/judo-jo-2024-premier-combat-reussi-pour-shirine-boukli\/#primaryimage"},"thumbnailUrl":"https:\/\/dicodusport.fr\/blog\/wp-content\/uploads\/2024\/07\/Judo-JO-2024-Premier-combat-reussi-pour-Shirine-Boukli-1.png","datePublished":"2024-07-27T08:43:54+00:00","dateModified":"2024-07-27T10:26:56+00:00","description":"JUDO JO 2024 - Shirine Boukli r\u00e9ussit son entr\u00e9e en lice face \u00e0 Tugce Beder.","breadcrumb":{"@id":"https:\/\/dicodusport.fr\/blog\/judo-jo-2024-premier-combat-reussi-pour-shirine-boukli\/#breadcrumb"},"inLanguage":"fr-FR","potentialAction":[{"@type":"ReadAction","target":["https:\/\/dicodusport.fr\/blog\/judo-jo-2024-premier-combat-reussi-pour-shirine-boukli\/"]}]},{"@type":"ImageObject","inLanguage":"fr-FR","@id":"https:\/\/dicodusport.fr\/blog\/judo-jo-2024-premier-combat-reussi-pour-shirine-boukli\/#primaryimage","url":"https:\/\/dicodusport.fr\/blog\/wp-content\/uploads\/2024\/07\/Judo-JO-2024-Premier-combat-reussi-pour-Shirine-Boukli-1.png","contentUrl":"https:\/\/dicodusport.fr\/blog\/wp-content\/uploads\/2024\/07\/Judo-JO-2024-Premier-combat-reussi-pour-Shirine-Boukli-1.png","width":1200,"height":674,"caption":"Judo JO 2024 Premier combat r\u00e9ussi pour Shirine Boukli"},{"@type":"BreadcrumbList","@id":"https:\/\/dicodusport.fr\/blog\/judo-jo-2024-premier-combat-reussi-pour-shirine-boukli\/#breadcrumb","itemListElement":[{"@type":"ListItem","position":1,"name":"Accueil","item":"https:\/\/dicodusport.fr\/blog\/"},{"@type":"ListItem","position":2,"name":"Judo JO 2024 : Premier combat r\u00e9ussi pour Shirine Boukli"}]},{"@type":"WebSite","@id":"https:\/\/dicodusport.fr\/blog\/#website","url":"https:\/\/dicodusport.fr\/blog\/","name":"Dicodusport","description":"L&#039;encyclop\u00e9die de l&#039;actualit\u00e9 sportive","publisher":{"@id":"https:\/\/dicodusport.fr\/blog\/#organization"},"potentialAction":[{"@type":"SearchAction","target":{"@type":"EntryPoint","urlTemplate":"https:\/\/dicodusport.fr\/blog\/?s={search_term_string}"},"query-input":{"@type":"PropertyValueSpecification","valueRequired":true,"valueName":"search_term_string"}}],"inLanguage":"fr-FR"},{"@type":"NewsMediaOrganization","@id":"https:\/\/dicodusport.fr\/blog\/#organization","name":"Dicodusport","url":"https:\/\/dicodusport.fr\/blog\/","logo":{"@type":"ImageObject","inLanguage":"fr-FR","@id":"https:\/\/dicodusport.fr\/blog\/#\/schema\/logo\/image\/","url":"https:\/\/dicodusport.fr\/blog\/wp-content\/uploads\/2020\/06\/cropped-LOGO-DICODUSPORT-2020-SANS-FOND-SANS-TEXTE.png","contentUrl":"https:\/\/dicodusport.fr\/blog\/wp-content\/uploads\/2020\/06\/cropped-LOGO-DICODUSPORT-2020-SANS-FOND-SANS-TEXTE.png","width":512,"height":512,"caption":"Dicodusport"},"image":{"@id":"https:\/\/dicodusport.fr\/blog\/#\/schema\/logo\/image\/"},"sameAs":["https:\/\/www.facebook.com\/dicodusport","https:\/\/x.com\/dicodusport","https:\/\/www.instagram.com\/dicodusport\/","https:\/\/www.youtube.com\/channel\/UC7V2KZ5sd3htJivAbA4ZG3w"],"description":"Dicodusport est l'encyclop\u00e9die de l'actualit\u00e9 sportive.","email":"bonjour@dicodusport.fr","legalName":"DICODUSPORT","foundingDate":"2018-01-14","vatID":"FR71834470973","taxID":"83447097300043","numberOfEmployees":{"@type":"QuantitativeValue","minValue":"1","maxValue":"10"}},{"@type":"Person","@id":"https:\/\/dicodusport.fr\/blog\/#\/schema\/person\/cce96fa88785bd8573e3d43078ac8c79","name":"Arlette Yeye","image":{"@type":"ImageObject","inLanguage":"fr-FR","@id":"https:\/\/dicodusport.fr\/blog\/#\/schema\/person\/image\/","url":"https:\/\/secure.gravatar.com\/avatar\/dca4a6239e6d708e46c45d60e160de6c?s=96&d=wp_user_avatar&r=g","contentUrl":"https:\/\/secure.gravatar.com\/avatar\/dca4a6239e6d708e46c45d60e160de6c?s=96&d=wp_user_avatar&r=g","caption":"Arlette Yeye"},"description":"Journaliste\/r\u00e9dactrice depuis septembre 2015 - Supportrice de Chelsea, j'ai pour sports de pr\u00e9dilection le handball, l'athl\u00e9tisme et le tennis. Si je tweete plus vite que mon ombre, vous pouvez aussi me retrouver les week-ends sur les playgrounds de Bruxelles pour un petit foot ou basket entre potes. Parcourir la France, l'Europe et plus si affinit\u00e9s pour suivre mes sportifs pr\u00e9f\u00e9r\u00e9s ? Mon kif ! Et c'est avec plaisir que je partage les r\u00e9sultats des sports populaires mais \u00e9galement plus confidentiels pour Dicodusport.","sameAs":["https:\/\/x.com\/https:\/\/twitter.com\/Shiclette94"],"url":"https:\/\/dicodusport.fr\/blog\/author\/arlette\/"}]}},"_links":{"self":[{"href":"https:\/\/dicodusport.fr\/blog\/wp-json\/wp\/v2\/posts\/503419","targetHints":{"allow":["GET"]}}],"collection":[{"href":"https:\/\/dicodusport.fr\/blog\/wp-json\/wp\/v2\/posts"}],"about":[{"href":"https:\/\/dicodusport.fr\/blog\/wp-json\/wp\/v2\/types\/post"}],"author":[{"embeddable":true,"href":"https:\/\/dicodusport.fr\/blog\/wp-json\/wp\/v2\/users\/12"}],"replies":[{"embeddable":true,"href":"https:\/\/dicodusport.fr\/blog\/wp-json\/wp\/v2\/comments?post=503419"}],"version-history":[{"count":5,"href":"https:\/\/dicodusport.fr\/blog\/wp-json\/wp\/v2\/posts\/503419\/revisions"}],"predecessor-version":[{"id":503523,"href":"https:\/\/dicodusport.fr\/blog\/wp-json\/wp\/v2\/posts\/503419\/revisions\/503523"}],"wp:featuredmedia":[{"embeddable":true,"href":"https:\/\/dicodusport.fr\/blog\/wp-json\/wp\/v2\/media\/503535"}],"wp:attachment":[{"href":"https:\/\/dicodusport.fr\/blog\/wp-json\/wp\/v2\/media?parent=503419"}],"wp:term":[{"taxonomy":"category","embeddable":true,"href":"https:\/\/dicodusport.fr\/blog\/wp-json\/wp\/v2\/categories?post=503419"},{"taxonomy":"post_tag","embeddable":true,"href":"https:\/\/dicodusport.fr\/blog\/wp-json\/wp\/v2\/tags?post=503419"}],"curies":[{"name":"wp","href":"https:\/\/api.w.org\/{rel}","templated":true}]}}