{"id":503812,"date":"2024-07-27T17:44:55","date_gmt":"2024-07-27T15:44:55","guid":{"rendered":"https:\/\/dicodusport.fr\/blog\/?p=503812&#038;preview=true&#038;preview_id=503812"},"modified":"2024-07-27T20:47:27","modified_gmt":"2024-07-27T18:47:27","slug":"judo-jo-2024-shirine-boukli-ouvre-le-compteur-de-lequipe-de-france-avec-le-bronze-en-48-kg","status":"publish","type":"post","link":"https:\/\/dicodusport.fr\/blog\/judo-jo-2024-shirine-boukli-ouvre-le-compteur-de-lequipe-de-france-avec-le-bronze-en-48-kg\/","title":{"rendered":"Judo JO 2024 : Shirine Boukli ouvre le compteur de la France avec le bronze en -48 kg"},"content":{"rendered":"<p style=\"text-align: justify;\"><em><strong>JUDO JO 2024 &#8211; Dominante face \u00e0 l\u2019Espagnole Laura Martinez Abelenda, Shirine Boukli oublie Tokyo et lance la d\u00e9l\u00e9gation tricolore avec une m\u00e9daille de bronze au bout du golden score.<\/strong><\/em><\/p>\n<ul>\n<li style=\"text-align: justify;\"><strong>\u00c0 ce sujet \u2013\u00a0<a href=\"https:\/\/dicodusport.fr\/blog\/jo-paris-2024\/\" target=\"_blank\" rel=\"noopener\">L\u2019actualit\u00e9 des JO de Paris 2024<\/a><\/strong><\/li>\n<li><strong>\u00c0 ce sujet \u2013\u00a0<a href=\"https:\/\/dicodusport.fr\/blog\/programme-et-resultats-judo-jo-2024\/\" target=\"_blank\" rel=\"noopener\">Calendrier et r\u00e9sultats du judo<\/a><\/strong><\/li>\n<\/ul>\n<p style=\"text-align: justify;\">Contre <strong>Laura Martinez Abelenda<\/strong>, tomb\u00e9e en demi-finale, <strong>Shirine Boukli<\/strong> a relev\u00e9 les manches. Enfin fa\u00e7on de parler. Mais oubli\u00e9 le souvenir douloureux de Tokyo, la Fran\u00e7aise ouvre le compteur de la d\u00e9l\u00e9gation tricolore en s&#8217;emparant du bronze, la premi\u00e8re breloque olympique pour la judokate de 25 ans. L\u2019Espagnole a rapidement pris une p\u00e9nalit\u00e9 face \u00e0 la grosse activit\u00e9 de la Tricolore. <strong>Shirine Boukli<\/strong> a multipli\u00e9 les attaques, poussant son adversaire \u00e0 \u00ab\u00a0fuir\u00a0\u00bb le combat. Et hop, deuxi\u00e8me biscotte pour <strong>Laura<\/strong> <strong>Martinez Abelenda<\/strong> juste avant le golden score. C&rsquo;est dans ce dernier que la Fran\u00e7aise a plac\u00e9 un waza-ari d\u00e9cisif pour aller d\u00e9crocher cette m\u00e9daille tant convoit\u00e9e. Et de 1 !<\/p>\n<blockquote class=\"twitter-tweet\">\n<p dir=\"ltr\" lang=\"fr\"><a href=\"https:\/\/twitter.com\/hashtag\/Paris2024?src=hash&amp;ref_src=twsrc%5Etfw\">#Paris2024<\/a> | SHIRINE BOUKLI M\u00c9DAILL\u00c9E DE BRONZE \ud83e\udd49<\/p>\n<p>C&rsquo;est la premi\u00e8re m\u00e9daille pour la d\u00e9l\u00e9gation fran\u00e7aise \ud83c\uddeb\ud83c\uddf7<\/p>\n<p>\ud83d\udcfa \u00c0 suivre en direct : <a href=\"https:\/\/t.co\/hHHwOiAOqk\">https:\/\/t.co\/hHHwOiAOqk<\/a> <a href=\"https:\/\/t.co\/3t15Ps7Da6\">pic.twitter.com\/3t15Ps7Da6<\/a><\/p>\n<p>\u2014 francetvsport (@francetvsport) <a href=\"https:\/\/twitter.com\/francetvsport\/status\/1817224523931963456?ref_src=twsrc%5Etfw\">July 27, 2024<\/a><\/p><\/blockquote>\n<p><script async src=\"https:\/\/platform.twitter.com\/widgets.js\" charset=\"utf-8\"><\/script><\/p>\n<p>&nbsp;<\/p>\n","protected":false},"excerpt":{"rendered":"<p>Shirine Boukli ouvre le compteur de la France avec le bronze en -48 kg.<\/p>\n","protected":false},"author":18,"featured_media":504014,"comment_status":"open","ping_status":"closed","sticky":false,"template":"","format":"standard","meta":{"_acf_changed":false,"_daextam_enable_autolinks":"1","footnotes":""},"categories":[8436,8651],"tags":[16878,1506,19184,1504,12920,68,1004,12655,24],"class_list":["post-503812","post","type-post","status-publish","format-standard","has-post-thumbnail","hentry","category-jo-paris-2024","category-judo","tag-breve","tag-jeux-olympiques-2024","tag-jeux-olympiques-de-paris","tag-jo-2024","tag-jo-paris-2024","tag-judo","tag-paris-2024","tag-shirine-boukli","tag-sport"],"acf":[],"yoast_head":"<!-- This site is optimized with the Yoast SEO Premium plugin v26.7 (Yoast SEO v26.7) - https:\/\/yoast.com\/wordpress\/plugins\/seo\/ -->\n<title>Judo JO 2024 : Shirine Boukli ouvre le compteur de la France avec le bronze en -48 kg<\/title>\n<meta name=\"description\" content=\"Dominante face \u00e0 l\u2019Espagnole Laura Martinez Abelenda, Shirine Boukli oublie Tokyo et lance la d\u00e9l\u00e9gation tricolore avec le bronze.\" \/>\n<meta name=\"robots\" content=\"index, follow, max-snippet:-1, max-image-preview:large, max-video-preview:-1\" \/>\n<link rel=\"canonical\" href=\"https:\/\/dicodusport.fr\/blog\/judo-jo-2024-shirine-boukli-ouvre-le-compteur-de-lequipe-de-france-avec-le-bronze-en-48-kg\/\" \/>\n<meta property=\"og:locale\" content=\"fr_FR\" \/>\n<meta property=\"og:type\" content=\"article\" \/>\n<meta property=\"og:title\" content=\"Judo JO 2024 : Shirine Boukli ouvre le compteur de la France avec le bronze en -48 kg\" \/>\n<meta property=\"og:description\" content=\"Dominante face \u00e0 l\u2019Espagnole Laura Martinez Abelenda, Shirine Boukli oublie Tokyo et lance la d\u00e9l\u00e9gation tricolore avec le bronze.\" \/>\n<meta property=\"og:url\" content=\"https:\/\/dicodusport.fr\/blog\/judo-jo-2024-shirine-boukli-ouvre-le-compteur-de-lequipe-de-france-avec-le-bronze-en-48-kg\/\" \/>\n<meta property=\"og:site_name\" content=\"Dicodusport\" \/>\n<meta property=\"article:publisher\" content=\"https:\/\/www.facebook.com\/dicodusport\" \/>\n<meta property=\"article:author\" content=\"https:\/\/www.facebook.com\/soocube\" \/>\n<meta property=\"article:published_time\" content=\"2024-07-27T15:44:55+00:00\" \/>\n<meta property=\"article:modified_time\" content=\"2024-07-27T18:47:27+00:00\" \/>\n<meta property=\"og:image\" content=\"https:\/\/dicodusport.fr\/blog\/wp-content\/uploads\/2024\/07\/Judo-JO-2024-Shirine-Boukli-ouvre-le-compteur-de-la-France-avec-le-bronze-en-48-kg-1.png\" \/>\n\t<meta property=\"og:image:width\" content=\"1200\" \/>\n\t<meta property=\"og:image:height\" content=\"674\" \/>\n\t<meta property=\"og:image:type\" content=\"image\/png\" \/>\n<meta name=\"author\" content=\"Sophie Clapier\" \/>\n<meta name=\"twitter:card\" content=\"summary_large_image\" \/>\n<meta name=\"twitter:title\" content=\"Judo JO 2024 : Shirine Boukli ouvre le compteur de la France avec le bronze en -48 kg\" \/>\n<meta name=\"twitter:creator\" content=\"@https:\/\/twitter.com\/soocube\" \/>\n<meta name=\"twitter:site\" content=\"@dicodusport\" \/>\n<script type=\"application\/ld+json\" class=\"yoast-schema-graph\">{\"@context\":\"https:\/\/schema.org\",\"@graph\":[{\"@type\":\"NewsArticle\",\"@id\":\"https:\/\/dicodusport.fr\/blog\/judo-jo-2024-shirine-boukli-ouvre-le-compteur-de-lequipe-de-france-avec-le-bronze-en-48-kg\/#article\",\"isPartOf\":{\"@id\":\"https:\/\/dicodusport.fr\/blog\/judo-jo-2024-shirine-boukli-ouvre-le-compteur-de-lequipe-de-france-avec-le-bronze-en-48-kg\/\"},\"author\":{\"name\":\"Sophie Clapier\",\"@id\":\"https:\/\/dicodusport.fr\/blog\/#\/schema\/person\/416c975648aca9da8839bdfe333a21c9\"},\"headline\":\"Judo JO 2024 : Shirine Boukli ouvre le compteur de la France avec le bronze en -48 kg\",\"datePublished\":\"2024-07-27T15:44:55+00:00\",\"dateModified\":\"2024-07-27T18:47:27+00:00\",\"mainEntityOfPage\":{\"@id\":\"https:\/\/dicodusport.fr\/blog\/judo-jo-2024-shirine-boukli-ouvre-le-compteur-de-lequipe-de-france-avec-le-bronze-en-48-kg\/\"},\"wordCount\":224,\"commentCount\":0,\"publisher\":{\"@id\":\"https:\/\/dicodusport.fr\/blog\/#organization\"},\"image\":{\"@id\":\"https:\/\/dicodusport.fr\/blog\/judo-jo-2024-shirine-boukli-ouvre-le-compteur-de-lequipe-de-france-avec-le-bronze-en-48-kg\/#primaryimage\"},\"thumbnailUrl\":\"https:\/\/dicodusport.fr\/blog\/wp-content\/uploads\/2024\/07\/Judo-JO-2024-Shirine-Boukli-ouvre-le-compteur-de-la-France-avec-le-bronze-en-48-kg-1.png\",\"keywords\":[\"br\u00e8ve\",\"Jeux olympiques 2024\",\"Jeux Olympiques de Paris\",\"JO 2024\",\"JO Paris 2024\",\"Judo\",\"Paris 2024\",\"Shirine Boukli\",\"sport\"],\"articleSection\":[\"JO Paris 2024\",\"Judo\"],\"inLanguage\":\"fr-FR\",\"potentialAction\":[{\"@type\":\"CommentAction\",\"name\":\"Comment\",\"target\":[\"https:\/\/dicodusport.fr\/blog\/judo-jo-2024-shirine-boukli-ouvre-le-compteur-de-lequipe-de-france-avec-le-bronze-en-48-kg\/#respond\"]}],\"copyrightYear\":\"2024\",\"copyrightHolder\":{\"@id\":\"https:\/\/dicodusport.fr\/blog\/#organization\"}},{\"@type\":\"WebPage\",\"@id\":\"https:\/\/dicodusport.fr\/blog\/judo-jo-2024-shirine-boukli-ouvre-le-compteur-de-lequipe-de-france-avec-le-bronze-en-48-kg\/\",\"url\":\"https:\/\/dicodusport.fr\/blog\/judo-jo-2024-shirine-boukli-ouvre-le-compteur-de-lequipe-de-france-avec-le-bronze-en-48-kg\/\",\"name\":\"Judo JO 2024 : Shirine Boukli ouvre le compteur de la France avec le bronze en -48 kg\",\"isPartOf\":{\"@id\":\"https:\/\/dicodusport.fr\/blog\/#website\"},\"primaryImageOfPage\":{\"@id\":\"https:\/\/dicodusport.fr\/blog\/judo-jo-2024-shirine-boukli-ouvre-le-compteur-de-lequipe-de-france-avec-le-bronze-en-48-kg\/#primaryimage\"},\"image\":{\"@id\":\"https:\/\/dicodusport.fr\/blog\/judo-jo-2024-shirine-boukli-ouvre-le-compteur-de-lequipe-de-france-avec-le-bronze-en-48-kg\/#primaryimage\"},\"thumbnailUrl\":\"https:\/\/dicodusport.fr\/blog\/wp-content\/uploads\/2024\/07\/Judo-JO-2024-Shirine-Boukli-ouvre-le-compteur-de-la-France-avec-le-bronze-en-48-kg-1.png\",\"datePublished\":\"2024-07-27T15:44:55+00:00\",\"dateModified\":\"2024-07-27T18:47:27+00:00\",\"description\":\"Dominante face \u00e0 l\u2019Espagnole Laura Martinez Abelenda, Shirine Boukli oublie Tokyo et lance la d\u00e9l\u00e9gation tricolore avec le bronze.\",\"breadcrumb\":{\"@id\":\"https:\/\/dicodusport.fr\/blog\/judo-jo-2024-shirine-boukli-ouvre-le-compteur-de-lequipe-de-france-avec-le-bronze-en-48-kg\/#breadcrumb\"},\"inLanguage\":\"fr-FR\",\"potentialAction\":[{\"@type\":\"ReadAction\",\"target\":[\"https:\/\/dicodusport.fr\/blog\/judo-jo-2024-shirine-boukli-ouvre-le-compteur-de-lequipe-de-france-avec-le-bronze-en-48-kg\/\"]}]},{\"@type\":\"ImageObject\",\"inLanguage\":\"fr-FR\",\"@id\":\"https:\/\/dicodusport.fr\/blog\/judo-jo-2024-shirine-boukli-ouvre-le-compteur-de-lequipe-de-france-avec-le-bronze-en-48-kg\/#primaryimage\",\"url\":\"https:\/\/dicodusport.fr\/blog\/wp-content\/uploads\/2024\/07\/Judo-JO-2024-Shirine-Boukli-ouvre-le-compteur-de-la-France-avec-le-bronze-en-48-kg-1.png\",\"contentUrl\":\"https:\/\/dicodusport.fr\/blog\/wp-content\/uploads\/2024\/07\/Judo-JO-2024-Shirine-Boukli-ouvre-le-compteur-de-la-France-avec-le-bronze-en-48-kg-1.png\",\"width\":1200,\"height\":674,\"caption\":\"Judo JO 2024 Shirine Boukli ouvre le compteur de la France avec le bronze en -48 kg (1)\"},{\"@type\":\"BreadcrumbList\",\"@id\":\"https:\/\/dicodusport.fr\/blog\/judo-jo-2024-shirine-boukli-ouvre-le-compteur-de-lequipe-de-france-avec-le-bronze-en-48-kg\/#breadcrumb\",\"itemListElement\":[{\"@type\":\"ListItem\",\"position\":1,\"name\":\"Accueil\",\"item\":\"https:\/\/dicodusport.fr\/blog\/\"},{\"@type\":\"ListItem\",\"position\":2,\"name\":\"Judo JO 2024 : Shirine Boukli ouvre le compteur de la France avec le bronze en -48 kg\"}]},{\"@type\":\"WebSite\",\"@id\":\"https:\/\/dicodusport.fr\/blog\/#website\",\"url\":\"https:\/\/dicodusport.fr\/blog\/\",\"name\":\"Dicodusport\",\"description\":\"L&#039;encyclop\u00e9die de l&#039;actualit\u00e9 sportive\",\"publisher\":{\"@id\":\"https:\/\/dicodusport.fr\/blog\/#organization\"},\"potentialAction\":[{\"@type\":\"SearchAction\",\"target\":{\"@type\":\"EntryPoint\",\"urlTemplate\":\"https:\/\/dicodusport.fr\/blog\/?s={search_term_string}\"},\"query-input\":{\"@type\":\"PropertyValueSpecification\",\"valueRequired\":true,\"valueName\":\"search_term_string\"}}],\"inLanguage\":\"fr-FR\"},{\"@type\":\"NewsMediaOrganization\",\"@id\":\"https:\/\/dicodusport.fr\/blog\/#organization\",\"name\":\"Dicodusport\",\"url\":\"https:\/\/dicodusport.fr\/blog\/\",\"logo\":{\"@type\":\"ImageObject\",\"inLanguage\":\"fr-FR\",\"@id\":\"https:\/\/dicodusport.fr\/blog\/#\/schema\/logo\/image\/\",\"url\":\"https:\/\/dicodusport.fr\/blog\/wp-content\/uploads\/2020\/06\/cropped-LOGO-DICODUSPORT-2020-SANS-FOND-SANS-TEXTE.png\",\"contentUrl\":\"https:\/\/dicodusport.fr\/blog\/wp-content\/uploads\/2020\/06\/cropped-LOGO-DICODUSPORT-2020-SANS-FOND-SANS-TEXTE.png\",\"width\":512,\"height\":512,\"caption\":\"Dicodusport\"},\"image\":{\"@id\":\"https:\/\/dicodusport.fr\/blog\/#\/schema\/logo\/image\/\"},\"sameAs\":[\"https:\/\/www.facebook.com\/dicodusport\",\"https:\/\/x.com\/dicodusport\",\"https:\/\/www.instagram.com\/dicodusport\/\",\"https:\/\/www.youtube.com\/channel\/UC7V2KZ5sd3htJivAbA4ZG3w\"],\"description\":\"Dicodusport est l'encyclop\u00e9die de l'actualit\u00e9 sportive.\",\"email\":\"bonjour@dicodusport.fr\",\"legalName\":\"DICODUSPORT\",\"foundingDate\":\"2018-01-14\",\"vatID\":\"FR71834470973\",\"taxID\":\"83447097300043\",\"numberOfEmployees\":{\"@type\":\"QuantitativeValue\",\"minValue\":\"1\",\"maxValue\":\"10\"}},{\"@type\":\"Person\",\"@id\":\"https:\/\/dicodusport.fr\/blog\/#\/schema\/person\/416c975648aca9da8839bdfe333a21c9\",\"name\":\"Sophie Clapier\",\"image\":{\"@type\":\"ImageObject\",\"inLanguage\":\"fr-FR\",\"@id\":\"https:\/\/dicodusport.fr\/blog\/#\/schema\/person\/image\/\",\"url\":\"https:\/\/dicodusport.fr\/blog\/wp-content\/uploads\/2021\/05\/Sophie-Clapier-150x150.jpg\",\"contentUrl\":\"https:\/\/dicodusport.fr\/blog\/wp-content\/uploads\/2021\/05\/Sophie-Clapier-150x150.jpg\",\"caption\":\"Sophie Clapier\"},\"description\":\"Journaliste\/r\u00e9dactrice depuis janvier 2016 - Passionn\u00e9e de sport depuis toujours, j\u2019en ai pratiqu\u00e9 quelques-uns. Judo, football, handball ou encore tennis, je n\u2019ai jamais pu me mettre d\u2019accord sur un en particulier. Mais \u00e7a, c\u2019\u00e9tait avant de d\u00e9couvrir le basket, devenu mon sport de pr\u00e9dilection. Les actions NBA, le All-Star Week-end, la fureur des Game 7 pendant les playoffs ou mieux, lors des Finals, this is why we play. Team Spurs T.P, je m\u2019accroche encore \u00e0 Gregg Popovich (don\u2019t leave !). Team chef Curry, je souhaite qu\u2019il finisse aux Warriors (staaaay !). Non, il n\u2019y a pas qu\u2019eux, des petits nouveaux -et des petites nouvelles \u00e9videmment- arrivent chaque jour dans toutes les disciplines et cr\u00e9ent de nouveaux exploits. Alors pour les grands \u00e9v\u00e9nements et comp\u00e9titions internationales, vive les pulsations 240\/minutes et le d\u00e9fibrillateur pas loin, et allez les Bleu(e)s ! C\u2019est s\u00fbr, j\u2019aurai plus vu ma vie sur un terrain de sport, mais \u00e0 d\u00e9faut d\u2019en faire en haut niveau, je le partage avec vous.\",\"sameAs\":[\"https:\/\/www.facebook.com\/soocube\",\"https:\/\/x.com\/https:\/\/twitter.com\/soocube\",\"admin\"],\"url\":\"https:\/\/dicodusport.fr\/blog\/author\/sophie\/\"}]}<\/script>\n<!-- \/ Yoast SEO Premium plugin. -->","yoast_head_json":{"title":"Judo JO 2024 : Shirine Boukli ouvre le compteur de la France avec le bronze en -48 kg","description":"Dominante face \u00e0 l\u2019Espagnole Laura Martinez Abelenda, Shirine Boukli oublie Tokyo et lance la d\u00e9l\u00e9gation tricolore avec le bronze.","robots":{"index":"index","follow":"follow","max-snippet":"max-snippet:-1","max-image-preview":"max-image-preview:large","max-video-preview":"max-video-preview:-1"},"canonical":"https:\/\/dicodusport.fr\/blog\/judo-jo-2024-shirine-boukli-ouvre-le-compteur-de-lequipe-de-france-avec-le-bronze-en-48-kg\/","og_locale":"fr_FR","og_type":"article","og_title":"Judo JO 2024 : Shirine Boukli ouvre le compteur de la France avec le bronze en -48 kg","og_description":"Dominante face \u00e0 l\u2019Espagnole Laura Martinez Abelenda, Shirine Boukli oublie Tokyo et lance la d\u00e9l\u00e9gation tricolore avec le bronze.","og_url":"https:\/\/dicodusport.fr\/blog\/judo-jo-2024-shirine-boukli-ouvre-le-compteur-de-lequipe-de-france-avec-le-bronze-en-48-kg\/","og_site_name":"Dicodusport","article_publisher":"https:\/\/www.facebook.com\/dicodusport","article_author":"https:\/\/www.facebook.com\/soocube","article_published_time":"2024-07-27T15:44:55+00:00","article_modified_time":"2024-07-27T18:47:27+00:00","og_image":[{"width":1200,"height":674,"url":"https:\/\/dicodusport.fr\/blog\/wp-content\/uploads\/2024\/07\/Judo-JO-2024-Shirine-Boukli-ouvre-le-compteur-de-la-France-avec-le-bronze-en-48-kg-1.png","type":"image\/png"}],"author":"Sophie Clapier","twitter_card":"summary_large_image","twitter_title":"Judo JO 2024 : Shirine Boukli ouvre le compteur de la France avec le bronze en -48 kg","twitter_creator":"@https:\/\/twitter.com\/soocube","twitter_site":"@dicodusport","schema":{"@context":"https:\/\/schema.org","@graph":[{"@type":"NewsArticle","@id":"https:\/\/dicodusport.fr\/blog\/judo-jo-2024-shirine-boukli-ouvre-le-compteur-de-lequipe-de-france-avec-le-bronze-en-48-kg\/#article","isPartOf":{"@id":"https:\/\/dicodusport.fr\/blog\/judo-jo-2024-shirine-boukli-ouvre-le-compteur-de-lequipe-de-france-avec-le-bronze-en-48-kg\/"},"author":{"name":"Sophie Clapier","@id":"https:\/\/dicodusport.fr\/blog\/#\/schema\/person\/416c975648aca9da8839bdfe333a21c9"},"headline":"Judo JO 2024 : Shirine Boukli ouvre le compteur de la France avec le bronze en -48 kg","datePublished":"2024-07-27T15:44:55+00:00","dateModified":"2024-07-27T18:47:27+00:00","mainEntityOfPage":{"@id":"https:\/\/dicodusport.fr\/blog\/judo-jo-2024-shirine-boukli-ouvre-le-compteur-de-lequipe-de-france-avec-le-bronze-en-48-kg\/"},"wordCount":224,"commentCount":0,"publisher":{"@id":"https:\/\/dicodusport.fr\/blog\/#organization"},"image":{"@id":"https:\/\/dicodusport.fr\/blog\/judo-jo-2024-shirine-boukli-ouvre-le-compteur-de-lequipe-de-france-avec-le-bronze-en-48-kg\/#primaryimage"},"thumbnailUrl":"https:\/\/dicodusport.fr\/blog\/wp-content\/uploads\/2024\/07\/Judo-JO-2024-Shirine-Boukli-ouvre-le-compteur-de-la-France-avec-le-bronze-en-48-kg-1.png","keywords":["br\u00e8ve","Jeux olympiques 2024","Jeux Olympiques de Paris","JO 2024","JO Paris 2024","Judo","Paris 2024","Shirine Boukli","sport"],"articleSection":["JO Paris 2024","Judo"],"inLanguage":"fr-FR","potentialAction":[{"@type":"CommentAction","name":"Comment","target":["https:\/\/dicodusport.fr\/blog\/judo-jo-2024-shirine-boukli-ouvre-le-compteur-de-lequipe-de-france-avec-le-bronze-en-48-kg\/#respond"]}],"copyrightYear":"2024","copyrightHolder":{"@id":"https:\/\/dicodusport.fr\/blog\/#organization"}},{"@type":"WebPage","@id":"https:\/\/dicodusport.fr\/blog\/judo-jo-2024-shirine-boukli-ouvre-le-compteur-de-lequipe-de-france-avec-le-bronze-en-48-kg\/","url":"https:\/\/dicodusport.fr\/blog\/judo-jo-2024-shirine-boukli-ouvre-le-compteur-de-lequipe-de-france-avec-le-bronze-en-48-kg\/","name":"Judo JO 2024 : Shirine Boukli ouvre le compteur de la France avec le bronze en -48 kg","isPartOf":{"@id":"https:\/\/dicodusport.fr\/blog\/#website"},"primaryImageOfPage":{"@id":"https:\/\/dicodusport.fr\/blog\/judo-jo-2024-shirine-boukli-ouvre-le-compteur-de-lequipe-de-france-avec-le-bronze-en-48-kg\/#primaryimage"},"image":{"@id":"https:\/\/dicodusport.fr\/blog\/judo-jo-2024-shirine-boukli-ouvre-le-compteur-de-lequipe-de-france-avec-le-bronze-en-48-kg\/#primaryimage"},"thumbnailUrl":"https:\/\/dicodusport.fr\/blog\/wp-content\/uploads\/2024\/07\/Judo-JO-2024-Shirine-Boukli-ouvre-le-compteur-de-la-France-avec-le-bronze-en-48-kg-1.png","datePublished":"2024-07-27T15:44:55+00:00","dateModified":"2024-07-27T18:47:27+00:00","description":"Dominante face \u00e0 l\u2019Espagnole Laura Martinez Abelenda, Shirine Boukli oublie Tokyo et lance la d\u00e9l\u00e9gation tricolore avec le bronze.","breadcrumb":{"@id":"https:\/\/dicodusport.fr\/blog\/judo-jo-2024-shirine-boukli-ouvre-le-compteur-de-lequipe-de-france-avec-le-bronze-en-48-kg\/#breadcrumb"},"inLanguage":"fr-FR","potentialAction":[{"@type":"ReadAction","target":["https:\/\/dicodusport.fr\/blog\/judo-jo-2024-shirine-boukli-ouvre-le-compteur-de-lequipe-de-france-avec-le-bronze-en-48-kg\/"]}]},{"@type":"ImageObject","inLanguage":"fr-FR","@id":"https:\/\/dicodusport.fr\/blog\/judo-jo-2024-shirine-boukli-ouvre-le-compteur-de-lequipe-de-france-avec-le-bronze-en-48-kg\/#primaryimage","url":"https:\/\/dicodusport.fr\/blog\/wp-content\/uploads\/2024\/07\/Judo-JO-2024-Shirine-Boukli-ouvre-le-compteur-de-la-France-avec-le-bronze-en-48-kg-1.png","contentUrl":"https:\/\/dicodusport.fr\/blog\/wp-content\/uploads\/2024\/07\/Judo-JO-2024-Shirine-Boukli-ouvre-le-compteur-de-la-France-avec-le-bronze-en-48-kg-1.png","width":1200,"height":674,"caption":"Judo JO 2024 Shirine Boukli ouvre le compteur de la France avec le bronze en -48 kg (1)"},{"@type":"BreadcrumbList","@id":"https:\/\/dicodusport.fr\/blog\/judo-jo-2024-shirine-boukli-ouvre-le-compteur-de-lequipe-de-france-avec-le-bronze-en-48-kg\/#breadcrumb","itemListElement":[{"@type":"ListItem","position":1,"name":"Accueil","item":"https:\/\/dicodusport.fr\/blog\/"},{"@type":"ListItem","position":2,"name":"Judo JO 2024 : Shirine Boukli ouvre le compteur de la France avec le bronze en -48 kg"}]},{"@type":"WebSite","@id":"https:\/\/dicodusport.fr\/blog\/#website","url":"https:\/\/dicodusport.fr\/blog\/","name":"Dicodusport","description":"L&#039;encyclop\u00e9die de l&#039;actualit\u00e9 sportive","publisher":{"@id":"https:\/\/dicodusport.fr\/blog\/#organization"},"potentialAction":[{"@type":"SearchAction","target":{"@type":"EntryPoint","urlTemplate":"https:\/\/dicodusport.fr\/blog\/?s={search_term_string}"},"query-input":{"@type":"PropertyValueSpecification","valueRequired":true,"valueName":"search_term_string"}}],"inLanguage":"fr-FR"},{"@type":"NewsMediaOrganization","@id":"https:\/\/dicodusport.fr\/blog\/#organization","name":"Dicodusport","url":"https:\/\/dicodusport.fr\/blog\/","logo":{"@type":"ImageObject","inLanguage":"fr-FR","@id":"https:\/\/dicodusport.fr\/blog\/#\/schema\/logo\/image\/","url":"https:\/\/dicodusport.fr\/blog\/wp-content\/uploads\/2020\/06\/cropped-LOGO-DICODUSPORT-2020-SANS-FOND-SANS-TEXTE.png","contentUrl":"https:\/\/dicodusport.fr\/blog\/wp-content\/uploads\/2020\/06\/cropped-LOGO-DICODUSPORT-2020-SANS-FOND-SANS-TEXTE.png","width":512,"height":512,"caption":"Dicodusport"},"image":{"@id":"https:\/\/dicodusport.fr\/blog\/#\/schema\/logo\/image\/"},"sameAs":["https:\/\/www.facebook.com\/dicodusport","https:\/\/x.com\/dicodusport","https:\/\/www.instagram.com\/dicodusport\/","https:\/\/www.youtube.com\/channel\/UC7V2KZ5sd3htJivAbA4ZG3w"],"description":"Dicodusport est l'encyclop\u00e9die de l'actualit\u00e9 sportive.","email":"bonjour@dicodusport.fr","legalName":"DICODUSPORT","foundingDate":"2018-01-14","vatID":"FR71834470973","taxID":"83447097300043","numberOfEmployees":{"@type":"QuantitativeValue","minValue":"1","maxValue":"10"}},{"@type":"Person","@id":"https:\/\/dicodusport.fr\/blog\/#\/schema\/person\/416c975648aca9da8839bdfe333a21c9","name":"Sophie Clapier","image":{"@type":"ImageObject","inLanguage":"fr-FR","@id":"https:\/\/dicodusport.fr\/blog\/#\/schema\/person\/image\/","url":"https:\/\/dicodusport.fr\/blog\/wp-content\/uploads\/2021\/05\/Sophie-Clapier-150x150.jpg","contentUrl":"https:\/\/dicodusport.fr\/blog\/wp-content\/uploads\/2021\/05\/Sophie-Clapier-150x150.jpg","caption":"Sophie Clapier"},"description":"Journaliste\/r\u00e9dactrice depuis janvier 2016 - Passionn\u00e9e de sport depuis toujours, j\u2019en ai pratiqu\u00e9 quelques-uns. Judo, football, handball ou encore tennis, je n\u2019ai jamais pu me mettre d\u2019accord sur un en particulier. Mais \u00e7a, c\u2019\u00e9tait avant de d\u00e9couvrir le basket, devenu mon sport de pr\u00e9dilection. Les actions NBA, le All-Star Week-end, la fureur des Game 7 pendant les playoffs ou mieux, lors des Finals, this is why we play. Team Spurs T.P, je m\u2019accroche encore \u00e0 Gregg Popovich (don\u2019t leave !). Team chef Curry, je souhaite qu\u2019il finisse aux Warriors (staaaay !). Non, il n\u2019y a pas qu\u2019eux, des petits nouveaux -et des petites nouvelles \u00e9videmment- arrivent chaque jour dans toutes les disciplines et cr\u00e9ent de nouveaux exploits. Alors pour les grands \u00e9v\u00e9nements et comp\u00e9titions internationales, vive les pulsations 240\/minutes et le d\u00e9fibrillateur pas loin, et allez les Bleu(e)s ! C\u2019est s\u00fbr, j\u2019aurai plus vu ma vie sur un terrain de sport, mais \u00e0 d\u00e9faut d\u2019en faire en haut niveau, je le partage avec vous.","sameAs":["https:\/\/www.facebook.com\/soocube","https:\/\/x.com\/https:\/\/twitter.com\/soocube","admin"],"url":"https:\/\/dicodusport.fr\/blog\/author\/sophie\/"}]}},"_links":{"self":[{"href":"https:\/\/dicodusport.fr\/blog\/wp-json\/wp\/v2\/posts\/503812","targetHints":{"allow":["GET"]}}],"collection":[{"href":"https:\/\/dicodusport.fr\/blog\/wp-json\/wp\/v2\/posts"}],"about":[{"href":"https:\/\/dicodusport.fr\/blog\/wp-json\/wp\/v2\/types\/post"}],"author":[{"embeddable":true,"href":"https:\/\/dicodusport.fr\/blog\/wp-json\/wp\/v2\/users\/18"}],"replies":[{"embeddable":true,"href":"https:\/\/dicodusport.fr\/blog\/wp-json\/wp\/v2\/comments?post=503812"}],"version-history":[{"count":5,"href":"https:\/\/dicodusport.fr\/blog\/wp-json\/wp\/v2\/posts\/503812\/revisions"}],"predecessor-version":[{"id":504015,"href":"https:\/\/dicodusport.fr\/blog\/wp-json\/wp\/v2\/posts\/503812\/revisions\/504015"}],"wp:featuredmedia":[{"embeddable":true,"href":"https:\/\/dicodusport.fr\/blog\/wp-json\/wp\/v2\/media\/504014"}],"wp:attachment":[{"href":"https:\/\/dicodusport.fr\/blog\/wp-json\/wp\/v2\/media?parent=503812"}],"wp:term":[{"taxonomy":"category","embeddable":true,"href":"https:\/\/dicodusport.fr\/blog\/wp-json\/wp\/v2\/categories?post=503812"},{"taxonomy":"post_tag","embeddable":true,"href":"https:\/\/dicodusport.fr\/blog\/wp-json\/wp\/v2\/tags?post=503812"}],"curies":[{"name":"wp","href":"https:\/\/api.w.org\/{rel}","templated":true}]}}