{"id":50455,"date":"2019-10-03T11:13:41","date_gmt":"2019-10-03T09:13:41","guid":{"rendered":"http:\/\/dicodusport.fr\/blog\/?p=50455&#038;preview=true&#038;preview_id=50455"},"modified":"2019-10-03T11:13:41","modified_gmt":"2019-10-03T09:13:41","slug":"la-skieuse-canadienne-mikayla-martin-est-decedee-dans-un-accident-de-velo","status":"publish","type":"post","link":"https:\/\/dicodusport.fr\/blog\/la-skieuse-canadienne-mikayla-martin-est-decedee-dans-un-accident-de-velo\/","title":{"rendered":"La skieuse canadienne Mikayla Martin est d\u00e9c\u00e9d\u00e9e dans un accident de v\u00e9lo"},"content":{"rendered":"<p style=\"text-align: justify;\"><em><strong>La Canadienne Mikayla Martin, 22 ans, est d\u00e9c\u00e9d\u00e9e ce mardi des suites d&rsquo;un accident de v\u00e9lo en montagne, \u00e0 Squamish.<br \/>\n<\/strong><\/em><\/p>\n<p style=\"text-align: justify;\">Championne du monde juniors en <strong>skicross<\/strong> l&rsquo;an dernier, <strong>Mikayla Martin<\/strong> est tragiquement d\u00e9c\u00e9d\u00e9e ce mardi, lors d&rsquo;un accident en v\u00e9lo en montagne, chez elle, au <strong>Canada<\/strong>. Les services de police de <strong>Squamish<\/strong> ont r\u00e9v\u00e9l\u00e9 les circonstances de la mort de l&rsquo;athl\u00e8te : cette derni\u00e8re effectuait une sortie dans les montagnes pr\u00e8s du parc provincial <strong>Stawamus Chief<\/strong>, en compagnie d&rsquo;un ami, lorsqu&rsquo;elle a mortellement \u00e9t\u00e9 bless\u00e9e suite \u00e0 une chute.<\/p>\n<p style=\"text-align: justify;\">Promise \u00e0 un bel avenir dans la discipline, l&rsquo;ancienne skieuse alpine avait disput\u00e9 sa premi\u00e8re <strong>Coupe du monde<\/strong> la saison derni\u00e8re, avec comme meilleur r\u00e9sultat, une sixi\u00e8me place \u00e0 Innichen, en Suisse. La Canadienne avait \u00e9galement termin\u00e9 \u00e0 la huiti\u00e8me place des <strong>Mondiaux de Park City (USA)<\/strong>, en f\u00e9vrier dernier.<\/p>\n<blockquote class=\"twitter-tweet\">\n<p dir=\"ltr\" lang=\"en\">Canadian ski cross racer Mikayla Martin has died after a mountain bike accident.<a href=\"https:\/\/t.co\/let08qWLc4\">https:\/\/t.co\/let08qWLc4<\/a><\/p>\n<p>\u2014 AP Sports (@AP_Sports) <a href=\"https:\/\/twitter.com\/AP_Sports\/status\/1179577342282391552?ref_src=twsrc%5Etfw\">October 3, 2019<\/a><\/p><\/blockquote>\n<p><script async src=\"https:\/\/platform.twitter.com\/widgets.js\" charset=\"utf-8\"><\/script><\/p>\n<p><strong><em>Dicodusport<br \/>\n<a href=\"https:\/\/www.facebook.com\/dicodusport\/\" target=\"_blank\" rel=\"noopener\"><img loading=\"lazy\" decoding=\"async\" class=\"alignnone wp-image-2909\" src=\"http:\/\/dicodusport.fr\/blog\/wp-content\/uploads\/2017\/07\/logo-facebook-150x150.png\" alt=\"\" width=\"40\" height=\"40\" \/><\/a><a href=\"https:\/\/twitter.com\/dicodusport\" target=\"_blank\" rel=\"noopener\"><img loading=\"lazy\" decoding=\"async\" class=\"alignnone wp-image-2908\" src=\"http:\/\/dicodusport.fr\/blog\/wp-content\/uploads\/2017\/07\/logo-twitter-150x150.png\" alt=\"\" width=\"39\" height=\"39\" \/><\/a><\/em><\/strong><\/p>\n<p>&nbsp;<\/p>\n","protected":false},"excerpt":{"rendered":"<p>La Canadienne Mikayla Martin, 22 ans, est d\u00e9c\u00e9d\u00e9e ce mardi des suites d&rsquo;un accident de v\u00e9lo de montagne, \u00e0 Squamish.<\/p>\n","protected":false},"author":4,"featured_media":50456,"comment_status":"open","ping_status":"closed","sticky":false,"template":"","format":"standard","meta":{"_acf_changed":false,"_daextam_enable_autolinks":"","footnotes":""},"categories":[2313],"tags":[2947],"class_list":["post-50455","post","type-post","status-publish","format-standard","has-post-thumbnail","hentry","category-sports-dhiver","tag-skicross"],"acf":[],"yoast_head":"<!-- This site is optimized with the Yoast SEO Premium plugin v26.7 (Yoast SEO v26.7) - https:\/\/yoast.com\/wordpress\/plugins\/seo\/ -->\n<title>La skieuse canadienne Mikayla Martin est d\u00e9c\u00e9d\u00e9e dans un accident de v\u00e9lo<\/title>\n<meta name=\"description\" content=\"La Canadienne Mikayla Martin, 22 ans, est d\u00e9c\u00e9d\u00e9e ce mardi des suites d&#039;un accident de v\u00e9lo de montagne, \u00e0 Squamish, au Canada.\" \/>\n<meta name=\"robots\" content=\"index, follow, max-snippet:-1, max-image-preview:large, max-video-preview:-1\" \/>\n<link rel=\"canonical\" href=\"https:\/\/dicodusport.fr\/blog\/la-skieuse-canadienne-mikayla-martin-est-decedee-dans-un-accident-de-velo\/\" \/>\n<meta property=\"og:locale\" content=\"fr_FR\" \/>\n<meta property=\"og:type\" content=\"article\" \/>\n<meta property=\"og:title\" content=\"La skieuse canadienne Mikayla Martin est d\u00e9c\u00e9d\u00e9e dans un accident de v\u00e9lo\" \/>\n<meta property=\"og:description\" content=\"La Canadienne Mikayla Martin, 22 ans, est d\u00e9c\u00e9d\u00e9e ce mardi des suites d&#039;un accident de v\u00e9lo de montagne, \u00e0 Squamish, au Canada.\" \/>\n<meta property=\"og:url\" content=\"https:\/\/dicodusport.fr\/blog\/la-skieuse-canadienne-mikayla-martin-est-decedee-dans-un-accident-de-velo\/\" \/>\n<meta property=\"og:site_name\" content=\"Dicodusport\" \/>\n<meta property=\"article:publisher\" content=\"https:\/\/www.facebook.com\/dicodusport\" \/>\n<meta property=\"article:author\" content=\"https:\/\/www.facebook.com\/florent.ostermann\" \/>\n<meta property=\"article:published_time\" content=\"2019-10-03T09:13:41+00:00\" \/>\n<meta property=\"og:image\" content=\"https:\/\/dicodusport.fr\/blog\/wp-content\/uploads\/2019\/10\/La-skieuse-canadienne-Mikayla-Martin-est-d\u00e9c\u00e9d\u00e9e-dans-un-accident-de-v\u00e9lo.png\" \/>\n\t<meta property=\"og:image:width\" content=\"800\" \/>\n\t<meta property=\"og:image:height\" content=\"445\" \/>\n\t<meta property=\"og:image:type\" content=\"image\/png\" \/>\n<meta name=\"author\" content=\"Flo Ostermann\" \/>\n<meta name=\"twitter:card\" content=\"summary_large_image\" \/>\n<meta name=\"twitter:title\" content=\"La skieuse canadienne Mikayla Martin est d\u00e9c\u00e9d\u00e9e dans un accident de v\u00e9lo\" \/>\n<meta name=\"twitter:creator\" content=\"@https:\/\/twitter.com\/FlOstermann\" \/>\n<meta name=\"twitter:site\" content=\"@dicodusport\" \/>\n<script type=\"application\/ld+json\" class=\"yoast-schema-graph\">{\"@context\":\"https:\/\/schema.org\",\"@graph\":[{\"@type\":\"NewsArticle\",\"@id\":\"https:\/\/dicodusport.fr\/blog\/la-skieuse-canadienne-mikayla-martin-est-decedee-dans-un-accident-de-velo\/#article\",\"isPartOf\":{\"@id\":\"https:\/\/dicodusport.fr\/blog\/la-skieuse-canadienne-mikayla-martin-est-decedee-dans-un-accident-de-velo\/\"},\"author\":{\"name\":\"Flo Ostermann\",\"@id\":\"https:\/\/dicodusport.fr\/blog\/#\/schema\/person\/cb02af4c173ce4a653b55e9baf388d4a\"},\"headline\":\"La skieuse canadienne Mikayla Martin est d\u00e9c\u00e9d\u00e9e dans un accident de v\u00e9lo\",\"datePublished\":\"2019-10-03T09:13:41+00:00\",\"mainEntityOfPage\":{\"@id\":\"https:\/\/dicodusport.fr\/blog\/la-skieuse-canadienne-mikayla-martin-est-decedee-dans-un-accident-de-velo\/\"},\"wordCount\":200,\"commentCount\":0,\"publisher\":{\"@id\":\"https:\/\/dicodusport.fr\/blog\/#organization\"},\"image\":{\"@id\":\"https:\/\/dicodusport.fr\/blog\/la-skieuse-canadienne-mikayla-martin-est-decedee-dans-un-accident-de-velo\/#primaryimage\"},\"thumbnailUrl\":\"https:\/\/dicodusport.fr\/blog\/wp-content\/uploads\/2019\/10\/La-skieuse-canadienne-Mikayla-Martin-est-d\u00e9c\u00e9d\u00e9e-dans-un-accident-de-v\u00e9lo.png\",\"keywords\":[\"skicross\"],\"articleSection\":[\"Sports d'hiver\"],\"inLanguage\":\"fr-FR\",\"potentialAction\":[{\"@type\":\"CommentAction\",\"name\":\"Comment\",\"target\":[\"https:\/\/dicodusport.fr\/blog\/la-skieuse-canadienne-mikayla-martin-est-decedee-dans-un-accident-de-velo\/#respond\"]}],\"copyrightYear\":\"2019\",\"copyrightHolder\":{\"@id\":\"https:\/\/dicodusport.fr\/blog\/#organization\"}},{\"@type\":\"WebPage\",\"@id\":\"https:\/\/dicodusport.fr\/blog\/la-skieuse-canadienne-mikayla-martin-est-decedee-dans-un-accident-de-velo\/\",\"url\":\"https:\/\/dicodusport.fr\/blog\/la-skieuse-canadienne-mikayla-martin-est-decedee-dans-un-accident-de-velo\/\",\"name\":\"La skieuse canadienne Mikayla Martin est d\u00e9c\u00e9d\u00e9e dans un accident de v\u00e9lo\",\"isPartOf\":{\"@id\":\"https:\/\/dicodusport.fr\/blog\/#website\"},\"primaryImageOfPage\":{\"@id\":\"https:\/\/dicodusport.fr\/blog\/la-skieuse-canadienne-mikayla-martin-est-decedee-dans-un-accident-de-velo\/#primaryimage\"},\"image\":{\"@id\":\"https:\/\/dicodusport.fr\/blog\/la-skieuse-canadienne-mikayla-martin-est-decedee-dans-un-accident-de-velo\/#primaryimage\"},\"thumbnailUrl\":\"https:\/\/dicodusport.fr\/blog\/wp-content\/uploads\/2019\/10\/La-skieuse-canadienne-Mikayla-Martin-est-d\u00e9c\u00e9d\u00e9e-dans-un-accident-de-v\u00e9lo.png\",\"datePublished\":\"2019-10-03T09:13:41+00:00\",\"description\":\"La Canadienne Mikayla Martin, 22 ans, est d\u00e9c\u00e9d\u00e9e ce mardi des suites d'un accident de v\u00e9lo de montagne, \u00e0 Squamish, au Canada.\",\"breadcrumb\":{\"@id\":\"https:\/\/dicodusport.fr\/blog\/la-skieuse-canadienne-mikayla-martin-est-decedee-dans-un-accident-de-velo\/#breadcrumb\"},\"inLanguage\":\"fr-FR\",\"potentialAction\":[{\"@type\":\"ReadAction\",\"target\":[\"https:\/\/dicodusport.fr\/blog\/la-skieuse-canadienne-mikayla-martin-est-decedee-dans-un-accident-de-velo\/\"]}]},{\"@type\":\"ImageObject\",\"inLanguage\":\"fr-FR\",\"@id\":\"https:\/\/dicodusport.fr\/blog\/la-skieuse-canadienne-mikayla-martin-est-decedee-dans-un-accident-de-velo\/#primaryimage\",\"url\":\"https:\/\/dicodusport.fr\/blog\/wp-content\/uploads\/2019\/10\/La-skieuse-canadienne-Mikayla-Martin-est-d\u00e9c\u00e9d\u00e9e-dans-un-accident-de-v\u00e9lo.png\",\"contentUrl\":\"https:\/\/dicodusport.fr\/blog\/wp-content\/uploads\/2019\/10\/La-skieuse-canadienne-Mikayla-Martin-est-d\u00e9c\u00e9d\u00e9e-dans-un-accident-de-v\u00e9lo.png\",\"width\":800,\"height\":445,\"caption\":\"La skieuse canadienne Mikayla Martin est d\u00e9c\u00e9d\u00e9e dans un accident de v\u00e9lo\"},{\"@type\":\"BreadcrumbList\",\"@id\":\"https:\/\/dicodusport.fr\/blog\/la-skieuse-canadienne-mikayla-martin-est-decedee-dans-un-accident-de-velo\/#breadcrumb\",\"itemListElement\":[{\"@type\":\"ListItem\",\"position\":1,\"name\":\"Accueil\",\"item\":\"https:\/\/dicodusport.fr\/blog\/\"},{\"@type\":\"ListItem\",\"position\":2,\"name\":\"La skieuse canadienne Mikayla Martin est d\u00e9c\u00e9d\u00e9e dans un accident de v\u00e9lo\"}]},{\"@type\":\"WebSite\",\"@id\":\"https:\/\/dicodusport.fr\/blog\/#website\",\"url\":\"https:\/\/dicodusport.fr\/blog\/\",\"name\":\"Dicodusport\",\"description\":\"L&#039;encyclop\u00e9die de l&#039;actualit\u00e9 sportive\",\"publisher\":{\"@id\":\"https:\/\/dicodusport.fr\/blog\/#organization\"},\"potentialAction\":[{\"@type\":\"SearchAction\",\"target\":{\"@type\":\"EntryPoint\",\"urlTemplate\":\"https:\/\/dicodusport.fr\/blog\/?s={search_term_string}\"},\"query-input\":{\"@type\":\"PropertyValueSpecification\",\"valueRequired\":true,\"valueName\":\"search_term_string\"}}],\"inLanguage\":\"fr-FR\"},{\"@type\":\"NewsMediaOrganization\",\"@id\":\"https:\/\/dicodusport.fr\/blog\/#organization\",\"name\":\"Dicodusport\",\"url\":\"https:\/\/dicodusport.fr\/blog\/\",\"logo\":{\"@type\":\"ImageObject\",\"inLanguage\":\"fr-FR\",\"@id\":\"https:\/\/dicodusport.fr\/blog\/#\/schema\/logo\/image\/\",\"url\":\"https:\/\/dicodusport.fr\/blog\/wp-content\/uploads\/2020\/06\/cropped-LOGO-DICODUSPORT-2020-SANS-FOND-SANS-TEXTE.png\",\"contentUrl\":\"https:\/\/dicodusport.fr\/blog\/wp-content\/uploads\/2020\/06\/cropped-LOGO-DICODUSPORT-2020-SANS-FOND-SANS-TEXTE.png\",\"width\":512,\"height\":512,\"caption\":\"Dicodusport\"},\"image\":{\"@id\":\"https:\/\/dicodusport.fr\/blog\/#\/schema\/logo\/image\/\"},\"sameAs\":[\"https:\/\/www.facebook.com\/dicodusport\",\"https:\/\/x.com\/dicodusport\",\"https:\/\/www.instagram.com\/dicodusport\/\",\"https:\/\/www.youtube.com\/channel\/UC7V2KZ5sd3htJivAbA4ZG3w\"],\"description\":\"Dicodusport est l'encyclop\u00e9die de l'actualit\u00e9 sportive.\",\"email\":\"bonjour@dicodusport.fr\",\"legalName\":\"DICODUSPORT\",\"foundingDate\":\"2018-01-14\",\"vatID\":\"FR71834470973\",\"taxID\":\"83447097300043\",\"numberOfEmployees\":{\"@type\":\"QuantitativeValue\",\"minValue\":\"1\",\"maxValue\":\"10\"}},{\"@type\":\"Person\",\"@id\":\"https:\/\/dicodusport.fr\/blog\/#\/schema\/person\/cb02af4c173ce4a653b55e9baf388d4a\",\"name\":\"Flo Ostermann\",\"image\":{\"@type\":\"ImageObject\",\"inLanguage\":\"fr-FR\",\"@id\":\"https:\/\/dicodusport.fr\/blog\/#\/schema\/person\/image\/\",\"url\":\"https:\/\/dicodusport.fr\/blog\/wp-content\/uploads\/2021\/05\/Flo-Ostermann-150x150.jpg\",\"contentUrl\":\"https:\/\/dicodusport.fr\/blog\/wp-content\/uploads\/2021\/05\/Flo-Ostermann-150x150.jpg\",\"caption\":\"Flo Ostermann\"},\"description\":\"Journaliste\/R\u00e9dacteur depuis septembre 2015 - Mes premiers souvenirs dans le sport ? Les envol\u00e9es du Stade Toulousain et les duels Villeneuve-Schumacher et H\u00e4kkinen-Schumacher \u00e0 la fin des ann\u00e9es 90, la Coupe du monde de football en 1998, l\u2019exploit du XV de France face aux All Blacks en 1999, mais aussi Richard C\u0153ur de Lion qui vole sur les montagnes du Tour de France. Bien parti pour devenir professeur d\u2019EPS, les \u00e9v\u00e9nements de la vie (et la flemme d\u2019animer des s\u00e9ances de 3x500 m\u00e8tres toute ma vie) m\u2019ont conduit \u00e0 revoir mes plans. Me voil\u00e0 depuis fin 2017 sur Dicodusport, m\u00e9dia gr\u00e2ce (et pour) lequel je partage ma passion : le sport dans tous ses \u00e9tats. Le tout accompagn\u00e9 par les fous furieux et folles furieuses cit\u00e9s sur cette page !\",\"sameAs\":[\"https:\/\/www.facebook.com\/florent.ostermann\",\"https:\/\/x.com\/https:\/\/twitter.com\/FlOstermann\",\"admin\"],\"url\":\"https:\/\/dicodusport.fr\/blog\/author\/flo\/\"}]}<\/script>\n<!-- \/ Yoast SEO Premium plugin. -->","yoast_head_json":{"title":"La skieuse canadienne Mikayla Martin est d\u00e9c\u00e9d\u00e9e dans un accident de v\u00e9lo","description":"La Canadienne Mikayla Martin, 22 ans, est d\u00e9c\u00e9d\u00e9e ce mardi des suites d'un accident de v\u00e9lo de montagne, \u00e0 Squamish, au Canada.","robots":{"index":"index","follow":"follow","max-snippet":"max-snippet:-1","max-image-preview":"max-image-preview:large","max-video-preview":"max-video-preview:-1"},"canonical":"https:\/\/dicodusport.fr\/blog\/la-skieuse-canadienne-mikayla-martin-est-decedee-dans-un-accident-de-velo\/","og_locale":"fr_FR","og_type":"article","og_title":"La skieuse canadienne Mikayla Martin est d\u00e9c\u00e9d\u00e9e dans un accident de v\u00e9lo","og_description":"La Canadienne Mikayla Martin, 22 ans, est d\u00e9c\u00e9d\u00e9e ce mardi des suites d'un accident de v\u00e9lo de montagne, \u00e0 Squamish, au Canada.","og_url":"https:\/\/dicodusport.fr\/blog\/la-skieuse-canadienne-mikayla-martin-est-decedee-dans-un-accident-de-velo\/","og_site_name":"Dicodusport","article_publisher":"https:\/\/www.facebook.com\/dicodusport","article_author":"https:\/\/www.facebook.com\/florent.ostermann","article_published_time":"2019-10-03T09:13:41+00:00","og_image":[{"width":800,"height":445,"url":"https:\/\/dicodusport.fr\/blog\/wp-content\/uploads\/2019\/10\/La-skieuse-canadienne-Mikayla-Martin-est-d\u00e9c\u00e9d\u00e9e-dans-un-accident-de-v\u00e9lo.png","type":"image\/png"}],"author":"Flo Ostermann","twitter_card":"summary_large_image","twitter_title":"La skieuse canadienne Mikayla Martin est d\u00e9c\u00e9d\u00e9e dans un accident de v\u00e9lo","twitter_creator":"@https:\/\/twitter.com\/FlOstermann","twitter_site":"@dicodusport","schema":{"@context":"https:\/\/schema.org","@graph":[{"@type":"NewsArticle","@id":"https:\/\/dicodusport.fr\/blog\/la-skieuse-canadienne-mikayla-martin-est-decedee-dans-un-accident-de-velo\/#article","isPartOf":{"@id":"https:\/\/dicodusport.fr\/blog\/la-skieuse-canadienne-mikayla-martin-est-decedee-dans-un-accident-de-velo\/"},"author":{"name":"Flo Ostermann","@id":"https:\/\/dicodusport.fr\/blog\/#\/schema\/person\/cb02af4c173ce4a653b55e9baf388d4a"},"headline":"La skieuse canadienne Mikayla Martin est d\u00e9c\u00e9d\u00e9e dans un accident de v\u00e9lo","datePublished":"2019-10-03T09:13:41+00:00","mainEntityOfPage":{"@id":"https:\/\/dicodusport.fr\/blog\/la-skieuse-canadienne-mikayla-martin-est-decedee-dans-un-accident-de-velo\/"},"wordCount":200,"commentCount":0,"publisher":{"@id":"https:\/\/dicodusport.fr\/blog\/#organization"},"image":{"@id":"https:\/\/dicodusport.fr\/blog\/la-skieuse-canadienne-mikayla-martin-est-decedee-dans-un-accident-de-velo\/#primaryimage"},"thumbnailUrl":"https:\/\/dicodusport.fr\/blog\/wp-content\/uploads\/2019\/10\/La-skieuse-canadienne-Mikayla-Martin-est-d\u00e9c\u00e9d\u00e9e-dans-un-accident-de-v\u00e9lo.png","keywords":["skicross"],"articleSection":["Sports d'hiver"],"inLanguage":"fr-FR","potentialAction":[{"@type":"CommentAction","name":"Comment","target":["https:\/\/dicodusport.fr\/blog\/la-skieuse-canadienne-mikayla-martin-est-decedee-dans-un-accident-de-velo\/#respond"]}],"copyrightYear":"2019","copyrightHolder":{"@id":"https:\/\/dicodusport.fr\/blog\/#organization"}},{"@type":"WebPage","@id":"https:\/\/dicodusport.fr\/blog\/la-skieuse-canadienne-mikayla-martin-est-decedee-dans-un-accident-de-velo\/","url":"https:\/\/dicodusport.fr\/blog\/la-skieuse-canadienne-mikayla-martin-est-decedee-dans-un-accident-de-velo\/","name":"La skieuse canadienne Mikayla Martin est d\u00e9c\u00e9d\u00e9e dans un accident de v\u00e9lo","isPartOf":{"@id":"https:\/\/dicodusport.fr\/blog\/#website"},"primaryImageOfPage":{"@id":"https:\/\/dicodusport.fr\/blog\/la-skieuse-canadienne-mikayla-martin-est-decedee-dans-un-accident-de-velo\/#primaryimage"},"image":{"@id":"https:\/\/dicodusport.fr\/blog\/la-skieuse-canadienne-mikayla-martin-est-decedee-dans-un-accident-de-velo\/#primaryimage"},"thumbnailUrl":"https:\/\/dicodusport.fr\/blog\/wp-content\/uploads\/2019\/10\/La-skieuse-canadienne-Mikayla-Martin-est-d\u00e9c\u00e9d\u00e9e-dans-un-accident-de-v\u00e9lo.png","datePublished":"2019-10-03T09:13:41+00:00","description":"La Canadienne Mikayla Martin, 22 ans, est d\u00e9c\u00e9d\u00e9e ce mardi des suites d'un accident de v\u00e9lo de montagne, \u00e0 Squamish, au Canada.","breadcrumb":{"@id":"https:\/\/dicodusport.fr\/blog\/la-skieuse-canadienne-mikayla-martin-est-decedee-dans-un-accident-de-velo\/#breadcrumb"},"inLanguage":"fr-FR","potentialAction":[{"@type":"ReadAction","target":["https:\/\/dicodusport.fr\/blog\/la-skieuse-canadienne-mikayla-martin-est-decedee-dans-un-accident-de-velo\/"]}]},{"@type":"ImageObject","inLanguage":"fr-FR","@id":"https:\/\/dicodusport.fr\/blog\/la-skieuse-canadienne-mikayla-martin-est-decedee-dans-un-accident-de-velo\/#primaryimage","url":"https:\/\/dicodusport.fr\/blog\/wp-content\/uploads\/2019\/10\/La-skieuse-canadienne-Mikayla-Martin-est-d\u00e9c\u00e9d\u00e9e-dans-un-accident-de-v\u00e9lo.png","contentUrl":"https:\/\/dicodusport.fr\/blog\/wp-content\/uploads\/2019\/10\/La-skieuse-canadienne-Mikayla-Martin-est-d\u00e9c\u00e9d\u00e9e-dans-un-accident-de-v\u00e9lo.png","width":800,"height":445,"caption":"La skieuse canadienne Mikayla Martin est d\u00e9c\u00e9d\u00e9e dans un accident de v\u00e9lo"},{"@type":"BreadcrumbList","@id":"https:\/\/dicodusport.fr\/blog\/la-skieuse-canadienne-mikayla-martin-est-decedee-dans-un-accident-de-velo\/#breadcrumb","itemListElement":[{"@type":"ListItem","position":1,"name":"Accueil","item":"https:\/\/dicodusport.fr\/blog\/"},{"@type":"ListItem","position":2,"name":"La skieuse canadienne Mikayla Martin est d\u00e9c\u00e9d\u00e9e dans un accident de v\u00e9lo"}]},{"@type":"WebSite","@id":"https:\/\/dicodusport.fr\/blog\/#website","url":"https:\/\/dicodusport.fr\/blog\/","name":"Dicodusport","description":"L&#039;encyclop\u00e9die de l&#039;actualit\u00e9 sportive","publisher":{"@id":"https:\/\/dicodusport.fr\/blog\/#organization"},"potentialAction":[{"@type":"SearchAction","target":{"@type":"EntryPoint","urlTemplate":"https:\/\/dicodusport.fr\/blog\/?s={search_term_string}"},"query-input":{"@type":"PropertyValueSpecification","valueRequired":true,"valueName":"search_term_string"}}],"inLanguage":"fr-FR"},{"@type":"NewsMediaOrganization","@id":"https:\/\/dicodusport.fr\/blog\/#organization","name":"Dicodusport","url":"https:\/\/dicodusport.fr\/blog\/","logo":{"@type":"ImageObject","inLanguage":"fr-FR","@id":"https:\/\/dicodusport.fr\/blog\/#\/schema\/logo\/image\/","url":"https:\/\/dicodusport.fr\/blog\/wp-content\/uploads\/2020\/06\/cropped-LOGO-DICODUSPORT-2020-SANS-FOND-SANS-TEXTE.png","contentUrl":"https:\/\/dicodusport.fr\/blog\/wp-content\/uploads\/2020\/06\/cropped-LOGO-DICODUSPORT-2020-SANS-FOND-SANS-TEXTE.png","width":512,"height":512,"caption":"Dicodusport"},"image":{"@id":"https:\/\/dicodusport.fr\/blog\/#\/schema\/logo\/image\/"},"sameAs":["https:\/\/www.facebook.com\/dicodusport","https:\/\/x.com\/dicodusport","https:\/\/www.instagram.com\/dicodusport\/","https:\/\/www.youtube.com\/channel\/UC7V2KZ5sd3htJivAbA4ZG3w"],"description":"Dicodusport est l'encyclop\u00e9die de l'actualit\u00e9 sportive.","email":"bonjour@dicodusport.fr","legalName":"DICODUSPORT","foundingDate":"2018-01-14","vatID":"FR71834470973","taxID":"83447097300043","numberOfEmployees":{"@type":"QuantitativeValue","minValue":"1","maxValue":"10"}},{"@type":"Person","@id":"https:\/\/dicodusport.fr\/blog\/#\/schema\/person\/cb02af4c173ce4a653b55e9baf388d4a","name":"Flo Ostermann","image":{"@type":"ImageObject","inLanguage":"fr-FR","@id":"https:\/\/dicodusport.fr\/blog\/#\/schema\/person\/image\/","url":"https:\/\/dicodusport.fr\/blog\/wp-content\/uploads\/2021\/05\/Flo-Ostermann-150x150.jpg","contentUrl":"https:\/\/dicodusport.fr\/blog\/wp-content\/uploads\/2021\/05\/Flo-Ostermann-150x150.jpg","caption":"Flo Ostermann"},"description":"Journaliste\/R\u00e9dacteur depuis septembre 2015 - Mes premiers souvenirs dans le sport ? Les envol\u00e9es du Stade Toulousain et les duels Villeneuve-Schumacher et H\u00e4kkinen-Schumacher \u00e0 la fin des ann\u00e9es 90, la Coupe du monde de football en 1998, l\u2019exploit du XV de France face aux All Blacks en 1999, mais aussi Richard C\u0153ur de Lion qui vole sur les montagnes du Tour de France. Bien parti pour devenir professeur d\u2019EPS, les \u00e9v\u00e9nements de la vie (et la flemme d\u2019animer des s\u00e9ances de 3x500 m\u00e8tres toute ma vie) m\u2019ont conduit \u00e0 revoir mes plans. Me voil\u00e0 depuis fin 2017 sur Dicodusport, m\u00e9dia gr\u00e2ce (et pour) lequel je partage ma passion : le sport dans tous ses \u00e9tats. Le tout accompagn\u00e9 par les fous furieux et folles furieuses cit\u00e9s sur cette page !","sameAs":["https:\/\/www.facebook.com\/florent.ostermann","https:\/\/x.com\/https:\/\/twitter.com\/FlOstermann","admin"],"url":"https:\/\/dicodusport.fr\/blog\/author\/flo\/"}]}},"_links":{"self":[{"href":"https:\/\/dicodusport.fr\/blog\/wp-json\/wp\/v2\/posts\/50455","targetHints":{"allow":["GET"]}}],"collection":[{"href":"https:\/\/dicodusport.fr\/blog\/wp-json\/wp\/v2\/posts"}],"about":[{"href":"https:\/\/dicodusport.fr\/blog\/wp-json\/wp\/v2\/types\/post"}],"author":[{"embeddable":true,"href":"https:\/\/dicodusport.fr\/blog\/wp-json\/wp\/v2\/users\/4"}],"replies":[{"embeddable":true,"href":"https:\/\/dicodusport.fr\/blog\/wp-json\/wp\/v2\/comments?post=50455"}],"version-history":[{"count":0,"href":"https:\/\/dicodusport.fr\/blog\/wp-json\/wp\/v2\/posts\/50455\/revisions"}],"wp:featuredmedia":[{"embeddable":true,"href":"https:\/\/dicodusport.fr\/blog\/wp-json\/wp\/v2\/media\/50456"}],"wp:attachment":[{"href":"https:\/\/dicodusport.fr\/blog\/wp-json\/wp\/v2\/media?parent=50455"}],"wp:term":[{"taxonomy":"category","embeddable":true,"href":"https:\/\/dicodusport.fr\/blog\/wp-json\/wp\/v2\/categories?post=50455"},{"taxonomy":"post_tag","embeddable":true,"href":"https:\/\/dicodusport.fr\/blog\/wp-json\/wp\/v2\/tags?post=50455"}],"curies":[{"name":"wp","href":"https:\/\/api.w.org\/{rel}","templated":true}]}}