{"id":50470,"date":"2019-10-03T14:35:56","date_gmt":"2019-10-03T12:35:56","guid":{"rendered":"http:\/\/dicodusport.fr\/blog\/?p=50470&#038;preview=true&#038;preview_id=50470"},"modified":"2019-10-03T16:00:42","modified_gmt":"2019-10-03T14:00:42","slug":"la-liste-de-lequipe-de-france-pour-defier-lislande-et-la-turquie","status":"publish","type":"post","link":"https:\/\/dicodusport.fr\/blog\/la-liste-de-lequipe-de-france-pour-defier-lislande-et-la-turquie\/","title":{"rendered":"La liste de l&rsquo;\u00e9quipe de France pour d\u00e9fier l&rsquo;Islande et la Turquie"},"content":{"rendered":"<p style=\"text-align: justify;\"><b><i>Didier Deschamps, s\u00e9lectionneur de l&rsquo;\u00e9quipe de France, a d\u00e9voil\u00e9 sa liste pour les matchs de qualifications \u00e0 l&rsquo;Euro 2020 face \u00e0 l&rsquo;Islande (11 octobre) et la Turquie (14 octobre).<\/i><\/b><\/p>\n<p style=\"text-align: justify;\">Du tr\u00e8s classique pour l&rsquo;entra\u00eeneur de l&rsquo;\u00e9quipe de France <strong>Didier Deschamps<\/strong>, qui a rappel\u00e9<strong> Tanguy Ndombel\u00e9<\/strong>, de retour de blessure, tout comme <strong>Kylian Mbapp\u00e9<\/strong>. <strong>N&rsquo;Golo Kant\u00e9<\/strong>, incertain, est bien l\u00e0, mais toujours pas <strong>Houssem Aouar<\/strong> malgr\u00e9 sa prestation de haut vol face \u00e0 Leipzig.<\/p>\n<blockquote class=\"twitter-tweet\">\n<p dir=\"ltr\" lang=\"fr\">Les 23 joueurs s\u00e9lectionn\u00e9s par Didier Deschamps pour les 2 matchs de qualifications \u00e0 l&rsquo;EURO 2020 ! &#x1f1eb;&#x1f1f7; <a href=\"https:\/\/twitter.com\/hashtag\/FiersdetreBleus?src=hash&amp;ref_src=twsrc%5Etfw\">#FiersdetreBleus<\/a><\/p>\n<p>Islande&#x1f19a;France (vendredi 11\/10 \u00e0 20h45)<br \/>\nFrance&#x1f19a;Turquie (lundi 14\/10 \u00e0 20h45) <a href=\"https:\/\/t.co\/3oKlP5bJR6\">pic.twitter.com\/3oKlP5bJR6<\/a><\/p>\n<p>\u2014 Equipe de France &#x2b50;&#x2b50; (@equipedefrance) <a href=\"https:\/\/twitter.com\/equipedefrance\/status\/1179728946365190146?ref_src=twsrc%5Etfw\">October 3, 2019<\/a><\/p><\/blockquote>\n<p><script async src=\"https:\/\/platform.twitter.com\/widgets.js\" charset=\"utf-8\"><\/script><\/p>\n<p style=\"text-align: justify;\"><strong><em>Dicodusport<br \/>\n<a href=\"https:\/\/www.facebook.com\/dicodusport\/\" target=\"_blank\" rel=\"noopener\"><img loading=\"lazy\" decoding=\"async\" class=\"alignnone wp-image-2909\" src=\"http:\/\/dicodusport.fr\/blog\/wp-content\/uploads\/2017\/07\/logo-facebook-150x150.png\" alt=\"\" width=\"40\" height=\"40\" \/><\/a><a href=\"https:\/\/twitter.com\/dicodusport\" target=\"_blank\" rel=\"noopener\"><img loading=\"lazy\" decoding=\"async\" class=\"alignnone wp-image-2908\" src=\"http:\/\/dicodusport.fr\/blog\/wp-content\/uploads\/2017\/07\/logo-twitter-150x150.png\" alt=\"\" width=\"39\" height=\"39\" \/><\/a><\/em><\/strong><\/p>\n<p style=\"text-align: justify;\">\n","protected":false},"excerpt":{"rendered":"<p>Didier Deschamps, s\u00e9lectionneur de l&rsquo;\u00e9quipe de France, a d\u00e9voil\u00e9 sa liste pour les matchs de qualifications \u00e0 l&rsquo;Euro 2020 face \u00e0 l&rsquo;Islande et la Turquie.<\/p>\n","protected":false},"author":1,"featured_media":50482,"comment_status":"open","ping_status":"closed","sticky":false,"template":"","format":"standard","meta":{"_acf_changed":false,"_daextam_enable_autolinks":"","footnotes":""},"categories":[2301],"tags":[199,74,75,30],"class_list":["post-50470","post","type-post","status-publish","format-standard","has-post-thumbnail","hentry","category-football","tag-equipe-de-france","tag-foot","tag-football","tag-france"],"acf":[],"yoast_head":"<!-- This site is optimized with the Yoast SEO Premium plugin v26.7 (Yoast SEO v26.7) - https:\/\/yoast.com\/wordpress\/plugins\/seo\/ -->\n<title>La liste de l&#039;\u00e9quipe de France pour d\u00e9fier l&#039;Islande et la Turquie<\/title>\n<meta name=\"description\" content=\"Didier Deschamps, s\u00e9lectionneur de l&#039;\u00e9quipe de France, a d\u00e9voil\u00e9 sa liste pour les matchs de qualifications \u00e0 l&#039;Euro 2020 face \u00e0 l&#039;Islande et la Turquie.\" \/>\n<meta name=\"robots\" content=\"index, follow, max-snippet:-1, max-image-preview:large, max-video-preview:-1\" \/>\n<link rel=\"canonical\" href=\"https:\/\/dicodusport.fr\/blog\/la-liste-de-lequipe-de-france-pour-defier-lislande-et-la-turquie\/\" \/>\n<meta property=\"og:locale\" content=\"fr_FR\" \/>\n<meta property=\"og:type\" content=\"article\" \/>\n<meta property=\"og:title\" content=\"La liste de l&#039;\u00e9quipe de France pour d\u00e9fier l&#039;Islande et la Turquie\" \/>\n<meta property=\"og:description\" content=\"Didier Deschamps, s\u00e9lectionneur de l&#039;\u00e9quipe de France, a d\u00e9voil\u00e9 sa liste pour les matchs de qualifications \u00e0 l&#039;Euro 2020 face \u00e0 l&#039;Islande et la Turquie.\" \/>\n<meta property=\"og:url\" content=\"https:\/\/dicodusport.fr\/blog\/la-liste-de-lequipe-de-france-pour-defier-lislande-et-la-turquie\/\" \/>\n<meta property=\"og:site_name\" content=\"Dicodusport\" \/>\n<meta property=\"article:publisher\" content=\"https:\/\/www.facebook.com\/dicodusport\" \/>\n<meta property=\"article:author\" content=\"https:\/\/www.facebook.com\/dicodusport\" \/>\n<meta property=\"article:published_time\" content=\"2019-10-03T12:35:56+00:00\" \/>\n<meta property=\"article:modified_time\" content=\"2019-10-03T14:00:42+00:00\" \/>\n<meta property=\"og:image\" content=\"https:\/\/dicodusport.fr\/blog\/wp-content\/uploads\/2019\/10\/Kylian-Mbappe\u0301.png\" \/>\n\t<meta property=\"og:image:width\" content=\"800\" \/>\n\t<meta property=\"og:image:height\" content=\"445\" \/>\n\t<meta property=\"og:image:type\" content=\"image\/png\" \/>\n<meta name=\"author\" content=\"Nicolas Jacquemard\" \/>\n<meta name=\"twitter:card\" content=\"summary_large_image\" \/>\n<meta name=\"twitter:title\" content=\"La liste de l&#039;\u00e9quipe de France pour d\u00e9fier l&#039;Islande et la Turquie\" \/>\n<meta name=\"twitter:creator\" content=\"@https:\/\/twitter.com\/Nico_Jacquemard\" \/>\n<meta name=\"twitter:site\" content=\"@dicodusport\" \/>\n<script type=\"application\/ld+json\" class=\"yoast-schema-graph\">{\"@context\":\"https:\/\/schema.org\",\"@graph\":[{\"@type\":\"NewsArticle\",\"@id\":\"https:\/\/dicodusport.fr\/blog\/la-liste-de-lequipe-de-france-pour-defier-lislande-et-la-turquie\/#article\",\"isPartOf\":{\"@id\":\"https:\/\/dicodusport.fr\/blog\/la-liste-de-lequipe-de-france-pour-defier-lislande-et-la-turquie\/\"},\"author\":{\"name\":\"Nicolas Jacquemard\",\"@id\":\"https:\/\/dicodusport.fr\/blog\/#\/schema\/person\/55dcb50ad410894e431ed812bbb70191\"},\"headline\":\"La liste de l&rsquo;\u00e9quipe de France pour d\u00e9fier l&rsquo;Islande et la Turquie\",\"datePublished\":\"2019-10-03T12:35:56+00:00\",\"dateModified\":\"2019-10-03T14:00:42+00:00\",\"mainEntityOfPage\":{\"@id\":\"https:\/\/dicodusport.fr\/blog\/la-liste-de-lequipe-de-france-pour-defier-lislande-et-la-turquie\/\"},\"wordCount\":143,\"commentCount\":0,\"publisher\":{\"@id\":\"https:\/\/dicodusport.fr\/blog\/#organization\"},\"image\":{\"@id\":\"https:\/\/dicodusport.fr\/blog\/la-liste-de-lequipe-de-france-pour-defier-lislande-et-la-turquie\/#primaryimage\"},\"thumbnailUrl\":\"https:\/\/dicodusport.fr\/blog\/wp-content\/uploads\/2019\/10\/Kylian-Mbappe\u0301.png\",\"keywords\":[\"\u00c9quipe de France\",\"foot\",\"Football\",\"France\"],\"articleSection\":[\"Football\"],\"inLanguage\":\"fr-FR\",\"potentialAction\":[{\"@type\":\"CommentAction\",\"name\":\"Comment\",\"target\":[\"https:\/\/dicodusport.fr\/blog\/la-liste-de-lequipe-de-france-pour-defier-lislande-et-la-turquie\/#respond\"]}],\"copyrightYear\":\"2019\",\"copyrightHolder\":{\"@id\":\"https:\/\/dicodusport.fr\/blog\/#organization\"}},{\"@type\":\"WebPage\",\"@id\":\"https:\/\/dicodusport.fr\/blog\/la-liste-de-lequipe-de-france-pour-defier-lislande-et-la-turquie\/\",\"url\":\"https:\/\/dicodusport.fr\/blog\/la-liste-de-lequipe-de-france-pour-defier-lislande-et-la-turquie\/\",\"name\":\"La liste de l'\u00e9quipe de France pour d\u00e9fier l'Islande et la Turquie\",\"isPartOf\":{\"@id\":\"https:\/\/dicodusport.fr\/blog\/#website\"},\"primaryImageOfPage\":{\"@id\":\"https:\/\/dicodusport.fr\/blog\/la-liste-de-lequipe-de-france-pour-defier-lislande-et-la-turquie\/#primaryimage\"},\"image\":{\"@id\":\"https:\/\/dicodusport.fr\/blog\/la-liste-de-lequipe-de-france-pour-defier-lislande-et-la-turquie\/#primaryimage\"},\"thumbnailUrl\":\"https:\/\/dicodusport.fr\/blog\/wp-content\/uploads\/2019\/10\/Kylian-Mbappe\u0301.png\",\"datePublished\":\"2019-10-03T12:35:56+00:00\",\"dateModified\":\"2019-10-03T14:00:42+00:00\",\"description\":\"Didier Deschamps, s\u00e9lectionneur de l'\u00e9quipe de France, a d\u00e9voil\u00e9 sa liste pour les matchs de qualifications \u00e0 l'Euro 2020 face \u00e0 l'Islande et la Turquie.\",\"breadcrumb\":{\"@id\":\"https:\/\/dicodusport.fr\/blog\/la-liste-de-lequipe-de-france-pour-defier-lislande-et-la-turquie\/#breadcrumb\"},\"inLanguage\":\"fr-FR\",\"potentialAction\":[{\"@type\":\"ReadAction\",\"target\":[\"https:\/\/dicodusport.fr\/blog\/la-liste-de-lequipe-de-france-pour-defier-lislande-et-la-turquie\/\"]}]},{\"@type\":\"ImageObject\",\"inLanguage\":\"fr-FR\",\"@id\":\"https:\/\/dicodusport.fr\/blog\/la-liste-de-lequipe-de-france-pour-defier-lislande-et-la-turquie\/#primaryimage\",\"url\":\"https:\/\/dicodusport.fr\/blog\/wp-content\/uploads\/2019\/10\/Kylian-Mbappe\u0301.png\",\"contentUrl\":\"https:\/\/dicodusport.fr\/blog\/wp-content\/uploads\/2019\/10\/Kylian-Mbappe\u0301.png\",\"width\":800,\"height\":445},{\"@type\":\"BreadcrumbList\",\"@id\":\"https:\/\/dicodusport.fr\/blog\/la-liste-de-lequipe-de-france-pour-defier-lislande-et-la-turquie\/#breadcrumb\",\"itemListElement\":[{\"@type\":\"ListItem\",\"position\":1,\"name\":\"Accueil\",\"item\":\"https:\/\/dicodusport.fr\/blog\/\"},{\"@type\":\"ListItem\",\"position\":2,\"name\":\"La liste de l&rsquo;\u00e9quipe de France pour d\u00e9fier l&rsquo;Islande et la Turquie\"}]},{\"@type\":\"WebSite\",\"@id\":\"https:\/\/dicodusport.fr\/blog\/#website\",\"url\":\"https:\/\/dicodusport.fr\/blog\/\",\"name\":\"Dicodusport\",\"description\":\"L&#039;encyclop\u00e9die de l&#039;actualit\u00e9 sportive\",\"publisher\":{\"@id\":\"https:\/\/dicodusport.fr\/blog\/#organization\"},\"potentialAction\":[{\"@type\":\"SearchAction\",\"target\":{\"@type\":\"EntryPoint\",\"urlTemplate\":\"https:\/\/dicodusport.fr\/blog\/?s={search_term_string}\"},\"query-input\":{\"@type\":\"PropertyValueSpecification\",\"valueRequired\":true,\"valueName\":\"search_term_string\"}}],\"inLanguage\":\"fr-FR\"},{\"@type\":\"NewsMediaOrganization\",\"@id\":\"https:\/\/dicodusport.fr\/blog\/#organization\",\"name\":\"Dicodusport\",\"url\":\"https:\/\/dicodusport.fr\/blog\/\",\"logo\":{\"@type\":\"ImageObject\",\"inLanguage\":\"fr-FR\",\"@id\":\"https:\/\/dicodusport.fr\/blog\/#\/schema\/logo\/image\/\",\"url\":\"https:\/\/dicodusport.fr\/blog\/wp-content\/uploads\/2020\/06\/cropped-LOGO-DICODUSPORT-2020-SANS-FOND-SANS-TEXTE.png\",\"contentUrl\":\"https:\/\/dicodusport.fr\/blog\/wp-content\/uploads\/2020\/06\/cropped-LOGO-DICODUSPORT-2020-SANS-FOND-SANS-TEXTE.png\",\"width\":512,\"height\":512,\"caption\":\"Dicodusport\"},\"image\":{\"@id\":\"https:\/\/dicodusport.fr\/blog\/#\/schema\/logo\/image\/\"},\"sameAs\":[\"https:\/\/www.facebook.com\/dicodusport\",\"https:\/\/x.com\/dicodusport\",\"https:\/\/www.instagram.com\/dicodusport\/\",\"https:\/\/www.youtube.com\/channel\/UC7V2KZ5sd3htJivAbA4ZG3w\"],\"description\":\"Dicodusport est l'encyclop\u00e9die de l'actualit\u00e9 sportive.\",\"email\":\"bonjour@dicodusport.fr\",\"legalName\":\"DICODUSPORT\",\"foundingDate\":\"2018-01-14\",\"vatID\":\"FR71834470973\",\"taxID\":\"83447097300043\",\"numberOfEmployees\":{\"@type\":\"QuantitativeValue\",\"minValue\":\"1\",\"maxValue\":\"10\"}},{\"@type\":\"Person\",\"@id\":\"https:\/\/dicodusport.fr\/blog\/#\/schema\/person\/55dcb50ad410894e431ed812bbb70191\",\"name\":\"Nicolas Jacquemard\",\"image\":{\"@type\":\"ImageObject\",\"inLanguage\":\"fr-FR\",\"@id\":\"https:\/\/dicodusport.fr\/blog\/#\/schema\/person\/image\/\",\"url\":\"https:\/\/dicodusport.fr\/blog\/wp-content\/uploads\/2021\/05\/Nicolas-Jacquemard-150x150.jpeg\",\"contentUrl\":\"https:\/\/dicodusport.fr\/blog\/wp-content\/uploads\/2021\/05\/Nicolas-Jacquemard-150x150.jpeg\",\"caption\":\"Nicolas Jacquemard\"},\"description\":\"Passionn\u00e9 de sport et entrepreneur depuis mes 18 ans, la cr\u00e9ation de Dicodusport m'a sembl\u00e9 \u00e9vidente pour participer \u00e0 la m\u00e9diatisation d'un plus grand nombre de sports. Le chemin est long mais avec une \u00e9quipe des plus motiv\u00e9es et les Jeux Olympiques de Paris 2024 en point de mire, nous y arriverons ! Journaliste dans le monde du sport depuis plus de 5 ans, je traite aussi bien de football, de rugby, de biathlon que de cyclisme.\",\"sameAs\":[\"https:\/\/www.facebook.com\/dicodusport\",\"https:\/\/x.com\/https:\/\/twitter.com\/Nico_Jacquemard\"],\"url\":\"https:\/\/dicodusport.fr\/blog\/author\/dicodusport\/\"}]}<\/script>\n<!-- \/ Yoast SEO Premium plugin. -->","yoast_head_json":{"title":"La liste de l'\u00e9quipe de France pour d\u00e9fier l'Islande et la Turquie","description":"Didier Deschamps, s\u00e9lectionneur de l'\u00e9quipe de France, a d\u00e9voil\u00e9 sa liste pour les matchs de qualifications \u00e0 l'Euro 2020 face \u00e0 l'Islande et la Turquie.","robots":{"index":"index","follow":"follow","max-snippet":"max-snippet:-1","max-image-preview":"max-image-preview:large","max-video-preview":"max-video-preview:-1"},"canonical":"https:\/\/dicodusport.fr\/blog\/la-liste-de-lequipe-de-france-pour-defier-lislande-et-la-turquie\/","og_locale":"fr_FR","og_type":"article","og_title":"La liste de l'\u00e9quipe de France pour d\u00e9fier l'Islande et la Turquie","og_description":"Didier Deschamps, s\u00e9lectionneur de l'\u00e9quipe de France, a d\u00e9voil\u00e9 sa liste pour les matchs de qualifications \u00e0 l'Euro 2020 face \u00e0 l'Islande et la Turquie.","og_url":"https:\/\/dicodusport.fr\/blog\/la-liste-de-lequipe-de-france-pour-defier-lislande-et-la-turquie\/","og_site_name":"Dicodusport","article_publisher":"https:\/\/www.facebook.com\/dicodusport","article_author":"https:\/\/www.facebook.com\/dicodusport","article_published_time":"2019-10-03T12:35:56+00:00","article_modified_time":"2019-10-03T14:00:42+00:00","og_image":[{"width":800,"height":445,"url":"https:\/\/dicodusport.fr\/blog\/wp-content\/uploads\/2019\/10\/Kylian-Mbappe\u0301.png","type":"image\/png"}],"author":"Nicolas Jacquemard","twitter_card":"summary_large_image","twitter_title":"La liste de l'\u00e9quipe de France pour d\u00e9fier l'Islande et la Turquie","twitter_creator":"@https:\/\/twitter.com\/Nico_Jacquemard","twitter_site":"@dicodusport","schema":{"@context":"https:\/\/schema.org","@graph":[{"@type":"NewsArticle","@id":"https:\/\/dicodusport.fr\/blog\/la-liste-de-lequipe-de-france-pour-defier-lislande-et-la-turquie\/#article","isPartOf":{"@id":"https:\/\/dicodusport.fr\/blog\/la-liste-de-lequipe-de-france-pour-defier-lislande-et-la-turquie\/"},"author":{"name":"Nicolas Jacquemard","@id":"https:\/\/dicodusport.fr\/blog\/#\/schema\/person\/55dcb50ad410894e431ed812bbb70191"},"headline":"La liste de l&rsquo;\u00e9quipe de France pour d\u00e9fier l&rsquo;Islande et la Turquie","datePublished":"2019-10-03T12:35:56+00:00","dateModified":"2019-10-03T14:00:42+00:00","mainEntityOfPage":{"@id":"https:\/\/dicodusport.fr\/blog\/la-liste-de-lequipe-de-france-pour-defier-lislande-et-la-turquie\/"},"wordCount":143,"commentCount":0,"publisher":{"@id":"https:\/\/dicodusport.fr\/blog\/#organization"},"image":{"@id":"https:\/\/dicodusport.fr\/blog\/la-liste-de-lequipe-de-france-pour-defier-lislande-et-la-turquie\/#primaryimage"},"thumbnailUrl":"https:\/\/dicodusport.fr\/blog\/wp-content\/uploads\/2019\/10\/Kylian-Mbappe\u0301.png","keywords":["\u00c9quipe de France","foot","Football","France"],"articleSection":["Football"],"inLanguage":"fr-FR","potentialAction":[{"@type":"CommentAction","name":"Comment","target":["https:\/\/dicodusport.fr\/blog\/la-liste-de-lequipe-de-france-pour-defier-lislande-et-la-turquie\/#respond"]}],"copyrightYear":"2019","copyrightHolder":{"@id":"https:\/\/dicodusport.fr\/blog\/#organization"}},{"@type":"WebPage","@id":"https:\/\/dicodusport.fr\/blog\/la-liste-de-lequipe-de-france-pour-defier-lislande-et-la-turquie\/","url":"https:\/\/dicodusport.fr\/blog\/la-liste-de-lequipe-de-france-pour-defier-lislande-et-la-turquie\/","name":"La liste de l'\u00e9quipe de France pour d\u00e9fier l'Islande et la Turquie","isPartOf":{"@id":"https:\/\/dicodusport.fr\/blog\/#website"},"primaryImageOfPage":{"@id":"https:\/\/dicodusport.fr\/blog\/la-liste-de-lequipe-de-france-pour-defier-lislande-et-la-turquie\/#primaryimage"},"image":{"@id":"https:\/\/dicodusport.fr\/blog\/la-liste-de-lequipe-de-france-pour-defier-lislande-et-la-turquie\/#primaryimage"},"thumbnailUrl":"https:\/\/dicodusport.fr\/blog\/wp-content\/uploads\/2019\/10\/Kylian-Mbappe\u0301.png","datePublished":"2019-10-03T12:35:56+00:00","dateModified":"2019-10-03T14:00:42+00:00","description":"Didier Deschamps, s\u00e9lectionneur de l'\u00e9quipe de France, a d\u00e9voil\u00e9 sa liste pour les matchs de qualifications \u00e0 l'Euro 2020 face \u00e0 l'Islande et la Turquie.","breadcrumb":{"@id":"https:\/\/dicodusport.fr\/blog\/la-liste-de-lequipe-de-france-pour-defier-lislande-et-la-turquie\/#breadcrumb"},"inLanguage":"fr-FR","potentialAction":[{"@type":"ReadAction","target":["https:\/\/dicodusport.fr\/blog\/la-liste-de-lequipe-de-france-pour-defier-lislande-et-la-turquie\/"]}]},{"@type":"ImageObject","inLanguage":"fr-FR","@id":"https:\/\/dicodusport.fr\/blog\/la-liste-de-lequipe-de-france-pour-defier-lislande-et-la-turquie\/#primaryimage","url":"https:\/\/dicodusport.fr\/blog\/wp-content\/uploads\/2019\/10\/Kylian-Mbappe\u0301.png","contentUrl":"https:\/\/dicodusport.fr\/blog\/wp-content\/uploads\/2019\/10\/Kylian-Mbappe\u0301.png","width":800,"height":445},{"@type":"BreadcrumbList","@id":"https:\/\/dicodusport.fr\/blog\/la-liste-de-lequipe-de-france-pour-defier-lislande-et-la-turquie\/#breadcrumb","itemListElement":[{"@type":"ListItem","position":1,"name":"Accueil","item":"https:\/\/dicodusport.fr\/blog\/"},{"@type":"ListItem","position":2,"name":"La liste de l&rsquo;\u00e9quipe de France pour d\u00e9fier l&rsquo;Islande et la Turquie"}]},{"@type":"WebSite","@id":"https:\/\/dicodusport.fr\/blog\/#website","url":"https:\/\/dicodusport.fr\/blog\/","name":"Dicodusport","description":"L&#039;encyclop\u00e9die de l&#039;actualit\u00e9 sportive","publisher":{"@id":"https:\/\/dicodusport.fr\/blog\/#organization"},"potentialAction":[{"@type":"SearchAction","target":{"@type":"EntryPoint","urlTemplate":"https:\/\/dicodusport.fr\/blog\/?s={search_term_string}"},"query-input":{"@type":"PropertyValueSpecification","valueRequired":true,"valueName":"search_term_string"}}],"inLanguage":"fr-FR"},{"@type":"NewsMediaOrganization","@id":"https:\/\/dicodusport.fr\/blog\/#organization","name":"Dicodusport","url":"https:\/\/dicodusport.fr\/blog\/","logo":{"@type":"ImageObject","inLanguage":"fr-FR","@id":"https:\/\/dicodusport.fr\/blog\/#\/schema\/logo\/image\/","url":"https:\/\/dicodusport.fr\/blog\/wp-content\/uploads\/2020\/06\/cropped-LOGO-DICODUSPORT-2020-SANS-FOND-SANS-TEXTE.png","contentUrl":"https:\/\/dicodusport.fr\/blog\/wp-content\/uploads\/2020\/06\/cropped-LOGO-DICODUSPORT-2020-SANS-FOND-SANS-TEXTE.png","width":512,"height":512,"caption":"Dicodusport"},"image":{"@id":"https:\/\/dicodusport.fr\/blog\/#\/schema\/logo\/image\/"},"sameAs":["https:\/\/www.facebook.com\/dicodusport","https:\/\/x.com\/dicodusport","https:\/\/www.instagram.com\/dicodusport\/","https:\/\/www.youtube.com\/channel\/UC7V2KZ5sd3htJivAbA4ZG3w"],"description":"Dicodusport est l'encyclop\u00e9die de l'actualit\u00e9 sportive.","email":"bonjour@dicodusport.fr","legalName":"DICODUSPORT","foundingDate":"2018-01-14","vatID":"FR71834470973","taxID":"83447097300043","numberOfEmployees":{"@type":"QuantitativeValue","minValue":"1","maxValue":"10"}},{"@type":"Person","@id":"https:\/\/dicodusport.fr\/blog\/#\/schema\/person\/55dcb50ad410894e431ed812bbb70191","name":"Nicolas Jacquemard","image":{"@type":"ImageObject","inLanguage":"fr-FR","@id":"https:\/\/dicodusport.fr\/blog\/#\/schema\/person\/image\/","url":"https:\/\/dicodusport.fr\/blog\/wp-content\/uploads\/2021\/05\/Nicolas-Jacquemard-150x150.jpeg","contentUrl":"https:\/\/dicodusport.fr\/blog\/wp-content\/uploads\/2021\/05\/Nicolas-Jacquemard-150x150.jpeg","caption":"Nicolas Jacquemard"},"description":"Passionn\u00e9 de sport et entrepreneur depuis mes 18 ans, la cr\u00e9ation de Dicodusport m'a sembl\u00e9 \u00e9vidente pour participer \u00e0 la m\u00e9diatisation d'un plus grand nombre de sports. Le chemin est long mais avec une \u00e9quipe des plus motiv\u00e9es et les Jeux Olympiques de Paris 2024 en point de mire, nous y arriverons ! Journaliste dans le monde du sport depuis plus de 5 ans, je traite aussi bien de football, de rugby, de biathlon que de cyclisme.","sameAs":["https:\/\/www.facebook.com\/dicodusport","https:\/\/x.com\/https:\/\/twitter.com\/Nico_Jacquemard"],"url":"https:\/\/dicodusport.fr\/blog\/author\/dicodusport\/"}]}},"_links":{"self":[{"href":"https:\/\/dicodusport.fr\/blog\/wp-json\/wp\/v2\/posts\/50470","targetHints":{"allow":["GET"]}}],"collection":[{"href":"https:\/\/dicodusport.fr\/blog\/wp-json\/wp\/v2\/posts"}],"about":[{"href":"https:\/\/dicodusport.fr\/blog\/wp-json\/wp\/v2\/types\/post"}],"author":[{"embeddable":true,"href":"https:\/\/dicodusport.fr\/blog\/wp-json\/wp\/v2\/users\/1"}],"replies":[{"embeddable":true,"href":"https:\/\/dicodusport.fr\/blog\/wp-json\/wp\/v2\/comments?post=50470"}],"version-history":[{"count":0,"href":"https:\/\/dicodusport.fr\/blog\/wp-json\/wp\/v2\/posts\/50470\/revisions"}],"wp:featuredmedia":[{"embeddable":true,"href":"https:\/\/dicodusport.fr\/blog\/wp-json\/wp\/v2\/media\/50482"}],"wp:attachment":[{"href":"https:\/\/dicodusport.fr\/blog\/wp-json\/wp\/v2\/media?parent=50470"}],"wp:term":[{"taxonomy":"category","embeddable":true,"href":"https:\/\/dicodusport.fr\/blog\/wp-json\/wp\/v2\/categories?post=50470"},{"taxonomy":"post_tag","embeddable":true,"href":"https:\/\/dicodusport.fr\/blog\/wp-json\/wp\/v2\/tags?post=50470"}],"curies":[{"name":"wp","href":"https:\/\/api.w.org\/{rel}","templated":true}]}}