{"id":504914,"date":"2024-07-29T09:59:54","date_gmt":"2024-07-29T07:59:54","guid":{"rendered":"https:\/\/dicodusport.fr\/blog\/?p=504914&#038;preview=true&#038;preview_id=504914"},"modified":"2024-07-29T09:59:58","modified_gmt":"2024-07-29T07:59:58","slug":"apres-lor-olympique-pauline-ferrand-prevot-veut-remporter-le-tour-de-france","status":"publish","type":"post","link":"https:\/\/dicodusport.fr\/blog\/apres-lor-olympique-pauline-ferrand-prevot-veut-remporter-le-tour-de-france\/","title":{"rendered":"Apr\u00e8s l&rsquo;or olympique, Pauline Ferrand-Pr\u00e9vot veut remporter le Tour de France Femmes"},"content":{"rendered":"<p style=\"text-align: justify;\"><strong><em>CYCLISME SUR ROUTE 2025 &#8211; Tout juste championne olympique de VTT XCO, Pauline Ferrand-Pr\u00e9vot a confirm\u00e9 son retour sur la route, avec comme ambition le Tour de France.\u00a0<\/em><\/strong><\/p>\n<p style=\"text-align: justify;\">Apr\u00e8s trois \u00e9checs, \u00e0 <strong>Londres<\/strong> puis <strong>Rio<\/strong> et <strong>Tokyo<\/strong>, <strong>PFP<\/strong> a enfin d\u00e9croch\u00e9 l&rsquo;or olympique devant son public dimanche. La Fran\u00e7aise a survol\u00e9 la course de VTT XCO en rel\u00e9guant la deuxi\u00e8me \u00e0 pr\u00e8s de trois minutes sur la ligne d&rsquo;arriv\u00e9e. <strong>Pauline Ferrand-Pr\u00e9vot<\/strong> a maintenant remport\u00e9 tous les titres en VTT et va tourner la page de cette discipline \u00e0 la fin de la saison.<\/p>\n<ul style=\"text-align: justify;\">\n<li style=\"text-align: justify;\"><strong>\u00c0 ce sujet &#8211; <a href=\"https:\/\/dicodusport.fr\/blog\/vtt-jo-2024-pauline-ferrand-prevot-championne-olympique-xco\/\" target=\"_blank\" rel=\"noopener\">VTT JO 2024 : Pauline Ferrand-Pr\u00e9vot championne olympique XCO<\/a><br \/>\n<\/strong><\/li>\n<\/ul>\n<h2 style=\"text-align: justify;\">Pauline Ferrand-Pr\u00e9vot vise le Tour de France et Paris-Roubaix<\/h2>\n<p style=\"text-align: justify;\">Son retour sur route et son d\u00e9part de l&rsquo;\u00e9quipe <strong>INEOS<\/strong> <strong>Grenadiers<\/strong> n&rsquo;\u00e9taient pas un secret, mais <strong>Pauline Ferrand-Pr\u00e9vot<\/strong> a confirm\u00e9 dimanche qu&rsquo;elle avait des ambitions \u00e9lev\u00e9es pour la suite. La championne fran\u00e7aise, \u00e2g\u00e9e de 32 ans, veut tout simplement remporter le Tour de France, qui est de retour au programme pour les femmes depuis 2022.<\/p>\n<p style=\"text-align: justify;\">Nos confr\u00e8res de <em>L&rsquo;\u00c9quipe<\/em> ajoutent que <strong>PFP<\/strong> voudrait aussi triompher sur Paris-Roubaix, une autre course mythique. Si rien n&rsquo;est encore act\u00e9, la Fran\u00e7aise devrait porter le maillot de la <strong>Visma &#8211; Lease a Bike<\/strong> la saison prochaine pour son retour sur la route. Lib\u00e9rer de ses ambitions en VTT, <strong>Pauline Ferrand-Pr\u00e9vot<\/strong> a encore plusieurs saisons devant elle pour briller, dans une discipline o\u00f9 <a href=\"https:\/\/dicodusport.fr\/blog\/video-le-jour-ou-pauline-ferrand-prevot-est-devenue-championne-du-monde-sur-route\/\">elle a notamment \u00e9t\u00e9 championne du monde en 2014<\/a>.<\/p>\n<blockquote class=\"twitter-tweet\">\n<p dir=\"ltr\" lang=\"en\">Pauline Ferrand Prevot confirms this is her last Olympic MTB race and will commit FT to road racing: \u201cNow I will try to win the Tour de France Femmes next year\u201d <a href=\"https:\/\/twitter.com\/hashtag\/Paris2024?src=hash&amp;ref_src=twsrc%5Etfw\">#Paris2024<\/a> <a href=\"https:\/\/t.co\/GucMd8eWRn\">pic.twitter.com\/GucMd8eWRn<\/a><\/p>\n<p>\u2014 Andrew Hood (@EuroHoody) <a href=\"https:\/\/twitter.com\/EuroHoody\/status\/1817579883587117362?ref_src=twsrc%5Etfw\">July 28, 2024<\/a><\/p><\/blockquote>\n<p><script async src=\"https:\/\/platform.twitter.com\/widgets.js\" charset=\"utf-8\"><\/script><\/p>\n<p style=\"text-align: justify;\">\n","protected":false},"excerpt":{"rendered":"<p>Apr\u00e8s l&rsquo;or olympique, Pauline Ferrand-Pr\u00e9vot veut remporter le Tour de France Femmes.<\/p>\n","protected":false},"author":1,"featured_media":504923,"comment_status":"open","ping_status":"closed","sticky":false,"template":"","format":"standard","meta":{"_acf_changed":false,"_daextam_enable_autolinks":"1","footnotes":""},"categories":[46994],"tags":[32415,16878,1340,4110],"class_list":["post-504914","post","type-post","status-publish","format-standard","has-post-thumbnail","hentry","category-cyclisme-sur-route","tag-actu","tag-breve","tag-pauline-ferrand-prevot","tag-pfp"],"acf":[],"yoast_head":"<!-- This site is optimized with the Yoast SEO Premium plugin v26.7 (Yoast SEO v26.7) - https:\/\/yoast.com\/wordpress\/plugins\/seo\/ -->\n<title>Apr\u00e8s l&#039;or olympique, Pauline Ferrand-Pr\u00e9vot veut remporter le Tour de France Femmes<\/title>\n<meta name=\"description\" content=\"CYCLISME SUR ROUTE 2025 - Tout juste championne olympique de VTT XCO, Pauline Ferrand-Pr\u00e9vot a confirm\u00e9 son retour sur la route avec comme ambition le Tour de France.\u00a0\" \/>\n<meta name=\"robots\" content=\"index, follow, max-snippet:-1, max-image-preview:large, max-video-preview:-1\" \/>\n<link rel=\"canonical\" href=\"https:\/\/dicodusport.fr\/blog\/apres-lor-olympique-pauline-ferrand-prevot-veut-remporter-le-tour-de-france\/\" \/>\n<meta property=\"og:locale\" content=\"fr_FR\" \/>\n<meta property=\"og:type\" content=\"article\" \/>\n<meta property=\"og:title\" content=\"Apr\u00e8s l&#039;or olympique, Pauline Ferrand-Pr\u00e9vot veut remporter le Tour de France Femmes\" \/>\n<meta property=\"og:description\" content=\"CYCLISME SUR ROUTE 2025 - Tout juste championne olympique de VTT XCO, Pauline Ferrand-Pr\u00e9vot a confirm\u00e9 son retour sur la route avec comme ambition le Tour de France.\u00a0\" \/>\n<meta property=\"og:url\" content=\"https:\/\/dicodusport.fr\/blog\/apres-lor-olympique-pauline-ferrand-prevot-veut-remporter-le-tour-de-france\/\" \/>\n<meta property=\"og:site_name\" content=\"Dicodusport\" \/>\n<meta property=\"article:publisher\" content=\"https:\/\/www.facebook.com\/dicodusport\" \/>\n<meta property=\"article:author\" content=\"https:\/\/www.facebook.com\/dicodusport\" \/>\n<meta property=\"article:published_time\" content=\"2024-07-29T07:59:54+00:00\" \/>\n<meta property=\"article:modified_time\" content=\"2024-07-29T07:59:58+00:00\" \/>\n<meta property=\"og:image\" content=\"https:\/\/dicodusport.fr\/blog\/wp-content\/uploads\/2024\/07\/Apres-lor-olympique-Pauline-Ferrand-Prevot-veut-remporter-le-Tour-de-France.png\" \/>\n\t<meta property=\"og:image:width\" content=\"1200\" \/>\n\t<meta property=\"og:image:height\" content=\"674\" \/>\n\t<meta property=\"og:image:type\" content=\"image\/png\" \/>\n<meta name=\"author\" content=\"Nicolas Jacquemard\" \/>\n<meta name=\"twitter:card\" content=\"summary_large_image\" \/>\n<meta name=\"twitter:title\" content=\"Apr\u00e8s l&#039;or olympique, Pauline Ferrand-Pr\u00e9vot veut remporter le Tour de France Femmes\" \/>\n<meta name=\"twitter:creator\" content=\"@https:\/\/twitter.com\/Nico_Jacquemard\" \/>\n<meta name=\"twitter:site\" content=\"@dicodusport\" \/>\n<script type=\"application\/ld+json\" class=\"yoast-schema-graph\">{\"@context\":\"https:\/\/schema.org\",\"@graph\":[{\"@type\":\"NewsArticle\",\"@id\":\"https:\/\/dicodusport.fr\/blog\/apres-lor-olympique-pauline-ferrand-prevot-veut-remporter-le-tour-de-france\/#article\",\"isPartOf\":{\"@id\":\"https:\/\/dicodusport.fr\/blog\/apres-lor-olympique-pauline-ferrand-prevot-veut-remporter-le-tour-de-france\/\"},\"author\":{\"name\":\"Nicolas Jacquemard\",\"@id\":\"https:\/\/dicodusport.fr\/blog\/#\/schema\/person\/55dcb50ad410894e431ed812bbb70191\"},\"headline\":\"Apr\u00e8s l&rsquo;or olympique, Pauline Ferrand-Pr\u00e9vot veut remporter le Tour de France Femmes\",\"datePublished\":\"2024-07-29T07:59:54+00:00\",\"dateModified\":\"2024-07-29T07:59:58+00:00\",\"mainEntityOfPage\":{\"@id\":\"https:\/\/dicodusport.fr\/blog\/apres-lor-olympique-pauline-ferrand-prevot-veut-remporter-le-tour-de-france\/\"},\"wordCount\":315,\"commentCount\":0,\"publisher\":{\"@id\":\"https:\/\/dicodusport.fr\/blog\/#organization\"},\"image\":{\"@id\":\"https:\/\/dicodusport.fr\/blog\/apres-lor-olympique-pauline-ferrand-prevot-veut-remporter-le-tour-de-france\/#primaryimage\"},\"thumbnailUrl\":\"https:\/\/dicodusport.fr\/blog\/wp-content\/uploads\/2024\/07\/Apres-lor-olympique-Pauline-Ferrand-Prevot-veut-remporter-le-Tour-de-France.png\",\"keywords\":[\"actu\",\"br\u00e8ve\",\"Pauline Ferrand-Pr\u00e9vot\",\"PFP\"],\"articleSection\":[\"Cyclisme sur route\"],\"inLanguage\":\"fr-FR\",\"potentialAction\":[{\"@type\":\"CommentAction\",\"name\":\"Comment\",\"target\":[\"https:\/\/dicodusport.fr\/blog\/apres-lor-olympique-pauline-ferrand-prevot-veut-remporter-le-tour-de-france\/#respond\"]}],\"copyrightYear\":\"2024\",\"copyrightHolder\":{\"@id\":\"https:\/\/dicodusport.fr\/blog\/#organization\"}},{\"@type\":\"WebPage\",\"@id\":\"https:\/\/dicodusport.fr\/blog\/apres-lor-olympique-pauline-ferrand-prevot-veut-remporter-le-tour-de-france\/\",\"url\":\"https:\/\/dicodusport.fr\/blog\/apres-lor-olympique-pauline-ferrand-prevot-veut-remporter-le-tour-de-france\/\",\"name\":\"Apr\u00e8s l'or olympique, Pauline Ferrand-Pr\u00e9vot veut remporter le Tour de France Femmes\",\"isPartOf\":{\"@id\":\"https:\/\/dicodusport.fr\/blog\/#website\"},\"primaryImageOfPage\":{\"@id\":\"https:\/\/dicodusport.fr\/blog\/apres-lor-olympique-pauline-ferrand-prevot-veut-remporter-le-tour-de-france\/#primaryimage\"},\"image\":{\"@id\":\"https:\/\/dicodusport.fr\/blog\/apres-lor-olympique-pauline-ferrand-prevot-veut-remporter-le-tour-de-france\/#primaryimage\"},\"thumbnailUrl\":\"https:\/\/dicodusport.fr\/blog\/wp-content\/uploads\/2024\/07\/Apres-lor-olympique-Pauline-Ferrand-Prevot-veut-remporter-le-Tour-de-France.png\",\"datePublished\":\"2024-07-29T07:59:54+00:00\",\"dateModified\":\"2024-07-29T07:59:58+00:00\",\"description\":\"CYCLISME SUR ROUTE 2025 - Tout juste championne olympique de VTT XCO, Pauline Ferrand-Pr\u00e9vot a confirm\u00e9 son retour sur la route avec comme ambition le Tour de France.\u00a0\",\"breadcrumb\":{\"@id\":\"https:\/\/dicodusport.fr\/blog\/apres-lor-olympique-pauline-ferrand-prevot-veut-remporter-le-tour-de-france\/#breadcrumb\"},\"inLanguage\":\"fr-FR\",\"potentialAction\":[{\"@type\":\"ReadAction\",\"target\":[\"https:\/\/dicodusport.fr\/blog\/apres-lor-olympique-pauline-ferrand-prevot-veut-remporter-le-tour-de-france\/\"]}]},{\"@type\":\"ImageObject\",\"inLanguage\":\"fr-FR\",\"@id\":\"https:\/\/dicodusport.fr\/blog\/apres-lor-olympique-pauline-ferrand-prevot-veut-remporter-le-tour-de-france\/#primaryimage\",\"url\":\"https:\/\/dicodusport.fr\/blog\/wp-content\/uploads\/2024\/07\/Apres-lor-olympique-Pauline-Ferrand-Prevot-veut-remporter-le-Tour-de-France.png\",\"contentUrl\":\"https:\/\/dicodusport.fr\/blog\/wp-content\/uploads\/2024\/07\/Apres-lor-olympique-Pauline-Ferrand-Prevot-veut-remporter-le-Tour-de-France.png\",\"width\":1200,\"height\":674},{\"@type\":\"BreadcrumbList\",\"@id\":\"https:\/\/dicodusport.fr\/blog\/apres-lor-olympique-pauline-ferrand-prevot-veut-remporter-le-tour-de-france\/#breadcrumb\",\"itemListElement\":[{\"@type\":\"ListItem\",\"position\":1,\"name\":\"Accueil\",\"item\":\"https:\/\/dicodusport.fr\/blog\/\"},{\"@type\":\"ListItem\",\"position\":2,\"name\":\"Apr\u00e8s l&#8217;or olympique, Pauline Ferrand-Pr\u00e9vot veut remporter le Tour de France Femmes\"}]},{\"@type\":\"WebSite\",\"@id\":\"https:\/\/dicodusport.fr\/blog\/#website\",\"url\":\"https:\/\/dicodusport.fr\/blog\/\",\"name\":\"Dicodusport\",\"description\":\"L&#039;encyclop\u00e9die de l&#039;actualit\u00e9 sportive\",\"publisher\":{\"@id\":\"https:\/\/dicodusport.fr\/blog\/#organization\"},\"potentialAction\":[{\"@type\":\"SearchAction\",\"target\":{\"@type\":\"EntryPoint\",\"urlTemplate\":\"https:\/\/dicodusport.fr\/blog\/?s={search_term_string}\"},\"query-input\":{\"@type\":\"PropertyValueSpecification\",\"valueRequired\":true,\"valueName\":\"search_term_string\"}}],\"inLanguage\":\"fr-FR\"},{\"@type\":\"NewsMediaOrganization\",\"@id\":\"https:\/\/dicodusport.fr\/blog\/#organization\",\"name\":\"Dicodusport\",\"url\":\"https:\/\/dicodusport.fr\/blog\/\",\"logo\":{\"@type\":\"ImageObject\",\"inLanguage\":\"fr-FR\",\"@id\":\"https:\/\/dicodusport.fr\/blog\/#\/schema\/logo\/image\/\",\"url\":\"https:\/\/dicodusport.fr\/blog\/wp-content\/uploads\/2020\/06\/cropped-LOGO-DICODUSPORT-2020-SANS-FOND-SANS-TEXTE.png\",\"contentUrl\":\"https:\/\/dicodusport.fr\/blog\/wp-content\/uploads\/2020\/06\/cropped-LOGO-DICODUSPORT-2020-SANS-FOND-SANS-TEXTE.png\",\"width\":512,\"height\":512,\"caption\":\"Dicodusport\"},\"image\":{\"@id\":\"https:\/\/dicodusport.fr\/blog\/#\/schema\/logo\/image\/\"},\"sameAs\":[\"https:\/\/www.facebook.com\/dicodusport\",\"https:\/\/x.com\/dicodusport\",\"https:\/\/www.instagram.com\/dicodusport\/\",\"https:\/\/www.youtube.com\/channel\/UC7V2KZ5sd3htJivAbA4ZG3w\"],\"description\":\"Dicodusport est l'encyclop\u00e9die de l'actualit\u00e9 sportive.\",\"email\":\"bonjour@dicodusport.fr\",\"legalName\":\"DICODUSPORT\",\"foundingDate\":\"2018-01-14\",\"vatID\":\"FR71834470973\",\"taxID\":\"83447097300043\",\"numberOfEmployees\":{\"@type\":\"QuantitativeValue\",\"minValue\":\"1\",\"maxValue\":\"10\"}},{\"@type\":\"Person\",\"@id\":\"https:\/\/dicodusport.fr\/blog\/#\/schema\/person\/55dcb50ad410894e431ed812bbb70191\",\"name\":\"Nicolas Jacquemard\",\"image\":{\"@type\":\"ImageObject\",\"inLanguage\":\"fr-FR\",\"@id\":\"https:\/\/dicodusport.fr\/blog\/#\/schema\/person\/image\/\",\"url\":\"https:\/\/dicodusport.fr\/blog\/wp-content\/uploads\/2021\/05\/Nicolas-Jacquemard-150x150.jpeg\",\"contentUrl\":\"https:\/\/dicodusport.fr\/blog\/wp-content\/uploads\/2021\/05\/Nicolas-Jacquemard-150x150.jpeg\",\"caption\":\"Nicolas Jacquemard\"},\"description\":\"Passionn\u00e9 de sport et entrepreneur depuis mes 18 ans, la cr\u00e9ation de Dicodusport m'a sembl\u00e9 \u00e9vidente pour participer \u00e0 la m\u00e9diatisation d'un plus grand nombre de sports. Le chemin est long mais avec une \u00e9quipe des plus motiv\u00e9es et les Jeux Olympiques de Paris 2024 en point de mire, nous y arriverons ! Journaliste dans le monde du sport depuis plus de 5 ans, je traite aussi bien de football, de rugby, de biathlon que de cyclisme.\",\"sameAs\":[\"https:\/\/www.facebook.com\/dicodusport\",\"https:\/\/x.com\/https:\/\/twitter.com\/Nico_Jacquemard\"],\"url\":\"https:\/\/dicodusport.fr\/blog\/author\/dicodusport\/\"}]}<\/script>\n<!-- \/ Yoast SEO Premium plugin. -->","yoast_head_json":{"title":"Apr\u00e8s l'or olympique, Pauline Ferrand-Pr\u00e9vot veut remporter le Tour de France Femmes","description":"CYCLISME SUR ROUTE 2025 - Tout juste championne olympique de VTT XCO, Pauline Ferrand-Pr\u00e9vot a confirm\u00e9 son retour sur la route avec comme ambition le Tour de France.\u00a0","robots":{"index":"index","follow":"follow","max-snippet":"max-snippet:-1","max-image-preview":"max-image-preview:large","max-video-preview":"max-video-preview:-1"},"canonical":"https:\/\/dicodusport.fr\/blog\/apres-lor-olympique-pauline-ferrand-prevot-veut-remporter-le-tour-de-france\/","og_locale":"fr_FR","og_type":"article","og_title":"Apr\u00e8s l'or olympique, Pauline Ferrand-Pr\u00e9vot veut remporter le Tour de France Femmes","og_description":"CYCLISME SUR ROUTE 2025 - Tout juste championne olympique de VTT XCO, Pauline Ferrand-Pr\u00e9vot a confirm\u00e9 son retour sur la route avec comme ambition le Tour de France.\u00a0","og_url":"https:\/\/dicodusport.fr\/blog\/apres-lor-olympique-pauline-ferrand-prevot-veut-remporter-le-tour-de-france\/","og_site_name":"Dicodusport","article_publisher":"https:\/\/www.facebook.com\/dicodusport","article_author":"https:\/\/www.facebook.com\/dicodusport","article_published_time":"2024-07-29T07:59:54+00:00","article_modified_time":"2024-07-29T07:59:58+00:00","og_image":[{"width":1200,"height":674,"url":"https:\/\/dicodusport.fr\/blog\/wp-content\/uploads\/2024\/07\/Apres-lor-olympique-Pauline-Ferrand-Prevot-veut-remporter-le-Tour-de-France.png","type":"image\/png"}],"author":"Nicolas Jacquemard","twitter_card":"summary_large_image","twitter_title":"Apr\u00e8s l'or olympique, Pauline Ferrand-Pr\u00e9vot veut remporter le Tour de France Femmes","twitter_creator":"@https:\/\/twitter.com\/Nico_Jacquemard","twitter_site":"@dicodusport","schema":{"@context":"https:\/\/schema.org","@graph":[{"@type":"NewsArticle","@id":"https:\/\/dicodusport.fr\/blog\/apres-lor-olympique-pauline-ferrand-prevot-veut-remporter-le-tour-de-france\/#article","isPartOf":{"@id":"https:\/\/dicodusport.fr\/blog\/apres-lor-olympique-pauline-ferrand-prevot-veut-remporter-le-tour-de-france\/"},"author":{"name":"Nicolas Jacquemard","@id":"https:\/\/dicodusport.fr\/blog\/#\/schema\/person\/55dcb50ad410894e431ed812bbb70191"},"headline":"Apr\u00e8s l&rsquo;or olympique, Pauline Ferrand-Pr\u00e9vot veut remporter le Tour de France Femmes","datePublished":"2024-07-29T07:59:54+00:00","dateModified":"2024-07-29T07:59:58+00:00","mainEntityOfPage":{"@id":"https:\/\/dicodusport.fr\/blog\/apres-lor-olympique-pauline-ferrand-prevot-veut-remporter-le-tour-de-france\/"},"wordCount":315,"commentCount":0,"publisher":{"@id":"https:\/\/dicodusport.fr\/blog\/#organization"},"image":{"@id":"https:\/\/dicodusport.fr\/blog\/apres-lor-olympique-pauline-ferrand-prevot-veut-remporter-le-tour-de-france\/#primaryimage"},"thumbnailUrl":"https:\/\/dicodusport.fr\/blog\/wp-content\/uploads\/2024\/07\/Apres-lor-olympique-Pauline-Ferrand-Prevot-veut-remporter-le-Tour-de-France.png","keywords":["actu","br\u00e8ve","Pauline Ferrand-Pr\u00e9vot","PFP"],"articleSection":["Cyclisme sur route"],"inLanguage":"fr-FR","potentialAction":[{"@type":"CommentAction","name":"Comment","target":["https:\/\/dicodusport.fr\/blog\/apres-lor-olympique-pauline-ferrand-prevot-veut-remporter-le-tour-de-france\/#respond"]}],"copyrightYear":"2024","copyrightHolder":{"@id":"https:\/\/dicodusport.fr\/blog\/#organization"}},{"@type":"WebPage","@id":"https:\/\/dicodusport.fr\/blog\/apres-lor-olympique-pauline-ferrand-prevot-veut-remporter-le-tour-de-france\/","url":"https:\/\/dicodusport.fr\/blog\/apres-lor-olympique-pauline-ferrand-prevot-veut-remporter-le-tour-de-france\/","name":"Apr\u00e8s l'or olympique, Pauline Ferrand-Pr\u00e9vot veut remporter le Tour de France Femmes","isPartOf":{"@id":"https:\/\/dicodusport.fr\/blog\/#website"},"primaryImageOfPage":{"@id":"https:\/\/dicodusport.fr\/blog\/apres-lor-olympique-pauline-ferrand-prevot-veut-remporter-le-tour-de-france\/#primaryimage"},"image":{"@id":"https:\/\/dicodusport.fr\/blog\/apres-lor-olympique-pauline-ferrand-prevot-veut-remporter-le-tour-de-france\/#primaryimage"},"thumbnailUrl":"https:\/\/dicodusport.fr\/blog\/wp-content\/uploads\/2024\/07\/Apres-lor-olympique-Pauline-Ferrand-Prevot-veut-remporter-le-Tour-de-France.png","datePublished":"2024-07-29T07:59:54+00:00","dateModified":"2024-07-29T07:59:58+00:00","description":"CYCLISME SUR ROUTE 2025 - Tout juste championne olympique de VTT XCO, Pauline Ferrand-Pr\u00e9vot a confirm\u00e9 son retour sur la route avec comme ambition le Tour de France.\u00a0","breadcrumb":{"@id":"https:\/\/dicodusport.fr\/blog\/apres-lor-olympique-pauline-ferrand-prevot-veut-remporter-le-tour-de-france\/#breadcrumb"},"inLanguage":"fr-FR","potentialAction":[{"@type":"ReadAction","target":["https:\/\/dicodusport.fr\/blog\/apres-lor-olympique-pauline-ferrand-prevot-veut-remporter-le-tour-de-france\/"]}]},{"@type":"ImageObject","inLanguage":"fr-FR","@id":"https:\/\/dicodusport.fr\/blog\/apres-lor-olympique-pauline-ferrand-prevot-veut-remporter-le-tour-de-france\/#primaryimage","url":"https:\/\/dicodusport.fr\/blog\/wp-content\/uploads\/2024\/07\/Apres-lor-olympique-Pauline-Ferrand-Prevot-veut-remporter-le-Tour-de-France.png","contentUrl":"https:\/\/dicodusport.fr\/blog\/wp-content\/uploads\/2024\/07\/Apres-lor-olympique-Pauline-Ferrand-Prevot-veut-remporter-le-Tour-de-France.png","width":1200,"height":674},{"@type":"BreadcrumbList","@id":"https:\/\/dicodusport.fr\/blog\/apres-lor-olympique-pauline-ferrand-prevot-veut-remporter-le-tour-de-france\/#breadcrumb","itemListElement":[{"@type":"ListItem","position":1,"name":"Accueil","item":"https:\/\/dicodusport.fr\/blog\/"},{"@type":"ListItem","position":2,"name":"Apr\u00e8s l&#8217;or olympique, Pauline Ferrand-Pr\u00e9vot veut remporter le Tour de France Femmes"}]},{"@type":"WebSite","@id":"https:\/\/dicodusport.fr\/blog\/#website","url":"https:\/\/dicodusport.fr\/blog\/","name":"Dicodusport","description":"L&#039;encyclop\u00e9die de l&#039;actualit\u00e9 sportive","publisher":{"@id":"https:\/\/dicodusport.fr\/blog\/#organization"},"potentialAction":[{"@type":"SearchAction","target":{"@type":"EntryPoint","urlTemplate":"https:\/\/dicodusport.fr\/blog\/?s={search_term_string}"},"query-input":{"@type":"PropertyValueSpecification","valueRequired":true,"valueName":"search_term_string"}}],"inLanguage":"fr-FR"},{"@type":"NewsMediaOrganization","@id":"https:\/\/dicodusport.fr\/blog\/#organization","name":"Dicodusport","url":"https:\/\/dicodusport.fr\/blog\/","logo":{"@type":"ImageObject","inLanguage":"fr-FR","@id":"https:\/\/dicodusport.fr\/blog\/#\/schema\/logo\/image\/","url":"https:\/\/dicodusport.fr\/blog\/wp-content\/uploads\/2020\/06\/cropped-LOGO-DICODUSPORT-2020-SANS-FOND-SANS-TEXTE.png","contentUrl":"https:\/\/dicodusport.fr\/blog\/wp-content\/uploads\/2020\/06\/cropped-LOGO-DICODUSPORT-2020-SANS-FOND-SANS-TEXTE.png","width":512,"height":512,"caption":"Dicodusport"},"image":{"@id":"https:\/\/dicodusport.fr\/blog\/#\/schema\/logo\/image\/"},"sameAs":["https:\/\/www.facebook.com\/dicodusport","https:\/\/x.com\/dicodusport","https:\/\/www.instagram.com\/dicodusport\/","https:\/\/www.youtube.com\/channel\/UC7V2KZ5sd3htJivAbA4ZG3w"],"description":"Dicodusport est l'encyclop\u00e9die de l'actualit\u00e9 sportive.","email":"bonjour@dicodusport.fr","legalName":"DICODUSPORT","foundingDate":"2018-01-14","vatID":"FR71834470973","taxID":"83447097300043","numberOfEmployees":{"@type":"QuantitativeValue","minValue":"1","maxValue":"10"}},{"@type":"Person","@id":"https:\/\/dicodusport.fr\/blog\/#\/schema\/person\/55dcb50ad410894e431ed812bbb70191","name":"Nicolas Jacquemard","image":{"@type":"ImageObject","inLanguage":"fr-FR","@id":"https:\/\/dicodusport.fr\/blog\/#\/schema\/person\/image\/","url":"https:\/\/dicodusport.fr\/blog\/wp-content\/uploads\/2021\/05\/Nicolas-Jacquemard-150x150.jpeg","contentUrl":"https:\/\/dicodusport.fr\/blog\/wp-content\/uploads\/2021\/05\/Nicolas-Jacquemard-150x150.jpeg","caption":"Nicolas Jacquemard"},"description":"Passionn\u00e9 de sport et entrepreneur depuis mes 18 ans, la cr\u00e9ation de Dicodusport m'a sembl\u00e9 \u00e9vidente pour participer \u00e0 la m\u00e9diatisation d'un plus grand nombre de sports. Le chemin est long mais avec une \u00e9quipe des plus motiv\u00e9es et les Jeux Olympiques de Paris 2024 en point de mire, nous y arriverons ! Journaliste dans le monde du sport depuis plus de 5 ans, je traite aussi bien de football, de rugby, de biathlon que de cyclisme.","sameAs":["https:\/\/www.facebook.com\/dicodusport","https:\/\/x.com\/https:\/\/twitter.com\/Nico_Jacquemard"],"url":"https:\/\/dicodusport.fr\/blog\/author\/dicodusport\/"}]}},"_links":{"self":[{"href":"https:\/\/dicodusport.fr\/blog\/wp-json\/wp\/v2\/posts\/504914","targetHints":{"allow":["GET"]}}],"collection":[{"href":"https:\/\/dicodusport.fr\/blog\/wp-json\/wp\/v2\/posts"}],"about":[{"href":"https:\/\/dicodusport.fr\/blog\/wp-json\/wp\/v2\/types\/post"}],"author":[{"embeddable":true,"href":"https:\/\/dicodusport.fr\/blog\/wp-json\/wp\/v2\/users\/1"}],"replies":[{"embeddable":true,"href":"https:\/\/dicodusport.fr\/blog\/wp-json\/wp\/v2\/comments?post=504914"}],"version-history":[{"count":2,"href":"https:\/\/dicodusport.fr\/blog\/wp-json\/wp\/v2\/posts\/504914\/revisions"}],"predecessor-version":[{"id":504926,"href":"https:\/\/dicodusport.fr\/blog\/wp-json\/wp\/v2\/posts\/504914\/revisions\/504926"}],"wp:featuredmedia":[{"embeddable":true,"href":"https:\/\/dicodusport.fr\/blog\/wp-json\/wp\/v2\/media\/504923"}],"wp:attachment":[{"href":"https:\/\/dicodusport.fr\/blog\/wp-json\/wp\/v2\/media?parent=504914"}],"wp:term":[{"taxonomy":"category","embeddable":true,"href":"https:\/\/dicodusport.fr\/blog\/wp-json\/wp\/v2\/categories?post=504914"},{"taxonomy":"post_tag","embeddable":true,"href":"https:\/\/dicodusport.fr\/blog\/wp-json\/wp\/v2\/tags?post=504914"}],"curies":[{"name":"wp","href":"https:\/\/api.w.org\/{rel}","templated":true}]}}