{"id":50637,"date":"2019-10-04T21:12:23","date_gmt":"2019-10-04T19:12:23","guid":{"rendered":"http:\/\/dicodusport.fr\/blog\/?p=50637"},"modified":"2019-10-04T21:16:08","modified_gmt":"2019-10-04T19:16:08","slug":"championnats-du-monde-dathletisme-rendez-vous-a-tokyo-pour-melina-robert-michon","status":"publish","type":"post","link":"https:\/\/dicodusport.fr\/blog\/championnats-du-monde-dathletisme-rendez-vous-a-tokyo-pour-melina-robert-michon\/","title":{"rendered":"Championnats du monde d&rsquo;athl\u00e9tisme : Rendez-vous \u00e0 Tokyo pour M\u00e9lina Robert-Michon"},"content":{"rendered":"<p style=\"text-align: justify;\"><strong><em><a href=\"https:\/\/dicodusport.fr\/blog\/athletisme-championnats-du-monde-2019-presentation-calendrier-et-resultats\/\">Mondiaux d&rsquo;athl\u00e9tisme<\/a> &#8211; Malgr\u00e9 une bonne phase qualificative, M\u00e9lina Robert-Michon n&rsquo;a pu entrer pleinement dans sa finale du lancer de disque. Mais ne lui parlez pas d&rsquo;\u00e2ge, la lanceuse tricolore a d\u00e9j\u00e0 pris rendez-vous pour Tokyo 2020. Et nous aussi.<\/em><\/strong><\/p>\n<p style=\"text-align: justify;\">Un premier jet non comptabilis\u00e9, un second un peu timide et un troisi\u00e8me encore trop court, M\u00e9lina Robert-Michon n&rsquo;a pu entrer dans les huit premi\u00e8res places et obtenir trois chances suppl\u00e9mentaires. Elle termine 10\u00e8me, s\u00fbrement loin de ce qu&rsquo;elle visait. Mais apr\u00e8s seulement un an d&rsquo;entra\u00eenement, une finale mondiale donne confiance pour l&rsquo;avenir.<\/p>\n<p style=\"text-align: justify;\">En m\u00eame temps, la Cubaine Yaim\u00e9 P\u00e9rez T\u00e9llez a mis tout le monde d&rsquo;accord d\u00e8s son premier lancer. Avec un jet \u00e0 68,10m, la finale du disque \u00e9tait bien lanc\u00e9e et quelque part (presque) d\u00e9j\u00e0 termin\u00e9e. Sa compatriote Denia Caballero a bien aper\u00e7u l&rsquo;or apr\u00e8s un quatri\u00e8me jet \u00e0 68,44m mais dans la foul\u00e9e, Yaim\u00e9 P\u00e9rez lan\u00e7ait \u00e0 69,17m &#8230; imbattable ce soir. Le podium se compose donc de ces deux athl\u00e8tes, la Croate Sandra Perkovic r\u00e9cup\u00e8re le bronze.<\/p>\n<p style=\"text-align: justify;\"><em><strong>Sophie Clapier<\/strong><br \/>\n<\/em><a href=\"https:\/\/twitter.com\/soocube\" target=\"_blank\" rel=\"noopener noreferrer\"><img loading=\"lazy\" decoding=\"async\" class=\"alignnone wp-image-2908\" src=\"http:\/\/dicodusport.fr\/blog\/wp-content\/uploads\/2017\/07\/logo-twitter-150x150.png\" alt=\"\" width=\"39\" height=\"39\" \/><\/a><a href=\"https:\/\/www.facebook.com\/soocube\" target=\"_blank\" rel=\"noopener noreferrer\"><img loading=\"lazy\" decoding=\"async\" class=\"alignnone wp-image-2909\" src=\"http:\/\/dicodusport.fr\/blog\/wp-content\/uploads\/2017\/07\/logo-facebook-150x150.png\" alt=\"\" width=\"40\" height=\"40\" \/><\/a><\/p>\n","protected":false},"excerpt":{"rendered":"<p>Pas de podium pour M\u00e9lina Robert-Michon, mais pas mal de confiance engrang\u00e9e pour les Jeux de Tokyo 2020. Retour sur la finale du disque.<\/p>\n","protected":false},"author":18,"featured_media":50636,"comment_status":"open","ping_status":"closed","sticky":false,"template":"","format":"standard","meta":{"_acf_changed":false,"_daextam_enable_autolinks":"","footnotes":""},"categories":[46997],"tags":[5716,5506,8593],"class_list":["post-50637","post","type-post","status-publish","format-standard","has-post-thumbnail","hentry","category-championnats-du-monde-athletisme","tag-lancer-du-disque","tag-melina-robert-michon","tag-mondiaux-dathletisme"],"acf":[],"yoast_head":"<!-- This site is optimized with the Yoast SEO Premium plugin v26.7 (Yoast SEO v26.7) - https:\/\/yoast.com\/wordpress\/plugins\/seo\/ -->\n<title>Championnats du monde d&#039;athl\u00e9tisme : Rendez-vous \u00e0 Tokyo pour M\u00e9lina Robert-Michon<\/title>\n<meta name=\"description\" content=\"Pas de podium pour M\u00e9lina Robert-Michon, mais pas mal de confiance engrang\u00e9e pour les Jeux de Tokyo 2020. Retour sur la finale du disque.\" \/>\n<meta name=\"robots\" content=\"index, follow, max-snippet:-1, max-image-preview:large, max-video-preview:-1\" \/>\n<link rel=\"canonical\" href=\"https:\/\/dicodusport.fr\/blog\/championnats-du-monde-dathletisme-rendez-vous-a-tokyo-pour-melina-robert-michon\/\" \/>\n<meta property=\"og:locale\" content=\"fr_FR\" \/>\n<meta property=\"og:type\" content=\"article\" \/>\n<meta property=\"og:title\" content=\"Mondiaux d&#039;athl\u00e9tisme : M\u00e9lina Robert-Michon 10\u00e8me au lancer du disque\" \/>\n<meta property=\"og:description\" content=\"Pas de podium pour M\u00e9lina Robert-Michon, mais pas mal de confiance engrang\u00e9e pour les Jeux de Tokyo 2020. Retour sur la finale du disque.\" \/>\n<meta property=\"og:url\" content=\"https:\/\/dicodusport.fr\/blog\/championnats-du-monde-dathletisme-rendez-vous-a-tokyo-pour-melina-robert-michon\/\" \/>\n<meta property=\"og:site_name\" content=\"Dicodusport\" \/>\n<meta property=\"article:publisher\" content=\"https:\/\/www.facebook.com\/dicodusport\" \/>\n<meta property=\"article:author\" content=\"https:\/\/www.facebook.com\/soocube\" \/>\n<meta property=\"article:published_time\" content=\"2019-10-04T19:12:23+00:00\" \/>\n<meta property=\"article:modified_time\" content=\"2019-10-04T19:16:08+00:00\" \/>\n<meta property=\"og:image\" content=\"https:\/\/dicodusport.fr\/blog\/wp-content\/uploads\/2019\/10\/M\u00e9lina-Robert-Michon-Disque-Championnats-du-monde-dathl\u00e9tisme-2019.png\" \/>\n\t<meta property=\"og:image:width\" content=\"800\" \/>\n\t<meta property=\"og:image:height\" content=\"445\" \/>\n\t<meta property=\"og:image:type\" content=\"image\/png\" \/>\n<meta name=\"author\" content=\"Sophie Clapier\" \/>\n<meta name=\"twitter:card\" content=\"summary_large_image\" \/>\n<meta name=\"twitter:title\" content=\"Mondiaux d&#039;athl\u00e9tisme : M\u00e9lina Robert-Michon 10\u00e8me au lancer du disque\" \/>\n<meta name=\"twitter:creator\" content=\"@https:\/\/twitter.com\/soocube\" \/>\n<meta name=\"twitter:site\" content=\"@dicodusport\" \/>\n<script type=\"application\/ld+json\" class=\"yoast-schema-graph\">{\"@context\":\"https:\/\/schema.org\",\"@graph\":[{\"@type\":\"NewsArticle\",\"@id\":\"https:\/\/dicodusport.fr\/blog\/championnats-du-monde-dathletisme-rendez-vous-a-tokyo-pour-melina-robert-michon\/#article\",\"isPartOf\":{\"@id\":\"https:\/\/dicodusport.fr\/blog\/championnats-du-monde-dathletisme-rendez-vous-a-tokyo-pour-melina-robert-michon\/\"},\"author\":{\"name\":\"Sophie Clapier\",\"@id\":\"https:\/\/dicodusport.fr\/blog\/#\/schema\/person\/416c975648aca9da8839bdfe333a21c9\"},\"headline\":\"Championnats du monde d&rsquo;athl\u00e9tisme : Rendez-vous \u00e0 Tokyo pour M\u00e9lina Robert-Michon\",\"datePublished\":\"2019-10-04T19:12:23+00:00\",\"dateModified\":\"2019-10-04T19:16:08+00:00\",\"mainEntityOfPage\":{\"@id\":\"https:\/\/dicodusport.fr\/blog\/championnats-du-monde-dathletisme-rendez-vous-a-tokyo-pour-melina-robert-michon\/\"},\"wordCount\":216,\"commentCount\":0,\"publisher\":{\"@id\":\"https:\/\/dicodusport.fr\/blog\/#organization\"},\"image\":{\"@id\":\"https:\/\/dicodusport.fr\/blog\/championnats-du-monde-dathletisme-rendez-vous-a-tokyo-pour-melina-robert-michon\/#primaryimage\"},\"thumbnailUrl\":\"https:\/\/dicodusport.fr\/blog\/wp-content\/uploads\/2019\/10\/M\u00e9lina-Robert-Michon-Disque-Championnats-du-monde-dathl\u00e9tisme-2019.png\",\"keywords\":[\"lancer du disque\",\"M\u00e9lina Robert-Michon\",\"Mondiaux d'athl\u00e9tisme\"],\"articleSection\":[\"Championnats du monde d'athl\u00e9tisme\"],\"inLanguage\":\"fr-FR\",\"potentialAction\":[{\"@type\":\"CommentAction\",\"name\":\"Comment\",\"target\":[\"https:\/\/dicodusport.fr\/blog\/championnats-du-monde-dathletisme-rendez-vous-a-tokyo-pour-melina-robert-michon\/#respond\"]}],\"copyrightYear\":\"2019\",\"copyrightHolder\":{\"@id\":\"https:\/\/dicodusport.fr\/blog\/#organization\"}},{\"@type\":\"WebPage\",\"@id\":\"https:\/\/dicodusport.fr\/blog\/championnats-du-monde-dathletisme-rendez-vous-a-tokyo-pour-melina-robert-michon\/\",\"url\":\"https:\/\/dicodusport.fr\/blog\/championnats-du-monde-dathletisme-rendez-vous-a-tokyo-pour-melina-robert-michon\/\",\"name\":\"Championnats du monde d'athl\u00e9tisme : Rendez-vous \u00e0 Tokyo pour M\u00e9lina Robert-Michon\",\"isPartOf\":{\"@id\":\"https:\/\/dicodusport.fr\/blog\/#website\"},\"primaryImageOfPage\":{\"@id\":\"https:\/\/dicodusport.fr\/blog\/championnats-du-monde-dathletisme-rendez-vous-a-tokyo-pour-melina-robert-michon\/#primaryimage\"},\"image\":{\"@id\":\"https:\/\/dicodusport.fr\/blog\/championnats-du-monde-dathletisme-rendez-vous-a-tokyo-pour-melina-robert-michon\/#primaryimage\"},\"thumbnailUrl\":\"https:\/\/dicodusport.fr\/blog\/wp-content\/uploads\/2019\/10\/M\u00e9lina-Robert-Michon-Disque-Championnats-du-monde-dathl\u00e9tisme-2019.png\",\"datePublished\":\"2019-10-04T19:12:23+00:00\",\"dateModified\":\"2019-10-04T19:16:08+00:00\",\"description\":\"Pas de podium pour M\u00e9lina Robert-Michon, mais pas mal de confiance engrang\u00e9e pour les Jeux de Tokyo 2020. Retour sur la finale du disque.\",\"breadcrumb\":{\"@id\":\"https:\/\/dicodusport.fr\/blog\/championnats-du-monde-dathletisme-rendez-vous-a-tokyo-pour-melina-robert-michon\/#breadcrumb\"},\"inLanguage\":\"fr-FR\",\"potentialAction\":[{\"@type\":\"ReadAction\",\"target\":[\"https:\/\/dicodusport.fr\/blog\/championnats-du-monde-dathletisme-rendez-vous-a-tokyo-pour-melina-robert-michon\/\"]}]},{\"@type\":\"ImageObject\",\"inLanguage\":\"fr-FR\",\"@id\":\"https:\/\/dicodusport.fr\/blog\/championnats-du-monde-dathletisme-rendez-vous-a-tokyo-pour-melina-robert-michon\/#primaryimage\",\"url\":\"https:\/\/dicodusport.fr\/blog\/wp-content\/uploads\/2019\/10\/M\u00e9lina-Robert-Michon-Disque-Championnats-du-monde-dathl\u00e9tisme-2019.png\",\"contentUrl\":\"https:\/\/dicodusport.fr\/blog\/wp-content\/uploads\/2019\/10\/M\u00e9lina-Robert-Michon-Disque-Championnats-du-monde-dathl\u00e9tisme-2019.png\",\"width\":800,\"height\":445,\"caption\":\"Athl\u00e9tisme - Jeux Olympiques de Tokyo : la s\u00e9lection fran\u00e7aise\"},{\"@type\":\"BreadcrumbList\",\"@id\":\"https:\/\/dicodusport.fr\/blog\/championnats-du-monde-dathletisme-rendez-vous-a-tokyo-pour-melina-robert-michon\/#breadcrumb\",\"itemListElement\":[{\"@type\":\"ListItem\",\"position\":1,\"name\":\"Accueil\",\"item\":\"https:\/\/dicodusport.fr\/blog\/\"},{\"@type\":\"ListItem\",\"position\":2,\"name\":\"Championnats du monde d&rsquo;athl\u00e9tisme : Rendez-vous \u00e0 Tokyo pour M\u00e9lina Robert-Michon\"}]},{\"@type\":\"WebSite\",\"@id\":\"https:\/\/dicodusport.fr\/blog\/#website\",\"url\":\"https:\/\/dicodusport.fr\/blog\/\",\"name\":\"Dicodusport\",\"description\":\"L&#039;encyclop\u00e9die de l&#039;actualit\u00e9 sportive\",\"publisher\":{\"@id\":\"https:\/\/dicodusport.fr\/blog\/#organization\"},\"potentialAction\":[{\"@type\":\"SearchAction\",\"target\":{\"@type\":\"EntryPoint\",\"urlTemplate\":\"https:\/\/dicodusport.fr\/blog\/?s={search_term_string}\"},\"query-input\":{\"@type\":\"PropertyValueSpecification\",\"valueRequired\":true,\"valueName\":\"search_term_string\"}}],\"inLanguage\":\"fr-FR\"},{\"@type\":\"NewsMediaOrganization\",\"@id\":\"https:\/\/dicodusport.fr\/blog\/#organization\",\"name\":\"Dicodusport\",\"url\":\"https:\/\/dicodusport.fr\/blog\/\",\"logo\":{\"@type\":\"ImageObject\",\"inLanguage\":\"fr-FR\",\"@id\":\"https:\/\/dicodusport.fr\/blog\/#\/schema\/logo\/image\/\",\"url\":\"https:\/\/dicodusport.fr\/blog\/wp-content\/uploads\/2020\/06\/cropped-LOGO-DICODUSPORT-2020-SANS-FOND-SANS-TEXTE.png\",\"contentUrl\":\"https:\/\/dicodusport.fr\/blog\/wp-content\/uploads\/2020\/06\/cropped-LOGO-DICODUSPORT-2020-SANS-FOND-SANS-TEXTE.png\",\"width\":512,\"height\":512,\"caption\":\"Dicodusport\"},\"image\":{\"@id\":\"https:\/\/dicodusport.fr\/blog\/#\/schema\/logo\/image\/\"},\"sameAs\":[\"https:\/\/www.facebook.com\/dicodusport\",\"https:\/\/x.com\/dicodusport\",\"https:\/\/www.instagram.com\/dicodusport\/\",\"https:\/\/www.youtube.com\/channel\/UC7V2KZ5sd3htJivAbA4ZG3w\"],\"description\":\"Dicodusport est l'encyclop\u00e9die de l'actualit\u00e9 sportive.\",\"email\":\"bonjour@dicodusport.fr\",\"legalName\":\"DICODUSPORT\",\"foundingDate\":\"2018-01-14\",\"vatID\":\"FR71834470973\",\"taxID\":\"83447097300043\",\"numberOfEmployees\":{\"@type\":\"QuantitativeValue\",\"minValue\":\"1\",\"maxValue\":\"10\"}},{\"@type\":\"Person\",\"@id\":\"https:\/\/dicodusport.fr\/blog\/#\/schema\/person\/416c975648aca9da8839bdfe333a21c9\",\"name\":\"Sophie Clapier\",\"image\":{\"@type\":\"ImageObject\",\"inLanguage\":\"fr-FR\",\"@id\":\"https:\/\/dicodusport.fr\/blog\/#\/schema\/person\/image\/\",\"url\":\"https:\/\/dicodusport.fr\/blog\/wp-content\/uploads\/2021\/05\/Sophie-Clapier-150x150.jpg\",\"contentUrl\":\"https:\/\/dicodusport.fr\/blog\/wp-content\/uploads\/2021\/05\/Sophie-Clapier-150x150.jpg\",\"caption\":\"Sophie Clapier\"},\"description\":\"Journaliste\/r\u00e9dactrice depuis janvier 2016 - Passionn\u00e9e de sport depuis toujours, j\u2019en ai pratiqu\u00e9 quelques-uns. Judo, football, handball ou encore tennis, je n\u2019ai jamais pu me mettre d\u2019accord sur un en particulier. Mais \u00e7a, c\u2019\u00e9tait avant de d\u00e9couvrir le basket, devenu mon sport de pr\u00e9dilection. Les actions NBA, le All-Star Week-end, la fureur des Game 7 pendant les playoffs ou mieux, lors des Finals, this is why we play. Team Spurs T.P, je m\u2019accroche encore \u00e0 Gregg Popovich (don\u2019t leave !). Team chef Curry, je souhaite qu\u2019il finisse aux Warriors (staaaay !). Non, il n\u2019y a pas qu\u2019eux, des petits nouveaux -et des petites nouvelles \u00e9videmment- arrivent chaque jour dans toutes les disciplines et cr\u00e9ent de nouveaux exploits. Alors pour les grands \u00e9v\u00e9nements et comp\u00e9titions internationales, vive les pulsations 240\/minutes et le d\u00e9fibrillateur pas loin, et allez les Bleu(e)s ! C\u2019est s\u00fbr, j\u2019aurai plus vu ma vie sur un terrain de sport, mais \u00e0 d\u00e9faut d\u2019en faire en haut niveau, je le partage avec vous.\",\"sameAs\":[\"https:\/\/www.facebook.com\/soocube\",\"https:\/\/x.com\/https:\/\/twitter.com\/soocube\",\"admin\"],\"url\":\"https:\/\/dicodusport.fr\/blog\/author\/sophie\/\"}]}<\/script>\n<!-- \/ Yoast SEO Premium plugin. -->","yoast_head_json":{"title":"Championnats du monde d'athl\u00e9tisme : Rendez-vous \u00e0 Tokyo pour M\u00e9lina Robert-Michon","description":"Pas de podium pour M\u00e9lina Robert-Michon, mais pas mal de confiance engrang\u00e9e pour les Jeux de Tokyo 2020. Retour sur la finale du disque.","robots":{"index":"index","follow":"follow","max-snippet":"max-snippet:-1","max-image-preview":"max-image-preview:large","max-video-preview":"max-video-preview:-1"},"canonical":"https:\/\/dicodusport.fr\/blog\/championnats-du-monde-dathletisme-rendez-vous-a-tokyo-pour-melina-robert-michon\/","og_locale":"fr_FR","og_type":"article","og_title":"Mondiaux d'athl\u00e9tisme : M\u00e9lina Robert-Michon 10\u00e8me au lancer du disque","og_description":"Pas de podium pour M\u00e9lina Robert-Michon, mais pas mal de confiance engrang\u00e9e pour les Jeux de Tokyo 2020. Retour sur la finale du disque.","og_url":"https:\/\/dicodusport.fr\/blog\/championnats-du-monde-dathletisme-rendez-vous-a-tokyo-pour-melina-robert-michon\/","og_site_name":"Dicodusport","article_publisher":"https:\/\/www.facebook.com\/dicodusport","article_author":"https:\/\/www.facebook.com\/soocube","article_published_time":"2019-10-04T19:12:23+00:00","article_modified_time":"2019-10-04T19:16:08+00:00","og_image":[{"width":800,"height":445,"url":"https:\/\/dicodusport.fr\/blog\/wp-content\/uploads\/2019\/10\/M\u00e9lina-Robert-Michon-Disque-Championnats-du-monde-dathl\u00e9tisme-2019.png","type":"image\/png"}],"author":"Sophie Clapier","twitter_card":"summary_large_image","twitter_title":"Mondiaux d'athl\u00e9tisme : M\u00e9lina Robert-Michon 10\u00e8me au lancer du disque","twitter_creator":"@https:\/\/twitter.com\/soocube","twitter_site":"@dicodusport","schema":{"@context":"https:\/\/schema.org","@graph":[{"@type":"NewsArticle","@id":"https:\/\/dicodusport.fr\/blog\/championnats-du-monde-dathletisme-rendez-vous-a-tokyo-pour-melina-robert-michon\/#article","isPartOf":{"@id":"https:\/\/dicodusport.fr\/blog\/championnats-du-monde-dathletisme-rendez-vous-a-tokyo-pour-melina-robert-michon\/"},"author":{"name":"Sophie Clapier","@id":"https:\/\/dicodusport.fr\/blog\/#\/schema\/person\/416c975648aca9da8839bdfe333a21c9"},"headline":"Championnats du monde d&rsquo;athl\u00e9tisme : Rendez-vous \u00e0 Tokyo pour M\u00e9lina Robert-Michon","datePublished":"2019-10-04T19:12:23+00:00","dateModified":"2019-10-04T19:16:08+00:00","mainEntityOfPage":{"@id":"https:\/\/dicodusport.fr\/blog\/championnats-du-monde-dathletisme-rendez-vous-a-tokyo-pour-melina-robert-michon\/"},"wordCount":216,"commentCount":0,"publisher":{"@id":"https:\/\/dicodusport.fr\/blog\/#organization"},"image":{"@id":"https:\/\/dicodusport.fr\/blog\/championnats-du-monde-dathletisme-rendez-vous-a-tokyo-pour-melina-robert-michon\/#primaryimage"},"thumbnailUrl":"https:\/\/dicodusport.fr\/blog\/wp-content\/uploads\/2019\/10\/M\u00e9lina-Robert-Michon-Disque-Championnats-du-monde-dathl\u00e9tisme-2019.png","keywords":["lancer du disque","M\u00e9lina Robert-Michon","Mondiaux d'athl\u00e9tisme"],"articleSection":["Championnats du monde d'athl\u00e9tisme"],"inLanguage":"fr-FR","potentialAction":[{"@type":"CommentAction","name":"Comment","target":["https:\/\/dicodusport.fr\/blog\/championnats-du-monde-dathletisme-rendez-vous-a-tokyo-pour-melina-robert-michon\/#respond"]}],"copyrightYear":"2019","copyrightHolder":{"@id":"https:\/\/dicodusport.fr\/blog\/#organization"}},{"@type":"WebPage","@id":"https:\/\/dicodusport.fr\/blog\/championnats-du-monde-dathletisme-rendez-vous-a-tokyo-pour-melina-robert-michon\/","url":"https:\/\/dicodusport.fr\/blog\/championnats-du-monde-dathletisme-rendez-vous-a-tokyo-pour-melina-robert-michon\/","name":"Championnats du monde d'athl\u00e9tisme : Rendez-vous \u00e0 Tokyo pour M\u00e9lina Robert-Michon","isPartOf":{"@id":"https:\/\/dicodusport.fr\/blog\/#website"},"primaryImageOfPage":{"@id":"https:\/\/dicodusport.fr\/blog\/championnats-du-monde-dathletisme-rendez-vous-a-tokyo-pour-melina-robert-michon\/#primaryimage"},"image":{"@id":"https:\/\/dicodusport.fr\/blog\/championnats-du-monde-dathletisme-rendez-vous-a-tokyo-pour-melina-robert-michon\/#primaryimage"},"thumbnailUrl":"https:\/\/dicodusport.fr\/blog\/wp-content\/uploads\/2019\/10\/M\u00e9lina-Robert-Michon-Disque-Championnats-du-monde-dathl\u00e9tisme-2019.png","datePublished":"2019-10-04T19:12:23+00:00","dateModified":"2019-10-04T19:16:08+00:00","description":"Pas de podium pour M\u00e9lina Robert-Michon, mais pas mal de confiance engrang\u00e9e pour les Jeux de Tokyo 2020. Retour sur la finale du disque.","breadcrumb":{"@id":"https:\/\/dicodusport.fr\/blog\/championnats-du-monde-dathletisme-rendez-vous-a-tokyo-pour-melina-robert-michon\/#breadcrumb"},"inLanguage":"fr-FR","potentialAction":[{"@type":"ReadAction","target":["https:\/\/dicodusport.fr\/blog\/championnats-du-monde-dathletisme-rendez-vous-a-tokyo-pour-melina-robert-michon\/"]}]},{"@type":"ImageObject","inLanguage":"fr-FR","@id":"https:\/\/dicodusport.fr\/blog\/championnats-du-monde-dathletisme-rendez-vous-a-tokyo-pour-melina-robert-michon\/#primaryimage","url":"https:\/\/dicodusport.fr\/blog\/wp-content\/uploads\/2019\/10\/M\u00e9lina-Robert-Michon-Disque-Championnats-du-monde-dathl\u00e9tisme-2019.png","contentUrl":"https:\/\/dicodusport.fr\/blog\/wp-content\/uploads\/2019\/10\/M\u00e9lina-Robert-Michon-Disque-Championnats-du-monde-dathl\u00e9tisme-2019.png","width":800,"height":445,"caption":"Athl\u00e9tisme - Jeux Olympiques de Tokyo : la s\u00e9lection fran\u00e7aise"},{"@type":"BreadcrumbList","@id":"https:\/\/dicodusport.fr\/blog\/championnats-du-monde-dathletisme-rendez-vous-a-tokyo-pour-melina-robert-michon\/#breadcrumb","itemListElement":[{"@type":"ListItem","position":1,"name":"Accueil","item":"https:\/\/dicodusport.fr\/blog\/"},{"@type":"ListItem","position":2,"name":"Championnats du monde d&rsquo;athl\u00e9tisme : Rendez-vous \u00e0 Tokyo pour M\u00e9lina Robert-Michon"}]},{"@type":"WebSite","@id":"https:\/\/dicodusport.fr\/blog\/#website","url":"https:\/\/dicodusport.fr\/blog\/","name":"Dicodusport","description":"L&#039;encyclop\u00e9die de l&#039;actualit\u00e9 sportive","publisher":{"@id":"https:\/\/dicodusport.fr\/blog\/#organization"},"potentialAction":[{"@type":"SearchAction","target":{"@type":"EntryPoint","urlTemplate":"https:\/\/dicodusport.fr\/blog\/?s={search_term_string}"},"query-input":{"@type":"PropertyValueSpecification","valueRequired":true,"valueName":"search_term_string"}}],"inLanguage":"fr-FR"},{"@type":"NewsMediaOrganization","@id":"https:\/\/dicodusport.fr\/blog\/#organization","name":"Dicodusport","url":"https:\/\/dicodusport.fr\/blog\/","logo":{"@type":"ImageObject","inLanguage":"fr-FR","@id":"https:\/\/dicodusport.fr\/blog\/#\/schema\/logo\/image\/","url":"https:\/\/dicodusport.fr\/blog\/wp-content\/uploads\/2020\/06\/cropped-LOGO-DICODUSPORT-2020-SANS-FOND-SANS-TEXTE.png","contentUrl":"https:\/\/dicodusport.fr\/blog\/wp-content\/uploads\/2020\/06\/cropped-LOGO-DICODUSPORT-2020-SANS-FOND-SANS-TEXTE.png","width":512,"height":512,"caption":"Dicodusport"},"image":{"@id":"https:\/\/dicodusport.fr\/blog\/#\/schema\/logo\/image\/"},"sameAs":["https:\/\/www.facebook.com\/dicodusport","https:\/\/x.com\/dicodusport","https:\/\/www.instagram.com\/dicodusport\/","https:\/\/www.youtube.com\/channel\/UC7V2KZ5sd3htJivAbA4ZG3w"],"description":"Dicodusport est l'encyclop\u00e9die de l'actualit\u00e9 sportive.","email":"bonjour@dicodusport.fr","legalName":"DICODUSPORT","foundingDate":"2018-01-14","vatID":"FR71834470973","taxID":"83447097300043","numberOfEmployees":{"@type":"QuantitativeValue","minValue":"1","maxValue":"10"}},{"@type":"Person","@id":"https:\/\/dicodusport.fr\/blog\/#\/schema\/person\/416c975648aca9da8839bdfe333a21c9","name":"Sophie Clapier","image":{"@type":"ImageObject","inLanguage":"fr-FR","@id":"https:\/\/dicodusport.fr\/blog\/#\/schema\/person\/image\/","url":"https:\/\/dicodusport.fr\/blog\/wp-content\/uploads\/2021\/05\/Sophie-Clapier-150x150.jpg","contentUrl":"https:\/\/dicodusport.fr\/blog\/wp-content\/uploads\/2021\/05\/Sophie-Clapier-150x150.jpg","caption":"Sophie Clapier"},"description":"Journaliste\/r\u00e9dactrice depuis janvier 2016 - Passionn\u00e9e de sport depuis toujours, j\u2019en ai pratiqu\u00e9 quelques-uns. Judo, football, handball ou encore tennis, je n\u2019ai jamais pu me mettre d\u2019accord sur un en particulier. Mais \u00e7a, c\u2019\u00e9tait avant de d\u00e9couvrir le basket, devenu mon sport de pr\u00e9dilection. Les actions NBA, le All-Star Week-end, la fureur des Game 7 pendant les playoffs ou mieux, lors des Finals, this is why we play. Team Spurs T.P, je m\u2019accroche encore \u00e0 Gregg Popovich (don\u2019t leave !). Team chef Curry, je souhaite qu\u2019il finisse aux Warriors (staaaay !). Non, il n\u2019y a pas qu\u2019eux, des petits nouveaux -et des petites nouvelles \u00e9videmment- arrivent chaque jour dans toutes les disciplines et cr\u00e9ent de nouveaux exploits. Alors pour les grands \u00e9v\u00e9nements et comp\u00e9titions internationales, vive les pulsations 240\/minutes et le d\u00e9fibrillateur pas loin, et allez les Bleu(e)s ! C\u2019est s\u00fbr, j\u2019aurai plus vu ma vie sur un terrain de sport, mais \u00e0 d\u00e9faut d\u2019en faire en haut niveau, je le partage avec vous.","sameAs":["https:\/\/www.facebook.com\/soocube","https:\/\/x.com\/https:\/\/twitter.com\/soocube","admin"],"url":"https:\/\/dicodusport.fr\/blog\/author\/sophie\/"}]}},"_links":{"self":[{"href":"https:\/\/dicodusport.fr\/blog\/wp-json\/wp\/v2\/posts\/50637","targetHints":{"allow":["GET"]}}],"collection":[{"href":"https:\/\/dicodusport.fr\/blog\/wp-json\/wp\/v2\/posts"}],"about":[{"href":"https:\/\/dicodusport.fr\/blog\/wp-json\/wp\/v2\/types\/post"}],"author":[{"embeddable":true,"href":"https:\/\/dicodusport.fr\/blog\/wp-json\/wp\/v2\/users\/18"}],"replies":[{"embeddable":true,"href":"https:\/\/dicodusport.fr\/blog\/wp-json\/wp\/v2\/comments?post=50637"}],"version-history":[{"count":0,"href":"https:\/\/dicodusport.fr\/blog\/wp-json\/wp\/v2\/posts\/50637\/revisions"}],"wp:featuredmedia":[{"embeddable":true,"href":"https:\/\/dicodusport.fr\/blog\/wp-json\/wp\/v2\/media\/50636"}],"wp:attachment":[{"href":"https:\/\/dicodusport.fr\/blog\/wp-json\/wp\/v2\/media?parent=50637"}],"wp:term":[{"taxonomy":"category","embeddable":true,"href":"https:\/\/dicodusport.fr\/blog\/wp-json\/wp\/v2\/categories?post=50637"},{"taxonomy":"post_tag","embeddable":true,"href":"https:\/\/dicodusport.fr\/blog\/wp-json\/wp\/v2\/tags?post=50637"}],"curies":[{"name":"wp","href":"https:\/\/api.w.org\/{rel}","templated":true}]}}