{"id":50688,"date":"2019-10-05T15:16:54","date_gmt":"2019-10-05T13:16:54","guid":{"rendered":"http:\/\/dicodusport.fr\/blog\/?p=50688&#038;preview=true&#038;preview_id=50688"},"modified":"2019-10-07T07:55:03","modified_gmt":"2019-10-07T05:55:03","slug":"hugo-lloris-gravement-blesse-face-a-brighton","status":"publish","type":"post","link":"https:\/\/dicodusport.fr\/blog\/hugo-lloris-gravement-blesse-face-a-brighton\/","title":{"rendered":"Hugo Lloris gravement bless\u00e9 face \u00e0 Brighton"},"content":{"rendered":"<p style=\"text-align: justify;\"><em><strong>Tr\u00e8s mauvaise nouvelle pour Hugo Lloris, et pour les Bleus. Le portier de l&rsquo;\u00e9quipe de France s&rsquo;est gravement bless\u00e9 au coude ce samedi, \u00e0 Brighton. Le capitaine des champions du monde, vraisemblablement victime d&rsquo;une luxation du coude, est sorti sur civi\u00e8re.<br \/>\n<\/strong><\/em><\/p>\n<p style=\"text-align: justify;\">\u00c7a ne pouvait pas plus mal tomber. Le gardien des <strong>Spurs de Tottenham<\/strong>, <strong>Hugo Lloris<\/strong>, s&rsquo;est gravement bless\u00e9 au bras ce samedi, face \u00e0 <strong>Brighton<\/strong>. Une blessure qui a fait suite \u00e0 une sortie hasardeuse d\u00e8s la 3\u00e8me minute de jeu : le portier des <strong>Bleus<\/strong>, sur cette sortie, voyait <strong>Neal Maupay<\/strong> ouvrir le score, avant de retomber dans ses cages, sur son bras alors tendu. \u00c9vacu\u00e9 sur civi\u00e8re, l&rsquo;ancien Lyonnais a \u00e9galement \u00e9t\u00e9 plac\u00e9 sous oxyg\u00e8ne.<\/p>\n<blockquote class=\"twitter-tweet\">\n<p dir=\"ltr\" lang=\"fr\">Tr\u00e8s grave blessure pour Hugo Lloris il est tr\u00e8s mal retomb\u00e9 et les images sont vraiment terrible&#x1f631; j&rsquo;esp\u00e8re qu&rsquo;il reviendra fort pour Tottenham et pour l&rsquo;\u00e9quipe de France surtout&#x1f4aa;&#x1f64f;&#x1f64f; <a href=\"https:\/\/t.co\/145RtXpv0w\">pic.twitter.com\/145RtXpv0w<\/a><\/p>\n<p>\u2014 MALONE (@KARLMALONE86) <a href=\"https:\/\/twitter.com\/KARLMALONE86\/status\/1180449032428294145?ref_src=twsrc%5Etfw\">October 5, 2019<\/a><\/p><\/blockquote>\n<p><script async src=\"https:\/\/platform.twitter.com\/widgets.js\" charset=\"utf-8\"><\/script><\/p>\n<p style=\"text-align: justify;\">Les images de la blessure de <strong>Hugo Lloris<\/strong> font froid dans le dos et ont de quoi inqui\u00e9ter. Selon les m\u00e9dias britanniques, le gardien de l&rsquo;<strong>\u00e9quipe de France<\/strong> criait de douleur dans le tunnel vers les vestiaires du <strong>Falmer Stadium<\/strong>, obligeant l&rsquo;\u00e9quipe m\u00e9dicale \u00e0 lui administrer de la morphine. Quelques jours apr\u00e8s l&rsquo;humiliation face au <strong>Bayern Munich<\/strong> en <strong>Champions League<\/strong> \u00e0 domicile (2-7), c&rsquo;est une semaine cauchemardesque qui s&rsquo;ach\u00e8ve pour les <strong>Spurs<\/strong>, mais aussi pour <strong>Didier Deschamps<\/strong>.<\/p>\n<p style=\"text-align: justify;\">Car apr\u00e8s <strong>Paul Pogba<\/strong>, c&rsquo;est de son capitaine que le s\u00e9lectionneur va \u00eatre priv\u00e9, en plus de l&rsquo;incertitude concernant <strong>Kylian Mbapp\u00e9<\/strong>. Une bien mauvaise nouvelle avant de jouer l&rsquo;<strong>Islande<\/strong> et la <strong>Turquie<\/strong> pour deux matchs importantissimes dans la course \u00e0 la qualification pour l&rsquo;<strong>Euro 2020<\/strong>. Pour suppl\u00e9er le capitaine des Bleus, le Lillois <strong>Mike Maignan<\/strong> a \u00e9t\u00e9 appel\u00e9.<\/p>\n<p><strong><em>Dicodusport<br \/>\n<a href=\"https:\/\/www.facebook.com\/dicodusport\/\" target=\"_blank\" rel=\"noopener\"><img loading=\"lazy\" decoding=\"async\" class=\"alignnone wp-image-2909\" src=\"http:\/\/dicodusport.fr\/blog\/wp-content\/uploads\/2017\/07\/logo-facebook-150x150.png\" alt=\"\" width=\"40\" height=\"40\" \/><\/a><a href=\"https:\/\/twitter.com\/dicodusport\" target=\"_blank\" rel=\"noopener\"><img loading=\"lazy\" decoding=\"async\" class=\"alignnone wp-image-2908\" src=\"http:\/\/dicodusport.fr\/blog\/wp-content\/uploads\/2017\/07\/logo-twitter-150x150.png\" alt=\"\" width=\"39\" height=\"39\" \/><\/a><\/em><\/strong><\/p>\n<p>&nbsp;<\/p>\n","protected":false},"excerpt":{"rendered":"<p>Tr\u00e8s mauvaise nouvelle pour Hugo Lloris, et pour les Bleus. Le portier de l&rsquo;\u00e9quipe de France s&rsquo;est gravement bless\u00e9 au coude ce samedi, \u00e0 Brighton.<\/p>\n","protected":false},"author":4,"featured_media":50691,"comment_status":"open","ping_status":"closed","sticky":false,"template":"","format":"standard","meta":{"_acf_changed":false,"_daextam_enable_autolinks":"","footnotes":""},"categories":[2301],"tags":[4953,75,3534,50],"class_list":["post-50688","post","type-post","status-publish","format-standard","has-post-thumbnail","hentry","category-football","tag-brighton","tag-football","tag-hugo-lloris","tag-premier-league"],"acf":[],"yoast_head":"<!-- This site is optimized with the Yoast SEO Premium plugin v26.7 (Yoast SEO v26.7) - https:\/\/yoast.com\/wordpress\/plugins\/seo\/ -->\n<title>Hugo Lloris gravement bless\u00e9 face \u00e0 Brighton<\/title>\n<meta name=\"description\" content=\"Tr\u00e8s mauvaise nouvelle pour Hugo Lloris, et pour les Bleus. Le portier de l&#039;\u00e9quipe de France s&#039;est gravement bless\u00e9 au coude ce samedi, \u00e0 Brighton.\" \/>\n<meta name=\"robots\" content=\"index, follow, max-snippet:-1, max-image-preview:large, max-video-preview:-1\" \/>\n<link rel=\"canonical\" href=\"https:\/\/dicodusport.fr\/blog\/hugo-lloris-gravement-blesse-face-a-brighton\/\" \/>\n<meta property=\"og:locale\" content=\"fr_FR\" \/>\n<meta property=\"og:type\" content=\"article\" \/>\n<meta property=\"og:title\" content=\"Hugo Lloris gravement bless\u00e9 face \u00e0 Brighton\" \/>\n<meta property=\"og:description\" content=\"Tr\u00e8s mauvaise nouvelle pour Hugo Lloris, et pour les Bleus. Le portier de l&#039;\u00e9quipe de France s&#039;est gravement bless\u00e9 au coude ce samedi, \u00e0 Brighton.\" \/>\n<meta property=\"og:url\" content=\"https:\/\/dicodusport.fr\/blog\/hugo-lloris-gravement-blesse-face-a-brighton\/\" \/>\n<meta property=\"og:site_name\" content=\"Dicodusport\" \/>\n<meta property=\"article:publisher\" content=\"https:\/\/www.facebook.com\/dicodusport\" \/>\n<meta property=\"article:author\" content=\"https:\/\/www.facebook.com\/florent.ostermann\" \/>\n<meta property=\"article:published_time\" content=\"2019-10-05T13:16:54+00:00\" \/>\n<meta property=\"article:modified_time\" content=\"2019-10-07T05:55:03+00:00\" \/>\n<meta property=\"og:image\" content=\"https:\/\/dicodusport.fr\/blog\/wp-content\/uploads\/2019\/10\/Hugo-Lloris-gravement-bless\u00e9-face-\u00e0-Brighton.png\" \/>\n\t<meta property=\"og:image:width\" content=\"800\" \/>\n\t<meta property=\"og:image:height\" content=\"445\" \/>\n\t<meta property=\"og:image:type\" content=\"image\/png\" \/>\n<meta name=\"author\" content=\"Flo Ostermann\" \/>\n<meta name=\"twitter:card\" content=\"summary_large_image\" \/>\n<meta name=\"twitter:title\" content=\"Hugo Lloris gravement bless\u00e9 face \u00e0 Brighton\" \/>\n<meta name=\"twitter:creator\" content=\"@https:\/\/twitter.com\/FlOstermann\" \/>\n<meta name=\"twitter:site\" content=\"@dicodusport\" \/>\n<script type=\"application\/ld+json\" class=\"yoast-schema-graph\">{\"@context\":\"https:\/\/schema.org\",\"@graph\":[{\"@type\":\"NewsArticle\",\"@id\":\"https:\/\/dicodusport.fr\/blog\/hugo-lloris-gravement-blesse-face-a-brighton\/#article\",\"isPartOf\":{\"@id\":\"https:\/\/dicodusport.fr\/blog\/hugo-lloris-gravement-blesse-face-a-brighton\/\"},\"author\":{\"name\":\"Flo Ostermann\",\"@id\":\"https:\/\/dicodusport.fr\/blog\/#\/schema\/person\/cb02af4c173ce4a653b55e9baf388d4a\"},\"headline\":\"Hugo Lloris gravement bless\u00e9 face \u00e0 Brighton\",\"datePublished\":\"2019-10-05T13:16:54+00:00\",\"dateModified\":\"2019-10-07T05:55:03+00:00\",\"mainEntityOfPage\":{\"@id\":\"https:\/\/dicodusport.fr\/blog\/hugo-lloris-gravement-blesse-face-a-brighton\/\"},\"wordCount\":334,\"commentCount\":0,\"publisher\":{\"@id\":\"https:\/\/dicodusport.fr\/blog\/#organization\"},\"image\":{\"@id\":\"https:\/\/dicodusport.fr\/blog\/hugo-lloris-gravement-blesse-face-a-brighton\/#primaryimage\"},\"thumbnailUrl\":\"https:\/\/dicodusport.fr\/blog\/wp-content\/uploads\/2019\/10\/Hugo-Lloris-gravement-bless\u00e9-face-\u00e0-Brighton.png\",\"keywords\":[\"Brighton\",\"Football\",\"Hugo Lloris\",\"Premier League\"],\"articleSection\":[\"Football\"],\"inLanguage\":\"fr-FR\",\"potentialAction\":[{\"@type\":\"CommentAction\",\"name\":\"Comment\",\"target\":[\"https:\/\/dicodusport.fr\/blog\/hugo-lloris-gravement-blesse-face-a-brighton\/#respond\"]}],\"copyrightYear\":\"2019\",\"copyrightHolder\":{\"@id\":\"https:\/\/dicodusport.fr\/blog\/#organization\"}},{\"@type\":\"WebPage\",\"@id\":\"https:\/\/dicodusport.fr\/blog\/hugo-lloris-gravement-blesse-face-a-brighton\/\",\"url\":\"https:\/\/dicodusport.fr\/blog\/hugo-lloris-gravement-blesse-face-a-brighton\/\",\"name\":\"Hugo Lloris gravement bless\u00e9 face \u00e0 Brighton\",\"isPartOf\":{\"@id\":\"https:\/\/dicodusport.fr\/blog\/#website\"},\"primaryImageOfPage\":{\"@id\":\"https:\/\/dicodusport.fr\/blog\/hugo-lloris-gravement-blesse-face-a-brighton\/#primaryimage\"},\"image\":{\"@id\":\"https:\/\/dicodusport.fr\/blog\/hugo-lloris-gravement-blesse-face-a-brighton\/#primaryimage\"},\"thumbnailUrl\":\"https:\/\/dicodusport.fr\/blog\/wp-content\/uploads\/2019\/10\/Hugo-Lloris-gravement-bless\u00e9-face-\u00e0-Brighton.png\",\"datePublished\":\"2019-10-05T13:16:54+00:00\",\"dateModified\":\"2019-10-07T05:55:03+00:00\",\"description\":\"Tr\u00e8s mauvaise nouvelle pour Hugo Lloris, et pour les Bleus. Le portier de l'\u00e9quipe de France s'est gravement bless\u00e9 au coude ce samedi, \u00e0 Brighton.\",\"breadcrumb\":{\"@id\":\"https:\/\/dicodusport.fr\/blog\/hugo-lloris-gravement-blesse-face-a-brighton\/#breadcrumb\"},\"inLanguage\":\"fr-FR\",\"potentialAction\":[{\"@type\":\"ReadAction\",\"target\":[\"https:\/\/dicodusport.fr\/blog\/hugo-lloris-gravement-blesse-face-a-brighton\/\"]}]},{\"@type\":\"ImageObject\",\"inLanguage\":\"fr-FR\",\"@id\":\"https:\/\/dicodusport.fr\/blog\/hugo-lloris-gravement-blesse-face-a-brighton\/#primaryimage\",\"url\":\"https:\/\/dicodusport.fr\/blog\/wp-content\/uploads\/2019\/10\/Hugo-Lloris-gravement-bless\u00e9-face-\u00e0-Brighton.png\",\"contentUrl\":\"https:\/\/dicodusport.fr\/blog\/wp-content\/uploads\/2019\/10\/Hugo-Lloris-gravement-bless\u00e9-face-\u00e0-Brighton.png\",\"width\":800,\"height\":445},{\"@type\":\"BreadcrumbList\",\"@id\":\"https:\/\/dicodusport.fr\/blog\/hugo-lloris-gravement-blesse-face-a-brighton\/#breadcrumb\",\"itemListElement\":[{\"@type\":\"ListItem\",\"position\":1,\"name\":\"Accueil\",\"item\":\"https:\/\/dicodusport.fr\/blog\/\"},{\"@type\":\"ListItem\",\"position\":2,\"name\":\"Hugo Lloris gravement bless\u00e9 face \u00e0 Brighton\"}]},{\"@type\":\"WebSite\",\"@id\":\"https:\/\/dicodusport.fr\/blog\/#website\",\"url\":\"https:\/\/dicodusport.fr\/blog\/\",\"name\":\"Dicodusport\",\"description\":\"L&#039;encyclop\u00e9die de l&#039;actualit\u00e9 sportive\",\"publisher\":{\"@id\":\"https:\/\/dicodusport.fr\/blog\/#organization\"},\"potentialAction\":[{\"@type\":\"SearchAction\",\"target\":{\"@type\":\"EntryPoint\",\"urlTemplate\":\"https:\/\/dicodusport.fr\/blog\/?s={search_term_string}\"},\"query-input\":{\"@type\":\"PropertyValueSpecification\",\"valueRequired\":true,\"valueName\":\"search_term_string\"}}],\"inLanguage\":\"fr-FR\"},{\"@type\":\"NewsMediaOrganization\",\"@id\":\"https:\/\/dicodusport.fr\/blog\/#organization\",\"name\":\"Dicodusport\",\"url\":\"https:\/\/dicodusport.fr\/blog\/\",\"logo\":{\"@type\":\"ImageObject\",\"inLanguage\":\"fr-FR\",\"@id\":\"https:\/\/dicodusport.fr\/blog\/#\/schema\/logo\/image\/\",\"url\":\"https:\/\/dicodusport.fr\/blog\/wp-content\/uploads\/2020\/06\/cropped-LOGO-DICODUSPORT-2020-SANS-FOND-SANS-TEXTE.png\",\"contentUrl\":\"https:\/\/dicodusport.fr\/blog\/wp-content\/uploads\/2020\/06\/cropped-LOGO-DICODUSPORT-2020-SANS-FOND-SANS-TEXTE.png\",\"width\":512,\"height\":512,\"caption\":\"Dicodusport\"},\"image\":{\"@id\":\"https:\/\/dicodusport.fr\/blog\/#\/schema\/logo\/image\/\"},\"sameAs\":[\"https:\/\/www.facebook.com\/dicodusport\",\"https:\/\/x.com\/dicodusport\",\"https:\/\/www.instagram.com\/dicodusport\/\",\"https:\/\/www.youtube.com\/channel\/UC7V2KZ5sd3htJivAbA4ZG3w\"],\"description\":\"Dicodusport est l'encyclop\u00e9die de l'actualit\u00e9 sportive.\",\"email\":\"bonjour@dicodusport.fr\",\"legalName\":\"DICODUSPORT\",\"foundingDate\":\"2018-01-14\",\"vatID\":\"FR71834470973\",\"taxID\":\"83447097300043\",\"numberOfEmployees\":{\"@type\":\"QuantitativeValue\",\"minValue\":\"1\",\"maxValue\":\"10\"}},{\"@type\":\"Person\",\"@id\":\"https:\/\/dicodusport.fr\/blog\/#\/schema\/person\/cb02af4c173ce4a653b55e9baf388d4a\",\"name\":\"Flo Ostermann\",\"image\":{\"@type\":\"ImageObject\",\"inLanguage\":\"fr-FR\",\"@id\":\"https:\/\/dicodusport.fr\/blog\/#\/schema\/person\/image\/\",\"url\":\"https:\/\/dicodusport.fr\/blog\/wp-content\/uploads\/2021\/05\/Flo-Ostermann-150x150.jpg\",\"contentUrl\":\"https:\/\/dicodusport.fr\/blog\/wp-content\/uploads\/2021\/05\/Flo-Ostermann-150x150.jpg\",\"caption\":\"Flo Ostermann\"},\"description\":\"Journaliste\/R\u00e9dacteur depuis septembre 2015 - Mes premiers souvenirs dans le sport ? Les envol\u00e9es du Stade Toulousain et les duels Villeneuve-Schumacher et H\u00e4kkinen-Schumacher \u00e0 la fin des ann\u00e9es 90, la Coupe du monde de football en 1998, l\u2019exploit du XV de France face aux All Blacks en 1999, mais aussi Richard C\u0153ur de Lion qui vole sur les montagnes du Tour de France. Bien parti pour devenir professeur d\u2019EPS, les \u00e9v\u00e9nements de la vie (et la flemme d\u2019animer des s\u00e9ances de 3x500 m\u00e8tres toute ma vie) m\u2019ont conduit \u00e0 revoir mes plans. Me voil\u00e0 depuis fin 2017 sur Dicodusport, m\u00e9dia gr\u00e2ce (et pour) lequel je partage ma passion : le sport dans tous ses \u00e9tats. Le tout accompagn\u00e9 par les fous furieux et folles furieuses cit\u00e9s sur cette page !\",\"sameAs\":[\"https:\/\/www.facebook.com\/florent.ostermann\",\"https:\/\/x.com\/https:\/\/twitter.com\/FlOstermann\",\"admin\"],\"url\":\"https:\/\/dicodusport.fr\/blog\/author\/flo\/\"}]}<\/script>\n<!-- \/ Yoast SEO Premium plugin. -->","yoast_head_json":{"title":"Hugo Lloris gravement bless\u00e9 face \u00e0 Brighton","description":"Tr\u00e8s mauvaise nouvelle pour Hugo Lloris, et pour les Bleus. Le portier de l'\u00e9quipe de France s'est gravement bless\u00e9 au coude ce samedi, \u00e0 Brighton.","robots":{"index":"index","follow":"follow","max-snippet":"max-snippet:-1","max-image-preview":"max-image-preview:large","max-video-preview":"max-video-preview:-1"},"canonical":"https:\/\/dicodusport.fr\/blog\/hugo-lloris-gravement-blesse-face-a-brighton\/","og_locale":"fr_FR","og_type":"article","og_title":"Hugo Lloris gravement bless\u00e9 face \u00e0 Brighton","og_description":"Tr\u00e8s mauvaise nouvelle pour Hugo Lloris, et pour les Bleus. Le portier de l'\u00e9quipe de France s'est gravement bless\u00e9 au coude ce samedi, \u00e0 Brighton.","og_url":"https:\/\/dicodusport.fr\/blog\/hugo-lloris-gravement-blesse-face-a-brighton\/","og_site_name":"Dicodusport","article_publisher":"https:\/\/www.facebook.com\/dicodusport","article_author":"https:\/\/www.facebook.com\/florent.ostermann","article_published_time":"2019-10-05T13:16:54+00:00","article_modified_time":"2019-10-07T05:55:03+00:00","og_image":[{"width":800,"height":445,"url":"https:\/\/dicodusport.fr\/blog\/wp-content\/uploads\/2019\/10\/Hugo-Lloris-gravement-bless\u00e9-face-\u00e0-Brighton.png","type":"image\/png"}],"author":"Flo Ostermann","twitter_card":"summary_large_image","twitter_title":"Hugo Lloris gravement bless\u00e9 face \u00e0 Brighton","twitter_creator":"@https:\/\/twitter.com\/FlOstermann","twitter_site":"@dicodusport","schema":{"@context":"https:\/\/schema.org","@graph":[{"@type":"NewsArticle","@id":"https:\/\/dicodusport.fr\/blog\/hugo-lloris-gravement-blesse-face-a-brighton\/#article","isPartOf":{"@id":"https:\/\/dicodusport.fr\/blog\/hugo-lloris-gravement-blesse-face-a-brighton\/"},"author":{"name":"Flo Ostermann","@id":"https:\/\/dicodusport.fr\/blog\/#\/schema\/person\/cb02af4c173ce4a653b55e9baf388d4a"},"headline":"Hugo Lloris gravement bless\u00e9 face \u00e0 Brighton","datePublished":"2019-10-05T13:16:54+00:00","dateModified":"2019-10-07T05:55:03+00:00","mainEntityOfPage":{"@id":"https:\/\/dicodusport.fr\/blog\/hugo-lloris-gravement-blesse-face-a-brighton\/"},"wordCount":334,"commentCount":0,"publisher":{"@id":"https:\/\/dicodusport.fr\/blog\/#organization"},"image":{"@id":"https:\/\/dicodusport.fr\/blog\/hugo-lloris-gravement-blesse-face-a-brighton\/#primaryimage"},"thumbnailUrl":"https:\/\/dicodusport.fr\/blog\/wp-content\/uploads\/2019\/10\/Hugo-Lloris-gravement-bless\u00e9-face-\u00e0-Brighton.png","keywords":["Brighton","Football","Hugo Lloris","Premier League"],"articleSection":["Football"],"inLanguage":"fr-FR","potentialAction":[{"@type":"CommentAction","name":"Comment","target":["https:\/\/dicodusport.fr\/blog\/hugo-lloris-gravement-blesse-face-a-brighton\/#respond"]}],"copyrightYear":"2019","copyrightHolder":{"@id":"https:\/\/dicodusport.fr\/blog\/#organization"}},{"@type":"WebPage","@id":"https:\/\/dicodusport.fr\/blog\/hugo-lloris-gravement-blesse-face-a-brighton\/","url":"https:\/\/dicodusport.fr\/blog\/hugo-lloris-gravement-blesse-face-a-brighton\/","name":"Hugo Lloris gravement bless\u00e9 face \u00e0 Brighton","isPartOf":{"@id":"https:\/\/dicodusport.fr\/blog\/#website"},"primaryImageOfPage":{"@id":"https:\/\/dicodusport.fr\/blog\/hugo-lloris-gravement-blesse-face-a-brighton\/#primaryimage"},"image":{"@id":"https:\/\/dicodusport.fr\/blog\/hugo-lloris-gravement-blesse-face-a-brighton\/#primaryimage"},"thumbnailUrl":"https:\/\/dicodusport.fr\/blog\/wp-content\/uploads\/2019\/10\/Hugo-Lloris-gravement-bless\u00e9-face-\u00e0-Brighton.png","datePublished":"2019-10-05T13:16:54+00:00","dateModified":"2019-10-07T05:55:03+00:00","description":"Tr\u00e8s mauvaise nouvelle pour Hugo Lloris, et pour les Bleus. Le portier de l'\u00e9quipe de France s'est gravement bless\u00e9 au coude ce samedi, \u00e0 Brighton.","breadcrumb":{"@id":"https:\/\/dicodusport.fr\/blog\/hugo-lloris-gravement-blesse-face-a-brighton\/#breadcrumb"},"inLanguage":"fr-FR","potentialAction":[{"@type":"ReadAction","target":["https:\/\/dicodusport.fr\/blog\/hugo-lloris-gravement-blesse-face-a-brighton\/"]}]},{"@type":"ImageObject","inLanguage":"fr-FR","@id":"https:\/\/dicodusport.fr\/blog\/hugo-lloris-gravement-blesse-face-a-brighton\/#primaryimage","url":"https:\/\/dicodusport.fr\/blog\/wp-content\/uploads\/2019\/10\/Hugo-Lloris-gravement-bless\u00e9-face-\u00e0-Brighton.png","contentUrl":"https:\/\/dicodusport.fr\/blog\/wp-content\/uploads\/2019\/10\/Hugo-Lloris-gravement-bless\u00e9-face-\u00e0-Brighton.png","width":800,"height":445},{"@type":"BreadcrumbList","@id":"https:\/\/dicodusport.fr\/blog\/hugo-lloris-gravement-blesse-face-a-brighton\/#breadcrumb","itemListElement":[{"@type":"ListItem","position":1,"name":"Accueil","item":"https:\/\/dicodusport.fr\/blog\/"},{"@type":"ListItem","position":2,"name":"Hugo Lloris gravement bless\u00e9 face \u00e0 Brighton"}]},{"@type":"WebSite","@id":"https:\/\/dicodusport.fr\/blog\/#website","url":"https:\/\/dicodusport.fr\/blog\/","name":"Dicodusport","description":"L&#039;encyclop\u00e9die de l&#039;actualit\u00e9 sportive","publisher":{"@id":"https:\/\/dicodusport.fr\/blog\/#organization"},"potentialAction":[{"@type":"SearchAction","target":{"@type":"EntryPoint","urlTemplate":"https:\/\/dicodusport.fr\/blog\/?s={search_term_string}"},"query-input":{"@type":"PropertyValueSpecification","valueRequired":true,"valueName":"search_term_string"}}],"inLanguage":"fr-FR"},{"@type":"NewsMediaOrganization","@id":"https:\/\/dicodusport.fr\/blog\/#organization","name":"Dicodusport","url":"https:\/\/dicodusport.fr\/blog\/","logo":{"@type":"ImageObject","inLanguage":"fr-FR","@id":"https:\/\/dicodusport.fr\/blog\/#\/schema\/logo\/image\/","url":"https:\/\/dicodusport.fr\/blog\/wp-content\/uploads\/2020\/06\/cropped-LOGO-DICODUSPORT-2020-SANS-FOND-SANS-TEXTE.png","contentUrl":"https:\/\/dicodusport.fr\/blog\/wp-content\/uploads\/2020\/06\/cropped-LOGO-DICODUSPORT-2020-SANS-FOND-SANS-TEXTE.png","width":512,"height":512,"caption":"Dicodusport"},"image":{"@id":"https:\/\/dicodusport.fr\/blog\/#\/schema\/logo\/image\/"},"sameAs":["https:\/\/www.facebook.com\/dicodusport","https:\/\/x.com\/dicodusport","https:\/\/www.instagram.com\/dicodusport\/","https:\/\/www.youtube.com\/channel\/UC7V2KZ5sd3htJivAbA4ZG3w"],"description":"Dicodusport est l'encyclop\u00e9die de l'actualit\u00e9 sportive.","email":"bonjour@dicodusport.fr","legalName":"DICODUSPORT","foundingDate":"2018-01-14","vatID":"FR71834470973","taxID":"83447097300043","numberOfEmployees":{"@type":"QuantitativeValue","minValue":"1","maxValue":"10"}},{"@type":"Person","@id":"https:\/\/dicodusport.fr\/blog\/#\/schema\/person\/cb02af4c173ce4a653b55e9baf388d4a","name":"Flo Ostermann","image":{"@type":"ImageObject","inLanguage":"fr-FR","@id":"https:\/\/dicodusport.fr\/blog\/#\/schema\/person\/image\/","url":"https:\/\/dicodusport.fr\/blog\/wp-content\/uploads\/2021\/05\/Flo-Ostermann-150x150.jpg","contentUrl":"https:\/\/dicodusport.fr\/blog\/wp-content\/uploads\/2021\/05\/Flo-Ostermann-150x150.jpg","caption":"Flo Ostermann"},"description":"Journaliste\/R\u00e9dacteur depuis septembre 2015 - Mes premiers souvenirs dans le sport ? Les envol\u00e9es du Stade Toulousain et les duels Villeneuve-Schumacher et H\u00e4kkinen-Schumacher \u00e0 la fin des ann\u00e9es 90, la Coupe du monde de football en 1998, l\u2019exploit du XV de France face aux All Blacks en 1999, mais aussi Richard C\u0153ur de Lion qui vole sur les montagnes du Tour de France. Bien parti pour devenir professeur d\u2019EPS, les \u00e9v\u00e9nements de la vie (et la flemme d\u2019animer des s\u00e9ances de 3x500 m\u00e8tres toute ma vie) m\u2019ont conduit \u00e0 revoir mes plans. Me voil\u00e0 depuis fin 2017 sur Dicodusport, m\u00e9dia gr\u00e2ce (et pour) lequel je partage ma passion : le sport dans tous ses \u00e9tats. Le tout accompagn\u00e9 par les fous furieux et folles furieuses cit\u00e9s sur cette page !","sameAs":["https:\/\/www.facebook.com\/florent.ostermann","https:\/\/x.com\/https:\/\/twitter.com\/FlOstermann","admin"],"url":"https:\/\/dicodusport.fr\/blog\/author\/flo\/"}]}},"_links":{"self":[{"href":"https:\/\/dicodusport.fr\/blog\/wp-json\/wp\/v2\/posts\/50688","targetHints":{"allow":["GET"]}}],"collection":[{"href":"https:\/\/dicodusport.fr\/blog\/wp-json\/wp\/v2\/posts"}],"about":[{"href":"https:\/\/dicodusport.fr\/blog\/wp-json\/wp\/v2\/types\/post"}],"author":[{"embeddable":true,"href":"https:\/\/dicodusport.fr\/blog\/wp-json\/wp\/v2\/users\/4"}],"replies":[{"embeddable":true,"href":"https:\/\/dicodusport.fr\/blog\/wp-json\/wp\/v2\/comments?post=50688"}],"version-history":[{"count":0,"href":"https:\/\/dicodusport.fr\/blog\/wp-json\/wp\/v2\/posts\/50688\/revisions"}],"wp:featuredmedia":[{"embeddable":true,"href":"https:\/\/dicodusport.fr\/blog\/wp-json\/wp\/v2\/media\/50691"}],"wp:attachment":[{"href":"https:\/\/dicodusport.fr\/blog\/wp-json\/wp\/v2\/media?parent=50688"}],"wp:term":[{"taxonomy":"category","embeddable":true,"href":"https:\/\/dicodusport.fr\/blog\/wp-json\/wp\/v2\/categories?post=50688"},{"taxonomy":"post_tag","embeddable":true,"href":"https:\/\/dicodusport.fr\/blog\/wp-json\/wp\/v2\/tags?post=50688"}],"curies":[{"name":"wp","href":"https:\/\/api.w.org\/{rel}","templated":true}]}}