{"id":506896,"date":"2024-08-01T19:34:33","date_gmt":"2024-08-01T17:34:33","guid":{"rendered":"https:\/\/dicodusport.fr\/blog\/?p=506896&#038;preview=true&#038;preview_id=506896"},"modified":"2024-08-01T19:34:33","modified_gmt":"2024-08-01T17:34:33","slug":"tir-a-larc-jo-2024-baptiste-addis-sera-au-rendez-vous-des-8e-de-finale","status":"publish","type":"post","link":"https:\/\/dicodusport.fr\/blog\/tir-a-larc-jo-2024-baptiste-addis-sera-au-rendez-vous-des-8e-de-finale\/","title":{"rendered":"Tir \u00e0 l&rsquo;arc JO 2024 : Baptiste Addis sera au rendez-vous des 8e de finale !"},"content":{"rendered":"<p style=\"text-align: justify;\"><strong><em>TIR A L&rsquo;ARC JO 2024 &#8211; Le jeune surdou\u00e9 tricolore du tir \u00e0 l&rsquo;arc, Baptiste Addis, remporte ses deux premiers tours avec une belle aisance et se qualifie pour les 8e de finale.<\/em><\/strong><\/p>\n<ul style=\"text-align: justify;\">\n<li style=\"text-align: justify;\"><strong>\u00c0 ce sujet \u2013\u00a0<a href=\"https:\/\/dicodusport.fr\/blog\/jo-paris-2024\/\" target=\"_blank\" rel=\"noopener\">L\u2019actualit\u00e9 des JO de Paris 2024<\/a><\/strong><\/li>\n<\/ul>\n<p style=\"text-align: justify;\">Tr\u00e8s belle journ\u00e9e pour <strong>Baptiste Addis<\/strong>. L&rsquo;archer de 17 ans est parfaitement rentr\u00e9 dans ses Jeux Olympiques en Individuel. Apr\u00e8s avoir port\u00e9 les Bleus dans l&rsquo;\u00e9preuve par \u00e9quipe, o\u00f9 la France a pris la m\u00e9daille d&rsquo;argent, il a assur\u00e9 d\u00e8s son premier tour. Oppos\u00e9 au Kazakh <strong>Alexandr Yeremenko<\/strong>, il a d&rsquo;abord subi un score parfait dans la premi\u00e8re vol\u00e9e pour \u00eatre men\u00e9 2-0. Mais il a su rebondir facilement, bien aid\u00e9 par son adversaire qui a envoy\u00e9 cinq fl\u00e8ches dans le rouge dans les trois vol\u00e9es suivantes. <strong>Baptiste Addis<\/strong> s&rsquo;imposait alors 6 points \u00e0 2.<\/p>\n<h2 style=\"text-align: justify;\">Addis voit jaune dans son 1\/16\u00e8me de finale<\/h2>\n<p style=\"text-align: justify;\">Ensuite, le 17\u00e8me joueur mondial avait pour adversaire le Britannique <strong>Alex Wise<\/strong>. Apr\u00e8s un premier set accroch\u00e9 qui s&rsquo;est sold\u00e9 par un match nul, Wise a pris l&rsquo;avantage gr\u00e2ce \u00e0 deux 10 dans la seconde vol\u00e9e (3-1). Mais le Tricolore montrait de grandes ressources pour renverser le match, en imitant son adversaire dans la troisi\u00e8me manche, puis en envoyant l&rsquo;ensemble de ses fl\u00e8ches dans le jaune (9-10) sur les deux derniers sets. R\u00e9sultat : une victoire probante 7-3 et une r\u00e9gularit\u00e9 int\u00e9ressante pour la suite. A renouveler lors de son 1\/8\u00e8me de finale dimanche face au Mexicain <strong>Matias Grande<\/strong>.<\/p>\n<blockquote class=\"twitter-tweet\">\n<p dir=\"ltr\" lang=\"fr\">Baptiste Addis. 17 ans.<\/p>\n<p>Notre crack du tir \u00e0 l\u2019arc \ud83c\udff9<\/p>\n<p>\ud83d\udcf8 CNOSF\/KMSP<a href=\"https:\/\/twitter.com\/hashtag\/AllezLesBleus?src=hash&amp;ref_src=twsrc%5Etfw\">#AllezLesBleus<\/a> <a href=\"https:\/\/twitter.com\/hashtag\/Paris2024?src=hash&amp;ref_src=twsrc%5Etfw\">#Paris2024<\/a> <a href=\"https:\/\/t.co\/pxzVT1k0Jp\">pic.twitter.com\/pxzVT1k0Jp<\/a><\/p>\n<p>\u2014 Equipe France (@EquipeFRA) <a href=\"https:\/\/twitter.com\/EquipeFRA\/status\/1819060541479948614?ref_src=twsrc%5Etfw\">August 1, 2024<\/a><\/p><\/blockquote>\n<p style=\"text-align: justify;\"><script async src=\"https:\/\/platform.twitter.com\/widgets.js\" charset=\"utf-8\"><\/script><\/p>\n<p style=\"text-align: justify;\">\n","protected":false},"excerpt":{"rendered":"<p>TIR A L&rsquo;ARC JO 2024 &#8211; Le jeune surdou\u00e9 tricolore du tir \u00e0 l&rsquo;arc, Baptiste Addis, remporte ses deux premiers tours avec une belle aisance et se qualifie pour les 8e de finale.<\/p>\n","protected":false},"author":92,"featured_media":506917,"comment_status":"open","ping_status":"closed","sticky":false,"template":"","format":"standard","meta":{"_acf_changed":false,"_daextam_enable_autolinks":"1","footnotes":""},"categories":[8436],"tags":[16878,1506,19184,1504,12920,1004,1038],"class_list":["post-506896","post","type-post","status-publish","format-standard","has-post-thumbnail","hentry","category-jo-paris-2024","tag-breve","tag-jeux-olympiques-2024","tag-jeux-olympiques-de-paris","tag-jo-2024","tag-jo-paris-2024","tag-paris-2024","tag-tir-a-larc"],"acf":[],"yoast_head":"<!-- This site is optimized with the Yoast SEO Premium plugin v26.7 (Yoast SEO v26.7) - https:\/\/yoast.com\/wordpress\/plugins\/seo\/ -->\n<title>Tir \u00e0 l&#039;arc JO 2024 : Baptiste Addis sera au rendez-vous des 8e de finale !<\/title>\n<meta name=\"description\" content=\"TIR A L&#039;ARC JO 2024 - Le jeune surdou\u00e9 tricolore du tir \u00e0 l&#039;arc, Baptiste Addis, remporte ses deux premiers tours avec une belle aisance et se qualifie pour les 8e de finale.\" \/>\n<meta name=\"robots\" content=\"index, follow, max-snippet:-1, max-image-preview:large, max-video-preview:-1\" \/>\n<link rel=\"canonical\" href=\"https:\/\/dicodusport.fr\/blog\/tir-a-larc-jo-2024-baptiste-addis-sera-au-rendez-vous-des-8e-de-finale\/\" \/>\n<meta property=\"og:locale\" content=\"fr_FR\" \/>\n<meta property=\"og:type\" content=\"article\" \/>\n<meta property=\"og:title\" content=\"Tir \u00e0 l&#039;arc JO 2024 : Baptiste Addis sera au rendez-vous des 8e de finale !\" \/>\n<meta property=\"og:description\" content=\"TIR A L&#039;ARC JO 2024 - Le jeune surdou\u00e9 tricolore du tir \u00e0 l&#039;arc, Baptiste Addis, remporte ses deux premiers tours avec une belle aisance et se qualifie pour les 8e de finale.\" \/>\n<meta property=\"og:url\" content=\"https:\/\/dicodusport.fr\/blog\/tir-a-larc-jo-2024-baptiste-addis-sera-au-rendez-vous-des-8e-de-finale\/\" \/>\n<meta property=\"og:site_name\" content=\"Dicodusport\" \/>\n<meta property=\"article:publisher\" content=\"https:\/\/www.facebook.com\/dicodusport\" \/>\n<meta property=\"article:published_time\" content=\"2024-08-01T17:34:33+00:00\" \/>\n<meta property=\"og:image\" content=\"https:\/\/dicodusport.fr\/blog\/wp-content\/uploads\/2024\/08\/Tir-a-lArc-JO-2024-Baptiste-Addis-sera-au-rendez-vous-des-8e-de-finale-.png\" \/>\n\t<meta property=\"og:image:width\" content=\"1200\" \/>\n\t<meta property=\"og:image:height\" content=\"674\" \/>\n\t<meta property=\"og:image:type\" content=\"image\/png\" \/>\n<meta name=\"author\" content=\"Olivier Dobiezynski\" \/>\n<meta name=\"twitter:card\" content=\"summary_large_image\" \/>\n<meta name=\"twitter:title\" content=\"Tir \u00e0 l&#039;arc JO 2024 : Baptiste Addis sera au rendez-vous des 8e de finale !\" \/>\n<meta name=\"twitter:creator\" content=\"@https:\/\/x.com\/Olivier_Matros\" \/>\n<meta name=\"twitter:site\" content=\"@dicodusport\" \/>\n<script type=\"application\/ld+json\" class=\"yoast-schema-graph\">{\"@context\":\"https:\/\/schema.org\",\"@graph\":[{\"@type\":\"NewsArticle\",\"@id\":\"https:\/\/dicodusport.fr\/blog\/tir-a-larc-jo-2024-baptiste-addis-sera-au-rendez-vous-des-8e-de-finale\/#article\",\"isPartOf\":{\"@id\":\"https:\/\/dicodusport.fr\/blog\/tir-a-larc-jo-2024-baptiste-addis-sera-au-rendez-vous-des-8e-de-finale\/\"},\"author\":{\"name\":\"Olivier Dobiezynski\",\"@id\":\"https:\/\/dicodusport.fr\/blog\/#\/schema\/person\/fe500246414ca17ddf0c0312d7a792cc\"},\"headline\":\"Tir \u00e0 l&rsquo;arc JO 2024 : Baptiste Addis sera au rendez-vous des 8e de finale !\",\"datePublished\":\"2024-08-01T17:34:33+00:00\",\"mainEntityOfPage\":{\"@id\":\"https:\/\/dicodusport.fr\/blog\/tir-a-larc-jo-2024-baptiste-addis-sera-au-rendez-vous-des-8e-de-finale\/\"},\"wordCount\":297,\"commentCount\":0,\"publisher\":{\"@id\":\"https:\/\/dicodusport.fr\/blog\/#organization\"},\"image\":{\"@id\":\"https:\/\/dicodusport.fr\/blog\/tir-a-larc-jo-2024-baptiste-addis-sera-au-rendez-vous-des-8e-de-finale\/#primaryimage\"},\"thumbnailUrl\":\"https:\/\/dicodusport.fr\/blog\/wp-content\/uploads\/2024\/08\/Tir-a-lArc-JO-2024-Baptiste-Addis-sera-au-rendez-vous-des-8e-de-finale-.png\",\"keywords\":[\"br\u00e8ve\",\"Jeux olympiques 2024\",\"Jeux Olympiques de Paris\",\"JO 2024\",\"JO Paris 2024\",\"Paris 2024\",\"tir \u00e0 l'arc\"],\"articleSection\":[\"JO Paris 2024\"],\"inLanguage\":\"fr-FR\",\"potentialAction\":[{\"@type\":\"CommentAction\",\"name\":\"Comment\",\"target\":[\"https:\/\/dicodusport.fr\/blog\/tir-a-larc-jo-2024-baptiste-addis-sera-au-rendez-vous-des-8e-de-finale\/#respond\"]}],\"copyrightYear\":\"2024\",\"copyrightHolder\":{\"@id\":\"https:\/\/dicodusport.fr\/blog\/#organization\"}},{\"@type\":\"WebPage\",\"@id\":\"https:\/\/dicodusport.fr\/blog\/tir-a-larc-jo-2024-baptiste-addis-sera-au-rendez-vous-des-8e-de-finale\/\",\"url\":\"https:\/\/dicodusport.fr\/blog\/tir-a-larc-jo-2024-baptiste-addis-sera-au-rendez-vous-des-8e-de-finale\/\",\"name\":\"Tir \u00e0 l'arc JO 2024 : Baptiste Addis sera au rendez-vous des 8e de finale !\",\"isPartOf\":{\"@id\":\"https:\/\/dicodusport.fr\/blog\/#website\"},\"primaryImageOfPage\":{\"@id\":\"https:\/\/dicodusport.fr\/blog\/tir-a-larc-jo-2024-baptiste-addis-sera-au-rendez-vous-des-8e-de-finale\/#primaryimage\"},\"image\":{\"@id\":\"https:\/\/dicodusport.fr\/blog\/tir-a-larc-jo-2024-baptiste-addis-sera-au-rendez-vous-des-8e-de-finale\/#primaryimage\"},\"thumbnailUrl\":\"https:\/\/dicodusport.fr\/blog\/wp-content\/uploads\/2024\/08\/Tir-a-lArc-JO-2024-Baptiste-Addis-sera-au-rendez-vous-des-8e-de-finale-.png\",\"datePublished\":\"2024-08-01T17:34:33+00:00\",\"description\":\"TIR A L'ARC JO 2024 - Le jeune surdou\u00e9 tricolore du tir \u00e0 l'arc, Baptiste Addis, remporte ses deux premiers tours avec une belle aisance et se qualifie pour les 8e de finale.\",\"breadcrumb\":{\"@id\":\"https:\/\/dicodusport.fr\/blog\/tir-a-larc-jo-2024-baptiste-addis-sera-au-rendez-vous-des-8e-de-finale\/#breadcrumb\"},\"inLanguage\":\"fr-FR\",\"potentialAction\":[{\"@type\":\"ReadAction\",\"target\":[\"https:\/\/dicodusport.fr\/blog\/tir-a-larc-jo-2024-baptiste-addis-sera-au-rendez-vous-des-8e-de-finale\/\"]}]},{\"@type\":\"ImageObject\",\"inLanguage\":\"fr-FR\",\"@id\":\"https:\/\/dicodusport.fr\/blog\/tir-a-larc-jo-2024-baptiste-addis-sera-au-rendez-vous-des-8e-de-finale\/#primaryimage\",\"url\":\"https:\/\/dicodusport.fr\/blog\/wp-content\/uploads\/2024\/08\/Tir-a-lArc-JO-2024-Baptiste-Addis-sera-au-rendez-vous-des-8e-de-finale-.png\",\"contentUrl\":\"https:\/\/dicodusport.fr\/blog\/wp-content\/uploads\/2024\/08\/Tir-a-lArc-JO-2024-Baptiste-Addis-sera-au-rendez-vous-des-8e-de-finale-.png\",\"width\":1200,\"height\":674,\"caption\":\"Tir \u00e0 l'Arc JO 2024 Baptiste Addis sera au rendez-vous des 8e de finale !\"},{\"@type\":\"BreadcrumbList\",\"@id\":\"https:\/\/dicodusport.fr\/blog\/tir-a-larc-jo-2024-baptiste-addis-sera-au-rendez-vous-des-8e-de-finale\/#breadcrumb\",\"itemListElement\":[{\"@type\":\"ListItem\",\"position\":1,\"name\":\"Accueil\",\"item\":\"https:\/\/dicodusport.fr\/blog\/\"},{\"@type\":\"ListItem\",\"position\":2,\"name\":\"Tir \u00e0 l&#8217;arc JO 2024 : Baptiste Addis sera au rendez-vous des 8e de finale !\"}]},{\"@type\":\"WebSite\",\"@id\":\"https:\/\/dicodusport.fr\/blog\/#website\",\"url\":\"https:\/\/dicodusport.fr\/blog\/\",\"name\":\"Dicodusport\",\"description\":\"L&#039;encyclop\u00e9die de l&#039;actualit\u00e9 sportive\",\"publisher\":{\"@id\":\"https:\/\/dicodusport.fr\/blog\/#organization\"},\"potentialAction\":[{\"@type\":\"SearchAction\",\"target\":{\"@type\":\"EntryPoint\",\"urlTemplate\":\"https:\/\/dicodusport.fr\/blog\/?s={search_term_string}\"},\"query-input\":{\"@type\":\"PropertyValueSpecification\",\"valueRequired\":true,\"valueName\":\"search_term_string\"}}],\"inLanguage\":\"fr-FR\"},{\"@type\":\"NewsMediaOrganization\",\"@id\":\"https:\/\/dicodusport.fr\/blog\/#organization\",\"name\":\"Dicodusport\",\"url\":\"https:\/\/dicodusport.fr\/blog\/\",\"logo\":{\"@type\":\"ImageObject\",\"inLanguage\":\"fr-FR\",\"@id\":\"https:\/\/dicodusport.fr\/blog\/#\/schema\/logo\/image\/\",\"url\":\"https:\/\/dicodusport.fr\/blog\/wp-content\/uploads\/2020\/06\/cropped-LOGO-DICODUSPORT-2020-SANS-FOND-SANS-TEXTE.png\",\"contentUrl\":\"https:\/\/dicodusport.fr\/blog\/wp-content\/uploads\/2020\/06\/cropped-LOGO-DICODUSPORT-2020-SANS-FOND-SANS-TEXTE.png\",\"width\":512,\"height\":512,\"caption\":\"Dicodusport\"},\"image\":{\"@id\":\"https:\/\/dicodusport.fr\/blog\/#\/schema\/logo\/image\/\"},\"sameAs\":[\"https:\/\/www.facebook.com\/dicodusport\",\"https:\/\/x.com\/dicodusport\",\"https:\/\/www.instagram.com\/dicodusport\/\",\"https:\/\/www.youtube.com\/channel\/UC7V2KZ5sd3htJivAbA4ZG3w\"],\"description\":\"Dicodusport est l'encyclop\u00e9die de l'actualit\u00e9 sportive.\",\"email\":\"bonjour@dicodusport.fr\",\"legalName\":\"DICODUSPORT\",\"foundingDate\":\"2018-01-14\",\"vatID\":\"FR71834470973\",\"taxID\":\"83447097300043\",\"numberOfEmployees\":{\"@type\":\"QuantitativeValue\",\"minValue\":\"1\",\"maxValue\":\"10\"}},{\"@type\":\"Person\",\"@id\":\"https:\/\/dicodusport.fr\/blog\/#\/schema\/person\/fe500246414ca17ddf0c0312d7a792cc\",\"name\":\"Olivier Dobiezynski\",\"image\":{\"@type\":\"ImageObject\",\"inLanguage\":\"fr-FR\",\"@id\":\"https:\/\/dicodusport.fr\/blog\/#\/schema\/person\/image\/\",\"url\":\"https:\/\/dicodusport.fr\/blog\/wp-content\/uploads\/2024\/09\/5be8fe8d-9962-4f1e-ad06-d6f9dee30e6d-150x150.jpg\",\"contentUrl\":\"https:\/\/dicodusport.fr\/blog\/wp-content\/uploads\/2024\/09\/5be8fe8d-9962-4f1e-ad06-d6f9dee30e6d-150x150.jpg\",\"caption\":\"Olivier Dobiezynski\"},\"description\":\"Depuis le milieu des ann\u00e9es 90, la passion du cyclisme m'anime. Mes h\u00e9ros s'appellent Luc Leblanc, Piotr Ugrumov, Paolo Savoldelli, Peter Sagan et bien \u00e9videmment Romain Bardet. R\u00e9dacteur depuis 2023, je suis ici pour partager cet amour de la Petite Reine. Vous pourrez me lire \u00e9galement sur du trail, du ski de fond et tout autre sujet susceptible d'\u00e9veiller ma curiosit\u00e9 sportive.\",\"sameAs\":[\"https:\/\/x.com\/https:\/\/x.com\/Olivier_Matros\"],\"url\":\"https:\/\/dicodusport.fr\/blog\/author\/olivier-gh\/\"}]}<\/script>\n<!-- \/ Yoast SEO Premium plugin. -->","yoast_head_json":{"title":"Tir \u00e0 l'arc JO 2024 : Baptiste Addis sera au rendez-vous des 8e de finale !","description":"TIR A L'ARC JO 2024 - Le jeune surdou\u00e9 tricolore du tir \u00e0 l'arc, Baptiste Addis, remporte ses deux premiers tours avec une belle aisance et se qualifie pour les 8e de finale.","robots":{"index":"index","follow":"follow","max-snippet":"max-snippet:-1","max-image-preview":"max-image-preview:large","max-video-preview":"max-video-preview:-1"},"canonical":"https:\/\/dicodusport.fr\/blog\/tir-a-larc-jo-2024-baptiste-addis-sera-au-rendez-vous-des-8e-de-finale\/","og_locale":"fr_FR","og_type":"article","og_title":"Tir \u00e0 l'arc JO 2024 : Baptiste Addis sera au rendez-vous des 8e de finale !","og_description":"TIR A L'ARC JO 2024 - Le jeune surdou\u00e9 tricolore du tir \u00e0 l'arc, Baptiste Addis, remporte ses deux premiers tours avec une belle aisance et se qualifie pour les 8e de finale.","og_url":"https:\/\/dicodusport.fr\/blog\/tir-a-larc-jo-2024-baptiste-addis-sera-au-rendez-vous-des-8e-de-finale\/","og_site_name":"Dicodusport","article_publisher":"https:\/\/www.facebook.com\/dicodusport","article_published_time":"2024-08-01T17:34:33+00:00","og_image":[{"width":1200,"height":674,"url":"https:\/\/dicodusport.fr\/blog\/wp-content\/uploads\/2024\/08\/Tir-a-lArc-JO-2024-Baptiste-Addis-sera-au-rendez-vous-des-8e-de-finale-.png","type":"image\/png"}],"author":"Olivier Dobiezynski","twitter_card":"summary_large_image","twitter_title":"Tir \u00e0 l'arc JO 2024 : Baptiste Addis sera au rendez-vous des 8e de finale !","twitter_creator":"@https:\/\/x.com\/Olivier_Matros","twitter_site":"@dicodusport","schema":{"@context":"https:\/\/schema.org","@graph":[{"@type":"NewsArticle","@id":"https:\/\/dicodusport.fr\/blog\/tir-a-larc-jo-2024-baptiste-addis-sera-au-rendez-vous-des-8e-de-finale\/#article","isPartOf":{"@id":"https:\/\/dicodusport.fr\/blog\/tir-a-larc-jo-2024-baptiste-addis-sera-au-rendez-vous-des-8e-de-finale\/"},"author":{"name":"Olivier Dobiezynski","@id":"https:\/\/dicodusport.fr\/blog\/#\/schema\/person\/fe500246414ca17ddf0c0312d7a792cc"},"headline":"Tir \u00e0 l&rsquo;arc JO 2024 : Baptiste Addis sera au rendez-vous des 8e de finale !","datePublished":"2024-08-01T17:34:33+00:00","mainEntityOfPage":{"@id":"https:\/\/dicodusport.fr\/blog\/tir-a-larc-jo-2024-baptiste-addis-sera-au-rendez-vous-des-8e-de-finale\/"},"wordCount":297,"commentCount":0,"publisher":{"@id":"https:\/\/dicodusport.fr\/blog\/#organization"},"image":{"@id":"https:\/\/dicodusport.fr\/blog\/tir-a-larc-jo-2024-baptiste-addis-sera-au-rendez-vous-des-8e-de-finale\/#primaryimage"},"thumbnailUrl":"https:\/\/dicodusport.fr\/blog\/wp-content\/uploads\/2024\/08\/Tir-a-lArc-JO-2024-Baptiste-Addis-sera-au-rendez-vous-des-8e-de-finale-.png","keywords":["br\u00e8ve","Jeux olympiques 2024","Jeux Olympiques de Paris","JO 2024","JO Paris 2024","Paris 2024","tir \u00e0 l'arc"],"articleSection":["JO Paris 2024"],"inLanguage":"fr-FR","potentialAction":[{"@type":"CommentAction","name":"Comment","target":["https:\/\/dicodusport.fr\/blog\/tir-a-larc-jo-2024-baptiste-addis-sera-au-rendez-vous-des-8e-de-finale\/#respond"]}],"copyrightYear":"2024","copyrightHolder":{"@id":"https:\/\/dicodusport.fr\/blog\/#organization"}},{"@type":"WebPage","@id":"https:\/\/dicodusport.fr\/blog\/tir-a-larc-jo-2024-baptiste-addis-sera-au-rendez-vous-des-8e-de-finale\/","url":"https:\/\/dicodusport.fr\/blog\/tir-a-larc-jo-2024-baptiste-addis-sera-au-rendez-vous-des-8e-de-finale\/","name":"Tir \u00e0 l'arc JO 2024 : Baptiste Addis sera au rendez-vous des 8e de finale !","isPartOf":{"@id":"https:\/\/dicodusport.fr\/blog\/#website"},"primaryImageOfPage":{"@id":"https:\/\/dicodusport.fr\/blog\/tir-a-larc-jo-2024-baptiste-addis-sera-au-rendez-vous-des-8e-de-finale\/#primaryimage"},"image":{"@id":"https:\/\/dicodusport.fr\/blog\/tir-a-larc-jo-2024-baptiste-addis-sera-au-rendez-vous-des-8e-de-finale\/#primaryimage"},"thumbnailUrl":"https:\/\/dicodusport.fr\/blog\/wp-content\/uploads\/2024\/08\/Tir-a-lArc-JO-2024-Baptiste-Addis-sera-au-rendez-vous-des-8e-de-finale-.png","datePublished":"2024-08-01T17:34:33+00:00","description":"TIR A L'ARC JO 2024 - Le jeune surdou\u00e9 tricolore du tir \u00e0 l'arc, Baptiste Addis, remporte ses deux premiers tours avec une belle aisance et se qualifie pour les 8e de finale.","breadcrumb":{"@id":"https:\/\/dicodusport.fr\/blog\/tir-a-larc-jo-2024-baptiste-addis-sera-au-rendez-vous-des-8e-de-finale\/#breadcrumb"},"inLanguage":"fr-FR","potentialAction":[{"@type":"ReadAction","target":["https:\/\/dicodusport.fr\/blog\/tir-a-larc-jo-2024-baptiste-addis-sera-au-rendez-vous-des-8e-de-finale\/"]}]},{"@type":"ImageObject","inLanguage":"fr-FR","@id":"https:\/\/dicodusport.fr\/blog\/tir-a-larc-jo-2024-baptiste-addis-sera-au-rendez-vous-des-8e-de-finale\/#primaryimage","url":"https:\/\/dicodusport.fr\/blog\/wp-content\/uploads\/2024\/08\/Tir-a-lArc-JO-2024-Baptiste-Addis-sera-au-rendez-vous-des-8e-de-finale-.png","contentUrl":"https:\/\/dicodusport.fr\/blog\/wp-content\/uploads\/2024\/08\/Tir-a-lArc-JO-2024-Baptiste-Addis-sera-au-rendez-vous-des-8e-de-finale-.png","width":1200,"height":674,"caption":"Tir \u00e0 l'Arc JO 2024 Baptiste Addis sera au rendez-vous des 8e de finale !"},{"@type":"BreadcrumbList","@id":"https:\/\/dicodusport.fr\/blog\/tir-a-larc-jo-2024-baptiste-addis-sera-au-rendez-vous-des-8e-de-finale\/#breadcrumb","itemListElement":[{"@type":"ListItem","position":1,"name":"Accueil","item":"https:\/\/dicodusport.fr\/blog\/"},{"@type":"ListItem","position":2,"name":"Tir \u00e0 l&#8217;arc JO 2024 : Baptiste Addis sera au rendez-vous des 8e de finale !"}]},{"@type":"WebSite","@id":"https:\/\/dicodusport.fr\/blog\/#website","url":"https:\/\/dicodusport.fr\/blog\/","name":"Dicodusport","description":"L&#039;encyclop\u00e9die de l&#039;actualit\u00e9 sportive","publisher":{"@id":"https:\/\/dicodusport.fr\/blog\/#organization"},"potentialAction":[{"@type":"SearchAction","target":{"@type":"EntryPoint","urlTemplate":"https:\/\/dicodusport.fr\/blog\/?s={search_term_string}"},"query-input":{"@type":"PropertyValueSpecification","valueRequired":true,"valueName":"search_term_string"}}],"inLanguage":"fr-FR"},{"@type":"NewsMediaOrganization","@id":"https:\/\/dicodusport.fr\/blog\/#organization","name":"Dicodusport","url":"https:\/\/dicodusport.fr\/blog\/","logo":{"@type":"ImageObject","inLanguage":"fr-FR","@id":"https:\/\/dicodusport.fr\/blog\/#\/schema\/logo\/image\/","url":"https:\/\/dicodusport.fr\/blog\/wp-content\/uploads\/2020\/06\/cropped-LOGO-DICODUSPORT-2020-SANS-FOND-SANS-TEXTE.png","contentUrl":"https:\/\/dicodusport.fr\/blog\/wp-content\/uploads\/2020\/06\/cropped-LOGO-DICODUSPORT-2020-SANS-FOND-SANS-TEXTE.png","width":512,"height":512,"caption":"Dicodusport"},"image":{"@id":"https:\/\/dicodusport.fr\/blog\/#\/schema\/logo\/image\/"},"sameAs":["https:\/\/www.facebook.com\/dicodusport","https:\/\/x.com\/dicodusport","https:\/\/www.instagram.com\/dicodusport\/","https:\/\/www.youtube.com\/channel\/UC7V2KZ5sd3htJivAbA4ZG3w"],"description":"Dicodusport est l'encyclop\u00e9die de l'actualit\u00e9 sportive.","email":"bonjour@dicodusport.fr","legalName":"DICODUSPORT","foundingDate":"2018-01-14","vatID":"FR71834470973","taxID":"83447097300043","numberOfEmployees":{"@type":"QuantitativeValue","minValue":"1","maxValue":"10"}},{"@type":"Person","@id":"https:\/\/dicodusport.fr\/blog\/#\/schema\/person\/fe500246414ca17ddf0c0312d7a792cc","name":"Olivier Dobiezynski","image":{"@type":"ImageObject","inLanguage":"fr-FR","@id":"https:\/\/dicodusport.fr\/blog\/#\/schema\/person\/image\/","url":"https:\/\/dicodusport.fr\/blog\/wp-content\/uploads\/2024\/09\/5be8fe8d-9962-4f1e-ad06-d6f9dee30e6d-150x150.jpg","contentUrl":"https:\/\/dicodusport.fr\/blog\/wp-content\/uploads\/2024\/09\/5be8fe8d-9962-4f1e-ad06-d6f9dee30e6d-150x150.jpg","caption":"Olivier Dobiezynski"},"description":"Depuis le milieu des ann\u00e9es 90, la passion du cyclisme m'anime. Mes h\u00e9ros s'appellent Luc Leblanc, Piotr Ugrumov, Paolo Savoldelli, Peter Sagan et bien \u00e9videmment Romain Bardet. R\u00e9dacteur depuis 2023, je suis ici pour partager cet amour de la Petite Reine. Vous pourrez me lire \u00e9galement sur du trail, du ski de fond et tout autre sujet susceptible d'\u00e9veiller ma curiosit\u00e9 sportive.","sameAs":["https:\/\/x.com\/https:\/\/x.com\/Olivier_Matros"],"url":"https:\/\/dicodusport.fr\/blog\/author\/olivier-gh\/"}]}},"_links":{"self":[{"href":"https:\/\/dicodusport.fr\/blog\/wp-json\/wp\/v2\/posts\/506896","targetHints":{"allow":["GET"]}}],"collection":[{"href":"https:\/\/dicodusport.fr\/blog\/wp-json\/wp\/v2\/posts"}],"about":[{"href":"https:\/\/dicodusport.fr\/blog\/wp-json\/wp\/v2\/types\/post"}],"author":[{"embeddable":true,"href":"https:\/\/dicodusport.fr\/blog\/wp-json\/wp\/v2\/users\/92"}],"replies":[{"embeddable":true,"href":"https:\/\/dicodusport.fr\/blog\/wp-json\/wp\/v2\/comments?post=506896"}],"version-history":[{"count":2,"href":"https:\/\/dicodusport.fr\/blog\/wp-json\/wp\/v2\/posts\/506896\/revisions"}],"predecessor-version":[{"id":506920,"href":"https:\/\/dicodusport.fr\/blog\/wp-json\/wp\/v2\/posts\/506896\/revisions\/506920"}],"wp:featuredmedia":[{"embeddable":true,"href":"https:\/\/dicodusport.fr\/blog\/wp-json\/wp\/v2\/media\/506917"}],"wp:attachment":[{"href":"https:\/\/dicodusport.fr\/blog\/wp-json\/wp\/v2\/media?parent=506896"}],"wp:term":[{"taxonomy":"category","embeddable":true,"href":"https:\/\/dicodusport.fr\/blog\/wp-json\/wp\/v2\/categories?post=506896"},{"taxonomy":"post_tag","embeddable":true,"href":"https:\/\/dicodusport.fr\/blog\/wp-json\/wp\/v2\/tags?post=506896"}],"curies":[{"name":"wp","href":"https:\/\/api.w.org\/{rel}","templated":true}]}}