{"id":50698,"date":"2019-10-05T16:48:07","date_gmt":"2019-10-05T14:48:07","guid":{"rendered":"http:\/\/dicodusport.fr\/blog\/?p=50698&#038;preview=true&#038;preview_id=50698"},"modified":"2019-10-07T07:59:43","modified_gmt":"2019-10-07T05:59:43","slug":"tour-d-emilie-primoz-roglic-s-impose-a-san-luca","status":"publish","type":"post","link":"https:\/\/dicodusport.fr\/blog\/tour-d-emilie-primoz-roglic-s-impose-a-san-luca\/","title":{"rendered":"Tour d&rsquo;Emilie : Primoz Roglic s&rsquo;impose \u00e0 San Luca"},"content":{"rendered":"<p style=\"text-align: justify;\"><em><strong>Vainqueur de la Vuelta, Primoz Roglic a remport\u00e9 ce samedi la 102\u00e8me \u00e9dition du <a href=\"https:\/\/dicodusport.fr\/blog\/tour-d-emilie-2019-le-profil-de-la-course\/\" target=\"_blank\" rel=\"noopener\">Tour d&rsquo;Emilie<\/a>, sur les hauteurs de Bologne, au sommet de San Luca. Le Slov\u00e8ne a devanc\u00e9 les deux coureurs de EF Education First, Michael Woods et Sergio Higuita.<br \/>\n<\/strong><\/em><\/p>\n<p style=\"text-align: justify;\">Au terme d&rsquo;une course anim\u00e9e et toujours aussi spectaculaire, le Slov\u00e8ne <strong>Primoz Roglic<\/strong> (Jumbo-Visma) a remport\u00e9 le <strong>Tour d&rsquo;Emilie 2019<\/strong>, en haut de San Luca, \u00e0 Bologne, th\u00e9\u00e2tre du prologue du <strong>Giro<\/strong> en mai dernier que le dernier vainqueur de la <strong>Vuelta<\/strong> avait (d\u00e9j\u00e0) remport\u00e9. Sur le circuit final comportant cinq ascensions de <strong>San Luca<\/strong>, dont la mont\u00e9e finale, le coureur de 29 ans a parfaitement man\u0153uvr\u00e9, en attaquant sur les pentes les plus raides dans le dernier kilom\u00e8tre, sans \u00eatre suivi. Les coureurs de la formation <strong>EF Education First<\/strong>, le Canadien <strong>Michael Woods<\/strong> et le Colombien <strong>Sergio Higuita<\/strong>, compl\u00e8tent le podium.<\/p>\n<blockquote class=\"twitter-tweet\">\n<p dir=\"ltr\" lang=\"fr\">Sacr\u00e9 Top 10 sur le Tour d&rsquo;\u00c9milie cette ann\u00e9e.<\/p>\n<p>C\u00f4t\u00e9 Fran\u00e7ais on soulignera la belle 7\u00e8me place de Pierre Latour et la 11\u00e8me de Rudy Molard, les deux ayant attaqu\u00e9 dans le dernier tour. <a href=\"https:\/\/twitter.com\/hashtag\/GiroDellEmilia?src=hash&amp;ref_src=twsrc%5Etfw\">#GiroDellEmilia<\/a> <a href=\"https:\/\/t.co\/gL1fzvkbA4\">https:\/\/t.co\/gL1fzvkbA4<\/a><\/p>\n<p>\u2014 Le Gruppetto (@LeGruppetto) <a href=\"https:\/\/twitter.com\/LeGruppetto\/status\/1180497874846654465?ref_src=twsrc%5Etfw\">October 5, 2019<\/a><\/p><\/blockquote>\n<p><script async src=\"https:\/\/platform.twitter.com\/widgets.js\" charset=\"utf-8\"><\/script><\/p>\n<p style=\"text-align: justify;\"><strong>Primoz Roglic<\/strong>, num\u00e9ro un mondial, va donc conforter sa place sur le fauteuil de leader du <strong>classement UCI<\/strong>, avant de s&rsquo;aligner sur <strong>les Trois Vall\u00e9es Var\u00e9sines<\/strong> ce mardi, et le <strong>Tour de Lombardie<\/strong>, samedi prochain, le dernier grand objectif de sa saison.<\/p>\n<p><strong><em>Dicodusport<br \/>\n<a href=\"https:\/\/www.facebook.com\/dicodusport\/\" target=\"_blank\" rel=\"noopener\"><img loading=\"lazy\" decoding=\"async\" class=\"alignnone wp-image-2909\" src=\"http:\/\/dicodusport.fr\/blog\/wp-content\/uploads\/2017\/07\/logo-facebook-150x150.png\" alt=\"\" width=\"40\" height=\"40\" \/><\/a><a href=\"https:\/\/twitter.com\/dicodusport\" target=\"_blank\" rel=\"noopener\"><img loading=\"lazy\" decoding=\"async\" class=\"alignnone wp-image-2908\" src=\"http:\/\/dicodusport.fr\/blog\/wp-content\/uploads\/2017\/07\/logo-twitter-150x150.png\" alt=\"\" width=\"39\" height=\"39\" \/><\/a><\/em><\/strong><\/p>\n<p>&nbsp;<\/p>\n","protected":false},"excerpt":{"rendered":"<p>Vainqueur de la Vuelta, Primoz Roglic a remport\u00e9 ce samedi la 102\u00e8me \u00e9dition du Tour d&rsquo;Emilie, sur les hauteurs de Bologne, au sommet de San Luca.<\/p>\n","protected":false},"author":4,"featured_media":46626,"comment_status":"open","ping_status":"closed","sticky":false,"template":"","format":"standard","meta":{"_acf_changed":false,"_daextam_enable_autolinks":"","footnotes":""},"categories":[2307],"tags":[574,8949],"class_list":["post-50698","post","type-post","status-publish","format-standard","has-post-thumbnail","hentry","category-cyclisme","tag-cyclisme","tag-tour-demilie"],"acf":[],"yoast_head":"<!-- This site is optimized with the Yoast SEO Premium plugin v26.7 (Yoast SEO v26.7) - https:\/\/yoast.com\/wordpress\/plugins\/seo\/ -->\n<title>Tour d&#039;Emilie : Primoz Roglic s&#039;impose \u00e0 San Luca<\/title>\n<meta name=\"description\" content=\"Vainqueur de la Vuelta, Primoz Roglic a remport\u00e9 ce samedi la 102\u00e8me \u00e9dition du Tour d&#039;Emilie, sur les hauteurs de Bologne, au sommet de San Luca.\" \/>\n<meta name=\"robots\" content=\"index, follow, max-snippet:-1, max-image-preview:large, max-video-preview:-1\" \/>\n<link rel=\"canonical\" href=\"https:\/\/dicodusport.fr\/blog\/tour-d-emilie-primoz-roglic-s-impose-a-san-luca\/\" \/>\n<meta property=\"og:locale\" content=\"fr_FR\" \/>\n<meta property=\"og:type\" content=\"article\" \/>\n<meta property=\"og:title\" content=\"Primoz Roglic remporte le Tour d&#039;Emilie\" \/>\n<meta property=\"og:description\" content=\"Vainqueur de la Vuelta, Primoz Roglic a remport\u00e9 ce samedi la 102\u00e8me \u00e9dition du Tour d&#039;Emilie, sur les hauteurs de Bologne, au sommet de San Luca.\" \/>\n<meta property=\"og:url\" content=\"https:\/\/dicodusport.fr\/blog\/tour-d-emilie-primoz-roglic-s-impose-a-san-luca\/\" \/>\n<meta property=\"og:site_name\" content=\"Dicodusport\" \/>\n<meta property=\"article:publisher\" content=\"https:\/\/www.facebook.com\/dicodusport\" \/>\n<meta property=\"article:author\" content=\"https:\/\/www.facebook.com\/florent.ostermann\" \/>\n<meta property=\"article:published_time\" content=\"2019-10-05T14:48:07+00:00\" \/>\n<meta property=\"article:modified_time\" content=\"2019-10-07T05:59:43+00:00\" \/>\n<meta property=\"og:image\" content=\"https:\/\/dicodusport.fr\/blog\/wp-content\/uploads\/2019\/08\/Favoris-6\u00e8me-\u00e9tape-Vuelta-2019-Primoz-Roglic.png\" \/>\n\t<meta property=\"og:image:width\" content=\"800\" \/>\n\t<meta property=\"og:image:height\" content=\"445\" \/>\n\t<meta property=\"og:image:type\" content=\"image\/png\" \/>\n<meta name=\"author\" content=\"Flo Ostermann\" \/>\n<meta name=\"twitter:card\" content=\"summary_large_image\" \/>\n<meta name=\"twitter:title\" content=\"Primoz Roglic remporte le Tour d&#039;Emilie\" \/>\n<meta name=\"twitter:creator\" content=\"@https:\/\/twitter.com\/FlOstermann\" \/>\n<meta name=\"twitter:site\" content=\"@dicodusport\" \/>\n<script type=\"application\/ld+json\" class=\"yoast-schema-graph\">{\"@context\":\"https:\/\/schema.org\",\"@graph\":[{\"@type\":\"NewsArticle\",\"@id\":\"https:\/\/dicodusport.fr\/blog\/tour-d-emilie-primoz-roglic-s-impose-a-san-luca\/#article\",\"isPartOf\":{\"@id\":\"https:\/\/dicodusport.fr\/blog\/tour-d-emilie-primoz-roglic-s-impose-a-san-luca\/\"},\"author\":{\"name\":\"Flo Ostermann\",\"@id\":\"https:\/\/dicodusport.fr\/blog\/#\/schema\/person\/cb02af4c173ce4a653b55e9baf388d4a\"},\"headline\":\"Tour d&rsquo;Emilie : Primoz Roglic s&rsquo;impose \u00e0 San Luca\",\"datePublished\":\"2019-10-05T14:48:07+00:00\",\"dateModified\":\"2019-10-07T05:59:43+00:00\",\"mainEntityOfPage\":{\"@id\":\"https:\/\/dicodusport.fr\/blog\/tour-d-emilie-primoz-roglic-s-impose-a-san-luca\/\"},\"wordCount\":257,\"commentCount\":0,\"publisher\":{\"@id\":\"https:\/\/dicodusport.fr\/blog\/#organization\"},\"image\":{\"@id\":\"https:\/\/dicodusport.fr\/blog\/tour-d-emilie-primoz-roglic-s-impose-a-san-luca\/#primaryimage\"},\"thumbnailUrl\":\"https:\/\/dicodusport.fr\/blog\/wp-content\/uploads\/2019\/08\/Favoris-6\u00e8me-\u00e9tape-Vuelta-2019-Primoz-Roglic.png\",\"keywords\":[\"Cyclisme\",\"Tour d'Emilie\"],\"articleSection\":[\"Cyclisme\"],\"inLanguage\":\"fr-FR\",\"potentialAction\":[{\"@type\":\"CommentAction\",\"name\":\"Comment\",\"target\":[\"https:\/\/dicodusport.fr\/blog\/tour-d-emilie-primoz-roglic-s-impose-a-san-luca\/#respond\"]}],\"copyrightYear\":\"2019\",\"copyrightHolder\":{\"@id\":\"https:\/\/dicodusport.fr\/blog\/#organization\"}},{\"@type\":\"WebPage\",\"@id\":\"https:\/\/dicodusport.fr\/blog\/tour-d-emilie-primoz-roglic-s-impose-a-san-luca\/\",\"url\":\"https:\/\/dicodusport.fr\/blog\/tour-d-emilie-primoz-roglic-s-impose-a-san-luca\/\",\"name\":\"Tour d'Emilie : Primoz Roglic s'impose \u00e0 San Luca\",\"isPartOf\":{\"@id\":\"https:\/\/dicodusport.fr\/blog\/#website\"},\"primaryImageOfPage\":{\"@id\":\"https:\/\/dicodusport.fr\/blog\/tour-d-emilie-primoz-roglic-s-impose-a-san-luca\/#primaryimage\"},\"image\":{\"@id\":\"https:\/\/dicodusport.fr\/blog\/tour-d-emilie-primoz-roglic-s-impose-a-san-luca\/#primaryimage\"},\"thumbnailUrl\":\"https:\/\/dicodusport.fr\/blog\/wp-content\/uploads\/2019\/08\/Favoris-6\u00e8me-\u00e9tape-Vuelta-2019-Primoz-Roglic.png\",\"datePublished\":\"2019-10-05T14:48:07+00:00\",\"dateModified\":\"2019-10-07T05:59:43+00:00\",\"description\":\"Vainqueur de la Vuelta, Primoz Roglic a remport\u00e9 ce samedi la 102\u00e8me \u00e9dition du Tour d'Emilie, sur les hauteurs de Bologne, au sommet de San Luca.\",\"breadcrumb\":{\"@id\":\"https:\/\/dicodusport.fr\/blog\/tour-d-emilie-primoz-roglic-s-impose-a-san-luca\/#breadcrumb\"},\"inLanguage\":\"fr-FR\",\"potentialAction\":[{\"@type\":\"ReadAction\",\"target\":[\"https:\/\/dicodusport.fr\/blog\/tour-d-emilie-primoz-roglic-s-impose-a-san-luca\/\"]}]},{\"@type\":\"ImageObject\",\"inLanguage\":\"fr-FR\",\"@id\":\"https:\/\/dicodusport.fr\/blog\/tour-d-emilie-primoz-roglic-s-impose-a-san-luca\/#primaryimage\",\"url\":\"https:\/\/dicodusport.fr\/blog\/wp-content\/uploads\/2019\/08\/Favoris-6\u00e8me-\u00e9tape-Vuelta-2019-Primoz-Roglic.png\",\"contentUrl\":\"https:\/\/dicodusport.fr\/blog\/wp-content\/uploads\/2019\/08\/Favoris-6\u00e8me-\u00e9tape-Vuelta-2019-Primoz-Roglic.png\",\"width\":800,\"height\":445},{\"@type\":\"BreadcrumbList\",\"@id\":\"https:\/\/dicodusport.fr\/blog\/tour-d-emilie-primoz-roglic-s-impose-a-san-luca\/#breadcrumb\",\"itemListElement\":[{\"@type\":\"ListItem\",\"position\":1,\"name\":\"Accueil\",\"item\":\"https:\/\/dicodusport.fr\/blog\/\"},{\"@type\":\"ListItem\",\"position\":2,\"name\":\"Tour d&rsquo;Emilie : Primoz Roglic s&rsquo;impose \u00e0 San Luca\"}]},{\"@type\":\"WebSite\",\"@id\":\"https:\/\/dicodusport.fr\/blog\/#website\",\"url\":\"https:\/\/dicodusport.fr\/blog\/\",\"name\":\"Dicodusport\",\"description\":\"L&#039;encyclop\u00e9die de l&#039;actualit\u00e9 sportive\",\"publisher\":{\"@id\":\"https:\/\/dicodusport.fr\/blog\/#organization\"},\"potentialAction\":[{\"@type\":\"SearchAction\",\"target\":{\"@type\":\"EntryPoint\",\"urlTemplate\":\"https:\/\/dicodusport.fr\/blog\/?s={search_term_string}\"},\"query-input\":{\"@type\":\"PropertyValueSpecification\",\"valueRequired\":true,\"valueName\":\"search_term_string\"}}],\"inLanguage\":\"fr-FR\"},{\"@type\":\"NewsMediaOrganization\",\"@id\":\"https:\/\/dicodusport.fr\/blog\/#organization\",\"name\":\"Dicodusport\",\"url\":\"https:\/\/dicodusport.fr\/blog\/\",\"logo\":{\"@type\":\"ImageObject\",\"inLanguage\":\"fr-FR\",\"@id\":\"https:\/\/dicodusport.fr\/blog\/#\/schema\/logo\/image\/\",\"url\":\"https:\/\/dicodusport.fr\/blog\/wp-content\/uploads\/2020\/06\/cropped-LOGO-DICODUSPORT-2020-SANS-FOND-SANS-TEXTE.png\",\"contentUrl\":\"https:\/\/dicodusport.fr\/blog\/wp-content\/uploads\/2020\/06\/cropped-LOGO-DICODUSPORT-2020-SANS-FOND-SANS-TEXTE.png\",\"width\":512,\"height\":512,\"caption\":\"Dicodusport\"},\"image\":{\"@id\":\"https:\/\/dicodusport.fr\/blog\/#\/schema\/logo\/image\/\"},\"sameAs\":[\"https:\/\/www.facebook.com\/dicodusport\",\"https:\/\/x.com\/dicodusport\",\"https:\/\/www.instagram.com\/dicodusport\/\",\"https:\/\/www.youtube.com\/channel\/UC7V2KZ5sd3htJivAbA4ZG3w\"],\"description\":\"Dicodusport est l'encyclop\u00e9die de l'actualit\u00e9 sportive.\",\"email\":\"bonjour@dicodusport.fr\",\"legalName\":\"DICODUSPORT\",\"foundingDate\":\"2018-01-14\",\"vatID\":\"FR71834470973\",\"taxID\":\"83447097300043\",\"numberOfEmployees\":{\"@type\":\"QuantitativeValue\",\"minValue\":\"1\",\"maxValue\":\"10\"}},{\"@type\":\"Person\",\"@id\":\"https:\/\/dicodusport.fr\/blog\/#\/schema\/person\/cb02af4c173ce4a653b55e9baf388d4a\",\"name\":\"Flo Ostermann\",\"image\":{\"@type\":\"ImageObject\",\"inLanguage\":\"fr-FR\",\"@id\":\"https:\/\/dicodusport.fr\/blog\/#\/schema\/person\/image\/\",\"url\":\"https:\/\/dicodusport.fr\/blog\/wp-content\/uploads\/2021\/05\/Flo-Ostermann-150x150.jpg\",\"contentUrl\":\"https:\/\/dicodusport.fr\/blog\/wp-content\/uploads\/2021\/05\/Flo-Ostermann-150x150.jpg\",\"caption\":\"Flo Ostermann\"},\"description\":\"Journaliste\/R\u00e9dacteur depuis septembre 2015 - Mes premiers souvenirs dans le sport ? Les envol\u00e9es du Stade Toulousain et les duels Villeneuve-Schumacher et H\u00e4kkinen-Schumacher \u00e0 la fin des ann\u00e9es 90, la Coupe du monde de football en 1998, l\u2019exploit du XV de France face aux All Blacks en 1999, mais aussi Richard C\u0153ur de Lion qui vole sur les montagnes du Tour de France. Bien parti pour devenir professeur d\u2019EPS, les \u00e9v\u00e9nements de la vie (et la flemme d\u2019animer des s\u00e9ances de 3x500 m\u00e8tres toute ma vie) m\u2019ont conduit \u00e0 revoir mes plans. Me voil\u00e0 depuis fin 2017 sur Dicodusport, m\u00e9dia gr\u00e2ce (et pour) lequel je partage ma passion : le sport dans tous ses \u00e9tats. Le tout accompagn\u00e9 par les fous furieux et folles furieuses cit\u00e9s sur cette page !\",\"sameAs\":[\"https:\/\/www.facebook.com\/florent.ostermann\",\"https:\/\/x.com\/https:\/\/twitter.com\/FlOstermann\",\"admin\"],\"url\":\"https:\/\/dicodusport.fr\/blog\/author\/flo\/\"}]}<\/script>\n<!-- \/ Yoast SEO Premium plugin. -->","yoast_head_json":{"title":"Tour d'Emilie : Primoz Roglic s'impose \u00e0 San Luca","description":"Vainqueur de la Vuelta, Primoz Roglic a remport\u00e9 ce samedi la 102\u00e8me \u00e9dition du Tour d'Emilie, sur les hauteurs de Bologne, au sommet de San Luca.","robots":{"index":"index","follow":"follow","max-snippet":"max-snippet:-1","max-image-preview":"max-image-preview:large","max-video-preview":"max-video-preview:-1"},"canonical":"https:\/\/dicodusport.fr\/blog\/tour-d-emilie-primoz-roglic-s-impose-a-san-luca\/","og_locale":"fr_FR","og_type":"article","og_title":"Primoz Roglic remporte le Tour d'Emilie","og_description":"Vainqueur de la Vuelta, Primoz Roglic a remport\u00e9 ce samedi la 102\u00e8me \u00e9dition du Tour d'Emilie, sur les hauteurs de Bologne, au sommet de San Luca.","og_url":"https:\/\/dicodusport.fr\/blog\/tour-d-emilie-primoz-roglic-s-impose-a-san-luca\/","og_site_name":"Dicodusport","article_publisher":"https:\/\/www.facebook.com\/dicodusport","article_author":"https:\/\/www.facebook.com\/florent.ostermann","article_published_time":"2019-10-05T14:48:07+00:00","article_modified_time":"2019-10-07T05:59:43+00:00","og_image":[{"width":800,"height":445,"url":"https:\/\/dicodusport.fr\/blog\/wp-content\/uploads\/2019\/08\/Favoris-6\u00e8me-\u00e9tape-Vuelta-2019-Primoz-Roglic.png","type":"image\/png"}],"author":"Flo Ostermann","twitter_card":"summary_large_image","twitter_title":"Primoz Roglic remporte le Tour d'Emilie","twitter_creator":"@https:\/\/twitter.com\/FlOstermann","twitter_site":"@dicodusport","schema":{"@context":"https:\/\/schema.org","@graph":[{"@type":"NewsArticle","@id":"https:\/\/dicodusport.fr\/blog\/tour-d-emilie-primoz-roglic-s-impose-a-san-luca\/#article","isPartOf":{"@id":"https:\/\/dicodusport.fr\/blog\/tour-d-emilie-primoz-roglic-s-impose-a-san-luca\/"},"author":{"name":"Flo Ostermann","@id":"https:\/\/dicodusport.fr\/blog\/#\/schema\/person\/cb02af4c173ce4a653b55e9baf388d4a"},"headline":"Tour d&rsquo;Emilie : Primoz Roglic s&rsquo;impose \u00e0 San Luca","datePublished":"2019-10-05T14:48:07+00:00","dateModified":"2019-10-07T05:59:43+00:00","mainEntityOfPage":{"@id":"https:\/\/dicodusport.fr\/blog\/tour-d-emilie-primoz-roglic-s-impose-a-san-luca\/"},"wordCount":257,"commentCount":0,"publisher":{"@id":"https:\/\/dicodusport.fr\/blog\/#organization"},"image":{"@id":"https:\/\/dicodusport.fr\/blog\/tour-d-emilie-primoz-roglic-s-impose-a-san-luca\/#primaryimage"},"thumbnailUrl":"https:\/\/dicodusport.fr\/blog\/wp-content\/uploads\/2019\/08\/Favoris-6\u00e8me-\u00e9tape-Vuelta-2019-Primoz-Roglic.png","keywords":["Cyclisme","Tour d'Emilie"],"articleSection":["Cyclisme"],"inLanguage":"fr-FR","potentialAction":[{"@type":"CommentAction","name":"Comment","target":["https:\/\/dicodusport.fr\/blog\/tour-d-emilie-primoz-roglic-s-impose-a-san-luca\/#respond"]}],"copyrightYear":"2019","copyrightHolder":{"@id":"https:\/\/dicodusport.fr\/blog\/#organization"}},{"@type":"WebPage","@id":"https:\/\/dicodusport.fr\/blog\/tour-d-emilie-primoz-roglic-s-impose-a-san-luca\/","url":"https:\/\/dicodusport.fr\/blog\/tour-d-emilie-primoz-roglic-s-impose-a-san-luca\/","name":"Tour d'Emilie : Primoz Roglic s'impose \u00e0 San Luca","isPartOf":{"@id":"https:\/\/dicodusport.fr\/blog\/#website"},"primaryImageOfPage":{"@id":"https:\/\/dicodusport.fr\/blog\/tour-d-emilie-primoz-roglic-s-impose-a-san-luca\/#primaryimage"},"image":{"@id":"https:\/\/dicodusport.fr\/blog\/tour-d-emilie-primoz-roglic-s-impose-a-san-luca\/#primaryimage"},"thumbnailUrl":"https:\/\/dicodusport.fr\/blog\/wp-content\/uploads\/2019\/08\/Favoris-6\u00e8me-\u00e9tape-Vuelta-2019-Primoz-Roglic.png","datePublished":"2019-10-05T14:48:07+00:00","dateModified":"2019-10-07T05:59:43+00:00","description":"Vainqueur de la Vuelta, Primoz Roglic a remport\u00e9 ce samedi la 102\u00e8me \u00e9dition du Tour d'Emilie, sur les hauteurs de Bologne, au sommet de San Luca.","breadcrumb":{"@id":"https:\/\/dicodusport.fr\/blog\/tour-d-emilie-primoz-roglic-s-impose-a-san-luca\/#breadcrumb"},"inLanguage":"fr-FR","potentialAction":[{"@type":"ReadAction","target":["https:\/\/dicodusport.fr\/blog\/tour-d-emilie-primoz-roglic-s-impose-a-san-luca\/"]}]},{"@type":"ImageObject","inLanguage":"fr-FR","@id":"https:\/\/dicodusport.fr\/blog\/tour-d-emilie-primoz-roglic-s-impose-a-san-luca\/#primaryimage","url":"https:\/\/dicodusport.fr\/blog\/wp-content\/uploads\/2019\/08\/Favoris-6\u00e8me-\u00e9tape-Vuelta-2019-Primoz-Roglic.png","contentUrl":"https:\/\/dicodusport.fr\/blog\/wp-content\/uploads\/2019\/08\/Favoris-6\u00e8me-\u00e9tape-Vuelta-2019-Primoz-Roglic.png","width":800,"height":445},{"@type":"BreadcrumbList","@id":"https:\/\/dicodusport.fr\/blog\/tour-d-emilie-primoz-roglic-s-impose-a-san-luca\/#breadcrumb","itemListElement":[{"@type":"ListItem","position":1,"name":"Accueil","item":"https:\/\/dicodusport.fr\/blog\/"},{"@type":"ListItem","position":2,"name":"Tour d&rsquo;Emilie : Primoz Roglic s&rsquo;impose \u00e0 San Luca"}]},{"@type":"WebSite","@id":"https:\/\/dicodusport.fr\/blog\/#website","url":"https:\/\/dicodusport.fr\/blog\/","name":"Dicodusport","description":"L&#039;encyclop\u00e9die de l&#039;actualit\u00e9 sportive","publisher":{"@id":"https:\/\/dicodusport.fr\/blog\/#organization"},"potentialAction":[{"@type":"SearchAction","target":{"@type":"EntryPoint","urlTemplate":"https:\/\/dicodusport.fr\/blog\/?s={search_term_string}"},"query-input":{"@type":"PropertyValueSpecification","valueRequired":true,"valueName":"search_term_string"}}],"inLanguage":"fr-FR"},{"@type":"NewsMediaOrganization","@id":"https:\/\/dicodusport.fr\/blog\/#organization","name":"Dicodusport","url":"https:\/\/dicodusport.fr\/blog\/","logo":{"@type":"ImageObject","inLanguage":"fr-FR","@id":"https:\/\/dicodusport.fr\/blog\/#\/schema\/logo\/image\/","url":"https:\/\/dicodusport.fr\/blog\/wp-content\/uploads\/2020\/06\/cropped-LOGO-DICODUSPORT-2020-SANS-FOND-SANS-TEXTE.png","contentUrl":"https:\/\/dicodusport.fr\/blog\/wp-content\/uploads\/2020\/06\/cropped-LOGO-DICODUSPORT-2020-SANS-FOND-SANS-TEXTE.png","width":512,"height":512,"caption":"Dicodusport"},"image":{"@id":"https:\/\/dicodusport.fr\/blog\/#\/schema\/logo\/image\/"},"sameAs":["https:\/\/www.facebook.com\/dicodusport","https:\/\/x.com\/dicodusport","https:\/\/www.instagram.com\/dicodusport\/","https:\/\/www.youtube.com\/channel\/UC7V2KZ5sd3htJivAbA4ZG3w"],"description":"Dicodusport est l'encyclop\u00e9die de l'actualit\u00e9 sportive.","email":"bonjour@dicodusport.fr","legalName":"DICODUSPORT","foundingDate":"2018-01-14","vatID":"FR71834470973","taxID":"83447097300043","numberOfEmployees":{"@type":"QuantitativeValue","minValue":"1","maxValue":"10"}},{"@type":"Person","@id":"https:\/\/dicodusport.fr\/blog\/#\/schema\/person\/cb02af4c173ce4a653b55e9baf388d4a","name":"Flo Ostermann","image":{"@type":"ImageObject","inLanguage":"fr-FR","@id":"https:\/\/dicodusport.fr\/blog\/#\/schema\/person\/image\/","url":"https:\/\/dicodusport.fr\/blog\/wp-content\/uploads\/2021\/05\/Flo-Ostermann-150x150.jpg","contentUrl":"https:\/\/dicodusport.fr\/blog\/wp-content\/uploads\/2021\/05\/Flo-Ostermann-150x150.jpg","caption":"Flo Ostermann"},"description":"Journaliste\/R\u00e9dacteur depuis septembre 2015 - Mes premiers souvenirs dans le sport ? Les envol\u00e9es du Stade Toulousain et les duels Villeneuve-Schumacher et H\u00e4kkinen-Schumacher \u00e0 la fin des ann\u00e9es 90, la Coupe du monde de football en 1998, l\u2019exploit du XV de France face aux All Blacks en 1999, mais aussi Richard C\u0153ur de Lion qui vole sur les montagnes du Tour de France. Bien parti pour devenir professeur d\u2019EPS, les \u00e9v\u00e9nements de la vie (et la flemme d\u2019animer des s\u00e9ances de 3x500 m\u00e8tres toute ma vie) m\u2019ont conduit \u00e0 revoir mes plans. Me voil\u00e0 depuis fin 2017 sur Dicodusport, m\u00e9dia gr\u00e2ce (et pour) lequel je partage ma passion : le sport dans tous ses \u00e9tats. Le tout accompagn\u00e9 par les fous furieux et folles furieuses cit\u00e9s sur cette page !","sameAs":["https:\/\/www.facebook.com\/florent.ostermann","https:\/\/x.com\/https:\/\/twitter.com\/FlOstermann","admin"],"url":"https:\/\/dicodusport.fr\/blog\/author\/flo\/"}]}},"_links":{"self":[{"href":"https:\/\/dicodusport.fr\/blog\/wp-json\/wp\/v2\/posts\/50698","targetHints":{"allow":["GET"]}}],"collection":[{"href":"https:\/\/dicodusport.fr\/blog\/wp-json\/wp\/v2\/posts"}],"about":[{"href":"https:\/\/dicodusport.fr\/blog\/wp-json\/wp\/v2\/types\/post"}],"author":[{"embeddable":true,"href":"https:\/\/dicodusport.fr\/blog\/wp-json\/wp\/v2\/users\/4"}],"replies":[{"embeddable":true,"href":"https:\/\/dicodusport.fr\/blog\/wp-json\/wp\/v2\/comments?post=50698"}],"version-history":[{"count":0,"href":"https:\/\/dicodusport.fr\/blog\/wp-json\/wp\/v2\/posts\/50698\/revisions"}],"wp:featuredmedia":[{"embeddable":true,"href":"https:\/\/dicodusport.fr\/blog\/wp-json\/wp\/v2\/media\/46626"}],"wp:attachment":[{"href":"https:\/\/dicodusport.fr\/blog\/wp-json\/wp\/v2\/media?parent=50698"}],"wp:term":[{"taxonomy":"category","embeddable":true,"href":"https:\/\/dicodusport.fr\/blog\/wp-json\/wp\/v2\/categories?post=50698"},{"taxonomy":"post_tag","embeddable":true,"href":"https:\/\/dicodusport.fr\/blog\/wp-json\/wp\/v2\/tags?post=50698"}],"curies":[{"name":"wp","href":"https:\/\/api.w.org\/{rel}","templated":true}]}}