{"id":507352,"date":"2024-08-02T17:19:42","date_gmt":"2024-08-02T15:19:42","guid":{"rendered":"https:\/\/dicodusport.fr\/blog\/?p=507352&#038;preview=true&#038;preview_id=507352"},"modified":"2024-08-02T20:02:21","modified_gmt":"2024-08-02T18:02:21","slug":"judo-jo-2024-romane-dicko-sempare-du-bronze-a-la-vitesse-de-leclair","status":"publish","type":"post","link":"https:\/\/dicodusport.fr\/blog\/judo-jo-2024-romane-dicko-sempare-du-bronze-a-la-vitesse-de-leclair\/","title":{"rendered":"Judo JO 2024 : Romane Dicko s&#8217;empare du bronze \u00e0 la vitesse de l&rsquo;\u00e9clair"},"content":{"rendered":"<p style=\"text-align: justify;\"><strong><em>JUDO JO 2024 &#8211; Romane Dicko s&rsquo;est empar\u00e9e de la m\u00e9daille de bronze en combattant \u00e0 peine 30 secondes face \u00e0 Milica Zabic.<br \/>\n<\/em><\/strong><\/p>\n<ul style=\"text-align: justify;\">\n<li style=\"text-align: justify;\"><strong>\u00c0 ce sujet \u2013\u00a0<a href=\"https:\/\/dicodusport.fr\/blog\/jo-paris-2024\/\" target=\"_blank\" rel=\"noopener\">L\u2019actualit\u00e9 des JO de Paris 2024<\/a><\/strong><\/li>\n<li><strong>\u00c0 ce sujet \u2013\u00a0<a href=\"https:\/\/dicodusport.fr\/blog\/programme-et-resultats-judo-jo-2024\/\" target=\"_blank\" rel=\"noopener\">Calendrier et r\u00e9sultats du judo<\/a><\/strong><\/li>\n<\/ul>\n<p style=\"text-align: justify;\">Peu de temps apr\u00e8s <a href=\"https:\/\/dicodusport.fr\/blog\/judo-jo-2024-romane-dicko-sincline-en-demi-finale-et-combattra-pour-le-bronze\/\">la d\u00e9sillusion subie en demies<\/a> des mains de Beatriz Souza, <strong>Romane Dicko<\/strong> n&rsquo;avait pas le temps de se morfondre. Le tatami parisien l&rsquo;attendait pour un ultime tour de piste avec une m\u00e9daille de bronze dans le viseur. Un m\u00e9tal qu&rsquo;elle avait d\u00e9j\u00e0 conquis \u00e0 Tokyo il y a trois ans.<\/p>\n<h2>Romane Dicko exp\u00e9die son combat<\/h2>\n<p style=\"text-align: justify;\">Pour arriver \u00e0 ses fins, il fallait donc qu&rsquo;elle prenne le dessus sur l&rsquo;exp\u00e9riment\u00e9e serbe, <strong>Milica Zabic<\/strong>. A 30 ans, cette derni\u00e8re avait l&rsquo;occasion de d\u00e9crocher le plus beau r\u00e9sultat de sa carri\u00e8re dans une comp\u00e9tition si importante, et \u00e9tait plus d\u00e9termin\u00e9e que jamais. Mais le combat va rapidement tourner court. Sur sa premi\u00e8re offensive, la Fran\u00e7aise frappe tr\u00e8s fort en r\u00e9alisant un ippon pour \u00e9courter la rencontre, et s&rsquo;assurer un nouveau m\u00e9tal olympique !<\/p>\n<p style=\"text-align: justify;\">Malgr\u00e9 tout, ce sont des larmes de tristesse qui sortiront en premier, la tristesse d&rsquo;\u00eatre pass\u00e9e \u00e0 c\u00f4t\u00e9 de l&rsquo;or. Mais nul doute qu&rsquo;elle saura l&rsquo;appr\u00e9cier \u00e0 froid !<\/p>\n<blockquote class=\"twitter-tweet\">\n<p dir=\"ltr\" lang=\"fr\">M\u00c9DAILLE DE BRONZE \ud83e\udd49<\/p>\n<p>Notre judoka fran\u00e7aise Romane Dicko monte sur le podium des Jeux Olympiques en +78kg !! \ud83d\udd25<a href=\"https:\/\/twitter.com\/hashtag\/AllezLesBleus?src=hash&amp;ref_src=twsrc%5Etfw\">#AllezLesBleus<\/a> <a href=\"https:\/\/twitter.com\/hashtag\/Paris2024?src=hash&amp;ref_src=twsrc%5Etfw\">#Paris2024<\/a> <a href=\"https:\/\/t.co\/eNnopd0y05\">pic.twitter.com\/eNnopd0y05<\/a><\/p>\n<p>\u2014 Equipe France (@EquipeFRA) <a href=\"https:\/\/twitter.com\/EquipeFRA\/status\/1819392549162741939?ref_src=twsrc%5Etfw\">August 2, 2024<\/a><\/p><\/blockquote>\n<p><script async src=\"https:\/\/platform.twitter.com\/widgets.js\" charset=\"utf-8\"><\/script><\/p>\n","protected":false},"excerpt":{"rendered":"<p>JUDO JO 2024 &#8211; Romane Dicko s&rsquo;est empar\u00e9e de la m\u00e9daille de bronze en combattant \u00e0 peine 30 secondes face \u00e0 Milica Zabic.<\/p>\n","protected":false},"author":55,"featured_media":507460,"comment_status":"open","ping_status":"closed","sticky":false,"template":"","format":"standard","meta":{"_acf_changed":false,"_daextam_enable_autolinks":"1","footnotes":""},"categories":[8436,8651],"tags":[32415,16878,1506,19184,1504,12920,68,1004,4367,2379,24],"class_list":["post-507352","post","type-post","status-publish","format-standard","has-post-thumbnail","hentry","category-jo-paris-2024","category-judo","tag-actu","tag-breve","tag-jeux-olympiques-2024","tag-jeux-olympiques-de-paris","tag-jo-2024","tag-jo-paris-2024","tag-judo","tag-paris-2024","tag-poids-lourds","tag-romane-dicko","tag-sport"],"acf":[],"yoast_head":"<!-- This site is optimized with the Yoast SEO Premium plugin v26.7 (Yoast SEO v26.7) - https:\/\/yoast.com\/wordpress\/plugins\/seo\/ -->\n<title>Judo JO 2024 : Romane Dicko s&#039;empare du bronze \u00e0 la vitesse de l&#039;\u00e9clair<\/title>\n<meta name=\"description\" content=\"JUDO JO 2024 - Romane Dicko a remport\u00e9 la m\u00e9daille de bronze en seulement 30 secondes face \u00e0 sa rivale cet apr\u00e8s-midi !\" \/>\n<meta name=\"robots\" content=\"index, follow, max-snippet:-1, max-image-preview:large, max-video-preview:-1\" \/>\n<link rel=\"canonical\" href=\"https:\/\/dicodusport.fr\/blog\/judo-jo-2024-romane-dicko-sempare-du-bronze-a-la-vitesse-de-leclair\/\" \/>\n<meta property=\"og:locale\" content=\"fr_FR\" \/>\n<meta property=\"og:type\" content=\"article\" \/>\n<meta property=\"og:title\" content=\"Judo JO 2024 : Romane Dicko s&#039;empare du bronze \u00e0 la vitesse de l&#039;\u00e9clair\" \/>\n<meta property=\"og:description\" content=\"JUDO JO 2024 - Romane Dicko a remport\u00e9 la m\u00e9daille de bronze en seulement 30 secondes face \u00e0 sa rivale cet apr\u00e8s-midi !\" \/>\n<meta property=\"og:url\" content=\"https:\/\/dicodusport.fr\/blog\/judo-jo-2024-romane-dicko-sempare-du-bronze-a-la-vitesse-de-leclair\/\" \/>\n<meta property=\"og:site_name\" content=\"Dicodusport\" \/>\n<meta property=\"article:publisher\" content=\"https:\/\/www.facebook.com\/dicodusport\" \/>\n<meta property=\"article:published_time\" content=\"2024-08-02T15:19:42+00:00\" \/>\n<meta property=\"article:modified_time\" content=\"2024-08-02T18:02:21+00:00\" \/>\n<meta property=\"og:image\" content=\"https:\/\/dicodusport.fr\/blog\/wp-content\/uploads\/2024\/08\/Judo-JO-2024-Romane-Dicko-sempare-du-bronze-a-la-vitesse-de-leclair.png\" \/>\n\t<meta property=\"og:image:width\" content=\"1200\" \/>\n\t<meta property=\"og:image:height\" content=\"674\" \/>\n\t<meta property=\"og:image:type\" content=\"image\/png\" \/>\n<meta name=\"author\" content=\"Maxime Cazenave\" \/>\n<meta name=\"twitter:card\" content=\"summary_large_image\" \/>\n<meta name=\"twitter:title\" content=\"Judo JO 2024 : Romane Dicko s&#039;empare du bronze \u00e0 la vitesse de l&#039;\u00e9clair\" \/>\n<meta name=\"twitter:creator\" content=\"@https:\/\/twitter.com\/Maxime_Caze\" \/>\n<meta name=\"twitter:site\" content=\"@dicodusport\" \/>\n<script type=\"application\/ld+json\" class=\"yoast-schema-graph\">{\"@context\":\"https:\/\/schema.org\",\"@graph\":[{\"@type\":\"NewsArticle\",\"@id\":\"https:\/\/dicodusport.fr\/blog\/judo-jo-2024-romane-dicko-sempare-du-bronze-a-la-vitesse-de-leclair\/#article\",\"isPartOf\":{\"@id\":\"https:\/\/dicodusport.fr\/blog\/judo-jo-2024-romane-dicko-sempare-du-bronze-a-la-vitesse-de-leclair\/\"},\"author\":{\"name\":\"Maxime Cazenave\",\"@id\":\"https:\/\/dicodusport.fr\/blog\/#\/schema\/person\/37def232098a7a5cbab3974a3690abb0\"},\"headline\":\"Judo JO 2024 : Romane Dicko s&#8217;empare du bronze \u00e0 la vitesse de l&rsquo;\u00e9clair\",\"datePublished\":\"2024-08-02T15:19:42+00:00\",\"dateModified\":\"2024-08-02T18:02:21+00:00\",\"mainEntityOfPage\":{\"@id\":\"https:\/\/dicodusport.fr\/blog\/judo-jo-2024-romane-dicko-sempare-du-bronze-a-la-vitesse-de-leclair\/\"},\"wordCount\":271,\"commentCount\":0,\"publisher\":{\"@id\":\"https:\/\/dicodusport.fr\/blog\/#organization\"},\"image\":{\"@id\":\"https:\/\/dicodusport.fr\/blog\/judo-jo-2024-romane-dicko-sempare-du-bronze-a-la-vitesse-de-leclair\/#primaryimage\"},\"thumbnailUrl\":\"https:\/\/dicodusport.fr\/blog\/wp-content\/uploads\/2024\/08\/Judo-JO-2024-Romane-Dicko-sempare-du-bronze-a-la-vitesse-de-leclair.png\",\"keywords\":[\"actu\",\"br\u00e8ve\",\"Jeux olympiques 2024\",\"Jeux Olympiques de Paris\",\"JO 2024\",\"JO Paris 2024\",\"Judo\",\"Paris 2024\",\"poids lourds\",\"Romane Dicko\",\"sport\"],\"articleSection\":[\"JO Paris 2024\",\"Judo\"],\"inLanguage\":\"fr-FR\",\"potentialAction\":[{\"@type\":\"CommentAction\",\"name\":\"Comment\",\"target\":[\"https:\/\/dicodusport.fr\/blog\/judo-jo-2024-romane-dicko-sempare-du-bronze-a-la-vitesse-de-leclair\/#respond\"]}],\"copyrightYear\":\"2024\",\"copyrightHolder\":{\"@id\":\"https:\/\/dicodusport.fr\/blog\/#organization\"}},{\"@type\":\"WebPage\",\"@id\":\"https:\/\/dicodusport.fr\/blog\/judo-jo-2024-romane-dicko-sempare-du-bronze-a-la-vitesse-de-leclair\/\",\"url\":\"https:\/\/dicodusport.fr\/blog\/judo-jo-2024-romane-dicko-sempare-du-bronze-a-la-vitesse-de-leclair\/\",\"name\":\"Judo JO 2024 : Romane Dicko s'empare du bronze \u00e0 la vitesse de l'\u00e9clair\",\"isPartOf\":{\"@id\":\"https:\/\/dicodusport.fr\/blog\/#website\"},\"primaryImageOfPage\":{\"@id\":\"https:\/\/dicodusport.fr\/blog\/judo-jo-2024-romane-dicko-sempare-du-bronze-a-la-vitesse-de-leclair\/#primaryimage\"},\"image\":{\"@id\":\"https:\/\/dicodusport.fr\/blog\/judo-jo-2024-romane-dicko-sempare-du-bronze-a-la-vitesse-de-leclair\/#primaryimage\"},\"thumbnailUrl\":\"https:\/\/dicodusport.fr\/blog\/wp-content\/uploads\/2024\/08\/Judo-JO-2024-Romane-Dicko-sempare-du-bronze-a-la-vitesse-de-leclair.png\",\"datePublished\":\"2024-08-02T15:19:42+00:00\",\"dateModified\":\"2024-08-02T18:02:21+00:00\",\"description\":\"JUDO JO 2024 - Romane Dicko a remport\u00e9 la m\u00e9daille de bronze en seulement 30 secondes face \u00e0 sa rivale cet apr\u00e8s-midi !\",\"breadcrumb\":{\"@id\":\"https:\/\/dicodusport.fr\/blog\/judo-jo-2024-romane-dicko-sempare-du-bronze-a-la-vitesse-de-leclair\/#breadcrumb\"},\"inLanguage\":\"fr-FR\",\"potentialAction\":[{\"@type\":\"ReadAction\",\"target\":[\"https:\/\/dicodusport.fr\/blog\/judo-jo-2024-romane-dicko-sempare-du-bronze-a-la-vitesse-de-leclair\/\"]}]},{\"@type\":\"ImageObject\",\"inLanguage\":\"fr-FR\",\"@id\":\"https:\/\/dicodusport.fr\/blog\/judo-jo-2024-romane-dicko-sempare-du-bronze-a-la-vitesse-de-leclair\/#primaryimage\",\"url\":\"https:\/\/dicodusport.fr\/blog\/wp-content\/uploads\/2024\/08\/Judo-JO-2024-Romane-Dicko-sempare-du-bronze-a-la-vitesse-de-leclair.png\",\"contentUrl\":\"https:\/\/dicodusport.fr\/blog\/wp-content\/uploads\/2024\/08\/Judo-JO-2024-Romane-Dicko-sempare-du-bronze-a-la-vitesse-de-leclair.png\",\"width\":1200,\"height\":674,\"caption\":\"Judo JO 2024 Romane Dicko s'empare du bronze \u00e0 la vitesse de l'\u00e9clair\"},{\"@type\":\"BreadcrumbList\",\"@id\":\"https:\/\/dicodusport.fr\/blog\/judo-jo-2024-romane-dicko-sempare-du-bronze-a-la-vitesse-de-leclair\/#breadcrumb\",\"itemListElement\":[{\"@type\":\"ListItem\",\"position\":1,\"name\":\"Accueil\",\"item\":\"https:\/\/dicodusport.fr\/blog\/\"},{\"@type\":\"ListItem\",\"position\":2,\"name\":\"Judo JO 2024 : Romane Dicko s&#8217;empare du bronze \u00e0 la vitesse de l&#8217;\u00e9clair\"}]},{\"@type\":\"WebSite\",\"@id\":\"https:\/\/dicodusport.fr\/blog\/#website\",\"url\":\"https:\/\/dicodusport.fr\/blog\/\",\"name\":\"Dicodusport\",\"description\":\"L&#039;encyclop\u00e9die de l&#039;actualit\u00e9 sportive\",\"publisher\":{\"@id\":\"https:\/\/dicodusport.fr\/blog\/#organization\"},\"potentialAction\":[{\"@type\":\"SearchAction\",\"target\":{\"@type\":\"EntryPoint\",\"urlTemplate\":\"https:\/\/dicodusport.fr\/blog\/?s={search_term_string}\"},\"query-input\":{\"@type\":\"PropertyValueSpecification\",\"valueRequired\":true,\"valueName\":\"search_term_string\"}}],\"inLanguage\":\"fr-FR\"},{\"@type\":\"NewsMediaOrganization\",\"@id\":\"https:\/\/dicodusport.fr\/blog\/#organization\",\"name\":\"Dicodusport\",\"url\":\"https:\/\/dicodusport.fr\/blog\/\",\"logo\":{\"@type\":\"ImageObject\",\"inLanguage\":\"fr-FR\",\"@id\":\"https:\/\/dicodusport.fr\/blog\/#\/schema\/logo\/image\/\",\"url\":\"https:\/\/dicodusport.fr\/blog\/wp-content\/uploads\/2020\/06\/cropped-LOGO-DICODUSPORT-2020-SANS-FOND-SANS-TEXTE.png\",\"contentUrl\":\"https:\/\/dicodusport.fr\/blog\/wp-content\/uploads\/2020\/06\/cropped-LOGO-DICODUSPORT-2020-SANS-FOND-SANS-TEXTE.png\",\"width\":512,\"height\":512,\"caption\":\"Dicodusport\"},\"image\":{\"@id\":\"https:\/\/dicodusport.fr\/blog\/#\/schema\/logo\/image\/\"},\"sameAs\":[\"https:\/\/www.facebook.com\/dicodusport\",\"https:\/\/x.com\/dicodusport\",\"https:\/\/www.instagram.com\/dicodusport\/\",\"https:\/\/www.youtube.com\/channel\/UC7V2KZ5sd3htJivAbA4ZG3w\"],\"description\":\"Dicodusport est l'encyclop\u00e9die de l'actualit\u00e9 sportive.\",\"email\":\"bonjour@dicodusport.fr\",\"legalName\":\"DICODUSPORT\",\"foundingDate\":\"2018-01-14\",\"vatID\":\"FR71834470973\",\"taxID\":\"83447097300043\",\"numberOfEmployees\":{\"@type\":\"QuantitativeValue\",\"minValue\":\"1\",\"maxValue\":\"10\"}},{\"@type\":\"Person\",\"@id\":\"https:\/\/dicodusport.fr\/blog\/#\/schema\/person\/37def232098a7a5cbab3974a3690abb0\",\"name\":\"Maxime Cazenave\",\"image\":{\"@type\":\"ImageObject\",\"inLanguage\":\"fr-FR\",\"@id\":\"https:\/\/dicodusport.fr\/blog\/#\/schema\/person\/image\/\",\"url\":\"https:\/\/dicodusport.fr\/blog\/wp-content\/uploads\/2021\/05\/Maxime-Cazenave-150x150.jpg\",\"contentUrl\":\"https:\/\/dicodusport.fr\/blog\/wp-content\/uploads\/2021\/05\/Maxime-Cazenave-150x150.jpg\",\"caption\":\"Maxime Cazenave\"},\"description\":\"Journaliste\/R\u00e9dacteur depuis 2012 - Berc\u00e9 par l\u2019amour des Girondins de Bordeaux, les \u00e9checs de Christophe Moreau sur le Tour de France sous l'\u00e8re Lance Armstrong et le fade-away l\u00e9tal de Dirk Nowitzki, ma passion d\u00e9vorante pour le sport a toujours \u00e9t\u00e9 un pan incontournable de ma vie. Transmettre ma passion \u00e0 l\u2019\u00e9crit a \u00e9t\u00e9 une transition naturelle. Suiveur assidu de basket et de hockey sur glace, je garde toujours un peu de place pour suivre le cyclisme, le football et le maximum de performances fran\u00e7aises.\",\"sameAs\":[\"https:\/\/x.com\/https:\/\/twitter.com\/Maxime_Caze\"],\"url\":\"https:\/\/dicodusport.fr\/blog\/author\/maximec\/\"}]}<\/script>\n<!-- \/ Yoast SEO Premium plugin. -->","yoast_head_json":{"title":"Judo JO 2024 : Romane Dicko s'empare du bronze \u00e0 la vitesse de l'\u00e9clair","description":"JUDO JO 2024 - Romane Dicko a remport\u00e9 la m\u00e9daille de bronze en seulement 30 secondes face \u00e0 sa rivale cet apr\u00e8s-midi !","robots":{"index":"index","follow":"follow","max-snippet":"max-snippet:-1","max-image-preview":"max-image-preview:large","max-video-preview":"max-video-preview:-1"},"canonical":"https:\/\/dicodusport.fr\/blog\/judo-jo-2024-romane-dicko-sempare-du-bronze-a-la-vitesse-de-leclair\/","og_locale":"fr_FR","og_type":"article","og_title":"Judo JO 2024 : Romane Dicko s'empare du bronze \u00e0 la vitesse de l'\u00e9clair","og_description":"JUDO JO 2024 - Romane Dicko a remport\u00e9 la m\u00e9daille de bronze en seulement 30 secondes face \u00e0 sa rivale cet apr\u00e8s-midi !","og_url":"https:\/\/dicodusport.fr\/blog\/judo-jo-2024-romane-dicko-sempare-du-bronze-a-la-vitesse-de-leclair\/","og_site_name":"Dicodusport","article_publisher":"https:\/\/www.facebook.com\/dicodusport","article_published_time":"2024-08-02T15:19:42+00:00","article_modified_time":"2024-08-02T18:02:21+00:00","og_image":[{"width":1200,"height":674,"url":"https:\/\/dicodusport.fr\/blog\/wp-content\/uploads\/2024\/08\/Judo-JO-2024-Romane-Dicko-sempare-du-bronze-a-la-vitesse-de-leclair.png","type":"image\/png"}],"author":"Maxime Cazenave","twitter_card":"summary_large_image","twitter_title":"Judo JO 2024 : Romane Dicko s'empare du bronze \u00e0 la vitesse de l'\u00e9clair","twitter_creator":"@https:\/\/twitter.com\/Maxime_Caze","twitter_site":"@dicodusport","schema":{"@context":"https:\/\/schema.org","@graph":[{"@type":"NewsArticle","@id":"https:\/\/dicodusport.fr\/blog\/judo-jo-2024-romane-dicko-sempare-du-bronze-a-la-vitesse-de-leclair\/#article","isPartOf":{"@id":"https:\/\/dicodusport.fr\/blog\/judo-jo-2024-romane-dicko-sempare-du-bronze-a-la-vitesse-de-leclair\/"},"author":{"name":"Maxime Cazenave","@id":"https:\/\/dicodusport.fr\/blog\/#\/schema\/person\/37def232098a7a5cbab3974a3690abb0"},"headline":"Judo JO 2024 : Romane Dicko s&#8217;empare du bronze \u00e0 la vitesse de l&rsquo;\u00e9clair","datePublished":"2024-08-02T15:19:42+00:00","dateModified":"2024-08-02T18:02:21+00:00","mainEntityOfPage":{"@id":"https:\/\/dicodusport.fr\/blog\/judo-jo-2024-romane-dicko-sempare-du-bronze-a-la-vitesse-de-leclair\/"},"wordCount":271,"commentCount":0,"publisher":{"@id":"https:\/\/dicodusport.fr\/blog\/#organization"},"image":{"@id":"https:\/\/dicodusport.fr\/blog\/judo-jo-2024-romane-dicko-sempare-du-bronze-a-la-vitesse-de-leclair\/#primaryimage"},"thumbnailUrl":"https:\/\/dicodusport.fr\/blog\/wp-content\/uploads\/2024\/08\/Judo-JO-2024-Romane-Dicko-sempare-du-bronze-a-la-vitesse-de-leclair.png","keywords":["actu","br\u00e8ve","Jeux olympiques 2024","Jeux Olympiques de Paris","JO 2024","JO Paris 2024","Judo","Paris 2024","poids lourds","Romane Dicko","sport"],"articleSection":["JO Paris 2024","Judo"],"inLanguage":"fr-FR","potentialAction":[{"@type":"CommentAction","name":"Comment","target":["https:\/\/dicodusport.fr\/blog\/judo-jo-2024-romane-dicko-sempare-du-bronze-a-la-vitesse-de-leclair\/#respond"]}],"copyrightYear":"2024","copyrightHolder":{"@id":"https:\/\/dicodusport.fr\/blog\/#organization"}},{"@type":"WebPage","@id":"https:\/\/dicodusport.fr\/blog\/judo-jo-2024-romane-dicko-sempare-du-bronze-a-la-vitesse-de-leclair\/","url":"https:\/\/dicodusport.fr\/blog\/judo-jo-2024-romane-dicko-sempare-du-bronze-a-la-vitesse-de-leclair\/","name":"Judo JO 2024 : Romane Dicko s'empare du bronze \u00e0 la vitesse de l'\u00e9clair","isPartOf":{"@id":"https:\/\/dicodusport.fr\/blog\/#website"},"primaryImageOfPage":{"@id":"https:\/\/dicodusport.fr\/blog\/judo-jo-2024-romane-dicko-sempare-du-bronze-a-la-vitesse-de-leclair\/#primaryimage"},"image":{"@id":"https:\/\/dicodusport.fr\/blog\/judo-jo-2024-romane-dicko-sempare-du-bronze-a-la-vitesse-de-leclair\/#primaryimage"},"thumbnailUrl":"https:\/\/dicodusport.fr\/blog\/wp-content\/uploads\/2024\/08\/Judo-JO-2024-Romane-Dicko-sempare-du-bronze-a-la-vitesse-de-leclair.png","datePublished":"2024-08-02T15:19:42+00:00","dateModified":"2024-08-02T18:02:21+00:00","description":"JUDO JO 2024 - Romane Dicko a remport\u00e9 la m\u00e9daille de bronze en seulement 30 secondes face \u00e0 sa rivale cet apr\u00e8s-midi !","breadcrumb":{"@id":"https:\/\/dicodusport.fr\/blog\/judo-jo-2024-romane-dicko-sempare-du-bronze-a-la-vitesse-de-leclair\/#breadcrumb"},"inLanguage":"fr-FR","potentialAction":[{"@type":"ReadAction","target":["https:\/\/dicodusport.fr\/blog\/judo-jo-2024-romane-dicko-sempare-du-bronze-a-la-vitesse-de-leclair\/"]}]},{"@type":"ImageObject","inLanguage":"fr-FR","@id":"https:\/\/dicodusport.fr\/blog\/judo-jo-2024-romane-dicko-sempare-du-bronze-a-la-vitesse-de-leclair\/#primaryimage","url":"https:\/\/dicodusport.fr\/blog\/wp-content\/uploads\/2024\/08\/Judo-JO-2024-Romane-Dicko-sempare-du-bronze-a-la-vitesse-de-leclair.png","contentUrl":"https:\/\/dicodusport.fr\/blog\/wp-content\/uploads\/2024\/08\/Judo-JO-2024-Romane-Dicko-sempare-du-bronze-a-la-vitesse-de-leclair.png","width":1200,"height":674,"caption":"Judo JO 2024 Romane Dicko s'empare du bronze \u00e0 la vitesse de l'\u00e9clair"},{"@type":"BreadcrumbList","@id":"https:\/\/dicodusport.fr\/blog\/judo-jo-2024-romane-dicko-sempare-du-bronze-a-la-vitesse-de-leclair\/#breadcrumb","itemListElement":[{"@type":"ListItem","position":1,"name":"Accueil","item":"https:\/\/dicodusport.fr\/blog\/"},{"@type":"ListItem","position":2,"name":"Judo JO 2024 : Romane Dicko s&#8217;empare du bronze \u00e0 la vitesse de l&#8217;\u00e9clair"}]},{"@type":"WebSite","@id":"https:\/\/dicodusport.fr\/blog\/#website","url":"https:\/\/dicodusport.fr\/blog\/","name":"Dicodusport","description":"L&#039;encyclop\u00e9die de l&#039;actualit\u00e9 sportive","publisher":{"@id":"https:\/\/dicodusport.fr\/blog\/#organization"},"potentialAction":[{"@type":"SearchAction","target":{"@type":"EntryPoint","urlTemplate":"https:\/\/dicodusport.fr\/blog\/?s={search_term_string}"},"query-input":{"@type":"PropertyValueSpecification","valueRequired":true,"valueName":"search_term_string"}}],"inLanguage":"fr-FR"},{"@type":"NewsMediaOrganization","@id":"https:\/\/dicodusport.fr\/blog\/#organization","name":"Dicodusport","url":"https:\/\/dicodusport.fr\/blog\/","logo":{"@type":"ImageObject","inLanguage":"fr-FR","@id":"https:\/\/dicodusport.fr\/blog\/#\/schema\/logo\/image\/","url":"https:\/\/dicodusport.fr\/blog\/wp-content\/uploads\/2020\/06\/cropped-LOGO-DICODUSPORT-2020-SANS-FOND-SANS-TEXTE.png","contentUrl":"https:\/\/dicodusport.fr\/blog\/wp-content\/uploads\/2020\/06\/cropped-LOGO-DICODUSPORT-2020-SANS-FOND-SANS-TEXTE.png","width":512,"height":512,"caption":"Dicodusport"},"image":{"@id":"https:\/\/dicodusport.fr\/blog\/#\/schema\/logo\/image\/"},"sameAs":["https:\/\/www.facebook.com\/dicodusport","https:\/\/x.com\/dicodusport","https:\/\/www.instagram.com\/dicodusport\/","https:\/\/www.youtube.com\/channel\/UC7V2KZ5sd3htJivAbA4ZG3w"],"description":"Dicodusport est l'encyclop\u00e9die de l'actualit\u00e9 sportive.","email":"bonjour@dicodusport.fr","legalName":"DICODUSPORT","foundingDate":"2018-01-14","vatID":"FR71834470973","taxID":"83447097300043","numberOfEmployees":{"@type":"QuantitativeValue","minValue":"1","maxValue":"10"}},{"@type":"Person","@id":"https:\/\/dicodusport.fr\/blog\/#\/schema\/person\/37def232098a7a5cbab3974a3690abb0","name":"Maxime Cazenave","image":{"@type":"ImageObject","inLanguage":"fr-FR","@id":"https:\/\/dicodusport.fr\/blog\/#\/schema\/person\/image\/","url":"https:\/\/dicodusport.fr\/blog\/wp-content\/uploads\/2021\/05\/Maxime-Cazenave-150x150.jpg","contentUrl":"https:\/\/dicodusport.fr\/blog\/wp-content\/uploads\/2021\/05\/Maxime-Cazenave-150x150.jpg","caption":"Maxime Cazenave"},"description":"Journaliste\/R\u00e9dacteur depuis 2012 - Berc\u00e9 par l\u2019amour des Girondins de Bordeaux, les \u00e9checs de Christophe Moreau sur le Tour de France sous l'\u00e8re Lance Armstrong et le fade-away l\u00e9tal de Dirk Nowitzki, ma passion d\u00e9vorante pour le sport a toujours \u00e9t\u00e9 un pan incontournable de ma vie. Transmettre ma passion \u00e0 l\u2019\u00e9crit a \u00e9t\u00e9 une transition naturelle. Suiveur assidu de basket et de hockey sur glace, je garde toujours un peu de place pour suivre le cyclisme, le football et le maximum de performances fran\u00e7aises.","sameAs":["https:\/\/x.com\/https:\/\/twitter.com\/Maxime_Caze"],"url":"https:\/\/dicodusport.fr\/blog\/author\/maximec\/"}]}},"_links":{"self":[{"href":"https:\/\/dicodusport.fr\/blog\/wp-json\/wp\/v2\/posts\/507352","targetHints":{"allow":["GET"]}}],"collection":[{"href":"https:\/\/dicodusport.fr\/blog\/wp-json\/wp\/v2\/posts"}],"about":[{"href":"https:\/\/dicodusport.fr\/blog\/wp-json\/wp\/v2\/types\/post"}],"author":[{"embeddable":true,"href":"https:\/\/dicodusport.fr\/blog\/wp-json\/wp\/v2\/users\/55"}],"replies":[{"embeddable":true,"href":"https:\/\/dicodusport.fr\/blog\/wp-json\/wp\/v2\/comments?post=507352"}],"version-history":[{"count":4,"href":"https:\/\/dicodusport.fr\/blog\/wp-json\/wp\/v2\/posts\/507352\/revisions"}],"predecessor-version":[{"id":507416,"href":"https:\/\/dicodusport.fr\/blog\/wp-json\/wp\/v2\/posts\/507352\/revisions\/507416"}],"wp:featuredmedia":[{"embeddable":true,"href":"https:\/\/dicodusport.fr\/blog\/wp-json\/wp\/v2\/media\/507460"}],"wp:attachment":[{"href":"https:\/\/dicodusport.fr\/blog\/wp-json\/wp\/v2\/media?parent=507352"}],"wp:term":[{"taxonomy":"category","embeddable":true,"href":"https:\/\/dicodusport.fr\/blog\/wp-json\/wp\/v2\/categories?post=507352"},{"taxonomy":"post_tag","embeddable":true,"href":"https:\/\/dicodusport.fr\/blog\/wp-json\/wp\/v2\/tags?post=507352"}],"curies":[{"name":"wp","href":"https:\/\/api.w.org\/{rel}","templated":true}]}}