{"id":507833,"date":"2024-08-03T14:53:31","date_gmt":"2024-08-03T12:53:31","guid":{"rendered":"https:\/\/dicodusport.fr\/blog\/?p=507833&#038;preview=true&#038;preview_id=507833"},"modified":"2024-08-03T18:02:11","modified_gmt":"2024-08-03T16:02:11","slug":"tir-a-larc-jo-2024-historique-lisa-barbelin-en-bronze-en-individuel","status":"publish","type":"post","link":"https:\/\/dicodusport.fr\/blog\/tir-a-larc-jo-2024-historique-lisa-barbelin-en-bronze-en-individuel\/","title":{"rendered":"Tir \u00e0 l&rsquo;Arc JO 2024 : Historique Lisa Barbelin en bronze en individuel, le titre pour Sihyeon Lim"},"content":{"rendered":"<p style=\"text-align: justify;\"><strong><em>TIR A L&rsquo;ARC JO 2024 &#8211; Lisa Barbelin remporte le match pour la troisi\u00e8me place et s&#8217;empare de la m\u00e9daille de bronze en disposant de la Sud-Cor\u00e9enne Hunyoung Jeon (6-4).<\/em><\/strong><\/p>\n<ul>\n<li style=\"text-align: justify;\"><strong>\u00c0 ce sujet \u2013\u00a0<a href=\"https:\/\/dicodusport.fr\/blog\/jo-paris-2024\/\" target=\"_blank\" rel=\"noopener\">L\u2019actualit\u00e9 des JO de Paris 2024<\/a><\/strong><\/li>\n<\/ul>\n<p style=\"text-align: justify;\"><strong>Lisa Barbelin<\/strong> est all\u00e9e au bout de ses r\u00eaves. Suite \u00e0 un match maitris\u00e9, elle vient chercher la m\u00e9daille de bronze en disposant d&rsquo;une des favorites du tournoi, la Sud-Cor\u00e9enne <strong>Hunyoung Jeon<\/strong>. Apr\u00e8s avoir remport\u00e9 une manche chacune (2-2), la Fran\u00e7aise a mis la pression sur son adversaire dans la troisi\u00e8me vol\u00e9e qui a tir\u00e9 deux fois dans le rouge (4-2). Son adversaire s&rsquo;est ressaisie dans la quatri\u00e8me manche avec un beau 29 (4-4) mais la Mosellane concluait l&rsquo;affaire de mani\u00e8re magistrale dans la cinqui\u00e8me vol\u00e9e sans trembler. <strong>Lisa Barbelin<\/strong> rentre dans l&rsquo;Histoire comme premi\u00e8re Fran\u00e7aise m\u00e9daill\u00e9e en Individuel en tir \u00e0 l&rsquo;arc.<\/p>\n<blockquote class=\"twitter-tweet\">\n<p dir=\"ltr\" lang=\"fr\">Pas besoin de l\u00e9gende, Lisa Barbelin \ud83c\uddeb\ud83c\uddf7 remplit tr\u00e8s bien ce r\u00f4le toute seule. Sa fl\u00e8che pour la m\u00e9daille de bronze, \u00e0 consommer sans mod\u00e9ration :<a href=\"https:\/\/twitter.com\/hashtag\/Paris2024?src=hash&amp;ref_src=twsrc%5Etfw\">#Paris2024<\/a>, \u00e7a se passe sur Eurosport via Max, Canal+ et nos autres partenaires <a href=\"https:\/\/t.co\/tBk55oHIKT\">pic.twitter.com\/tBk55oHIKT<\/a><\/p>\n<p>\u2014 Eurosport France (@Eurosport_FR) <a href=\"https:\/\/twitter.com\/Eurosport_FR\/status\/1819719371729584446?ref_src=twsrc%5Etfw\">August 3, 2024<\/a><\/p><\/blockquote>\n<p><script async src=\"https:\/\/platform.twitter.com\/widgets.js\" charset=\"utf-8\"><\/script><\/p>\n<h2 style=\"text-align: justify;\">Le titre pour Lim apr\u00e8s une finale d&rsquo;un niveau exceptionnel<\/h2>\n<p style=\"text-align: justify;\">Ensuite, dans une grande finale de tr\u00e8s haut niveau, <strong>Sihyeon Lim<\/strong> s&rsquo;est montr\u00e9e impressionnante. Face \u00e0 sa compatriote sud-cor\u00e9enne, <strong>Suhyeon Nam<\/strong>, 19 ans, a enchain\u00e9 trois 29, un 30 et un 28 avec une toute petite fl\u00e8che dans le rouge. Hyper fiable et r\u00e9guli\u00e8re, elle n&rsquo;a laiss\u00e9 aucune chance \u00e0 sa jeune adversaire, remportant le match 7 \u00e0 3. <strong>Sihyeon Lim<\/strong>, v\u00e9ritable patronne de la discipline, compile un troisi\u00e8me titre cons\u00e9cutif en individuel, ce qui constitue un v\u00e9ritable exploit.<\/p>\n<p style=\"text-align: justify;\">\n","protected":false},"excerpt":{"rendered":"<p>Historique Lisa Barbelin, en bronze en individuel !<\/p>\n","protected":false},"author":92,"featured_media":507915,"comment_status":"open","ping_status":"closed","sticky":false,"template":"","format":"standard","meta":{"_acf_changed":false,"_daextam_enable_autolinks":"1","footnotes":""},"categories":[8436,12731],"tags":[16878,1506,19184,1504,12920,17981,1004,24,1038],"class_list":["post-507833","post","type-post","status-publish","format-standard","has-post-thumbnail","hentry","category-jo-paris-2024","category-tir-a-l-arc","tag-breve","tag-jeux-olympiques-2024","tag-jeux-olympiques-de-paris","tag-jo-2024","tag-jo-paris-2024","tag-lisa-barbelin","tag-paris-2024","tag-sport","tag-tir-a-larc"],"acf":[],"yoast_head":"<!-- This site is optimized with the Yoast SEO Premium plugin v26.7 (Yoast SEO v26.7) - https:\/\/yoast.com\/wordpress\/plugins\/seo\/ -->\n<title>Tir \u00e0 l&#039;Arc JO 2024 : Historique Lisa Barbelin en bronze en individuel, le titre pour Sihyeon Lim<\/title>\n<meta name=\"description\" content=\"TIR A L&#039;ARC JO 2024 - Lisa Barbelin remporte le match pour la troisi\u00e8me place et s&#039;empare de la m\u00e9daille de bronze.\" \/>\n<meta name=\"robots\" content=\"index, follow, max-snippet:-1, max-image-preview:large, max-video-preview:-1\" \/>\n<link rel=\"canonical\" href=\"https:\/\/dicodusport.fr\/blog\/tir-a-larc-jo-2024-historique-lisa-barbelin-en-bronze-en-individuel\/\" \/>\n<meta property=\"og:locale\" content=\"fr_FR\" \/>\n<meta property=\"og:type\" content=\"article\" \/>\n<meta property=\"og:title\" content=\"Tir \u00e0 l&#039;Arc JO 2024 : Historique Lisa Barbelin en bronze en individuel, le titre pour Sihyeon Lim\" \/>\n<meta property=\"og:description\" content=\"TIR A L&#039;ARC JO 2024 - Lisa Barbelin remporte le match pour la troisi\u00e8me place et s&#039;empare de la m\u00e9daille de bronze.\" \/>\n<meta property=\"og:url\" content=\"https:\/\/dicodusport.fr\/blog\/tir-a-larc-jo-2024-historique-lisa-barbelin-en-bronze-en-individuel\/\" \/>\n<meta property=\"og:site_name\" content=\"Dicodusport\" \/>\n<meta property=\"article:publisher\" content=\"https:\/\/www.facebook.com\/dicodusport\" \/>\n<meta property=\"article:published_time\" content=\"2024-08-03T12:53:31+00:00\" \/>\n<meta property=\"article:modified_time\" content=\"2024-08-03T16:02:11+00:00\" \/>\n<meta property=\"og:image\" content=\"https:\/\/dicodusport.fr\/blog\/wp-content\/uploads\/2024\/08\/Tir-a-lArc-JO-2024-Historique-Lisa-Barbelin-en-bronze-en-individuel-le-titre-pour-Sihyeon-Lim.png\" \/>\n\t<meta property=\"og:image:width\" content=\"1200\" \/>\n\t<meta property=\"og:image:height\" content=\"674\" \/>\n\t<meta property=\"og:image:type\" content=\"image\/png\" \/>\n<meta name=\"author\" content=\"Olivier Dobiezynski\" \/>\n<meta name=\"twitter:card\" content=\"summary_large_image\" \/>\n<meta name=\"twitter:title\" content=\"Tir \u00e0 l&#039;Arc JO 2024 : Historique Lisa Barbelin en bronze en individuel, le titre pour Sihyeon Lim\" \/>\n<meta name=\"twitter:creator\" content=\"@https:\/\/x.com\/Olivier_Matros\" \/>\n<meta name=\"twitter:site\" content=\"@dicodusport\" \/>\n<script type=\"application\/ld+json\" class=\"yoast-schema-graph\">{\"@context\":\"https:\/\/schema.org\",\"@graph\":[{\"@type\":\"NewsArticle\",\"@id\":\"https:\/\/dicodusport.fr\/blog\/tir-a-larc-jo-2024-historique-lisa-barbelin-en-bronze-en-individuel\/#article\",\"isPartOf\":{\"@id\":\"https:\/\/dicodusport.fr\/blog\/tir-a-larc-jo-2024-historique-lisa-barbelin-en-bronze-en-individuel\/\"},\"author\":{\"name\":\"Olivier Dobiezynski\",\"@id\":\"https:\/\/dicodusport.fr\/blog\/#\/schema\/person\/fe500246414ca17ddf0c0312d7a792cc\"},\"headline\":\"Tir \u00e0 l&rsquo;Arc JO 2024 : Historique Lisa Barbelin en bronze en individuel, le titre pour Sihyeon Lim\",\"datePublished\":\"2024-08-03T12:53:31+00:00\",\"dateModified\":\"2024-08-03T16:02:11+00:00\",\"mainEntityOfPage\":{\"@id\":\"https:\/\/dicodusport.fr\/blog\/tir-a-larc-jo-2024-historique-lisa-barbelin-en-bronze-en-individuel\/\"},\"wordCount\":325,\"commentCount\":0,\"publisher\":{\"@id\":\"https:\/\/dicodusport.fr\/blog\/#organization\"},\"image\":{\"@id\":\"https:\/\/dicodusport.fr\/blog\/tir-a-larc-jo-2024-historique-lisa-barbelin-en-bronze-en-individuel\/#primaryimage\"},\"thumbnailUrl\":\"https:\/\/dicodusport.fr\/blog\/wp-content\/uploads\/2024\/08\/Tir-a-lArc-JO-2024-Historique-Lisa-Barbelin-en-bronze-en-individuel-le-titre-pour-Sihyeon-Lim.png\",\"keywords\":[\"br\u00e8ve\",\"Jeux olympiques 2024\",\"Jeux Olympiques de Paris\",\"JO 2024\",\"JO Paris 2024\",\"Lisa Barbelin\",\"Paris 2024\",\"sport\",\"tir \u00e0 l'arc\"],\"articleSection\":[\"JO Paris 2024\",\"Tir \u00e0 l'arc\"],\"inLanguage\":\"fr-FR\",\"potentialAction\":[{\"@type\":\"CommentAction\",\"name\":\"Comment\",\"target\":[\"https:\/\/dicodusport.fr\/blog\/tir-a-larc-jo-2024-historique-lisa-barbelin-en-bronze-en-individuel\/#respond\"]}],\"copyrightYear\":\"2024\",\"copyrightHolder\":{\"@id\":\"https:\/\/dicodusport.fr\/blog\/#organization\"}},{\"@type\":\"WebPage\",\"@id\":\"https:\/\/dicodusport.fr\/blog\/tir-a-larc-jo-2024-historique-lisa-barbelin-en-bronze-en-individuel\/\",\"url\":\"https:\/\/dicodusport.fr\/blog\/tir-a-larc-jo-2024-historique-lisa-barbelin-en-bronze-en-individuel\/\",\"name\":\"Tir \u00e0 l'Arc JO 2024 : Historique Lisa Barbelin en bronze en individuel, le titre pour Sihyeon Lim\",\"isPartOf\":{\"@id\":\"https:\/\/dicodusport.fr\/blog\/#website\"},\"primaryImageOfPage\":{\"@id\":\"https:\/\/dicodusport.fr\/blog\/tir-a-larc-jo-2024-historique-lisa-barbelin-en-bronze-en-individuel\/#primaryimage\"},\"image\":{\"@id\":\"https:\/\/dicodusport.fr\/blog\/tir-a-larc-jo-2024-historique-lisa-barbelin-en-bronze-en-individuel\/#primaryimage\"},\"thumbnailUrl\":\"https:\/\/dicodusport.fr\/blog\/wp-content\/uploads\/2024\/08\/Tir-a-lArc-JO-2024-Historique-Lisa-Barbelin-en-bronze-en-individuel-le-titre-pour-Sihyeon-Lim.png\",\"datePublished\":\"2024-08-03T12:53:31+00:00\",\"dateModified\":\"2024-08-03T16:02:11+00:00\",\"description\":\"TIR A L'ARC JO 2024 - Lisa Barbelin remporte le match pour la troisi\u00e8me place et s'empare de la m\u00e9daille de bronze.\",\"breadcrumb\":{\"@id\":\"https:\/\/dicodusport.fr\/blog\/tir-a-larc-jo-2024-historique-lisa-barbelin-en-bronze-en-individuel\/#breadcrumb\"},\"inLanguage\":\"fr-FR\",\"potentialAction\":[{\"@type\":\"ReadAction\",\"target\":[\"https:\/\/dicodusport.fr\/blog\/tir-a-larc-jo-2024-historique-lisa-barbelin-en-bronze-en-individuel\/\"]}]},{\"@type\":\"ImageObject\",\"inLanguage\":\"fr-FR\",\"@id\":\"https:\/\/dicodusport.fr\/blog\/tir-a-larc-jo-2024-historique-lisa-barbelin-en-bronze-en-individuel\/#primaryimage\",\"url\":\"https:\/\/dicodusport.fr\/blog\/wp-content\/uploads\/2024\/08\/Tir-a-lArc-JO-2024-Historique-Lisa-Barbelin-en-bronze-en-individuel-le-titre-pour-Sihyeon-Lim.png\",\"contentUrl\":\"https:\/\/dicodusport.fr\/blog\/wp-content\/uploads\/2024\/08\/Tir-a-lArc-JO-2024-Historique-Lisa-Barbelin-en-bronze-en-individuel-le-titre-pour-Sihyeon-Lim.png\",\"width\":1200,\"height\":674,\"caption\":\"Tir \u00e0 l'Arc JO 2024 Historique Lisa Barbelin en bronze en individuel, le titre pour Sihyeon Lim\"},{\"@type\":\"BreadcrumbList\",\"@id\":\"https:\/\/dicodusport.fr\/blog\/tir-a-larc-jo-2024-historique-lisa-barbelin-en-bronze-en-individuel\/#breadcrumb\",\"itemListElement\":[{\"@type\":\"ListItem\",\"position\":1,\"name\":\"Accueil\",\"item\":\"https:\/\/dicodusport.fr\/blog\/\"},{\"@type\":\"ListItem\",\"position\":2,\"name\":\"Tir \u00e0 l&#8217;Arc JO 2024 : Historique Lisa Barbelin en bronze en individuel, le titre pour Sihyeon Lim\"}]},{\"@type\":\"WebSite\",\"@id\":\"https:\/\/dicodusport.fr\/blog\/#website\",\"url\":\"https:\/\/dicodusport.fr\/blog\/\",\"name\":\"Dicodusport\",\"description\":\"L&#039;encyclop\u00e9die de l&#039;actualit\u00e9 sportive\",\"publisher\":{\"@id\":\"https:\/\/dicodusport.fr\/blog\/#organization\"},\"potentialAction\":[{\"@type\":\"SearchAction\",\"target\":{\"@type\":\"EntryPoint\",\"urlTemplate\":\"https:\/\/dicodusport.fr\/blog\/?s={search_term_string}\"},\"query-input\":{\"@type\":\"PropertyValueSpecification\",\"valueRequired\":true,\"valueName\":\"search_term_string\"}}],\"inLanguage\":\"fr-FR\"},{\"@type\":\"NewsMediaOrganization\",\"@id\":\"https:\/\/dicodusport.fr\/blog\/#organization\",\"name\":\"Dicodusport\",\"url\":\"https:\/\/dicodusport.fr\/blog\/\",\"logo\":{\"@type\":\"ImageObject\",\"inLanguage\":\"fr-FR\",\"@id\":\"https:\/\/dicodusport.fr\/blog\/#\/schema\/logo\/image\/\",\"url\":\"https:\/\/dicodusport.fr\/blog\/wp-content\/uploads\/2020\/06\/cropped-LOGO-DICODUSPORT-2020-SANS-FOND-SANS-TEXTE.png\",\"contentUrl\":\"https:\/\/dicodusport.fr\/blog\/wp-content\/uploads\/2020\/06\/cropped-LOGO-DICODUSPORT-2020-SANS-FOND-SANS-TEXTE.png\",\"width\":512,\"height\":512,\"caption\":\"Dicodusport\"},\"image\":{\"@id\":\"https:\/\/dicodusport.fr\/blog\/#\/schema\/logo\/image\/\"},\"sameAs\":[\"https:\/\/www.facebook.com\/dicodusport\",\"https:\/\/x.com\/dicodusport\",\"https:\/\/www.instagram.com\/dicodusport\/\",\"https:\/\/www.youtube.com\/channel\/UC7V2KZ5sd3htJivAbA4ZG3w\"],\"description\":\"Dicodusport est l'encyclop\u00e9die de l'actualit\u00e9 sportive.\",\"email\":\"bonjour@dicodusport.fr\",\"legalName\":\"DICODUSPORT\",\"foundingDate\":\"2018-01-14\",\"vatID\":\"FR71834470973\",\"taxID\":\"83447097300043\",\"numberOfEmployees\":{\"@type\":\"QuantitativeValue\",\"minValue\":\"1\",\"maxValue\":\"10\"}},{\"@type\":\"Person\",\"@id\":\"https:\/\/dicodusport.fr\/blog\/#\/schema\/person\/fe500246414ca17ddf0c0312d7a792cc\",\"name\":\"Olivier Dobiezynski\",\"image\":{\"@type\":\"ImageObject\",\"inLanguage\":\"fr-FR\",\"@id\":\"https:\/\/dicodusport.fr\/blog\/#\/schema\/person\/image\/\",\"url\":\"https:\/\/dicodusport.fr\/blog\/wp-content\/uploads\/2024\/09\/5be8fe8d-9962-4f1e-ad06-d6f9dee30e6d-150x150.jpg\",\"contentUrl\":\"https:\/\/dicodusport.fr\/blog\/wp-content\/uploads\/2024\/09\/5be8fe8d-9962-4f1e-ad06-d6f9dee30e6d-150x150.jpg\",\"caption\":\"Olivier Dobiezynski\"},\"description\":\"Depuis le milieu des ann\u00e9es 90, la passion du cyclisme m'anime. Mes h\u00e9ros s'appellent Luc Leblanc, Piotr Ugrumov, Paolo Savoldelli, Peter Sagan et bien \u00e9videmment Romain Bardet. R\u00e9dacteur depuis 2023, je suis ici pour partager cet amour de la Petite Reine. Vous pourrez me lire \u00e9galement sur du trail, du ski de fond et tout autre sujet susceptible d'\u00e9veiller ma curiosit\u00e9 sportive.\",\"sameAs\":[\"https:\/\/x.com\/https:\/\/x.com\/Olivier_Matros\"],\"url\":\"https:\/\/dicodusport.fr\/blog\/author\/olivier-gh\/\"}]}<\/script>\n<!-- \/ Yoast SEO Premium plugin. -->","yoast_head_json":{"title":"Tir \u00e0 l'Arc JO 2024 : Historique Lisa Barbelin en bronze en individuel, le titre pour Sihyeon Lim","description":"TIR A L'ARC JO 2024 - Lisa Barbelin remporte le match pour la troisi\u00e8me place et s'empare de la m\u00e9daille de bronze.","robots":{"index":"index","follow":"follow","max-snippet":"max-snippet:-1","max-image-preview":"max-image-preview:large","max-video-preview":"max-video-preview:-1"},"canonical":"https:\/\/dicodusport.fr\/blog\/tir-a-larc-jo-2024-historique-lisa-barbelin-en-bronze-en-individuel\/","og_locale":"fr_FR","og_type":"article","og_title":"Tir \u00e0 l'Arc JO 2024 : Historique Lisa Barbelin en bronze en individuel, le titre pour Sihyeon Lim","og_description":"TIR A L'ARC JO 2024 - Lisa Barbelin remporte le match pour la troisi\u00e8me place et s'empare de la m\u00e9daille de bronze.","og_url":"https:\/\/dicodusport.fr\/blog\/tir-a-larc-jo-2024-historique-lisa-barbelin-en-bronze-en-individuel\/","og_site_name":"Dicodusport","article_publisher":"https:\/\/www.facebook.com\/dicodusport","article_published_time":"2024-08-03T12:53:31+00:00","article_modified_time":"2024-08-03T16:02:11+00:00","og_image":[{"width":1200,"height":674,"url":"https:\/\/dicodusport.fr\/blog\/wp-content\/uploads\/2024\/08\/Tir-a-lArc-JO-2024-Historique-Lisa-Barbelin-en-bronze-en-individuel-le-titre-pour-Sihyeon-Lim.png","type":"image\/png"}],"author":"Olivier Dobiezynski","twitter_card":"summary_large_image","twitter_title":"Tir \u00e0 l'Arc JO 2024 : Historique Lisa Barbelin en bronze en individuel, le titre pour Sihyeon Lim","twitter_creator":"@https:\/\/x.com\/Olivier_Matros","twitter_site":"@dicodusport","schema":{"@context":"https:\/\/schema.org","@graph":[{"@type":"NewsArticle","@id":"https:\/\/dicodusport.fr\/blog\/tir-a-larc-jo-2024-historique-lisa-barbelin-en-bronze-en-individuel\/#article","isPartOf":{"@id":"https:\/\/dicodusport.fr\/blog\/tir-a-larc-jo-2024-historique-lisa-barbelin-en-bronze-en-individuel\/"},"author":{"name":"Olivier Dobiezynski","@id":"https:\/\/dicodusport.fr\/blog\/#\/schema\/person\/fe500246414ca17ddf0c0312d7a792cc"},"headline":"Tir \u00e0 l&rsquo;Arc JO 2024 : Historique Lisa Barbelin en bronze en individuel, le titre pour Sihyeon Lim","datePublished":"2024-08-03T12:53:31+00:00","dateModified":"2024-08-03T16:02:11+00:00","mainEntityOfPage":{"@id":"https:\/\/dicodusport.fr\/blog\/tir-a-larc-jo-2024-historique-lisa-barbelin-en-bronze-en-individuel\/"},"wordCount":325,"commentCount":0,"publisher":{"@id":"https:\/\/dicodusport.fr\/blog\/#organization"},"image":{"@id":"https:\/\/dicodusport.fr\/blog\/tir-a-larc-jo-2024-historique-lisa-barbelin-en-bronze-en-individuel\/#primaryimage"},"thumbnailUrl":"https:\/\/dicodusport.fr\/blog\/wp-content\/uploads\/2024\/08\/Tir-a-lArc-JO-2024-Historique-Lisa-Barbelin-en-bronze-en-individuel-le-titre-pour-Sihyeon-Lim.png","keywords":["br\u00e8ve","Jeux olympiques 2024","Jeux Olympiques de Paris","JO 2024","JO Paris 2024","Lisa Barbelin","Paris 2024","sport","tir \u00e0 l'arc"],"articleSection":["JO Paris 2024","Tir \u00e0 l'arc"],"inLanguage":"fr-FR","potentialAction":[{"@type":"CommentAction","name":"Comment","target":["https:\/\/dicodusport.fr\/blog\/tir-a-larc-jo-2024-historique-lisa-barbelin-en-bronze-en-individuel\/#respond"]}],"copyrightYear":"2024","copyrightHolder":{"@id":"https:\/\/dicodusport.fr\/blog\/#organization"}},{"@type":"WebPage","@id":"https:\/\/dicodusport.fr\/blog\/tir-a-larc-jo-2024-historique-lisa-barbelin-en-bronze-en-individuel\/","url":"https:\/\/dicodusport.fr\/blog\/tir-a-larc-jo-2024-historique-lisa-barbelin-en-bronze-en-individuel\/","name":"Tir \u00e0 l'Arc JO 2024 : Historique Lisa Barbelin en bronze en individuel, le titre pour Sihyeon Lim","isPartOf":{"@id":"https:\/\/dicodusport.fr\/blog\/#website"},"primaryImageOfPage":{"@id":"https:\/\/dicodusport.fr\/blog\/tir-a-larc-jo-2024-historique-lisa-barbelin-en-bronze-en-individuel\/#primaryimage"},"image":{"@id":"https:\/\/dicodusport.fr\/blog\/tir-a-larc-jo-2024-historique-lisa-barbelin-en-bronze-en-individuel\/#primaryimage"},"thumbnailUrl":"https:\/\/dicodusport.fr\/blog\/wp-content\/uploads\/2024\/08\/Tir-a-lArc-JO-2024-Historique-Lisa-Barbelin-en-bronze-en-individuel-le-titre-pour-Sihyeon-Lim.png","datePublished":"2024-08-03T12:53:31+00:00","dateModified":"2024-08-03T16:02:11+00:00","description":"TIR A L'ARC JO 2024 - Lisa Barbelin remporte le match pour la troisi\u00e8me place et s'empare de la m\u00e9daille de bronze.","breadcrumb":{"@id":"https:\/\/dicodusport.fr\/blog\/tir-a-larc-jo-2024-historique-lisa-barbelin-en-bronze-en-individuel\/#breadcrumb"},"inLanguage":"fr-FR","potentialAction":[{"@type":"ReadAction","target":["https:\/\/dicodusport.fr\/blog\/tir-a-larc-jo-2024-historique-lisa-barbelin-en-bronze-en-individuel\/"]}]},{"@type":"ImageObject","inLanguage":"fr-FR","@id":"https:\/\/dicodusport.fr\/blog\/tir-a-larc-jo-2024-historique-lisa-barbelin-en-bronze-en-individuel\/#primaryimage","url":"https:\/\/dicodusport.fr\/blog\/wp-content\/uploads\/2024\/08\/Tir-a-lArc-JO-2024-Historique-Lisa-Barbelin-en-bronze-en-individuel-le-titre-pour-Sihyeon-Lim.png","contentUrl":"https:\/\/dicodusport.fr\/blog\/wp-content\/uploads\/2024\/08\/Tir-a-lArc-JO-2024-Historique-Lisa-Barbelin-en-bronze-en-individuel-le-titre-pour-Sihyeon-Lim.png","width":1200,"height":674,"caption":"Tir \u00e0 l'Arc JO 2024 Historique Lisa Barbelin en bronze en individuel, le titre pour Sihyeon Lim"},{"@type":"BreadcrumbList","@id":"https:\/\/dicodusport.fr\/blog\/tir-a-larc-jo-2024-historique-lisa-barbelin-en-bronze-en-individuel\/#breadcrumb","itemListElement":[{"@type":"ListItem","position":1,"name":"Accueil","item":"https:\/\/dicodusport.fr\/blog\/"},{"@type":"ListItem","position":2,"name":"Tir \u00e0 l&#8217;Arc JO 2024 : Historique Lisa Barbelin en bronze en individuel, le titre pour Sihyeon Lim"}]},{"@type":"WebSite","@id":"https:\/\/dicodusport.fr\/blog\/#website","url":"https:\/\/dicodusport.fr\/blog\/","name":"Dicodusport","description":"L&#039;encyclop\u00e9die de l&#039;actualit\u00e9 sportive","publisher":{"@id":"https:\/\/dicodusport.fr\/blog\/#organization"},"potentialAction":[{"@type":"SearchAction","target":{"@type":"EntryPoint","urlTemplate":"https:\/\/dicodusport.fr\/blog\/?s={search_term_string}"},"query-input":{"@type":"PropertyValueSpecification","valueRequired":true,"valueName":"search_term_string"}}],"inLanguage":"fr-FR"},{"@type":"NewsMediaOrganization","@id":"https:\/\/dicodusport.fr\/blog\/#organization","name":"Dicodusport","url":"https:\/\/dicodusport.fr\/blog\/","logo":{"@type":"ImageObject","inLanguage":"fr-FR","@id":"https:\/\/dicodusport.fr\/blog\/#\/schema\/logo\/image\/","url":"https:\/\/dicodusport.fr\/blog\/wp-content\/uploads\/2020\/06\/cropped-LOGO-DICODUSPORT-2020-SANS-FOND-SANS-TEXTE.png","contentUrl":"https:\/\/dicodusport.fr\/blog\/wp-content\/uploads\/2020\/06\/cropped-LOGO-DICODUSPORT-2020-SANS-FOND-SANS-TEXTE.png","width":512,"height":512,"caption":"Dicodusport"},"image":{"@id":"https:\/\/dicodusport.fr\/blog\/#\/schema\/logo\/image\/"},"sameAs":["https:\/\/www.facebook.com\/dicodusport","https:\/\/x.com\/dicodusport","https:\/\/www.instagram.com\/dicodusport\/","https:\/\/www.youtube.com\/channel\/UC7V2KZ5sd3htJivAbA4ZG3w"],"description":"Dicodusport est l'encyclop\u00e9die de l'actualit\u00e9 sportive.","email":"bonjour@dicodusport.fr","legalName":"DICODUSPORT","foundingDate":"2018-01-14","vatID":"FR71834470973","taxID":"83447097300043","numberOfEmployees":{"@type":"QuantitativeValue","minValue":"1","maxValue":"10"}},{"@type":"Person","@id":"https:\/\/dicodusport.fr\/blog\/#\/schema\/person\/fe500246414ca17ddf0c0312d7a792cc","name":"Olivier Dobiezynski","image":{"@type":"ImageObject","inLanguage":"fr-FR","@id":"https:\/\/dicodusport.fr\/blog\/#\/schema\/person\/image\/","url":"https:\/\/dicodusport.fr\/blog\/wp-content\/uploads\/2024\/09\/5be8fe8d-9962-4f1e-ad06-d6f9dee30e6d-150x150.jpg","contentUrl":"https:\/\/dicodusport.fr\/blog\/wp-content\/uploads\/2024\/09\/5be8fe8d-9962-4f1e-ad06-d6f9dee30e6d-150x150.jpg","caption":"Olivier Dobiezynski"},"description":"Depuis le milieu des ann\u00e9es 90, la passion du cyclisme m'anime. Mes h\u00e9ros s'appellent Luc Leblanc, Piotr Ugrumov, Paolo Savoldelli, Peter Sagan et bien \u00e9videmment Romain Bardet. R\u00e9dacteur depuis 2023, je suis ici pour partager cet amour de la Petite Reine. Vous pourrez me lire \u00e9galement sur du trail, du ski de fond et tout autre sujet susceptible d'\u00e9veiller ma curiosit\u00e9 sportive.","sameAs":["https:\/\/x.com\/https:\/\/x.com\/Olivier_Matros"],"url":"https:\/\/dicodusport.fr\/blog\/author\/olivier-gh\/"}]}},"_links":{"self":[{"href":"https:\/\/dicodusport.fr\/blog\/wp-json\/wp\/v2\/posts\/507833","targetHints":{"allow":["GET"]}}],"collection":[{"href":"https:\/\/dicodusport.fr\/blog\/wp-json\/wp\/v2\/posts"}],"about":[{"href":"https:\/\/dicodusport.fr\/blog\/wp-json\/wp\/v2\/types\/post"}],"author":[{"embeddable":true,"href":"https:\/\/dicodusport.fr\/blog\/wp-json\/wp\/v2\/users\/92"}],"replies":[{"embeddable":true,"href":"https:\/\/dicodusport.fr\/blog\/wp-json\/wp\/v2\/comments?post=507833"}],"version-history":[{"count":5,"href":"https:\/\/dicodusport.fr\/blog\/wp-json\/wp\/v2\/posts\/507833\/revisions"}],"predecessor-version":[{"id":507850,"href":"https:\/\/dicodusport.fr\/blog\/wp-json\/wp\/v2\/posts\/507833\/revisions\/507850"}],"wp:featuredmedia":[{"embeddable":true,"href":"https:\/\/dicodusport.fr\/blog\/wp-json\/wp\/v2\/media\/507915"}],"wp:attachment":[{"href":"https:\/\/dicodusport.fr\/blog\/wp-json\/wp\/v2\/media?parent=507833"}],"wp:term":[{"taxonomy":"category","embeddable":true,"href":"https:\/\/dicodusport.fr\/blog\/wp-json\/wp\/v2\/categories?post=507833"},{"taxonomy":"post_tag","embeddable":true,"href":"https:\/\/dicodusport.fr\/blog\/wp-json\/wp\/v2\/tags?post=507833"}],"curies":[{"name":"wp","href":"https:\/\/api.w.org\/{rel}","templated":true}]}}