{"id":50785,"date":"2019-10-06T17:39:54","date_gmt":"2019-10-06T15:39:54","guid":{"rendered":"http:\/\/dicodusport.fr\/blog\/?p=50785&#038;preview=true&#038;preview_id=50785"},"modified":"2019-10-06T17:39:54","modified_gmt":"2019-10-06T15:39:54","slug":"jimmy-gressier-champion-de-france-du-10-km","status":"publish","type":"post","link":"https:\/\/dicodusport.fr\/blog\/jimmy-gressier-champion-de-france-du-10-km\/","title":{"rendered":"Jimmy Gressier champion de France du 10 km"},"content":{"rendered":"<p style=\"text-align: justify;\"><em><strong>Le Boulonnais Jimmy Gressier, 22 ans, a remport\u00e9 le titre national sur le 10 km ce dimanche, \u00e0 Canet-en-Roussillon (Pyr\u00e9n\u00e9es-Orientales).<br \/>\n<\/strong><\/em><\/p>\n<p style=\"text-align: justify;\">D\u00e9j\u00e0 sacr\u00e9 en 2017, <strong>Jimmy Gressier<\/strong> a remis \u00e7a ce dimanche. Le Boulonnais a rafl\u00e9 le titre national du 10 km pour sa reprise. Celui qui a r\u00e9alis\u00e9 <a href=\"https:\/\/dicodusport.fr\/blog\/athletisme-championnats-deurope-u23-pluie-de-medaille-pour-les-francais\/\" target=\"_blank\" rel=\"noopener\">le doubl\u00e9 5 km &#8211; 10 km cet \u00e9t\u00e9 lors des <strong>championnats d&rsquo;Europe espoirs<\/strong><\/a> a ma\u00eetris\u00e9 la course d&rsquo;un main de ma\u00eetre, en 28&rsquo;54. Le troisi\u00e8me performeur fran\u00e7ais de l&rsquo;histoire, en 28&rsquo;12 fin 2018, a devanc\u00e9 <strong>Micha\u00ebl Gras (29&rsquo;00)<\/strong> et <strong>Bastien Augusto (29&rsquo;14)<\/strong>.<\/p>\n<blockquote class=\"twitter-tweet\">\n<p dir=\"ltr\" lang=\"fr\">&#x1f3c6; L&rsquo;espoir Jimmy Gressier (Boulogne-sur-Mer AC) est le nouveau champion de France du 10 km en 28&rsquo;54\u00a0\u00bb ! Il devance Michael Gras (Al\u00e8s C\u00e9vennes Athl\u00e9tisme), en 29&rsquo;00\u00a0\u00bb, et Bastien Augusto (US Berry Athl\u00e9tisme), en 29&rsquo;14\u00a0\u00bb. <a href=\"https:\/\/twitter.com\/hashtag\/CF10km?src=hash&amp;ref_src=twsrc%5Etfw\">#CF10km<\/a><\/p>\n<p>\u2014 FFA (@FFAthletisme) <a href=\"https:\/\/twitter.com\/FFAthletisme\/status\/1180788635714691073?ref_src=twsrc%5Etfw\">October 6, 2019<\/a><\/p><\/blockquote>\n<p><script async src=\"https:\/\/platform.twitter.com\/widgets.js\" charset=\"utf-8\"><\/script><\/p>\n<p style=\"text-align: justify;\">Le Nordiste entame id\u00e9alement sa pr\u00e9paration pour son grand objectif de l&rsquo;hiver, les <strong>championnats d&rsquo;Europe de cross<\/strong> qui se disputeront le 8 d\u00e9cembre prochain, \u00e0 Lisbonne (Portugal), \u00e9preuve dont il est le double tenant du titre. Chez les dames, <strong>Manon Trappe<\/strong>, 19 ans, a glan\u00e9 le titre national en 33&rsquo;30, devant les exp\u00e9riment\u00e9es <strong>Samira Mezeghrane-Saad (33&rsquo;59)<\/strong> et Sophie Duarte <strong>(34&rsquo;16)<\/strong>.<\/p>\n<p><strong><em>Dicodusport<br \/>\n<a href=\"https:\/\/www.facebook.com\/dicodusport\/\" target=\"_blank\" rel=\"noopener\"><img loading=\"lazy\" decoding=\"async\" class=\"alignnone wp-image-2909\" src=\"http:\/\/dicodusport.fr\/blog\/wp-content\/uploads\/2017\/07\/logo-facebook-150x150.png\" alt=\"\" width=\"40\" height=\"40\" \/><\/a><a href=\"https:\/\/twitter.com\/dicodusport\" target=\"_blank\" rel=\"noopener\"><img loading=\"lazy\" decoding=\"async\" class=\"alignnone wp-image-2908\" src=\"http:\/\/dicodusport.fr\/blog\/wp-content\/uploads\/2017\/07\/logo-twitter-150x150.png\" alt=\"\" width=\"39\" height=\"39\" \/><\/a><\/em><\/strong><\/p>\n<p>&nbsp;<\/p>\n","protected":false},"excerpt":{"rendered":"<p>Le Boulonnais Jimmy Gressier, 22 ans, a remport\u00e9 le titre national sur le 10 km ce dimanche, \u00e0 Canet-en-Roussillon (Pyr\u00e9n\u00e9es-Orientales).<\/p>\n","protected":false},"author":4,"featured_media":50786,"comment_status":"open","ping_status":"closed","sticky":false,"template":"","format":"standard","meta":{"_acf_changed":false,"_daextam_enable_autolinks":"","footnotes":""},"categories":[2308],"tags":[143,6856],"class_list":["post-50785","post","type-post","status-publish","format-standard","has-post-thumbnail","hentry","category-athletisme","tag-athletisme","tag-jimmy-gressier"],"acf":[],"yoast_head":"<!-- This site is optimized with the Yoast SEO Premium plugin v26.7 (Yoast SEO v26.7) - https:\/\/yoast.com\/wordpress\/plugins\/seo\/ -->\n<title>Jimmy Gressier champion de France du 10 km<\/title>\n<meta name=\"description\" content=\"Le Boulonnais Jimmy Gressier, 22 ans, a remport\u00e9 le titre national sur le 10 km ce dimanche, \u00e0 Canet-en-Roussillon (Pyr\u00e9n\u00e9es-Orientales).\" \/>\n<meta name=\"robots\" content=\"index, follow, max-snippet:-1, max-image-preview:large, max-video-preview:-1\" \/>\n<link rel=\"canonical\" href=\"https:\/\/dicodusport.fr\/blog\/jimmy-gressier-champion-de-france-du-10-km\/\" \/>\n<meta property=\"og:locale\" content=\"fr_FR\" \/>\n<meta property=\"og:type\" content=\"article\" \/>\n<meta property=\"og:title\" content=\"Jimmy Gressier champion de France du 10 km\" \/>\n<meta property=\"og:description\" content=\"Le Boulonnais Jimmy Gressier, 22 ans, a remport\u00e9 le titre national sur le 10 km ce dimanche, \u00e0 Canet-en-Roussillon (Pyr\u00e9n\u00e9es-Orientales).\" \/>\n<meta property=\"og:url\" content=\"https:\/\/dicodusport.fr\/blog\/jimmy-gressier-champion-de-france-du-10-km\/\" \/>\n<meta property=\"og:site_name\" content=\"Dicodusport\" \/>\n<meta property=\"article:publisher\" content=\"https:\/\/www.facebook.com\/dicodusport\" \/>\n<meta property=\"article:author\" content=\"https:\/\/www.facebook.com\/florent.ostermann\" \/>\n<meta property=\"article:published_time\" content=\"2019-10-06T15:39:54+00:00\" \/>\n<meta property=\"og:image\" content=\"https:\/\/dicodusport.fr\/blog\/wp-content\/uploads\/2019\/10\/Jimmy-Gressier-champion-de-France-du-10-km.png\" \/>\n\t<meta property=\"og:image:width\" content=\"800\" \/>\n\t<meta property=\"og:image:height\" content=\"445\" \/>\n\t<meta property=\"og:image:type\" content=\"image\/png\" \/>\n<meta name=\"author\" content=\"Flo Ostermann\" \/>\n<meta name=\"twitter:card\" content=\"summary_large_image\" \/>\n<meta name=\"twitter:title\" content=\"Jimmy Gressier champion de France du 10 km\" \/>\n<meta name=\"twitter:creator\" content=\"@https:\/\/twitter.com\/FlOstermann\" \/>\n<meta name=\"twitter:site\" content=\"@dicodusport\" \/>\n<script type=\"application\/ld+json\" class=\"yoast-schema-graph\">{\"@context\":\"https:\/\/schema.org\",\"@graph\":[{\"@type\":\"NewsArticle\",\"@id\":\"https:\/\/dicodusport.fr\/blog\/jimmy-gressier-champion-de-france-du-10-km\/#article\",\"isPartOf\":{\"@id\":\"https:\/\/dicodusport.fr\/blog\/jimmy-gressier-champion-de-france-du-10-km\/\"},\"author\":{\"name\":\"Flo Ostermann\",\"@id\":\"https:\/\/dicodusport.fr\/blog\/#\/schema\/person\/cb02af4c173ce4a653b55e9baf388d4a\"},\"headline\":\"Jimmy Gressier champion de France du 10 km\",\"datePublished\":\"2019-10-06T15:39:54+00:00\",\"mainEntityOfPage\":{\"@id\":\"https:\/\/dicodusport.fr\/blog\/jimmy-gressier-champion-de-france-du-10-km\/\"},\"wordCount\":203,\"commentCount\":0,\"publisher\":{\"@id\":\"https:\/\/dicodusport.fr\/blog\/#organization\"},\"image\":{\"@id\":\"https:\/\/dicodusport.fr\/blog\/jimmy-gressier-champion-de-france-du-10-km\/#primaryimage\"},\"thumbnailUrl\":\"https:\/\/dicodusport.fr\/blog\/wp-content\/uploads\/2019\/10\/Jimmy-Gressier-champion-de-France-du-10-km.png\",\"keywords\":[\"Athl\u00e9tisme\",\"Jimmy Gressier\"],\"articleSection\":[\"Athl\u00e9tisme\"],\"inLanguage\":\"fr-FR\",\"potentialAction\":[{\"@type\":\"CommentAction\",\"name\":\"Comment\",\"target\":[\"https:\/\/dicodusport.fr\/blog\/jimmy-gressier-champion-de-france-du-10-km\/#respond\"]}],\"copyrightYear\":\"2019\",\"copyrightHolder\":{\"@id\":\"https:\/\/dicodusport.fr\/blog\/#organization\"}},{\"@type\":\"WebPage\",\"@id\":\"https:\/\/dicodusport.fr\/blog\/jimmy-gressier-champion-de-france-du-10-km\/\",\"url\":\"https:\/\/dicodusport.fr\/blog\/jimmy-gressier-champion-de-france-du-10-km\/\",\"name\":\"Jimmy Gressier champion de France du 10 km\",\"isPartOf\":{\"@id\":\"https:\/\/dicodusport.fr\/blog\/#website\"},\"primaryImageOfPage\":{\"@id\":\"https:\/\/dicodusport.fr\/blog\/jimmy-gressier-champion-de-france-du-10-km\/#primaryimage\"},\"image\":{\"@id\":\"https:\/\/dicodusport.fr\/blog\/jimmy-gressier-champion-de-france-du-10-km\/#primaryimage\"},\"thumbnailUrl\":\"https:\/\/dicodusport.fr\/blog\/wp-content\/uploads\/2019\/10\/Jimmy-Gressier-champion-de-France-du-10-km.png\",\"datePublished\":\"2019-10-06T15:39:54+00:00\",\"description\":\"Le Boulonnais Jimmy Gressier, 22 ans, a remport\u00e9 le titre national sur le 10 km ce dimanche, \u00e0 Canet-en-Roussillon (Pyr\u00e9n\u00e9es-Orientales).\",\"breadcrumb\":{\"@id\":\"https:\/\/dicodusport.fr\/blog\/jimmy-gressier-champion-de-france-du-10-km\/#breadcrumb\"},\"inLanguage\":\"fr-FR\",\"potentialAction\":[{\"@type\":\"ReadAction\",\"target\":[\"https:\/\/dicodusport.fr\/blog\/jimmy-gressier-champion-de-france-du-10-km\/\"]}]},{\"@type\":\"ImageObject\",\"inLanguage\":\"fr-FR\",\"@id\":\"https:\/\/dicodusport.fr\/blog\/jimmy-gressier-champion-de-france-du-10-km\/#primaryimage\",\"url\":\"https:\/\/dicodusport.fr\/blog\/wp-content\/uploads\/2019\/10\/Jimmy-Gressier-champion-de-France-du-10-km.png\",\"contentUrl\":\"https:\/\/dicodusport.fr\/blog\/wp-content\/uploads\/2019\/10\/Jimmy-Gressier-champion-de-France-du-10-km.png\",\"width\":800,\"height\":445},{\"@type\":\"BreadcrumbList\",\"@id\":\"https:\/\/dicodusport.fr\/blog\/jimmy-gressier-champion-de-france-du-10-km\/#breadcrumb\",\"itemListElement\":[{\"@type\":\"ListItem\",\"position\":1,\"name\":\"Accueil\",\"item\":\"https:\/\/dicodusport.fr\/blog\/\"},{\"@type\":\"ListItem\",\"position\":2,\"name\":\"Jimmy Gressier champion de France du 10 km\"}]},{\"@type\":\"WebSite\",\"@id\":\"https:\/\/dicodusport.fr\/blog\/#website\",\"url\":\"https:\/\/dicodusport.fr\/blog\/\",\"name\":\"Dicodusport\",\"description\":\"L&#039;encyclop\u00e9die de l&#039;actualit\u00e9 sportive\",\"publisher\":{\"@id\":\"https:\/\/dicodusport.fr\/blog\/#organization\"},\"potentialAction\":[{\"@type\":\"SearchAction\",\"target\":{\"@type\":\"EntryPoint\",\"urlTemplate\":\"https:\/\/dicodusport.fr\/blog\/?s={search_term_string}\"},\"query-input\":{\"@type\":\"PropertyValueSpecification\",\"valueRequired\":true,\"valueName\":\"search_term_string\"}}],\"inLanguage\":\"fr-FR\"},{\"@type\":\"NewsMediaOrganization\",\"@id\":\"https:\/\/dicodusport.fr\/blog\/#organization\",\"name\":\"Dicodusport\",\"url\":\"https:\/\/dicodusport.fr\/blog\/\",\"logo\":{\"@type\":\"ImageObject\",\"inLanguage\":\"fr-FR\",\"@id\":\"https:\/\/dicodusport.fr\/blog\/#\/schema\/logo\/image\/\",\"url\":\"https:\/\/dicodusport.fr\/blog\/wp-content\/uploads\/2020\/06\/cropped-LOGO-DICODUSPORT-2020-SANS-FOND-SANS-TEXTE.png\",\"contentUrl\":\"https:\/\/dicodusport.fr\/blog\/wp-content\/uploads\/2020\/06\/cropped-LOGO-DICODUSPORT-2020-SANS-FOND-SANS-TEXTE.png\",\"width\":512,\"height\":512,\"caption\":\"Dicodusport\"},\"image\":{\"@id\":\"https:\/\/dicodusport.fr\/blog\/#\/schema\/logo\/image\/\"},\"sameAs\":[\"https:\/\/www.facebook.com\/dicodusport\",\"https:\/\/x.com\/dicodusport\",\"https:\/\/www.instagram.com\/dicodusport\/\",\"https:\/\/www.youtube.com\/channel\/UC7V2KZ5sd3htJivAbA4ZG3w\"],\"description\":\"Dicodusport est l'encyclop\u00e9die de l'actualit\u00e9 sportive.\",\"email\":\"bonjour@dicodusport.fr\",\"legalName\":\"DICODUSPORT\",\"foundingDate\":\"2018-01-14\",\"vatID\":\"FR71834470973\",\"taxID\":\"83447097300043\",\"numberOfEmployees\":{\"@type\":\"QuantitativeValue\",\"minValue\":\"1\",\"maxValue\":\"10\"}},{\"@type\":\"Person\",\"@id\":\"https:\/\/dicodusport.fr\/blog\/#\/schema\/person\/cb02af4c173ce4a653b55e9baf388d4a\",\"name\":\"Flo Ostermann\",\"image\":{\"@type\":\"ImageObject\",\"inLanguage\":\"fr-FR\",\"@id\":\"https:\/\/dicodusport.fr\/blog\/#\/schema\/person\/image\/\",\"url\":\"https:\/\/dicodusport.fr\/blog\/wp-content\/uploads\/2021\/05\/Flo-Ostermann-150x150.jpg\",\"contentUrl\":\"https:\/\/dicodusport.fr\/blog\/wp-content\/uploads\/2021\/05\/Flo-Ostermann-150x150.jpg\",\"caption\":\"Flo Ostermann\"},\"description\":\"Journaliste\/R\u00e9dacteur depuis septembre 2015 - Mes premiers souvenirs dans le sport ? Les envol\u00e9es du Stade Toulousain et les duels Villeneuve-Schumacher et H\u00e4kkinen-Schumacher \u00e0 la fin des ann\u00e9es 90, la Coupe du monde de football en 1998, l\u2019exploit du XV de France face aux All Blacks en 1999, mais aussi Richard C\u0153ur de Lion qui vole sur les montagnes du Tour de France. Bien parti pour devenir professeur d\u2019EPS, les \u00e9v\u00e9nements de la vie (et la flemme d\u2019animer des s\u00e9ances de 3x500 m\u00e8tres toute ma vie) m\u2019ont conduit \u00e0 revoir mes plans. Me voil\u00e0 depuis fin 2017 sur Dicodusport, m\u00e9dia gr\u00e2ce (et pour) lequel je partage ma passion : le sport dans tous ses \u00e9tats. Le tout accompagn\u00e9 par les fous furieux et folles furieuses cit\u00e9s sur cette page !\",\"sameAs\":[\"https:\/\/www.facebook.com\/florent.ostermann\",\"https:\/\/x.com\/https:\/\/twitter.com\/FlOstermann\",\"admin\"],\"url\":\"https:\/\/dicodusport.fr\/blog\/author\/flo\/\"}]}<\/script>\n<!-- \/ Yoast SEO Premium plugin. -->","yoast_head_json":{"title":"Jimmy Gressier champion de France du 10 km","description":"Le Boulonnais Jimmy Gressier, 22 ans, a remport\u00e9 le titre national sur le 10 km ce dimanche, \u00e0 Canet-en-Roussillon (Pyr\u00e9n\u00e9es-Orientales).","robots":{"index":"index","follow":"follow","max-snippet":"max-snippet:-1","max-image-preview":"max-image-preview:large","max-video-preview":"max-video-preview:-1"},"canonical":"https:\/\/dicodusport.fr\/blog\/jimmy-gressier-champion-de-france-du-10-km\/","og_locale":"fr_FR","og_type":"article","og_title":"Jimmy Gressier champion de France du 10 km","og_description":"Le Boulonnais Jimmy Gressier, 22 ans, a remport\u00e9 le titre national sur le 10 km ce dimanche, \u00e0 Canet-en-Roussillon (Pyr\u00e9n\u00e9es-Orientales).","og_url":"https:\/\/dicodusport.fr\/blog\/jimmy-gressier-champion-de-france-du-10-km\/","og_site_name":"Dicodusport","article_publisher":"https:\/\/www.facebook.com\/dicodusport","article_author":"https:\/\/www.facebook.com\/florent.ostermann","article_published_time":"2019-10-06T15:39:54+00:00","og_image":[{"width":800,"height":445,"url":"https:\/\/dicodusport.fr\/blog\/wp-content\/uploads\/2019\/10\/Jimmy-Gressier-champion-de-France-du-10-km.png","type":"image\/png"}],"author":"Flo Ostermann","twitter_card":"summary_large_image","twitter_title":"Jimmy Gressier champion de France du 10 km","twitter_creator":"@https:\/\/twitter.com\/FlOstermann","twitter_site":"@dicodusport","schema":{"@context":"https:\/\/schema.org","@graph":[{"@type":"NewsArticle","@id":"https:\/\/dicodusport.fr\/blog\/jimmy-gressier-champion-de-france-du-10-km\/#article","isPartOf":{"@id":"https:\/\/dicodusport.fr\/blog\/jimmy-gressier-champion-de-france-du-10-km\/"},"author":{"name":"Flo Ostermann","@id":"https:\/\/dicodusport.fr\/blog\/#\/schema\/person\/cb02af4c173ce4a653b55e9baf388d4a"},"headline":"Jimmy Gressier champion de France du 10 km","datePublished":"2019-10-06T15:39:54+00:00","mainEntityOfPage":{"@id":"https:\/\/dicodusport.fr\/blog\/jimmy-gressier-champion-de-france-du-10-km\/"},"wordCount":203,"commentCount":0,"publisher":{"@id":"https:\/\/dicodusport.fr\/blog\/#organization"},"image":{"@id":"https:\/\/dicodusport.fr\/blog\/jimmy-gressier-champion-de-france-du-10-km\/#primaryimage"},"thumbnailUrl":"https:\/\/dicodusport.fr\/blog\/wp-content\/uploads\/2019\/10\/Jimmy-Gressier-champion-de-France-du-10-km.png","keywords":["Athl\u00e9tisme","Jimmy Gressier"],"articleSection":["Athl\u00e9tisme"],"inLanguage":"fr-FR","potentialAction":[{"@type":"CommentAction","name":"Comment","target":["https:\/\/dicodusport.fr\/blog\/jimmy-gressier-champion-de-france-du-10-km\/#respond"]}],"copyrightYear":"2019","copyrightHolder":{"@id":"https:\/\/dicodusport.fr\/blog\/#organization"}},{"@type":"WebPage","@id":"https:\/\/dicodusport.fr\/blog\/jimmy-gressier-champion-de-france-du-10-km\/","url":"https:\/\/dicodusport.fr\/blog\/jimmy-gressier-champion-de-france-du-10-km\/","name":"Jimmy Gressier champion de France du 10 km","isPartOf":{"@id":"https:\/\/dicodusport.fr\/blog\/#website"},"primaryImageOfPage":{"@id":"https:\/\/dicodusport.fr\/blog\/jimmy-gressier-champion-de-france-du-10-km\/#primaryimage"},"image":{"@id":"https:\/\/dicodusport.fr\/blog\/jimmy-gressier-champion-de-france-du-10-km\/#primaryimage"},"thumbnailUrl":"https:\/\/dicodusport.fr\/blog\/wp-content\/uploads\/2019\/10\/Jimmy-Gressier-champion-de-France-du-10-km.png","datePublished":"2019-10-06T15:39:54+00:00","description":"Le Boulonnais Jimmy Gressier, 22 ans, a remport\u00e9 le titre national sur le 10 km ce dimanche, \u00e0 Canet-en-Roussillon (Pyr\u00e9n\u00e9es-Orientales).","breadcrumb":{"@id":"https:\/\/dicodusport.fr\/blog\/jimmy-gressier-champion-de-france-du-10-km\/#breadcrumb"},"inLanguage":"fr-FR","potentialAction":[{"@type":"ReadAction","target":["https:\/\/dicodusport.fr\/blog\/jimmy-gressier-champion-de-france-du-10-km\/"]}]},{"@type":"ImageObject","inLanguage":"fr-FR","@id":"https:\/\/dicodusport.fr\/blog\/jimmy-gressier-champion-de-france-du-10-km\/#primaryimage","url":"https:\/\/dicodusport.fr\/blog\/wp-content\/uploads\/2019\/10\/Jimmy-Gressier-champion-de-France-du-10-km.png","contentUrl":"https:\/\/dicodusport.fr\/blog\/wp-content\/uploads\/2019\/10\/Jimmy-Gressier-champion-de-France-du-10-km.png","width":800,"height":445},{"@type":"BreadcrumbList","@id":"https:\/\/dicodusport.fr\/blog\/jimmy-gressier-champion-de-france-du-10-km\/#breadcrumb","itemListElement":[{"@type":"ListItem","position":1,"name":"Accueil","item":"https:\/\/dicodusport.fr\/blog\/"},{"@type":"ListItem","position":2,"name":"Jimmy Gressier champion de France du 10 km"}]},{"@type":"WebSite","@id":"https:\/\/dicodusport.fr\/blog\/#website","url":"https:\/\/dicodusport.fr\/blog\/","name":"Dicodusport","description":"L&#039;encyclop\u00e9die de l&#039;actualit\u00e9 sportive","publisher":{"@id":"https:\/\/dicodusport.fr\/blog\/#organization"},"potentialAction":[{"@type":"SearchAction","target":{"@type":"EntryPoint","urlTemplate":"https:\/\/dicodusport.fr\/blog\/?s={search_term_string}"},"query-input":{"@type":"PropertyValueSpecification","valueRequired":true,"valueName":"search_term_string"}}],"inLanguage":"fr-FR"},{"@type":"NewsMediaOrganization","@id":"https:\/\/dicodusport.fr\/blog\/#organization","name":"Dicodusport","url":"https:\/\/dicodusport.fr\/blog\/","logo":{"@type":"ImageObject","inLanguage":"fr-FR","@id":"https:\/\/dicodusport.fr\/blog\/#\/schema\/logo\/image\/","url":"https:\/\/dicodusport.fr\/blog\/wp-content\/uploads\/2020\/06\/cropped-LOGO-DICODUSPORT-2020-SANS-FOND-SANS-TEXTE.png","contentUrl":"https:\/\/dicodusport.fr\/blog\/wp-content\/uploads\/2020\/06\/cropped-LOGO-DICODUSPORT-2020-SANS-FOND-SANS-TEXTE.png","width":512,"height":512,"caption":"Dicodusport"},"image":{"@id":"https:\/\/dicodusport.fr\/blog\/#\/schema\/logo\/image\/"},"sameAs":["https:\/\/www.facebook.com\/dicodusport","https:\/\/x.com\/dicodusport","https:\/\/www.instagram.com\/dicodusport\/","https:\/\/www.youtube.com\/channel\/UC7V2KZ5sd3htJivAbA4ZG3w"],"description":"Dicodusport est l'encyclop\u00e9die de l'actualit\u00e9 sportive.","email":"bonjour@dicodusport.fr","legalName":"DICODUSPORT","foundingDate":"2018-01-14","vatID":"FR71834470973","taxID":"83447097300043","numberOfEmployees":{"@type":"QuantitativeValue","minValue":"1","maxValue":"10"}},{"@type":"Person","@id":"https:\/\/dicodusport.fr\/blog\/#\/schema\/person\/cb02af4c173ce4a653b55e9baf388d4a","name":"Flo Ostermann","image":{"@type":"ImageObject","inLanguage":"fr-FR","@id":"https:\/\/dicodusport.fr\/blog\/#\/schema\/person\/image\/","url":"https:\/\/dicodusport.fr\/blog\/wp-content\/uploads\/2021\/05\/Flo-Ostermann-150x150.jpg","contentUrl":"https:\/\/dicodusport.fr\/blog\/wp-content\/uploads\/2021\/05\/Flo-Ostermann-150x150.jpg","caption":"Flo Ostermann"},"description":"Journaliste\/R\u00e9dacteur depuis septembre 2015 - Mes premiers souvenirs dans le sport ? Les envol\u00e9es du Stade Toulousain et les duels Villeneuve-Schumacher et H\u00e4kkinen-Schumacher \u00e0 la fin des ann\u00e9es 90, la Coupe du monde de football en 1998, l\u2019exploit du XV de France face aux All Blacks en 1999, mais aussi Richard C\u0153ur de Lion qui vole sur les montagnes du Tour de France. Bien parti pour devenir professeur d\u2019EPS, les \u00e9v\u00e9nements de la vie (et la flemme d\u2019animer des s\u00e9ances de 3x500 m\u00e8tres toute ma vie) m\u2019ont conduit \u00e0 revoir mes plans. Me voil\u00e0 depuis fin 2017 sur Dicodusport, m\u00e9dia gr\u00e2ce (et pour) lequel je partage ma passion : le sport dans tous ses \u00e9tats. Le tout accompagn\u00e9 par les fous furieux et folles furieuses cit\u00e9s sur cette page !","sameAs":["https:\/\/www.facebook.com\/florent.ostermann","https:\/\/x.com\/https:\/\/twitter.com\/FlOstermann","admin"],"url":"https:\/\/dicodusport.fr\/blog\/author\/flo\/"}]}},"_links":{"self":[{"href":"https:\/\/dicodusport.fr\/blog\/wp-json\/wp\/v2\/posts\/50785","targetHints":{"allow":["GET"]}}],"collection":[{"href":"https:\/\/dicodusport.fr\/blog\/wp-json\/wp\/v2\/posts"}],"about":[{"href":"https:\/\/dicodusport.fr\/blog\/wp-json\/wp\/v2\/types\/post"}],"author":[{"embeddable":true,"href":"https:\/\/dicodusport.fr\/blog\/wp-json\/wp\/v2\/users\/4"}],"replies":[{"embeddable":true,"href":"https:\/\/dicodusport.fr\/blog\/wp-json\/wp\/v2\/comments?post=50785"}],"version-history":[{"count":0,"href":"https:\/\/dicodusport.fr\/blog\/wp-json\/wp\/v2\/posts\/50785\/revisions"}],"wp:featuredmedia":[{"embeddable":true,"href":"https:\/\/dicodusport.fr\/blog\/wp-json\/wp\/v2\/media\/50786"}],"wp:attachment":[{"href":"https:\/\/dicodusport.fr\/blog\/wp-json\/wp\/v2\/media?parent=50785"}],"wp:term":[{"taxonomy":"category","embeddable":true,"href":"https:\/\/dicodusport.fr\/blog\/wp-json\/wp\/v2\/categories?post=50785"},{"taxonomy":"post_tag","embeddable":true,"href":"https:\/\/dicodusport.fr\/blog\/wp-json\/wp\/v2\/tags?post=50785"}],"curies":[{"name":"wp","href":"https:\/\/api.w.org\/{rel}","templated":true}]}}