{"id":508609,"date":"2024-08-05T12:31:18","date_gmt":"2024-08-05T10:31:18","guid":{"rendered":"https:\/\/dicodusport.fr\/blog\/?p=508609&#038;preview=true&#038;preview_id=508609"},"modified":"2024-08-05T12:31:18","modified_gmt":"2024-08-05T10:31:18","slug":"escalade-jo-2024-sam-avezou-4e-de-la-demi-finale-du-combine-apres-le-bloc","status":"publish","type":"post","link":"https:\/\/dicodusport.fr\/blog\/escalade-jo-2024-sam-avezou-4e-de-la-demi-finale-du-combine-apres-le-bloc\/","title":{"rendered":"Escalade JO 2024 : Sam Avezou 4e de la demi-finale du combin\u00e9 apr\u00e8s le bloc"},"content":{"rendered":"<p style=\"text-align: justify;\"><strong><em>ESCALADE JO 2024 &#8211; Pour leur entr\u00e9e en lice Sam Avezou et Paul Jenft ont respectivement termin\u00e9 4e et 9e du bloc, en demi-finale du combin\u00e9.<\/em><\/strong><\/p>\n<ul>\n<li style=\"text-align: justify;\"><strong>\u00c0 ce sujet \u2013\u00a0<a href=\"https:\/\/dicodusport.fr\/blog\/jo-paris-2024\/\" target=\"_blank\" rel=\"noopener\">L\u2019actualit\u00e9 des JO de Paris 2024<\/a><\/strong><\/li>\n<\/ul>\n<h2>Deux Tricolores en lice<\/h2>\n<p style=\"text-align: justify;\">En se replongeant au mois de mai dernier, on se souvient de la lutte entre <strong>Paul Jenft, Sam Avezou<\/strong> et <strong>Mejdi Schalck<\/strong> pour d\u00e9crocher les deux tickets olympiques qui tendaient les bras aux Bleus, \u00e0 l&rsquo;occasion des OQS. Deux mois et demi apr\u00e8s, seuls les deux premiers \u00e9taient au rendez-vous ce matin, sur le mur dress\u00e9 au Bourget, \u00e0 l&rsquo;occasion de l&rsquo;\u00e9preuve de bloc comptant pour la demi-finale du combin\u00e9 bloc difficult\u00e9.<\/p>\n<ul>\n<li><strong>\u00c0 ce sujet \u2013\u00a0<a href=\"https:\/\/dicodusport.fr\/blog\/programme-et-resultats-escalade-jo-2024\/\">Programme, dates et r\u00e9sultats Escalade JO 2024<\/a><\/strong><\/li>\n<\/ul>\n<p style=\"text-align: justify;\">Le premier des deux en lice, <strong>Paul Jenft<\/strong>, a rencontr\u00e9 les m\u00eames difficult\u00e9s que la plupart de ceux qui l&rsquo;ont pr\u00e9c\u00e9d\u00e9, pour valider le premier bloc. Ne parvenant qu&rsquo;\u00e0 valider la zone basse \u00e0 sa deuxi\u00e8me tentative, il laissait le champion olympique <strong>Alberto Gines Lopes<\/strong> ainsi que <strong>Hamish McArthur<\/strong> et <strong>Hannes Van Duysen<\/strong> seuls en t\u00eate en ayant valid\u00e9 la zone haute. Tout comme beaucoup des grimpeurs avant lui, il se reprenait quelque peu ensuite, parvenant \u00e0 valider la deuxi\u00e8me zone sur le deuxi\u00e8me bloc. Sans r\u00e9ussir de top, le Fran\u00e7ais atteignait les deux autres zones hautes, concluant sa demi-finale avec un total de 34.1 points, neuvi\u00e8me au final.<\/p>\n<h2>Sam Avezou dans le coup<\/h2>\n<p style=\"text-align: justify;\">Dans le m\u00eame temps,<strong> Sam Avezou<\/strong>, vainqueur du deuxi\u00e8me OQS entrait en piste sur un premier bloc que personne n&rsquo;avait encore ma\u00eetris\u00e9 jusqu&rsquo;au top. Sans plus de r\u00e9ussite pour l&rsquo;a\u00een\u00e9 de Z\u00e9lia, qui entrera en lice tr\u00e8s prochainement. N\u00e9anmoins, avec une zone haute sur sa premi\u00e8re tentative, le Fran\u00e7ais semblait en jambes. Impression confirm\u00e9e quelques instants apr\u00e8s, au moment de valider la zone haute du deuxi\u00e8me bloc, \u00e0 sa premi\u00e8re tentative \u00e0 nouveau. Toutefois, le Fran\u00e7ais peinait sur la troisi\u00e8me voie, s&rsquo;arr\u00eatant ainsi \u00e0 la premi\u00e8re zone.<\/p>\n<p style=\"text-align: justify;\">Fait rarissime, il faut attendre le 18e concurrent, <strong>Jakob Schubert<\/strong>, pour voir enfin un grimpeur valider un top ! Le champion du monde en titre du combin\u00e9 r\u00e9alise un grand coup prenant d&rsquo;entr\u00e9e 24.9 points. Comme si l&rsquo;Autrichien avait d\u00e9bloqu\u00e9 les choses, <strong>Sam Avezou<\/strong> conclut son quatri\u00e8me bloc par le deuxi\u00e8me top de la journ\u00e9e, prenant provisoirement la t\u00eate du classement avec 49.2 points. Il termine 4e au final.<\/p>\n<blockquote class=\"twitter-tweet\">\n<p dir=\"ltr\" lang=\"fr\"><a href=\"https:\/\/twitter.com\/hashtag\/Paris2024?src=hash&amp;ref_src=twsrc%5Etfw\">#Paris2024<\/a> | Le Top r\u00e9alis\u00e9 par Sam Avezou !<\/p>\n<p>C&rsquo;est le premier \u00e0 terminer le mur num\u00e9ro 4 aujourd&rsquo;hui et il est provisoirement leader. L&rsquo;autre Fran\u00e7ais Paul Jenft est 4e provisoire.<\/p>\n<p>Suivez les Jeux Olympiques en direct : <a href=\"https:\/\/t.co\/OK0hkyRtsF\">https:\/\/t.co\/OK0hkyRtsF<\/a> <a href=\"https:\/\/t.co\/QGo6X1SPP1\">pic.twitter.com\/QGo6X1SPP1<\/a><\/p>\n<p>\u2014 francetvsport (@francetvsport) <a href=\"https:\/\/twitter.com\/francetvsport\/status\/1820395045196820835?ref_src=twsrc%5Etfw\">August 5, 2024<\/a><\/p><\/blockquote>\n<p><script async src=\"https:\/\/platform.twitter.com\/widgets.js\" charset=\"utf-8\"><\/script><\/p>\n<p style=\"text-align: justify;\">Les choses s&rsquo;acc\u00e9l\u00e9rant, les tops se succ\u00e8dent d\u00e9sormais. <strong>Adam Ondra<\/strong> mais surtout <strong>Sorato Anraku<\/strong>, le petit prodige japonais de 17 ans, premier \u00e0 valider le top sur le deuxi\u00e8me bloc, quelques instants apr\u00e8s l&rsquo;avoir valid\u00e9 sur le premier. Tr\u00e8s logiquement, c&rsquo;est lui qui remporte cette demi-finale du bloc (69 points contre 54.4 pour <strong>Tomoa<\/strong> <strong>Narasaki<\/strong>, deuxi\u00e8me), avant celle de la difficult\u00e9 dans deux jours. Pour rappel, il faudra figurer dans le top 8 du combin\u00e9, \u00e0 l&rsquo;issue de la difficult\u00e9, pour se qualifier en finale.<\/p>\n","protected":false},"excerpt":{"rendered":"<p>ESCALADE JO 2024 &#8211; Pour leur entr\u00e9e en lice Sam Avezou et Paul Jenft ont respectivement termin\u00e9 4e et 9e du bloc, en demi-finale du combin\u00e9.<\/p>\n","protected":false},"author":91,"featured_media":508746,"comment_status":"open","ping_status":"closed","sticky":false,"template":"","format":"standard","meta":{"_acf_changed":false,"_daextam_enable_autolinks":"1","footnotes":""},"categories":[10930,8436],"tags":[32415,16878,477,1506,19184,1504,12920,1004,25772],"class_list":["post-508609","post","type-post","status-publish","format-standard","has-post-thumbnail","hentry","category-escalade","category-jo-paris-2024","tag-actu","tag-breve","tag-escalade","tag-jeux-olympiques-2024","tag-jeux-olympiques-de-paris","tag-jo-2024","tag-jo-paris-2024","tag-paris-2024","tag-sam-avezou"],"acf":[],"yoast_head":"<!-- This site is optimized with the Yoast SEO Premium plugin v26.7 (Yoast SEO v26.7) - https:\/\/yoast.com\/wordpress\/plugins\/seo\/ -->\n<title>Escalade JO 2024 : Sam Avezou 4e de la demi-finale du combin\u00e9 apr\u00e8s le bloc<\/title>\n<meta name=\"description\" content=\"ESCALADE JO 2024 - Pour leur entr\u00e9e en lice Sam Avezou et Paul Jenft ont respectivement termin\u00e9 4e et 9e du bloc, en demi-finale du combin\u00e9.\" \/>\n<meta name=\"robots\" content=\"index, follow, max-snippet:-1, max-image-preview:large, max-video-preview:-1\" \/>\n<link rel=\"canonical\" href=\"https:\/\/dicodusport.fr\/blog\/escalade-jo-2024-sam-avezou-4e-de-la-demi-finale-du-combine-apres-le-bloc\/\" \/>\n<meta property=\"og:locale\" content=\"fr_FR\" \/>\n<meta property=\"og:type\" content=\"article\" \/>\n<meta property=\"og:title\" content=\"Escalade JO 2024 : Sam Avezou 4e de la demi-finale du combin\u00e9 apr\u00e8s le bloc\" \/>\n<meta property=\"og:description\" content=\"ESCALADE JO 2024 - Pour leur entr\u00e9e en lice Sam Avezou et Paul Jenft ont respectivement termin\u00e9 4e et 9e du bloc, en demi-finale du combin\u00e9.\" \/>\n<meta property=\"og:url\" content=\"https:\/\/dicodusport.fr\/blog\/escalade-jo-2024-sam-avezou-4e-de-la-demi-finale-du-combine-apres-le-bloc\/\" \/>\n<meta property=\"og:site_name\" content=\"Dicodusport\" \/>\n<meta property=\"article:publisher\" content=\"https:\/\/www.facebook.com\/dicodusport\" \/>\n<meta property=\"article:published_time\" content=\"2024-08-05T10:31:18+00:00\" \/>\n<meta property=\"og:image\" content=\"https:\/\/dicodusport.fr\/blog\/wp-content\/uploads\/2024\/08\/Escalade-JO-2024-Sam-Avezou-4e-de-la-demi-finale-du-combine-apres-le-bloc.png\" \/>\n\t<meta property=\"og:image:width\" content=\"1200\" \/>\n\t<meta property=\"og:image:height\" content=\"674\" \/>\n\t<meta property=\"og:image:type\" content=\"image\/png\" \/>\n<meta name=\"author\" content=\"Victor Clot-Amiot\" \/>\n<meta name=\"twitter:card\" content=\"summary_large_image\" \/>\n<meta name=\"twitter:title\" content=\"Escalade JO 2024 : Sam Avezou 4e de la demi-finale du combin\u00e9 apr\u00e8s le bloc\" \/>\n<meta name=\"twitter:creator\" content=\"@https:\/\/x.com\/VictorClotAmiot\" \/>\n<meta name=\"twitter:site\" content=\"@dicodusport\" \/>\n<script type=\"application\/ld+json\" class=\"yoast-schema-graph\">{\"@context\":\"https:\/\/schema.org\",\"@graph\":[{\"@type\":\"NewsArticle\",\"@id\":\"https:\/\/dicodusport.fr\/blog\/escalade-jo-2024-sam-avezou-4e-de-la-demi-finale-du-combine-apres-le-bloc\/#article\",\"isPartOf\":{\"@id\":\"https:\/\/dicodusport.fr\/blog\/escalade-jo-2024-sam-avezou-4e-de-la-demi-finale-du-combine-apres-le-bloc\/\"},\"author\":{\"name\":\"Victor Clot-Amiot\",\"@id\":\"https:\/\/dicodusport.fr\/blog\/#\/schema\/person\/b623199cba9ba90fe84a3d16e9282360\"},\"headline\":\"Escalade JO 2024 : Sam Avezou 4e de la demi-finale du combin\u00e9 apr\u00e8s le bloc\",\"datePublished\":\"2024-08-05T10:31:18+00:00\",\"mainEntityOfPage\":{\"@id\":\"https:\/\/dicodusport.fr\/blog\/escalade-jo-2024-sam-avezou-4e-de-la-demi-finale-du-combine-apres-le-bloc\/\"},\"wordCount\":584,\"commentCount\":0,\"publisher\":{\"@id\":\"https:\/\/dicodusport.fr\/blog\/#organization\"},\"image\":{\"@id\":\"https:\/\/dicodusport.fr\/blog\/escalade-jo-2024-sam-avezou-4e-de-la-demi-finale-du-combine-apres-le-bloc\/#primaryimage\"},\"thumbnailUrl\":\"https:\/\/dicodusport.fr\/blog\/wp-content\/uploads\/2024\/08\/Escalade-JO-2024-Sam-Avezou-4e-de-la-demi-finale-du-combine-apres-le-bloc.png\",\"keywords\":[\"actu\",\"br\u00e8ve\",\"Escalade\",\"Jeux olympiques 2024\",\"Jeux Olympiques de Paris\",\"JO 2024\",\"JO Paris 2024\",\"Paris 2024\",\"Sam Avezou\"],\"articleSection\":[\"Escalade\",\"JO Paris 2024\"],\"inLanguage\":\"fr-FR\",\"potentialAction\":[{\"@type\":\"CommentAction\",\"name\":\"Comment\",\"target\":[\"https:\/\/dicodusport.fr\/blog\/escalade-jo-2024-sam-avezou-4e-de-la-demi-finale-du-combine-apres-le-bloc\/#respond\"]}],\"copyrightYear\":\"2024\",\"copyrightHolder\":{\"@id\":\"https:\/\/dicodusport.fr\/blog\/#organization\"}},{\"@type\":\"WebPage\",\"@id\":\"https:\/\/dicodusport.fr\/blog\/escalade-jo-2024-sam-avezou-4e-de-la-demi-finale-du-combine-apres-le-bloc\/\",\"url\":\"https:\/\/dicodusport.fr\/blog\/escalade-jo-2024-sam-avezou-4e-de-la-demi-finale-du-combine-apres-le-bloc\/\",\"name\":\"Escalade JO 2024 : Sam Avezou 4e de la demi-finale du combin\u00e9 apr\u00e8s le bloc\",\"isPartOf\":{\"@id\":\"https:\/\/dicodusport.fr\/blog\/#website\"},\"primaryImageOfPage\":{\"@id\":\"https:\/\/dicodusport.fr\/blog\/escalade-jo-2024-sam-avezou-4e-de-la-demi-finale-du-combine-apres-le-bloc\/#primaryimage\"},\"image\":{\"@id\":\"https:\/\/dicodusport.fr\/blog\/escalade-jo-2024-sam-avezou-4e-de-la-demi-finale-du-combine-apres-le-bloc\/#primaryimage\"},\"thumbnailUrl\":\"https:\/\/dicodusport.fr\/blog\/wp-content\/uploads\/2024\/08\/Escalade-JO-2024-Sam-Avezou-4e-de-la-demi-finale-du-combine-apres-le-bloc.png\",\"datePublished\":\"2024-08-05T10:31:18+00:00\",\"description\":\"ESCALADE JO 2024 - Pour leur entr\u00e9e en lice Sam Avezou et Paul Jenft ont respectivement termin\u00e9 4e et 9e du bloc, en demi-finale du combin\u00e9.\",\"breadcrumb\":{\"@id\":\"https:\/\/dicodusport.fr\/blog\/escalade-jo-2024-sam-avezou-4e-de-la-demi-finale-du-combine-apres-le-bloc\/#breadcrumb\"},\"inLanguage\":\"fr-FR\",\"potentialAction\":[{\"@type\":\"ReadAction\",\"target\":[\"https:\/\/dicodusport.fr\/blog\/escalade-jo-2024-sam-avezou-4e-de-la-demi-finale-du-combine-apres-le-bloc\/\"]}]},{\"@type\":\"ImageObject\",\"inLanguage\":\"fr-FR\",\"@id\":\"https:\/\/dicodusport.fr\/blog\/escalade-jo-2024-sam-avezou-4e-de-la-demi-finale-du-combine-apres-le-bloc\/#primaryimage\",\"url\":\"https:\/\/dicodusport.fr\/blog\/wp-content\/uploads\/2024\/08\/Escalade-JO-2024-Sam-Avezou-4e-de-la-demi-finale-du-combine-apres-le-bloc.png\",\"contentUrl\":\"https:\/\/dicodusport.fr\/blog\/wp-content\/uploads\/2024\/08\/Escalade-JO-2024-Sam-Avezou-4e-de-la-demi-finale-du-combine-apres-le-bloc.png\",\"width\":1200,\"height\":674,\"caption\":\"Escalade JO 2024 Sam Avezou 4e de la demi-finale du combin\u00e9 apr\u00e8s le bloc\"},{\"@type\":\"BreadcrumbList\",\"@id\":\"https:\/\/dicodusport.fr\/blog\/escalade-jo-2024-sam-avezou-4e-de-la-demi-finale-du-combine-apres-le-bloc\/#breadcrumb\",\"itemListElement\":[{\"@type\":\"ListItem\",\"position\":1,\"name\":\"Accueil\",\"item\":\"https:\/\/dicodusport.fr\/blog\/\"},{\"@type\":\"ListItem\",\"position\":2,\"name\":\"Escalade JO 2024 : Sam Avezou 4e de la demi-finale du combin\u00e9 apr\u00e8s le bloc\"}]},{\"@type\":\"WebSite\",\"@id\":\"https:\/\/dicodusport.fr\/blog\/#website\",\"url\":\"https:\/\/dicodusport.fr\/blog\/\",\"name\":\"Dicodusport\",\"description\":\"L&#039;encyclop\u00e9die de l&#039;actualit\u00e9 sportive\",\"publisher\":{\"@id\":\"https:\/\/dicodusport.fr\/blog\/#organization\"},\"potentialAction\":[{\"@type\":\"SearchAction\",\"target\":{\"@type\":\"EntryPoint\",\"urlTemplate\":\"https:\/\/dicodusport.fr\/blog\/?s={search_term_string}\"},\"query-input\":{\"@type\":\"PropertyValueSpecification\",\"valueRequired\":true,\"valueName\":\"search_term_string\"}}],\"inLanguage\":\"fr-FR\"},{\"@type\":\"NewsMediaOrganization\",\"@id\":\"https:\/\/dicodusport.fr\/blog\/#organization\",\"name\":\"Dicodusport\",\"url\":\"https:\/\/dicodusport.fr\/blog\/\",\"logo\":{\"@type\":\"ImageObject\",\"inLanguage\":\"fr-FR\",\"@id\":\"https:\/\/dicodusport.fr\/blog\/#\/schema\/logo\/image\/\",\"url\":\"https:\/\/dicodusport.fr\/blog\/wp-content\/uploads\/2020\/06\/cropped-LOGO-DICODUSPORT-2020-SANS-FOND-SANS-TEXTE.png\",\"contentUrl\":\"https:\/\/dicodusport.fr\/blog\/wp-content\/uploads\/2020\/06\/cropped-LOGO-DICODUSPORT-2020-SANS-FOND-SANS-TEXTE.png\",\"width\":512,\"height\":512,\"caption\":\"Dicodusport\"},\"image\":{\"@id\":\"https:\/\/dicodusport.fr\/blog\/#\/schema\/logo\/image\/\"},\"sameAs\":[\"https:\/\/www.facebook.com\/dicodusport\",\"https:\/\/x.com\/dicodusport\",\"https:\/\/www.instagram.com\/dicodusport\/\",\"https:\/\/www.youtube.com\/channel\/UC7V2KZ5sd3htJivAbA4ZG3w\"],\"description\":\"Dicodusport est l'encyclop\u00e9die de l'actualit\u00e9 sportive.\",\"email\":\"bonjour@dicodusport.fr\",\"legalName\":\"DICODUSPORT\",\"foundingDate\":\"2018-01-14\",\"vatID\":\"FR71834470973\",\"taxID\":\"83447097300043\",\"numberOfEmployees\":{\"@type\":\"QuantitativeValue\",\"minValue\":\"1\",\"maxValue\":\"10\"}},{\"@type\":\"Person\",\"@id\":\"https:\/\/dicodusport.fr\/blog\/#\/schema\/person\/b623199cba9ba90fe84a3d16e9282360\",\"name\":\"Victor Clot-Amiot\",\"image\":{\"@type\":\"ImageObject\",\"inLanguage\":\"fr-FR\",\"@id\":\"https:\/\/dicodusport.fr\/blog\/#\/schema\/person\/image\/\",\"url\":\"https:\/\/dicodusport.fr\/blog\/wp-content\/uploads\/2023\/09\/IMG_20190826_114722-150x150.jpg\",\"contentUrl\":\"https:\/\/dicodusport.fr\/blog\/wp-content\/uploads\/2023\/09\/IMG_20190826_114722-150x150.jpg\",\"caption\":\"Victor Clot-Amiot\"},\"description\":\"Passionn\u00e9 de sport depuis toujours, un jour \u00e0 l'adolescence mes parents m'ont dit : \\\"quitte \u00e0 passer ton temps \u00e0 regarder du sport, au moins va le voir en vrai\\\" ! Depuis, cette remarque ne m'a plus quitt\u00e9 et je passe une grande partie de mon temps libre \u00e0 assister \u00e0 des comp\u00e9titions de tous sports. Je m\u00eale d'ailleurs mes deux passions, le sport et les voyages afin de faire une pierre deux coups ! Outre l'US Open ou l'Euro 2021 par exemple, j'ai assist\u00e9 cet \u00e9t\u00e9 aux Mondiaux d'athl\u00e9tisme \u00e0 Budapest. Mon plus gros coup dur est et restera les JO 2020-2021 pour lesquels j'avais r\u00e9serv\u00e9 17 \u00e9preuves. La suite, vous la connaissez...\",\"sameAs\":[\"https:\/\/x.com\/https:\/\/x.com\/VictorClotAmiot\"],\"url\":\"https:\/\/dicodusport.fr\/blog\/author\/victor-clot-amiot\/\"}]}<\/script>\n<!-- \/ Yoast SEO Premium plugin. -->","yoast_head_json":{"title":"Escalade JO 2024 : Sam Avezou 4e de la demi-finale du combin\u00e9 apr\u00e8s le bloc","description":"ESCALADE JO 2024 - Pour leur entr\u00e9e en lice Sam Avezou et Paul Jenft ont respectivement termin\u00e9 4e et 9e du bloc, en demi-finale du combin\u00e9.","robots":{"index":"index","follow":"follow","max-snippet":"max-snippet:-1","max-image-preview":"max-image-preview:large","max-video-preview":"max-video-preview:-1"},"canonical":"https:\/\/dicodusport.fr\/blog\/escalade-jo-2024-sam-avezou-4e-de-la-demi-finale-du-combine-apres-le-bloc\/","og_locale":"fr_FR","og_type":"article","og_title":"Escalade JO 2024 : Sam Avezou 4e de la demi-finale du combin\u00e9 apr\u00e8s le bloc","og_description":"ESCALADE JO 2024 - Pour leur entr\u00e9e en lice Sam Avezou et Paul Jenft ont respectivement termin\u00e9 4e et 9e du bloc, en demi-finale du combin\u00e9.","og_url":"https:\/\/dicodusport.fr\/blog\/escalade-jo-2024-sam-avezou-4e-de-la-demi-finale-du-combine-apres-le-bloc\/","og_site_name":"Dicodusport","article_publisher":"https:\/\/www.facebook.com\/dicodusport","article_published_time":"2024-08-05T10:31:18+00:00","og_image":[{"width":1200,"height":674,"url":"https:\/\/dicodusport.fr\/blog\/wp-content\/uploads\/2024\/08\/Escalade-JO-2024-Sam-Avezou-4e-de-la-demi-finale-du-combine-apres-le-bloc.png","type":"image\/png"}],"author":"Victor Clot-Amiot","twitter_card":"summary_large_image","twitter_title":"Escalade JO 2024 : Sam Avezou 4e de la demi-finale du combin\u00e9 apr\u00e8s le bloc","twitter_creator":"@https:\/\/x.com\/VictorClotAmiot","twitter_site":"@dicodusport","schema":{"@context":"https:\/\/schema.org","@graph":[{"@type":"NewsArticle","@id":"https:\/\/dicodusport.fr\/blog\/escalade-jo-2024-sam-avezou-4e-de-la-demi-finale-du-combine-apres-le-bloc\/#article","isPartOf":{"@id":"https:\/\/dicodusport.fr\/blog\/escalade-jo-2024-sam-avezou-4e-de-la-demi-finale-du-combine-apres-le-bloc\/"},"author":{"name":"Victor Clot-Amiot","@id":"https:\/\/dicodusport.fr\/blog\/#\/schema\/person\/b623199cba9ba90fe84a3d16e9282360"},"headline":"Escalade JO 2024 : Sam Avezou 4e de la demi-finale du combin\u00e9 apr\u00e8s le bloc","datePublished":"2024-08-05T10:31:18+00:00","mainEntityOfPage":{"@id":"https:\/\/dicodusport.fr\/blog\/escalade-jo-2024-sam-avezou-4e-de-la-demi-finale-du-combine-apres-le-bloc\/"},"wordCount":584,"commentCount":0,"publisher":{"@id":"https:\/\/dicodusport.fr\/blog\/#organization"},"image":{"@id":"https:\/\/dicodusport.fr\/blog\/escalade-jo-2024-sam-avezou-4e-de-la-demi-finale-du-combine-apres-le-bloc\/#primaryimage"},"thumbnailUrl":"https:\/\/dicodusport.fr\/blog\/wp-content\/uploads\/2024\/08\/Escalade-JO-2024-Sam-Avezou-4e-de-la-demi-finale-du-combine-apres-le-bloc.png","keywords":["actu","br\u00e8ve","Escalade","Jeux olympiques 2024","Jeux Olympiques de Paris","JO 2024","JO Paris 2024","Paris 2024","Sam Avezou"],"articleSection":["Escalade","JO Paris 2024"],"inLanguage":"fr-FR","potentialAction":[{"@type":"CommentAction","name":"Comment","target":["https:\/\/dicodusport.fr\/blog\/escalade-jo-2024-sam-avezou-4e-de-la-demi-finale-du-combine-apres-le-bloc\/#respond"]}],"copyrightYear":"2024","copyrightHolder":{"@id":"https:\/\/dicodusport.fr\/blog\/#organization"}},{"@type":"WebPage","@id":"https:\/\/dicodusport.fr\/blog\/escalade-jo-2024-sam-avezou-4e-de-la-demi-finale-du-combine-apres-le-bloc\/","url":"https:\/\/dicodusport.fr\/blog\/escalade-jo-2024-sam-avezou-4e-de-la-demi-finale-du-combine-apres-le-bloc\/","name":"Escalade JO 2024 : Sam Avezou 4e de la demi-finale du combin\u00e9 apr\u00e8s le bloc","isPartOf":{"@id":"https:\/\/dicodusport.fr\/blog\/#website"},"primaryImageOfPage":{"@id":"https:\/\/dicodusport.fr\/blog\/escalade-jo-2024-sam-avezou-4e-de-la-demi-finale-du-combine-apres-le-bloc\/#primaryimage"},"image":{"@id":"https:\/\/dicodusport.fr\/blog\/escalade-jo-2024-sam-avezou-4e-de-la-demi-finale-du-combine-apres-le-bloc\/#primaryimage"},"thumbnailUrl":"https:\/\/dicodusport.fr\/blog\/wp-content\/uploads\/2024\/08\/Escalade-JO-2024-Sam-Avezou-4e-de-la-demi-finale-du-combine-apres-le-bloc.png","datePublished":"2024-08-05T10:31:18+00:00","description":"ESCALADE JO 2024 - Pour leur entr\u00e9e en lice Sam Avezou et Paul Jenft ont respectivement termin\u00e9 4e et 9e du bloc, en demi-finale du combin\u00e9.","breadcrumb":{"@id":"https:\/\/dicodusport.fr\/blog\/escalade-jo-2024-sam-avezou-4e-de-la-demi-finale-du-combine-apres-le-bloc\/#breadcrumb"},"inLanguage":"fr-FR","potentialAction":[{"@type":"ReadAction","target":["https:\/\/dicodusport.fr\/blog\/escalade-jo-2024-sam-avezou-4e-de-la-demi-finale-du-combine-apres-le-bloc\/"]}]},{"@type":"ImageObject","inLanguage":"fr-FR","@id":"https:\/\/dicodusport.fr\/blog\/escalade-jo-2024-sam-avezou-4e-de-la-demi-finale-du-combine-apres-le-bloc\/#primaryimage","url":"https:\/\/dicodusport.fr\/blog\/wp-content\/uploads\/2024\/08\/Escalade-JO-2024-Sam-Avezou-4e-de-la-demi-finale-du-combine-apres-le-bloc.png","contentUrl":"https:\/\/dicodusport.fr\/blog\/wp-content\/uploads\/2024\/08\/Escalade-JO-2024-Sam-Avezou-4e-de-la-demi-finale-du-combine-apres-le-bloc.png","width":1200,"height":674,"caption":"Escalade JO 2024 Sam Avezou 4e de la demi-finale du combin\u00e9 apr\u00e8s le bloc"},{"@type":"BreadcrumbList","@id":"https:\/\/dicodusport.fr\/blog\/escalade-jo-2024-sam-avezou-4e-de-la-demi-finale-du-combine-apres-le-bloc\/#breadcrumb","itemListElement":[{"@type":"ListItem","position":1,"name":"Accueil","item":"https:\/\/dicodusport.fr\/blog\/"},{"@type":"ListItem","position":2,"name":"Escalade JO 2024 : Sam Avezou 4e de la demi-finale du combin\u00e9 apr\u00e8s le bloc"}]},{"@type":"WebSite","@id":"https:\/\/dicodusport.fr\/blog\/#website","url":"https:\/\/dicodusport.fr\/blog\/","name":"Dicodusport","description":"L&#039;encyclop\u00e9die de l&#039;actualit\u00e9 sportive","publisher":{"@id":"https:\/\/dicodusport.fr\/blog\/#organization"},"potentialAction":[{"@type":"SearchAction","target":{"@type":"EntryPoint","urlTemplate":"https:\/\/dicodusport.fr\/blog\/?s={search_term_string}"},"query-input":{"@type":"PropertyValueSpecification","valueRequired":true,"valueName":"search_term_string"}}],"inLanguage":"fr-FR"},{"@type":"NewsMediaOrganization","@id":"https:\/\/dicodusport.fr\/blog\/#organization","name":"Dicodusport","url":"https:\/\/dicodusport.fr\/blog\/","logo":{"@type":"ImageObject","inLanguage":"fr-FR","@id":"https:\/\/dicodusport.fr\/blog\/#\/schema\/logo\/image\/","url":"https:\/\/dicodusport.fr\/blog\/wp-content\/uploads\/2020\/06\/cropped-LOGO-DICODUSPORT-2020-SANS-FOND-SANS-TEXTE.png","contentUrl":"https:\/\/dicodusport.fr\/blog\/wp-content\/uploads\/2020\/06\/cropped-LOGO-DICODUSPORT-2020-SANS-FOND-SANS-TEXTE.png","width":512,"height":512,"caption":"Dicodusport"},"image":{"@id":"https:\/\/dicodusport.fr\/blog\/#\/schema\/logo\/image\/"},"sameAs":["https:\/\/www.facebook.com\/dicodusport","https:\/\/x.com\/dicodusport","https:\/\/www.instagram.com\/dicodusport\/","https:\/\/www.youtube.com\/channel\/UC7V2KZ5sd3htJivAbA4ZG3w"],"description":"Dicodusport est l'encyclop\u00e9die de l'actualit\u00e9 sportive.","email":"bonjour@dicodusport.fr","legalName":"DICODUSPORT","foundingDate":"2018-01-14","vatID":"FR71834470973","taxID":"83447097300043","numberOfEmployees":{"@type":"QuantitativeValue","minValue":"1","maxValue":"10"}},{"@type":"Person","@id":"https:\/\/dicodusport.fr\/blog\/#\/schema\/person\/b623199cba9ba90fe84a3d16e9282360","name":"Victor Clot-Amiot","image":{"@type":"ImageObject","inLanguage":"fr-FR","@id":"https:\/\/dicodusport.fr\/blog\/#\/schema\/person\/image\/","url":"https:\/\/dicodusport.fr\/blog\/wp-content\/uploads\/2023\/09\/IMG_20190826_114722-150x150.jpg","contentUrl":"https:\/\/dicodusport.fr\/blog\/wp-content\/uploads\/2023\/09\/IMG_20190826_114722-150x150.jpg","caption":"Victor Clot-Amiot"},"description":"Passionn\u00e9 de sport depuis toujours, un jour \u00e0 l'adolescence mes parents m'ont dit : \"quitte \u00e0 passer ton temps \u00e0 regarder du sport, au moins va le voir en vrai\" ! Depuis, cette remarque ne m'a plus quitt\u00e9 et je passe une grande partie de mon temps libre \u00e0 assister \u00e0 des comp\u00e9titions de tous sports. Je m\u00eale d'ailleurs mes deux passions, le sport et les voyages afin de faire une pierre deux coups ! Outre l'US Open ou l'Euro 2021 par exemple, j'ai assist\u00e9 cet \u00e9t\u00e9 aux Mondiaux d'athl\u00e9tisme \u00e0 Budapest. Mon plus gros coup dur est et restera les JO 2020-2021 pour lesquels j'avais r\u00e9serv\u00e9 17 \u00e9preuves. La suite, vous la connaissez...","sameAs":["https:\/\/x.com\/https:\/\/x.com\/VictorClotAmiot"],"url":"https:\/\/dicodusport.fr\/blog\/author\/victor-clot-amiot\/"}]}},"_links":{"self":[{"href":"https:\/\/dicodusport.fr\/blog\/wp-json\/wp\/v2\/posts\/508609","targetHints":{"allow":["GET"]}}],"collection":[{"href":"https:\/\/dicodusport.fr\/blog\/wp-json\/wp\/v2\/posts"}],"about":[{"href":"https:\/\/dicodusport.fr\/blog\/wp-json\/wp\/v2\/types\/post"}],"author":[{"embeddable":true,"href":"https:\/\/dicodusport.fr\/blog\/wp-json\/wp\/v2\/users\/91"}],"replies":[{"embeddable":true,"href":"https:\/\/dicodusport.fr\/blog\/wp-json\/wp\/v2\/comments?post=508609"}],"version-history":[{"count":3,"href":"https:\/\/dicodusport.fr\/blog\/wp-json\/wp\/v2\/posts\/508609\/revisions"}],"predecessor-version":[{"id":508747,"href":"https:\/\/dicodusport.fr\/blog\/wp-json\/wp\/v2\/posts\/508609\/revisions\/508747"}],"wp:featuredmedia":[{"embeddable":true,"href":"https:\/\/dicodusport.fr\/blog\/wp-json\/wp\/v2\/media\/508746"}],"wp:attachment":[{"href":"https:\/\/dicodusport.fr\/blog\/wp-json\/wp\/v2\/media?parent=508609"}],"wp:term":[{"taxonomy":"category","embeddable":true,"href":"https:\/\/dicodusport.fr\/blog\/wp-json\/wp\/v2\/categories?post=508609"},{"taxonomy":"post_tag","embeddable":true,"href":"https:\/\/dicodusport.fr\/blog\/wp-json\/wp\/v2\/tags?post=508609"}],"curies":[{"name":"wp","href":"https:\/\/api.w.org\/{rel}","templated":true}]}}