{"id":508712,"date":"2024-08-05T13:22:42","date_gmt":"2024-08-05T11:22:42","guid":{"rendered":"https:\/\/dicodusport.fr\/blog\/?p=508712&#038;preview=true&#038;preview_id=508712"},"modified":"2024-08-05T16:49:46","modified_gmt":"2024-08-05T14:49:46","slug":"athletisme-jo-2024-un-beau-lundi-matin-pour-les-francais","status":"publish","type":"post","link":"https:\/\/dicodusport.fr\/blog\/athletisme-jo-2024-un-beau-lundi-matin-pour-les-francais\/","title":{"rendered":"Athl\u00e9tisme JO 2024 : Un beau lundi matin pour les Fran\u00e7ais"},"content":{"rendered":"<p style=\"text-align: justify;\"><strong><em>ATHL\u00c9TISME JO 2024 &#8211; Retour sur la session du lundi matin. Marqu\u00e9e par le record de Cl\u00e9ment Ducos sur 400 m haies, c\u00f4t\u00e9 fran\u00e7ais. Mais aussi l&rsquo;\u00e9limination de Molly Caudery, aux qualifications de la perche femmes.<\/em><\/strong><\/p>\n<ul style=\"text-align: justify;\">\n<li style=\"text-align: justify;\"><strong>\u00c0 ce sujet \u2013\u00a0<a href=\"https:\/\/dicodusport.fr\/blog\/jo-paris-2024\/\" target=\"_blank\" rel=\"noopener\">L\u2019actualit\u00e9 des JO de Paris 2024<\/a><\/strong><\/li>\n<\/ul>\n<h2 style=\"text-align: justify;\">Record personnel pour Cl\u00e9ment Ducos<\/h2>\n<p style=\"text-align: justify;\"><strong>Cl\u00e9ment Ducos<\/strong> a laiss\u00e9 une impression de grande facilit\u00e9. M\u00eame si on connaissait son niveau et ses progr\u00e8s cette ann\u00e9e, le voir claquer un 47.69 et exploser son record personnel et vraiment prometteur. Et m\u00eame si <strong>Karsten Warholm<\/strong> n&rsquo;\u00e9tait sans doute pas \u00e0 bloc, accrocher le recordman du monde est forc\u00e9ment une bonne nouvelle. Il peut clairement r\u00eaver d&rsquo;une grande finale \u00e0 domicile. Ce fut plus dur pour <strong>Wilfried Happio,<\/strong> mais qui arrache sa qualification directe. Le Fran\u00e7ais prend la 3e place de la 4e s\u00e9rie, un centi\u00e8me devant le champion d&rsquo;Europe de Rome <strong>Alessandro Sibilio<\/strong> (48.42 pour Happio). Les Fran\u00e7ais font le plein sur le tour de piste.<\/p>\n<blockquote class=\"twitter-tweet\">\n<p dir=\"ltr\" lang=\"fr\">\ud83e\udd2f Mais qu&rsquo;est-ce qu&rsquo;il nous a fait !!!<\/p>\n<p>\ud83c\uddeb\ud83c\uddf7 Cl\u00e9ment Ducos prend la 2e place de sa s\u00e9rie du 400 m haies en 47\u00a0\u00bb69, record personnel explos\u00e9 de 57 centi\u00e8mes, derri\u00e8re Karsten Warholm (47\u00a0\u00bb57) !<\/p>\n<p>\ud83d\udd1c Rendez-vous mercredi \u00e0 19h35 pour les demi-finales !<\/p>\n<p>\ud83d\udcfa Suivez <a href=\"https:\/\/twitter.com\/hashtag\/Paris2024?src=hash&amp;ref_src=twsrc%5Etfw\">#Paris2024<\/a>\ud83d\udcf7 en\u2026 <a href=\"https:\/\/t.co\/eMsmQre4aN\">pic.twitter.com\/eMsmQre4aN<\/a><\/p>\n<p>\u2014 FFAthl\u00e9tisme (@FFAthletisme) <a href=\"https:\/\/twitter.com\/FFAthletisme\/status\/1820375857040420940?ref_src=twsrc%5Etfw\">August 5, 2024<\/a><\/p><\/blockquote>\n<p><script async src=\"https:\/\/platform.twitter.com\/widgets.js\" charset=\"utf-8\"><\/script><\/p>\n<p style=\"text-align: justify;\">La matin\u00e9e a \u00e9t\u00e9 belle pour <strong>Shana Grebo<\/strong>, qui \u00e9tait engag\u00e9e dans les courses de rep\u00eachage sur le 400 m haies. Et pourtant, sa course est loin d&rsquo;\u00eatre propre. Mais la condition physique est bien-l\u00e0. Preuve en est, ses 54.91, avec des grosses fautes techniques. Elle poss\u00e8de un potentiel que peut-\u00eatre elle-m\u00eame ne pensait pas avoir en d\u00e9but de cette ann\u00e9e 2024. Elle est en demies et rejoint<strong> Louise Maraval<\/strong> qui s&rsquo;\u00e9tait directement qualifi\u00e9e. En revanche, cela ne passera pas aux rep\u00eachages sur le 400 m plat pour Gilles Biron, qui a pris la 2e place d&rsquo;une premi\u00e8re s\u00e9rie d\u00e9cim\u00e9e. Mais son chrono de 45.87 ne suffit pas pour passer au temps.<\/p>\n<h2 style=\"text-align: justify;\">Incroyable sc\u00e9nario pour les Fran\u00e7aises \u00e0 la perche<\/h2>\n<p style=\"text-align: justify;\"><strong>Marie-Julie Bonnin<\/strong> et <strong>Ninon Chapelle<\/strong> \u00e9taient-elles engag\u00e9es dans le concours de la perche. Un incroyable concours de qualifications avec 20 femmes qui se sont qualifi\u00e9es pour la finale. Ce qui est totalement in\u00e9dit au plus haut niveau. Pour elles, avoir franchi 4.40 m au premier essai et sans aucun \u00e9chec dans le concours aura suffi. C&rsquo;est un cas particulier, mais qui bascule en faveur des deux fran\u00e7aises<\/p>\n<p style=\"text-align: justify;\"><strong>Lolassonn Djouhan<\/strong> et <strong>Tom Reux<\/strong> \u00e9taient engag\u00e9s dans le concours de qualification. Le premier cit\u00e9 a pris la 11e place de son concours, avec 61.93 m. Un jet correct pour lui et vu la longueur de sa saison. Mais la marche \u00e9tait trop haute. Comme pour le second, qui est rest\u00e9 bloqu\u00e9 \u00e0 58.22 m.<\/p>\n<ul style=\"text-align: justify;\">\n<li style=\"text-align: justify;\"><strong>\u00c0 ce sujet &#8211; <a href=\"https:\/\/dicodusport.fr\/blog\/programme-et-resultats-athletisme-jo-2024\/\">Programme et r\u00e9sultats athl\u00e9tisme Paris 2024<\/a><\/strong><\/li>\n<\/ul>\n<h2 style=\"text-align: justify;\">Les fauves du 400 m haies l\u00e2ch\u00e9s<\/h2>\n<p style=\"text-align: justify;\">Course tr\u00e8s attendu, \u00e0 l&rsquo;instar des femmes, le 400 m haies masculin, avec des trois cadors, <strong>Karsten Warholm, Rai Benjamin et Alison dos Santos<\/strong>.<strong> Rai Benjamin<\/strong>, a ouvert le bal, d\u00e8s la premi\u00e8re s\u00e9rie. Une s\u00e9rie remport\u00e9e avec une grande facilit\u00e9 en 48.82. Le recordman du monde, <strong>Karsten Warholm<\/strong>, a domin\u00e9 la seconde s\u00e9rie, dans un chrono d\u00e9j\u00e0 ultra-canon de 47.57. Le Br\u00e9silien a choisi de rel\u00e2cher dans la 3e s\u00e9rie et termine 3e en 48.75, domin\u00e9 par <b>Rasmus M\u00e4gi<\/b>. <strong>Roshawn Clarke<\/strong> a domin\u00e9 la quatri\u00e8me s\u00e9rie, avec un tr\u00e8s beau chrono de 48.17. La derni\u00e8re s\u00e9rie est remport\u00e9e par un autre Jama\u00efcain, <strong>Malik James-King<\/strong>, qui a couru en 48.21.<\/p>\n<blockquote class=\"twitter-tweet\">\n<p dir=\"ltr\" lang=\"fr\">\ud83e\udd29 Quelle course de Cl\u00e9ment Ducos ! Le Fran\u00e7ais se classe 2\u00e8me de sa s\u00e9rie, sur les talons de Karsten Warholm !<\/p>\n<p>Suivez les Jeux de <a href=\"https:\/\/twitter.com\/hashtag\/Paris2024?src=hash&amp;ref_src=twsrc%5Etfw\">#Paris2024<\/a> sur Eurosport avec Max, Canal+ et nos partenaires de distribution <a href=\"https:\/\/t.co\/mgDSFBxZ14\">pic.twitter.com\/mgDSFBxZ14<\/a><\/p>\n<p>\u2014 Eurosport France (@Eurosport_FR) <a href=\"https:\/\/twitter.com\/Eurosport_FR\/status\/1820377612797050953?ref_src=twsrc%5Etfw\">August 5, 2024<\/a><\/p><\/blockquote>\n<p><script async src=\"https:\/\/platform.twitter.com\/widgets.js\" charset=\"utf-8\"><\/script><\/p>\n<p style=\"text-align: justify;\">La matin\u00e9e a \u00e9galement \u00e9t\u00e9 marqu\u00e9e par des qualifications en concours. Dont celle du disque hommes. Et certains athl\u00e8tes ont franchi les 66 m\u00e8tres, ligne de qualification directe. Franchie par le recordman du monde <strong>Mykolas Alekna<\/strong> (67.44 m), <strong>Matthew Denny<\/strong> (66.83 m), <strong>Lukas Wei\u00dfhaidinger<\/strong> (66.72 m), <strong>Clemens Prufer<\/strong> (66.36 m).<\/p>\n<blockquote class=\"twitter-tweet\">\n<p dir=\"ltr\" lang=\"en\">No trouble for the world record-holder.<\/p>\n<p>\ud83c\uddf1\ud83c\uddf9&rsquo;s Mykolas Alekna easily qualifies for the discus throw final with a solid 67.47m \ud83d\udcaa<a href=\"https:\/\/twitter.com\/hashtag\/Paris2024?src=hash&amp;ref_src=twsrc%5Etfw\">#Paris2024<\/a> <a href=\"https:\/\/twitter.com\/hashtag\/Olympics?src=hash&amp;ref_src=twsrc%5Etfw\">#Olympics<\/a> <a href=\"https:\/\/t.co\/Lfw2Hg6ghH\">pic.twitter.com\/Lfw2Hg6ghH<\/a><\/p>\n<p>\u2014 World Athletics (@WorldAthletics) <a href=\"https:\/\/twitter.com\/WorldAthletics\/status\/1820387690182848556?ref_src=twsrc%5Etfw\">August 5, 2024<\/a><\/p><\/blockquote>\n<p><script async src=\"https:\/\/platform.twitter.com\/widgets.js\" charset=\"utf-8\"><\/script><\/p>\n<h2 style=\"text-align: justify;\">Molly Caudery \u00e9limin\u00e9e \u00e0 la perche<\/h2>\n<p style=\"text-align: justify;\">Le gros coup de tonnerre de ce lundi matin est venu de la perche. Avec l&rsquo;\u00e9limination de<strong> Molly Caudery<\/strong>. La meilleure performeuse mondiale de l&rsquo;ann\u00e9e, n&rsquo;a pas r\u00e9ussi sa barre d&rsquo;entr\u00e9e \u00e0 4.55 m. Une barre ambitieuse, en sachant que 4.40 m au premier pouvait suffire pour se qualifier. <strong>Bridget Williams<\/strong> ne passe pas le cap des qualifications. Parmi celles qui n&rsquo;ont pas trop souffert, on peut noter <strong>Elisa Molinarolo, Katie Moon, Nina Kennedy, Roberta Bruni, Angelica Moser et Amalie Svabikova<\/strong>.<\/p>\n<p style=\"text-align: justify;\"><strong>Salwa Eid Naser<\/strong>, championne du monde 2019 du tour de piste, a impressionn\u00e9 d\u00e8s les s\u00e9ries. En passant sous les 50 secondes. Avec une victoire dans la premi\u00e8re course en 49.91. Mais la plus rapide est <strong>Marileidy Paulino<\/strong>, la Dominicaine. Qui \u00ab\u00a0claque\u00a0\u00bb un 49.42 matinal assez solide dans la cinqui\u00e8me course. Comme <strong>Amber Anning<\/strong>, qui r\u00e9alise un chrono de 49.68 dans la 2e s\u00e9rie, s&rsquo;offrant <strong>Lieke Klaver<\/strong> (49.96). Chrono sous les 50 secondes pour<strong> Natalia Kaczmarek<\/strong>, avec une victoire en 49.98. La seconde course est remport\u00e9e par <strong>Nickisha Pryce<\/strong>, avec 50.02. <strong>Rhasidat Adeleke<\/strong> a \u00e9galement \u00e9t\u00e9 tr\u00e8s solide, dans la derni\u00e8re course, remport\u00e9e en 50.09.<\/p>\n<div class=\"nwVKo\">\n<div class=\"loJjTe\" style=\"text-align: justify;\"><\/div>\n<\/div>\n","protected":false},"excerpt":{"rendered":"<p>Un beau lundi matin pour les Fran\u00e7ais<\/p>\n","protected":false},"author":83,"featured_media":508751,"comment_status":"open","ping_status":"closed","sticky":false,"template":"","format":"standard","meta":{"_acf_changed":false,"_daextam_enable_autolinks":"1","footnotes":""},"categories":[8436],"tags":[32415,143,16878,38823,1506,19184,1504,12920,1004],"class_list":["post-508712","post","type-post","status-publish","format-standard","has-post-thumbnail","hentry","category-jo-paris-2024","tag-actu","tag-athletisme","tag-breve","tag-clement-ducos","tag-jeux-olympiques-2024","tag-jeux-olympiques-de-paris","tag-jo-2024","tag-jo-paris-2024","tag-paris-2024"],"acf":[],"yoast_head":"<!-- This site is optimized with the Yoast SEO Premium plugin v26.7 (Yoast SEO v26.7) - https:\/\/yoast.com\/wordpress\/plugins\/seo\/ -->\n<title>Athl\u00e9tisme JO 2024 : Un beau lundi matin pour les Fran\u00e7ais<\/title>\n<meta name=\"description\" content=\"ATHL\u00c9TISME JO 2024 - Retour sur la session du lundi matin. Marqu\u00e9e par le record de Cl\u00e9ment Ducos sur 400 m haies, c\u00f4t\u00e9 fran\u00e7ais.\" \/>\n<meta name=\"robots\" content=\"index, follow, max-snippet:-1, max-image-preview:large, max-video-preview:-1\" \/>\n<link rel=\"canonical\" href=\"https:\/\/dicodusport.fr\/blog\/athletisme-jo-2024-un-beau-lundi-matin-pour-les-francais\/\" \/>\n<meta property=\"og:locale\" content=\"fr_FR\" \/>\n<meta property=\"og:type\" content=\"article\" \/>\n<meta property=\"og:title\" content=\"Athl\u00e9tisme JO 2024 : Un beau lundi matin pour les Fran\u00e7ais\" \/>\n<meta property=\"og:description\" content=\"ATHL\u00c9TISME JO 2024 - Retour sur la session du lundi matin. Marqu\u00e9e par le record de Cl\u00e9ment Ducos sur 400 m haies, c\u00f4t\u00e9 fran\u00e7ais.\" \/>\n<meta property=\"og:url\" content=\"https:\/\/dicodusport.fr\/blog\/athletisme-jo-2024-un-beau-lundi-matin-pour-les-francais\/\" \/>\n<meta property=\"og:site_name\" content=\"Dicodusport\" \/>\n<meta property=\"article:publisher\" content=\"https:\/\/www.facebook.com\/dicodusport\" \/>\n<meta property=\"article:published_time\" content=\"2024-08-05T11:22:42+00:00\" \/>\n<meta property=\"article:modified_time\" content=\"2024-08-05T14:49:46+00:00\" \/>\n<meta property=\"og:image\" content=\"https:\/\/dicodusport.fr\/blog\/wp-content\/uploads\/2024\/08\/Athletisme-JO-2024-Une-tres-beau-lundi-matin-pour-les-Francais.png\" \/>\n\t<meta property=\"og:image:width\" content=\"1200\" \/>\n\t<meta property=\"og:image:height\" content=\"674\" \/>\n\t<meta property=\"og:image:type\" content=\"image\/png\" \/>\n<meta name=\"author\" content=\"Etienne Goursaud\" \/>\n<meta name=\"twitter:card\" content=\"summary_large_image\" \/>\n<meta name=\"twitter:title\" content=\"Athl\u00e9tisme JO 2024 : Un beau lundi matin pour les Fran\u00e7ais\" \/>\n<meta name=\"twitter:creator\" content=\"@dicodusport\" \/>\n<meta name=\"twitter:site\" content=\"@dicodusport\" \/>\n<script type=\"application\/ld+json\" class=\"yoast-schema-graph\">{\"@context\":\"https:\/\/schema.org\",\"@graph\":[{\"@type\":\"NewsArticle\",\"@id\":\"https:\/\/dicodusport.fr\/blog\/athletisme-jo-2024-un-beau-lundi-matin-pour-les-francais\/#article\",\"isPartOf\":{\"@id\":\"https:\/\/dicodusport.fr\/blog\/athletisme-jo-2024-un-beau-lundi-matin-pour-les-francais\/\"},\"author\":{\"name\":\"Etienne Goursaud\",\"@id\":\"https:\/\/dicodusport.fr\/blog\/#\/schema\/person\/d603dd7da31fb2b46c82b9835a77ec13\"},\"headline\":\"Athl\u00e9tisme JO 2024 : Un beau lundi matin pour les Fran\u00e7ais\",\"datePublished\":\"2024-08-05T11:22:42+00:00\",\"dateModified\":\"2024-08-05T14:49:46+00:00\",\"mainEntityOfPage\":{\"@id\":\"https:\/\/dicodusport.fr\/blog\/athletisme-jo-2024-un-beau-lundi-matin-pour-les-francais\/\"},\"wordCount\":958,\"commentCount\":0,\"publisher\":{\"@id\":\"https:\/\/dicodusport.fr\/blog\/#organization\"},\"image\":{\"@id\":\"https:\/\/dicodusport.fr\/blog\/athletisme-jo-2024-un-beau-lundi-matin-pour-les-francais\/#primaryimage\"},\"thumbnailUrl\":\"https:\/\/dicodusport.fr\/blog\/wp-content\/uploads\/2024\/08\/Athletisme-JO-2024-Une-tres-beau-lundi-matin-pour-les-Francais.png\",\"keywords\":[\"actu\",\"Athl\u00e9tisme\",\"br\u00e8ve\",\"Cl\u00e9ment Ducos\",\"Jeux olympiques 2024\",\"Jeux Olympiques de Paris\",\"JO 2024\",\"JO Paris 2024\",\"Paris 2024\"],\"articleSection\":[\"JO Paris 2024\"],\"inLanguage\":\"fr-FR\",\"potentialAction\":[{\"@type\":\"CommentAction\",\"name\":\"Comment\",\"target\":[\"https:\/\/dicodusport.fr\/blog\/athletisme-jo-2024-un-beau-lundi-matin-pour-les-francais\/#respond\"]}],\"copyrightYear\":\"2024\",\"copyrightHolder\":{\"@id\":\"https:\/\/dicodusport.fr\/blog\/#organization\"}},{\"@type\":\"WebPage\",\"@id\":\"https:\/\/dicodusport.fr\/blog\/athletisme-jo-2024-un-beau-lundi-matin-pour-les-francais\/\",\"url\":\"https:\/\/dicodusport.fr\/blog\/athletisme-jo-2024-un-beau-lundi-matin-pour-les-francais\/\",\"name\":\"Athl\u00e9tisme JO 2024 : Un beau lundi matin pour les Fran\u00e7ais\",\"isPartOf\":{\"@id\":\"https:\/\/dicodusport.fr\/blog\/#website\"},\"primaryImageOfPage\":{\"@id\":\"https:\/\/dicodusport.fr\/blog\/athletisme-jo-2024-un-beau-lundi-matin-pour-les-francais\/#primaryimage\"},\"image\":{\"@id\":\"https:\/\/dicodusport.fr\/blog\/athletisme-jo-2024-un-beau-lundi-matin-pour-les-francais\/#primaryimage\"},\"thumbnailUrl\":\"https:\/\/dicodusport.fr\/blog\/wp-content\/uploads\/2024\/08\/Athletisme-JO-2024-Une-tres-beau-lundi-matin-pour-les-Francais.png\",\"datePublished\":\"2024-08-05T11:22:42+00:00\",\"dateModified\":\"2024-08-05T14:49:46+00:00\",\"description\":\"ATHL\u00c9TISME JO 2024 - Retour sur la session du lundi matin. Marqu\u00e9e par le record de Cl\u00e9ment Ducos sur 400 m haies, c\u00f4t\u00e9 fran\u00e7ais.\",\"breadcrumb\":{\"@id\":\"https:\/\/dicodusport.fr\/blog\/athletisme-jo-2024-un-beau-lundi-matin-pour-les-francais\/#breadcrumb\"},\"inLanguage\":\"fr-FR\",\"potentialAction\":[{\"@type\":\"ReadAction\",\"target\":[\"https:\/\/dicodusport.fr\/blog\/athletisme-jo-2024-un-beau-lundi-matin-pour-les-francais\/\"]}]},{\"@type\":\"ImageObject\",\"inLanguage\":\"fr-FR\",\"@id\":\"https:\/\/dicodusport.fr\/blog\/athletisme-jo-2024-un-beau-lundi-matin-pour-les-francais\/#primaryimage\",\"url\":\"https:\/\/dicodusport.fr\/blog\/wp-content\/uploads\/2024\/08\/Athletisme-JO-2024-Une-tres-beau-lundi-matin-pour-les-Francais.png\",\"contentUrl\":\"https:\/\/dicodusport.fr\/blog\/wp-content\/uploads\/2024\/08\/Athletisme-JO-2024-Une-tres-beau-lundi-matin-pour-les-Francais.png\",\"width\":1200,\"height\":674,\"caption\":\"Athl\u00e9tisme JO 2024 : Une tr\u00e8s beau lundi matin pour les Fran\u00e7ais\"},{\"@type\":\"BreadcrumbList\",\"@id\":\"https:\/\/dicodusport.fr\/blog\/athletisme-jo-2024-un-beau-lundi-matin-pour-les-francais\/#breadcrumb\",\"itemListElement\":[{\"@type\":\"ListItem\",\"position\":1,\"name\":\"Accueil\",\"item\":\"https:\/\/dicodusport.fr\/blog\/\"},{\"@type\":\"ListItem\",\"position\":2,\"name\":\"Athl\u00e9tisme JO 2024 : Un beau lundi matin pour les Fran\u00e7ais\"}]},{\"@type\":\"WebSite\",\"@id\":\"https:\/\/dicodusport.fr\/blog\/#website\",\"url\":\"https:\/\/dicodusport.fr\/blog\/\",\"name\":\"Dicodusport\",\"description\":\"L&#039;encyclop\u00e9die de l&#039;actualit\u00e9 sportive\",\"publisher\":{\"@id\":\"https:\/\/dicodusport.fr\/blog\/#organization\"},\"potentialAction\":[{\"@type\":\"SearchAction\",\"target\":{\"@type\":\"EntryPoint\",\"urlTemplate\":\"https:\/\/dicodusport.fr\/blog\/?s={search_term_string}\"},\"query-input\":{\"@type\":\"PropertyValueSpecification\",\"valueRequired\":true,\"valueName\":\"search_term_string\"}}],\"inLanguage\":\"fr-FR\"},{\"@type\":\"NewsMediaOrganization\",\"@id\":\"https:\/\/dicodusport.fr\/blog\/#organization\",\"name\":\"Dicodusport\",\"url\":\"https:\/\/dicodusport.fr\/blog\/\",\"logo\":{\"@type\":\"ImageObject\",\"inLanguage\":\"fr-FR\",\"@id\":\"https:\/\/dicodusport.fr\/blog\/#\/schema\/logo\/image\/\",\"url\":\"https:\/\/dicodusport.fr\/blog\/wp-content\/uploads\/2020\/06\/cropped-LOGO-DICODUSPORT-2020-SANS-FOND-SANS-TEXTE.png\",\"contentUrl\":\"https:\/\/dicodusport.fr\/blog\/wp-content\/uploads\/2020\/06\/cropped-LOGO-DICODUSPORT-2020-SANS-FOND-SANS-TEXTE.png\",\"width\":512,\"height\":512,\"caption\":\"Dicodusport\"},\"image\":{\"@id\":\"https:\/\/dicodusport.fr\/blog\/#\/schema\/logo\/image\/\"},\"sameAs\":[\"https:\/\/www.facebook.com\/dicodusport\",\"https:\/\/x.com\/dicodusport\",\"https:\/\/www.instagram.com\/dicodusport\/\",\"https:\/\/www.youtube.com\/channel\/UC7V2KZ5sd3htJivAbA4ZG3w\"],\"description\":\"Dicodusport est l'encyclop\u00e9die de l'actualit\u00e9 sportive.\",\"email\":\"bonjour@dicodusport.fr\",\"legalName\":\"DICODUSPORT\",\"foundingDate\":\"2018-01-14\",\"vatID\":\"FR71834470973\",\"taxID\":\"83447097300043\",\"numberOfEmployees\":{\"@type\":\"QuantitativeValue\",\"minValue\":\"1\",\"maxValue\":\"10\"}},{\"@type\":\"Person\",\"@id\":\"https:\/\/dicodusport.fr\/blog\/#\/schema\/person\/d603dd7da31fb2b46c82b9835a77ec13\",\"name\":\"Etienne Goursaud\",\"image\":{\"@type\":\"ImageObject\",\"inLanguage\":\"fr-FR\",\"@id\":\"https:\/\/dicodusport.fr\/blog\/#\/schema\/person\/image\/\",\"url\":\"https:\/\/dicodusport.fr\/blog\/wp-content\/uploads\/2023\/12\/410122264_10231602061736049_5565839791558026645_n-150x150.jpg\",\"contentUrl\":\"https:\/\/dicodusport.fr\/blog\/wp-content\/uploads\/2023\/12\/410122264_10231602061736049_5565839791558026645_n-150x150.jpg\",\"caption\":\"Etienne Goursaud\"},\"description\":\"Journaliste et amoureux de sport. Ancien footballeur reconverti athl\u00e8te quand ses muscles le laissent tranquille. \u00c9lev\u00e9 \u00e0 la sauce des exploits de Thomas Voeckler en 2004, du dernier essai de l\u00e9gende de Eunice Barber \u00e0 la longueur lors des championnats du monde d'athl\u00e9tisme de 2003 mais aussi Zidane, Omeyer et Titou Lamaison.\",\"url\":\"https:\/\/dicodusport.fr\/blog\/author\/etienne-goursaud\/\"}]}<\/script>\n<!-- \/ Yoast SEO Premium plugin. -->","yoast_head_json":{"title":"Athl\u00e9tisme JO 2024 : Un beau lundi matin pour les Fran\u00e7ais","description":"ATHL\u00c9TISME JO 2024 - Retour sur la session du lundi matin. Marqu\u00e9e par le record de Cl\u00e9ment Ducos sur 400 m haies, c\u00f4t\u00e9 fran\u00e7ais.","robots":{"index":"index","follow":"follow","max-snippet":"max-snippet:-1","max-image-preview":"max-image-preview:large","max-video-preview":"max-video-preview:-1"},"canonical":"https:\/\/dicodusport.fr\/blog\/athletisme-jo-2024-un-beau-lundi-matin-pour-les-francais\/","og_locale":"fr_FR","og_type":"article","og_title":"Athl\u00e9tisme JO 2024 : Un beau lundi matin pour les Fran\u00e7ais","og_description":"ATHL\u00c9TISME JO 2024 - Retour sur la session du lundi matin. Marqu\u00e9e par le record de Cl\u00e9ment Ducos sur 400 m haies, c\u00f4t\u00e9 fran\u00e7ais.","og_url":"https:\/\/dicodusport.fr\/blog\/athletisme-jo-2024-un-beau-lundi-matin-pour-les-francais\/","og_site_name":"Dicodusport","article_publisher":"https:\/\/www.facebook.com\/dicodusport","article_published_time":"2024-08-05T11:22:42+00:00","article_modified_time":"2024-08-05T14:49:46+00:00","og_image":[{"width":1200,"height":674,"url":"https:\/\/dicodusport.fr\/blog\/wp-content\/uploads\/2024\/08\/Athletisme-JO-2024-Une-tres-beau-lundi-matin-pour-les-Francais.png","type":"image\/png"}],"author":"Etienne Goursaud","twitter_card":"summary_large_image","twitter_title":"Athl\u00e9tisme JO 2024 : Un beau lundi matin pour les Fran\u00e7ais","twitter_creator":"@dicodusport","twitter_site":"@dicodusport","schema":{"@context":"https:\/\/schema.org","@graph":[{"@type":"NewsArticle","@id":"https:\/\/dicodusport.fr\/blog\/athletisme-jo-2024-un-beau-lundi-matin-pour-les-francais\/#article","isPartOf":{"@id":"https:\/\/dicodusport.fr\/blog\/athletisme-jo-2024-un-beau-lundi-matin-pour-les-francais\/"},"author":{"name":"Etienne Goursaud","@id":"https:\/\/dicodusport.fr\/blog\/#\/schema\/person\/d603dd7da31fb2b46c82b9835a77ec13"},"headline":"Athl\u00e9tisme JO 2024 : Un beau lundi matin pour les Fran\u00e7ais","datePublished":"2024-08-05T11:22:42+00:00","dateModified":"2024-08-05T14:49:46+00:00","mainEntityOfPage":{"@id":"https:\/\/dicodusport.fr\/blog\/athletisme-jo-2024-un-beau-lundi-matin-pour-les-francais\/"},"wordCount":958,"commentCount":0,"publisher":{"@id":"https:\/\/dicodusport.fr\/blog\/#organization"},"image":{"@id":"https:\/\/dicodusport.fr\/blog\/athletisme-jo-2024-un-beau-lundi-matin-pour-les-francais\/#primaryimage"},"thumbnailUrl":"https:\/\/dicodusport.fr\/blog\/wp-content\/uploads\/2024\/08\/Athletisme-JO-2024-Une-tres-beau-lundi-matin-pour-les-Francais.png","keywords":["actu","Athl\u00e9tisme","br\u00e8ve","Cl\u00e9ment Ducos","Jeux olympiques 2024","Jeux Olympiques de Paris","JO 2024","JO Paris 2024","Paris 2024"],"articleSection":["JO Paris 2024"],"inLanguage":"fr-FR","potentialAction":[{"@type":"CommentAction","name":"Comment","target":["https:\/\/dicodusport.fr\/blog\/athletisme-jo-2024-un-beau-lundi-matin-pour-les-francais\/#respond"]}],"copyrightYear":"2024","copyrightHolder":{"@id":"https:\/\/dicodusport.fr\/blog\/#organization"}},{"@type":"WebPage","@id":"https:\/\/dicodusport.fr\/blog\/athletisme-jo-2024-un-beau-lundi-matin-pour-les-francais\/","url":"https:\/\/dicodusport.fr\/blog\/athletisme-jo-2024-un-beau-lundi-matin-pour-les-francais\/","name":"Athl\u00e9tisme JO 2024 : Un beau lundi matin pour les Fran\u00e7ais","isPartOf":{"@id":"https:\/\/dicodusport.fr\/blog\/#website"},"primaryImageOfPage":{"@id":"https:\/\/dicodusport.fr\/blog\/athletisme-jo-2024-un-beau-lundi-matin-pour-les-francais\/#primaryimage"},"image":{"@id":"https:\/\/dicodusport.fr\/blog\/athletisme-jo-2024-un-beau-lundi-matin-pour-les-francais\/#primaryimage"},"thumbnailUrl":"https:\/\/dicodusport.fr\/blog\/wp-content\/uploads\/2024\/08\/Athletisme-JO-2024-Une-tres-beau-lundi-matin-pour-les-Francais.png","datePublished":"2024-08-05T11:22:42+00:00","dateModified":"2024-08-05T14:49:46+00:00","description":"ATHL\u00c9TISME JO 2024 - Retour sur la session du lundi matin. Marqu\u00e9e par le record de Cl\u00e9ment Ducos sur 400 m haies, c\u00f4t\u00e9 fran\u00e7ais.","breadcrumb":{"@id":"https:\/\/dicodusport.fr\/blog\/athletisme-jo-2024-un-beau-lundi-matin-pour-les-francais\/#breadcrumb"},"inLanguage":"fr-FR","potentialAction":[{"@type":"ReadAction","target":["https:\/\/dicodusport.fr\/blog\/athletisme-jo-2024-un-beau-lundi-matin-pour-les-francais\/"]}]},{"@type":"ImageObject","inLanguage":"fr-FR","@id":"https:\/\/dicodusport.fr\/blog\/athletisme-jo-2024-un-beau-lundi-matin-pour-les-francais\/#primaryimage","url":"https:\/\/dicodusport.fr\/blog\/wp-content\/uploads\/2024\/08\/Athletisme-JO-2024-Une-tres-beau-lundi-matin-pour-les-Francais.png","contentUrl":"https:\/\/dicodusport.fr\/blog\/wp-content\/uploads\/2024\/08\/Athletisme-JO-2024-Une-tres-beau-lundi-matin-pour-les-Francais.png","width":1200,"height":674,"caption":"Athl\u00e9tisme JO 2024 : Une tr\u00e8s beau lundi matin pour les Fran\u00e7ais"},{"@type":"BreadcrumbList","@id":"https:\/\/dicodusport.fr\/blog\/athletisme-jo-2024-un-beau-lundi-matin-pour-les-francais\/#breadcrumb","itemListElement":[{"@type":"ListItem","position":1,"name":"Accueil","item":"https:\/\/dicodusport.fr\/blog\/"},{"@type":"ListItem","position":2,"name":"Athl\u00e9tisme JO 2024 : Un beau lundi matin pour les Fran\u00e7ais"}]},{"@type":"WebSite","@id":"https:\/\/dicodusport.fr\/blog\/#website","url":"https:\/\/dicodusport.fr\/blog\/","name":"Dicodusport","description":"L&#039;encyclop\u00e9die de l&#039;actualit\u00e9 sportive","publisher":{"@id":"https:\/\/dicodusport.fr\/blog\/#organization"},"potentialAction":[{"@type":"SearchAction","target":{"@type":"EntryPoint","urlTemplate":"https:\/\/dicodusport.fr\/blog\/?s={search_term_string}"},"query-input":{"@type":"PropertyValueSpecification","valueRequired":true,"valueName":"search_term_string"}}],"inLanguage":"fr-FR"},{"@type":"NewsMediaOrganization","@id":"https:\/\/dicodusport.fr\/blog\/#organization","name":"Dicodusport","url":"https:\/\/dicodusport.fr\/blog\/","logo":{"@type":"ImageObject","inLanguage":"fr-FR","@id":"https:\/\/dicodusport.fr\/blog\/#\/schema\/logo\/image\/","url":"https:\/\/dicodusport.fr\/blog\/wp-content\/uploads\/2020\/06\/cropped-LOGO-DICODUSPORT-2020-SANS-FOND-SANS-TEXTE.png","contentUrl":"https:\/\/dicodusport.fr\/blog\/wp-content\/uploads\/2020\/06\/cropped-LOGO-DICODUSPORT-2020-SANS-FOND-SANS-TEXTE.png","width":512,"height":512,"caption":"Dicodusport"},"image":{"@id":"https:\/\/dicodusport.fr\/blog\/#\/schema\/logo\/image\/"},"sameAs":["https:\/\/www.facebook.com\/dicodusport","https:\/\/x.com\/dicodusport","https:\/\/www.instagram.com\/dicodusport\/","https:\/\/www.youtube.com\/channel\/UC7V2KZ5sd3htJivAbA4ZG3w"],"description":"Dicodusport est l'encyclop\u00e9die de l'actualit\u00e9 sportive.","email":"bonjour@dicodusport.fr","legalName":"DICODUSPORT","foundingDate":"2018-01-14","vatID":"FR71834470973","taxID":"83447097300043","numberOfEmployees":{"@type":"QuantitativeValue","minValue":"1","maxValue":"10"}},{"@type":"Person","@id":"https:\/\/dicodusport.fr\/blog\/#\/schema\/person\/d603dd7da31fb2b46c82b9835a77ec13","name":"Etienne Goursaud","image":{"@type":"ImageObject","inLanguage":"fr-FR","@id":"https:\/\/dicodusport.fr\/blog\/#\/schema\/person\/image\/","url":"https:\/\/dicodusport.fr\/blog\/wp-content\/uploads\/2023\/12\/410122264_10231602061736049_5565839791558026645_n-150x150.jpg","contentUrl":"https:\/\/dicodusport.fr\/blog\/wp-content\/uploads\/2023\/12\/410122264_10231602061736049_5565839791558026645_n-150x150.jpg","caption":"Etienne Goursaud"},"description":"Journaliste et amoureux de sport. Ancien footballeur reconverti athl\u00e8te quand ses muscles le laissent tranquille. \u00c9lev\u00e9 \u00e0 la sauce des exploits de Thomas Voeckler en 2004, du dernier essai de l\u00e9gende de Eunice Barber \u00e0 la longueur lors des championnats du monde d'athl\u00e9tisme de 2003 mais aussi Zidane, Omeyer et Titou Lamaison.","url":"https:\/\/dicodusport.fr\/blog\/author\/etienne-goursaud\/"}]}},"_links":{"self":[{"href":"https:\/\/dicodusport.fr\/blog\/wp-json\/wp\/v2\/posts\/508712","targetHints":{"allow":["GET"]}}],"collection":[{"href":"https:\/\/dicodusport.fr\/blog\/wp-json\/wp\/v2\/posts"}],"about":[{"href":"https:\/\/dicodusport.fr\/blog\/wp-json\/wp\/v2\/types\/post"}],"author":[{"embeddable":true,"href":"https:\/\/dicodusport.fr\/blog\/wp-json\/wp\/v2\/users\/83"}],"replies":[{"embeddable":true,"href":"https:\/\/dicodusport.fr\/blog\/wp-json\/wp\/v2\/comments?post=508712"}],"version-history":[{"count":5,"href":"https:\/\/dicodusport.fr\/blog\/wp-json\/wp\/v2\/posts\/508712\/revisions"}],"predecessor-version":[{"id":508850,"href":"https:\/\/dicodusport.fr\/blog\/wp-json\/wp\/v2\/posts\/508712\/revisions\/508850"}],"wp:featuredmedia":[{"embeddable":true,"href":"https:\/\/dicodusport.fr\/blog\/wp-json\/wp\/v2\/media\/508751"}],"wp:attachment":[{"href":"https:\/\/dicodusport.fr\/blog\/wp-json\/wp\/v2\/media?parent=508712"}],"wp:term":[{"taxonomy":"category","embeddable":true,"href":"https:\/\/dicodusport.fr\/blog\/wp-json\/wp\/v2\/categories?post=508712"},{"taxonomy":"post_tag","embeddable":true,"href":"https:\/\/dicodusport.fr\/blog\/wp-json\/wp\/v2\/tags?post=508712"}],"curies":[{"name":"wp","href":"https:\/\/api.w.org\/{rel}","templated":true}]}}